{"id":55633,"date":"2023-02-16T00:00:40","date_gmt":"2023-02-15T23:00:40","guid":{"rendered":"http:\/\/www.rassegnastampa-totustuus.it\/cattolica\/?p=55633"},"modified":"2024-01-26T19:14:14","modified_gmt":"2024-01-26T18:14:14","slug":"recuperare-la-dignita-della-professione-medica","status":"publish","type":"post","link":"https:\/\/www.rassegnastampa-totustuus.it\/cattolica\/recuperare-la-dignita-della-professione-medica\/","title":{"rendered":"Recuperare la dignit\u00e0 della professione medica"},"content":{"rendered":"<p style=\"text-align: center; padding-left: 40px;\"><strong><img loading=\"lazy\" decoding=\"async\" class=\"alignleft wp-image-55634\" src=\"https:\/\/www.rassegnastampa-totustuus.it\/cattolica\/wp-content\/uploads\/2023\/02\/Pandolfi_cover.jpg\" alt=\"in un libro come recuperare la dignit\u00e0 della professione medica\" width=\"178\" height=\"251\" \/><\/strong><\/p>\n<p style=\"text-align: justify;\"><strong>Abstract: <\/strong><em>recuperare la dignit\u00e0 della professione medica<\/em><\/p>\n<p><!--more--><\/p>\n<p style=\"text-align: center; padding-left: 40px;\"><strong>Il Sussidiario.net<\/strong> 12 febbraio 2023<\/p>\n<h3 style=\"text-align: center;\">Non pillole ma fiducia: solo \u201cil cammino di Ippocrate\u201d<\/h3>\n<h3 style=\"text-align: center;\">(oggi) salva i medici<\/h3>\n<p style=\"text-align: justify;\"><em>\u201cIl cammino di Ippocrate\u201d di Massimo Pandolfi ricolloca nella giusta dimensione l\u2019arte di curare: alla medicina oggi servono competenza e consolazione <\/em><\/p>\n<p style=\"text-align: center;\">di <strong>Carlo Bellieni<\/strong><\/p>\n<p style=\"text-align: justify;\"><span style=\"color: #000000;\">Dove sono finiti gli<\/span> <span style=\"color: #0000ff;\"><a style=\"color: #0000ff;\" href=\"https:\/\/www.ilsussidiario.net\/news\/medici-e-covid-operatori-sanitari-o-eroi-il-segreto-di-due-definizioni-sbagliate\/2084405\/\" target=\"_blank\" rel=\"noopener noreferrer\">osanna a medici e infermieri<\/a><\/span> <span style=\"color: #000000;\">che riempivano una pagina s\u00ec e una pagina no dei quotidiani durante il Covid? Avevo a suo tempo detto che non solo erano una bufala, ma<\/span> <span style=\"color: #0000ff;\"><a style=\"color: #0000ff;\" href=\"https:\/\/www.ilsussidiario.net\/news\/visto-dal-covid-perche-trattate-i-medici-come-eroi-e-il-vaccino-come-un-esorcismo\/2112471\/\">nuocevano ai sanitari,<\/a><\/span> <span style=\"color: #000000;\">distraendo dai loro veri e intoccati problemi. Infatti rieccoci nella realt\u00e0: mancano medici, sono sottopagati rispetto all\u2019Europa, infermieri aggrediti nei Pronto soccorso, fuga dei sanitari dal pubblico, e ricominciano i diti puntati sui giornali per ogni presunto errore medico.<\/span><\/p>\n<p style=\"text-align: justify;\"><span style=\"color: #000000;\"><img loading=\"lazy\" decoding=\"async\" class=\" wp-image-55087 alignright\" src=\"https:\/\/www.rassegnastampa-totustuus.it\/cattolica\/wp-content\/uploads\/2022\/11\/medicina_sanit\u00e0_chirurgia.jpg\" alt=\"\" width=\"336\" height=\"205\" \/>In questo desolante panorama, voglio segnalare una piccola perla dell\u2019editore Betti: <em>Il cammino di Ippocrate<\/em> di Massimo Pandolfi. Libro sulla medicina fatto da un cardiologo, che parla degli uomini della medicina. E allora si capisce come questi uomini e donne, dal chirurgo Barnard al medico di Napoleone, da Florence Nightingale a Alexander Fleming o Pasteur non erano maghi ma uomini e donne, con i loro difetti e disperazioni, con le loro scoperte per buona parte dovute al caso e rese scienza solo dalla loro capacit\u00e0 intuitiva di non pensare che il caso sia spazzatura. E la gente non andava da loro per avere \u201cla pillola\u201d (per quello c\u2019erano gli stregoni) ma per avere un rapporto di fiducia e guarire quando possibile, essere curati sempre.<\/span><\/p>\n<p style=\"text-align: justify;\"><span style=\"color: #000000;\"><img loading=\"lazy\" decoding=\"async\" class=\" wp-image-48557 alignleft\" src=\"https:\/\/www.rassegnastampa-totustuus.it\/cattolica\/wp-content\/uploads\/2020\/09\/sanit\u00e0_malati_ospedale.jpg\" alt=\"\" width=\"317\" height=\"210\" \/>Significativamente, nell\u2019epilogo del libro, l\u2019autore scrive: \u201cForse si \u00e8 perso lo spirito della consolazione, ma esistono ancora innumerevoli esempi che fanno ben sperare al di l\u00e0 degli interessi economici della colpevole ignoranza della classe politica, dello stucchevole servilismo alla ragion di stato di chi dovrebbe guardare i problemi da ben altro punto di vista e trovare<\/span> <span style=\"color: #0000ff;\"><a style=\"color: #0000ff;\" href=\"https:\/\/www.ilsussidiario.net\/news\/inchiesta-tagli-sanita-italia-224-germania-29-i-numeri-degli-ultimi-10-anni\/1994968\/\" target=\"_blank\" rel=\"noopener noreferrer\">soluzioni che non siano i tagli lineari<\/a><\/span>\u201d.<\/p>\n<p style=\"text-align: justify;\"><span style=\"color: #000000;\">E il libro invita a guardare agli esempi del passato in questa chiave virtuosa e ad imitarli, dato che ancora, nel proprio piccolo, c\u2019\u00e8 qualcuno che si comporta bene nella sanit\u00e0. Ma il libro denuncia \u201cuna perdita dell\u2019entusiasmo di chi ha intrapreso un difficile mestiere che presuppone dedizione, umanit\u00e0, aggiornamento continuo e soprattutto capacit\u00e0 di portare il peso dei propri errori e della propria ignoranza\u201d. Altro che \u201ceroi del<\/span> <a href=\"https:\/\/www.ilsussidiario.net\/news\/covid-la-strana-rivoluzione-contenuta-nei-vaccini-a-mrna-di-pfizer-e-moderna\/2261450\/\" target=\"_blank\" rel=\"noopener noreferrer\"><span style=\"color: #0000ff;\">Covid<\/span><\/a>\u201d, <span style=\"color: #000000;\">un eroismo strombazzato che non ha portato niente a medici e infermieri che erano eroi prima del Covid e lo saranno dopo (ma passata l\u2019ondata di paura nessuno se ne ricorda).<\/span><\/p>\n<p><img loading=\"lazy\" decoding=\"async\" class=\"wp-image-45314 size-medium alignright\" src=\"https:\/\/www.rassegnastampa-totustuus.it\/cattolica\/wp-content\/uploads\/2019\/12\/medici_sanit\u00e0_ospedale-300x196.jpg\" alt=\"\" width=\"300\" height=\"196\" srcset=\"https:\/\/www.rassegnastampa-totustuus.it\/cattolica\/wp-content\/uploads\/2019\/12\/medici_sanit\u00e0_ospedale-300x196.jpg 300w, https:\/\/www.rassegnastampa-totustuus.it\/cattolica\/wp-content\/uploads\/2019\/12\/medici_sanit\u00e0_ospedale-768x501.jpg 768w, https:\/\/www.rassegnastampa-totustuus.it\/cattolica\/wp-content\/uploads\/2019\/12\/medici_sanit\u00e0_ospedale-1024x668.jpg 1024w, https:\/\/www.rassegnastampa-totustuus.it\/cattolica\/wp-content\/uploads\/2019\/12\/medici_sanit\u00e0_ospedale.jpg 1600w\" sizes=\"auto, (max-width: 300px) 100vw, 300px\" \/><\/p>\n<p style=\"text-align: justify;\"><span style=\"color: #000000;\">Il rapporto di fiducia \u201cpersona con persona\u201d \u00e8 la medicina dell\u2019uomo, su cui si fonda la farmacologia e le scelte terapeutiche impegnative. La medicina della sanit\u00e0 di oggi invece \u00e8 paradossalmente una medicina della magia. Strano? Pensate a come si considera oggi la medicina: non una collaborazione per la salute ma un dispensario di ricette, esami e ricoveri. <\/span><span style=\"color: #000000;\">Che devono avere un effetto certo e immediato. <\/span><\/p>\n<p style=\"text-align: justify;\"><span style=\"color: #000000;\">\u00c8 la stessa idea della magia: uno schiocco di dita, una formula magica e il gioco \u00e8 fatto. Tutto questo in un mondo dove la magia vige come legge: la tecnologia a portata di click, dove il massimo sforzo \u00e8 pigiare un bottone per far apparire le cascate di Iguaz\u00f9 o le confessioni dei reali di Inghilterra (rimpolpando s\u00ec il mercato, ma rimanendo soli e tristi).<\/span><\/p>\n<p style=\"text-align: justify;\"><span style=\"color: #000000;\"><img loading=\"lazy\" decoding=\"async\" class=\" wp-image-55609 alignleft\" src=\"https:\/\/www.rassegnastampa-totustuus.it\/cattolica\/wp-content\/uploads\/2023\/02\/metaverso_sanit\u00e0.jpg\" alt=\"\" width=\"322\" height=\"236\" \/>Ridateci la medicina vera, non illudeteci con le panzane che \u201cla salute \u00e8 un diritto\u201d (semmai il diritto \u00e8 essere curati bene, non la salute che non la pu\u00f2 garantire nessuno). Ridateci la certezza che la salute non \u00e8 solo il ricorso a una pillola o a quanti pi\u00f9 esami si possono fare. Questo libro, fatto da un medico per i medici e per i corpi malati, ci risveglia questo sentimento.<\/span><\/p>\n<p style=\"text-align: justify;\"><span style=\"color: #000000;\">Di questo dovrebbero tener conto i governi e gli amministratori invece di pensare solo a leggi e leggine, accordi e protocolli. Tenete presente che il codice di deontologia medico \u00e8 passato nei secoli dall\u2019essere le dieci righe del giuramento di Ippocrate all\u2019attuale che consta di oltre cento pagine; espunto l\u2019uomo, moltiplicate le leggi e i paragrafi, non ci sembra che le cose siano migliorate.<\/span><\/p>\n<p>__________________________________________<\/p>\n<p><strong>Si legga anche:<\/strong><\/p>\n<p><a href=\"https:\/\/www.rassegnastampa-totustuus.it\/cattolica\/medicina-consumistica\/\" target=\"_blank\" rel=\"noopener\"><span style=\"color: #0000ff;\">Medicina consumistica<\/span><\/a><\/p>\n","protected":false},"excerpt":{"rendered":"<p>Abstract: recuperare la dignit\u00e0 della professione medica<\/p><p><a class=\"more-link btn\" href=\"https:\/\/www.rassegnastampa-totustuus.it\/cattolica\/recuperare-la-dignita-della-professione-medica\/\">Continua a leggere<\/a><\/p>\n","protected":false},"author":6,"featured_media":55622,"comment_status":"closed","ping_status":"closed","sticky":false,"template":"","format":"standard","meta":{"footnotes":""},"categories":[22],"tags":[242,261],"class_list":["post-55633","post","type-post","status-publish","format-standard","has-post-thumbnail","hentry","category-scienza","tag-sanita","tag-scienza-2","item-wrap"],"yoast_head":"<!-- This site is optimized with the Yoast SEO plugin v27.4 - https:\/\/yoast.com\/product\/yoast-seo-wordpress\/ -->\n<title>Recuperare la dignit\u00e0 della professione medica - Rassegna Stampa Cattolica<\/title>\n<meta name=\"description\" content=\"Recuperare la dignit\u00e0 della professione medica ricollocando nella giusta dimensione l&#039;arte di curare con competenza e consolazione\" \/>\n<meta name=\"robots\" content=\"index, follow, max-snippet:-1, max-image-preview:large, max-video-preview:-1\" \/>\n<link rel=\"canonical\" href=\"https:\/\/www.rassegnastampa-totustuus.it\/cattolica\/recuperare-la-dignita-della-professione-medica\/\" \/>\n<meta property=\"og:locale\" content=\"it_IT\" \/>\n<meta property=\"og:type\" content=\"article\" \/>\n<meta property=\"og:title\" content=\"Recuperare la dignit\u00e0 della professione medica - Rassegna Stampa Cattolica\" \/>\n<meta property=\"og:description\" content=\"Recuperare la dignit\u00e0 della professione medica ricollocando nella giusta dimensione l&#039;arte di curare con competenza e consolazione\" \/>\n<meta property=\"og:url\" content=\"https:\/\/www.rassegnastampa-totustuus.it\/cattolica\/recuperare-la-dignita-della-professione-medica\/\" \/>\n<meta property=\"og:site_name\" content=\"Rassegna Stampa Cattolica\" \/>\n<meta property=\"article:publisher\" content=\"https:\/\/www.facebook.com\/rassegnastampacattolica\" \/>\n<meta property=\"article:published_time\" content=\"2023-02-15T23:00:40+00:00\" \/>\n<meta property=\"article:modified_time\" content=\"2024-01-26T18:14:14+00:00\" \/>\n<meta property=\"og:image\" content=\"https:\/\/www.rassegnastampa-totustuus.it\/cattolica\/wp-content\/uploads\/2023\/02\/sanit\u00e0_tecnologia_app.jpg\" \/>\n\t<meta property=\"og:image:width\" content=\"275\" \/>\n\t<meta property=\"og:image:height\" content=\"183\" \/>\n\t<meta property=\"og:image:type\" content=\"image\/jpeg\" \/>\n<meta name=\"author\" content=\"Redazione\" \/>\n<meta name=\"twitter:card\" content=\"summary_large_image\" \/>\n<meta name=\"twitter:creator\" content=\"@rassegnastampa9\" \/>\n<meta name=\"twitter:site\" content=\"@rassegnastampa9\" \/>\n<meta name=\"twitter:label1\" content=\"Scritto da\" \/>\n\t<meta name=\"twitter:data1\" content=\"Redazione\" \/>\n\t<meta name=\"twitter:label2\" content=\"Tempo di lettura stimato\" \/>\n\t<meta name=\"twitter:data2\" content=\"5 minuti\" \/>\n<script type=\"application\/ld+json\" class=\"yoast-schema-graph\">{\"@context\":\"https:\\\/\\\/schema.org\",\"@graph\":[{\"@type\":\"Article\",\"@id\":\"https:\\\/\\\/www.rassegnastampa-totustuus.it\\\/cattolica\\\/recuperare-la-dignita-della-professione-medica\\\/#article\",\"isPartOf\":{\"@id\":\"https:\\\/\\\/www.rassegnastampa-totustuus.it\\\/cattolica\\\/recuperare-la-dignita-della-professione-medica\\\/\"},\"author\":{\"name\":\"Redazione\",\"@id\":\"https:\\\/\\\/www.rassegnastampa-totustuus.it\\\/cattolica\\\/#\\\/schema\\\/person\\\/08f319d2bd1a0904ad9e2bfb7b15e5c3\"},\"headline\":\"Recuperare la dignit\u00e0 della professione medica\",\"datePublished\":\"2023-02-15T23:00:40+00:00\",\"dateModified\":\"2024-01-26T18:14:14+00:00\",\"mainEntityOfPage\":{\"@id\":\"https:\\\/\\\/www.rassegnastampa-totustuus.it\\\/cattolica\\\/recuperare-la-dignita-della-professione-medica\\\/\"},\"wordCount\":693,\"publisher\":{\"@id\":\"https:\\\/\\\/www.rassegnastampa-totustuus.it\\\/cattolica\\\/#organization\"},\"image\":{\"@id\":\"https:\\\/\\\/www.rassegnastampa-totustuus.it\\\/cattolica\\\/recuperare-la-dignita-della-professione-medica\\\/#primaryimage\"},\"thumbnailUrl\":\"https:\\\/\\\/www.rassegnastampa-totustuus.it\\\/cattolica\\\/wp-content\\\/uploads\\\/2023\\\/02\\\/sanit\u00e0_tecnologia_app.jpg\",\"keywords\":[\"sanit\u00e0\",\"scienza\"],\"articleSection\":[\"Scienza\"],\"inLanguage\":\"it-IT\"},{\"@type\":\"WebPage\",\"@id\":\"https:\\\/\\\/www.rassegnastampa-totustuus.it\\\/cattolica\\\/recuperare-la-dignita-della-professione-medica\\\/\",\"url\":\"https:\\\/\\\/www.rassegnastampa-totustuus.it\\\/cattolica\\\/recuperare-la-dignita-della-professione-medica\\\/\",\"name\":\"Recuperare la dignit\u00e0 della professione medica - Rassegna Stampa Cattolica\",\"isPartOf\":{\"@id\":\"https:\\\/\\\/www.rassegnastampa-totustuus.it\\\/cattolica\\\/#website\"},\"primaryImageOfPage\":{\"@id\":\"https:\\\/\\\/www.rassegnastampa-totustuus.it\\\/cattolica\\\/recuperare-la-dignita-della-professione-medica\\\/#primaryimage\"},\"image\":{\"@id\":\"https:\\\/\\\/www.rassegnastampa-totustuus.it\\\/cattolica\\\/recuperare-la-dignita-della-professione-medica\\\/#primaryimage\"},\"thumbnailUrl\":\"https:\\\/\\\/www.rassegnastampa-totustuus.it\\\/cattolica\\\/wp-content\\\/uploads\\\/2023\\\/02\\\/sanit\u00e0_tecnologia_app.jpg\",\"datePublished\":\"2023-02-15T23:00:40+00:00\",\"dateModified\":\"2024-01-26T18:14:14+00:00\",\"description\":\"Recuperare la dignit\u00e0 della professione medica ricollocando nella giusta dimensione l'arte di curare con competenza e consolazione\",\"breadcrumb\":{\"@id\":\"https:\\\/\\\/www.rassegnastampa-totustuus.it\\\/cattolica\\\/recuperare-la-dignita-della-professione-medica\\\/#breadcrumb\"},\"inLanguage\":\"it-IT\",\"potentialAction\":[{\"@type\":\"ReadAction\",\"target\":[\"https:\\\/\\\/www.rassegnastampa-totustuus.it\\\/cattolica\\\/recuperare-la-dignita-della-professione-medica\\\/\"]}]},{\"@type\":\"ImageObject\",\"inLanguage\":\"it-IT\",\"@id\":\"https:\\\/\\\/www.rassegnastampa-totustuus.it\\\/cattolica\\\/recuperare-la-dignita-della-professione-medica\\\/#primaryimage\",\"url\":\"https:\\\/\\\/www.rassegnastampa-totustuus.it\\\/cattolica\\\/wp-content\\\/uploads\\\/2023\\\/02\\\/sanit\u00e0_tecnologia_app.jpg\",\"contentUrl\":\"https:\\\/\\\/www.rassegnastampa-totustuus.it\\\/cattolica\\\/wp-content\\\/uploads\\\/2023\\\/02\\\/sanit\u00e0_tecnologia_app.jpg\",\"width\":275,\"height\":183},{\"@type\":\"BreadcrumbList\",\"@id\":\"https:\\\/\\\/www.rassegnastampa-totustuus.it\\\/cattolica\\\/recuperare-la-dignita-della-professione-medica\\\/#breadcrumb\",\"itemListElement\":[{\"@type\":\"ListItem\",\"position\":1,\"name\":\"Home\",\"item\":\"https:\\\/\\\/www.rassegnastampa-totustuus.it\\\/cattolica\\\/\"},{\"@type\":\"ListItem\",\"position\":2,\"name\":\"Recuperare la dignit\u00e0 della professione medica\"}]},{\"@type\":\"WebSite\",\"@id\":\"https:\\\/\\\/www.rassegnastampa-totustuus.it\\\/cattolica\\\/#website\",\"url\":\"https:\\\/\\\/www.rassegnastampa-totustuus.it\\\/cattolica\\\/\",\"name\":\"Rassegna Stampa Cattolica\",\"description\":\"Per una cultura che nasce dalla Rivelazione cristiana in conformit\u00e0 alla tradizione e al Magistero della Chiesa in opposizione ad ogni relativismo e totalitarismo\",\"publisher\":{\"@id\":\"https:\\\/\\\/www.rassegnastampa-totustuus.it\\\/cattolica\\\/#organization\"},\"alternateName\":\"Rass. Cattolica\",\"potentialAction\":[{\"@type\":\"SearchAction\",\"target\":{\"@type\":\"EntryPoint\",\"urlTemplate\":\"https:\\\/\\\/www.rassegnastampa-totustuus.it\\\/cattolica\\\/?s={search_term_string}\"},\"query-input\":{\"@type\":\"PropertyValueSpecification\",\"valueRequired\":true,\"valueName\":\"search_term_string\"}}],\"inLanguage\":\"it-IT\"},{\"@type\":\"Organization\",\"@id\":\"https:\\\/\\\/www.rassegnastampa-totustuus.it\\\/cattolica\\\/#organization\",\"name\":\"Rassegna Stampa Cattolica\",\"url\":\"https:\\\/\\\/www.rassegnastampa-totustuus.it\\\/cattolica\\\/\",\"logo\":{\"@type\":\"ImageObject\",\"inLanguage\":\"it-IT\",\"@id\":\"https:\\\/\\\/www.rassegnastampa-totustuus.it\\\/cattolica\\\/#\\\/schema\\\/logo\\\/image\\\/\",\"url\":\"https:\\\/\\\/www.rassegnastampa-totustuus.it\\\/cattolica\\\/wp-content\\\/uploads\\\/2014\\\/04\\\/logo-rassegna1.gif\",\"contentUrl\":\"https:\\\/\\\/www.rassegnastampa-totustuus.it\\\/cattolica\\\/wp-content\\\/uploads\\\/2014\\\/04\\\/logo-rassegna1.gif\",\"width\":600,\"height\":163,\"caption\":\"Rassegna Stampa Cattolica\"},\"image\":{\"@id\":\"https:\\\/\\\/www.rassegnastampa-totustuus.it\\\/cattolica\\\/#\\\/schema\\\/logo\\\/image\\\/\"},\"sameAs\":[\"https:\\\/\\\/www.facebook.com\\\/rassegnastampacattolica\",\"https:\\\/\\\/x.com\\\/rassegnastampa9\"]},{\"@type\":\"Person\",\"@id\":\"https:\\\/\\\/www.rassegnastampa-totustuus.it\\\/cattolica\\\/#\\\/schema\\\/person\\\/08f319d2bd1a0904ad9e2bfb7b15e5c3\",\"name\":\"Redazione\",\"image\":{\"@type\":\"ImageObject\",\"inLanguage\":\"it-IT\",\"@id\":\"https:\\\/\\\/secure.gravatar.com\\\/avatar\\\/2fcdf27c78ea025fbdb44e914cc63c72249ffec9dc8aafd5c82b26240ef3f346?s=96&d=mm&r=g\",\"url\":\"https:\\\/\\\/secure.gravatar.com\\\/avatar\\\/2fcdf27c78ea025fbdb44e914cc63c72249ffec9dc8aafd5c82b26240ef3f346?s=96&d=mm&r=g\",\"contentUrl\":\"https:\\\/\\\/secure.gravatar.com\\\/avatar\\\/2fcdf27c78ea025fbdb44e914cc63c72249ffec9dc8aafd5c82b26240ef3f346?s=96&d=mm&r=g\",\"caption\":\"Redazione\"},\"url\":\"https:\\\/\\\/www.rassegnastampa-totustuus.it\\\/cattolica\\\/author\\\/pietroelle\\\/\"}]}<\/script>\n<!-- \/ Yoast SEO plugin. -->","yoast_head_json":{"title":"Recuperare la dignit\u00e0 della professione medica - Rassegna Stampa Cattolica","description":"Recuperare la dignit\u00e0 della professione medica ricollocando nella giusta dimensione l'arte di curare con competenza e consolazione","robots":{"index":"index","follow":"follow","max-snippet":"max-snippet:-1","max-image-preview":"max-image-preview:large","max-video-preview":"max-video-preview:-1"},"canonical":"https:\/\/www.rassegnastampa-totustuus.it\/cattolica\/recuperare-la-dignita-della-professione-medica\/","og_locale":"it_IT","og_type":"article","og_title":"Recuperare la dignit\u00e0 della professione medica - Rassegna Stampa Cattolica","og_description":"Recuperare la dignit\u00e0 della professione medica ricollocando nella giusta dimensione l'arte di curare con competenza e consolazione","og_url":"https:\/\/www.rassegnastampa-totustuus.it\/cattolica\/recuperare-la-dignita-della-professione-medica\/","og_site_name":"Rassegna Stampa Cattolica","article_publisher":"https:\/\/www.facebook.com\/rassegnastampacattolica","article_published_time":"2023-02-15T23:00:40+00:00","article_modified_time":"2024-01-26T18:14:14+00:00","og_image":[{"width":275,"height":183,"url":"https:\/\/www.rassegnastampa-totustuus.it\/cattolica\/wp-content\/uploads\/2023\/02\/sanit\u00e0_tecnologia_app.jpg","type":"image\/jpeg"}],"author":"Redazione","twitter_card":"summary_large_image","twitter_creator":"@rassegnastampa9","twitter_site":"@rassegnastampa9","twitter_misc":{"Scritto da":"Redazione","Tempo di lettura stimato":"5 minuti"},"schema":{"@context":"https:\/\/schema.org","@graph":[{"@type":"Article","@id":"https:\/\/www.rassegnastampa-totustuus.it\/cattolica\/recuperare-la-dignita-della-professione-medica\/#article","isPartOf":{"@id":"https:\/\/www.rassegnastampa-totustuus.it\/cattolica\/recuperare-la-dignita-della-professione-medica\/"},"author":{"name":"Redazione","@id":"https:\/\/www.rassegnastampa-totustuus.it\/cattolica\/#\/schema\/person\/08f319d2bd1a0904ad9e2bfb7b15e5c3"},"headline":"Recuperare la dignit\u00e0 della professione medica","datePublished":"2023-02-15T23:00:40+00:00","dateModified":"2024-01-26T18:14:14+00:00","mainEntityOfPage":{"@id":"https:\/\/www.rassegnastampa-totustuus.it\/cattolica\/recuperare-la-dignita-della-professione-medica\/"},"wordCount":693,"publisher":{"@id":"https:\/\/www.rassegnastampa-totustuus.it\/cattolica\/#organization"},"image":{"@id":"https:\/\/www.rassegnastampa-totustuus.it\/cattolica\/recuperare-la-dignita-della-professione-medica\/#primaryimage"},"thumbnailUrl":"https:\/\/www.rassegnastampa-totustuus.it\/cattolica\/wp-content\/uploads\/2023\/02\/sanit\u00e0_tecnologia_app.jpg","keywords":["sanit\u00e0","scienza"],"articleSection":["Scienza"],"inLanguage":"it-IT"},{"@type":"WebPage","@id":"https:\/\/www.rassegnastampa-totustuus.it\/cattolica\/recuperare-la-dignita-della-professione-medica\/","url":"https:\/\/www.rassegnastampa-totustuus.it\/cattolica\/recuperare-la-dignita-della-professione-medica\/","name":"Recuperare la dignit\u00e0 della professione medica - Rassegna Stampa Cattolica","isPartOf":{"@id":"https:\/\/www.rassegnastampa-totustuus.it\/cattolica\/#website"},"primaryImageOfPage":{"@id":"https:\/\/www.rassegnastampa-totustuus.it\/cattolica\/recuperare-la-dignita-della-professione-medica\/#primaryimage"},"image":{"@id":"https:\/\/www.rassegnastampa-totustuus.it\/cattolica\/recuperare-la-dignita-della-professione-medica\/#primaryimage"},"thumbnailUrl":"https:\/\/www.rassegnastampa-totustuus.it\/cattolica\/wp-content\/uploads\/2023\/02\/sanit\u00e0_tecnologia_app.jpg","datePublished":"2023-02-15T23:00:40+00:00","dateModified":"2024-01-26T18:14:14+00:00","description":"Recuperare la dignit\u00e0 della professione medica ricollocando nella giusta dimensione l'arte di curare con competenza e consolazione","breadcrumb":{"@id":"https:\/\/www.rassegnastampa-totustuus.it\/cattolica\/recuperare-la-dignita-della-professione-medica\/#breadcrumb"},"inLanguage":"it-IT","potentialAction":[{"@type":"ReadAction","target":["https:\/\/www.rassegnastampa-totustuus.it\/cattolica\/recuperare-la-dignita-della-professione-medica\/"]}]},{"@type":"ImageObject","inLanguage":"it-IT","@id":"https:\/\/www.rassegnastampa-totustuus.it\/cattolica\/recuperare-la-dignita-della-professione-medica\/#primaryimage","url":"https:\/\/www.rassegnastampa-totustuus.it\/cattolica\/wp-content\/uploads\/2023\/02\/sanit\u00e0_tecnologia_app.jpg","contentUrl":"https:\/\/www.rassegnastampa-totustuus.it\/cattolica\/wp-content\/uploads\/2023\/02\/sanit\u00e0_tecnologia_app.jpg","width":275,"height":183},{"@type":"BreadcrumbList","@id":"https:\/\/www.rassegnastampa-totustuus.it\/cattolica\/recuperare-la-dignita-della-professione-medica\/#breadcrumb","itemListElement":[{"@type":"ListItem","position":1,"name":"Home","item":"https:\/\/www.rassegnastampa-totustuus.it\/cattolica\/"},{"@type":"ListItem","position":2,"name":"Recuperare la dignit\u00e0 della professione medica"}]},{"@type":"WebSite","@id":"https:\/\/www.rassegnastampa-totustuus.it\/cattolica\/#website","url":"https:\/\/www.rassegnastampa-totustuus.it\/cattolica\/","name":"Rassegna Stampa Cattolica","description":"Per una cultura che nasce dalla Rivelazione cristiana in conformit\u00e0 alla tradizione e al Magistero della Chiesa in opposizione ad ogni relativismo e totalitarismo","publisher":{"@id":"https:\/\/www.rassegnastampa-totustuus.it\/cattolica\/#organization"},"alternateName":"Rass. Cattolica","potentialAction":[{"@type":"SearchAction","target":{"@type":"EntryPoint","urlTemplate":"https:\/\/www.rassegnastampa-totustuus.it\/cattolica\/?s={search_term_string}"},"query-input":{"@type":"PropertyValueSpecification","valueRequired":true,"valueName":"search_term_string"}}],"inLanguage":"it-IT"},{"@type":"Organization","@id":"https:\/\/www.rassegnastampa-totustuus.it\/cattolica\/#organization","name":"Rassegna Stampa Cattolica","url":"https:\/\/www.rassegnastampa-totustuus.it\/cattolica\/","logo":{"@type":"ImageObject","inLanguage":"it-IT","@id":"https:\/\/www.rassegnastampa-totustuus.it\/cattolica\/#\/schema\/logo\/image\/","url":"https:\/\/www.rassegnastampa-totustuus.it\/cattolica\/wp-content\/uploads\/2014\/04\/logo-rassegna1.gif","contentUrl":"https:\/\/www.rassegnastampa-totustuus.it\/cattolica\/wp-content\/uploads\/2014\/04\/logo-rassegna1.gif","width":600,"height":163,"caption":"Rassegna Stampa Cattolica"},"image":{"@id":"https:\/\/www.rassegnastampa-totustuus.it\/cattolica\/#\/schema\/logo\/image\/"},"sameAs":["https:\/\/www.facebook.com\/rassegnastampacattolica","https:\/\/x.com\/rassegnastampa9"]},{"@type":"Person","@id":"https:\/\/www.rassegnastampa-totustuus.it\/cattolica\/#\/schema\/person\/08f319d2bd1a0904ad9e2bfb7b15e5c3","name":"Redazione","image":{"@type":"ImageObject","inLanguage":"it-IT","@id":"https:\/\/secure.gravatar.com\/avatar\/2fcdf27c78ea025fbdb44e914cc63c72249ffec9dc8aafd5c82b26240ef3f346?s=96&d=mm&r=g","url":"https:\/\/secure.gravatar.com\/avatar\/2fcdf27c78ea025fbdb44e914cc63c72249ffec9dc8aafd5c82b26240ef3f346?s=96&d=mm&r=g","contentUrl":"https:\/\/secure.gravatar.com\/avatar\/2fcdf27c78ea025fbdb44e914cc63c72249ffec9dc8aafd5c82b26240ef3f346?s=96&d=mm&r=g","caption":"Redazione"},"url":"https:\/\/www.rassegnastampa-totustuus.it\/cattolica\/author\/pietroelle\/"}]}},"_links":{"self":[{"href":"https:\/\/www.rassegnastampa-totustuus.it\/cattolica\/wp-json\/wp\/v2\/posts\/55633","targetHints":{"allow":["GET"]}}],"collection":[{"href":"https:\/\/www.rassegnastampa-totustuus.it\/cattolica\/wp-json\/wp\/v2\/posts"}],"about":[{"href":"https:\/\/www.rassegnastampa-totustuus.it\/cattolica\/wp-json\/wp\/v2\/types\/post"}],"author":[{"embeddable":true,"href":"https:\/\/www.rassegnastampa-totustuus.it\/cattolica\/wp-json\/wp\/v2\/users\/6"}],"replies":[{"embeddable":true,"href":"https:\/\/www.rassegnastampa-totustuus.it\/cattolica\/wp-json\/wp\/v2\/comments?post=55633"}],"version-history":[{"count":2,"href":"https:\/\/www.rassegnastampa-totustuus.it\/cattolica\/wp-json\/wp\/v2\/posts\/55633\/revisions"}],"predecessor-version":[{"id":59229,"href":"https:\/\/www.rassegnastampa-totustuus.it\/cattolica\/wp-json\/wp\/v2\/posts\/55633\/revisions\/59229"}],"wp:featuredmedia":[{"embeddable":true,"href":"https:\/\/www.rassegnastampa-totustuus.it\/cattolica\/wp-json\/wp\/v2\/media\/55622"}],"wp:attachment":[{"href":"https:\/\/www.rassegnastampa-totustuus.it\/cattolica\/wp-json\/wp\/v2\/media?parent=55633"}],"wp:term":[{"taxonomy":"category","embeddable":true,"href":"https:\/\/www.rassegnastampa-totustuus.it\/cattolica\/wp-json\/wp\/v2\/categories?post=55633"},{"taxonomy":"post_tag","embeddable":true,"href":"https:\/\/www.rassegnastampa-totustuus.it\/cattolica\/wp-json\/wp\/v2\/tags?post=55633"}],"curies":[{"name":"wp","href":"https:\/\/api.w.org\/{rel}","templated":true}]}}