{"id":55625,"date":"2023-02-16T00:00:19","date_gmt":"2023-02-15T23:00:19","guid":{"rendered":"http:\/\/www.rassegnastampa-totustuus.it\/cattolica\/?p=55625"},"modified":"2024-01-26T19:25:42","modified_gmt":"2024-01-26T18:25:42","slug":"le-foibe-raccontate-dai-ragazzi","status":"publish","type":"post","link":"https:\/\/www.rassegnastampa-totustuus.it\/cattolica\/le-foibe-raccontate-dai-ragazzi\/","title":{"rendered":"Le foibe raccontate dai ragazzi"},"content":{"rendered":"<p style=\"text-align: justify;\"><span style=\"color: #000000;\"><strong><img loading=\"lazy\" decoding=\"async\" class=\"size-medium wp-image-55626 alignright\" src=\"https:\/\/www.rassegnastampa-totustuus.it\/cattolica\/wp-content\/uploads\/2023\/02\/foibe-300x200.jpg\" alt=\"\" width=\"300\" height=\"200\" srcset=\"https:\/\/www.rassegnastampa-totustuus.it\/cattolica\/wp-content\/uploads\/2023\/02\/foibe-300x200.jpg 300w, https:\/\/www.rassegnastampa-totustuus.it\/cattolica\/wp-content\/uploads\/2023\/02\/foibe-768x512.jpg 768w, https:\/\/www.rassegnastampa-totustuus.it\/cattolica\/wp-content\/uploads\/2023\/02\/foibe.jpg 1024w\" sizes=\"auto, (max-width: 300px) 100vw, 300px\" \/>Abstract: <\/strong><em>le foibe raccontate dai ragazzi. Quasi 500 studenti della scuola \u201cParise\u201d, nel vicentino, hanno raccolto in un volume la storia dell\u2019abisso scoperto nel 2020 nel quale fu ucciso almeno un centinaio di giovanissimi \u00a0<\/em><\/span><\/p>\n<p><!--more--><\/p>\n<p style=\"text-align: center;\"><span style=\"color: #000000;\"><a href=\"https:\/\/www.avvenire.it\/\" target=\"_blank\" rel=\"noopener\"><strong>Avvenire<\/strong><\/a> venerd\u00ec 10 febbraio 2023<\/span><\/p>\n<h3 style=\"text-align: center;\"><span style=\"color: #000000;\">La foiba dei ragazzi raccontata dai ragazzi<\/span><\/h3>\n<p style=\"text-align: justify;\"><span style=\"color: #000000;\"><em>Quasi 500 studenti della scuola \u201cParise\u201d, nel vicentino, hanno raccolto in un volume la storia dell\u2019abisso scoperto nel 2020 nel quale fu ucciso almeno un centinaio di giovanissimi <\/em>\u00a0<\/span><\/p>\n<p style=\"text-align: center;\"><strong><span style=\"color: #000000;\">Lucia Bellaspiga<\/span> <\/strong><\/p>\n<p style=\"text-align: justify;\"><span style=\"color: #000000;\"><img loading=\"lazy\" decoding=\"async\" class=\"size-medium wp-image-46313 alignleft\" src=\"https:\/\/www.rassegnastampa-totustuus.it\/cattolica\/wp-content\/uploads\/2010\/02\/foibe_ricordo-300x188.jpg\" alt=\"\" width=\"300\" height=\"188\" srcset=\"https:\/\/www.rassegnastampa-totustuus.it\/cattolica\/wp-content\/uploads\/2010\/02\/foibe_ricordo-300x188.jpg 300w, https:\/\/www.rassegnastampa-totustuus.it\/cattolica\/wp-content\/uploads\/2010\/02\/foibe_ricordo-768x482.jpg 768w, https:\/\/www.rassegnastampa-totustuus.it\/cattolica\/wp-content\/uploads\/2010\/02\/foibe_ricordo-1024x643.jpg 1024w, https:\/\/www.rassegnastampa-totustuus.it\/cattolica\/wp-content\/uploads\/2010\/02\/foibe_ricordo.jpg 2000w\" sizes=\"auto, (max-width: 300px) 100vw, 300px\" \/>\u00abAnch\u2019io ho diritto di sapere!\u00bb, sbotta Martina all\u2019inizio del romanzo. La sua \u00e8 la ribellione adolescenziale verso un padre e un nonno che, per proteggerla, l\u2019hanno sempre tenuta all\u2019oscuro di un passato familiare doloroso. Eppure il grido della ragazza metaforicamente simboleggia la rabbia verso un altro silenzio, quello che realmente ha tenuto all\u2019oscuro per decenni l\u2019Italia sulle sorti di una parte della stessa popolazione italiana, gli istriani, i fiumani e i dalmati perseguitati dal regime di Tito, eliminati con sommarie esecuzioni, cacciati dalle loro terre alla fine della seconda guerra mondiale. Un capitolo di storia troppo scomodo per tanti, dunque seppellito.<\/span><\/p>\n<p style=\"text-align: justify;\"><span style=\"color: #000000;\"><img loading=\"lazy\" decoding=\"async\" class=\"size-full wp-image-30838 alignright\" src=\"https:\/\/www.rassegnastampa-totustuus.it\/cattolica\/wp-content\/uploads\/2006\/08\/Foibe.jpg\" alt=\"\" width=\"232\" height=\"218\" \/>\u00c8 a questo silenzio, rotto solo da vent\u2019anni, che vuol porre rimedio <em>La foiba dei ragazzi,<\/em> romanzo storico appena edito da Loescher (pagine 160) e scritto da quasi 500 studenti di seconda e terza media di ben 21 classi. Un\u2019operazione che sulla carta avrebbe dell\u2019impossibile, ma che \u00e8 divenuta realt\u00e0 nella scuola statale \u201cParise\u201d di Arzignano e Montorso Vicentino, dove i cinquecento ragazzi, guidati da un team di educatori in scrittura creativa, hanno lavorato per un anno intero al \u201cromanzo collettivo\u201d, documentandosi a fondo e affrontando con delicatezza uno tra i temi pi\u00f9 rilevanti della storia nazionale. Il risultato \u00e8 un romanzo ben scritto, che racconta i fatti attraverso gli occhi di un\u2019adolescente e cos\u00ec colma un vuoto nella narrativa per ragazzi.<\/span><\/p>\n<p style=\"text-align: justify;\"><span style=\"color: #000000;\">Come richiede il genere del romanzo storico, i fatti realmente avvenuti si alternano alla fantasia: Martina, sedicenne inquieta, parte di nascosto sulle orme del padre Edoardo, storico dell\u2019Universit\u00e0 di Pisa, spinta dall\u2019esigenza di comprendere tanti misteri e troppe risposte evasive sul passato della sua famiglia. <\/span><span style=\"color: #000000;\">Approda cos\u00ec in Slovenia e l\u00ec non solo incontrer\u00e0 verit\u00e0 drammatiche come le foibe e l\u2019esodo giuliano-dalmata, ma scoprir\u00e0 amaramente che quella tragedia la riguarda da vicino. <\/span><\/p>\n<p style=\"text-align: justify;\"><span style=\"color: #000000;\"><img loading=\"lazy\" decoding=\"async\" class=\" wp-image-27475 alignleft\" src=\"https:\/\/www.rassegnastampa-totustuus.it\/cattolica\/wp-content\/uploads\/2010\/02\/Foibe.jpg\" alt=\"\" width=\"322\" height=\"249\" \/>Questa la trama. Ma le indagini di Martina diventano il pretesto per raccontare con rigore tanti capitoli di questa storia tuttora troppo sconosciuta, citando fatti veri e testimoni ancora in vita. In fondo \u00e8 esattamente ci\u00f2 che richiede la legge sul Giorno del Ricordo (istituito nel 2004 da un Parlamento unanime come di rado accade), che alla scuola attribuisce proprio il compito di approfondire le vicende e tramandare l\u2019identit\u00e0 degli italiani dell\u2019Istria, di Fiume e delle coste dalmate.<\/span><\/p>\n<p style=\"text-align: justify;\"><span style=\"color: #000000;\">L\u2019operazione \u00e8 a dir poco ardita: lavorare in tanti a un\u2019unica opera su un argomento ancora ostico \u00e8 una follia, di quelle follie geniali che sfidano l\u2019omologazione e la rinuncia. Ogni classe ha realizzato un capitolo, passando alle altre il testimone, e alla fine un ampio apparato didattico approfondisce concetti odierni come \u201cconfine\u201d e \u201cpace\u201d. \u00abSiamo partiti da un articolo del 2020 letto su \u201cAvvenire\u201d che raccontava il ritrovamento in Slovenia di una foiba in cui erano state gettate 250 persone, un centinaio erano ragazzini\u00bb, spiega il preside Pier Paolo Frigotto, appassionato ideatore del progetto.<\/span><\/p>\n<p style=\"text-align: justify;\"><span style=\"color: #000000;\"><img loading=\"lazy\" decoding=\"async\" class=\" wp-image-55627 alignright\" src=\"https:\/\/www.rassegnastampa-totustuus.it\/cattolica\/wp-content\/uploads\/2023\/02\/foibe-1.jpg\" alt=\"\" width=\"334\" height=\"208\" \/>Un ritrovamento dovuto alla \u201cCommissione Statale per l\u2019individuazione delle fosse comuni\u201d, ente sloveno che si occupa del recupero delle vittime uccise dal regime di Tito nel secondo dopoguerra. In questo caso vittime slovene, non italiane, ma cadute sotto i colpi della stessa dittatura. \u00abCi ha colpito molto la storia di quei ragazzini assassinati in una sola notte del 1945 dalla polizia segreta del regime comunista, in tempo ormai di pace \u2013 spiega il dirigente scolastico \u2013, anche loro, come migliaia di altre vittime infoibate, non avranno mai un nome\u00bb. Proprio da qui, con un salto di decenni, parte l\u2019avventura di Martina, che nel finale trova la commovente soluzione del giallo familiare: almeno uno dei cento ragazzini morti trova un nome, \u00e8 Joze. Nome inventato, naturalmente, come la sua esistenza, \u00abma la sua storia rappresenta in modo toccante quella di tutti i giovani uccisi in quella spaventosa notte\u00bb.<\/span><\/p>\n<p style=\"text-align: justify;\"><span style=\"color: #000000;\"><img loading=\"lazy\" decoding=\"async\" class=\"size-full wp-image-33676 alignleft\" src=\"https:\/\/www.rassegnastampa-totustuus.it\/cattolica\/wp-content\/uploads\/2007\/02\/esuli_fiume.jpg\" alt=\"\" width=\"185\" height=\"272\" \/>Il merito maggiore del libro sta nell\u2019onest\u00e0 intellettuale degli autori, che non concedono nulla alla retorica horror: con sobriet\u00e0 e tono asciutto ripercorrono le vicende dei giuliano-dalmati, sia le pi\u00f9 note (come il \u201ctreno della vergogna\u201d, assalito sui binari di Bologna nonostante trasportasse esuli affamati e innocenti), sia quelle incredibilmente ancora sconosciute ai pi\u00f9, come la strage di Vergarolla (la spiaggia di Pola, in Istria), dove il 18 agosto del 1946 l\u2019esplosione di ventotto ordigni caus\u00f2 la morte di un centinaio di bagnanti, molti dei quali bambini. Fu il primo attentato terroristico nella Repubblica italiana e il pi\u00f9 sanguinoso, ma quasi nessuno ne parla\u2026 Questo libro s\u00ec.<\/span><\/p>\n<p style=\"text-align: justify;\"><span style=\"color: #000000;\"><img loading=\"lazy\" decoding=\"async\" class=\"size-full wp-image-22082 alignright\" src=\"https:\/\/www.rassegnastampa-totustuus.it\/cattolica\/wp-content\/uploads\/2011\/02\/Tito_partigiano.jpg\" alt=\"\" width=\"250\" height=\"202\" \/>Notevole anche la \u201ccontestualizzazione\u201d con cui i ragazzi del \u201cParise\u201d inseriscono la strage dei giuliano dalmati in un contesto molto pi\u00f9 ampio: \u00ab \u00c8 probabile che in questa foiba non ci siano italiani ma sloveni, croati, cattolici e oppositori di Tito \u00bb, scrivono, ma poi specificano che \u00abitaliani oppure no non cambierebbe nulla, sono persone che hanno sofferto a causa della follia umana\u00bb. Un passaggio fondamentale, sull\u2019onda di quanto fanno da qualche anno le repubbliche di Croazia e Slovenia (nate dalla disgregazione della Jugoslavia), restituendo al maresciallo jugoslavo il suo giusto posto tra i dittatori che insanguinarono il XX secolo (ancora in Italia alcune piazze gli sono dedicate\u2026) e a noi popoli del XXI secolo la riconciliazione e il reciproco perdono.<\/span><\/p>\n<p style=\"text-align: justify;\"><span style=\"color: #000000;\"><img loading=\"lazy\" decoding=\"async\" class=\" wp-image-7469 alignleft\" src=\"https:\/\/www.rassegnastampa-totustuus.it\/cattolica\/wp-content\/uploads\/2014\/05\/NOcomunismo.jpg\" alt=\"\" width=\"221\" height=\"196\" \/>Lo storico Raoul Pupo, una delle voci pi\u00f9 autorevoli, plaude all\u2019\u201cottima iniziativa\u201d del \u201cParise\u201d, \u201csia per l\u2019idea della scrittura collettiva, sia per i contenuti: il taglio del racconto \u00e8 coinvolgente, l\u2019apparato didattico interessantissimo\u201d. \u00abUn bel lavoro che salutiamo con emozione \u2013 commenta anche Giuseppe de Vergottini, presidente di FederEsuli \u2013. \u00c8 una storia che provoca stupore e incredulit\u00e0 in chi per la prima volta ne scopre i dettagli e viene a sapere che nelle foibe dell\u2019entroterra giuliano, istriano e dalmata giacciono anche i resti di ragazzini coetanei degli autori\u00bb. \u00c8 vero, <em>La foiba dei ragazzi<\/em> \u00e8 un romanzo di ragazzi per altri ragazzi, il passaggio di testimone tra una generazione sfortunata, che conobbe la ferocia del Novecento, e quella di oggi, che pu\u00f2 sperare in un\u2019Europa migliore.<\/span><\/p>\n<p>__________________________________________<\/p>\n<p><strong>Sulle Foibe:<\/strong><\/p>\n<p><span style=\"color: #000000;\"><a href=\"https:\/\/www.rassegnastampa-totustuus.it\/cattolica\/le-foibe-esodo-memoria-di-aavv\/\" target=\"_blank\" rel=\"noopener\"><span style=\"color: #0000ff;\">Le foibe, l&#8217;esodo, la memoria<\/span><\/a> &#8211; libro<\/span><\/p>\n","protected":false},"excerpt":{"rendered":"<p>Abstract: le foibe raccontate dai ragazzi. Quasi 500 studenti della scuola \u201cParise\u201d, nel vicentino, hanno raccolto in un volume la storia dell\u2019abisso scoperto nel 2020 nel quale fu ucciso almeno un centinaio di giovanissimi \u00a0<\/p><p><a class=\"more-link btn\" href=\"https:\/\/www.rassegnastampa-totustuus.it\/cattolica\/le-foibe-raccontate-dai-ragazzi\/\">Continua a leggere<\/a><\/p>\n","protected":false},"author":6,"featured_media":55626,"comment_status":"closed","ping_status":"closed","sticky":false,"template":"","format":"standard","meta":{"footnotes":""},"categories":[96],"tags":[858,162,404],"class_list":["post-55625","post","type-post","status-publish","format-standard","has-post-thumbnail","hentry","category-storia-italiana","tag-foibe","tag-storia-2","tag-storia-italiana-2","item-wrap"],"yoast_head":"<!-- This site is optimized with the Yoast SEO plugin v27.5 - https:\/\/yoast.com\/product\/yoast-seo-wordpress\/ -->\n<title>Le foibe raccontate dai ragazzi - Rassegna Stampa Cattolica<\/title>\n<meta name=\"description\" content=\"Le foibe raccontate dai ragazzi; 500 studenti hanno raccolto in un volume la storia dell\u2019abisso in cui furono uccisi almeno 100 giovanissimi\" \/>\n<meta name=\"robots\" content=\"index, follow, max-snippet:-1, max-image-preview:large, max-video-preview:-1\" \/>\n<link rel=\"canonical\" href=\"https:\/\/www.rassegnastampa-totustuus.it\/cattolica\/le-foibe-raccontate-dai-ragazzi\/\" \/>\n<meta property=\"og:locale\" content=\"it_IT\" \/>\n<meta property=\"og:type\" content=\"article\" \/>\n<meta property=\"og:title\" content=\"Le foibe raccontate dai ragazzi - Rassegna Stampa Cattolica\" \/>\n<meta property=\"og:description\" content=\"Le foibe raccontate dai ragazzi; 500 studenti hanno raccolto in un volume la storia dell\u2019abisso in cui furono uccisi almeno 100 giovanissimi\" \/>\n<meta property=\"og:url\" content=\"https:\/\/www.rassegnastampa-totustuus.it\/cattolica\/le-foibe-raccontate-dai-ragazzi\/\" \/>\n<meta property=\"og:site_name\" content=\"Rassegna Stampa Cattolica\" \/>\n<meta property=\"article:publisher\" content=\"https:\/\/www.facebook.com\/rassegnastampacattolica\" \/>\n<meta property=\"article:published_time\" content=\"2023-02-15T23:00:19+00:00\" \/>\n<meta property=\"article:modified_time\" content=\"2024-01-26T18:25:42+00:00\" \/>\n<meta property=\"og:image\" content=\"https:\/\/www.rassegnastampa-totustuus.it\/cattolica\/wp-content\/uploads\/2023\/02\/foibe.jpg\" \/>\n\t<meta property=\"og:image:width\" content=\"1024\" \/>\n\t<meta property=\"og:image:height\" content=\"682\" \/>\n\t<meta property=\"og:image:type\" content=\"image\/jpeg\" \/>\n<meta name=\"author\" content=\"Redazione\" \/>\n<meta name=\"twitter:card\" content=\"summary_large_image\" \/>\n<meta name=\"twitter:creator\" content=\"@rassegnastampa9\" \/>\n<meta name=\"twitter:site\" content=\"@rassegnastampa9\" \/>\n<meta name=\"twitter:label1\" content=\"Scritto da\" \/>\n\t<meta name=\"twitter:data1\" content=\"Redazione\" \/>\n\t<meta name=\"twitter:label2\" content=\"Tempo di lettura stimato\" \/>\n\t<meta name=\"twitter:data2\" content=\"8 minuti\" \/>\n<script type=\"application\/ld+json\" class=\"yoast-schema-graph\">{\"@context\":\"https:\\\/\\\/schema.org\",\"@graph\":[{\"@type\":\"Article\",\"@id\":\"https:\\\/\\\/www.rassegnastampa-totustuus.it\\\/cattolica\\\/le-foibe-raccontate-dai-ragazzi\\\/#article\",\"isPartOf\":{\"@id\":\"https:\\\/\\\/www.rassegnastampa-totustuus.it\\\/cattolica\\\/le-foibe-raccontate-dai-ragazzi\\\/\"},\"author\":{\"name\":\"Redazione\",\"@id\":\"https:\\\/\\\/www.rassegnastampa-totustuus.it\\\/cattolica\\\/#\\\/schema\\\/person\\\/08f319d2bd1a0904ad9e2bfb7b15e5c3\"},\"headline\":\"Le foibe raccontate dai ragazzi\",\"datePublished\":\"2023-02-15T23:00:19+00:00\",\"dateModified\":\"2024-01-26T18:25:42+00:00\",\"mainEntityOfPage\":{\"@id\":\"https:\\\/\\\/www.rassegnastampa-totustuus.it\\\/cattolica\\\/le-foibe-raccontate-dai-ragazzi\\\/\"},\"wordCount\":1057,\"publisher\":{\"@id\":\"https:\\\/\\\/www.rassegnastampa-totustuus.it\\\/cattolica\\\/#organization\"},\"image\":{\"@id\":\"https:\\\/\\\/www.rassegnastampa-totustuus.it\\\/cattolica\\\/le-foibe-raccontate-dai-ragazzi\\\/#primaryimage\"},\"thumbnailUrl\":\"https:\\\/\\\/www.rassegnastampa-totustuus.it\\\/cattolica\\\/wp-content\\\/uploads\\\/2023\\\/02\\\/foibe.jpg\",\"keywords\":[\"foibe\",\"storia\",\"storia italiana\"],\"articleSection\":[\"Storia italiana\"],\"inLanguage\":\"it-IT\"},{\"@type\":\"WebPage\",\"@id\":\"https:\\\/\\\/www.rassegnastampa-totustuus.it\\\/cattolica\\\/le-foibe-raccontate-dai-ragazzi\\\/\",\"url\":\"https:\\\/\\\/www.rassegnastampa-totustuus.it\\\/cattolica\\\/le-foibe-raccontate-dai-ragazzi\\\/\",\"name\":\"Le foibe raccontate dai ragazzi - Rassegna Stampa Cattolica\",\"isPartOf\":{\"@id\":\"https:\\\/\\\/www.rassegnastampa-totustuus.it\\\/cattolica\\\/#website\"},\"primaryImageOfPage\":{\"@id\":\"https:\\\/\\\/www.rassegnastampa-totustuus.it\\\/cattolica\\\/le-foibe-raccontate-dai-ragazzi\\\/#primaryimage\"},\"image\":{\"@id\":\"https:\\\/\\\/www.rassegnastampa-totustuus.it\\\/cattolica\\\/le-foibe-raccontate-dai-ragazzi\\\/#primaryimage\"},\"thumbnailUrl\":\"https:\\\/\\\/www.rassegnastampa-totustuus.it\\\/cattolica\\\/wp-content\\\/uploads\\\/2023\\\/02\\\/foibe.jpg\",\"datePublished\":\"2023-02-15T23:00:19+00:00\",\"dateModified\":\"2024-01-26T18:25:42+00:00\",\"description\":\"Le foibe raccontate dai ragazzi; 500 studenti hanno raccolto in un volume la storia dell\u2019abisso in cui furono uccisi almeno 100 giovanissimi\",\"breadcrumb\":{\"@id\":\"https:\\\/\\\/www.rassegnastampa-totustuus.it\\\/cattolica\\\/le-foibe-raccontate-dai-ragazzi\\\/#breadcrumb\"},\"inLanguage\":\"it-IT\",\"potentialAction\":[{\"@type\":\"ReadAction\",\"target\":[\"https:\\\/\\\/www.rassegnastampa-totustuus.it\\\/cattolica\\\/le-foibe-raccontate-dai-ragazzi\\\/\"]}]},{\"@type\":\"ImageObject\",\"inLanguage\":\"it-IT\",\"@id\":\"https:\\\/\\\/www.rassegnastampa-totustuus.it\\\/cattolica\\\/le-foibe-raccontate-dai-ragazzi\\\/#primaryimage\",\"url\":\"https:\\\/\\\/www.rassegnastampa-totustuus.it\\\/cattolica\\\/wp-content\\\/uploads\\\/2023\\\/02\\\/foibe.jpg\",\"contentUrl\":\"https:\\\/\\\/www.rassegnastampa-totustuus.it\\\/cattolica\\\/wp-content\\\/uploads\\\/2023\\\/02\\\/foibe.jpg\",\"width\":1024,\"height\":682},{\"@type\":\"BreadcrumbList\",\"@id\":\"https:\\\/\\\/www.rassegnastampa-totustuus.it\\\/cattolica\\\/le-foibe-raccontate-dai-ragazzi\\\/#breadcrumb\",\"itemListElement\":[{\"@type\":\"ListItem\",\"position\":1,\"name\":\"Home\",\"item\":\"https:\\\/\\\/www.rassegnastampa-totustuus.it\\\/cattolica\\\/\"},{\"@type\":\"ListItem\",\"position\":2,\"name\":\"Le foibe raccontate dai ragazzi\"}]},{\"@type\":\"WebSite\",\"@id\":\"https:\\\/\\\/www.rassegnastampa-totustuus.it\\\/cattolica\\\/#website\",\"url\":\"https:\\\/\\\/www.rassegnastampa-totustuus.it\\\/cattolica\\\/\",\"name\":\"Rassegna Stampa Cattolica\",\"description\":\"Per una cultura che nasce dalla Rivelazione cristiana in conformit\u00e0 alla tradizione e al Magistero della Chiesa in opposizione ad ogni relativismo e totalitarismo\",\"publisher\":{\"@id\":\"https:\\\/\\\/www.rassegnastampa-totustuus.it\\\/cattolica\\\/#organization\"},\"alternateName\":\"Rass. Cattolica\",\"potentialAction\":[{\"@type\":\"SearchAction\",\"target\":{\"@type\":\"EntryPoint\",\"urlTemplate\":\"https:\\\/\\\/www.rassegnastampa-totustuus.it\\\/cattolica\\\/?s={search_term_string}\"},\"query-input\":{\"@type\":\"PropertyValueSpecification\",\"valueRequired\":true,\"valueName\":\"search_term_string\"}}],\"inLanguage\":\"it-IT\"},{\"@type\":\"Organization\",\"@id\":\"https:\\\/\\\/www.rassegnastampa-totustuus.it\\\/cattolica\\\/#organization\",\"name\":\"Rassegna Stampa Cattolica\",\"url\":\"https:\\\/\\\/www.rassegnastampa-totustuus.it\\\/cattolica\\\/\",\"logo\":{\"@type\":\"ImageObject\",\"inLanguage\":\"it-IT\",\"@id\":\"https:\\\/\\\/www.rassegnastampa-totustuus.it\\\/cattolica\\\/#\\\/schema\\\/logo\\\/image\\\/\",\"url\":\"https:\\\/\\\/www.rassegnastampa-totustuus.it\\\/cattolica\\\/wp-content\\\/uploads\\\/2014\\\/04\\\/logo-rassegna1.gif\",\"contentUrl\":\"https:\\\/\\\/www.rassegnastampa-totustuus.it\\\/cattolica\\\/wp-content\\\/uploads\\\/2014\\\/04\\\/logo-rassegna1.gif\",\"width\":600,\"height\":163,\"caption\":\"Rassegna Stampa Cattolica\"},\"image\":{\"@id\":\"https:\\\/\\\/www.rassegnastampa-totustuus.it\\\/cattolica\\\/#\\\/schema\\\/logo\\\/image\\\/\"},\"sameAs\":[\"https:\\\/\\\/www.facebook.com\\\/rassegnastampacattolica\",\"https:\\\/\\\/x.com\\\/rassegnastampa9\"]},{\"@type\":\"Person\",\"@id\":\"https:\\\/\\\/www.rassegnastampa-totustuus.it\\\/cattolica\\\/#\\\/schema\\\/person\\\/08f319d2bd1a0904ad9e2bfb7b15e5c3\",\"name\":\"Redazione\",\"image\":{\"@type\":\"ImageObject\",\"inLanguage\":\"it-IT\",\"@id\":\"https:\\\/\\\/secure.gravatar.com\\\/avatar\\\/2fcdf27c78ea025fbdb44e914cc63c72249ffec9dc8aafd5c82b26240ef3f346?s=96&d=mm&r=g\",\"url\":\"https:\\\/\\\/secure.gravatar.com\\\/avatar\\\/2fcdf27c78ea025fbdb44e914cc63c72249ffec9dc8aafd5c82b26240ef3f346?s=96&d=mm&r=g\",\"contentUrl\":\"https:\\\/\\\/secure.gravatar.com\\\/avatar\\\/2fcdf27c78ea025fbdb44e914cc63c72249ffec9dc8aafd5c82b26240ef3f346?s=96&d=mm&r=g\",\"caption\":\"Redazione\"},\"url\":\"https:\\\/\\\/www.rassegnastampa-totustuus.it\\\/cattolica\\\/author\\\/pietroelle\\\/\"}]}<\/script>\n<!-- \/ Yoast SEO plugin. -->","yoast_head_json":{"title":"Le foibe raccontate dai ragazzi - Rassegna Stampa Cattolica","description":"Le foibe raccontate dai ragazzi; 500 studenti hanno raccolto in un volume la storia dell\u2019abisso in cui furono uccisi almeno 100 giovanissimi","robots":{"index":"index","follow":"follow","max-snippet":"max-snippet:-1","max-image-preview":"max-image-preview:large","max-video-preview":"max-video-preview:-1"},"canonical":"https:\/\/www.rassegnastampa-totustuus.it\/cattolica\/le-foibe-raccontate-dai-ragazzi\/","og_locale":"it_IT","og_type":"article","og_title":"Le foibe raccontate dai ragazzi - Rassegna Stampa Cattolica","og_description":"Le foibe raccontate dai ragazzi; 500 studenti hanno raccolto in un volume la storia dell\u2019abisso in cui furono uccisi almeno 100 giovanissimi","og_url":"https:\/\/www.rassegnastampa-totustuus.it\/cattolica\/le-foibe-raccontate-dai-ragazzi\/","og_site_name":"Rassegna Stampa Cattolica","article_publisher":"https:\/\/www.facebook.com\/rassegnastampacattolica","article_published_time":"2023-02-15T23:00:19+00:00","article_modified_time":"2024-01-26T18:25:42+00:00","og_image":[{"width":1024,"height":682,"url":"https:\/\/www.rassegnastampa-totustuus.it\/cattolica\/wp-content\/uploads\/2023\/02\/foibe.jpg","type":"image\/jpeg"}],"author":"Redazione","twitter_card":"summary_large_image","twitter_creator":"@rassegnastampa9","twitter_site":"@rassegnastampa9","twitter_misc":{"Scritto da":"Redazione","Tempo di lettura stimato":"8 minuti"},"schema":{"@context":"https:\/\/schema.org","@graph":[{"@type":"Article","@id":"https:\/\/www.rassegnastampa-totustuus.it\/cattolica\/le-foibe-raccontate-dai-ragazzi\/#article","isPartOf":{"@id":"https:\/\/www.rassegnastampa-totustuus.it\/cattolica\/le-foibe-raccontate-dai-ragazzi\/"},"author":{"name":"Redazione","@id":"https:\/\/www.rassegnastampa-totustuus.it\/cattolica\/#\/schema\/person\/08f319d2bd1a0904ad9e2bfb7b15e5c3"},"headline":"Le foibe raccontate dai ragazzi","datePublished":"2023-02-15T23:00:19+00:00","dateModified":"2024-01-26T18:25:42+00:00","mainEntityOfPage":{"@id":"https:\/\/www.rassegnastampa-totustuus.it\/cattolica\/le-foibe-raccontate-dai-ragazzi\/"},"wordCount":1057,"publisher":{"@id":"https:\/\/www.rassegnastampa-totustuus.it\/cattolica\/#organization"},"image":{"@id":"https:\/\/www.rassegnastampa-totustuus.it\/cattolica\/le-foibe-raccontate-dai-ragazzi\/#primaryimage"},"thumbnailUrl":"https:\/\/www.rassegnastampa-totustuus.it\/cattolica\/wp-content\/uploads\/2023\/02\/foibe.jpg","keywords":["foibe","storia","storia italiana"],"articleSection":["Storia italiana"],"inLanguage":"it-IT"},{"@type":"WebPage","@id":"https:\/\/www.rassegnastampa-totustuus.it\/cattolica\/le-foibe-raccontate-dai-ragazzi\/","url":"https:\/\/www.rassegnastampa-totustuus.it\/cattolica\/le-foibe-raccontate-dai-ragazzi\/","name":"Le foibe raccontate dai ragazzi - Rassegna Stampa Cattolica","isPartOf":{"@id":"https:\/\/www.rassegnastampa-totustuus.it\/cattolica\/#website"},"primaryImageOfPage":{"@id":"https:\/\/www.rassegnastampa-totustuus.it\/cattolica\/le-foibe-raccontate-dai-ragazzi\/#primaryimage"},"image":{"@id":"https:\/\/www.rassegnastampa-totustuus.it\/cattolica\/le-foibe-raccontate-dai-ragazzi\/#primaryimage"},"thumbnailUrl":"https:\/\/www.rassegnastampa-totustuus.it\/cattolica\/wp-content\/uploads\/2023\/02\/foibe.jpg","datePublished":"2023-02-15T23:00:19+00:00","dateModified":"2024-01-26T18:25:42+00:00","description":"Le foibe raccontate dai ragazzi; 500 studenti hanno raccolto in un volume la storia dell\u2019abisso in cui furono uccisi almeno 100 giovanissimi","breadcrumb":{"@id":"https:\/\/www.rassegnastampa-totustuus.it\/cattolica\/le-foibe-raccontate-dai-ragazzi\/#breadcrumb"},"inLanguage":"it-IT","potentialAction":[{"@type":"ReadAction","target":["https:\/\/www.rassegnastampa-totustuus.it\/cattolica\/le-foibe-raccontate-dai-ragazzi\/"]}]},{"@type":"ImageObject","inLanguage":"it-IT","@id":"https:\/\/www.rassegnastampa-totustuus.it\/cattolica\/le-foibe-raccontate-dai-ragazzi\/#primaryimage","url":"https:\/\/www.rassegnastampa-totustuus.it\/cattolica\/wp-content\/uploads\/2023\/02\/foibe.jpg","contentUrl":"https:\/\/www.rassegnastampa-totustuus.it\/cattolica\/wp-content\/uploads\/2023\/02\/foibe.jpg","width":1024,"height":682},{"@type":"BreadcrumbList","@id":"https:\/\/www.rassegnastampa-totustuus.it\/cattolica\/le-foibe-raccontate-dai-ragazzi\/#breadcrumb","itemListElement":[{"@type":"ListItem","position":1,"name":"Home","item":"https:\/\/www.rassegnastampa-totustuus.it\/cattolica\/"},{"@type":"ListItem","position":2,"name":"Le foibe raccontate dai ragazzi"}]},{"@type":"WebSite","@id":"https:\/\/www.rassegnastampa-totustuus.it\/cattolica\/#website","url":"https:\/\/www.rassegnastampa-totustuus.it\/cattolica\/","name":"Rassegna Stampa Cattolica","description":"Per una cultura che nasce dalla Rivelazione cristiana in conformit\u00e0 alla tradizione e al Magistero della Chiesa in opposizione ad ogni relativismo e totalitarismo","publisher":{"@id":"https:\/\/www.rassegnastampa-totustuus.it\/cattolica\/#organization"},"alternateName":"Rass. Cattolica","potentialAction":[{"@type":"SearchAction","target":{"@type":"EntryPoint","urlTemplate":"https:\/\/www.rassegnastampa-totustuus.it\/cattolica\/?s={search_term_string}"},"query-input":{"@type":"PropertyValueSpecification","valueRequired":true,"valueName":"search_term_string"}}],"inLanguage":"it-IT"},{"@type":"Organization","@id":"https:\/\/www.rassegnastampa-totustuus.it\/cattolica\/#organization","name":"Rassegna Stampa Cattolica","url":"https:\/\/www.rassegnastampa-totustuus.it\/cattolica\/","logo":{"@type":"ImageObject","inLanguage":"it-IT","@id":"https:\/\/www.rassegnastampa-totustuus.it\/cattolica\/#\/schema\/logo\/image\/","url":"https:\/\/www.rassegnastampa-totustuus.it\/cattolica\/wp-content\/uploads\/2014\/04\/logo-rassegna1.gif","contentUrl":"https:\/\/www.rassegnastampa-totustuus.it\/cattolica\/wp-content\/uploads\/2014\/04\/logo-rassegna1.gif","width":600,"height":163,"caption":"Rassegna Stampa Cattolica"},"image":{"@id":"https:\/\/www.rassegnastampa-totustuus.it\/cattolica\/#\/schema\/logo\/image\/"},"sameAs":["https:\/\/www.facebook.com\/rassegnastampacattolica","https:\/\/x.com\/rassegnastampa9"]},{"@type":"Person","@id":"https:\/\/www.rassegnastampa-totustuus.it\/cattolica\/#\/schema\/person\/08f319d2bd1a0904ad9e2bfb7b15e5c3","name":"Redazione","image":{"@type":"ImageObject","inLanguage":"it-IT","@id":"https:\/\/secure.gravatar.com\/avatar\/2fcdf27c78ea025fbdb44e914cc63c72249ffec9dc8aafd5c82b26240ef3f346?s=96&d=mm&r=g","url":"https:\/\/secure.gravatar.com\/avatar\/2fcdf27c78ea025fbdb44e914cc63c72249ffec9dc8aafd5c82b26240ef3f346?s=96&d=mm&r=g","contentUrl":"https:\/\/secure.gravatar.com\/avatar\/2fcdf27c78ea025fbdb44e914cc63c72249ffec9dc8aafd5c82b26240ef3f346?s=96&d=mm&r=g","caption":"Redazione"},"url":"https:\/\/www.rassegnastampa-totustuus.it\/cattolica\/author\/pietroelle\/"}]}},"_links":{"self":[{"href":"https:\/\/www.rassegnastampa-totustuus.it\/cattolica\/wp-json\/wp\/v2\/posts\/55625","targetHints":{"allow":["GET"]}}],"collection":[{"href":"https:\/\/www.rassegnastampa-totustuus.it\/cattolica\/wp-json\/wp\/v2\/posts"}],"about":[{"href":"https:\/\/www.rassegnastampa-totustuus.it\/cattolica\/wp-json\/wp\/v2\/types\/post"}],"author":[{"embeddable":true,"href":"https:\/\/www.rassegnastampa-totustuus.it\/cattolica\/wp-json\/wp\/v2\/users\/6"}],"replies":[{"embeddable":true,"href":"https:\/\/www.rassegnastampa-totustuus.it\/cattolica\/wp-json\/wp\/v2\/comments?post=55625"}],"version-history":[{"count":3,"href":"https:\/\/www.rassegnastampa-totustuus.it\/cattolica\/wp-json\/wp\/v2\/posts\/55625\/revisions"}],"predecessor-version":[{"id":59233,"href":"https:\/\/www.rassegnastampa-totustuus.it\/cattolica\/wp-json\/wp\/v2\/posts\/55625\/revisions\/59233"}],"wp:featuredmedia":[{"embeddable":true,"href":"https:\/\/www.rassegnastampa-totustuus.it\/cattolica\/wp-json\/wp\/v2\/media\/55626"}],"wp:attachment":[{"href":"https:\/\/www.rassegnastampa-totustuus.it\/cattolica\/wp-json\/wp\/v2\/media?parent=55625"}],"wp:term":[{"taxonomy":"category","embeddable":true,"href":"https:\/\/www.rassegnastampa-totustuus.it\/cattolica\/wp-json\/wp\/v2\/categories?post=55625"},{"taxonomy":"post_tag","embeddable":true,"href":"https:\/\/www.rassegnastampa-totustuus.it\/cattolica\/wp-json\/wp\/v2\/tags?post=55625"}],"curies":[{"name":"wp","href":"https:\/\/api.w.org\/{rel}","templated":true}]}}