{"id":55573,"date":"2023-02-09T00:00:49","date_gmt":"2023-02-08T23:00:49","guid":{"rendered":"http:\/\/www.rassegnastampa-totustuus.it\/cattolica\/?p=55573"},"modified":"2024-01-28T19:05:04","modified_gmt":"2024-01-28T18:05:04","slug":"45-giornata-per-la-vita-5-febbraio-2023","status":"publish","type":"post","link":"https:\/\/www.rassegnastampa-totustuus.it\/cattolica\/45-giornata-per-la-vita-5-febbraio-2023\/","title":{"rendered":"45\u00b0 Giornata per la Vita, 5 febbraio 2023"},"content":{"rendered":"<p style=\"text-align: center;\"><span style=\"color: #000000;\"><strong><img loading=\"lazy\" decoding=\"async\" class=\" wp-image-55574 alignleft\" src=\"https:\/\/www.rassegnastampa-totustuus.it\/cattolica\/wp-content\/uploads\/2023\/02\/anziani_compagnia_malattia.jpg\" alt=\"\" width=\"273\" height=\"182\" \/><a href=\"https:\/\/alleanzacattolica.org\/\" target=\"_blank\" rel=\"noopener\">Alleanza Cattolica<\/a><\/strong> 4 Febbraio 2023\u00a0<\/span><\/p>\n<p style=\"text-align: justify;\"><span style=\"color: #000000;\"><em>\u00abLa morte non \u00e8 mai una soluzione. \u201cDio ha creato tutte le cose perch\u00e9 esistano; le creature del mondo sono portatrici di salvezza, in esse non c\u2019\u00e8 veleno di morte\u201d (Sap 1,14)\u00bb. <\/em><\/span><\/p>\n<p style=\"text-align: center;\"><span style=\"color: #000000;\"><strong>di<\/strong><strong> Chiara Mantovani <\/strong><\/span><\/p>\n<p><span style=\"color: #000000;\"><!--more--><\/span><\/p>\n<p style=\"text-align: justify;\"><span style=\"color: #000000;\"><img loading=\"lazy\" decoding=\"async\" class=\"size-full wp-image-55575 alignright\" src=\"https:\/\/www.rassegnastampa-totustuus.it\/cattolica\/wp-content\/uploads\/2023\/02\/vita.jpg\" alt=\"\" width=\"189\" height=\"267\" \/>Il Messaggio dei vescovi italiani, per la 45<sup>a <\/sup>Giornata dedicata alla Vita \u00e8, quest\u2019anno, particolarmente incisivo. \u00c8 un\u2019occasione di bilancio: la \u2018cultura\u2019 di morte ha colpito senza distinzione, si \u00e8 insediata nel pensiero delle \u00e9lite come delle persone semplici ed \u00e8 divenuta il rimedio rapido, apparentemente indolore, proposto per tutti i problemi seri della vita.<\/span><\/p>\n<p style=\"text-align: justify;\"><span style=\"color: #000000;\">Riecheggiano, nelle considerazioni vescovili, la consapevolezza e la franchezza delle consegne affidateci dal nostro fondatore, Giovanni Cantoni: lucidit\u00e0 nelle diagnosi, forza d\u2019animo per affrontare la realt\u00e0 quale essa \u00e8, coraggio perch\u00e9 la storia non \u00e8 un cieco vagare, ma ha una direzione di salvezza. C\u2019\u00e8 sempre, ma proprio sempre, un bene possibile da compiere. Per\u00f2 bisogna essere consapevoli che c\u2019\u00e8 un mondo in rovina da ricostruire, nello specifico c\u2019\u00e8 la corretta concezione della persona umana da far accettare alla ragione e al cuore dei contemporanei. Nessuna civilt\u00e0 potr\u00e0 mai ricostruirsi sul fraintendimento di base di chi \u00e8 l\u2019essere umano, ogni alternativa \u2013 a maggior ragione la reificazione dell\u2019umano che oggi governa il mondo \u2013 \u00e8 un vagare nel deserto dove domina la morte.<\/span><\/p>\n<p style=\"text-align: justify;\"><span style=\"color: #000000;\"><img loading=\"lazy\" decoding=\"async\" class=\"size-medium wp-image-54216 alignleft\" src=\"https:\/\/www.rassegnastampa-totustuus.it\/cattolica\/wp-content\/uploads\/2022\/05\/Aborto_vita_marcia_2022-300x169.jpeg\" alt=\"\" width=\"300\" height=\"169\" srcset=\"https:\/\/www.rassegnastampa-totustuus.it\/cattolica\/wp-content\/uploads\/2022\/05\/Aborto_vita_marcia_2022-300x169.jpeg 300w, https:\/\/www.rassegnastampa-totustuus.it\/cattolica\/wp-content\/uploads\/2022\/05\/Aborto_vita_marcia_2022-768x432.jpeg 768w, https:\/\/www.rassegnastampa-totustuus.it\/cattolica\/wp-content\/uploads\/2022\/05\/Aborto_vita_marcia_2022-1024x576.jpeg 1024w, https:\/\/www.rassegnastampa-totustuus.it\/cattolica\/wp-content\/uploads\/2022\/05\/Aborto_vita_marcia_2022.jpeg 1280w\" sizes=\"auto, (max-width: 300px) 100vw, 300px\" \/>Il titolo della Giornata di quest\u2019anno \u00e8 una citazione del libro della Sapienza, ma il testo scritturale [Sap 1,16] continua, ed \u00e8 spietato:<\/span><\/p>\n<p style=\"text-align: justify;\"><span style=\"color: #000000;\">[Sap 1,16] \u201c<em>Gli empi invocano su di s\u00e9 la morte\u00a0 con gesti e con parole, ritenendola amica si consumano per essa e con essa concludono alleanza, perch\u00e9 son degni di appartenerle<\/em>\u201d.<\/span><\/p>\n<p style=\"text-align: justify;\"><span style=\"color: #000000;\">\u201cRitenendola amica\u201d, reputandola buona, la propongono, la difendono, la impongono quasi fosse un diritto anzich\u00e9 una ferita. Che cosa \u00e8, altrimenti, il rifiuto anche di prendere in considerazione l\u2019ipotesi che le donne siano stanche di abortire e che desiderino vedere valorizzato il valore sociale della maternit\u00e0, non <img loading=\"lazy\" decoding=\"async\" class=\" wp-image-32400 alignright\" src=\"https:\/\/www.rassegnastampa-totustuus.it\/cattolica\/wp-content\/uploads\/2016\/03\/eutanasia.jpg\" alt=\"\" width=\"310\" height=\"206\" \/>con le medaglie, ma con condizioni favorevoli? Perch\u00e9, se non per una insana \u2018amicizia\u2019 con la morte, scartare le persone se non sono perfette, se sono difficili da accudire, se fanno tristezza nella malattia, se \u2018costano\u2019 denari e impegno? Se si ama, nulla pesa. Se si disprezza, nulla si sopporta. In mezzo ci sta la fatica e il dolore, che chiedono di essere sollevati, compresi, dichiarati senza vergogna e insieme accuditi senza pietismi.<\/span><\/p>\n<p style=\"text-align: justify;\"><span style=\"color: #000000;\">La nostra societ\u00e0, che deve fare i conti sia con l\u2019economia che con l\u2019antropologia, sembra pi\u00f9 interessata alla prima che alla seconda. Eppure, i cattivi maestri hanno vinto con le idee prima ancora che con i soldi.<\/span><\/p>\n<p style=\"text-align: justify;\"><span style=\"color: #000000;\"><img loading=\"lazy\" decoding=\"async\" class=\"size-full wp-image-55578 alignleft\" src=\"https:\/\/www.rassegnastampa-totustuus.it\/cattolica\/wp-content\/uploads\/2023\/02\/morte.jpg\" alt=\"\" width=\"286\" height=\"176\" \/>E dunque, ancora una volta, riprendiamo il fardello, invero non alleggerito dopo 45 anni, per opere di carit\u00e0 materiale e intellettuale che costruiscano una cultura amante della ragione e della vita: questo abbiamo scelto per noi, fino alla nostra morte, che sappiamo essere nelle mani amorevoli di un Padre. Vogliamo costruire rifugi di civilt\u00e0, con parole di verit\u00e0, con umile ma solida certezza: la vita si difende nel costruire la citt\u00e0 degli uomini, bella solo se assomiglia alla citt\u00e0 di Dio.<\/span><\/p>\n<p style=\"text-align: justify;\"><span style=\"color: #000000;\">Noi siamo un altro popolo che vaga \u00abnel deserto, nella steppa, non trovando il cammino per una citt\u00e0 dove abitare, siamo affamati e assetati, viene meno la nostra vita. Abitiamo nelle tenebre e nell\u2019ombra di morte, prigionieri della miseria e dei ceppi, perch\u00e9 ci siamo ribellati alla parola di Dio. Ma il Signore ci libera dalle nostre angustie, sazia il desiderio dell\u2019assetato, e l\u2019affamato ricolma di beni, ci conduce sulla via retta, perch\u00e9 camminiamo verso una citt\u00e0 dove abitare\u00bb [cfr. Sal 107, 4-11].<\/span><\/p>\n","protected":false},"excerpt":{"rendered":"<p>Alleanza Cattolica 4 Febbraio 2023\u00a0 \u00abLa morte non \u00e8 mai una soluzione. \u201cDio ha creato tutte le cose perch\u00e9 esistano; le creature del mondo sono portatrici di salvezza, in esse non c\u2019\u00e8 veleno di morte\u201d (Sap 1,14)\u00bb. di Chiara Mantovani<\/p><p><a class=\"more-link btn\" href=\"https:\/\/www.rassegnastampa-totustuus.it\/cattolica\/45-giornata-per-la-vita-5-febbraio-2023\/\">Continua a leggere<\/a><\/p>\n","protected":false},"author":6,"featured_media":55574,"comment_status":"closed","ping_status":"closed","sticky":false,"template":"","format":"standard","meta":{"footnotes":""},"categories":[2,55],"tags":[2386,141,292],"class_list":["post-55573","post","type-post","status-publish","format-standard","has-post-thumbnail","hentry","category-aborto","category-eutanasia","tag-aborto","tag-eutanasia-2","tag-vita","item-wrap"],"yoast_head":"<!-- This site is optimized with the Yoast SEO plugin v27.5 - https:\/\/yoast.com\/product\/yoast-seo-wordpress\/ -->\n<title>45\u00b0 Giornata per la Vita, 5 febbraio 2023 - Rassegna Stampa Cattolica<\/title>\n<meta name=\"description\" content=\"45\u00b0 Giornata per la Vita, 5 febbraio 2023; La morte non \u00e8 mai una soluzione. \u201cDio ha creato tutte le cose perch\u00e9 esistano&quot;\" \/>\n<meta name=\"robots\" content=\"index, follow, max-snippet:-1, max-image-preview:large, max-video-preview:-1\" \/>\n<link rel=\"canonical\" href=\"https:\/\/www.rassegnastampa-totustuus.it\/cattolica\/45-giornata-per-la-vita-5-febbraio-2023\/\" \/>\n<meta property=\"og:locale\" content=\"it_IT\" \/>\n<meta property=\"og:type\" content=\"article\" \/>\n<meta property=\"og:title\" content=\"45\u00b0 Giornata per la Vita, 5 febbraio 2023 - Rassegna Stampa Cattolica\" \/>\n<meta property=\"og:description\" content=\"45\u00b0 Giornata per la Vita, 5 febbraio 2023; La morte non \u00e8 mai una soluzione. \u201cDio ha creato tutte le cose perch\u00e9 esistano&quot;\" \/>\n<meta property=\"og:url\" content=\"https:\/\/www.rassegnastampa-totustuus.it\/cattolica\/45-giornata-per-la-vita-5-febbraio-2023\/\" \/>\n<meta property=\"og:site_name\" content=\"Rassegna Stampa Cattolica\" \/>\n<meta property=\"article:publisher\" content=\"https:\/\/www.facebook.com\/rassegnastampacattolica\" \/>\n<meta property=\"article:published_time\" content=\"2023-02-08T23:00:49+00:00\" \/>\n<meta property=\"article:modified_time\" content=\"2024-01-28T18:05:04+00:00\" \/>\n<meta property=\"og:image\" content=\"https:\/\/www.rassegnastampa-totustuus.it\/cattolica\/wp-content\/uploads\/2023\/02\/anziani_compagnia_malattia.jpg\" \/>\n\t<meta property=\"og:image:width\" content=\"275\" \/>\n\t<meta property=\"og:image:height\" content=\"183\" \/>\n\t<meta property=\"og:image:type\" content=\"image\/jpeg\" \/>\n<meta name=\"author\" content=\"Redazione\" \/>\n<meta name=\"twitter:card\" content=\"summary_large_image\" \/>\n<meta name=\"twitter:creator\" content=\"@rassegnastampa9\" \/>\n<meta name=\"twitter:site\" content=\"@rassegnastampa9\" \/>\n<meta name=\"twitter:label1\" content=\"Scritto da\" \/>\n\t<meta name=\"twitter:data1\" content=\"Redazione\" \/>\n\t<meta name=\"twitter:label2\" content=\"Tempo di lettura stimato\" \/>\n\t<meta name=\"twitter:data2\" content=\"5 minuti\" \/>\n<script type=\"application\/ld+json\" class=\"yoast-schema-graph\">{\"@context\":\"https:\\\/\\\/schema.org\",\"@graph\":[{\"@type\":\"Article\",\"@id\":\"https:\\\/\\\/www.rassegnastampa-totustuus.it\\\/cattolica\\\/45-giornata-per-la-vita-5-febbraio-2023\\\/#article\",\"isPartOf\":{\"@id\":\"https:\\\/\\\/www.rassegnastampa-totustuus.it\\\/cattolica\\\/45-giornata-per-la-vita-5-febbraio-2023\\\/\"},\"author\":{\"name\":\"Redazione\",\"@id\":\"https:\\\/\\\/www.rassegnastampa-totustuus.it\\\/cattolica\\\/#\\\/schema\\\/person\\\/08f319d2bd1a0904ad9e2bfb7b15e5c3\"},\"headline\":\"45\u00b0 Giornata per la Vita, 5 febbraio 2023\",\"datePublished\":\"2023-02-08T23:00:49+00:00\",\"dateModified\":\"2024-01-28T18:05:04+00:00\",\"mainEntityOfPage\":{\"@id\":\"https:\\\/\\\/www.rassegnastampa-totustuus.it\\\/cattolica\\\/45-giornata-per-la-vita-5-febbraio-2023\\\/\"},\"wordCount\":589,\"publisher\":{\"@id\":\"https:\\\/\\\/www.rassegnastampa-totustuus.it\\\/cattolica\\\/#organization\"},\"image\":{\"@id\":\"https:\\\/\\\/www.rassegnastampa-totustuus.it\\\/cattolica\\\/45-giornata-per-la-vita-5-febbraio-2023\\\/#primaryimage\"},\"thumbnailUrl\":\"https:\\\/\\\/www.rassegnastampa-totustuus.it\\\/cattolica\\\/wp-content\\\/uploads\\\/2023\\\/02\\\/anziani_compagnia_malattia.jpg\",\"keywords\":[\"Aborto\",\"eutanasia\",\"vita\"],\"articleSection\":[\"Aborto\",\"Eutanasia\"],\"inLanguage\":\"it-IT\"},{\"@type\":\"WebPage\",\"@id\":\"https:\\\/\\\/www.rassegnastampa-totustuus.it\\\/cattolica\\\/45-giornata-per-la-vita-5-febbraio-2023\\\/\",\"url\":\"https:\\\/\\\/www.rassegnastampa-totustuus.it\\\/cattolica\\\/45-giornata-per-la-vita-5-febbraio-2023\\\/\",\"name\":\"45\u00b0 Giornata per la Vita, 5 febbraio 2023 - Rassegna Stampa Cattolica\",\"isPartOf\":{\"@id\":\"https:\\\/\\\/www.rassegnastampa-totustuus.it\\\/cattolica\\\/#website\"},\"primaryImageOfPage\":{\"@id\":\"https:\\\/\\\/www.rassegnastampa-totustuus.it\\\/cattolica\\\/45-giornata-per-la-vita-5-febbraio-2023\\\/#primaryimage\"},\"image\":{\"@id\":\"https:\\\/\\\/www.rassegnastampa-totustuus.it\\\/cattolica\\\/45-giornata-per-la-vita-5-febbraio-2023\\\/#primaryimage\"},\"thumbnailUrl\":\"https:\\\/\\\/www.rassegnastampa-totustuus.it\\\/cattolica\\\/wp-content\\\/uploads\\\/2023\\\/02\\\/anziani_compagnia_malattia.jpg\",\"datePublished\":\"2023-02-08T23:00:49+00:00\",\"dateModified\":\"2024-01-28T18:05:04+00:00\",\"description\":\"45\u00b0 Giornata per la Vita, 5 febbraio 2023; La morte non \u00e8 mai una soluzione. \u201cDio ha creato tutte le cose perch\u00e9 esistano\\\"\",\"breadcrumb\":{\"@id\":\"https:\\\/\\\/www.rassegnastampa-totustuus.it\\\/cattolica\\\/45-giornata-per-la-vita-5-febbraio-2023\\\/#breadcrumb\"},\"inLanguage\":\"it-IT\",\"potentialAction\":[{\"@type\":\"ReadAction\",\"target\":[\"https:\\\/\\\/www.rassegnastampa-totustuus.it\\\/cattolica\\\/45-giornata-per-la-vita-5-febbraio-2023\\\/\"]}]},{\"@type\":\"ImageObject\",\"inLanguage\":\"it-IT\",\"@id\":\"https:\\\/\\\/www.rassegnastampa-totustuus.it\\\/cattolica\\\/45-giornata-per-la-vita-5-febbraio-2023\\\/#primaryimage\",\"url\":\"https:\\\/\\\/www.rassegnastampa-totustuus.it\\\/cattolica\\\/wp-content\\\/uploads\\\/2023\\\/02\\\/anziani_compagnia_malattia.jpg\",\"contentUrl\":\"https:\\\/\\\/www.rassegnastampa-totustuus.it\\\/cattolica\\\/wp-content\\\/uploads\\\/2023\\\/02\\\/anziani_compagnia_malattia.jpg\",\"width\":275,\"height\":183},{\"@type\":\"BreadcrumbList\",\"@id\":\"https:\\\/\\\/www.rassegnastampa-totustuus.it\\\/cattolica\\\/45-giornata-per-la-vita-5-febbraio-2023\\\/#breadcrumb\",\"itemListElement\":[{\"@type\":\"ListItem\",\"position\":1,\"name\":\"Home\",\"item\":\"https:\\\/\\\/www.rassegnastampa-totustuus.it\\\/cattolica\\\/\"},{\"@type\":\"ListItem\",\"position\":2,\"name\":\"45\u00b0 Giornata per la Vita, 5 febbraio 2023\"}]},{\"@type\":\"WebSite\",\"@id\":\"https:\\\/\\\/www.rassegnastampa-totustuus.it\\\/cattolica\\\/#website\",\"url\":\"https:\\\/\\\/www.rassegnastampa-totustuus.it\\\/cattolica\\\/\",\"name\":\"Rassegna Stampa Cattolica\",\"description\":\"Per una cultura che nasce dalla Rivelazione cristiana in conformit\u00e0 alla tradizione e al Magistero della Chiesa in opposizione ad ogni relativismo e totalitarismo\",\"publisher\":{\"@id\":\"https:\\\/\\\/www.rassegnastampa-totustuus.it\\\/cattolica\\\/#organization\"},\"alternateName\":\"Rass. Cattolica\",\"potentialAction\":[{\"@type\":\"SearchAction\",\"target\":{\"@type\":\"EntryPoint\",\"urlTemplate\":\"https:\\\/\\\/www.rassegnastampa-totustuus.it\\\/cattolica\\\/?s={search_term_string}\"},\"query-input\":{\"@type\":\"PropertyValueSpecification\",\"valueRequired\":true,\"valueName\":\"search_term_string\"}}],\"inLanguage\":\"it-IT\"},{\"@type\":\"Organization\",\"@id\":\"https:\\\/\\\/www.rassegnastampa-totustuus.it\\\/cattolica\\\/#organization\",\"name\":\"Rassegna Stampa Cattolica\",\"url\":\"https:\\\/\\\/www.rassegnastampa-totustuus.it\\\/cattolica\\\/\",\"logo\":{\"@type\":\"ImageObject\",\"inLanguage\":\"it-IT\",\"@id\":\"https:\\\/\\\/www.rassegnastampa-totustuus.it\\\/cattolica\\\/#\\\/schema\\\/logo\\\/image\\\/\",\"url\":\"https:\\\/\\\/www.rassegnastampa-totustuus.it\\\/cattolica\\\/wp-content\\\/uploads\\\/2014\\\/04\\\/logo-rassegna1.gif\",\"contentUrl\":\"https:\\\/\\\/www.rassegnastampa-totustuus.it\\\/cattolica\\\/wp-content\\\/uploads\\\/2014\\\/04\\\/logo-rassegna1.gif\",\"width\":600,\"height\":163,\"caption\":\"Rassegna Stampa Cattolica\"},\"image\":{\"@id\":\"https:\\\/\\\/www.rassegnastampa-totustuus.it\\\/cattolica\\\/#\\\/schema\\\/logo\\\/image\\\/\"},\"sameAs\":[\"https:\\\/\\\/www.facebook.com\\\/rassegnastampacattolica\",\"https:\\\/\\\/x.com\\\/rassegnastampa9\"]},{\"@type\":\"Person\",\"@id\":\"https:\\\/\\\/www.rassegnastampa-totustuus.it\\\/cattolica\\\/#\\\/schema\\\/person\\\/08f319d2bd1a0904ad9e2bfb7b15e5c3\",\"name\":\"Redazione\",\"image\":{\"@type\":\"ImageObject\",\"inLanguage\":\"it-IT\",\"@id\":\"https:\\\/\\\/secure.gravatar.com\\\/avatar\\\/2fcdf27c78ea025fbdb44e914cc63c72249ffec9dc8aafd5c82b26240ef3f346?s=96&d=mm&r=g\",\"url\":\"https:\\\/\\\/secure.gravatar.com\\\/avatar\\\/2fcdf27c78ea025fbdb44e914cc63c72249ffec9dc8aafd5c82b26240ef3f346?s=96&d=mm&r=g\",\"contentUrl\":\"https:\\\/\\\/secure.gravatar.com\\\/avatar\\\/2fcdf27c78ea025fbdb44e914cc63c72249ffec9dc8aafd5c82b26240ef3f346?s=96&d=mm&r=g\",\"caption\":\"Redazione\"},\"url\":\"https:\\\/\\\/www.rassegnastampa-totustuus.it\\\/cattolica\\\/author\\\/pietroelle\\\/\"}]}<\/script>\n<!-- \/ Yoast SEO plugin. -->","yoast_head_json":{"title":"45\u00b0 Giornata per la Vita, 5 febbraio 2023 - Rassegna Stampa Cattolica","description":"45\u00b0 Giornata per la Vita, 5 febbraio 2023; La morte non \u00e8 mai una soluzione. \u201cDio ha creato tutte le cose perch\u00e9 esistano\"","robots":{"index":"index","follow":"follow","max-snippet":"max-snippet:-1","max-image-preview":"max-image-preview:large","max-video-preview":"max-video-preview:-1"},"canonical":"https:\/\/www.rassegnastampa-totustuus.it\/cattolica\/45-giornata-per-la-vita-5-febbraio-2023\/","og_locale":"it_IT","og_type":"article","og_title":"45\u00b0 Giornata per la Vita, 5 febbraio 2023 - Rassegna Stampa Cattolica","og_description":"45\u00b0 Giornata per la Vita, 5 febbraio 2023; La morte non \u00e8 mai una soluzione. \u201cDio ha creato tutte le cose perch\u00e9 esistano\"","og_url":"https:\/\/www.rassegnastampa-totustuus.it\/cattolica\/45-giornata-per-la-vita-5-febbraio-2023\/","og_site_name":"Rassegna Stampa Cattolica","article_publisher":"https:\/\/www.facebook.com\/rassegnastampacattolica","article_published_time":"2023-02-08T23:00:49+00:00","article_modified_time":"2024-01-28T18:05:04+00:00","og_image":[{"width":275,"height":183,"url":"https:\/\/www.rassegnastampa-totustuus.it\/cattolica\/wp-content\/uploads\/2023\/02\/anziani_compagnia_malattia.jpg","type":"image\/jpeg"}],"author":"Redazione","twitter_card":"summary_large_image","twitter_creator":"@rassegnastampa9","twitter_site":"@rassegnastampa9","twitter_misc":{"Scritto da":"Redazione","Tempo di lettura stimato":"5 minuti"},"schema":{"@context":"https:\/\/schema.org","@graph":[{"@type":"Article","@id":"https:\/\/www.rassegnastampa-totustuus.it\/cattolica\/45-giornata-per-la-vita-5-febbraio-2023\/#article","isPartOf":{"@id":"https:\/\/www.rassegnastampa-totustuus.it\/cattolica\/45-giornata-per-la-vita-5-febbraio-2023\/"},"author":{"name":"Redazione","@id":"https:\/\/www.rassegnastampa-totustuus.it\/cattolica\/#\/schema\/person\/08f319d2bd1a0904ad9e2bfb7b15e5c3"},"headline":"45\u00b0 Giornata per la Vita, 5 febbraio 2023","datePublished":"2023-02-08T23:00:49+00:00","dateModified":"2024-01-28T18:05:04+00:00","mainEntityOfPage":{"@id":"https:\/\/www.rassegnastampa-totustuus.it\/cattolica\/45-giornata-per-la-vita-5-febbraio-2023\/"},"wordCount":589,"publisher":{"@id":"https:\/\/www.rassegnastampa-totustuus.it\/cattolica\/#organization"},"image":{"@id":"https:\/\/www.rassegnastampa-totustuus.it\/cattolica\/45-giornata-per-la-vita-5-febbraio-2023\/#primaryimage"},"thumbnailUrl":"https:\/\/www.rassegnastampa-totustuus.it\/cattolica\/wp-content\/uploads\/2023\/02\/anziani_compagnia_malattia.jpg","keywords":["Aborto","eutanasia","vita"],"articleSection":["Aborto","Eutanasia"],"inLanguage":"it-IT"},{"@type":"WebPage","@id":"https:\/\/www.rassegnastampa-totustuus.it\/cattolica\/45-giornata-per-la-vita-5-febbraio-2023\/","url":"https:\/\/www.rassegnastampa-totustuus.it\/cattolica\/45-giornata-per-la-vita-5-febbraio-2023\/","name":"45\u00b0 Giornata per la Vita, 5 febbraio 2023 - Rassegna Stampa Cattolica","isPartOf":{"@id":"https:\/\/www.rassegnastampa-totustuus.it\/cattolica\/#website"},"primaryImageOfPage":{"@id":"https:\/\/www.rassegnastampa-totustuus.it\/cattolica\/45-giornata-per-la-vita-5-febbraio-2023\/#primaryimage"},"image":{"@id":"https:\/\/www.rassegnastampa-totustuus.it\/cattolica\/45-giornata-per-la-vita-5-febbraio-2023\/#primaryimage"},"thumbnailUrl":"https:\/\/www.rassegnastampa-totustuus.it\/cattolica\/wp-content\/uploads\/2023\/02\/anziani_compagnia_malattia.jpg","datePublished":"2023-02-08T23:00:49+00:00","dateModified":"2024-01-28T18:05:04+00:00","description":"45\u00b0 Giornata per la Vita, 5 febbraio 2023; La morte non \u00e8 mai una soluzione. \u201cDio ha creato tutte le cose perch\u00e9 esistano\"","breadcrumb":{"@id":"https:\/\/www.rassegnastampa-totustuus.it\/cattolica\/45-giornata-per-la-vita-5-febbraio-2023\/#breadcrumb"},"inLanguage":"it-IT","potentialAction":[{"@type":"ReadAction","target":["https:\/\/www.rassegnastampa-totustuus.it\/cattolica\/45-giornata-per-la-vita-5-febbraio-2023\/"]}]},{"@type":"ImageObject","inLanguage":"it-IT","@id":"https:\/\/www.rassegnastampa-totustuus.it\/cattolica\/45-giornata-per-la-vita-5-febbraio-2023\/#primaryimage","url":"https:\/\/www.rassegnastampa-totustuus.it\/cattolica\/wp-content\/uploads\/2023\/02\/anziani_compagnia_malattia.jpg","contentUrl":"https:\/\/www.rassegnastampa-totustuus.it\/cattolica\/wp-content\/uploads\/2023\/02\/anziani_compagnia_malattia.jpg","width":275,"height":183},{"@type":"BreadcrumbList","@id":"https:\/\/www.rassegnastampa-totustuus.it\/cattolica\/45-giornata-per-la-vita-5-febbraio-2023\/#breadcrumb","itemListElement":[{"@type":"ListItem","position":1,"name":"Home","item":"https:\/\/www.rassegnastampa-totustuus.it\/cattolica\/"},{"@type":"ListItem","position":2,"name":"45\u00b0 Giornata per la Vita, 5 febbraio 2023"}]},{"@type":"WebSite","@id":"https:\/\/www.rassegnastampa-totustuus.it\/cattolica\/#website","url":"https:\/\/www.rassegnastampa-totustuus.it\/cattolica\/","name":"Rassegna Stampa Cattolica","description":"Per una cultura che nasce dalla Rivelazione cristiana in conformit\u00e0 alla tradizione e al Magistero della Chiesa in opposizione ad ogni relativismo e totalitarismo","publisher":{"@id":"https:\/\/www.rassegnastampa-totustuus.it\/cattolica\/#organization"},"alternateName":"Rass. Cattolica","potentialAction":[{"@type":"SearchAction","target":{"@type":"EntryPoint","urlTemplate":"https:\/\/www.rassegnastampa-totustuus.it\/cattolica\/?s={search_term_string}"},"query-input":{"@type":"PropertyValueSpecification","valueRequired":true,"valueName":"search_term_string"}}],"inLanguage":"it-IT"},{"@type":"Organization","@id":"https:\/\/www.rassegnastampa-totustuus.it\/cattolica\/#organization","name":"Rassegna Stampa Cattolica","url":"https:\/\/www.rassegnastampa-totustuus.it\/cattolica\/","logo":{"@type":"ImageObject","inLanguage":"it-IT","@id":"https:\/\/www.rassegnastampa-totustuus.it\/cattolica\/#\/schema\/logo\/image\/","url":"https:\/\/www.rassegnastampa-totustuus.it\/cattolica\/wp-content\/uploads\/2014\/04\/logo-rassegna1.gif","contentUrl":"https:\/\/www.rassegnastampa-totustuus.it\/cattolica\/wp-content\/uploads\/2014\/04\/logo-rassegna1.gif","width":600,"height":163,"caption":"Rassegna Stampa Cattolica"},"image":{"@id":"https:\/\/www.rassegnastampa-totustuus.it\/cattolica\/#\/schema\/logo\/image\/"},"sameAs":["https:\/\/www.facebook.com\/rassegnastampacattolica","https:\/\/x.com\/rassegnastampa9"]},{"@type":"Person","@id":"https:\/\/www.rassegnastampa-totustuus.it\/cattolica\/#\/schema\/person\/08f319d2bd1a0904ad9e2bfb7b15e5c3","name":"Redazione","image":{"@type":"ImageObject","inLanguage":"it-IT","@id":"https:\/\/secure.gravatar.com\/avatar\/2fcdf27c78ea025fbdb44e914cc63c72249ffec9dc8aafd5c82b26240ef3f346?s=96&d=mm&r=g","url":"https:\/\/secure.gravatar.com\/avatar\/2fcdf27c78ea025fbdb44e914cc63c72249ffec9dc8aafd5c82b26240ef3f346?s=96&d=mm&r=g","contentUrl":"https:\/\/secure.gravatar.com\/avatar\/2fcdf27c78ea025fbdb44e914cc63c72249ffec9dc8aafd5c82b26240ef3f346?s=96&d=mm&r=g","caption":"Redazione"},"url":"https:\/\/www.rassegnastampa-totustuus.it\/cattolica\/author\/pietroelle\/"}]}},"_links":{"self":[{"href":"https:\/\/www.rassegnastampa-totustuus.it\/cattolica\/wp-json\/wp\/v2\/posts\/55573","targetHints":{"allow":["GET"]}}],"collection":[{"href":"https:\/\/www.rassegnastampa-totustuus.it\/cattolica\/wp-json\/wp\/v2\/posts"}],"about":[{"href":"https:\/\/www.rassegnastampa-totustuus.it\/cattolica\/wp-json\/wp\/v2\/types\/post"}],"author":[{"embeddable":true,"href":"https:\/\/www.rassegnastampa-totustuus.it\/cattolica\/wp-json\/wp\/v2\/users\/6"}],"replies":[{"embeddable":true,"href":"https:\/\/www.rassegnastampa-totustuus.it\/cattolica\/wp-json\/wp\/v2\/comments?post=55573"}],"version-history":[{"count":3,"href":"https:\/\/www.rassegnastampa-totustuus.it\/cattolica\/wp-json\/wp\/v2\/posts\/55573\/revisions"}],"predecessor-version":[{"id":59262,"href":"https:\/\/www.rassegnastampa-totustuus.it\/cattolica\/wp-json\/wp\/v2\/posts\/55573\/revisions\/59262"}],"wp:featuredmedia":[{"embeddable":true,"href":"https:\/\/www.rassegnastampa-totustuus.it\/cattolica\/wp-json\/wp\/v2\/media\/55574"}],"wp:attachment":[{"href":"https:\/\/www.rassegnastampa-totustuus.it\/cattolica\/wp-json\/wp\/v2\/media?parent=55573"}],"wp:term":[{"taxonomy":"category","embeddable":true,"href":"https:\/\/www.rassegnastampa-totustuus.it\/cattolica\/wp-json\/wp\/v2\/categories?post=55573"},{"taxonomy":"post_tag","embeddable":true,"href":"https:\/\/www.rassegnastampa-totustuus.it\/cattolica\/wp-json\/wp\/v2\/tags?post=55573"}],"curies":[{"name":"wp","href":"https:\/\/api.w.org\/{rel}","templated":true}]}}