{"id":55570,"date":"2023-02-09T00:00:47","date_gmt":"2023-02-08T23:00:47","guid":{"rendered":"http:\/\/www.rassegnastampa-totustuus.it\/cattolica\/?p=55570"},"modified":"2024-01-28T19:19:30","modified_gmt":"2024-01-28T18:19:30","slug":"la-premessa-sbagliata-del-liberalismo","status":"publish","type":"post","link":"https:\/\/www.rassegnastampa-totustuus.it\/cattolica\/la-premessa-sbagliata-del-liberalismo\/","title":{"rendered":"La premessa sbagliata del liberalismo"},"content":{"rendered":"<p style=\"text-align: center;\"><span style=\"color: #000000;\"><strong><img loading=\"lazy\" decoding=\"async\" class=\"alignright wp-image-55571 size-medium\" src=\"https:\/\/www.rassegnastampa-totustuus.it\/cattolica\/wp-content\/uploads\/2023\/02\/ghigliottina_rivoluzione_francia-300x215.jpg\" alt=\"la premessa sbagliata del liberalismo\" width=\"300\" height=\"215\" srcset=\"https:\/\/www.rassegnastampa-totustuus.it\/cattolica\/wp-content\/uploads\/2023\/02\/ghigliottina_rivoluzione_francia-300x215.jpg 300w, https:\/\/www.rassegnastampa-totustuus.it\/cattolica\/wp-content\/uploads\/2023\/02\/ghigliottina_rivoluzione_francia.jpg 640w\" sizes=\"auto, (max-width: 300px) 100vw, 300px\" \/><\/strong><\/span><\/p>\n<p style=\"text-align: justify;\"><span style=\"color: #000000;\"><strong>Abstract: <\/strong><em>la premessa sbagliata del liberalismo: le persone dovrebbero fare ci\u00f2 che vogliono, purch\u00e9 non facciano del male a nessun altro. A queste condizioni, tutti gli atti legali, siano essi virt\u00f9 o vizi, sono considerati moralmente neutri ma il post-liberalismo dell&#8217; \u201caccetta-e-convalida\u201d \u00e8 pronto a imporre la sua tirannia su un mondo senza valori.<\/em><\/span><\/p>\n<p><!--more--><\/p>\n<p style=\"text-align: center;\"><span style=\"color: #000000;\"><a href=\"https:\/\/www.atfp.it\/\" target=\"_blank\" rel=\"noopener\"><span style=\"color: #0000ff;\"><strong>Tradizione Famiglia Propriet\u00e0<\/strong>,<\/span> <\/a>newsletter 5 Febbraio 2023\u00a0<\/span><\/p>\n<h3 style=\"text-align: center;\"><span style=\"color: #000000;\">La morte del liberalismo \u201cvivi e lascia vivere&#8221;<\/span><\/h3>\n<p style=\"text-align: center;\"><span style=\"color: #000000;\"> di <strong>John Horvat <\/strong>\u00a0<\/span><\/p>\n<p style=\"text-align: justify;\"><span style=\"color: #000000;\">Una premessa fondamentale (e sbagliata) del liberalismo \u00e8 che le persone dovrebbero fare ci\u00f2 che vogliono, purch\u00e9 non facciano del male a nessun altro. A queste condizioni, tutti gli atti legali, siano essi virt\u00f9 o vizi, sono considerati moralmente neutri: uno ha lo stesso valore di un altro. Il liberalismo pu\u00f2 avere altre manifestazioni economiche e politiche, ma l&#8217;obiettivo finale \u00e8 quello di creare una cultura incentrata sull&#8217;uomo che massimizzi la libert\u00e0 individuale.<\/span><\/p>\n<p style=\"text-align: justify;\"><span style=\"color: #000000;\">Pertanto, una societ\u00e0 liberale lascia che gli individui determinino ci\u00f2 che li rende felici, anche se potrebbe rendere infelici gli altri o rivelarsi autodistruttivo. Se tutti si fanno gli affari propri, sostengono i liberali, tutti staranno meglio. La nazione sar\u00e0 libera di prosperare senza ingombranti vincoli morali. Nelle questioni che richiedono un accordo tra individui in lite, la democrazia liberale ha stabilito un consenso basato sulla regola della maggioranza per portare una sorta di ordine nella societ\u00e0. Questo liberalismo del &#8220;vivi e lascia vivere&#8221;, incentrato sulla massimizzazione della libert\u00e0 individuale, ha dominato la societ\u00e0 americana per decenni.<\/span><\/p>\n<h4 style=\"text-align: center;\"><span style=\"color: #000000;\"><strong>Il liberalismo crea tensioni<\/strong><\/span><\/h4>\n<p style=\"text-align: justify;\"><span style=\"color: #000000;\">Dire che questo sistema ha funzionato bene nel corso degli anni \u00e8 un&#8217;esagerazione. D\u00e0 l&#8217;impressione di un consenso pacifico in cui tutti vanno d&#8217;accordo. Non \u00e8 cos\u00ec. Sotto la superficie, questo marchio di liberalismo crea tensioni sociali e discordia quando la realt\u00e0 non corrisponde al suo ideale utopico.<\/span><\/p>\n<p style=\"text-align: justify;\"><span style=\"color: #000000;\"><img loading=\"lazy\" decoding=\"async\" class=\"size-medium wp-image-46561 alignright\" src=\"https:\/\/www.rassegnastampa-totustuus.it\/cattolica\/wp-content\/uploads\/2020\/03\/liberalismo-300x166.jpg\" alt=\"\" width=\"300\" height=\"166\" srcset=\"https:\/\/www.rassegnastampa-totustuus.it\/cattolica\/wp-content\/uploads\/2020\/03\/liberalismo-300x166.jpg 300w, https:\/\/www.rassegnastampa-totustuus.it\/cattolica\/wp-content\/uploads\/2020\/03\/liberalismo.jpg 302w\" sizes=\"auto, (max-width: 300px) 100vw, 300px\" \/>Quando la societ\u00e0 decade a causa di questa etica del <em>tutto va bene<\/em>, le persone contestano la neutralit\u00e0 morale degli atti e mettono in discussione la gratificazione delle passioni come fattore determinante della felicit\u00e0. Di conseguenza, questo sistema tende gradualmente a polarizzare la nazione. Lo scontro ha causato la guerra culturale che ancora oggi infuria in America.<\/span><\/p>\n<p style=\"text-align: justify;\"><span style=\"color: #000000;\">Ad esempio, i liberali hanno cercato di far passare l&#8217;aborto come un&#8217;opzione &#8220;vivi e lascia vivere&#8221;. A chi si opponeva a questa barbara pratica veniva consigliato di accontentarsi di non praticarlo. Tuttavia, i pro-vita hanno contestato la neutralit\u00e0 dell&#8217;atto di procurare un aborto. Hanno dichiarato che \u00e8 moralmente sbagliato, il che ha portato alla vittoria di Dobbs <em>(ndr. recente sentenza della Corte Suprema che ne annulla una anteriore pro-aborto)<\/em> e all&#8217;attuale impasse illiberale.<\/span><\/p>\n<h4 style=\"text-align: center;\"><span style=\"color: #000000;\"><strong>I limiti del liberalismo &#8220;vivi e lascia vivere\u201d<\/strong><\/span><\/h4>\n<p style=\"text-align: justify;\"><span style=\"color: #000000;\">Nonostante le tensioni, il grande successo del liberalismo &#8220;vivi e lascia vivere&#8221; \u00e8 la sua capacit\u00e0 di trasformare qualsiasi vizio in un&#8217;espressione di libert\u00e0 e qualsiasi virt\u00f9 in una costrizione opprimente. Inoltre, un tale liberalismo ha permesso alla societ\u00e0 di scivolare gradualmente verso la decadenza senza sopprimere completamente la virt\u00f9.<\/span><\/p>\n<p style=\"text-align: justify;\"><span style=\"color: #000000;\">Tuttavia, questo metodo graduale di portare avanti l&#8217;agenda liberale ha i suoi limiti. La morale cristiana ereditata teneva a freno molti eccessi proposti dal liberalismo. Inoltre, l&#8217;enfasi del sistema sulla libert\u00e0 individuale permette ancora alle persone di non essere d&#8217;accordo con gli altri, di rifiutare pratiche personalmente ritenute malvagie e persino di agire contro aberrazioni che ritengono dannose per la societ\u00e0. Alcuni peccati pi\u00f9 radicali, pur essendo ammessi privatamente, rimangono nascosti, stigmatizzati e separati dalla corrente principale.<\/span><\/p>\n<p style=\"text-align: justify;\"><span style=\"color: #000000;\">Cos\u00ec, il liberalismo del &#8220;vivi e lascia vivere&#8221; \u00e8 ora un ostacolo per l&#8217;emergente societ\u00e0 post-liberale. Le passioni sfrenate che il liberalismo ha scatenato richiedono ora una liberazione totale e la distruzione di qualsiasi morale cristiana del passato che si frapponga.<\/span><\/p>\n<h4 style=\"text-align: center;\"><span style=\"color: #000000;\"><strong>I<\/strong><\/span><span style=\"color: #000000;\"><strong>l post-liberalismo<\/strong><\/span><\/h4>\n<p style=\"text-align: justify;\"><span style=\"color: #000000;\"><img loading=\"lazy\" decoding=\"async\" class=\"alignright wp-image-47494 size-medium\" src=\"https:\/\/www.rassegnastampa-totustuus.it\/cattolica\/wp-content\/uploads\/2020\/06\/omofobia_libert\u00e0-300x200.jpeg\" alt=\"il liberalismo \u00e8 morente, sta per essere sostituito dal post-liberalismo\" width=\"300\" height=\"200\" srcset=\"https:\/\/www.rassegnastampa-totustuus.it\/cattolica\/wp-content\/uploads\/2020\/06\/omofobia_libert\u00e0-300x200.jpeg 300w, https:\/\/www.rassegnastampa-totustuus.it\/cattolica\/wp-content\/uploads\/2020\/06\/omofobia_libert\u00e0-768x512.jpeg 768w, https:\/\/www.rassegnastampa-totustuus.it\/cattolica\/wp-content\/uploads\/2020\/06\/omofobia_libert\u00e0-1024x682.jpeg 1024w, https:\/\/www.rassegnastampa-totustuus.it\/cattolica\/wp-content\/uploads\/2020\/06\/omofobia_libert\u00e0.jpeg 1600w\" sizes=\"auto, (max-width: 300px) 100vw, 300px\" \/>Questa nuova societ\u00e0 post-liberale sfida le strutture sociali, le convenzioni e le narrazioni del vecchio liberalismo e non tollera pi\u00f9 un&#8217;opposizione importante. Una sua tattica consiste nel trasformare la scelta personale nel valore supremo rispetto a tutti gli altri. Chiunque si opponga a ci\u00f2 che <em>viene scelto<\/em> \u00e8 accusato di essere <em>contro tutte le scelte<\/em> in generale.<\/span><\/p>\n<p style=\"text-align: justify;\"><span style=\"color: #000000;\">Questa posizione richiede che tutte le scelte personali siano ufficialmente riconosciute anche se offendono gli altri, causano danni agli individui o sono sostenute da una minuscola minoranza. A ogni scelta errata deve essere concessa la cittadinanza immediata nello spazio pubblico&#8230; e anche nella scuola pubblica.<\/span><\/p>\n<p style=\"text-align: justify;\"><span style=\"color: #000000;\">Fare della scelta personale il valore supremo, come se fosse un totem, costringe all&#8217;accettazione immediata di scelte inaccettabili che distruggono la Chiesa, la societ\u00e0 e la famiglia. Anzi, permette all&#8217;altra parte di inquadrare il dibattito e di scegliere il campo di battaglia. Segna un cambiamento politico significativo.<\/span><\/p>\n<h4 style=\"text-align: center;\"><span style=\"color: #000000;\"><strong>Accettare e convalidare<\/strong><\/span><\/h4>\n<p style=\"text-align: justify;\"><span style=\"color: #000000;\">Cos\u00ec, gli attivisti post-liberali non permettono pi\u00f9 il liberalismo del &#8220;vivi e lascia vivere&#8221;, poich\u00e9 esso ostacola ancora la totale liberazione dell&#8217;individuo dal momento che il vecchio liberalismo insiste sulla necessit\u00e0 di strutture come la logica, l&#8217;identit\u00e0 e la sessualit\u00e0. Il post-liberalismo non pu\u00f2 nemmeno &#8220;lasciar vivere&#8221; forme di moralit\u00e0 che si scontrano con la sua frenetica intemperanza.<\/span><\/p>\n<p style=\"text-align: justify;\"><span style=\"color: #000000;\">Perci\u00f2 il liberalismo del &#8220;vivi e lascia vivere&#8221; viene sostituito dal post-liberalismo dell&#8217; &#8220;accetta e convalida&#8221;. I post-liberali sostengono che tutte le scelte, anche quelle sbagliate, devono essere non solo tollerate ma anche convalidate. Qualsiasi opposizione costituisce una negazione dell&#8217;uguaglianza e deve essere condannata come odiosa, offensiva, discriminatoria, bigotta.<\/span><\/p>\n<p style=\"text-align: justify;\"><span style=\"color: #000000;\">In questo senso, la parola &#8220;democrazia&#8221; viene sequestrata per indicare un regime di scelte sempre pi\u00f9 ampie, in cui una sola persona pu\u00f2 governare sulla maggioranza, purch\u00e9 favorisca l\u2019agenda di sinistra.<\/span><\/p>\n<h4 style=\"text-align: center;\"><span style=\"color: #000000;\"><strong>Esempi di nuova tirannia<\/strong><\/span><\/h4>\n<p style=\"text-align: justify;\"><span style=\"color: #000000;\">Gli esempi di post-liberalismo dell&#8217; \u201caccetta-e-convalida\u201d abbondano e ora dominano la scena della guerra culturale. L&#8217;obiettivo \u00e8 sopprimere quel poco che resta dell&#8217;opposizione cristiana. Coloro che sono posseduti da una mentalit\u00e0 accomodante \u201calla David French\u201d (1) saranno spazzati via, anche se cercano di placare l&#8217;opposizione con concessioni.<\/span><\/p>\n<p style=\"text-align: justify;\"><span style=\"color: #000000;\">Un esempio del nuovo paradigma \u00e8 la tirannia dei pronomi. Non basta pi\u00f9 che gli individui si auto-ingannino negando la propria identit\u00e0 sessuale di nascita. Tutti devono convalidare queste scelte errate con i pronomi sbagliati o affrontare licenziamenti, multe o azioni legali. Non importa se un singolo individuo o un&#8217;intera comunit\u00e0 ha problemi di coscienza nell&#8217;usare questi termini. La &#8220;democrazia&#8221; di uno solo deve prevalere su tutti.<\/span><\/p>\n<p style=\"text-align: justify;\"><span style=\"color: #000000;\"><img loading=\"lazy\" decoding=\"async\" class=\"size-full wp-image-54525 alignleft\" src=\"https:\/\/www.rassegnastampa-totustuus.it\/cattolica\/wp-content\/uploads\/2022\/07\/gender_drag_queen_Lgbt-1.jpg\" alt=\"\" width=\"259\" height=\"194\" \/>La pandemia di <em>Drag Queen Story Hours<\/em> (2) in tutto il mondo sta imponendo alla popolazione l&#8217;accettazione dell&#8217;agenda LGBTQ+. Non basta che gli uomini si vestano da donne sgargianti per terrorizzare i bambini; devono essere obbligati a farlo nelle biblioteche e nelle scuole. Devono avere una piattaforma uguale per indottrinare i bambini con le loro storie moralmente distorte. I genitori che protestano devono essere cancellati e diffamati.<\/span><\/p>\n<p style=\"text-align: justify;\"><span style=\"color: #000000;\">Al circolo doposcuola satanista devono essere concessi gli stessi diritti del circolo doposcuola cristiano, nonostante l&#8217;opposizione della maggior parte dei contribuenti. Basta che un satanista si presenti al consiglio scolastico chiedendo parit\u00e0 di accesso agli studenti, e tutti devono inchinarsi davanti all&#8217;idolo di quella scelta, rappresentata da Satana.<\/span><\/p>\n<p style=\"text-align: justify;\"><span style=\"color: #000000;\"><img loading=\"lazy\" decoding=\"async\" class=\"wp-image-50477 alignright\" src=\"https:\/\/www.rassegnastampa-totustuus.it\/cattolica\/wp-content\/uploads\/2021\/04\/Woke_usa_blak_live.jpg\" alt=\"\" width=\"142\" height=\"171\" \/>Allo stesso modo, agende come la <em>Teoria Critica della Razza<\/em> e <em>l&#8217;Ideologia di Genere <\/em>si fanno strada nella societ\u00e0 e nelle scuole chiedendo non solo di essere accettate, ma anche di essere convalidate. Nessuna scelta pu\u00f2 essere negata in quanto sbagliata o malvagia, poich\u00e9 tutte sono considerate uguali.<\/span><\/p>\n<h4 style=\"text-align: center;\"><span style=\"color: #000000;\"><strong>Una conseguenza naturale<\/strong><\/span><\/h4>\n<p style=\"text-align: justify;\"><span style=\"color: #000000;\">Il post-liberalismo che &#8220;accetta e convalida&#8221; \u00e8 una conseguenza naturale del liberalismo del &#8220;vivi e lascia vivere&#8221;. Il libero regno delle passioni in un regime liberale accomodante porter\u00e0 prima o poi a una rivolta contro ogni freno, autorit\u00e0 o disuguaglianza.<\/span><\/p>\n<p style=\"text-align: justify;\"><span style=\"color: #000000;\"><img loading=\"lazy\" decoding=\"async\" class=\"size-full wp-image-35526 alignleft\" src=\"https:\/\/www.rassegnastampa-totustuus.it\/cattolica\/wp-content\/uploads\/2010\/12\/Cristo.jpg\" alt=\"\" width=\"188\" height=\"267\" \/>La societ\u00e0 post-liberale tocca il suo fondo quando non pu\u00f2 pi\u00f9 convivere con alcun fondamento della morale cristiana. Alla fine, anche la minima usanza, gesto, tradizione o censura cristiana &#8211; che sia una toilette, una torta nuziale, una bandiera o un pronome &#8211; diventa insopportabile. Gli attivisti post-liberali insistono allora per sopprimere queste pratiche &#8220;offensive&#8221; e chiedono di porre fine alla pretesa autorit\u00e0 morale del cristianesimo. I promotori radicali del post-liberalismo non si fanno scrupoli a impiegare senza piet\u00e0 tutta la forza della legge per imporre la &#8220;scelta&#8221;. Implementeranno la &#8220;democrazia&#8221; per assicurare che una minoranza immorale possa governare.<\/span><\/p>\n<h4 style=\"text-align: center;\"><span style=\"color: #000000;\"><strong>Combattere le false premesse del liberalismo<\/strong><\/span><\/h4>\n<p style=\"text-align: justify;\"><span style=\"color: #000000;\">Il liberalismo \u00e8 oggi in crisi perch\u00e9 la sua posizione accomodante che tratta alla stessa stregua il bene e il male ha raggiunto la sua inevitabile e assurda conseguenza: il trionfo del male. Il modo per combattere il post-liberalismo dell&#8217; \u201caccetta-e-convalida\u201d \u00e8 negare le sue false premesse liberali. Il processo \u00e8 talmente avanzato che non si pu\u00f2 tornare a un&#8217;alternativa liberale classica.<\/span><\/p>\n<p style=\"text-align: justify;\"><span style=\"color: #000000;\"><img loading=\"lazy\" decoding=\"async\" class=\" wp-image-35130 alignright\" src=\"https:\/\/www.rassegnastampa-totustuus.it\/cattolica\/wp-content\/uploads\/2005\/05\/bene_male-1.jpg\" alt=\"\" width=\"305\" height=\"231\" \/>Pertanto, la premessa della neutralit\u00e0 morale degli atti \u00e8 falsa. Il bene e il male oggettivi esistono. Secondo i dettami della (tanto negata) legge naturale, &#8220;il bene va fatto e perseguito, il male va evitato&#8221;. Questa legge \u00e8 valida per tutti i tempi, per tutte le persone e ovunque. Virt\u00f9 e vizio non possono mai essere uguagliati. Satana \u00e8 il male e deve essere rifiutato Le persone devono esprimere giudizi morali sulle proprie azioni tenendo conto della legge di Dio, se si vuole che la societ\u00e0 funzioni bene.<\/span><\/p>\n<p style=\"text-align: justify;\"><span style=\"color: #000000;\">Allo stesso modo, il diritto alla scelta non deve essere strumentalizzato. Una scelta \u00e8 un mezzo e non un fine. Ci sono scelte buone e scelte cattive. La vera libert\u00e0 positiva consiste nello scegliere le cose secondo la natura umana e nell&#8217;evitare il contrario. Non si pu\u00f2 mai convalidare il peccato e l&#8217;errore.<\/span><\/p>\n<p style=\"text-align: justify;\"><span style=\"color: #000000;\">Adottare questa strategia non \u00e8 pi\u00f9 un&#8217;opzione, ma una necessit\u00e0, poich\u00e9 i post-liberali radicali impongono questo diritto assoluto alla scelta libera a coloro che sono ancora fedeli alla morale cristiana. Tuttavia, non basta opporsi alle premesse.<\/span><\/p>\n<h4 style=\"text-align: center;\"><span style=\"color: #000000;\"><strong>Il bersaglio \u00e8 la Chiesa<\/strong><\/span><\/h4>\n<p style=\"text-align: justify;\"><span style=\"color: #000000;\"><img loading=\"lazy\" decoding=\"async\" class=\" wp-image-42498 alignleft\" src=\"https:\/\/www.rassegnastampa-totustuus.it\/cattolica\/wp-content\/uploads\/2019\/03\/piazza_san_pietro_Roma-300x200.jpg\" alt=\"\" width=\"333\" height=\"222\" srcset=\"https:\/\/www.rassegnastampa-totustuus.it\/cattolica\/wp-content\/uploads\/2019\/03\/piazza_san_pietro_Roma-300x200.jpg 300w, https:\/\/www.rassegnastampa-totustuus.it\/cattolica\/wp-content\/uploads\/2019\/03\/piazza_san_pietro_Roma-768x513.jpg 768w, https:\/\/www.rassegnastampa-totustuus.it\/cattolica\/wp-content\/uploads\/2019\/03\/piazza_san_pietro_Roma-1024x684.jpg 1024w, https:\/\/www.rassegnastampa-totustuus.it\/cattolica\/wp-content\/uploads\/2019\/03\/piazza_san_pietro_Roma.jpg 1200w\" sizes=\"auto, (max-width: 333px) 100vw, 333px\" \/>Il bersaglio finale del liberalismo \u00e8 sempre stata la Chiesa cattolica. Le grandi battaglie dei liberali del XIX secolo contro la Chiesa hanno cercato di cambiare una societ\u00e0 incentrata su Dio con una incentrata sull&#8217;uomo. I liberali promuovevano un ordine naturalistico, materialistico e secolare che riguardava la vita intellettuale, religiosa, politica ed economica. Cercavano l&#8217;emancipazione dall&#8217;ordine soprannaturale, morale e divino della Chiesa.<\/span><\/p>\n<p style=\"text-align: justify;\"><span style=\"color: #000000;\">Il liberalismo del &#8220;vivi e lascia vivere&#8221; \u00e8 morente. Il post-liberalismo dell&#8217; \u201caccetta-e-convalida\u201d \u00e8 pronto a imporre la sua tirannia su un mondo senza valori. La preoccupazione principale di coloro che sono impegnati nella lotta dovrebbe essere quella di abbracciare questo ordine soprannaturale, morale e divino a cui anelano tante delle persone postmoderne.<\/span><\/p>\n<h4 style=\"text-align: justify;\"><span style=\"color: #000000;\"><strong>Note<\/strong><\/span><\/h4>\n<p style=\"text-align: justify;\"><span style=\"color: #000000;\"><strong>1)<\/strong> David French \u00e8 un famoso opinionista americano, che dopo avere criticato pubblicamente le scelte legali pro-LGBT ha avuto un cambio di opinione motivato dalle sue convinzioni \u201clibertarie\u201d.<\/span><\/p>\n<p style=\"text-align: justify;\"><span style=\"color: #000000;\"><strong>2)<\/strong> Si tratta di lezioni di storia impartite ai bambini da \u201cdrag-queen\u201d, soggetti travestiti e\/o transgender.<\/span><\/p>\n<p>______________________________________<\/p>\n<p><span style=\"color: #000000;\"><strong>Sul liberalismo:<\/strong><\/span><\/p>\n<p><a href=\"https:\/\/www.rassegnastampa-totustuus.it\/cattolica\/di-fronte-al-collasso-del-liberalismo-dove-cercare-soluzioni\/\" target=\"_blank\" rel=\"noopener\"><span style=\"color: #0000ff;\">Di fronte al collasso del liberalismo, dove cercare soluzioni?<\/span><\/a><\/p>\n","protected":false},"excerpt":{"rendered":"<p>Abstract: la premessa sbagliata del liberalismo: le persone dovrebbero fare ci\u00f2 che vogliono, purch\u00e9 non facciano del male a nessun altro. A queste condizioni, tutti gli atti legali, siano essi virt\u00f9 o vizi, sono considerati moralmente neutri ma il post-liberalismo dell&#8217; \u201caccetta-e-convalida\u201d \u00e8 pronto a imporre la sua tirannia su un mondo senza valori.<\/p><p><a class=\"more-link btn\" href=\"https:\/\/www.rassegnastampa-totustuus.it\/cattolica\/la-premessa-sbagliata-del-liberalismo\/\">Continua a leggere<\/a><\/p>\n","protected":false},"author":6,"featured_media":55571,"comment_status":"closed","ping_status":"closed","sticky":false,"template":"","format":"standard","meta":{"footnotes":""},"categories":[53,25],"tags":[447,235,558],"class_list":["post-55570","post","type-post","status-publish","format-standard","has-post-thumbnail","hentry","category-politica","category-sguardo-sul-nostro-tempo","tag-liberismo","tag-politica-2","tag-sguardo-sul-nostro-tempo-2","item-wrap"],"yoast_head":"<!-- This site is optimized with the Yoast SEO plugin v27.5 - https:\/\/yoast.com\/product\/yoast-seo-wordpress\/ -->\n<title>La premessa sbagliata del liberalismo - Rassegna Stampa Cattolica<\/title>\n<meta name=\"description\" content=\"La premessa sbagliata del liberalismo: vivi e lascia vivere, ma il post-liberalismo \u00e8 pronto a imporre la sua tirannia\" \/>\n<meta name=\"robots\" content=\"index, follow, max-snippet:-1, max-image-preview:large, max-video-preview:-1\" \/>\n<link rel=\"canonical\" href=\"https:\/\/www.rassegnastampa-totustuus.it\/cattolica\/la-premessa-sbagliata-del-liberalismo\/\" \/>\n<meta property=\"og:locale\" content=\"it_IT\" \/>\n<meta property=\"og:type\" content=\"article\" \/>\n<meta property=\"og:title\" content=\"La premessa sbagliata del liberalismo - Rassegna Stampa Cattolica\" \/>\n<meta property=\"og:description\" content=\"La premessa sbagliata del liberalismo: vivi e lascia vivere, ma il post-liberalismo \u00e8 pronto a imporre la sua tirannia\" \/>\n<meta property=\"og:url\" content=\"https:\/\/www.rassegnastampa-totustuus.it\/cattolica\/la-premessa-sbagliata-del-liberalismo\/\" \/>\n<meta property=\"og:site_name\" content=\"Rassegna Stampa Cattolica\" \/>\n<meta property=\"article:publisher\" content=\"https:\/\/www.facebook.com\/rassegnastampacattolica\" \/>\n<meta property=\"article:published_time\" content=\"2023-02-08T23:00:47+00:00\" \/>\n<meta property=\"article:modified_time\" content=\"2024-01-28T18:19:30+00:00\" \/>\n<meta property=\"og:image\" content=\"https:\/\/www.rassegnastampa-totustuus.it\/cattolica\/wp-content\/uploads\/2023\/02\/ghigliottina_rivoluzione_francia.jpg\" \/>\n\t<meta property=\"og:image:width\" content=\"640\" \/>\n\t<meta property=\"og:image:height\" content=\"459\" \/>\n\t<meta property=\"og:image:type\" content=\"image\/jpeg\" \/>\n<meta name=\"author\" content=\"Redazione\" \/>\n<meta name=\"twitter:card\" content=\"summary_large_image\" \/>\n<meta name=\"twitter:creator\" content=\"@rassegnastampa9\" \/>\n<meta name=\"twitter:site\" content=\"@rassegnastampa9\" \/>\n<meta name=\"twitter:label1\" content=\"Scritto da\" \/>\n\t<meta name=\"twitter:data1\" content=\"Redazione\" \/>\n\t<meta name=\"twitter:label2\" content=\"Tempo di lettura stimato\" \/>\n\t<meta name=\"twitter:data2\" content=\"12 minuti\" \/>\n<script type=\"application\/ld+json\" class=\"yoast-schema-graph\">{\"@context\":\"https:\\\/\\\/schema.org\",\"@graph\":[{\"@type\":\"Article\",\"@id\":\"https:\\\/\\\/www.rassegnastampa-totustuus.it\\\/cattolica\\\/la-premessa-sbagliata-del-liberalismo\\\/#article\",\"isPartOf\":{\"@id\":\"https:\\\/\\\/www.rassegnastampa-totustuus.it\\\/cattolica\\\/la-premessa-sbagliata-del-liberalismo\\\/\"},\"author\":{\"name\":\"Redazione\",\"@id\":\"https:\\\/\\\/www.rassegnastampa-totustuus.it\\\/cattolica\\\/#\\\/schema\\\/person\\\/08f319d2bd1a0904ad9e2bfb7b15e5c3\"},\"headline\":\"La premessa sbagliata del liberalismo\",\"datePublished\":\"2023-02-08T23:00:47+00:00\",\"dateModified\":\"2024-01-28T18:19:30+00:00\",\"mainEntityOfPage\":{\"@id\":\"https:\\\/\\\/www.rassegnastampa-totustuus.it\\\/cattolica\\\/la-premessa-sbagliata-del-liberalismo\\\/\"},\"wordCount\":1750,\"publisher\":{\"@id\":\"https:\\\/\\\/www.rassegnastampa-totustuus.it\\\/cattolica\\\/#organization\"},\"image\":{\"@id\":\"https:\\\/\\\/www.rassegnastampa-totustuus.it\\\/cattolica\\\/la-premessa-sbagliata-del-liberalismo\\\/#primaryimage\"},\"thumbnailUrl\":\"https:\\\/\\\/www.rassegnastampa-totustuus.it\\\/cattolica\\\/wp-content\\\/uploads\\\/2023\\\/02\\\/ghigliottina_rivoluzione_francia.jpg\",\"keywords\":[\"liberismo\",\"politica\",\"sguardo sul nostro tempo\"],\"articleSection\":[\"Politica\",\"Sguardo sul nostro tempo\"],\"inLanguage\":\"it-IT\"},{\"@type\":\"WebPage\",\"@id\":\"https:\\\/\\\/www.rassegnastampa-totustuus.it\\\/cattolica\\\/la-premessa-sbagliata-del-liberalismo\\\/\",\"url\":\"https:\\\/\\\/www.rassegnastampa-totustuus.it\\\/cattolica\\\/la-premessa-sbagliata-del-liberalismo\\\/\",\"name\":\"La premessa sbagliata del liberalismo - Rassegna Stampa Cattolica\",\"isPartOf\":{\"@id\":\"https:\\\/\\\/www.rassegnastampa-totustuus.it\\\/cattolica\\\/#website\"},\"primaryImageOfPage\":{\"@id\":\"https:\\\/\\\/www.rassegnastampa-totustuus.it\\\/cattolica\\\/la-premessa-sbagliata-del-liberalismo\\\/#primaryimage\"},\"image\":{\"@id\":\"https:\\\/\\\/www.rassegnastampa-totustuus.it\\\/cattolica\\\/la-premessa-sbagliata-del-liberalismo\\\/#primaryimage\"},\"thumbnailUrl\":\"https:\\\/\\\/www.rassegnastampa-totustuus.it\\\/cattolica\\\/wp-content\\\/uploads\\\/2023\\\/02\\\/ghigliottina_rivoluzione_francia.jpg\",\"datePublished\":\"2023-02-08T23:00:47+00:00\",\"dateModified\":\"2024-01-28T18:19:30+00:00\",\"description\":\"La premessa sbagliata del liberalismo: vivi e lascia vivere, ma il post-liberalismo \u00e8 pronto a imporre la sua tirannia\",\"breadcrumb\":{\"@id\":\"https:\\\/\\\/www.rassegnastampa-totustuus.it\\\/cattolica\\\/la-premessa-sbagliata-del-liberalismo\\\/#breadcrumb\"},\"inLanguage\":\"it-IT\",\"potentialAction\":[{\"@type\":\"ReadAction\",\"target\":[\"https:\\\/\\\/www.rassegnastampa-totustuus.it\\\/cattolica\\\/la-premessa-sbagliata-del-liberalismo\\\/\"]}]},{\"@type\":\"ImageObject\",\"inLanguage\":\"it-IT\",\"@id\":\"https:\\\/\\\/www.rassegnastampa-totustuus.it\\\/cattolica\\\/la-premessa-sbagliata-del-liberalismo\\\/#primaryimage\",\"url\":\"https:\\\/\\\/www.rassegnastampa-totustuus.it\\\/cattolica\\\/wp-content\\\/uploads\\\/2023\\\/02\\\/ghigliottina_rivoluzione_francia.jpg\",\"contentUrl\":\"https:\\\/\\\/www.rassegnastampa-totustuus.it\\\/cattolica\\\/wp-content\\\/uploads\\\/2023\\\/02\\\/ghigliottina_rivoluzione_francia.jpg\",\"width\":640,\"height\":459},{\"@type\":\"BreadcrumbList\",\"@id\":\"https:\\\/\\\/www.rassegnastampa-totustuus.it\\\/cattolica\\\/la-premessa-sbagliata-del-liberalismo\\\/#breadcrumb\",\"itemListElement\":[{\"@type\":\"ListItem\",\"position\":1,\"name\":\"Home\",\"item\":\"https:\\\/\\\/www.rassegnastampa-totustuus.it\\\/cattolica\\\/\"},{\"@type\":\"ListItem\",\"position\":2,\"name\":\"La premessa sbagliata del liberalismo\"}]},{\"@type\":\"WebSite\",\"@id\":\"https:\\\/\\\/www.rassegnastampa-totustuus.it\\\/cattolica\\\/#website\",\"url\":\"https:\\\/\\\/www.rassegnastampa-totustuus.it\\\/cattolica\\\/\",\"name\":\"Rassegna Stampa Cattolica\",\"description\":\"Per una cultura che nasce dalla Rivelazione cristiana in conformit\u00e0 alla tradizione e al Magistero della Chiesa in opposizione ad ogni relativismo e totalitarismo\",\"publisher\":{\"@id\":\"https:\\\/\\\/www.rassegnastampa-totustuus.it\\\/cattolica\\\/#organization\"},\"alternateName\":\"Rass. Cattolica\",\"potentialAction\":[{\"@type\":\"SearchAction\",\"target\":{\"@type\":\"EntryPoint\",\"urlTemplate\":\"https:\\\/\\\/www.rassegnastampa-totustuus.it\\\/cattolica\\\/?s={search_term_string}\"},\"query-input\":{\"@type\":\"PropertyValueSpecification\",\"valueRequired\":true,\"valueName\":\"search_term_string\"}}],\"inLanguage\":\"it-IT\"},{\"@type\":\"Organization\",\"@id\":\"https:\\\/\\\/www.rassegnastampa-totustuus.it\\\/cattolica\\\/#organization\",\"name\":\"Rassegna Stampa Cattolica\",\"url\":\"https:\\\/\\\/www.rassegnastampa-totustuus.it\\\/cattolica\\\/\",\"logo\":{\"@type\":\"ImageObject\",\"inLanguage\":\"it-IT\",\"@id\":\"https:\\\/\\\/www.rassegnastampa-totustuus.it\\\/cattolica\\\/#\\\/schema\\\/logo\\\/image\\\/\",\"url\":\"https:\\\/\\\/www.rassegnastampa-totustuus.it\\\/cattolica\\\/wp-content\\\/uploads\\\/2014\\\/04\\\/logo-rassegna1.gif\",\"contentUrl\":\"https:\\\/\\\/www.rassegnastampa-totustuus.it\\\/cattolica\\\/wp-content\\\/uploads\\\/2014\\\/04\\\/logo-rassegna1.gif\",\"width\":600,\"height\":163,\"caption\":\"Rassegna Stampa Cattolica\"},\"image\":{\"@id\":\"https:\\\/\\\/www.rassegnastampa-totustuus.it\\\/cattolica\\\/#\\\/schema\\\/logo\\\/image\\\/\"},\"sameAs\":[\"https:\\\/\\\/www.facebook.com\\\/rassegnastampacattolica\",\"https:\\\/\\\/x.com\\\/rassegnastampa9\"]},{\"@type\":\"Person\",\"@id\":\"https:\\\/\\\/www.rassegnastampa-totustuus.it\\\/cattolica\\\/#\\\/schema\\\/person\\\/08f319d2bd1a0904ad9e2bfb7b15e5c3\",\"name\":\"Redazione\",\"image\":{\"@type\":\"ImageObject\",\"inLanguage\":\"it-IT\",\"@id\":\"https:\\\/\\\/secure.gravatar.com\\\/avatar\\\/2fcdf27c78ea025fbdb44e914cc63c72249ffec9dc8aafd5c82b26240ef3f346?s=96&d=mm&r=g\",\"url\":\"https:\\\/\\\/secure.gravatar.com\\\/avatar\\\/2fcdf27c78ea025fbdb44e914cc63c72249ffec9dc8aafd5c82b26240ef3f346?s=96&d=mm&r=g\",\"contentUrl\":\"https:\\\/\\\/secure.gravatar.com\\\/avatar\\\/2fcdf27c78ea025fbdb44e914cc63c72249ffec9dc8aafd5c82b26240ef3f346?s=96&d=mm&r=g\",\"caption\":\"Redazione\"},\"url\":\"https:\\\/\\\/www.rassegnastampa-totustuus.it\\\/cattolica\\\/author\\\/pietroelle\\\/\"}]}<\/script>\n<!-- \/ Yoast SEO plugin. -->","yoast_head_json":{"title":"La premessa sbagliata del liberalismo - Rassegna Stampa Cattolica","description":"La premessa sbagliata del liberalismo: vivi e lascia vivere, ma il post-liberalismo \u00e8 pronto a imporre la sua tirannia","robots":{"index":"index","follow":"follow","max-snippet":"max-snippet:-1","max-image-preview":"max-image-preview:large","max-video-preview":"max-video-preview:-1"},"canonical":"https:\/\/www.rassegnastampa-totustuus.it\/cattolica\/la-premessa-sbagliata-del-liberalismo\/","og_locale":"it_IT","og_type":"article","og_title":"La premessa sbagliata del liberalismo - Rassegna Stampa Cattolica","og_description":"La premessa sbagliata del liberalismo: vivi e lascia vivere, ma il post-liberalismo \u00e8 pronto a imporre la sua tirannia","og_url":"https:\/\/www.rassegnastampa-totustuus.it\/cattolica\/la-premessa-sbagliata-del-liberalismo\/","og_site_name":"Rassegna Stampa Cattolica","article_publisher":"https:\/\/www.facebook.com\/rassegnastampacattolica","article_published_time":"2023-02-08T23:00:47+00:00","article_modified_time":"2024-01-28T18:19:30+00:00","og_image":[{"width":640,"height":459,"url":"https:\/\/www.rassegnastampa-totustuus.it\/cattolica\/wp-content\/uploads\/2023\/02\/ghigliottina_rivoluzione_francia.jpg","type":"image\/jpeg"}],"author":"Redazione","twitter_card":"summary_large_image","twitter_creator":"@rassegnastampa9","twitter_site":"@rassegnastampa9","twitter_misc":{"Scritto da":"Redazione","Tempo di lettura stimato":"12 minuti"},"schema":{"@context":"https:\/\/schema.org","@graph":[{"@type":"Article","@id":"https:\/\/www.rassegnastampa-totustuus.it\/cattolica\/la-premessa-sbagliata-del-liberalismo\/#article","isPartOf":{"@id":"https:\/\/www.rassegnastampa-totustuus.it\/cattolica\/la-premessa-sbagliata-del-liberalismo\/"},"author":{"name":"Redazione","@id":"https:\/\/www.rassegnastampa-totustuus.it\/cattolica\/#\/schema\/person\/08f319d2bd1a0904ad9e2bfb7b15e5c3"},"headline":"La premessa sbagliata del liberalismo","datePublished":"2023-02-08T23:00:47+00:00","dateModified":"2024-01-28T18:19:30+00:00","mainEntityOfPage":{"@id":"https:\/\/www.rassegnastampa-totustuus.it\/cattolica\/la-premessa-sbagliata-del-liberalismo\/"},"wordCount":1750,"publisher":{"@id":"https:\/\/www.rassegnastampa-totustuus.it\/cattolica\/#organization"},"image":{"@id":"https:\/\/www.rassegnastampa-totustuus.it\/cattolica\/la-premessa-sbagliata-del-liberalismo\/#primaryimage"},"thumbnailUrl":"https:\/\/www.rassegnastampa-totustuus.it\/cattolica\/wp-content\/uploads\/2023\/02\/ghigliottina_rivoluzione_francia.jpg","keywords":["liberismo","politica","sguardo sul nostro tempo"],"articleSection":["Politica","Sguardo sul nostro tempo"],"inLanguage":"it-IT"},{"@type":"WebPage","@id":"https:\/\/www.rassegnastampa-totustuus.it\/cattolica\/la-premessa-sbagliata-del-liberalismo\/","url":"https:\/\/www.rassegnastampa-totustuus.it\/cattolica\/la-premessa-sbagliata-del-liberalismo\/","name":"La premessa sbagliata del liberalismo - Rassegna Stampa Cattolica","isPartOf":{"@id":"https:\/\/www.rassegnastampa-totustuus.it\/cattolica\/#website"},"primaryImageOfPage":{"@id":"https:\/\/www.rassegnastampa-totustuus.it\/cattolica\/la-premessa-sbagliata-del-liberalismo\/#primaryimage"},"image":{"@id":"https:\/\/www.rassegnastampa-totustuus.it\/cattolica\/la-premessa-sbagliata-del-liberalismo\/#primaryimage"},"thumbnailUrl":"https:\/\/www.rassegnastampa-totustuus.it\/cattolica\/wp-content\/uploads\/2023\/02\/ghigliottina_rivoluzione_francia.jpg","datePublished":"2023-02-08T23:00:47+00:00","dateModified":"2024-01-28T18:19:30+00:00","description":"La premessa sbagliata del liberalismo: vivi e lascia vivere, ma il post-liberalismo \u00e8 pronto a imporre la sua tirannia","breadcrumb":{"@id":"https:\/\/www.rassegnastampa-totustuus.it\/cattolica\/la-premessa-sbagliata-del-liberalismo\/#breadcrumb"},"inLanguage":"it-IT","potentialAction":[{"@type":"ReadAction","target":["https:\/\/www.rassegnastampa-totustuus.it\/cattolica\/la-premessa-sbagliata-del-liberalismo\/"]}]},{"@type":"ImageObject","inLanguage":"it-IT","@id":"https:\/\/www.rassegnastampa-totustuus.it\/cattolica\/la-premessa-sbagliata-del-liberalismo\/#primaryimage","url":"https:\/\/www.rassegnastampa-totustuus.it\/cattolica\/wp-content\/uploads\/2023\/02\/ghigliottina_rivoluzione_francia.jpg","contentUrl":"https:\/\/www.rassegnastampa-totustuus.it\/cattolica\/wp-content\/uploads\/2023\/02\/ghigliottina_rivoluzione_francia.jpg","width":640,"height":459},{"@type":"BreadcrumbList","@id":"https:\/\/www.rassegnastampa-totustuus.it\/cattolica\/la-premessa-sbagliata-del-liberalismo\/#breadcrumb","itemListElement":[{"@type":"ListItem","position":1,"name":"Home","item":"https:\/\/www.rassegnastampa-totustuus.it\/cattolica\/"},{"@type":"ListItem","position":2,"name":"La premessa sbagliata del liberalismo"}]},{"@type":"WebSite","@id":"https:\/\/www.rassegnastampa-totustuus.it\/cattolica\/#website","url":"https:\/\/www.rassegnastampa-totustuus.it\/cattolica\/","name":"Rassegna Stampa Cattolica","description":"Per una cultura che nasce dalla Rivelazione cristiana in conformit\u00e0 alla tradizione e al Magistero della Chiesa in opposizione ad ogni relativismo e totalitarismo","publisher":{"@id":"https:\/\/www.rassegnastampa-totustuus.it\/cattolica\/#organization"},"alternateName":"Rass. Cattolica","potentialAction":[{"@type":"SearchAction","target":{"@type":"EntryPoint","urlTemplate":"https:\/\/www.rassegnastampa-totustuus.it\/cattolica\/?s={search_term_string}"},"query-input":{"@type":"PropertyValueSpecification","valueRequired":true,"valueName":"search_term_string"}}],"inLanguage":"it-IT"},{"@type":"Organization","@id":"https:\/\/www.rassegnastampa-totustuus.it\/cattolica\/#organization","name":"Rassegna Stampa Cattolica","url":"https:\/\/www.rassegnastampa-totustuus.it\/cattolica\/","logo":{"@type":"ImageObject","inLanguage":"it-IT","@id":"https:\/\/www.rassegnastampa-totustuus.it\/cattolica\/#\/schema\/logo\/image\/","url":"https:\/\/www.rassegnastampa-totustuus.it\/cattolica\/wp-content\/uploads\/2014\/04\/logo-rassegna1.gif","contentUrl":"https:\/\/www.rassegnastampa-totustuus.it\/cattolica\/wp-content\/uploads\/2014\/04\/logo-rassegna1.gif","width":600,"height":163,"caption":"Rassegna Stampa Cattolica"},"image":{"@id":"https:\/\/www.rassegnastampa-totustuus.it\/cattolica\/#\/schema\/logo\/image\/"},"sameAs":["https:\/\/www.facebook.com\/rassegnastampacattolica","https:\/\/x.com\/rassegnastampa9"]},{"@type":"Person","@id":"https:\/\/www.rassegnastampa-totustuus.it\/cattolica\/#\/schema\/person\/08f319d2bd1a0904ad9e2bfb7b15e5c3","name":"Redazione","image":{"@type":"ImageObject","inLanguage":"it-IT","@id":"https:\/\/secure.gravatar.com\/avatar\/2fcdf27c78ea025fbdb44e914cc63c72249ffec9dc8aafd5c82b26240ef3f346?s=96&d=mm&r=g","url":"https:\/\/secure.gravatar.com\/avatar\/2fcdf27c78ea025fbdb44e914cc63c72249ffec9dc8aafd5c82b26240ef3f346?s=96&d=mm&r=g","contentUrl":"https:\/\/secure.gravatar.com\/avatar\/2fcdf27c78ea025fbdb44e914cc63c72249ffec9dc8aafd5c82b26240ef3f346?s=96&d=mm&r=g","caption":"Redazione"},"url":"https:\/\/www.rassegnastampa-totustuus.it\/cattolica\/author\/pietroelle\/"}]}},"_links":{"self":[{"href":"https:\/\/www.rassegnastampa-totustuus.it\/cattolica\/wp-json\/wp\/v2\/posts\/55570","targetHints":{"allow":["GET"]}}],"collection":[{"href":"https:\/\/www.rassegnastampa-totustuus.it\/cattolica\/wp-json\/wp\/v2\/posts"}],"about":[{"href":"https:\/\/www.rassegnastampa-totustuus.it\/cattolica\/wp-json\/wp\/v2\/types\/post"}],"author":[{"embeddable":true,"href":"https:\/\/www.rassegnastampa-totustuus.it\/cattolica\/wp-json\/wp\/v2\/users\/6"}],"replies":[{"embeddable":true,"href":"https:\/\/www.rassegnastampa-totustuus.it\/cattolica\/wp-json\/wp\/v2\/comments?post=55570"}],"version-history":[{"count":2,"href":"https:\/\/www.rassegnastampa-totustuus.it\/cattolica\/wp-json\/wp\/v2\/posts\/55570\/revisions"}],"predecessor-version":[{"id":59264,"href":"https:\/\/www.rassegnastampa-totustuus.it\/cattolica\/wp-json\/wp\/v2\/posts\/55570\/revisions\/59264"}],"wp:featuredmedia":[{"embeddable":true,"href":"https:\/\/www.rassegnastampa-totustuus.it\/cattolica\/wp-json\/wp\/v2\/media\/55571"}],"wp:attachment":[{"href":"https:\/\/www.rassegnastampa-totustuus.it\/cattolica\/wp-json\/wp\/v2\/media?parent=55570"}],"wp:term":[{"taxonomy":"category","embeddable":true,"href":"https:\/\/www.rassegnastampa-totustuus.it\/cattolica\/wp-json\/wp\/v2\/categories?post=55570"},{"taxonomy":"post_tag","embeddable":true,"href":"https:\/\/www.rassegnastampa-totustuus.it\/cattolica\/wp-json\/wp\/v2\/tags?post=55570"}],"curies":[{"name":"wp","href":"https:\/\/api.w.org\/{rel}","templated":true}]}}