{"id":55550,"date":"2023-02-02T00:00:03","date_gmt":"2023-02-01T23:00:03","guid":{"rendered":"http:\/\/www.rassegnastampa-totustuus.it\/cattolica\/?p=55550"},"modified":"2024-01-30T16:53:26","modified_gmt":"2024-01-30T15:53:26","slug":"perche-leuropa-boicotta-il-vino","status":"publish","type":"post","link":"https:\/\/www.rassegnastampa-totustuus.it\/cattolica\/perche-leuropa-boicotta-il-vino\/","title":{"rendered":"Perch\u00e8 l&#8217;Europa boicotta il vino?"},"content":{"rendered":"<p style=\"text-align: center;\"><span style=\"color: #000000;\"><strong><img loading=\"lazy\" decoding=\"async\" class=\"alignleft wp-image-53524\" src=\"https:\/\/www.rassegnastampa-totustuus.it\/cattolica\/wp-content\/uploads\/2022\/02\/vino.jpg\" alt=\"Perch\u00e8 l'Europa boicotta il vino?\" width=\"317\" height=\"198\" \/><\/strong><\/span><\/p>\n<p style=\"text-align: justify;\"><span style=\"color: #000000;\"><strong>Abstract: <\/strong><em>perch\u00e8 l&#8217;Europa boicotta il vino? Non \u00e8 vero che fa male alla salute, \u00e8 una calunnia da parte dei bevitori di birra del Nord. Oltre che a una chiara sottomissione all&#8217;Islam \u00e8 un altro modo per\u00a0 ripudiare le nostre radici. Il <span style=\"font-family: 'Arial', sans-serif; color: #000000;\">vino storicamente e simbolicamente coincide con la civilt\u00e0 che ci viene dalla tradizione cristiana<\/span><\/em><\/span><\/p>\n<p><!--more--><\/p>\n<p style=\"text-align: center;\"><span style=\"color: #000000;\"><a href=\"https:\/\/www.liberoquotidiano.it\/\" target=\"_blank\" rel=\"noopener\"><strong>Libero<\/strong><\/a> 26 gennaio 2023<\/span><\/p>\n<h3 style=\"text-align: center;\"><span style=\"color: #000000;\">Vino, cos\u00ec con un&#8217;etichetta <\/span><\/h3>\n<h3 style=\"text-align: center;\"><span style=\"color: #000000;\">la Ue ripudia (di nuovo) <\/span><span style=\"color: #000000;\">le radici cristiane<\/span><\/h3>\n<p style=\"text-align: center;\"><span style=\"color: #000000;\">di <strong>Renato Farina<\/strong><\/span><\/p>\n<p style=\"text-align: justify;\"><span style=\"color: #000000;\">Scrivere sulle etichette che \u00abil vino nuoce alla salute\u00bb, oltre che essere una tipica calunnia da beoni irlandesi di Guinness, \u00e8 un chiaro segno di sottomissione all\u2019Islam e alla Coca Cola. Un piccolo passo per l\u2019Irlanda verso l\u2019idiozia ma un grande balzo dell\u2019Europa verso il suo stesso rinnegamento. <\/span><\/p>\n<p style=\"text-align: justify;\"><span style=\"color: #000000;\"><img loading=\"lazy\" decoding=\"async\" class=\" wp-image-53525 alignright\" src=\"https:\/\/www.rassegnastampa-totustuus.it\/cattolica\/wp-content\/uploads\/2022\/02\/vino_birra.jpg\" alt=\"\" width=\"305\" height=\"204\" \/>Dopo aver estirpato le radici giudaico-cristiane dalla costituzione, adesso si passa al pratico: \u00e8 in corso la character assassination del vino che Ges\u00f9 Cristo ha proposto ai discepoli come bevanda in realt\u00e0 \u201ctransustanziata\u201d nel suo stesso sangue. Il Vangelo racconta che il Nazareno di questo \u00abfrutto della vite e del lavoro dell\u2019uomo\u00bb ne regal\u00f2 con il suo primo miracolo damigiane agli sposi di Cana. Il ministro dell\u2019Agricoltura Francesco Lollobrigida ha fotografato la situazione con ironia dolente: una \u00abscelta gravissima\u00bb, ha detto, aggiungendo che si accusa Ges\u00f9 di aver provato \u00abad avvelenare\u00bb, su istigazione di sua Madre, i convenuti alle nozze.<\/span><\/p>\n<p style=\"text-align: justify;\"><span style=\"font-family: 'Arial', sans-serif; color: #000000;\">Questo caso fa capire perch\u00e9 la dizione del dicastero di Lollobrigida contempli la \u00absovranit\u00e0 alimentare\u00bb. Quel lo dell\u2019Irlanda non rappresenta soltanto un atto di sabotaggio economico, che c\u2019\u00e8 e resta comunque una rottura della presunta fraternit\u00e0 europea, un\u2019aggressione culturale e simbolica all\u2019identit\u00e0 dei Paesi mediterranei, una provocazione ideologico-salutistica per conto dei Paesi del Nord che assistono silenti e contenti a questo agguato da falsari del gastronomicamente corretto. Da sempre, proibire o imporre cibo e bevande, \u00e8 tipico del potere religioso che si affianca a quello politico, fino a confondersi con esso. L\u2019Islam insegna.<\/span><\/p>\n<p style=\"text-align: center;\"><span style=\"color: #000000;\"><strong><span style=\"font-family: 'Arial',sans-serif;\">QUESTIONE DI CIVILT\u00c0<\/span><\/strong><\/span><\/p>\n<p style=\"text-align: justify;\"><span style=\"font-family: 'Arial', sans-serif; color: #000000;\">Bruxelles sta tornando a prima della rivoluzione portata dal cristianesimo: \u00abRestituite a Cesare quel che \u00e8 di Cesare, e a Dio quel che \u00e8 di Dio\u00bb. Cesare a Bruxelles si \u00e8 allargato, e adesso stabilisce anche il menu e i tab\u00f9. Se l\u2019Ue non blocca questa scorreria piratesca del Nord, Italia Francia e Spagna sono prontissime a brandire le spade della guerra commerciale. Utile a tutelare il fatturato, ma legittima difesa della propria essenza.<\/span><\/p>\n<p style=\"text-align: justify;\"><span style=\"font-family: 'Arial', sans-serif; color: #000000;\"><img loading=\"lazy\" decoding=\"async\" class=\" wp-image-41658 alignright\" src=\"https:\/\/www.rassegnastampa-totustuus.it\/cattolica\/wp-content\/uploads\/2018\/11\/vino.jpg\" alt=\"\" width=\"304\" height=\"284\" \/>Il vino storicamente e simbolicamente coincide con la civilt\u00e0 che ci viene dalla tradizione cristiana. Il termine \u00abcivilt\u00e0\u00bb infastidisce, ha qualcosa di monumentale e retorico. Innaffiarla di vino aiuta a farla scendere dal cavallo delle parole di marmo, e comunica l\u2019idea di un gusto della vita, di una convivialit\u00e0 che attraversa i sentimenti profondi dei popoli biblici e latini; \u00e8 la linfa che sgorgata biblicamente dalle pendici dell\u2019Ararat, ha irrorato le opere e i giorni del popolo ebraico, indi di quello greco e romano, ed infine fornendo nei vigneti profumati vicino ai monasteri benedettini di tutta Europa. \u00c8 vero che i monaci conservarono i classici, ricopiando e le pergamene, ma raccolsero e svilupparono l\u2019arte della viticoltura. Il vino sulla tavola \u00e8 l\u2019equivalente delle croci visibili in cima ai campanili e nelle campagne d&#8217;Europa.<\/span><\/p>\n<p style=\"text-align: justify;\"><span style=\"font-family: 'Arial', sans-serif; color: #000000;\"><img loading=\"lazy\" decoding=\"async\" class=\" wp-image-41659 alignleft\" src=\"https:\/\/www.rassegnastampa-totustuus.it\/cattolica\/wp-content\/uploads\/2018\/11\/vino-1.jpg\" alt=\"\" width=\"350\" height=\"249\" \/>Puoi essere astemio, ritenerti ateo, ma questi elementi sono come le campane per Oriana Fallaci. Sono la patria, il suono dei padri e dei figli. Poche storie, \u00e8 cos\u00ec. Il vino, con la sua prima ebbrezza, fu inventato e apprezzato da No\u00e8. Questa meraviglia accadde \u2013 lo documenta l\u2019archeologia \u2013 proprio in Caucaso, sulle falde del monte Ararat (oggi nei confini della Turchia), dove si pos\u00f2 l\u2019Arca e si svilupparono i vitigni. La Georgia rivendica la primogenitura, in contesa con gli armeni che da secoli ne ottengono un brandy che \u00e8 meglio del Cognac, e ha proprio il nome di Ararat. Amatissimo da Winston Churchill che lo riteneva elisir di giovinezza insieme ai sigari Havana.<\/span><\/p>\n<p style=\"text-align: center;\"><span style=\"color: #000000;\"><strong><span style=\"font-family: 'Arial',sans-serif;\">L\u2019ESEMPIO ARMENO<\/span><\/strong><\/span><\/p>\n<p style=\"text-align: justify;\"><span style=\"font-family: 'Arial', sans-serif; color: #000000;\"><img loading=\"lazy\" decoding=\"async\" class=\"wp-image-41660 alignright\" src=\"https:\/\/www.rassegnastampa-totustuus.it\/cattolica\/wp-content\/uploads\/2018\/11\/vigneti_vino.jpg\" alt=\"\" width=\"376\" height=\"214\" \/>Gli armeni \u2013 il primo popolo cristiano della storia, convertitosi al vangelo dal 303 \u2013 furono invasi da mongoli, persiani, turchi, orde di ogni genere. Usando forza e intelligenza, ingenuit\u00e0 e astuzia, preservarono il vino e la fede, non necessariamente in quest\u2019ordine, ma di sicuro insieme. Uno dei primi atti degli invasori islamici, quando nell\u2019autunno del 2020, si presero l\u201980 per cento del Nagorno-Karabakh (si traduce: il Bosco della Montagna Nera, in armeno Artsakh) fu di distruggere la culla preziosa del vino atavico, prodotto avendo ridato salute ai vitigni primigeni, nella provincia di Hadrut, vicino all\u2019antico monastero Katarovan. I soldati dell&#8217;Azerbaijan, coadiuvati da turchi e da mercenari jihadisti, hanno sfasciato botti, rovesciato i tini, divelto i vitigni. Bisognerebbe dare a costoro la cittadinanza onoraria dell\u2019Unione europea. Se la sono meritata, non \u00e8 vero?\u00a0<\/span><\/p>\n<p>_______________________________________<\/p>\n<p><span style=\"color: #000000;\"><strong>Leggi anche:<\/strong><\/span><\/p>\n<p><a href=\"https:\/\/www.rassegnastampa-totustuus.it\/cattolica\/lassurda-fatwa-della-ue-contro-il-vino-e-una-guerra-allitalia-e-alla-nostra-civilta\/\" target=\"_blank\" rel=\"noopener\"><span style=\"color: #0000ff;\">L\u2019assurda fatwa della Ue contro il vino. E\u2019 una guerra all\u2019Italia e alla nostra civilt\u00e0<\/span><\/a><\/p>\n","protected":false},"excerpt":{"rendered":"<p>Abstract: perch\u00e8 l&#8217;Europa boicotta il vino? Non \u00e8 vero che fa male alla salute, \u00e8 una calunnia da parte dei bevitori di birra del Nord. Oltre che a una chiara sottomissione all&#8217;Islam \u00e8 un altro modo per\u00a0 ripudiare le nostre radici. Il vino storicamente e simbolicamente coincide con la civilt\u00e0 che ci viene dalla tradizione &hellip; <\/p>\n<p><a class=\"more-link btn\" href=\"https:\/\/www.rassegnastampa-totustuus.it\/cattolica\/perche-leuropa-boicotta-il-vino\/\">Continua a leggere<\/a><\/p>\n","protected":false},"author":6,"featured_media":53524,"comment_status":"closed","ping_status":"closed","sticky":false,"template":"","format":"standard","meta":{"footnotes":""},"categories":[8,14],"tags":[559,439,2709],"class_list":["post-55550","post","type-post","status-publish","format-standard","has-post-thumbnail","hentry","category-cultura-e-tradizioni","category-europa-e-ue","tag-cultura-e-tradizioni-2","tag-europa-ue","tag-vino","item-wrap"],"yoast_head":"<!-- This site is optimized with the Yoast SEO plugin v27.5 - https:\/\/yoast.com\/product\/yoast-seo-wordpress\/ -->\n<title>Perch\u00e8 l&#039;Europa boicotta il vino? - Rassegna Stampa Cattolica<\/title>\n<meta name=\"description\" content=\"Perch\u00e8 l&#039;Europa boicotta il vino? Non \u00e8 vero che fa male alla salute ma dirlo serve ad attaccare ancora una volta le nostre radici cristiane\" \/>\n<meta name=\"robots\" content=\"index, follow, max-snippet:-1, max-image-preview:large, max-video-preview:-1\" \/>\n<link rel=\"canonical\" href=\"https:\/\/www.rassegnastampa-totustuus.it\/cattolica\/perche-leuropa-boicotta-il-vino\/\" \/>\n<meta property=\"og:locale\" content=\"it_IT\" \/>\n<meta property=\"og:type\" content=\"article\" \/>\n<meta property=\"og:title\" content=\"Perch\u00e8 l&#039;Europa boicotta il vino? - Rassegna Stampa Cattolica\" \/>\n<meta property=\"og:description\" content=\"Perch\u00e8 l&#039;Europa boicotta il vino? Non \u00e8 vero che fa male alla salute ma dirlo serve ad attaccare ancora una volta le nostre radici cristiane\" \/>\n<meta property=\"og:url\" content=\"https:\/\/www.rassegnastampa-totustuus.it\/cattolica\/perche-leuropa-boicotta-il-vino\/\" \/>\n<meta property=\"og:site_name\" content=\"Rassegna Stampa Cattolica\" \/>\n<meta property=\"article:publisher\" content=\"https:\/\/www.facebook.com\/rassegnastampacattolica\" \/>\n<meta property=\"article:published_time\" content=\"2023-02-01T23:00:03+00:00\" \/>\n<meta property=\"article:modified_time\" content=\"2024-01-30T15:53:26+00:00\" \/>\n<meta property=\"og:image\" content=\"https:\/\/www.rassegnastampa-totustuus.it\/cattolica\/wp-content\/uploads\/2022\/02\/vino.jpg\" \/>\n\t<meta property=\"og:image:width\" content=\"250\" \/>\n\t<meta property=\"og:image:height\" content=\"156\" \/>\n\t<meta property=\"og:image:type\" content=\"image\/jpeg\" \/>\n<meta name=\"author\" content=\"Redazione\" \/>\n<meta name=\"twitter:card\" content=\"summary_large_image\" \/>\n<meta name=\"twitter:creator\" content=\"@rassegnastampa9\" \/>\n<meta name=\"twitter:site\" content=\"@rassegnastampa9\" \/>\n<meta name=\"twitter:label1\" content=\"Scritto da\" \/>\n\t<meta name=\"twitter:data1\" content=\"Redazione\" \/>\n\t<meta name=\"twitter:label2\" content=\"Tempo di lettura stimato\" \/>\n\t<meta name=\"twitter:data2\" content=\"6 minuti\" \/>\n<script type=\"application\/ld+json\" class=\"yoast-schema-graph\">{\"@context\":\"https:\\\/\\\/schema.org\",\"@graph\":[{\"@type\":\"Article\",\"@id\":\"https:\\\/\\\/www.rassegnastampa-totustuus.it\\\/cattolica\\\/perche-leuropa-boicotta-il-vino\\\/#article\",\"isPartOf\":{\"@id\":\"https:\\\/\\\/www.rassegnastampa-totustuus.it\\\/cattolica\\\/perche-leuropa-boicotta-il-vino\\\/\"},\"author\":{\"name\":\"Redazione\",\"@id\":\"https:\\\/\\\/www.rassegnastampa-totustuus.it\\\/cattolica\\\/#\\\/schema\\\/person\\\/08f319d2bd1a0904ad9e2bfb7b15e5c3\"},\"headline\":\"Perch\u00e8 l&#8217;Europa boicotta il vino?\",\"datePublished\":\"2023-02-01T23:00:03+00:00\",\"dateModified\":\"2024-01-30T15:53:26+00:00\",\"mainEntityOfPage\":{\"@id\":\"https:\\\/\\\/www.rassegnastampa-totustuus.it\\\/cattolica\\\/perche-leuropa-boicotta-il-vino\\\/\"},\"wordCount\":805,\"publisher\":{\"@id\":\"https:\\\/\\\/www.rassegnastampa-totustuus.it\\\/cattolica\\\/#organization\"},\"image\":{\"@id\":\"https:\\\/\\\/www.rassegnastampa-totustuus.it\\\/cattolica\\\/perche-leuropa-boicotta-il-vino\\\/#primaryimage\"},\"thumbnailUrl\":\"https:\\\/\\\/www.rassegnastampa-totustuus.it\\\/cattolica\\\/wp-content\\\/uploads\\\/2022\\\/02\\\/vino.jpg\",\"keywords\":[\"cultura e tradizioni\",\"Europa UE\",\"vino\"],\"articleSection\":[\"Cultura e tradizioni\",\"Europa e UE\"],\"inLanguage\":\"it-IT\"},{\"@type\":\"WebPage\",\"@id\":\"https:\\\/\\\/www.rassegnastampa-totustuus.it\\\/cattolica\\\/perche-leuropa-boicotta-il-vino\\\/\",\"url\":\"https:\\\/\\\/www.rassegnastampa-totustuus.it\\\/cattolica\\\/perche-leuropa-boicotta-il-vino\\\/\",\"name\":\"Perch\u00e8 l'Europa boicotta il vino? - Rassegna Stampa Cattolica\",\"isPartOf\":{\"@id\":\"https:\\\/\\\/www.rassegnastampa-totustuus.it\\\/cattolica\\\/#website\"},\"primaryImageOfPage\":{\"@id\":\"https:\\\/\\\/www.rassegnastampa-totustuus.it\\\/cattolica\\\/perche-leuropa-boicotta-il-vino\\\/#primaryimage\"},\"image\":{\"@id\":\"https:\\\/\\\/www.rassegnastampa-totustuus.it\\\/cattolica\\\/perche-leuropa-boicotta-il-vino\\\/#primaryimage\"},\"thumbnailUrl\":\"https:\\\/\\\/www.rassegnastampa-totustuus.it\\\/cattolica\\\/wp-content\\\/uploads\\\/2022\\\/02\\\/vino.jpg\",\"datePublished\":\"2023-02-01T23:00:03+00:00\",\"dateModified\":\"2024-01-30T15:53:26+00:00\",\"description\":\"Perch\u00e8 l'Europa boicotta il vino? Non \u00e8 vero che fa male alla salute ma dirlo serve ad attaccare ancora una volta le nostre radici cristiane\",\"breadcrumb\":{\"@id\":\"https:\\\/\\\/www.rassegnastampa-totustuus.it\\\/cattolica\\\/perche-leuropa-boicotta-il-vino\\\/#breadcrumb\"},\"inLanguage\":\"it-IT\",\"potentialAction\":[{\"@type\":\"ReadAction\",\"target\":[\"https:\\\/\\\/www.rassegnastampa-totustuus.it\\\/cattolica\\\/perche-leuropa-boicotta-il-vino\\\/\"]}]},{\"@type\":\"ImageObject\",\"inLanguage\":\"it-IT\",\"@id\":\"https:\\\/\\\/www.rassegnastampa-totustuus.it\\\/cattolica\\\/perche-leuropa-boicotta-il-vino\\\/#primaryimage\",\"url\":\"https:\\\/\\\/www.rassegnastampa-totustuus.it\\\/cattolica\\\/wp-content\\\/uploads\\\/2022\\\/02\\\/vino.jpg\",\"contentUrl\":\"https:\\\/\\\/www.rassegnastampa-totustuus.it\\\/cattolica\\\/wp-content\\\/uploads\\\/2022\\\/02\\\/vino.jpg\",\"width\":250,\"height\":156},{\"@type\":\"BreadcrumbList\",\"@id\":\"https:\\\/\\\/www.rassegnastampa-totustuus.it\\\/cattolica\\\/perche-leuropa-boicotta-il-vino\\\/#breadcrumb\",\"itemListElement\":[{\"@type\":\"ListItem\",\"position\":1,\"name\":\"Home\",\"item\":\"https:\\\/\\\/www.rassegnastampa-totustuus.it\\\/cattolica\\\/\"},{\"@type\":\"ListItem\",\"position\":2,\"name\":\"Perch\u00e8 l&#8217;Europa boicotta il vino?\"}]},{\"@type\":\"WebSite\",\"@id\":\"https:\\\/\\\/www.rassegnastampa-totustuus.it\\\/cattolica\\\/#website\",\"url\":\"https:\\\/\\\/www.rassegnastampa-totustuus.it\\\/cattolica\\\/\",\"name\":\"Rassegna Stampa Cattolica\",\"description\":\"Per una cultura che nasce dalla Rivelazione cristiana in conformit\u00e0 alla tradizione e al Magistero della Chiesa in opposizione ad ogni relativismo e totalitarismo\",\"publisher\":{\"@id\":\"https:\\\/\\\/www.rassegnastampa-totustuus.it\\\/cattolica\\\/#organization\"},\"alternateName\":\"Rass. Cattolica\",\"potentialAction\":[{\"@type\":\"SearchAction\",\"target\":{\"@type\":\"EntryPoint\",\"urlTemplate\":\"https:\\\/\\\/www.rassegnastampa-totustuus.it\\\/cattolica\\\/?s={search_term_string}\"},\"query-input\":{\"@type\":\"PropertyValueSpecification\",\"valueRequired\":true,\"valueName\":\"search_term_string\"}}],\"inLanguage\":\"it-IT\"},{\"@type\":\"Organization\",\"@id\":\"https:\\\/\\\/www.rassegnastampa-totustuus.it\\\/cattolica\\\/#organization\",\"name\":\"Rassegna Stampa Cattolica\",\"url\":\"https:\\\/\\\/www.rassegnastampa-totustuus.it\\\/cattolica\\\/\",\"logo\":{\"@type\":\"ImageObject\",\"inLanguage\":\"it-IT\",\"@id\":\"https:\\\/\\\/www.rassegnastampa-totustuus.it\\\/cattolica\\\/#\\\/schema\\\/logo\\\/image\\\/\",\"url\":\"https:\\\/\\\/www.rassegnastampa-totustuus.it\\\/cattolica\\\/wp-content\\\/uploads\\\/2014\\\/04\\\/logo-rassegna1.gif\",\"contentUrl\":\"https:\\\/\\\/www.rassegnastampa-totustuus.it\\\/cattolica\\\/wp-content\\\/uploads\\\/2014\\\/04\\\/logo-rassegna1.gif\",\"width\":600,\"height\":163,\"caption\":\"Rassegna Stampa Cattolica\"},\"image\":{\"@id\":\"https:\\\/\\\/www.rassegnastampa-totustuus.it\\\/cattolica\\\/#\\\/schema\\\/logo\\\/image\\\/\"},\"sameAs\":[\"https:\\\/\\\/www.facebook.com\\\/rassegnastampacattolica\",\"https:\\\/\\\/x.com\\\/rassegnastampa9\"]},{\"@type\":\"Person\",\"@id\":\"https:\\\/\\\/www.rassegnastampa-totustuus.it\\\/cattolica\\\/#\\\/schema\\\/person\\\/08f319d2bd1a0904ad9e2bfb7b15e5c3\",\"name\":\"Redazione\",\"image\":{\"@type\":\"ImageObject\",\"inLanguage\":\"it-IT\",\"@id\":\"https:\\\/\\\/secure.gravatar.com\\\/avatar\\\/2fcdf27c78ea025fbdb44e914cc63c72249ffec9dc8aafd5c82b26240ef3f346?s=96&d=mm&r=g\",\"url\":\"https:\\\/\\\/secure.gravatar.com\\\/avatar\\\/2fcdf27c78ea025fbdb44e914cc63c72249ffec9dc8aafd5c82b26240ef3f346?s=96&d=mm&r=g\",\"contentUrl\":\"https:\\\/\\\/secure.gravatar.com\\\/avatar\\\/2fcdf27c78ea025fbdb44e914cc63c72249ffec9dc8aafd5c82b26240ef3f346?s=96&d=mm&r=g\",\"caption\":\"Redazione\"},\"url\":\"https:\\\/\\\/www.rassegnastampa-totustuus.it\\\/cattolica\\\/author\\\/pietroelle\\\/\"}]}<\/script>\n<!-- \/ Yoast SEO plugin. -->","yoast_head_json":{"title":"Perch\u00e8 l'Europa boicotta il vino? - Rassegna Stampa Cattolica","description":"Perch\u00e8 l'Europa boicotta il vino? Non \u00e8 vero che fa male alla salute ma dirlo serve ad attaccare ancora una volta le nostre radici cristiane","robots":{"index":"index","follow":"follow","max-snippet":"max-snippet:-1","max-image-preview":"max-image-preview:large","max-video-preview":"max-video-preview:-1"},"canonical":"https:\/\/www.rassegnastampa-totustuus.it\/cattolica\/perche-leuropa-boicotta-il-vino\/","og_locale":"it_IT","og_type":"article","og_title":"Perch\u00e8 l'Europa boicotta il vino? - Rassegna Stampa Cattolica","og_description":"Perch\u00e8 l'Europa boicotta il vino? Non \u00e8 vero che fa male alla salute ma dirlo serve ad attaccare ancora una volta le nostre radici cristiane","og_url":"https:\/\/www.rassegnastampa-totustuus.it\/cattolica\/perche-leuropa-boicotta-il-vino\/","og_site_name":"Rassegna Stampa Cattolica","article_publisher":"https:\/\/www.facebook.com\/rassegnastampacattolica","article_published_time":"2023-02-01T23:00:03+00:00","article_modified_time":"2024-01-30T15:53:26+00:00","og_image":[{"width":250,"height":156,"url":"https:\/\/www.rassegnastampa-totustuus.it\/cattolica\/wp-content\/uploads\/2022\/02\/vino.jpg","type":"image\/jpeg"}],"author":"Redazione","twitter_card":"summary_large_image","twitter_creator":"@rassegnastampa9","twitter_site":"@rassegnastampa9","twitter_misc":{"Scritto da":"Redazione","Tempo di lettura stimato":"6 minuti"},"schema":{"@context":"https:\/\/schema.org","@graph":[{"@type":"Article","@id":"https:\/\/www.rassegnastampa-totustuus.it\/cattolica\/perche-leuropa-boicotta-il-vino\/#article","isPartOf":{"@id":"https:\/\/www.rassegnastampa-totustuus.it\/cattolica\/perche-leuropa-boicotta-il-vino\/"},"author":{"name":"Redazione","@id":"https:\/\/www.rassegnastampa-totustuus.it\/cattolica\/#\/schema\/person\/08f319d2bd1a0904ad9e2bfb7b15e5c3"},"headline":"Perch\u00e8 l&#8217;Europa boicotta il vino?","datePublished":"2023-02-01T23:00:03+00:00","dateModified":"2024-01-30T15:53:26+00:00","mainEntityOfPage":{"@id":"https:\/\/www.rassegnastampa-totustuus.it\/cattolica\/perche-leuropa-boicotta-il-vino\/"},"wordCount":805,"publisher":{"@id":"https:\/\/www.rassegnastampa-totustuus.it\/cattolica\/#organization"},"image":{"@id":"https:\/\/www.rassegnastampa-totustuus.it\/cattolica\/perche-leuropa-boicotta-il-vino\/#primaryimage"},"thumbnailUrl":"https:\/\/www.rassegnastampa-totustuus.it\/cattolica\/wp-content\/uploads\/2022\/02\/vino.jpg","keywords":["cultura e tradizioni","Europa UE","vino"],"articleSection":["Cultura e tradizioni","Europa e UE"],"inLanguage":"it-IT"},{"@type":"WebPage","@id":"https:\/\/www.rassegnastampa-totustuus.it\/cattolica\/perche-leuropa-boicotta-il-vino\/","url":"https:\/\/www.rassegnastampa-totustuus.it\/cattolica\/perche-leuropa-boicotta-il-vino\/","name":"Perch\u00e8 l'Europa boicotta il vino? - Rassegna Stampa Cattolica","isPartOf":{"@id":"https:\/\/www.rassegnastampa-totustuus.it\/cattolica\/#website"},"primaryImageOfPage":{"@id":"https:\/\/www.rassegnastampa-totustuus.it\/cattolica\/perche-leuropa-boicotta-il-vino\/#primaryimage"},"image":{"@id":"https:\/\/www.rassegnastampa-totustuus.it\/cattolica\/perche-leuropa-boicotta-il-vino\/#primaryimage"},"thumbnailUrl":"https:\/\/www.rassegnastampa-totustuus.it\/cattolica\/wp-content\/uploads\/2022\/02\/vino.jpg","datePublished":"2023-02-01T23:00:03+00:00","dateModified":"2024-01-30T15:53:26+00:00","description":"Perch\u00e8 l'Europa boicotta il vino? Non \u00e8 vero che fa male alla salute ma dirlo serve ad attaccare ancora una volta le nostre radici cristiane","breadcrumb":{"@id":"https:\/\/www.rassegnastampa-totustuus.it\/cattolica\/perche-leuropa-boicotta-il-vino\/#breadcrumb"},"inLanguage":"it-IT","potentialAction":[{"@type":"ReadAction","target":["https:\/\/www.rassegnastampa-totustuus.it\/cattolica\/perche-leuropa-boicotta-il-vino\/"]}]},{"@type":"ImageObject","inLanguage":"it-IT","@id":"https:\/\/www.rassegnastampa-totustuus.it\/cattolica\/perche-leuropa-boicotta-il-vino\/#primaryimage","url":"https:\/\/www.rassegnastampa-totustuus.it\/cattolica\/wp-content\/uploads\/2022\/02\/vino.jpg","contentUrl":"https:\/\/www.rassegnastampa-totustuus.it\/cattolica\/wp-content\/uploads\/2022\/02\/vino.jpg","width":250,"height":156},{"@type":"BreadcrumbList","@id":"https:\/\/www.rassegnastampa-totustuus.it\/cattolica\/perche-leuropa-boicotta-il-vino\/#breadcrumb","itemListElement":[{"@type":"ListItem","position":1,"name":"Home","item":"https:\/\/www.rassegnastampa-totustuus.it\/cattolica\/"},{"@type":"ListItem","position":2,"name":"Perch\u00e8 l&#8217;Europa boicotta il vino?"}]},{"@type":"WebSite","@id":"https:\/\/www.rassegnastampa-totustuus.it\/cattolica\/#website","url":"https:\/\/www.rassegnastampa-totustuus.it\/cattolica\/","name":"Rassegna Stampa Cattolica","description":"Per una cultura che nasce dalla Rivelazione cristiana in conformit\u00e0 alla tradizione e al Magistero della Chiesa in opposizione ad ogni relativismo e totalitarismo","publisher":{"@id":"https:\/\/www.rassegnastampa-totustuus.it\/cattolica\/#organization"},"alternateName":"Rass. Cattolica","potentialAction":[{"@type":"SearchAction","target":{"@type":"EntryPoint","urlTemplate":"https:\/\/www.rassegnastampa-totustuus.it\/cattolica\/?s={search_term_string}"},"query-input":{"@type":"PropertyValueSpecification","valueRequired":true,"valueName":"search_term_string"}}],"inLanguage":"it-IT"},{"@type":"Organization","@id":"https:\/\/www.rassegnastampa-totustuus.it\/cattolica\/#organization","name":"Rassegna Stampa Cattolica","url":"https:\/\/www.rassegnastampa-totustuus.it\/cattolica\/","logo":{"@type":"ImageObject","inLanguage":"it-IT","@id":"https:\/\/www.rassegnastampa-totustuus.it\/cattolica\/#\/schema\/logo\/image\/","url":"https:\/\/www.rassegnastampa-totustuus.it\/cattolica\/wp-content\/uploads\/2014\/04\/logo-rassegna1.gif","contentUrl":"https:\/\/www.rassegnastampa-totustuus.it\/cattolica\/wp-content\/uploads\/2014\/04\/logo-rassegna1.gif","width":600,"height":163,"caption":"Rassegna Stampa Cattolica"},"image":{"@id":"https:\/\/www.rassegnastampa-totustuus.it\/cattolica\/#\/schema\/logo\/image\/"},"sameAs":["https:\/\/www.facebook.com\/rassegnastampacattolica","https:\/\/x.com\/rassegnastampa9"]},{"@type":"Person","@id":"https:\/\/www.rassegnastampa-totustuus.it\/cattolica\/#\/schema\/person\/08f319d2bd1a0904ad9e2bfb7b15e5c3","name":"Redazione","image":{"@type":"ImageObject","inLanguage":"it-IT","@id":"https:\/\/secure.gravatar.com\/avatar\/2fcdf27c78ea025fbdb44e914cc63c72249ffec9dc8aafd5c82b26240ef3f346?s=96&d=mm&r=g","url":"https:\/\/secure.gravatar.com\/avatar\/2fcdf27c78ea025fbdb44e914cc63c72249ffec9dc8aafd5c82b26240ef3f346?s=96&d=mm&r=g","contentUrl":"https:\/\/secure.gravatar.com\/avatar\/2fcdf27c78ea025fbdb44e914cc63c72249ffec9dc8aafd5c82b26240ef3f346?s=96&d=mm&r=g","caption":"Redazione"},"url":"https:\/\/www.rassegnastampa-totustuus.it\/cattolica\/author\/pietroelle\/"}]}},"_links":{"self":[{"href":"https:\/\/www.rassegnastampa-totustuus.it\/cattolica\/wp-json\/wp\/v2\/posts\/55550","targetHints":{"allow":["GET"]}}],"collection":[{"href":"https:\/\/www.rassegnastampa-totustuus.it\/cattolica\/wp-json\/wp\/v2\/posts"}],"about":[{"href":"https:\/\/www.rassegnastampa-totustuus.it\/cattolica\/wp-json\/wp\/v2\/types\/post"}],"author":[{"embeddable":true,"href":"https:\/\/www.rassegnastampa-totustuus.it\/cattolica\/wp-json\/wp\/v2\/users\/6"}],"replies":[{"embeddable":true,"href":"https:\/\/www.rassegnastampa-totustuus.it\/cattolica\/wp-json\/wp\/v2\/comments?post=55550"}],"version-history":[{"count":2,"href":"https:\/\/www.rassegnastampa-totustuus.it\/cattolica\/wp-json\/wp\/v2\/posts\/55550\/revisions"}],"predecessor-version":[{"id":59293,"href":"https:\/\/www.rassegnastampa-totustuus.it\/cattolica\/wp-json\/wp\/v2\/posts\/55550\/revisions\/59293"}],"wp:featuredmedia":[{"embeddable":true,"href":"https:\/\/www.rassegnastampa-totustuus.it\/cattolica\/wp-json\/wp\/v2\/media\/53524"}],"wp:attachment":[{"href":"https:\/\/www.rassegnastampa-totustuus.it\/cattolica\/wp-json\/wp\/v2\/media?parent=55550"}],"wp:term":[{"taxonomy":"category","embeddable":true,"href":"https:\/\/www.rassegnastampa-totustuus.it\/cattolica\/wp-json\/wp\/v2\/categories?post=55550"},{"taxonomy":"post_tag","embeddable":true,"href":"https:\/\/www.rassegnastampa-totustuus.it\/cattolica\/wp-json\/wp\/v2\/tags?post=55550"}],"curies":[{"name":"wp","href":"https:\/\/api.w.org\/{rel}","templated":true}]}}