{"id":55547,"date":"2023-02-02T00:00:04","date_gmt":"2023-02-01T23:00:04","guid":{"rendered":"http:\/\/www.rassegnastampa-totustuus.it\/cattolica\/?p=55547"},"modified":"2024-01-30T16:33:03","modified_gmt":"2024-01-30T15:33:03","slug":"i-nuovi-barbari-delloccidente","status":"publish","type":"post","link":"https:\/\/www.rassegnastampa-totustuus.it\/cattolica\/i-nuovi-barbari-delloccidente\/","title":{"rendered":"I nuovi barbari dell&#8217;Occidente"},"content":{"rendered":"<p style=\"text-align: justify;\"><span style=\"color: #000000;\"><strong><img loading=\"lazy\" decoding=\"async\" class=\"size-full wp-image-55548 alignright\" src=\"https:\/\/www.rassegnastampa-totustuus.it\/cattolica\/wp-content\/uploads\/2023\/01\/Meotti_cover.jpg\" alt=\"\" width=\"225\" height=\"225\" srcset=\"https:\/\/www.rassegnastampa-totustuus.it\/cattolica\/wp-content\/uploads\/2023\/01\/Meotti_cover.jpg 225w, https:\/\/www.rassegnastampa-totustuus.it\/cattolica\/wp-content\/uploads\/2023\/01\/Meotti_cover-150x150.jpg 150w\" sizes=\"auto, (max-width: 225px) 100vw, 225px\" \/>Abstract: <\/strong><em>i nuovi barbari dell&#8217;Occidente. Pi\u00f9 che di morire, l\u2019Occidente dovrebbe temere di essere gi\u00e0 morto. E pi\u00f9 che di essere attaccato dall\u2019esterno dovrebbe guardarsi da chi gli sta scavando la fossa dall\u2019interno. Bambine di otto anni che vogliono cambiare sesso, tagliagole presentati come vittime del \u00abrazzismo sistemico\u00bb, \u00abasili arcobaleno\u00bb, una ragazza che non va pi\u00f9 a scuola per profetizzare la morte climatica, professori licenziati per aver usato il \u00abpronome sbagliato\u00bb<\/em><\/span><\/p>\n<p><!--more--><\/p>\n<p style=\"text-align: center;\"><span style=\"color: #000000;\"><a href=\"https:\/\/meotti.substack.com\/\" target=\"_blank\" rel=\"noopener\"><strong>Newsletter di Giulio Meotti <\/strong><\/a>14 Gennaio 2023<strong>\u00a0<\/strong><\/span><\/p>\n<h3 style=\"text-align: center;\">Contro i nuovi barbari d&#8217;Occidente,<\/h3>\n<h3 style=\"text-align: center;\">dove \u00e8 vietato pensare (e parlare)<\/h3>\n<p style=\"text-align: justify;\"><span style=\"color: #000000;\"> <em>In uscita il mio nuovo libro. Pi\u00f9 che di morire dovremmo temere di essere gi\u00e0 morti. Ripuliremo le stalle di Augia o soccomberemo nella fossa di follia culturale che ci stanno scavando dall&#8217;interno?<\/em> <\/span><\/p>\n<p style=\"text-align: center;\"><span style=\"color: #000000;\"><strong>Giulio Meotti<\/strong><\/span><\/p>\n<p style=\"text-align: justify;\"><span style=\"color: #000000;\"><img loading=\"lazy\" decoding=\"async\" class=\"size-medium wp-image-47707 alignleft\" src=\"https:\/\/www.rassegnastampa-totustuus.it\/cattolica\/wp-content\/uploads\/2020\/07\/gay_omosessuali_gender-300x169.jpg\" alt=\"\" width=\"300\" height=\"169\" srcset=\"https:\/\/www.rassegnastampa-totustuus.it\/cattolica\/wp-content\/uploads\/2020\/07\/gay_omosessuali_gender-300x169.jpg 300w, https:\/\/www.rassegnastampa-totustuus.it\/cattolica\/wp-content\/uploads\/2020\/07\/gay_omosessuali_gender-768x432.jpg 768w, https:\/\/www.rassegnastampa-totustuus.it\/cattolica\/wp-content\/uploads\/2020\/07\/gay_omosessuali_gender-1024x576.jpg 1024w, https:\/\/www.rassegnastampa-totustuus.it\/cattolica\/wp-content\/uploads\/2020\/07\/gay_omosessuali_gender.jpg 1920w\" sizes=\"auto, (max-width: 300px) 100vw, 300px\" \/>\u201cPi\u00f9 che di morire, l\u2019Occidente dovrebbe temere di essere gi\u00e0 morto. E pi\u00f9 che di essere attaccato dall\u2019esterno dovrebbe guardarsi da chi gli sta scavando la fossa dall\u2019interno. Bambine di otto anni che vogliono cambiare sesso, tagliagole presentati come vittime del \u00abrazzismo sistemico\u00bb, \u00abasili arcobaleno\u00bb, una ragazza che non va pi\u00f9 a scuola per profetizzare la morte climatica, roghi di libri accusati di \u00abcolonialismo\u00bb, professori licenziati per aver usato il \u00abpronome sbagliato\u00bb, ministri europei a processo per aver citato la Bibbia, anche la Chiesa <img loading=\"lazy\" decoding=\"async\" class=\"size-medium wp-image-47251 alignright\" src=\"https:\/\/www.rassegnastampa-totustuus.it\/cattolica\/wp-content\/uploads\/2020\/05\/Greta_Thunberg-300x168.jpg\" alt=\"\" width=\"300\" height=\"168\" srcset=\"https:\/\/www.rassegnastampa-totustuus.it\/cattolica\/wp-content\/uploads\/2020\/05\/Greta_Thunberg-300x168.jpg 300w, https:\/\/www.rassegnastampa-totustuus.it\/cattolica\/wp-content\/uploads\/2020\/05\/Greta_Thunberg-768x431.jpg 768w, https:\/\/www.rassegnastampa-totustuus.it\/cattolica\/wp-content\/uploads\/2020\/05\/Greta_Thunberg-1024x574.jpg 1024w, https:\/\/www.rassegnastampa-totustuus.it\/cattolica\/wp-content\/uploads\/2020\/05\/Greta_Thunberg.jpg 1920w\" sizes=\"auto, (max-width: 300px) 100vw, 300px\" \/>cattolica che parla la Neolingua politicamente corretta\u2026 Come ripuliremo le stalle di Augia d\u2019Occidente? Ne usciremo o dovremo percorrere fino in fondo la strada di questo nuovo nichilismo, cercando di sopravvivere a una censura dopo l\u2019altra?\u201d.<\/span><\/p>\n<p style=\"text-align: justify;\"><span style=\"color: #000000;\">Esce oggi il mio nuovo libro per le edizioni Lindau,<\/span><span style=\"color: #0000ff;\"> <em><a style=\"color: #0000ff;\" href=\"https:\/\/www.amazon.it\/barbari-Occidente-vietato-pensare-parlare\/dp\/8833539180\/ref=sr_1_8?crid=3K1FB6TUPLKON&amp;keywords=giulio+meotti&amp;qid=1673292282&amp;sprefix=%2Caps%2C393&amp;sr=8-8\" target=\"_blank\" rel=\"noopener noreferrer\">I nuovi barbari. In Occidente \u00e8 vietato pensare (e parlare)?<\/a><\/em> <\/span><span style=\"color: #000000;\">In esclusiva per gli abbonati alla newsletter. Un tentativo di raccontare cosa \u00e8 diventato il nostro \u00abOccidente\u00bb.<\/span><\/p>\n<p style=\"text-align: justify;\"><span style=\"color: #000000;\"><em>\u201cChe aspettiamo, raccolti nella piazza? Oggi arrivano i barbari\u201d (Kavafis)<\/em><\/span><\/p>\n<p style=\"text-align: justify;\"><span style=\"color: #000000;\"><img loading=\"lazy\" decoding=\"async\" class=\" wp-image-51675 alignleft\" src=\"https:\/\/www.rassegnastampa-totustuus.it\/cattolica\/wp-content\/uploads\/2021\/06\/Francia_Islam_Europa.jpg\" alt=\"\" width=\"158\" height=\"221\" \/>Il fatto che la nostra epoca sia decadente (la pi\u00f9 libera della storia e la pi\u00f9 intollerante) e che ogni giorno ce ne fornisca una ulteriore prova non \u00e8 sufficiente per gli ottimisti che ci assicurano che va tutto bene, variazione sul saggio e lo stolto, il dito e la luna. Oggi non siamo pi\u00f9 nel nichilismo del XX secolo, ma in un nichilismo morbido, seducente, narcotizzante.\u00a0<\/span><\/p>\n<p style=\"text-align: justify;\"><span style=\"color: #000000;\">Non si pu\u00f2 pi\u00f9 giudicare nulla in una societ\u00e0 senza scala di valori. E cos\u00ec prolifera la censura. In pochissimi anni, tre-quattro, si \u00e8 instaurato un nuovo ordine intellettuale antidialettico che demonizza tutto ci\u00f2 che lo minaccia. Liste nere appaiono ovunque. Sul clima, sulla razza, sul sesso, sull\u2019islam, sulla storia. Purifichiamo. Escludiamo. Linciamo. Esiliamo. Ci mettiamo al passo. Siamo vigili. Con tutte le nostre forze. Giorno e notte. Mai abbassare la guardia.\u00a0<\/span><\/p>\n<p style=\"text-align: justify;\"><span style=\"color: #000000;\"><img loading=\"lazy\" decoding=\"async\" class=\"size-full wp-image-52283 alignright\" src=\"https:\/\/www.rassegnastampa-totustuus.it\/cattolica\/wp-content\/uploads\/2021\/08\/Woke_revolution.jpg\" alt=\"\" width=\"294\" height=\"171\" \/>L\u2019onnipotente non-contraddizione consente ai \u00abmaestri della parola e del pensiero\u00bb di essere allo stesso tempo libertari e sovversivi, ribelli decorati e funzionari censori che decretano costantemente ci\u00f2 che \u00e8 discutibile e ci\u00f2 che non lo \u00e8. Si sono dati i nomi pi\u00f9 magnifici: progressisti, inclusivi, woke. La cultura si \u00e8 ridotta ad arredare i salotti buoni. L\u2019era dell\u2019ottimismo panglossiano ha ammutolito ogni critica. Siamo nel postmoderno del relativismo generalizzato e dell\u2019instabilit\u00e0 identitaria. Ci muoviamo da un\u2019utopia debole all\u2019altra. \u00f9<\/span><\/p>\n<p style=\"text-align: justify;\"><span style=\"color: #000000;\"><img loading=\"lazy\" decoding=\"async\" class=\"size-full wp-image-48497 alignleft\" src=\"https:\/\/www.rassegnastampa-totustuus.it\/cattolica\/wp-content\/uploads\/2020\/09\/ateismo_68.jpg\" alt=\"\" width=\"275\" height=\"183\" \/>Il nuovo conformismo affonda la lama nel burro di questo corpaccione culturale indefinito (la stessa \u00abdestra\u00bb oggi non \u00e8 altro che la sinistra al culmine della sua fase senile). E la nuova superstizione (\u00abnon esistono maschi e femmine, ma individui fluidi\u00bb, \u00abl\u2019uomo bianco \u00e8 razzista\u00bb, \u00abil velo \u00e8 libert\u00e0\u00bb\u2026) passa attraverso l\u2019immensa botola delle banalit\u00e0 che \u00e8 la nuova variabile progressista.<\/span><\/p>\n<p style=\"text-align: justify;\"><span style=\"color: #000000;\">Intere industrie vivono di questo paradosso infernale. I Grandi Racconti? Ne abbiamo abbastanza. Dio? Morto. La morte? Dio. L\u2019autoalienazione diventa la nostra ultima identit\u00e0. Le vecchie identit\u00e0 sono pericolose, inutili, discutibili, sessiste, razziste, patriarcali, eurocentriche. L\u2019islam ci atterrisce, cos\u00ec lo esorcizziamo dicendo che \u00e8 una \u00abreligione di pace\u00bb, e pi\u00f9 che la fine della Storia assistiamo alla Storia che riaffiora ovunque, come un\u2019erbaccia, in forme convulse e malefiche, come diceva Freud delle religioni morte che ritornano sempre nelle nuove religioni, ma in forma di demoni. <\/span><\/p>\n<p style=\"text-align: justify;\"><span style=\"color: #000000;\"><img loading=\"lazy\" decoding=\"async\" class=\"size-full wp-image-43331 alignright\" src=\"https:\/\/www.rassegnastampa-totustuus.it\/cattolica\/wp-content\/uploads\/2019\/06\/navi_Ong_immigrazione.jpg\" alt=\"\" width=\"290\" height=\"174\" \/>La societ\u00e0 decade in sottoculture abortite. L\u2019individualista postmoderno chiede solo applausi. Libertinismo di massa. Liberalismo di massa. Trasgressioni di massa. Mercato di massa. Migrazione di massa. Incivilt\u00e0 di massa. Barbarie di massa. Omicidi di massa. La \u00abmassa\u00bb \u00e8 l\u2019ultimo aggregatore delle nostre catastrofi culturali.\u00a0<\/span><\/p>\n<p style=\"text-align: justify;\"><span style=\"color: #000000;\">E minoranze.\u00a0<\/span><\/p>\n<p style=\"text-align: justify;\"><span style=\"color: #000000;\"><img loading=\"lazy\" decoding=\"async\" class=\"size-full wp-image-26590 alignleft\" src=\"https:\/\/www.rassegnastampa-totustuus.it\/cattolica\/wp-content\/uploads\/2005\/05\/gay_pride.jpg\" alt=\"\" width=\"284\" height=\"178\" \/>Minoranze ovunque. Sessuali, razziali, religiose. I diritti di protezione delle minoranze si trasformano in diritti alla maggioranza e in dovere di conformismo. Il pulsante \u00abmi piace\u00bb, premuto a ripetizione, diventa un diritto umano. L\u2019aborto? Anche dopo la nascita. L\u2019eutanasia? Per i bambini e per i disabili fisici e mentali. Non ci devono essere padri, madri, figli e figlie, maschi e femmine, culture, storie e nazioni. In cambio avrete solo il divertimento e la \u00abcreativit\u00e0\u00bb. <\/span><\/p>\n<p style=\"text-align: justify;\"><span style=\"color: #000000;\"><img loading=\"lazy\" decoding=\"async\" class=\"size-medium wp-image-45215 alignright\" src=\"https:\/\/www.rassegnastampa-totustuus.it\/cattolica\/wp-content\/uploads\/2019\/11\/immigrati-300x169.jpg\" alt=\"\" width=\"300\" height=\"169\" srcset=\"https:\/\/www.rassegnastampa-totustuus.it\/cattolica\/wp-content\/uploads\/2019\/11\/immigrati-300x169.jpg 300w, https:\/\/www.rassegnastampa-totustuus.it\/cattolica\/wp-content\/uploads\/2019\/11\/immigrati-768x432.jpg 768w, https:\/\/www.rassegnastampa-totustuus.it\/cattolica\/wp-content\/uploads\/2019\/11\/immigrati-1024x576.jpg 1024w, https:\/\/www.rassegnastampa-totustuus.it\/cattolica\/wp-content\/uploads\/2019\/11\/immigrati.jpg 1920w\" sizes=\"auto, (max-width: 300px) 100vw, 300px\" \/>La modernit\u00e0 diventa la propria stessa caricatura. Tutti liberali. L\u2019uniformit\u00e0 regna, la libert\u00e0 si rivela nell\u2019adattabilit\u00e0 a ogni situazione, la diversit\u00e0 porta all\u2019omogeneit\u00e0 di un\u2019ideologia dominante. La giostra dell\u2019autoriflessione narcisistica gira sempre pi\u00f9 veloce. Si rende omaggio a una mondana e dolce religione dell\u2019umanit\u00e0 che deve superare tutto. <\/span><\/p>\n<p style=\"text-align: justify;\"><span style=\"color: #000000;\">Siamo nel tempo dell\u2019\u00abumanaio globale\u00bb di Alexander Zinov\u2019ev, l\u2019autore di \u00abCime abissali\u00bb, un pamphlet antisovietico che sarebbe divenuto un libro-culto della dissidenza. Le societ\u00e0 occidentali hanno bisogno di un Supervisore. Tutto \u00e8 negoziabile. I confini si dissolvono. La natura \u00e8 una costruzione culturale. L\u2019Occidente, si sente dire, \u00e8 logocentrico e la storia europea \u00e8 condannata dal sangue di tutti i popoli fuori dai nostri confini. L\u2019Unione Europea \u00e8 una impresa supermorale, la civilt\u00e0 della fine delle civilt\u00e0. <\/span><\/p>\n<p style=\"text-align: justify;\"><span style=\"color: #000000;\"><img loading=\"lazy\" decoding=\"async\" class=\"size-full wp-image-55029 alignleft\" src=\"https:\/\/www.rassegnastampa-totustuus.it\/cattolica\/wp-content\/uploads\/2022\/11\/sinistra_radicalchic.jpg\" alt=\"\" width=\"225\" height=\"225\" srcset=\"https:\/\/www.rassegnastampa-totustuus.it\/cattolica\/wp-content\/uploads\/2022\/11\/sinistra_radicalchic.jpg 225w, https:\/\/www.rassegnastampa-totustuus.it\/cattolica\/wp-content\/uploads\/2022\/11\/sinistra_radicalchic-150x150.jpg 150w\" sizes=\"auto, (max-width: 225px) 100vw, 225px\" \/>L\u2019occidentalismo progressista (\u00absiamo la civilt\u00e0 pi\u00f9 libera, democratica, inclusiva e progressista della storia\u00bb) \u00e8 la malattia senile dell\u2019Occidente legittimato solo dalla devastazione culturale che provoca e dal risentimento che spera di esacerbare, mentre afferma di lavorare per il Bene. Oggi tutta la societ\u00e0 occidentale diventa il laboratorio in cui si lavora all\u2019uomo che agisce per ammaestramenti.\u00a0<\/span><\/p>\n<p style=\"text-align: justify;\"><span style=\"color: #000000;\">Secondo la vulgata pseudoprogressista l\u2019immigrazione \u00e8 sempre bene e le frontiere esistono soltanto per essere valicate, l\u2019Occidente deve espiare di esistere, il genere \u00e8 separato dal sesso ed esiste in infinite varianti, la famiglia naturale \u00e8 male, il cristianesimo \u00e8 un relitto da cancellare, la vita umana non inizia mai e finisce quando lo decidiamo noi, il transumanesimo \u00e8 l\u2019orizzonte dell\u2019uomo contemporaneo&#8230; Si potrebbe continuare a lungo con questo campionario di affermazioni grottesche, e a lungo si potrebbe riderne, se le conseguenze non fossero libri proibiti, censurati e al macero; parole e idee vietate; intellettuali processati e accademici allontanati\u2026 <\/span><\/p>\n<p style=\"text-align: justify;\"><span style=\"color: #000000;\"><img loading=\"lazy\" decoding=\"async\" class=\"size-full wp-image-27427 alignright\" src=\"https:\/\/www.rassegnastampa-totustuus.it\/cattolica\/wp-content\/uploads\/2005\/06\/bavaglio.jpg\" alt=\"\" width=\"265\" height=\"190\" \/>Perch\u00e9 la \u00abdiversit\u00e0\u00bb \u00e8 s\u00ec la nuova bandiera, ma non vale se a essere diverse sono le opinioni. Come si pu\u00f2 continuare nella difesa di una civilt\u00e0 di cui non ci permettiamo di vedere la straordinaria e mostruosa trasformazione? Una civilt\u00e0 che, per uno strano paradosso, volendo emancipare l\u2019individuo lo ha reso schiavo?\u00a0<\/span><\/p>\n<p style=\"text-align: justify;\"><span style=\"color: #000000;\">Restano cos\u00ec, sempre meno, autentici dissidenti. Perch\u00e9 la vita dello spirito in Occidente sta imparando da come si viveva a Est, sotto le meraviglie del \u00absocialismo reale\u00bb. Philippe d\u2019Iribarne, direttore di ricerca al CNRS francese, su \u00abLe Figaro\u00bb del 28 marzo 2021 spiega: \u00abCosa ci riserva il futuro? Possiamo dubitare che questo confronto ideologico sia meno duraturo di quello che si \u00e8 sviluppato intorno al sogno comunista\u00bb.<\/span><\/p>\n<p style=\"text-align: justify;\"><span style=\"color: #000000;\"><img loading=\"lazy\" decoding=\"async\" class=\"size-medium wp-image-50474 alignleft\" src=\"https:\/\/www.rassegnastampa-totustuus.it\/cattolica\/wp-content\/uploads\/2021\/03\/Cancel_culture-300x154.jpg\" alt=\"\" width=\"300\" height=\"154\" srcset=\"https:\/\/www.rassegnastampa-totustuus.it\/cattolica\/wp-content\/uploads\/2021\/03\/Cancel_culture-300x154.jpg 300w, https:\/\/www.rassegnastampa-totustuus.it\/cattolica\/wp-content\/uploads\/2021\/03\/Cancel_culture-768x394.jpg 768w, https:\/\/www.rassegnastampa-totustuus.it\/cattolica\/wp-content\/uploads\/2021\/03\/Cancel_culture-1024x526.jpg 1024w, https:\/\/www.rassegnastampa-totustuus.it\/cattolica\/wp-content\/uploads\/2021\/03\/Cancel_culture.jpg 1500w\" sizes=\"auto, (max-width: 300px) 100vw, 300px\" \/>La demolizione delle statue dei grandi uomini della storia, la censura delle parole \u00absovversive\u00bb, l\u2019ammutolimento degli insegnanti che temono di essere percossi con le mazze ferrate dell\u2019ideologia di turno, l\u2019odio per i classici e i capolavori della letteratura con il pretesto che tramandano stereotipi razzisti, sessisti, xenofobi; le quote di colore in televisione, al cinema, nelle orchestre, ovunque; le ricompense ufficiali per i giornalisti che, nel servizio pubblico, forniscono propaganda a buon mercato; la tirannia dei bambini che impartiscono lezioni di morale agli adulti; la distruzione della lingua tramite la \u00abscrittura inclusiva\u00bb\u2026 Cos\u2019altro \u00e8, questa, se non un\u2019epoca decadente? Si fatica a credere che sia reale.\u00a0<\/span><\/p>\n<p style=\"text-align: justify;\"><span style=\"color: #000000;\"><img loading=\"lazy\" decoding=\"async\" class=\"size-full wp-image-16827 alignright\" src=\"https:\/\/www.rassegnastampa-totustuus.it\/cattolica\/wp-content\/uploads\/2006\/11\/buonismo.jpg\" alt=\"\" width=\"237\" height=\"213\" \/>Siamo bombardati ogni giorno da assurdi dogmi, slogan, hashtag, parole d\u2019ordine. Si assiste a un vero e proprio lisenkoismo delle menti. La civilt\u00e0 occidentale \u00e8 gravata di tutti i peccati. Si lavora a un uomo senza storia, senza profondit\u00e0 temporale e sedimentazione storica, creatura \u00abnaturale\u00bb appiattita nel presente, viaggiatore senza valigia, migrante liquido, anche l\u2019islamico ora \u00e8 woke. Un umanitarismo senza precedenti sostituisce il principio della diversit\u00e0 dei popoli con quello dell\u2019intercambiabilit\u00e0 integrale delle popolazioni. La difesa dei confini diventa non solo impossibile, ma illegittima, perch\u00e9 sulle rovine delle sovranit\u00e0 nazionali dovrebbe emergere un nuovo ordine, post-politico e post-stato.<\/span><\/p>\n<p style=\"text-align: justify;\"><span style=\"color: #000000;\"><img loading=\"lazy\" decoding=\"async\" class=\" wp-image-27139 alignleft\" src=\"https:\/\/www.rassegnastampa-totustuus.it\/cattolica\/wp-content\/uploads\/2015\/11\/Ong.jpg\" alt=\"\" width=\"295\" height=\"196\" \/>E cos\u00ec le nostre democrazie sono come metafore cinetiche: c\u2019\u00e8 sempre qualche altro \u00abbalzo in avanti\u00bb nella nostra radiosa postmodernit\u00e0 che procede verso l\u2019ominizzazione. Il Club Med mondiale che stiamo costruendo ha messo radici in un limo imbevuto di cultura nichilista, pazzoide, intollerante e tuttavia piena di \u00abamore\u00bb. Un totalitarismo soft e \u00abaperto\u00bb, che \u00e8 poroso e osmotico, e aggrega a s\u00e9 tutte le tendenze suicide che proliferano nelle societ\u00e0 occidentali. <\/span><\/p>\n<p style=\"text-align: justify;\"><span style=\"color: #000000;\">La chiamano \u00abconvergenza delle lotte\u00bb. Complici di questo totalitarismo soffice sono blocchi di paesi, partiti politici, commissioni per i diritti umani, giudici, dirigenti sindacali, organizzazioni umanitarie \u00abnon governative\u00bb, istituzioni internazionali, giornalisti, uomini d\u2019affari, lobbisti, funzionari statali, conduttori televisivi,\u00abartisti\u00bb.<\/span><\/p>\n<p style=\"text-align: justify;\"><span style=\"color: #000000;\"><img loading=\"lazy\" decoding=\"async\" class=\"size-medium wp-image-55337 alignright\" src=\"https:\/\/www.rassegnastampa-totustuus.it\/cattolica\/wp-content\/uploads\/2022\/12\/Facebook_censura_social-300x199.jpg\" alt=\"\" width=\"300\" height=\"199\" srcset=\"https:\/\/www.rassegnastampa-totustuus.it\/cattolica\/wp-content\/uploads\/2022\/12\/Facebook_censura_social-300x199.jpg 300w, https:\/\/www.rassegnastampa-totustuus.it\/cattolica\/wp-content\/uploads\/2022\/12\/Facebook_censura_social.jpg 640w\" sizes=\"auto, (max-width: 300px) 100vw, 300px\" \/>Anna Krylov, scienziata nata in Unione Sovietica e che oggi insegna all\u2019Universit\u00e0 della California (\u00e8 una delle principali ricercatrici di quantistica molecolare), sul \u00abJournal of Physical Chemistry Letters\u00bb del 10 giugno 2021 ha scritto: \u201cIl paese indicato sul mio certificato di nascita e sui miei diplomi universitari, l\u2019URSS, non \u00e8 pi\u00f9 sulla mappa. Ma mi ritrovo a vivere la sua eredit\u00e0 a migliaia di chilometri a Occidente, come se vivessi in una zona d\u2019ombra orwelliana. Sono testimone di tentativi sempre maggiori di sottoporre la scienza e l\u2019educazione al controllo ideologico e alla censura. Proprio come ai tempi dell\u2019Unione Sovietica, la censura \u00e8 giustificata dal bene superiore\u201d.<\/span><\/p>\n<p style=\"text-align: justify;\"><span style=\"color: #000000;\">Hanno iniziato colpendo chi pi\u00f9 in alto non si poteva, il vicario di Cristo. Papa Benedetto XVI doveva andare a parlare alla Sapienza in occasione dell\u2019inaugurazione dell\u2019anno accademico. Ratzinger non parteciper\u00e0, perch\u00e9 \u00abincongruo\u00bb e non in linea con la \u00ablaicit\u00e0 della scienza\u00bb, sentenziarono un centinaio di docenti firmatari di una lettera al rettore, Renato Guarini. Avrebbero voluto un papa meno \u00abretrogrado\u00bb. <\/span><span style=\"color: #000000;\">Pi\u00f9 vicino alle persone. <\/span><span style=\"color: #000000;\">Pi\u00f9 \u00abin sintonia con la societ\u00e0\u00bb. <\/span><\/p>\n<p style=\"text-align: justify;\"><span style=\"color: #000000;\"><img loading=\"lazy\" decoding=\"async\" class=\"size-medium wp-image-46458 alignleft\" src=\"https:\/\/www.rassegnastampa-totustuus.it\/cattolica\/wp-content\/uploads\/2020\/02\/Francesco_papa_Onu-300x169.jpg\" alt=\"\" width=\"300\" height=\"169\" srcset=\"https:\/\/www.rassegnastampa-totustuus.it\/cattolica\/wp-content\/uploads\/2020\/02\/Francesco_papa_Onu-300x169.jpg 300w, https:\/\/www.rassegnastampa-totustuus.it\/cattolica\/wp-content\/uploads\/2020\/02\/Francesco_papa_Onu-768x432.jpg 768w, https:\/\/www.rassegnastampa-totustuus.it\/cattolica\/wp-content\/uploads\/2020\/02\/Francesco_papa_Onu-1024x576.jpg 1024w, https:\/\/www.rassegnastampa-totustuus.it\/cattolica\/wp-content\/uploads\/2020\/02\/Francesco_papa_Onu.jpg 1920w\" sizes=\"auto, (max-width: 300px) 100vw, 300px\" \/>Con gli incantesimi della contemporaneit\u00e0 e l\u2019innegabile prestigio dei nuovi costumi del secolo. Un papa cittadino. Un papa che lascia la Santa Sede, una volta per tutte, per non tornare mai pi\u00f9. Un papa che fa cancel culture in Vaticano, che prende una posizione ferma a favore della procreazione assistita come per il matrimonio dei preti e l\u2019ordinazione delle donne. Un nuovo papa come ci sono i nuovi padri. Un papa che fa campagna per le piste ciclabili. Un papa preoccupato per il miglioramento della qualit\u00e0 dell\u2019aria. Un papa come noi. Ecco perch\u00e9 Ratzinger dava cos\u00ec fastidio.<\/span><\/p>\n<p style=\"text-align: justify;\"><span style=\"color: #000000;\"><img loading=\"lazy\" decoding=\"async\" class=\"size-medium wp-image-42816 alignright\" src=\"https:\/\/www.rassegnastampa-totustuus.it\/cattolica\/wp-content\/uploads\/2019\/04\/politicamente-corretto-300x200.jpg\" alt=\"\" width=\"300\" height=\"200\" srcset=\"https:\/\/www.rassegnastampa-totustuus.it\/cattolica\/wp-content\/uploads\/2019\/04\/politicamente-corretto-300x200.jpg 300w, https:\/\/www.rassegnastampa-totustuus.it\/cattolica\/wp-content\/uploads\/2019\/04\/politicamente-corretto-768x512.jpg 768w, https:\/\/www.rassegnastampa-totustuus.it\/cattolica\/wp-content\/uploads\/2019\/04\/politicamente-corretto-1024x682.jpg 1024w, https:\/\/www.rassegnastampa-totustuus.it\/cattolica\/wp-content\/uploads\/2019\/04\/politicamente-corretto.jpg 1600w\" sizes=\"auto, (max-width: 300px) 100vw, 300px\" \/>L\u2019ex refusenik sovietico Natan Sharansky in un saggio ha spiegato che il politicamente corretto \u00e8 nato in Unione Sovietica. Il condizionamento ideologico, la proscrizione di un numero di parole, l\u2019obbligo di celebrare l\u2019ideologia anche quando la realt\u00e0 la sconfessa, la partecipazione a rituali di odio pubblico, la denuncia di chi contraddice i diktat e, pur nell\u2019evidente differenza fra un sistema che uccideva e uno che al massimo ti cancella, gli ex dissidenti sono atterriti dalle somiglianze.<\/span><\/p>\n<p style=\"text-align: justify;\"><span style=\"color: #000000;\">Le speranze di uguaglianza illimitata che la vecchia ideologia aveva dato all\u2019uomo, anche se non viveva sotto un regime comunista, e anche se queste speranze erano state rapidamente disattese, lungi dallo scomparire si ricostituiscono in polvere di neo-soviet che esercitano la loro tirannia su coloro che fanno parte del gruppo, poi trasmettono questa tirannia e la estendono a tutta la societ\u00e0, costretta a inchinarsi cos\u00ec che tutti i diritti alla differenza sommati portano all\u2019unico diritto fondamentale: il diritto alla deferenza. <\/span><\/p>\n<p style=\"text-align: justify;\"><span style=\"color: #000000;\"><img loading=\"lazy\" decoding=\"async\" class=\" wp-image-38320 alignleft\" src=\"https:\/\/www.rassegnastampa-totustuus.it\/cattolica\/wp-content\/uploads\/2017\/08\/morte_europa.jpg\" alt=\"\" width=\"172\" height=\"171\" srcset=\"https:\/\/www.rassegnastampa-totustuus.it\/cattolica\/wp-content\/uploads\/2017\/08\/morte_europa.jpg 225w, https:\/\/www.rassegnastampa-totustuus.it\/cattolica\/wp-content\/uploads\/2017\/08\/morte_europa-150x150.jpg 150w\" sizes=\"auto, (max-width: 172px) 100vw, 172px\" \/>E le \u00abofferte\u00bb comunitarie sono quelle che non si possono rifiutare poich\u00e9 parlano di giustizia, tolleranza, amore, equit\u00e0, inclusione e apertura agli altri. Questo si traduce immediatamente in insaziabili richieste di leggi repressive che proliferano ovunque in Occidente.<\/span><\/p>\n<p style=\"text-align: justify;\"><span style=\"color: #000000;\">La storia scompare dietro la lezione che si pretende di trarre da essa. Solo l\u2019individuo senza storia \u00e8 liberale e progressista. Anche lo scetticismo, la virt\u00f9 classica degli illuministi, \u00e8 sospetto per i nuovi senzatetto della cultura. La nostra societ\u00e0 tardo-moderna soccombe a una nuova ortodossia. La pressione ad adattarsi continua ad aumentare. Ogni \u00abfobia\u00bb va sradicata. Nel momento in cui la lotta di classe ha perso fascino, i \u00abmarxisti culturali\u00bb hanno usato le leve della societ\u00e0 libera contro di essa. <\/span><\/p>\n<p style=\"text-align: justify;\"><span style=\"color: #000000;\"><img loading=\"lazy\" decoding=\"async\" class=\"size-full wp-image-26756 alignright\" src=\"https:\/\/www.rassegnastampa-totustuus.it\/cattolica\/wp-content\/uploads\/2009\/06\/multiculturalismo.jpg\" alt=\"\" width=\"268\" height=\"188\" \/>Le \u00e9lite sono i mandanti di una teleologia della storia che \u00e8 la vittoria dell\u2019\u00abOccidente\u00bb, che \u00e8 la mega civilt\u00e0 universalista e liberale di sinistra che diverr\u00e0 una sorta di grande New York multiculturale, inclusiva, tollerante, aperta e diversificata, islamofila e Lgbt (no, le contraddizioni non contano), dove le persone non sono pi\u00f9 destinatarie di origine, cultura, religione, tradizione o sesso, ma androgini da progettare. \u00abSiamo come trib\u00f9 che hanno perso la propria identit\u00e0\u00bb, ha detto il grande scrittore americano Cormac McCarthy.\u00a0<\/span><\/p>\n<p style=\"text-align: justify;\"><span style=\"color: #000000;\">Perch\u00e9 dobbiamo tutti dimostrare di pensare come gli altri, cos\u00ec prendiamo in prestito parole d\u2019ordine che saranno viste come segni di mobilitazione e fedelt\u00e0 al <img loading=\"lazy\" decoding=\"async\" class=\" wp-image-27290 alignleft\" src=\"https:\/\/www.rassegnastampa-totustuus.it\/cattolica\/wp-content\/uploads\/2013\/09\/crisi_Occidente.jpg\" alt=\"\" width=\"294\" height=\"198\" \/>regime. Anche chi devia discretamente dall\u2019ortodossia deve prima praticare la genuflessione davanti alle parole d\u2019ordine (clima, migrazioni, inclusione, diritti), denunciare ritualmente i nemici del regime. Ci\u00f2 che ha fatto la nostra civilt\u00e0 non \u00e8 pi\u00f9 difendibile se non passando per \u00abconservatori\u00bb o \u00abreazionari\u00bb. E pi\u00f9 questa \u00abdiversit\u00e0\u00bb \u00e8 conflittuale, pi\u00f9 siamo costretti ad amarla. Ci aspetta un Occidente in cui il \u00abcambiamento\u00bb sar\u00e0 l\u2019unica cosa permanente. E guai a mettere in discussione il cambiamento. Chi vuole rimanere indietro?<\/span><\/p>\n<p style=\"text-align: justify;\"><span style=\"color: #000000;\">Un nuovo barbaro ha instaurato in Occidente un clima di paura che porta ad applausi unanimi di cose sempre pi\u00f9 strane e detestabili. Disperazione mascherata da pensiero positivo, sorriso da clown su un volto di orrore.<\/span><\/p>\n<p style=\"text-align: center;\"><span style=\"color: #0000ff;\"><a style=\"color: #0000ff;\" href=\"https:\/\/meotti.substack.com\/\" target=\"_blank\" rel=\"noopener\">ISCRIVITI ALLA NEWSLETTER<\/a><\/span><\/p>\n<p>______________________________________<\/p>\n","protected":false},"excerpt":{"rendered":"<p>Abstract: i nuovi barbari dell&#8217;Occidente. Pi\u00f9 che di morire, l\u2019Occidente dovrebbe temere di essere gi\u00e0 morto. E pi\u00f9 che di essere attaccato dall\u2019esterno dovrebbe guardarsi da chi gli sta scavando la fossa dall\u2019interno. Bambine di otto anni che vogliono cambiare sesso, tagliagole presentati come vittime del \u00abrazzismo sistemico\u00bb, \u00abasili arcobaleno\u00bb, una ragazza che non va &hellip; <\/p>\n<p><a class=\"more-link btn\" href=\"https:\/\/www.rassegnastampa-totustuus.it\/cattolica\/i-nuovi-barbari-delloccidente\/\">Continua a leggere<\/a><\/p>\n","protected":false},"author":6,"featured_media":55548,"comment_status":"closed","ping_status":"closed","sticky":false,"template":"","format":"standard","meta":{"footnotes":""},"categories":[17],"tags":[2837,265],"class_list":["post-55547","post","type-post","status-publish","format-standard","has-post-thumbnail","hentry","category-libri","tag-crisi-delloccidente","tag-libri-2","item-wrap"],"yoast_head":"<!-- This site is optimized with the Yoast SEO plugin v27.5 - https:\/\/yoast.com\/product\/yoast-seo-wordpress\/ -->\n<title>I nuovi barbari dell&#039;Occidente - Rassegna Stampa Cattolica<\/title>\n<meta name=\"description\" content=\"I nuovi barbari dell&#039;Occidente; soccomberemo nella fossa di follia culturale che ci stianno scavando dall&#039;interno?\" \/>\n<meta name=\"robots\" content=\"index, follow, max-snippet:-1, max-image-preview:large, max-video-preview:-1\" \/>\n<link rel=\"canonical\" href=\"https:\/\/www.rassegnastampa-totustuus.it\/cattolica\/i-nuovi-barbari-delloccidente\/\" \/>\n<meta property=\"og:locale\" content=\"it_IT\" \/>\n<meta property=\"og:type\" content=\"article\" \/>\n<meta property=\"og:title\" content=\"I nuovi barbari dell&#039;Occidente - Rassegna Stampa Cattolica\" \/>\n<meta property=\"og:description\" content=\"I nuovi barbari dell&#039;Occidente; soccomberemo nella fossa di follia culturale che ci stianno scavando dall&#039;interno?\" \/>\n<meta property=\"og:url\" content=\"https:\/\/www.rassegnastampa-totustuus.it\/cattolica\/i-nuovi-barbari-delloccidente\/\" \/>\n<meta property=\"og:site_name\" content=\"Rassegna Stampa Cattolica\" \/>\n<meta property=\"article:publisher\" content=\"https:\/\/www.facebook.com\/rassegnastampacattolica\" \/>\n<meta property=\"article:published_time\" content=\"2023-02-01T23:00:04+00:00\" \/>\n<meta property=\"article:modified_time\" content=\"2024-01-30T15:33:03+00:00\" \/>\n<meta property=\"og:image\" content=\"https:\/\/www.rassegnastampa-totustuus.it\/cattolica\/wp-content\/uploads\/2023\/01\/Meotti_cover.jpg\" \/>\n\t<meta property=\"og:image:width\" content=\"225\" \/>\n\t<meta property=\"og:image:height\" content=\"225\" \/>\n\t<meta property=\"og:image:type\" content=\"image\/jpeg\" \/>\n<meta name=\"author\" content=\"Redazione\" \/>\n<meta name=\"twitter:card\" content=\"summary_large_image\" \/>\n<meta name=\"twitter:creator\" content=\"@rassegnastampa9\" \/>\n<meta name=\"twitter:site\" content=\"@rassegnastampa9\" \/>\n<meta name=\"twitter:label1\" content=\"Scritto da\" \/>\n\t<meta name=\"twitter:data1\" content=\"Redazione\" \/>\n\t<meta name=\"twitter:label2\" content=\"Tempo di lettura stimato\" \/>\n\t<meta name=\"twitter:data2\" content=\"17 minuti\" \/>\n<script type=\"application\/ld+json\" class=\"yoast-schema-graph\">{\"@context\":\"https:\\\/\\\/schema.org\",\"@graph\":[{\"@type\":\"Article\",\"@id\":\"https:\\\/\\\/www.rassegnastampa-totustuus.it\\\/cattolica\\\/i-nuovi-barbari-delloccidente\\\/#article\",\"isPartOf\":{\"@id\":\"https:\\\/\\\/www.rassegnastampa-totustuus.it\\\/cattolica\\\/i-nuovi-barbari-delloccidente\\\/\"},\"author\":{\"name\":\"Redazione\",\"@id\":\"https:\\\/\\\/www.rassegnastampa-totustuus.it\\\/cattolica\\\/#\\\/schema\\\/person\\\/08f319d2bd1a0904ad9e2bfb7b15e5c3\"},\"headline\":\"I nuovi barbari dell&#8217;Occidente\",\"datePublished\":\"2023-02-01T23:00:04+00:00\",\"dateModified\":\"2024-01-30T15:33:03+00:00\",\"mainEntityOfPage\":{\"@id\":\"https:\\\/\\\/www.rassegnastampa-totustuus.it\\\/cattolica\\\/i-nuovi-barbari-delloccidente\\\/\"},\"wordCount\":2299,\"publisher\":{\"@id\":\"https:\\\/\\\/www.rassegnastampa-totustuus.it\\\/cattolica\\\/#organization\"},\"image\":{\"@id\":\"https:\\\/\\\/www.rassegnastampa-totustuus.it\\\/cattolica\\\/i-nuovi-barbari-delloccidente\\\/#primaryimage\"},\"thumbnailUrl\":\"https:\\\/\\\/www.rassegnastampa-totustuus.it\\\/cattolica\\\/wp-content\\\/uploads\\\/2023\\\/01\\\/Meotti_cover.jpg\",\"keywords\":[\"crisi dell&#039;Occidente\",\"libri\"],\"articleSection\":[\"Libri\"],\"inLanguage\":\"it-IT\"},{\"@type\":\"WebPage\",\"@id\":\"https:\\\/\\\/www.rassegnastampa-totustuus.it\\\/cattolica\\\/i-nuovi-barbari-delloccidente\\\/\",\"url\":\"https:\\\/\\\/www.rassegnastampa-totustuus.it\\\/cattolica\\\/i-nuovi-barbari-delloccidente\\\/\",\"name\":\"I nuovi barbari dell'Occidente - Rassegna Stampa Cattolica\",\"isPartOf\":{\"@id\":\"https:\\\/\\\/www.rassegnastampa-totustuus.it\\\/cattolica\\\/#website\"},\"primaryImageOfPage\":{\"@id\":\"https:\\\/\\\/www.rassegnastampa-totustuus.it\\\/cattolica\\\/i-nuovi-barbari-delloccidente\\\/#primaryimage\"},\"image\":{\"@id\":\"https:\\\/\\\/www.rassegnastampa-totustuus.it\\\/cattolica\\\/i-nuovi-barbari-delloccidente\\\/#primaryimage\"},\"thumbnailUrl\":\"https:\\\/\\\/www.rassegnastampa-totustuus.it\\\/cattolica\\\/wp-content\\\/uploads\\\/2023\\\/01\\\/Meotti_cover.jpg\",\"datePublished\":\"2023-02-01T23:00:04+00:00\",\"dateModified\":\"2024-01-30T15:33:03+00:00\",\"description\":\"I nuovi barbari dell'Occidente; soccomberemo nella fossa di follia culturale che ci stianno scavando dall'interno?\",\"breadcrumb\":{\"@id\":\"https:\\\/\\\/www.rassegnastampa-totustuus.it\\\/cattolica\\\/i-nuovi-barbari-delloccidente\\\/#breadcrumb\"},\"inLanguage\":\"it-IT\",\"potentialAction\":[{\"@type\":\"ReadAction\",\"target\":[\"https:\\\/\\\/www.rassegnastampa-totustuus.it\\\/cattolica\\\/i-nuovi-barbari-delloccidente\\\/\"]}]},{\"@type\":\"ImageObject\",\"inLanguage\":\"it-IT\",\"@id\":\"https:\\\/\\\/www.rassegnastampa-totustuus.it\\\/cattolica\\\/i-nuovi-barbari-delloccidente\\\/#primaryimage\",\"url\":\"https:\\\/\\\/www.rassegnastampa-totustuus.it\\\/cattolica\\\/wp-content\\\/uploads\\\/2023\\\/01\\\/Meotti_cover.jpg\",\"contentUrl\":\"https:\\\/\\\/www.rassegnastampa-totustuus.it\\\/cattolica\\\/wp-content\\\/uploads\\\/2023\\\/01\\\/Meotti_cover.jpg\",\"width\":225,\"height\":225},{\"@type\":\"BreadcrumbList\",\"@id\":\"https:\\\/\\\/www.rassegnastampa-totustuus.it\\\/cattolica\\\/i-nuovi-barbari-delloccidente\\\/#breadcrumb\",\"itemListElement\":[{\"@type\":\"ListItem\",\"position\":1,\"name\":\"Home\",\"item\":\"https:\\\/\\\/www.rassegnastampa-totustuus.it\\\/cattolica\\\/\"},{\"@type\":\"ListItem\",\"position\":2,\"name\":\"I nuovi barbari dell&#8217;Occidente\"}]},{\"@type\":\"WebSite\",\"@id\":\"https:\\\/\\\/www.rassegnastampa-totustuus.it\\\/cattolica\\\/#website\",\"url\":\"https:\\\/\\\/www.rassegnastampa-totustuus.it\\\/cattolica\\\/\",\"name\":\"Rassegna Stampa Cattolica\",\"description\":\"Per una cultura che nasce dalla Rivelazione cristiana in conformit\u00e0 alla tradizione e al Magistero della Chiesa in opposizione ad ogni relativismo e totalitarismo\",\"publisher\":{\"@id\":\"https:\\\/\\\/www.rassegnastampa-totustuus.it\\\/cattolica\\\/#organization\"},\"alternateName\":\"Rass. Cattolica\",\"potentialAction\":[{\"@type\":\"SearchAction\",\"target\":{\"@type\":\"EntryPoint\",\"urlTemplate\":\"https:\\\/\\\/www.rassegnastampa-totustuus.it\\\/cattolica\\\/?s={search_term_string}\"},\"query-input\":{\"@type\":\"PropertyValueSpecification\",\"valueRequired\":true,\"valueName\":\"search_term_string\"}}],\"inLanguage\":\"it-IT\"},{\"@type\":\"Organization\",\"@id\":\"https:\\\/\\\/www.rassegnastampa-totustuus.it\\\/cattolica\\\/#organization\",\"name\":\"Rassegna Stampa Cattolica\",\"url\":\"https:\\\/\\\/www.rassegnastampa-totustuus.it\\\/cattolica\\\/\",\"logo\":{\"@type\":\"ImageObject\",\"inLanguage\":\"it-IT\",\"@id\":\"https:\\\/\\\/www.rassegnastampa-totustuus.it\\\/cattolica\\\/#\\\/schema\\\/logo\\\/image\\\/\",\"url\":\"https:\\\/\\\/www.rassegnastampa-totustuus.it\\\/cattolica\\\/wp-content\\\/uploads\\\/2014\\\/04\\\/logo-rassegna1.gif\",\"contentUrl\":\"https:\\\/\\\/www.rassegnastampa-totustuus.it\\\/cattolica\\\/wp-content\\\/uploads\\\/2014\\\/04\\\/logo-rassegna1.gif\",\"width\":600,\"height\":163,\"caption\":\"Rassegna Stampa Cattolica\"},\"image\":{\"@id\":\"https:\\\/\\\/www.rassegnastampa-totustuus.it\\\/cattolica\\\/#\\\/schema\\\/logo\\\/image\\\/\"},\"sameAs\":[\"https:\\\/\\\/www.facebook.com\\\/rassegnastampacattolica\",\"https:\\\/\\\/x.com\\\/rassegnastampa9\"]},{\"@type\":\"Person\",\"@id\":\"https:\\\/\\\/www.rassegnastampa-totustuus.it\\\/cattolica\\\/#\\\/schema\\\/person\\\/08f319d2bd1a0904ad9e2bfb7b15e5c3\",\"name\":\"Redazione\",\"image\":{\"@type\":\"ImageObject\",\"inLanguage\":\"it-IT\",\"@id\":\"https:\\\/\\\/secure.gravatar.com\\\/avatar\\\/2fcdf27c78ea025fbdb44e914cc63c72249ffec9dc8aafd5c82b26240ef3f346?s=96&d=mm&r=g\",\"url\":\"https:\\\/\\\/secure.gravatar.com\\\/avatar\\\/2fcdf27c78ea025fbdb44e914cc63c72249ffec9dc8aafd5c82b26240ef3f346?s=96&d=mm&r=g\",\"contentUrl\":\"https:\\\/\\\/secure.gravatar.com\\\/avatar\\\/2fcdf27c78ea025fbdb44e914cc63c72249ffec9dc8aafd5c82b26240ef3f346?s=96&d=mm&r=g\",\"caption\":\"Redazione\"},\"url\":\"https:\\\/\\\/www.rassegnastampa-totustuus.it\\\/cattolica\\\/author\\\/pietroelle\\\/\"}]}<\/script>\n<!-- \/ Yoast SEO plugin. -->","yoast_head_json":{"title":"I nuovi barbari dell'Occidente - Rassegna Stampa Cattolica","description":"I nuovi barbari dell'Occidente; soccomberemo nella fossa di follia culturale che ci stianno scavando dall'interno?","robots":{"index":"index","follow":"follow","max-snippet":"max-snippet:-1","max-image-preview":"max-image-preview:large","max-video-preview":"max-video-preview:-1"},"canonical":"https:\/\/www.rassegnastampa-totustuus.it\/cattolica\/i-nuovi-barbari-delloccidente\/","og_locale":"it_IT","og_type":"article","og_title":"I nuovi barbari dell'Occidente - Rassegna Stampa Cattolica","og_description":"I nuovi barbari dell'Occidente; soccomberemo nella fossa di follia culturale che ci stianno scavando dall'interno?","og_url":"https:\/\/www.rassegnastampa-totustuus.it\/cattolica\/i-nuovi-barbari-delloccidente\/","og_site_name":"Rassegna Stampa Cattolica","article_publisher":"https:\/\/www.facebook.com\/rassegnastampacattolica","article_published_time":"2023-02-01T23:00:04+00:00","article_modified_time":"2024-01-30T15:33:03+00:00","og_image":[{"width":225,"height":225,"url":"https:\/\/www.rassegnastampa-totustuus.it\/cattolica\/wp-content\/uploads\/2023\/01\/Meotti_cover.jpg","type":"image\/jpeg"}],"author":"Redazione","twitter_card":"summary_large_image","twitter_creator":"@rassegnastampa9","twitter_site":"@rassegnastampa9","twitter_misc":{"Scritto da":"Redazione","Tempo di lettura stimato":"17 minuti"},"schema":{"@context":"https:\/\/schema.org","@graph":[{"@type":"Article","@id":"https:\/\/www.rassegnastampa-totustuus.it\/cattolica\/i-nuovi-barbari-delloccidente\/#article","isPartOf":{"@id":"https:\/\/www.rassegnastampa-totustuus.it\/cattolica\/i-nuovi-barbari-delloccidente\/"},"author":{"name":"Redazione","@id":"https:\/\/www.rassegnastampa-totustuus.it\/cattolica\/#\/schema\/person\/08f319d2bd1a0904ad9e2bfb7b15e5c3"},"headline":"I nuovi barbari dell&#8217;Occidente","datePublished":"2023-02-01T23:00:04+00:00","dateModified":"2024-01-30T15:33:03+00:00","mainEntityOfPage":{"@id":"https:\/\/www.rassegnastampa-totustuus.it\/cattolica\/i-nuovi-barbari-delloccidente\/"},"wordCount":2299,"publisher":{"@id":"https:\/\/www.rassegnastampa-totustuus.it\/cattolica\/#organization"},"image":{"@id":"https:\/\/www.rassegnastampa-totustuus.it\/cattolica\/i-nuovi-barbari-delloccidente\/#primaryimage"},"thumbnailUrl":"https:\/\/www.rassegnastampa-totustuus.it\/cattolica\/wp-content\/uploads\/2023\/01\/Meotti_cover.jpg","keywords":["crisi dell&#039;Occidente","libri"],"articleSection":["Libri"],"inLanguage":"it-IT"},{"@type":"WebPage","@id":"https:\/\/www.rassegnastampa-totustuus.it\/cattolica\/i-nuovi-barbari-delloccidente\/","url":"https:\/\/www.rassegnastampa-totustuus.it\/cattolica\/i-nuovi-barbari-delloccidente\/","name":"I nuovi barbari dell'Occidente - Rassegna Stampa Cattolica","isPartOf":{"@id":"https:\/\/www.rassegnastampa-totustuus.it\/cattolica\/#website"},"primaryImageOfPage":{"@id":"https:\/\/www.rassegnastampa-totustuus.it\/cattolica\/i-nuovi-barbari-delloccidente\/#primaryimage"},"image":{"@id":"https:\/\/www.rassegnastampa-totustuus.it\/cattolica\/i-nuovi-barbari-delloccidente\/#primaryimage"},"thumbnailUrl":"https:\/\/www.rassegnastampa-totustuus.it\/cattolica\/wp-content\/uploads\/2023\/01\/Meotti_cover.jpg","datePublished":"2023-02-01T23:00:04+00:00","dateModified":"2024-01-30T15:33:03+00:00","description":"I nuovi barbari dell'Occidente; soccomberemo nella fossa di follia culturale che ci stianno scavando dall'interno?","breadcrumb":{"@id":"https:\/\/www.rassegnastampa-totustuus.it\/cattolica\/i-nuovi-barbari-delloccidente\/#breadcrumb"},"inLanguage":"it-IT","potentialAction":[{"@type":"ReadAction","target":["https:\/\/www.rassegnastampa-totustuus.it\/cattolica\/i-nuovi-barbari-delloccidente\/"]}]},{"@type":"ImageObject","inLanguage":"it-IT","@id":"https:\/\/www.rassegnastampa-totustuus.it\/cattolica\/i-nuovi-barbari-delloccidente\/#primaryimage","url":"https:\/\/www.rassegnastampa-totustuus.it\/cattolica\/wp-content\/uploads\/2023\/01\/Meotti_cover.jpg","contentUrl":"https:\/\/www.rassegnastampa-totustuus.it\/cattolica\/wp-content\/uploads\/2023\/01\/Meotti_cover.jpg","width":225,"height":225},{"@type":"BreadcrumbList","@id":"https:\/\/www.rassegnastampa-totustuus.it\/cattolica\/i-nuovi-barbari-delloccidente\/#breadcrumb","itemListElement":[{"@type":"ListItem","position":1,"name":"Home","item":"https:\/\/www.rassegnastampa-totustuus.it\/cattolica\/"},{"@type":"ListItem","position":2,"name":"I nuovi barbari dell&#8217;Occidente"}]},{"@type":"WebSite","@id":"https:\/\/www.rassegnastampa-totustuus.it\/cattolica\/#website","url":"https:\/\/www.rassegnastampa-totustuus.it\/cattolica\/","name":"Rassegna Stampa Cattolica","description":"Per una cultura che nasce dalla Rivelazione cristiana in conformit\u00e0 alla tradizione e al Magistero della Chiesa in opposizione ad ogni relativismo e totalitarismo","publisher":{"@id":"https:\/\/www.rassegnastampa-totustuus.it\/cattolica\/#organization"},"alternateName":"Rass. Cattolica","potentialAction":[{"@type":"SearchAction","target":{"@type":"EntryPoint","urlTemplate":"https:\/\/www.rassegnastampa-totustuus.it\/cattolica\/?s={search_term_string}"},"query-input":{"@type":"PropertyValueSpecification","valueRequired":true,"valueName":"search_term_string"}}],"inLanguage":"it-IT"},{"@type":"Organization","@id":"https:\/\/www.rassegnastampa-totustuus.it\/cattolica\/#organization","name":"Rassegna Stampa Cattolica","url":"https:\/\/www.rassegnastampa-totustuus.it\/cattolica\/","logo":{"@type":"ImageObject","inLanguage":"it-IT","@id":"https:\/\/www.rassegnastampa-totustuus.it\/cattolica\/#\/schema\/logo\/image\/","url":"https:\/\/www.rassegnastampa-totustuus.it\/cattolica\/wp-content\/uploads\/2014\/04\/logo-rassegna1.gif","contentUrl":"https:\/\/www.rassegnastampa-totustuus.it\/cattolica\/wp-content\/uploads\/2014\/04\/logo-rassegna1.gif","width":600,"height":163,"caption":"Rassegna Stampa Cattolica"},"image":{"@id":"https:\/\/www.rassegnastampa-totustuus.it\/cattolica\/#\/schema\/logo\/image\/"},"sameAs":["https:\/\/www.facebook.com\/rassegnastampacattolica","https:\/\/x.com\/rassegnastampa9"]},{"@type":"Person","@id":"https:\/\/www.rassegnastampa-totustuus.it\/cattolica\/#\/schema\/person\/08f319d2bd1a0904ad9e2bfb7b15e5c3","name":"Redazione","image":{"@type":"ImageObject","inLanguage":"it-IT","@id":"https:\/\/secure.gravatar.com\/avatar\/2fcdf27c78ea025fbdb44e914cc63c72249ffec9dc8aafd5c82b26240ef3f346?s=96&d=mm&r=g","url":"https:\/\/secure.gravatar.com\/avatar\/2fcdf27c78ea025fbdb44e914cc63c72249ffec9dc8aafd5c82b26240ef3f346?s=96&d=mm&r=g","contentUrl":"https:\/\/secure.gravatar.com\/avatar\/2fcdf27c78ea025fbdb44e914cc63c72249ffec9dc8aafd5c82b26240ef3f346?s=96&d=mm&r=g","caption":"Redazione"},"url":"https:\/\/www.rassegnastampa-totustuus.it\/cattolica\/author\/pietroelle\/"}]}},"_links":{"self":[{"href":"https:\/\/www.rassegnastampa-totustuus.it\/cattolica\/wp-json\/wp\/v2\/posts\/55547","targetHints":{"allow":["GET"]}}],"collection":[{"href":"https:\/\/www.rassegnastampa-totustuus.it\/cattolica\/wp-json\/wp\/v2\/posts"}],"about":[{"href":"https:\/\/www.rassegnastampa-totustuus.it\/cattolica\/wp-json\/wp\/v2\/types\/post"}],"author":[{"embeddable":true,"href":"https:\/\/www.rassegnastampa-totustuus.it\/cattolica\/wp-json\/wp\/v2\/users\/6"}],"replies":[{"embeddable":true,"href":"https:\/\/www.rassegnastampa-totustuus.it\/cattolica\/wp-json\/wp\/v2\/comments?post=55547"}],"version-history":[{"count":3,"href":"https:\/\/www.rassegnastampa-totustuus.it\/cattolica\/wp-json\/wp\/v2\/posts\/55547\/revisions"}],"predecessor-version":[{"id":59288,"href":"https:\/\/www.rassegnastampa-totustuus.it\/cattolica\/wp-json\/wp\/v2\/posts\/55547\/revisions\/59288"}],"wp:featuredmedia":[{"embeddable":true,"href":"https:\/\/www.rassegnastampa-totustuus.it\/cattolica\/wp-json\/wp\/v2\/media\/55548"}],"wp:attachment":[{"href":"https:\/\/www.rassegnastampa-totustuus.it\/cattolica\/wp-json\/wp\/v2\/media?parent=55547"}],"wp:term":[{"taxonomy":"category","embeddable":true,"href":"https:\/\/www.rassegnastampa-totustuus.it\/cattolica\/wp-json\/wp\/v2\/categories?post=55547"},{"taxonomy":"post_tag","embeddable":true,"href":"https:\/\/www.rassegnastampa-totustuus.it\/cattolica\/wp-json\/wp\/v2\/tags?post=55547"}],"curies":[{"name":"wp","href":"https:\/\/api.w.org\/{rel}","templated":true}]}}