{"id":55534,"date":"2023-02-02T00:00:33","date_gmt":"2023-02-01T23:00:33","guid":{"rendered":"http:\/\/www.rassegnastampa-totustuus.it\/cattolica\/?p=55534"},"modified":"2024-01-30T10:26:28","modified_gmt":"2024-01-30T09:26:28","slug":"augusto-del-noce-profeta-dellitalia-nichilista","status":"publish","type":"post","link":"https:\/\/www.rassegnastampa-totustuus.it\/cattolica\/augusto-del-noce-profeta-dellitalia-nichilista\/","title":{"rendered":"Augusto Del Noce profeta dell&#8217;Italia nichilista"},"content":{"rendered":"<p style=\"text-align: justify;\"><span style=\"color: #000000;\"><strong><img loading=\"lazy\" decoding=\"async\" class=\" wp-image-55535 alignright\" src=\"https:\/\/www.rassegnastampa-totustuus.it\/cattolica\/wp-content\/uploads\/2023\/01\/Brignone_cover-214x300.jpg\" alt=\"\" width=\"189\" height=\"264\" srcset=\"https:\/\/www.rassegnastampa-totustuus.it\/cattolica\/wp-content\/uploads\/2023\/01\/Brignone_cover-214x300.jpg 214w, https:\/\/www.rassegnastampa-totustuus.it\/cattolica\/wp-content\/uploads\/2023\/01\/Brignone_cover.jpg 536w\" sizes=\"auto, (max-width: 189px) 100vw, 189px\" \/><span style=\"color: #000000;\">Abstract:<\/span><\/strong><span style=\"color: #000000;\"><em> Augusto Del Noce profeta dell&#8217;Italia nichilista; la sua figura\u00a0 continua a destare interesse a pi\u00f9 di trent&#8217;anni dalla sua morte. Oggi pi\u00f9 che allora. Non \u00e8 difficile scorgerne il motivo: le sue idee, sicuramente minoritarie e in controtendenza negli anni della sua vita, si sono dimostrate sempre pi\u00f9 valide per la comprensione di un mondo contemporaneo che \u00e8 voluto rapidamente. \u00c8 come se Del Noce avesse intuito in anticipo quelle linee di tendenza che hanno finito per delineare, non limitandosi a riportare una societ\u00e0 post cristiana pienamente \u201csecolarizzata\u201d come la nostra attuale. Di fronte a questa societ\u00e0, egli si \u00e8 posto in maniera critica<\/em><\/span><\/span><\/p>\n<p><!--more--><\/p>\n<p style=\"text-align: center;\"><span style=\"color: #000000;\"><strong><span style=\"color: #0000ff;\"><a style=\"color: #0000ff;\" href=\"https:\/\/www.liberoquotidiano.it\/\" target=\"_blank\" rel=\"noopener\">Libero<\/a><\/span>,<\/strong> 19 Gennaio 2023\u00a0<\/span><\/p>\n<h3 style=\"text-align: center;\"><span style=\"color: #000000;\">Cos\u00ec Del Noce profetizz\u00f2 l\u2019Italia del vuoto<\/span><\/h3>\n<p style=\"text-align: justify;\"><span style=\"color: #000000;\"><em>Un libro raccoglie tutti gli articoli dell\u2019intellettuale che previde l\u2019avvento di una societ\u00e0 dove l\u2019efficienza diventa nichilismo <\/em><\/span><\/p>\n<p style=\"text-align: center;\"><span style=\"color: #000000;\">di <strong>Corrado Ocone<\/strong><\/span><\/p>\n<p style=\"text-align: justify;\"><span style=\"color: #000000;\">La figura di Augusto Del Noce continua a destare interesse a pi\u00f9 di trent&#8217;anni dalla sua morte. Oggi pi\u00f9 che allora. Non \u00e8 difficile scorgerne il motivo: le sue idee, sicuramente minoritarie e in controtendenza negli anni della sua vita, si sono dimostrate sempre pi\u00f9 valide per la comprensione di un mondo contemporaneo che \u00e8 voluto rapidamente. <\/span><\/p>\n<p style=\"text-align: justify;\"><span style=\"color: #000000;\"><img loading=\"lazy\" decoding=\"async\" class=\"size-full wp-image-31333 alignleft\" src=\"https:\/\/www.rassegnastampa-totustuus.it\/cattolica\/wp-content\/uploads\/2005\/01\/Del-Noce.jpg\" alt=\"\" width=\"196\" height=\"257\" \/>\u00c8 come se Del Noce avesse intuito in anticipo quelle linee di tendenza che hanno finito per delineare, non limitandosi a riportare una societ\u00e0 post cristiana pienamente \u201csecolarizzata\u201d come la nostra attuale. Di fronte a questa societ\u00e0, egli si \u00e8 posto in maniera critica, non limitandosi a riproporre il cattolicesimo ma anche riproponendone una versione non edulcorata, cio\u00e8 a sua volta secolarizzata, come quella che ha corso in buona parte della stessa Chiesa cattolica. <\/span><\/p>\n<p style=\"text-align: justify;\"><span style=\"color: #000000;\">Questa sua \u201cinattualit\u00e0\u201d serve non poco accogliere aspetti del nostro tempo spesso oscurati dalle retoriche ufficiali o accreditate. Ed \u00e8 una inattualit\u00e0 che deve continuamente confrontarsi con il mondo reale e i suoi problemi, essendo solo questo il terreno di prova della metafisica che ad essa sottesa. Alto e basso, o se preferite metafisica e quotidianit\u00e0 vissuta, filosofia e politica, si devono per Del Noce tenere Uniti necessariamente in modo stretto.<\/span><\/p>\n<p style=\"text-align: justify;\"><span style=\"color: #000000;\"><img loading=\"lazy\" decoding=\"async\" class=\" wp-image-36123 alignright\" src=\"https:\/\/www.rassegnastampa-totustuus.it\/cattolica\/wp-content\/uploads\/2009\/11\/Del-Noce.jpg\" alt=\"\" width=\"121\" height=\"167\" \/>Non pu\u00f2 quindi meravigliare che sia quasi unico un caso come quello di Del Noce, cio\u00e8 di \u00abun filosofo di altissimo livello che si \u00e8 impegnato per pi\u00f9 di cinquant&#8217;anni a scrivere su riviste e quotidiani\u00bb la pubblicistica, cio\u00e8 la riflessione sui problemi di tutti, non era un optional ma una esigenza della stessa sua filosofia.<\/span><\/p>\n<h4 style=\"text-align: center;\"><strong><span style=\"color: #000000;\">QUINDICI ANNI<\/span><\/strong><\/h4>\n<p style=\"text-align: justify;\"><span style=\"color: #000000;\">Lo nota <strong>Marco Brignone<\/strong> che ha curato, per l&#8217;editore <em>Cangemi<\/em> un poderoso tomo che raccoglie tutti gli articoli (172 per la precisione) scritti dal filosofo sul quotidiano <em>Il Tempo<\/em> ( che fu quello con cui collaboro in modo pi\u00f9 assiduo e continuo) negli ultimi 15 anni della sua vita: <strong><em>Filosofia politica e cultura dei valori scritti su il Tempo (1970-1990)<\/em><\/strong> <em>pp. 845, euro 44<\/em>. <\/span><\/p>\n<p style=\"text-align: justify;\"><span style=\"color: #000000;\"><img loading=\"lazy\" decoding=\"async\" class=\"size-medium wp-image-44689 alignleft\" src=\"https:\/\/www.rassegnastampa-totustuus.it\/cattolica\/wp-content\/uploads\/2019\/10\/68-300x124.jpg\" alt=\"\" width=\"300\" height=\"124\" srcset=\"https:\/\/www.rassegnastampa-totustuus.it\/cattolica\/wp-content\/uploads\/2019\/10\/68-300x124.jpg 300w, https:\/\/www.rassegnastampa-totustuus.it\/cattolica\/wp-content\/uploads\/2019\/10\/68-768x317.jpg 768w, https:\/\/www.rassegnastampa-totustuus.it\/cattolica\/wp-content\/uploads\/2019\/10\/68-1024x422.jpg 1024w, https:\/\/www.rassegnastampa-totustuus.it\/cattolica\/wp-content\/uploads\/2019\/10\/68.jpg 1978w\" sizes=\"auto, (max-width: 300px) 100vw, 300px\" \/>Quelli in cui Del Noce scriveva questi articoli erano gli anni della contestazione e, in generale, del revival marxista che aveva in Italia contagiato un&#8217;ampia fetta anche della borghesia vecchia e nuova. In pochi, in quel momento, colsero la solidariet\u00e0 di fondo che univa il neo marxismo al dispiegarsi della tecnica e del libero mercato eppure entrambi, scriveva Del Noce, possono essere considerati i rami dell&#8217;albero dell&#8217;ateismo: non credono in una trascendenza soprannaturale e quindi in un limite che l&#8217;uomo debba porsi nel sostituirsi a Dio.<\/span><\/p>\n<p style=\"text-align: justify;\"><span style=\"color: #000000;\"><img loading=\"lazy\" decoding=\"async\" class=\" wp-image-48497 alignright\" src=\"https:\/\/www.rassegnastampa-totustuus.it\/cattolica\/wp-content\/uploads\/2020\/09\/ateismo_68.jpg\" alt=\"\" width=\"320\" height=\"213\" \/>L&#8217;uomo moderno non si pone pi\u00f9 le domande sul senso ultimo delle cose, e quindi anche sul suo posto nel mondo e sulla sua identit\u00e0. Tutto viene ridotto a utilit\u00e0 pratica e razionalit\u00e0 economica, con il risultato paradossale che ove tutto \u00e8 razionalizzabile la ragione non ha pi\u00f9 fini a s\u00e9 estrinseci e poggia sul nulla: \u00abil fine &#8211; scrive in un articolo del 26 ottobre 1976 -scompare rispetto all&#8217;efficienza, l&#8217;efficienza privata di finalit\u00e0 coincide con quello che vien detto nichilismo\u00bb.<\/span><\/p>\n<h4 style=\"text-align: center;\"><strong><span style=\"color: #000000;\">EUROCOMUNISMO E PCI<\/span><\/strong><\/h4>\n<p style=\"text-align: justify;\"><span style=\"color: #000000;\"><img loading=\"lazy\" decoding=\"async\" class=\" wp-image-30921 alignleft\" src=\"https:\/\/www.rassegnastampa-totustuus.it\/cattolica\/wp-content\/uploads\/2007\/01\/cattocomunisti.jpg\" alt=\"\" width=\"176\" height=\"182\" \/>Ritornano in queste pagine i temi classici del pensiero di Del Noce l&#8217;incompatibilit\u00e0 di cristianesimo e marxismo, il fascismo come perfettamente integrato nella modernit\u00e0 ateistica, la rivoluzione come progetto nichilistico, la critica al radicalismo e all&#8217;azione mismo visto come un supporto all&#8217;ideologia comunista, la necessit\u00e0 per l&#8217;Italia di una cultura nazionale e di un partito conservatore.<\/span><\/p>\n<p style=\"text-align: justify;\"><span style=\"color: #000000;\"> Interessante \u00e8 per\u00f2 vedere come essi sono politicamente declinati: Del Noce non crede, ad esempio, nelle conversioni euro comuniste del Pci di Berlinguer: \u00abil successo comunista &#8211; scrive il 26 luglio 1983 &#8211; non potrebbe oggi coincidere, indipendentemente da quelle che possono essere le intenzioni dei suoi dirigenti, con la neutralizzazione morale e civile dell&#8217;Italia: l&#8217;inverso del risorgimento, la sua fine\u00bb. <\/span><\/p>\n<div id=\"attachment_30253\" style=\"width: 176px\" class=\"wp-caption alignright\"><img loading=\"lazy\" decoding=\"async\" aria-describedby=\"caption-attachment-30253\" class=\"wp-image-30253 size-full\" src=\"https:\/\/www.rassegnastampa-totustuus.it\/cattolica\/wp-content\/uploads\/2005\/06\/Franco-Rodano.jpg\" alt=\"\" width=\"176\" height=\"235\" \/><p id=\"caption-attachment-30253\" class=\"wp-caption-text\">Franco Rodano<\/p><\/div>\n<p style=\"text-align: justify;\"><span style=\"color: #000000;\">E ancora: \u00abnon fa comodo all&#8217;Urss un&#8217;Italia pervasa dallo spirito rivoluzionario, ma un&#8217;Italia moralmente neutralizzata che attraverso pacifismo e moralismo appoggi l&#8217;espansionismo della Russia\u00bb. Implacabile critico Del Noce e poi dei cattocomunisti alla Franco Rodano in genere dei cattolici progressisti. \u00abIl moderatismo di sinistra proposto oggi da certi cattolici-scrive il<\/span> <span style=\"color: #0000ff;\"><a style=\"color: #0000ff;\" href=\"https:\/\/www.rassegnastampa-totustuus.it\/cattolica\/?p=649\" target=\"_blank\" rel=\"noopener noreferrer\">17 novembre 1976 <\/a><\/span>&#8211; <span style=\"color: #000000;\">Apri la via a compromessi rovinosi; esprime una cultura che propone vasi di coccio da fare coesistere con i vasi di ferro della cultura comunista o della cultura laico radicale\u00bb.<\/span><\/p>\n<p style=\"text-align: justify;\"><span style=\"color: #000000;\">Sono solo assaggi questi di ci\u00f2 che si trova nel libro: una vera miniera! In questo si trovano facili risposte, ma una analitica disamina della \u201csociet\u00e0 del vuoto\u201d che, dice il filosofo, non si sa dove ci porter\u00e0. Qui c&#8217;\u00e8 tutto Del Noce, e non un Del Noce \u201cminore\u201d. Per quanto la forma giornalistica aiuti parecchio il lettore poco avvezzo alla metafisica.<\/span><\/p>\n","protected":false},"excerpt":{"rendered":"<p>Abstract: Augusto Del Noce profeta dell&#8217;Italia nichilista; la sua figura\u00a0 continua a destare interesse a pi\u00f9 di trent&#8217;anni dalla sua morte. Oggi pi\u00f9 che allora. Non \u00e8 difficile scorgerne il motivo: le sue idee, sicuramente minoritarie e in controtendenza negli anni della sua vita, si sono dimostrate sempre pi\u00f9 valide per la comprensione di un &hellip; <\/p>\n<p><a class=\"more-link btn\" href=\"https:\/\/www.rassegnastampa-totustuus.it\/cattolica\/augusto-del-noce-profeta-dellitalia-nichilista\/\">Continua a leggere<\/a><\/p>\n","protected":false},"author":6,"featured_media":35249,"comment_status":"closed","ping_status":"closed","sticky":false,"template":"","format":"standard","meta":{"footnotes":""},"categories":[66,17,18],"tags":[2947,265,283],"class_list":["post-55534","post","type-post","status-publish","format-standard","has-post-thumbnail","hentry","category-adel-noce-scritti","category-libri","category-personaggi","tag-augusto-de-noce","tag-libri-2","tag-personaggi-2","item-wrap"],"yoast_head":"<!-- This site is optimized with the Yoast SEO plugin v27.5 - https:\/\/yoast.com\/product\/yoast-seo-wordpress\/ -->\n<title>Augusto Del Noce profeta dell&#039;Italia nichilista - Rassegna Stampa Cattolica<\/title>\n<meta name=\"description\" content=\"Augusto Del Noce profeta dell&#039;Italia nichilista; le sue idee si sono sempre dimostrate valide per comprendere il mondo contemporaneo\" \/>\n<meta name=\"robots\" content=\"index, follow, max-snippet:-1, max-image-preview:large, max-video-preview:-1\" \/>\n<link rel=\"canonical\" href=\"https:\/\/www.rassegnastampa-totustuus.it\/cattolica\/augusto-del-noce-profeta-dellitalia-nichilista\/\" \/>\n<meta property=\"og:locale\" content=\"it_IT\" \/>\n<meta property=\"og:type\" content=\"article\" \/>\n<meta property=\"og:title\" content=\"Augusto Del Noce profeta dell&#039;Italia nichilista - Rassegna Stampa Cattolica\" \/>\n<meta property=\"og:description\" content=\"Augusto Del Noce profeta dell&#039;Italia nichilista; le sue idee si sono sempre dimostrate valide per comprendere il mondo contemporaneo\" \/>\n<meta property=\"og:url\" content=\"https:\/\/www.rassegnastampa-totustuus.it\/cattolica\/augusto-del-noce-profeta-dellitalia-nichilista\/\" \/>\n<meta property=\"og:site_name\" content=\"Rassegna Stampa Cattolica\" \/>\n<meta property=\"article:publisher\" content=\"https:\/\/www.facebook.com\/rassegnastampacattolica\" \/>\n<meta property=\"article:published_time\" content=\"2023-02-01T23:00:33+00:00\" \/>\n<meta property=\"article:modified_time\" content=\"2024-01-30T09:26:28+00:00\" \/>\n<meta property=\"og:image\" content=\"https:\/\/www.rassegnastampa-totustuus.it\/cattolica\/wp-content\/uploads\/2016\/06\/Del_Noce.jpg\" \/>\n\t<meta property=\"og:image:width\" content=\"196\" \/>\n\t<meta property=\"og:image:height\" content=\"257\" \/>\n\t<meta property=\"og:image:type\" content=\"image\/jpeg\" \/>\n<meta name=\"author\" content=\"Redazione\" \/>\n<meta name=\"twitter:card\" content=\"summary_large_image\" \/>\n<meta name=\"twitter:creator\" content=\"@rassegnastampa9\" \/>\n<meta name=\"twitter:site\" content=\"@rassegnastampa9\" \/>\n<meta name=\"twitter:label1\" content=\"Scritto da\" \/>\n\t<meta name=\"twitter:data1\" content=\"Redazione\" \/>\n\t<meta name=\"twitter:label2\" content=\"Tempo di lettura stimato\" \/>\n\t<meta name=\"twitter:data2\" content=\"7 minuti\" \/>\n<script type=\"application\/ld+json\" class=\"yoast-schema-graph\">{\"@context\":\"https:\\\/\\\/schema.org\",\"@graph\":[{\"@type\":\"Article\",\"@id\":\"https:\\\/\\\/www.rassegnastampa-totustuus.it\\\/cattolica\\\/augusto-del-noce-profeta-dellitalia-nichilista\\\/#article\",\"isPartOf\":{\"@id\":\"https:\\\/\\\/www.rassegnastampa-totustuus.it\\\/cattolica\\\/augusto-del-noce-profeta-dellitalia-nichilista\\\/\"},\"author\":{\"name\":\"Redazione\",\"@id\":\"https:\\\/\\\/www.rassegnastampa-totustuus.it\\\/cattolica\\\/#\\\/schema\\\/person\\\/08f319d2bd1a0904ad9e2bfb7b15e5c3\"},\"headline\":\"Augusto Del Noce profeta dell&#8217;Italia nichilista\",\"datePublished\":\"2023-02-01T23:00:33+00:00\",\"dateModified\":\"2024-01-30T09:26:28+00:00\",\"mainEntityOfPage\":{\"@id\":\"https:\\\/\\\/www.rassegnastampa-totustuus.it\\\/cattolica\\\/augusto-del-noce-profeta-dellitalia-nichilista\\\/\"},\"wordCount\":910,\"publisher\":{\"@id\":\"https:\\\/\\\/www.rassegnastampa-totustuus.it\\\/cattolica\\\/#organization\"},\"image\":{\"@id\":\"https:\\\/\\\/www.rassegnastampa-totustuus.it\\\/cattolica\\\/augusto-del-noce-profeta-dellitalia-nichilista\\\/#primaryimage\"},\"thumbnailUrl\":\"https:\\\/\\\/www.rassegnastampa-totustuus.it\\\/cattolica\\\/wp-content\\\/uploads\\\/2016\\\/06\\\/Del_Noce.jpg\",\"keywords\":[\"Augusto De Noce\",\"libri\",\"personaggi\"],\"articleSection\":[\"A.Del Noce - scritti\",\"Libri\",\"Personaggi\"],\"inLanguage\":\"it-IT\"},{\"@type\":\"WebPage\",\"@id\":\"https:\\\/\\\/www.rassegnastampa-totustuus.it\\\/cattolica\\\/augusto-del-noce-profeta-dellitalia-nichilista\\\/\",\"url\":\"https:\\\/\\\/www.rassegnastampa-totustuus.it\\\/cattolica\\\/augusto-del-noce-profeta-dellitalia-nichilista\\\/\",\"name\":\"Augusto Del Noce profeta dell'Italia nichilista - Rassegna Stampa Cattolica\",\"isPartOf\":{\"@id\":\"https:\\\/\\\/www.rassegnastampa-totustuus.it\\\/cattolica\\\/#website\"},\"primaryImageOfPage\":{\"@id\":\"https:\\\/\\\/www.rassegnastampa-totustuus.it\\\/cattolica\\\/augusto-del-noce-profeta-dellitalia-nichilista\\\/#primaryimage\"},\"image\":{\"@id\":\"https:\\\/\\\/www.rassegnastampa-totustuus.it\\\/cattolica\\\/augusto-del-noce-profeta-dellitalia-nichilista\\\/#primaryimage\"},\"thumbnailUrl\":\"https:\\\/\\\/www.rassegnastampa-totustuus.it\\\/cattolica\\\/wp-content\\\/uploads\\\/2016\\\/06\\\/Del_Noce.jpg\",\"datePublished\":\"2023-02-01T23:00:33+00:00\",\"dateModified\":\"2024-01-30T09:26:28+00:00\",\"description\":\"Augusto Del Noce profeta dell'Italia nichilista; le sue idee si sono sempre dimostrate valide per comprendere il mondo contemporaneo\",\"breadcrumb\":{\"@id\":\"https:\\\/\\\/www.rassegnastampa-totustuus.it\\\/cattolica\\\/augusto-del-noce-profeta-dellitalia-nichilista\\\/#breadcrumb\"},\"inLanguage\":\"it-IT\",\"potentialAction\":[{\"@type\":\"ReadAction\",\"target\":[\"https:\\\/\\\/www.rassegnastampa-totustuus.it\\\/cattolica\\\/augusto-del-noce-profeta-dellitalia-nichilista\\\/\"]}]},{\"@type\":\"ImageObject\",\"inLanguage\":\"it-IT\",\"@id\":\"https:\\\/\\\/www.rassegnastampa-totustuus.it\\\/cattolica\\\/augusto-del-noce-profeta-dellitalia-nichilista\\\/#primaryimage\",\"url\":\"https:\\\/\\\/www.rassegnastampa-totustuus.it\\\/cattolica\\\/wp-content\\\/uploads\\\/2016\\\/06\\\/Del_Noce.jpg\",\"contentUrl\":\"https:\\\/\\\/www.rassegnastampa-totustuus.it\\\/cattolica\\\/wp-content\\\/uploads\\\/2016\\\/06\\\/Del_Noce.jpg\",\"width\":196,\"height\":257},{\"@type\":\"BreadcrumbList\",\"@id\":\"https:\\\/\\\/www.rassegnastampa-totustuus.it\\\/cattolica\\\/augusto-del-noce-profeta-dellitalia-nichilista\\\/#breadcrumb\",\"itemListElement\":[{\"@type\":\"ListItem\",\"position\":1,\"name\":\"Home\",\"item\":\"https:\\\/\\\/www.rassegnastampa-totustuus.it\\\/cattolica\\\/\"},{\"@type\":\"ListItem\",\"position\":2,\"name\":\"Augusto Del Noce profeta dell&#8217;Italia nichilista\"}]},{\"@type\":\"WebSite\",\"@id\":\"https:\\\/\\\/www.rassegnastampa-totustuus.it\\\/cattolica\\\/#website\",\"url\":\"https:\\\/\\\/www.rassegnastampa-totustuus.it\\\/cattolica\\\/\",\"name\":\"Rassegna Stampa Cattolica\",\"description\":\"Per una cultura che nasce dalla Rivelazione cristiana in conformit\u00e0 alla tradizione e al Magistero della Chiesa in opposizione ad ogni relativismo e totalitarismo\",\"publisher\":{\"@id\":\"https:\\\/\\\/www.rassegnastampa-totustuus.it\\\/cattolica\\\/#organization\"},\"alternateName\":\"Rass. Cattolica\",\"potentialAction\":[{\"@type\":\"SearchAction\",\"target\":{\"@type\":\"EntryPoint\",\"urlTemplate\":\"https:\\\/\\\/www.rassegnastampa-totustuus.it\\\/cattolica\\\/?s={search_term_string}\"},\"query-input\":{\"@type\":\"PropertyValueSpecification\",\"valueRequired\":true,\"valueName\":\"search_term_string\"}}],\"inLanguage\":\"it-IT\"},{\"@type\":\"Organization\",\"@id\":\"https:\\\/\\\/www.rassegnastampa-totustuus.it\\\/cattolica\\\/#organization\",\"name\":\"Rassegna Stampa Cattolica\",\"url\":\"https:\\\/\\\/www.rassegnastampa-totustuus.it\\\/cattolica\\\/\",\"logo\":{\"@type\":\"ImageObject\",\"inLanguage\":\"it-IT\",\"@id\":\"https:\\\/\\\/www.rassegnastampa-totustuus.it\\\/cattolica\\\/#\\\/schema\\\/logo\\\/image\\\/\",\"url\":\"https:\\\/\\\/www.rassegnastampa-totustuus.it\\\/cattolica\\\/wp-content\\\/uploads\\\/2014\\\/04\\\/logo-rassegna1.gif\",\"contentUrl\":\"https:\\\/\\\/www.rassegnastampa-totustuus.it\\\/cattolica\\\/wp-content\\\/uploads\\\/2014\\\/04\\\/logo-rassegna1.gif\",\"width\":600,\"height\":163,\"caption\":\"Rassegna Stampa Cattolica\"},\"image\":{\"@id\":\"https:\\\/\\\/www.rassegnastampa-totustuus.it\\\/cattolica\\\/#\\\/schema\\\/logo\\\/image\\\/\"},\"sameAs\":[\"https:\\\/\\\/www.facebook.com\\\/rassegnastampacattolica\",\"https:\\\/\\\/x.com\\\/rassegnastampa9\"]},{\"@type\":\"Person\",\"@id\":\"https:\\\/\\\/www.rassegnastampa-totustuus.it\\\/cattolica\\\/#\\\/schema\\\/person\\\/08f319d2bd1a0904ad9e2bfb7b15e5c3\",\"name\":\"Redazione\",\"image\":{\"@type\":\"ImageObject\",\"inLanguage\":\"it-IT\",\"@id\":\"https:\\\/\\\/secure.gravatar.com\\\/avatar\\\/2fcdf27c78ea025fbdb44e914cc63c72249ffec9dc8aafd5c82b26240ef3f346?s=96&d=mm&r=g\",\"url\":\"https:\\\/\\\/secure.gravatar.com\\\/avatar\\\/2fcdf27c78ea025fbdb44e914cc63c72249ffec9dc8aafd5c82b26240ef3f346?s=96&d=mm&r=g\",\"contentUrl\":\"https:\\\/\\\/secure.gravatar.com\\\/avatar\\\/2fcdf27c78ea025fbdb44e914cc63c72249ffec9dc8aafd5c82b26240ef3f346?s=96&d=mm&r=g\",\"caption\":\"Redazione\"},\"url\":\"https:\\\/\\\/www.rassegnastampa-totustuus.it\\\/cattolica\\\/author\\\/pietroelle\\\/\"}]}<\/script>\n<!-- \/ Yoast SEO plugin. -->","yoast_head_json":{"title":"Augusto Del Noce profeta dell'Italia nichilista - Rassegna Stampa Cattolica","description":"Augusto Del Noce profeta dell'Italia nichilista; le sue idee si sono sempre dimostrate valide per comprendere il mondo contemporaneo","robots":{"index":"index","follow":"follow","max-snippet":"max-snippet:-1","max-image-preview":"max-image-preview:large","max-video-preview":"max-video-preview:-1"},"canonical":"https:\/\/www.rassegnastampa-totustuus.it\/cattolica\/augusto-del-noce-profeta-dellitalia-nichilista\/","og_locale":"it_IT","og_type":"article","og_title":"Augusto Del Noce profeta dell'Italia nichilista - Rassegna Stampa Cattolica","og_description":"Augusto Del Noce profeta dell'Italia nichilista; le sue idee si sono sempre dimostrate valide per comprendere il mondo contemporaneo","og_url":"https:\/\/www.rassegnastampa-totustuus.it\/cattolica\/augusto-del-noce-profeta-dellitalia-nichilista\/","og_site_name":"Rassegna Stampa Cattolica","article_publisher":"https:\/\/www.facebook.com\/rassegnastampacattolica","article_published_time":"2023-02-01T23:00:33+00:00","article_modified_time":"2024-01-30T09:26:28+00:00","og_image":[{"width":196,"height":257,"url":"https:\/\/www.rassegnastampa-totustuus.it\/cattolica\/wp-content\/uploads\/2016\/06\/Del_Noce.jpg","type":"image\/jpeg"}],"author":"Redazione","twitter_card":"summary_large_image","twitter_creator":"@rassegnastampa9","twitter_site":"@rassegnastampa9","twitter_misc":{"Scritto da":"Redazione","Tempo di lettura stimato":"7 minuti"},"schema":{"@context":"https:\/\/schema.org","@graph":[{"@type":"Article","@id":"https:\/\/www.rassegnastampa-totustuus.it\/cattolica\/augusto-del-noce-profeta-dellitalia-nichilista\/#article","isPartOf":{"@id":"https:\/\/www.rassegnastampa-totustuus.it\/cattolica\/augusto-del-noce-profeta-dellitalia-nichilista\/"},"author":{"name":"Redazione","@id":"https:\/\/www.rassegnastampa-totustuus.it\/cattolica\/#\/schema\/person\/08f319d2bd1a0904ad9e2bfb7b15e5c3"},"headline":"Augusto Del Noce profeta dell&#8217;Italia nichilista","datePublished":"2023-02-01T23:00:33+00:00","dateModified":"2024-01-30T09:26:28+00:00","mainEntityOfPage":{"@id":"https:\/\/www.rassegnastampa-totustuus.it\/cattolica\/augusto-del-noce-profeta-dellitalia-nichilista\/"},"wordCount":910,"publisher":{"@id":"https:\/\/www.rassegnastampa-totustuus.it\/cattolica\/#organization"},"image":{"@id":"https:\/\/www.rassegnastampa-totustuus.it\/cattolica\/augusto-del-noce-profeta-dellitalia-nichilista\/#primaryimage"},"thumbnailUrl":"https:\/\/www.rassegnastampa-totustuus.it\/cattolica\/wp-content\/uploads\/2016\/06\/Del_Noce.jpg","keywords":["Augusto De Noce","libri","personaggi"],"articleSection":["A.Del Noce - scritti","Libri","Personaggi"],"inLanguage":"it-IT"},{"@type":"WebPage","@id":"https:\/\/www.rassegnastampa-totustuus.it\/cattolica\/augusto-del-noce-profeta-dellitalia-nichilista\/","url":"https:\/\/www.rassegnastampa-totustuus.it\/cattolica\/augusto-del-noce-profeta-dellitalia-nichilista\/","name":"Augusto Del Noce profeta dell'Italia nichilista - Rassegna Stampa Cattolica","isPartOf":{"@id":"https:\/\/www.rassegnastampa-totustuus.it\/cattolica\/#website"},"primaryImageOfPage":{"@id":"https:\/\/www.rassegnastampa-totustuus.it\/cattolica\/augusto-del-noce-profeta-dellitalia-nichilista\/#primaryimage"},"image":{"@id":"https:\/\/www.rassegnastampa-totustuus.it\/cattolica\/augusto-del-noce-profeta-dellitalia-nichilista\/#primaryimage"},"thumbnailUrl":"https:\/\/www.rassegnastampa-totustuus.it\/cattolica\/wp-content\/uploads\/2016\/06\/Del_Noce.jpg","datePublished":"2023-02-01T23:00:33+00:00","dateModified":"2024-01-30T09:26:28+00:00","description":"Augusto Del Noce profeta dell'Italia nichilista; le sue idee si sono sempre dimostrate valide per comprendere il mondo contemporaneo","breadcrumb":{"@id":"https:\/\/www.rassegnastampa-totustuus.it\/cattolica\/augusto-del-noce-profeta-dellitalia-nichilista\/#breadcrumb"},"inLanguage":"it-IT","potentialAction":[{"@type":"ReadAction","target":["https:\/\/www.rassegnastampa-totustuus.it\/cattolica\/augusto-del-noce-profeta-dellitalia-nichilista\/"]}]},{"@type":"ImageObject","inLanguage":"it-IT","@id":"https:\/\/www.rassegnastampa-totustuus.it\/cattolica\/augusto-del-noce-profeta-dellitalia-nichilista\/#primaryimage","url":"https:\/\/www.rassegnastampa-totustuus.it\/cattolica\/wp-content\/uploads\/2016\/06\/Del_Noce.jpg","contentUrl":"https:\/\/www.rassegnastampa-totustuus.it\/cattolica\/wp-content\/uploads\/2016\/06\/Del_Noce.jpg","width":196,"height":257},{"@type":"BreadcrumbList","@id":"https:\/\/www.rassegnastampa-totustuus.it\/cattolica\/augusto-del-noce-profeta-dellitalia-nichilista\/#breadcrumb","itemListElement":[{"@type":"ListItem","position":1,"name":"Home","item":"https:\/\/www.rassegnastampa-totustuus.it\/cattolica\/"},{"@type":"ListItem","position":2,"name":"Augusto Del Noce profeta dell&#8217;Italia nichilista"}]},{"@type":"WebSite","@id":"https:\/\/www.rassegnastampa-totustuus.it\/cattolica\/#website","url":"https:\/\/www.rassegnastampa-totustuus.it\/cattolica\/","name":"Rassegna Stampa Cattolica","description":"Per una cultura che nasce dalla Rivelazione cristiana in conformit\u00e0 alla tradizione e al Magistero della Chiesa in opposizione ad ogni relativismo e totalitarismo","publisher":{"@id":"https:\/\/www.rassegnastampa-totustuus.it\/cattolica\/#organization"},"alternateName":"Rass. Cattolica","potentialAction":[{"@type":"SearchAction","target":{"@type":"EntryPoint","urlTemplate":"https:\/\/www.rassegnastampa-totustuus.it\/cattolica\/?s={search_term_string}"},"query-input":{"@type":"PropertyValueSpecification","valueRequired":true,"valueName":"search_term_string"}}],"inLanguage":"it-IT"},{"@type":"Organization","@id":"https:\/\/www.rassegnastampa-totustuus.it\/cattolica\/#organization","name":"Rassegna Stampa Cattolica","url":"https:\/\/www.rassegnastampa-totustuus.it\/cattolica\/","logo":{"@type":"ImageObject","inLanguage":"it-IT","@id":"https:\/\/www.rassegnastampa-totustuus.it\/cattolica\/#\/schema\/logo\/image\/","url":"https:\/\/www.rassegnastampa-totustuus.it\/cattolica\/wp-content\/uploads\/2014\/04\/logo-rassegna1.gif","contentUrl":"https:\/\/www.rassegnastampa-totustuus.it\/cattolica\/wp-content\/uploads\/2014\/04\/logo-rassegna1.gif","width":600,"height":163,"caption":"Rassegna Stampa Cattolica"},"image":{"@id":"https:\/\/www.rassegnastampa-totustuus.it\/cattolica\/#\/schema\/logo\/image\/"},"sameAs":["https:\/\/www.facebook.com\/rassegnastampacattolica","https:\/\/x.com\/rassegnastampa9"]},{"@type":"Person","@id":"https:\/\/www.rassegnastampa-totustuus.it\/cattolica\/#\/schema\/person\/08f319d2bd1a0904ad9e2bfb7b15e5c3","name":"Redazione","image":{"@type":"ImageObject","inLanguage":"it-IT","@id":"https:\/\/secure.gravatar.com\/avatar\/2fcdf27c78ea025fbdb44e914cc63c72249ffec9dc8aafd5c82b26240ef3f346?s=96&d=mm&r=g","url":"https:\/\/secure.gravatar.com\/avatar\/2fcdf27c78ea025fbdb44e914cc63c72249ffec9dc8aafd5c82b26240ef3f346?s=96&d=mm&r=g","contentUrl":"https:\/\/secure.gravatar.com\/avatar\/2fcdf27c78ea025fbdb44e914cc63c72249ffec9dc8aafd5c82b26240ef3f346?s=96&d=mm&r=g","caption":"Redazione"},"url":"https:\/\/www.rassegnastampa-totustuus.it\/cattolica\/author\/pietroelle\/"}]}},"_links":{"self":[{"href":"https:\/\/www.rassegnastampa-totustuus.it\/cattolica\/wp-json\/wp\/v2\/posts\/55534","targetHints":{"allow":["GET"]}}],"collection":[{"href":"https:\/\/www.rassegnastampa-totustuus.it\/cattolica\/wp-json\/wp\/v2\/posts"}],"about":[{"href":"https:\/\/www.rassegnastampa-totustuus.it\/cattolica\/wp-json\/wp\/v2\/types\/post"}],"author":[{"embeddable":true,"href":"https:\/\/www.rassegnastampa-totustuus.it\/cattolica\/wp-json\/wp\/v2\/users\/6"}],"replies":[{"embeddable":true,"href":"https:\/\/www.rassegnastampa-totustuus.it\/cattolica\/wp-json\/wp\/v2\/comments?post=55534"}],"version-history":[{"count":4,"href":"https:\/\/www.rassegnastampa-totustuus.it\/cattolica\/wp-json\/wp\/v2\/posts\/55534\/revisions"}],"predecessor-version":[{"id":59277,"href":"https:\/\/www.rassegnastampa-totustuus.it\/cattolica\/wp-json\/wp\/v2\/posts\/55534\/revisions\/59277"}],"wp:featuredmedia":[{"embeddable":true,"href":"https:\/\/www.rassegnastampa-totustuus.it\/cattolica\/wp-json\/wp\/v2\/media\/35249"}],"wp:attachment":[{"href":"https:\/\/www.rassegnastampa-totustuus.it\/cattolica\/wp-json\/wp\/v2\/media?parent=55534"}],"wp:term":[{"taxonomy":"category","embeddable":true,"href":"https:\/\/www.rassegnastampa-totustuus.it\/cattolica\/wp-json\/wp\/v2\/categories?post=55534"},{"taxonomy":"post_tag","embeddable":true,"href":"https:\/\/www.rassegnastampa-totustuus.it\/cattolica\/wp-json\/wp\/v2\/tags?post=55534"}],"curies":[{"name":"wp","href":"https:\/\/api.w.org\/{rel}","templated":true}]}}