{"id":5550,"date":"2013-04-18T00:00:00","date_gmt":"2013-04-17T22:00:00","guid":{"rendered":""},"modified":"2016-02-08T09:29:37","modified_gmt":"2016-02-08T08:29:37","slug":"giuseppe-dossetti-un-bilancio","status":"publish","type":"post","link":"https:\/\/www.rassegnastampa-totustuus.it\/cattolica\/giuseppe-dossetti-un-bilancio\/","title":{"rendered":"Giuseppe Dossetti: un bilancio"},"content":{"rendered":"<div style=\"text-align: center;\">\n<div id=\"attachment_30563\" style=\"width: 250px\" class=\"wp-caption alignleft\"><a href=\"https:\/\/www.rassegnastampa-totustuus.it\/cattolica\/wp-content\/uploads\/2013\/04\/Giuseppe-Dossetti.jpg\"><img loading=\"lazy\" decoding=\"async\" aria-describedby=\"caption-attachment-30563\" class=\"wp-image-30563\" src=\"https:\/\/www.rassegnastampa-totustuus.it\/cattolica\/wp-content\/uploads\/2013\/04\/Giuseppe-Dossetti.jpg\" alt=\"Giuseppe Dossetti\" width=\"250\" height=\"147\" \/><\/a><p id=\"caption-attachment-30563\" class=\"wp-caption-text\">Giuseppe Dossetti<\/p><\/div>\n<p><strong>.Studi cattolici<\/strong> n.625 marzo 2013<\/div>\n<p style=\"text-align: center;\"><strong>Pier Paolo Saleri<\/strong><\/p>\n<p style=\"text-align: justify;\">L&#8217;occasione del centenario della nascita di Giuseppe Dossetti (Genova 1913 &#8211; Olivete di Monteveglio 1996) ha suscitato numerosi scritti, pubblicazioni, eventi e dibattiti. \u00c8 questa, allora, l&#8217;occasione giusta per proporre una riflessione rispettosa, ma puntuale e non di circostanza, come contributo a un bilancio del pensiero e dell&#8217;azione di un personaggio che ha profondamente segnato la storia culturale e politica del cattolicesimo italiano dello scorso secolo.<\/p>\n<p><!--more--><\/p>\n<div style=\"text-align: justify;\"><strong>Un&#8217;\u00aballucinata\u00bb teologia-politica<\/strong><\/div>\n<p style=\"text-align: justify;\">Pensiero e azione che sebbene ricchi di fascino, di profondit\u00e0 e di incisivit\u00e0 presentano anche grandi complessit\u00e0 e contraddizioni. L&#8217;intera vita di Dossetti \u00e8, infatti, una permanente tensione tra grazia e storia, tra fede e politica, tra impegno temporale e vocazione religiosa. Una tensione che, peraltro, non \u00e8 esente da frequenti sconfinamenti: Dossetti, infatti, nella sua visione profetica ed escatologica, sovrappone spesso impegno civile e impegno religioso introducendo i parametri della teologia e della profezia nella politica cos\u00ec come quelli della politica nella vita ecclesiale.<\/p>\n<p style=\"text-align: justify;\">Non \u00e8 certo un caso se De Gasperi, nei primi anni dell&#8217;impegno di Dossetti nella Democrazia cristiana, descrisse \u00abla mentalit\u00e0 dossettiana\u00bb come \u00abmunita di allucinazioni e presunte divinazioni suggestive, oltre che di un calore di sentimento e di una abilit\u00e0 d&#8217;espressione e di manovra non comune\u00bb (1). Ecco prendere forma e vita la figura del \u00abmonaco principe\u00bb, ossimoro felice di don Gianni Baget Bozzo.<\/p>\n<p style=\"text-align: justify;\">La giustezza di questa intuizione trova, d&#8217;altra parte, numerose conferme nelle azioni e nelle parole dello stesso Dossetti: non solo, per esempio, si autocompiace della definizione di \u00abpartigiano del Concilio\u00bb coniata per lui dal cardinale Suenens, ma interpreta il proprio contributo al Vaticano II alla luce dell&#8217;esperienza acquisita nei lavori della Costituente: \u00abNel momento decisivo proprio la mia esperienza assembleare ha capovolto le sorti del Concilio stesso\u00bb (2).<\/p>\n<p style=\"text-align: justify;\">Una vera e propria \u00abinvasione di campo\u00bb che induce il cardinal Biffi &#8211; che come Arcivescovo di Bologna ebbe non poche occasioni di incontro con il \u00abmonaco di Monteveglio\u00bb \u2014 a domandarsi: \u00abMa com&#8217;\u00e8 possibile \u2014 a chi abbia qualche consuetudine di contemplazione della realt\u00e0 trascendente della Chiesa \u2014 confrontare e porre in relazione un&#8217;accolta disparata di uomini lasciati alle loro forze, ai loro pensieri terreni, ai loro problemi economici e sociali, alla loro ricerca del difficile equilibrio degli interessi, con la convocazione di tutti i successori degli apostoli, assistita dallo Spirito Santo da essi quotidianamente invocato? [&#8230;] Ma che tipo di ecclesiologia poteva scaturire da una tale ispirazione e da queste premesse mondane?\u00bb (3).<\/p>\n<p style=\"text-align: justify;\">Sembra esservi in Dossetti, come ancora una volta il cardinal Biffi nota, una persistente difficolt\u00e0 nel percepire l&#8217;assoluta eterogeneit\u00e0 degli eventi politici e di quelli ecclesiali: \u00abNei suoi ultimi giorni non esit\u00f2 a uscire dal suo ritiro e a rompere il silenzio monastico per salvare la &#8220;sua&#8221; Costituzione, dicendo di seguire in questo l&#8217;esempio di san Saba, l&#8217;archimandrita del deserto di Giuda che nel VI secolo abbandon\u00f2 il suo eremo per difendere l&#8217;ortodossia calcedonese e combattere il monofisismo (quasi che nei due casi si trattasse di valori omogenei e paragonabili)\u00bb (4).<\/p>\n<p style=\"text-align: justify;\">Dossetti introduce nel cattolicesimo italiano una forte tensione profetica ed escatologica destinata a sconvolgere i suoi equilibri e il suo modo di porsi. Sente, e denuncia con forza, quella che percepisce come l&#8217;inadeguatezza e la debolezza del pensiero e della cultura cattolica tradizionale del nostro Paese, da lui giudicata incapace di fronteggiare adeguatamente la crisi della cristianit\u00e0 la cui realt\u00e0, anzi, ritiene non riesca neppure a percepire.<\/p>\n<p style=\"text-align: justify;\">Dossetti non \u00e8 certo un riformista ma un \u00abriformatore\u00bb, nel significato teologico pi\u00f9 radicale del termine, convinto di dover portare la propria \u00abrivoluzione\u00bb cos\u00ec nella politica cattolica come nella Chiesa: perch\u00e9 la \u00abriforma-rivoluzione\u00bb dell&#8217;una non pu\u00f2 procedere senza quella dell&#8217;altra.<\/p>\n<p style=\"text-align: justify;\">Non \u00e8 certo un caso che all&#8217;inizio degli anni &#8217;50, proprio nel momento in cui la sua corrente \u00abCronache sociali\u00bb stava vincendo all&#8217;interno del partito della Dc, abbandoni la politica, in quanto convinto che gli assetti della Chiesa e del mondo cattolico del tempo non consentissero la realizzazione del suo disegno.<\/p>\n<p style=\"text-align: justify;\">N\u00e9 \u00e8 un caso che una sorta di \u00abmanipolazione ideologica\u00bb della Costituzione italiana, prima, e del Concilio Vaticano II, poi, siano divenuti i capisaldi fondamentali del pensiero dossettiano. Radicale riforma dello Stato e della Chiesa erano, infatti, i due principali obiettivi della sua azione; e, tra di loro, strettamente collegati.<\/p>\n<p style=\"text-align: justify;\"><strong>Visione dello Stato &amp; comunismo<\/strong><\/p>\n<p style=\"text-align: justify;\">\u00c8 sulla riforma dello Stato, che la sua impostazione incrocia la questione del comunismo e segnatamente quella specifica del Pci. Sebbene si possa convenire con Giuseppe Alberigo che Dossetti non sia mai stato \u00abun criptocomunista, un pesce rosso che nuota nell&#8217;acqua santa\u00bb (5), \u00e8, pur tuttavia, fuori discussione la forza e la permanenza del suo stretto legame con il comunismo e soprattutto con il Pci.<\/p>\n<p style=\"text-align: justify;\">Dossetti vedeva, infatti, nel Partito comunista l&#8217;unica forza politica in grado di innervare, con il proprio apporto in senso pienamente democratico, popolare e partecipativo, la radicale riforma dello Stato italiano da lui preconizzata: riforma, peraltro, gi\u00e0 tutta contenuta <em>in nuce <\/em>nella \u00absua\u00bb Costituzione, vista come momento pi\u00f9 alto e frutto pi\u00f9 fecondo della collaborazione tra cattolici e comunisti. Dossetti subisce il fascino della tesi maritainiana del marxismo come \u00aberesia cristiana\u00bb assieme a quello del radicamento popolare, della sobriet\u00e0 bonaria, della disciplina e dell&#8217;abnegazione alla causa della classe operaia organizzata nel Pci.<\/p>\n<p style=\"text-align: justify;\">Un esempio di \u00abvita vissuta\u00bb che incontra proprio nella sua terra, e che, addirittura, lo spinge a non vedere il volto violento del comunismo che si esprime, con particolare ferocia nell&#8217;Emilia dell&#8217;immediato Dopoguerra. Dossetti, gi\u00e0 nel 1948 &#8211; accettando con riluttanza e \u00abper obbedienza\u00bb di candidarsi nelle elezioni del 18 aprile che videro la Dc contrapporsi nettamente, in piena guerra fredda, al Fronte popolare egemonizzato dal Pci \u2014 scriveva al segretario democristiano Piccioni: \u00abTroppi non sono ancora convinti che l&#8217;anticomunismo, giustificato o no, di buona o cattiva fede, quando diviene il motivo dominante di una politica, apre le porte al fascismo (non nei suoi aspetti esteriori, occasionali e decorativi, ma nella sua sostanza pi\u00f9 intima e universale)\u00bb (6).<\/p>\n<p style=\"text-align: justify;\">Il fascismo diviene per Dossetti una categoria metastatica permanente, per lui \u00abla grande scelta \u00e8 questa: fascismo o non fascismo\u00bb e ben specifica che \u00abnon si tratta di fascismo o non fascismo nel senso puramente storico, accidentale, del fascismo rappresentato dagli stivaIoni, dal colore della camicia, dalle singole personalit\u00e0 che l&#8217;hanno realizzato\u00bb (7). Si tratta del fascismo come \u00abautobiografia\u00bb della nazione.<\/p>\n<p style=\"text-align: justify;\">Qui Dossetti incontra e fa proprio, richiamandolo esplicitamente nel testo, il pensiero di Gobetti. Un incontro e una sintonia da non sottovalutare: soprattutto in funzione del persistere del suo atteggiamento di totale supporto al Pci malgrado la sua mutazione genetica che inizia fin dagli anni &#8217;70. Pur senza esser lui mai stato un \u00abcriptocomunista\u00bb, si pu\u00f2 sostenere, senz&#8217;ombra di dubbio, che tutta l&#8217;azione e il pensiero politico di Dossetti si strutturano in funzione di rendere possibile la conquista del potere in Italia da parte del Pci e, poi, dei suoi eredi. \u00c8, infatti, profondamente convinto che, senza quell&#8217;apporto, non possa esservi, in Italia, altro che il \u00abfascismo perenne\u00bb. \u00c8 in questo quadro che va letto anche il suo \u00abritorno dall&#8217;eremo\u00bb in difesa della Costituzione all&#8217;inizio degli anni &#8217;90.<\/p>\n<p style=\"text-align: justify;\">L&#8217;atteggiamento di forte empatia di Dossetti e dei dosseftiani rispetto al ruolo storico \u00absalvifico\u00bb del comunismo italiano non si modifica in alcun modo neppure quando diventa evidente il venir meno di quegli stessi presupposti su cui esso si fonda: il che avviene ineluttabilmente con il dilagare egemonico della societ\u00e0 radicale.<\/p>\n<p style=\"text-align: justify;\">Scrive, infatti, Baget Bozzo, gi\u00e0 negli anni &#8217;70: \u00abPoich\u00e9 il modello umano del cristianesimo, separato dal riferimento all&#8217;ordine soprannaturale, \u00e8 di fatto il modello etico originario del socialismo, l&#8217;influenza del modello individualista sino alle sue ultime conseguenze tende a tagliare in radice i fondamenti dell&#8217;uomo comunista. [&#8230;] \u00c8 dunque inevitabile il vero &#8220;compromesso storico&#8221; che non \u00e8 quello con la Chiesa (che non condiziona sostanzialmente il Pci) ma quello con la societ\u00e0 radicale. \u00c8 probabile che il &#8220;compromesso storico&#8221; con la Chiesa finisca col diventare sempre meno importante e ceda gradualmente il passo invece a una linea di concessioni alla societ\u00e0 radicale, tendente alla marginalizzazione delle istituzioni ecclesiastiche e a una diversa azione pubblica in materia di costume. Del resto su questo punto non si tratterebbe che di adeguare la societ\u00e0 italiana a modelli europei\u00bb (8).<\/p>\n<p style=\"text-align: justify;\">Baget <em>Bozzo <\/em>vede chiaramente, e oserei dire profeticamente, la pesante cappa dell&#8217;egemonia relativista che comincia a calare, gi\u00e0 fin da allora, sul Pci; ma di questo Dossetti sembra non accorgersi o non interessarsi. La sua posizione, rispetto al Pci e ai suoi eredi, resta immutata, impermeabile al cambiamento \u00abgenetico\u00bb profondo che, soprattutto dagli anni &#8217;90, vede sostituirsi, come supporto di massa del postcomunismo, l&#8217;\u00abuomo relativista\u00bb all&#8217;\u00abuomo comunista\u00bb.<\/p>\n<p style=\"text-align: justify;\"><strong>Lusingato dalla contemporaneit\u00e0<\/strong><\/p>\n<p style=\"text-align: justify;\">Si defila, con sapienza da par suo anche rispetto alla questione della difesa di quei valori che oggi definiamo \u00abnon negoziabili\u00bb: afferma verit\u00e0 inconfutabili che, tuttavia, nella situazione storica concreta, si configurano come un \u00abinoppugnabile alibi per il disimpegno\u00bb con l&#8217;evidente obiettivo di evitare lo scontro frontale con la sinistra postcomunista.<\/p>\n<p style=\"text-align: justify;\">Dossetti, nel discorso di Pordenone del &#8217;94, asserisce: \u00abL&#8217;Italia ha conservato alcuni rottami sino a ora, ma erano rottami non pi\u00f9 ben giustificati neppure alla coscienza dei nostri politici, tanto \u00e8 vero che su alcuni valori supremi, che consideravamo supremi \u2014 come il divorzio e l&#8217;aborto \u2014, non abbiamo saputo condurre una linea di resistenza a un livello storico e culturale adeguato e siamo stati sconfitti. Come dovevamo esserlo. [&#8230;] E cos\u00ec oggi sentiamo parlare di altri valori o di altre battaglie, l&#8217;omosessualit\u00e0 e cos\u00ec via. Ma chi ci da un pensiero adeguato che possa veramente in maniera nuova e creativa smontare le obiezioni contrarie? Qual \u00e8 il tipo di nuova cultura che pu\u00f2 opporsi a questo? [&#8230;] I nostri valori devono essere difesi in nome di due cose: di una visione <em>organica, <\/em>vitale e creativa del cristianesimo di sempre; e in secondo luogo, in nome anche di una nuova cultura veramente adeguata alle scienze umane contemporanee\u00bb (9).<\/p>\n<p style=\"text-align: justify;\">Questa posizione \u00e8 per un verso ineccepibile, per l&#8217;altro molto ambigua. \u00c8, infatti, indiscutibile che per fronteggiare il relativismo e difendere i valori non negoziabili sia indispensabile \u00abuna visione organica, vitale e creativa del cristianesimo di sempre\u00bb cos\u00ec come \u00abuna nuova cultura veramente adeguata alle scienze umane contemporanee\u00bb. \u00c8, invece, assolutamente inaccettabile che, anche in assenza di tali condizioni, il cristiano possa defilarsi rinunciando alla testimonianza e alla difesa della verit\u00e0 per \u00abopportunit\u00e0 politica\u00bb e timore di una sicura sconfitta. Dossetti, nel quadro di questo ragionamento, evoca la figura di san Tommaso d&#8217;Aquino che \u00abal risveglio del pensiero aristotelico in Occidente [&#8230;] lo ha inquadrato in un sistema organico a quell&#8217;epoca pienamente adeguato\u00bb (19)<\/p>\n<p style=\"text-align: justify;\">\u00c8 una suggestione molto appropriata e forte e, in qualche modo, mi piace pensare che la Provvidenza l&#8217;abbia voluta raccogliere laddove papa Ratzinger, alcuni anni dopo, ha incentrato il suo magistero di nuova evangelizzazione dell&#8217;Occidente sul recupero del rapporto tra fede e ragione e ha affermato nella <em>Caritas in Ventate <\/em>che \u00abla questione sociale \u00e8 diventata radicalmente questione antropologica\u00bb.<\/p>\n<p style=\"text-align: justify;\"><strong>Note<\/strong><\/p>\n<p style=\"text-align: justify;\"><strong>1) <\/strong>Appunto manoscritto del gennaio 1950, citato in P. Craveri, <em>De Gasperi, <\/em>II Mulino, Bologna 2006, p. 439.<\/p>\n<p style=\"text-align: justify;\"><strong>2)<\/strong><em> A colloquio con Dossetti e Lazzati. <\/em>Intervista di Leopoldo Elia e Pietro Scoppola, II Mulino, Bologna 2003, p. 106.<\/p>\n<p style=\"text-align: justify;\"><strong>3)<\/strong> Giacomo Biffi, <em>Don Giuseppe Dossetti. <\/em><em>Nell&#8217;occasione di un centenario, <\/em>Edizioni Cantagalli, Siena 2012, pp. 48-49<\/p>\n<p style=\"text-align: justify;\"><strong>4)<\/strong> <em>Ivi<\/em>,p. 59.<\/p>\n<p style=\"text-align: justify;\"><strong>5)<\/strong> Giuseppe Alberigo, Alberto Melloni, Eugenio Ravignani, <em>Giuseppe Dossetti. Un itinerario spirituale, <\/em>Istituto Superiore di Scienze Religiose di Portogruaro, Portogruaro 2006, p. 52. Merita ricordare che anche Gianni Baget Bozzo era convinto, come Alberigo, che Dossetti non fosse mai stato un \u00abcriptocomunista\u00bb.<\/p>\n<p style=\"text-align: justify;\"><strong>6)<\/strong> Giuseppe Dossetti, <em>Scr\u00ectti politici 1943- 1951, <\/em>Marietti, Genova 1995, p. 195.<\/p>\n<p style=\"text-align: justify;\"><strong>7)<\/strong> La frase \u00e8 di Dossetti citata in Paolo Pombeni, <em>Giuseppe Dossetti. L&#8217;avventura politica di un riformatore cristiano, <\/em>II Mulino, Bologna 2013.<\/p>\n<p style=\"text-align: justify;\"><strong>8)<\/strong> Gianni Baget Bozzo, <em>Il partito cristiano, il comunismo e la societ\u00e0 radicale, <\/em>Vallecchi, Firenze 1976, pp. 42-49.<\/p>\n<p style=\"text-align: justify;\"><strong>9)<\/strong> Giuseppe Dossetti, \/\/ <em>Vangelo nella storia.\u00a0 Conversazioni 1993-1995, <\/em>Edizioni Paoline, Milano 2012, pp. 34-35.<\/p>\n<p style=\"text-align: justify;\"><strong>10)<\/strong> <em>Ivi<\/em> p. 35.<\/p>\n<p style=\"text-align: justify;\">__________________<\/p>\n<p style=\"text-align: justify;\"><strong>leggi anche:<\/strong><\/p>\n<p style=\"text-align: justify;\"><a href=\"https:\/\/www.rassegnastampa-totustuus.it\/cattolica\/?p=3544\" target=\"_blank\">Giuseppe Dossetti il monaco principe<\/a><\/p>\n<p style=\"text-align: justify;\"><a href=\"https:\/\/www.rassegnastampa-totustuus.it\/cattolica\/?p=938\" target=\"_blank\">Nota su Giuseppe Dossetti e il dossettismo<\/a><\/p>\n<p style=\"text-align: justify;\"><a href=\"https:\/\/www.rassegnastampa-totustuus.it\/cattolica\/?p=2508\" target=\"_blank\">L&#8217;azionismo cattolico (Dossetti e cattolicesimo democratico)<\/a><\/p>\n","protected":false},"excerpt":{"rendered":"<p>.Studi cattolici n.625 marzo 2013 Pier Paolo Saleri L&#8217;occasione del centenario della nascita di Giuseppe Dossetti (Genova 1913 &#8211; Olivete di Monteveglio 1996) ha suscitato numerosi scritti, pubblicazioni, eventi e dibattiti. \u00c8 questa, allora, l&#8217;occasione giusta per proporre una riflessione rispettosa, ma puntuale e non di circostanza, come contributo a un bilancio del pensiero e &hellip; <\/p>\n<p><a class=\"more-link btn\" href=\"https:\/\/www.rassegnastampa-totustuus.it\/cattolica\/giuseppe-dossetti-un-bilancio\/\">Continua a leggere<\/a><\/p>\n","protected":false},"author":6,"featured_media":30563,"comment_status":"closed","ping_status":"open","sticky":false,"template":"","format":"standard","meta":{"footnotes":""},"categories":[106,79,18],"tags":[788],"class_list":["post-5550","post","type-post","status-publish","format-standard","has-post-thumbnail","hentry","category-cattolicesimo-democratico","category-democrazia-cristiana","category-personaggi","tag-giuseppe-dossetti","item-wrap"],"yoast_head":"<!-- This site is optimized with the Yoast SEO plugin v27.5 - https:\/\/yoast.com\/product\/yoast-seo-wordpress\/ -->\n<title>Giuseppe Dossetti: un bilancio - Rassegna Stampa Cattolica<\/title>\n<meta name=\"description\" content=\"Rassegna Stampa Cattolica - Per una cultura che nasce dalla Rivelazione cristiana in conformit\u00e0 alla tradizione e al Magistero della Chiesa in opposizione ad ogni relativismo e totalitarismo\" \/>\n<meta name=\"robots\" content=\"index, follow, max-snippet:-1, max-image-preview:large, max-video-preview:-1\" \/>\n<link rel=\"canonical\" href=\"https:\/\/www.rassegnastampa-totustuus.it\/cattolica\/giuseppe-dossetti-un-bilancio\/\" \/>\n<meta property=\"og:locale\" content=\"it_IT\" \/>\n<meta property=\"og:type\" content=\"article\" \/>\n<meta property=\"og:title\" content=\"Giuseppe Dossetti: un bilancio - Rassegna Stampa Cattolica\" \/>\n<meta property=\"og:description\" content=\"Rassegna Stampa Cattolica - Per una cultura che nasce dalla Rivelazione cristiana in conformit\u00e0 alla tradizione e al Magistero della Chiesa in opposizione ad ogni relativismo e totalitarismo\" \/>\n<meta property=\"og:url\" content=\"https:\/\/www.rassegnastampa-totustuus.it\/cattolica\/giuseppe-dossetti-un-bilancio\/\" \/>\n<meta property=\"og:site_name\" content=\"Rassegna Stampa Cattolica\" \/>\n<meta property=\"article:publisher\" content=\"https:\/\/www.facebook.com\/rassegnastampacattolica\" \/>\n<meta property=\"article:published_time\" content=\"2013-04-17T22:00:00+00:00\" \/>\n<meta property=\"article:modified_time\" content=\"2016-02-08T08:29:37+00:00\" \/>\n<meta property=\"og:image\" content=\"https:\/\/www.rassegnastampa-totustuus.it\/cattolica\/wp-content\/uploads\/2013\/04\/Giuseppe-Dossetti.jpg\" \/>\n\t<meta property=\"og:image:width\" content=\"293\" \/>\n\t<meta property=\"og:image:height\" content=\"172\" \/>\n\t<meta property=\"og:image:type\" content=\"image\/jpeg\" \/>\n<meta name=\"author\" content=\"Redazione\" \/>\n<meta name=\"twitter:card\" content=\"summary_large_image\" \/>\n<meta name=\"twitter:creator\" content=\"@rassegnastampa9\" \/>\n<meta name=\"twitter:site\" content=\"@rassegnastampa9\" \/>\n<meta name=\"twitter:label1\" content=\"Scritto da\" \/>\n\t<meta name=\"twitter:data1\" content=\"Redazione\" \/>\n\t<meta name=\"twitter:label2\" content=\"Tempo di lettura stimato\" \/>\n\t<meta name=\"twitter:data2\" content=\"10 minuti\" \/>\n<script type=\"application\/ld+json\" class=\"yoast-schema-graph\">{\"@context\":\"https:\\\/\\\/schema.org\",\"@graph\":[{\"@type\":\"Article\",\"@id\":\"https:\\\/\\\/www.rassegnastampa-totustuus.it\\\/cattolica\\\/giuseppe-dossetti-un-bilancio\\\/#article\",\"isPartOf\":{\"@id\":\"https:\\\/\\\/www.rassegnastampa-totustuus.it\\\/cattolica\\\/giuseppe-dossetti-un-bilancio\\\/\"},\"author\":{\"name\":\"Redazione\",\"@id\":\"https:\\\/\\\/www.rassegnastampa-totustuus.it\\\/cattolica\\\/#\\\/schema\\\/person\\\/08f319d2bd1a0904ad9e2bfb7b15e5c3\"},\"headline\":\"Giuseppe Dossetti: un bilancio\",\"datePublished\":\"2013-04-17T22:00:00+00:00\",\"dateModified\":\"2016-02-08T08:29:37+00:00\",\"mainEntityOfPage\":{\"@id\":\"https:\\\/\\\/www.rassegnastampa-totustuus.it\\\/cattolica\\\/giuseppe-dossetti-un-bilancio\\\/\"},\"wordCount\":1986,\"publisher\":{\"@id\":\"https:\\\/\\\/www.rassegnastampa-totustuus.it\\\/cattolica\\\/#organization\"},\"image\":{\"@id\":\"https:\\\/\\\/www.rassegnastampa-totustuus.it\\\/cattolica\\\/giuseppe-dossetti-un-bilancio\\\/#primaryimage\"},\"thumbnailUrl\":\"https:\\\/\\\/www.rassegnastampa-totustuus.it\\\/cattolica\\\/wp-content\\\/uploads\\\/2013\\\/04\\\/Giuseppe-Dossetti.jpg\",\"keywords\":[\"Giuseppe Dossetti\"],\"articleSection\":[\"Cattolicesimo dem.\",\"Democrazia cristiana\",\"Personaggi\"],\"inLanguage\":\"it-IT\"},{\"@type\":\"WebPage\",\"@id\":\"https:\\\/\\\/www.rassegnastampa-totustuus.it\\\/cattolica\\\/giuseppe-dossetti-un-bilancio\\\/\",\"url\":\"https:\\\/\\\/www.rassegnastampa-totustuus.it\\\/cattolica\\\/giuseppe-dossetti-un-bilancio\\\/\",\"name\":\"Giuseppe Dossetti: un bilancio - Rassegna Stampa Cattolica\",\"isPartOf\":{\"@id\":\"https:\\\/\\\/www.rassegnastampa-totustuus.it\\\/cattolica\\\/#website\"},\"primaryImageOfPage\":{\"@id\":\"https:\\\/\\\/www.rassegnastampa-totustuus.it\\\/cattolica\\\/giuseppe-dossetti-un-bilancio\\\/#primaryimage\"},\"image\":{\"@id\":\"https:\\\/\\\/www.rassegnastampa-totustuus.it\\\/cattolica\\\/giuseppe-dossetti-un-bilancio\\\/#primaryimage\"},\"thumbnailUrl\":\"https:\\\/\\\/www.rassegnastampa-totustuus.it\\\/cattolica\\\/wp-content\\\/uploads\\\/2013\\\/04\\\/Giuseppe-Dossetti.jpg\",\"datePublished\":\"2013-04-17T22:00:00+00:00\",\"dateModified\":\"2016-02-08T08:29:37+00:00\",\"description\":\"Rassegna Stampa Cattolica - Per una cultura che nasce dalla Rivelazione cristiana in conformit\u00e0 alla tradizione e al Magistero della Chiesa in opposizione ad ogni relativismo e totalitarismo\",\"breadcrumb\":{\"@id\":\"https:\\\/\\\/www.rassegnastampa-totustuus.it\\\/cattolica\\\/giuseppe-dossetti-un-bilancio\\\/#breadcrumb\"},\"inLanguage\":\"it-IT\",\"potentialAction\":[{\"@type\":\"ReadAction\",\"target\":[\"https:\\\/\\\/www.rassegnastampa-totustuus.it\\\/cattolica\\\/giuseppe-dossetti-un-bilancio\\\/\"]}]},{\"@type\":\"ImageObject\",\"inLanguage\":\"it-IT\",\"@id\":\"https:\\\/\\\/www.rassegnastampa-totustuus.it\\\/cattolica\\\/giuseppe-dossetti-un-bilancio\\\/#primaryimage\",\"url\":\"https:\\\/\\\/www.rassegnastampa-totustuus.it\\\/cattolica\\\/wp-content\\\/uploads\\\/2013\\\/04\\\/Giuseppe-Dossetti.jpg\",\"contentUrl\":\"https:\\\/\\\/www.rassegnastampa-totustuus.it\\\/cattolica\\\/wp-content\\\/uploads\\\/2013\\\/04\\\/Giuseppe-Dossetti.jpg\",\"width\":293,\"height\":172},{\"@type\":\"BreadcrumbList\",\"@id\":\"https:\\\/\\\/www.rassegnastampa-totustuus.it\\\/cattolica\\\/giuseppe-dossetti-un-bilancio\\\/#breadcrumb\",\"itemListElement\":[{\"@type\":\"ListItem\",\"position\":1,\"name\":\"Home\",\"item\":\"https:\\\/\\\/www.rassegnastampa-totustuus.it\\\/cattolica\\\/\"},{\"@type\":\"ListItem\",\"position\":2,\"name\":\"Giuseppe Dossetti: un bilancio\"}]},{\"@type\":\"WebSite\",\"@id\":\"https:\\\/\\\/www.rassegnastampa-totustuus.it\\\/cattolica\\\/#website\",\"url\":\"https:\\\/\\\/www.rassegnastampa-totustuus.it\\\/cattolica\\\/\",\"name\":\"Rassegna Stampa Cattolica\",\"description\":\"Per una cultura che nasce dalla Rivelazione cristiana in conformit\u00e0 alla tradizione e al Magistero della Chiesa in opposizione ad ogni relativismo e totalitarismo\",\"publisher\":{\"@id\":\"https:\\\/\\\/www.rassegnastampa-totustuus.it\\\/cattolica\\\/#organization\"},\"alternateName\":\"Rass. Cattolica\",\"potentialAction\":[{\"@type\":\"SearchAction\",\"target\":{\"@type\":\"EntryPoint\",\"urlTemplate\":\"https:\\\/\\\/www.rassegnastampa-totustuus.it\\\/cattolica\\\/?s={search_term_string}\"},\"query-input\":{\"@type\":\"PropertyValueSpecification\",\"valueRequired\":true,\"valueName\":\"search_term_string\"}}],\"inLanguage\":\"it-IT\"},{\"@type\":\"Organization\",\"@id\":\"https:\\\/\\\/www.rassegnastampa-totustuus.it\\\/cattolica\\\/#organization\",\"name\":\"Rassegna Stampa Cattolica\",\"url\":\"https:\\\/\\\/www.rassegnastampa-totustuus.it\\\/cattolica\\\/\",\"logo\":{\"@type\":\"ImageObject\",\"inLanguage\":\"it-IT\",\"@id\":\"https:\\\/\\\/www.rassegnastampa-totustuus.it\\\/cattolica\\\/#\\\/schema\\\/logo\\\/image\\\/\",\"url\":\"https:\\\/\\\/www.rassegnastampa-totustuus.it\\\/cattolica\\\/wp-content\\\/uploads\\\/2014\\\/04\\\/logo-rassegna1.gif\",\"contentUrl\":\"https:\\\/\\\/www.rassegnastampa-totustuus.it\\\/cattolica\\\/wp-content\\\/uploads\\\/2014\\\/04\\\/logo-rassegna1.gif\",\"width\":600,\"height\":163,\"caption\":\"Rassegna Stampa Cattolica\"},\"image\":{\"@id\":\"https:\\\/\\\/www.rassegnastampa-totustuus.it\\\/cattolica\\\/#\\\/schema\\\/logo\\\/image\\\/\"},\"sameAs\":[\"https:\\\/\\\/www.facebook.com\\\/rassegnastampacattolica\",\"https:\\\/\\\/x.com\\\/rassegnastampa9\"]},{\"@type\":\"Person\",\"@id\":\"https:\\\/\\\/www.rassegnastampa-totustuus.it\\\/cattolica\\\/#\\\/schema\\\/person\\\/08f319d2bd1a0904ad9e2bfb7b15e5c3\",\"name\":\"Redazione\",\"image\":{\"@type\":\"ImageObject\",\"inLanguage\":\"it-IT\",\"@id\":\"https:\\\/\\\/secure.gravatar.com\\\/avatar\\\/2fcdf27c78ea025fbdb44e914cc63c72249ffec9dc8aafd5c82b26240ef3f346?s=96&d=mm&r=g\",\"url\":\"https:\\\/\\\/secure.gravatar.com\\\/avatar\\\/2fcdf27c78ea025fbdb44e914cc63c72249ffec9dc8aafd5c82b26240ef3f346?s=96&d=mm&r=g\",\"contentUrl\":\"https:\\\/\\\/secure.gravatar.com\\\/avatar\\\/2fcdf27c78ea025fbdb44e914cc63c72249ffec9dc8aafd5c82b26240ef3f346?s=96&d=mm&r=g\",\"caption\":\"Redazione\"},\"url\":\"https:\\\/\\\/www.rassegnastampa-totustuus.it\\\/cattolica\\\/author\\\/pietroelle\\\/\"}]}<\/script>\n<!-- \/ Yoast SEO plugin. -->","yoast_head_json":{"title":"Giuseppe Dossetti: un bilancio - Rassegna Stampa Cattolica","description":"Rassegna Stampa Cattolica - Per una cultura che nasce dalla Rivelazione cristiana in conformit\u00e0 alla tradizione e al Magistero della Chiesa in opposizione ad ogni relativismo e totalitarismo","robots":{"index":"index","follow":"follow","max-snippet":"max-snippet:-1","max-image-preview":"max-image-preview:large","max-video-preview":"max-video-preview:-1"},"canonical":"https:\/\/www.rassegnastampa-totustuus.it\/cattolica\/giuseppe-dossetti-un-bilancio\/","og_locale":"it_IT","og_type":"article","og_title":"Giuseppe Dossetti: un bilancio - Rassegna Stampa Cattolica","og_description":"Rassegna Stampa Cattolica - Per una cultura che nasce dalla Rivelazione cristiana in conformit\u00e0 alla tradizione e al Magistero della Chiesa in opposizione ad ogni relativismo e totalitarismo","og_url":"https:\/\/www.rassegnastampa-totustuus.it\/cattolica\/giuseppe-dossetti-un-bilancio\/","og_site_name":"Rassegna Stampa Cattolica","article_publisher":"https:\/\/www.facebook.com\/rassegnastampacattolica","article_published_time":"2013-04-17T22:00:00+00:00","article_modified_time":"2016-02-08T08:29:37+00:00","og_image":[{"width":293,"height":172,"url":"https:\/\/www.rassegnastampa-totustuus.it\/cattolica\/wp-content\/uploads\/2013\/04\/Giuseppe-Dossetti.jpg","type":"image\/jpeg"}],"author":"Redazione","twitter_card":"summary_large_image","twitter_creator":"@rassegnastampa9","twitter_site":"@rassegnastampa9","twitter_misc":{"Scritto da":"Redazione","Tempo di lettura stimato":"10 minuti"},"schema":{"@context":"https:\/\/schema.org","@graph":[{"@type":"Article","@id":"https:\/\/www.rassegnastampa-totustuus.it\/cattolica\/giuseppe-dossetti-un-bilancio\/#article","isPartOf":{"@id":"https:\/\/www.rassegnastampa-totustuus.it\/cattolica\/giuseppe-dossetti-un-bilancio\/"},"author":{"name":"Redazione","@id":"https:\/\/www.rassegnastampa-totustuus.it\/cattolica\/#\/schema\/person\/08f319d2bd1a0904ad9e2bfb7b15e5c3"},"headline":"Giuseppe Dossetti: un bilancio","datePublished":"2013-04-17T22:00:00+00:00","dateModified":"2016-02-08T08:29:37+00:00","mainEntityOfPage":{"@id":"https:\/\/www.rassegnastampa-totustuus.it\/cattolica\/giuseppe-dossetti-un-bilancio\/"},"wordCount":1986,"publisher":{"@id":"https:\/\/www.rassegnastampa-totustuus.it\/cattolica\/#organization"},"image":{"@id":"https:\/\/www.rassegnastampa-totustuus.it\/cattolica\/giuseppe-dossetti-un-bilancio\/#primaryimage"},"thumbnailUrl":"https:\/\/www.rassegnastampa-totustuus.it\/cattolica\/wp-content\/uploads\/2013\/04\/Giuseppe-Dossetti.jpg","keywords":["Giuseppe Dossetti"],"articleSection":["Cattolicesimo dem.","Democrazia cristiana","Personaggi"],"inLanguage":"it-IT"},{"@type":"WebPage","@id":"https:\/\/www.rassegnastampa-totustuus.it\/cattolica\/giuseppe-dossetti-un-bilancio\/","url":"https:\/\/www.rassegnastampa-totustuus.it\/cattolica\/giuseppe-dossetti-un-bilancio\/","name":"Giuseppe Dossetti: un bilancio - Rassegna Stampa Cattolica","isPartOf":{"@id":"https:\/\/www.rassegnastampa-totustuus.it\/cattolica\/#website"},"primaryImageOfPage":{"@id":"https:\/\/www.rassegnastampa-totustuus.it\/cattolica\/giuseppe-dossetti-un-bilancio\/#primaryimage"},"image":{"@id":"https:\/\/www.rassegnastampa-totustuus.it\/cattolica\/giuseppe-dossetti-un-bilancio\/#primaryimage"},"thumbnailUrl":"https:\/\/www.rassegnastampa-totustuus.it\/cattolica\/wp-content\/uploads\/2013\/04\/Giuseppe-Dossetti.jpg","datePublished":"2013-04-17T22:00:00+00:00","dateModified":"2016-02-08T08:29:37+00:00","description":"Rassegna Stampa Cattolica - Per una cultura che nasce dalla Rivelazione cristiana in conformit\u00e0 alla tradizione e al Magistero della Chiesa in opposizione ad ogni relativismo e totalitarismo","breadcrumb":{"@id":"https:\/\/www.rassegnastampa-totustuus.it\/cattolica\/giuseppe-dossetti-un-bilancio\/#breadcrumb"},"inLanguage":"it-IT","potentialAction":[{"@type":"ReadAction","target":["https:\/\/www.rassegnastampa-totustuus.it\/cattolica\/giuseppe-dossetti-un-bilancio\/"]}]},{"@type":"ImageObject","inLanguage":"it-IT","@id":"https:\/\/www.rassegnastampa-totustuus.it\/cattolica\/giuseppe-dossetti-un-bilancio\/#primaryimage","url":"https:\/\/www.rassegnastampa-totustuus.it\/cattolica\/wp-content\/uploads\/2013\/04\/Giuseppe-Dossetti.jpg","contentUrl":"https:\/\/www.rassegnastampa-totustuus.it\/cattolica\/wp-content\/uploads\/2013\/04\/Giuseppe-Dossetti.jpg","width":293,"height":172},{"@type":"BreadcrumbList","@id":"https:\/\/www.rassegnastampa-totustuus.it\/cattolica\/giuseppe-dossetti-un-bilancio\/#breadcrumb","itemListElement":[{"@type":"ListItem","position":1,"name":"Home","item":"https:\/\/www.rassegnastampa-totustuus.it\/cattolica\/"},{"@type":"ListItem","position":2,"name":"Giuseppe Dossetti: un bilancio"}]},{"@type":"WebSite","@id":"https:\/\/www.rassegnastampa-totustuus.it\/cattolica\/#website","url":"https:\/\/www.rassegnastampa-totustuus.it\/cattolica\/","name":"Rassegna Stampa Cattolica","description":"Per una cultura che nasce dalla Rivelazione cristiana in conformit\u00e0 alla tradizione e al Magistero della Chiesa in opposizione ad ogni relativismo e totalitarismo","publisher":{"@id":"https:\/\/www.rassegnastampa-totustuus.it\/cattolica\/#organization"},"alternateName":"Rass. Cattolica","potentialAction":[{"@type":"SearchAction","target":{"@type":"EntryPoint","urlTemplate":"https:\/\/www.rassegnastampa-totustuus.it\/cattolica\/?s={search_term_string}"},"query-input":{"@type":"PropertyValueSpecification","valueRequired":true,"valueName":"search_term_string"}}],"inLanguage":"it-IT"},{"@type":"Organization","@id":"https:\/\/www.rassegnastampa-totustuus.it\/cattolica\/#organization","name":"Rassegna Stampa Cattolica","url":"https:\/\/www.rassegnastampa-totustuus.it\/cattolica\/","logo":{"@type":"ImageObject","inLanguage":"it-IT","@id":"https:\/\/www.rassegnastampa-totustuus.it\/cattolica\/#\/schema\/logo\/image\/","url":"https:\/\/www.rassegnastampa-totustuus.it\/cattolica\/wp-content\/uploads\/2014\/04\/logo-rassegna1.gif","contentUrl":"https:\/\/www.rassegnastampa-totustuus.it\/cattolica\/wp-content\/uploads\/2014\/04\/logo-rassegna1.gif","width":600,"height":163,"caption":"Rassegna Stampa Cattolica"},"image":{"@id":"https:\/\/www.rassegnastampa-totustuus.it\/cattolica\/#\/schema\/logo\/image\/"},"sameAs":["https:\/\/www.facebook.com\/rassegnastampacattolica","https:\/\/x.com\/rassegnastampa9"]},{"@type":"Person","@id":"https:\/\/www.rassegnastampa-totustuus.it\/cattolica\/#\/schema\/person\/08f319d2bd1a0904ad9e2bfb7b15e5c3","name":"Redazione","image":{"@type":"ImageObject","inLanguage":"it-IT","@id":"https:\/\/secure.gravatar.com\/avatar\/2fcdf27c78ea025fbdb44e914cc63c72249ffec9dc8aafd5c82b26240ef3f346?s=96&d=mm&r=g","url":"https:\/\/secure.gravatar.com\/avatar\/2fcdf27c78ea025fbdb44e914cc63c72249ffec9dc8aafd5c82b26240ef3f346?s=96&d=mm&r=g","contentUrl":"https:\/\/secure.gravatar.com\/avatar\/2fcdf27c78ea025fbdb44e914cc63c72249ffec9dc8aafd5c82b26240ef3f346?s=96&d=mm&r=g","caption":"Redazione"},"url":"https:\/\/www.rassegnastampa-totustuus.it\/cattolica\/author\/pietroelle\/"}]}},"_links":{"self":[{"href":"https:\/\/www.rassegnastampa-totustuus.it\/cattolica\/wp-json\/wp\/v2\/posts\/5550","targetHints":{"allow":["GET"]}}],"collection":[{"href":"https:\/\/www.rassegnastampa-totustuus.it\/cattolica\/wp-json\/wp\/v2\/posts"}],"about":[{"href":"https:\/\/www.rassegnastampa-totustuus.it\/cattolica\/wp-json\/wp\/v2\/types\/post"}],"author":[{"embeddable":true,"href":"https:\/\/www.rassegnastampa-totustuus.it\/cattolica\/wp-json\/wp\/v2\/users\/6"}],"replies":[{"embeddable":true,"href":"https:\/\/www.rassegnastampa-totustuus.it\/cattolica\/wp-json\/wp\/v2\/comments?post=5550"}],"version-history":[{"count":5,"href":"https:\/\/www.rassegnastampa-totustuus.it\/cattolica\/wp-json\/wp\/v2\/posts\/5550\/revisions"}],"predecessor-version":[{"id":30564,"href":"https:\/\/www.rassegnastampa-totustuus.it\/cattolica\/wp-json\/wp\/v2\/posts\/5550\/revisions\/30564"}],"wp:featuredmedia":[{"embeddable":true,"href":"https:\/\/www.rassegnastampa-totustuus.it\/cattolica\/wp-json\/wp\/v2\/media\/30563"}],"wp:attachment":[{"href":"https:\/\/www.rassegnastampa-totustuus.it\/cattolica\/wp-json\/wp\/v2\/media?parent=5550"}],"wp:term":[{"taxonomy":"category","embeddable":true,"href":"https:\/\/www.rassegnastampa-totustuus.it\/cattolica\/wp-json\/wp\/v2\/categories?post=5550"},{"taxonomy":"post_tag","embeddable":true,"href":"https:\/\/www.rassegnastampa-totustuus.it\/cattolica\/wp-json\/wp\/v2\/tags?post=5550"}],"curies":[{"name":"wp","href":"https:\/\/api.w.org\/{rel}","templated":true}]}}