{"id":55495,"date":"2023-01-26T00:00:04","date_gmt":"2023-01-25T23:00:04","guid":{"rendered":"http:\/\/www.rassegnastampa-totustuus.it\/cattolica\/?p=55495"},"modified":"2024-01-31T14:55:39","modified_gmt":"2024-01-31T13:55:39","slug":"cesare-cavalleri","status":"publish","type":"post","link":"https:\/\/www.rassegnastampa-totustuus.it\/cattolica\/cesare-cavalleri\/","title":{"rendered":"Cesare Cavalleri (1936-2022)"},"content":{"rendered":"<p style=\"text-align: center;\"><span style=\"color: #000000;\"><strong><img loading=\"lazy\" decoding=\"async\" class=\"size-full wp-image-55496 alignright\" src=\"https:\/\/www.rassegnastampa-totustuus.it\/cattolica\/wp-content\/uploads\/2023\/01\/Cesare_Cavalleri.jpg\" alt=\"\" width=\"225\" height=\"225\" srcset=\"https:\/\/www.rassegnastampa-totustuus.it\/cattolica\/wp-content\/uploads\/2023\/01\/Cesare_Cavalleri.jpg 225w, https:\/\/www.rassegnastampa-totustuus.it\/cattolica\/wp-content\/uploads\/2023\/01\/Cesare_Cavalleri-150x150.jpg 150w\" sizes=\"auto, (max-width: 225px) 100vw, 225px\" \/><a href=\"https:\/\/www.rivistailborghese.it\/\" target=\"_blank\" rel=\"noopener\"><span style=\"color: #0000ff;\">Il Borghese quindicinale<\/span><\/a><\/strong> 15 gennaio 2023\u00a0<\/span><\/p>\n<p style=\"text-align: center;\"><span style=\"color: #000000;\"> <em>Poeta segreto (nel <\/em>mainstream<em> italiano)<\/em> <\/span><\/p>\n<p style=\"text-align: center;\"><span style=\"color: #000000;\">di <strong>Giuseppe Brienza<\/strong> <\/span><\/p>\n<p style=\"text-align: justify;\"><span style=\"color: #000000;\">\u201cStudi Cattolici\u201d \u00e8 una rivista mensile, fondata a Roma nel 1957 da Salvatore Canals e Giacomo Violardo (i primi direttori) ed altri, di attualit\u00e0, politica e cultura, che si propone di interpretare la cronaca contemporanea alla luce del diritto naturale e del Magistero della Chiesa cattolica.<\/span><\/p>\n<p><span style=\"color: #000000;\"><!--more--><\/span><\/p>\n<p style=\"text-align: justify;\"><span style=\"color: #000000;\"><img loading=\"lazy\" decoding=\"async\" class=\"size-medium wp-image-55497 alignleft\" src=\"https:\/\/www.rassegnastampa-totustuus.it\/cattolica\/wp-content\/uploads\/2023\/01\/cover_studi_cattolici-216x300.jpg\" alt=\"\" width=\"216\" height=\"300\" srcset=\"https:\/\/www.rassegnastampa-totustuus.it\/cattolica\/wp-content\/uploads\/2023\/01\/cover_studi_cattolici-216x300.jpg 216w, https:\/\/www.rassegnastampa-totustuus.it\/cattolica\/wp-content\/uploads\/2023\/01\/cover_studi_cattolici.jpg 400w\" sizes=\"auto, (max-width: 216px) 100vw, 216px\" \/>La periodicit\u00e0 inizialmente \u00e8 stata trimestrale ma, gi\u00e0 dopo il primo anno, quindi a partire dal 1958, \u00e8 divenuta bimestrale. La direzione, che ha sempre coinciso con quella delle Edizioni \u201cAres\u201d, dal 1966 fino al 2022 \u00e8 stata di Cesare Cavalleri (1936-2022), collaboratore della rivista fin dal 1963 come critico letterario.<\/span><\/p>\n<p style=\"text-align: justify;\"><span style=\"color: #000000;\">Per chi non lo conoscesse, Cesare Cavalleri \u00e8 nato a Treviglio, in provincia di Bergamo, il 13 novembre 1936, ed \u00e8 morto il 28 dicembre scorso a Milano, dopo una lunga malattia accolta con grande spirito cristiano. Alcune settimane prima di lasciare questo mondo ha inviato una lettera al quotidiano <em>Avvenire<\/em>, di cui era stato cofondatore e su cui teneva una rubrica settimanale, dato che il verdetto dei medici gli imponeva il commiato dai lettori. \u00ab<em>Carissimo Direttore<\/em>\u00bb, vi aveva scritto, \u00ab<em>non immaginavo simile conclusione, ma prendo volentieri atto e mi tuffo nella preparazione immediata al<\/em> grande salto\u2026\u00bb.<\/span><\/p>\n<p style=\"text-align: justify;\"><span style=\"color: #000000;\"><img loading=\"lazy\" decoding=\"async\" class=\" wp-image-34369 alignright\" src=\"https:\/\/www.rassegnastampa-totustuus.it\/cattolica\/wp-content\/uploads\/2006\/05\/Opus-Dei.jpg\" alt=\"\" width=\"182\" height=\"227\" \/>Ha ricordato uno dei suoi maggiori collaboratori ed amici, Riccardo Caniato, che il \u201csaluto\u201d di Cavalleri, \u00ab<em>in un\u2019epoca che esorcizza la morte prima di tutto non parlandone, ha fatto curiosamente il giro del Web. Parrebbe una contraddizione ma in realt\u00e0 \u00e8 una dimostrazione della grande sete di speranza che attanaglia i cuori<\/em>\u00bb (<em>Cesare Cavalleri, il \u00abgrande salto\u00bb \u00e8 compiuto<\/em>, <em>La Nuova Bussola Quotidiana<\/em>, 29 dicembre 2022).<\/span><\/p>\n<p style=\"text-align: justify;\"><span style=\"color: #000000;\">Laureato in economia, Cesare aveva conosciuto l\u2019<em>Opus Dei<\/em> durante gli anni universitari, entrandovi come <em>numerario<\/em> nel 1959. Dopo la laurea ha insegnato per quattro anni Statistica all&#8217;Universit\u00e0 di Verona, ma la sua vera passione \u00e8 stata e sar\u00e0 sempre la letteratura e la poesia.<\/span><\/p>\n<p style=\"text-align: justify;\"><span style=\"color: #000000;\"><img loading=\"lazy\" decoding=\"async\" class=\" wp-image-55498 alignleft\" src=\"https:\/\/www.rassegnastampa-totustuus.it\/cattolica\/wp-content\/uploads\/2023\/01\/Cesare_Cavalleri-1.jpg\" alt=\"\" width=\"318\" height=\"252\" \/>Negli anni &#8217;60 ha fondato, a Verona, <em>Fogli<\/em>, \u201c<em>Rivista di cultura, attualit\u00e0 e di problemi giovanili<\/em>\u201d che, fra l&#8217;altro, si ricorda per aver intrapreso una vivace polemica con Eugenio Montale a proposito dei rapporti fra le generazioni.<\/span><\/p>\n<p style=\"text-align: justify;\"><span style=\"color: #000000;\">Cavalleri \u00e8 anche giornalista e, per 15 anni, \u00e8 stato il critico televisivo di <em>Avvenire <\/em>[dalla sua rubrica \u201c<em>Persone &amp; parole<\/em>\u201d, sono stati ricavati ben quattro volumi antologici (cfr. <em>Ares<\/em>, Milano 1989\/2008)], passando poi, sullo stesso quotidiano, alla critica letteraria.<\/span><\/p>\n<p style=\"text-align: justify;\"><span style=\"color: #000000;\">Fra le tante opere da lui curate va menzionato il <em>long seller<\/em> \u201c<em>Intervista sul fondatore dell&#8217;Opus Dei, Josemar\u00eda Escriv\u00e1 de Balaguer<\/em>\u201d, del Beato \u00c1lvaro del Portillo (1914-1994).<\/span><\/p>\n<p style=\"text-align: justify;\"><span style=\"color: #000000;\">Nel 2004 gli \u00e8 assegnato il Premio internazionale <em>Medaglia d&#8217;oro per la Cultura cattolica<\/em>, un riconoscimento che in precedenza era stato riconosciuto a filosofi come Augusto Del Noce, economisti come Michael Novak, scrittori come Eugenio Corti e direttori musicali come il maestro Riccardo Muti.<\/span><\/p>\n<p style=\"text-align: justify;\"><span style=\"color: #000000;\"><img loading=\"lazy\" decoding=\"async\" class=\"size-full wp-image-55499 alignright\" src=\"https:\/\/www.rassegnastampa-totustuus.it\/cattolica\/wp-content\/uploads\/2023\/01\/Ambrogino_Milano.jpg\" alt=\"\" width=\"226\" height=\"223\" \/>Nel 2006 Cavalleri ha ricevuto anche l\u2019<em>Ambrogino d&#8217;oro<\/em>, la nota onorificenza che il Comune di Milano conferisce ai cittadini benemeriti.<\/span><\/p>\n<p style=\"text-align: justify;\"><span style=\"color: #000000;\">Nella selezione antologica degli articoli di fondo pubblicati nei primi quarant&#8217;anni della sua direzione di Studi cattolici presente nel libro \u201cEditoriali\u201d (<em>Ares<\/em>, Milano 2007), merita di essere rievocato l\u2019editoriale dell&#8217;ottobre 1976 (n\u00b0 188), intitolato \u201cGoverno e Parlamento\u201d. Cavalleri partecipa con decisione al dibattito italiano sulla questione dell&#8217;aborto e lo fa con la consueta chiarezza.<\/span><\/p>\n<p style=\"text-align: justify;\"><span style=\"color: #000000;\"><img loading=\"lazy\" decoding=\"async\" class=\" wp-image-31708 alignleft\" src=\"https:\/\/www.rassegnastampa-totustuus.it\/cattolica\/wp-content\/uploads\/2016\/03\/pannella_bonino.jpg\" alt=\"\" width=\"317\" height=\"190\" \/>Scrive che Marco Pannella, Adele Faccio ed Emma Bonino, istigatori dell\u2019aborto, sono \u00ab<em>oggettivamente assassini<\/em>\u00bb, in quanto \u00ab<em>chi pratica l\u2019aborto \u00e8 un assassino, e chi istiga gli assassini o con loro collabora si macchia moralmente dello stesso delitto<\/em>\u00bb. I tre esponenti radicali lo querelano e, solo nel luglio 1980, il Tribunale di Milano assolve il direttore di Studi Cattolici perch\u00e9 \u00ab<em>il fatto non costituisce reato<\/em>\u00bb.<\/span><\/p>\n<p style=\"text-align: justify;\"><span style=\"color: #000000;\">Un precedente giuridico importante, che consentir\u00e0 a chi resister\u00e0 alle persecuzioni delle <em>toghe rosse<\/em> ed agli ostracismi politico-mediatici di continuare a difendere liberamente la verit\u00e0 sulla vita e sulla persona umana.<\/span><\/p>\n<p style=\"text-align: justify;\"><span style=\"color: #000000;\"><img loading=\"lazy\" decoding=\"async\" class=\"size-medium wp-image-47634 alignright\" src=\"https:\/\/www.rassegnastampa-totustuus.it\/cattolica\/wp-content\/uploads\/2020\/06\/aborto-300x169.jpg\" alt=\"\" width=\"300\" height=\"169\" srcset=\"https:\/\/www.rassegnastampa-totustuus.it\/cattolica\/wp-content\/uploads\/2020\/06\/aborto-300x169.jpg 300w, https:\/\/www.rassegnastampa-totustuus.it\/cattolica\/wp-content\/uploads\/2020\/06\/aborto-768x432.jpg 768w, https:\/\/www.rassegnastampa-totustuus.it\/cattolica\/wp-content\/uploads\/2020\/06\/aborto-1024x576.jpg 1024w, https:\/\/www.rassegnastampa-totustuus.it\/cattolica\/wp-content\/uploads\/2020\/06\/aborto.jpg 1280w\" sizes=\"auto, (max-width: 300px) 100vw, 300px\" \/>Nel 1981 la sua rivista si schiera quindi per il \u00abS\u00ec\u00bb al referendum sull&#8217;abolizione della legge sull&#8217;aborto con un quaderno allegato al fascicolo di marzo (n\u00b0 241), dal titolo \u201cUn s\u00ec alla vita\u201d. L&#8217;impegno in difesa della vita non viene meno anche dopo che le urne sanciscono l&#8217;accettazione della famigerata legge 194\/1978.<\/span><\/p>\n<p style=\"text-align: justify;\"><span style=\"color: #000000;\"><em>Studi Cattolici<\/em> comincia poi ad affrontare fra i primi, nel panorama delle riviste culturali italiane, il tema della bioetica. Gi\u00e0 nel 1986, con il quaderno monografico \u201cBiotecnologia fin dove?\u201d (n. 310, dicembre 1986), non gli sfugge che si tratta di una sfida di ampia portata. La rivista coglie quindi con notevole anticipo le possibili derive di certo ambientalismo anti-umano e di molti altri eccessi dell&#8217;ecologismo (vedi ad esempio nei numeri del dicembre 1990 e marzo 1991 gli articoli a cura di Paolo Pugni).<\/span><\/p>\n<p style=\"text-align: justify;\"><span style=\"color: #000000;\"><img loading=\"lazy\" decoding=\"async\" class=\" wp-image-34885 alignleft\" src=\"https:\/\/www.rassegnastampa-totustuus.it\/cattolica\/wp-content\/uploads\/2009\/03\/famiglia_europa.jpg\" alt=\"\" width=\"265\" height=\"265\" srcset=\"https:\/\/www.rassegnastampa-totustuus.it\/cattolica\/wp-content\/uploads\/2009\/03\/famiglia_europa.jpg 225w, https:\/\/www.rassegnastampa-totustuus.it\/cattolica\/wp-content\/uploads\/2009\/03\/famiglia_europa-150x150.jpg 150w\" sizes=\"auto, (max-width: 265px) 100vw, 265px\" \/>Negli anni Novanta troviamo <em>Studi Cattolici<\/em> pienamente preso dalla <em>missione<\/em> difendere dai pericoli che ormai l\u2019attanagliano il matrimonio e la famiglia, promuovendone la vera identit\u00e0, le necessit\u00e0 ed i bisogni.<\/span><\/p>\n<p style=\"text-align: justify;\"><span style=\"color: #000000;\">L&#8217;attenzione ai temi forti della politica e della societ\u00e0, interpretati alla luce del Magistero della Chiesa, si ritrova in tutti i numeri della rivista che, anche al grande pubblico, propone con linguaggio chiaro e comprensibile la certezza morale e metafisica anche nella legge positiva e nella politica.<\/span><\/p>\n<p style=\"text-align: justify;\"><span style=\"color: #000000;\">Alla presentazione che il 22 agosto del 2001 fu fatta al <em>Meeting di Rimini<\/em> del libro di Carlo Casini \u201cDiritto alla vita e ricomposizione civile\u201d, edito dalle Edizioni Ares, Cavalleri ha pronunciato un intervento che ne riassume gli intenti: \u00ab<em>la nostra \u00e8 una Casa editrice che non ha bandiere ideologiche, che non sventola stendardi di nessun genere eccetto l\u2019intransigente difesa e promozione della vita perch\u00e9 siamo convinti che \u00e8 proprio dal diritto alla vita che scaturisce l\u2019intervento dell\u2019intero sistema giuridico e quindi dell\u2019intero sistema di regole di un paese civile. Un\u2019attivit\u00e0 giuridica che non sia appoggiata sull\u2019inalienabile, indiscutibile, irrinunciabile diritto alla vita non \u00e8 una civilt\u00e0 che merita questo nome<\/em>\u00bb.<\/span><\/p>\n<p style=\"text-align: justify;\"><span style=\"color: #000000;\"><img loading=\"lazy\" decoding=\"async\" class=\"size-full wp-image-55500 alignright\" src=\"https:\/\/www.rassegnastampa-totustuus.it\/cattolica\/wp-content\/uploads\/2023\/01\/Corti_cover.jpg\" alt=\"\" width=\"151\" height=\"220\" \/>Cesare conobbe di persona alcuni dei pi\u00f9 grandi scrittori del Novecento, da Ungaretti a Montale per arrivare a Dino Buzzati, solo per fare alcuni grandi nomi.<\/span><\/p>\n<p style=\"text-align: justify;\"><span style=\"color: #000000;\">Temuto come critico letterario, il suo metro di giudizio \u00e8 stato riassunto efficacemente nelle seguenti parole: \u00ab<em>Il bello \u00e8 lo splendore del vero. Se c\u2019\u00e8 verit\u00e0 c\u2019\u00e8 anche bellezza<\/em>\u00bb. In base a questo criterio ha sempre scelto gli articoli e i volumi da pubblicare. Non a caso ha lanciato titoli indimenticabili delle Edizioni <em>Ares<\/em> come <em>Il Cavallo rosso<\/em> di Eugenio Corti, <em>L\u2019eskimo in redazione<\/em> di Michele Brambilla, il memoriale di Leonardo Marino sugli <em>anni di piombo<\/em>, <em>Gli Adelphi della dissoluzione<\/em> di Maurizio Blondet, <em>La pista inglese<\/em> di Luciano Garibaldi, <em>Di padre in figlio<\/em> di Franco Nembrini, per citare i pi\u00f9 noti.<\/span><\/p>\n<p style=\"text-align: justify;\"><span style=\"color: #000000;\"><img loading=\"lazy\" decoding=\"async\" class=\" wp-image-55501 alignleft\" src=\"https:\/\/www.rassegnastampa-totustuus.it\/cattolica\/wp-content\/uploads\/2023\/01\/Brambilla_cover.jpg\" alt=\"\" width=\"156\" height=\"226\" \/>Ma come dimenticare poi la <strong>promozione in Italia di uno degli autori pi\u00f9 <em>politicamente scorretti<\/em> del XX secolo come Ezra Pound? Poeta e saggista statunitense da lui conosciuto personalmente ed a cui ha dedicato una apposita collana della <em>Ares<\/em>, denominata \u201cPoundiana\u201d<\/strong>.<\/span><\/p>\n<p style=\"text-align: justify;\"><span style=\"color: #000000;\">Nella prima raccolta di poesie che Cavalleri decide di pubblicare a ottant\u2019anni suonati, <em>Sintomi di un contesto<\/em>, significativamente dedica all\u2019autore dei <em>Cantos<\/em> una serie di versi che partono dall\u2019incontro avvenuto a Venezia il 29 marzo del 1971, nel quale incrocia \u00ab<em>i suoi occhi, improvvisi, due laghi d\u2019azzurro<\/em>\u00bb, e si concludono all\u2019isola di San Michele davanti alla sua tomba, \u00ab<em>in un giorno piovoso<\/em>\u00bb del 1973, al termine del quale deduce: \u00ab<em>non si pu\u00f2 scrivere di Ezra Pound<\/em>\u00bb (<em>Il tempo edace<\/em>, pp. 89 e 91).<\/span><\/p>\n<div id=\"attachment_55502\" style=\"width: 219px\" class=\"wp-caption alignright\"><img loading=\"lazy\" decoding=\"async\" aria-describedby=\"caption-attachment-55502\" class=\"wp-image-55502 \" src=\"https:\/\/www.rassegnastampa-totustuus.it\/cattolica\/wp-content\/uploads\/2023\/01\/Ezra_Pound-150x150.jpg\" alt=\"\" width=\"219\" height=\"219\" \/><p id=\"caption-attachment-55502\" class=\"wp-caption-text\">Ezra Pound<\/p><\/div>\n<p style=\"text-align: justify;\"><span style=\"color: #000000;\"> Il romanziere Bruno Nacci, nell\u2019<em>Invito alla lettura<\/em> di <em>Sintomi di un contesto <\/em>ne rinviene \u00ab<em>nobili ascendenze<\/em>\u00bb in T. S. Eliot, \u00ab<em>ma anche, nell\u2019uso ironico e a tratti accorato dell\u2019apostrofe<\/em>\u00bb in <strong>Montale<\/strong>. La poesia di Cesare Cavalleri, in effetti, rifugge dal manierismo e riprende in pieno il migliore stile poetico del vicino passato letterario europeo. Non ci priva comunque del passo struggente ed enigmatico come quando scrive nella poesia di congedo (probabilmente dedicata al suo rapporto con Dio): \u00ab<em>Se me ne sono andato, me ne vado,\/\u00e8 perch\u00e9 non ho smesso\/neppure per un momento di amarti<\/em>\u00bb (<em>Notizia<\/em>, p. 109).<\/span><\/p>\n<p>_____________________________________________<\/p>\n<p><strong>Si legga anche:<\/strong><\/p>\n<p><a href=\"https:\/\/www.rassegnastampa-totustuus.it\/cattolica\/spunti-sullinformazione-cattolica-in-italia\/\" target=\"_blank\" rel=\"noopener\"><span style=\"color: #0000ff;\">Spunti sull\u2019informazione cattolica in Italia<\/span><\/a><\/p>\n","protected":false},"excerpt":{"rendered":"<p>Il Borghese quindicinale 15 gennaio 2023\u00a0 Poeta segreto (nel mainstream italiano) di Giuseppe Brienza \u201cStudi Cattolici\u201d \u00e8 una rivista mensile, fondata a Roma nel 1957 da Salvatore Canals e Giacomo Violardo (i primi direttori) ed altri, di attualit\u00e0, politica e cultura, che si propone di interpretare la cronaca contemporanea alla luce del diritto naturale e &hellip; <\/p>\n<p><a class=\"more-link btn\" href=\"https:\/\/www.rassegnastampa-totustuus.it\/cattolica\/cesare-cavalleri\/\">Continua a leggere<\/a><\/p>\n","protected":false},"author":6,"featured_media":55496,"comment_status":"closed","ping_status":"closed","sticky":false,"template":"","format":"standard","meta":{"footnotes":""},"categories":[18],"tags":[2945,283],"class_list":["post-55495","post","type-post","status-publish","format-standard","has-post-thumbnail","hentry","category-personaggi","tag-cesare-cavalleri","tag-personaggi-2","item-wrap"],"yoast_head":"<!-- This site is optimized with the Yoast SEO plugin v27.5 - https:\/\/yoast.com\/product\/yoast-seo-wordpress\/ -->\n<title>Cesare Cavalleri (1936-2022) - Rassegna Stampa Cattolica<\/title>\n<meta name=\"description\" content=\"Cesare Cavalleri, in ricordo del giornalista fondatore di &quot;Studi Cattolici&quot;, rivista di primo piano nell&#039;orizzonte culturale cattolico\" \/>\n<meta name=\"robots\" content=\"index, follow, max-snippet:-1, max-image-preview:large, max-video-preview:-1\" \/>\n<link rel=\"canonical\" href=\"https:\/\/www.rassegnastampa-totustuus.it\/cattolica\/cesare-cavalleri\/\" \/>\n<meta property=\"og:locale\" content=\"it_IT\" \/>\n<meta property=\"og:type\" content=\"article\" \/>\n<meta property=\"og:title\" content=\"Cesare Cavalleri (1936-2022) - Rassegna Stampa Cattolica\" \/>\n<meta property=\"og:description\" content=\"Cesare Cavalleri, in ricordo del giornalista fondatore di &quot;Studi Cattolici&quot;, rivista di primo piano nell&#039;orizzonte culturale cattolico\" \/>\n<meta property=\"og:url\" content=\"https:\/\/www.rassegnastampa-totustuus.it\/cattolica\/cesare-cavalleri\/\" \/>\n<meta property=\"og:site_name\" content=\"Rassegna Stampa Cattolica\" \/>\n<meta property=\"article:publisher\" content=\"https:\/\/www.facebook.com\/rassegnastampacattolica\" \/>\n<meta property=\"article:published_time\" content=\"2023-01-25T23:00:04+00:00\" \/>\n<meta property=\"article:modified_time\" content=\"2024-01-31T13:55:39+00:00\" \/>\n<meta property=\"og:image\" content=\"https:\/\/www.rassegnastampa-totustuus.it\/cattolica\/wp-content\/uploads\/2023\/01\/Cesare_Cavalleri.jpg\" \/>\n\t<meta property=\"og:image:width\" content=\"225\" \/>\n\t<meta property=\"og:image:height\" content=\"225\" \/>\n\t<meta property=\"og:image:type\" content=\"image\/jpeg\" \/>\n<meta name=\"author\" content=\"Redazione\" \/>\n<meta name=\"twitter:card\" content=\"summary_large_image\" \/>\n<meta name=\"twitter:creator\" content=\"@rassegnastampa9\" \/>\n<meta name=\"twitter:site\" content=\"@rassegnastampa9\" \/>\n<meta name=\"twitter:label1\" content=\"Scritto da\" \/>\n\t<meta name=\"twitter:data1\" content=\"Redazione\" \/>\n\t<meta name=\"twitter:label2\" content=\"Tempo di lettura stimato\" \/>\n\t<meta name=\"twitter:data2\" content=\"10 minuti\" \/>\n<script type=\"application\/ld+json\" class=\"yoast-schema-graph\">{\"@context\":\"https:\\\/\\\/schema.org\",\"@graph\":[{\"@type\":\"Article\",\"@id\":\"https:\\\/\\\/www.rassegnastampa-totustuus.it\\\/cattolica\\\/cesare-cavalleri\\\/#article\",\"isPartOf\":{\"@id\":\"https:\\\/\\\/www.rassegnastampa-totustuus.it\\\/cattolica\\\/cesare-cavalleri\\\/\"},\"author\":{\"name\":\"Redazione\",\"@id\":\"https:\\\/\\\/www.rassegnastampa-totustuus.it\\\/cattolica\\\/#\\\/schema\\\/person\\\/08f319d2bd1a0904ad9e2bfb7b15e5c3\"},\"headline\":\"Cesare Cavalleri (1936-2022)\",\"datePublished\":\"2023-01-25T23:00:04+00:00\",\"dateModified\":\"2024-01-31T13:55:39+00:00\",\"mainEntityOfPage\":{\"@id\":\"https:\\\/\\\/www.rassegnastampa-totustuus.it\\\/cattolica\\\/cesare-cavalleri\\\/\"},\"wordCount\":1308,\"publisher\":{\"@id\":\"https:\\\/\\\/www.rassegnastampa-totustuus.it\\\/cattolica\\\/#organization\"},\"image\":{\"@id\":\"https:\\\/\\\/www.rassegnastampa-totustuus.it\\\/cattolica\\\/cesare-cavalleri\\\/#primaryimage\"},\"thumbnailUrl\":\"https:\\\/\\\/www.rassegnastampa-totustuus.it\\\/cattolica\\\/wp-content\\\/uploads\\\/2023\\\/01\\\/Cesare_Cavalleri.jpg\",\"keywords\":[\"Cesare Cavalleri\",\"personaggi\"],\"articleSection\":[\"Personaggi\"],\"inLanguage\":\"it-IT\"},{\"@type\":\"WebPage\",\"@id\":\"https:\\\/\\\/www.rassegnastampa-totustuus.it\\\/cattolica\\\/cesare-cavalleri\\\/\",\"url\":\"https:\\\/\\\/www.rassegnastampa-totustuus.it\\\/cattolica\\\/cesare-cavalleri\\\/\",\"name\":\"Cesare Cavalleri (1936-2022) - Rassegna Stampa Cattolica\",\"isPartOf\":{\"@id\":\"https:\\\/\\\/www.rassegnastampa-totustuus.it\\\/cattolica\\\/#website\"},\"primaryImageOfPage\":{\"@id\":\"https:\\\/\\\/www.rassegnastampa-totustuus.it\\\/cattolica\\\/cesare-cavalleri\\\/#primaryimage\"},\"image\":{\"@id\":\"https:\\\/\\\/www.rassegnastampa-totustuus.it\\\/cattolica\\\/cesare-cavalleri\\\/#primaryimage\"},\"thumbnailUrl\":\"https:\\\/\\\/www.rassegnastampa-totustuus.it\\\/cattolica\\\/wp-content\\\/uploads\\\/2023\\\/01\\\/Cesare_Cavalleri.jpg\",\"datePublished\":\"2023-01-25T23:00:04+00:00\",\"dateModified\":\"2024-01-31T13:55:39+00:00\",\"description\":\"Cesare Cavalleri, in ricordo del giornalista fondatore di \\\"Studi Cattolici\\\", rivista di primo piano nell'orizzonte culturale cattolico\",\"breadcrumb\":{\"@id\":\"https:\\\/\\\/www.rassegnastampa-totustuus.it\\\/cattolica\\\/cesare-cavalleri\\\/#breadcrumb\"},\"inLanguage\":\"it-IT\",\"potentialAction\":[{\"@type\":\"ReadAction\",\"target\":[\"https:\\\/\\\/www.rassegnastampa-totustuus.it\\\/cattolica\\\/cesare-cavalleri\\\/\"]}]},{\"@type\":\"ImageObject\",\"inLanguage\":\"it-IT\",\"@id\":\"https:\\\/\\\/www.rassegnastampa-totustuus.it\\\/cattolica\\\/cesare-cavalleri\\\/#primaryimage\",\"url\":\"https:\\\/\\\/www.rassegnastampa-totustuus.it\\\/cattolica\\\/wp-content\\\/uploads\\\/2023\\\/01\\\/Cesare_Cavalleri.jpg\",\"contentUrl\":\"https:\\\/\\\/www.rassegnastampa-totustuus.it\\\/cattolica\\\/wp-content\\\/uploads\\\/2023\\\/01\\\/Cesare_Cavalleri.jpg\",\"width\":225,\"height\":225},{\"@type\":\"BreadcrumbList\",\"@id\":\"https:\\\/\\\/www.rassegnastampa-totustuus.it\\\/cattolica\\\/cesare-cavalleri\\\/#breadcrumb\",\"itemListElement\":[{\"@type\":\"ListItem\",\"position\":1,\"name\":\"Home\",\"item\":\"https:\\\/\\\/www.rassegnastampa-totustuus.it\\\/cattolica\\\/\"},{\"@type\":\"ListItem\",\"position\":2,\"name\":\"Cesare Cavalleri (1936-2022)\"}]},{\"@type\":\"WebSite\",\"@id\":\"https:\\\/\\\/www.rassegnastampa-totustuus.it\\\/cattolica\\\/#website\",\"url\":\"https:\\\/\\\/www.rassegnastampa-totustuus.it\\\/cattolica\\\/\",\"name\":\"Rassegna Stampa Cattolica\",\"description\":\"Per una cultura che nasce dalla Rivelazione cristiana in conformit\u00e0 alla tradizione e al Magistero della Chiesa in opposizione ad ogni relativismo e totalitarismo\",\"publisher\":{\"@id\":\"https:\\\/\\\/www.rassegnastampa-totustuus.it\\\/cattolica\\\/#organization\"},\"alternateName\":\"Rass. Cattolica\",\"potentialAction\":[{\"@type\":\"SearchAction\",\"target\":{\"@type\":\"EntryPoint\",\"urlTemplate\":\"https:\\\/\\\/www.rassegnastampa-totustuus.it\\\/cattolica\\\/?s={search_term_string}\"},\"query-input\":{\"@type\":\"PropertyValueSpecification\",\"valueRequired\":true,\"valueName\":\"search_term_string\"}}],\"inLanguage\":\"it-IT\"},{\"@type\":\"Organization\",\"@id\":\"https:\\\/\\\/www.rassegnastampa-totustuus.it\\\/cattolica\\\/#organization\",\"name\":\"Rassegna Stampa Cattolica\",\"url\":\"https:\\\/\\\/www.rassegnastampa-totustuus.it\\\/cattolica\\\/\",\"logo\":{\"@type\":\"ImageObject\",\"inLanguage\":\"it-IT\",\"@id\":\"https:\\\/\\\/www.rassegnastampa-totustuus.it\\\/cattolica\\\/#\\\/schema\\\/logo\\\/image\\\/\",\"url\":\"https:\\\/\\\/www.rassegnastampa-totustuus.it\\\/cattolica\\\/wp-content\\\/uploads\\\/2014\\\/04\\\/logo-rassegna1.gif\",\"contentUrl\":\"https:\\\/\\\/www.rassegnastampa-totustuus.it\\\/cattolica\\\/wp-content\\\/uploads\\\/2014\\\/04\\\/logo-rassegna1.gif\",\"width\":600,\"height\":163,\"caption\":\"Rassegna Stampa Cattolica\"},\"image\":{\"@id\":\"https:\\\/\\\/www.rassegnastampa-totustuus.it\\\/cattolica\\\/#\\\/schema\\\/logo\\\/image\\\/\"},\"sameAs\":[\"https:\\\/\\\/www.facebook.com\\\/rassegnastampacattolica\",\"https:\\\/\\\/x.com\\\/rassegnastampa9\"]},{\"@type\":\"Person\",\"@id\":\"https:\\\/\\\/www.rassegnastampa-totustuus.it\\\/cattolica\\\/#\\\/schema\\\/person\\\/08f319d2bd1a0904ad9e2bfb7b15e5c3\",\"name\":\"Redazione\",\"image\":{\"@type\":\"ImageObject\",\"inLanguage\":\"it-IT\",\"@id\":\"https:\\\/\\\/secure.gravatar.com\\\/avatar\\\/2fcdf27c78ea025fbdb44e914cc63c72249ffec9dc8aafd5c82b26240ef3f346?s=96&d=mm&r=g\",\"url\":\"https:\\\/\\\/secure.gravatar.com\\\/avatar\\\/2fcdf27c78ea025fbdb44e914cc63c72249ffec9dc8aafd5c82b26240ef3f346?s=96&d=mm&r=g\",\"contentUrl\":\"https:\\\/\\\/secure.gravatar.com\\\/avatar\\\/2fcdf27c78ea025fbdb44e914cc63c72249ffec9dc8aafd5c82b26240ef3f346?s=96&d=mm&r=g\",\"caption\":\"Redazione\"},\"url\":\"https:\\\/\\\/www.rassegnastampa-totustuus.it\\\/cattolica\\\/author\\\/pietroelle\\\/\"}]}<\/script>\n<!-- \/ Yoast SEO plugin. -->","yoast_head_json":{"title":"Cesare Cavalleri (1936-2022) - Rassegna Stampa Cattolica","description":"Cesare Cavalleri, in ricordo del giornalista fondatore di \"Studi Cattolici\", rivista di primo piano nell'orizzonte culturale cattolico","robots":{"index":"index","follow":"follow","max-snippet":"max-snippet:-1","max-image-preview":"max-image-preview:large","max-video-preview":"max-video-preview:-1"},"canonical":"https:\/\/www.rassegnastampa-totustuus.it\/cattolica\/cesare-cavalleri\/","og_locale":"it_IT","og_type":"article","og_title":"Cesare Cavalleri (1936-2022) - Rassegna Stampa Cattolica","og_description":"Cesare Cavalleri, in ricordo del giornalista fondatore di \"Studi Cattolici\", rivista di primo piano nell'orizzonte culturale cattolico","og_url":"https:\/\/www.rassegnastampa-totustuus.it\/cattolica\/cesare-cavalleri\/","og_site_name":"Rassegna Stampa Cattolica","article_publisher":"https:\/\/www.facebook.com\/rassegnastampacattolica","article_published_time":"2023-01-25T23:00:04+00:00","article_modified_time":"2024-01-31T13:55:39+00:00","og_image":[{"width":225,"height":225,"url":"https:\/\/www.rassegnastampa-totustuus.it\/cattolica\/wp-content\/uploads\/2023\/01\/Cesare_Cavalleri.jpg","type":"image\/jpeg"}],"author":"Redazione","twitter_card":"summary_large_image","twitter_creator":"@rassegnastampa9","twitter_site":"@rassegnastampa9","twitter_misc":{"Scritto da":"Redazione","Tempo di lettura stimato":"10 minuti"},"schema":{"@context":"https:\/\/schema.org","@graph":[{"@type":"Article","@id":"https:\/\/www.rassegnastampa-totustuus.it\/cattolica\/cesare-cavalleri\/#article","isPartOf":{"@id":"https:\/\/www.rassegnastampa-totustuus.it\/cattolica\/cesare-cavalleri\/"},"author":{"name":"Redazione","@id":"https:\/\/www.rassegnastampa-totustuus.it\/cattolica\/#\/schema\/person\/08f319d2bd1a0904ad9e2bfb7b15e5c3"},"headline":"Cesare Cavalleri (1936-2022)","datePublished":"2023-01-25T23:00:04+00:00","dateModified":"2024-01-31T13:55:39+00:00","mainEntityOfPage":{"@id":"https:\/\/www.rassegnastampa-totustuus.it\/cattolica\/cesare-cavalleri\/"},"wordCount":1308,"publisher":{"@id":"https:\/\/www.rassegnastampa-totustuus.it\/cattolica\/#organization"},"image":{"@id":"https:\/\/www.rassegnastampa-totustuus.it\/cattolica\/cesare-cavalleri\/#primaryimage"},"thumbnailUrl":"https:\/\/www.rassegnastampa-totustuus.it\/cattolica\/wp-content\/uploads\/2023\/01\/Cesare_Cavalleri.jpg","keywords":["Cesare Cavalleri","personaggi"],"articleSection":["Personaggi"],"inLanguage":"it-IT"},{"@type":"WebPage","@id":"https:\/\/www.rassegnastampa-totustuus.it\/cattolica\/cesare-cavalleri\/","url":"https:\/\/www.rassegnastampa-totustuus.it\/cattolica\/cesare-cavalleri\/","name":"Cesare Cavalleri (1936-2022) - Rassegna Stampa Cattolica","isPartOf":{"@id":"https:\/\/www.rassegnastampa-totustuus.it\/cattolica\/#website"},"primaryImageOfPage":{"@id":"https:\/\/www.rassegnastampa-totustuus.it\/cattolica\/cesare-cavalleri\/#primaryimage"},"image":{"@id":"https:\/\/www.rassegnastampa-totustuus.it\/cattolica\/cesare-cavalleri\/#primaryimage"},"thumbnailUrl":"https:\/\/www.rassegnastampa-totustuus.it\/cattolica\/wp-content\/uploads\/2023\/01\/Cesare_Cavalleri.jpg","datePublished":"2023-01-25T23:00:04+00:00","dateModified":"2024-01-31T13:55:39+00:00","description":"Cesare Cavalleri, in ricordo del giornalista fondatore di \"Studi Cattolici\", rivista di primo piano nell'orizzonte culturale cattolico","breadcrumb":{"@id":"https:\/\/www.rassegnastampa-totustuus.it\/cattolica\/cesare-cavalleri\/#breadcrumb"},"inLanguage":"it-IT","potentialAction":[{"@type":"ReadAction","target":["https:\/\/www.rassegnastampa-totustuus.it\/cattolica\/cesare-cavalleri\/"]}]},{"@type":"ImageObject","inLanguage":"it-IT","@id":"https:\/\/www.rassegnastampa-totustuus.it\/cattolica\/cesare-cavalleri\/#primaryimage","url":"https:\/\/www.rassegnastampa-totustuus.it\/cattolica\/wp-content\/uploads\/2023\/01\/Cesare_Cavalleri.jpg","contentUrl":"https:\/\/www.rassegnastampa-totustuus.it\/cattolica\/wp-content\/uploads\/2023\/01\/Cesare_Cavalleri.jpg","width":225,"height":225},{"@type":"BreadcrumbList","@id":"https:\/\/www.rassegnastampa-totustuus.it\/cattolica\/cesare-cavalleri\/#breadcrumb","itemListElement":[{"@type":"ListItem","position":1,"name":"Home","item":"https:\/\/www.rassegnastampa-totustuus.it\/cattolica\/"},{"@type":"ListItem","position":2,"name":"Cesare Cavalleri (1936-2022)"}]},{"@type":"WebSite","@id":"https:\/\/www.rassegnastampa-totustuus.it\/cattolica\/#website","url":"https:\/\/www.rassegnastampa-totustuus.it\/cattolica\/","name":"Rassegna Stampa Cattolica","description":"Per una cultura che nasce dalla Rivelazione cristiana in conformit\u00e0 alla tradizione e al Magistero della Chiesa in opposizione ad ogni relativismo e totalitarismo","publisher":{"@id":"https:\/\/www.rassegnastampa-totustuus.it\/cattolica\/#organization"},"alternateName":"Rass. Cattolica","potentialAction":[{"@type":"SearchAction","target":{"@type":"EntryPoint","urlTemplate":"https:\/\/www.rassegnastampa-totustuus.it\/cattolica\/?s={search_term_string}"},"query-input":{"@type":"PropertyValueSpecification","valueRequired":true,"valueName":"search_term_string"}}],"inLanguage":"it-IT"},{"@type":"Organization","@id":"https:\/\/www.rassegnastampa-totustuus.it\/cattolica\/#organization","name":"Rassegna Stampa Cattolica","url":"https:\/\/www.rassegnastampa-totustuus.it\/cattolica\/","logo":{"@type":"ImageObject","inLanguage":"it-IT","@id":"https:\/\/www.rassegnastampa-totustuus.it\/cattolica\/#\/schema\/logo\/image\/","url":"https:\/\/www.rassegnastampa-totustuus.it\/cattolica\/wp-content\/uploads\/2014\/04\/logo-rassegna1.gif","contentUrl":"https:\/\/www.rassegnastampa-totustuus.it\/cattolica\/wp-content\/uploads\/2014\/04\/logo-rassegna1.gif","width":600,"height":163,"caption":"Rassegna Stampa Cattolica"},"image":{"@id":"https:\/\/www.rassegnastampa-totustuus.it\/cattolica\/#\/schema\/logo\/image\/"},"sameAs":["https:\/\/www.facebook.com\/rassegnastampacattolica","https:\/\/x.com\/rassegnastampa9"]},{"@type":"Person","@id":"https:\/\/www.rassegnastampa-totustuus.it\/cattolica\/#\/schema\/person\/08f319d2bd1a0904ad9e2bfb7b15e5c3","name":"Redazione","image":{"@type":"ImageObject","inLanguage":"it-IT","@id":"https:\/\/secure.gravatar.com\/avatar\/2fcdf27c78ea025fbdb44e914cc63c72249ffec9dc8aafd5c82b26240ef3f346?s=96&d=mm&r=g","url":"https:\/\/secure.gravatar.com\/avatar\/2fcdf27c78ea025fbdb44e914cc63c72249ffec9dc8aafd5c82b26240ef3f346?s=96&d=mm&r=g","contentUrl":"https:\/\/secure.gravatar.com\/avatar\/2fcdf27c78ea025fbdb44e914cc63c72249ffec9dc8aafd5c82b26240ef3f346?s=96&d=mm&r=g","caption":"Redazione"},"url":"https:\/\/www.rassegnastampa-totustuus.it\/cattolica\/author\/pietroelle\/"}]}},"_links":{"self":[{"href":"https:\/\/www.rassegnastampa-totustuus.it\/cattolica\/wp-json\/wp\/v2\/posts\/55495","targetHints":{"allow":["GET"]}}],"collection":[{"href":"https:\/\/www.rassegnastampa-totustuus.it\/cattolica\/wp-json\/wp\/v2\/posts"}],"about":[{"href":"https:\/\/www.rassegnastampa-totustuus.it\/cattolica\/wp-json\/wp\/v2\/types\/post"}],"author":[{"embeddable":true,"href":"https:\/\/www.rassegnastampa-totustuus.it\/cattolica\/wp-json\/wp\/v2\/users\/6"}],"replies":[{"embeddable":true,"href":"https:\/\/www.rassegnastampa-totustuus.it\/cattolica\/wp-json\/wp\/v2\/comments?post=55495"}],"version-history":[{"count":2,"href":"https:\/\/www.rassegnastampa-totustuus.it\/cattolica\/wp-json\/wp\/v2\/posts\/55495\/revisions"}],"predecessor-version":[{"id":59366,"href":"https:\/\/www.rassegnastampa-totustuus.it\/cattolica\/wp-json\/wp\/v2\/posts\/55495\/revisions\/59366"}],"wp:featuredmedia":[{"embeddable":true,"href":"https:\/\/www.rassegnastampa-totustuus.it\/cattolica\/wp-json\/wp\/v2\/media\/55496"}],"wp:attachment":[{"href":"https:\/\/www.rassegnastampa-totustuus.it\/cattolica\/wp-json\/wp\/v2\/media?parent=55495"}],"wp:term":[{"taxonomy":"category","embeddable":true,"href":"https:\/\/www.rassegnastampa-totustuus.it\/cattolica\/wp-json\/wp\/v2\/categories?post=55495"},{"taxonomy":"post_tag","embeddable":true,"href":"https:\/\/www.rassegnastampa-totustuus.it\/cattolica\/wp-json\/wp\/v2\/tags?post=55495"}],"curies":[{"name":"wp","href":"https:\/\/api.w.org\/{rel}","templated":true}]}}