{"id":55493,"date":"2023-01-26T00:00:06","date_gmt":"2023-01-25T23:00:06","guid":{"rendered":"http:\/\/www.rassegnastampa-totustuus.it\/cattolica\/?p=55493"},"modified":"2024-01-31T14:47:50","modified_gmt":"2024-01-31T13:47:50","slug":"5-falsi-presupposti-dietro-la-transizione-di-genere-per-i-giovani","status":"publish","type":"post","link":"https:\/\/www.rassegnastampa-totustuus.it\/cattolica\/5-falsi-presupposti-dietro-la-transizione-di-genere-per-i-giovani\/","title":{"rendered":"5 falsi presupposti dietro la transizione di genere per i giovani"},"content":{"rendered":"<p style=\"text-align: center;\"><span style=\"color: #000000;\"><strong><img loading=\"lazy\" decoding=\"async\" class=\"size-medium wp-image-55088 alignleft\" src=\"https:\/\/www.rassegnastampa-totustuus.it\/cattolica\/wp-content\/uploads\/2022\/11\/gender_genere_persone-300x168.jpg\" alt=\"\" width=\"300\" height=\"168\" \/><a href=\"https:\/\/www.provitaefamiglia.it\/\" target=\"_blank\" rel=\"noopener\">Pro Vita &amp; Famiglia\u00a0<\/a> <\/strong><\/span><span style=\"color: #000000;\">17 Gennaio 2023 <\/span><\/p>\n<p style=\"text-align: center;\"><span style=\"color: #000000;\">di Redazione<\/span><\/p>\n<p style=\"text-align: justify;\"><span style=\"color: #000000;\">L&#8217;approccio altamente medicalizzato riguardante la gestione del disagio di genere nei giovani, parte integrante del modello assistenziale di &#8220;affermazione di genere&#8221;, si basa su diversi presupposti chiave. Le pubblicazioni che promuovono &#8220;l&#8217;affermazione di genere&#8221; nei giovani spesso non sono in grado di richiamare espressamente questi presupposti \u2014 o travisano tali presupposti problematici come fatti comprovati.<\/span><\/p>\n<p><!--more--><\/p>\n<p style=\"text-align: justify;\"><span style=\"color: #000000;\"><img loading=\"lazy\" decoding=\"async\" class=\"size-full wp-image-55086 alignright\" src=\"https:\/\/www.rassegnastampa-totustuus.it\/cattolica\/wp-content\/uploads\/2022\/11\/gender-1.jpg\" alt=\"\" width=\"179\" height=\"282\" \/>Una di queste<strong> pubblicazioni &#8220;pro-affermazione&#8221; basata su presupposti inesatti<\/strong> \u00e8 stata compilata assieme a Stephen M. Rosenthal e pubblicata sulla prestigiosa rivista \u2018Nature\u2019, in cui si afferma che &#8220;un\u2019importante ricerca ha dimostrato chiari benefici \u2014 anche determinanti \u2014 del modello di affermazione di genere nei confronti della salute mentale,\u201d anche se prosegue ammettendo che esista una \u201crelativa scarsit\u00e0 di dati sugli esiti\u201d e che i dati a disposizione siano costituiti \u201csolo da esiti di alcuni studi a breve termine e pochi studi a medio termine\u201d. <\/span><\/p>\n<p style=\"text-align: justify;\"><span style=\"color: #000000;\">Ciononostante, Rosenthal insiste che la mancanza di qualit\u00e0 dei suddetti dati non dovrebbe dissuadere il personale medico dall\u2019agire con interventi medici a esito permanente per allineare le caratteristiche fisiche del bambino con la propria presunta \u201cidentit\u00e0 di genere\u201d. \u201cL\u2019attitudine a non intervenire finch\u00e9 non si raccolgano ulteriori informazioni &#8211; affermano gli autori &#8211; non \u00e8 una soluzione imparziale\u201d.<\/span><\/p>\n<p style=\"text-align: justify;\"><span style=\"color: #000000;\"><img loading=\"lazy\" decoding=\"async\" class=\"size-full wp-image-52791 alignleft\" src=\"https:\/\/www.rassegnastampa-totustuus.it\/cattolica\/wp-content\/uploads\/2021\/10\/Jazz_Jennings_gender.jpg\" alt=\"\" width=\"275\" height=\"183\" \/>Un recente articolo di J. Cohn sul \u2018Journal of Sex &amp; Marital Therapy\u2019 esamina e mette in discussione i diversi presupposti chiave alla base di questo importante articolo su \u2018Nature\u2019, che permeano anche gran parte della letteratura sulla \u201caffermazione del genere\u201d, inclusa la pi\u00f9 recente pubblicazione scritta in collaborazione con Rosenthal.<\/span><\/p>\n<p style=\"text-align: justify;\"><span style=\"color: #000000;\">Tuttavia, <strong>prima di illustrare i falsi presupposti di tale documento<\/strong>, Cohn sottolinea innanzitutto il fatto che il modello assistenziale di &#8220;affermazione di genere&#8221; continua a dare enfasi a interventi sociali, medici e chirurgici, nonostante diversi paesi europei (Svezia, Inghilterra, Finlandia) ad oggi riconoscano lo sfavorevole rapporto rischio\/beneficio di tale approccio e raccomandino interventi non invasivi come prima tipologia di trattamento. Nel citare il recente riesame della dott.ssa Cass, incaricata di rivalutare l&#8217;erogazione di servizi a minorenni con disforia di genere in Inghilterra, Cohn richiama l&#8217;attenzione sul fatto che la disforia di genere si presenta in modi molto diversi tra loro e che vi \u00e8 un\u2019assenza di consenso sul tipo di approccio terapeutico.\u00f9<\/span><\/p>\n<p style=\"text-align: justify;\"><span style=\"color: #000000;\">Cohn dunque procede con una disamina critica e confuta efficacemente ciascuno dei presupposti dell&#8217;articolo posti alla base del modello assistenziale di &#8220;affermazione di genere&#8221; altamente medicalizzato, osservando come si intervallino tra interamente non dimostrati a evidentemente falsi.\u00f9<\/span><\/p>\n<h4 style=\"text-align: center;\"><span style=\"color: #000000;\"><strong><em>1\u00b0 presupposto non dimostrato: <\/em><\/strong><\/span><\/h4>\n<p style=\"text-align: center;\"><span style=\"color: #000000;\"><strong><em>l&#8217;identit\u00e0 di genere, alla base della disforia di genere, \u00e8 una fondamentale caratteristica personale biologicamente \u201cradicata\u201d.<\/em><\/strong><\/span><\/p>\n<p style=\"text-align: justify;\"><span style=\"color: #000000;\"><img loading=\"lazy\" decoding=\"async\" class=\" wp-image-51517 alignright\" src=\"https:\/\/www.rassegnastampa-totustuus.it\/cattolica\/wp-content\/uploads\/2021\/06\/trans_gender.jpg\" alt=\"\" width=\"321\" height=\"222\" \/>Questo presupposto <strong>\u00e8 da considerarsi la chiave dell&#8217;intero concetto alla base della transizione medico-chirurgica (\u201caffermazione di genere\u201d) dei minori.<\/strong> Nel caso in cui la disforia di genere fosse biologicamente predeterminata, immutabile e causa di immense e costanti sofferenze per tutta la vita, allora intervenire al pi\u00f9 presto e nel modo pi\u00f9 aggressivo possibile per &#8220;riallineare&#8221; il corpo con l&#8217;identit\u00e0 di genere \u2014 anche a costo di una dipendenza permanente da ormoni esogeni e futura sterilit\u00e0 \u2014 potrebbe essere eticamente giustificato.<\/span><\/p>\n<p style=\"text-align: justify;\"><span style=\"color: #000000;\">Tuttavia, Cohn osserva che il presupposto di una fondamentale &#8220;identit\u00e0 di genere&#8221; biologicamente radicata, seppur interessante, <strong>non \u00e8 mai stato comprovato nonostante numerosi tentativi. <\/strong>Per fare un esempio, gli studi sul cervello che sostengono di distinguere differenze oggettive nell\u2019organo di un individuo che si identifica come transgender sono altamente inadeguati \u2014 le differenze scompaiono una volta presi in considerazione fattori confondenti come l&#8217;orientamento sessuale o l&#8217;esposizione a ormoni esogeni. Altri studi si basano su campioni di dimensioni estremamente ridotte e non trovano nulla di conclusivo o non rilevano alcun segnale.<\/span><\/p>\n<p style=\"text-align: justify;\"><span style=\"color: #000000;\"><img loading=\"lazy\" decoding=\"async\" class=\"size-medium wp-image-51508 alignleft\" src=\"https:\/\/www.rassegnastampa-totustuus.it\/cattolica\/wp-content\/uploads\/2021\/06\/bambini_gender-300x200.jpg\" alt=\"\" width=\"300\" height=\"200\" srcset=\"https:\/\/www.rassegnastampa-totustuus.it\/cattolica\/wp-content\/uploads\/2021\/06\/bambini_gender-300x200.jpg 300w, https:\/\/www.rassegnastampa-totustuus.it\/cattolica\/wp-content\/uploads\/2021\/06\/bambini_gender.jpg 500w\" sizes=\"auto, (max-width: 300px) 100vw, 300px\" \/>Cohn denota anche <strong>un comune trucchetto intellettuale<\/strong> spesso usato dagli autori che perorano il &#8220;caso biologico&#8221; per l&#8217;identit\u00e0 di genere, i quali invocano studi su persone con disturbi dello sviluppo sessuale (DSD). Gli individui con DSD hanno anomalie cromosomiche e\/o endocrine dimostrabili. Ciononostante, la stragrande maggioranza delle persone che si identificano come transgender non ha diagnosi di DSD (e la stragrande maggioranza degli individui con DSD non soffre di disforia di genere), quindi fare riferimento agli studi sulla DSD per rivendicare un&#8217;origine biologica della disforia di genere o dell&#8217;identit\u00e0 transgender risulta fuorviante.<\/span><\/p>\n<p style=\"text-align: justify;\"><span style=\"color: #000000;\">Il presupposto di un\u2019effettiva base biologica delle \u201cidentit\u00e0 di genere\u201d e \u201cdisforia di genere\u201d <strong>rimane una teoria non provata: <\/strong>mentre la biologia gioca verosimilmente un ruolo nella non conformit\u00e0 di genere, attualmente non esistono test oggettivi su cervello, sangue o altro che distinguano un individuo che si identifica come transgender da un individuo che si identifica come cisgender una volta tenuto conto di fattori confondenti come l&#8217;orientamento sessuale. <\/span><\/p>\n<p style=\"text-align: justify;\"><span style=\"color: #000000;\"><img loading=\"lazy\" decoding=\"async\" class=\"size-medium wp-image-49478 alignright\" src=\"https:\/\/www.rassegnastampa-totustuus.it\/cattolica\/wp-content\/uploads\/2020\/12\/disforia_gender-1-300x168.jpg\" alt=\"\" width=\"300\" height=\"168\" \/>Inoltre, l\u2019alto tasso di desistenza infantile dalla disforia di genere prima della maturit\u00e0 sessuale (61-98%) e il tasso di desistenza crescente tra i giovani che hanno sviluppato la disforia di genere durante o dopo la pubert\u00e0, mettono in discussione l&#8217;idea che una &#8220;identit\u00e0 di genere&#8221; biologicamente radicata sia responsabile della disforia di genere. <\/span><\/p>\n<p style=\"text-align: justify;\"><span style=\"color: #000000;\">Tutto ci\u00f2, a sua volta, suggerisce problemi etici significativi nel trattare i giovani con disforia di genere con interventi medici irreversibili e potenzialmente dannosi. Il protocollo della Endocrine Society (bloccanti della pubert\u00e0 nella sua prima fase, seguiti da trattamento ormonale) rende tutti coloro cos\u00ec trattati infertili o sterili, senza metodi comprovati per preservare la fertilit\u00e0 a causa dell&#8217;immaturit\u00e0 delle gonadi (ovaie e testicoli).\u00f9<\/span><\/p>\n<h4 style=\"text-align: center;\"><span style=\"color: #000000;\"><strong><em>2\u00b0 presupposto non dimostrato:<\/em><\/strong><\/span><\/h4>\n<p style=\"text-align: center;\"><span style=\"color: #000000;\"><strong><em>il forte aumento del numero di giovani che presentano disforia di genere non segnala un vero aumento dei casi: non \u00e8 altro che il risultato di un migliore riconoscimento.<\/em><\/strong><\/span><\/p>\n<p style=\"text-align: justify;\"><span style=\"color: #000000;\"><img loading=\"lazy\" decoding=\"async\" class=\"size-medium wp-image-49476 alignleft\" src=\"https:\/\/www.rassegnastampa-totustuus.it\/cattolica\/wp-content\/uploads\/2020\/12\/gender_trans-2-300x168.jpg\" alt=\"\" width=\"300\" height=\"168\" \/>Cohn riscontra la riluttanza dei \u201cdifensori dell\u2019affermazione di genere\u201d <strong>nel riconoscere il vertiginoso aumento dell&#8217;identificazione transgender nei giovani<\/strong>, che ha travolto gran parte del mondo occidentale a partire dal 2015. Questa sconcertante tendenza epidemiologica non viene da costoro riconosciuta o viene liquidata come un semplice \u201cmigliore riconoscimento\u201d grazie alla volont\u00e0 del paziente di fare \u201ccoming out\u201d e alla crescente consapevolezza medica nei confronti della condizione. Sebbene indubbiamente vero in alcuni casi, l&#8217;idea che un \u201cmigliore riconoscimento\u201d di per s\u00e9 sia responsabile dell&#8217;aumento dell&#8217;identificazione transgender nei giovani, in una percentuale di diverse migliaia, \u00e8 inverosimile.<\/span><\/p>\n<p style=\"text-align: justify;\"><span style=\"color: #000000;\">Sempre pi\u00f9 spesso, <strong>una teoria alternativa secondo cui la disforia di genere potrebbe essere un meccanismo di coping disadattivo <\/strong>che si diffonde rapidamente attraverso le reti sociali dei giovani pi\u00f9 vulnerabili, ipotizzata da Littman, \u00e8 considerata molto pi\u00f9 probabile. Ci\u00f2 \u00e8 evidenziato sia dalle dichiarazioni di diverse autorit\u00e0 sanitarie pubbliche allarmate dal forte aumento dell&#8217;identificazione transgender nei giovani pi\u00f9 fragili, sia dal netto cambiamento nell&#8217;approccio terapeutico. Inghilterra, Svezia e Finlandia hanno sostituito il modello \u201caffermativo\u201d di alterazione medica dei corpi degli adolescenti con un metodo terapeutico non medicalizzato e conservativo, che d\u00e0 la priorit\u00e0 alla psicoterapia come prima linea di trattamento.<\/span><\/p>\n<p style=\"text-align: justify;\"><span style=\"color: #000000;\"><img loading=\"lazy\" decoding=\"async\" class=\"size-medium wp-image-49312 alignright\" src=\"https:\/\/www.rassegnastampa-totustuus.it\/cattolica\/wp-content\/uploads\/2020\/11\/gay_bandiera_gender-300x225.jpg\" alt=\"\" width=\"300\" height=\"225\" srcset=\"https:\/\/www.rassegnastampa-totustuus.it\/cattolica\/wp-content\/uploads\/2020\/11\/gay_bandiera_gender-300x225.jpg 300w, https:\/\/www.rassegnastampa-totustuus.it\/cattolica\/wp-content\/uploads\/2020\/11\/gay_bandiera_gender-768x576.jpg 768w, https:\/\/www.rassegnastampa-totustuus.it\/cattolica\/wp-content\/uploads\/2020\/11\/gay_bandiera_gender-1024x768.jpg 1024w, https:\/\/www.rassegnastampa-totustuus.it\/cattolica\/wp-content\/uploads\/2020\/11\/gay_bandiera_gender.jpg 1280w\" sizes=\"auto, (max-width: 300px) 100vw, 300px\" \/>Cohn nota anche gli attuali tentativi da parte dei sostenitori della &#8220;affermazione di genere&#8221; per screditare la teoria di Littman. <strong>Per chiarire, questa teoria, nota come \u201cROGD\u201d (Rapid Onset Gender Dysphoria, Disforia di Genere ad Insorgenza Rapida)<\/strong>, spesso intesa come teoria del \u201ccontagio sociale\u201d (un fenomeno ben consolidato in psicologia), suggerisce come fattori psicosociali come traumi, disturbi psichici, meccanismi di coping disadattivi e omofobia interiorizzata predispongano i giovani alla disforia di genere, che pu\u00f2 diffondersi rapidamente attraverso le loro reti sociali. Come tutte le teorie, anche questa dovrebbe essere sottoposta a verifica.<\/span><\/p>\n<p style=\"text-align: justify;\"><span style=\"color: #000000;\"><img loading=\"lazy\" decoding=\"async\" class=\"size-medium wp-image-49466 alignleft\" src=\"https:\/\/www.rassegnastampa-totustuus.it\/cattolica\/wp-content\/uploads\/2020\/12\/disforia_gender-300x158.jpg\" alt=\"\" width=\"300\" height=\"158\" srcset=\"https:\/\/www.rassegnastampa-totustuus.it\/cattolica\/wp-content\/uploads\/2020\/12\/disforia_gender-300x158.jpg 300w, https:\/\/www.rassegnastampa-totustuus.it\/cattolica\/wp-content\/uploads\/2020\/12\/disforia_gender-768x404.jpg 768w, https:\/\/www.rassegnastampa-totustuus.it\/cattolica\/wp-content\/uploads\/2020\/12\/disforia_gender-1024x539.jpg 1024w, https:\/\/www.rassegnastampa-totustuus.it\/cattolica\/wp-content\/uploads\/2020\/12\/disforia_gender.jpg 1710w\" sizes=\"auto, (max-width: 300px) 100vw, 300px\" \/>Tuttavia, Cohn osserva che la teoria della ROGD <strong>riceve un trattamento costantemente poco accademico<\/strong>, ingiusto e parziale da parte dell&#8217;establishment della medicina di genere. Per fare un esempio, \u00e8 comune per i sostenitori del modello di \u201caffermazione\u201d dichiarare erroneamente che l&#8217;articolo di Littman \u00e8 stato \u201cscreditato\u201d o in qualche modo smentito \u2014 un&#8217;affermazione falsa che \u00e8 stata ripetuta nell&#8217;articolo di \u2018Nature\u2019 da Rosenthal. <\/span><\/p>\n<p style=\"text-align: justify;\"><span style=\"color: #000000;\">In effetti, l&#8217;articolo altamente prestigioso di Littman (che \u00e8 stato visualizzato oltre 450.000 volte e valutato come l\u2019articolo scientifico pi\u00f9 letto da PLOS ONE) \u00e8 stato sottoposto a un secondo ciclo di peer-review dopo la pubblicazione, che ha portato a una ripubblicazione con la sua conclusione chiave di \u201ccontagio sociale\u201d intatta: &#8220;Oltre all&#8217;aggiunta di alcuni valori mancanti nella Tabella 13, la sezione Risultati rimane invariata nella versione aggiornata dell&#8217;articolo&#8221;.<\/span><\/p>\n<p style=\"text-align: justify;\"><span style=\"color: #000000;\"><img loading=\"lazy\" decoding=\"async\" class=\"size-medium wp-image-46307 alignright\" src=\"https:\/\/www.rassegnastampa-totustuus.it\/cattolica\/wp-content\/uploads\/2020\/02\/gender-300x230.png\" alt=\"\" width=\"300\" height=\"230\" srcset=\"https:\/\/www.rassegnastampa-totustuus.it\/cattolica\/wp-content\/uploads\/2020\/02\/gender-300x230.png 300w, https:\/\/www.rassegnastampa-totustuus.it\/cattolica\/wp-content\/uploads\/2020\/02\/gender-768x590.png 768w, https:\/\/www.rassegnastampa-totustuus.it\/cattolica\/wp-content\/uploads\/2020\/02\/gender-1024x786.png 1024w, https:\/\/www.rassegnastampa-totustuus.it\/cattolica\/wp-content\/uploads\/2020\/02\/gender.png 2000w\" sizes=\"auto, (max-width: 300px) 100vw, 300px\" \/>Al momento della sua pubblicazione l&#8217;articolo di Littman<strong> \u00e8 stato aspramente criticato dall&#8217;establishment della medicina di genere<\/strong> per il suo affidamento ai resoconti dei genitori \u2014 nonostante il fatto che tali resoconti siano comunemente utilizzati dagli operatori sanitari per una serie di questioni relative alla salute dei bambini, e siano ordinariamente usati dagli stessi medici pro-affermazione. La ricerca pi\u00f9 recente di Littman con al centro i pazienti (piuttosto che i genitori), pubblicata nel 2021, ha affrontato le critiche: gli stessi pazienti affetti hanno ora avvalorato la teoria della ROGD di Littman riflettendo sulle proprie esperienze su come si \u00e8 sviluppata la loro identit\u00e0 transgender.<\/span><\/p>\n<p style=\"text-align: justify;\"><span style=\"color: #000000;\"><img loading=\"lazy\" decoding=\"async\" class=\"size-full wp-image-43212 alignleft\" src=\"https:\/\/www.rassegnastampa-totustuus.it\/cattolica\/wp-content\/uploads\/2019\/06\/gender.jpg\" alt=\"\" width=\"276\" height=\"183\" \/>Cohn osserva come sia improbabile che la ROGD <strong>possa rendere conto di tutti i casi attualmente presentati di giovani con disforia di genere<\/strong> (e la ricerca di Littman non ha mai fatto una simile affermazione). Tuttavia, la probabilit\u00e0 che la ROGD svolga un ruolo nella genesi della disforia di genere in un numero significativo di giovani attualmente diagnosticati minaccia eticamente l&#8217;idea secondo cui i giovani dovrebbero essere assistiti con procedure irreversibili di modifica del corpo \u2014 motivo per cui probabilmente l&#8217;establishment della medicina di genere nega con veemenza l&#8217;importanza sempre pi\u00f9 evidente di questa teoria.<\/span><\/p>\n<h4 style=\"text-align: center;\"><span style=\"color: #000000;\"><strong><em>3\u00b0 falso presupposto:<\/em><\/strong><\/span><\/h4>\n<p style=\"text-align: center;\"><span style=\"color: #000000;\"><strong><em>gli interventi medici nei minori con disforia di genere hanno chiari\u00a0<\/em><\/strong><\/span><span style=\"color: #000000;\"><strong><em>criteri di ammissibilit\u00e0.<\/em><\/strong><\/span><\/p>\n<p style=\"text-align: justify;\"><span style=\"color: #000000;\">Nell&#8217;affermare come gli interventi medici e chirurgici di &#8220;affermazione di genere&#8221; <strong>siano considerati appropriati per i minori<\/strong>, i sostenitori di questo percorso terapeutico aggiungono comunemente una qualifica chiave: &#8220;per coloro che sono idonei&#8221;. Ci\u00f2 implica l&#8217;esistenza di criteri di ammissibilit\u00e0 articolati con chiarezza che, se seguiti diligentemente, possono portare a buoni risultati a lungo termine. Cohn osserva per\u00f2 che la realt\u00e0 \u00e8 in netto contrasto con questa affermazione.<\/span><\/p>\n<p style=\"text-align: justify;\"><span style=\"color: #000000;\"><img loading=\"lazy\" decoding=\"async\" class=\"size-full wp-image-35716 alignright\" src=\"https:\/\/www.rassegnastampa-totustuus.it\/cattolica\/wp-content\/uploads\/2012\/06\/genderless.jpg\" alt=\"\" width=\"201\" height=\"251\" \/>I criteri di ammissibilit\u00e0 medici per gli interventi di affermazione di genere nei giovani, come attualmente praticati in Nord America e nella maggior parte del mondo occidentale, sono vaghi e poco chiari. <strong>Gli interventi medici vengono avviati in gran parte sulla base della richiesta del paziente<\/strong>, che a sua volta \u00e8 &#8220;affermata&#8221; da &#8220;esperti&#8221; pro-affermazione. Da notare come, quando viene chiesto di spiegare il loro approccio alla diagnosi differenziale, alla valutazione della prognosi del paziente e ai criteri per la raccomandazione di interventi medici, gli &#8220;esperti di affermazione di genere&#8221; spesso non sono in grado di articolare il metodo in cui determinano la necessit\u00e0 medica.<\/span><\/p>\n<p style=\"text-align: justify;\"><span style=\"color: #000000;\">Cohn si occupa anche di una fuorviante <strong>asserzione chiave da parte dei sostenitori dell&#8217;affermazione di genere<\/strong>, ripetuta nell&#8217;autorevole articolo di Rosenthal su \u2018Nature\u2019, secondo cui \u00e8 quasi certo che gli adolescenti con disforia di genere diventino adulti che si identificano come transgender: \u201cStudi longitudinali hanno indicato che l&#8217;emergere o il peggioramento della la disforia con esordio puberale \u00e8 associata a un&#8217;altissima probabilit\u00e0 di essere un adulto transgender&#8221;.<\/span><\/p>\n<p style=\"text-align: justify;\"><span style=\"color: #000000;\"><img loading=\"lazy\" decoding=\"async\" class=\"size-full wp-image-30178 alignleft\" src=\"https:\/\/www.rassegnastampa-totustuus.it\/cattolica\/wp-content\/uploads\/2011\/07\/gender_identity1.jpg\" alt=\"\" width=\"259\" height=\"194\" \/>Ancora una volta, Cohn <strong>nota un trucchetto intellettuale in gioco<\/strong>: questa dichiarazione fonde due presentazioni molto diverse dei giovani con diagnosi di disforia di genere \u2014 quella della disforia di genere con esordio nella prima infanzia che persiste nell&#8217;adolescenza e una presentazione marcatamente diversa della disforia di genere emersa per prima volta durante o dopo la pubert\u00e0. Le affermazioni nel documento di \u2018Nature\u2019 sono \u201csupportate\u201d da un riferimento alla ricerca olandese originale, sebbene i ricercatori olandesi non abbiano mai affermato la probabilit\u00e0 che la disforia di genere con esordio nell&#8217;adolescenza persista in et\u00e0 adulta.<\/span><\/p>\n<p style=\"text-align: justify;\"><span style=\"color: #000000;\"><img loading=\"lazy\" decoding=\"async\" class=\" wp-image-26798 alignright\" src=\"https:\/\/www.rassegnastampa-totustuus.it\/cattolica\/wp-content\/uploads\/2015\/09\/gender.jpg\" alt=\"\" width=\"325\" height=\"214\" \/>Gli studiosi olandesi hanno ipotizzato che la disforia di genere che emerge a partire dalla prima infanzia e persiste o peggiora durante l&#8217;adolescenza probabilmente persister\u00e0 per tutta la vita. Questa teoria potenzialmente credibile, basata sull&#8217;opinione degli esperti del gruppo di ricerca olandese, <strong>rimane per\u00f2 una teoria poich\u00e9 non \u00e8 mai stata testata <\/strong>(e alcune delle prime ricerche olandesi sembrano mettere in discussione questa teoria, dimostrando come la maggior parte degli adolescenti respinti dall&#8217;intervento medico in realt\u00e0 abbia desistito prima di raggiungere l&#8217;et\u00e0 adulta). Tuttavia, questo tipo di disforia di genere ad esordio nella prima infanzia \u00e8 molto diverso dai casi in cui la disforia di genere emerge per la prima volta intorno all&#8217;adolescenza.<\/span><\/p>\n<p style=\"text-align: justify;\"><span style=\"color: #000000;\">Contrariamente a quanto affermato da Rosenthal, i ricercatori olandesi erano piuttosto preoccupati per il trattamento medico nei giovani con insorgenza puberale di disforia di genere e <strong>hanno ritardato la loro transizione fino all&#8217;et\u00e0 adulta proprio perch\u00e9 dubitavano<\/strong> che l&#8217;identit\u00e0 transgender in tali giovani potesse essere transitoria. Pi\u00f9 di recente, il ricercatore principale del protocollo olandese ha affermato esplicitamente che tali casi potrebbero richiedere un trattamento diverso e che la psicoterapia potrebbe essere pi\u00f9 appropriata rispetto al trattamento ormonale e alla chirurgia per questi pazienti.<\/span><\/p>\n<p style=\"text-align: justify;\"><span style=\"color: #000000;\"><img loading=\"lazy\" decoding=\"async\" class=\"size-full wp-image-27302 alignleft\" src=\"https:\/\/www.rassegnastampa-totustuus.it\/cattolica\/wp-content\/uploads\/2013\/05\/gender.jpg\" alt=\"\" width=\"241\" height=\"209\" \/>Distorcere le citazioni per rafforzare la narrativa \u201cpro-affermazione\u201d, evidente nell\u2019articolo di \u2018Nature\u2019 di Rosenthal, \u00e8 una tattica comune tra i sostenitori dell&#8217;affermazione di genere, ed \u00e8 stata notata anche da altri ricercatori. Si consiglia dunque ai lettori e ai revisori di controllare sempre i riferimenti prima di presumere che le citazioni fornite supportino le affermazioni alla base della scienza sempre pi\u00f9 contestata del &#8220;modello di affermazione di genere&#8221;.<\/span><\/p>\n<h4 style=\"text-align: center;\"><span style=\"color: #000000;\"><strong><em>4\u00b0 falso presupposto:<\/em><\/strong><\/span><\/h4>\n<p style=\"text-align: center;\"><span style=\"color: #000000;\"><strong><em>gli interventi medici per i minori con diagnosi di disforia di genere\u00a0 <\/em><\/strong><\/span><span style=\"color: #000000;\"><strong><em>si sono dimostrati sicuri ed efficaci.<\/em><\/strong><\/span><\/p>\n<p style=\"text-align: justify;\"><span style=\"color: #000000;\">Cohn osserva che sebbene le linee guida WPATH implichino sicurezza ed efficacia, <strong>queste linee guida si basano su elementi di qualit\u00e0 molto bassa. <\/strong>Contrariamente alle dichiarazioni dei sostenitori dell&#8217;affermazione di genere secondo cui per &#8220;elementi di qualit\u00e0 bassa\/molto bassa&#8221; si intende semplicemente una mancanza di studi controllati randomizzati, questa designazione segnala che i risultati riportati dagli studi sul campo denotano una fiducia molto bassa negli studi stessi, che generalmente non sono affidabili a causa di problemi nella progettazione e nell&#8217;esecuzione dello studio e\/o scarsa generalizzabilit\u00e0 dei risultati.<\/span><\/p>\n<p style=\"text-align: justify;\"><span style=\"color: #000000;\"><img loading=\"lazy\" decoding=\"async\" class=\"size-full wp-image-24195 alignleft\" src=\"https:\/\/www.rassegnastampa-totustuus.it\/cattolica\/wp-content\/uploads\/2015\/05\/gender.png\" alt=\"\" width=\"294\" height=\"171\" \/>Cohn osserva che una recente panoramica di revisioni sistematiche delle prove (nota anche come \u201crevisione a ombrello\u201d) ha concluso che <strong>\u201cla letteratura medica a disposizione fornisce prove insufficienti <\/strong>per cui la riassegnazione del sesso attraverso l&#8217;intervento medico sia un trattamento sicuro ed efficace per la disforia di genere\u201d. Questa \u201crevisione a ombrello\u201d riassume accuratamente i risultati delle revisioni sistematiche esistenti in lingua inglese delle prove, come una recente revisione sistematica Cochrane, la quale \u201cha riscontrato prove insufficienti per determinare l&#8217;efficacia o la sicurezza degli approcci terapeutici ormonali per donne in fase di transizione\u201d e la revisione sistematica delle prove del Regno Unito, che \u00e8 giunta a conclusioni ancora pi\u00f9 nette. <\/span><\/p>\n<p style=\"text-align: justify;\"><span style=\"color: #000000;\"><img loading=\"lazy\" decoding=\"async\" class=\"size-full wp-image-22699 alignright\" src=\"https:\/\/www.rassegnastampa-totustuus.it\/cattolica\/wp-content\/uploads\/2011\/07\/gender_identity.jpg\" alt=\"\" width=\"221\" height=\"204\" \/>Le revisioni NICE del Regno Unito hanno concluso che i bloccanti della pubert\u00e0 non hanno migliorato la salute mentale, mentre la terapia ormonale ha mostrato alcuni miglioramenti, seppur instabili, con la necessit\u00e0 di essere bilanciati a causa dei rischi per la salute potenzialmente gravi. Altre revisioni sistematiche delle prove non in lingua inglese che non sono state incluse nella \u201crevisione a ombrello\u201d, come quelle di Svezia e Finlandia, hanno raggiunto conclusioni simili secondo cui i rischi della \u201caffermazione medica\u201d possibilmente ne superano i benefici per la maggior parte dei giovani attualmente colpiti.<\/span><\/p>\n<p style=\"text-align: justify;\"><span style=\"color: #000000;\">Cohn osserva l&#8217;apparente mancanza di considerazione di Rosenthal <strong>per le implicazioni dei rischi per la funzione sessuale e la fertilit\u00e0<\/strong>, nonch\u00e9 per i rischi per la salute ossea e cardiovascolare, direttamente causati da o associati a interventi medici. Altri ricercatori hanno anche notato che coloro che sostengono il modello di &#8220;affermazione di genere&#8221; medica minorile tendono a banalizzarne i rischi, paragonandoli erroneamente ai rischi dell\u2019assunzione occasionale di un&#8217;aspirina per il mal di testa.<\/span><\/p>\n<h4 style=\"text-align: center;\"><span style=\"color: #000000;\"><strong><em>5\u00b0 presupposto non dimostrato:<\/em><\/strong><\/span><\/h4>\n<p style=\"text-align: center;\"><span style=\"color: #000000;\"><strong><em>la detransizione non rappresenta un danno medico, ed \u00e8 rara.<\/em><\/strong><\/span><\/p>\n<p style=\"text-align: justify;\"><span style=\"color: #000000;\"><img loading=\"lazy\" decoding=\"async\" class=\" wp-image-9255 alignleft\" src=\"https:\/\/www.rassegnastampa-totustuus.it\/cattolica\/wp-content\/uploads\/2014\/08\/cervello_gender.jpg\" alt=\"\" width=\"320\" height=\"213\" \/>Le crescenti segnalazioni di detransizione medica e senso di rimpianto <strong>evidenziano il problema delle transizioni di genere errate dei giovani. <\/strong>Di fronte alle statistiche, come le recenti prove del 10-30% di detransizione medica tra i giovani dopo un periodo di tempo relativamente breve, cos\u00ec come le segnalazioni del senso di rimpianto dei detransitioners stessi, i medici \u201cpro-affermazione\u201d tendono a contestare i numeri a disposizione, o a riformulare la detransizione come un benevolo \u201cpercorso di scoperta del proprio genere\u201d.<\/span><\/p>\n<p style=\"text-align: justify;\"><span style=\"color: #000000;\">Cohn sottolinea che gli studi che proclamano tassi di rimpianto molto bassi <strong>sono profondamente inadeguati e inaffidabili.<\/strong> Ad esempio, lo studio spesso citato come prova del tasso di rimpianto dell&#8217;1%, a cui fa riferimento Rosenthal, non avrebbe considerato Keira Bell come una paziente pentita. Bell \u00e8 senza dubbio la pi\u00f9 famosa detransitioner e giovane pentita della nuova schiera di giovani, e il suo caso ha messo in moto un processo che culminer\u00e0 con la chiusura nel 2023 di una clinica pediatrica di genere del Regno Unito. Pi\u00f9 in generale, l&#8217;Inghilterra ha ripudiato il percorso di trattamento medico di &#8220;affermazione di genere&#8221; per la maggior parte dei giovani e sta sostituendo questo modello di cura con approcci non invasivi e informati sullo sviluppo come prima linea di trattamento.<\/span><\/p>\n<p style=\"text-align: justify;\"><span style=\"color: #000000;\"><img loading=\"lazy\" decoding=\"async\" class=\" wp-image-9555 alignright\" src=\"https:\/\/www.rassegnastampa-totustuus.it\/cattolica\/wp-content\/uploads\/2014\/09\/gender2.jpg\" alt=\"\" width=\"310\" height=\"193\" \/>Lo studio utilizzato da Rosenthal per rivendicare il tasso di rimpianto dell&#8217;1% merita un&#8217;attenzione particolare, in quanto esemplifica i problemi nella ricerca riguardante un &#8220;basso tasso di rimpianto&#8221;. <strong>Questo studio ha utilizzato una definizione molto ristretta di \u2018rimpianto\u2019:<\/strong> i soggetti dovevano tornare alla stessa clinica che li aveva curati dal punto di vista medico e verbalizzare esplicitamente il proprio senso di rimpianto, che avrebbe poi dovuto essere documentato sulla loro cartella clinica \u2014 e avrebbero successivamente dovuto iniziare l&#8217;integrazione con ormoni sessuali natali dalla stessa clinica di genere. <\/span><\/p>\n<p style=\"text-align: justify;\"><span style=\"color: #000000;\">Questo spiega perch\u00e9 qualcuno come Keira Bell, che ha ricevuto \u201csolamente\u201d un trattamento ormonale e una mastectomia, ma non la gonadectomia (rimozione delle ovaie) e non ha avuto bisogno di integrazione ormonale del proprio sesso biologico \u2014 non sarebbe stata considerata una paziente \u201cpentita\u201d. Inoltre, i ricercatori non hanno potuto valutare i risultati per il 36% del gruppo iniziale in quanto i loro contatti con la clinica sono stati interrotti.<\/span><\/p>\n<p style=\"text-align: justify;\"><span style=\"color: #000000;\"><img loading=\"lazy\" decoding=\"async\" class=\" wp-image-18877 alignleft\" src=\"https:\/\/www.rassegnastampa-totustuus.it\/cattolica\/wp-content\/uploads\/2015\/02\/gender.jpg\" alt=\"\" width=\"232\" height=\"260\" \/>Cohn avverte i lettori che le segnalazioni di detransizione stanno aumentando di frequenza e coloro che dichiarano bassi tassi di rimpianto si basano su stime imprecise a causa di misurazioni premature dei risultati, strumenti di misurazione inappropriati e distorsioni dei campioni. Cohn ribadisce: \u201cLe sottovalutazioni del senso di rimpianto sono probabili anche perch\u00e9 i pazienti potrebbero non informare i loro medici; solo il 24% dei detransitioners nel campione di convenienza di Littman (2021) lo ha fatto,\u201d e afferma che la detransizione ha il potenziale per \u201ccausare angoscia e persino devastazione\u201d.<\/span><\/p>\n<h4 style=\"text-align: center;\"><span style=\"color: #000000;\"><strong>Conclusioni<\/strong><\/span><\/h4>\n<p style=\"text-align: justify;\"><span style=\"color: #000000;\">Cohn ci ricorda che inaccuratezze spesso ripetute possono erroneamente consolidarsi in &#8220;fatti&#8221;, fuorviando sia medici che pazienti. Cohn conclude: \u201cCi sono serie complicazioni nel decidere come supportare al meglio coloro che attualmente soffrono di disforia di genere, dato quanto poco si sa di questa complessa condizione. Descrivere accuratamente ci\u00f2 che le prove attualmente dimostrano e non dimostrano, e quali ulteriori prove sono necessarie, \u00e8 fondamentale.\u201d<\/span><\/p>\n<p style=\"text-align: center;\">___________________________<\/p>\n<p style=\"text-align: justify;\"><em><span style=\"color: #000000;\">Questo articolo \u00e8 stato originariamente pubblicato sul <\/span><span style=\"color: #0000ff;\"><a style=\"color: #0000ff;\" href=\"https:\/\/segm.org\/false-assumptions-gender-affirmation-minors\" target=\"_blank\" rel=\"noopener noreferrer\">sito web della Society for Evidence-based Gender Medicine<\/a><\/span> i<span style=\"color: #000000;\">l 30 dicembre 2022 e tradotto dall\u2019inglese all\u2019italiano dalla redazione di Pro Vita &amp; Famiglia<\/span><\/em><\/p>\n<p>______________________________________<\/p>\n<p><strong>Si legga anche:<\/strong><\/p>\n<p><a href=\"https:\/\/www.rassegnastampa-totustuus.it\/cattolica\/transizione-di-genere-gli-scienziati-chiedono-scusa\/\" target=\"_blank\" rel=\"noopener\"><span style=\"color: #0000ff;\">\u00abTransizione di genere\u00bb, gli scienziati chiedono scusa<\/span><\/a><\/p>\n","protected":false},"excerpt":{"rendered":"<p>Pro Vita &amp; Famiglia\u00a0 17 Gennaio 2023 di Redazione L&#8217;approccio altamente medicalizzato riguardante la gestione del disagio di genere nei giovani, parte integrante del modello assistenziale di &#8220;affermazione di genere&#8221;, si basa su diversi presupposti chiave. Le pubblicazioni che promuovono &#8220;l&#8217;affermazione di genere&#8221; nei giovani spesso non sono in grado di richiamare espressamente questi presupposti &hellip; <\/p>\n<p><a class=\"more-link btn\" href=\"https:\/\/www.rassegnastampa-totustuus.it\/cattolica\/5-falsi-presupposti-dietro-la-transizione-di-genere-per-i-giovani\/\">Continua a leggere<\/a><\/p>\n","protected":false},"author":6,"featured_media":55088,"comment_status":"closed","ping_status":"closed","sticky":false,"template":"","format":"standard","meta":{"footnotes":""},"categories":[125],"tags":[2935,573,437],"class_list":["post-55493","post","type-post","status-publish","format-standard","has-post-thumbnail","hentry","category-ideologia-del-gender","tag-disforia-di-genere","tag-giovani","tag-ideologia-del-gender-2","item-wrap"],"yoast_head":"<!-- This site is optimized with the Yoast SEO plugin v27.5 - https:\/\/yoast.com\/product\/yoast-seo-wordpress\/ -->\n<title>5 falsi presupposti dietro la transizione di genere per i giovani - Rassegna Stampa Cattolica<\/title>\n<meta name=\"description\" content=\"5 falsi presupposti dietro la transizione di genere per i giovani ma inaccuratezze ripetute si consolidano in &quot;fatti&quot;\" \/>\n<meta name=\"robots\" content=\"index, follow, max-snippet:-1, max-image-preview:large, max-video-preview:-1\" \/>\n<link rel=\"canonical\" href=\"https:\/\/www.rassegnastampa-totustuus.it\/cattolica\/5-falsi-presupposti-dietro-la-transizione-di-genere-per-i-giovani\/\" \/>\n<meta property=\"og:locale\" content=\"it_IT\" \/>\n<meta property=\"og:type\" content=\"article\" \/>\n<meta property=\"og:title\" content=\"5 falsi presupposti dietro la transizione di genere per i giovani - Rassegna Stampa Cattolica\" \/>\n<meta property=\"og:description\" content=\"5 falsi presupposti dietro la transizione di genere per i giovani ma inaccuratezze ripetute si consolidano in &quot;fatti&quot;\" \/>\n<meta property=\"og:url\" content=\"https:\/\/www.rassegnastampa-totustuus.it\/cattolica\/5-falsi-presupposti-dietro-la-transizione-di-genere-per-i-giovani\/\" \/>\n<meta property=\"og:site_name\" content=\"Rassegna Stampa Cattolica\" \/>\n<meta property=\"article:publisher\" content=\"https:\/\/www.facebook.com\/rassegnastampacattolica\" \/>\n<meta property=\"article:published_time\" content=\"2023-01-25T23:00:06+00:00\" \/>\n<meta property=\"article:modified_time\" content=\"2024-01-31T13:47:50+00:00\" \/>\n<meta property=\"og:image\" content=\"https:\/\/www.rassegnastampa-totustuus.it\/cattolica\/wp-content\/uploads\/2022\/11\/gender_genere_persone.jpg\" \/>\n\t<meta property=\"og:image:width\" content=\"300\" \/>\n\t<meta property=\"og:image:height\" content=\"168\" \/>\n\t<meta property=\"og:image:type\" content=\"image\/jpeg\" \/>\n<meta name=\"author\" content=\"Redazione\" \/>\n<meta name=\"twitter:card\" content=\"summary_large_image\" \/>\n<meta name=\"twitter:creator\" content=\"@rassegnastampa9\" \/>\n<meta name=\"twitter:site\" content=\"@rassegnastampa9\" \/>\n<meta name=\"twitter:label1\" content=\"Scritto da\" \/>\n\t<meta name=\"twitter:data1\" content=\"Redazione\" \/>\n\t<meta name=\"twitter:label2\" content=\"Tempo di lettura stimato\" \/>\n\t<meta name=\"twitter:data2\" content=\"21 minuti\" \/>\n<script type=\"application\/ld+json\" class=\"yoast-schema-graph\">{\"@context\":\"https:\\\/\\\/schema.org\",\"@graph\":[{\"@type\":\"Article\",\"@id\":\"https:\\\/\\\/www.rassegnastampa-totustuus.it\\\/cattolica\\\/5-falsi-presupposti-dietro-la-transizione-di-genere-per-i-giovani\\\/#article\",\"isPartOf\":{\"@id\":\"https:\\\/\\\/www.rassegnastampa-totustuus.it\\\/cattolica\\\/5-falsi-presupposti-dietro-la-transizione-di-genere-per-i-giovani\\\/\"},\"author\":{\"name\":\"Redazione\",\"@id\":\"https:\\\/\\\/www.rassegnastampa-totustuus.it\\\/cattolica\\\/#\\\/schema\\\/person\\\/08f319d2bd1a0904ad9e2bfb7b15e5c3\"},\"headline\":\"5 falsi presupposti dietro la transizione di genere per i giovani\",\"datePublished\":\"2023-01-25T23:00:06+00:00\",\"dateModified\":\"2024-01-31T13:47:50+00:00\",\"mainEntityOfPage\":{\"@id\":\"https:\\\/\\\/www.rassegnastampa-totustuus.it\\\/cattolica\\\/5-falsi-presupposti-dietro-la-transizione-di-genere-per-i-giovani\\\/\"},\"wordCount\":3124,\"publisher\":{\"@id\":\"https:\\\/\\\/www.rassegnastampa-totustuus.it\\\/cattolica\\\/#organization\"},\"image\":{\"@id\":\"https:\\\/\\\/www.rassegnastampa-totustuus.it\\\/cattolica\\\/5-falsi-presupposti-dietro-la-transizione-di-genere-per-i-giovani\\\/#primaryimage\"},\"thumbnailUrl\":\"https:\\\/\\\/www.rassegnastampa-totustuus.it\\\/cattolica\\\/wp-content\\\/uploads\\\/2022\\\/11\\\/gender_genere_persone.jpg\",\"keywords\":[\"disforia di genere\",\"giovani\",\"ideologia del gender\"],\"articleSection\":[\"Ideologia del gender\"],\"inLanguage\":\"it-IT\"},{\"@type\":\"WebPage\",\"@id\":\"https:\\\/\\\/www.rassegnastampa-totustuus.it\\\/cattolica\\\/5-falsi-presupposti-dietro-la-transizione-di-genere-per-i-giovani\\\/\",\"url\":\"https:\\\/\\\/www.rassegnastampa-totustuus.it\\\/cattolica\\\/5-falsi-presupposti-dietro-la-transizione-di-genere-per-i-giovani\\\/\",\"name\":\"5 falsi presupposti dietro la transizione di genere per i giovani - Rassegna Stampa Cattolica\",\"isPartOf\":{\"@id\":\"https:\\\/\\\/www.rassegnastampa-totustuus.it\\\/cattolica\\\/#website\"},\"primaryImageOfPage\":{\"@id\":\"https:\\\/\\\/www.rassegnastampa-totustuus.it\\\/cattolica\\\/5-falsi-presupposti-dietro-la-transizione-di-genere-per-i-giovani\\\/#primaryimage\"},\"image\":{\"@id\":\"https:\\\/\\\/www.rassegnastampa-totustuus.it\\\/cattolica\\\/5-falsi-presupposti-dietro-la-transizione-di-genere-per-i-giovani\\\/#primaryimage\"},\"thumbnailUrl\":\"https:\\\/\\\/www.rassegnastampa-totustuus.it\\\/cattolica\\\/wp-content\\\/uploads\\\/2022\\\/11\\\/gender_genere_persone.jpg\",\"datePublished\":\"2023-01-25T23:00:06+00:00\",\"dateModified\":\"2024-01-31T13:47:50+00:00\",\"description\":\"5 falsi presupposti dietro la transizione di genere per i giovani ma inaccuratezze ripetute si consolidano in \\\"fatti\\\"\",\"breadcrumb\":{\"@id\":\"https:\\\/\\\/www.rassegnastampa-totustuus.it\\\/cattolica\\\/5-falsi-presupposti-dietro-la-transizione-di-genere-per-i-giovani\\\/#breadcrumb\"},\"inLanguage\":\"it-IT\",\"potentialAction\":[{\"@type\":\"ReadAction\",\"target\":[\"https:\\\/\\\/www.rassegnastampa-totustuus.it\\\/cattolica\\\/5-falsi-presupposti-dietro-la-transizione-di-genere-per-i-giovani\\\/\"]}]},{\"@type\":\"ImageObject\",\"inLanguage\":\"it-IT\",\"@id\":\"https:\\\/\\\/www.rassegnastampa-totustuus.it\\\/cattolica\\\/5-falsi-presupposti-dietro-la-transizione-di-genere-per-i-giovani\\\/#primaryimage\",\"url\":\"https:\\\/\\\/www.rassegnastampa-totustuus.it\\\/cattolica\\\/wp-content\\\/uploads\\\/2022\\\/11\\\/gender_genere_persone.jpg\",\"contentUrl\":\"https:\\\/\\\/www.rassegnastampa-totustuus.it\\\/cattolica\\\/wp-content\\\/uploads\\\/2022\\\/11\\\/gender_genere_persone.jpg\",\"width\":300,\"height\":168},{\"@type\":\"BreadcrumbList\",\"@id\":\"https:\\\/\\\/www.rassegnastampa-totustuus.it\\\/cattolica\\\/5-falsi-presupposti-dietro-la-transizione-di-genere-per-i-giovani\\\/#breadcrumb\",\"itemListElement\":[{\"@type\":\"ListItem\",\"position\":1,\"name\":\"Home\",\"item\":\"https:\\\/\\\/www.rassegnastampa-totustuus.it\\\/cattolica\\\/\"},{\"@type\":\"ListItem\",\"position\":2,\"name\":\"5 falsi presupposti dietro la transizione di genere per i giovani\"}]},{\"@type\":\"WebSite\",\"@id\":\"https:\\\/\\\/www.rassegnastampa-totustuus.it\\\/cattolica\\\/#website\",\"url\":\"https:\\\/\\\/www.rassegnastampa-totustuus.it\\\/cattolica\\\/\",\"name\":\"Rassegna Stampa Cattolica\",\"description\":\"Per una cultura che nasce dalla Rivelazione cristiana in conformit\u00e0 alla tradizione e al Magistero della Chiesa in opposizione ad ogni relativismo e totalitarismo\",\"publisher\":{\"@id\":\"https:\\\/\\\/www.rassegnastampa-totustuus.it\\\/cattolica\\\/#organization\"},\"alternateName\":\"Rass. Cattolica\",\"potentialAction\":[{\"@type\":\"SearchAction\",\"target\":{\"@type\":\"EntryPoint\",\"urlTemplate\":\"https:\\\/\\\/www.rassegnastampa-totustuus.it\\\/cattolica\\\/?s={search_term_string}\"},\"query-input\":{\"@type\":\"PropertyValueSpecification\",\"valueRequired\":true,\"valueName\":\"search_term_string\"}}],\"inLanguage\":\"it-IT\"},{\"@type\":\"Organization\",\"@id\":\"https:\\\/\\\/www.rassegnastampa-totustuus.it\\\/cattolica\\\/#organization\",\"name\":\"Rassegna Stampa Cattolica\",\"url\":\"https:\\\/\\\/www.rassegnastampa-totustuus.it\\\/cattolica\\\/\",\"logo\":{\"@type\":\"ImageObject\",\"inLanguage\":\"it-IT\",\"@id\":\"https:\\\/\\\/www.rassegnastampa-totustuus.it\\\/cattolica\\\/#\\\/schema\\\/logo\\\/image\\\/\",\"url\":\"https:\\\/\\\/www.rassegnastampa-totustuus.it\\\/cattolica\\\/wp-content\\\/uploads\\\/2014\\\/04\\\/logo-rassegna1.gif\",\"contentUrl\":\"https:\\\/\\\/www.rassegnastampa-totustuus.it\\\/cattolica\\\/wp-content\\\/uploads\\\/2014\\\/04\\\/logo-rassegna1.gif\",\"width\":600,\"height\":163,\"caption\":\"Rassegna Stampa Cattolica\"},\"image\":{\"@id\":\"https:\\\/\\\/www.rassegnastampa-totustuus.it\\\/cattolica\\\/#\\\/schema\\\/logo\\\/image\\\/\"},\"sameAs\":[\"https:\\\/\\\/www.facebook.com\\\/rassegnastampacattolica\",\"https:\\\/\\\/x.com\\\/rassegnastampa9\"]},{\"@type\":\"Person\",\"@id\":\"https:\\\/\\\/www.rassegnastampa-totustuus.it\\\/cattolica\\\/#\\\/schema\\\/person\\\/08f319d2bd1a0904ad9e2bfb7b15e5c3\",\"name\":\"Redazione\",\"image\":{\"@type\":\"ImageObject\",\"inLanguage\":\"it-IT\",\"@id\":\"https:\\\/\\\/secure.gravatar.com\\\/avatar\\\/2fcdf27c78ea025fbdb44e914cc63c72249ffec9dc8aafd5c82b26240ef3f346?s=96&d=mm&r=g\",\"url\":\"https:\\\/\\\/secure.gravatar.com\\\/avatar\\\/2fcdf27c78ea025fbdb44e914cc63c72249ffec9dc8aafd5c82b26240ef3f346?s=96&d=mm&r=g\",\"contentUrl\":\"https:\\\/\\\/secure.gravatar.com\\\/avatar\\\/2fcdf27c78ea025fbdb44e914cc63c72249ffec9dc8aafd5c82b26240ef3f346?s=96&d=mm&r=g\",\"caption\":\"Redazione\"},\"url\":\"https:\\\/\\\/www.rassegnastampa-totustuus.it\\\/cattolica\\\/author\\\/pietroelle\\\/\"}]}<\/script>\n<!-- \/ Yoast SEO plugin. -->","yoast_head_json":{"title":"5 falsi presupposti dietro la transizione di genere per i giovani - Rassegna Stampa Cattolica","description":"5 falsi presupposti dietro la transizione di genere per i giovani ma inaccuratezze ripetute si consolidano in \"fatti\"","robots":{"index":"index","follow":"follow","max-snippet":"max-snippet:-1","max-image-preview":"max-image-preview:large","max-video-preview":"max-video-preview:-1"},"canonical":"https:\/\/www.rassegnastampa-totustuus.it\/cattolica\/5-falsi-presupposti-dietro-la-transizione-di-genere-per-i-giovani\/","og_locale":"it_IT","og_type":"article","og_title":"5 falsi presupposti dietro la transizione di genere per i giovani - Rassegna Stampa Cattolica","og_description":"5 falsi presupposti dietro la transizione di genere per i giovani ma inaccuratezze ripetute si consolidano in \"fatti\"","og_url":"https:\/\/www.rassegnastampa-totustuus.it\/cattolica\/5-falsi-presupposti-dietro-la-transizione-di-genere-per-i-giovani\/","og_site_name":"Rassegna Stampa Cattolica","article_publisher":"https:\/\/www.facebook.com\/rassegnastampacattolica","article_published_time":"2023-01-25T23:00:06+00:00","article_modified_time":"2024-01-31T13:47:50+00:00","og_image":[{"width":300,"height":168,"url":"https:\/\/www.rassegnastampa-totustuus.it\/cattolica\/wp-content\/uploads\/2022\/11\/gender_genere_persone.jpg","type":"image\/jpeg"}],"author":"Redazione","twitter_card":"summary_large_image","twitter_creator":"@rassegnastampa9","twitter_site":"@rassegnastampa9","twitter_misc":{"Scritto da":"Redazione","Tempo di lettura stimato":"21 minuti"},"schema":{"@context":"https:\/\/schema.org","@graph":[{"@type":"Article","@id":"https:\/\/www.rassegnastampa-totustuus.it\/cattolica\/5-falsi-presupposti-dietro-la-transizione-di-genere-per-i-giovani\/#article","isPartOf":{"@id":"https:\/\/www.rassegnastampa-totustuus.it\/cattolica\/5-falsi-presupposti-dietro-la-transizione-di-genere-per-i-giovani\/"},"author":{"name":"Redazione","@id":"https:\/\/www.rassegnastampa-totustuus.it\/cattolica\/#\/schema\/person\/08f319d2bd1a0904ad9e2bfb7b15e5c3"},"headline":"5 falsi presupposti dietro la transizione di genere per i giovani","datePublished":"2023-01-25T23:00:06+00:00","dateModified":"2024-01-31T13:47:50+00:00","mainEntityOfPage":{"@id":"https:\/\/www.rassegnastampa-totustuus.it\/cattolica\/5-falsi-presupposti-dietro-la-transizione-di-genere-per-i-giovani\/"},"wordCount":3124,"publisher":{"@id":"https:\/\/www.rassegnastampa-totustuus.it\/cattolica\/#organization"},"image":{"@id":"https:\/\/www.rassegnastampa-totustuus.it\/cattolica\/5-falsi-presupposti-dietro-la-transizione-di-genere-per-i-giovani\/#primaryimage"},"thumbnailUrl":"https:\/\/www.rassegnastampa-totustuus.it\/cattolica\/wp-content\/uploads\/2022\/11\/gender_genere_persone.jpg","keywords":["disforia di genere","giovani","ideologia del gender"],"articleSection":["Ideologia del gender"],"inLanguage":"it-IT"},{"@type":"WebPage","@id":"https:\/\/www.rassegnastampa-totustuus.it\/cattolica\/5-falsi-presupposti-dietro-la-transizione-di-genere-per-i-giovani\/","url":"https:\/\/www.rassegnastampa-totustuus.it\/cattolica\/5-falsi-presupposti-dietro-la-transizione-di-genere-per-i-giovani\/","name":"5 falsi presupposti dietro la transizione di genere per i giovani - Rassegna Stampa Cattolica","isPartOf":{"@id":"https:\/\/www.rassegnastampa-totustuus.it\/cattolica\/#website"},"primaryImageOfPage":{"@id":"https:\/\/www.rassegnastampa-totustuus.it\/cattolica\/5-falsi-presupposti-dietro-la-transizione-di-genere-per-i-giovani\/#primaryimage"},"image":{"@id":"https:\/\/www.rassegnastampa-totustuus.it\/cattolica\/5-falsi-presupposti-dietro-la-transizione-di-genere-per-i-giovani\/#primaryimage"},"thumbnailUrl":"https:\/\/www.rassegnastampa-totustuus.it\/cattolica\/wp-content\/uploads\/2022\/11\/gender_genere_persone.jpg","datePublished":"2023-01-25T23:00:06+00:00","dateModified":"2024-01-31T13:47:50+00:00","description":"5 falsi presupposti dietro la transizione di genere per i giovani ma inaccuratezze ripetute si consolidano in \"fatti\"","breadcrumb":{"@id":"https:\/\/www.rassegnastampa-totustuus.it\/cattolica\/5-falsi-presupposti-dietro-la-transizione-di-genere-per-i-giovani\/#breadcrumb"},"inLanguage":"it-IT","potentialAction":[{"@type":"ReadAction","target":["https:\/\/www.rassegnastampa-totustuus.it\/cattolica\/5-falsi-presupposti-dietro-la-transizione-di-genere-per-i-giovani\/"]}]},{"@type":"ImageObject","inLanguage":"it-IT","@id":"https:\/\/www.rassegnastampa-totustuus.it\/cattolica\/5-falsi-presupposti-dietro-la-transizione-di-genere-per-i-giovani\/#primaryimage","url":"https:\/\/www.rassegnastampa-totustuus.it\/cattolica\/wp-content\/uploads\/2022\/11\/gender_genere_persone.jpg","contentUrl":"https:\/\/www.rassegnastampa-totustuus.it\/cattolica\/wp-content\/uploads\/2022\/11\/gender_genere_persone.jpg","width":300,"height":168},{"@type":"BreadcrumbList","@id":"https:\/\/www.rassegnastampa-totustuus.it\/cattolica\/5-falsi-presupposti-dietro-la-transizione-di-genere-per-i-giovani\/#breadcrumb","itemListElement":[{"@type":"ListItem","position":1,"name":"Home","item":"https:\/\/www.rassegnastampa-totustuus.it\/cattolica\/"},{"@type":"ListItem","position":2,"name":"5 falsi presupposti dietro la transizione di genere per i giovani"}]},{"@type":"WebSite","@id":"https:\/\/www.rassegnastampa-totustuus.it\/cattolica\/#website","url":"https:\/\/www.rassegnastampa-totustuus.it\/cattolica\/","name":"Rassegna Stampa Cattolica","description":"Per una cultura che nasce dalla Rivelazione cristiana in conformit\u00e0 alla tradizione e al Magistero della Chiesa in opposizione ad ogni relativismo e totalitarismo","publisher":{"@id":"https:\/\/www.rassegnastampa-totustuus.it\/cattolica\/#organization"},"alternateName":"Rass. Cattolica","potentialAction":[{"@type":"SearchAction","target":{"@type":"EntryPoint","urlTemplate":"https:\/\/www.rassegnastampa-totustuus.it\/cattolica\/?s={search_term_string}"},"query-input":{"@type":"PropertyValueSpecification","valueRequired":true,"valueName":"search_term_string"}}],"inLanguage":"it-IT"},{"@type":"Organization","@id":"https:\/\/www.rassegnastampa-totustuus.it\/cattolica\/#organization","name":"Rassegna Stampa Cattolica","url":"https:\/\/www.rassegnastampa-totustuus.it\/cattolica\/","logo":{"@type":"ImageObject","inLanguage":"it-IT","@id":"https:\/\/www.rassegnastampa-totustuus.it\/cattolica\/#\/schema\/logo\/image\/","url":"https:\/\/www.rassegnastampa-totustuus.it\/cattolica\/wp-content\/uploads\/2014\/04\/logo-rassegna1.gif","contentUrl":"https:\/\/www.rassegnastampa-totustuus.it\/cattolica\/wp-content\/uploads\/2014\/04\/logo-rassegna1.gif","width":600,"height":163,"caption":"Rassegna Stampa Cattolica"},"image":{"@id":"https:\/\/www.rassegnastampa-totustuus.it\/cattolica\/#\/schema\/logo\/image\/"},"sameAs":["https:\/\/www.facebook.com\/rassegnastampacattolica","https:\/\/x.com\/rassegnastampa9"]},{"@type":"Person","@id":"https:\/\/www.rassegnastampa-totustuus.it\/cattolica\/#\/schema\/person\/08f319d2bd1a0904ad9e2bfb7b15e5c3","name":"Redazione","image":{"@type":"ImageObject","inLanguage":"it-IT","@id":"https:\/\/secure.gravatar.com\/avatar\/2fcdf27c78ea025fbdb44e914cc63c72249ffec9dc8aafd5c82b26240ef3f346?s=96&d=mm&r=g","url":"https:\/\/secure.gravatar.com\/avatar\/2fcdf27c78ea025fbdb44e914cc63c72249ffec9dc8aafd5c82b26240ef3f346?s=96&d=mm&r=g","contentUrl":"https:\/\/secure.gravatar.com\/avatar\/2fcdf27c78ea025fbdb44e914cc63c72249ffec9dc8aafd5c82b26240ef3f346?s=96&d=mm&r=g","caption":"Redazione"},"url":"https:\/\/www.rassegnastampa-totustuus.it\/cattolica\/author\/pietroelle\/"}]}},"_links":{"self":[{"href":"https:\/\/www.rassegnastampa-totustuus.it\/cattolica\/wp-json\/wp\/v2\/posts\/55493","targetHints":{"allow":["GET"]}}],"collection":[{"href":"https:\/\/www.rassegnastampa-totustuus.it\/cattolica\/wp-json\/wp\/v2\/posts"}],"about":[{"href":"https:\/\/www.rassegnastampa-totustuus.it\/cattolica\/wp-json\/wp\/v2\/types\/post"}],"author":[{"embeddable":true,"href":"https:\/\/www.rassegnastampa-totustuus.it\/cattolica\/wp-json\/wp\/v2\/users\/6"}],"replies":[{"embeddable":true,"href":"https:\/\/www.rassegnastampa-totustuus.it\/cattolica\/wp-json\/wp\/v2\/comments?post=55493"}],"version-history":[{"count":2,"href":"https:\/\/www.rassegnastampa-totustuus.it\/cattolica\/wp-json\/wp\/v2\/posts\/55493\/revisions"}],"predecessor-version":[{"id":59364,"href":"https:\/\/www.rassegnastampa-totustuus.it\/cattolica\/wp-json\/wp\/v2\/posts\/55493\/revisions\/59364"}],"wp:featuredmedia":[{"embeddable":true,"href":"https:\/\/www.rassegnastampa-totustuus.it\/cattolica\/wp-json\/wp\/v2\/media\/55088"}],"wp:attachment":[{"href":"https:\/\/www.rassegnastampa-totustuus.it\/cattolica\/wp-json\/wp\/v2\/media?parent=55493"}],"wp:term":[{"taxonomy":"category","embeddable":true,"href":"https:\/\/www.rassegnastampa-totustuus.it\/cattolica\/wp-json\/wp\/v2\/categories?post=55493"},{"taxonomy":"post_tag","embeddable":true,"href":"https:\/\/www.rassegnastampa-totustuus.it\/cattolica\/wp-json\/wp\/v2\/tags?post=55493"}],"curies":[{"name":"wp","href":"https:\/\/api.w.org\/{rel}","templated":true}]}}