{"id":5549,"date":"2013-04-18T00:00:00","date_gmt":"2013-04-17T22:00:00","guid":{"rendered":""},"modified":"2015-05-27T15:50:22","modified_gmt":"2015-05-27T13:50:22","slug":"quella-strana-alleanza","status":"publish","type":"post","link":"https:\/\/www.rassegnastampa-totustuus.it\/cattolica\/quella-strana-alleanza\/","title":{"rendered":"Quella \u201cstrana\u201d alleanza"},"content":{"rendered":"<div style=\"text-align: center;\"><strong><a href=\"https:\/\/www.rassegnastampa-totustuus.it\/cattolica\/wp-content\/uploads\/2013\/02\/Pd.jpg\"><img loading=\"lazy\" decoding=\"async\" class=\"alignleft wp-image-24868\" src=\"https:\/\/www.rassegnastampa-totustuus.it\/cattolica\/wp-content\/uploads\/2013\/02\/Pd.jpg\" alt=\"Pd\" width=\"200\" height=\"133\" \/><\/a>il Timone<\/strong> n.122 &#8211; aprile 2013<\/div>\n<p style=\"text-align: justify;\"><em>Mondo della grande finanza e partiti post-comunisti uniti da una comune concezione dell\u2019uomo, spinto a soddisfare solo i suoi istinti. Lo scopo? Denaro e potere<\/em><\/p>\n<p style=\"text-align: center;\">di <strong>Giacomo Samek Lodovici<\/strong><\/p>\n<p><!--more--><\/p>\n<div style=\"text-align: justify;\">In molti luoghi del pianeta, i grandi mass media sostengono spesso i partiti eticamente relativisti, cio\u00e8 quelli che promuovono un&#8217;antropologia che nega l&#8217;esistenza di beni non negoziabili, quei partiti che attaccano la vita (tramite aborto, eutanasia, fecondazione artificiale, ecc.), che colpiscono la famiglia fondata sul matrimonio indissolubile tra l&#8217;uomo e la donna (con il divorzio, con l&#8217;equiparazione delle coppie coniugate alle coppie di fatto, col &#8220;matrimonio&#8221; omosessuale, ecc.), che rifiutano la libert\u00e0 di educazione (cio\u00e8 il primato dei genitori nella trasmissione dei principi etici e culturali, che esige la possibilit\u00e0, anche economica &#8211; tramite parit\u00e0 scolastica e\/o buono scuola &#8211; di iscrivere i propri figli in scuole che proseguano l&#8217;educazione ricevuta in famiglia, ovviamente purch\u00e9 questa educazione non sia criminale).<\/div>\n<p style=\"text-align: justify;\"><strong>Una strana alleanza<\/strong><\/p>\n<p style=\"text-align: justify;\">Questi mass media sono di propriet\u00e0 di alcuni gruppi finanziari mondiali o di alcuni grandi magnati, di coloro che Marx avrebbe chiamato capitalisti, coloro che il marxismo avversava drasticamente. Eppure, questi potentati oggi danno molto spazio a partiti come il Partito radicale italiano o simili, che pur non hanno molto seguito elettorale, e appoggiano molto spesso i partiti post marxisti, che sono generalmente molto relativisti (anche se non sono certo gli unici), e sono decisamente relativisti per i motivi che ho argomentato in <em><a href=\"modules.php?name=News&amp;file=article&amp;sid=5443\" target=\"_self\">Odio alla famiglia in nome di Marx,<\/a> <\/em>\u00abil Timone\u00bb, 120 (2013), pp. 30-31.<\/p>\n<p style=\"text-align: justify;\">Insomma, si \u00e8 pienamente realizzata un&#8217;alleanza, prevista in una certa misura da Augusto Del Noce gi\u00e0 negli anni &#8217;70-&#8217;80, tra coloro che per molti decenni sono stati acerrimi nemici. Come \u00e8 possibile? Il punto \u00e8 che, gi\u00e0 nei teorici del marxismo classico, al posto dell&#8217;affermazione dell&#8217;immutabilit\u00e0 di alcuni beni e di alcuni valori morali, al posto dell&#8217;affermazione classico-medievale circa l&#8217;esistenza di una legge morale naturale immutabile (accessibile a chiunque con la sola ragione, anche se ci possono essere impedimenti che ne ostacolano l&#8217;apprensione) che deve essere la regola della condotta umana, si fa piuttosto strada il <em>princi<\/em><em>pio del piacere, <\/em>che deflagra poi col freudismo dei continuatori di Freud (non molto fedeli a Freud, ma sarebbe un discorso lungo&#8230;): il criterio dell&#8217;agire diventa quello della ricerca del proprio piacere, del proprio godimento, ed emerge sempre pi\u00f9 il libertarismo.<\/p>\n<p style=\"text-align: justify;\">Oggi, come detto, si verifica il dispiegamento totale dell&#8217;ideologia radical-libertaria, la quale si fa appunto portabandiera del principio del piacere, che proclama la soddisfazione di ogni pulsione, contrapponendosi alla logica del dono che caratterizza una buona famiglia. Ebbene, \u00e8 proprio per l&#8217;affermazione-diffusione del principio di piacere fatta da comunisti e postcomunisti che proprio i &#8220;capitalisti&#8221; hanno finito per allearsi con loro.<\/p>\n<p style=\"text-align: justify;\">L<strong>e ragioni del sostegno delle \u00e9lites finanziarie ai partiti radical-libertari<\/strong><\/p>\n<p style=\"text-align: justify;\">Ecco di seguito (almeno) tre motivi di questa alleanza.<\/p>\n<p style=\"text-align: justify;\"><strong>1.<\/strong> Non di rado, i membri di queste \u00e9lites del gotha finanziario hanno essi stessi proprio una concezione radical-libertaria della vita, dunque sospingono i partiti di cui sopra perch\u00e9 convergono culturalmente con i loro su questo punto.<\/p>\n<p style=\"text-align: justify;\"><strong>2.<\/strong> Questi grandi potentati mirano spesso a ottenere il massimo profitto <em>(&#8220;business is business\u00bb), <\/em>il quale \u00e8 propiziato dal consumismo, per (almeno) le seguenti ragioni:<\/p>\n<p style=\"text-align: justify;\"><em>2.1.<\/em> il consumismo \u00e8 favorito dal principio del piacere (dice il soggetto radicale: se desidero questo o quel prodotto, cellulare, automobile, ecc., perch\u00e9 non dovrei acquistarlo? E dunque lo acquista frequentemente);<\/p>\n<p style=\"text-align: justify;\"><em>2.2<\/em>. il consumismo \u00e8 propiziato dallo sfascio della famiglia, perch\u00e9 esso produce l&#8217;infelicit\u00e0 di quegli individui le cui relazioni familiari sono naufragate e chi \u00e8 infelice compra cose pi\u00f9 facilmente, per cercare un (presunto) surrogato consolatorio nei beni materiali;<\/p>\n<p style=\"text-align: justify;\"><em>2.3.<\/em> il consumismo \u00e8 favorito dalla disgregazione della famiglia anche per un altro motivo: dove prima di un divorzio bastava un lettore dvd, una lavatrice, un computer, una casa, ecc., dopo ce ne vogliono due. Per\u00f2, questo vantaggio economico prodotto dalla disgregazione delle famiglie si verifica solo nel breve periodo. Infatti, come ho argomento in altri due articoli <em>(La famiglia? \u00c8 per l&#8217;economia, <\/em>\u00abil Timone\u00bb, 106 [2011], pp. 30-31, nonch\u00e9 <em>Famiglia ed economia. Parte II, <\/em>\u00abil Timone\u00bb, 107 [2011], pp. 30-31), nel lungo periodo la tenuta dell&#8217;istituto della famiglia \u00e8 cruciale per il buon andamento dell&#8217;economia. Rimandando a quegli articoli per l&#8217;argomentazione di questa tesi, qui si pu\u00f2 ricordare una sola delle sue <em>tante <\/em>motivazioni: l&#8217;economia si regge (anche) sui consumi, ma i consumi richiedono soggetti che acquistino, laddove al contrario una crisi demografica diminuisce i soggetti che comprano e dunque produce crisi economiche.<\/p>\n<p style=\"text-align: justify;\">Ora, indebolendo la famiglia, si indebolisce per ci\u00f2 stesso la culla della vita, l&#8217;ambiente in cui gli uomini e le donne sono maggiormente (lo confermano diversi studi) propensi a generare figli e ci\u00f2 diminuisce i soggetti che acquistano.<\/p>\n<p style=\"text-align: justify;\">Ora, o questi potentati non si rendono conto di questo effetto boomerang, nel lungo periodo, per il loro <em>business, <\/em>della dissoluzione della famiglia che essi propugnano tramite i loro mass media, oppure se ne rendono anche conto, ma la loro motivazione principale non \u00e8 n\u00e9 la 1, n\u00e9 la 2, bens\u00ec una terza.<\/p>\n<p style=\"text-align: justify;\"><strong>Lo scopo principale \u00e8 il potere<\/strong><\/p>\n<p style=\"text-align: justify;\"><strong>3. <\/strong>Infatti, queste \u00e9lites, spesso, mirano ad ottenere il potere, e la filosofia radical libertaria:<\/p>\n<p style=\"text-align: justify;\"><em>3.1.<\/em> fa dilagare l&#8217;individualismo, soprattutto colpendo la famiglia, cellula fondamentale di coesione sociale, e cos\u00ec isola l&#8217;individuo, rendendolo meno forte e pi\u00f9 manipolabile;<\/p>\n<p style=\"text-align: justify;\"><em>3.2.<\/em> crea degli individui pulsionali, in balia delle loro pulsioni, poco propensi a ragio-nare criticamente, che perci\u00f2 sono (come diceva gi\u00e0 Piatone nella <em>Repubblica) <\/em>facilmente manipolabili e accontentabili mediante la strategia del <em>panem et circen<\/em><em>ses. <\/em>Mediante una progressiva erotizzazione della societ\u00e0, diffondendo tra le masse l&#8217;illusione di essere liberi, facendo leva sul desiderio di libert\u00e0 (per propiziare, per esempio, il rifiuto della Chiesa cattolica), si riesce a rendere le persone sempre meno libere. In questo modo si ottiene un potere planetario, che assume le caratteristiche di una dittatura o quasi, perch\u00e9 \u00e8 detenuto, in ultima analisi, non gi\u00e0 dai governi e dai Parlamenti &#8211; essi stessi manovrati, ma la cui elezione fa sembrare di vivere in una democrazia &#8211; bens\u00ec da alcune \u00e9lites che non sono state elette da nessuno.<\/p>\n<p style=\"text-align: justify;\">La situazione verso cui sempre di pi\u00f9 ci dirigiamo \u00e8 stata prefigurata con grande preveggenza da Alexis Tocqueville nel 1840: \u00abSe cerco di immaginarmi il nuovo aspetto che il dispotismo potr\u00e0 avere nel mondo, vedo una folla innumerevole di uomini eguali, intenti solo a procurarsi piaceri piccoli e volgari, con i quali soddisfare i loro desideri. Ognuno di essi, tenendosi da parte, \u00e8 quasi estraneo al destino di tutti gli altri\u00bb, cio\u00e8 vive individualisticamente, alla mera ricerca del proprio vantaggio e indifferente o quasi al bene comune.<\/p>\n<p style=\"text-align: justify;\">\u00abAl di sopra di essi si eleva un potere immenso [&#8230;]. Rassomiglierebbe all&#8217;autorit\u00e0 paterna se, come essa, avesse lo scopo di preparare gli uomini alla virilit\u00e0 [cio\u00e8 a farli crescere, a renderli liberi, a farli ragionare], mentre cerca invece di fissarli irrevocabilmente nell&#8217;infanzia\u00bb, cio\u00e8 non vuole che crescano, aborre che sappiano ragionare, e piuttosto li vuole eteroguidare: ogni giorno \u00abrende meno necessario e pi\u00f9 raro l&#8217;uso del libero arbitrio, restringe l&#8217;azione della volont\u00e0 in pi\u00f9 piccolo spazio e toglie a poco a poco a ogni cittadino perfino l&#8217;uso di se stesso\u00bb (Tocqueville, <em>La de<\/em><em>mocrazia in America, <\/em>Sur, 1992, pp. 732-733).<\/p>\n<p style=\"text-align: justify;\"><strong>Ricorda<\/strong><\/p>\n<p style=\"text-align: justify;\">\u00abUn&#8217;attenzione prioritaria merita [&#8230;] la famiglia, che mostra segni di cedimento sotto le pressioni di lobbies capaci di incidere negativamente sui processi legislativi\u00bb. (Benedetto XVI, <em>Discorso ai rappresentanti pontifici in America Latina<\/em>, 17 febbraio 2007, www.vatican.va).<\/p>\n","protected":false},"excerpt":{"rendered":"<p>il Timone n.122 &#8211; aprile 2013 Mondo della grande finanza e partiti post-comunisti uniti da una comune concezione dell\u2019uomo, spinto a soddisfare solo i suoi istinti. Lo scopo? Denaro e potere di Giacomo Samek Lodovici<\/p><p><a class=\"more-link btn\" href=\"https:\/\/www.rassegnastampa-totustuus.it\/cattolica\/quella-strana-alleanza\/\">Continua a leggere<\/a><\/p>\n","protected":false},"author":6,"featured_media":24868,"comment_status":"closed","ping_status":"open","sticky":false,"template":"","format":"standard","meta":{"footnotes":""},"categories":[83,25],"tags":[152],"class_list":["post-5549","post","type-post","status-publish","format-standard","has-post-thumbnail","hentry","category-post-comunismo","category-sguardo-sul-nostro-tempo","tag-finanza","item-wrap"],"yoast_head":"<!-- This site is optimized with the Yoast SEO plugin v27.5 - https:\/\/yoast.com\/product\/yoast-seo-wordpress\/ -->\n<title>Quella \u201cstrana\u201d alleanza - Rassegna Stampa Cattolica<\/title>\n<meta name=\"description\" content=\"Rassegna Stampa Cattolica - Per una cultura che nasce dalla Rivelazione cristiana in conformit\u00e0 alla tradizione e al Magistero della Chiesa in opposizione ad ogni relativismo e totalitarismo\" \/>\n<meta name=\"robots\" content=\"index, follow, max-snippet:-1, max-image-preview:large, max-video-preview:-1\" \/>\n<link rel=\"canonical\" href=\"https:\/\/www.rassegnastampa-totustuus.it\/cattolica\/quella-strana-alleanza\/\" \/>\n<meta property=\"og:locale\" content=\"it_IT\" \/>\n<meta property=\"og:type\" content=\"article\" \/>\n<meta property=\"og:title\" content=\"Quella \u201cstrana\u201d alleanza - Rassegna Stampa Cattolica\" \/>\n<meta property=\"og:description\" content=\"Rassegna Stampa Cattolica - Per una cultura che nasce dalla Rivelazione cristiana in conformit\u00e0 alla tradizione e al Magistero della Chiesa in opposizione ad ogni relativismo e totalitarismo\" \/>\n<meta property=\"og:url\" content=\"https:\/\/www.rassegnastampa-totustuus.it\/cattolica\/quella-strana-alleanza\/\" \/>\n<meta property=\"og:site_name\" content=\"Rassegna Stampa Cattolica\" \/>\n<meta property=\"article:publisher\" content=\"https:\/\/www.facebook.com\/rassegnastampacattolica\" \/>\n<meta property=\"article:published_time\" content=\"2013-04-17T22:00:00+00:00\" \/>\n<meta property=\"article:modified_time\" content=\"2015-05-27T13:50:22+00:00\" \/>\n<meta property=\"og:image\" content=\"https:\/\/www.rassegnastampa-totustuus.it\/cattolica\/wp-content\/uploads\/2013\/02\/Pd.jpg\" \/>\n\t<meta property=\"og:image:width\" content=\"275\" \/>\n\t<meta property=\"og:image:height\" content=\"183\" \/>\n\t<meta property=\"og:image:type\" content=\"image\/jpeg\" \/>\n<meta name=\"author\" content=\"Redazione\" \/>\n<meta name=\"twitter:card\" content=\"summary_large_image\" \/>\n<meta name=\"twitter:creator\" content=\"@rassegnastampa9\" \/>\n<meta name=\"twitter:site\" content=\"@rassegnastampa9\" \/>\n<meta name=\"twitter:label1\" content=\"Scritto da\" \/>\n\t<meta name=\"twitter:data1\" content=\"Redazione\" \/>\n\t<meta name=\"twitter:label2\" content=\"Tempo di lettura stimato\" \/>\n\t<meta name=\"twitter:data2\" content=\"6 minuti\" \/>\n<script type=\"application\/ld+json\" class=\"yoast-schema-graph\">{\"@context\":\"https:\\\/\\\/schema.org\",\"@graph\":[{\"@type\":\"Article\",\"@id\":\"https:\\\/\\\/www.rassegnastampa-totustuus.it\\\/cattolica\\\/quella-strana-alleanza\\\/#article\",\"isPartOf\":{\"@id\":\"https:\\\/\\\/www.rassegnastampa-totustuus.it\\\/cattolica\\\/quella-strana-alleanza\\\/\"},\"author\":{\"name\":\"Redazione\",\"@id\":\"https:\\\/\\\/www.rassegnastampa-totustuus.it\\\/cattolica\\\/#\\\/schema\\\/person\\\/08f319d2bd1a0904ad9e2bfb7b15e5c3\"},\"headline\":\"Quella \u201cstrana\u201d alleanza\",\"datePublished\":\"2013-04-17T22:00:00+00:00\",\"dateModified\":\"2015-05-27T13:50:22+00:00\",\"mainEntityOfPage\":{\"@id\":\"https:\\\/\\\/www.rassegnastampa-totustuus.it\\\/cattolica\\\/quella-strana-alleanza\\\/\"},\"wordCount\":1237,\"publisher\":{\"@id\":\"https:\\\/\\\/www.rassegnastampa-totustuus.it\\\/cattolica\\\/#organization\"},\"image\":{\"@id\":\"https:\\\/\\\/www.rassegnastampa-totustuus.it\\\/cattolica\\\/quella-strana-alleanza\\\/#primaryimage\"},\"thumbnailUrl\":\"https:\\\/\\\/www.rassegnastampa-totustuus.it\\\/cattolica\\\/wp-content\\\/uploads\\\/2013\\\/02\\\/Pd.jpg\",\"keywords\":[\"Finanza\"],\"articleSection\":[\"Post-comunismo\",\"Sguardo sul nostro tempo\"],\"inLanguage\":\"it-IT\"},{\"@type\":\"WebPage\",\"@id\":\"https:\\\/\\\/www.rassegnastampa-totustuus.it\\\/cattolica\\\/quella-strana-alleanza\\\/\",\"url\":\"https:\\\/\\\/www.rassegnastampa-totustuus.it\\\/cattolica\\\/quella-strana-alleanza\\\/\",\"name\":\"Quella \u201cstrana\u201d alleanza - Rassegna Stampa Cattolica\",\"isPartOf\":{\"@id\":\"https:\\\/\\\/www.rassegnastampa-totustuus.it\\\/cattolica\\\/#website\"},\"primaryImageOfPage\":{\"@id\":\"https:\\\/\\\/www.rassegnastampa-totustuus.it\\\/cattolica\\\/quella-strana-alleanza\\\/#primaryimage\"},\"image\":{\"@id\":\"https:\\\/\\\/www.rassegnastampa-totustuus.it\\\/cattolica\\\/quella-strana-alleanza\\\/#primaryimage\"},\"thumbnailUrl\":\"https:\\\/\\\/www.rassegnastampa-totustuus.it\\\/cattolica\\\/wp-content\\\/uploads\\\/2013\\\/02\\\/Pd.jpg\",\"datePublished\":\"2013-04-17T22:00:00+00:00\",\"dateModified\":\"2015-05-27T13:50:22+00:00\",\"description\":\"Rassegna Stampa Cattolica - Per una cultura che nasce dalla Rivelazione cristiana in conformit\u00e0 alla tradizione e al Magistero della Chiesa in opposizione ad ogni relativismo e totalitarismo\",\"breadcrumb\":{\"@id\":\"https:\\\/\\\/www.rassegnastampa-totustuus.it\\\/cattolica\\\/quella-strana-alleanza\\\/#breadcrumb\"},\"inLanguage\":\"it-IT\",\"potentialAction\":[{\"@type\":\"ReadAction\",\"target\":[\"https:\\\/\\\/www.rassegnastampa-totustuus.it\\\/cattolica\\\/quella-strana-alleanza\\\/\"]}]},{\"@type\":\"ImageObject\",\"inLanguage\":\"it-IT\",\"@id\":\"https:\\\/\\\/www.rassegnastampa-totustuus.it\\\/cattolica\\\/quella-strana-alleanza\\\/#primaryimage\",\"url\":\"https:\\\/\\\/www.rassegnastampa-totustuus.it\\\/cattolica\\\/wp-content\\\/uploads\\\/2013\\\/02\\\/Pd.jpg\",\"contentUrl\":\"https:\\\/\\\/www.rassegnastampa-totustuus.it\\\/cattolica\\\/wp-content\\\/uploads\\\/2013\\\/02\\\/Pd.jpg\",\"width\":275,\"height\":183},{\"@type\":\"BreadcrumbList\",\"@id\":\"https:\\\/\\\/www.rassegnastampa-totustuus.it\\\/cattolica\\\/quella-strana-alleanza\\\/#breadcrumb\",\"itemListElement\":[{\"@type\":\"ListItem\",\"position\":1,\"name\":\"Home\",\"item\":\"https:\\\/\\\/www.rassegnastampa-totustuus.it\\\/cattolica\\\/\"},{\"@type\":\"ListItem\",\"position\":2,\"name\":\"Quella \u201cstrana\u201d alleanza\"}]},{\"@type\":\"WebSite\",\"@id\":\"https:\\\/\\\/www.rassegnastampa-totustuus.it\\\/cattolica\\\/#website\",\"url\":\"https:\\\/\\\/www.rassegnastampa-totustuus.it\\\/cattolica\\\/\",\"name\":\"Rassegna Stampa Cattolica\",\"description\":\"Per una cultura che nasce dalla Rivelazione cristiana in conformit\u00e0 alla tradizione e al Magistero della Chiesa in opposizione ad ogni relativismo e totalitarismo\",\"publisher\":{\"@id\":\"https:\\\/\\\/www.rassegnastampa-totustuus.it\\\/cattolica\\\/#organization\"},\"alternateName\":\"Rass. Cattolica\",\"potentialAction\":[{\"@type\":\"SearchAction\",\"target\":{\"@type\":\"EntryPoint\",\"urlTemplate\":\"https:\\\/\\\/www.rassegnastampa-totustuus.it\\\/cattolica\\\/?s={search_term_string}\"},\"query-input\":{\"@type\":\"PropertyValueSpecification\",\"valueRequired\":true,\"valueName\":\"search_term_string\"}}],\"inLanguage\":\"it-IT\"},{\"@type\":\"Organization\",\"@id\":\"https:\\\/\\\/www.rassegnastampa-totustuus.it\\\/cattolica\\\/#organization\",\"name\":\"Rassegna Stampa Cattolica\",\"url\":\"https:\\\/\\\/www.rassegnastampa-totustuus.it\\\/cattolica\\\/\",\"logo\":{\"@type\":\"ImageObject\",\"inLanguage\":\"it-IT\",\"@id\":\"https:\\\/\\\/www.rassegnastampa-totustuus.it\\\/cattolica\\\/#\\\/schema\\\/logo\\\/image\\\/\",\"url\":\"https:\\\/\\\/www.rassegnastampa-totustuus.it\\\/cattolica\\\/wp-content\\\/uploads\\\/2014\\\/04\\\/logo-rassegna1.gif\",\"contentUrl\":\"https:\\\/\\\/www.rassegnastampa-totustuus.it\\\/cattolica\\\/wp-content\\\/uploads\\\/2014\\\/04\\\/logo-rassegna1.gif\",\"width\":600,\"height\":163,\"caption\":\"Rassegna Stampa Cattolica\"},\"image\":{\"@id\":\"https:\\\/\\\/www.rassegnastampa-totustuus.it\\\/cattolica\\\/#\\\/schema\\\/logo\\\/image\\\/\"},\"sameAs\":[\"https:\\\/\\\/www.facebook.com\\\/rassegnastampacattolica\",\"https:\\\/\\\/x.com\\\/rassegnastampa9\"]},{\"@type\":\"Person\",\"@id\":\"https:\\\/\\\/www.rassegnastampa-totustuus.it\\\/cattolica\\\/#\\\/schema\\\/person\\\/08f319d2bd1a0904ad9e2bfb7b15e5c3\",\"name\":\"Redazione\",\"image\":{\"@type\":\"ImageObject\",\"inLanguage\":\"it-IT\",\"@id\":\"https:\\\/\\\/secure.gravatar.com\\\/avatar\\\/2fcdf27c78ea025fbdb44e914cc63c72249ffec9dc8aafd5c82b26240ef3f346?s=96&d=mm&r=g\",\"url\":\"https:\\\/\\\/secure.gravatar.com\\\/avatar\\\/2fcdf27c78ea025fbdb44e914cc63c72249ffec9dc8aafd5c82b26240ef3f346?s=96&d=mm&r=g\",\"contentUrl\":\"https:\\\/\\\/secure.gravatar.com\\\/avatar\\\/2fcdf27c78ea025fbdb44e914cc63c72249ffec9dc8aafd5c82b26240ef3f346?s=96&d=mm&r=g\",\"caption\":\"Redazione\"},\"url\":\"https:\\\/\\\/www.rassegnastampa-totustuus.it\\\/cattolica\\\/author\\\/pietroelle\\\/\"}]}<\/script>\n<!-- \/ Yoast SEO plugin. -->","yoast_head_json":{"title":"Quella \u201cstrana\u201d alleanza - Rassegna Stampa Cattolica","description":"Rassegna Stampa Cattolica - Per una cultura che nasce dalla Rivelazione cristiana in conformit\u00e0 alla tradizione e al Magistero della Chiesa in opposizione ad ogni relativismo e totalitarismo","robots":{"index":"index","follow":"follow","max-snippet":"max-snippet:-1","max-image-preview":"max-image-preview:large","max-video-preview":"max-video-preview:-1"},"canonical":"https:\/\/www.rassegnastampa-totustuus.it\/cattolica\/quella-strana-alleanza\/","og_locale":"it_IT","og_type":"article","og_title":"Quella \u201cstrana\u201d alleanza - Rassegna Stampa Cattolica","og_description":"Rassegna Stampa Cattolica - Per una cultura che nasce dalla Rivelazione cristiana in conformit\u00e0 alla tradizione e al Magistero della Chiesa in opposizione ad ogni relativismo e totalitarismo","og_url":"https:\/\/www.rassegnastampa-totustuus.it\/cattolica\/quella-strana-alleanza\/","og_site_name":"Rassegna Stampa Cattolica","article_publisher":"https:\/\/www.facebook.com\/rassegnastampacattolica","article_published_time":"2013-04-17T22:00:00+00:00","article_modified_time":"2015-05-27T13:50:22+00:00","og_image":[{"width":275,"height":183,"url":"https:\/\/www.rassegnastampa-totustuus.it\/cattolica\/wp-content\/uploads\/2013\/02\/Pd.jpg","type":"image\/jpeg"}],"author":"Redazione","twitter_card":"summary_large_image","twitter_creator":"@rassegnastampa9","twitter_site":"@rassegnastampa9","twitter_misc":{"Scritto da":"Redazione","Tempo di lettura stimato":"6 minuti"},"schema":{"@context":"https:\/\/schema.org","@graph":[{"@type":"Article","@id":"https:\/\/www.rassegnastampa-totustuus.it\/cattolica\/quella-strana-alleanza\/#article","isPartOf":{"@id":"https:\/\/www.rassegnastampa-totustuus.it\/cattolica\/quella-strana-alleanza\/"},"author":{"name":"Redazione","@id":"https:\/\/www.rassegnastampa-totustuus.it\/cattolica\/#\/schema\/person\/08f319d2bd1a0904ad9e2bfb7b15e5c3"},"headline":"Quella \u201cstrana\u201d alleanza","datePublished":"2013-04-17T22:00:00+00:00","dateModified":"2015-05-27T13:50:22+00:00","mainEntityOfPage":{"@id":"https:\/\/www.rassegnastampa-totustuus.it\/cattolica\/quella-strana-alleanza\/"},"wordCount":1237,"publisher":{"@id":"https:\/\/www.rassegnastampa-totustuus.it\/cattolica\/#organization"},"image":{"@id":"https:\/\/www.rassegnastampa-totustuus.it\/cattolica\/quella-strana-alleanza\/#primaryimage"},"thumbnailUrl":"https:\/\/www.rassegnastampa-totustuus.it\/cattolica\/wp-content\/uploads\/2013\/02\/Pd.jpg","keywords":["Finanza"],"articleSection":["Post-comunismo","Sguardo sul nostro tempo"],"inLanguage":"it-IT"},{"@type":"WebPage","@id":"https:\/\/www.rassegnastampa-totustuus.it\/cattolica\/quella-strana-alleanza\/","url":"https:\/\/www.rassegnastampa-totustuus.it\/cattolica\/quella-strana-alleanza\/","name":"Quella \u201cstrana\u201d alleanza - Rassegna Stampa Cattolica","isPartOf":{"@id":"https:\/\/www.rassegnastampa-totustuus.it\/cattolica\/#website"},"primaryImageOfPage":{"@id":"https:\/\/www.rassegnastampa-totustuus.it\/cattolica\/quella-strana-alleanza\/#primaryimage"},"image":{"@id":"https:\/\/www.rassegnastampa-totustuus.it\/cattolica\/quella-strana-alleanza\/#primaryimage"},"thumbnailUrl":"https:\/\/www.rassegnastampa-totustuus.it\/cattolica\/wp-content\/uploads\/2013\/02\/Pd.jpg","datePublished":"2013-04-17T22:00:00+00:00","dateModified":"2015-05-27T13:50:22+00:00","description":"Rassegna Stampa Cattolica - Per una cultura che nasce dalla Rivelazione cristiana in conformit\u00e0 alla tradizione e al Magistero della Chiesa in opposizione ad ogni relativismo e totalitarismo","breadcrumb":{"@id":"https:\/\/www.rassegnastampa-totustuus.it\/cattolica\/quella-strana-alleanza\/#breadcrumb"},"inLanguage":"it-IT","potentialAction":[{"@type":"ReadAction","target":["https:\/\/www.rassegnastampa-totustuus.it\/cattolica\/quella-strana-alleanza\/"]}]},{"@type":"ImageObject","inLanguage":"it-IT","@id":"https:\/\/www.rassegnastampa-totustuus.it\/cattolica\/quella-strana-alleanza\/#primaryimage","url":"https:\/\/www.rassegnastampa-totustuus.it\/cattolica\/wp-content\/uploads\/2013\/02\/Pd.jpg","contentUrl":"https:\/\/www.rassegnastampa-totustuus.it\/cattolica\/wp-content\/uploads\/2013\/02\/Pd.jpg","width":275,"height":183},{"@type":"BreadcrumbList","@id":"https:\/\/www.rassegnastampa-totustuus.it\/cattolica\/quella-strana-alleanza\/#breadcrumb","itemListElement":[{"@type":"ListItem","position":1,"name":"Home","item":"https:\/\/www.rassegnastampa-totustuus.it\/cattolica\/"},{"@type":"ListItem","position":2,"name":"Quella \u201cstrana\u201d alleanza"}]},{"@type":"WebSite","@id":"https:\/\/www.rassegnastampa-totustuus.it\/cattolica\/#website","url":"https:\/\/www.rassegnastampa-totustuus.it\/cattolica\/","name":"Rassegna Stampa Cattolica","description":"Per una cultura che nasce dalla Rivelazione cristiana in conformit\u00e0 alla tradizione e al Magistero della Chiesa in opposizione ad ogni relativismo e totalitarismo","publisher":{"@id":"https:\/\/www.rassegnastampa-totustuus.it\/cattolica\/#organization"},"alternateName":"Rass. Cattolica","potentialAction":[{"@type":"SearchAction","target":{"@type":"EntryPoint","urlTemplate":"https:\/\/www.rassegnastampa-totustuus.it\/cattolica\/?s={search_term_string}"},"query-input":{"@type":"PropertyValueSpecification","valueRequired":true,"valueName":"search_term_string"}}],"inLanguage":"it-IT"},{"@type":"Organization","@id":"https:\/\/www.rassegnastampa-totustuus.it\/cattolica\/#organization","name":"Rassegna Stampa Cattolica","url":"https:\/\/www.rassegnastampa-totustuus.it\/cattolica\/","logo":{"@type":"ImageObject","inLanguage":"it-IT","@id":"https:\/\/www.rassegnastampa-totustuus.it\/cattolica\/#\/schema\/logo\/image\/","url":"https:\/\/www.rassegnastampa-totustuus.it\/cattolica\/wp-content\/uploads\/2014\/04\/logo-rassegna1.gif","contentUrl":"https:\/\/www.rassegnastampa-totustuus.it\/cattolica\/wp-content\/uploads\/2014\/04\/logo-rassegna1.gif","width":600,"height":163,"caption":"Rassegna Stampa Cattolica"},"image":{"@id":"https:\/\/www.rassegnastampa-totustuus.it\/cattolica\/#\/schema\/logo\/image\/"},"sameAs":["https:\/\/www.facebook.com\/rassegnastampacattolica","https:\/\/x.com\/rassegnastampa9"]},{"@type":"Person","@id":"https:\/\/www.rassegnastampa-totustuus.it\/cattolica\/#\/schema\/person\/08f319d2bd1a0904ad9e2bfb7b15e5c3","name":"Redazione","image":{"@type":"ImageObject","inLanguage":"it-IT","@id":"https:\/\/secure.gravatar.com\/avatar\/2fcdf27c78ea025fbdb44e914cc63c72249ffec9dc8aafd5c82b26240ef3f346?s=96&d=mm&r=g","url":"https:\/\/secure.gravatar.com\/avatar\/2fcdf27c78ea025fbdb44e914cc63c72249ffec9dc8aafd5c82b26240ef3f346?s=96&d=mm&r=g","contentUrl":"https:\/\/secure.gravatar.com\/avatar\/2fcdf27c78ea025fbdb44e914cc63c72249ffec9dc8aafd5c82b26240ef3f346?s=96&d=mm&r=g","caption":"Redazione"},"url":"https:\/\/www.rassegnastampa-totustuus.it\/cattolica\/author\/pietroelle\/"}]}},"_links":{"self":[{"href":"https:\/\/www.rassegnastampa-totustuus.it\/cattolica\/wp-json\/wp\/v2\/posts\/5549","targetHints":{"allow":["GET"]}}],"collection":[{"href":"https:\/\/www.rassegnastampa-totustuus.it\/cattolica\/wp-json\/wp\/v2\/posts"}],"about":[{"href":"https:\/\/www.rassegnastampa-totustuus.it\/cattolica\/wp-json\/wp\/v2\/types\/post"}],"author":[{"embeddable":true,"href":"https:\/\/www.rassegnastampa-totustuus.it\/cattolica\/wp-json\/wp\/v2\/users\/6"}],"replies":[{"embeddable":true,"href":"https:\/\/www.rassegnastampa-totustuus.it\/cattolica\/wp-json\/wp\/v2\/comments?post=5549"}],"version-history":[{"count":3,"href":"https:\/\/www.rassegnastampa-totustuus.it\/cattolica\/wp-json\/wp\/v2\/posts\/5549\/revisions"}],"predecessor-version":[{"id":25255,"href":"https:\/\/www.rassegnastampa-totustuus.it\/cattolica\/wp-json\/wp\/v2\/posts\/5549\/revisions\/25255"}],"wp:featuredmedia":[{"embeddable":true,"href":"https:\/\/www.rassegnastampa-totustuus.it\/cattolica\/wp-json\/wp\/v2\/media\/24868"}],"wp:attachment":[{"href":"https:\/\/www.rassegnastampa-totustuus.it\/cattolica\/wp-json\/wp\/v2\/media?parent=5549"}],"wp:term":[{"taxonomy":"category","embeddable":true,"href":"https:\/\/www.rassegnastampa-totustuus.it\/cattolica\/wp-json\/wp\/v2\/categories?post=5549"},{"taxonomy":"post_tag","embeddable":true,"href":"https:\/\/www.rassegnastampa-totustuus.it\/cattolica\/wp-json\/wp\/v2\/tags?post=5549"}],"curies":[{"name":"wp","href":"https:\/\/api.w.org\/{rel}","templated":true}]}}