{"id":55470,"date":"2023-01-19T00:00:37","date_gmt":"2023-01-18T23:00:37","guid":{"rendered":"http:\/\/www.rassegnastampa-totustuus.it\/cattolica\/?p=55470"},"modified":"2024-01-31T16:17:00","modified_gmt":"2024-01-31T15:17:00","slug":"fermate-il-cambio-di-genere-nei-bambini","status":"publish","type":"post","link":"https:\/\/www.rassegnastampa-totustuus.it\/cattolica\/fermate-il-cambio-di-genere-nei-bambini\/","title":{"rendered":"Fermate il cambio di genere nei bambini"},"content":{"rendered":"<p style=\"text-align: justify;\"><span style=\"color: #000000;\"><strong><img loading=\"lazy\" decoding=\"async\" class=\"size-medium wp-image-55090 alignright\" src=\"https:\/\/www.rassegnastampa-totustuus.it\/cattolica\/wp-content\/uploads\/2022\/11\/gender_disforia-300x168.jpg\" alt=\"\" width=\"300\" height=\"168\" \/>Abstract: <\/strong><em>fermate il cambio di genere nei bambini, l&#8217;appello della societ\u00e0 psicoanalitica italiana chiede di fermare la somministrazione della triptorelina, inserita lo scorso anno nel prontuario del Servizio sanitario e usata per &#8220;guadagnare tempo&#8221; ma che pu\u00f2 provocare danni irreversibili alla salute<\/em><\/span><\/p>\n<p><!--more--><\/p>\n<p style=\"text-align: center;\"><span style=\"color: #000000;\"><a href=\"https:\/\/www.laverita.info\/\" target=\"_blank\" rel=\"noopener\"><span style=\"color: #0000ff;\"><strong>La Verit\u00e0<\/strong><\/span><\/a> marted\u00ec 17 gennaio 2023<\/span><\/p>\n<h3 style=\"text-align: center;\"><span style=\"color: #000000;\">\u00abStop ai farmaci che bloccano la pubert\u00e0\u00bb<\/span><\/h3>\n<p style=\"text-align: justify;\"><span style=\"color: #000000;\"> <em>Con una lettera aperta alla Meloni, la societ\u00e0 psicoanalitica italiana chiede di fermare la somministrazione della triptorelina ai bambini che vogliono cambiare genere. Oggi il medicinale \u00e8 erogabile a carico del Ssn, ma solo (in teoria) per casi circoscritti.<\/em> <\/span><\/p>\n<p style=\"text-align: center;\"><span style=\"color: #000000;\">di <strong>Patrizia Florer Reiter<\/strong><\/span><\/p>\n<p style=\"text-align: justify;\"><span style=\"color: #000000;\"><img loading=\"lazy\" decoding=\"async\" class=\"size-full wp-image-55471 alignleft\" src=\"https:\/\/www.rassegnastampa-totustuus.it\/cattolica\/wp-content\/uploads\/2023\/01\/societ\u00e0_psicoanalitica_italiana.jpg\" alt=\"\" width=\"290\" height=\"174\" \/>E meno male che ci sono esperti, allarmati per la facilit\u00e0 con cui viene assecondata la \u00abvoglia\u00bb dei giovanissimi di cambiar sesso. La Societ\u00e0 psicoanalitica italiana (SP)I ha scritto al premier Giorgia Meloni manifestando \u00abgrande preoccupazione per l&#8217;uso di farmaci, finalizzato a produrre un arresto dello sviluppo puberale in ragazzi di entrambi i sessi, a cui e diagnosti data una \u201cdisforia di genere\u201d\u00bb.<\/span><\/p>\n<p style=\"text-align: justify;\"><span style=\"color: #000000;\">Si nasce o maschio, o femmina. Aiutare un bambino con soluzioni tecniche, ovvero ormoni utili a \u00abguadagnare tempo\u00bb, a non identificarsi nel proprio corpo per vivere \u00abnel proprio genere\u00bbdi fantasia, o a credere che possa essere \u00abdi tutti i generi\u00bb, provoca danni irreversibili.<\/span><\/p>\n<p style=\"text-align: justify;\"><span style=\"color: #000000;\"><img loading=\"lazy\" decoding=\"async\" class=\"size-full wp-image-55086 alignright\" src=\"https:\/\/www.rassegnastampa-totustuus.it\/cattolica\/wp-content\/uploads\/2022\/11\/gender-1.jpg\" alt=\"\" width=\"179\" height=\"282\" \/>In qualit\u00e0 di presidente della SPI Sarantis Thanopulos psichiatra e psicoanalista, osserva che \u00abla sperimentazione in atto e elude un&#8217;attenta valutazione scientifica accompagnata da un&#8217;approfondita riflessione sullo sviluppo psichico, e suscita forti perplessit\u00e0\u00bb.<\/span><\/p>\n<p style=\"text-align: justify;\"><span style=\"color: #000000;\">La triptorelina (Trp), una molecola in grado di agire sul sistema endocrino e sospendere l&#8217;arrivo della pubert\u00e0, era stata inserita lo scorso anno tra i medicinali erogabili a carico del Servizio sanitario nazionale. L&#8217;uso non era stato liberalizzato per la disforia di genere, bens\u00ec \u00abin casi molto circoscritti\u00bb, aveva tenuto a precisare il Comitato nazionale per la bioetica, come \u00abla presenza di una profonda sofferenza dei ragazzi con psicopatologie psichiatriche e che giungono al rischio di comportamenti autolesionistici e\/o tentativi di suicidio, a causa dello sviluppo del corpo nella direzione non desiderata, ove le loro condizioni patologiche non siano altrimenti trattabili\u00bb.<\/span><\/p>\n<p style=\"text-align: justify;\"><span style=\"color: #000000;\"><img loading=\"lazy\" decoding=\"async\" class=\"size-full wp-image-24195 alignleft\" src=\"https:\/\/www.rassegnastampa-totustuus.it\/cattolica\/wp-content\/uploads\/2015\/05\/gender.png\" alt=\"\" width=\"294\" height=\"171\" \/>La Spi, per\u00f2, ricorda che la diagnosi di disforia di genere \u00abin et\u00e0 prepuberale \u00e8 basata sulle affermazioni dei soggetti interessati e non pu\u00f2 essere oggetto di un&#8217;attenta valutazione, finch\u00e9 lo sviluppo dell&#8217;identit\u00e0 sessuale \u00e8 ancora in corso. Solo una parte minoritaria dei ragazzi che si dichiarano di non identificarsi con il loro sesso conferma questa posizione nell&#8217;adolescenza, dopo la pubert\u00e0\u00bb<\/span><\/p>\n<p style=\"text-align: justify;\"><span style=\"color: #000000;\"><img loading=\"lazy\" decoding=\"async\" class=\"size-full wp-image-22699 alignright\" src=\"https:\/\/www.rassegnastampa-totustuus.it\/cattolica\/wp-content\/uploads\/2011\/07\/gender_identity.jpg\" alt=\"\" width=\"221\" height=\"204\" \/>Intanto, si blocca lo sviluppo psicosessuale e, sospenderlo o prevenirlo \u00abin attesa della maturazione di una sua definizione identitaria stabile, \u00e8 in contraddizione con il fatto che questo sviluppo \u00e8 un fattore centrale del processo della definizione\u00bb, scrive l&#8217;esecutivo della societ\u00e0 di cui fanno parte medici chirurghi, psichiatri, neuropsichiatri infantili, psicologi e psicoterapeuti.<\/span><\/p>\n<div id=\"attachment_55472\" style=\"width: 300px\" class=\"wp-caption alignleft\"><img loading=\"lazy\" decoding=\"async\" aria-describedby=\"caption-attachment-55472\" class=\"wp-image-55472 size-medium\" src=\"https:\/\/www.rassegnastampa-totustuus.it\/cattolica\/wp-content\/uploads\/2023\/01\/Assuntina_Morresi-300x167.jpg\" alt=\"\" width=\"300\" height=\"167\" srcset=\"https:\/\/www.rassegnastampa-totustuus.it\/cattolica\/wp-content\/uploads\/2023\/01\/Assuntina_Morresi-300x167.jpg 300w, https:\/\/www.rassegnastampa-totustuus.it\/cattolica\/wp-content\/uploads\/2023\/01\/Assuntina_Morresi.jpg 301w\" sizes=\"auto, (max-width: 300px) 100vw, 300px\" \/><p id=\"caption-attachment-55472\" class=\"wp-caption-text\">Assuntina Morresi<\/p><\/div>\n<p style=\"text-align: justify;\"><span style=\"color: #000000;\">Assuntina Morresi, oggi riconfermata nel comitato nazionale per la bioetica, nel motivare il suo voto contrario all&#8217;uso della Trp, che secondo la letteratura lascerebbe il corpo di un minore in un limbo, nell&#8217;agosto del 2018 si era chiesta aperte virgolette come \u00e8 possibile in queste condizioni di non appartenenza a nessun genere, \u201cesplorare la propria identit\u00e0 di genere\u201d? Rispetto a quale ipotesi si verifica e si esplora, in assenza di un corpo sessuato, cio\u00e8 in assenza dell&#8217;espressione fisica della propria identit\u00e0 di genere, se non ha un immaginario?\u00bb.<\/span><\/p>\n<p style=\"text-align: justify;\"><span style=\"color: #000000;\"><img loading=\"lazy\" decoding=\"async\" class=\" wp-image-49671 alignright\" src=\"https:\/\/www.rassegnastampa-totustuus.it\/cattolica\/wp-content\/uploads\/2021\/01\/centro_studi_Livatino.jpg\" alt=\"\" width=\"231\" height=\"169\" \/>La scorsa estate, il Centro il centro studi Livatino attento a tematiche riguardanti il diritto alla vita, la famiglia e la libert\u00e0 religiosa, aveva inviato una lettera all&#8217;Aifa segnalando come \u00abalto rischio, adoperando la triptorelina per bloccare la pubert\u00e0 fino a quattro anni circa, dai 12 ai 16 anni d&#8217;et\u00e0, di indurre farmacologicamente un disallineamento fra lo sviluppo fisico e quello cognitivo del minore; inoltre, non esistono evidenze sull&#8217;effettivo pieno ripristino della fertilit\u00e0 nel caso di desistenza dal trattamento e di permanenza nel sesso di appartenenza\u00bb.<\/span><\/p>\n<p style=\"text-align: justify;\"><span style=\"color: #000000;\">E tipico dell&#8217;et\u00e0 adolescenziale provare ad assumere momentaneamente diverse identit\u00e0, ma non si pu\u00f2 bloccare o manipolare il corpo assecondando l&#8217;idea che il genere sia intrappolato nella biologia. Per questo, la Societ\u00e0 psicoanalitica italiana chiede al presidente del Consiglio che sulla questione venga avviata \u00abuna rigorosa discussione scientifica\u00bb, e si mette a disposizione per fornire il proprio contributo.<\/span><\/p>\n<p style=\"text-align: justify;\"><span style=\"color: #000000;\"><img loading=\"lazy\" decoding=\"async\" class=\" wp-image-55473 alignleft\" src=\"https:\/\/www.rassegnastampa-totustuus.it\/cattolica\/wp-content\/uploads\/2023\/01\/pro_vita_famiglia.jpg\" alt=\"\" width=\"210\" height=\"210\" srcset=\"https:\/\/www.rassegnastampa-totustuus.it\/cattolica\/wp-content\/uploads\/2023\/01\/pro_vita_famiglia.jpg 224w, https:\/\/www.rassegnastampa-totustuus.it\/cattolica\/wp-content\/uploads\/2023\/01\/pro_vita_famiglia-150x150.jpg 150w\" sizes=\"auto, (max-width: 210px) 100vw, 210px\" \/>Pronta \u00e8 arrivata la condivisione da parte di Pro Vita &amp; Famiglia, che ritiene \u00abfondamentale trattare l&#8217;argomento con la complessit\u00e0 e la delicatezza che merita, soprattutto considerando le controindicazioni che hanno i trattamenti che vogliono provocare un arresto dello sviluppo puberale, in ragazzi a cui \u00e8 stata diagnosticata la disforia di genere\u00bb.<\/span><\/p>\n<p style=\"text-align: justify;\"><span style=\"color: #000000;\">L&#8217;associazione ricorda le decine di \u00abcasi drammatici che arrivano dall&#8217;estero, dei cosiddetti \u201cdetransitioner\u201d, giovani che hanno portato avanti queste procedure e che si sono poi pentiti e che ora si trovano nel dramma di non poter pi\u00f9 tornare indietro, con conseguenze quindi irreversibili dal punto di vista fisico e psicologico\u00bb,<\/span><\/p>\n<p style=\"text-align: justify;\"><span style=\"color: #000000;\"><img loading=\"lazy\" decoding=\"async\" class=\" wp-image-34686 alignright\" src=\"https:\/\/www.rassegnastampa-totustuus.it\/cattolica\/wp-content\/uploads\/2013\/08\/genere_identit\u00e0.jpg\" alt=\"\" width=\"156\" height=\"189\" \/>Thanopulos, nel 2019, scrisse sul <em>Manifesto<\/em> un intervento,che gli provoc\u00f2 feroci critiche dal mondo Lgbt. \u00abInterferire con lo sviluppo psico corporeo nell&#8217;infanzia, bloccandolo o modificandolo medicalmente, sulla base di convinzioni o comportamenti ancora da evolvere, che cos\u00ec si rendono definitivi, \u00e8 un abuso \u00bb, ammoniva l&#8217;oggi presidente Spi. La questione continua a rimanere urgente<\/span><\/p>\n<p>____________________________________________<\/p>\n<p><strong><span style=\"color: #000000;\">Leggi anche:\u00a0<\/span><\/strong><\/p>\n<p><a href=\"https:\/\/www.rassegnastampa-totustuus.it\/cattolica\/transgender-pentiti-per-il-cambio-di-sesso\/\" target=\"_blank\" rel=\"noopener\"><span style=\"color: #0000ff;\">Transgender pentiti per il cambio di sesso<\/span><\/a><\/p>\n","protected":false},"excerpt":{"rendered":"<p>Abstract: fermate il cambio di genere nei bambini, l&#8217;appello della societ\u00e0 psicoanalitica italiana chiede di fermare la somministrazione della triptorelina, inserita lo scorso anno nel prontuario del Servizio sanitario e usata per &#8220;guadagnare tempo&#8221; ma che pu\u00f2 provocare danni irreversibili alla salute<\/p><p><a class=\"more-link btn\" href=\"https:\/\/www.rassegnastampa-totustuus.it\/cattolica\/fermate-il-cambio-di-genere-nei-bambini\/\">Continua a leggere<\/a><\/p>\n","protected":false},"author":6,"featured_media":55090,"comment_status":"closed","ping_status":"closed","sticky":false,"template":"","format":"standard","meta":{"footnotes":""},"categories":[125],"tags":[2935,192],"class_list":["post-55470","post","type-post","status-publish","format-standard","has-post-thumbnail","hentry","category-ideologia-del-gender","tag-disforia-di-genere","tag-gender","item-wrap"],"yoast_head":"<!-- This site is optimized with the Yoast SEO plugin v27.4 - https:\/\/yoast.com\/product\/yoast-seo-wordpress\/ -->\n<title>Fermate il cambio di genere nei bambini - Rassegna Stampa Cattolica<\/title>\n<meta name=\"description\" content=\"Fermate il cambio di genere nei bambini, no alla triptorelina; l&#039;appello della societ\u00e0 psicoanalitica italiana\" \/>\n<meta name=\"robots\" content=\"index, follow, max-snippet:-1, max-image-preview:large, max-video-preview:-1\" \/>\n<link rel=\"canonical\" href=\"https:\/\/www.rassegnastampa-totustuus.it\/cattolica\/fermate-il-cambio-di-genere-nei-bambini\/\" \/>\n<meta property=\"og:locale\" content=\"it_IT\" \/>\n<meta property=\"og:type\" content=\"article\" \/>\n<meta property=\"og:title\" content=\"Fermate il cambio di genere nei bambini - Rassegna Stampa Cattolica\" \/>\n<meta property=\"og:description\" content=\"Fermate il cambio di genere nei bambini, no alla triptorelina; l&#039;appello della societ\u00e0 psicoanalitica italiana\" \/>\n<meta property=\"og:url\" content=\"https:\/\/www.rassegnastampa-totustuus.it\/cattolica\/fermate-il-cambio-di-genere-nei-bambini\/\" \/>\n<meta property=\"og:site_name\" content=\"Rassegna Stampa Cattolica\" \/>\n<meta property=\"article:publisher\" content=\"https:\/\/www.facebook.com\/rassegnastampacattolica\" \/>\n<meta property=\"article:published_time\" content=\"2023-01-18T23:00:37+00:00\" \/>\n<meta property=\"article:modified_time\" content=\"2024-01-31T15:17:00+00:00\" \/>\n<meta property=\"og:image\" content=\"https:\/\/www.rassegnastampa-totustuus.it\/cattolica\/wp-content\/uploads\/2022\/11\/gender_disforia.jpg\" \/>\n\t<meta property=\"og:image:width\" content=\"300\" \/>\n\t<meta property=\"og:image:height\" content=\"168\" \/>\n\t<meta property=\"og:image:type\" content=\"image\/jpeg\" \/>\n<meta name=\"author\" content=\"Redazione\" \/>\n<meta name=\"twitter:card\" content=\"summary_large_image\" \/>\n<meta name=\"twitter:creator\" content=\"@rassegnastampa9\" \/>\n<meta name=\"twitter:site\" content=\"@rassegnastampa9\" \/>\n<meta name=\"twitter:label1\" content=\"Scritto da\" \/>\n\t<meta name=\"twitter:data1\" content=\"Redazione\" \/>\n\t<meta name=\"twitter:label2\" content=\"Tempo di lettura stimato\" \/>\n\t<meta name=\"twitter:data2\" content=\"7 minuti\" \/>\n<script type=\"application\/ld+json\" class=\"yoast-schema-graph\">{\"@context\":\"https:\\\/\\\/schema.org\",\"@graph\":[{\"@type\":\"Article\",\"@id\":\"https:\\\/\\\/www.rassegnastampa-totustuus.it\\\/cattolica\\\/fermate-il-cambio-di-genere-nei-bambini\\\/#article\",\"isPartOf\":{\"@id\":\"https:\\\/\\\/www.rassegnastampa-totustuus.it\\\/cattolica\\\/fermate-il-cambio-di-genere-nei-bambini\\\/\"},\"author\":{\"name\":\"Redazione\",\"@id\":\"https:\\\/\\\/www.rassegnastampa-totustuus.it\\\/cattolica\\\/#\\\/schema\\\/person\\\/08f319d2bd1a0904ad9e2bfb7b15e5c3\"},\"headline\":\"Fermate il cambio di genere nei bambini\",\"datePublished\":\"2023-01-18T23:00:37+00:00\",\"dateModified\":\"2024-01-31T15:17:00+00:00\",\"mainEntityOfPage\":{\"@id\":\"https:\\\/\\\/www.rassegnastampa-totustuus.it\\\/cattolica\\\/fermate-il-cambio-di-genere-nei-bambini\\\/\"},\"wordCount\":876,\"publisher\":{\"@id\":\"https:\\\/\\\/www.rassegnastampa-totustuus.it\\\/cattolica\\\/#organization\"},\"image\":{\"@id\":\"https:\\\/\\\/www.rassegnastampa-totustuus.it\\\/cattolica\\\/fermate-il-cambio-di-genere-nei-bambini\\\/#primaryimage\"},\"thumbnailUrl\":\"https:\\\/\\\/www.rassegnastampa-totustuus.it\\\/cattolica\\\/wp-content\\\/uploads\\\/2022\\\/11\\\/gender_disforia.jpg\",\"keywords\":[\"disforia di genere\",\"gender\"],\"articleSection\":[\"Ideologia del gender\"],\"inLanguage\":\"it-IT\"},{\"@type\":\"WebPage\",\"@id\":\"https:\\\/\\\/www.rassegnastampa-totustuus.it\\\/cattolica\\\/fermate-il-cambio-di-genere-nei-bambini\\\/\",\"url\":\"https:\\\/\\\/www.rassegnastampa-totustuus.it\\\/cattolica\\\/fermate-il-cambio-di-genere-nei-bambini\\\/\",\"name\":\"Fermate il cambio di genere nei bambini - Rassegna Stampa Cattolica\",\"isPartOf\":{\"@id\":\"https:\\\/\\\/www.rassegnastampa-totustuus.it\\\/cattolica\\\/#website\"},\"primaryImageOfPage\":{\"@id\":\"https:\\\/\\\/www.rassegnastampa-totustuus.it\\\/cattolica\\\/fermate-il-cambio-di-genere-nei-bambini\\\/#primaryimage\"},\"image\":{\"@id\":\"https:\\\/\\\/www.rassegnastampa-totustuus.it\\\/cattolica\\\/fermate-il-cambio-di-genere-nei-bambini\\\/#primaryimage\"},\"thumbnailUrl\":\"https:\\\/\\\/www.rassegnastampa-totustuus.it\\\/cattolica\\\/wp-content\\\/uploads\\\/2022\\\/11\\\/gender_disforia.jpg\",\"datePublished\":\"2023-01-18T23:00:37+00:00\",\"dateModified\":\"2024-01-31T15:17:00+00:00\",\"description\":\"Fermate il cambio di genere nei bambini, no alla triptorelina; l'appello della societ\u00e0 psicoanalitica italiana\",\"breadcrumb\":{\"@id\":\"https:\\\/\\\/www.rassegnastampa-totustuus.it\\\/cattolica\\\/fermate-il-cambio-di-genere-nei-bambini\\\/#breadcrumb\"},\"inLanguage\":\"it-IT\",\"potentialAction\":[{\"@type\":\"ReadAction\",\"target\":[\"https:\\\/\\\/www.rassegnastampa-totustuus.it\\\/cattolica\\\/fermate-il-cambio-di-genere-nei-bambini\\\/\"]}]},{\"@type\":\"ImageObject\",\"inLanguage\":\"it-IT\",\"@id\":\"https:\\\/\\\/www.rassegnastampa-totustuus.it\\\/cattolica\\\/fermate-il-cambio-di-genere-nei-bambini\\\/#primaryimage\",\"url\":\"https:\\\/\\\/www.rassegnastampa-totustuus.it\\\/cattolica\\\/wp-content\\\/uploads\\\/2022\\\/11\\\/gender_disforia.jpg\",\"contentUrl\":\"https:\\\/\\\/www.rassegnastampa-totustuus.it\\\/cattolica\\\/wp-content\\\/uploads\\\/2022\\\/11\\\/gender_disforia.jpg\",\"width\":300,\"height\":168},{\"@type\":\"BreadcrumbList\",\"@id\":\"https:\\\/\\\/www.rassegnastampa-totustuus.it\\\/cattolica\\\/fermate-il-cambio-di-genere-nei-bambini\\\/#breadcrumb\",\"itemListElement\":[{\"@type\":\"ListItem\",\"position\":1,\"name\":\"Home\",\"item\":\"https:\\\/\\\/www.rassegnastampa-totustuus.it\\\/cattolica\\\/\"},{\"@type\":\"ListItem\",\"position\":2,\"name\":\"Fermate il cambio di genere nei bambini\"}]},{\"@type\":\"WebSite\",\"@id\":\"https:\\\/\\\/www.rassegnastampa-totustuus.it\\\/cattolica\\\/#website\",\"url\":\"https:\\\/\\\/www.rassegnastampa-totustuus.it\\\/cattolica\\\/\",\"name\":\"Rassegna Stampa Cattolica\",\"description\":\"Per una cultura che nasce dalla Rivelazione cristiana in conformit\u00e0 alla tradizione e al Magistero della Chiesa in opposizione ad ogni relativismo e totalitarismo\",\"publisher\":{\"@id\":\"https:\\\/\\\/www.rassegnastampa-totustuus.it\\\/cattolica\\\/#organization\"},\"alternateName\":\"Rass. Cattolica\",\"potentialAction\":[{\"@type\":\"SearchAction\",\"target\":{\"@type\":\"EntryPoint\",\"urlTemplate\":\"https:\\\/\\\/www.rassegnastampa-totustuus.it\\\/cattolica\\\/?s={search_term_string}\"},\"query-input\":{\"@type\":\"PropertyValueSpecification\",\"valueRequired\":true,\"valueName\":\"search_term_string\"}}],\"inLanguage\":\"it-IT\"},{\"@type\":\"Organization\",\"@id\":\"https:\\\/\\\/www.rassegnastampa-totustuus.it\\\/cattolica\\\/#organization\",\"name\":\"Rassegna Stampa Cattolica\",\"url\":\"https:\\\/\\\/www.rassegnastampa-totustuus.it\\\/cattolica\\\/\",\"logo\":{\"@type\":\"ImageObject\",\"inLanguage\":\"it-IT\",\"@id\":\"https:\\\/\\\/www.rassegnastampa-totustuus.it\\\/cattolica\\\/#\\\/schema\\\/logo\\\/image\\\/\",\"url\":\"https:\\\/\\\/www.rassegnastampa-totustuus.it\\\/cattolica\\\/wp-content\\\/uploads\\\/2014\\\/04\\\/logo-rassegna1.gif\",\"contentUrl\":\"https:\\\/\\\/www.rassegnastampa-totustuus.it\\\/cattolica\\\/wp-content\\\/uploads\\\/2014\\\/04\\\/logo-rassegna1.gif\",\"width\":600,\"height\":163,\"caption\":\"Rassegna Stampa Cattolica\"},\"image\":{\"@id\":\"https:\\\/\\\/www.rassegnastampa-totustuus.it\\\/cattolica\\\/#\\\/schema\\\/logo\\\/image\\\/\"},\"sameAs\":[\"https:\\\/\\\/www.facebook.com\\\/rassegnastampacattolica\",\"https:\\\/\\\/x.com\\\/rassegnastampa9\"]},{\"@type\":\"Person\",\"@id\":\"https:\\\/\\\/www.rassegnastampa-totustuus.it\\\/cattolica\\\/#\\\/schema\\\/person\\\/08f319d2bd1a0904ad9e2bfb7b15e5c3\",\"name\":\"Redazione\",\"image\":{\"@type\":\"ImageObject\",\"inLanguage\":\"it-IT\",\"@id\":\"https:\\\/\\\/secure.gravatar.com\\\/avatar\\\/2fcdf27c78ea025fbdb44e914cc63c72249ffec9dc8aafd5c82b26240ef3f346?s=96&d=mm&r=g\",\"url\":\"https:\\\/\\\/secure.gravatar.com\\\/avatar\\\/2fcdf27c78ea025fbdb44e914cc63c72249ffec9dc8aafd5c82b26240ef3f346?s=96&d=mm&r=g\",\"contentUrl\":\"https:\\\/\\\/secure.gravatar.com\\\/avatar\\\/2fcdf27c78ea025fbdb44e914cc63c72249ffec9dc8aafd5c82b26240ef3f346?s=96&d=mm&r=g\",\"caption\":\"Redazione\"},\"url\":\"https:\\\/\\\/www.rassegnastampa-totustuus.it\\\/cattolica\\\/author\\\/pietroelle\\\/\"}]}<\/script>\n<!-- \/ Yoast SEO plugin. -->","yoast_head_json":{"title":"Fermate il cambio di genere nei bambini - Rassegna Stampa Cattolica","description":"Fermate il cambio di genere nei bambini, no alla triptorelina; l'appello della societ\u00e0 psicoanalitica italiana","robots":{"index":"index","follow":"follow","max-snippet":"max-snippet:-1","max-image-preview":"max-image-preview:large","max-video-preview":"max-video-preview:-1"},"canonical":"https:\/\/www.rassegnastampa-totustuus.it\/cattolica\/fermate-il-cambio-di-genere-nei-bambini\/","og_locale":"it_IT","og_type":"article","og_title":"Fermate il cambio di genere nei bambini - Rassegna Stampa Cattolica","og_description":"Fermate il cambio di genere nei bambini, no alla triptorelina; l'appello della societ\u00e0 psicoanalitica italiana","og_url":"https:\/\/www.rassegnastampa-totustuus.it\/cattolica\/fermate-il-cambio-di-genere-nei-bambini\/","og_site_name":"Rassegna Stampa Cattolica","article_publisher":"https:\/\/www.facebook.com\/rassegnastampacattolica","article_published_time":"2023-01-18T23:00:37+00:00","article_modified_time":"2024-01-31T15:17:00+00:00","og_image":[{"width":300,"height":168,"url":"https:\/\/www.rassegnastampa-totustuus.it\/cattolica\/wp-content\/uploads\/2022\/11\/gender_disforia.jpg","type":"image\/jpeg"}],"author":"Redazione","twitter_card":"summary_large_image","twitter_creator":"@rassegnastampa9","twitter_site":"@rassegnastampa9","twitter_misc":{"Scritto da":"Redazione","Tempo di lettura stimato":"7 minuti"},"schema":{"@context":"https:\/\/schema.org","@graph":[{"@type":"Article","@id":"https:\/\/www.rassegnastampa-totustuus.it\/cattolica\/fermate-il-cambio-di-genere-nei-bambini\/#article","isPartOf":{"@id":"https:\/\/www.rassegnastampa-totustuus.it\/cattolica\/fermate-il-cambio-di-genere-nei-bambini\/"},"author":{"name":"Redazione","@id":"https:\/\/www.rassegnastampa-totustuus.it\/cattolica\/#\/schema\/person\/08f319d2bd1a0904ad9e2bfb7b15e5c3"},"headline":"Fermate il cambio di genere nei bambini","datePublished":"2023-01-18T23:00:37+00:00","dateModified":"2024-01-31T15:17:00+00:00","mainEntityOfPage":{"@id":"https:\/\/www.rassegnastampa-totustuus.it\/cattolica\/fermate-il-cambio-di-genere-nei-bambini\/"},"wordCount":876,"publisher":{"@id":"https:\/\/www.rassegnastampa-totustuus.it\/cattolica\/#organization"},"image":{"@id":"https:\/\/www.rassegnastampa-totustuus.it\/cattolica\/fermate-il-cambio-di-genere-nei-bambini\/#primaryimage"},"thumbnailUrl":"https:\/\/www.rassegnastampa-totustuus.it\/cattolica\/wp-content\/uploads\/2022\/11\/gender_disforia.jpg","keywords":["disforia di genere","gender"],"articleSection":["Ideologia del gender"],"inLanguage":"it-IT"},{"@type":"WebPage","@id":"https:\/\/www.rassegnastampa-totustuus.it\/cattolica\/fermate-il-cambio-di-genere-nei-bambini\/","url":"https:\/\/www.rassegnastampa-totustuus.it\/cattolica\/fermate-il-cambio-di-genere-nei-bambini\/","name":"Fermate il cambio di genere nei bambini - Rassegna Stampa Cattolica","isPartOf":{"@id":"https:\/\/www.rassegnastampa-totustuus.it\/cattolica\/#website"},"primaryImageOfPage":{"@id":"https:\/\/www.rassegnastampa-totustuus.it\/cattolica\/fermate-il-cambio-di-genere-nei-bambini\/#primaryimage"},"image":{"@id":"https:\/\/www.rassegnastampa-totustuus.it\/cattolica\/fermate-il-cambio-di-genere-nei-bambini\/#primaryimage"},"thumbnailUrl":"https:\/\/www.rassegnastampa-totustuus.it\/cattolica\/wp-content\/uploads\/2022\/11\/gender_disforia.jpg","datePublished":"2023-01-18T23:00:37+00:00","dateModified":"2024-01-31T15:17:00+00:00","description":"Fermate il cambio di genere nei bambini, no alla triptorelina; l'appello della societ\u00e0 psicoanalitica italiana","breadcrumb":{"@id":"https:\/\/www.rassegnastampa-totustuus.it\/cattolica\/fermate-il-cambio-di-genere-nei-bambini\/#breadcrumb"},"inLanguage":"it-IT","potentialAction":[{"@type":"ReadAction","target":["https:\/\/www.rassegnastampa-totustuus.it\/cattolica\/fermate-il-cambio-di-genere-nei-bambini\/"]}]},{"@type":"ImageObject","inLanguage":"it-IT","@id":"https:\/\/www.rassegnastampa-totustuus.it\/cattolica\/fermate-il-cambio-di-genere-nei-bambini\/#primaryimage","url":"https:\/\/www.rassegnastampa-totustuus.it\/cattolica\/wp-content\/uploads\/2022\/11\/gender_disforia.jpg","contentUrl":"https:\/\/www.rassegnastampa-totustuus.it\/cattolica\/wp-content\/uploads\/2022\/11\/gender_disforia.jpg","width":300,"height":168},{"@type":"BreadcrumbList","@id":"https:\/\/www.rassegnastampa-totustuus.it\/cattolica\/fermate-il-cambio-di-genere-nei-bambini\/#breadcrumb","itemListElement":[{"@type":"ListItem","position":1,"name":"Home","item":"https:\/\/www.rassegnastampa-totustuus.it\/cattolica\/"},{"@type":"ListItem","position":2,"name":"Fermate il cambio di genere nei bambini"}]},{"@type":"WebSite","@id":"https:\/\/www.rassegnastampa-totustuus.it\/cattolica\/#website","url":"https:\/\/www.rassegnastampa-totustuus.it\/cattolica\/","name":"Rassegna Stampa Cattolica","description":"Per una cultura che nasce dalla Rivelazione cristiana in conformit\u00e0 alla tradizione e al Magistero della Chiesa in opposizione ad ogni relativismo e totalitarismo","publisher":{"@id":"https:\/\/www.rassegnastampa-totustuus.it\/cattolica\/#organization"},"alternateName":"Rass. Cattolica","potentialAction":[{"@type":"SearchAction","target":{"@type":"EntryPoint","urlTemplate":"https:\/\/www.rassegnastampa-totustuus.it\/cattolica\/?s={search_term_string}"},"query-input":{"@type":"PropertyValueSpecification","valueRequired":true,"valueName":"search_term_string"}}],"inLanguage":"it-IT"},{"@type":"Organization","@id":"https:\/\/www.rassegnastampa-totustuus.it\/cattolica\/#organization","name":"Rassegna Stampa Cattolica","url":"https:\/\/www.rassegnastampa-totustuus.it\/cattolica\/","logo":{"@type":"ImageObject","inLanguage":"it-IT","@id":"https:\/\/www.rassegnastampa-totustuus.it\/cattolica\/#\/schema\/logo\/image\/","url":"https:\/\/www.rassegnastampa-totustuus.it\/cattolica\/wp-content\/uploads\/2014\/04\/logo-rassegna1.gif","contentUrl":"https:\/\/www.rassegnastampa-totustuus.it\/cattolica\/wp-content\/uploads\/2014\/04\/logo-rassegna1.gif","width":600,"height":163,"caption":"Rassegna Stampa Cattolica"},"image":{"@id":"https:\/\/www.rassegnastampa-totustuus.it\/cattolica\/#\/schema\/logo\/image\/"},"sameAs":["https:\/\/www.facebook.com\/rassegnastampacattolica","https:\/\/x.com\/rassegnastampa9"]},{"@type":"Person","@id":"https:\/\/www.rassegnastampa-totustuus.it\/cattolica\/#\/schema\/person\/08f319d2bd1a0904ad9e2bfb7b15e5c3","name":"Redazione","image":{"@type":"ImageObject","inLanguage":"it-IT","@id":"https:\/\/secure.gravatar.com\/avatar\/2fcdf27c78ea025fbdb44e914cc63c72249ffec9dc8aafd5c82b26240ef3f346?s=96&d=mm&r=g","url":"https:\/\/secure.gravatar.com\/avatar\/2fcdf27c78ea025fbdb44e914cc63c72249ffec9dc8aafd5c82b26240ef3f346?s=96&d=mm&r=g","contentUrl":"https:\/\/secure.gravatar.com\/avatar\/2fcdf27c78ea025fbdb44e914cc63c72249ffec9dc8aafd5c82b26240ef3f346?s=96&d=mm&r=g","caption":"Redazione"},"url":"https:\/\/www.rassegnastampa-totustuus.it\/cattolica\/author\/pietroelle\/"}]}},"_links":{"self":[{"href":"https:\/\/www.rassegnastampa-totustuus.it\/cattolica\/wp-json\/wp\/v2\/posts\/55470","targetHints":{"allow":["GET"]}}],"collection":[{"href":"https:\/\/www.rassegnastampa-totustuus.it\/cattolica\/wp-json\/wp\/v2\/posts"}],"about":[{"href":"https:\/\/www.rassegnastampa-totustuus.it\/cattolica\/wp-json\/wp\/v2\/types\/post"}],"author":[{"embeddable":true,"href":"https:\/\/www.rassegnastampa-totustuus.it\/cattolica\/wp-json\/wp\/v2\/users\/6"}],"replies":[{"embeddable":true,"href":"https:\/\/www.rassegnastampa-totustuus.it\/cattolica\/wp-json\/wp\/v2\/comments?post=55470"}],"version-history":[{"count":2,"href":"https:\/\/www.rassegnastampa-totustuus.it\/cattolica\/wp-json\/wp\/v2\/posts\/55470\/revisions"}],"predecessor-version":[{"id":59382,"href":"https:\/\/www.rassegnastampa-totustuus.it\/cattolica\/wp-json\/wp\/v2\/posts\/55470\/revisions\/59382"}],"wp:featuredmedia":[{"embeddable":true,"href":"https:\/\/www.rassegnastampa-totustuus.it\/cattolica\/wp-json\/wp\/v2\/media\/55090"}],"wp:attachment":[{"href":"https:\/\/www.rassegnastampa-totustuus.it\/cattolica\/wp-json\/wp\/v2\/media?parent=55470"}],"wp:term":[{"taxonomy":"category","embeddable":true,"href":"https:\/\/www.rassegnastampa-totustuus.it\/cattolica\/wp-json\/wp\/v2\/categories?post=55470"},{"taxonomy":"post_tag","embeddable":true,"href":"https:\/\/www.rassegnastampa-totustuus.it\/cattolica\/wp-json\/wp\/v2\/tags?post=55470"}],"curies":[{"name":"wp","href":"https:\/\/api.w.org\/{rel}","templated":true}]}}