{"id":55441,"date":"2023-01-12T00:00:55","date_gmt":"2023-01-11T23:00:55","guid":{"rendered":"http:\/\/www.rassegnastampa-totustuus.it\/cattolica\/?p=55441"},"modified":"2024-02-02T13:38:07","modified_gmt":"2024-02-02T12:38:07","slug":"benedetto-xvi-e-il-papa-che-ha-riconciliato-la-chiesa-in-cina","status":"publish","type":"post","link":"https:\/\/www.rassegnastampa-totustuus.it\/cattolica\/benedetto-xvi-e-il-papa-che-ha-riconciliato-la-chiesa-in-cina\/","title":{"rendered":"Benedetto XVI \u00e8 il papa che ha riconciliato la Chiesa in Cina"},"content":{"rendered":"<p style=\"text-align: center;\"><span style=\"color: #000000;\"><strong><img loading=\"lazy\" decoding=\"async\" class=\" wp-image-55442 alignleft\" src=\"https:\/\/www.rassegnastampa-totustuus.it\/cattolica\/wp-content\/uploads\/2023\/01\/Benedetto_XVI_Cina.jpg\" alt=\"\" width=\"304\" height=\"187\" \/><a href=\"https:\/\/www.tempi.it\/\" target=\"_blank\" rel=\"noopener\"><span style=\"color: #0000ff;\">Tempi <\/span><\/a><\/strong>5 gennaio 2023\u00a0<\/span><\/p>\n<p style=\"text-align: justify;\"><span style=\"color: #000000;\"><em>In un paese dominato dal materialismo, Ratzinger ha proposto l\u2019elemento spirituale come occasione di rinascita. Ha unito la Chiesa cinese con la lettera del 2007 e ha aperto al dialogo con il regime, senza fare sconti sulle persecuzioni<\/em><\/span><\/p>\n<p style=\"text-align: center;\"><span style=\"color: #000000;\">di <strong>Bernardo Cervellera<\/strong><\/span><\/p>\n<p><!--more--><\/p>\n<p style=\"text-align: justify;\"><span style=\"color: #000000;\"><img loading=\"lazy\" decoding=\"async\" class=\"size-full wp-image-35319 alignright\" src=\"https:\/\/www.rassegnastampa-totustuus.it\/cattolica\/wp-content\/uploads\/2010\/04\/Benedetto-XVI_S-Michele.jpg\" alt=\"\" width=\"183\" height=\"275\" \/>In questi giorni di lutto per la morte di Benedetto XVI siamo consolati dalla memoria del suo impegno nella Chiesa e nel mondo. \u201cL\u2019umile operaio nella vigna del Signore\u201d, come egli stesso si defin\u00ec nella messa di insediamento nel 2005, ha fatto brillare la bellezza del cristianesimo dentro una societ\u00e0 a dir poco ostile, ha permesso alla verit\u00e0 e all\u2019amore di Ges\u00f9 Cristo di suscitare speranza in tanti che dopo anni di allontanamento dalla Chiesa, si sentivano naufraghi a causa del consumismo, del potere senza scrupoli, delle morte ideologie e del disprezzo per la vita umana imperant<\/span>i.<\/p>\n<h4 style=\"text-align: center;\"><strong>Benedetto XVI ha cambiato i rapporti tra Chiesa e Cina<\/strong><\/h4>\n<p style=\"text-align: justify;\"><span style=\"color: #000000;\"><img loading=\"lazy\" decoding=\"async\" class=\" wp-image-27929 alignleft\" src=\"https:\/\/www.rassegnastampa-totustuus.it\/cattolica\/wp-content\/uploads\/2005\/11\/Cina-chiesa.jpg\" alt=\"\" width=\"303\" height=\"227\" \/>Per noi missionari nel mondo cinese, \u00e8 importante riconoscere pure il balzo che Benedetto XVI ha fatto compiere alla Chiesa nel suo sguardo verso la Cina e la Chiesa cinese. La storia dell\u2019impegno dei papi verso la Cina dura da secoli. Ma \u00e8 soprattutto nel XX secolo che essi cercano un rapporto con l\u2019impero e poi con la Repubblica di Cina, liberi dall\u2019influenza delle potenze straniere che avevano umiliato il Regno di Mezzo con guerre, invasioni, trattati ineguali. La presa di potere di Mao ha accresciuto il dolore e la persecuzione dei fedeli, ma non ha interrotto l\u2019interesse, la preghiera, la ricerca di possibilit\u00e0 di sostegno e di dialogo con il regime. Ma la risposta dall\u2019estremo oriente non \u00e8 mai venuta.<\/span><\/p>\n<p style=\"text-align: justify;\"><span style=\"color: #000000;\">Con Giovanni Paolo II sono ripresi i messaggi verso la Cina, pubblici e confidenziali (si sa di una lettera inviata dal papa polacco a Deng Xiaoping, che non ha mai ricevuto risposta), insieme alle denunce della persecuzione e alla preghiera per persecutori e perseguitati.<\/span><\/p>\n<h4 style=\"text-align: center;\"><span style=\"color: #000000;\"><strong>La rinascita religiosa della Cina<\/strong><\/span><\/h4>\n<p style=\"text-align: justify;\"><span style=\"color: #000000;\"><img loading=\"lazy\" decoding=\"async\" class=\" wp-image-27896 alignright\" src=\"https:\/\/www.rassegnastampa-totustuus.it\/cattolica\/wp-content\/uploads\/2006\/01\/Cina-cattolici.jpg\" alt=\"\" width=\"361\" height=\"240\" \/>Benedetto XVI segue la linea tracciata da Giovanni Paolo II e agli Angelus o nei discorsi parla esplicitamente della persecuzione che soffrono i cristiani in Cina. E questo non per una denuncia sterile e nevrotica, ma perch\u00e9 convinto che la libert\u00e0 religiosa \u00e8 un nucleo fondamentale per il bene di una societ\u00e0 e per la dignit\u00e0 di ogni essere umano, e quindi per il bene della Cina stessa.<\/span><\/p>\n<p style=\"text-align: justify;\"><span style=\"color: #000000;\">Negli anni 2000 la Cina \u00e8 in preda a uno sviluppo economico impressionante, con un incremento del Prodotto interno lordo (Pil) a due cifre, portando fuori dalla povert\u00e0 centinaia di milioni di cinesi e facendo diventare miliardari solo alcuni del Partito. Ma questo produce anche divisioni sociali, corruzione, espropri di terreni ai contadini (per costruire fabbriche), inquinamento delle acque dei fiumi e dei laghi, violenze verso chi mette in questione questo sviluppo cieco e anarchico.<\/span><\/p>\n<p style=\"text-align: justify;\"><span style=\"color: #000000;\"><img loading=\"lazy\" decoding=\"async\" class=\"size-full wp-image-27910 alignleft\" src=\"https:\/\/www.rassegnastampa-totustuus.it\/cattolica\/wp-content\/uploads\/2009\/04\/Cina-comitato-centrale.jpg\" alt=\"\" width=\"300\" height=\"168\" \/>In questa situazione emerge un trend nuovo: la rinascita religiosa. Molti, delusi dal capitalismo selvaggio, o dalle promesse di uguaglianza non mantenute dal partito, o perch\u00e9 abbandonati dalla societ\u00e0 ai loro problemi, scoprono che l\u2019unica cosa a dare dignit\u00e0 alla loro vita \u00e8 la fede, quella tradizionale (che Mao aveva cercato di distruggere) e quelle pi\u00f9 moderne come il cattolicesimo e il protestantesimo.<\/span><\/p>\n<p style=\"text-align: justify;\"><span style=\"color: #000000;\">Secondo alcuni intellettuali cinesi del tempo, questa rinascita potrebbe dare pi\u00f9 coesione e solidariet\u00e0 alla societ\u00e0 sfibrata e divisa, offrendo un pi\u00f9 profondo ideale di convivenza. Ma la chiusura ideologica marxista, insieme alla paura di perdere il potere, ha portato a nuove ondate di persecuzione.<\/span><\/p>\n<h4 style=\"text-align: center;\"><span style=\"color: #000000;\"><strong>La lettera di Benedetto XVI ai cattolici cinesi<\/strong><\/span><\/h4>\n<p style=\"text-align: justify;\"><span style=\"color: #000000;\"><img loading=\"lazy\" decoding=\"async\" class=\"wp-image-31016 alignright\" src=\"https:\/\/www.rassegnastampa-totustuus.it\/cattolica\/wp-content\/uploads\/2005\/07\/Diaconi_Cina.jpg\" alt=\"\" width=\"304\" height=\"228\" \/>\u00c8 in questa situazione che \u00e8 emersa la Lettera di papa Benedetto XVI ai cattolici di Cina che, pur essendo rivolta ai fedeli, suggerisce l\u2019importanza della libert\u00e0 religiosa per una societ\u00e0 cinese molto provata.<\/span><\/p>\n<p style=\"text-align: justify;\"><span style=\"color: #000000;\">Tale messaggio del papa si differenzia pure dall\u2019atteggiamento occidentale verso la Cina. L\u2019occidente e il mondo sviluppato guardano ad essa come un deposito di manodopera a basso costo e hanno fiducia che le riforme economiche basteranno a trasformare il Paese. Cos\u00ec, davanti al doppio sguardo materialista di oriente e occidente, il papa propone l\u2019elemento spirituale come occasione di rinascita e riconciliazione per il popolo cinese.<\/span><\/p>\n<h4 style=\"text-align: center;\"><strong><span style=\"color: #000000;\">L\u2019inizio della riconciliazione<\/span><\/strong><\/h4>\n<p style=\"text-align: justify;\"><span style=\"color: #000000;\"><img loading=\"lazy\" decoding=\"async\" class=\" wp-image-55443 alignleft\" src=\"https:\/\/www.rassegnastampa-totustuus.it\/cattolica\/wp-content\/uploads\/2023\/01\/Cina_chiesa.jpg\" alt=\"\" width=\"395\" height=\"232\" \/>Nella Lettera del 30 giugno 2007 la riconciliazione \u00e8<\/span> <span style=\"color: #0000ff;\"><a style=\"color: #0000ff;\" href=\"https:\/\/www.tempi.it\/blog\/nessuno-ha-mai-fatto-tanto-per-la-chiesa-in-cina-come-benedetto-xvi-ecco-perche-il-regime-lo-teme\/\" target=\"_blank\" rel=\"noopener noreferrer\"><strong>anzitutto suggerita alla Chiesa<\/strong><\/a><\/span>. <span style=\"color: #000000;\">Per decenni essa \u00e8 stata divisa fra Chiesa ufficiale, che sottost\u00e0 al controllo asfissiante del regime, e Chiesa sotterranea, non riconosciuta dal governo, pi\u00f9 libera, ma anche pi\u00f9 perseguitata. Nella Lettera Benedetto XVI si rivolge a tutti i cattolici senza precisazione, e li invita a fare passi di unit\u00e0 e collaborazione. Del resto in quegli anni, molti vescovi cinesi, pur ordinati dal governo, hanno segretamente espresso la loro sottomissione al pontefice e molte diocesi hanno organizzato nei fatti una collaborazione fruttuosa fra i due rami della Chiesa per l\u2019evangelizzazione.<\/span><\/p>\n<p style=\"text-align: justify;\"><span style=\"color: #000000;\"><img loading=\"lazy\" decoding=\"async\" class=\"size-full wp-image-42766 alignright\" src=\"https:\/\/www.rassegnastampa-totustuus.it\/cattolica\/wp-content\/uploads\/2019\/04\/stemma_Benedetto_XVI.jpg\" alt=\"\" width=\"197\" height=\"256\" \/>Nel testo della Lettera il pontefice si rivolge anche alle autorit\u00e0 del governo, augurando che ci possa essere un accordo sulle nomine dei vescovi, dato che i prelati sono personalit\u00e0 pubbliche, ma rivendica allo stesso tempo l\u2019indipendenza in campo spirituale. E proprio per difendere tale indipendenza<\/span>, <span style=\"color: #0000ff;\"><a style=\"color: #0000ff;\" href=\"https:\/\/www.tempi.it\/ecco-come-il-comunismo-crocifigge-i-cattolici-oggi-storia-del-vescovo-cinese-ma-daqin\/\" target=\"_blank\" rel=\"noopener noreferrer\"><strong>il papa rifiuta l\u2019Associazione patriottica<\/strong> <\/a><\/span><span style=\"color: #000000;\">(che gestisce la vita della Chiesa) i cui \u201cprinc\u00ecpi d\u2019indipendenza e autonomia, autogestione e amministrazione democratica della Chiesa\u201d (in pratica, sottomissione totale al potere politico e manomissione degli elementi spirituali) sono inconciliabili con la fede cattolica.<\/span><\/p>\n<p style=\"text-align: justify;\">Quasi a mostrare la buona volont\u00e0 della Chiesa al dialogo aperto e franco, il papa ha tolto il potere straordinario ai vescovi (clandestini) di nominare loro successori in segreto.<\/p>\n<h4 style=\"text-align: center;\"><strong><span style=\"color: #000000;\">Giornata mondiale di preghiera per la Cina<\/span><\/strong><\/h4>\n<p style=\"text-align: justify;\"><span style=\"color: #000000;\"><img loading=\"lazy\" decoding=\"async\" class=\" wp-image-55444 alignleft\" src=\"https:\/\/www.rassegnastampa-totustuus.it\/cattolica\/wp-content\/uploads\/2023\/01\/Cina_chiesa-1.jpg\" alt=\"\" width=\"162\" height=\"238\" \/>Per spingere tutti i cattolici a prendersi cura della Cina e della sua Chiesa, egli ha anche varato la Giornata mondiale di preghiera per la Cina, da celebrare il 24 maggio di ogni anno, festa della Madonna di Sheshan, il santuario nazionale che sorge vicino a Shanghai.<\/span> <span style=\"color: #0000ff;\"><a style=\"color: #0000ff;\" href=\"https:\/\/www.tempi.it\/blog\/oggi-il-mondo-prega-per-la-chiesa-in-cina-e-il-governo-vieta-di-andare-in-pellegrinaggio-a-sheshan\/\" target=\"_blank\" rel=\"noopener noreferrer\"><strong>La sua preghiera alla Madre di Sheshan<\/strong> <\/a><\/span><span style=\"color: #000000;\">\u00e8 una delle cose pi\u00f9 commoventi che i cattolici in Cina e nel mondo recitano per l\u2019occasione.<\/span><\/p>\n<p style=\"text-align: justify;\"><span style=\"color: #000000;\">In seguito alla Lettera, egli ha anche varato una Commissione Cina con incontri almeno semestrali in Vaticano. Con stile \u201csinodale\u201d, della Commissione fanno parte personalit\u00e0 degli uffici vaticani, ma anche vescovi cinesi da Hong Kong e Taiwan, missionari con esperienza in Cina, laici. Secondo testimoni, Benedetto XVI ascoltava tutti con attenzione e infine, con l\u2019intelligenza che gli \u00e8 propria \u2013 e il carisma di Pietro conferitogli \u2013 trovava il modo di armonizzare le tensioni inevitabili nel serrato dialogo. Un altro segno di desiderio di dialogo \u00e8 stata la<\/span> <a href=\"https:\/\/www.tempi.it\/una-santa-cattolica-o-comunista\/\"><strong><span style=\"color: #0000ff;\">nomina di p. Savio Hon a segretario di Propaganda Fid<\/span>e<\/strong><\/a>, <span style=\"color: #000000;\">prima personalit\u00e0 di etnica cinese nella gerarchia degli uffici vaticani.<\/span><\/p>\n<h4 style=\"text-align: center;\"><strong><span style=\"color: #000000;\">La risposta ostile di Pechino<\/span><\/strong><\/h4>\n<p style=\"text-align: justify;\"><span style=\"color: #000000;\"><img loading=\"lazy\" decoding=\"async\" class=\"size-medium wp-image-45938 alignright\" src=\"https:\/\/www.rassegnastampa-totustuus.it\/cattolica\/wp-content\/uploads\/2020\/01\/Cina-3-300x168.jpg\" alt=\"\" width=\"300\" height=\"168\" \/>Purtroppo, davanti a tutto questo impegno, la risposta di Pechino \u00e8 stata confusa e ostile. Alcune personalit\u00e0 del Ministero cinese degli esteri vedevano nella Lettera un buon passo per iniziare il dialogo con la Santa Sede. Ma il Fronte unito e l\u2019Associazione patriottica vedevano in essa il pericolo di una Chiesa sempre pi\u00f9 unita, che avrebbe potuto adombrare il loro potere, e hanno disprezzato la Lettera come \u201cuna cosa brutta e inutile\u201d.<\/span><\/p>\n<p style=\"text-align: justify;\"><span style=\"color: #000000;\">Gli ultimi anni del ministero di papa Benedetto XVI hanno visto proprio questi due organismi lottare a pi\u00f9 non posso contro l\u2019unit\u00e0 della Chiesa in Cina nominando vescovi senza mandato papale, obbligando altri vescovi a partecipare, sequestrando candidati all\u2019episcopato perch\u00e9 non cambiassero idea all\u2019ultimo momento.<\/span><\/p>\n<h4 style=\"text-align: center;\"><strong><span style=\"color: #000000;\">La difesa senza compromessi della libert\u00e0 religiosa<\/span><\/strong><\/h4>\n<p style=\"text-align: justify;\"><span style=\"color: #000000;\"><img loading=\"lazy\" decoding=\"async\" class=\" wp-image-40117 alignleft\" src=\"https:\/\/www.rassegnastampa-totustuus.it\/cattolica\/wp-content\/uploads\/2018\/04\/esecuzioni_Cina.jpg\" alt=\"\" width=\"315\" height=\"185\" \/>Va detto che il desiderio di dialogo con la Cina non ha mai fatto tacere il papa sulle violenze contro la libert\u00e0 religiosa e contro l\u2019uomo. Nel 2008, quando la Cina si preparava a celebrare le Olimpiadi e il suo successo internazionale (applaudita da tutto il mondo), Benedetto XVI ha espresso dolore \u201cdi padre\u201d per le violenze e le uccisioni contro i tibetani che cercavano di pubblicizzare la loro oppressiva situazione, e ha domandato \u201ctolleranza\u201d e \u201cdialogo\u201d. La risposta di Pechino aveva gi\u00e0 il sapore da \u201clupo guerriero\u201d che \u00e8 divenuto poi lo stile della diplomazia cinese sotto Xi Jinping: \u00abLa cosiddetta tolleranza non pu\u00f2 esistere per i criminali, che devono essere puniti secondo la legge\u00bb.<\/span><\/p>\n<p style=\"text-align: justify;\"><span style=\"color: #000000;\">L\u2019arrivo di papa Francesco e il suo desiderio di poter andare in Cina hanno creato le condizioni per iniziare un esile dialogo con la Repubblica popolare cinese, che hanno portato all\u2019Accordo provvisorio del 2018,<\/span> <a href=\"https:\/\/www.tempi.it\/il-vaticano-rinnova-l-accordo-con-la-cina-ma-non-e-soddisfatto\/\"><strong><span style=\"color: #0000ff;\">rinnovato per due anni e poi ancora per altri due anni<\/span><\/strong><\/a><span style=\"color: #0000ff;\">.<\/span><\/p>\n<p style=\"text-align: justify;\"><img loading=\"lazy\" decoding=\"async\" class=\"size-full wp-image-41924 alignright\" src=\"https:\/\/www.rassegnastampa-totustuus.it\/cattolica\/wp-content\/uploads\/2019\/01\/papa_Francesco.jpg\" alt=\"\" width=\"299\" height=\"168\" \/>I <span style=\"color: #0000ff;\"><a style=\"color: #0000ff;\" href=\"https:\/\/www.tempi.it\/in-cina-il-regime-usa-laccordo-con-il-vaticano-per-asservire-la-chiesa\/\" target=\"_blank\" rel=\"noopener noreferrer\"><strong>problemi seguenti all\u2019Accordo<\/strong> <\/a><\/span><span style=\"color: #000000;\">e i soprusi e le violenze sui vescovi, sui sacerdoti e sui fedeli sono innumerevoli e sono ben conosciuti dalla Segreteria di Stato e da altre personalit\u00e0 vaticane, come il card. Fernando Filoni. Per papa Francesco la via del dialogo va tenuta aperta, anche se talvolta si viene ingannati. In ogni modo, papa Francesco ha sempre affermato che la Lettera di Benedetto XVI ai cristiani della Cina \u00e8 una pietra miliare che ispira l\u2019impegno della Santa Sede verso questo grande Paese.<\/span><\/p>\n<p>___________________________________________<\/p>\n<p><span style=\"color: #000000;\"><strong>Sulla Chiesa in Cina:<\/strong><\/span><\/p>\n<p><a href=\"https:\/\/www.rassegnastampa-totustuus.it\/cattolica\/cina-il-volto-nascosto-della-chiesa\/\" target=\"_blank\" rel=\"noopener\"><span style=\"color: #0000ff;\">Cina \/ Il volto nascosto della Chiesa<\/span><\/a><\/p>\n","protected":false},"excerpt":{"rendered":"<p>Tempi 5 gennaio 2023\u00a0 In un paese dominato dal materialismo, Ratzinger ha proposto l\u2019elemento spirituale come occasione di rinascita. Ha unito la Chiesa cinese con la lettera del 2007 e ha aperto al dialogo con il regime, senza fare sconti sulle persecuzioni di Bernardo Cervellera<\/p><p><a class=\"more-link btn\" href=\"https:\/\/www.rassegnastampa-totustuus.it\/cattolica\/benedetto-xvi-e-il-papa-che-ha-riconciliato-la-chiesa-in-cina\/\">Continua a leggere<\/a><\/p>\n","protected":false},"author":6,"featured_media":55442,"comment_status":"closed","ping_status":"closed","sticky":false,"template":"","format":"standard","meta":{"footnotes":""},"categories":[110,5,56,44],"tags":[2407,157,2395,470],"class_list":["post-55441","post","type-post","status-publish","format-standard","has-post-thumbnail","hentry","category-benedetto-xvi","category-chiesa","category-cina","category-cristiani-perseguitati","tag-benedetto-xvi","tag-chiesa-2","tag-cina","tag-cristiani-perseguitati-2","item-wrap"],"yoast_head":"<!-- This site is optimized with the Yoast SEO plugin v27.5 - https:\/\/yoast.com\/product\/yoast-seo-wordpress\/ -->\n<title>Benedetto XVI \u00e8 il papa che ha riconciliato la Chiesa in Cina - Rassegna Stampa Cattolica<\/title>\n<meta name=\"description\" content=\"Benedetto XVI \u00e8 il papa che ha riconciliato la Chiesa in Cina aprendo al regime senza fare sconti sulle persecuzioni\" \/>\n<meta name=\"robots\" content=\"index, follow, max-snippet:-1, max-image-preview:large, max-video-preview:-1\" \/>\n<link rel=\"canonical\" href=\"https:\/\/www.rassegnastampa-totustuus.it\/cattolica\/benedetto-xvi-e-il-papa-che-ha-riconciliato-la-chiesa-in-cina\/\" \/>\n<meta property=\"og:locale\" content=\"it_IT\" \/>\n<meta property=\"og:type\" content=\"article\" \/>\n<meta property=\"og:title\" content=\"Benedetto XVI \u00e8 il papa che ha riconciliato la Chiesa in Cina - Rassegna Stampa Cattolica\" \/>\n<meta property=\"og:description\" content=\"Benedetto XVI \u00e8 il papa che ha riconciliato la Chiesa in Cina aprendo al regime senza fare sconti sulle persecuzioni\" \/>\n<meta property=\"og:url\" content=\"https:\/\/www.rassegnastampa-totustuus.it\/cattolica\/benedetto-xvi-e-il-papa-che-ha-riconciliato-la-chiesa-in-cina\/\" \/>\n<meta property=\"og:site_name\" content=\"Rassegna Stampa Cattolica\" \/>\n<meta property=\"article:publisher\" content=\"https:\/\/www.facebook.com\/rassegnastampacattolica\" \/>\n<meta property=\"article:published_time\" content=\"2023-01-11T23:00:55+00:00\" \/>\n<meta property=\"article:modified_time\" content=\"2024-02-02T12:38:07+00:00\" \/>\n<meta property=\"og:image\" content=\"https:\/\/www.rassegnastampa-totustuus.it\/cattolica\/wp-content\/uploads\/2023\/01\/Benedetto_XVI_Cina.jpg\" \/>\n\t<meta property=\"og:image:width\" content=\"286\" \/>\n\t<meta property=\"og:image:height\" content=\"176\" \/>\n\t<meta property=\"og:image:type\" content=\"image\/jpeg\" \/>\n<meta name=\"author\" content=\"Redazione\" \/>\n<meta name=\"twitter:card\" content=\"summary_large_image\" \/>\n<meta name=\"twitter:creator\" content=\"@rassegnastampa9\" \/>\n<meta name=\"twitter:site\" content=\"@rassegnastampa9\" \/>\n<meta name=\"twitter:label1\" content=\"Scritto da\" \/>\n\t<meta name=\"twitter:data1\" content=\"Redazione\" \/>\n\t<meta name=\"twitter:label2\" content=\"Tempo di lettura stimato\" \/>\n\t<meta name=\"twitter:data2\" content=\"11 minuti\" \/>\n<script type=\"application\/ld+json\" class=\"yoast-schema-graph\">{\"@context\":\"https:\\\/\\\/schema.org\",\"@graph\":[{\"@type\":\"Article\",\"@id\":\"https:\\\/\\\/www.rassegnastampa-totustuus.it\\\/cattolica\\\/benedetto-xvi-e-il-papa-che-ha-riconciliato-la-chiesa-in-cina\\\/#article\",\"isPartOf\":{\"@id\":\"https:\\\/\\\/www.rassegnastampa-totustuus.it\\\/cattolica\\\/benedetto-xvi-e-il-papa-che-ha-riconciliato-la-chiesa-in-cina\\\/\"},\"author\":{\"name\":\"Redazione\",\"@id\":\"https:\\\/\\\/www.rassegnastampa-totustuus.it\\\/cattolica\\\/#\\\/schema\\\/person\\\/08f319d2bd1a0904ad9e2bfb7b15e5c3\"},\"headline\":\"Benedetto XVI \u00e8 il papa che ha riconciliato la Chiesa in Cina\",\"datePublished\":\"2023-01-11T23:00:55+00:00\",\"dateModified\":\"2024-02-02T12:38:07+00:00\",\"mainEntityOfPage\":{\"@id\":\"https:\\\/\\\/www.rassegnastampa-totustuus.it\\\/cattolica\\\/benedetto-xvi-e-il-papa-che-ha-riconciliato-la-chiesa-in-cina\\\/\"},\"wordCount\":1485,\"publisher\":{\"@id\":\"https:\\\/\\\/www.rassegnastampa-totustuus.it\\\/cattolica\\\/#organization\"},\"image\":{\"@id\":\"https:\\\/\\\/www.rassegnastampa-totustuus.it\\\/cattolica\\\/benedetto-xvi-e-il-papa-che-ha-riconciliato-la-chiesa-in-cina\\\/#primaryimage\"},\"thumbnailUrl\":\"https:\\\/\\\/www.rassegnastampa-totustuus.it\\\/cattolica\\\/wp-content\\\/uploads\\\/2023\\\/01\\\/Benedetto_XVI_Cina.jpg\",\"keywords\":[\"Benedetto XVI\",\"chiesa\",\"Cina\",\"cristiani perseguitati\"],\"articleSection\":[\"Benedetto XVI\",\"Chiesa\",\"Cina\",\"Cristiani perseguitati\"],\"inLanguage\":\"it-IT\"},{\"@type\":\"WebPage\",\"@id\":\"https:\\\/\\\/www.rassegnastampa-totustuus.it\\\/cattolica\\\/benedetto-xvi-e-il-papa-che-ha-riconciliato-la-chiesa-in-cina\\\/\",\"url\":\"https:\\\/\\\/www.rassegnastampa-totustuus.it\\\/cattolica\\\/benedetto-xvi-e-il-papa-che-ha-riconciliato-la-chiesa-in-cina\\\/\",\"name\":\"Benedetto XVI \u00e8 il papa che ha riconciliato la Chiesa in Cina - Rassegna Stampa Cattolica\",\"isPartOf\":{\"@id\":\"https:\\\/\\\/www.rassegnastampa-totustuus.it\\\/cattolica\\\/#website\"},\"primaryImageOfPage\":{\"@id\":\"https:\\\/\\\/www.rassegnastampa-totustuus.it\\\/cattolica\\\/benedetto-xvi-e-il-papa-che-ha-riconciliato-la-chiesa-in-cina\\\/#primaryimage\"},\"image\":{\"@id\":\"https:\\\/\\\/www.rassegnastampa-totustuus.it\\\/cattolica\\\/benedetto-xvi-e-il-papa-che-ha-riconciliato-la-chiesa-in-cina\\\/#primaryimage\"},\"thumbnailUrl\":\"https:\\\/\\\/www.rassegnastampa-totustuus.it\\\/cattolica\\\/wp-content\\\/uploads\\\/2023\\\/01\\\/Benedetto_XVI_Cina.jpg\",\"datePublished\":\"2023-01-11T23:00:55+00:00\",\"dateModified\":\"2024-02-02T12:38:07+00:00\",\"description\":\"Benedetto XVI \u00e8 il papa che ha riconciliato la Chiesa in Cina aprendo al regime senza fare sconti sulle persecuzioni\",\"breadcrumb\":{\"@id\":\"https:\\\/\\\/www.rassegnastampa-totustuus.it\\\/cattolica\\\/benedetto-xvi-e-il-papa-che-ha-riconciliato-la-chiesa-in-cina\\\/#breadcrumb\"},\"inLanguage\":\"it-IT\",\"potentialAction\":[{\"@type\":\"ReadAction\",\"target\":[\"https:\\\/\\\/www.rassegnastampa-totustuus.it\\\/cattolica\\\/benedetto-xvi-e-il-papa-che-ha-riconciliato-la-chiesa-in-cina\\\/\"]}]},{\"@type\":\"ImageObject\",\"inLanguage\":\"it-IT\",\"@id\":\"https:\\\/\\\/www.rassegnastampa-totustuus.it\\\/cattolica\\\/benedetto-xvi-e-il-papa-che-ha-riconciliato-la-chiesa-in-cina\\\/#primaryimage\",\"url\":\"https:\\\/\\\/www.rassegnastampa-totustuus.it\\\/cattolica\\\/wp-content\\\/uploads\\\/2023\\\/01\\\/Benedetto_XVI_Cina.jpg\",\"contentUrl\":\"https:\\\/\\\/www.rassegnastampa-totustuus.it\\\/cattolica\\\/wp-content\\\/uploads\\\/2023\\\/01\\\/Benedetto_XVI_Cina.jpg\",\"width\":286,\"height\":176},{\"@type\":\"BreadcrumbList\",\"@id\":\"https:\\\/\\\/www.rassegnastampa-totustuus.it\\\/cattolica\\\/benedetto-xvi-e-il-papa-che-ha-riconciliato-la-chiesa-in-cina\\\/#breadcrumb\",\"itemListElement\":[{\"@type\":\"ListItem\",\"position\":1,\"name\":\"Home\",\"item\":\"https:\\\/\\\/www.rassegnastampa-totustuus.it\\\/cattolica\\\/\"},{\"@type\":\"ListItem\",\"position\":2,\"name\":\"Benedetto XVI \u00e8 il papa che ha riconciliato la Chiesa in Cina\"}]},{\"@type\":\"WebSite\",\"@id\":\"https:\\\/\\\/www.rassegnastampa-totustuus.it\\\/cattolica\\\/#website\",\"url\":\"https:\\\/\\\/www.rassegnastampa-totustuus.it\\\/cattolica\\\/\",\"name\":\"Rassegna Stampa Cattolica\",\"description\":\"Per una cultura che nasce dalla Rivelazione cristiana in conformit\u00e0 alla tradizione e al Magistero della Chiesa in opposizione ad ogni relativismo e totalitarismo\",\"publisher\":{\"@id\":\"https:\\\/\\\/www.rassegnastampa-totustuus.it\\\/cattolica\\\/#organization\"},\"alternateName\":\"Rass. Cattolica\",\"potentialAction\":[{\"@type\":\"SearchAction\",\"target\":{\"@type\":\"EntryPoint\",\"urlTemplate\":\"https:\\\/\\\/www.rassegnastampa-totustuus.it\\\/cattolica\\\/?s={search_term_string}\"},\"query-input\":{\"@type\":\"PropertyValueSpecification\",\"valueRequired\":true,\"valueName\":\"search_term_string\"}}],\"inLanguage\":\"it-IT\"},{\"@type\":\"Organization\",\"@id\":\"https:\\\/\\\/www.rassegnastampa-totustuus.it\\\/cattolica\\\/#organization\",\"name\":\"Rassegna Stampa Cattolica\",\"url\":\"https:\\\/\\\/www.rassegnastampa-totustuus.it\\\/cattolica\\\/\",\"logo\":{\"@type\":\"ImageObject\",\"inLanguage\":\"it-IT\",\"@id\":\"https:\\\/\\\/www.rassegnastampa-totustuus.it\\\/cattolica\\\/#\\\/schema\\\/logo\\\/image\\\/\",\"url\":\"https:\\\/\\\/www.rassegnastampa-totustuus.it\\\/cattolica\\\/wp-content\\\/uploads\\\/2014\\\/04\\\/logo-rassegna1.gif\",\"contentUrl\":\"https:\\\/\\\/www.rassegnastampa-totustuus.it\\\/cattolica\\\/wp-content\\\/uploads\\\/2014\\\/04\\\/logo-rassegna1.gif\",\"width\":600,\"height\":163,\"caption\":\"Rassegna Stampa Cattolica\"},\"image\":{\"@id\":\"https:\\\/\\\/www.rassegnastampa-totustuus.it\\\/cattolica\\\/#\\\/schema\\\/logo\\\/image\\\/\"},\"sameAs\":[\"https:\\\/\\\/www.facebook.com\\\/rassegnastampacattolica\",\"https:\\\/\\\/x.com\\\/rassegnastampa9\"]},{\"@type\":\"Person\",\"@id\":\"https:\\\/\\\/www.rassegnastampa-totustuus.it\\\/cattolica\\\/#\\\/schema\\\/person\\\/08f319d2bd1a0904ad9e2bfb7b15e5c3\",\"name\":\"Redazione\",\"image\":{\"@type\":\"ImageObject\",\"inLanguage\":\"it-IT\",\"@id\":\"https:\\\/\\\/secure.gravatar.com\\\/avatar\\\/2fcdf27c78ea025fbdb44e914cc63c72249ffec9dc8aafd5c82b26240ef3f346?s=96&d=mm&r=g\",\"url\":\"https:\\\/\\\/secure.gravatar.com\\\/avatar\\\/2fcdf27c78ea025fbdb44e914cc63c72249ffec9dc8aafd5c82b26240ef3f346?s=96&d=mm&r=g\",\"contentUrl\":\"https:\\\/\\\/secure.gravatar.com\\\/avatar\\\/2fcdf27c78ea025fbdb44e914cc63c72249ffec9dc8aafd5c82b26240ef3f346?s=96&d=mm&r=g\",\"caption\":\"Redazione\"},\"url\":\"https:\\\/\\\/www.rassegnastampa-totustuus.it\\\/cattolica\\\/author\\\/pietroelle\\\/\"}]}<\/script>\n<!-- \/ Yoast SEO plugin. -->","yoast_head_json":{"title":"Benedetto XVI \u00e8 il papa che ha riconciliato la Chiesa in Cina - Rassegna Stampa Cattolica","description":"Benedetto XVI \u00e8 il papa che ha riconciliato la Chiesa in Cina aprendo al regime senza fare sconti sulle persecuzioni","robots":{"index":"index","follow":"follow","max-snippet":"max-snippet:-1","max-image-preview":"max-image-preview:large","max-video-preview":"max-video-preview:-1"},"canonical":"https:\/\/www.rassegnastampa-totustuus.it\/cattolica\/benedetto-xvi-e-il-papa-che-ha-riconciliato-la-chiesa-in-cina\/","og_locale":"it_IT","og_type":"article","og_title":"Benedetto XVI \u00e8 il papa che ha riconciliato la Chiesa in Cina - Rassegna Stampa Cattolica","og_description":"Benedetto XVI \u00e8 il papa che ha riconciliato la Chiesa in Cina aprendo al regime senza fare sconti sulle persecuzioni","og_url":"https:\/\/www.rassegnastampa-totustuus.it\/cattolica\/benedetto-xvi-e-il-papa-che-ha-riconciliato-la-chiesa-in-cina\/","og_site_name":"Rassegna Stampa Cattolica","article_publisher":"https:\/\/www.facebook.com\/rassegnastampacattolica","article_published_time":"2023-01-11T23:00:55+00:00","article_modified_time":"2024-02-02T12:38:07+00:00","og_image":[{"width":286,"height":176,"url":"https:\/\/www.rassegnastampa-totustuus.it\/cattolica\/wp-content\/uploads\/2023\/01\/Benedetto_XVI_Cina.jpg","type":"image\/jpeg"}],"author":"Redazione","twitter_card":"summary_large_image","twitter_creator":"@rassegnastampa9","twitter_site":"@rassegnastampa9","twitter_misc":{"Scritto da":"Redazione","Tempo di lettura stimato":"11 minuti"},"schema":{"@context":"https:\/\/schema.org","@graph":[{"@type":"Article","@id":"https:\/\/www.rassegnastampa-totustuus.it\/cattolica\/benedetto-xvi-e-il-papa-che-ha-riconciliato-la-chiesa-in-cina\/#article","isPartOf":{"@id":"https:\/\/www.rassegnastampa-totustuus.it\/cattolica\/benedetto-xvi-e-il-papa-che-ha-riconciliato-la-chiesa-in-cina\/"},"author":{"name":"Redazione","@id":"https:\/\/www.rassegnastampa-totustuus.it\/cattolica\/#\/schema\/person\/08f319d2bd1a0904ad9e2bfb7b15e5c3"},"headline":"Benedetto XVI \u00e8 il papa che ha riconciliato la Chiesa in Cina","datePublished":"2023-01-11T23:00:55+00:00","dateModified":"2024-02-02T12:38:07+00:00","mainEntityOfPage":{"@id":"https:\/\/www.rassegnastampa-totustuus.it\/cattolica\/benedetto-xvi-e-il-papa-che-ha-riconciliato-la-chiesa-in-cina\/"},"wordCount":1485,"publisher":{"@id":"https:\/\/www.rassegnastampa-totustuus.it\/cattolica\/#organization"},"image":{"@id":"https:\/\/www.rassegnastampa-totustuus.it\/cattolica\/benedetto-xvi-e-il-papa-che-ha-riconciliato-la-chiesa-in-cina\/#primaryimage"},"thumbnailUrl":"https:\/\/www.rassegnastampa-totustuus.it\/cattolica\/wp-content\/uploads\/2023\/01\/Benedetto_XVI_Cina.jpg","keywords":["Benedetto XVI","chiesa","Cina","cristiani perseguitati"],"articleSection":["Benedetto XVI","Chiesa","Cina","Cristiani perseguitati"],"inLanguage":"it-IT"},{"@type":"WebPage","@id":"https:\/\/www.rassegnastampa-totustuus.it\/cattolica\/benedetto-xvi-e-il-papa-che-ha-riconciliato-la-chiesa-in-cina\/","url":"https:\/\/www.rassegnastampa-totustuus.it\/cattolica\/benedetto-xvi-e-il-papa-che-ha-riconciliato-la-chiesa-in-cina\/","name":"Benedetto XVI \u00e8 il papa che ha riconciliato la Chiesa in Cina - Rassegna Stampa Cattolica","isPartOf":{"@id":"https:\/\/www.rassegnastampa-totustuus.it\/cattolica\/#website"},"primaryImageOfPage":{"@id":"https:\/\/www.rassegnastampa-totustuus.it\/cattolica\/benedetto-xvi-e-il-papa-che-ha-riconciliato-la-chiesa-in-cina\/#primaryimage"},"image":{"@id":"https:\/\/www.rassegnastampa-totustuus.it\/cattolica\/benedetto-xvi-e-il-papa-che-ha-riconciliato-la-chiesa-in-cina\/#primaryimage"},"thumbnailUrl":"https:\/\/www.rassegnastampa-totustuus.it\/cattolica\/wp-content\/uploads\/2023\/01\/Benedetto_XVI_Cina.jpg","datePublished":"2023-01-11T23:00:55+00:00","dateModified":"2024-02-02T12:38:07+00:00","description":"Benedetto XVI \u00e8 il papa che ha riconciliato la Chiesa in Cina aprendo al regime senza fare sconti sulle persecuzioni","breadcrumb":{"@id":"https:\/\/www.rassegnastampa-totustuus.it\/cattolica\/benedetto-xvi-e-il-papa-che-ha-riconciliato-la-chiesa-in-cina\/#breadcrumb"},"inLanguage":"it-IT","potentialAction":[{"@type":"ReadAction","target":["https:\/\/www.rassegnastampa-totustuus.it\/cattolica\/benedetto-xvi-e-il-papa-che-ha-riconciliato-la-chiesa-in-cina\/"]}]},{"@type":"ImageObject","inLanguage":"it-IT","@id":"https:\/\/www.rassegnastampa-totustuus.it\/cattolica\/benedetto-xvi-e-il-papa-che-ha-riconciliato-la-chiesa-in-cina\/#primaryimage","url":"https:\/\/www.rassegnastampa-totustuus.it\/cattolica\/wp-content\/uploads\/2023\/01\/Benedetto_XVI_Cina.jpg","contentUrl":"https:\/\/www.rassegnastampa-totustuus.it\/cattolica\/wp-content\/uploads\/2023\/01\/Benedetto_XVI_Cina.jpg","width":286,"height":176},{"@type":"BreadcrumbList","@id":"https:\/\/www.rassegnastampa-totustuus.it\/cattolica\/benedetto-xvi-e-il-papa-che-ha-riconciliato-la-chiesa-in-cina\/#breadcrumb","itemListElement":[{"@type":"ListItem","position":1,"name":"Home","item":"https:\/\/www.rassegnastampa-totustuus.it\/cattolica\/"},{"@type":"ListItem","position":2,"name":"Benedetto XVI \u00e8 il papa che ha riconciliato la Chiesa in Cina"}]},{"@type":"WebSite","@id":"https:\/\/www.rassegnastampa-totustuus.it\/cattolica\/#website","url":"https:\/\/www.rassegnastampa-totustuus.it\/cattolica\/","name":"Rassegna Stampa Cattolica","description":"Per una cultura che nasce dalla Rivelazione cristiana in conformit\u00e0 alla tradizione e al Magistero della Chiesa in opposizione ad ogni relativismo e totalitarismo","publisher":{"@id":"https:\/\/www.rassegnastampa-totustuus.it\/cattolica\/#organization"},"alternateName":"Rass. Cattolica","potentialAction":[{"@type":"SearchAction","target":{"@type":"EntryPoint","urlTemplate":"https:\/\/www.rassegnastampa-totustuus.it\/cattolica\/?s={search_term_string}"},"query-input":{"@type":"PropertyValueSpecification","valueRequired":true,"valueName":"search_term_string"}}],"inLanguage":"it-IT"},{"@type":"Organization","@id":"https:\/\/www.rassegnastampa-totustuus.it\/cattolica\/#organization","name":"Rassegna Stampa Cattolica","url":"https:\/\/www.rassegnastampa-totustuus.it\/cattolica\/","logo":{"@type":"ImageObject","inLanguage":"it-IT","@id":"https:\/\/www.rassegnastampa-totustuus.it\/cattolica\/#\/schema\/logo\/image\/","url":"https:\/\/www.rassegnastampa-totustuus.it\/cattolica\/wp-content\/uploads\/2014\/04\/logo-rassegna1.gif","contentUrl":"https:\/\/www.rassegnastampa-totustuus.it\/cattolica\/wp-content\/uploads\/2014\/04\/logo-rassegna1.gif","width":600,"height":163,"caption":"Rassegna Stampa Cattolica"},"image":{"@id":"https:\/\/www.rassegnastampa-totustuus.it\/cattolica\/#\/schema\/logo\/image\/"},"sameAs":["https:\/\/www.facebook.com\/rassegnastampacattolica","https:\/\/x.com\/rassegnastampa9"]},{"@type":"Person","@id":"https:\/\/www.rassegnastampa-totustuus.it\/cattolica\/#\/schema\/person\/08f319d2bd1a0904ad9e2bfb7b15e5c3","name":"Redazione","image":{"@type":"ImageObject","inLanguage":"it-IT","@id":"https:\/\/secure.gravatar.com\/avatar\/2fcdf27c78ea025fbdb44e914cc63c72249ffec9dc8aafd5c82b26240ef3f346?s=96&d=mm&r=g","url":"https:\/\/secure.gravatar.com\/avatar\/2fcdf27c78ea025fbdb44e914cc63c72249ffec9dc8aafd5c82b26240ef3f346?s=96&d=mm&r=g","contentUrl":"https:\/\/secure.gravatar.com\/avatar\/2fcdf27c78ea025fbdb44e914cc63c72249ffec9dc8aafd5c82b26240ef3f346?s=96&d=mm&r=g","caption":"Redazione"},"url":"https:\/\/www.rassegnastampa-totustuus.it\/cattolica\/author\/pietroelle\/"}]}},"_links":{"self":[{"href":"https:\/\/www.rassegnastampa-totustuus.it\/cattolica\/wp-json\/wp\/v2\/posts\/55441","targetHints":{"allow":["GET"]}}],"collection":[{"href":"https:\/\/www.rassegnastampa-totustuus.it\/cattolica\/wp-json\/wp\/v2\/posts"}],"about":[{"href":"https:\/\/www.rassegnastampa-totustuus.it\/cattolica\/wp-json\/wp\/v2\/types\/post"}],"author":[{"embeddable":true,"href":"https:\/\/www.rassegnastampa-totustuus.it\/cattolica\/wp-json\/wp\/v2\/users\/6"}],"replies":[{"embeddable":true,"href":"https:\/\/www.rassegnastampa-totustuus.it\/cattolica\/wp-json\/wp\/v2\/comments?post=55441"}],"version-history":[{"count":2,"href":"https:\/\/www.rassegnastampa-totustuus.it\/cattolica\/wp-json\/wp\/v2\/posts\/55441\/revisions"}],"predecessor-version":[{"id":59409,"href":"https:\/\/www.rassegnastampa-totustuus.it\/cattolica\/wp-json\/wp\/v2\/posts\/55441\/revisions\/59409"}],"wp:featuredmedia":[{"embeddable":true,"href":"https:\/\/www.rassegnastampa-totustuus.it\/cattolica\/wp-json\/wp\/v2\/media\/55442"}],"wp:attachment":[{"href":"https:\/\/www.rassegnastampa-totustuus.it\/cattolica\/wp-json\/wp\/v2\/media?parent=55441"}],"wp:term":[{"taxonomy":"category","embeddable":true,"href":"https:\/\/www.rassegnastampa-totustuus.it\/cattolica\/wp-json\/wp\/v2\/categories?post=55441"},{"taxonomy":"post_tag","embeddable":true,"href":"https:\/\/www.rassegnastampa-totustuus.it\/cattolica\/wp-json\/wp\/v2\/tags?post=55441"}],"curies":[{"name":"wp","href":"https:\/\/api.w.org\/{rel}","templated":true}]}}