{"id":55428,"date":"2023-01-12T00:00:40","date_gmt":"2023-01-11T23:00:40","guid":{"rendered":"http:\/\/www.rassegnastampa-totustuus.it\/cattolica\/?p=55428"},"modified":"2024-02-05T12:46:18","modified_gmt":"2024-02-05T11:46:18","slug":"la-brutta-eredita-del-brutalismo-in-architettura","status":"publish","type":"post","link":"https:\/\/www.rassegnastampa-totustuus.it\/cattolica\/la-brutta-eredita-del-brutalismo-in-architettura\/","title":{"rendered":"La brutta eredit\u00e0 del brutalismo in architettura"},"content":{"rendered":"<p><img loading=\"lazy\" decoding=\"async\" class=\"wp-image-55429 size-medium alignright\" src=\"https:\/\/www.rassegnastampa-totustuus.it\/cattolica\/wp-content\/uploads\/2023\/01\/architettura_brutalismo-300x189.jpg\" alt=\"\" width=\"300\" height=\"189\" srcset=\"https:\/\/www.rassegnastampa-totustuus.it\/cattolica\/wp-content\/uploads\/2023\/01\/architettura_brutalismo-300x189.jpg 300w, https:\/\/www.rassegnastampa-totustuus.it\/cattolica\/wp-content\/uploads\/2023\/01\/architettura_brutalismo.jpg 342w\" sizes=\"auto, (max-width: 300px) 100vw, 300px\" \/><\/p>\n<p style=\"text-align: justify;\"><span style=\"color: #000000;\"><strong>Abstract: <\/strong><em>la brutta eredit\u00e0 del brutalismo in architettura. La societ\u00e0 &#8220;woke&#8221;, sempre pi\u00f9 totalitaria, ha bisogno di uno stile architettonico che esprima la sua bruttezza repressiva e la sua filosofia di lotta di classe. Il \u201cbrutalismo\u201d potrebbe essere la scelta giusta.<\/em><\/span><\/p>\n<p><!--more--><\/p>\n<p style=\"text-align: center;\"><span style=\"color: #000000;\"><a href=\"https:\/\/www.tfp.org\/\" target=\"_blank\" rel=\"noopener\"><span style=\"color: #0000ff;\"><strong>Tradizione famiglia propriet\u00e0 <\/strong><\/span><\/a>newsletter 5 Gennaio 2023\u00a0<\/span><\/p>\n<h3 style=\"text-align: center;\">Oppressione per il corpo e distruzione per l&#8217;anima:<\/h3>\n<h3 style=\"text-align: center;\">la brutta eredit\u00e0 del brutalismo<\/h3>\n<p style=\"text-align: center;\"><span style=\"color: #000000;\"> di <strong>Edwin Benson<\/strong> <\/span><\/p>\n<p style=\"text-align: JUSTIFY;\"><span style=\"color: #000000;\">La societ\u00e0 &#8220;woke&#8221;, sempre pi\u00f9 totalitaria, ha bisogno di uno stile architettonico che esprima la sua bruttezza repressiva e la sua filosofia di lotta di classe. Il \u201cbrutalismo\u201d<sup>1<\/sup> potrebbe essere la scelta giusta.<\/span><\/p>\n<p style=\"text-align: JUSTIFY;\"><span style=\"color: #000000;\">I rivoluzionari amano manipolare le parole, spesso &#8220;centrifugandole&#8221; in significati apparentemente semplici ma relativamente oscuri. Si pensi, ad esempio, all&#8217;uso improprio che fanno di termini come &#8220;accompagnamento&#8221;, &#8220;giustizia sociale&#8221; o addirittura &#8220;woke&#8221;. Ma non \u00e8 questo il caso dello stile architettonico noto come &#8220;brutalismo&#8221;.<\/span><\/p>\n<h4 style=\"text-align: center;\"><span style=\"color: #000000;\"><strong>L&#8217;architettura della disperazione<\/strong><\/span><\/h4>\n<p style=\"text-align: JUSTIFY;\"><span style=\"color: #000000;\"><img loading=\"lazy\" decoding=\"async\" class=\" wp-image-55430 alignleft\" src=\"https:\/\/www.rassegnastampa-totustuus.it\/cattolica\/wp-content\/uploads\/2023\/01\/architettura_brutalismo-1.jpg\" alt=\"\" width=\"312\" height=\"207\" \/>I dizionari definiscono l\u2019aggettivo brutale come freddo, duro, severo, sgradevole e privo di sensibilit\u00e0. Si parla di brutalismo come di &#8220;uno stile nell&#8217;arte e specialmente nell&#8217;architettura che usa l&#8217;esagerazione e la distorsione per creare un effetto (come quello della massivit\u00e0 o della potenza)&#8221;. (Dizionario Merriam-Webster)<\/span><\/p>\n<p style=\"text-align: JUSTIFY;\"><span style=\"color: #000000;\">Sebbene molti non conoscano questa parola, ben pochi sono quelli sfuggiti alle strutture brutaliste. Un attimo di riflessione probabilmente porr\u00e0 fine al mistero. Chiunque immagini un edificio freddo, duro, severo e sgradevole probabilmente immagina una struttura brutalista.<\/span><\/p>\n<p style=\"text-align: JUSTIFY;\"><span style=\"color: #000000;\">Quando si parla di uno stile di costruzione, gli architetti parlano spesso di &#8220;elementi&#8221; tipici. Talvolta possono mancare alcuni singoli elementi, ma la maggior parte di essi compare in uno stile determinato. Gli elementi del brutalismo sono i seguenti:<\/span><\/p>\n<ul>\n<li style=\"text-align: JUSTIFY;\"><span style=\"color: #000000;\">\u00a0Massiccio<\/span><\/li>\n<li style=\"text-align: JUSTIFY;\"><span style=\"color: #000000;\">Costruito principalmente in un grezzo cemento armato non verniciato.<\/span><\/li>\n<li style=\"text-align: JUSTIFY;\"><span style=\"color: #000000;\">Pareti rudimentali e non rifinite<\/span><\/li>\n<li style=\"text-align: JUSTIFY;\"><span style=\"color: #000000;\">Meccanica strutturale esposta, spesso travi, condotte e tubi.<\/span><\/li>\n<li style=\"text-align: JUSTIFY;\"><span style=\"color: #000000;\">Forme irregolari<\/span><\/li>\n<li style=\"text-align: JUSTIFY;\"><span style=\"color: #000000;\">Mancanza di ornamenti<\/span><\/li>\n<li style=\"text-align: JUSTIFY;\"><span style=\"color: #000000;\">Uso limitato minimo del colore<\/span><\/li>\n<li style=\"text-align: JUSTIFY;\"><span style=\"color: #000000;\">Radicalmente utilitaristico<\/span><\/li>\n<li style=\"text-align: JUSTIFY;\"><span style=\"color: #000000;\">Elementi modulari che potrebbero essere stati costruiti altrove e portati sul sito.<\/span><\/li>\n<\/ul>\n<p style=\"text-align: JUSTIFY;\"><span style=\"color: #000000;\">Ironicamente, il termine brutalismo non si riferisce all&#8217;assalto ai sensi che molti di questi edifici rappresentano. Deriva dall&#8217;espressione francese che indica il cemento grezzo, &#8220;b\u00e9ton brut&#8221;.<\/span><\/p>\n<h4 style=\"text-align: center;\"><span style=\"color: #000000;\"><strong>L&#8217;onnipresente brutalit\u00e0<\/strong><\/span><\/h4>\n<p style=\"text-align: JUSTIFY;\"><span style=\"color: #000000;\">Purtroppo gli esempi di brutalismo abbondano. Tra il 1960 e il 1980, molti funzionari pubblici e imprese abbracciarono con passione questo stile. La sua massivit\u00e0 e l&#8217;espressione di utilit\u00e0 implicano il potere schiacciante dell&#8217;edificio che riduce gli individui a un senso di chiusura, insignificanza e disagio.<\/span><\/p>\n<p style=\"text-align: JUSTIFY;\"><span style=\"color: #000000;\">Un&#8217;ispirazione per questo articolo \u00e8 stata la recensione dell\u2019autobiografia <em>Se i muri potessero parlare <\/em>di Moshe Safdie, uno dei principali architetti brutalisti. Safdie apr\u00ec il suo studio di architettura nel 1964, dopo essersi laureato all&#8217;Universit\u00e0 canadese McGill. Il mondo dell&#8217;architettura si accorse di lui nel 1967, quando il suo palazzo <strong>Habitat &#8217;67<\/strong> di dodici piani fu esposto all&#8217;Esposizione Universale di Montreal di quell&#8217;anno.<\/span><\/p>\n<h4 style=\"text-align: center;\"><span style=\"color: #000000;\"><strong>Una versione orribile del futuro<\/strong><\/span><\/h4>\n<div id=\"attachment_55432\" style=\"width: 315px\" class=\"wp-caption alignleft\"><img loading=\"lazy\" decoding=\"async\" aria-describedby=\"caption-attachment-55432\" class=\"wp-image-55432 \" src=\"https:\/\/www.rassegnastampa-totustuus.it\/cattolica\/wp-content\/uploads\/2023\/01\/architettura_brutalismo-3.jpg\" alt=\"\" width=\"315\" height=\"236\" \/><p id=\"caption-attachment-55432\" class=\"wp-caption-text\">Habitat &#8217;67<\/p><\/div>\n<p style=\"text-align: JUSTIFY;\"><span style=\"color: #000000;\">Habitat &#8217;67 \u00e8 costituito da moduli identici prefabbricati in cemento armato collegati tra loro senza alcuno schema apparente, costituendo una rivoluzione contro ogni precedente regola dell&#8217;architettura. Il libro sopra citato ne descrive il significato.<\/span><\/p>\n<p style=\"text-align: JUSTIFY;\"><span style=\"color: #000000;\">&#8220;Safdie prese 354 moduli prefabbricati in cemento e li raggrupp\u00f2 insieme&#8230;. Sfid\u00f2 l&#8217;idea che un edificio fosse un oggetto con una forma distinta; qui non c&#8217;era alcuna linea formale, ma solo un agglomerato&#8230;. Habitat &#8217;67 abol\u00ec di fatto il tradizionale spazio stradale e forse, se portato alla sua logica conclusione, la citt\u00e0 stessa. Anticip\u00f2 un futuro in cui l&#8217;abitazione umana stessa avrebbe potuto essere trasformata, in cui non si sarebbe pi\u00f9 pensato in termini di edifici e stanze, ma di <em>celle e capsule<\/em>&#8220;. (corsivo aggiunto).<\/span><\/p>\n<p style=\"text-align: JUSTIFY;\"><span style=\"color: #000000;\">In effetti, Habitat &#8217;67 ha infranto le regole per il gusto di infrangerle. Ancora oggi in piedi, l&#8217;edificio immerge l&#8217;osservatore in un mare di disarmonia. \u00c8 un&#8217;espressione architettonica che riflette bene i caotici anni Sessanta e Settanta, che furono come si sa un focolaio di rivoluzion<\/span>e.<\/p>\n<h4 style=\"text-align: center;\"><span style=\"color: #000000;\"><strong>Un segno dei tempi<\/strong><\/span><\/h4>\n<p style=\"text-align: JUSTIFY;\"><span style=\"color: #000000;\"><img loading=\"lazy\" decoding=\"async\" class=\" wp-image-55433 alignright\" src=\"https:\/\/www.rassegnastampa-totustuus.it\/cattolica\/wp-content\/uploads\/2023\/01\/68.jpg\" alt=\"\" width=\"338\" height=\"227\" \/>L&#8217;inaugurazione dell&#8217;Esposizione Universale di Montreal avvenne nello stesso periodo in cui la cosiddetta Estate dell&#8217;Amore di San Francisco balz\u00f2 agli onori delle cronache e dell&#8217;immaginazione di legioni di &#8220;baby boomers&#8221; nella fase tra la fine dell&#8217;adolescenza e i vent&#8217;anni. L&#8217;anno successivo fu l&#8217;epoca della rivoluzione della Sorbona a Parigi e delle rivolte in molte citt\u00e0 americane alimentate dal movimento contro la guerra in Vietnam. Era l&#8217;epoca dell&#8217;LSD e delle altre droghe &#8220;psichedeliche&#8221;.<\/span><\/p>\n<p style=\"text-align: JUSTIFY;\"><span style=\"color: #000000;\">Spuntarono altri architetti e urbanisti che presero atto del cambiamento di umore. Mentre lo Stato sociale cercava di affrontare i problemi dei centri delle citt\u00e0 in rovina, essi guardarono al nuovo stile brutalista. Sebbene Habitat &#8217;67 fosse troppo poco efficiente dal punto di vista dello spazio per essere un modello per gli agenti dei sogni di rinnovamento urbano di Lyndon Johnson, le lezioni tratte dalla sua costruzione furono utili.<\/span><\/p>\n<p style=\"text-align: JUSTIFY;\"><span style=\"color: #000000;\"><img loading=\"lazy\" decoding=\"async\" class=\"size-full wp-image-55435 alignleft\" src=\"https:\/\/www.rassegnastampa-totustuus.it\/cattolica\/wp-content\/uploads\/2023\/01\/architettura_brutaismo.jpg\" alt=\"\" width=\"236\" height=\"292\" \/>Un progetto di costruzione che si basa sul cemento armato \u00e8 veloce ed economico. I costruttori possono assemblare rapidamente sezioni prefabbricate. Coprire le condutture e le tubature con intonaci e modanature \u00e8 costoso e il nuovo stile lo rendeva superfluo. L&#8217;irregolarit\u00e0 del brutalismo liberava architetti e costruttori dalle \u201cregole di arte\u201d di qualsiasi singolo stile. Finalmente l&#8217;utilit\u00e0 poteva prevalere sullo stile; la forma poteva seguire la funzione come gli architetti d&#8217;avanguardia avevano desiderato fin dal 1900.<\/span><\/p>\n<p style=\"text-align: JUSTIFY;\"><span style=\"color: #000000;\">Essi apprezzarono anche l&#8217;aspetto simbolico dello stile, che proiettava un&#8217;immagine di massiccia elargizione governativa, di radicale egualitarismo e di rivolta contro l&#8217;establishment.<\/span><\/p>\n<h4 style=\"text-align: center;\"><span style=\"color: #000000;\"><strong>La vita in una capsula<\/strong><\/span><\/h4>\n<p style=\"text-align: JUSTIFY;\"><span style=\"color: #000000;\"><img loading=\"lazy\" decoding=\"async\" class=\" wp-image-55434 alignright\" src=\"https:\/\/www.rassegnastampa-totustuus.it\/cattolica\/wp-content\/uploads\/2023\/01\/architettura_brutalismo-4.jpg\" alt=\"\" width=\"316\" height=\"197\" \/>Insomma, cosa dovevano essere i grattacieli urbani, specialmente quelli costruiti per ospitare i poveri, se non una serie di &#8220;celle e capsule&#8221;? La burocrazia decret\u00f2 la sostituzione di case a schiera vittoriane con &#8220;progetti di edilizia pubblica&#8221; scientificamente progettati per milioni di poveri.<\/span><\/p>\n<p style=\"text-align: JUSTIFY;\"><span style=\"color: #000000;\">Il brutalismo divenne anche lo stile preferito dai tiranni socialisti e comunisti. La loro ideologia rifiutava i concetti &#8220;borghesi&#8221; come quello di bellezza. Il Partito scartava tutto ci\u00f2 che era individuale in nome della &#8220;comunit\u00e0&#8221;. La necessit\u00e0 di ospitare milioni di nuove fonti di lavoro implic\u00f2 la costruzione di un numero sempre maggiore di celle e capsule con ogni nuovo edificio meno umano e pi\u00f9 egualitario di quello che aveva sostituito.<\/span><\/p>\n<p style=\"text-align: JUSTIFY;\"><span style=\"color: #000000;\"><img loading=\"lazy\" decoding=\"async\" class=\"size-medium wp-image-55436 alignleft\" src=\"https:\/\/www.rassegnastampa-totustuus.it\/cattolica\/wp-content\/uploads\/2023\/01\/casa-200x300.jpg\" alt=\"\" width=\"200\" height=\"300\" srcset=\"https:\/\/www.rassegnastampa-totustuus.it\/cattolica\/wp-content\/uploads\/2023\/01\/casa-200x300.jpg 200w, https:\/\/www.rassegnastampa-totustuus.it\/cattolica\/wp-content\/uploads\/2023\/01\/casa.jpg 500w\" sizes=\"auto, (max-width: 200px) 100vw, 200px\" \/>Tuttavia, le persone vogliono vivere in case, non in capsule di cemento. Per loro, la casa deve essere calda e accogliente, non proibitiva e fredda. Deve essere un rifugio dalla disumanit\u00e0 del mondo esterno, non uno spazio senz&#8217;anima per plasmare persone senz&#8217;anima. Cos\u00ec, molti hanno rifiutato l&#8217;incubo urbanistico dei \u201cprogettisti\u201d.<\/span><\/p>\n<p style=\"text-align: JUSTIFY;\"><span style=\"color: #000000;\">Sfortunatamente, questo rifiuto ha richiesto alcuni anni per essere messo in pratica. Nel frattempo, milioni di municipi brutalisti, stazioni di polizia, tribunali, banche, aule universitarie e strutture per uffici hanno segnato la nazione. Questi nuovi edifici hanno rifiutato l&#8217;uomo e l&#8217;uomo ha rifiutato gli edifici.<\/span><\/p>\n<h4 style=\"text-align: center;\"><span style=\"color: #000000;\"><strong>Brutalismo ecclesiastico?<\/strong><\/span><\/h4>\n<p style=\"text-align: JUSTIFY;\"><span style=\"color: #000000;\">Forse l&#8217;aspetto pi\u00f9 sorprendente dello stile brutalista \u00e8 stato il modo in cui la Chiesa post-conciliare l\u2019ha abbracciato. Facendo eco agli urbanisti, gli &#8220;spazi di culto&#8221; in cemento armato hanno sostituito centinaia di edifici ecclesiastici in stile gotico vittoriano. Nelle parrocchie che non potevano permettersi nuovi edifici, gli altari alti, le statue e le superfici dipinte hanno lasciato il posto a elementi brutti, semplici, lisci e piatti e a pareti dipinte di beige. Gli stendardi di iuta e feltro che pendevano dai muri erano gli unici, pietosi tentativi di umanizzare questi luoghi.<\/span><\/p>\n<div id=\"attachment_55437\" style=\"width: 353px\" class=\"wp-caption alignright\"><img loading=\"lazy\" decoding=\"async\" aria-describedby=\"caption-attachment-55437\" class=\"wp-image-55437 \" src=\"https:\/\/www.rassegnastampa-totustuus.it\/cattolica\/wp-content\/uploads\/2023\/01\/chiesa_brutalismo-300x200.jpg\" alt=\"\" width=\"353\" height=\"235\" srcset=\"https:\/\/www.rassegnastampa-totustuus.it\/cattolica\/wp-content\/uploads\/2023\/01\/chiesa_brutalismo-300x200.jpg 300w, https:\/\/www.rassegnastampa-totustuus.it\/cattolica\/wp-content\/uploads\/2023\/01\/chiesa_brutalismo-768x512.jpg 768w, https:\/\/www.rassegnastampa-totustuus.it\/cattolica\/wp-content\/uploads\/2023\/01\/chiesa_brutalismo-1024x683.jpg 1024w, https:\/\/www.rassegnastampa-totustuus.it\/cattolica\/wp-content\/uploads\/2023\/01\/chiesa_brutalismo.jpg 1536w\" sizes=\"auto, (max-width: 353px) 100vw, 353px\" \/><p id=\"caption-attachment-55437\" class=\"wp-caption-text\">Chiesa in stile brutalista<\/p><\/div>\n<p style=\"text-align: JUSTIFY;\"><span style=\"color: #000000;\">Tutto questo fu fatto perch\u00e9 c\u2019erano degli &#8220;esperti&#8221; che asserivano che i nuovi spazi conferivano dignit\u00e0 alla comunit\u00e0. Lo stile gotico, al contrario, faceva sentire i fedeli &#8220;insignificanti&#8221;. Ispirare soggezione significava rendere l&#8217;esperienza di culto &#8220;impersonale&#8221;. Naturalmente, nessuno chiese un parere alle persone che gli esperti sostenevano di &#8220;rappresentare&#8221;. Le comunit\u00e0 piangevano mentre le palle da demolizione e i martelli distruggevano quella bellezza creata grazie ai sacrifici dei loro nonni e bisnonni.<\/span><\/p>\n<p style=\"text-align: JUSTIFY;\"><span style=\"color: #000000;\">Cos\u00ec, molti membri di queste comunit\u00e0 &#8220;votarono con i piedi&#8221;, abbandonando in massa questi abomini architettonici, mentre altri rimasero nei nuovi spazi alieni, senza trovarsi mai a proprio agio. Eppure qua e l\u00e0 si vedono segni di una ondata di ritorno di questi \u201cspazi di culto\u201d.<\/span><\/p>\n<h4 style=\"text-align: center;\"><span style=\"color: #000000;\"><strong>Nessuna idea \u00e8 troppo brutta per tornare<\/strong><\/span><\/h4>\n<p style=\"text-align: JUSTIFY;\"><span style=\"color: #000000;\"><img loading=\"lazy\" decoding=\"async\" class=\"size-medium wp-image-55438 alignleft\" src=\"https:\/\/www.rassegnastampa-totustuus.it\/cattolica\/wp-content\/uploads\/2023\/01\/architettura_brutaismo-1-300x153.jpg\" alt=\"\" width=\"300\" height=\"153\" srcset=\"https:\/\/www.rassegnastampa-totustuus.it\/cattolica\/wp-content\/uploads\/2023\/01\/architettura_brutaismo-1-300x153.jpg 300w, https:\/\/www.rassegnastampa-totustuus.it\/cattolica\/wp-content\/uploads\/2023\/01\/architettura_brutaismo-1.jpg 314w\" sizes=\"auto, (max-width: 300px) 100vw, 300px\" \/>&#8220;Si dice che le tendenze siano circolari e che ci\u00f2 che \u00e8 vecchio diventi ancora una volta nuovo. Questo vale per la moda, la musica e l&#8217;arte. Nel caso dell&#8217;architettura, non c&#8217;\u00e8 stile architettonico che esemplifichi questo principio meglio del brutalismo. A partire dalla met\u00e0 del XX secolo, questo stile \u00e8 cresciuto in popolarit\u00e0 prima di raggiungere il suo apice a met\u00e0 degli anni Settanta, quando \u00e8 crollato come modello di cattivo gusto. Ma ora tutto sta cambiando, con un rinnovato interesse e apprezzamento per questo stile architettonico un tempo deriso&#8221;.<\/span><\/p>\n<p style=\"text-align: JUSTIFY;\"><span style=\"color: #000000;\">La societ\u00e0 &#8220;woke&#8221;, sempre pi\u00f9 totalitaria, ha bisogno di uno stile architettonico che esprima la sua bruttezza repressiva e la sua filosofia di lotta di classe. Il brutalismo potrebbe essere la scelta giusta.<\/span><\/p>\n<p style=\"text-align: JUSTIFY;\"><span style=\"color: #000000;\"><strong>Nota<\/strong><\/span><\/p>\n<p style=\"text-align: JUSTIFY;\"><span style=\"color: #000000;\"><strong>1)<\/strong> Corrente architettonica, nata negli anni &#8217;50 del Novecento in Inghilterra, vista come il superamento del Movimento Moderno in architettura.<\/span><\/p>\n<p style=\"text-align: JUSTIFY;\"><span style=\"color: #000000;\"><strong>Fonte<\/strong>:<\/span> <span style=\"color: #0000ff;\"><a style=\"color: #0000ff;\" href=\"https:\/\/www.tfp.org\/regimenting-the-body-and-destroying-the-soul-the-ugly-legacy-of-brutalism\/?PKG=TFPE22346\" target=\"_blank\" rel=\"noopener\">Tfp.org<\/a><\/span>, <span style=\"color: #000000;\">29 Dicembre 2022. <em>Traduzione a cura di Tradizione Famiglia Propriet\u00e0 \u2013 Italia<\/em>.<\/span><\/p>\n","protected":false},"excerpt":{"rendered":"<p>Abstract: la brutta eredit\u00e0 del brutalismo in architettura. La societ\u00e0 &#8220;woke&#8221;, sempre pi\u00f9 totalitaria, ha bisogno di uno stile architettonico che esprima la sua bruttezza repressiva e la sua filosofia di lotta di classe. Il \u201cbrutalismo\u201d potrebbe essere la scelta giusta.<\/p><p><a class=\"more-link btn\" href=\"https:\/\/www.rassegnastampa-totustuus.it\/cattolica\/la-brutta-eredita-del-brutalismo-in-architettura\/\">Continua a leggere<\/a><\/p>\n","protected":false},"author":6,"featured_media":55429,"comment_status":"closed","ping_status":"closed","sticky":false,"template":"","format":"standard","meta":{"footnotes":""},"categories":[25],"tags":[1437,558,2874],"class_list":["post-55428","post","type-post","status-publish","format-standard","has-post-thumbnail","hentry","category-sguardo-sul-nostro-tempo","tag-architettura","tag-sguardo-sul-nostro-tempo-2","tag-woke-revolution","item-wrap"],"yoast_head":"<!-- This site is optimized with the Yoast SEO plugin v27.5 - https:\/\/yoast.com\/product\/yoast-seo-wordpress\/ -->\n<title>La brutta eredit\u00e0 del brutalismo in architettura - Rassegna Stampa Cattolica<\/title>\n<meta name=\"description\" content=\"La brutta eredit\u00e0 del brutalismo in architettura. La societ\u00e0 &quot;woke&quot; ha bisogno di uno stile che esprima la sua bruttezza\" \/>\n<meta name=\"robots\" content=\"index, follow, max-snippet:-1, max-image-preview:large, max-video-preview:-1\" \/>\n<link rel=\"canonical\" href=\"https:\/\/www.rassegnastampa-totustuus.it\/cattolica\/la-brutta-eredita-del-brutalismo-in-architettura\/\" \/>\n<meta property=\"og:locale\" content=\"it_IT\" \/>\n<meta property=\"og:type\" content=\"article\" \/>\n<meta property=\"og:title\" content=\"La brutta eredit\u00e0 del brutalismo in architettura - Rassegna Stampa Cattolica\" \/>\n<meta property=\"og:description\" content=\"La brutta eredit\u00e0 del brutalismo in architettura. La societ\u00e0 &quot;woke&quot; ha bisogno di uno stile che esprima la sua bruttezza\" \/>\n<meta property=\"og:url\" content=\"https:\/\/www.rassegnastampa-totustuus.it\/cattolica\/la-brutta-eredita-del-brutalismo-in-architettura\/\" \/>\n<meta property=\"og:site_name\" content=\"Rassegna Stampa Cattolica\" \/>\n<meta property=\"article:publisher\" content=\"https:\/\/www.facebook.com\/rassegnastampacattolica\" \/>\n<meta property=\"article:published_time\" content=\"2023-01-11T23:00:40+00:00\" \/>\n<meta property=\"article:modified_time\" content=\"2024-02-05T11:46:18+00:00\" \/>\n<meta property=\"og:image\" content=\"https:\/\/www.rassegnastampa-totustuus.it\/cattolica\/wp-content\/uploads\/2023\/01\/architettura_brutalismo.jpg\" \/>\n\t<meta property=\"og:image:width\" content=\"342\" \/>\n\t<meta property=\"og:image:height\" content=\"216\" \/>\n\t<meta property=\"og:image:type\" content=\"image\/jpeg\" \/>\n<meta name=\"author\" content=\"Redazione\" \/>\n<meta name=\"twitter:card\" content=\"summary_large_image\" \/>\n<meta name=\"twitter:creator\" content=\"@rassegnastampa9\" \/>\n<meta name=\"twitter:site\" content=\"@rassegnastampa9\" \/>\n<meta name=\"twitter:label1\" content=\"Scritto da\" \/>\n\t<meta name=\"twitter:data1\" content=\"Redazione\" \/>\n\t<meta name=\"twitter:label2\" content=\"Tempo di lettura stimato\" \/>\n\t<meta name=\"twitter:data2\" content=\"10 minuti\" \/>\n<script type=\"application\/ld+json\" class=\"yoast-schema-graph\">{\"@context\":\"https:\\\/\\\/schema.org\",\"@graph\":[{\"@type\":\"Article\",\"@id\":\"https:\\\/\\\/www.rassegnastampa-totustuus.it\\\/cattolica\\\/la-brutta-eredita-del-brutalismo-in-architettura\\\/#article\",\"isPartOf\":{\"@id\":\"https:\\\/\\\/www.rassegnastampa-totustuus.it\\\/cattolica\\\/la-brutta-eredita-del-brutalismo-in-architettura\\\/\"},\"author\":{\"name\":\"Redazione\",\"@id\":\"https:\\\/\\\/www.rassegnastampa-totustuus.it\\\/cattolica\\\/#\\\/schema\\\/person\\\/08f319d2bd1a0904ad9e2bfb7b15e5c3\"},\"headline\":\"La brutta eredit\u00e0 del brutalismo in architettura\",\"datePublished\":\"2023-01-11T23:00:40+00:00\",\"dateModified\":\"2024-02-05T11:46:18+00:00\",\"mainEntityOfPage\":{\"@id\":\"https:\\\/\\\/www.rassegnastampa-totustuus.it\\\/cattolica\\\/la-brutta-eredita-del-brutalismo-in-architettura\\\/\"},\"wordCount\":1505,\"publisher\":{\"@id\":\"https:\\\/\\\/www.rassegnastampa-totustuus.it\\\/cattolica\\\/#organization\"},\"image\":{\"@id\":\"https:\\\/\\\/www.rassegnastampa-totustuus.it\\\/cattolica\\\/la-brutta-eredita-del-brutalismo-in-architettura\\\/#primaryimage\"},\"thumbnailUrl\":\"https:\\\/\\\/www.rassegnastampa-totustuus.it\\\/cattolica\\\/wp-content\\\/uploads\\\/2023\\\/01\\\/architettura_brutalismo.jpg\",\"keywords\":[\"architettura\",\"sguardo sul nostro tempo\",\"woke revolution\"],\"articleSection\":[\"Sguardo sul nostro tempo\"],\"inLanguage\":\"it-IT\"},{\"@type\":\"WebPage\",\"@id\":\"https:\\\/\\\/www.rassegnastampa-totustuus.it\\\/cattolica\\\/la-brutta-eredita-del-brutalismo-in-architettura\\\/\",\"url\":\"https:\\\/\\\/www.rassegnastampa-totustuus.it\\\/cattolica\\\/la-brutta-eredita-del-brutalismo-in-architettura\\\/\",\"name\":\"La brutta eredit\u00e0 del brutalismo in architettura - Rassegna Stampa Cattolica\",\"isPartOf\":{\"@id\":\"https:\\\/\\\/www.rassegnastampa-totustuus.it\\\/cattolica\\\/#website\"},\"primaryImageOfPage\":{\"@id\":\"https:\\\/\\\/www.rassegnastampa-totustuus.it\\\/cattolica\\\/la-brutta-eredita-del-brutalismo-in-architettura\\\/#primaryimage\"},\"image\":{\"@id\":\"https:\\\/\\\/www.rassegnastampa-totustuus.it\\\/cattolica\\\/la-brutta-eredita-del-brutalismo-in-architettura\\\/#primaryimage\"},\"thumbnailUrl\":\"https:\\\/\\\/www.rassegnastampa-totustuus.it\\\/cattolica\\\/wp-content\\\/uploads\\\/2023\\\/01\\\/architettura_brutalismo.jpg\",\"datePublished\":\"2023-01-11T23:00:40+00:00\",\"dateModified\":\"2024-02-05T11:46:18+00:00\",\"description\":\"La brutta eredit\u00e0 del brutalismo in architettura. La societ\u00e0 \\\"woke\\\" ha bisogno di uno stile che esprima la sua bruttezza\",\"breadcrumb\":{\"@id\":\"https:\\\/\\\/www.rassegnastampa-totustuus.it\\\/cattolica\\\/la-brutta-eredita-del-brutalismo-in-architettura\\\/#breadcrumb\"},\"inLanguage\":\"it-IT\",\"potentialAction\":[{\"@type\":\"ReadAction\",\"target\":[\"https:\\\/\\\/www.rassegnastampa-totustuus.it\\\/cattolica\\\/la-brutta-eredita-del-brutalismo-in-architettura\\\/\"]}]},{\"@type\":\"ImageObject\",\"inLanguage\":\"it-IT\",\"@id\":\"https:\\\/\\\/www.rassegnastampa-totustuus.it\\\/cattolica\\\/la-brutta-eredita-del-brutalismo-in-architettura\\\/#primaryimage\",\"url\":\"https:\\\/\\\/www.rassegnastampa-totustuus.it\\\/cattolica\\\/wp-content\\\/uploads\\\/2023\\\/01\\\/architettura_brutalismo.jpg\",\"contentUrl\":\"https:\\\/\\\/www.rassegnastampa-totustuus.it\\\/cattolica\\\/wp-content\\\/uploads\\\/2023\\\/01\\\/architettura_brutalismo.jpg\",\"width\":342,\"height\":216,\"caption\":\"?????????????????????????????????????????????????????????????????????????\"},{\"@type\":\"BreadcrumbList\",\"@id\":\"https:\\\/\\\/www.rassegnastampa-totustuus.it\\\/cattolica\\\/la-brutta-eredita-del-brutalismo-in-architettura\\\/#breadcrumb\",\"itemListElement\":[{\"@type\":\"ListItem\",\"position\":1,\"name\":\"Home\",\"item\":\"https:\\\/\\\/www.rassegnastampa-totustuus.it\\\/cattolica\\\/\"},{\"@type\":\"ListItem\",\"position\":2,\"name\":\"La brutta eredit\u00e0 del brutalismo in architettura\"}]},{\"@type\":\"WebSite\",\"@id\":\"https:\\\/\\\/www.rassegnastampa-totustuus.it\\\/cattolica\\\/#website\",\"url\":\"https:\\\/\\\/www.rassegnastampa-totustuus.it\\\/cattolica\\\/\",\"name\":\"Rassegna Stampa Cattolica\",\"description\":\"Per una cultura che nasce dalla Rivelazione cristiana in conformit\u00e0 alla tradizione e al Magistero della Chiesa in opposizione ad ogni relativismo e totalitarismo\",\"publisher\":{\"@id\":\"https:\\\/\\\/www.rassegnastampa-totustuus.it\\\/cattolica\\\/#organization\"},\"alternateName\":\"Rass. Cattolica\",\"potentialAction\":[{\"@type\":\"SearchAction\",\"target\":{\"@type\":\"EntryPoint\",\"urlTemplate\":\"https:\\\/\\\/www.rassegnastampa-totustuus.it\\\/cattolica\\\/?s={search_term_string}\"},\"query-input\":{\"@type\":\"PropertyValueSpecification\",\"valueRequired\":true,\"valueName\":\"search_term_string\"}}],\"inLanguage\":\"it-IT\"},{\"@type\":\"Organization\",\"@id\":\"https:\\\/\\\/www.rassegnastampa-totustuus.it\\\/cattolica\\\/#organization\",\"name\":\"Rassegna Stampa Cattolica\",\"url\":\"https:\\\/\\\/www.rassegnastampa-totustuus.it\\\/cattolica\\\/\",\"logo\":{\"@type\":\"ImageObject\",\"inLanguage\":\"it-IT\",\"@id\":\"https:\\\/\\\/www.rassegnastampa-totustuus.it\\\/cattolica\\\/#\\\/schema\\\/logo\\\/image\\\/\",\"url\":\"https:\\\/\\\/www.rassegnastampa-totustuus.it\\\/cattolica\\\/wp-content\\\/uploads\\\/2014\\\/04\\\/logo-rassegna1.gif\",\"contentUrl\":\"https:\\\/\\\/www.rassegnastampa-totustuus.it\\\/cattolica\\\/wp-content\\\/uploads\\\/2014\\\/04\\\/logo-rassegna1.gif\",\"width\":600,\"height\":163,\"caption\":\"Rassegna Stampa Cattolica\"},\"image\":{\"@id\":\"https:\\\/\\\/www.rassegnastampa-totustuus.it\\\/cattolica\\\/#\\\/schema\\\/logo\\\/image\\\/\"},\"sameAs\":[\"https:\\\/\\\/www.facebook.com\\\/rassegnastampacattolica\",\"https:\\\/\\\/x.com\\\/rassegnastampa9\"]},{\"@type\":\"Person\",\"@id\":\"https:\\\/\\\/www.rassegnastampa-totustuus.it\\\/cattolica\\\/#\\\/schema\\\/person\\\/08f319d2bd1a0904ad9e2bfb7b15e5c3\",\"name\":\"Redazione\",\"image\":{\"@type\":\"ImageObject\",\"inLanguage\":\"it-IT\",\"@id\":\"https:\\\/\\\/secure.gravatar.com\\\/avatar\\\/2fcdf27c78ea025fbdb44e914cc63c72249ffec9dc8aafd5c82b26240ef3f346?s=96&d=mm&r=g\",\"url\":\"https:\\\/\\\/secure.gravatar.com\\\/avatar\\\/2fcdf27c78ea025fbdb44e914cc63c72249ffec9dc8aafd5c82b26240ef3f346?s=96&d=mm&r=g\",\"contentUrl\":\"https:\\\/\\\/secure.gravatar.com\\\/avatar\\\/2fcdf27c78ea025fbdb44e914cc63c72249ffec9dc8aafd5c82b26240ef3f346?s=96&d=mm&r=g\",\"caption\":\"Redazione\"},\"url\":\"https:\\\/\\\/www.rassegnastampa-totustuus.it\\\/cattolica\\\/author\\\/pietroelle\\\/\"}]}<\/script>\n<!-- \/ Yoast SEO plugin. -->","yoast_head_json":{"title":"La brutta eredit\u00e0 del brutalismo in architettura - Rassegna Stampa Cattolica","description":"La brutta eredit\u00e0 del brutalismo in architettura. La societ\u00e0 \"woke\" ha bisogno di uno stile che esprima la sua bruttezza","robots":{"index":"index","follow":"follow","max-snippet":"max-snippet:-1","max-image-preview":"max-image-preview:large","max-video-preview":"max-video-preview:-1"},"canonical":"https:\/\/www.rassegnastampa-totustuus.it\/cattolica\/la-brutta-eredita-del-brutalismo-in-architettura\/","og_locale":"it_IT","og_type":"article","og_title":"La brutta eredit\u00e0 del brutalismo in architettura - Rassegna Stampa Cattolica","og_description":"La brutta eredit\u00e0 del brutalismo in architettura. La societ\u00e0 \"woke\" ha bisogno di uno stile che esprima la sua bruttezza","og_url":"https:\/\/www.rassegnastampa-totustuus.it\/cattolica\/la-brutta-eredita-del-brutalismo-in-architettura\/","og_site_name":"Rassegna Stampa Cattolica","article_publisher":"https:\/\/www.facebook.com\/rassegnastampacattolica","article_published_time":"2023-01-11T23:00:40+00:00","article_modified_time":"2024-02-05T11:46:18+00:00","og_image":[{"width":342,"height":216,"url":"https:\/\/www.rassegnastampa-totustuus.it\/cattolica\/wp-content\/uploads\/2023\/01\/architettura_brutalismo.jpg","type":"image\/jpeg"}],"author":"Redazione","twitter_card":"summary_large_image","twitter_creator":"@rassegnastampa9","twitter_site":"@rassegnastampa9","twitter_misc":{"Scritto da":"Redazione","Tempo di lettura stimato":"10 minuti"},"schema":{"@context":"https:\/\/schema.org","@graph":[{"@type":"Article","@id":"https:\/\/www.rassegnastampa-totustuus.it\/cattolica\/la-brutta-eredita-del-brutalismo-in-architettura\/#article","isPartOf":{"@id":"https:\/\/www.rassegnastampa-totustuus.it\/cattolica\/la-brutta-eredita-del-brutalismo-in-architettura\/"},"author":{"name":"Redazione","@id":"https:\/\/www.rassegnastampa-totustuus.it\/cattolica\/#\/schema\/person\/08f319d2bd1a0904ad9e2bfb7b15e5c3"},"headline":"La brutta eredit\u00e0 del brutalismo in architettura","datePublished":"2023-01-11T23:00:40+00:00","dateModified":"2024-02-05T11:46:18+00:00","mainEntityOfPage":{"@id":"https:\/\/www.rassegnastampa-totustuus.it\/cattolica\/la-brutta-eredita-del-brutalismo-in-architettura\/"},"wordCount":1505,"publisher":{"@id":"https:\/\/www.rassegnastampa-totustuus.it\/cattolica\/#organization"},"image":{"@id":"https:\/\/www.rassegnastampa-totustuus.it\/cattolica\/la-brutta-eredita-del-brutalismo-in-architettura\/#primaryimage"},"thumbnailUrl":"https:\/\/www.rassegnastampa-totustuus.it\/cattolica\/wp-content\/uploads\/2023\/01\/architettura_brutalismo.jpg","keywords":["architettura","sguardo sul nostro tempo","woke revolution"],"articleSection":["Sguardo sul nostro tempo"],"inLanguage":"it-IT"},{"@type":"WebPage","@id":"https:\/\/www.rassegnastampa-totustuus.it\/cattolica\/la-brutta-eredita-del-brutalismo-in-architettura\/","url":"https:\/\/www.rassegnastampa-totustuus.it\/cattolica\/la-brutta-eredita-del-brutalismo-in-architettura\/","name":"La brutta eredit\u00e0 del brutalismo in architettura - Rassegna Stampa Cattolica","isPartOf":{"@id":"https:\/\/www.rassegnastampa-totustuus.it\/cattolica\/#website"},"primaryImageOfPage":{"@id":"https:\/\/www.rassegnastampa-totustuus.it\/cattolica\/la-brutta-eredita-del-brutalismo-in-architettura\/#primaryimage"},"image":{"@id":"https:\/\/www.rassegnastampa-totustuus.it\/cattolica\/la-brutta-eredita-del-brutalismo-in-architettura\/#primaryimage"},"thumbnailUrl":"https:\/\/www.rassegnastampa-totustuus.it\/cattolica\/wp-content\/uploads\/2023\/01\/architettura_brutalismo.jpg","datePublished":"2023-01-11T23:00:40+00:00","dateModified":"2024-02-05T11:46:18+00:00","description":"La brutta eredit\u00e0 del brutalismo in architettura. La societ\u00e0 \"woke\" ha bisogno di uno stile che esprima la sua bruttezza","breadcrumb":{"@id":"https:\/\/www.rassegnastampa-totustuus.it\/cattolica\/la-brutta-eredita-del-brutalismo-in-architettura\/#breadcrumb"},"inLanguage":"it-IT","potentialAction":[{"@type":"ReadAction","target":["https:\/\/www.rassegnastampa-totustuus.it\/cattolica\/la-brutta-eredita-del-brutalismo-in-architettura\/"]}]},{"@type":"ImageObject","inLanguage":"it-IT","@id":"https:\/\/www.rassegnastampa-totustuus.it\/cattolica\/la-brutta-eredita-del-brutalismo-in-architettura\/#primaryimage","url":"https:\/\/www.rassegnastampa-totustuus.it\/cattolica\/wp-content\/uploads\/2023\/01\/architettura_brutalismo.jpg","contentUrl":"https:\/\/www.rassegnastampa-totustuus.it\/cattolica\/wp-content\/uploads\/2023\/01\/architettura_brutalismo.jpg","width":342,"height":216,"caption":"?????????????????????????????????????????????????????????????????????????"},{"@type":"BreadcrumbList","@id":"https:\/\/www.rassegnastampa-totustuus.it\/cattolica\/la-brutta-eredita-del-brutalismo-in-architettura\/#breadcrumb","itemListElement":[{"@type":"ListItem","position":1,"name":"Home","item":"https:\/\/www.rassegnastampa-totustuus.it\/cattolica\/"},{"@type":"ListItem","position":2,"name":"La brutta eredit\u00e0 del brutalismo in architettura"}]},{"@type":"WebSite","@id":"https:\/\/www.rassegnastampa-totustuus.it\/cattolica\/#website","url":"https:\/\/www.rassegnastampa-totustuus.it\/cattolica\/","name":"Rassegna Stampa Cattolica","description":"Per una cultura che nasce dalla Rivelazione cristiana in conformit\u00e0 alla tradizione e al Magistero della Chiesa in opposizione ad ogni relativismo e totalitarismo","publisher":{"@id":"https:\/\/www.rassegnastampa-totustuus.it\/cattolica\/#organization"},"alternateName":"Rass. Cattolica","potentialAction":[{"@type":"SearchAction","target":{"@type":"EntryPoint","urlTemplate":"https:\/\/www.rassegnastampa-totustuus.it\/cattolica\/?s={search_term_string}"},"query-input":{"@type":"PropertyValueSpecification","valueRequired":true,"valueName":"search_term_string"}}],"inLanguage":"it-IT"},{"@type":"Organization","@id":"https:\/\/www.rassegnastampa-totustuus.it\/cattolica\/#organization","name":"Rassegna Stampa Cattolica","url":"https:\/\/www.rassegnastampa-totustuus.it\/cattolica\/","logo":{"@type":"ImageObject","inLanguage":"it-IT","@id":"https:\/\/www.rassegnastampa-totustuus.it\/cattolica\/#\/schema\/logo\/image\/","url":"https:\/\/www.rassegnastampa-totustuus.it\/cattolica\/wp-content\/uploads\/2014\/04\/logo-rassegna1.gif","contentUrl":"https:\/\/www.rassegnastampa-totustuus.it\/cattolica\/wp-content\/uploads\/2014\/04\/logo-rassegna1.gif","width":600,"height":163,"caption":"Rassegna Stampa Cattolica"},"image":{"@id":"https:\/\/www.rassegnastampa-totustuus.it\/cattolica\/#\/schema\/logo\/image\/"},"sameAs":["https:\/\/www.facebook.com\/rassegnastampacattolica","https:\/\/x.com\/rassegnastampa9"]},{"@type":"Person","@id":"https:\/\/www.rassegnastampa-totustuus.it\/cattolica\/#\/schema\/person\/08f319d2bd1a0904ad9e2bfb7b15e5c3","name":"Redazione","image":{"@type":"ImageObject","inLanguage":"it-IT","@id":"https:\/\/secure.gravatar.com\/avatar\/2fcdf27c78ea025fbdb44e914cc63c72249ffec9dc8aafd5c82b26240ef3f346?s=96&d=mm&r=g","url":"https:\/\/secure.gravatar.com\/avatar\/2fcdf27c78ea025fbdb44e914cc63c72249ffec9dc8aafd5c82b26240ef3f346?s=96&d=mm&r=g","contentUrl":"https:\/\/secure.gravatar.com\/avatar\/2fcdf27c78ea025fbdb44e914cc63c72249ffec9dc8aafd5c82b26240ef3f346?s=96&d=mm&r=g","caption":"Redazione"},"url":"https:\/\/www.rassegnastampa-totustuus.it\/cattolica\/author\/pietroelle\/"}]}},"_links":{"self":[{"href":"https:\/\/www.rassegnastampa-totustuus.it\/cattolica\/wp-json\/wp\/v2\/posts\/55428","targetHints":{"allow":["GET"]}}],"collection":[{"href":"https:\/\/www.rassegnastampa-totustuus.it\/cattolica\/wp-json\/wp\/v2\/posts"}],"about":[{"href":"https:\/\/www.rassegnastampa-totustuus.it\/cattolica\/wp-json\/wp\/v2\/types\/post"}],"author":[{"embeddable":true,"href":"https:\/\/www.rassegnastampa-totustuus.it\/cattolica\/wp-json\/wp\/v2\/users\/6"}],"replies":[{"embeddable":true,"href":"https:\/\/www.rassegnastampa-totustuus.it\/cattolica\/wp-json\/wp\/v2\/comments?post=55428"}],"version-history":[{"count":3,"href":"https:\/\/www.rassegnastampa-totustuus.it\/cattolica\/wp-json\/wp\/v2\/posts\/55428\/revisions"}],"predecessor-version":[{"id":59420,"href":"https:\/\/www.rassegnastampa-totustuus.it\/cattolica\/wp-json\/wp\/v2\/posts\/55428\/revisions\/59420"}],"wp:featuredmedia":[{"embeddable":true,"href":"https:\/\/www.rassegnastampa-totustuus.it\/cattolica\/wp-json\/wp\/v2\/media\/55429"}],"wp:attachment":[{"href":"https:\/\/www.rassegnastampa-totustuus.it\/cattolica\/wp-json\/wp\/v2\/media?parent=55428"}],"wp:term":[{"taxonomy":"category","embeddable":true,"href":"https:\/\/www.rassegnastampa-totustuus.it\/cattolica\/wp-json\/wp\/v2\/categories?post=55428"},{"taxonomy":"post_tag","embeddable":true,"href":"https:\/\/www.rassegnastampa-totustuus.it\/cattolica\/wp-json\/wp\/v2\/tags?post=55428"}],"curies":[{"name":"wp","href":"https:\/\/api.w.org\/{rel}","templated":true}]}}