{"id":55412,"date":"2023-01-05T00:00:16","date_gmt":"2023-01-04T23:00:16","guid":{"rendered":"http:\/\/www.rassegnastampa-totustuus.it\/cattolica\/?p=55412"},"modified":"2024-02-07T14:09:58","modified_gmt":"2024-02-07T13:09:58","slug":"la-ragione-allargata-il-filo-conduttore-di-benedetto-xvi","status":"publish","type":"post","link":"https:\/\/www.rassegnastampa-totustuus.it\/cattolica\/la-ragione-allargata-il-filo-conduttore-di-benedetto-xvi\/","title":{"rendered":"La ragione allargata il filo conduttore di Benedetto XVI"},"content":{"rendered":"<p style=\"text-align: justify;\"><span style=\"color: #000000;\"><strong><img loading=\"lazy\" decoding=\"async\" class=\" wp-image-35343 alignright\" src=\"https:\/\/www.rassegnastampa-totustuus.it\/cattolica\/wp-content\/uploads\/2006\/09\/Benedetto_XVI.jpg\" alt=\"\" width=\"328\" height=\"216\" \/><span style=\"color: #000000;\">Abstract: <\/span><\/strong><span style=\"color: #000000;\"><em>la ragione allargata il filo conduttore di Benedetto XVI. A dispetto della profondit\u00e0 intellettuale che lo pone a buon diritto tra i \u201cgrandi\u201d del pensiero contemporaneo oltre che \u2013 in prospettiva \u2013 tra i \u201cdottori\u201d de facto della Chiesa, quella di Benedetto XVI \u00e8 stata anche una \u201cpiccola via\u201d \u2013\u00a0 in grado di stupirsi di fronte alla bellezza, <\/em><\/span><\/span><\/p>\n<p><!--more--><\/p>\n<p style=\"text-align: center;\"><span style=\"color: #000000;\"><strong><span style=\"color: #0000ff;\"><a style=\"color: #0000ff;\" href=\"https:\/\/lanuovabq.it\/it\" target=\"_blank\" rel=\"noopener\">La Nuova Bussola quotidiana<\/a><\/span><\/strong> \u00a0<\/span><span style=\"color: #000000;\">2 Gennaio 2022\u00a0<\/span><\/p>\n<h3 style=\"text-align: center;\">Benedetto XVI: la bellezza che apre il cuore a Dio<\/h3>\n<p style=\"text-align: justify;\"><span style=\"color: #000000;\"><em>Un importante filo conduttore nel ricco insegnamento\u00a0di Joseph Ratzinger \u00e8 costituito dal concetto di &#8220;ragione allargata&#8221;. Una ragione che non rifiuta lo stupore e non si chiude nell&#8217;orizzonte materiale, ma resta capace di accogliere\u00a0le varie espressioni dell&#8217;arte e del bello quali altrettante\u00a0vie per lasciarsi affascinare dal Mistero di Dio. <\/em><\/span><\/p>\n<p style=\"text-align: center;\"><span style=\"color: #000000;\">di <strong>Stefano Chiappalone<\/strong><\/span><\/p>\n<p style=\"text-align: justify;\"><span style=\"color: #000000;\"><img loading=\"lazy\" decoding=\"async\" class=\" wp-image-35323 alignleft\" src=\"https:\/\/www.rassegnastampa-totustuus.it\/cattolica\/wp-content\/uploads\/2009\/03\/Benedetto_XVI-300x167.jpg\" alt=\"\" width=\"338\" height=\"188\" srcset=\"https:\/\/www.rassegnastampa-totustuus.it\/cattolica\/wp-content\/uploads\/2009\/03\/Benedetto_XVI-300x167.jpg 300w, https:\/\/www.rassegnastampa-totustuus.it\/cattolica\/wp-content\/uploads\/2009\/03\/Benedetto_XVI.jpg 301w\" sizes=\"auto, (max-width: 338px) 100vw, 338px\" \/>A dispetto della profondit\u00e0 intellettuale che lo pone a buon diritto tra i \u201cgrandi\u201d del pensiero contemporaneo oltre che \u2013 in prospettiva \u2013 tra i \u201cdottori\u201d <em>de facto<\/em> della Chiesa, quella di Benedetto XVI \u00e8 stata anche una \u201cpiccola via\u201d \u2013 per certi versi paragonabile a quella della \u201cpiccola\u201d santa Teresa di Lisieux \u2013 in grado di stupirsi di fronte alla bellezza, come via privilegiata per trovare (o ritrovare) la fede. Decisamente in controtendenza rispetto all&#8217;etichetta del <em>panzerkardinal<\/em> o del \u201cpastore tedesco\u201d, cui poteva credere soltanto chi non ha mai fatto la fatica (peraltro piacevole) di accostarsi ai suoi discorsi, preferendo bere quella vulgata ingiusta e ingiustamente diffusa tra molti cattolici (pi\u00f9 inclini a un sentimentalismo a buon mercato compatibile con le sirene del <em>mainstream<\/em>).<\/span><\/p>\n<p style=\"text-align: justify;\"><span style=\"color: #000000;\"><strong>Benedetto non contrappone il senso di meraviglia e la lucidit\u00e0 del pensiero<\/strong>, anzi si integrano nell\u2019ottica di quella che lui stesso ha definito a pi\u00f9 riprese una \u00abragione allargata\u00bb, capace cio\u00e8 di comprendere anche la bellezza, l\u2019amore, tutte <img loading=\"lazy\" decoding=\"async\" class=\"size-full wp-image-34662 alignright\" src=\"https:\/\/www.rassegnastampa-totustuus.it\/cattolica\/wp-content\/uploads\/2005\/11\/Benedetto-XVI.jpg\" alt=\"\" width=\"184\" height=\"274\" \/>quelle realt\u00e0 che non sono \u201cmisurabili\u201d e di cui tuttavia non si pu\u00f2 certo negare l\u2019esistenza e la necessit\u00e0. Al contrario, \u00abuna ragione che in qualche modo volesse spogliarsi della bellezza, sarebbe dimezzata, sarebbe una ragione accecata\u00bb. Questa complementariet\u00e0 \u00e8 insita nel cristianesimo, poich\u00e9 \u00abil &#8220;Logos&#8221; creatore non \u00e8 soltanto un &#8220;logos&#8221; tecnico\u00bb, ma \u00ab\u00e8 amore e quindi tale da esprimersi nella bellezza e nel bene\u00bb, affermava nell<\/span>\u2019<span style=\"color: #0000ff;\"><a style=\"color: #0000ff;\" href=\"https:\/\/www.vatican.va\/content\/benedict-xvi\/it\/speeches\/2008\/august\/documents\/hf_ben-xvi_spe_20080806_clero-bressanone.html\" target=\"_blank\" rel=\"noopener noreferrer\">estate del 2008<\/a> <\/span><span style=\"color: #000000;\">a Bressanone (riprendendo in parte la<\/span> <span style=\"color: #0000ff;\"><a style=\"color: #0000ff;\" href=\"https:\/\/www.vatican.va\/content\/benedict-xvi\/it\/speeches\/2006\/september\/documents\/hf_ben-xvi_spe_20060912_university-regensburg.html\" target=\"_blank\" rel=\"noopener noreferrer\"><em>lectio<\/em><\/a><\/span> <span style=\"color: #000000;\">di Ratisbona). Per questo il papa emerito era persuaso che \u00abl\u2019arte e i santi sono la pi\u00f9 grande apologia della nostra fede\u00bb.<\/span><\/p>\n<p style=\"text-align: justify;\"><span style=\"color: #000000;\"><strong>Se proprio bisogna etichettarlo in qualche modo, Benedetto XVI \u00e8 stato piuttosto il Papa della bellezza<\/strong>, che ha definito \u00abla grande necessit\u00e0 dell\u2019uomo; \u00e8 la radice dalla quale sorgono il tronco della nostra pace e i frutti della nostra speranza\u00bb: cos\u00ec si espresse in occasione del<\/span> <span style=\"color: #0000ff;\"><a style=\"color: #0000ff;\" href=\"https:\/\/www.vatican.va\/content\/benedict-xvi\/it\/travels\/2010\/outside\/documents\/spagna.html\" target=\"_blank\" rel=\"noopener noreferrer\">viaggio apostolico<\/a><\/span> i<span style=\"color: #000000;\">n Spagna del novembre 2010, a Santiago de Compostela e a Barcellona, dove and\u00f2 a <img loading=\"lazy\" decoding=\"async\" class=\" wp-image-32090 alignleft\" src=\"https:\/\/www.rassegnastampa-totustuus.it\/cattolica\/wp-content\/uploads\/2005\/05\/Benedetto-XVI.jpg\" alt=\"\" width=\"325\" height=\"214\" \/>consacrare la basilica della Sagrada Familia. Sottoline\u00f2 il legame tra la bellezza dell\u2019edificio e la spiritualit\u00e0 dell\u2019architetto Antoni Gaud\u00ed, che non era un\u2019archistar, ma \u00abun architetto geniale e cristiano coerente, la cui fiaccola della fede arse fino al termine della sua vita, vissuta con dignit\u00e0 e austerit\u00e0 assoluta\u00bb. Dai tre libri della Creazione, della Scrittura e della Liturgia, Gaud\u00ed diede vita al \u00abmiracolo architettonico\u00bb della Sagrada Familia, \u00abuno spazio di bellezza, di fede e di speranza, che conduce l\u2019uomo all\u2019incontro con colui che \u00e8 la verit\u00e0 e la bellezza stessa\u00bb.<\/span><\/p>\n<p style=\"text-align: justify;\"><span style=\"color: #000000;\"><strong>Sin da bambino Joseph Ratzinger ha visto nella bellezza una via privilegiata verso Dio<\/strong>. Dalla sua festosa e cattolicissima<\/span> <span style=\"color: #0000ff;\"><a style=\"color: #0000ff;\" href=\"https:\/\/www.30giorni.it\/articoli_id_8828_l1.htm\" target=\"_blank\" rel=\"noopener noreferrer\">Baviera<\/a><\/span> <span style=\"color: #000000;\">si portava dietro \u00abil profumo che emanava dai tappeti di fiori e dalle betulle verdeggianti; appartengono a questi ricordi anche gli ornamenti presenti in tutte le case, le bandiere, i canti; sento ancora gli strumenti a fiato della banda locale\u00bb. Un tripudio che aveva il suo <img loading=\"lazy\" decoding=\"async\" class=\"wp-image-33475 alignright\" src=\"https:\/\/www.rassegnastampa-totustuus.it\/cattolica\/wp-content\/uploads\/2011\/11\/Benedetto-XVI.jpg\" alt=\"\" width=\"368\" height=\"244\" \/>fondamento nel mattino di Pasqua, anzi del Sabato Santo: il giorno stesso della sua nascita (avvenuta il 16 aprile 1927), coincidenza che per lui \u2013 come ricordava nella sua autobiografia <em>La mia vita, <\/em>edita nel 1997 \u2013 costituiva un \u00absegno premonitore\u00bb sul piano personale ma anche \u00abuna caratteristica della nostra esistenza umana, che ancora attende la Pasqua, non \u00e8 ancora nella luce piena, ma fiduciosa si avvia verso di essa\u00bb. E lo fa anche attraverso l\u2019arte, la bellezza del paesaggio e dei boschi, e la musica, che in casa Ratzinger si respirava sin dall\u2019infanzia (del resto vivevano ai confini con la mozartiana Salisburgo), in una naturale continuit\u00e0 con la liturgia. Ed era il pap\u00e0 a suonare e a spiegare le letture per prepararli alla Messa della domenica: allora, \u00abquando cominciava il Kyrie era come se si aprisse il cielo\u00bb.<\/span><\/p>\n<p style=\"text-align: justify;\"><span style=\"color: #000000;\"><strong>Sono ricordi importanti anche per identificare un filo conduttore &#8220;estetico&#8221;<\/strong> tutt\u2019altro che irrilevante nei suoi otto anni di pontificato e forse anche nella <img loading=\"lazy\" decoding=\"async\" class=\" wp-image-35550 alignleft\" src=\"https:\/\/www.rassegnastampa-totustuus.it\/cattolica\/wp-content\/uploads\/2006\/01\/Benedetto_XVI.jpg\" alt=\"\" width=\"222\" height=\"276\" \/>successiva vita \u201cmonastica\u201d da Papa emerito. C\u2019\u00e8 un\u2019udienza in particolare, il<\/span> <span style=\"color: #0000ff;\"><a style=\"color: #0000ff;\" href=\"https:\/\/www.vatican.va\/content\/benedict-xvi\/it\/audiences\/2009\/documents\/hf_ben-xvi_aud_20091118.html\" target=\"_blank\" rel=\"noopener noreferrer\">18 novembre 2009<\/a><\/span>,<span style=\"color: #000000;\"> interamente dedicata ai capolavori scaturiti dalla fede nei secoli medievali, evocando la celebre immagine della \u00abbianca veste\u00bb di chiese con cui Rodolfo il Glabro descriveva il fermento artistico e religioso del suo tempo. <\/span><\/p>\n<p style=\"text-align: justify;\"><span style=\"color: #000000;\">Una \u00abbianca veste\u00bb ancora oggi in grado di parlare, poich\u00e9 \u00abla forza dello stile romanico e lo splendore delle cattedrali gotiche ci rammentano che la <em>via pulchritudinis<\/em>, la via della bellezza, \u00e8 un percorso privilegiato e affascinante per avvicinarsi al Mistero di Dio\u00bb. Pochi giorni dopo, il <a style=\"color: #000000;\" href=\"https:\/\/www.vatican.va\/content\/benedict-xvi\/it\/speeches\/2009\/november\/documents\/hf_ben-xvi_spe_20091121_artisti.html\">21 novembre<\/a>, invitava specificamente gli artisti a non aver \u00abpaura di confrontarvi con la sorgente prima e ultima della bellezza\u00bb.<\/span><\/p>\n<p style=\"text-align: justify;\"><span style=\"color: #000000;\"><strong>Nella stessa ottica si pu\u00f2 leggere anche il \u201cmagistero liturgico\u201d del pontefice<\/strong>, volto a recuperare lo stupore e la sacralit\u00e0 di una liturgia troppo spesso banalizzata o vissuta come un fastidio rispetto all\u2019\u201cimpegno sociale\u201d o peggio ancora sfigurata (parole sue) da \u00abdanze vuote attorno al vitello d\u2019oro che siamo noi stessi\u00bb, nell\u2019autocelebrazione di una comunit\u00e0 che dimentica Dio. Tendenze acuitesi negli ultimi decenni e sorte sul tronco di quello che lui stesso (a colloquio con Vittorio Messori) aveva definito il <em>Konzilsungeist<\/em>, il \u00abcattivo spirito del Concilio\u00bb. <\/span><\/p>\n<p style=\"text-align: justify;\"><span style=\"color: #000000;\"><img loading=\"lazy\" decoding=\"async\" class=\"wp-image-35522 alignright\" src=\"https:\/\/www.rassegnastampa-totustuus.it\/cattolica\/wp-content\/uploads\/2011\/09\/Benedetto_XVI_Berlino.jpg\" alt=\"\" width=\"341\" height=\"260\" \/>Il Papa prefer\u00ec parlare ancora una volta il linguaggio della bellezza che veicola la verit\u00e0 dei gesti liturgici, favorendo (con il suo stesso esempio) una celebrazione orientata anche visivamente <em>ad Deum<\/em>, almeno con una croce su cui convergesse lo sguardo di sacerdote e fedeli, e un\u2019arte della predicazione in grado di indicare l\u2019eternit\u00e0 piuttosto che commentare l\u2019attualit\u00e0. <\/span><\/p>\n<p style=\"text-align: justify;\"><span style=\"color: #000000;\">E infine (ma non in ordine di importanza) la compresenza di antico e nuovo, anche riaprendo quello scrigno prezioso della liturgia tradizionale perch\u00e9 \u2013 ricordava nella <a style=\"color: #000000;\" href=\"https:\/\/www.vatican.va\/content\/benedict-xvi\/it\/letters\/2007\/documents\/hf_ben-xvi_let_20070707_lettera-vescovi.html\">lettera<\/a> che accompagnava il motuproprio <em>Summorum Pontificum<\/em> \u2013 \u00abfa bene a tutti conservare le ricchezze che sono cresciute nella fede e nella preghiera della Chiesa\u00bb. Ricchezze nascoste per decenni, che non sono patrimonio di nostalgici (come pensa chi vorrebbe richiuderle) ma che continuano a parlare al cuore di molti giovani, anche per questo grati a Benedetto XVI.<\/span><\/p>\n<p style=\"text-align: justify;\"><span style=\"color: #000000;\"><strong>Se \u00e8 vero che l\u2019arte affina la sensibilit\u00e0, quella di Benedetto XVI \u00e8 stata una delle personalit\u00e0 pi\u00f9 fini ed elevate<\/strong> della storia almeno recente. Una sorta di <img loading=\"lazy\" decoding=\"async\" class=\" wp-image-50471 alignleft\" src=\"https:\/\/www.rassegnastampa-totustuus.it\/cattolica\/wp-content\/uploads\/2021\/04\/Benedetto-XVI-300x169.jpg\" alt=\"\" width=\"355\" height=\"200\" srcset=\"https:\/\/www.rassegnastampa-totustuus.it\/cattolica\/wp-content\/uploads\/2021\/04\/Benedetto-XVI-300x169.jpg 300w, https:\/\/www.rassegnastampa-totustuus.it\/cattolica\/wp-content\/uploads\/2021\/04\/Benedetto-XVI-768x432.jpg 768w, https:\/\/www.rassegnastampa-totustuus.it\/cattolica\/wp-content\/uploads\/2021\/04\/Benedetto-XVI-1024x576.jpg 1024w, https:\/\/www.rassegnastampa-totustuus.it\/cattolica\/wp-content\/uploads\/2021\/04\/Benedetto-XVI.jpg 1280w\" sizes=\"auto, (max-width: 355px) 100vw, 355px\" \/>Mozart della fede che per otto anni si \u00e8 posato sulla \u201ctastiera\u201d della Chiesa con la stessa delicatezza con cui le sue dita scorrevano sul pianoforte nei momenti di distensione. Forse troppa delicatezza \u2013 chiss\u00e0? \u2013 ma la sua \u201cmusica\u201d continua a levarsi pi\u00f9 in alto di facili slogan e ricette da opinionista, poich\u00e9 vi risuona la \u00abcertezza che \u00e8 buono essere un uomo, perch\u00e9 vedevamo che la bont\u00e0 di Dio si rifletteva nei genitori e nei fratelli\u00bb. Una certezza \u2013 rievocata all&#8217;Incontro delle Famiglie nel <a style=\"color: #000000;\" href=\"https:\/\/www.vatican.va\/content\/benedict-xvi\/it\/speeches\/2012\/june\/documents\/hf_ben-xvi_spe_20120602_festa-testimonianze.html\">2012<\/a> \u2013 sbocciata sin dai primi anni, in quel piccolo \u201cidillio bavarese\u201d che ora Joseph Ratzinger potrebbe aver ritrovato al di l\u00e0 di questo mondo, come confidava allora: \u00abSe cerco di immaginare un po\u2019 come sar\u00e0 in Paradiso, mi sembra sempre il tempo della mia giovinezza, della mia infanzia\u00bb<\/span><\/p>\n<p>____________________________________________<\/p>\n<p><span style=\"color: #000000;\"><strong>Leggi anche:<\/strong><\/span><\/p>\n<p><a href=\"https:\/\/www.rassegnastampa-totustuus.it\/cattolica\/dal-papa-un-magistero-sulla-libert-delluomo\/\" target=\"_blank\" rel=\"noopener\"><span style=\"color: #0000ff;\">Dal Papa un magistero sulla libert\u00e0 dell\u2019uomo<\/span><\/a><\/p>\n","protected":false},"excerpt":{"rendered":"<p>Abstract: la ragione allargata il filo conduttore di Benedetto XVI. A dispetto della profondit\u00e0 intellettuale che lo pone a buon diritto tra i \u201cgrandi\u201d del pensiero contemporaneo oltre che \u2013 in prospettiva \u2013 tra i \u201cdottori\u201d de facto della Chiesa, quella di Benedetto XVI \u00e8 stata anche una \u201cpiccola via\u201d \u2013\u00a0 in grado di stupirsi &hellip; <\/p>\n<p><a class=\"more-link btn\" href=\"https:\/\/www.rassegnastampa-totustuus.it\/cattolica\/la-ragione-allargata-il-filo-conduttore-di-benedetto-xvi\/\">Continua a leggere<\/a><\/p>\n","protected":false},"author":6,"featured_media":35343,"comment_status":"closed","ping_status":"closed","sticky":false,"template":"","format":"standard","meta":{"footnotes":""},"categories":[110,5],"tags":[2407,157],"class_list":["post-55412","post","type-post","status-publish","format-standard","has-post-thumbnail","hentry","category-benedetto-xvi","category-chiesa","tag-benedetto-xvi","tag-chiesa-2","item-wrap"],"yoast_head":"<!-- This site is optimized with the Yoast SEO plugin v27.5 - https:\/\/yoast.com\/product\/yoast-seo-wordpress\/ -->\n<title>La ragione allargata il filo conduttore di Benedetto XVI - Rassegna Stampa Cattolica<\/title>\n<meta name=\"description\" content=\"La ragione allargata il filo conduttore di Benedetto XVI, che non rifiuta lo stupore e non si chiude nell&#039;orizzonte materiale\" \/>\n<meta name=\"robots\" content=\"index, follow, max-snippet:-1, max-image-preview:large, max-video-preview:-1\" \/>\n<link rel=\"canonical\" href=\"https:\/\/www.rassegnastampa-totustuus.it\/cattolica\/la-ragione-allargata-il-filo-conduttore-di-benedetto-xvi\/\" \/>\n<meta property=\"og:locale\" content=\"it_IT\" \/>\n<meta property=\"og:type\" content=\"article\" \/>\n<meta property=\"og:title\" content=\"La ragione allargata il filo conduttore di Benedetto XVI - Rassegna Stampa Cattolica\" \/>\n<meta property=\"og:description\" content=\"La ragione allargata il filo conduttore di Benedetto XVI, che non rifiuta lo stupore e non si chiude nell&#039;orizzonte materiale\" \/>\n<meta property=\"og:url\" content=\"https:\/\/www.rassegnastampa-totustuus.it\/cattolica\/la-ragione-allargata-il-filo-conduttore-di-benedetto-xvi\/\" \/>\n<meta property=\"og:site_name\" content=\"Rassegna Stampa Cattolica\" \/>\n<meta property=\"article:publisher\" content=\"https:\/\/www.facebook.com\/rassegnastampacattolica\" \/>\n<meta property=\"article:published_time\" content=\"2023-01-04T23:00:16+00:00\" \/>\n<meta property=\"article:modified_time\" content=\"2024-02-07T13:09:58+00:00\" \/>\n<meta property=\"og:image\" content=\"https:\/\/www.rassegnastampa-totustuus.it\/cattolica\/wp-content\/uploads\/2006\/09\/Benedetto_XVI.jpg\" \/>\n\t<meta property=\"og:image:width\" content=\"276\" \/>\n\t<meta property=\"og:image:height\" content=\"182\" \/>\n\t<meta property=\"og:image:type\" content=\"image\/jpeg\" \/>\n<meta name=\"author\" content=\"Redazione\" \/>\n<meta name=\"twitter:card\" content=\"summary_large_image\" \/>\n<meta name=\"twitter:creator\" content=\"@rassegnastampa9\" \/>\n<meta name=\"twitter:site\" content=\"@rassegnastampa9\" \/>\n<meta name=\"twitter:label1\" content=\"Scritto da\" \/>\n\t<meta name=\"twitter:data1\" content=\"Redazione\" \/>\n\t<meta name=\"twitter:label2\" content=\"Tempo di lettura stimato\" \/>\n\t<meta name=\"twitter:data2\" content=\"9 minuti\" \/>\n<script type=\"application\/ld+json\" class=\"yoast-schema-graph\">{\"@context\":\"https:\\\/\\\/schema.org\",\"@graph\":[{\"@type\":\"Article\",\"@id\":\"https:\\\/\\\/www.rassegnastampa-totustuus.it\\\/cattolica\\\/la-ragione-allargata-il-filo-conduttore-di-benedetto-xvi\\\/#article\",\"isPartOf\":{\"@id\":\"https:\\\/\\\/www.rassegnastampa-totustuus.it\\\/cattolica\\\/la-ragione-allargata-il-filo-conduttore-di-benedetto-xvi\\\/\"},\"author\":{\"name\":\"Redazione\",\"@id\":\"https:\\\/\\\/www.rassegnastampa-totustuus.it\\\/cattolica\\\/#\\\/schema\\\/person\\\/08f319d2bd1a0904ad9e2bfb7b15e5c3\"},\"headline\":\"La ragione allargata il filo conduttore di Benedetto XVI\",\"datePublished\":\"2023-01-04T23:00:16+00:00\",\"dateModified\":\"2024-02-07T13:09:58+00:00\",\"mainEntityOfPage\":{\"@id\":\"https:\\\/\\\/www.rassegnastampa-totustuus.it\\\/cattolica\\\/la-ragione-allargata-il-filo-conduttore-di-benedetto-xvi\\\/\"},\"wordCount\":1281,\"publisher\":{\"@id\":\"https:\\\/\\\/www.rassegnastampa-totustuus.it\\\/cattolica\\\/#organization\"},\"image\":{\"@id\":\"https:\\\/\\\/www.rassegnastampa-totustuus.it\\\/cattolica\\\/la-ragione-allargata-il-filo-conduttore-di-benedetto-xvi\\\/#primaryimage\"},\"thumbnailUrl\":\"https:\\\/\\\/www.rassegnastampa-totustuus.it\\\/cattolica\\\/wp-content\\\/uploads\\\/2006\\\/09\\\/Benedetto_XVI.jpg\",\"keywords\":[\"Benedetto XVI\",\"chiesa\"],\"articleSection\":[\"Benedetto XVI\",\"Chiesa\"],\"inLanguage\":\"it-IT\"},{\"@type\":\"WebPage\",\"@id\":\"https:\\\/\\\/www.rassegnastampa-totustuus.it\\\/cattolica\\\/la-ragione-allargata-il-filo-conduttore-di-benedetto-xvi\\\/\",\"url\":\"https:\\\/\\\/www.rassegnastampa-totustuus.it\\\/cattolica\\\/la-ragione-allargata-il-filo-conduttore-di-benedetto-xvi\\\/\",\"name\":\"La ragione allargata il filo conduttore di Benedetto XVI - Rassegna Stampa Cattolica\",\"isPartOf\":{\"@id\":\"https:\\\/\\\/www.rassegnastampa-totustuus.it\\\/cattolica\\\/#website\"},\"primaryImageOfPage\":{\"@id\":\"https:\\\/\\\/www.rassegnastampa-totustuus.it\\\/cattolica\\\/la-ragione-allargata-il-filo-conduttore-di-benedetto-xvi\\\/#primaryimage\"},\"image\":{\"@id\":\"https:\\\/\\\/www.rassegnastampa-totustuus.it\\\/cattolica\\\/la-ragione-allargata-il-filo-conduttore-di-benedetto-xvi\\\/#primaryimage\"},\"thumbnailUrl\":\"https:\\\/\\\/www.rassegnastampa-totustuus.it\\\/cattolica\\\/wp-content\\\/uploads\\\/2006\\\/09\\\/Benedetto_XVI.jpg\",\"datePublished\":\"2023-01-04T23:00:16+00:00\",\"dateModified\":\"2024-02-07T13:09:58+00:00\",\"description\":\"La ragione allargata il filo conduttore di Benedetto XVI, che non rifiuta lo stupore e non si chiude nell'orizzonte materiale\",\"breadcrumb\":{\"@id\":\"https:\\\/\\\/www.rassegnastampa-totustuus.it\\\/cattolica\\\/la-ragione-allargata-il-filo-conduttore-di-benedetto-xvi\\\/#breadcrumb\"},\"inLanguage\":\"it-IT\",\"potentialAction\":[{\"@type\":\"ReadAction\",\"target\":[\"https:\\\/\\\/www.rassegnastampa-totustuus.it\\\/cattolica\\\/la-ragione-allargata-il-filo-conduttore-di-benedetto-xvi\\\/\"]}]},{\"@type\":\"ImageObject\",\"inLanguage\":\"it-IT\",\"@id\":\"https:\\\/\\\/www.rassegnastampa-totustuus.it\\\/cattolica\\\/la-ragione-allargata-il-filo-conduttore-di-benedetto-xvi\\\/#primaryimage\",\"url\":\"https:\\\/\\\/www.rassegnastampa-totustuus.it\\\/cattolica\\\/wp-content\\\/uploads\\\/2006\\\/09\\\/Benedetto_XVI.jpg\",\"contentUrl\":\"https:\\\/\\\/www.rassegnastampa-totustuus.it\\\/cattolica\\\/wp-content\\\/uploads\\\/2006\\\/09\\\/Benedetto_XVI.jpg\",\"width\":276,\"height\":182},{\"@type\":\"BreadcrumbList\",\"@id\":\"https:\\\/\\\/www.rassegnastampa-totustuus.it\\\/cattolica\\\/la-ragione-allargata-il-filo-conduttore-di-benedetto-xvi\\\/#breadcrumb\",\"itemListElement\":[{\"@type\":\"ListItem\",\"position\":1,\"name\":\"Home\",\"item\":\"https:\\\/\\\/www.rassegnastampa-totustuus.it\\\/cattolica\\\/\"},{\"@type\":\"ListItem\",\"position\":2,\"name\":\"La ragione allargata il filo conduttore di Benedetto XVI\"}]},{\"@type\":\"WebSite\",\"@id\":\"https:\\\/\\\/www.rassegnastampa-totustuus.it\\\/cattolica\\\/#website\",\"url\":\"https:\\\/\\\/www.rassegnastampa-totustuus.it\\\/cattolica\\\/\",\"name\":\"Rassegna Stampa Cattolica\",\"description\":\"Per una cultura che nasce dalla Rivelazione cristiana in conformit\u00e0 alla tradizione e al Magistero della Chiesa in opposizione ad ogni relativismo e totalitarismo\",\"publisher\":{\"@id\":\"https:\\\/\\\/www.rassegnastampa-totustuus.it\\\/cattolica\\\/#organization\"},\"alternateName\":\"Rass. Cattolica\",\"potentialAction\":[{\"@type\":\"SearchAction\",\"target\":{\"@type\":\"EntryPoint\",\"urlTemplate\":\"https:\\\/\\\/www.rassegnastampa-totustuus.it\\\/cattolica\\\/?s={search_term_string}\"},\"query-input\":{\"@type\":\"PropertyValueSpecification\",\"valueRequired\":true,\"valueName\":\"search_term_string\"}}],\"inLanguage\":\"it-IT\"},{\"@type\":\"Organization\",\"@id\":\"https:\\\/\\\/www.rassegnastampa-totustuus.it\\\/cattolica\\\/#organization\",\"name\":\"Rassegna Stampa Cattolica\",\"url\":\"https:\\\/\\\/www.rassegnastampa-totustuus.it\\\/cattolica\\\/\",\"logo\":{\"@type\":\"ImageObject\",\"inLanguage\":\"it-IT\",\"@id\":\"https:\\\/\\\/www.rassegnastampa-totustuus.it\\\/cattolica\\\/#\\\/schema\\\/logo\\\/image\\\/\",\"url\":\"https:\\\/\\\/www.rassegnastampa-totustuus.it\\\/cattolica\\\/wp-content\\\/uploads\\\/2014\\\/04\\\/logo-rassegna1.gif\",\"contentUrl\":\"https:\\\/\\\/www.rassegnastampa-totustuus.it\\\/cattolica\\\/wp-content\\\/uploads\\\/2014\\\/04\\\/logo-rassegna1.gif\",\"width\":600,\"height\":163,\"caption\":\"Rassegna Stampa Cattolica\"},\"image\":{\"@id\":\"https:\\\/\\\/www.rassegnastampa-totustuus.it\\\/cattolica\\\/#\\\/schema\\\/logo\\\/image\\\/\"},\"sameAs\":[\"https:\\\/\\\/www.facebook.com\\\/rassegnastampacattolica\",\"https:\\\/\\\/x.com\\\/rassegnastampa9\"]},{\"@type\":\"Person\",\"@id\":\"https:\\\/\\\/www.rassegnastampa-totustuus.it\\\/cattolica\\\/#\\\/schema\\\/person\\\/08f319d2bd1a0904ad9e2bfb7b15e5c3\",\"name\":\"Redazione\",\"image\":{\"@type\":\"ImageObject\",\"inLanguage\":\"it-IT\",\"@id\":\"https:\\\/\\\/secure.gravatar.com\\\/avatar\\\/2fcdf27c78ea025fbdb44e914cc63c72249ffec9dc8aafd5c82b26240ef3f346?s=96&d=mm&r=g\",\"url\":\"https:\\\/\\\/secure.gravatar.com\\\/avatar\\\/2fcdf27c78ea025fbdb44e914cc63c72249ffec9dc8aafd5c82b26240ef3f346?s=96&d=mm&r=g\",\"contentUrl\":\"https:\\\/\\\/secure.gravatar.com\\\/avatar\\\/2fcdf27c78ea025fbdb44e914cc63c72249ffec9dc8aafd5c82b26240ef3f346?s=96&d=mm&r=g\",\"caption\":\"Redazione\"},\"url\":\"https:\\\/\\\/www.rassegnastampa-totustuus.it\\\/cattolica\\\/author\\\/pietroelle\\\/\"}]}<\/script>\n<!-- \/ Yoast SEO plugin. -->","yoast_head_json":{"title":"La ragione allargata il filo conduttore di Benedetto XVI - Rassegna Stampa Cattolica","description":"La ragione allargata il filo conduttore di Benedetto XVI, che non rifiuta lo stupore e non si chiude nell'orizzonte materiale","robots":{"index":"index","follow":"follow","max-snippet":"max-snippet:-1","max-image-preview":"max-image-preview:large","max-video-preview":"max-video-preview:-1"},"canonical":"https:\/\/www.rassegnastampa-totustuus.it\/cattolica\/la-ragione-allargata-il-filo-conduttore-di-benedetto-xvi\/","og_locale":"it_IT","og_type":"article","og_title":"La ragione allargata il filo conduttore di Benedetto XVI - Rassegna Stampa Cattolica","og_description":"La ragione allargata il filo conduttore di Benedetto XVI, che non rifiuta lo stupore e non si chiude nell'orizzonte materiale","og_url":"https:\/\/www.rassegnastampa-totustuus.it\/cattolica\/la-ragione-allargata-il-filo-conduttore-di-benedetto-xvi\/","og_site_name":"Rassegna Stampa Cattolica","article_publisher":"https:\/\/www.facebook.com\/rassegnastampacattolica","article_published_time":"2023-01-04T23:00:16+00:00","article_modified_time":"2024-02-07T13:09:58+00:00","og_image":[{"width":276,"height":182,"url":"https:\/\/www.rassegnastampa-totustuus.it\/cattolica\/wp-content\/uploads\/2006\/09\/Benedetto_XVI.jpg","type":"image\/jpeg"}],"author":"Redazione","twitter_card":"summary_large_image","twitter_creator":"@rassegnastampa9","twitter_site":"@rassegnastampa9","twitter_misc":{"Scritto da":"Redazione","Tempo di lettura stimato":"9 minuti"},"schema":{"@context":"https:\/\/schema.org","@graph":[{"@type":"Article","@id":"https:\/\/www.rassegnastampa-totustuus.it\/cattolica\/la-ragione-allargata-il-filo-conduttore-di-benedetto-xvi\/#article","isPartOf":{"@id":"https:\/\/www.rassegnastampa-totustuus.it\/cattolica\/la-ragione-allargata-il-filo-conduttore-di-benedetto-xvi\/"},"author":{"name":"Redazione","@id":"https:\/\/www.rassegnastampa-totustuus.it\/cattolica\/#\/schema\/person\/08f319d2bd1a0904ad9e2bfb7b15e5c3"},"headline":"La ragione allargata il filo conduttore di Benedetto XVI","datePublished":"2023-01-04T23:00:16+00:00","dateModified":"2024-02-07T13:09:58+00:00","mainEntityOfPage":{"@id":"https:\/\/www.rassegnastampa-totustuus.it\/cattolica\/la-ragione-allargata-il-filo-conduttore-di-benedetto-xvi\/"},"wordCount":1281,"publisher":{"@id":"https:\/\/www.rassegnastampa-totustuus.it\/cattolica\/#organization"},"image":{"@id":"https:\/\/www.rassegnastampa-totustuus.it\/cattolica\/la-ragione-allargata-il-filo-conduttore-di-benedetto-xvi\/#primaryimage"},"thumbnailUrl":"https:\/\/www.rassegnastampa-totustuus.it\/cattolica\/wp-content\/uploads\/2006\/09\/Benedetto_XVI.jpg","keywords":["Benedetto XVI","chiesa"],"articleSection":["Benedetto XVI","Chiesa"],"inLanguage":"it-IT"},{"@type":"WebPage","@id":"https:\/\/www.rassegnastampa-totustuus.it\/cattolica\/la-ragione-allargata-il-filo-conduttore-di-benedetto-xvi\/","url":"https:\/\/www.rassegnastampa-totustuus.it\/cattolica\/la-ragione-allargata-il-filo-conduttore-di-benedetto-xvi\/","name":"La ragione allargata il filo conduttore di Benedetto XVI - Rassegna Stampa Cattolica","isPartOf":{"@id":"https:\/\/www.rassegnastampa-totustuus.it\/cattolica\/#website"},"primaryImageOfPage":{"@id":"https:\/\/www.rassegnastampa-totustuus.it\/cattolica\/la-ragione-allargata-il-filo-conduttore-di-benedetto-xvi\/#primaryimage"},"image":{"@id":"https:\/\/www.rassegnastampa-totustuus.it\/cattolica\/la-ragione-allargata-il-filo-conduttore-di-benedetto-xvi\/#primaryimage"},"thumbnailUrl":"https:\/\/www.rassegnastampa-totustuus.it\/cattolica\/wp-content\/uploads\/2006\/09\/Benedetto_XVI.jpg","datePublished":"2023-01-04T23:00:16+00:00","dateModified":"2024-02-07T13:09:58+00:00","description":"La ragione allargata il filo conduttore di Benedetto XVI, che non rifiuta lo stupore e non si chiude nell'orizzonte materiale","breadcrumb":{"@id":"https:\/\/www.rassegnastampa-totustuus.it\/cattolica\/la-ragione-allargata-il-filo-conduttore-di-benedetto-xvi\/#breadcrumb"},"inLanguage":"it-IT","potentialAction":[{"@type":"ReadAction","target":["https:\/\/www.rassegnastampa-totustuus.it\/cattolica\/la-ragione-allargata-il-filo-conduttore-di-benedetto-xvi\/"]}]},{"@type":"ImageObject","inLanguage":"it-IT","@id":"https:\/\/www.rassegnastampa-totustuus.it\/cattolica\/la-ragione-allargata-il-filo-conduttore-di-benedetto-xvi\/#primaryimage","url":"https:\/\/www.rassegnastampa-totustuus.it\/cattolica\/wp-content\/uploads\/2006\/09\/Benedetto_XVI.jpg","contentUrl":"https:\/\/www.rassegnastampa-totustuus.it\/cattolica\/wp-content\/uploads\/2006\/09\/Benedetto_XVI.jpg","width":276,"height":182},{"@type":"BreadcrumbList","@id":"https:\/\/www.rassegnastampa-totustuus.it\/cattolica\/la-ragione-allargata-il-filo-conduttore-di-benedetto-xvi\/#breadcrumb","itemListElement":[{"@type":"ListItem","position":1,"name":"Home","item":"https:\/\/www.rassegnastampa-totustuus.it\/cattolica\/"},{"@type":"ListItem","position":2,"name":"La ragione allargata il filo conduttore di Benedetto XVI"}]},{"@type":"WebSite","@id":"https:\/\/www.rassegnastampa-totustuus.it\/cattolica\/#website","url":"https:\/\/www.rassegnastampa-totustuus.it\/cattolica\/","name":"Rassegna Stampa Cattolica","description":"Per una cultura che nasce dalla Rivelazione cristiana in conformit\u00e0 alla tradizione e al Magistero della Chiesa in opposizione ad ogni relativismo e totalitarismo","publisher":{"@id":"https:\/\/www.rassegnastampa-totustuus.it\/cattolica\/#organization"},"alternateName":"Rass. Cattolica","potentialAction":[{"@type":"SearchAction","target":{"@type":"EntryPoint","urlTemplate":"https:\/\/www.rassegnastampa-totustuus.it\/cattolica\/?s={search_term_string}"},"query-input":{"@type":"PropertyValueSpecification","valueRequired":true,"valueName":"search_term_string"}}],"inLanguage":"it-IT"},{"@type":"Organization","@id":"https:\/\/www.rassegnastampa-totustuus.it\/cattolica\/#organization","name":"Rassegna Stampa Cattolica","url":"https:\/\/www.rassegnastampa-totustuus.it\/cattolica\/","logo":{"@type":"ImageObject","inLanguage":"it-IT","@id":"https:\/\/www.rassegnastampa-totustuus.it\/cattolica\/#\/schema\/logo\/image\/","url":"https:\/\/www.rassegnastampa-totustuus.it\/cattolica\/wp-content\/uploads\/2014\/04\/logo-rassegna1.gif","contentUrl":"https:\/\/www.rassegnastampa-totustuus.it\/cattolica\/wp-content\/uploads\/2014\/04\/logo-rassegna1.gif","width":600,"height":163,"caption":"Rassegna Stampa Cattolica"},"image":{"@id":"https:\/\/www.rassegnastampa-totustuus.it\/cattolica\/#\/schema\/logo\/image\/"},"sameAs":["https:\/\/www.facebook.com\/rassegnastampacattolica","https:\/\/x.com\/rassegnastampa9"]},{"@type":"Person","@id":"https:\/\/www.rassegnastampa-totustuus.it\/cattolica\/#\/schema\/person\/08f319d2bd1a0904ad9e2bfb7b15e5c3","name":"Redazione","image":{"@type":"ImageObject","inLanguage":"it-IT","@id":"https:\/\/secure.gravatar.com\/avatar\/2fcdf27c78ea025fbdb44e914cc63c72249ffec9dc8aafd5c82b26240ef3f346?s=96&d=mm&r=g","url":"https:\/\/secure.gravatar.com\/avatar\/2fcdf27c78ea025fbdb44e914cc63c72249ffec9dc8aafd5c82b26240ef3f346?s=96&d=mm&r=g","contentUrl":"https:\/\/secure.gravatar.com\/avatar\/2fcdf27c78ea025fbdb44e914cc63c72249ffec9dc8aafd5c82b26240ef3f346?s=96&d=mm&r=g","caption":"Redazione"},"url":"https:\/\/www.rassegnastampa-totustuus.it\/cattolica\/author\/pietroelle\/"}]}},"_links":{"self":[{"href":"https:\/\/www.rassegnastampa-totustuus.it\/cattolica\/wp-json\/wp\/v2\/posts\/55412","targetHints":{"allow":["GET"]}}],"collection":[{"href":"https:\/\/www.rassegnastampa-totustuus.it\/cattolica\/wp-json\/wp\/v2\/posts"}],"about":[{"href":"https:\/\/www.rassegnastampa-totustuus.it\/cattolica\/wp-json\/wp\/v2\/types\/post"}],"author":[{"embeddable":true,"href":"https:\/\/www.rassegnastampa-totustuus.it\/cattolica\/wp-json\/wp\/v2\/users\/6"}],"replies":[{"embeddable":true,"href":"https:\/\/www.rassegnastampa-totustuus.it\/cattolica\/wp-json\/wp\/v2\/comments?post=55412"}],"version-history":[{"count":2,"href":"https:\/\/www.rassegnastampa-totustuus.it\/cattolica\/wp-json\/wp\/v2\/posts\/55412\/revisions"}],"predecessor-version":[{"id":59451,"href":"https:\/\/www.rassegnastampa-totustuus.it\/cattolica\/wp-json\/wp\/v2\/posts\/55412\/revisions\/59451"}],"wp:featuredmedia":[{"embeddable":true,"href":"https:\/\/www.rassegnastampa-totustuus.it\/cattolica\/wp-json\/wp\/v2\/media\/35343"}],"wp:attachment":[{"href":"https:\/\/www.rassegnastampa-totustuus.it\/cattolica\/wp-json\/wp\/v2\/media?parent=55412"}],"wp:term":[{"taxonomy":"category","embeddable":true,"href":"https:\/\/www.rassegnastampa-totustuus.it\/cattolica\/wp-json\/wp\/v2\/categories?post=55412"},{"taxonomy":"post_tag","embeddable":true,"href":"https:\/\/www.rassegnastampa-totustuus.it\/cattolica\/wp-json\/wp\/v2\/tags?post=55412"}],"curies":[{"name":"wp","href":"https:\/\/api.w.org\/{rel}","templated":true}]}}