{"id":55395,"date":"2023-01-05T00:00:03","date_gmt":"2023-01-04T23:00:03","guid":{"rendered":"http:\/\/www.rassegnastampa-totustuus.it\/cattolica\/?p=55395"},"modified":"2024-02-07T14:55:46","modified_gmt":"2024-02-07T13:55:46","slug":"la-profezia-di-ratzinger-sul-futuro-della-chiesa","status":"publish","type":"post","link":"https:\/\/www.rassegnastampa-totustuus.it\/cattolica\/la-profezia-di-ratzinger-sul-futuro-della-chiesa\/","title":{"rendered":"La profezia di Ratzinger sul futuro della Chiesa"},"content":{"rendered":"<p style=\"text-align: center;\"><span style=\"color: #000000;\"><strong><img loading=\"lazy\" decoding=\"async\" class=\"size-full wp-image-47172 alignright\" src=\"https:\/\/www.rassegnastampa-totustuus.it\/cattolica\/wp-content\/uploads\/2020\/05\/Joseph_Ratzinger.jpg\" alt=\"\" width=\"190\" height=\"265\" \/><\/strong><\/span><\/p>\n<p style=\"text-align: justify;\"><span style=\"color: #000000;\"><strong>Abstract:<\/strong><\/span> <em><span style=\"color: #000000;\">la profezia di Ratzinger sul futuro della Chiesa che sarebbe diventata <\/span><\/em><span style=\"color: #000000;\"><em>\u00abquel piccolo gregge di credenti\u00bb. Ratzinger affermava che \u00aballa crisi odierna emerger\u00e0 una Chiesa che avr\u00e0 perso molto. Diverr\u00e0 piccola e dovr\u00e0 ripartire pi\u00f9 o meno dagli inizi. Il professore Joseph Ratzinger si diceva convinto che la Chiesa stesse vivendo un\u2019epoca analoga a quella successiva all\u2019Illuminismo e alla Rivoluzione francese: \u00abSiamo a un enorme punto di svolta nell\u2019evoluzione del genere umano. Un momento rispetto al quale il passaggio dal Medioevo ai tempi moderni sembra quasi insignificante\u00bb.\u00a0<\/em><\/span><\/p>\n<p><!--more--><\/p>\n<p style=\"text-align: center;\"><span style=\"color: #000000;\"><strong>Korazim.com<\/strong> 8 Ottobre 2021\u00a0<\/span><\/p>\n<h3 style=\"text-align: center;\"><span style=\"color: #000000;\">La profezia di Ratzinger del 1969 sul futuro <\/span><\/h3>\n<h3 style=\"text-align: center;\"><span style=\"color: #000000;\">di una \u00abChiesa della Fede\u00bb <\/span><\/h3>\n<h3 style=\"text-align: center;\"><span style=\"color: #000000;\">e \u00abquel piccolo gregge di credenti\u00bb.<\/span><\/h3>\n<p style=\"text-align: center;\"><span style=\"color: #000000;\">di <strong>Vik van Brantegem<\/strong> <\/span><\/p>\n<p style=\"text-align: justify;\"><span style=\"color: #000000;\"><em>La profezia sul futuro di una \u00abChiesa della Fede\u00bb e \u00abquel piccolo gregge di credenti\u00bb concluse un ciclo di cinque lezioni radiofoniche, che l\u2019allora professore di teologia Joseph Ratzinger svolse nel 1969. Dopo aver rotto con gli amici teologi Hans K\u00fcng, Edward Schillebeeckx e Karl Rahner sull\u2019interpretazione del Concilio Vaticano II, iniziano nuove amicizie con i teologi Hans Urs von Balthasar e Henri de Lubac, con i quali dar\u00e0 vita alla rivista Communio. Nelle cinque lezioni, il teologo e futuro Papa, in quel complesso 1969 tracciava la propria visione sul futuro dell\u2019uomo e della Chiesa.<\/em><\/span><\/p>\n<p style=\"text-align: justify;\"><span style=\"color: #000000;\">\u00c8 soprattutto l\u2019ultima lezione, nel giorno di Natale del 1969, ai microfoni della <em>Hessischer Rundfunk<\/em>, ad assumere i toni della profezia.<\/span><\/p>\n<p style=\"text-align: justify;\"><span style=\"color: #000000;\"><img loading=\"lazy\" decoding=\"async\" class=\"size-medium wp-image-47902 alignleft\" src=\"https:\/\/www.rassegnastampa-totustuus.it\/cattolica\/wp-content\/uploads\/2020\/07\/chiesa_concilio_vaticano-300x145.jpg\" alt=\"\" width=\"300\" height=\"145\" srcset=\"https:\/\/www.rassegnastampa-totustuus.it\/cattolica\/wp-content\/uploads\/2020\/07\/chiesa_concilio_vaticano-300x145.jpg 300w, https:\/\/www.rassegnastampa-totustuus.it\/cattolica\/wp-content\/uploads\/2020\/07\/chiesa_concilio_vaticano-768x371.jpg 768w, https:\/\/www.rassegnastampa-totustuus.it\/cattolica\/wp-content\/uploads\/2020\/07\/chiesa_concilio_vaticano-1024x495.jpg 1024w, https:\/\/www.rassegnastampa-totustuus.it\/cattolica\/wp-content\/uploads\/2020\/07\/chiesa_concilio_vaticano.jpg 1588w\" sizes=\"auto, (max-width: 300px) 100vw, 300px\" \/>Il Professore Joseph Ratzinger si diceva convinto che la Chiesa stesse vivendo un\u2019epoca analoga a quella successiva all\u2019Illuminismo e alla Rivoluzione francese: \u00abSiamo a un enorme punto di svolta nell\u2019evoluzione del genere umano. Un momento rispetto al quale il passaggio dal Medioevo ai tempi moderni sembra quasi insignificante\u00bb. <\/span><\/p>\n<p style=\"text-align: justify;\"><span style=\"color: #000000;\">Il Professor Ratzinger paragonava l\u2019era attuale con quella di Papa Pio VI, rapito dalle truppe della Repubblica francese e morto in prigionia nel 1799. La Chiesa si era trovata allora alle prese con una forza che intendeva estinguerla per sempre, aveva visto i propri beni confiscati e gli ordini religiosi dissolti. Una condizione non molto diversa, spiegava, potrebbe attendere la Chiesa odierna, minata dalla tentazione di ridurre i preti ad \u201cassistenti sociali\u201d e la propria opera a mera presenza politica.<\/span><\/p>\n<p style=\"text-align: justify;\"><span style=\"color: #000000;\"><img loading=\"lazy\" decoding=\"async\" class=\"size-medium wp-image-45571 alignright\" src=\"https:\/\/www.rassegnastampa-totustuus.it\/cattolica\/wp-content\/uploads\/2019\/12\/Rivoluzione_francese-300x243.jpg\" alt=\"\" width=\"300\" height=\"243\" srcset=\"https:\/\/www.rassegnastampa-totustuus.it\/cattolica\/wp-content\/uploads\/2019\/12\/Rivoluzione_francese-300x243.jpg 300w, https:\/\/www.rassegnastampa-totustuus.it\/cattolica\/wp-content\/uploads\/2019\/12\/Rivoluzione_francese-768x622.jpg 768w, https:\/\/www.rassegnastampa-totustuus.it\/cattolica\/wp-content\/uploads\/2019\/12\/Rivoluzione_francese-1024x829.jpg 1024w\" sizes=\"auto, (max-width: 300px) 100vw, 300px\" \/>Ratzinger affermava che \u00aballa crisi odierna emerger\u00e0 una Chiesa che avr\u00e0 perso molto. Diverr\u00e0 piccola e dovr\u00e0 ripartire pi\u00f9 o meno dagli inizi. Non sar\u00e0 pi\u00f9 in grado di abitare gli edifici che ha costruito in tempi di prosperit\u00e0. Con il diminuire dei suoi fedeli, perder\u00e0 anche gran parte dei privilegi sociali\u00bb e ripartir\u00e0 da piccoli gruppi, da movimenti e da una minoranza che rimetter\u00e0 la Fede al centro dell\u2019esperienza. \u00abSar\u00e0 una Chiesa pi\u00f9 spirituale, che non si arrogher\u00e0 un mandato politico flirtando ora con la Sinistra e ora con la Destra. Sar\u00e0 povera e diventer\u00e0 la Chiesa degli indigenti\u00bb.<\/span><\/p>\n<p style=\"text-align: justify;\"><span style=\"color: #000000;\"><img loading=\"lazy\" decoding=\"async\" class=\" wp-image-49325 alignleft\" src=\"https:\/\/www.rassegnastampa-totustuus.it\/cattolica\/wp-content\/uploads\/2020\/11\/giovani_solitudine-1.jpg\" alt=\"\" width=\"204\" height=\"139\" \/>Quello che il Professor Ratzinger delineava, era \u00abun processo lungo, ma quando tutto il travaglio sar\u00e0 passato, emerger\u00e0 un grande potere da una Chiesa pi\u00f9 spirituale e semplificata\u00bb. A quel punto gli uomini scopriranno di abitare un mondo di \u00abindescrivibile solitudine\u00bb e avendo perso di vista Dio, \u00abavvertiranno l\u2019orrore della loro povert\u00e0\u00bb. Allora, e solo allora, concludeva, vedranno \u00abquel piccolo gregge di credenti come qualcosa di totalmente nuovo: lo scopriranno come una speranza per s\u00e9 stessi, la risposta che avevano sempre cercato in segreto\u00bb.<\/span><\/p>\n<p style=\"text-align: center;\"><span style=\"color: #000000;\">* * * *<\/span><\/p>\n<h4 style=\"text-align: justify;\"><span style=\"color: #000000;\"><strong>La traduzione italiana delle parole di Professore Joseph Ratzinger, rispondendo alla domanda di coloro che si chiedevano cosa sarebbe diventata la Chiesa in futuro durante la trasmissione radiofonica del 25 dicembre 1969 <\/strong><\/span><\/h4>\n<p style=\"text-align: justify;\"><span style=\"color: #000000;\"><img loading=\"lazy\" decoding=\"async\" class=\" wp-image-32395 alignleft\" src=\"https:\/\/www.rassegnastampa-totustuus.it\/cattolica\/wp-content\/uploads\/2005\/05\/Agostino.jpg\" alt=\"\" width=\"151\" height=\"204\" \/>(\u2026) Dobbiamo essere cauti nei nostri pronostici. Quello che ha detto Sant\u2019Agostino \u00e8 ancora vero: l\u2019uomo \u00e8 un abisso; nessuno pu\u00f2 prevedere quello che uscir\u00e0 da queste profondit\u00e0. E chiunque creda che la Chiesa sia non solo determinata dall\u2019abisso che \u00e8 l\u2019uomo, ma raggiunga l\u2019abisso pi\u00f9 grande, infinito, che \u00e8 Dio, sar\u00e0 il primo a esitare con le sue predizioni, perch\u00e9 questo ingenuo desiderio di sapere con certezza potrebbe essere solo l\u2019annuncio della sua inettitudine storica. (\u2026)<\/span><\/p>\n<p style=\"text-align: justify;\"><span style=\"color: #000000;\">Il futuro della Chiesa pu\u00f2 risiedere e risieder\u00e0 in coloro le cui radici sono profonde e che vivono nella pienezza pura della loro fede. Non risieder\u00e0 in coloro che non fanno altro che adattarsi al momento presente o in quelli che si limitano a criticare gli altri e assumono di essere metri di giudizio infallibili, n\u00e9 in coloro che prendono la strada pi\u00f9 semplice, che eludono la passione della fede, dichiarandola falsa e obsoleta, tirannica e legalistica, tutto ci\u00f2 che esige qualcosa dagli uomini, li ferisce e li obbliga a sacrificarsi. <\/span><\/p>\n<p style=\"text-align: justify;\"><span style=\"color: #000000;\"><img loading=\"lazy\" decoding=\"async\" class=\"size-medium wp-image-42746 alignright\" src=\"https:\/\/www.rassegnastampa-totustuus.it\/cattolica\/wp-content\/uploads\/2019\/04\/santi_beati_grande-300x300.jpg\" alt=\"\" width=\"300\" height=\"300\" srcset=\"https:\/\/www.rassegnastampa-totustuus.it\/cattolica\/wp-content\/uploads\/2019\/04\/santi_beati_grande-300x300.jpg 300w, https:\/\/www.rassegnastampa-totustuus.it\/cattolica\/wp-content\/uploads\/2019\/04\/santi_beati_grande-150x150.jpg 150w, https:\/\/www.rassegnastampa-totustuus.it\/cattolica\/wp-content\/uploads\/2019\/04\/santi_beati_grande-768x768.jpg 768w, https:\/\/www.rassegnastampa-totustuus.it\/cattolica\/wp-content\/uploads\/2019\/04\/santi_beati_grande-1024x1024.jpg 1024w, https:\/\/www.rassegnastampa-totustuus.it\/cattolica\/wp-content\/uploads\/2019\/04\/santi_beati_grande.jpg 1080w\" sizes=\"auto, (max-width: 300px) 100vw, 300px\" \/>Per dirla in modo pi\u00f9 positivo: il futuro della Chiesa, ancora una volta come sempre, verr\u00e0 rimodellato dai santi, ovvero dagli uomini le cui menti sono pi\u00f9 profonde degli slogan del giorno, che vedono pi\u00f9 di quello che vedono gli altri, perch\u00e9 la loro vita abbraccia una realt\u00e0 pi\u00f9 ampia. La generosit\u00e0, che rende gli uomini liberi, si raggiunge solo attraverso la pazienza di piccoli atti quotidiani di negazione di s\u00e9. Con questa passione quotidiana, che rivela all\u2019uomo in quanti modi \u00e8 schiavizzata dal suo ego, da questa passione quotidiana e solo da questa, gli occhi umani vengono aperti lentamente. <\/span><\/p>\n<p style=\"text-align: justify;\"><span style=\"color: #000000;\">L\u2019uomo vede solo nella misura di quello che ha vissuto e sofferto. Se oggi non siamo pi\u00f9 molto capaci di diventare consapevoli di Dio, \u00e8 perch\u00e9 troviamo molto semplice evadere, sfuggire alle profondit\u00e0 del nostro essere attraverso il senso narcotico di questo o quel piacere. In questo modo, le nostre profondit\u00e0 interiori ci rimangono precluse. Se \u00e8 vero che un uomo pu\u00f2 vedere solo col cuore, allora quanto siamo ciechi!<\/span><\/p>\n<p style=\"text-align: justify;\"><span style=\"color: #000000;\"><img loading=\"lazy\" decoding=\"async\" class=\" wp-image-44215 alignleft\" src=\"https:\/\/www.rassegnastampa-totustuus.it\/cattolica\/wp-content\/uploads\/2019\/09\/messa_consacrazione_chiesa-300x226.jpg\" alt=\"\" width=\"248\" height=\"187\" srcset=\"https:\/\/www.rassegnastampa-totustuus.it\/cattolica\/wp-content\/uploads\/2019\/09\/messa_consacrazione_chiesa-300x226.jpg 300w, https:\/\/www.rassegnastampa-totustuus.it\/cattolica\/wp-content\/uploads\/2019\/09\/messa_consacrazione_chiesa.jpg 400w\" sizes=\"auto, (max-width: 248px) 100vw, 248px\" \/>In che modo tutto questo influisce sul problema che stiamo esaminando? Significa che tutto il parlare di coloro che profetizzano una Chiesa senza Dio e senza fede sono solo chiacchiere vane.<\/span><\/p>\n<p style=\"text-align: justify;\"><span style=\"color: #000000;\">Non abbiamo bisogno di una Chiesa che celebra il culto dell\u2019azione nelle preghiere politiche. \u00c8 del tutto superfluo. E quindi si distrugger\u00e0. Ci\u00f2 che rimarr\u00e0 sar\u00e0 la Chiesa di Ges\u00f9 Cristo, la Chiesa che crede nel Dio che \u00e8 diventato uomo e ci promette la vita dopo la morte. Il tipo di sacerdote che non \u00e8 altro che un operatore sociale pu\u00f2 essere sostituito dallo psicoterapeuta e da altri specialisti, ma il sacerdote che non \u00e8 uno specialista, che non sta sugli spalti a guardare il gioco, a dare consigli ufficiali, ma si mette in nome di Dio a disposizione dell\u2019uomo, che lo accompagna nei suoi dolori, nelle sue gioie, nelle sue speranze e nelle sue paure, un sacerdote di questo tipo sar\u00e0 sicuramente necessario in futuro.<\/span><\/p>\n<p style=\"text-align: justify;\"><span style=\"color: #000000;\"><img loading=\"lazy\" decoding=\"async\" class=\"size-full wp-image-40675 alignright\" src=\"https:\/\/www.rassegnastampa-totustuus.it\/cattolica\/wp-content\/uploads\/2018\/07\/chiesa_diroccata.jpg\" alt=\"\" width=\"275\" height=\"183\" \/>Facciamo un altro passo. Dalla crisi odierna emerger\u00e0 una Chiesa che avr\u00e0 perso molto. Diventer\u00e0 piccola e dovr\u00e0 ripartire pi\u00f9 o meno dagli inizi. Non sar\u00e0 pi\u00f9 in grado di abitare molti degli edifici che aveva costruito nella prosperit\u00e0. Poich\u00e9 il numero dei suoi fedeli diminuir\u00e0, perder\u00e0 anche gran parte dei privilegi sociali. In contrasto con un periodo precedente, verr\u00e0 vista molto di pi\u00f9 come una societ\u00e0 volontaria, in cui si entra solo per libera decisione. In quanto piccola societ\u00e0, avanzer\u00e0 richieste molto superiori su iniziativa dei suoi membri individuali.<\/span><\/p>\n<p style=\"text-align: justify;\"><span style=\"color: #000000;\">Scoprir\u00e0 senza dubbio nuove forme di ministero e ordiner\u00e0 al sacerdozio cristiani che svolgono qualche professione. In molte congregazioni pi\u00f9 piccole o in gruppi sociali autosufficienti, l\u2019assistenza pastorale verr\u00e0 normalmente fornita in questo modo. Accanto a questo, il ministero sacerdotale a tempo pieno sar\u00e0 indispensabile come in precedenza. <\/span><\/p>\n<p style=\"text-align: justify;\"><span style=\"color: #000000;\"><img loading=\"lazy\" decoding=\"async\" class=\"size-full wp-image-52024 alignleft\" src=\"https:\/\/www.rassegnastampa-totustuus.it\/cattolica\/wp-content\/uploads\/2021\/07\/chiesa_trinit\u00e0.jpg\" alt=\"\" width=\"195\" height=\"258\" \/>Ma nonostante tutti questi cambiamenti che si possono presumere, la Chiesa trover\u00e0 di nuovo e con tutta l\u2019energia ci\u00f2 che le \u00e8 essenziale, ci\u00f2 che \u00e8 sempre stato il suo centro: la fede nel Dio Uno e Trino, in Ges\u00f9 Cristo, il Figlio di Dio fattosi uomo, nell\u2019assistenza dello Spirito, che durer\u00e0 fino alla fine. Ripartir\u00e0 da piccoli gruppi, da movimenti e da una minoranza che rimetter\u00e0 la fede e la preghiera al centro dell\u2019esperienza e sperimenter\u00e0 di nuovo i sacramenti come servizio divino e non come un problema di struttura liturgica.<\/span><\/p>\n<p style=\"text-align: justify;\"><span style=\"color: #000000;\">Sar\u00e0 una Chiesa pi\u00f9 spirituale, che non si arrogher\u00e0 un mandato politico flirtando ora con la sinistra e ora con la destra. Essa far\u00e0 questo con fatica. Il processo infatti della cristallizzazione e della chiarificazione la render\u00e0 povera, la far\u00e0 diventare una Chiesa dei piccoli, il processo sar\u00e0 lungo e faticoso, perch\u00e9 dovranno essere eliminate la ristrettezza di vedute settaria e la caparbiet\u00e0 pomposa.<\/span><\/p>\n<p style=\"text-align: justify;\"><span style=\"color: #000000;\">Si potrebbe predire che tutto questo richieder\u00e0 tempo.<\/span><\/p>\n<p style=\"text-align: justify;\"><span style=\"color: #000000;\"><img loading=\"lazy\" decoding=\"async\" class=\"size-full wp-image-52774 alignright\" src=\"https:\/\/www.rassegnastampa-totustuus.it\/cattolica\/wp-content\/uploads\/2021\/10\/san_Pietro_chiesa_vaticano.jpg\" alt=\"\" width=\"253\" height=\"199\" \/>Il processo sar\u00e0 lungo e faticoso, come lo \u00e8 stata la strada dal falso progressismo alla vigilia della Rivoluzione Francese \u2013quando un vescovo poteva essere ritenuto furbo se si prendeva gioco dei dogmi e insinuava addirittura che l\u2019esistenza di Dio non fosse affatto certa\u2013 al rinnovamento del XIX secolo. Ma dopo la prova di queste divisioni uscir\u00e0 da una Chiesa interiorizzata e semplificata una grande forza. <\/span><\/p>\n<p style=\"text-align: justify;\"><span style=\"color: #000000;\">Gli uomini che vivranno in un mondo totalmente programmato vivranno una solitudine indicibile. Se avranno perduto completamente il senso di Dio, sentiranno tutto l\u2019orrore della loro povert\u00e0. Ed essi scopriranno allora la piccola comunit\u00e0 dei credenti come qualcosa di totalmente nuovo: lo scopriranno come una speranza per se stessi, la risposta che avevano sempre cercato in segreto.<\/span><\/p>\n<p style=\"text-align: justify;\"><span style=\"color: #000000;\"><img loading=\"lazy\" decoding=\"async\" class=\"size-full wp-image-38492 alignleft\" src=\"https:\/\/www.rassegnastampa-totustuus.it\/cattolica\/wp-content\/uploads\/2017\/09\/Chiesa_tempesta.jpg\" alt=\"\" width=\"252\" height=\"200\" \/>A me sembra certo che si stanno preparando per la Chiesa tempi molto difficili. La sua vera crisi \u00e8 appena incominciata. Si deve fare i conti con grandi sommovimenti. Ma io sono anche certissimo di ci\u00f2 che rimarr\u00e0 alla fine: non la Chiesa del culto politico, che \u00e8 gi\u00e0 morto, ma la Chiesa della fede. Certo essa non sar\u00e0 pi\u00f9 la forza sociale dominante nella misura in cui lo era fino a poco tempo fa. Ma la Chiesa conoscer\u00e0 una nuova fioritura e apparir\u00e0 come la casa dell\u2019uomo, dove trovare vita e speranza oltre la morte\u201d.<\/span><\/p>\n<p style=\"text-align: justify;\"><span style=\"color: #000000;\">La Chiesa cattolica sopravvivr\u00e0 nonostante uomini e donne, non necessariamente a causa loro, e comunque abbiamo ancora la nostra parte da fare. Dobbiamo pregare e coltivare la generosit\u00e0, la negazione di s\u00e9, la fedelt\u00e0, la devozione sacramentale e una vita centrata in Cristo.<\/span><\/p>\n<p style=\"text-align: right;\"><span style=\"color: #000000;\"><strong>Joseph Ratzinger<\/strong><\/span><\/p>\n<p>________________________________________<\/p>\n<p><strong>Si legga anche:\u00a0<\/strong><\/p>\n<p><a href=\"https:\/\/www.rassegnastampa-totustuus.it\/cattolica\/il-futuro-della-chiesa-e-della-religione-secondo-ratzinger\/\" target=\"_blank\" rel=\"noopener\"><span style=\"color: #0000ff;\">Il futuro della Chiesa e della religione secondo Ratzinger<\/span><\/a><\/p>\n","protected":false},"excerpt":{"rendered":"<p>Abstract: la profezia di Ratzinger sul futuro della Chiesa che sarebbe diventata \u00abquel piccolo gregge di credenti\u00bb. Ratzinger affermava che \u00aballa crisi odierna emerger\u00e0 una Chiesa che avr\u00e0 perso molto. Diverr\u00e0 piccola e dovr\u00e0 ripartire pi\u00f9 o meno dagli inizi. Il professore Joseph Ratzinger si diceva convinto che la Chiesa stesse vivendo un\u2019epoca analoga a &hellip; <\/p>\n<p><a class=\"more-link btn\" href=\"https:\/\/www.rassegnastampa-totustuus.it\/cattolica\/la-profezia-di-ratzinger-sul-futuro-della-chiesa\/\">Continua a leggere<\/a><\/p>\n","protected":false},"author":6,"featured_media":47172,"comment_status":"closed","ping_status":"closed","sticky":false,"template":"","format":"standard","meta":{"footnotes":""},"categories":[5],"tags":[157,344,1036],"class_list":["post-55395","post","type-post","status-publish","format-standard","has-post-thumbnail","hentry","category-chiesa","tag-chiesa-2","tag-concilio-vaticano-ii","tag-joseph-ratzinger","item-wrap"],"yoast_head":"<!-- This site is optimized with the Yoast SEO plugin v27.5 - https:\/\/yoast.com\/product\/yoast-seo-wordpress\/ -->\n<title>La profezia di Ratzinger sul futuro della Chiesa - Rassegna Stampa Cattolica<\/title>\n<meta name=\"description\" content=\"la profezia di Ratzinger sul futuro della Chiesa piccolo gregge di credenti con cui concluse un ciclo di cinque lezioni radiofoniche\" \/>\n<meta name=\"robots\" content=\"index, follow, max-snippet:-1, max-image-preview:large, max-video-preview:-1\" \/>\n<link rel=\"canonical\" href=\"https:\/\/www.rassegnastampa-totustuus.it\/cattolica\/la-profezia-di-ratzinger-sul-futuro-della-chiesa\/\" \/>\n<meta property=\"og:locale\" content=\"it_IT\" \/>\n<meta property=\"og:type\" content=\"article\" \/>\n<meta property=\"og:title\" content=\"La profezia di Ratzinger sul futuro della Chiesa - Rassegna Stampa Cattolica\" \/>\n<meta property=\"og:description\" content=\"la profezia di Ratzinger sul futuro della Chiesa piccolo gregge di credenti con cui concluse un ciclo di cinque lezioni radiofoniche\" \/>\n<meta property=\"og:url\" content=\"https:\/\/www.rassegnastampa-totustuus.it\/cattolica\/la-profezia-di-ratzinger-sul-futuro-della-chiesa\/\" \/>\n<meta property=\"og:site_name\" content=\"Rassegna Stampa Cattolica\" \/>\n<meta property=\"article:publisher\" content=\"https:\/\/www.facebook.com\/rassegnastampacattolica\" \/>\n<meta property=\"article:published_time\" content=\"2023-01-04T23:00:03+00:00\" \/>\n<meta property=\"article:modified_time\" content=\"2024-02-07T13:55:46+00:00\" \/>\n<meta property=\"og:image\" content=\"https:\/\/www.rassegnastampa-totustuus.it\/cattolica\/wp-content\/uploads\/2020\/05\/Joseph_Ratzinger.jpg\" \/>\n\t<meta property=\"og:image:width\" content=\"190\" \/>\n\t<meta property=\"og:image:height\" content=\"265\" \/>\n\t<meta property=\"og:image:type\" content=\"image\/jpeg\" \/>\n<meta name=\"author\" content=\"Redazione\" \/>\n<meta name=\"twitter:card\" content=\"summary_large_image\" \/>\n<meta name=\"twitter:creator\" content=\"@rassegnastampa9\" \/>\n<meta name=\"twitter:site\" content=\"@rassegnastampa9\" \/>\n<meta name=\"twitter:label1\" content=\"Scritto da\" \/>\n\t<meta name=\"twitter:data1\" content=\"Redazione\" \/>\n\t<meta name=\"twitter:label2\" content=\"Tempo di lettura stimato\" \/>\n\t<meta name=\"twitter:data2\" content=\"12 minuti\" \/>\n<script type=\"application\/ld+json\" class=\"yoast-schema-graph\">{\"@context\":\"https:\\\/\\\/schema.org\",\"@graph\":[{\"@type\":\"Article\",\"@id\":\"https:\\\/\\\/www.rassegnastampa-totustuus.it\\\/cattolica\\\/la-profezia-di-ratzinger-sul-futuro-della-chiesa\\\/#article\",\"isPartOf\":{\"@id\":\"https:\\\/\\\/www.rassegnastampa-totustuus.it\\\/cattolica\\\/la-profezia-di-ratzinger-sul-futuro-della-chiesa\\\/\"},\"author\":{\"name\":\"Redazione\",\"@id\":\"https:\\\/\\\/www.rassegnastampa-totustuus.it\\\/cattolica\\\/#\\\/schema\\\/person\\\/08f319d2bd1a0904ad9e2bfb7b15e5c3\"},\"headline\":\"La profezia di Ratzinger sul futuro della Chiesa\",\"datePublished\":\"2023-01-04T23:00:03+00:00\",\"dateModified\":\"2024-02-07T13:55:46+00:00\",\"mainEntityOfPage\":{\"@id\":\"https:\\\/\\\/www.rassegnastampa-totustuus.it\\\/cattolica\\\/la-profezia-di-ratzinger-sul-futuro-della-chiesa\\\/\"},\"wordCount\":1661,\"publisher\":{\"@id\":\"https:\\\/\\\/www.rassegnastampa-totustuus.it\\\/cattolica\\\/#organization\"},\"image\":{\"@id\":\"https:\\\/\\\/www.rassegnastampa-totustuus.it\\\/cattolica\\\/la-profezia-di-ratzinger-sul-futuro-della-chiesa\\\/#primaryimage\"},\"thumbnailUrl\":\"https:\\\/\\\/www.rassegnastampa-totustuus.it\\\/cattolica\\\/wp-content\\\/uploads\\\/2020\\\/05\\\/Joseph_Ratzinger.jpg\",\"keywords\":[\"chiesa\",\"Concilio Vaticano II\",\"Joseph Ratzinger\"],\"articleSection\":[\"Chiesa\"],\"inLanguage\":\"it-IT\"},{\"@type\":\"WebPage\",\"@id\":\"https:\\\/\\\/www.rassegnastampa-totustuus.it\\\/cattolica\\\/la-profezia-di-ratzinger-sul-futuro-della-chiesa\\\/\",\"url\":\"https:\\\/\\\/www.rassegnastampa-totustuus.it\\\/cattolica\\\/la-profezia-di-ratzinger-sul-futuro-della-chiesa\\\/\",\"name\":\"La profezia di Ratzinger sul futuro della Chiesa - Rassegna Stampa Cattolica\",\"isPartOf\":{\"@id\":\"https:\\\/\\\/www.rassegnastampa-totustuus.it\\\/cattolica\\\/#website\"},\"primaryImageOfPage\":{\"@id\":\"https:\\\/\\\/www.rassegnastampa-totustuus.it\\\/cattolica\\\/la-profezia-di-ratzinger-sul-futuro-della-chiesa\\\/#primaryimage\"},\"image\":{\"@id\":\"https:\\\/\\\/www.rassegnastampa-totustuus.it\\\/cattolica\\\/la-profezia-di-ratzinger-sul-futuro-della-chiesa\\\/#primaryimage\"},\"thumbnailUrl\":\"https:\\\/\\\/www.rassegnastampa-totustuus.it\\\/cattolica\\\/wp-content\\\/uploads\\\/2020\\\/05\\\/Joseph_Ratzinger.jpg\",\"datePublished\":\"2023-01-04T23:00:03+00:00\",\"dateModified\":\"2024-02-07T13:55:46+00:00\",\"description\":\"la profezia di Ratzinger sul futuro della Chiesa piccolo gregge di credenti con cui concluse un ciclo di cinque lezioni radiofoniche\",\"breadcrumb\":{\"@id\":\"https:\\\/\\\/www.rassegnastampa-totustuus.it\\\/cattolica\\\/la-profezia-di-ratzinger-sul-futuro-della-chiesa\\\/#breadcrumb\"},\"inLanguage\":\"it-IT\",\"potentialAction\":[{\"@type\":\"ReadAction\",\"target\":[\"https:\\\/\\\/www.rassegnastampa-totustuus.it\\\/cattolica\\\/la-profezia-di-ratzinger-sul-futuro-della-chiesa\\\/\"]}]},{\"@type\":\"ImageObject\",\"inLanguage\":\"it-IT\",\"@id\":\"https:\\\/\\\/www.rassegnastampa-totustuus.it\\\/cattolica\\\/la-profezia-di-ratzinger-sul-futuro-della-chiesa\\\/#primaryimage\",\"url\":\"https:\\\/\\\/www.rassegnastampa-totustuus.it\\\/cattolica\\\/wp-content\\\/uploads\\\/2020\\\/05\\\/Joseph_Ratzinger.jpg\",\"contentUrl\":\"https:\\\/\\\/www.rassegnastampa-totustuus.it\\\/cattolica\\\/wp-content\\\/uploads\\\/2020\\\/05\\\/Joseph_Ratzinger.jpg\",\"width\":190,\"height\":265},{\"@type\":\"BreadcrumbList\",\"@id\":\"https:\\\/\\\/www.rassegnastampa-totustuus.it\\\/cattolica\\\/la-profezia-di-ratzinger-sul-futuro-della-chiesa\\\/#breadcrumb\",\"itemListElement\":[{\"@type\":\"ListItem\",\"position\":1,\"name\":\"Home\",\"item\":\"https:\\\/\\\/www.rassegnastampa-totustuus.it\\\/cattolica\\\/\"},{\"@type\":\"ListItem\",\"position\":2,\"name\":\"La profezia di Ratzinger sul futuro della Chiesa\"}]},{\"@type\":\"WebSite\",\"@id\":\"https:\\\/\\\/www.rassegnastampa-totustuus.it\\\/cattolica\\\/#website\",\"url\":\"https:\\\/\\\/www.rassegnastampa-totustuus.it\\\/cattolica\\\/\",\"name\":\"Rassegna Stampa Cattolica\",\"description\":\"Per una cultura che nasce dalla Rivelazione cristiana in conformit\u00e0 alla tradizione e al Magistero della Chiesa in opposizione ad ogni relativismo e totalitarismo\",\"publisher\":{\"@id\":\"https:\\\/\\\/www.rassegnastampa-totustuus.it\\\/cattolica\\\/#organization\"},\"alternateName\":\"Rass. Cattolica\",\"potentialAction\":[{\"@type\":\"SearchAction\",\"target\":{\"@type\":\"EntryPoint\",\"urlTemplate\":\"https:\\\/\\\/www.rassegnastampa-totustuus.it\\\/cattolica\\\/?s={search_term_string}\"},\"query-input\":{\"@type\":\"PropertyValueSpecification\",\"valueRequired\":true,\"valueName\":\"search_term_string\"}}],\"inLanguage\":\"it-IT\"},{\"@type\":\"Organization\",\"@id\":\"https:\\\/\\\/www.rassegnastampa-totustuus.it\\\/cattolica\\\/#organization\",\"name\":\"Rassegna Stampa Cattolica\",\"url\":\"https:\\\/\\\/www.rassegnastampa-totustuus.it\\\/cattolica\\\/\",\"logo\":{\"@type\":\"ImageObject\",\"inLanguage\":\"it-IT\",\"@id\":\"https:\\\/\\\/www.rassegnastampa-totustuus.it\\\/cattolica\\\/#\\\/schema\\\/logo\\\/image\\\/\",\"url\":\"https:\\\/\\\/www.rassegnastampa-totustuus.it\\\/cattolica\\\/wp-content\\\/uploads\\\/2014\\\/04\\\/logo-rassegna1.gif\",\"contentUrl\":\"https:\\\/\\\/www.rassegnastampa-totustuus.it\\\/cattolica\\\/wp-content\\\/uploads\\\/2014\\\/04\\\/logo-rassegna1.gif\",\"width\":600,\"height\":163,\"caption\":\"Rassegna Stampa Cattolica\"},\"image\":{\"@id\":\"https:\\\/\\\/www.rassegnastampa-totustuus.it\\\/cattolica\\\/#\\\/schema\\\/logo\\\/image\\\/\"},\"sameAs\":[\"https:\\\/\\\/www.facebook.com\\\/rassegnastampacattolica\",\"https:\\\/\\\/x.com\\\/rassegnastampa9\"]},{\"@type\":\"Person\",\"@id\":\"https:\\\/\\\/www.rassegnastampa-totustuus.it\\\/cattolica\\\/#\\\/schema\\\/person\\\/08f319d2bd1a0904ad9e2bfb7b15e5c3\",\"name\":\"Redazione\",\"image\":{\"@type\":\"ImageObject\",\"inLanguage\":\"it-IT\",\"@id\":\"https:\\\/\\\/secure.gravatar.com\\\/avatar\\\/2fcdf27c78ea025fbdb44e914cc63c72249ffec9dc8aafd5c82b26240ef3f346?s=96&d=mm&r=g\",\"url\":\"https:\\\/\\\/secure.gravatar.com\\\/avatar\\\/2fcdf27c78ea025fbdb44e914cc63c72249ffec9dc8aafd5c82b26240ef3f346?s=96&d=mm&r=g\",\"contentUrl\":\"https:\\\/\\\/secure.gravatar.com\\\/avatar\\\/2fcdf27c78ea025fbdb44e914cc63c72249ffec9dc8aafd5c82b26240ef3f346?s=96&d=mm&r=g\",\"caption\":\"Redazione\"},\"url\":\"https:\\\/\\\/www.rassegnastampa-totustuus.it\\\/cattolica\\\/author\\\/pietroelle\\\/\"}]}<\/script>\n<!-- \/ Yoast SEO plugin. -->","yoast_head_json":{"title":"La profezia di Ratzinger sul futuro della Chiesa - Rassegna Stampa Cattolica","description":"la profezia di Ratzinger sul futuro della Chiesa piccolo gregge di credenti con cui concluse un ciclo di cinque lezioni radiofoniche","robots":{"index":"index","follow":"follow","max-snippet":"max-snippet:-1","max-image-preview":"max-image-preview:large","max-video-preview":"max-video-preview:-1"},"canonical":"https:\/\/www.rassegnastampa-totustuus.it\/cattolica\/la-profezia-di-ratzinger-sul-futuro-della-chiesa\/","og_locale":"it_IT","og_type":"article","og_title":"La profezia di Ratzinger sul futuro della Chiesa - Rassegna Stampa Cattolica","og_description":"la profezia di Ratzinger sul futuro della Chiesa piccolo gregge di credenti con cui concluse un ciclo di cinque lezioni radiofoniche","og_url":"https:\/\/www.rassegnastampa-totustuus.it\/cattolica\/la-profezia-di-ratzinger-sul-futuro-della-chiesa\/","og_site_name":"Rassegna Stampa Cattolica","article_publisher":"https:\/\/www.facebook.com\/rassegnastampacattolica","article_published_time":"2023-01-04T23:00:03+00:00","article_modified_time":"2024-02-07T13:55:46+00:00","og_image":[{"width":190,"height":265,"url":"https:\/\/www.rassegnastampa-totustuus.it\/cattolica\/wp-content\/uploads\/2020\/05\/Joseph_Ratzinger.jpg","type":"image\/jpeg"}],"author":"Redazione","twitter_card":"summary_large_image","twitter_creator":"@rassegnastampa9","twitter_site":"@rassegnastampa9","twitter_misc":{"Scritto da":"Redazione","Tempo di lettura stimato":"12 minuti"},"schema":{"@context":"https:\/\/schema.org","@graph":[{"@type":"Article","@id":"https:\/\/www.rassegnastampa-totustuus.it\/cattolica\/la-profezia-di-ratzinger-sul-futuro-della-chiesa\/#article","isPartOf":{"@id":"https:\/\/www.rassegnastampa-totustuus.it\/cattolica\/la-profezia-di-ratzinger-sul-futuro-della-chiesa\/"},"author":{"name":"Redazione","@id":"https:\/\/www.rassegnastampa-totustuus.it\/cattolica\/#\/schema\/person\/08f319d2bd1a0904ad9e2bfb7b15e5c3"},"headline":"La profezia di Ratzinger sul futuro della Chiesa","datePublished":"2023-01-04T23:00:03+00:00","dateModified":"2024-02-07T13:55:46+00:00","mainEntityOfPage":{"@id":"https:\/\/www.rassegnastampa-totustuus.it\/cattolica\/la-profezia-di-ratzinger-sul-futuro-della-chiesa\/"},"wordCount":1661,"publisher":{"@id":"https:\/\/www.rassegnastampa-totustuus.it\/cattolica\/#organization"},"image":{"@id":"https:\/\/www.rassegnastampa-totustuus.it\/cattolica\/la-profezia-di-ratzinger-sul-futuro-della-chiesa\/#primaryimage"},"thumbnailUrl":"https:\/\/www.rassegnastampa-totustuus.it\/cattolica\/wp-content\/uploads\/2020\/05\/Joseph_Ratzinger.jpg","keywords":["chiesa","Concilio Vaticano II","Joseph Ratzinger"],"articleSection":["Chiesa"],"inLanguage":"it-IT"},{"@type":"WebPage","@id":"https:\/\/www.rassegnastampa-totustuus.it\/cattolica\/la-profezia-di-ratzinger-sul-futuro-della-chiesa\/","url":"https:\/\/www.rassegnastampa-totustuus.it\/cattolica\/la-profezia-di-ratzinger-sul-futuro-della-chiesa\/","name":"La profezia di Ratzinger sul futuro della Chiesa - Rassegna Stampa Cattolica","isPartOf":{"@id":"https:\/\/www.rassegnastampa-totustuus.it\/cattolica\/#website"},"primaryImageOfPage":{"@id":"https:\/\/www.rassegnastampa-totustuus.it\/cattolica\/la-profezia-di-ratzinger-sul-futuro-della-chiesa\/#primaryimage"},"image":{"@id":"https:\/\/www.rassegnastampa-totustuus.it\/cattolica\/la-profezia-di-ratzinger-sul-futuro-della-chiesa\/#primaryimage"},"thumbnailUrl":"https:\/\/www.rassegnastampa-totustuus.it\/cattolica\/wp-content\/uploads\/2020\/05\/Joseph_Ratzinger.jpg","datePublished":"2023-01-04T23:00:03+00:00","dateModified":"2024-02-07T13:55:46+00:00","description":"la profezia di Ratzinger sul futuro della Chiesa piccolo gregge di credenti con cui concluse un ciclo di cinque lezioni radiofoniche","breadcrumb":{"@id":"https:\/\/www.rassegnastampa-totustuus.it\/cattolica\/la-profezia-di-ratzinger-sul-futuro-della-chiesa\/#breadcrumb"},"inLanguage":"it-IT","potentialAction":[{"@type":"ReadAction","target":["https:\/\/www.rassegnastampa-totustuus.it\/cattolica\/la-profezia-di-ratzinger-sul-futuro-della-chiesa\/"]}]},{"@type":"ImageObject","inLanguage":"it-IT","@id":"https:\/\/www.rassegnastampa-totustuus.it\/cattolica\/la-profezia-di-ratzinger-sul-futuro-della-chiesa\/#primaryimage","url":"https:\/\/www.rassegnastampa-totustuus.it\/cattolica\/wp-content\/uploads\/2020\/05\/Joseph_Ratzinger.jpg","contentUrl":"https:\/\/www.rassegnastampa-totustuus.it\/cattolica\/wp-content\/uploads\/2020\/05\/Joseph_Ratzinger.jpg","width":190,"height":265},{"@type":"BreadcrumbList","@id":"https:\/\/www.rassegnastampa-totustuus.it\/cattolica\/la-profezia-di-ratzinger-sul-futuro-della-chiesa\/#breadcrumb","itemListElement":[{"@type":"ListItem","position":1,"name":"Home","item":"https:\/\/www.rassegnastampa-totustuus.it\/cattolica\/"},{"@type":"ListItem","position":2,"name":"La profezia di Ratzinger sul futuro della Chiesa"}]},{"@type":"WebSite","@id":"https:\/\/www.rassegnastampa-totustuus.it\/cattolica\/#website","url":"https:\/\/www.rassegnastampa-totustuus.it\/cattolica\/","name":"Rassegna Stampa Cattolica","description":"Per una cultura che nasce dalla Rivelazione cristiana in conformit\u00e0 alla tradizione e al Magistero della Chiesa in opposizione ad ogni relativismo e totalitarismo","publisher":{"@id":"https:\/\/www.rassegnastampa-totustuus.it\/cattolica\/#organization"},"alternateName":"Rass. Cattolica","potentialAction":[{"@type":"SearchAction","target":{"@type":"EntryPoint","urlTemplate":"https:\/\/www.rassegnastampa-totustuus.it\/cattolica\/?s={search_term_string}"},"query-input":{"@type":"PropertyValueSpecification","valueRequired":true,"valueName":"search_term_string"}}],"inLanguage":"it-IT"},{"@type":"Organization","@id":"https:\/\/www.rassegnastampa-totustuus.it\/cattolica\/#organization","name":"Rassegna Stampa Cattolica","url":"https:\/\/www.rassegnastampa-totustuus.it\/cattolica\/","logo":{"@type":"ImageObject","inLanguage":"it-IT","@id":"https:\/\/www.rassegnastampa-totustuus.it\/cattolica\/#\/schema\/logo\/image\/","url":"https:\/\/www.rassegnastampa-totustuus.it\/cattolica\/wp-content\/uploads\/2014\/04\/logo-rassegna1.gif","contentUrl":"https:\/\/www.rassegnastampa-totustuus.it\/cattolica\/wp-content\/uploads\/2014\/04\/logo-rassegna1.gif","width":600,"height":163,"caption":"Rassegna Stampa Cattolica"},"image":{"@id":"https:\/\/www.rassegnastampa-totustuus.it\/cattolica\/#\/schema\/logo\/image\/"},"sameAs":["https:\/\/www.facebook.com\/rassegnastampacattolica","https:\/\/x.com\/rassegnastampa9"]},{"@type":"Person","@id":"https:\/\/www.rassegnastampa-totustuus.it\/cattolica\/#\/schema\/person\/08f319d2bd1a0904ad9e2bfb7b15e5c3","name":"Redazione","image":{"@type":"ImageObject","inLanguage":"it-IT","@id":"https:\/\/secure.gravatar.com\/avatar\/2fcdf27c78ea025fbdb44e914cc63c72249ffec9dc8aafd5c82b26240ef3f346?s=96&d=mm&r=g","url":"https:\/\/secure.gravatar.com\/avatar\/2fcdf27c78ea025fbdb44e914cc63c72249ffec9dc8aafd5c82b26240ef3f346?s=96&d=mm&r=g","contentUrl":"https:\/\/secure.gravatar.com\/avatar\/2fcdf27c78ea025fbdb44e914cc63c72249ffec9dc8aafd5c82b26240ef3f346?s=96&d=mm&r=g","caption":"Redazione"},"url":"https:\/\/www.rassegnastampa-totustuus.it\/cattolica\/author\/pietroelle\/"}]}},"_links":{"self":[{"href":"https:\/\/www.rassegnastampa-totustuus.it\/cattolica\/wp-json\/wp\/v2\/posts\/55395","targetHints":{"allow":["GET"]}}],"collection":[{"href":"https:\/\/www.rassegnastampa-totustuus.it\/cattolica\/wp-json\/wp\/v2\/posts"}],"about":[{"href":"https:\/\/www.rassegnastampa-totustuus.it\/cattolica\/wp-json\/wp\/v2\/types\/post"}],"author":[{"embeddable":true,"href":"https:\/\/www.rassegnastampa-totustuus.it\/cattolica\/wp-json\/wp\/v2\/users\/6"}],"replies":[{"embeddable":true,"href":"https:\/\/www.rassegnastampa-totustuus.it\/cattolica\/wp-json\/wp\/v2\/comments?post=55395"}],"version-history":[{"count":2,"href":"https:\/\/www.rassegnastampa-totustuus.it\/cattolica\/wp-json\/wp\/v2\/posts\/55395\/revisions"}],"predecessor-version":[{"id":59457,"href":"https:\/\/www.rassegnastampa-totustuus.it\/cattolica\/wp-json\/wp\/v2\/posts\/55395\/revisions\/59457"}],"wp:featuredmedia":[{"embeddable":true,"href":"https:\/\/www.rassegnastampa-totustuus.it\/cattolica\/wp-json\/wp\/v2\/media\/47172"}],"wp:attachment":[{"href":"https:\/\/www.rassegnastampa-totustuus.it\/cattolica\/wp-json\/wp\/v2\/media?parent=55395"}],"wp:term":[{"taxonomy":"category","embeddable":true,"href":"https:\/\/www.rassegnastampa-totustuus.it\/cattolica\/wp-json\/wp\/v2\/categories?post=55395"},{"taxonomy":"post_tag","embeddable":true,"href":"https:\/\/www.rassegnastampa-totustuus.it\/cattolica\/wp-json\/wp\/v2\/tags?post=55395"}],"curies":[{"name":"wp","href":"https:\/\/api.w.org\/{rel}","templated":true}]}}