{"id":55388,"date":"2023-01-05T00:00:25","date_gmt":"2023-01-04T23:00:25","guid":{"rendered":"http:\/\/www.rassegnastampa-totustuus.it\/cattolica\/?p=55388"},"modified":"2024-02-06T15:57:55","modified_gmt":"2024-02-06T14:57:55","slug":"in-ucraina-si-ripete-il-massacro-della-guerra-civile-spagnola","status":"publish","type":"post","link":"https:\/\/www.rassegnastampa-totustuus.it\/cattolica\/in-ucraina-si-ripete-il-massacro-della-guerra-civile-spagnola\/","title":{"rendered":"In Ucraina si ripete il massacro della guerra civile spagnola"},"content":{"rendered":"<p style=\"text-align: center;\"><span style=\"color: #0000ff;\"><strong><a style=\"color: #0000ff;\" href=\"https:\/\/piccolenote.ilgiornale.it\/presentazione\" target=\"_blank\" rel=\"noopener noreferrer\"><img loading=\"lazy\" decoding=\"async\" class=\"size-medium wp-image-55389 alignleft\" src=\"https:\/\/www.rassegnastampa-totustuus.it\/cattolica\/wp-content\/uploads\/2022\/12\/Alain_Juillet_internazionale_serv-segreti_Francia-300x153.png\" alt=\"\" width=\"300\" height=\"153\" srcset=\"https:\/\/www.rassegnastampa-totustuus.it\/cattolica\/wp-content\/uploads\/2022\/12\/Alain_Juillet_internazionale_serv-segreti_Francia-300x153.png 300w, https:\/\/www.rassegnastampa-totustuus.it\/cattolica\/wp-content\/uploads\/2022\/12\/Alain_Juillet_internazionale_serv-segreti_Francia.png 700w\" sizes=\"auto, (max-width: 300px) 100vw, 300px\" \/>piccole note<\/a><\/strong><\/span> <span style=\"color: #000000;\">29 Dicembre 2022\u00a0<\/span><\/p>\n<p style=\"text-align: justify;\"><span style=\"color: #000000;\">Alain Juillet \u00e8 stato a capo dell\u2019intelligence francese, la DGSE. Ormai ex, continua a prestare i suoi servigi altrove, non dimentico del suo passato. Pi\u00f9 che interessante l\u2019intervista sulla guerra ucraina rilasciata a<\/span> <span style=\"color: #0000ff;\"><a style=\"color: #0000ff;\" href=\"https:\/\/mondafrique.com\/alain-juillet-la-logique-voudrait-quon-negocie-avec-la-russie\/\" target=\"_blank\" rel=\"noreferrer noopener\">Mondafrique<\/a><\/span>, <span style=\"color: #000000;\">nella quale, pur bruciando un po\u2019 d\u2019incenso alla narrativa ufficiale, rivela cose. Ne riportiamo ampi stralci.<\/span><\/p>\n<p><!--more--><\/p>\n<p style=\"text-align: justify;\"><span style=\"font-family: 'Arial', sans-serif; color: #000000;\"><img loading=\"lazy\" decoding=\"async\" class=\"wp-image-53582 alignright\" src=\"https:\/\/www.rassegnastampa-totustuus.it\/cattolica\/wp-content\/uploads\/2022\/02\/ucraina_russia_mappa-300x169.jpg\" alt=\"\" width=\"350\" height=\"197\" srcset=\"https:\/\/www.rassegnastampa-totustuus.it\/cattolica\/wp-content\/uploads\/2022\/02\/ucraina_russia_mappa-300x169.jpg 300w, https:\/\/www.rassegnastampa-totustuus.it\/cattolica\/wp-content\/uploads\/2022\/02\/ucraina_russia_mappa-768x432.jpg 768w, https:\/\/www.rassegnastampa-totustuus.it\/cattolica\/wp-content\/uploads\/2022\/02\/ucraina_russia_mappa-1024x576.jpg 1024w, https:\/\/www.rassegnastampa-totustuus.it\/cattolica\/wp-content\/uploads\/2022\/02\/ucraina_russia_mappa.jpg 1920w\" sizes=\"auto, (max-width: 350px) 100vw, 350px\" \/>Nessuno, lo scorso febbraio, si aspettava l\u2019attacco russo, inizia Juillet, e lo spiega cos\u00ec: \u201cI Servizi francesi, come gli altri, hanno detto: \u2018Ci sono tensioni molto forti, ma attenzione, non c\u2019\u00e8 un vero rischio\u2019. Ci viene detto: \u2018S\u00ec, ma gli americani l\u2019avevano previsto\u2019. \u00c8 normale che lo avessero previsto e per due motivi: primo,<strong> sono loro che lo hanno provocato. Sono loro che l\u2019hanno indiscutibilmente provocato, che hanno fatto di tutto, dal 2014, per portare la Russia in guerra. Certo, la Russia non avrebbe dovuto farlo, ha commesso un errore colossale. Ma gli americani hanno fatto di tutto per arrivare a questo\u201d<\/strong>.<\/span><\/p>\n<p style=\"text-align: justify;\"><span style=\"font-family: 'Arial', sans-serif; color: #000000;\">L\u2019intelligence europea non aveva creduto agli avvertimenti, continua, perch\u00e9 \u201ctutti i servizi occidentali sanno che gli americani ci mentono regolarmente. Ricorda l\u2019Iraq, dove volevano farci credere, per fare la guerra, che Saddam Hussein aveva la bomba nucleare. Ricorda cosa \u00e8 successo in Siria, ricorda cosa \u00e8 successo in Afghanistan. Gli americani ci hanno sempre manipolato. Quindi adesso i Servizi europei sono diffidenti\u201d.<\/span><\/p>\n<h4 style=\"text-align: center;\"><span style=\"color: #000000;\"><strong><span style=\"font-family: 'Arial',sans-serif;\">Putin e l\u2019operazione militare speciale<\/span><\/strong><\/span><\/h4>\n<p style=\"text-align: justify;\"><span style=\"font-family: 'Arial', sans-serif; color: #000000;\"><img loading=\"lazy\" decoding=\"async\" class=\" wp-image-53612 alignleft\" src=\"https:\/\/www.rassegnastampa-totustuus.it\/cattolica\/wp-content\/uploads\/2022\/03\/Putin_russia-300x164.jpg\" alt=\"\" width=\"344\" height=\"188\" srcset=\"https:\/\/www.rassegnastampa-totustuus.it\/cattolica\/wp-content\/uploads\/2022\/03\/Putin_russia-300x164.jpg 300w, https:\/\/www.rassegnastampa-totustuus.it\/cattolica\/wp-content\/uploads\/2022\/03\/Putin_russia-768x420.jpg 768w, https:\/\/www.rassegnastampa-totustuus.it\/cattolica\/wp-content\/uploads\/2022\/03\/Putin_russia.jpg 900w\" sizes=\"auto, (max-width: 344px) 100vw, 344px\" \/>\u201cDevi capire cosa \u00e8 successo. All\u2019inizio, il fatto che Putin la chiami \u2018operazione speciale\u2019 \u00e8 un dato rivelatore. Lui dice: \u2018Stiamo facendo un\u2019operazione speciale, ma non una guerra, e mandiamo 150.000 uomini\u2019. Ogni soldato sa che in una guerra, in un attacco, bisogna essere tre volte pi\u00f9 numerosi dei difensori. Se affronto i quattrocentomila uomini dell\u2019esercito ucraino, devo attaccare con un milione e duecentomila uomini per avere una ragionevole possibilit\u00e0 o per essere sicuro di vincere. Ma [Putin] attacca con 150.000 uomini, vale a dire molti meno di quanti ne schierava l\u2019Ucraina\u2026 vuol dire due cose [\u2026]: la prima \u00e8 che non aveva nessuna intenzione di fare una guerra su ampia scala e la seconda \u00e8 che non doveva durare a lungo\u201d.<\/span><\/p>\n<p style=\"text-align: justify;\"><span style=\"font-family: 'Arial', sans-serif; color: #000000;\"><img loading=\"lazy\" decoding=\"async\" class=\" wp-image-55390 alignright\" src=\"https:\/\/www.rassegnastampa-totustuus.it\/cattolica\/wp-content\/uploads\/2022\/12\/Ucraina_guerra-300x168.jpg\" alt=\"\" width=\"329\" height=\"184\" \/>Quindi racconta l\u2019inizio della guerra, di come l\u2019attacco a Kiev fallisce perch\u00e9 Putin avrebbe sottostimato il nemico e per altro. Da cui il ritiro e il conflitto che si sposta nel Donbass. \u201c\u00c8 ovvio \u2013 spiega Juillet \u2013 che il confine per Putin \u00e8 il Dnepr, che separa la parte di lingua russa da quella ucraina. Si ritirano dall\u2019altra parte del Dnepr perch\u00e9, se avessero lasciato i soldati a Kherson, nella parte occidentale, in inverno sarebbe stata una Stalingrado [\u2026]. Quindi ripiegano. E questo \u00e8 buono per tutti. Sorgono molte domande su come siano riusciti a fare questo ritiro, tanto complesso, senza essere attaccati!\u201d<\/span><\/p>\n<p style=\"text-align: justify;\"><span style=\"font-family: 'Arial', sans-serif; color: #000000;\">\u201cQuindi, oggi siamo in una situazione stabilizzata, con i russi che tengono tutta la zona che volevano controllare tranne quella centrale, dove si sta ancora combattendo davvero, verso Bakhmout, dove si continuer\u00e0 a lottare, perch\u00e9 l\u2019obiettivo dei russi \u00e8 colpire come un fulmine al centro del dispositivo, per avvicinarsi a Kramatorsk. Per il resto le posizioni non si sposteranno\u201d.<\/span><\/p>\n<p style=\"text-align: justify;\"><span style=\"font-family: 'Arial', sans-serif; color: #000000;\"><img loading=\"lazy\" decoding=\"async\" class=\" wp-image-55391 alignleft\" src=\"https:\/\/www.rassegnastampa-totustuus.it\/cattolica\/wp-content\/uploads\/2022\/12\/Russi_soldati_Ucraina-300x168.jpg\" alt=\"\" width=\"336\" height=\"188\" \/>\u201cCosa succeder\u00e0 adesso? Arrivano sul campo i 300.000 russi mobilitati successivamente. Il che significa che ci ritroveremo, alla fine dell\u2019inverno, con un\u2019equivalenza dal punto di vista militare. Di qui la posizione del Generale Miller, Capo delle Forze Armate americane, che ha detto, anche di recente, che <strong>\u00e8 tempo di negoziare<\/strong>, perch\u00e9 si sta entrando in una situazione assimilabile a un impasse strategico\u2019\u201d.<\/span><\/p>\n<p style=\"text-align: justify;\"><span style=\"font-family: 'Arial', sans-serif; color: #000000;\">\u201c[\u2026] Alcuni dicono: \u2018L\u2019esercito russo non ha pi\u00f9 armi\u2019. \u00c8 sbagliato ! Le trovano, le hanno in Russia e le comprano altrove\u2026\u201d. Le bombe scadute, quando ti cadono in testa, sono ancora bombe\u2026 Devi smetterla di fantasticare.<strong> Gli europei spesso confondono i loro desideri con la realt\u00e0<\/strong>\u201c.<\/span><\/p>\n<p style=\"text-align: justify;\"><span style=\"font-family: 'Arial', sans-serif; color: #000000;\"><img loading=\"lazy\" decoding=\"async\" class=\" wp-image-55392 alignright\" src=\"https:\/\/www.rassegnastampa-totustuus.it\/cattolica\/wp-content\/uploads\/2022\/12\/carri_armati_russi_guerra.jpg\" alt=\"\" width=\"311\" height=\"220\" \/>Quindi, dopo aver spiegato che russi sanno combattere come gli ucraini, al contrario di quanto riferiscono i media, aggiunge: \u201cDobbiamo smetterla di fantasticare sul fatto che il nemico \u2018\u00e8 malato, \u00e8 pazzo, \u00e8 stupido, non ha equipaggiamento\u2019 e di ripetere che \u2018i nostri sono formidabili\u2019. Non \u00e8 vero. Oggi, purtroppo, siamo invischiati una guerra durissima, nella quale soffrono entrambe le parti e dove \u00e8 ovvio che non ci pu\u00f2 essere un vincitore, nessun vero vincitore. Quindi dobbiamo trovare una soluzione\u201d.<\/span><\/p>\n<h4 style=\"text-align: center;\"><span style=\"color: #000000;\"><strong><span style=\"font-family: 'Arial',sans-serif;\">La vittoria della Turchia e il massacro spagnolo<\/span><\/strong><\/span><\/h4>\n<p style=\"text-align: justify;\"><span style=\"font-family: 'Arial', sans-serif; color: #000000;\"><img loading=\"lazy\" decoding=\"async\" class=\"size-full wp-image-32639 alignleft\" src=\"https:\/\/www.rassegnastampa-totustuus.it\/cattolica\/wp-content\/uploads\/2006\/11\/Erdogan.jpg\" alt=\"\" width=\"270\" height=\"186\" \/>Interessante anche cosa dice riguardo la Turchia. Erdogan, spiega, vuole ricostituire \u201cil potere ottomano, e vuole, in questo contesto, beneficiare al meglio delle decisioni europee in molti settori, perch\u00e9 tutte le sanzioni prese dall\u2019Europa favoriscono la Turchia a nostro danno [\u2026]\u201d.<\/span><\/p>\n<p style=\"text-align: justify;\"><span style=\"font-family: 'Arial', sans-serif; color: #000000;\">\u201cTutto ci\u00f2 che non esportiamo pi\u00f9 in Russia nel settore alimentare \u00e8 stato sostituito dalla Turchia [\u2026]. Tutta la produzione dell\u2019industria media e di quella pesante ieri era appannaggio degli europei e ora \u00e8 appannaggio dei turchi. I turchi hanno sostituito gli europei in Russia. Stanno facendo un\u2019operazione meravigliosa\u201d.<\/span><\/p>\n<p style=\"text-align: justify;\"><span style=\"font-family: 'Arial', sans-serif; color: #000000;\"><img loading=\"lazy\" decoding=\"async\" class=\"wp-image-32002 alignright\" src=\"https:\/\/www.rassegnastampa-totustuus.it\/cattolica\/wp-content\/uploads\/2006\/02\/Turchia_europea.jpg\" alt=\"\" width=\"298\" height=\"223\" \/>\u201cPer i turchi l\u2019Ucraina \u00e8 una manna [\u2026]. Gli americani sono felicissimi, invece, dal momento che i veri mediatori tra loro e i russi sono i turchi [e non pi\u00f9 l\u2019Europa ndr]. Hai bisogno di un mediatore. Sempre, in guerra, ci vuole qualcuno in mezzo, ed \u00e8 la Turchia, non noi, contrariamente a quanto si dice. Noi non siamo pi\u00f9 credibili [\u2026] \u00e8 chiaro che il grande vincitore di questa storia \u00e8 la Turchia. E ogni ulteriore sanzione che prendiamo favorisce i turchi\u201d.<\/span><\/p>\n<p style=\"text-align: justify;\"><span style=\"font-family: 'Arial', sans-serif; color: #000000;\">\u201c[\u2026] Nessuno vuole la guerra totale.\u00a0<strong>Stiamo facendo una guerra per procura<\/strong>. La guerra in Ucraina ricorda la guerra in Spagna. Nella guerra civile spagnola, da un lato c\u2019erano i tedeschi, i nazisti, che aiutavano le truppe di Franco, e dall\u2019altra i francesi e gli altri che aiutavano i repubblicani. Stessa cosa\u201d.<\/span><\/p>\n<p style=\"text-align: justify;\"><span style=\"font-family: 'Arial', sans-serif; color: #000000;\"><img loading=\"lazy\" decoding=\"async\" class=\"size-full wp-image-41608 alignleft\" src=\"https:\/\/www.rassegnastampa-totustuus.it\/cattolica\/wp-content\/uploads\/2018\/11\/Guerra_civile_spagna-2.jpg\" alt=\"\" width=\"186\" height=\"272\" \/>\u201c<strong>Abbiamo fatto massacrare le popolazioni spagnole, e ci\u00f2 ci ha permesso di testare i nostri materiali bellici<\/strong> <strong>con gli spagnoli come carne da macello.<\/strong>\u00a0<strong>Questi materiali furono poi utilizzati per la seconda guerra mondiale. Questo \u00e8 esattamente ci\u00f2 che sta accadendo in Ucraina.<\/strong>\u00a0Testiamo tutte le nostre attrezzature, vediamo cosa funziona, cosa no. Le miglioriamo. Questa \u00e8 la prima volta che ci siamo trovati coinvolti in guerra di questa importanza e di queste dimensioni con l\u2019impiego di mezzi moderni\u201d.<\/span><\/p>\n<p style=\"text-align: justify;\"><span style=\"font-family: 'Arial', sans-serif; color: #000000;\">\u201c[\u2026] Abbiamo scoperto i droni, risultati molto efficaci; abbiamo scoperto l\u2019artiglieria, anzi riscoperto l\u2019artiglieria, anch\u2019essa molto efficace. Abbiamo scoperto, per\u00f2, che altre cose non funzionavano affatto: le Forze speciali, per il momento, non hanno funzionato bene, per non dire altro. In Ucraina, quindi, stiamo imparando tante cose!\u201d<\/span><\/p>\n<h4 style=\"text-align: center;\"><span style=\"color: #000000;\"><strong><span style=\"font-family: 'Arial',sans-serif;\">La punta di diamante della Nato contro la Russia<\/span><\/strong><\/span><\/h4>\n<p style=\"text-align: justify;\"><span style=\"font-family: 'Arial', sans-serif; color: #000000;\"><img loading=\"lazy\" decoding=\"async\" class=\"wp-image-50575 alignright\" src=\"https:\/\/www.rassegnastampa-totustuus.it\/cattolica\/wp-content\/uploads\/2021\/04\/Nato_Europa_Usa.jpg\" alt=\"\" width=\"301\" height=\"196\" \/>Dopo essersi dilungato sulla sua Francia, di come, entrata nella Nato, abbia perso la sua indipendenza dagli Stati Uniti (non \u00e8 la sola), a Juillet viene chiesto se alcuni Paesi, in particolare anglosassoni, abbiano avuto delle \u201cresponsabilit\u00e0 e anche interesse nello scoppio di questa guerra\u201d.<\/span><\/p>\n<p style=\"text-align: justify;\"><span style=\"font-family: 'Arial', sans-serif; color: #000000;\">\u201cDobbiamo tornare a Brzezinski, negli anni \u201990 \u2013 risponde l\u2019ex capo della DGSE \u2013 il quale disse che l\u2019Ucraina \u00e8 la punta di diamante dell\u2019Occidente contro la Russia. Da quel momento gli americani hanno pensato che fosse necessario mettere le mani sull\u2019Ucraina\u201d.<\/span><\/p>\n<p style=\"text-align: justify;\"><span style=\"font-family: 'Arial', sans-serif; color: #000000;\"><img loading=\"lazy\" decoding=\"async\" class=\"size-full wp-image-48145 alignleft\" src=\"https:\/\/www.rassegnastampa-totustuus.it\/cattolica\/wp-content\/uploads\/2020\/08\/Joe_Biden.jpg\" alt=\"\" width=\"201\" height=\"251\" \/>\u201c[\u2026] Questa storia inizia molto prima [dell\u2019invasione russa ndr]. Gli americani hanno investito troppo in Ucraina, prima del 2014, con l\u2019intenzione di rovesciare il regime e sostituirlo con un regime filo-occidentale. Lo hanno ammesso\u2026 Victoria Nuland lo ha ammesso al Congresso\u201d.<\/span><\/p>\n<p style=\"text-align: justify;\"><span style=\"font-family: 'Arial', sans-serif; color: #000000;\">\u201cDa un lato, hanno investito cinque miliardi di dollari per destabilizzare il Paese e, dall\u2019altro, hanno messo su un governo filo-occidentale, aggiungendo, dietro le quinte, molti altri investimenti. Lo dimentichiamo sempre, e non so se lo sai, il presidente Obama ha chiamato il suo vicepresidente Biden, \u2018Signor Ucraina\u2026 Signor Ucraina!\u2019 Perch\u00e9 tutti sapevano che Biden era coinvolto nelle vicende ucraine. Quando Biden si \u00e8 ritrovato al potere, ha continuato\u201d su questa strada.<\/span><\/p>\n<p style=\"text-align: justify;\"><span style=\"font-family: 'Arial',sans-serif;\"><span style=\"color: #000000;\"><img loading=\"lazy\" decoding=\"async\" class=\"size-full wp-image-55051 alignright\" src=\"https:\/\/www.rassegnastampa-totustuus.it\/cattolica\/wp-content\/uploads\/2022\/11\/America_Usa.jpg\" alt=\"\" width=\"239\" height=\"211\" \/>Quindi Juillet racconta dei legami di Biden con l\u2019Ucraina, accennando agli affari del figlio Hunter, (che sedeva nel consiglio di amministrazione della societ\u00e0 ucraina <a style=\"color: #000000;\" href=\"https:\/\/insideover.ilgiornale.it\/politica\/soldi-sporchi-e-corruzione-lincubo-di-biden-si-chiama-burisma.html\" target=\"_blank\" rel=\"noopener noreferrer\">Burisma<\/a>) e su come i repubblicani stiano facendo pressioni per avere chiarimenti in merito. Ma conclude che \u201cquesto non \u00e8 essenziale. Fondamentale \u00e8 invece comprendere che il supporto americano ha una motivazione strategica. Non dobbiamo dimenticare che sin dai tempi di Brzezinski e dei neoconservatori l\u2019Ucraina \u00e8 diventata la punta di diamante dell\u2019Occidente contro la Russia\u201d<\/span>.<\/span><\/p>\n<p>___________________________________________________<\/p>\n<p><strong>Leggi anche:\u00a0<\/strong><\/p>\n<p><a href=\"https:\/\/www.rassegnastampa-totustuus.it\/cattolica\/otto-fatti-riguardanti-la-russia-e-la-guerra-in-ucraina\/\" target=\"_blank\" rel=\"noopener\"><span style=\"color: #0000ff;\">Otto fatti riguardanti la Russia e la guerra in Ucraina<\/span><\/a><\/p>\n<p><a href=\"https:\/\/www.rassegnastampa-totustuus.it\/cattolica\/linvasione-russa-in-ucraina-e-i-conti-che-lamerica-deve-fare-con-se-stessa\/\" target=\"_blank\" rel=\"noopener\"><span style=\"color: #0000ff;\">L\u2019invasione russa in Ucraina e i conti che l\u2019America deve fare con se stessa<\/span><\/a><\/p>\n","protected":false},"excerpt":{"rendered":"<p>piccole note 29 Dicembre 2022\u00a0 Alain Juillet \u00e8 stato a capo dell\u2019intelligence francese, la DGSE. Ormai ex, continua a prestare i suoi servigi altrove, non dimentico del suo passato. Pi\u00f9 che interessante l\u2019intervista sulla guerra ucraina rilasciata a Mondafrique, nella quale, pur bruciando un po\u2019 d\u2019incenso alla narrativa ufficiale, rivela cose. Ne riportiamo ampi stralci.<\/p><p><a class=\"more-link btn\" href=\"https:\/\/www.rassegnastampa-totustuus.it\/cattolica\/in-ucraina-si-ripete-il-massacro-della-guerra-civile-spagnola\/\">Continua a leggere<\/a><\/p>\n","protected":false},"author":6,"featured_media":55389,"comment_status":"closed","ping_status":"closed","sticky":false,"template":"","format":"standard","meta":{"footnotes":""},"categories":[19,116,76],"tags":[148,2409,147,150],"class_list":["post-55388","post","type-post","status-publish","format-standard","has-post-thumbnail","hentry","category-politica-internazionale","category-russia","category-stati-uniti","tag-politica-internazionale-2","tag-russia","tag-ucraina","tag-usa","item-wrap"],"yoast_head":"<!-- This site is optimized with the Yoast SEO plugin v27.5 - https:\/\/yoast.com\/product\/yoast-seo-wordpress\/ -->\n<title>In Ucraina si ripete il massacro della guerra civile spagnola - Rassegna Stampa Cattolica<\/title>\n<meta name=\"description\" content=\"In Ucraina si ripete il massacro della guerra civile spagnola; intervista ad un ex capo dell&#039;intelligence francese\" \/>\n<meta name=\"robots\" content=\"index, follow, max-snippet:-1, max-image-preview:large, max-video-preview:-1\" \/>\n<link rel=\"canonical\" href=\"https:\/\/www.rassegnastampa-totustuus.it\/cattolica\/in-ucraina-si-ripete-il-massacro-della-guerra-civile-spagnola\/\" \/>\n<meta property=\"og:locale\" content=\"it_IT\" \/>\n<meta property=\"og:type\" content=\"article\" \/>\n<meta property=\"og:title\" content=\"In Ucraina si ripete il massacro della guerra civile spagnola - Rassegna Stampa Cattolica\" \/>\n<meta property=\"og:description\" content=\"In Ucraina si ripete il massacro della guerra civile spagnola; intervista ad un ex capo dell&#039;intelligence francese\" \/>\n<meta property=\"og:url\" content=\"https:\/\/www.rassegnastampa-totustuus.it\/cattolica\/in-ucraina-si-ripete-il-massacro-della-guerra-civile-spagnola\/\" \/>\n<meta property=\"og:site_name\" content=\"Rassegna Stampa Cattolica\" \/>\n<meta property=\"article:publisher\" content=\"https:\/\/www.facebook.com\/rassegnastampacattolica\" \/>\n<meta property=\"article:published_time\" content=\"2023-01-04T23:00:25+00:00\" \/>\n<meta property=\"article:modified_time\" content=\"2024-02-06T14:57:55+00:00\" \/>\n<meta property=\"og:image\" content=\"https:\/\/www.rassegnastampa-totustuus.it\/cattolica\/wp-content\/uploads\/2022\/12\/Alain_Juillet_internazionale_serv-segreti_Francia.png\" \/>\n\t<meta property=\"og:image:width\" content=\"700\" \/>\n\t<meta property=\"og:image:height\" content=\"358\" \/>\n\t<meta property=\"og:image:type\" content=\"image\/png\" \/>\n<meta name=\"author\" content=\"Redazione\" \/>\n<meta name=\"twitter:card\" content=\"summary_large_image\" \/>\n<meta name=\"twitter:creator\" content=\"@rassegnastampa9\" \/>\n<meta name=\"twitter:site\" content=\"@rassegnastampa9\" \/>\n<meta name=\"twitter:label1\" content=\"Scritto da\" \/>\n\t<meta name=\"twitter:data1\" content=\"Redazione\" \/>\n\t<meta name=\"twitter:label2\" content=\"Tempo di lettura stimato\" \/>\n\t<meta name=\"twitter:data2\" content=\"10 minuti\" \/>\n<script type=\"application\/ld+json\" class=\"yoast-schema-graph\">{\"@context\":\"https:\\\/\\\/schema.org\",\"@graph\":[{\"@type\":\"Article\",\"@id\":\"https:\\\/\\\/www.rassegnastampa-totustuus.it\\\/cattolica\\\/in-ucraina-si-ripete-il-massacro-della-guerra-civile-spagnola\\\/#article\",\"isPartOf\":{\"@id\":\"https:\\\/\\\/www.rassegnastampa-totustuus.it\\\/cattolica\\\/in-ucraina-si-ripete-il-massacro-della-guerra-civile-spagnola\\\/\"},\"author\":{\"name\":\"Redazione\",\"@id\":\"https:\\\/\\\/www.rassegnastampa-totustuus.it\\\/cattolica\\\/#\\\/schema\\\/person\\\/08f319d2bd1a0904ad9e2bfb7b15e5c3\"},\"headline\":\"In Ucraina si ripete il massacro della guerra civile spagnola\",\"datePublished\":\"2023-01-04T23:00:25+00:00\",\"dateModified\":\"2024-02-06T14:57:55+00:00\",\"mainEntityOfPage\":{\"@id\":\"https:\\\/\\\/www.rassegnastampa-totustuus.it\\\/cattolica\\\/in-ucraina-si-ripete-il-massacro-della-guerra-civile-spagnola\\\/\"},\"wordCount\":1369,\"publisher\":{\"@id\":\"https:\\\/\\\/www.rassegnastampa-totustuus.it\\\/cattolica\\\/#organization\"},\"image\":{\"@id\":\"https:\\\/\\\/www.rassegnastampa-totustuus.it\\\/cattolica\\\/in-ucraina-si-ripete-il-massacro-della-guerra-civile-spagnola\\\/#primaryimage\"},\"thumbnailUrl\":\"https:\\\/\\\/www.rassegnastampa-totustuus.it\\\/cattolica\\\/wp-content\\\/uploads\\\/2022\\\/12\\\/Alain_Juillet_internazionale_serv-segreti_Francia.png\",\"keywords\":[\"politica internazionale\",\"Russia\",\"Ucraina\",\"Usa\"],\"articleSection\":[\"Politica internazionale\",\"Russia\",\"Stati Uniti\"],\"inLanguage\":\"it-IT\"},{\"@type\":\"WebPage\",\"@id\":\"https:\\\/\\\/www.rassegnastampa-totustuus.it\\\/cattolica\\\/in-ucraina-si-ripete-il-massacro-della-guerra-civile-spagnola\\\/\",\"url\":\"https:\\\/\\\/www.rassegnastampa-totustuus.it\\\/cattolica\\\/in-ucraina-si-ripete-il-massacro-della-guerra-civile-spagnola\\\/\",\"name\":\"In Ucraina si ripete il massacro della guerra civile spagnola - Rassegna Stampa Cattolica\",\"isPartOf\":{\"@id\":\"https:\\\/\\\/www.rassegnastampa-totustuus.it\\\/cattolica\\\/#website\"},\"primaryImageOfPage\":{\"@id\":\"https:\\\/\\\/www.rassegnastampa-totustuus.it\\\/cattolica\\\/in-ucraina-si-ripete-il-massacro-della-guerra-civile-spagnola\\\/#primaryimage\"},\"image\":{\"@id\":\"https:\\\/\\\/www.rassegnastampa-totustuus.it\\\/cattolica\\\/in-ucraina-si-ripete-il-massacro-della-guerra-civile-spagnola\\\/#primaryimage\"},\"thumbnailUrl\":\"https:\\\/\\\/www.rassegnastampa-totustuus.it\\\/cattolica\\\/wp-content\\\/uploads\\\/2022\\\/12\\\/Alain_Juillet_internazionale_serv-segreti_Francia.png\",\"datePublished\":\"2023-01-04T23:00:25+00:00\",\"dateModified\":\"2024-02-06T14:57:55+00:00\",\"description\":\"In Ucraina si ripete il massacro della guerra civile spagnola; intervista ad un ex capo dell'intelligence francese\",\"breadcrumb\":{\"@id\":\"https:\\\/\\\/www.rassegnastampa-totustuus.it\\\/cattolica\\\/in-ucraina-si-ripete-il-massacro-della-guerra-civile-spagnola\\\/#breadcrumb\"},\"inLanguage\":\"it-IT\",\"potentialAction\":[{\"@type\":\"ReadAction\",\"target\":[\"https:\\\/\\\/www.rassegnastampa-totustuus.it\\\/cattolica\\\/in-ucraina-si-ripete-il-massacro-della-guerra-civile-spagnola\\\/\"]}]},{\"@type\":\"ImageObject\",\"inLanguage\":\"it-IT\",\"@id\":\"https:\\\/\\\/www.rassegnastampa-totustuus.it\\\/cattolica\\\/in-ucraina-si-ripete-il-massacro-della-guerra-civile-spagnola\\\/#primaryimage\",\"url\":\"https:\\\/\\\/www.rassegnastampa-totustuus.it\\\/cattolica\\\/wp-content\\\/uploads\\\/2022\\\/12\\\/Alain_Juillet_internazionale_serv-segreti_Francia.png\",\"contentUrl\":\"https:\\\/\\\/www.rassegnastampa-totustuus.it\\\/cattolica\\\/wp-content\\\/uploads\\\/2022\\\/12\\\/Alain_Juillet_internazionale_serv-segreti_Francia.png\",\"width\":700,\"height\":358},{\"@type\":\"BreadcrumbList\",\"@id\":\"https:\\\/\\\/www.rassegnastampa-totustuus.it\\\/cattolica\\\/in-ucraina-si-ripete-il-massacro-della-guerra-civile-spagnola\\\/#breadcrumb\",\"itemListElement\":[{\"@type\":\"ListItem\",\"position\":1,\"name\":\"Home\",\"item\":\"https:\\\/\\\/www.rassegnastampa-totustuus.it\\\/cattolica\\\/\"},{\"@type\":\"ListItem\",\"position\":2,\"name\":\"In Ucraina si ripete il massacro della guerra civile spagnola\"}]},{\"@type\":\"WebSite\",\"@id\":\"https:\\\/\\\/www.rassegnastampa-totustuus.it\\\/cattolica\\\/#website\",\"url\":\"https:\\\/\\\/www.rassegnastampa-totustuus.it\\\/cattolica\\\/\",\"name\":\"Rassegna Stampa Cattolica\",\"description\":\"Per una cultura che nasce dalla Rivelazione cristiana in conformit\u00e0 alla tradizione e al Magistero della Chiesa in opposizione ad ogni relativismo e totalitarismo\",\"publisher\":{\"@id\":\"https:\\\/\\\/www.rassegnastampa-totustuus.it\\\/cattolica\\\/#organization\"},\"alternateName\":\"Rass. Cattolica\",\"potentialAction\":[{\"@type\":\"SearchAction\",\"target\":{\"@type\":\"EntryPoint\",\"urlTemplate\":\"https:\\\/\\\/www.rassegnastampa-totustuus.it\\\/cattolica\\\/?s={search_term_string}\"},\"query-input\":{\"@type\":\"PropertyValueSpecification\",\"valueRequired\":true,\"valueName\":\"search_term_string\"}}],\"inLanguage\":\"it-IT\"},{\"@type\":\"Organization\",\"@id\":\"https:\\\/\\\/www.rassegnastampa-totustuus.it\\\/cattolica\\\/#organization\",\"name\":\"Rassegna Stampa Cattolica\",\"url\":\"https:\\\/\\\/www.rassegnastampa-totustuus.it\\\/cattolica\\\/\",\"logo\":{\"@type\":\"ImageObject\",\"inLanguage\":\"it-IT\",\"@id\":\"https:\\\/\\\/www.rassegnastampa-totustuus.it\\\/cattolica\\\/#\\\/schema\\\/logo\\\/image\\\/\",\"url\":\"https:\\\/\\\/www.rassegnastampa-totustuus.it\\\/cattolica\\\/wp-content\\\/uploads\\\/2014\\\/04\\\/logo-rassegna1.gif\",\"contentUrl\":\"https:\\\/\\\/www.rassegnastampa-totustuus.it\\\/cattolica\\\/wp-content\\\/uploads\\\/2014\\\/04\\\/logo-rassegna1.gif\",\"width\":600,\"height\":163,\"caption\":\"Rassegna Stampa Cattolica\"},\"image\":{\"@id\":\"https:\\\/\\\/www.rassegnastampa-totustuus.it\\\/cattolica\\\/#\\\/schema\\\/logo\\\/image\\\/\"},\"sameAs\":[\"https:\\\/\\\/www.facebook.com\\\/rassegnastampacattolica\",\"https:\\\/\\\/x.com\\\/rassegnastampa9\"]},{\"@type\":\"Person\",\"@id\":\"https:\\\/\\\/www.rassegnastampa-totustuus.it\\\/cattolica\\\/#\\\/schema\\\/person\\\/08f319d2bd1a0904ad9e2bfb7b15e5c3\",\"name\":\"Redazione\",\"image\":{\"@type\":\"ImageObject\",\"inLanguage\":\"it-IT\",\"@id\":\"https:\\\/\\\/secure.gravatar.com\\\/avatar\\\/2fcdf27c78ea025fbdb44e914cc63c72249ffec9dc8aafd5c82b26240ef3f346?s=96&d=mm&r=g\",\"url\":\"https:\\\/\\\/secure.gravatar.com\\\/avatar\\\/2fcdf27c78ea025fbdb44e914cc63c72249ffec9dc8aafd5c82b26240ef3f346?s=96&d=mm&r=g\",\"contentUrl\":\"https:\\\/\\\/secure.gravatar.com\\\/avatar\\\/2fcdf27c78ea025fbdb44e914cc63c72249ffec9dc8aafd5c82b26240ef3f346?s=96&d=mm&r=g\",\"caption\":\"Redazione\"},\"url\":\"https:\\\/\\\/www.rassegnastampa-totustuus.it\\\/cattolica\\\/author\\\/pietroelle\\\/\"}]}<\/script>\n<!-- \/ Yoast SEO plugin. -->","yoast_head_json":{"title":"In Ucraina si ripete il massacro della guerra civile spagnola - Rassegna Stampa Cattolica","description":"In Ucraina si ripete il massacro della guerra civile spagnola; intervista ad un ex capo dell'intelligence francese","robots":{"index":"index","follow":"follow","max-snippet":"max-snippet:-1","max-image-preview":"max-image-preview:large","max-video-preview":"max-video-preview:-1"},"canonical":"https:\/\/www.rassegnastampa-totustuus.it\/cattolica\/in-ucraina-si-ripete-il-massacro-della-guerra-civile-spagnola\/","og_locale":"it_IT","og_type":"article","og_title":"In Ucraina si ripete il massacro della guerra civile spagnola - Rassegna Stampa Cattolica","og_description":"In Ucraina si ripete il massacro della guerra civile spagnola; intervista ad un ex capo dell'intelligence francese","og_url":"https:\/\/www.rassegnastampa-totustuus.it\/cattolica\/in-ucraina-si-ripete-il-massacro-della-guerra-civile-spagnola\/","og_site_name":"Rassegna Stampa Cattolica","article_publisher":"https:\/\/www.facebook.com\/rassegnastampacattolica","article_published_time":"2023-01-04T23:00:25+00:00","article_modified_time":"2024-02-06T14:57:55+00:00","og_image":[{"width":700,"height":358,"url":"https:\/\/www.rassegnastampa-totustuus.it\/cattolica\/wp-content\/uploads\/2022\/12\/Alain_Juillet_internazionale_serv-segreti_Francia.png","type":"image\/png"}],"author":"Redazione","twitter_card":"summary_large_image","twitter_creator":"@rassegnastampa9","twitter_site":"@rassegnastampa9","twitter_misc":{"Scritto da":"Redazione","Tempo di lettura stimato":"10 minuti"},"schema":{"@context":"https:\/\/schema.org","@graph":[{"@type":"Article","@id":"https:\/\/www.rassegnastampa-totustuus.it\/cattolica\/in-ucraina-si-ripete-il-massacro-della-guerra-civile-spagnola\/#article","isPartOf":{"@id":"https:\/\/www.rassegnastampa-totustuus.it\/cattolica\/in-ucraina-si-ripete-il-massacro-della-guerra-civile-spagnola\/"},"author":{"name":"Redazione","@id":"https:\/\/www.rassegnastampa-totustuus.it\/cattolica\/#\/schema\/person\/08f319d2bd1a0904ad9e2bfb7b15e5c3"},"headline":"In Ucraina si ripete il massacro della guerra civile spagnola","datePublished":"2023-01-04T23:00:25+00:00","dateModified":"2024-02-06T14:57:55+00:00","mainEntityOfPage":{"@id":"https:\/\/www.rassegnastampa-totustuus.it\/cattolica\/in-ucraina-si-ripete-il-massacro-della-guerra-civile-spagnola\/"},"wordCount":1369,"publisher":{"@id":"https:\/\/www.rassegnastampa-totustuus.it\/cattolica\/#organization"},"image":{"@id":"https:\/\/www.rassegnastampa-totustuus.it\/cattolica\/in-ucraina-si-ripete-il-massacro-della-guerra-civile-spagnola\/#primaryimage"},"thumbnailUrl":"https:\/\/www.rassegnastampa-totustuus.it\/cattolica\/wp-content\/uploads\/2022\/12\/Alain_Juillet_internazionale_serv-segreti_Francia.png","keywords":["politica internazionale","Russia","Ucraina","Usa"],"articleSection":["Politica internazionale","Russia","Stati Uniti"],"inLanguage":"it-IT"},{"@type":"WebPage","@id":"https:\/\/www.rassegnastampa-totustuus.it\/cattolica\/in-ucraina-si-ripete-il-massacro-della-guerra-civile-spagnola\/","url":"https:\/\/www.rassegnastampa-totustuus.it\/cattolica\/in-ucraina-si-ripete-il-massacro-della-guerra-civile-spagnola\/","name":"In Ucraina si ripete il massacro della guerra civile spagnola - Rassegna Stampa Cattolica","isPartOf":{"@id":"https:\/\/www.rassegnastampa-totustuus.it\/cattolica\/#website"},"primaryImageOfPage":{"@id":"https:\/\/www.rassegnastampa-totustuus.it\/cattolica\/in-ucraina-si-ripete-il-massacro-della-guerra-civile-spagnola\/#primaryimage"},"image":{"@id":"https:\/\/www.rassegnastampa-totustuus.it\/cattolica\/in-ucraina-si-ripete-il-massacro-della-guerra-civile-spagnola\/#primaryimage"},"thumbnailUrl":"https:\/\/www.rassegnastampa-totustuus.it\/cattolica\/wp-content\/uploads\/2022\/12\/Alain_Juillet_internazionale_serv-segreti_Francia.png","datePublished":"2023-01-04T23:00:25+00:00","dateModified":"2024-02-06T14:57:55+00:00","description":"In Ucraina si ripete il massacro della guerra civile spagnola; intervista ad un ex capo dell'intelligence francese","breadcrumb":{"@id":"https:\/\/www.rassegnastampa-totustuus.it\/cattolica\/in-ucraina-si-ripete-il-massacro-della-guerra-civile-spagnola\/#breadcrumb"},"inLanguage":"it-IT","potentialAction":[{"@type":"ReadAction","target":["https:\/\/www.rassegnastampa-totustuus.it\/cattolica\/in-ucraina-si-ripete-il-massacro-della-guerra-civile-spagnola\/"]}]},{"@type":"ImageObject","inLanguage":"it-IT","@id":"https:\/\/www.rassegnastampa-totustuus.it\/cattolica\/in-ucraina-si-ripete-il-massacro-della-guerra-civile-spagnola\/#primaryimage","url":"https:\/\/www.rassegnastampa-totustuus.it\/cattolica\/wp-content\/uploads\/2022\/12\/Alain_Juillet_internazionale_serv-segreti_Francia.png","contentUrl":"https:\/\/www.rassegnastampa-totustuus.it\/cattolica\/wp-content\/uploads\/2022\/12\/Alain_Juillet_internazionale_serv-segreti_Francia.png","width":700,"height":358},{"@type":"BreadcrumbList","@id":"https:\/\/www.rassegnastampa-totustuus.it\/cattolica\/in-ucraina-si-ripete-il-massacro-della-guerra-civile-spagnola\/#breadcrumb","itemListElement":[{"@type":"ListItem","position":1,"name":"Home","item":"https:\/\/www.rassegnastampa-totustuus.it\/cattolica\/"},{"@type":"ListItem","position":2,"name":"In Ucraina si ripete il massacro della guerra civile spagnola"}]},{"@type":"WebSite","@id":"https:\/\/www.rassegnastampa-totustuus.it\/cattolica\/#website","url":"https:\/\/www.rassegnastampa-totustuus.it\/cattolica\/","name":"Rassegna Stampa Cattolica","description":"Per una cultura che nasce dalla Rivelazione cristiana in conformit\u00e0 alla tradizione e al Magistero della Chiesa in opposizione ad ogni relativismo e totalitarismo","publisher":{"@id":"https:\/\/www.rassegnastampa-totustuus.it\/cattolica\/#organization"},"alternateName":"Rass. Cattolica","potentialAction":[{"@type":"SearchAction","target":{"@type":"EntryPoint","urlTemplate":"https:\/\/www.rassegnastampa-totustuus.it\/cattolica\/?s={search_term_string}"},"query-input":{"@type":"PropertyValueSpecification","valueRequired":true,"valueName":"search_term_string"}}],"inLanguage":"it-IT"},{"@type":"Organization","@id":"https:\/\/www.rassegnastampa-totustuus.it\/cattolica\/#organization","name":"Rassegna Stampa Cattolica","url":"https:\/\/www.rassegnastampa-totustuus.it\/cattolica\/","logo":{"@type":"ImageObject","inLanguage":"it-IT","@id":"https:\/\/www.rassegnastampa-totustuus.it\/cattolica\/#\/schema\/logo\/image\/","url":"https:\/\/www.rassegnastampa-totustuus.it\/cattolica\/wp-content\/uploads\/2014\/04\/logo-rassegna1.gif","contentUrl":"https:\/\/www.rassegnastampa-totustuus.it\/cattolica\/wp-content\/uploads\/2014\/04\/logo-rassegna1.gif","width":600,"height":163,"caption":"Rassegna Stampa Cattolica"},"image":{"@id":"https:\/\/www.rassegnastampa-totustuus.it\/cattolica\/#\/schema\/logo\/image\/"},"sameAs":["https:\/\/www.facebook.com\/rassegnastampacattolica","https:\/\/x.com\/rassegnastampa9"]},{"@type":"Person","@id":"https:\/\/www.rassegnastampa-totustuus.it\/cattolica\/#\/schema\/person\/08f319d2bd1a0904ad9e2bfb7b15e5c3","name":"Redazione","image":{"@type":"ImageObject","inLanguage":"it-IT","@id":"https:\/\/secure.gravatar.com\/avatar\/2fcdf27c78ea025fbdb44e914cc63c72249ffec9dc8aafd5c82b26240ef3f346?s=96&d=mm&r=g","url":"https:\/\/secure.gravatar.com\/avatar\/2fcdf27c78ea025fbdb44e914cc63c72249ffec9dc8aafd5c82b26240ef3f346?s=96&d=mm&r=g","contentUrl":"https:\/\/secure.gravatar.com\/avatar\/2fcdf27c78ea025fbdb44e914cc63c72249ffec9dc8aafd5c82b26240ef3f346?s=96&d=mm&r=g","caption":"Redazione"},"url":"https:\/\/www.rassegnastampa-totustuus.it\/cattolica\/author\/pietroelle\/"}]}},"_links":{"self":[{"href":"https:\/\/www.rassegnastampa-totustuus.it\/cattolica\/wp-json\/wp\/v2\/posts\/55388","targetHints":{"allow":["GET"]}}],"collection":[{"href":"https:\/\/www.rassegnastampa-totustuus.it\/cattolica\/wp-json\/wp\/v2\/posts"}],"about":[{"href":"https:\/\/www.rassegnastampa-totustuus.it\/cattolica\/wp-json\/wp\/v2\/types\/post"}],"author":[{"embeddable":true,"href":"https:\/\/www.rassegnastampa-totustuus.it\/cattolica\/wp-json\/wp\/v2\/users\/6"}],"replies":[{"embeddable":true,"href":"https:\/\/www.rassegnastampa-totustuus.it\/cattolica\/wp-json\/wp\/v2\/comments?post=55388"}],"version-history":[{"count":2,"href":"https:\/\/www.rassegnastampa-totustuus.it\/cattolica\/wp-json\/wp\/v2\/posts\/55388\/revisions"}],"predecessor-version":[{"id":59449,"href":"https:\/\/www.rassegnastampa-totustuus.it\/cattolica\/wp-json\/wp\/v2\/posts\/55388\/revisions\/59449"}],"wp:featuredmedia":[{"embeddable":true,"href":"https:\/\/www.rassegnastampa-totustuus.it\/cattolica\/wp-json\/wp\/v2\/media\/55389"}],"wp:attachment":[{"href":"https:\/\/www.rassegnastampa-totustuus.it\/cattolica\/wp-json\/wp\/v2\/media?parent=55388"}],"wp:term":[{"taxonomy":"category","embeddable":true,"href":"https:\/\/www.rassegnastampa-totustuus.it\/cattolica\/wp-json\/wp\/v2\/categories?post=55388"},{"taxonomy":"post_tag","embeddable":true,"href":"https:\/\/www.rassegnastampa-totustuus.it\/cattolica\/wp-json\/wp\/v2\/tags?post=55388"}],"curies":[{"name":"wp","href":"https:\/\/api.w.org\/{rel}","templated":true}]}}