{"id":55357,"date":"2022-12-29T00:00:41","date_gmt":"2022-12-28T23:00:41","guid":{"rendered":"http:\/\/www.rassegnastampa-totustuus.it\/cattolica\/?p=55357"},"modified":"2024-02-07T15:45:50","modified_gmt":"2024-02-07T14:45:50","slug":"in-canada-eutanasia-di-stato-anziche-aiuti-e-sussidi","status":"publish","type":"post","link":"https:\/\/www.rassegnastampa-totustuus.it\/cattolica\/in-canada-eutanasia-di-stato-anziche-aiuti-e-sussidi\/","title":{"rendered":"In Canada eutanasia di  Stato anzich\u00e9 aiuti e sussidi"},"content":{"rendered":"<p style=\"text-align: justify;\"><span style=\"color: #000000;\"><strong><img loading=\"lazy\" decoding=\"async\" class=\" wp-image-55359 alignright\" src=\"https:\/\/www.rassegnastampa-totustuus.it\/cattolica\/wp-content\/uploads\/2022\/12\/eutanasia_canada.jpg\" alt=\"\" width=\"310\" height=\"226\" \/><span style=\"color: #000000;\">Abstract: <\/span><\/strong><span style=\"color: #000000;\"><em>in Canada eutanasia di Stato anzich\u00e9 aiuti e sussidi ai disabili e alle persone in difficolt\u00e0 economica. E&#8217; l&#8217;ovvia deriva dell&#8217;omicidio di Stato, che prima si invoca per pochi pietosi casi e poi man mano si applica a categorie sempre pi\u00f9 vaste di persone fino a sopprimere tutti coloro che rappresentano un costo economico per le casse statali e per le assicurazioni sanitarie private\u00a0\u00a0<\/em><\/span><\/span><\/p>\n<p><!--more--><\/p>\n<p style=\"text-align: center;\"><span style=\"color: #000000;\"><strong><span style=\"color: #0000ff;\"><a style=\"color: #0000ff;\" href=\"https:\/\/www.informazionecattolica.it\/\" target=\"_blank\" rel=\"noopener\">InFormazione Cattolica<\/a><\/span><\/strong> \u00a0<\/span><span style=\"color: #000000;\">20 Dicembre 2022<\/span><\/p>\n<h3 style=\"text-align: center;\"><span style=\"color: #000000;\">Quando l\u2019eutanasia diventa un affare (per lo Stato)<\/span><\/h3>\n<p style=\"text-align: justify;\"><span style=\"color: #000000;\"><em>In Canada si preferisce far morire che aiutare con sussidi i disabili o le persone in difficolt\u00e0 economiche<\/em><\/span><\/p>\n<p style=\"text-align: center;\"><span style=\"color: #000000;\">di<strong> Andrea Bartelloni<\/strong><\/span><\/p>\n<p style=\"text-align: justify;\"><span style=\"color: #000000;\">In Canada \u00e8 pi\u00f9 facile scegliere di morire che essere aiutati con sussidi per la disabilit\u00e0 o per difficolt\u00e0 economiche. La deriva eutanasica prende strad<\/span>e <span style=\"color: #0000ff;\"><a style=\"color: #0000ff;\" href=\"https:\/\/www.dailymail.co.uk\/news\/article-11516989\/Canadian-man-doctors-approval-euthanasia-despite-admitting-POVERTY-main-factor.html\" target=\"_blank\" rel=\"noopener noreferrer\">impensate<\/a><\/span>, <span style=\"color: #000000;\">ma ovvie, una volta che un principio viene sancito, non ci sono pi\u00f9 limiti alla fantasia mortifera.<\/span><\/p>\n<p style=\"text-align: justify;\"><span style=\"color: #000000;\"><img loading=\"lazy\" decoding=\"async\" class=\"size-medium wp-image-45919 alignleft\" src=\"https:\/\/www.rassegnastampa-totustuus.it\/cattolica\/wp-content\/uploads\/2020\/01\/eutanasia-300x150.jpg\" alt=\"\" width=\"300\" height=\"150\" srcset=\"https:\/\/www.rassegnastampa-totustuus.it\/cattolica\/wp-content\/uploads\/2020\/01\/eutanasia-300x150.jpg 300w, https:\/\/www.rassegnastampa-totustuus.it\/cattolica\/wp-content\/uploads\/2020\/01\/eutanasia-768x384.jpg 768w, https:\/\/www.rassegnastampa-totustuus.it\/cattolica\/wp-content\/uploads\/2020\/01\/eutanasia-1024x512.jpg 1024w, https:\/\/www.rassegnastampa-totustuus.it\/cattolica\/wp-content\/uploads\/2020\/01\/eutanasia.jpg 2000w\" sizes=\"auto, (max-width: 300px) 100vw, 300px\" \/>Les Landry, 65 anni, ha <a style=\"color: #000000;\" href=\"https:\/\/www.dailymail.co.uk\/news\/article-11516989\/Canadian-man-doctors-approval-euthanasia-despite-admitting-POVERTY-main-factor.html\">ricevuto<\/a> il\u00a0primo via libera per l\u2019eutanasia anche se lui non vorrebbe morire, ma solo essere aiutato per la sua grave disabilit\u00e0. Teme di diventare un senzatetto e questa paura \u00e8 sufficiente per aver diritto all\u2019eutanasia, almeno cos\u00ec ha deciso il primo medico che lo ha incontrato.<\/span><\/p>\n<p style=\"text-align: justify;\"><span style=\"color: #000000;\">In Canada \u00e8 necessario il via libera da parte di due medici e il secondo ancora, fortunatamente, non si trova. Landry usa una sedia a rotelle per spostarsi e ha <img loading=\"lazy\" decoding=\"async\" class=\"size-medium wp-image-27528 alignright\" src=\"https:\/\/www.rassegnastampa-totustuus.it\/cattolica\/wp-content\/uploads\/2009\/03\/eutanasia-300x166.jpg\" alt=\"\" width=\"300\" height=\"166\" srcset=\"https:\/\/www.rassegnastampa-totustuus.it\/cattolica\/wp-content\/uploads\/2009\/03\/eutanasia-300x166.jpg 300w, https:\/\/www.rassegnastampa-totustuus.it\/cattolica\/wp-content\/uploads\/2009\/03\/eutanasia.jpg 301w\" sizes=\"auto, (max-width: 300px) 100vw, 300px\" \/>altre disabilit\u00e0, epilessia e diabete, che lo<\/span> <span style=\"color: #0000ff;\"><a style=\"color: #0000ff;\" href=\"https:\/\/www.canada.ca\/en\/health-canada\/services\/medical-assistance-dying.html\" target=\"_blank\" rel=\"noopener noreferrer\">rendono idoneo<\/a><\/span> <span style=\"color: #000000;\">al MAID,<\/span><span style=\"color: #0000ff;\"> l\u2019<a style=\"color: #0000ff;\" href=\"https:\/\/www.canada.ca\/en\/health-canada\/services\/medical-assistance-dying.html\" target=\"_blank\" rel=\"noopener noreferrer\">assistenza medica alla morte<\/a>.<\/span> <span style=\"color: #000000;\">Fino a poco tempo fa, Les landry poteva vivere comodamente, condividendo la sua modesta casa a Medicine Hat, Alberta, con il suo cane guida. Quando ha compiuto 65 anni i sussidi si sono ridotti e cos\u00ec anche il suo reddito e ora gli rimangono circa $ 120 al mese dopo aver pagato le spese mediche e le altre cose indispensabili. Se poi l\u2019affitto di casa dovesse aumentare si troverebbe in mezzo ad una strada.<\/span><\/p>\n<p style=\"text-align: justify;\"><span style=\"color: #000000;\"><img loading=\"lazy\" decoding=\"async\" class=\"size-full wp-image-17711 alignleft\" src=\"https:\/\/www.rassegnastampa-totustuus.it\/cattolica\/wp-content\/uploads\/2009\/02\/nazi_eutanasia.jpg\" alt=\"\" width=\"194\" height=\"260\" \/>In una serie di interviste con<\/span> <span style=\"color: #0000ff;\"><a style=\"color: #0000ff;\" href=\"https:\/\/videos.dailymail.co.uk\/video\/mol\/2022\/12\/08\/6442938775083438055\/640x360_MP4_6442938775083438055.mp4\" target=\"_blank\" rel=\"noopener noreferrer\">DailyMail.com<\/a><\/span>,<span style=\"color: #000000;\"> ha descritto le sue crescenti difficolt\u00e0 e la decisione di perseguire il \u201cbizzarro\u201d processo di richiesta MAID che ha reso il \u201csuicidio autorizzato dallo stato\u201d una soluzione praticabile alle sue lotte. Speriamo che questo suo gesto aiuti a capire che \u201cquando il dolore di vivere \u00e8 pi\u00f9 della paura della morte\u201d, come ha detto Landry, siamo arrivati a livelli estremi di disperazione e qualcuno lo aiuti a continuare a vivere dignitosamente.<\/span><\/p>\n<p style=\"text-align: justify;\"><span style=\"color: #000000;\">Ma Landry dimostra che si pu\u00f2 chiedere di morire ed essere esauditi anche se non si \u00e8 malati gravi: \u00e8 questa la deriva eutanasica che ha fatto s\u00ec che pi\u00f9 di<\/span>\u00a0<span style=\"color: #0000ff;\"><a style=\"color: #0000ff;\" href=\"https:\/\/www.tempi.it\/canada-oltre-diecimila-morti-eutanasia-solitudine\/\" target=\"_blank\" rel=\"noopener noreferrer\">10mila canadesi<\/a><\/span> <span style=\"color: #000000;\">siano stati soppressi nello scorso anno, dieci volte di pi\u00f9 da quando la legge \u00e8 entrata in vigore nel 2016.<\/span><\/p>\n<p>____________________________________________<\/p>\n<p><strong>Leggi anche:<\/strong><\/p>\n<p><a href=\"https:\/\/www.rassegnastampa-totustuus.it\/cattolica\/eutanasia-in-canada-una-testimonianza\/\" target=\"_blank\" rel=\"noopener\"><span style=\"color: #0000ff;\">Eutanasia in Canada, una testimonianza<\/span><\/a><\/p>\n","protected":false},"excerpt":{"rendered":"<p>Abstract: in Canada eutanasia di Stato anzich\u00e9 aiuti e sussidi ai disabili e alle persone in difficolt\u00e0 economica. E&#8217; l&#8217;ovvia deriva dell&#8217;omicidio di Stato, che prima si invoca per pochi pietosi casi e poi man mano si applica a categorie sempre pi\u00f9 vaste di persone fino a sopprimere tutti coloro che rappresentano un costo economico &hellip; <\/p>\n<p><a class=\"more-link btn\" href=\"https:\/\/www.rassegnastampa-totustuus.it\/cattolica\/in-canada-eutanasia-di-stato-anziche-aiuti-e-sussidi\/\">Continua a leggere<\/a><\/p>\n","protected":false},"author":6,"featured_media":55359,"comment_status":"closed","ping_status":"closed","sticky":false,"template":"","format":"standard","meta":{"footnotes":""},"categories":[4,55,108],"tags":[2388,141,545],"class_list":["post-55357","post","type-post","status-publish","format-standard","has-post-thumbnail","hentry","category-bioetica","category-eutanasia","category-paesi-e-continenti","tag-bioetica","tag-eutanasia-2","tag-paesi-e-continenti-2","item-wrap"],"yoast_head":"<!-- This site is optimized with the Yoast SEO plugin v27.5 - https:\/\/yoast.com\/product\/yoast-seo-wordpress\/ -->\n<title>In Canada eutanasia di Stato anzich\u00e9 aiuti e sussidi - Rassegna Stampa Cattolica<\/title>\n<meta name=\"description\" content=\"In Canada eutanasia di Stato anzich\u00e9 aiuti e sussidi per i disabili o le persone in difficolt\u00e0 economica. Ovvia deriva dell&#039;omicidio di Stato\" \/>\n<meta name=\"robots\" content=\"index, follow, max-snippet:-1, max-image-preview:large, max-video-preview:-1\" \/>\n<link rel=\"canonical\" href=\"https:\/\/www.rassegnastampa-totustuus.it\/cattolica\/in-canada-eutanasia-di-stato-anziche-aiuti-e-sussidi\/\" \/>\n<meta property=\"og:locale\" content=\"it_IT\" \/>\n<meta property=\"og:type\" content=\"article\" \/>\n<meta property=\"og:title\" content=\"In Canada eutanasia di Stato anzich\u00e9 aiuti e sussidi - Rassegna Stampa Cattolica\" \/>\n<meta property=\"og:description\" content=\"In Canada eutanasia di Stato anzich\u00e9 aiuti e sussidi per i disabili o le persone in difficolt\u00e0 economica. Ovvia deriva dell&#039;omicidio di Stato\" \/>\n<meta property=\"og:url\" content=\"https:\/\/www.rassegnastampa-totustuus.it\/cattolica\/in-canada-eutanasia-di-stato-anziche-aiuti-e-sussidi\/\" \/>\n<meta property=\"og:site_name\" content=\"Rassegna Stampa Cattolica\" \/>\n<meta property=\"article:publisher\" content=\"https:\/\/www.facebook.com\/rassegnastampacattolica\" \/>\n<meta property=\"article:published_time\" content=\"2022-12-28T23:00:41+00:00\" \/>\n<meta property=\"article:modified_time\" content=\"2024-02-07T14:45:50+00:00\" \/>\n<meta property=\"og:image\" content=\"https:\/\/www.rassegnastampa-totustuus.it\/cattolica\/wp-content\/uploads\/2022\/12\/eutanasia_canada.jpg\" \/>\n\t<meta property=\"og:image:width\" content=\"263\" \/>\n\t<meta property=\"og:image:height\" content=\"192\" \/>\n\t<meta property=\"og:image:type\" content=\"image\/jpeg\" \/>\n<meta name=\"author\" content=\"Redazione\" \/>\n<meta name=\"twitter:card\" content=\"summary_large_image\" \/>\n<meta name=\"twitter:creator\" content=\"@rassegnastampa9\" \/>\n<meta name=\"twitter:site\" content=\"@rassegnastampa9\" \/>\n<meta name=\"twitter:label1\" content=\"Scritto da\" \/>\n\t<meta name=\"twitter:data1\" content=\"Redazione\" \/>\n\t<meta name=\"twitter:label2\" content=\"Tempo di lettura stimato\" \/>\n\t<meta name=\"twitter:data2\" content=\"4 minuti\" \/>\n<script type=\"application\/ld+json\" class=\"yoast-schema-graph\">{\"@context\":\"https:\\\/\\\/schema.org\",\"@graph\":[{\"@type\":\"Article\",\"@id\":\"https:\\\/\\\/www.rassegnastampa-totustuus.it\\\/cattolica\\\/in-canada-eutanasia-di-stato-anziche-aiuti-e-sussidi\\\/#article\",\"isPartOf\":{\"@id\":\"https:\\\/\\\/www.rassegnastampa-totustuus.it\\\/cattolica\\\/in-canada-eutanasia-di-stato-anziche-aiuti-e-sussidi\\\/\"},\"author\":{\"name\":\"Redazione\",\"@id\":\"https:\\\/\\\/www.rassegnastampa-totustuus.it\\\/cattolica\\\/#\\\/schema\\\/person\\\/08f319d2bd1a0904ad9e2bfb7b15e5c3\"},\"headline\":\"In Canada eutanasia di Stato anzich\u00e9 aiuti e sussidi\",\"datePublished\":\"2022-12-28T23:00:41+00:00\",\"dateModified\":\"2024-02-07T14:45:50+00:00\",\"mainEntityOfPage\":{\"@id\":\"https:\\\/\\\/www.rassegnastampa-totustuus.it\\\/cattolica\\\/in-canada-eutanasia-di-stato-anziche-aiuti-e-sussidi\\\/\"},\"wordCount\":454,\"publisher\":{\"@id\":\"https:\\\/\\\/www.rassegnastampa-totustuus.it\\\/cattolica\\\/#organization\"},\"image\":{\"@id\":\"https:\\\/\\\/www.rassegnastampa-totustuus.it\\\/cattolica\\\/in-canada-eutanasia-di-stato-anziche-aiuti-e-sussidi\\\/#primaryimage\"},\"thumbnailUrl\":\"https:\\\/\\\/www.rassegnastampa-totustuus.it\\\/cattolica\\\/wp-content\\\/uploads\\\/2022\\\/12\\\/eutanasia_canada.jpg\",\"keywords\":[\"Bioetica\",\"eutanasia\",\"paesi e continenti\"],\"articleSection\":[\"Bioetica\",\"Eutanasia\",\"Paesi e continenti\"],\"inLanguage\":\"it-IT\"},{\"@type\":\"WebPage\",\"@id\":\"https:\\\/\\\/www.rassegnastampa-totustuus.it\\\/cattolica\\\/in-canada-eutanasia-di-stato-anziche-aiuti-e-sussidi\\\/\",\"url\":\"https:\\\/\\\/www.rassegnastampa-totustuus.it\\\/cattolica\\\/in-canada-eutanasia-di-stato-anziche-aiuti-e-sussidi\\\/\",\"name\":\"In Canada eutanasia di Stato anzich\u00e9 aiuti e sussidi - Rassegna Stampa Cattolica\",\"isPartOf\":{\"@id\":\"https:\\\/\\\/www.rassegnastampa-totustuus.it\\\/cattolica\\\/#website\"},\"primaryImageOfPage\":{\"@id\":\"https:\\\/\\\/www.rassegnastampa-totustuus.it\\\/cattolica\\\/in-canada-eutanasia-di-stato-anziche-aiuti-e-sussidi\\\/#primaryimage\"},\"image\":{\"@id\":\"https:\\\/\\\/www.rassegnastampa-totustuus.it\\\/cattolica\\\/in-canada-eutanasia-di-stato-anziche-aiuti-e-sussidi\\\/#primaryimage\"},\"thumbnailUrl\":\"https:\\\/\\\/www.rassegnastampa-totustuus.it\\\/cattolica\\\/wp-content\\\/uploads\\\/2022\\\/12\\\/eutanasia_canada.jpg\",\"datePublished\":\"2022-12-28T23:00:41+00:00\",\"dateModified\":\"2024-02-07T14:45:50+00:00\",\"description\":\"In Canada eutanasia di Stato anzich\u00e9 aiuti e sussidi per i disabili o le persone in difficolt\u00e0 economica. Ovvia deriva dell'omicidio di Stato\",\"breadcrumb\":{\"@id\":\"https:\\\/\\\/www.rassegnastampa-totustuus.it\\\/cattolica\\\/in-canada-eutanasia-di-stato-anziche-aiuti-e-sussidi\\\/#breadcrumb\"},\"inLanguage\":\"it-IT\",\"potentialAction\":[{\"@type\":\"ReadAction\",\"target\":[\"https:\\\/\\\/www.rassegnastampa-totustuus.it\\\/cattolica\\\/in-canada-eutanasia-di-stato-anziche-aiuti-e-sussidi\\\/\"]}]},{\"@type\":\"ImageObject\",\"inLanguage\":\"it-IT\",\"@id\":\"https:\\\/\\\/www.rassegnastampa-totustuus.it\\\/cattolica\\\/in-canada-eutanasia-di-stato-anziche-aiuti-e-sussidi\\\/#primaryimage\",\"url\":\"https:\\\/\\\/www.rassegnastampa-totustuus.it\\\/cattolica\\\/wp-content\\\/uploads\\\/2022\\\/12\\\/eutanasia_canada.jpg\",\"contentUrl\":\"https:\\\/\\\/www.rassegnastampa-totustuus.it\\\/cattolica\\\/wp-content\\\/uploads\\\/2022\\\/12\\\/eutanasia_canada.jpg\",\"width\":263,\"height\":192},{\"@type\":\"BreadcrumbList\",\"@id\":\"https:\\\/\\\/www.rassegnastampa-totustuus.it\\\/cattolica\\\/in-canada-eutanasia-di-stato-anziche-aiuti-e-sussidi\\\/#breadcrumb\",\"itemListElement\":[{\"@type\":\"ListItem\",\"position\":1,\"name\":\"Home\",\"item\":\"https:\\\/\\\/www.rassegnastampa-totustuus.it\\\/cattolica\\\/\"},{\"@type\":\"ListItem\",\"position\":2,\"name\":\"In Canada eutanasia di Stato anzich\u00e9 aiuti e sussidi\"}]},{\"@type\":\"WebSite\",\"@id\":\"https:\\\/\\\/www.rassegnastampa-totustuus.it\\\/cattolica\\\/#website\",\"url\":\"https:\\\/\\\/www.rassegnastampa-totustuus.it\\\/cattolica\\\/\",\"name\":\"Rassegna Stampa Cattolica\",\"description\":\"Per una cultura che nasce dalla Rivelazione cristiana in conformit\u00e0 alla tradizione e al Magistero della Chiesa in opposizione ad ogni relativismo e totalitarismo\",\"publisher\":{\"@id\":\"https:\\\/\\\/www.rassegnastampa-totustuus.it\\\/cattolica\\\/#organization\"},\"alternateName\":\"Rass. Cattolica\",\"potentialAction\":[{\"@type\":\"SearchAction\",\"target\":{\"@type\":\"EntryPoint\",\"urlTemplate\":\"https:\\\/\\\/www.rassegnastampa-totustuus.it\\\/cattolica\\\/?s={search_term_string}\"},\"query-input\":{\"@type\":\"PropertyValueSpecification\",\"valueRequired\":true,\"valueName\":\"search_term_string\"}}],\"inLanguage\":\"it-IT\"},{\"@type\":\"Organization\",\"@id\":\"https:\\\/\\\/www.rassegnastampa-totustuus.it\\\/cattolica\\\/#organization\",\"name\":\"Rassegna Stampa Cattolica\",\"url\":\"https:\\\/\\\/www.rassegnastampa-totustuus.it\\\/cattolica\\\/\",\"logo\":{\"@type\":\"ImageObject\",\"inLanguage\":\"it-IT\",\"@id\":\"https:\\\/\\\/www.rassegnastampa-totustuus.it\\\/cattolica\\\/#\\\/schema\\\/logo\\\/image\\\/\",\"url\":\"https:\\\/\\\/www.rassegnastampa-totustuus.it\\\/cattolica\\\/wp-content\\\/uploads\\\/2014\\\/04\\\/logo-rassegna1.gif\",\"contentUrl\":\"https:\\\/\\\/www.rassegnastampa-totustuus.it\\\/cattolica\\\/wp-content\\\/uploads\\\/2014\\\/04\\\/logo-rassegna1.gif\",\"width\":600,\"height\":163,\"caption\":\"Rassegna Stampa Cattolica\"},\"image\":{\"@id\":\"https:\\\/\\\/www.rassegnastampa-totustuus.it\\\/cattolica\\\/#\\\/schema\\\/logo\\\/image\\\/\"},\"sameAs\":[\"https:\\\/\\\/www.facebook.com\\\/rassegnastampacattolica\",\"https:\\\/\\\/x.com\\\/rassegnastampa9\"]},{\"@type\":\"Person\",\"@id\":\"https:\\\/\\\/www.rassegnastampa-totustuus.it\\\/cattolica\\\/#\\\/schema\\\/person\\\/08f319d2bd1a0904ad9e2bfb7b15e5c3\",\"name\":\"Redazione\",\"image\":{\"@type\":\"ImageObject\",\"inLanguage\":\"it-IT\",\"@id\":\"https:\\\/\\\/secure.gravatar.com\\\/avatar\\\/2fcdf27c78ea025fbdb44e914cc63c72249ffec9dc8aafd5c82b26240ef3f346?s=96&d=mm&r=g\",\"url\":\"https:\\\/\\\/secure.gravatar.com\\\/avatar\\\/2fcdf27c78ea025fbdb44e914cc63c72249ffec9dc8aafd5c82b26240ef3f346?s=96&d=mm&r=g\",\"contentUrl\":\"https:\\\/\\\/secure.gravatar.com\\\/avatar\\\/2fcdf27c78ea025fbdb44e914cc63c72249ffec9dc8aafd5c82b26240ef3f346?s=96&d=mm&r=g\",\"caption\":\"Redazione\"},\"url\":\"https:\\\/\\\/www.rassegnastampa-totustuus.it\\\/cattolica\\\/author\\\/pietroelle\\\/\"}]}<\/script>\n<!-- \/ Yoast SEO plugin. -->","yoast_head_json":{"title":"In Canada eutanasia di Stato anzich\u00e9 aiuti e sussidi - Rassegna Stampa Cattolica","description":"In Canada eutanasia di Stato anzich\u00e9 aiuti e sussidi per i disabili o le persone in difficolt\u00e0 economica. Ovvia deriva dell'omicidio di Stato","robots":{"index":"index","follow":"follow","max-snippet":"max-snippet:-1","max-image-preview":"max-image-preview:large","max-video-preview":"max-video-preview:-1"},"canonical":"https:\/\/www.rassegnastampa-totustuus.it\/cattolica\/in-canada-eutanasia-di-stato-anziche-aiuti-e-sussidi\/","og_locale":"it_IT","og_type":"article","og_title":"In Canada eutanasia di Stato anzich\u00e9 aiuti e sussidi - Rassegna Stampa Cattolica","og_description":"In Canada eutanasia di Stato anzich\u00e9 aiuti e sussidi per i disabili o le persone in difficolt\u00e0 economica. Ovvia deriva dell'omicidio di Stato","og_url":"https:\/\/www.rassegnastampa-totustuus.it\/cattolica\/in-canada-eutanasia-di-stato-anziche-aiuti-e-sussidi\/","og_site_name":"Rassegna Stampa Cattolica","article_publisher":"https:\/\/www.facebook.com\/rassegnastampacattolica","article_published_time":"2022-12-28T23:00:41+00:00","article_modified_time":"2024-02-07T14:45:50+00:00","og_image":[{"width":263,"height":192,"url":"https:\/\/www.rassegnastampa-totustuus.it\/cattolica\/wp-content\/uploads\/2022\/12\/eutanasia_canada.jpg","type":"image\/jpeg"}],"author":"Redazione","twitter_card":"summary_large_image","twitter_creator":"@rassegnastampa9","twitter_site":"@rassegnastampa9","twitter_misc":{"Scritto da":"Redazione","Tempo di lettura stimato":"4 minuti"},"schema":{"@context":"https:\/\/schema.org","@graph":[{"@type":"Article","@id":"https:\/\/www.rassegnastampa-totustuus.it\/cattolica\/in-canada-eutanasia-di-stato-anziche-aiuti-e-sussidi\/#article","isPartOf":{"@id":"https:\/\/www.rassegnastampa-totustuus.it\/cattolica\/in-canada-eutanasia-di-stato-anziche-aiuti-e-sussidi\/"},"author":{"name":"Redazione","@id":"https:\/\/www.rassegnastampa-totustuus.it\/cattolica\/#\/schema\/person\/08f319d2bd1a0904ad9e2bfb7b15e5c3"},"headline":"In Canada eutanasia di Stato anzich\u00e9 aiuti e sussidi","datePublished":"2022-12-28T23:00:41+00:00","dateModified":"2024-02-07T14:45:50+00:00","mainEntityOfPage":{"@id":"https:\/\/www.rassegnastampa-totustuus.it\/cattolica\/in-canada-eutanasia-di-stato-anziche-aiuti-e-sussidi\/"},"wordCount":454,"publisher":{"@id":"https:\/\/www.rassegnastampa-totustuus.it\/cattolica\/#organization"},"image":{"@id":"https:\/\/www.rassegnastampa-totustuus.it\/cattolica\/in-canada-eutanasia-di-stato-anziche-aiuti-e-sussidi\/#primaryimage"},"thumbnailUrl":"https:\/\/www.rassegnastampa-totustuus.it\/cattolica\/wp-content\/uploads\/2022\/12\/eutanasia_canada.jpg","keywords":["Bioetica","eutanasia","paesi e continenti"],"articleSection":["Bioetica","Eutanasia","Paesi e continenti"],"inLanguage":"it-IT"},{"@type":"WebPage","@id":"https:\/\/www.rassegnastampa-totustuus.it\/cattolica\/in-canada-eutanasia-di-stato-anziche-aiuti-e-sussidi\/","url":"https:\/\/www.rassegnastampa-totustuus.it\/cattolica\/in-canada-eutanasia-di-stato-anziche-aiuti-e-sussidi\/","name":"In Canada eutanasia di Stato anzich\u00e9 aiuti e sussidi - Rassegna Stampa Cattolica","isPartOf":{"@id":"https:\/\/www.rassegnastampa-totustuus.it\/cattolica\/#website"},"primaryImageOfPage":{"@id":"https:\/\/www.rassegnastampa-totustuus.it\/cattolica\/in-canada-eutanasia-di-stato-anziche-aiuti-e-sussidi\/#primaryimage"},"image":{"@id":"https:\/\/www.rassegnastampa-totustuus.it\/cattolica\/in-canada-eutanasia-di-stato-anziche-aiuti-e-sussidi\/#primaryimage"},"thumbnailUrl":"https:\/\/www.rassegnastampa-totustuus.it\/cattolica\/wp-content\/uploads\/2022\/12\/eutanasia_canada.jpg","datePublished":"2022-12-28T23:00:41+00:00","dateModified":"2024-02-07T14:45:50+00:00","description":"In Canada eutanasia di Stato anzich\u00e9 aiuti e sussidi per i disabili o le persone in difficolt\u00e0 economica. Ovvia deriva dell'omicidio di Stato","breadcrumb":{"@id":"https:\/\/www.rassegnastampa-totustuus.it\/cattolica\/in-canada-eutanasia-di-stato-anziche-aiuti-e-sussidi\/#breadcrumb"},"inLanguage":"it-IT","potentialAction":[{"@type":"ReadAction","target":["https:\/\/www.rassegnastampa-totustuus.it\/cattolica\/in-canada-eutanasia-di-stato-anziche-aiuti-e-sussidi\/"]}]},{"@type":"ImageObject","inLanguage":"it-IT","@id":"https:\/\/www.rassegnastampa-totustuus.it\/cattolica\/in-canada-eutanasia-di-stato-anziche-aiuti-e-sussidi\/#primaryimage","url":"https:\/\/www.rassegnastampa-totustuus.it\/cattolica\/wp-content\/uploads\/2022\/12\/eutanasia_canada.jpg","contentUrl":"https:\/\/www.rassegnastampa-totustuus.it\/cattolica\/wp-content\/uploads\/2022\/12\/eutanasia_canada.jpg","width":263,"height":192},{"@type":"BreadcrumbList","@id":"https:\/\/www.rassegnastampa-totustuus.it\/cattolica\/in-canada-eutanasia-di-stato-anziche-aiuti-e-sussidi\/#breadcrumb","itemListElement":[{"@type":"ListItem","position":1,"name":"Home","item":"https:\/\/www.rassegnastampa-totustuus.it\/cattolica\/"},{"@type":"ListItem","position":2,"name":"In Canada eutanasia di Stato anzich\u00e9 aiuti e sussidi"}]},{"@type":"WebSite","@id":"https:\/\/www.rassegnastampa-totustuus.it\/cattolica\/#website","url":"https:\/\/www.rassegnastampa-totustuus.it\/cattolica\/","name":"Rassegna Stampa Cattolica","description":"Per una cultura che nasce dalla Rivelazione cristiana in conformit\u00e0 alla tradizione e al Magistero della Chiesa in opposizione ad ogni relativismo e totalitarismo","publisher":{"@id":"https:\/\/www.rassegnastampa-totustuus.it\/cattolica\/#organization"},"alternateName":"Rass. Cattolica","potentialAction":[{"@type":"SearchAction","target":{"@type":"EntryPoint","urlTemplate":"https:\/\/www.rassegnastampa-totustuus.it\/cattolica\/?s={search_term_string}"},"query-input":{"@type":"PropertyValueSpecification","valueRequired":true,"valueName":"search_term_string"}}],"inLanguage":"it-IT"},{"@type":"Organization","@id":"https:\/\/www.rassegnastampa-totustuus.it\/cattolica\/#organization","name":"Rassegna Stampa Cattolica","url":"https:\/\/www.rassegnastampa-totustuus.it\/cattolica\/","logo":{"@type":"ImageObject","inLanguage":"it-IT","@id":"https:\/\/www.rassegnastampa-totustuus.it\/cattolica\/#\/schema\/logo\/image\/","url":"https:\/\/www.rassegnastampa-totustuus.it\/cattolica\/wp-content\/uploads\/2014\/04\/logo-rassegna1.gif","contentUrl":"https:\/\/www.rassegnastampa-totustuus.it\/cattolica\/wp-content\/uploads\/2014\/04\/logo-rassegna1.gif","width":600,"height":163,"caption":"Rassegna Stampa Cattolica"},"image":{"@id":"https:\/\/www.rassegnastampa-totustuus.it\/cattolica\/#\/schema\/logo\/image\/"},"sameAs":["https:\/\/www.facebook.com\/rassegnastampacattolica","https:\/\/x.com\/rassegnastampa9"]},{"@type":"Person","@id":"https:\/\/www.rassegnastampa-totustuus.it\/cattolica\/#\/schema\/person\/08f319d2bd1a0904ad9e2bfb7b15e5c3","name":"Redazione","image":{"@type":"ImageObject","inLanguage":"it-IT","@id":"https:\/\/secure.gravatar.com\/avatar\/2fcdf27c78ea025fbdb44e914cc63c72249ffec9dc8aafd5c82b26240ef3f346?s=96&d=mm&r=g","url":"https:\/\/secure.gravatar.com\/avatar\/2fcdf27c78ea025fbdb44e914cc63c72249ffec9dc8aafd5c82b26240ef3f346?s=96&d=mm&r=g","contentUrl":"https:\/\/secure.gravatar.com\/avatar\/2fcdf27c78ea025fbdb44e914cc63c72249ffec9dc8aafd5c82b26240ef3f346?s=96&d=mm&r=g","caption":"Redazione"},"url":"https:\/\/www.rassegnastampa-totustuus.it\/cattolica\/author\/pietroelle\/"}]}},"_links":{"self":[{"href":"https:\/\/www.rassegnastampa-totustuus.it\/cattolica\/wp-json\/wp\/v2\/posts\/55357","targetHints":{"allow":["GET"]}}],"collection":[{"href":"https:\/\/www.rassegnastampa-totustuus.it\/cattolica\/wp-json\/wp\/v2\/posts"}],"about":[{"href":"https:\/\/www.rassegnastampa-totustuus.it\/cattolica\/wp-json\/wp\/v2\/types\/post"}],"author":[{"embeddable":true,"href":"https:\/\/www.rassegnastampa-totustuus.it\/cattolica\/wp-json\/wp\/v2\/users\/6"}],"replies":[{"embeddable":true,"href":"https:\/\/www.rassegnastampa-totustuus.it\/cattolica\/wp-json\/wp\/v2\/comments?post=55357"}],"version-history":[{"count":3,"href":"https:\/\/www.rassegnastampa-totustuus.it\/cattolica\/wp-json\/wp\/v2\/posts\/55357\/revisions"}],"predecessor-version":[{"id":59463,"href":"https:\/\/www.rassegnastampa-totustuus.it\/cattolica\/wp-json\/wp\/v2\/posts\/55357\/revisions\/59463"}],"wp:featuredmedia":[{"embeddable":true,"href":"https:\/\/www.rassegnastampa-totustuus.it\/cattolica\/wp-json\/wp\/v2\/media\/55359"}],"wp:attachment":[{"href":"https:\/\/www.rassegnastampa-totustuus.it\/cattolica\/wp-json\/wp\/v2\/media?parent=55357"}],"wp:term":[{"taxonomy":"category","embeddable":true,"href":"https:\/\/www.rassegnastampa-totustuus.it\/cattolica\/wp-json\/wp\/v2\/categories?post=55357"},{"taxonomy":"post_tag","embeddable":true,"href":"https:\/\/www.rassegnastampa-totustuus.it\/cattolica\/wp-json\/wp\/v2\/tags?post=55357"}],"curies":[{"name":"wp","href":"https:\/\/api.w.org\/{rel}","templated":true}]}}