{"id":55296,"date":"2022-12-22T00:00:37","date_gmt":"2022-12-21T23:00:37","guid":{"rendered":"http:\/\/www.rassegnastampa-totustuus.it\/cattolica\/?p=55296"},"modified":"2024-02-08T16:08:18","modified_gmt":"2024-02-08T15:08:18","slug":"un-altro-detrattore-smaschera-lideologia","status":"publish","type":"post","link":"https:\/\/www.rassegnastampa-totustuus.it\/cattolica\/un-altro-detrattore-smaschera-lideologia\/","title":{"rendered":"Un altro transgender smaschera l&#8217;ideologia"},"content":{"rendered":"<p style=\"text-align: justify;\"><strong><img loading=\"lazy\" decoding=\"async\" class=\" wp-image-55297 alignright\" src=\"https:\/\/www.rassegnastampa-totustuus.it\/cattolica\/wp-content\/uploads\/2022\/12\/gender-300x214.jpg\" alt=\"\" width=\"327\" height=\"233\" srcset=\"https:\/\/www.rassegnastampa-totustuus.it\/cattolica\/wp-content\/uploads\/2022\/12\/gender-300x214.jpg 300w, https:\/\/www.rassegnastampa-totustuus.it\/cattolica\/wp-content\/uploads\/2022\/12\/gender.jpg 750w\" sizes=\"auto, (max-width: 327px) 100vw, 327px\" \/><span style=\"color: #000000;\">Abstract: <\/span><\/strong><em><span style=\"color: #000000;\">un altro transgender smaschera l&#8217;ideologia che spinge al cambiamento di sesso. L&#8217;ex militare Usa\u00a0 \u00e8 caduto nelle mani di uno psicologo che solo dopo una seduta\u00a0 gli ha offerto degli ormoni. Ha poi confessato<\/span><span style=\"color: #000000;\"> di sentirsi \u201cusato\u201d e di \u201cessersi approfittato\u201d. Ha anche spiegato come lo psicologo ha suggerito loro di scrivere un libro insieme e di diventare \u201cmilionari\u201d.<\/span><\/em><\/p>\n<p><!--more--><\/p>\n<p style=\"text-align: center;\"><span style=\"color: #0000ff;\"><a style=\"color: #0000ff;\" href=\"https:\/\/ifamnews.com\/it\" target=\"_blank\" rel=\"noopener\"><strong>International Family News <\/strong><\/a><\/span><span style=\"color: #000000;\">16 Dicembre 2022<\/span><\/p>\n<h3 style=\"text-align: center;\"><span style=\"color: #000000;\">Un altro detrattore smaschera il culto del genere<\/span><\/h3>\n<p style=\"text-align: justify;\"><span style=\"color: #000000;\"><em>Reso famoso nel 2013 come primo Navy SEAL apertamente transgender, Beck ha confessato che l&#8217;ideologia transgender ha distrutto la sua vita.<\/em><\/span><\/p>\n<p style=\"text-align: center;\"><span style=\"color: #000000;\">di <strong>Marija Staji\u0107 <\/strong><\/span><\/p>\n<p style=\"text-align: justify;\"><span style=\"color: #000000;\">Quasi dieci anni fa, Chris Beck (56 anni), veterano dell\u2019\u00e9lite dei Navy SEAL, ha fatto coming out come transgender ed \u00e8 passato a vivere come donna. Dopo essersi ritirato dall\u2019esercito, ha iniziato a vestirsi da donna nel tentativo di \u201cfar coincidere il suo corpo con la sua identit\u00e0\u201d, ha<\/span> <span style=\"color: #0000ff;\"><a style=\"color: #0000ff;\" href=\"https:\/\/abcnews.go.com\/Blotter\/transgender-navy-seal-warrior-princess\/story?id=19314231#.UbKiy9iv_Kf\" target=\"_blank\" rel=\"noopener noreferrer\">scritto ABC news nel 2013<\/a>.<\/span><\/p>\n<p style=\"text-align: justify;\"><span style=\"color: #000000;\"><img loading=\"lazy\" decoding=\"async\" class=\"size-full wp-image-49472 alignleft\" src=\"https:\/\/www.rassegnastampa-totustuus.it\/cattolica\/wp-content\/uploads\/2020\/12\/gender_trans-1.jpg\" alt=\"\" width=\"275\" height=\"183\" \/>Tuttavia, ora \u00e8 passato a essere un uomo e in<\/span> <span style=\"color: #0000ff;\"><a style=\"color: #0000ff;\" href=\"https:\/\/rumble.com\/v1y4nn2-1.-the-real-story-with-chris-beck.html\" target=\"_blank\" rel=\"noopener noreferrer\">un\u2019intervista con Robby Starbuck<\/a><\/span> <span style=\"color: #000000;\">ha dichiarato che \u201ctutto quello che mi \u00e8 successo negli ultimi 10 anni ha distrutto la mia vita. Ho distrutto la mia vita. Non sono una vittima. Ho fatto tutto da solo, ma sono stato aiutato. Mi assumo la piena responsabilit\u00e0. Sto cercando di rimediare\u201d.<\/span><\/p>\n<p style=\"text-align: justify;\"><span style=\"color: #000000;\">Ha confessato che gli sono stati offerti ormoni dopo una sola seduta con uno psicologo, aggiungendo di sentirsi \u201cusato\u201d e di \u201cessersi approfittato\u201d. Ha anche spiegato come lo psicologo abbia suggerito loro di scrivere un libro insieme e di diventare \u201cmilionari\u201d. (Alla fine hanno scritto un libro, intitolato \u201cPrincipessa guerriera\u201d).<\/span><\/p>\n<p style=\"text-align: justify;\"><span style=\"color: #000000;\"><img loading=\"lazy\" decoding=\"async\" class=\" wp-image-55301 alignright\" src=\"https:\/\/www.rassegnastampa-totustuus.it\/cattolica\/wp-content\/uploads\/2022\/12\/sanit\u00e0_iniezioni_ormoni.jpg\" alt=\"\" width=\"299\" height=\"218\" \/>\u201cNon appena [kids] entra e dice: \u2018Sono un maschiaccio\u2019 o \u2018Questo mi fa sentire a mio agio\u2019, uno psicologo dice: \u2018Oh, sei transgender\u2019. E poi il giorno dopo sei sotto ormoni, gli stessi che si usano per la castrazione medica dei pedofili. Ora lo stanno dando a tredicenni sani. Vi sembra giusto? \u00c8 per questo che cerco di dire all\u2019America di svegliarsi\u201d, ha detto Beck nell\u2019intervista.<\/span><\/p>\n<p style=\"text-align: justify;\"><span style=\"color: #000000;\">Beck ha rivelato di aver smesso di usare gli ormoni da sette anni e si \u00e8 scusato con gli americani perch\u00e9 i suoi ormoni sono stati pagati dal V.A. Ha anche sottolineato che questa \u00e8 \u201cun\u2019industria da miliardi di dollari tra psicologi, tra interventi chirurgici, tra ormoni, tra prodotti chimici, tra trattamenti di follow-up\u201d. Ci sono migliaia di cliniche di genere che spuntano in tutto il Paese\u201d.<\/span><\/p>\n<p style=\"text-align: justify;\"><span style=\"color: #000000;\">\u201c\u00c8 una setta\u201d, ha detto a un certo punto.<\/span><\/p>\n<p style=\"text-align: justify;\"><span style=\"color: #000000;\"><img loading=\"lazy\" decoding=\"async\" class=\" wp-image-55302 alignleft\" src=\"https:\/\/www.rassegnastampa-totustuus.it\/cattolica\/wp-content\/uploads\/2022\/12\/transgender_minori.jpg\" alt=\"\" width=\"323\" height=\"212\" \/>Spiegando il motivo per cui sta parlando della sua esperienza, Chris Beck, che si faceva chiamare Kristin Beck mentre viveva come donna transgender, ha detto: \u201cStiamo cercando di salvare i bambini che vengono trascinati in questa situazione\u201d. \u201cTutto ci\u00f2 che vedete sulla CNN con la mia faccia, non credete nemmeno a una parola\u201d, ha aggiunto.<\/span><\/p>\n<p style=\"text-align: justify;\"><span style=\"color: #000000;\">Quella di Beck \u00e8 solo una delle tante esperienze di persone (vedi <\/span><span style=\"color: #0000ff;\"><a style=\"color: #0000ff;\" href=\"https:\/\/ifamnews.com\/en\/what-sex-change-surgery-really-is-a-detransitioner-s-disturbing-testimony\" target=\"_blank\" rel=\"noopener noreferrer\">QUI<\/a><\/span>, <span style=\"color: #0000ff;\"><a style=\"color: #0000ff;\" href=\"https:\/\/www.persuasion.community\/p\/keira-bell-my-story\" target=\"_blank\" rel=\"noopener noreferrer\">QUI<\/a><\/span> e <a href=\"https:\/\/sexchangeregret.com\/\" target=\"_blank\" rel=\"noopener noreferrer\"><span style=\"color: #0000ff;\">QU<\/span>I<\/a>) <span style=\"color: #000000;\">che hanno avuto l\u2019opportunit\u00e0 di conoscere il proprio lavoro.) che hanno ricevuto una cattiva guida in un momento difficile della loro vita e sono stati sfruttati per servire un\u2019industria miliardaria che dice alle persone \u2013 e in modo pi\u00f9 sconcertante ai bambini e ai giovani \u2013 che sono nati \u201cnel corpo sbagliato\u201d e che dovrebbero essere sottoposti a una terapia a base di ormoni intersessuali per il resto della loro vita e persino a interventi chirurgici che alterano la loro vita, rendendoli sterili e con molti altri problemi di salute, come recentemente dimostrato da<\/span> <span style=\"color: #0000ff;\"><a style=\"color: #0000ff;\" href=\"https:\/\/jamanetwork.com\/journals\/jamapediatrics\/article-abstract\/2797439\" target=\"_blank\" rel=\"noopener noreferrer\">una ricerca<\/a><\/span> <span style=\"color: #000000;\">pubblicata sulla prestigiosa rivista medica JAMA Pediatrics.<\/span><\/p>\n<p>__________________________________________<\/p>\n<p><strong>Leggi anche:<\/strong><\/p>\n<p><a href=\"https:\/\/www.rassegnastampa-totustuus.it\/cattolica\/transgender-pentiti-per-il-cambio-di-sesso\/\" target=\"_blank\" rel=\"noopener\"><span style=\"color: #0000ff;\">Il grande esperimento \u00e8 smascherato<\/span><\/a><\/p>\n<p><a href=\"https:\/\/www.rassegnastampa-totustuus.it\/cattolica\/la-trans-pentita-sbugiarda-lo-psichiatra-pro-gender\/\" target=\"_blank\" rel=\"noopener\"><span style=\"color: #0000ff;\">La trans pentita sbugiarda lo psichiatra pro gender<\/span><\/a><\/p>\n","protected":false},"excerpt":{"rendered":"<p>Abstract: un altro transgender smaschera l&#8217;ideologia che spinge al cambiamento di sesso. L&#8217;ex militare Usa\u00a0 \u00e8 caduto nelle mani di uno psicologo che solo dopo una seduta\u00a0 gli ha offerto degli ormoni. Ha poi confessato di sentirsi \u201cusato\u201d e di \u201cessersi approfittato\u201d. Ha anche spiegato come lo psicologo ha suggerito loro di scrivere un libro &hellip; <\/p>\n<p><a class=\"more-link btn\" href=\"https:\/\/www.rassegnastampa-totustuus.it\/cattolica\/un-altro-detrattore-smaschera-lideologia\/\">Continua a leggere<\/a><\/p>\n","protected":false},"author":6,"featured_media":55298,"comment_status":"closed","ping_status":"closed","sticky":false,"template":"","format":"standard","meta":{"footnotes":""},"categories":[125],"tags":[192,437,2279],"class_list":["post-55296","post","type-post","status-publish","format-standard","has-post-thumbnail","hentry","category-ideologia-del-gender","tag-gender","tag-ideologia-del-gender-2","tag-transgender","item-wrap"],"yoast_head":"<!-- This site is optimized with the Yoast SEO plugin v27.5 - https:\/\/yoast.com\/product\/yoast-seo-wordpress\/ -->\n<title>Un altro transgender smaschera l&#039;ideologia - Rassegna Stampa Cattolica<\/title>\n<meta name=\"description\" content=\"Un altro transgender smaschera l&#039;ideologia che spinge al cambio di sesso. Si \u00e8 sentito usato e si sono approfittati di lui\" \/>\n<meta name=\"robots\" content=\"index, follow, max-snippet:-1, max-image-preview:large, max-video-preview:-1\" \/>\n<link rel=\"canonical\" href=\"https:\/\/www.rassegnastampa-totustuus.it\/cattolica\/un-altro-detrattore-smaschera-lideologia\/\" \/>\n<meta property=\"og:locale\" content=\"it_IT\" \/>\n<meta property=\"og:type\" content=\"article\" \/>\n<meta property=\"og:title\" content=\"Un altro transgender smaschera l&#039;ideologia - Rassegna Stampa Cattolica\" \/>\n<meta property=\"og:description\" content=\"Un altro transgender smaschera l&#039;ideologia che spinge al cambio di sesso. Si \u00e8 sentito usato e si sono approfittati di lui\" \/>\n<meta property=\"og:url\" content=\"https:\/\/www.rassegnastampa-totustuus.it\/cattolica\/un-altro-detrattore-smaschera-lideologia\/\" \/>\n<meta property=\"og:site_name\" content=\"Rassegna Stampa Cattolica\" \/>\n<meta property=\"article:publisher\" content=\"https:\/\/www.facebook.com\/rassegnastampacattolica\" \/>\n<meta property=\"article:published_time\" content=\"2022-12-21T23:00:37+00:00\" \/>\n<meta property=\"article:modified_time\" content=\"2024-02-08T15:08:18+00:00\" \/>\n<meta property=\"og:image\" content=\"https:\/\/www.rassegnastampa-totustuus.it\/cattolica\/wp-content\/uploads\/2022\/12\/gender-1.jpg\" \/>\n\t<meta property=\"og:image:width\" content=\"750\" \/>\n\t<meta property=\"og:image:height\" content=\"536\" \/>\n\t<meta property=\"og:image:type\" content=\"image\/jpeg\" \/>\n<meta name=\"author\" content=\"Redazione\" \/>\n<meta name=\"twitter:card\" content=\"summary_large_image\" \/>\n<meta name=\"twitter:creator\" content=\"@rassegnastampa9\" \/>\n<meta name=\"twitter:site\" content=\"@rassegnastampa9\" \/>\n<meta name=\"twitter:label1\" content=\"Scritto da\" \/>\n\t<meta name=\"twitter:data1\" content=\"Redazione\" \/>\n\t<meta name=\"twitter:label2\" content=\"Tempo di lettura stimato\" \/>\n\t<meta name=\"twitter:data2\" content=\"5 minuti\" \/>\n<script type=\"application\/ld+json\" class=\"yoast-schema-graph\">{\"@context\":\"https:\\\/\\\/schema.org\",\"@graph\":[{\"@type\":\"Article\",\"@id\":\"https:\\\/\\\/www.rassegnastampa-totustuus.it\\\/cattolica\\\/un-altro-detrattore-smaschera-lideologia\\\/#article\",\"isPartOf\":{\"@id\":\"https:\\\/\\\/www.rassegnastampa-totustuus.it\\\/cattolica\\\/un-altro-detrattore-smaschera-lideologia\\\/\"},\"author\":{\"name\":\"Redazione\",\"@id\":\"https:\\\/\\\/www.rassegnastampa-totustuus.it\\\/cattolica\\\/#\\\/schema\\\/person\\\/08f319d2bd1a0904ad9e2bfb7b15e5c3\"},\"headline\":\"Un altro transgender smaschera l&#8217;ideologia\",\"datePublished\":\"2022-12-21T23:00:37+00:00\",\"dateModified\":\"2024-02-08T15:08:18+00:00\",\"mainEntityOfPage\":{\"@id\":\"https:\\\/\\\/www.rassegnastampa-totustuus.it\\\/cattolica\\\/un-altro-detrattore-smaschera-lideologia\\\/\"},\"wordCount\":592,\"publisher\":{\"@id\":\"https:\\\/\\\/www.rassegnastampa-totustuus.it\\\/cattolica\\\/#organization\"},\"image\":{\"@id\":\"https:\\\/\\\/www.rassegnastampa-totustuus.it\\\/cattolica\\\/un-altro-detrattore-smaschera-lideologia\\\/#primaryimage\"},\"thumbnailUrl\":\"https:\\\/\\\/www.rassegnastampa-totustuus.it\\\/cattolica\\\/wp-content\\\/uploads\\\/2022\\\/12\\\/gender-1.jpg\",\"keywords\":[\"gender\",\"ideologia del gender\",\"transgender\"],\"articleSection\":[\"Ideologia del gender\"],\"inLanguage\":\"it-IT\"},{\"@type\":\"WebPage\",\"@id\":\"https:\\\/\\\/www.rassegnastampa-totustuus.it\\\/cattolica\\\/un-altro-detrattore-smaschera-lideologia\\\/\",\"url\":\"https:\\\/\\\/www.rassegnastampa-totustuus.it\\\/cattolica\\\/un-altro-detrattore-smaschera-lideologia\\\/\",\"name\":\"Un altro transgender smaschera l'ideologia - Rassegna Stampa Cattolica\",\"isPartOf\":{\"@id\":\"https:\\\/\\\/www.rassegnastampa-totustuus.it\\\/cattolica\\\/#website\"},\"primaryImageOfPage\":{\"@id\":\"https:\\\/\\\/www.rassegnastampa-totustuus.it\\\/cattolica\\\/un-altro-detrattore-smaschera-lideologia\\\/#primaryimage\"},\"image\":{\"@id\":\"https:\\\/\\\/www.rassegnastampa-totustuus.it\\\/cattolica\\\/un-altro-detrattore-smaschera-lideologia\\\/#primaryimage\"},\"thumbnailUrl\":\"https:\\\/\\\/www.rassegnastampa-totustuus.it\\\/cattolica\\\/wp-content\\\/uploads\\\/2022\\\/12\\\/gender-1.jpg\",\"datePublished\":\"2022-12-21T23:00:37+00:00\",\"dateModified\":\"2024-02-08T15:08:18+00:00\",\"description\":\"Un altro transgender smaschera l'ideologia che spinge al cambio di sesso. Si \u00e8 sentito usato e si sono approfittati di lui\",\"breadcrumb\":{\"@id\":\"https:\\\/\\\/www.rassegnastampa-totustuus.it\\\/cattolica\\\/un-altro-detrattore-smaschera-lideologia\\\/#breadcrumb\"},\"inLanguage\":\"it-IT\",\"potentialAction\":[{\"@type\":\"ReadAction\",\"target\":[\"https:\\\/\\\/www.rassegnastampa-totustuus.it\\\/cattolica\\\/un-altro-detrattore-smaschera-lideologia\\\/\"]}]},{\"@type\":\"ImageObject\",\"inLanguage\":\"it-IT\",\"@id\":\"https:\\\/\\\/www.rassegnastampa-totustuus.it\\\/cattolica\\\/un-altro-detrattore-smaschera-lideologia\\\/#primaryimage\",\"url\":\"https:\\\/\\\/www.rassegnastampa-totustuus.it\\\/cattolica\\\/wp-content\\\/uploads\\\/2022\\\/12\\\/gender-1.jpg\",\"contentUrl\":\"https:\\\/\\\/www.rassegnastampa-totustuus.it\\\/cattolica\\\/wp-content\\\/uploads\\\/2022\\\/12\\\/gender-1.jpg\",\"width\":750,\"height\":536},{\"@type\":\"BreadcrumbList\",\"@id\":\"https:\\\/\\\/www.rassegnastampa-totustuus.it\\\/cattolica\\\/un-altro-detrattore-smaschera-lideologia\\\/#breadcrumb\",\"itemListElement\":[{\"@type\":\"ListItem\",\"position\":1,\"name\":\"Home\",\"item\":\"https:\\\/\\\/www.rassegnastampa-totustuus.it\\\/cattolica\\\/\"},{\"@type\":\"ListItem\",\"position\":2,\"name\":\"Un altro transgender smaschera l&#8217;ideologia\"}]},{\"@type\":\"WebSite\",\"@id\":\"https:\\\/\\\/www.rassegnastampa-totustuus.it\\\/cattolica\\\/#website\",\"url\":\"https:\\\/\\\/www.rassegnastampa-totustuus.it\\\/cattolica\\\/\",\"name\":\"Rassegna Stampa Cattolica\",\"description\":\"Per una cultura che nasce dalla Rivelazione cristiana in conformit\u00e0 alla tradizione e al Magistero della Chiesa in opposizione ad ogni relativismo e totalitarismo\",\"publisher\":{\"@id\":\"https:\\\/\\\/www.rassegnastampa-totustuus.it\\\/cattolica\\\/#organization\"},\"alternateName\":\"Rass. Cattolica\",\"potentialAction\":[{\"@type\":\"SearchAction\",\"target\":{\"@type\":\"EntryPoint\",\"urlTemplate\":\"https:\\\/\\\/www.rassegnastampa-totustuus.it\\\/cattolica\\\/?s={search_term_string}\"},\"query-input\":{\"@type\":\"PropertyValueSpecification\",\"valueRequired\":true,\"valueName\":\"search_term_string\"}}],\"inLanguage\":\"it-IT\"},{\"@type\":\"Organization\",\"@id\":\"https:\\\/\\\/www.rassegnastampa-totustuus.it\\\/cattolica\\\/#organization\",\"name\":\"Rassegna Stampa Cattolica\",\"url\":\"https:\\\/\\\/www.rassegnastampa-totustuus.it\\\/cattolica\\\/\",\"logo\":{\"@type\":\"ImageObject\",\"inLanguage\":\"it-IT\",\"@id\":\"https:\\\/\\\/www.rassegnastampa-totustuus.it\\\/cattolica\\\/#\\\/schema\\\/logo\\\/image\\\/\",\"url\":\"https:\\\/\\\/www.rassegnastampa-totustuus.it\\\/cattolica\\\/wp-content\\\/uploads\\\/2014\\\/04\\\/logo-rassegna1.gif\",\"contentUrl\":\"https:\\\/\\\/www.rassegnastampa-totustuus.it\\\/cattolica\\\/wp-content\\\/uploads\\\/2014\\\/04\\\/logo-rassegna1.gif\",\"width\":600,\"height\":163,\"caption\":\"Rassegna Stampa Cattolica\"},\"image\":{\"@id\":\"https:\\\/\\\/www.rassegnastampa-totustuus.it\\\/cattolica\\\/#\\\/schema\\\/logo\\\/image\\\/\"},\"sameAs\":[\"https:\\\/\\\/www.facebook.com\\\/rassegnastampacattolica\",\"https:\\\/\\\/x.com\\\/rassegnastampa9\"]},{\"@type\":\"Person\",\"@id\":\"https:\\\/\\\/www.rassegnastampa-totustuus.it\\\/cattolica\\\/#\\\/schema\\\/person\\\/08f319d2bd1a0904ad9e2bfb7b15e5c3\",\"name\":\"Redazione\",\"image\":{\"@type\":\"ImageObject\",\"inLanguage\":\"it-IT\",\"@id\":\"https:\\\/\\\/secure.gravatar.com\\\/avatar\\\/2fcdf27c78ea025fbdb44e914cc63c72249ffec9dc8aafd5c82b26240ef3f346?s=96&d=mm&r=g\",\"url\":\"https:\\\/\\\/secure.gravatar.com\\\/avatar\\\/2fcdf27c78ea025fbdb44e914cc63c72249ffec9dc8aafd5c82b26240ef3f346?s=96&d=mm&r=g\",\"contentUrl\":\"https:\\\/\\\/secure.gravatar.com\\\/avatar\\\/2fcdf27c78ea025fbdb44e914cc63c72249ffec9dc8aafd5c82b26240ef3f346?s=96&d=mm&r=g\",\"caption\":\"Redazione\"},\"url\":\"https:\\\/\\\/www.rassegnastampa-totustuus.it\\\/cattolica\\\/author\\\/pietroelle\\\/\"}]}<\/script>\n<!-- \/ Yoast SEO plugin. -->","yoast_head_json":{"title":"Un altro transgender smaschera l'ideologia - Rassegna Stampa Cattolica","description":"Un altro transgender smaschera l'ideologia che spinge al cambio di sesso. Si \u00e8 sentito usato e si sono approfittati di lui","robots":{"index":"index","follow":"follow","max-snippet":"max-snippet:-1","max-image-preview":"max-image-preview:large","max-video-preview":"max-video-preview:-1"},"canonical":"https:\/\/www.rassegnastampa-totustuus.it\/cattolica\/un-altro-detrattore-smaschera-lideologia\/","og_locale":"it_IT","og_type":"article","og_title":"Un altro transgender smaschera l'ideologia - Rassegna Stampa Cattolica","og_description":"Un altro transgender smaschera l'ideologia che spinge al cambio di sesso. Si \u00e8 sentito usato e si sono approfittati di lui","og_url":"https:\/\/www.rassegnastampa-totustuus.it\/cattolica\/un-altro-detrattore-smaschera-lideologia\/","og_site_name":"Rassegna Stampa Cattolica","article_publisher":"https:\/\/www.facebook.com\/rassegnastampacattolica","article_published_time":"2022-12-21T23:00:37+00:00","article_modified_time":"2024-02-08T15:08:18+00:00","og_image":[{"width":750,"height":536,"url":"https:\/\/www.rassegnastampa-totustuus.it\/cattolica\/wp-content\/uploads\/2022\/12\/gender-1.jpg","type":"image\/jpeg"}],"author":"Redazione","twitter_card":"summary_large_image","twitter_creator":"@rassegnastampa9","twitter_site":"@rassegnastampa9","twitter_misc":{"Scritto da":"Redazione","Tempo di lettura stimato":"5 minuti"},"schema":{"@context":"https:\/\/schema.org","@graph":[{"@type":"Article","@id":"https:\/\/www.rassegnastampa-totustuus.it\/cattolica\/un-altro-detrattore-smaschera-lideologia\/#article","isPartOf":{"@id":"https:\/\/www.rassegnastampa-totustuus.it\/cattolica\/un-altro-detrattore-smaschera-lideologia\/"},"author":{"name":"Redazione","@id":"https:\/\/www.rassegnastampa-totustuus.it\/cattolica\/#\/schema\/person\/08f319d2bd1a0904ad9e2bfb7b15e5c3"},"headline":"Un altro transgender smaschera l&#8217;ideologia","datePublished":"2022-12-21T23:00:37+00:00","dateModified":"2024-02-08T15:08:18+00:00","mainEntityOfPage":{"@id":"https:\/\/www.rassegnastampa-totustuus.it\/cattolica\/un-altro-detrattore-smaschera-lideologia\/"},"wordCount":592,"publisher":{"@id":"https:\/\/www.rassegnastampa-totustuus.it\/cattolica\/#organization"},"image":{"@id":"https:\/\/www.rassegnastampa-totustuus.it\/cattolica\/un-altro-detrattore-smaschera-lideologia\/#primaryimage"},"thumbnailUrl":"https:\/\/www.rassegnastampa-totustuus.it\/cattolica\/wp-content\/uploads\/2022\/12\/gender-1.jpg","keywords":["gender","ideologia del gender","transgender"],"articleSection":["Ideologia del gender"],"inLanguage":"it-IT"},{"@type":"WebPage","@id":"https:\/\/www.rassegnastampa-totustuus.it\/cattolica\/un-altro-detrattore-smaschera-lideologia\/","url":"https:\/\/www.rassegnastampa-totustuus.it\/cattolica\/un-altro-detrattore-smaschera-lideologia\/","name":"Un altro transgender smaschera l'ideologia - Rassegna Stampa Cattolica","isPartOf":{"@id":"https:\/\/www.rassegnastampa-totustuus.it\/cattolica\/#website"},"primaryImageOfPage":{"@id":"https:\/\/www.rassegnastampa-totustuus.it\/cattolica\/un-altro-detrattore-smaschera-lideologia\/#primaryimage"},"image":{"@id":"https:\/\/www.rassegnastampa-totustuus.it\/cattolica\/un-altro-detrattore-smaschera-lideologia\/#primaryimage"},"thumbnailUrl":"https:\/\/www.rassegnastampa-totustuus.it\/cattolica\/wp-content\/uploads\/2022\/12\/gender-1.jpg","datePublished":"2022-12-21T23:00:37+00:00","dateModified":"2024-02-08T15:08:18+00:00","description":"Un altro transgender smaschera l'ideologia che spinge al cambio di sesso. Si \u00e8 sentito usato e si sono approfittati di lui","breadcrumb":{"@id":"https:\/\/www.rassegnastampa-totustuus.it\/cattolica\/un-altro-detrattore-smaschera-lideologia\/#breadcrumb"},"inLanguage":"it-IT","potentialAction":[{"@type":"ReadAction","target":["https:\/\/www.rassegnastampa-totustuus.it\/cattolica\/un-altro-detrattore-smaschera-lideologia\/"]}]},{"@type":"ImageObject","inLanguage":"it-IT","@id":"https:\/\/www.rassegnastampa-totustuus.it\/cattolica\/un-altro-detrattore-smaschera-lideologia\/#primaryimage","url":"https:\/\/www.rassegnastampa-totustuus.it\/cattolica\/wp-content\/uploads\/2022\/12\/gender-1.jpg","contentUrl":"https:\/\/www.rassegnastampa-totustuus.it\/cattolica\/wp-content\/uploads\/2022\/12\/gender-1.jpg","width":750,"height":536},{"@type":"BreadcrumbList","@id":"https:\/\/www.rassegnastampa-totustuus.it\/cattolica\/un-altro-detrattore-smaschera-lideologia\/#breadcrumb","itemListElement":[{"@type":"ListItem","position":1,"name":"Home","item":"https:\/\/www.rassegnastampa-totustuus.it\/cattolica\/"},{"@type":"ListItem","position":2,"name":"Un altro transgender smaschera l&#8217;ideologia"}]},{"@type":"WebSite","@id":"https:\/\/www.rassegnastampa-totustuus.it\/cattolica\/#website","url":"https:\/\/www.rassegnastampa-totustuus.it\/cattolica\/","name":"Rassegna Stampa Cattolica","description":"Per una cultura che nasce dalla Rivelazione cristiana in conformit\u00e0 alla tradizione e al Magistero della Chiesa in opposizione ad ogni relativismo e totalitarismo","publisher":{"@id":"https:\/\/www.rassegnastampa-totustuus.it\/cattolica\/#organization"},"alternateName":"Rass. Cattolica","potentialAction":[{"@type":"SearchAction","target":{"@type":"EntryPoint","urlTemplate":"https:\/\/www.rassegnastampa-totustuus.it\/cattolica\/?s={search_term_string}"},"query-input":{"@type":"PropertyValueSpecification","valueRequired":true,"valueName":"search_term_string"}}],"inLanguage":"it-IT"},{"@type":"Organization","@id":"https:\/\/www.rassegnastampa-totustuus.it\/cattolica\/#organization","name":"Rassegna Stampa Cattolica","url":"https:\/\/www.rassegnastampa-totustuus.it\/cattolica\/","logo":{"@type":"ImageObject","inLanguage":"it-IT","@id":"https:\/\/www.rassegnastampa-totustuus.it\/cattolica\/#\/schema\/logo\/image\/","url":"https:\/\/www.rassegnastampa-totustuus.it\/cattolica\/wp-content\/uploads\/2014\/04\/logo-rassegna1.gif","contentUrl":"https:\/\/www.rassegnastampa-totustuus.it\/cattolica\/wp-content\/uploads\/2014\/04\/logo-rassegna1.gif","width":600,"height":163,"caption":"Rassegna Stampa Cattolica"},"image":{"@id":"https:\/\/www.rassegnastampa-totustuus.it\/cattolica\/#\/schema\/logo\/image\/"},"sameAs":["https:\/\/www.facebook.com\/rassegnastampacattolica","https:\/\/x.com\/rassegnastampa9"]},{"@type":"Person","@id":"https:\/\/www.rassegnastampa-totustuus.it\/cattolica\/#\/schema\/person\/08f319d2bd1a0904ad9e2bfb7b15e5c3","name":"Redazione","image":{"@type":"ImageObject","inLanguage":"it-IT","@id":"https:\/\/secure.gravatar.com\/avatar\/2fcdf27c78ea025fbdb44e914cc63c72249ffec9dc8aafd5c82b26240ef3f346?s=96&d=mm&r=g","url":"https:\/\/secure.gravatar.com\/avatar\/2fcdf27c78ea025fbdb44e914cc63c72249ffec9dc8aafd5c82b26240ef3f346?s=96&d=mm&r=g","contentUrl":"https:\/\/secure.gravatar.com\/avatar\/2fcdf27c78ea025fbdb44e914cc63c72249ffec9dc8aafd5c82b26240ef3f346?s=96&d=mm&r=g","caption":"Redazione"},"url":"https:\/\/www.rassegnastampa-totustuus.it\/cattolica\/author\/pietroelle\/"}]}},"_links":{"self":[{"href":"https:\/\/www.rassegnastampa-totustuus.it\/cattolica\/wp-json\/wp\/v2\/posts\/55296","targetHints":{"allow":["GET"]}}],"collection":[{"href":"https:\/\/www.rassegnastampa-totustuus.it\/cattolica\/wp-json\/wp\/v2\/posts"}],"about":[{"href":"https:\/\/www.rassegnastampa-totustuus.it\/cattolica\/wp-json\/wp\/v2\/types\/post"}],"author":[{"embeddable":true,"href":"https:\/\/www.rassegnastampa-totustuus.it\/cattolica\/wp-json\/wp\/v2\/users\/6"}],"replies":[{"embeddable":true,"href":"https:\/\/www.rassegnastampa-totustuus.it\/cattolica\/wp-json\/wp\/v2\/comments?post=55296"}],"version-history":[{"count":4,"href":"https:\/\/www.rassegnastampa-totustuus.it\/cattolica\/wp-json\/wp\/v2\/posts\/55296\/revisions"}],"predecessor-version":[{"id":59487,"href":"https:\/\/www.rassegnastampa-totustuus.it\/cattolica\/wp-json\/wp\/v2\/posts\/55296\/revisions\/59487"}],"wp:featuredmedia":[{"embeddable":true,"href":"https:\/\/www.rassegnastampa-totustuus.it\/cattolica\/wp-json\/wp\/v2\/media\/55298"}],"wp:attachment":[{"href":"https:\/\/www.rassegnastampa-totustuus.it\/cattolica\/wp-json\/wp\/v2\/media?parent=55296"}],"wp:term":[{"taxonomy":"category","embeddable":true,"href":"https:\/\/www.rassegnastampa-totustuus.it\/cattolica\/wp-json\/wp\/v2\/categories?post=55296"},{"taxonomy":"post_tag","embeddable":true,"href":"https:\/\/www.rassegnastampa-totustuus.it\/cattolica\/wp-json\/wp\/v2\/tags?post=55296"}],"curies":[{"name":"wp","href":"https:\/\/api.w.org\/{rel}","templated":true}]}}