{"id":55261,"date":"2022-12-15T00:00:27","date_gmt":"2022-12-14T23:00:27","guid":{"rendered":"http:\/\/www.rassegnastampa-totustuus.it\/cattolica\/?p=55261"},"modified":"2024-02-08T19:25:05","modified_gmt":"2024-02-08T18:25:05","slug":"la-russia-dopo-putin","status":"publish","type":"post","link":"https:\/\/www.rassegnastampa-totustuus.it\/cattolica\/la-russia-dopo-putin\/","title":{"rendered":"La Russia dopo Putin"},"content":{"rendered":"<p style=\"text-align: center;\"><span style=\"color: #000000;\"><strong><img loading=\"lazy\" decoding=\"async\" class=\" wp-image-55262 alignleft\" src=\"https:\/\/www.rassegnastampa-totustuus.it\/cattolica\/wp-content\/uploads\/2022\/12\/Russia-300x168.jpg\" alt=\"\" width=\"308\" height=\"173\" \/><span style=\"color: #0000ff;\"><a style=\"color: #0000ff;\" href=\"https:\/\/www.asianews.it\/\" target=\"_blank\" rel=\"noopener\">Asia News <\/a><\/span><\/strong>26 <\/span><span style=\"color: #000000;\">Novembre 2022\u00a0 <\/span><\/p>\n<p style=\"text-align: justify;\"><span style=\"color: #000000;\"><em>Che appoggino incondizionatamente il patriottismo militante, che sperino soltanto nella fine dell\u2019incubo o cerchino timidamente di opporsi rischiando il lager e l\u2019espulsione dalla vita sociale in ogni altro modo, tutti i russi guardano al futuro con un senso di smarrimento e incertezza, rabbia e senso di colpa, frustrazione e orrore del vuoto.<\/em> <\/span><\/p>\n<p style=\"text-align: center;\"><span style=\"color: #000000;\">di <strong>Stefano Caprio <\/strong>(*)<strong><br \/>\n<\/strong><\/span><\/p>\n<p><!--more--><\/p>\n<p style=\"text-align: justify;\"><img loading=\"lazy\" decoding=\"async\" class=\"wp-image-55263 alignright\" src=\"https:\/\/www.rassegnastampa-totustuus.it\/cattolica\/wp-content\/uploads\/2022\/12\/guerra_Russia_Ucraina.jpg\" alt=\"\" width=\"317\" height=\"211\" \/>Al compimento dei nove mesi di guerra in Ucraina, l\u2019azzardo di Putin e della sua casta al potere non ha partorito il risultato sperato, quello della rinascita della grande Russia, chiamata a stupire il mondo con la sua forza militare e la sua superiorit\u00e0 morale. Il buio e il gelo sono calati non soltanto sulle strade di Kiev e di Leopoli, devastate dalle bombe iraniane rimediate dai russi per riempire i propri arsenali, ma soprattutto sui cuori stessi del popolo russo, costretto a lodare in pubblico le follie del Cremlino, ma ormai disperato per il proprio futuro.<\/p>\n<p style=\"text-align: justify;\"><img loading=\"lazy\" decoding=\"async\" class=\"size-medium wp-image-52746 alignleft\" src=\"https:\/\/www.rassegnastampa-totustuus.it\/cattolica\/wp-content\/uploads\/2021\/10\/papa_chiesa_Francesco-300x200.jpg\" alt=\"\" width=\"300\" height=\"200\" srcset=\"https:\/\/www.rassegnastampa-totustuus.it\/cattolica\/wp-content\/uploads\/2021\/10\/papa_chiesa_Francesco-300x200.jpg 300w, https:\/\/www.rassegnastampa-totustuus.it\/cattolica\/wp-content\/uploads\/2021\/10\/papa_chiesa_Francesco-768x511.jpg 768w, https:\/\/www.rassegnastampa-totustuus.it\/cattolica\/wp-content\/uploads\/2021\/10\/papa_chiesa_Francesco-1024x681.jpg 1024w, https:\/\/www.rassegnastampa-totustuus.it\/cattolica\/wp-content\/uploads\/2021\/10\/papa_chiesa_Francesco.jpg 1400w\" sizes=\"auto, (max-width: 300px) 100vw, 300px\" \/>Da tutto il mondo, cominciando dalla sede papale di Roma, si chiede di trovare il modo per fermare la tragedia bellica e accordarsi almeno su qualche forma di armistizio, perch\u00e9 le conseguenze della guerra si fanno sempre pi\u00f9 insopportabili non solo per i martoriati ucraini, ma per tutte le nazioni coinvolte, dall\u2019Europa all\u2019America e alla Cina. Eppure la vera questione non riguarda tanto, o soltanto, la fine delle ostilit\u00e0 e dei bombardamenti, ma ci\u00f2 che sar\u00e0 dopo, a tutte le latitudini, e soprattutto in Russia.<\/p>\n<p style=\"text-align: justify;\">L\u2019Ucraina \u00e8 senz\u2019altro il Paese che ha subito le maggiori perdite, ma paradossalmente ha anche ottenuto i maggiori guadagni. Ha perso la vita di tantissime persone, soldati e civili, bambini e anziani, ha perso la casa, la luce e il riscaldamento, ampi territori occupati e \u201cannessi\u201d, costretta a evacuare moltissimi cittadini in un esodo di massa, da cui non si sa quanti e quando torneranno a casa, ammesso che la trovino ancora in piedi.<\/p>\n<p style=\"text-align: justify;\"><img loading=\"lazy\" decoding=\"async\" class=\"wp-image-53566 alignright\" src=\"https:\/\/www.rassegnastampa-totustuus.it\/cattolica\/wp-content\/uploads\/2022\/02\/Ucraina.jpg\" alt=\"\" width=\"332\" height=\"243\" \/>Allo stesso tempo ha guadagnato finalmente, dopo tanti secoli e tanti tentativi falliti, la coscienza di essere una nazione, con i propri ideali e i propri eroi, le proprie citt\u00e0-simbolo e i sentimenti del coraggio nella resistenza e nella difesa attiva delle proprie terre, dei propri interessi, del proprio popolo. Ha guadagnato l\u2019appoggio e la solidariet\u00e0 dell\u2019Europa, di cui non \u00e8 pi\u00f9 solo una terra di confine sconosciuta, ma il cuore stesso di un continente che ha sempre amato la Russia con tutte le sue contraddizioni, e continua a desiderarla, ma ora considera l\u2019Ucraina il centro attorno a cui riunire le sue tante anime di oriente e occidente, settentrione e mezzogiorno.<\/p>\n<p style=\"text-align: justify;\"><img loading=\"lazy\" decoding=\"async\" class=\"wp-image-54798 alignleft\" src=\"https:\/\/www.rassegnastampa-totustuus.it\/cattolica\/wp-content\/uploads\/2022\/09\/europa_ucraina.jpg\" alt=\"\" width=\"337\" height=\"191\" \/>L\u2019Ucraina sa di avere un futuro, difficile e pieno di insidie, di doversi ricostruire confidando nell\u2019appoggio dell\u2019intero Occidente e soprattutto degli Stati Uniti, dove la grande diaspora ucraina ha messo radici nel lungo inverno sovietico. Sa di essere destinata a mantenere alta la vigilanza armata, come un nuovo Israele circondato dai nemici, e dovr\u00e0 sempre difendersi dall\u2019orso russo che ruggisce fuori dalla sua porta.<\/p>\n<p style=\"text-align: justify;\">I Paesi vicini come la Polonia, la Romania, l\u2019Ungheria, la Moldavia, la Slovacchia e i Baltici sono ormai fratelli di sangue e di vita, non pi\u00f9 frammenti di un \u201cex-mondo\u201d totalitario, ma anima orientale di un continente ricco di storia, di cultura e di fede religiosa, oltre che di mezzi finanziari e potenzialit\u00e0 tecnologiche. Con la resistenza dell\u2019Ucraina \u00e8 nata una nuova Europa orientale, confine che si staglia dal mar Baltico al mar Nero, di fronte alle minacce dell\u2019Eurasia barbarica.<\/p>\n<p style=\"text-align: justify;\"><img loading=\"lazy\" decoding=\"async\" class=\" wp-image-54363 alignright\" src=\"https:\/\/www.rassegnastampa-totustuus.it\/cattolica\/wp-content\/uploads\/2022\/06\/Cina_Russia_Pitin_Xi_Jiping.jpg\" alt=\"\" width=\"316\" height=\"210\" \/>La Russia \u00e8 invece di fronte al baratro dell\u2019isolamento e del risentimento, della recessione economica e dell\u2019insignificanza politica, del disprezzo e della perplessit\u00e0 del resto del mondo, compresi i Paesi \u201camici per l\u2019eternit\u00e0\u201d come la grande Cina, l\u2019altezzosa Turchia e l\u2019immensa India, che fingono di accarezzare il cane rabbioso, tenendosene alla larga il pi\u00f9 possibile.<\/p>\n<p style=\"text-align: justify;\">Sia coloro che appoggiano incondizionatamente il patriottismo militante, sia i tanti che sperano soltanto nella fine dell\u2019incubo, o cercano timidamente di opporsi rischiando il lager e l\u2019espulsione dalla vita sociale in ogni altro modo, tutti i russi guardano al futuro con un senso di smarrimento e incertezza, rabbia e senso di colpa, frustrazione e orrore del vuoto.<\/p>\n<p style=\"text-align: justify;\"><img loading=\"lazy\" decoding=\"async\" class=\" wp-image-53740 alignleft\" src=\"https:\/\/www.rassegnastampa-totustuus.it\/cattolica\/wp-content\/uploads\/2022\/03\/Russia_guerra_Crimea.jpg\" alt=\"\" width=\"333\" height=\"227\" \/>Non \u00e8 la prima volta nella sua storia che la Russia si trova ad affrontare la perdita di s\u00e9 stessa, e la necessit\u00e0 di attraversare un gelido deserto senza vedere vie d\u2019uscita. Nei mille anni della sua storia, la successione di morti e rinascite \u00e8 stata piuttosto la dimensione che tutte le generazioni dei russi hanno dovuto affrontare, molto pi\u00f9 di altre regioni del mondo funestate dai conflitti e dalle catastrofi, dal Mediterraneo al Medio Oriente, alle guerre del nord a quelle coloniali dei mari e degli oceani.<\/p>\n<p style=\"text-align: justify;\"><img loading=\"lazy\" decoding=\"async\" class=\"wp-image-53806 alignright\" src=\"https:\/\/www.rassegnastampa-totustuus.it\/cattolica\/wp-content\/uploads\/2022\/03\/Ucraina_Russia_Rus\u2019-di-Kyiv.jpg\" alt=\"\" width=\"255\" height=\"177\" \/>I due secoli del \u201cgiogo tartaro\u201d medievale impedirono all\u2019antica Rus\u2019 di essere protagonista della rinascita europea dopo la fine degli imperi antichi, condannandola a un \u201critardo di civilt\u00e0\u201d che in buona parte alimenta i complessi d\u2019inferiorit\u00e0 e di rancore che ancora oggi esplodono nel sangue dei russi.<\/p>\n<p style=\"text-align: justify;\">Il Seicento dei \u201cTorbidi\u201d ha disintegrato quello che si era tentato di costruire nel secolo precedente, quello del sogno della \u201cTerza Roma\u201d. I settant\u2019anni del totalitarismo sovietico hanno prodotto un effetto simile, se non superiore, alle tante scomparse e \u201cstagnazioni\u201d della Russia dei secoli precedenti.<\/p>\n<p style=\"text-align: justify;\"><img loading=\"lazy\" decoding=\"async\" class=\"size-medium wp-image-47023 alignleft\" src=\"https:\/\/www.rassegnastampa-totustuus.it\/cattolica\/wp-content\/uploads\/2020\/04\/Urss_comunismo-300x200.jpeg\" alt=\"\" width=\"300\" height=\"200\" srcset=\"https:\/\/www.rassegnastampa-totustuus.it\/cattolica\/wp-content\/uploads\/2020\/04\/Urss_comunismo-300x200.jpeg 300w, https:\/\/www.rassegnastampa-totustuus.it\/cattolica\/wp-content\/uploads\/2020\/04\/Urss_comunismo-768x512.jpeg 768w, https:\/\/www.rassegnastampa-totustuus.it\/cattolica\/wp-content\/uploads\/2020\/04\/Urss_comunismo-1024x682.jpeg 1024w, https:\/\/www.rassegnastampa-totustuus.it\/cattolica\/wp-content\/uploads\/2020\/04\/Urss_comunismo.jpeg 1697w\" sizes=\"auto, (max-width: 300px) 100vw, 300px\" \/>Proprio durante il regime comunista, che ancora segna in gran parte le coscienze dei russi, la dinamica di morte e resurrezione si \u00e8 ripetuta pi\u00f9 volte, per l\u2019impossibilit\u00e0 di realizzare l\u2019ideale universale della rivoluzione e del nuovo mondo di giustizia e di pace.<\/p>\n<p style=\"text-align: justify;\">La guerra civile leninista sfoci\u00f2 nella timida economia di mercato, poi soffocata dal trentennio staliniano, che sembrava aver raggiunto il successo sperato grazie alla vittoria della guerra patriottica, e alla grande trasformazione industriale realizzata grazie allo schiavismo dei prigionieri dei lager. Non a caso il putinismo si propone come imitazione dello stalinismo, sia nel fervore bellico-ideologico, sia nelle pretese universali ed economiche, accompagnate da repressioni sempre pi\u00f9 simili a quelle dell\u2019Arcipelago Gulag.<\/p>\n<p style=\"text-align: justify;\"><img loading=\"lazy\" decoding=\"async\" class=\" wp-image-28654 alignright\" src=\"https:\/\/www.rassegnastampa-totustuus.it\/cattolica\/wp-content\/uploads\/2013\/07\/Stalin.jpg\" alt=\"\" width=\"326\" height=\"244\" \/>La morte di Stalin non lasci\u00f2 un paradiso realizzato, ma un inferno di oppressione da cui liberarsi appena possibile, come tent\u00f2 di fare il contraddittorio \u201cdisgelo kruscioviano\u201d, presto abortito per restaurare l\u2019immobilismo e la dittatura neo-stalinista del ventennio brezneviano.<\/p>\n<p style=\"text-align: justify;\">La guerra in Afghanistan costrinse la Russia a cercare nuovamente s\u00e9 stessa, nei maldestri tentativi della <em>perestrojka<\/em> gorbacioviana e della democrazia filo-occidentale eltsiniana, tanto infelici da produrre un nuovo totalitarismo, nell\u2019ortodossia militante di Putin e Kirill.<\/p>\n<p style=\"text-align: justify;\"><img loading=\"lazy\" decoding=\"async\" class=\" wp-image-40949 alignleft\" src=\"https:\/\/www.rassegnastampa-totustuus.it\/cattolica\/wp-content\/uploads\/2018\/08\/federazione_russia.png\" alt=\"\" width=\"381\" height=\"221\" \/>I dioscuri del sovranismo dei fantomatici \u201cvalori tradizionali\u201d, lo zar e il patriarca, si sono di fatto espulsi da soli dalla storia, e sopravvivono solo le loro tragiche maschere nelle esplosioni isteriche delle bombe sull\u2019Ucraina, sapendo di non aver pi\u00f9 alcun ruolo da svolgere nella storia russa e universale. Sia la societ\u00e0 che la Chiesa russa si chiedono come sar\u00e0 possibile sostituirli, possibilmente entro i prossimi mesi, ma se anche fosse tra diversi anni, le condizioni di fatto non cambierebbero, allungando soltanto l\u2019ennesima stagnazione.<\/p>\n<p style=\"text-align: justify;\"><img loading=\"lazy\" decoding=\"async\" class=\"wp-image-55264 alignright\" src=\"https:\/\/www.rassegnastampa-totustuus.it\/cattolica\/wp-content\/uploads\/2022\/12\/ortodossi_Russia_Kirill-300x168.jpg\" alt=\"\" width=\"350\" height=\"196\" \/>Non esistono ad oggi vere alternative al presidente Putin e al patriarca Kirill, nella politica civile ed ecclesiastica, che in Russia sono inestricabilmente legate tra loro.<\/p>\n<p style=\"text-align: justify;\">Gli oppositori e i dissidenti sono in lager o in esilio, e le tante degne personalit\u00e0 che compongono questa \u201cdiaspora interna ed esterna\u201d non hanno per ora la forza e le idee per proporre un\u2019alternativa. I militari, i governatori regionali, i ministri e tutta la classe dirigente \u00e8 allineata e sottomessa, per convinzione e per necessit\u00e0, ai voleri del bunker del Cremlino.<\/p>\n<p style=\"text-align: justify;\">E il fattore pi\u00f9 preoccupante \u00e8 che gli unici a muoversi in prospettiva futura sono gli spiriti pi\u00f9 fanatici e bellicosi, come il presidente ceceno Ramzan Kadyrov, o il \u201ccuoco di Putin\u201d Evgenij Prigo\u017ein.<\/p>\n<div id=\"attachment_55266\" style=\"width: 265px\" class=\"wp-caption alignleft\"><img loading=\"lazy\" decoding=\"async\" aria-describedby=\"caption-attachment-55266\" class=\"wp-image-55266 size-full\" src=\"https:\/\/www.rassegnastampa-totustuus.it\/cattolica\/wp-content\/uploads\/2022\/12\/Russia_Evgenij_Prigo\u017ein.jpg\" alt=\"\" width=\"265\" height=\"191\" \/><p id=\"caption-attachment-55266\" class=\"wp-caption-text\">Evgenij Prigo\u017ein<\/p><\/div>\n<p style=\"text-align: justify;\">Proprio il fondatore dell\u2019efferata compagnia Wagner, i mercenari che riproducono in forma estrema la brutalit\u00e0 degli <em>spetsnaz<\/em> sovietici, nelle ultime settimane ha deciso di rompere gli indugi, e avviare una nuova formazione che sia in grado di affrontare il dopo-Putin sempre pi\u00f9 imminente.<\/p>\n<p style=\"text-align: justify;\">Prigo\u017ein sta pianificando la creazione di un \u201cmovimento patriottico conservatore\u201d, chiamato sulla stampa dei <em>radikal-patrioty<\/em>, intervenendo in pubblico in forme sempre pi\u00f9 esplicite, dopo anni di nascondimento nella \u201ccucina\u201d dietro le quinte del potere. In centri commerciali acquistati o requisiti organizza convegni, mostre e sessioni di studio in cui si accusano le \u00e9lite al potere di essere troppo timide, si coltiva il revanscismo pi\u00f9 estremo e il senso della vendetta per gli insuccessi militari.<\/p>\n<p style=\"text-align: justify;\"><img loading=\"lazy\" decoding=\"async\" class=\"size-medium wp-image-53573 alignleft\" src=\"https:\/\/www.rassegnastampa-totustuus.it\/cattolica\/wp-content\/uploads\/2022\/02\/Russia_Cremlino-300x150.jpg\" alt=\"\" width=\"300\" height=\"150\" srcset=\"https:\/\/www.rassegnastampa-totustuus.it\/cattolica\/wp-content\/uploads\/2022\/02\/Russia_Cremlino-300x150.jpg 300w, https:\/\/www.rassegnastampa-totustuus.it\/cattolica\/wp-content\/uploads\/2022\/02\/Russia_Cremlino.jpg 474w\" sizes=\"auto, (max-width: 300px) 100vw, 300px\" \/>Dal Cremlino si moltiplicano i comunicati di smentita, secondo cui \u201cPrigo\u017ein non ha intenzione di formare un nuovo partito, ma si dedica a progetti sociali di ampio respiro\u201d, e anche i comunisti del Kprf assicurano che l\u2019eventuale partito di Prigo\u017ein \u201c\u00e8 destinato al fallimento\u201d, formule che non fanno altro che aumentare il senso di timore per quello che pu\u00f2 avvenire realmente.<\/p>\n<p style=\"text-align: justify;\"><img loading=\"lazy\" decoding=\"async\" class=\" wp-image-46153 alignright\" src=\"https:\/\/www.rassegnastampa-totustuus.it\/cattolica\/wp-content\/uploads\/2020\/02\/Russia.jpg\" alt=\"\" width=\"241\" height=\"242\" srcset=\"https:\/\/www.rassegnastampa-totustuus.it\/cattolica\/wp-content\/uploads\/2020\/02\/Russia.jpg 224w, https:\/\/www.rassegnastampa-totustuus.it\/cattolica\/wp-content\/uploads\/2020\/02\/Russia-150x150.jpg 150w\" sizes=\"auto, (max-width: 241px) 100vw, 241px\" \/>Il radicalismo patriottico non \u00e8 altro che una forma estrema di populismo, la dimensione in cui s\u2019incagliano le politiche di tutti i Paesi del mondo negli ultimi decenni, dopo l\u2019esaurimento delle ideologie e la presunta \u201cfine della storia\u201d.<\/p>\n<p style=\"text-align: justify;\">Si tratta invece di iniziare una nuova storia, in Russia e non solo, cercando il coraggio per ricominciare con umilt\u00e0 e apertura ad ogni istanza, a cominciare da quella della pace, per trovare il senso della solidariet\u00e0 e della concordia, del dialogo e della ricostruzione dei mondi e delle anime.<\/p>\n<p>____________________<\/p>\n<p>(*)<strong> Stefano Caprio \u00e8 <\/strong>un sacerdote diocesano, ordinato a Roma nel 1985. Missionario in Russia dal 1989 al 2002 \u00e8 docente di storia e cultura russa al Pontificio Istituto Orientale di Roma dal 2007.<\/p>\n<p>_____________________________________________<\/p>\n<p><strong>Leggi anche:<\/strong><\/p>\n<p><a href=\"https:\/\/www.rassegnastampa-totustuus.it\/cattolica\/la-nuova-russia-di-putin\/\" target=\"_blank\" rel=\"noopener\"><span style=\"color: #0000ff;\">La nuova Russia di Putin<\/span><\/a><\/p>\n","protected":false},"excerpt":{"rendered":"<p>Asia News 26 Novembre 2022\u00a0 Che appoggino incondizionatamente il patriottismo militante, che sperino soltanto nella fine dell\u2019incubo o cerchino timidamente di opporsi rischiando il lager e l\u2019espulsione dalla vita sociale in ogni altro modo, tutti i russi guardano al futuro con un senso di smarrimento e incertezza, rabbia e senso di colpa, frustrazione e orrore &hellip; <\/p>\n<p><a class=\"more-link btn\" href=\"https:\/\/www.rassegnastampa-totustuus.it\/cattolica\/la-russia-dopo-putin\/\">Continua a leggere<\/a><\/p>\n","protected":false},"author":6,"featured_media":53614,"comment_status":"closed","ping_status":"closed","sticky":false,"template":"","format":"standard","meta":{"footnotes":""},"categories":[108,116],"tags":[],"class_list":["post-55261","post","type-post","status-publish","format-standard","has-post-thumbnail","hentry","category-paesi-e-continenti","category-russia","item-wrap"],"yoast_head":"<!-- This site is optimized with the Yoast SEO plugin v27.5 - https:\/\/yoast.com\/product\/yoast-seo-wordpress\/ -->\n<title>La Russia dopo Putin - Rassegna Stampa Cattolica<\/title>\n<meta name=\"description\" content=\"La Russia dopo Putin. Tutti i russi guardano al futuro con un senso di smarrimento e incertezza, rabbia e senso e orrore del vuoto\" \/>\n<meta name=\"robots\" content=\"index, follow, max-snippet:-1, max-image-preview:large, max-video-preview:-1\" \/>\n<link rel=\"canonical\" href=\"https:\/\/www.rassegnastampa-totustuus.it\/cattolica\/la-russia-dopo-putin\/\" \/>\n<meta property=\"og:locale\" content=\"it_IT\" \/>\n<meta property=\"og:type\" content=\"article\" \/>\n<meta property=\"og:title\" content=\"La Russia dopo Putin - Rassegna Stampa Cattolica\" \/>\n<meta property=\"og:description\" content=\"La Russia dopo Putin. Tutti i russi guardano al futuro con un senso di smarrimento e incertezza, rabbia e senso e orrore del vuoto\" \/>\n<meta property=\"og:url\" content=\"https:\/\/www.rassegnastampa-totustuus.it\/cattolica\/la-russia-dopo-putin\/\" \/>\n<meta property=\"og:site_name\" content=\"Rassegna Stampa Cattolica\" \/>\n<meta property=\"article:publisher\" content=\"https:\/\/www.facebook.com\/rassegnastampacattolica\" \/>\n<meta property=\"article:published_time\" content=\"2022-12-14T23:00:27+00:00\" \/>\n<meta property=\"article:modified_time\" content=\"2024-02-08T18:25:05+00:00\" \/>\n<meta property=\"og:image\" content=\"https:\/\/www.rassegnastampa-totustuus.it\/cattolica\/wp-content\/uploads\/2022\/03\/Russia.png\" \/>\n\t<meta property=\"og:image:width\" content=\"768\" \/>\n\t<meta property=\"og:image:height\" content=\"384\" \/>\n\t<meta property=\"og:image:type\" content=\"image\/png\" \/>\n<meta name=\"author\" content=\"Redazione\" \/>\n<meta name=\"twitter:card\" content=\"summary_large_image\" \/>\n<meta name=\"twitter:creator\" content=\"@rassegnastampa9\" \/>\n<meta name=\"twitter:site\" content=\"@rassegnastampa9\" \/>\n<meta name=\"twitter:label1\" content=\"Scritto da\" \/>\n\t<meta name=\"twitter:data1\" content=\"Redazione\" \/>\n\t<meta name=\"twitter:label2\" content=\"Tempo di lettura stimato\" \/>\n\t<meta name=\"twitter:data2\" content=\"12 minuti\" \/>\n<script type=\"application\/ld+json\" class=\"yoast-schema-graph\">{\"@context\":\"https:\\\/\\\/schema.org\",\"@graph\":[{\"@type\":\"Article\",\"@id\":\"https:\\\/\\\/www.rassegnastampa-totustuus.it\\\/cattolica\\\/la-russia-dopo-putin\\\/#article\",\"isPartOf\":{\"@id\":\"https:\\\/\\\/www.rassegnastampa-totustuus.it\\\/cattolica\\\/la-russia-dopo-putin\\\/\"},\"author\":{\"name\":\"Redazione\",\"@id\":\"https:\\\/\\\/www.rassegnastampa-totustuus.it\\\/cattolica\\\/#\\\/schema\\\/person\\\/08f319d2bd1a0904ad9e2bfb7b15e5c3\"},\"headline\":\"La Russia dopo Putin\",\"datePublished\":\"2022-12-14T23:00:27+00:00\",\"dateModified\":\"2024-02-08T18:25:05+00:00\",\"mainEntityOfPage\":{\"@id\":\"https:\\\/\\\/www.rassegnastampa-totustuus.it\\\/cattolica\\\/la-russia-dopo-putin\\\/\"},\"wordCount\":1605,\"publisher\":{\"@id\":\"https:\\\/\\\/www.rassegnastampa-totustuus.it\\\/cattolica\\\/#organization\"},\"image\":{\"@id\":\"https:\\\/\\\/www.rassegnastampa-totustuus.it\\\/cattolica\\\/la-russia-dopo-putin\\\/#primaryimage\"},\"thumbnailUrl\":\"https:\\\/\\\/www.rassegnastampa-totustuus.it\\\/cattolica\\\/wp-content\\\/uploads\\\/2022\\\/03\\\/Russia.png\",\"articleSection\":[\"Paesi e continenti\",\"Russia\"],\"inLanguage\":\"it-IT\"},{\"@type\":\"WebPage\",\"@id\":\"https:\\\/\\\/www.rassegnastampa-totustuus.it\\\/cattolica\\\/la-russia-dopo-putin\\\/\",\"url\":\"https:\\\/\\\/www.rassegnastampa-totustuus.it\\\/cattolica\\\/la-russia-dopo-putin\\\/\",\"name\":\"La Russia dopo Putin - Rassegna Stampa Cattolica\",\"isPartOf\":{\"@id\":\"https:\\\/\\\/www.rassegnastampa-totustuus.it\\\/cattolica\\\/#website\"},\"primaryImageOfPage\":{\"@id\":\"https:\\\/\\\/www.rassegnastampa-totustuus.it\\\/cattolica\\\/la-russia-dopo-putin\\\/#primaryimage\"},\"image\":{\"@id\":\"https:\\\/\\\/www.rassegnastampa-totustuus.it\\\/cattolica\\\/la-russia-dopo-putin\\\/#primaryimage\"},\"thumbnailUrl\":\"https:\\\/\\\/www.rassegnastampa-totustuus.it\\\/cattolica\\\/wp-content\\\/uploads\\\/2022\\\/03\\\/Russia.png\",\"datePublished\":\"2022-12-14T23:00:27+00:00\",\"dateModified\":\"2024-02-08T18:25:05+00:00\",\"description\":\"La Russia dopo Putin. Tutti i russi guardano al futuro con un senso di smarrimento e incertezza, rabbia e senso e orrore del vuoto\",\"breadcrumb\":{\"@id\":\"https:\\\/\\\/www.rassegnastampa-totustuus.it\\\/cattolica\\\/la-russia-dopo-putin\\\/#breadcrumb\"},\"inLanguage\":\"it-IT\",\"potentialAction\":[{\"@type\":\"ReadAction\",\"target\":[\"https:\\\/\\\/www.rassegnastampa-totustuus.it\\\/cattolica\\\/la-russia-dopo-putin\\\/\"]}]},{\"@type\":\"ImageObject\",\"inLanguage\":\"it-IT\",\"@id\":\"https:\\\/\\\/www.rassegnastampa-totustuus.it\\\/cattolica\\\/la-russia-dopo-putin\\\/#primaryimage\",\"url\":\"https:\\\/\\\/www.rassegnastampa-totustuus.it\\\/cattolica\\\/wp-content\\\/uploads\\\/2022\\\/03\\\/Russia.png\",\"contentUrl\":\"https:\\\/\\\/www.rassegnastampa-totustuus.it\\\/cattolica\\\/wp-content\\\/uploads\\\/2022\\\/03\\\/Russia.png\",\"width\":768,\"height\":384},{\"@type\":\"BreadcrumbList\",\"@id\":\"https:\\\/\\\/www.rassegnastampa-totustuus.it\\\/cattolica\\\/la-russia-dopo-putin\\\/#breadcrumb\",\"itemListElement\":[{\"@type\":\"ListItem\",\"position\":1,\"name\":\"Home\",\"item\":\"https:\\\/\\\/www.rassegnastampa-totustuus.it\\\/cattolica\\\/\"},{\"@type\":\"ListItem\",\"position\":2,\"name\":\"La Russia dopo Putin\"}]},{\"@type\":\"WebSite\",\"@id\":\"https:\\\/\\\/www.rassegnastampa-totustuus.it\\\/cattolica\\\/#website\",\"url\":\"https:\\\/\\\/www.rassegnastampa-totustuus.it\\\/cattolica\\\/\",\"name\":\"Rassegna Stampa Cattolica\",\"description\":\"Per una cultura che nasce dalla Rivelazione cristiana in conformit\u00e0 alla tradizione e al Magistero della Chiesa in opposizione ad ogni relativismo e totalitarismo\",\"publisher\":{\"@id\":\"https:\\\/\\\/www.rassegnastampa-totustuus.it\\\/cattolica\\\/#organization\"},\"alternateName\":\"Rass. Cattolica\",\"potentialAction\":[{\"@type\":\"SearchAction\",\"target\":{\"@type\":\"EntryPoint\",\"urlTemplate\":\"https:\\\/\\\/www.rassegnastampa-totustuus.it\\\/cattolica\\\/?s={search_term_string}\"},\"query-input\":{\"@type\":\"PropertyValueSpecification\",\"valueRequired\":true,\"valueName\":\"search_term_string\"}}],\"inLanguage\":\"it-IT\"},{\"@type\":\"Organization\",\"@id\":\"https:\\\/\\\/www.rassegnastampa-totustuus.it\\\/cattolica\\\/#organization\",\"name\":\"Rassegna Stampa Cattolica\",\"url\":\"https:\\\/\\\/www.rassegnastampa-totustuus.it\\\/cattolica\\\/\",\"logo\":{\"@type\":\"ImageObject\",\"inLanguage\":\"it-IT\",\"@id\":\"https:\\\/\\\/www.rassegnastampa-totustuus.it\\\/cattolica\\\/#\\\/schema\\\/logo\\\/image\\\/\",\"url\":\"https:\\\/\\\/www.rassegnastampa-totustuus.it\\\/cattolica\\\/wp-content\\\/uploads\\\/2014\\\/04\\\/logo-rassegna1.gif\",\"contentUrl\":\"https:\\\/\\\/www.rassegnastampa-totustuus.it\\\/cattolica\\\/wp-content\\\/uploads\\\/2014\\\/04\\\/logo-rassegna1.gif\",\"width\":600,\"height\":163,\"caption\":\"Rassegna Stampa Cattolica\"},\"image\":{\"@id\":\"https:\\\/\\\/www.rassegnastampa-totustuus.it\\\/cattolica\\\/#\\\/schema\\\/logo\\\/image\\\/\"},\"sameAs\":[\"https:\\\/\\\/www.facebook.com\\\/rassegnastampacattolica\",\"https:\\\/\\\/x.com\\\/rassegnastampa9\"]},{\"@type\":\"Person\",\"@id\":\"https:\\\/\\\/www.rassegnastampa-totustuus.it\\\/cattolica\\\/#\\\/schema\\\/person\\\/08f319d2bd1a0904ad9e2bfb7b15e5c3\",\"name\":\"Redazione\",\"image\":{\"@type\":\"ImageObject\",\"inLanguage\":\"it-IT\",\"@id\":\"https:\\\/\\\/secure.gravatar.com\\\/avatar\\\/2fcdf27c78ea025fbdb44e914cc63c72249ffec9dc8aafd5c82b26240ef3f346?s=96&d=mm&r=g\",\"url\":\"https:\\\/\\\/secure.gravatar.com\\\/avatar\\\/2fcdf27c78ea025fbdb44e914cc63c72249ffec9dc8aafd5c82b26240ef3f346?s=96&d=mm&r=g\",\"contentUrl\":\"https:\\\/\\\/secure.gravatar.com\\\/avatar\\\/2fcdf27c78ea025fbdb44e914cc63c72249ffec9dc8aafd5c82b26240ef3f346?s=96&d=mm&r=g\",\"caption\":\"Redazione\"},\"url\":\"https:\\\/\\\/www.rassegnastampa-totustuus.it\\\/cattolica\\\/author\\\/pietroelle\\\/\"}]}<\/script>\n<!-- \/ Yoast SEO plugin. -->","yoast_head_json":{"title":"La Russia dopo Putin - Rassegna Stampa Cattolica","description":"La Russia dopo Putin. Tutti i russi guardano al futuro con un senso di smarrimento e incertezza, rabbia e senso e orrore del vuoto","robots":{"index":"index","follow":"follow","max-snippet":"max-snippet:-1","max-image-preview":"max-image-preview:large","max-video-preview":"max-video-preview:-1"},"canonical":"https:\/\/www.rassegnastampa-totustuus.it\/cattolica\/la-russia-dopo-putin\/","og_locale":"it_IT","og_type":"article","og_title":"La Russia dopo Putin - Rassegna Stampa Cattolica","og_description":"La Russia dopo Putin. Tutti i russi guardano al futuro con un senso di smarrimento e incertezza, rabbia e senso e orrore del vuoto","og_url":"https:\/\/www.rassegnastampa-totustuus.it\/cattolica\/la-russia-dopo-putin\/","og_site_name":"Rassegna Stampa Cattolica","article_publisher":"https:\/\/www.facebook.com\/rassegnastampacattolica","article_published_time":"2022-12-14T23:00:27+00:00","article_modified_time":"2024-02-08T18:25:05+00:00","og_image":[{"width":768,"height":384,"url":"https:\/\/www.rassegnastampa-totustuus.it\/cattolica\/wp-content\/uploads\/2022\/03\/Russia.png","type":"image\/png"}],"author":"Redazione","twitter_card":"summary_large_image","twitter_creator":"@rassegnastampa9","twitter_site":"@rassegnastampa9","twitter_misc":{"Scritto da":"Redazione","Tempo di lettura stimato":"12 minuti"},"schema":{"@context":"https:\/\/schema.org","@graph":[{"@type":"Article","@id":"https:\/\/www.rassegnastampa-totustuus.it\/cattolica\/la-russia-dopo-putin\/#article","isPartOf":{"@id":"https:\/\/www.rassegnastampa-totustuus.it\/cattolica\/la-russia-dopo-putin\/"},"author":{"name":"Redazione","@id":"https:\/\/www.rassegnastampa-totustuus.it\/cattolica\/#\/schema\/person\/08f319d2bd1a0904ad9e2bfb7b15e5c3"},"headline":"La Russia dopo Putin","datePublished":"2022-12-14T23:00:27+00:00","dateModified":"2024-02-08T18:25:05+00:00","mainEntityOfPage":{"@id":"https:\/\/www.rassegnastampa-totustuus.it\/cattolica\/la-russia-dopo-putin\/"},"wordCount":1605,"publisher":{"@id":"https:\/\/www.rassegnastampa-totustuus.it\/cattolica\/#organization"},"image":{"@id":"https:\/\/www.rassegnastampa-totustuus.it\/cattolica\/la-russia-dopo-putin\/#primaryimage"},"thumbnailUrl":"https:\/\/www.rassegnastampa-totustuus.it\/cattolica\/wp-content\/uploads\/2022\/03\/Russia.png","articleSection":["Paesi e continenti","Russia"],"inLanguage":"it-IT"},{"@type":"WebPage","@id":"https:\/\/www.rassegnastampa-totustuus.it\/cattolica\/la-russia-dopo-putin\/","url":"https:\/\/www.rassegnastampa-totustuus.it\/cattolica\/la-russia-dopo-putin\/","name":"La Russia dopo Putin - Rassegna Stampa Cattolica","isPartOf":{"@id":"https:\/\/www.rassegnastampa-totustuus.it\/cattolica\/#website"},"primaryImageOfPage":{"@id":"https:\/\/www.rassegnastampa-totustuus.it\/cattolica\/la-russia-dopo-putin\/#primaryimage"},"image":{"@id":"https:\/\/www.rassegnastampa-totustuus.it\/cattolica\/la-russia-dopo-putin\/#primaryimage"},"thumbnailUrl":"https:\/\/www.rassegnastampa-totustuus.it\/cattolica\/wp-content\/uploads\/2022\/03\/Russia.png","datePublished":"2022-12-14T23:00:27+00:00","dateModified":"2024-02-08T18:25:05+00:00","description":"La Russia dopo Putin. Tutti i russi guardano al futuro con un senso di smarrimento e incertezza, rabbia e senso e orrore del vuoto","breadcrumb":{"@id":"https:\/\/www.rassegnastampa-totustuus.it\/cattolica\/la-russia-dopo-putin\/#breadcrumb"},"inLanguage":"it-IT","potentialAction":[{"@type":"ReadAction","target":["https:\/\/www.rassegnastampa-totustuus.it\/cattolica\/la-russia-dopo-putin\/"]}]},{"@type":"ImageObject","inLanguage":"it-IT","@id":"https:\/\/www.rassegnastampa-totustuus.it\/cattolica\/la-russia-dopo-putin\/#primaryimage","url":"https:\/\/www.rassegnastampa-totustuus.it\/cattolica\/wp-content\/uploads\/2022\/03\/Russia.png","contentUrl":"https:\/\/www.rassegnastampa-totustuus.it\/cattolica\/wp-content\/uploads\/2022\/03\/Russia.png","width":768,"height":384},{"@type":"BreadcrumbList","@id":"https:\/\/www.rassegnastampa-totustuus.it\/cattolica\/la-russia-dopo-putin\/#breadcrumb","itemListElement":[{"@type":"ListItem","position":1,"name":"Home","item":"https:\/\/www.rassegnastampa-totustuus.it\/cattolica\/"},{"@type":"ListItem","position":2,"name":"La Russia dopo Putin"}]},{"@type":"WebSite","@id":"https:\/\/www.rassegnastampa-totustuus.it\/cattolica\/#website","url":"https:\/\/www.rassegnastampa-totustuus.it\/cattolica\/","name":"Rassegna Stampa Cattolica","description":"Per una cultura che nasce dalla Rivelazione cristiana in conformit\u00e0 alla tradizione e al Magistero della Chiesa in opposizione ad ogni relativismo e totalitarismo","publisher":{"@id":"https:\/\/www.rassegnastampa-totustuus.it\/cattolica\/#organization"},"alternateName":"Rass. Cattolica","potentialAction":[{"@type":"SearchAction","target":{"@type":"EntryPoint","urlTemplate":"https:\/\/www.rassegnastampa-totustuus.it\/cattolica\/?s={search_term_string}"},"query-input":{"@type":"PropertyValueSpecification","valueRequired":true,"valueName":"search_term_string"}}],"inLanguage":"it-IT"},{"@type":"Organization","@id":"https:\/\/www.rassegnastampa-totustuus.it\/cattolica\/#organization","name":"Rassegna Stampa Cattolica","url":"https:\/\/www.rassegnastampa-totustuus.it\/cattolica\/","logo":{"@type":"ImageObject","inLanguage":"it-IT","@id":"https:\/\/www.rassegnastampa-totustuus.it\/cattolica\/#\/schema\/logo\/image\/","url":"https:\/\/www.rassegnastampa-totustuus.it\/cattolica\/wp-content\/uploads\/2014\/04\/logo-rassegna1.gif","contentUrl":"https:\/\/www.rassegnastampa-totustuus.it\/cattolica\/wp-content\/uploads\/2014\/04\/logo-rassegna1.gif","width":600,"height":163,"caption":"Rassegna Stampa Cattolica"},"image":{"@id":"https:\/\/www.rassegnastampa-totustuus.it\/cattolica\/#\/schema\/logo\/image\/"},"sameAs":["https:\/\/www.facebook.com\/rassegnastampacattolica","https:\/\/x.com\/rassegnastampa9"]},{"@type":"Person","@id":"https:\/\/www.rassegnastampa-totustuus.it\/cattolica\/#\/schema\/person\/08f319d2bd1a0904ad9e2bfb7b15e5c3","name":"Redazione","image":{"@type":"ImageObject","inLanguage":"it-IT","@id":"https:\/\/secure.gravatar.com\/avatar\/2fcdf27c78ea025fbdb44e914cc63c72249ffec9dc8aafd5c82b26240ef3f346?s=96&d=mm&r=g","url":"https:\/\/secure.gravatar.com\/avatar\/2fcdf27c78ea025fbdb44e914cc63c72249ffec9dc8aafd5c82b26240ef3f346?s=96&d=mm&r=g","contentUrl":"https:\/\/secure.gravatar.com\/avatar\/2fcdf27c78ea025fbdb44e914cc63c72249ffec9dc8aafd5c82b26240ef3f346?s=96&d=mm&r=g","caption":"Redazione"},"url":"https:\/\/www.rassegnastampa-totustuus.it\/cattolica\/author\/pietroelle\/"}]}},"_links":{"self":[{"href":"https:\/\/www.rassegnastampa-totustuus.it\/cattolica\/wp-json\/wp\/v2\/posts\/55261","targetHints":{"allow":["GET"]}}],"collection":[{"href":"https:\/\/www.rassegnastampa-totustuus.it\/cattolica\/wp-json\/wp\/v2\/posts"}],"about":[{"href":"https:\/\/www.rassegnastampa-totustuus.it\/cattolica\/wp-json\/wp\/v2\/types\/post"}],"author":[{"embeddable":true,"href":"https:\/\/www.rassegnastampa-totustuus.it\/cattolica\/wp-json\/wp\/v2\/users\/6"}],"replies":[{"embeddable":true,"href":"https:\/\/www.rassegnastampa-totustuus.it\/cattolica\/wp-json\/wp\/v2\/comments?post=55261"}],"version-history":[{"count":4,"href":"https:\/\/www.rassegnastampa-totustuus.it\/cattolica\/wp-json\/wp\/v2\/posts\/55261\/revisions"}],"predecessor-version":[{"id":59505,"href":"https:\/\/www.rassegnastampa-totustuus.it\/cattolica\/wp-json\/wp\/v2\/posts\/55261\/revisions\/59505"}],"wp:featuredmedia":[{"embeddable":true,"href":"https:\/\/www.rassegnastampa-totustuus.it\/cattolica\/wp-json\/wp\/v2\/media\/53614"}],"wp:attachment":[{"href":"https:\/\/www.rassegnastampa-totustuus.it\/cattolica\/wp-json\/wp\/v2\/media?parent=55261"}],"wp:term":[{"taxonomy":"category","embeddable":true,"href":"https:\/\/www.rassegnastampa-totustuus.it\/cattolica\/wp-json\/wp\/v2\/categories?post=55261"},{"taxonomy":"post_tag","embeddable":true,"href":"https:\/\/www.rassegnastampa-totustuus.it\/cattolica\/wp-json\/wp\/v2\/tags?post=55261"}],"curies":[{"name":"wp","href":"https:\/\/api.w.org\/{rel}","templated":true}]}}