{"id":55247,"date":"2022-12-08T00:00:23","date_gmt":"2022-12-07T23:00:23","guid":{"rendered":"http:\/\/www.rassegnastampa-totustuus.it\/cattolica\/?p=55247"},"modified":"2024-02-09T11:48:12","modified_gmt":"2024-02-09T10:48:12","slug":"il-nazismo-era-ecologico","status":"publish","type":"post","link":"https:\/\/www.rassegnastampa-totustuus.it\/cattolica\/il-nazismo-era-ecologico\/","title":{"rendered":"Il nazismo era ecologico"},"content":{"rendered":"<p style=\"text-align: center;\"><span style=\"color: #000000;\"><strong><img loading=\"lazy\" decoding=\"async\" class=\" wp-image-44643 alignright\" src=\"https:\/\/www.rassegnastampa-totustuus.it\/cattolica\/wp-content\/uploads\/2019\/10\/Hitler_animali.jpg\" alt=\"\" width=\"314\" height=\"196\" \/><\/strong><\/span><\/p>\n<p style=\"text-align: justify;\"><strong>Abstract: <\/strong><span style=\"color: #000000;\"><em>I pi\u00f9 noti ambientalisti della storia recente sono stati i nazisti tedeschi. Ordinarono ai soldati di piantare pi\u00f9 alberi, furono i primi europei a istituire riserve naturali e a ordinare la protezione delle siepi e di altri habitat naturali. Adolf Hitler e altri importanti nazisti erano vegetariani e approvarono numerose leggi sui diritti degli animali.<\/em> <\/span><\/p>\n<p><!--more--><\/p>\n<p style=\"text-align: center;\"><span style=\"color: #000000;\"><span style=\"color: #0000ff;\"><a style=\"color: #0000ff;\" href=\"https:\/\/www.marcotosatti.com\/\" target=\"_blank\" rel=\"noopener\"><strong>Stilum Curiae<\/strong><\/a> <\/span>2 Dicembre 2022\u00a0<\/span><\/p>\n<h3 style=\"text-align: center;\"><span style=\"color: #000000;\">Scrivi Ecologia, Leggi Genocidio. <\/span><\/h3>\n<h3 style=\"text-align: center;\"><span style=\"color: #000000;\">Chi Pi\u00f9 Ecologico del Nazismo?<\/span><\/h3>\n<p style=\"text-align: justify;\"><span style=\"color: #000000;\"><em>Cari amici e nemici di Stilum Curiae Agostino Nobile con la consueta lucidit\u00e0 svela quello che si cela dietro il nuovo mito che il Pensiero Dominante sta pompando sull&#8217;opinione pubblica. Buona lettura.<\/em><\/span><\/p>\n<p style=\"text-align: center;\"><span style=\"color: #000000;\">di <strong>Agostino Nobile<\/strong><\/span><\/p>\n<p style=\"text-align: justify;\"><span style=\"color: #000000;\"><img loading=\"lazy\" decoding=\"async\" class=\" wp-image-18055 alignleft\" src=\"https:\/\/www.rassegnastampa-totustuus.it\/cattolica\/wp-content\/uploads\/2009\/03\/hitlerjugend.jpg\" alt=\"\" width=\"289\" height=\"214\" \/>I pi\u00f9 noti ambientalisti della storia recente sono stati i nazisti tedeschi. Ordinarono ai soldati di piantare pi\u00f9 alberi, furono i primi europei a istituire riserve naturali e a ordinare la protezione delle siepi e di altri habitat naturali. Adolf Hitler e altri importanti nazisti erano vegetariani e approvarono numerose leggi sui diritti degli animali. Gli studenti dell&#8217;Universit\u00e0 di Heidelberg hanno avuto club di escursionismo. Anche i socialisti avevano questi club, considerati parte integrante dello sviluppo del carattere dei giovani marxisti.<\/span><\/p>\n<p style=\"text-align: justify;\"><span style=\"color: #000000;\"><img loading=\"lazy\" decoding=\"async\" class=\" wp-image-55248 alignright\" src=\"https:\/\/www.rassegnastampa-totustuus.it\/cattolica\/wp-content\/uploads\/2022\/12\/comunismo_ambientalismo.jpg\" alt=\"\" width=\"285\" height=\"235\" \/>Il governo sovietico era altrettanto protettivo nei confronti della selvaggina e delle foreste, nonostante le possibilit\u00e0 di guadagno della pelliccia. Il decreto \u201cSulle stagioni di caccia e sul diritto di possedere armi da caccia\u201d fu approvato da Lenin nel maggio 1919. Il decreto vietava la caccia agli alci e alle capre selvatiche e poneva fine alle stagioni aperte in primavera e in estate. Queste erano alcune delle principali richieste degli ambientalisti prima della rivoluzione e i comunisti le soddisfarono completamente. Le regole sulla caccia erano considerate cos\u00ec importanti per Lenin che egli prese tempo dalle deliberazioni su come fermare le Armate Bianche per incontrare il suo uomo di fiducia, l&#8217;agronomo Podiapolski.<\/span><\/p>\n<p style=\"text-align: justify;\"><span style=\"color: #000000;\">Il culto della natura in Germania non risale, come scrivono alcuni storici strabici, al romanticismo moderno, ma al paganesimo tribale. Quelli, per intenderci, che sacrificavano esseri umani per propiziarsi gli d\u00e8i e madre natura.<\/span><\/p>\n<div id=\"attachment_30536\" style=\"width: 224px\" class=\"wp-caption alignleft\"><img loading=\"lazy\" decoding=\"async\" aria-describedby=\"caption-attachment-30536\" class=\"wp-image-30536 size-full\" src=\"https:\/\/www.rassegnastampa-totustuus.it\/cattolica\/wp-content\/uploads\/2004\/11\/Thomas-Malthus.jpg\" alt=\"\" width=\"224\" height=\"224\" srcset=\"https:\/\/www.rassegnastampa-totustuus.it\/cattolica\/wp-content\/uploads\/2004\/11\/Thomas-Malthus.jpg 224w, https:\/\/www.rassegnastampa-totustuus.it\/cattolica\/wp-content\/uploads\/2004\/11\/Thomas-Malthus-150x150.jpg 150w\" sizes=\"auto, (max-width: 224px) 100vw, 224px\" \/><p id=\"caption-attachment-30536\" class=\"wp-caption-text\">Thomas Malthus<\/p><\/div>\n<p style=\"text-align: justify;\"><span style=\"color: #000000;\">Il paganesimo moderno nasce nel Regno Unito con l\u2019ecclesiastico anglicano Thomas Robert Malthus (1766 \u20131834), economista e demografo che considerava la sovrapopolazione come un pericolo mortale per il nostro pianeta. Le sue tesi sono state accolte, tra gli altri, da pionieri della biologia evoluzionista come C. Darwin e A. Wallace.<\/span><\/p>\n<p style=\"text-align: justify;\"><span style=\"color: #000000;\">Bisogna anche dire che le teorie naziste non nascono dal nulla. Prima che Hitler salisse al potere, nel nord Europa e Stati Uniti praticavano l\u2019eutanasia, l\u2019eugenetica e il razzismo contro i poveri e i malformati. Il disumanesimo anticristiano nelle menti dei liberals protestanti era gi\u00e0 diffuso.<\/span><\/p>\n<p style=\"text-align: justify;\"><span style=\"color: #000000;\"><img loading=\"lazy\" decoding=\"async\" class=\" wp-image-52449 alignright\" src=\"https:\/\/www.rassegnastampa-totustuus.it\/cattolica\/wp-content\/uploads\/2021\/09\/ambientalismo_clima-300x169.jpg\" alt=\"\" width=\"312\" height=\"176\" srcset=\"https:\/\/www.rassegnastampa-totustuus.it\/cattolica\/wp-content\/uploads\/2021\/09\/ambientalismo_clima-300x169.jpg 300w, https:\/\/www.rassegnastampa-totustuus.it\/cattolica\/wp-content\/uploads\/2021\/09\/ambientalismo_clima-768x432.jpg 768w, https:\/\/www.rassegnastampa-totustuus.it\/cattolica\/wp-content\/uploads\/2021\/09\/ambientalismo_clima-1024x576.jpg 1024w, https:\/\/www.rassegnastampa-totustuus.it\/cattolica\/wp-content\/uploads\/2021\/09\/ambientalismo_clima.jpg 1960w\" sizes=\"auto, (max-width: 312px) 100vw, 312px\" \/>Le nostre democrazie pagane, dunque, hanno la strada spianata dai nazi-malthusiani\/darwinisti del secolo scorso. Facendo tesoro della loro esperienza, l\u2019ecologismo attuale, oltre al controllo orwelliano, mira soprattutto alla depopolazione taroccata come amore e rispetto per il futuro dei nostri figli e di Madre Terra.<\/span><\/p>\n<p style=\"text-align: justify;\"><span style=\"color: #000000;\">Il World Economic Forum fondato dal tedesco Klaus Schwab coadiuvato dai personaggi pi\u00f9 ricchi del pianeta, a partire dagli anni \u201870 stanno portando avanti quello che le democrazie nord europee, americane e il nazismo avevano iniziato. <img loading=\"lazy\" decoding=\"async\" class=\"size-full wp-image-52174 alignleft\" src=\"https:\/\/www.rassegnastampa-totustuus.it\/cattolica\/wp-content\/uploads\/2021\/08\/klaus_schwab.jpg\" alt=\"\" width=\"237\" height=\"213\" \/>Stiamo vivendo un nazismo pi\u00f9 morbido e velonoso. Per i dormienti che considerano questi dati incontrovertibili come cospirazionismo, consiglio i libri di Klaus Schwab e di ascoltare il <span style=\"color: #0000ff;\"><a style=\"color: #0000ff;\" href=\"https:\/\/www.youtube.com\/watch?v=PY7u4aXkzNs&amp;t=0s\" target=\"_blank\" rel=\"noopener noreferrer\">discorso all\u2019ONU di D. Rockefeller\u00a0<\/a><\/span> (rendetevi conto delle fesserie che racconta!) Ma basterebbe guardarsi attorno. L\u2019ideologia ecologista sta decostruendo tutti gli aspetti naturali, dalla coscienza a quel libero arbitrio descritto da sant\u2019Agostino d\u2019Ippona e stabilito dalle costituzioni democratiche<\/span><\/p>\n<p style=\"text-align: justify;\"><span style=\"color: #000000;\">Con l\u2019ecologismo, gli ingegneri sociali hanno creato il pi\u00f9 geniale, perfido e disumano totalitarismo della storia occidentale. Per evitare nascite, la politica ecologista femminilizza l\u2019uomo e il bambino, mascolinizza la donna e la bambina. Legalizza l\u2019aborto, l\u2019eutanasia, l\u2019eugenetica e diffonde droghe.<\/span><\/p>\n<p style=\"text-align: justify;\"><span style=\"color: #000000;\"><img loading=\"lazy\" decoding=\"async\" class=\" wp-image-51773 alignright\" src=\"https:\/\/www.rassegnastampa-totustuus.it\/cattolica\/wp-content\/uploads\/2021\/06\/virus_vaccini_medicina.jpg\" alt=\"\" width=\"289\" height=\"216\" \/>Valorizza le emozioni pi\u00f9 demenziali e ridicolizza il buon senso e la dignit\u00e0. Anche i virus, i lockdown e i vaccini hanno come fine ultimo la depopolazione. La disperazione, l\u2019incertezza sul futuro e la paura rappresentano le armi principali del programma ecologista. Nessun essere umano \u00e8 pi\u00f9 ubbidiente di chi \u00e8 terrorizzato per la vita dei suoi cari e la propria. Covid docet.<\/span><\/p>\n<p style=\"text-align: justify;\"><span style=\"color: #000000;\">I criminali non hanno lasciato nulla al caso. Nei divorzi e nelle separazioni gli uomini vengono pesantemente penalizzati, mentre le donne sono tutelate oltre i limiti della ragionevolezza. \u00a0Per sfoltire il numero di umani, devono inculcare all\u2019uomo che \u00e8 il principale responsabile del male sulla Terra. Inquinatore, guerrafondaio, femminicida. In quest\u2019ultimo caso, i media non hanno mai informato sulla <a style=\"color: #000000;\" href=\"https:\/\/www.lafinestradiazzurra.it\/in-italia-oltre-4-milioni-di-padri-separati-quasi-il-50-patisce-gravi-condizioni-di-indigenza-nel-2016-si-sono-suicidati-in-200\/\" target=\"_blank\" rel=\"noopener noreferrer\"><span style=\"color: #0000ff;\">condizione degli uomini separati<\/span><\/a>, circa 200 suicidi ogni anno<\/span><\/p>\n<p style=\"text-align: justify;\"><span style=\"color: #000000;\"><img loading=\"lazy\" decoding=\"async\" class=\" wp-image-7481 alignleft\" src=\"https:\/\/www.rassegnastampa-totustuus.it\/cattolica\/wp-content\/uploads\/2014\/05\/divorzio.jpg\" alt=\"\" width=\"307\" height=\"211\" \/>Le leggi in vigore in tutto l\u2019occidente violentano i pi\u00f9 profondi sentimenti del padre. Gli tolgono l\u2019aria che respira, figli casa e denaro. A questo punto, chi \u00e8 quel pazzo che si sposa e mette al mondo figli? \u00c8 inutile dire che il cosiddetto inverno demografico e la caduta libera del numero dei matrimoni non sono casuali.<\/span><\/p>\n<p style=\"text-align: justify;\"><span style=\"color: #000000;\">Diffondere odio e competizione tra uomo e donna diventa necessario per evitare che i sentimenti siano coronati col matrimonio e la procreazione. Per gli \u201cincidenti\u201d basta abortire col sostengno economico dello Stato. In America c\u2019\u00e8 un detto: \u201cla povert\u00e0 \u00e8 la ragione pi\u00f9 comune per l\u2019aborto, non \u00e8 una scelta\u201d. Infatti le donne ricche abortiscono molto raramente. Per questo motivo gli ecologisti mirano all\u2019impoverimento delle nazioni con crisi economiche create ad hoc. I poveri del mondo opulento non vogliono figli.<\/span><\/p>\n<p style=\"text-align: justify;\"><span style=\"color: #000000;\"><img loading=\"lazy\" decoding=\"async\" class=\" wp-image-49523 alignright\" src=\"https:\/\/www.rassegnastampa-totustuus.it\/cattolica\/wp-content\/uploads\/2020\/12\/gay_omosessuali_gender.jpg\" alt=\"\" width=\"312\" height=\"234\" \/>La promozione dell\u2019omosessismo ha lo stesso fine antinascite. Gli omosessuali, pur essendo una minoranza con percentuali che non superano lo zero virgola, ormai dettano legge dappertutto. Non basta. Gli ecologisti distruggono il tessuto sociale attraverso l\u2019immigrazione irregolare, che ha un ulteriore vantaggio. L\u2019immigrato irregolare, se trova lavoro viene sottopagato, togliendo il lavoro sia all\u2019autoctono che all\u2019immigrato regolare.<\/span><\/p>\n<p style=\"text-align: justify;\"><span style=\"color: #000000;\">Per educare a una vita che produce poche emissioni \u201cdannose per l\u2019atmosfera\u201d hanno cominciato a mettere in circolazione carte di credito che controllano la tipologia di acquisti. Se il portatore non acquista cibi e oggetti stabiliti dall\u2019ideologia ecologista sar\u00e0 punito, anche bloccando il conto corrente. Chiss\u00e0 se domani non vorranno analizzare il livello di emissioni delle nostre feci che rischiano di causare l\u2019effetto serra. Ci arresteranno nei nostri cessi?<\/span><\/p>\n<p style=\"text-align: justify;\"><span style=\"color: #000000;\">La tv, come sempre, \u00e8 in prima linea nel mostrare in maniera iperbolica le siccit\u00e0, le alluvioni, i terremoti, ecc. Cose che, come abbiamo visto nell\u2019articolo precedente, sono sempre esistite, dalla nascita della terra ad oggi.<\/span><\/p>\n<p style=\"text-align: justify;\"><span style=\"color: #000000;\">L\u2019ultima speranza risiede nella razionalit\u00e0 e nella perseveranza di una minoranza di uomini e donne fedeli alla morale cristiana, che si oppongono a questa ideologia grottesca, falsa, aberrante.<\/span><\/p>\n<p>____________________________________________<\/p>\n<p><strong>Leggi anche:<\/strong><\/p>\n<p><a href=\"https:\/\/www.rassegnastampa-totustuus.it\/cattolica\/ecologismo-disumano-il-precedente-nazista-della-deep-ecology\/\" target=\"_blank\" rel=\"noopener\"><span style=\"color: #0000ff;\">Ecologismo disumano: il precedente nazista della \u201cdeep ecology\u201d<\/span><\/a><\/p>\n<p><a href=\"https:\/\/www.rassegnastampa-totustuus.it\/cattolica\/pro-memoria-per-michela-vittoria-brambilla-lanimalismo-in-adolf-hitler\/\" target=\"_blank\" rel=\"noopener\"><span style=\"color: #0000ff;\">Pro-memoria per Michela Vittoria Brambilla: l\u2019animalismo in Adolf Hitler<\/span><\/a><\/p>\n","protected":false},"excerpt":{"rendered":"<p>Abstract: I pi\u00f9 noti ambientalisti della storia recente sono stati i nazisti tedeschi. Ordinarono ai soldati di piantare pi\u00f9 alberi, furono i primi europei a istituire riserve naturali e a ordinare la protezione delle siepi e di altri habitat naturali. Adolf Hitler e altri importanti nazisti erano vegetariani e approvarono numerose leggi sui diritti degli &hellip; <\/p>\n<p><a class=\"more-link btn\" href=\"https:\/\/www.rassegnastampa-totustuus.it\/cattolica\/il-nazismo-era-ecologico\/\">Continua a leggere<\/a><\/p>\n","protected":false},"author":6,"featured_media":44643,"comment_status":"closed","ping_status":"closed","sticky":false,"template":"","format":"standard","meta":{"footnotes":""},"categories":[3,30,94],"tags":[2387,217,1708,512,486],"class_list":["post-55247","post","type-post","status-publish","format-standard","has-post-thumbnail","hentry","category-ambientalismo","category-ideologia-ambientalista","category-nazionalsocialismo","tag-ambientalismo","tag-demografia-2","tag-ecologismo","tag-ideologia-ambientale","tag-nazionalsocialismo-2","item-wrap"],"yoast_head":"<!-- This site is optimized with the Yoast SEO plugin v27.5 - https:\/\/yoast.com\/product\/yoast-seo-wordpress\/ -->\n<title>Il nazismo era ecologico - Rassegna Stampa Cattolica<\/title>\n<meta name=\"description\" content=\"Il nazismo era ecologico; piantava alberi, istituivano riserve naturali, era vegetariano e approvava leggi sui diritti animali\" \/>\n<meta name=\"robots\" content=\"index, follow, max-snippet:-1, max-image-preview:large, max-video-preview:-1\" \/>\n<link rel=\"canonical\" href=\"https:\/\/www.rassegnastampa-totustuus.it\/cattolica\/il-nazismo-era-ecologico\/\" \/>\n<meta property=\"og:locale\" content=\"it_IT\" \/>\n<meta property=\"og:type\" content=\"article\" \/>\n<meta property=\"og:title\" content=\"Il nazismo era ecologico - Rassegna Stampa Cattolica\" \/>\n<meta property=\"og:description\" content=\"Il nazismo era ecologico; piantava alberi, istituivano riserve naturali, era vegetariano e approvava leggi sui diritti animali\" \/>\n<meta property=\"og:url\" content=\"https:\/\/www.rassegnastampa-totustuus.it\/cattolica\/il-nazismo-era-ecologico\/\" \/>\n<meta property=\"og:site_name\" content=\"Rassegna Stampa Cattolica\" \/>\n<meta property=\"article:publisher\" content=\"https:\/\/www.facebook.com\/rassegnastampacattolica\" \/>\n<meta property=\"article:published_time\" content=\"2022-12-07T23:00:23+00:00\" \/>\n<meta property=\"article:modified_time\" content=\"2024-02-09T10:48:12+00:00\" \/>\n<meta property=\"og:image\" content=\"https:\/\/www.rassegnastampa-totustuus.it\/cattolica\/wp-content\/uploads\/2019\/10\/Hitler_animali.jpg\" \/>\n\t<meta property=\"og:image:width\" content=\"284\" \/>\n\t<meta property=\"og:image:height\" content=\"177\" \/>\n\t<meta property=\"og:image:type\" content=\"image\/jpeg\" \/>\n<meta name=\"author\" content=\"Redazione\" \/>\n<meta name=\"twitter:card\" content=\"summary_large_image\" \/>\n<meta name=\"twitter:creator\" content=\"@rassegnastampa9\" \/>\n<meta name=\"twitter:site\" content=\"@rassegnastampa9\" \/>\n<meta name=\"twitter:label1\" content=\"Scritto da\" \/>\n\t<meta name=\"twitter:data1\" content=\"Redazione\" \/>\n\t<meta name=\"twitter:label2\" content=\"Tempo di lettura stimato\" \/>\n\t<meta name=\"twitter:data2\" content=\"8 minuti\" \/>\n<script type=\"application\/ld+json\" class=\"yoast-schema-graph\">{\"@context\":\"https:\\\/\\\/schema.org\",\"@graph\":[{\"@type\":\"Article\",\"@id\":\"https:\\\/\\\/www.rassegnastampa-totustuus.it\\\/cattolica\\\/il-nazismo-era-ecologico\\\/#article\",\"isPartOf\":{\"@id\":\"https:\\\/\\\/www.rassegnastampa-totustuus.it\\\/cattolica\\\/il-nazismo-era-ecologico\\\/\"},\"author\":{\"name\":\"Redazione\",\"@id\":\"https:\\\/\\\/www.rassegnastampa-totustuus.it\\\/cattolica\\\/#\\\/schema\\\/person\\\/08f319d2bd1a0904ad9e2bfb7b15e5c3\"},\"headline\":\"Il nazismo era ecologico\",\"datePublished\":\"2022-12-07T23:00:23+00:00\",\"dateModified\":\"2024-02-09T10:48:12+00:00\",\"mainEntityOfPage\":{\"@id\":\"https:\\\/\\\/www.rassegnastampa-totustuus.it\\\/cattolica\\\/il-nazismo-era-ecologico\\\/\"},\"wordCount\":1125,\"publisher\":{\"@id\":\"https:\\\/\\\/www.rassegnastampa-totustuus.it\\\/cattolica\\\/#organization\"},\"image\":{\"@id\":\"https:\\\/\\\/www.rassegnastampa-totustuus.it\\\/cattolica\\\/il-nazismo-era-ecologico\\\/#primaryimage\"},\"thumbnailUrl\":\"https:\\\/\\\/www.rassegnastampa-totustuus.it\\\/cattolica\\\/wp-content\\\/uploads\\\/2019\\\/10\\\/Hitler_animali.jpg\",\"keywords\":[\"Ambientalismo\",\"demografia\",\"ecologismo\",\"ideologia ambientale\",\"nazionalsocialismo\"],\"articleSection\":[\"Ambientalismo\",\"Ideologia ambientale\",\"Nazionalsocialismo\"],\"inLanguage\":\"it-IT\"},{\"@type\":\"WebPage\",\"@id\":\"https:\\\/\\\/www.rassegnastampa-totustuus.it\\\/cattolica\\\/il-nazismo-era-ecologico\\\/\",\"url\":\"https:\\\/\\\/www.rassegnastampa-totustuus.it\\\/cattolica\\\/il-nazismo-era-ecologico\\\/\",\"name\":\"Il nazismo era ecologico - Rassegna Stampa Cattolica\",\"isPartOf\":{\"@id\":\"https:\\\/\\\/www.rassegnastampa-totustuus.it\\\/cattolica\\\/#website\"},\"primaryImageOfPage\":{\"@id\":\"https:\\\/\\\/www.rassegnastampa-totustuus.it\\\/cattolica\\\/il-nazismo-era-ecologico\\\/#primaryimage\"},\"image\":{\"@id\":\"https:\\\/\\\/www.rassegnastampa-totustuus.it\\\/cattolica\\\/il-nazismo-era-ecologico\\\/#primaryimage\"},\"thumbnailUrl\":\"https:\\\/\\\/www.rassegnastampa-totustuus.it\\\/cattolica\\\/wp-content\\\/uploads\\\/2019\\\/10\\\/Hitler_animali.jpg\",\"datePublished\":\"2022-12-07T23:00:23+00:00\",\"dateModified\":\"2024-02-09T10:48:12+00:00\",\"description\":\"Il nazismo era ecologico; piantava alberi, istituivano riserve naturali, era vegetariano e approvava leggi sui diritti animali\",\"breadcrumb\":{\"@id\":\"https:\\\/\\\/www.rassegnastampa-totustuus.it\\\/cattolica\\\/il-nazismo-era-ecologico\\\/#breadcrumb\"},\"inLanguage\":\"it-IT\",\"potentialAction\":[{\"@type\":\"ReadAction\",\"target\":[\"https:\\\/\\\/www.rassegnastampa-totustuus.it\\\/cattolica\\\/il-nazismo-era-ecologico\\\/\"]}]},{\"@type\":\"ImageObject\",\"inLanguage\":\"it-IT\",\"@id\":\"https:\\\/\\\/www.rassegnastampa-totustuus.it\\\/cattolica\\\/il-nazismo-era-ecologico\\\/#primaryimage\",\"url\":\"https:\\\/\\\/www.rassegnastampa-totustuus.it\\\/cattolica\\\/wp-content\\\/uploads\\\/2019\\\/10\\\/Hitler_animali.jpg\",\"contentUrl\":\"https:\\\/\\\/www.rassegnastampa-totustuus.it\\\/cattolica\\\/wp-content\\\/uploads\\\/2019\\\/10\\\/Hitler_animali.jpg\",\"width\":284,\"height\":177},{\"@type\":\"BreadcrumbList\",\"@id\":\"https:\\\/\\\/www.rassegnastampa-totustuus.it\\\/cattolica\\\/il-nazismo-era-ecologico\\\/#breadcrumb\",\"itemListElement\":[{\"@type\":\"ListItem\",\"position\":1,\"name\":\"Home\",\"item\":\"https:\\\/\\\/www.rassegnastampa-totustuus.it\\\/cattolica\\\/\"},{\"@type\":\"ListItem\",\"position\":2,\"name\":\"Il nazismo era ecologico\"}]},{\"@type\":\"WebSite\",\"@id\":\"https:\\\/\\\/www.rassegnastampa-totustuus.it\\\/cattolica\\\/#website\",\"url\":\"https:\\\/\\\/www.rassegnastampa-totustuus.it\\\/cattolica\\\/\",\"name\":\"Rassegna Stampa Cattolica\",\"description\":\"Per una cultura che nasce dalla Rivelazione cristiana in conformit\u00e0 alla tradizione e al Magistero della Chiesa in opposizione ad ogni relativismo e totalitarismo\",\"publisher\":{\"@id\":\"https:\\\/\\\/www.rassegnastampa-totustuus.it\\\/cattolica\\\/#organization\"},\"alternateName\":\"Rass. Cattolica\",\"potentialAction\":[{\"@type\":\"SearchAction\",\"target\":{\"@type\":\"EntryPoint\",\"urlTemplate\":\"https:\\\/\\\/www.rassegnastampa-totustuus.it\\\/cattolica\\\/?s={search_term_string}\"},\"query-input\":{\"@type\":\"PropertyValueSpecification\",\"valueRequired\":true,\"valueName\":\"search_term_string\"}}],\"inLanguage\":\"it-IT\"},{\"@type\":\"Organization\",\"@id\":\"https:\\\/\\\/www.rassegnastampa-totustuus.it\\\/cattolica\\\/#organization\",\"name\":\"Rassegna Stampa Cattolica\",\"url\":\"https:\\\/\\\/www.rassegnastampa-totustuus.it\\\/cattolica\\\/\",\"logo\":{\"@type\":\"ImageObject\",\"inLanguage\":\"it-IT\",\"@id\":\"https:\\\/\\\/www.rassegnastampa-totustuus.it\\\/cattolica\\\/#\\\/schema\\\/logo\\\/image\\\/\",\"url\":\"https:\\\/\\\/www.rassegnastampa-totustuus.it\\\/cattolica\\\/wp-content\\\/uploads\\\/2014\\\/04\\\/logo-rassegna1.gif\",\"contentUrl\":\"https:\\\/\\\/www.rassegnastampa-totustuus.it\\\/cattolica\\\/wp-content\\\/uploads\\\/2014\\\/04\\\/logo-rassegna1.gif\",\"width\":600,\"height\":163,\"caption\":\"Rassegna Stampa Cattolica\"},\"image\":{\"@id\":\"https:\\\/\\\/www.rassegnastampa-totustuus.it\\\/cattolica\\\/#\\\/schema\\\/logo\\\/image\\\/\"},\"sameAs\":[\"https:\\\/\\\/www.facebook.com\\\/rassegnastampacattolica\",\"https:\\\/\\\/x.com\\\/rassegnastampa9\"]},{\"@type\":\"Person\",\"@id\":\"https:\\\/\\\/www.rassegnastampa-totustuus.it\\\/cattolica\\\/#\\\/schema\\\/person\\\/08f319d2bd1a0904ad9e2bfb7b15e5c3\",\"name\":\"Redazione\",\"image\":{\"@type\":\"ImageObject\",\"inLanguage\":\"it-IT\",\"@id\":\"https:\\\/\\\/secure.gravatar.com\\\/avatar\\\/2fcdf27c78ea025fbdb44e914cc63c72249ffec9dc8aafd5c82b26240ef3f346?s=96&d=mm&r=g\",\"url\":\"https:\\\/\\\/secure.gravatar.com\\\/avatar\\\/2fcdf27c78ea025fbdb44e914cc63c72249ffec9dc8aafd5c82b26240ef3f346?s=96&d=mm&r=g\",\"contentUrl\":\"https:\\\/\\\/secure.gravatar.com\\\/avatar\\\/2fcdf27c78ea025fbdb44e914cc63c72249ffec9dc8aafd5c82b26240ef3f346?s=96&d=mm&r=g\",\"caption\":\"Redazione\"},\"url\":\"https:\\\/\\\/www.rassegnastampa-totustuus.it\\\/cattolica\\\/author\\\/pietroelle\\\/\"}]}<\/script>\n<!-- \/ Yoast SEO plugin. -->","yoast_head_json":{"title":"Il nazismo era ecologico - Rassegna Stampa Cattolica","description":"Il nazismo era ecologico; piantava alberi, istituivano riserve naturali, era vegetariano e approvava leggi sui diritti animali","robots":{"index":"index","follow":"follow","max-snippet":"max-snippet:-1","max-image-preview":"max-image-preview:large","max-video-preview":"max-video-preview:-1"},"canonical":"https:\/\/www.rassegnastampa-totustuus.it\/cattolica\/il-nazismo-era-ecologico\/","og_locale":"it_IT","og_type":"article","og_title":"Il nazismo era ecologico - Rassegna Stampa Cattolica","og_description":"Il nazismo era ecologico; piantava alberi, istituivano riserve naturali, era vegetariano e approvava leggi sui diritti animali","og_url":"https:\/\/www.rassegnastampa-totustuus.it\/cattolica\/il-nazismo-era-ecologico\/","og_site_name":"Rassegna Stampa Cattolica","article_publisher":"https:\/\/www.facebook.com\/rassegnastampacattolica","article_published_time":"2022-12-07T23:00:23+00:00","article_modified_time":"2024-02-09T10:48:12+00:00","og_image":[{"width":284,"height":177,"url":"https:\/\/www.rassegnastampa-totustuus.it\/cattolica\/wp-content\/uploads\/2019\/10\/Hitler_animali.jpg","type":"image\/jpeg"}],"author":"Redazione","twitter_card":"summary_large_image","twitter_creator":"@rassegnastampa9","twitter_site":"@rassegnastampa9","twitter_misc":{"Scritto da":"Redazione","Tempo di lettura stimato":"8 minuti"},"schema":{"@context":"https:\/\/schema.org","@graph":[{"@type":"Article","@id":"https:\/\/www.rassegnastampa-totustuus.it\/cattolica\/il-nazismo-era-ecologico\/#article","isPartOf":{"@id":"https:\/\/www.rassegnastampa-totustuus.it\/cattolica\/il-nazismo-era-ecologico\/"},"author":{"name":"Redazione","@id":"https:\/\/www.rassegnastampa-totustuus.it\/cattolica\/#\/schema\/person\/08f319d2bd1a0904ad9e2bfb7b15e5c3"},"headline":"Il nazismo era ecologico","datePublished":"2022-12-07T23:00:23+00:00","dateModified":"2024-02-09T10:48:12+00:00","mainEntityOfPage":{"@id":"https:\/\/www.rassegnastampa-totustuus.it\/cattolica\/il-nazismo-era-ecologico\/"},"wordCount":1125,"publisher":{"@id":"https:\/\/www.rassegnastampa-totustuus.it\/cattolica\/#organization"},"image":{"@id":"https:\/\/www.rassegnastampa-totustuus.it\/cattolica\/il-nazismo-era-ecologico\/#primaryimage"},"thumbnailUrl":"https:\/\/www.rassegnastampa-totustuus.it\/cattolica\/wp-content\/uploads\/2019\/10\/Hitler_animali.jpg","keywords":["Ambientalismo","demografia","ecologismo","ideologia ambientale","nazionalsocialismo"],"articleSection":["Ambientalismo","Ideologia ambientale","Nazionalsocialismo"],"inLanguage":"it-IT"},{"@type":"WebPage","@id":"https:\/\/www.rassegnastampa-totustuus.it\/cattolica\/il-nazismo-era-ecologico\/","url":"https:\/\/www.rassegnastampa-totustuus.it\/cattolica\/il-nazismo-era-ecologico\/","name":"Il nazismo era ecologico - Rassegna Stampa Cattolica","isPartOf":{"@id":"https:\/\/www.rassegnastampa-totustuus.it\/cattolica\/#website"},"primaryImageOfPage":{"@id":"https:\/\/www.rassegnastampa-totustuus.it\/cattolica\/il-nazismo-era-ecologico\/#primaryimage"},"image":{"@id":"https:\/\/www.rassegnastampa-totustuus.it\/cattolica\/il-nazismo-era-ecologico\/#primaryimage"},"thumbnailUrl":"https:\/\/www.rassegnastampa-totustuus.it\/cattolica\/wp-content\/uploads\/2019\/10\/Hitler_animali.jpg","datePublished":"2022-12-07T23:00:23+00:00","dateModified":"2024-02-09T10:48:12+00:00","description":"Il nazismo era ecologico; piantava alberi, istituivano riserve naturali, era vegetariano e approvava leggi sui diritti animali","breadcrumb":{"@id":"https:\/\/www.rassegnastampa-totustuus.it\/cattolica\/il-nazismo-era-ecologico\/#breadcrumb"},"inLanguage":"it-IT","potentialAction":[{"@type":"ReadAction","target":["https:\/\/www.rassegnastampa-totustuus.it\/cattolica\/il-nazismo-era-ecologico\/"]}]},{"@type":"ImageObject","inLanguage":"it-IT","@id":"https:\/\/www.rassegnastampa-totustuus.it\/cattolica\/il-nazismo-era-ecologico\/#primaryimage","url":"https:\/\/www.rassegnastampa-totustuus.it\/cattolica\/wp-content\/uploads\/2019\/10\/Hitler_animali.jpg","contentUrl":"https:\/\/www.rassegnastampa-totustuus.it\/cattolica\/wp-content\/uploads\/2019\/10\/Hitler_animali.jpg","width":284,"height":177},{"@type":"BreadcrumbList","@id":"https:\/\/www.rassegnastampa-totustuus.it\/cattolica\/il-nazismo-era-ecologico\/#breadcrumb","itemListElement":[{"@type":"ListItem","position":1,"name":"Home","item":"https:\/\/www.rassegnastampa-totustuus.it\/cattolica\/"},{"@type":"ListItem","position":2,"name":"Il nazismo era ecologico"}]},{"@type":"WebSite","@id":"https:\/\/www.rassegnastampa-totustuus.it\/cattolica\/#website","url":"https:\/\/www.rassegnastampa-totustuus.it\/cattolica\/","name":"Rassegna Stampa Cattolica","description":"Per una cultura che nasce dalla Rivelazione cristiana in conformit\u00e0 alla tradizione e al Magistero della Chiesa in opposizione ad ogni relativismo e totalitarismo","publisher":{"@id":"https:\/\/www.rassegnastampa-totustuus.it\/cattolica\/#organization"},"alternateName":"Rass. Cattolica","potentialAction":[{"@type":"SearchAction","target":{"@type":"EntryPoint","urlTemplate":"https:\/\/www.rassegnastampa-totustuus.it\/cattolica\/?s={search_term_string}"},"query-input":{"@type":"PropertyValueSpecification","valueRequired":true,"valueName":"search_term_string"}}],"inLanguage":"it-IT"},{"@type":"Organization","@id":"https:\/\/www.rassegnastampa-totustuus.it\/cattolica\/#organization","name":"Rassegna Stampa Cattolica","url":"https:\/\/www.rassegnastampa-totustuus.it\/cattolica\/","logo":{"@type":"ImageObject","inLanguage":"it-IT","@id":"https:\/\/www.rassegnastampa-totustuus.it\/cattolica\/#\/schema\/logo\/image\/","url":"https:\/\/www.rassegnastampa-totustuus.it\/cattolica\/wp-content\/uploads\/2014\/04\/logo-rassegna1.gif","contentUrl":"https:\/\/www.rassegnastampa-totustuus.it\/cattolica\/wp-content\/uploads\/2014\/04\/logo-rassegna1.gif","width":600,"height":163,"caption":"Rassegna Stampa Cattolica"},"image":{"@id":"https:\/\/www.rassegnastampa-totustuus.it\/cattolica\/#\/schema\/logo\/image\/"},"sameAs":["https:\/\/www.facebook.com\/rassegnastampacattolica","https:\/\/x.com\/rassegnastampa9"]},{"@type":"Person","@id":"https:\/\/www.rassegnastampa-totustuus.it\/cattolica\/#\/schema\/person\/08f319d2bd1a0904ad9e2bfb7b15e5c3","name":"Redazione","image":{"@type":"ImageObject","inLanguage":"it-IT","@id":"https:\/\/secure.gravatar.com\/avatar\/2fcdf27c78ea025fbdb44e914cc63c72249ffec9dc8aafd5c82b26240ef3f346?s=96&d=mm&r=g","url":"https:\/\/secure.gravatar.com\/avatar\/2fcdf27c78ea025fbdb44e914cc63c72249ffec9dc8aafd5c82b26240ef3f346?s=96&d=mm&r=g","contentUrl":"https:\/\/secure.gravatar.com\/avatar\/2fcdf27c78ea025fbdb44e914cc63c72249ffec9dc8aafd5c82b26240ef3f346?s=96&d=mm&r=g","caption":"Redazione"},"url":"https:\/\/www.rassegnastampa-totustuus.it\/cattolica\/author\/pietroelle\/"}]}},"_links":{"self":[{"href":"https:\/\/www.rassegnastampa-totustuus.it\/cattolica\/wp-json\/wp\/v2\/posts\/55247","targetHints":{"allow":["GET"]}}],"collection":[{"href":"https:\/\/www.rassegnastampa-totustuus.it\/cattolica\/wp-json\/wp\/v2\/posts"}],"about":[{"href":"https:\/\/www.rassegnastampa-totustuus.it\/cattolica\/wp-json\/wp\/v2\/types\/post"}],"author":[{"embeddable":true,"href":"https:\/\/www.rassegnastampa-totustuus.it\/cattolica\/wp-json\/wp\/v2\/users\/6"}],"replies":[{"embeddable":true,"href":"https:\/\/www.rassegnastampa-totustuus.it\/cattolica\/wp-json\/wp\/v2\/comments?post=55247"}],"version-history":[{"count":3,"href":"https:\/\/www.rassegnastampa-totustuus.it\/cattolica\/wp-json\/wp\/v2\/posts\/55247\/revisions"}],"predecessor-version":[{"id":59519,"href":"https:\/\/www.rassegnastampa-totustuus.it\/cattolica\/wp-json\/wp\/v2\/posts\/55247\/revisions\/59519"}],"wp:featuredmedia":[{"embeddable":true,"href":"https:\/\/www.rassegnastampa-totustuus.it\/cattolica\/wp-json\/wp\/v2\/media\/44643"}],"wp:attachment":[{"href":"https:\/\/www.rassegnastampa-totustuus.it\/cattolica\/wp-json\/wp\/v2\/media?parent=55247"}],"wp:term":[{"taxonomy":"category","embeddable":true,"href":"https:\/\/www.rassegnastampa-totustuus.it\/cattolica\/wp-json\/wp\/v2\/categories?post=55247"},{"taxonomy":"post_tag","embeddable":true,"href":"https:\/\/www.rassegnastampa-totustuus.it\/cattolica\/wp-json\/wp\/v2\/tags?post=55247"}],"curies":[{"name":"wp","href":"https:\/\/api.w.org\/{rel}","templated":true}]}}