{"id":55245,"date":"2022-12-08T00:00:00","date_gmt":"2022-12-07T23:00:00","guid":{"rendered":"http:\/\/www.rassegnastampa-totustuus.it\/cattolica\/?p=55245"},"modified":"2024-02-10T11:11:13","modified_gmt":"2024-02-10T10:11:13","slug":"greta-thunberg-diventa-di-sinistra-e-rossa","status":"publish","type":"post","link":"https:\/\/www.rassegnastampa-totustuus.it\/cattolica\/greta-thunberg-diventa-di-sinistra-e-rossa\/","title":{"rendered":"Greta Thunberg diventa di sinistra&#8230; e rossa"},"content":{"rendered":"<p style=\"text-align: center;\"><span style=\"color: #000000;\"><strong><img loading=\"lazy\" decoding=\"async\" class=\" wp-image-43093 alignleft\" src=\"https:\/\/www.rassegnastampa-totustuus.it\/cattolica\/wp-content\/uploads\/2019\/05\/greta-thunberg.jpg\" alt=\"\" width=\"300\" height=\"188\" \/><span style=\"color: #0000ff;\"><a style=\"color: #0000ff;\" href=\"https:\/\/www.atfp.it\/\" target=\"_blank\" rel=\"noopener\">Tradizione Famiglia Propriet\u00e0<\/a><\/span><\/strong> newsletter 2 Dicembre 2022\u00a0 <\/span><\/p>\n<p style=\"text-align: center;\"><span style=\"color: #000000;\">di<strong>John Horvat<\/strong><\/span><\/p>\n<p style=\"text-align: justify;\"><span style=\"color: #000000;\">Quando l&#8217;attivista del clima Greta Thunberg apparve sulla scena qualche anno fa, i media la celebrarono come un&#8217;eroina bambina intenzionata a salvare l&#8217;ambiente. Rimprover\u00f2 le \u00e9lite mondiali per averla privata della sua infanzia, un atto che l&#8217;ha rese subito famosa. <em>Time Magazine<\/em> l&#8217;ha scelse come \u201cpersonalit\u00e0 dell&#8217;anno\u201d. Ora, mentre la diciannovenne attivista svedese matura ed entra nell&#8217;et\u00e0 adulta, sta mostrando il suo vero colore. Che \u00e8 il rosso anzich\u00e9 il verde.<\/span><\/p>\n<p><!--more--><\/p>\n<p style=\"text-align: justify;\"><span style=\"color: #000000;\"><img loading=\"lazy\" decoding=\"async\" class=\" wp-image-47251 alignright\" src=\"https:\/\/www.rassegnastampa-totustuus.it\/cattolica\/wp-content\/uploads\/2020\/05\/Greta_Thunberg-300x168.jpg\" alt=\"\" width=\"321\" height=\"180\" srcset=\"https:\/\/www.rassegnastampa-totustuus.it\/cattolica\/wp-content\/uploads\/2020\/05\/Greta_Thunberg-300x168.jpg 300w, https:\/\/www.rassegnastampa-totustuus.it\/cattolica\/wp-content\/uploads\/2020\/05\/Greta_Thunberg-768x431.jpg 768w, https:\/\/www.rassegnastampa-totustuus.it\/cattolica\/wp-content\/uploads\/2020\/05\/Greta_Thunberg-1024x574.jpg 1024w, https:\/\/www.rassegnastampa-totustuus.it\/cattolica\/wp-content\/uploads\/2020\/05\/Greta_Thunberg.jpg 1920w\" sizes=\"auto, (max-width: 321px) 100vw, 321px\" \/>In occasione della recente presentazione di un suo libro a Londra, Greta ha scioccato alcuni osservatori prendendo di mira il sistema capitalistico &#8220;oppressivo&#8221; dell&#8217;Occidente come causa di tutti i mali climatici. La mossa \u00e8 sorprendente, poich\u00e9 l&#8217;autrice ha sempre fatto un uso generoso di questo sistema \u201coppressivo\u201d per diffondere il suo messaggio allarmistico. In effetti, Greta non ha problemi a usare il sistema di marketing capitalista come piattaforma per promuovere il suo nuovo libro. Inoltre, non vede alcun male nel sacrificare molti alberi di cui l&#8217;industria editoriale ha bisogno per stampare libri destinati a un pubblico di massa<\/span><\/p>\n<p style=\"text-align: justify;\"><span style=\"color: #000000;\">Tuttavia, ci\u00f2 che ora sorprende molti \u00e8 che questa strana beniamina dei verdi si sia allineata cos\u00ec chiaramente alle idee marxiste. In buona parte, la sua efficacia risiedeva nella capacit\u00e0 di mostrare un atteggiamento ingenuo e infantile che disarmava psicologicamente chi la ascoltava. Sembrava immune alla propaganda di sinistra e incapace di avere un&#8217;agenda nascosta.<\/span><\/p>\n<h4 style=\"text-align: center;\"><span style=\"color: #000000;\"><strong>Il <em>coming out<\/em> rosso<\/strong><\/span><\/h4>\n<p style=\"text-align: justify;\"><span style=\"color: #000000;\"><img loading=\"lazy\" decoding=\"async\" class=\" wp-image-43107 alignleft\" src=\"https:\/\/www.rassegnastampa-totustuus.it\/cattolica\/wp-content\/uploads\/2019\/05\/Greta_ambiente-300x169.jpg\" alt=\"\" width=\"328\" height=\"185\" srcset=\"https:\/\/www.rassegnastampa-totustuus.it\/cattolica\/wp-content\/uploads\/2019\/05\/Greta_ambiente-300x169.jpg 300w, https:\/\/www.rassegnastampa-totustuus.it\/cattolica\/wp-content\/uploads\/2019\/05\/Greta_ambiente-768x432.jpg 768w, https:\/\/www.rassegnastampa-totustuus.it\/cattolica\/wp-content\/uploads\/2019\/05\/Greta_ambiente-1024x576.jpg 1024w, https:\/\/www.rassegnastampa-totustuus.it\/cattolica\/wp-content\/uploads\/2019\/05\/Greta_ambiente.jpg 1920w\" sizes=\"auto, (max-width: 328px) 100vw, 328px\" \/>Mentre cresce nella sua amarezza, la bambina-manifesto del movimento ecologista esce fuori dall&#8217;armadio rosso. Il suo abbraccio alla sinistra dimostra che l&#8217;attivismo per il clima, portato alle sue ultime conseguenze, porter\u00e0 sempre all&#8217;ideologia comunista antioccidentale. Le varie dottrine della sinistra alla fine si fondono tutte in una sola. Il pensatore e uomo d&#8217;azione cattolico, prof. Plinio Corr\u00eaa de Oliveira, paragona il fenomeno a mille singoli incendi che si uniscono per formare l&#8217;unit\u00e0 di un unico incendio boschivo.<\/span><\/p>\n<p style=\"text-align: justify;\"><span style=\"color: #000000;\">Cos\u00ec anche la causa ecologica si fonde con quella marxista.<\/span><\/p>\n<p style=\"text-align: justify;\"><span style=\"color: #000000;\"><img loading=\"lazy\" decoding=\"async\" class=\" wp-image-27070 alignright\" src=\"https:\/\/www.rassegnastampa-totustuus.it\/cattolica\/wp-content\/uploads\/2015\/10\/marx_verde.jpg\" alt=\"\" width=\"316\" height=\"253\" \/>In questa maniera lo &#8220;sfruttamento&#8221; della terra diventa un tutt\u2019uno con l\u2019oppressione economica. Greta chiede ora una &#8220;trasformazione del sistema&#8221; e inveisce contro &#8220;chi ha il potere&#8221;, che identifica come i responsabili del collasso climatico. Tutte queste cose fanno parte dello &#8220;sfruttamento delle persone e del pianeta&#8221;. Immagina che il sistema abbia &#8220;radici nell&#8217;estrattivismo (sic!) razzista e oppressivo&#8221; che desidera solo &#8220;massimizzare i profitti a breve termine per pochi&#8221;.<\/span><\/p>\n<p style=\"text-align: justify;\"><span style=\"color: #000000;\">Greta non risparmia parole, invocando il rovesciamento dell&#8217;intero sistema capitalista che \u00e8 &#8220;un sistema definito dal colonialismo, dall&#8217;imperialismo, dall&#8217;oppressione e dal genocidio da parte del cosiddetto Nord globale per accumulare ricchezza, che ancora modella il nostro attuale ordine mondiale&#8221;.<\/span><\/p>\n<p style=\"text-align: justify;\"><span style=\"color: #000000;\">Nessun attacco marxista \u00e8 completo senza una filippica contro l&#8217;opposizione, che lei etichetta immediatamente come &#8220;movimenti fascisti che offrono soluzioni facili e false e capri espiatori a problemi complessi&#8221;. Tutti attacchi tratti direttamente dal copione marxista.<\/span><\/p>\n<h4 style=\"text-align: center;\"><span style=\"color: #000000;\"><strong>Un libro che Greta non ha scritto<\/strong><\/span><\/h4>\n<p style=\"text-align: justify;\"><span style=\"color: #000000;\"><img loading=\"lazy\" decoding=\"async\" class=\" wp-image-48298 alignleft\" src=\"https:\/\/www.rassegnastampa-totustuus.it\/cattolica\/wp-content\/uploads\/2020\/09\/UE_Greta_ambiente-300x150.jpg\" alt=\"\" width=\"376\" height=\"188\" srcset=\"https:\/\/www.rassegnastampa-totustuus.it\/cattolica\/wp-content\/uploads\/2020\/09\/UE_Greta_ambiente-300x150.jpg 300w, https:\/\/www.rassegnastampa-totustuus.it\/cattolica\/wp-content\/uploads\/2020\/09\/UE_Greta_ambiente.jpg 764w\" sizes=\"auto, (max-width: 376px) 100vw, 376px\" \/>Le bordate contro il capitalismo non hanno ostacolato l\u2019affare della vendita del suo libro. L&#8217;attivista della decrescita si \u00e8 presentata alla fine di ottobre alla prestigiosa <em>Royal Festival Hall<\/em> di Londra per lanciare il suo manifesto di 464 pagine, <em>The Climate Book: The Facts and Solutions (n. Il Libro sul Clima, fatti e soluzioni)<\/em>. L&#8217;establishment <em>liberal<\/em> ha dato il benvenuto a questo libro che auspica la distruzione dell&#8217;Occidente. Gli algoritmi di <em>Amazon<\/em> sono gi\u00e0 al lavoro per trasformare questo tomo con foto a colori in un bestseller. La <em>Penguin Press<\/em> sta facendo pubblicit\u00e0 mentre lo pubblica nel Regno Unito e in tutto il mondo. Gli americani dovranno attendere l&#8217;uscita ufficiale negli Stati Uniti il 14 febbraio 2023.<\/span><\/p>\n<p style=\"text-align: justify;\"><span style=\"color: #000000;\"><img loading=\"lazy\" decoding=\"async\" class=\" wp-image-49106 alignright\" src=\"https:\/\/www.rassegnastampa-totustuus.it\/cattolica\/wp-content\/uploads\/2020\/11\/ambientalismo_protesta-300x150.jpg\" alt=\"\" width=\"340\" height=\"170\" srcset=\"https:\/\/www.rassegnastampa-totustuus.it\/cattolica\/wp-content\/uploads\/2020\/11\/ambientalismo_protesta-300x150.jpg 300w, https:\/\/www.rassegnastampa-totustuus.it\/cattolica\/wp-content\/uploads\/2020\/11\/ambientalismo_protesta-768x384.jpg 768w, https:\/\/www.rassegnastampa-totustuus.it\/cattolica\/wp-content\/uploads\/2020\/11\/ambientalismo_protesta-1024x512.jpg 1024w, https:\/\/www.rassegnastampa-totustuus.it\/cattolica\/wp-content\/uploads\/2020\/11\/ambientalismo_protesta.jpg 1600w\" sizes=\"auto, (max-width: 340px) 100vw, 340px\" \/>La grancassa \u00e8 tutta per un&#8217;opera che Greta non ha scritto interamente. Seguendo una solida pratica di marketing, il suo nome \u00e8 prestato solo parzialmente all&#8217;opera. Greta si limita a mettere insieme una raccolta di saggi di cento &#8220;esperti&#8221; di sinistra, che costituiscono la maggior parte del contenuto del titolo.<\/span><\/p>\n<p style=\"text-align: justify;\"><span style=\"color: #000000;\">All&#8217;interno delle sue pagine sono presenti noti esponenti della sinistra come la scrittrice Naomi Klein, il capo dell&#8217;<em>Organizzazione Mondiale della Sanit\u00e0 <\/em>Tedros Adhanom Ghebreyesus, l&#8217;ecologista Bill McKibben e l&#8217;economista francese Thomas Piketty. Tuttavia, per la maggior parte, l&#8217;eterogenea raccolta \u00e8 un <em>\u201cwho is not who\u201d<\/em> di oscuri scienziati, romanzieri, leader indigeni e altri &#8220;esperti&#8221; che compongono il chiuso mondo ecologico di attivisti che vendono la loro stanca narrativa catastrofista. La maggior parte dei lettori non riconoscer\u00e0 gli &#8220;esperti&#8221; e non seguir\u00e0 la loro pseudo-scienza.<\/span><\/p>\n<h4 style=\"text-align: center;\"><span style=\"color: #000000;\"><strong>Trovare i meriti<\/strong><\/span><\/h4>\n<p style=\"text-align: justify;\"><span style=\"color: #000000;\"><img loading=\"lazy\" decoding=\"async\" class=\" wp-image-43262 alignleft\" src=\"https:\/\/www.rassegnastampa-totustuus.it\/cattolica\/wp-content\/uploads\/2019\/06\/ambientalismo_socialismo.jpg\" alt=\"\" width=\"307\" height=\"231\" \/>Il libro ha alcuni meriti. Dimostra che, sebbene gli esperti di sinistra si manifestino in modo diverso, tutti si uniscono quando si tratta di promuovere un&#8217;unica causa. Serve anche per documentare la trasformazione di Greta da attivista per il cambiamento climatico a militante della sinistra anticapitalista e anti-tutto. Caso fosse necessario, il lancio del libro chiarisce una volta per tutte che Greta \u00e8 una creatura dei media, sostenuta dall&#8217;establishment liberale che odia. La produzione dell&#8217;opera, realizzata con l&#8217;impiego abbondante di carbonio, mostra come gli attivisti infrangano le loro stesse regole quando si tratta di portare avanti la loro rivoluzione.<\/span><\/p>\n<p style=\"text-align: justify;\"><span style=\"color: #000000;\">Il peccato, per\u00f2, \u00e8 che si tratta di uno spreco di bei alberi&#8230;<\/span><\/p>\n<p style=\"text-align: center;\"><span style=\"color: #000000;\"><strong>Fonte<\/strong>: <a style=\"color: #000000;\" href=\"https:\/\/theimaginativeconservative.org\/\" target=\"_blank\" rel=\"noopener\">The Immaginative Conservative<\/a>, 14 Novembre 2022. <\/span><span style=\"color: #000000;\"><em>Traduzione a cura di Tradizione Famiglia Propriet\u00e0 \u2013 Italia.<\/em><\/span><\/p>\n<p>_____________________________________<\/p>\n<p><span style=\"color: #000000;\"><strong>Leggi anche:<\/strong><\/span><\/p>\n<p><a href=\"https:\/\/www.rassegnastampa-totustuus.it\/cattolica\/44516\/\" target=\"_blank\" rel=\"noopener\"><span style=\"color: #0000ff;\">Povera Greta, ti hanno rubato i sogni e l\u2019infanzia<\/span><\/a><\/p>\n<p><a href=\"https:\/\/www.rassegnastampa-totustuus.it\/cattolica\/dietro-greta-ci-sarebbe-un-piano-di-100-trilioni-di-dollari\/\" target=\"_blank\" rel=\"noopener\"><span style=\"color: #0000ff;\">Dietro Greta ci sarebbe un piano di 100 trilioni di dollari<\/span><\/a><\/p>\n","protected":false},"excerpt":{"rendered":"<p>Tradizione Famiglia Propriet\u00e0 newsletter 2 Dicembre 2022\u00a0 diJohn Horvat Quando l&#8217;attivista del clima Greta Thunberg apparve sulla scena qualche anno fa, i media la celebrarono come un&#8217;eroina bambina intenzionata a salvare l&#8217;ambiente. Rimprover\u00f2 le \u00e9lite mondiali per averla privata della sua infanzia, un atto che l&#8217;ha rese subito famosa. Time Magazine l&#8217;ha scelse come \u201cpersonalit\u00e0 &hellip; <\/p>\n<p><a class=\"more-link btn\" href=\"https:\/\/www.rassegnastampa-totustuus.it\/cattolica\/greta-thunberg-diventa-di-sinistra-e-rossa\/\">Continua a leggere<\/a><\/p>\n","protected":false},"author":6,"featured_media":43093,"comment_status":"closed","ping_status":"closed","sticky":false,"template":"","format":"standard","meta":{"footnotes":""},"categories":[3],"tags":[2387,2939,512],"class_list":["post-55245","post","type-post","status-publish","format-standard","has-post-thumbnail","hentry","category-ambientalismo","tag-ambientalismo","tag-greta-thunberg","tag-ideologia-ambientale","item-wrap"],"yoast_head":"<!-- This site is optimized with the Yoast SEO plugin v27.5 - https:\/\/yoast.com\/product\/yoast-seo-wordpress\/ -->\n<title>Greta Thunberg diventa di sinistra... e rossa - Rassegna Stampa Cattolica<\/title>\n<meta name=\"description\" content=\"Greta Thunberg diventa di sinistra e rossa, mostrando il vero &quot;colore&quot; del suo attivismo ambientale, per nulla spontaneo\" \/>\n<meta name=\"robots\" content=\"index, follow, max-snippet:-1, max-image-preview:large, max-video-preview:-1\" \/>\n<link rel=\"canonical\" href=\"https:\/\/www.rassegnastampa-totustuus.it\/cattolica\/greta-thunberg-diventa-di-sinistra-e-rossa\/\" \/>\n<meta property=\"og:locale\" content=\"it_IT\" \/>\n<meta property=\"og:type\" content=\"article\" \/>\n<meta property=\"og:title\" content=\"Greta Thunberg diventa di sinistra... e rossa - Rassegna Stampa Cattolica\" \/>\n<meta property=\"og:description\" content=\"Greta Thunberg diventa di sinistra e rossa, mostrando il vero &quot;colore&quot; del suo attivismo ambientale, per nulla spontaneo\" \/>\n<meta property=\"og:url\" content=\"https:\/\/www.rassegnastampa-totustuus.it\/cattolica\/greta-thunberg-diventa-di-sinistra-e-rossa\/\" \/>\n<meta property=\"og:site_name\" content=\"Rassegna Stampa Cattolica\" \/>\n<meta property=\"article:publisher\" content=\"https:\/\/www.facebook.com\/rassegnastampacattolica\" \/>\n<meta property=\"article:published_time\" content=\"2022-12-07T23:00:00+00:00\" \/>\n<meta property=\"article:modified_time\" content=\"2024-02-10T10:11:13+00:00\" \/>\n<meta property=\"og:image\" content=\"https:\/\/www.rassegnastampa-totustuus.it\/cattolica\/wp-content\/uploads\/2019\/05\/greta-thunberg.jpg\" \/>\n\t<meta property=\"og:image:width\" content=\"284\" \/>\n\t<meta property=\"og:image:height\" content=\"178\" \/>\n\t<meta property=\"og:image:type\" content=\"image\/jpeg\" \/>\n<meta name=\"author\" content=\"Redazione\" \/>\n<meta name=\"twitter:card\" content=\"summary_large_image\" \/>\n<meta name=\"twitter:creator\" content=\"@rassegnastampa9\" \/>\n<meta name=\"twitter:site\" content=\"@rassegnastampa9\" \/>\n<meta name=\"twitter:label1\" content=\"Scritto da\" \/>\n\t<meta name=\"twitter:data1\" content=\"Redazione\" \/>\n\t<meta name=\"twitter:label2\" content=\"Tempo di lettura stimato\" \/>\n\t<meta name=\"twitter:data2\" content=\"7 minuti\" \/>\n<script type=\"application\/ld+json\" class=\"yoast-schema-graph\">{\"@context\":\"https:\\\/\\\/schema.org\",\"@graph\":[{\"@type\":\"Article\",\"@id\":\"https:\\\/\\\/www.rassegnastampa-totustuus.it\\\/cattolica\\\/greta-thunberg-diventa-di-sinistra-e-rossa\\\/#article\",\"isPartOf\":{\"@id\":\"https:\\\/\\\/www.rassegnastampa-totustuus.it\\\/cattolica\\\/greta-thunberg-diventa-di-sinistra-e-rossa\\\/\"},\"author\":{\"name\":\"Redazione\",\"@id\":\"https:\\\/\\\/www.rassegnastampa-totustuus.it\\\/cattolica\\\/#\\\/schema\\\/person\\\/08f319d2bd1a0904ad9e2bfb7b15e5c3\"},\"headline\":\"Greta Thunberg diventa di sinistra&#8230; e rossa\",\"datePublished\":\"2022-12-07T23:00:00+00:00\",\"dateModified\":\"2024-02-10T10:11:13+00:00\",\"mainEntityOfPage\":{\"@id\":\"https:\\\/\\\/www.rassegnastampa-totustuus.it\\\/cattolica\\\/greta-thunberg-diventa-di-sinistra-e-rossa\\\/\"},\"wordCount\":907,\"publisher\":{\"@id\":\"https:\\\/\\\/www.rassegnastampa-totustuus.it\\\/cattolica\\\/#organization\"},\"image\":{\"@id\":\"https:\\\/\\\/www.rassegnastampa-totustuus.it\\\/cattolica\\\/greta-thunberg-diventa-di-sinistra-e-rossa\\\/#primaryimage\"},\"thumbnailUrl\":\"https:\\\/\\\/www.rassegnastampa-totustuus.it\\\/cattolica\\\/wp-content\\\/uploads\\\/2019\\\/05\\\/greta-thunberg.jpg\",\"keywords\":[\"Ambientalismo\",\"Greta Thunberg\",\"ideologia ambientale\"],\"articleSection\":[\"Ambientalismo\"],\"inLanguage\":\"it-IT\"},{\"@type\":\"WebPage\",\"@id\":\"https:\\\/\\\/www.rassegnastampa-totustuus.it\\\/cattolica\\\/greta-thunberg-diventa-di-sinistra-e-rossa\\\/\",\"url\":\"https:\\\/\\\/www.rassegnastampa-totustuus.it\\\/cattolica\\\/greta-thunberg-diventa-di-sinistra-e-rossa\\\/\",\"name\":\"Greta Thunberg diventa di sinistra... e rossa - Rassegna Stampa Cattolica\",\"isPartOf\":{\"@id\":\"https:\\\/\\\/www.rassegnastampa-totustuus.it\\\/cattolica\\\/#website\"},\"primaryImageOfPage\":{\"@id\":\"https:\\\/\\\/www.rassegnastampa-totustuus.it\\\/cattolica\\\/greta-thunberg-diventa-di-sinistra-e-rossa\\\/#primaryimage\"},\"image\":{\"@id\":\"https:\\\/\\\/www.rassegnastampa-totustuus.it\\\/cattolica\\\/greta-thunberg-diventa-di-sinistra-e-rossa\\\/#primaryimage\"},\"thumbnailUrl\":\"https:\\\/\\\/www.rassegnastampa-totustuus.it\\\/cattolica\\\/wp-content\\\/uploads\\\/2019\\\/05\\\/greta-thunberg.jpg\",\"datePublished\":\"2022-12-07T23:00:00+00:00\",\"dateModified\":\"2024-02-10T10:11:13+00:00\",\"description\":\"Greta Thunberg diventa di sinistra e rossa, mostrando il vero \\\"colore\\\" del suo attivismo ambientale, per nulla spontaneo\",\"breadcrumb\":{\"@id\":\"https:\\\/\\\/www.rassegnastampa-totustuus.it\\\/cattolica\\\/greta-thunberg-diventa-di-sinistra-e-rossa\\\/#breadcrumb\"},\"inLanguage\":\"it-IT\",\"potentialAction\":[{\"@type\":\"ReadAction\",\"target\":[\"https:\\\/\\\/www.rassegnastampa-totustuus.it\\\/cattolica\\\/greta-thunberg-diventa-di-sinistra-e-rossa\\\/\"]}]},{\"@type\":\"ImageObject\",\"inLanguage\":\"it-IT\",\"@id\":\"https:\\\/\\\/www.rassegnastampa-totustuus.it\\\/cattolica\\\/greta-thunberg-diventa-di-sinistra-e-rossa\\\/#primaryimage\",\"url\":\"https:\\\/\\\/www.rassegnastampa-totustuus.it\\\/cattolica\\\/wp-content\\\/uploads\\\/2019\\\/05\\\/greta-thunberg.jpg\",\"contentUrl\":\"https:\\\/\\\/www.rassegnastampa-totustuus.it\\\/cattolica\\\/wp-content\\\/uploads\\\/2019\\\/05\\\/greta-thunberg.jpg\",\"width\":284,\"height\":178},{\"@type\":\"BreadcrumbList\",\"@id\":\"https:\\\/\\\/www.rassegnastampa-totustuus.it\\\/cattolica\\\/greta-thunberg-diventa-di-sinistra-e-rossa\\\/#breadcrumb\",\"itemListElement\":[{\"@type\":\"ListItem\",\"position\":1,\"name\":\"Home\",\"item\":\"https:\\\/\\\/www.rassegnastampa-totustuus.it\\\/cattolica\\\/\"},{\"@type\":\"ListItem\",\"position\":2,\"name\":\"Greta Thunberg diventa di sinistra&#8230; e rossa\"}]},{\"@type\":\"WebSite\",\"@id\":\"https:\\\/\\\/www.rassegnastampa-totustuus.it\\\/cattolica\\\/#website\",\"url\":\"https:\\\/\\\/www.rassegnastampa-totustuus.it\\\/cattolica\\\/\",\"name\":\"Rassegna Stampa Cattolica\",\"description\":\"Per una cultura che nasce dalla Rivelazione cristiana in conformit\u00e0 alla tradizione e al Magistero della Chiesa in opposizione ad ogni relativismo e totalitarismo\",\"publisher\":{\"@id\":\"https:\\\/\\\/www.rassegnastampa-totustuus.it\\\/cattolica\\\/#organization\"},\"alternateName\":\"Rass. Cattolica\",\"potentialAction\":[{\"@type\":\"SearchAction\",\"target\":{\"@type\":\"EntryPoint\",\"urlTemplate\":\"https:\\\/\\\/www.rassegnastampa-totustuus.it\\\/cattolica\\\/?s={search_term_string}\"},\"query-input\":{\"@type\":\"PropertyValueSpecification\",\"valueRequired\":true,\"valueName\":\"search_term_string\"}}],\"inLanguage\":\"it-IT\"},{\"@type\":\"Organization\",\"@id\":\"https:\\\/\\\/www.rassegnastampa-totustuus.it\\\/cattolica\\\/#organization\",\"name\":\"Rassegna Stampa Cattolica\",\"url\":\"https:\\\/\\\/www.rassegnastampa-totustuus.it\\\/cattolica\\\/\",\"logo\":{\"@type\":\"ImageObject\",\"inLanguage\":\"it-IT\",\"@id\":\"https:\\\/\\\/www.rassegnastampa-totustuus.it\\\/cattolica\\\/#\\\/schema\\\/logo\\\/image\\\/\",\"url\":\"https:\\\/\\\/www.rassegnastampa-totustuus.it\\\/cattolica\\\/wp-content\\\/uploads\\\/2014\\\/04\\\/logo-rassegna1.gif\",\"contentUrl\":\"https:\\\/\\\/www.rassegnastampa-totustuus.it\\\/cattolica\\\/wp-content\\\/uploads\\\/2014\\\/04\\\/logo-rassegna1.gif\",\"width\":600,\"height\":163,\"caption\":\"Rassegna Stampa Cattolica\"},\"image\":{\"@id\":\"https:\\\/\\\/www.rassegnastampa-totustuus.it\\\/cattolica\\\/#\\\/schema\\\/logo\\\/image\\\/\"},\"sameAs\":[\"https:\\\/\\\/www.facebook.com\\\/rassegnastampacattolica\",\"https:\\\/\\\/x.com\\\/rassegnastampa9\"]},{\"@type\":\"Person\",\"@id\":\"https:\\\/\\\/www.rassegnastampa-totustuus.it\\\/cattolica\\\/#\\\/schema\\\/person\\\/08f319d2bd1a0904ad9e2bfb7b15e5c3\",\"name\":\"Redazione\",\"image\":{\"@type\":\"ImageObject\",\"inLanguage\":\"it-IT\",\"@id\":\"https:\\\/\\\/secure.gravatar.com\\\/avatar\\\/2fcdf27c78ea025fbdb44e914cc63c72249ffec9dc8aafd5c82b26240ef3f346?s=96&d=mm&r=g\",\"url\":\"https:\\\/\\\/secure.gravatar.com\\\/avatar\\\/2fcdf27c78ea025fbdb44e914cc63c72249ffec9dc8aafd5c82b26240ef3f346?s=96&d=mm&r=g\",\"contentUrl\":\"https:\\\/\\\/secure.gravatar.com\\\/avatar\\\/2fcdf27c78ea025fbdb44e914cc63c72249ffec9dc8aafd5c82b26240ef3f346?s=96&d=mm&r=g\",\"caption\":\"Redazione\"},\"url\":\"https:\\\/\\\/www.rassegnastampa-totustuus.it\\\/cattolica\\\/author\\\/pietroelle\\\/\"}]}<\/script>\n<!-- \/ Yoast SEO plugin. -->","yoast_head_json":{"title":"Greta Thunberg diventa di sinistra... e rossa - Rassegna Stampa Cattolica","description":"Greta Thunberg diventa di sinistra e rossa, mostrando il vero \"colore\" del suo attivismo ambientale, per nulla spontaneo","robots":{"index":"index","follow":"follow","max-snippet":"max-snippet:-1","max-image-preview":"max-image-preview:large","max-video-preview":"max-video-preview:-1"},"canonical":"https:\/\/www.rassegnastampa-totustuus.it\/cattolica\/greta-thunberg-diventa-di-sinistra-e-rossa\/","og_locale":"it_IT","og_type":"article","og_title":"Greta Thunberg diventa di sinistra... e rossa - Rassegna Stampa Cattolica","og_description":"Greta Thunberg diventa di sinistra e rossa, mostrando il vero \"colore\" del suo attivismo ambientale, per nulla spontaneo","og_url":"https:\/\/www.rassegnastampa-totustuus.it\/cattolica\/greta-thunberg-diventa-di-sinistra-e-rossa\/","og_site_name":"Rassegna Stampa Cattolica","article_publisher":"https:\/\/www.facebook.com\/rassegnastampacattolica","article_published_time":"2022-12-07T23:00:00+00:00","article_modified_time":"2024-02-10T10:11:13+00:00","og_image":[{"width":284,"height":178,"url":"https:\/\/www.rassegnastampa-totustuus.it\/cattolica\/wp-content\/uploads\/2019\/05\/greta-thunberg.jpg","type":"image\/jpeg"}],"author":"Redazione","twitter_card":"summary_large_image","twitter_creator":"@rassegnastampa9","twitter_site":"@rassegnastampa9","twitter_misc":{"Scritto da":"Redazione","Tempo di lettura stimato":"7 minuti"},"schema":{"@context":"https:\/\/schema.org","@graph":[{"@type":"Article","@id":"https:\/\/www.rassegnastampa-totustuus.it\/cattolica\/greta-thunberg-diventa-di-sinistra-e-rossa\/#article","isPartOf":{"@id":"https:\/\/www.rassegnastampa-totustuus.it\/cattolica\/greta-thunberg-diventa-di-sinistra-e-rossa\/"},"author":{"name":"Redazione","@id":"https:\/\/www.rassegnastampa-totustuus.it\/cattolica\/#\/schema\/person\/08f319d2bd1a0904ad9e2bfb7b15e5c3"},"headline":"Greta Thunberg diventa di sinistra&#8230; e rossa","datePublished":"2022-12-07T23:00:00+00:00","dateModified":"2024-02-10T10:11:13+00:00","mainEntityOfPage":{"@id":"https:\/\/www.rassegnastampa-totustuus.it\/cattolica\/greta-thunberg-diventa-di-sinistra-e-rossa\/"},"wordCount":907,"publisher":{"@id":"https:\/\/www.rassegnastampa-totustuus.it\/cattolica\/#organization"},"image":{"@id":"https:\/\/www.rassegnastampa-totustuus.it\/cattolica\/greta-thunberg-diventa-di-sinistra-e-rossa\/#primaryimage"},"thumbnailUrl":"https:\/\/www.rassegnastampa-totustuus.it\/cattolica\/wp-content\/uploads\/2019\/05\/greta-thunberg.jpg","keywords":["Ambientalismo","Greta Thunberg","ideologia ambientale"],"articleSection":["Ambientalismo"],"inLanguage":"it-IT"},{"@type":"WebPage","@id":"https:\/\/www.rassegnastampa-totustuus.it\/cattolica\/greta-thunberg-diventa-di-sinistra-e-rossa\/","url":"https:\/\/www.rassegnastampa-totustuus.it\/cattolica\/greta-thunberg-diventa-di-sinistra-e-rossa\/","name":"Greta Thunberg diventa di sinistra... e rossa - Rassegna Stampa Cattolica","isPartOf":{"@id":"https:\/\/www.rassegnastampa-totustuus.it\/cattolica\/#website"},"primaryImageOfPage":{"@id":"https:\/\/www.rassegnastampa-totustuus.it\/cattolica\/greta-thunberg-diventa-di-sinistra-e-rossa\/#primaryimage"},"image":{"@id":"https:\/\/www.rassegnastampa-totustuus.it\/cattolica\/greta-thunberg-diventa-di-sinistra-e-rossa\/#primaryimage"},"thumbnailUrl":"https:\/\/www.rassegnastampa-totustuus.it\/cattolica\/wp-content\/uploads\/2019\/05\/greta-thunberg.jpg","datePublished":"2022-12-07T23:00:00+00:00","dateModified":"2024-02-10T10:11:13+00:00","description":"Greta Thunberg diventa di sinistra e rossa, mostrando il vero \"colore\" del suo attivismo ambientale, per nulla spontaneo","breadcrumb":{"@id":"https:\/\/www.rassegnastampa-totustuus.it\/cattolica\/greta-thunberg-diventa-di-sinistra-e-rossa\/#breadcrumb"},"inLanguage":"it-IT","potentialAction":[{"@type":"ReadAction","target":["https:\/\/www.rassegnastampa-totustuus.it\/cattolica\/greta-thunberg-diventa-di-sinistra-e-rossa\/"]}]},{"@type":"ImageObject","inLanguage":"it-IT","@id":"https:\/\/www.rassegnastampa-totustuus.it\/cattolica\/greta-thunberg-diventa-di-sinistra-e-rossa\/#primaryimage","url":"https:\/\/www.rassegnastampa-totustuus.it\/cattolica\/wp-content\/uploads\/2019\/05\/greta-thunberg.jpg","contentUrl":"https:\/\/www.rassegnastampa-totustuus.it\/cattolica\/wp-content\/uploads\/2019\/05\/greta-thunberg.jpg","width":284,"height":178},{"@type":"BreadcrumbList","@id":"https:\/\/www.rassegnastampa-totustuus.it\/cattolica\/greta-thunberg-diventa-di-sinistra-e-rossa\/#breadcrumb","itemListElement":[{"@type":"ListItem","position":1,"name":"Home","item":"https:\/\/www.rassegnastampa-totustuus.it\/cattolica\/"},{"@type":"ListItem","position":2,"name":"Greta Thunberg diventa di sinistra&#8230; e rossa"}]},{"@type":"WebSite","@id":"https:\/\/www.rassegnastampa-totustuus.it\/cattolica\/#website","url":"https:\/\/www.rassegnastampa-totustuus.it\/cattolica\/","name":"Rassegna Stampa Cattolica","description":"Per una cultura che nasce dalla Rivelazione cristiana in conformit\u00e0 alla tradizione e al Magistero della Chiesa in opposizione ad ogni relativismo e totalitarismo","publisher":{"@id":"https:\/\/www.rassegnastampa-totustuus.it\/cattolica\/#organization"},"alternateName":"Rass. Cattolica","potentialAction":[{"@type":"SearchAction","target":{"@type":"EntryPoint","urlTemplate":"https:\/\/www.rassegnastampa-totustuus.it\/cattolica\/?s={search_term_string}"},"query-input":{"@type":"PropertyValueSpecification","valueRequired":true,"valueName":"search_term_string"}}],"inLanguage":"it-IT"},{"@type":"Organization","@id":"https:\/\/www.rassegnastampa-totustuus.it\/cattolica\/#organization","name":"Rassegna Stampa Cattolica","url":"https:\/\/www.rassegnastampa-totustuus.it\/cattolica\/","logo":{"@type":"ImageObject","inLanguage":"it-IT","@id":"https:\/\/www.rassegnastampa-totustuus.it\/cattolica\/#\/schema\/logo\/image\/","url":"https:\/\/www.rassegnastampa-totustuus.it\/cattolica\/wp-content\/uploads\/2014\/04\/logo-rassegna1.gif","contentUrl":"https:\/\/www.rassegnastampa-totustuus.it\/cattolica\/wp-content\/uploads\/2014\/04\/logo-rassegna1.gif","width":600,"height":163,"caption":"Rassegna Stampa Cattolica"},"image":{"@id":"https:\/\/www.rassegnastampa-totustuus.it\/cattolica\/#\/schema\/logo\/image\/"},"sameAs":["https:\/\/www.facebook.com\/rassegnastampacattolica","https:\/\/x.com\/rassegnastampa9"]},{"@type":"Person","@id":"https:\/\/www.rassegnastampa-totustuus.it\/cattolica\/#\/schema\/person\/08f319d2bd1a0904ad9e2bfb7b15e5c3","name":"Redazione","image":{"@type":"ImageObject","inLanguage":"it-IT","@id":"https:\/\/secure.gravatar.com\/avatar\/2fcdf27c78ea025fbdb44e914cc63c72249ffec9dc8aafd5c82b26240ef3f346?s=96&d=mm&r=g","url":"https:\/\/secure.gravatar.com\/avatar\/2fcdf27c78ea025fbdb44e914cc63c72249ffec9dc8aafd5c82b26240ef3f346?s=96&d=mm&r=g","contentUrl":"https:\/\/secure.gravatar.com\/avatar\/2fcdf27c78ea025fbdb44e914cc63c72249ffec9dc8aafd5c82b26240ef3f346?s=96&d=mm&r=g","caption":"Redazione"},"url":"https:\/\/www.rassegnastampa-totustuus.it\/cattolica\/author\/pietroelle\/"}]}},"_links":{"self":[{"href":"https:\/\/www.rassegnastampa-totustuus.it\/cattolica\/wp-json\/wp\/v2\/posts\/55245","targetHints":{"allow":["GET"]}}],"collection":[{"href":"https:\/\/www.rassegnastampa-totustuus.it\/cattolica\/wp-json\/wp\/v2\/posts"}],"about":[{"href":"https:\/\/www.rassegnastampa-totustuus.it\/cattolica\/wp-json\/wp\/v2\/types\/post"}],"author":[{"embeddable":true,"href":"https:\/\/www.rassegnastampa-totustuus.it\/cattolica\/wp-json\/wp\/v2\/users\/6"}],"replies":[{"embeddable":true,"href":"https:\/\/www.rassegnastampa-totustuus.it\/cattolica\/wp-json\/wp\/v2\/comments?post=55245"}],"version-history":[{"count":2,"href":"https:\/\/www.rassegnastampa-totustuus.it\/cattolica\/wp-json\/wp\/v2\/posts\/55245\/revisions"}],"predecessor-version":[{"id":59527,"href":"https:\/\/www.rassegnastampa-totustuus.it\/cattolica\/wp-json\/wp\/v2\/posts\/55245\/revisions\/59527"}],"wp:featuredmedia":[{"embeddable":true,"href":"https:\/\/www.rassegnastampa-totustuus.it\/cattolica\/wp-json\/wp\/v2\/media\/43093"}],"wp:attachment":[{"href":"https:\/\/www.rassegnastampa-totustuus.it\/cattolica\/wp-json\/wp\/v2\/media?parent=55245"}],"wp:term":[{"taxonomy":"category","embeddable":true,"href":"https:\/\/www.rassegnastampa-totustuus.it\/cattolica\/wp-json\/wp\/v2\/categories?post=55245"},{"taxonomy":"post_tag","embeddable":true,"href":"https:\/\/www.rassegnastampa-totustuus.it\/cattolica\/wp-json\/wp\/v2\/tags?post=55245"}],"curies":[{"name":"wp","href":"https:\/\/api.w.org\/{rel}","templated":true}]}}