{"id":5516,"date":"2013-03-29T00:00:00","date_gmt":"2013-03-28T23:00:00","guid":{"rendered":""},"modified":"2018-09-26T09:01:17","modified_gmt":"2018-09-26T07:01:17","slug":"chiesa-contro-schiavit","status":"publish","type":"post","link":"https:\/\/www.rassegnastampa-totustuus.it\/cattolica\/chiesa-contro-schiavit\/","title":{"rendered":"Chiesa contro schiavit&ugrave;"},"content":{"rendered":"<div style=\"text-align: center;\"><strong><a href=\"https:\/\/www.rassegnastampa-totustuus.it\/cattolica\/wp-content\/uploads\/2013\/03\/schiavi.jpg\"><img loading=\"lazy\" decoding=\"async\" class=\"alignright wp-image-25185 size-full\" src=\"https:\/\/www.rassegnastampa-totustuus.it\/cattolica\/wp-content\/uploads\/2013\/03\/schiavi.jpg\" alt=\"schiavi\" width=\"240\" height=\"180\" \/><\/a>Il Timone <\/strong>n.121 marzo 2013<\/div>\n<p style=\"text-align: justify;\"><em>Dai tempi di san Paolo, che reclamava un trattamento umano e benevolo per uno schiavo, l\u2019atteggiamento della Chiesa in favore della liberazione dell\u2019uomo non \u00e8 mai cambiato<\/em><\/p>\n<p style=\"text-align: center;\">di <strong>Giuseppe Brienza<\/strong><\/p>\n<p><!--more--><\/p>\n<div style=\"text-align: justify;\">Secondo i <em>media <\/em>pi\u00f9 diffusi, dovremmo attribuire al Cristianesimo la maggior parte delle sventure e delle calamit\u00e0 che hanno contraddistinto gli ultimi due millenni della storia occidentale e privarlo dei &#8220;meriti storici&#8221; che, almeno fino a qualche tempo fa, gli erano comunemente riconosciuti.<\/div>\n<p style=\"text-align: justify;\">Uno di questi \u00e8 l&#8217;opera di elevazione culturale e spirituale che ha permesso all&#8217;uomo di liberarsi dalla schiavit\u00f9. Infatti, l&#8217;insegnamento evangelico ha avuto sulla societ\u00e0 e sulla vita concreta degli antichi una notevole ricaduta, anche per quanto riguarda questa pratica di asservimento; gi\u00e0 molto prima del Cristianesimo la schiavit\u00f9 si praticava nell&#8217;Egitto dei faraoni e nell&#8217;antica Mesopotamia.<\/p>\n<p style=\"text-align: justify;\">Come ha documentato lo storico francese P\u00e9tr\u00e9-Grenouilleau, la schiavit\u00f9 era presente in modo capillare in tutta l&#8217;Africa e la Grecia, potendo tranquillamente divenire schiavi anche i bambini abbandonati \u00absecondo una politica corrente nelle civilt\u00e0 antiche\u00bb. Qui, infatti, a differenza che nell&#8217;antica Roma, la schiavit\u00f9 era da tutti vista come un istituto di diritto naturale.<\/p>\n<p style=\"text-align: justify;\"><a href=\"https:\/\/www.rassegnastampa-totustuus.it\/cattolica\/wp-content\/uploads\/2009\/03\/schiavi-1.jpg\"><img loading=\"lazy\" decoding=\"async\" class=\"size-medium wp-image-41177 alignleft\" src=\"https:\/\/www.rassegnastampa-totustuus.it\/cattolica\/wp-content\/uploads\/2009\/03\/schiavi-1-300x138.jpg\" alt=\"\" width=\"300\" height=\"138\" srcset=\"https:\/\/www.rassegnastampa-totustuus.it\/cattolica\/wp-content\/uploads\/2009\/03\/schiavi-1-300x138.jpg 300w, https:\/\/www.rassegnastampa-totustuus.it\/cattolica\/wp-content\/uploads\/2009\/03\/schiavi-1.jpg 331w\" sizes=\"auto, (max-width: 300px) 100vw, 300px\" \/><\/a>Per i Romani, invece, l&#8217;uomo non era schiavo &#8220;per natura&#8221; ma lo poteva diventare se la legge positiva l&#8217;avesse, per motivi di opportunit\u00e0 politica, deciso. Quindi, poich\u00e9 non nasceva schiavo, a differenza che in Grecia, lo schiavo romano poteva essere liberato e ottenere la cittadinanza. Questa era la situazione del mondo pagano quando il Cristianesimo cominci\u00f2 a diffondersi e a operare per superare la schiavit\u00f9 contribuendo a modificare, nel giro di pochi secoli, una mentalit\u00e0 presente da sempre.<\/p>\n<p style=\"text-align: justify;\">In verit\u00e0, il Nuovo Testamento non fa un cenno diretto al problema della schiavit\u00f9, perch\u00e9 l&#8217;insegnamento di Cristo per l&#8217;edificazione, da parte di ciascuno, di un <em>uomo nuovo, <\/em>avrebbe automaticamente fatto cadere tale indegna realt\u00e0 sociale. Nella <em>Lettera a Filemone, <\/em>nella quale san Paolo intercede per lo schiavo convertito Onesimo, fuggito dal suo padrone, egli non predica al suo destinatario, Filemone, un cristiano di Colossi, la libert\u00e0 del suo schiavo, ma gli ricorda i suoi doveri di umanit\u00e0 e raccomanda il rispetto e l&#8217;amore al precetto evangelico, che era concetto totalmente nuovo per l&#8217;antichit\u00e0, della comune fratellanza e dell&#8217;uguaglianza di tutti gli uomini innanzi a Dio.<\/p>\n<p style=\"text-align: justify;\">I Cristiani, dal canto loro, davano il buon esempio perch\u00e9, nella Chiesa primitiva, gli schiavi godevano di tutti i diritti, privilegi e facolt\u00e0 degli altri fedeli liberi. Quindi partecipavano senza discriminazioni alle assemblee liturgiche e, una volta liberati, potevano anche divenire vescovi. Persine un pontefice, san Callista I, che ha regnato dal 217 al 222, portava le stimmate di schiavo fuggitivo.<\/p>\n<p style=\"text-align: justify;\">La Chiesa cerc\u00f2 di risolvere anche sul piano civile e politico il problema della schiavit\u00f9, adoperandosi in tutti i tempi per emancipare coloro che per diritto di guerra o per altri motivi erano divenuti schiavi. Cos\u00ec, con Costantino il Grande (274-337), non solo ottenne di far vietare il marchio a fuoco per gli schiavi ma, sempre in ossequio alle nuove idee evangeliche, lo convinse a ostacolare, con leggi contro l&#8217;infanticidio e l&#8217;abbandono e con aiuti fiscali alle famiglie bisognose (del 315 e 318), l&#8217;antica usanza dei padri romani di esporre i propri figli o di venderli, trasformandoli cos\u00ec in schiavi.<\/p>\n<p style=\"text-align: justify;\"><a href=\"https:\/\/www.rassegnastampa-totustuus.it\/cattolica\/wp-content\/uploads\/2009\/03\/schiavi-3.jpg\"><img loading=\"lazy\" decoding=\"async\" class=\"alignright wp-image-41179\" src=\"https:\/\/www.rassegnastampa-totustuus.it\/cattolica\/wp-content\/uploads\/2009\/03\/schiavi-3.jpg\" alt=\"\" width=\"250\" height=\"187\" \/><\/a>Vi furono poi durante l&#8217;et\u00e0 medievale diversi concili, sia universali sia locali, che adottarono numerose misure in favore degli schiavi, come il divieto per i padroni di infliggere loro pene troppo severe (ad es., la mutuazione o la requisizione dei loro risparmi), di usare le schiave come concubine, e per imporre la necessaria liberazione dal servaggio degli schiavi divenuti monaci o preti.<\/p>\n<p style=\"text-align: justify;\">In questo modo la schiavit\u00f9 come fenomeno di massa e con le terribili caratteristiche che aveva nel mondo pagano scomparve gradualmente, per ricomparire per\u00f2 all&#8217;alba dell&#8217;et\u00e0 moderna. Ma non per colpa dei Papi del XV e XVI secolo, come vorrebbero alcuni! Infatti, leggendo alcuni quotidiani o navigando su internet ci si imbatte in articoli e commenti nei quali si afferma che la schiavit\u00f9 \u00e8 stata teorizzata e legittimata dalla Chiesa con la bolla di Papa Niccolo V (1447-1455) <em>Dum <\/em><em>diversas <\/em>del 1452. Scorrendo solo il web italiano si trovano lunghi saggi che attestano tali corbellerie come <em>\u00abFu Il cristianesimo <\/em><em>ad abolire la schiavit\u00f9?\u00bb <\/em>oppure, per criticare addirittura Benedetto XVI, \u00abLe <em>am<\/em><em>nesie angolane di Ratzinger a proposito di schiavismo\u00bb.<\/em><\/p>\n<p style=\"text-align: justify;\">\u00c8 vero che il passaggio fra 1400 e 1500 fu uno dei periodi pi\u00f9 difficili per la Chiesa, perch\u00e9 gli Stati nazionali presero a rivendicare la massima autonomia e talvolta, con offerte e minacce pi\u00f9 o meno dirette, cercarono di piegarla ai loro voleri. Soprattutto all&#8217;epoca della scoperta dell&#8217;America, vi furono sovrani e notabili che tentarono con tutti i mezzi di allentare il martellamento di religiosi, Papi e vescovi per il rispetto della dignit\u00e0 degli indigeni che vietava il ricorso al loro asservimento e lo sfruttamento delle loro terre. Ma l&#8217;opposizione della Chiesa allo schiavismo e alle disumanit\u00e0, nonostante la <em>vulgata <\/em>corrente, non \u00e8 mai venuta meno, soprattutto per l&#8217;azione e il Magistero dei pontefici.<\/p>\n<p style=\"text-align: justify;\"><a href=\"https:\/\/www.rassegnastampa-totustuus.it\/cattolica\/wp-content\/uploads\/2018\/09\/schiavi_islam.jpg\"><img loading=\"lazy\" decoding=\"async\" class=\"alignleft wp-image-41076\" src=\"https:\/\/www.rassegnastampa-totustuus.it\/cattolica\/wp-content\/uploads\/2018\/09\/schiavi_islam-299x300.jpg\" alt=\"\" width=\"199\" height=\"200\" srcset=\"https:\/\/www.rassegnastampa-totustuus.it\/cattolica\/wp-content\/uploads\/2018\/09\/schiavi_islam.jpg 299w, https:\/\/www.rassegnastampa-totustuus.it\/cattolica\/wp-content\/uploads\/2018\/09\/schiavi_islam-150x150.jpg 150w\" sizes=\"auto, (max-width: 199px) 100vw, 199px\" \/><\/a>Si pu\u00f2 menzionare a questo proposito anzitutto la bolla <em>Sicut dudum <\/em>di Eugenio IV del 1435, con la quale si intimava agli spagnoli giunti nelle Canarie di <em>\u00abriportare alla precedente condizione di libert\u00e0 tutte le persone di entrambi i sessi una volta residenti delle dette isole Canarie\u00bb, <\/em>sotto pena di scomunica. Poi la lettera di Pio II <em>Rubicensem, <\/em>del 1492, in cui il Papa condannava il vescovo della Guinea portoghese reo di aver commesso il <em>&#8220;magnum scelus&#8221;, <\/em>cio\u00e8 il grande crimine, di aver fatto schiavi centinaia di neri.<\/p>\n<p style=\"text-align: justify;\">Infine, la bolla di Paolo III del 1537 contro la schiavit\u00f9 nel Nuovo Mondo <em>Sublimis Deus, <\/em>nella quale il Papa ricordava a quanti negavano l&#8217;umanit\u00e0 degli indigeni, sostenendo tale tesi con la bestialit\u00e0 dei loro sacrifici umani e del cannibalismo, che gli <em>\u00abindiani in ve<\/em><em>rit\u00e0 sono uomini autentici\u00bb, e <\/em>che non \u00e8 lecito a nessuno privare della libert\u00e0 e delle propriet\u00e0 <em>\u00abgli stessi indiani e tutti gli altri popoli, anche se non appartenenti alla nostra religione\u00bb.<\/em><\/p>\n<p style=\"text-align: justify;\">Ritornando alla citata <em>Dum diversas, <\/em>occorrerebbe prima di tutto inquadrarne il concetto-base di &#8220;giusta schiavit\u00f9&#8221;, contestualizzandone la promulgazione. Infatti, come ha ricordato lo storico Francesco Pappalardo, tale bolla si rivolge unicamente al Re di Portogallo Alfonso V, che era allora a capo di un popolo artefice di <em>\u00abun&#8217;attivit\u00e0 evangelizzatrice cos\u00ec intensa e feconda rispetto alla sua modesta consistenza come quello portoghese, che ha meritato da Papa Pio XII l&#8217;appellativo di <\/em>&#8220;popolo crociato e missionario&#8221;\u00bb.<\/p>\n<p style=\"text-align: justify;\">All&#8217;origine della <em>Dum diversas <\/em>vi fu quindi il riconoscimento da parte della Santa Sede del coraggioso impegno missionario dei portoghesi in tre continenti che si realizzava accordando al loro Re il possesso della costa occidentale africana e delle isole adiacenti, anche per il tributo di sangue pagato per strappare quelle terre agli islamici.<\/p>\n<p style=\"text-align: justify;\"><a href=\"https:\/\/www.rassegnastampa-totustuus.it\/cattolica\/wp-content\/uploads\/2009\/03\/schiavi-2.jpg\"><img loading=\"lazy\" decoding=\"async\" class=\"size-full wp-image-41178 alignright\" src=\"https:\/\/www.rassegnastampa-totustuus.it\/cattolica\/wp-content\/uploads\/2009\/03\/schiavi-2.jpg\" alt=\"\" width=\"269\" height=\"187\" \/><\/a>I musulmani, dal canto loro, come ha riconosciuto il sociologo protestante Rodney Stark, qui <em>\u00abraccoglie<\/em><em>vano un gran numero di schiavi [&#8230;] presi prigionieri in battaglia o catturati dai pirati\u00bb. <\/em>Quello che va rimarcato con la massima chiarezza, \u00e8 che la bolla di Niccolo V non costitu\u00ec una &#8220;autorizzazione i generale&#8221; alla schiavit\u00f9, ma un provvedimento concesso esclusivamente al Re e all&#8217;aristocrazia portoghese del tempo per i loro meriti storici nella difesa della Chiesa e del popolo cristiano.<\/p>\n<p style=\"text-align: justify;\">Quello decisivo fra i documenti della Chiesa sulla schiavit\u00f9, in quanto arriva fino ai tempi attuali, \u00e8 la citata bolla <em>Sublimis Deus <\/em>che, indirizzata a tutto il mondo cristiano e non a un Re o a un vescovo di una zona, ha annullato tutte le opinioni precedenti in materia, compresa quella tanto contestata ancora oggi del suo predecessore Niccolo V. Sentenzi\u00f2 quindi una volta per tutte Papa Paolo III: <em>\u00abindios veros homines esse\u00bb (\u00abgli in<\/em><em>diani sono veri uomini\u00bb).<\/em><\/p>\n<p style=\"text-align: justify;\"><strong>Ricorda<\/strong><\/p>\n<p style=\"text-align: justify;\">\u00abPer questo, pur avendo in Cristo piena libert\u00e0 di comandarti ci\u00f2 che devi fare, preferisco pregarti in nome della carit\u00e0, cos\u00ec qual io sono, Paolo, vecchio, e ora anche prigioniero per Cristo Ges\u00f9; ti prego dunque per il mio figlio, che ho generato in catene, Onesimo, quello che un giorno ti fu inutile, ma ora \u00e8 utile a te e a me\u00bb. (Lettera di San Paolo a Filemone, vv 8-11).<\/p>\n<p style=\"text-align: justify;\"><strong>Per saperne di pi\u00f9&#8230;<\/strong><\/p>\n<p style=\"text-align: justify;\"><strong>Rodney Stark,<\/strong> A Gloria di Dio. Come il cristianesimo ha prodotto le eresie, la scienza, la caccia alle streghe e la fine della schiavit\u00f9, Lindau 2011.<\/p>\n<p style=\"text-align: justify;\"><strong>Francesco Agnoli<\/strong>, <em>Indagine sul cristianesimo<\/em>, Piemme, 2010.<\/p>\n<p style=\"text-align: justify;\"><strong>Marta Sordi<\/strong>, <em>Paolo a Filemone o della schiavit\u00f9<\/em>, Jaca Book, 2009.<\/p>\n<p style=\"text-align: justify;\"><strong>Olivier P\u00e9tr\u00e9-Grenouilleau<\/strong>, <em>La tratta degli schiavi. Saggio di storia globale<\/em>, il Mulino, 2005.<\/p>\n<p style=\"text-align: justify;\"><strong>Francesco Pappalardo<\/strong>, <em>Il Portogallo missionario<\/em>, in I.D.I.S. &#8211; Istituto per la Dottrina e l&#8217;Informazione Sociale (a cura di), Voci per un Dizionario del Pensiero Forte (<a href=\"http:\/\/www.alleanzacat-tolica.org\/idis_dpf\/voei\/p_portogallo_missionario.htm\" target=\"_blank\" rel=\"noopener\">www.alleanzacat-tolica.org\/idis_dpf\/voei\/p_portogallo_missionario.htm<\/a> ).<\/p>\n<p>_________________<\/p>\n<p><strong>Leggi anche:<\/strong><\/p>\n<p><a href=\"https:\/\/www.rassegnastampa-totustuus.it\/cattolica\/?p=4640\" target=\"_blank\" rel=\"noopener\">Schiavit\u00f9<\/a><\/p>\n<p><a href=\"https:\/\/www.rassegnastampa-totustuus.it\/cattolica\/?p=3547\" target=\"_blank\" rel=\"noopener\">Tratta degli schiavi: mea culpa africano<\/a><\/p>\n<p><a href=\"https:\/\/www.rassegnastampa-totustuus.it\/cattolica\/?p=2834\" target=\"_blank\" rel=\"noopener\">La tratta degli schiavi. Saggio di storia globale\u00bb<\/a><\/p>\n<p>&nbsp;<\/p>\n","protected":false},"excerpt":{"rendered":"<p>Il Timone n.121 marzo 2013 Dai tempi di san Paolo, che reclamava un trattamento umano e benevolo per uno schiavo, l\u2019atteggiamento della Chiesa in favore della liberazione dell\u2019uomo non \u00e8 mai cambiato di Giuseppe Brienza<\/p><p><a class=\"more-link btn\" href=\"https:\/\/www.rassegnastampa-totustuus.it\/cattolica\/chiesa-contro-schiavit\/\">Continua a leggere<\/a><\/p>\n","protected":false},"author":6,"featured_media":25185,"comment_status":"closed","ping_status":"open","sticky":false,"template":"","format":"standard","meta":{"footnotes":""},"categories":[5,24],"tags":[1403],"class_list":["post-5516","post","type-post","status-publish","format-standard","has-post-thumbnail","hentry","category-chiesa","category-storia","tag-schiavitu","item-wrap"],"yoast_head":"<!-- This site is optimized with the Yoast SEO plugin v27.5 - https:\/\/yoast.com\/product\/yoast-seo-wordpress\/ -->\n<title>Chiesa contro schiavit&ugrave; - Rassegna Stampa Cattolica<\/title>\n<meta name=\"description\" content=\"Rassegna Stampa Cattolica - Per una cultura che nasce dalla Rivelazione cristiana in conformit\u00e0 alla tradizione e al Magistero della Chiesa in opposizione ad ogni relativismo e totalitarismo\" \/>\n<meta name=\"robots\" content=\"index, follow, max-snippet:-1, max-image-preview:large, max-video-preview:-1\" \/>\n<link rel=\"canonical\" href=\"https:\/\/www.rassegnastampa-totustuus.it\/cattolica\/chiesa-contro-schiavit\/\" \/>\n<meta property=\"og:locale\" content=\"it_IT\" \/>\n<meta property=\"og:type\" content=\"article\" \/>\n<meta property=\"og:title\" content=\"Chiesa contro schiavit&ugrave; - Rassegna Stampa Cattolica\" \/>\n<meta property=\"og:description\" content=\"Rassegna Stampa Cattolica - Per una cultura che nasce dalla Rivelazione cristiana in conformit\u00e0 alla tradizione e al Magistero della Chiesa in opposizione ad ogni relativismo e totalitarismo\" \/>\n<meta property=\"og:url\" content=\"https:\/\/www.rassegnastampa-totustuus.it\/cattolica\/chiesa-contro-schiavit\/\" \/>\n<meta property=\"og:site_name\" content=\"Rassegna Stampa Cattolica\" \/>\n<meta property=\"article:publisher\" content=\"https:\/\/www.facebook.com\/rassegnastampacattolica\" \/>\n<meta property=\"article:published_time\" content=\"2013-03-28T23:00:00+00:00\" \/>\n<meta property=\"article:modified_time\" content=\"2018-09-26T07:01:17+00:00\" \/>\n<meta property=\"og:image\" content=\"https:\/\/www.rassegnastampa-totustuus.it\/cattolica\/wp-content\/uploads\/2013\/03\/schiavi.jpg\" \/>\n\t<meta property=\"og:image:width\" content=\"240\" \/>\n\t<meta property=\"og:image:height\" content=\"180\" \/>\n\t<meta property=\"og:image:type\" content=\"image\/jpeg\" \/>\n<meta name=\"author\" content=\"Redazione\" \/>\n<meta name=\"twitter:card\" content=\"summary_large_image\" \/>\n<meta name=\"twitter:creator\" content=\"@rassegnastampa9\" \/>\n<meta name=\"twitter:site\" content=\"@rassegnastampa9\" \/>\n<meta name=\"twitter:label1\" content=\"Scritto da\" \/>\n\t<meta name=\"twitter:data1\" content=\"Redazione\" \/>\n\t<meta name=\"twitter:label2\" content=\"Tempo di lettura stimato\" \/>\n\t<meta name=\"twitter:data2\" content=\"7 minuti\" \/>\n<script type=\"application\/ld+json\" class=\"yoast-schema-graph\">{\"@context\":\"https:\\\/\\\/schema.org\",\"@graph\":[{\"@type\":\"Article\",\"@id\":\"https:\\\/\\\/www.rassegnastampa-totustuus.it\\\/cattolica\\\/chiesa-contro-schiavit\\\/#article\",\"isPartOf\":{\"@id\":\"https:\\\/\\\/www.rassegnastampa-totustuus.it\\\/cattolica\\\/chiesa-contro-schiavit\\\/\"},\"author\":{\"name\":\"Redazione\",\"@id\":\"https:\\\/\\\/www.rassegnastampa-totustuus.it\\\/cattolica\\\/#\\\/schema\\\/person\\\/08f319d2bd1a0904ad9e2bfb7b15e5c3\"},\"headline\":\"Chiesa contro schiavit&ugrave;\",\"datePublished\":\"2013-03-28T23:00:00+00:00\",\"dateModified\":\"2018-09-26T07:01:17+00:00\",\"mainEntityOfPage\":{\"@id\":\"https:\\\/\\\/www.rassegnastampa-totustuus.it\\\/cattolica\\\/chiesa-contro-schiavit\\\/\"},\"wordCount\":1482,\"publisher\":{\"@id\":\"https:\\\/\\\/www.rassegnastampa-totustuus.it\\\/cattolica\\\/#organization\"},\"image\":{\"@id\":\"https:\\\/\\\/www.rassegnastampa-totustuus.it\\\/cattolica\\\/chiesa-contro-schiavit\\\/#primaryimage\"},\"thumbnailUrl\":\"https:\\\/\\\/www.rassegnastampa-totustuus.it\\\/cattolica\\\/wp-content\\\/uploads\\\/2013\\\/03\\\/schiavi.jpg\",\"keywords\":[\"schiavit\u00f9\"],\"articleSection\":[\"Chiesa\",\"Storia\"],\"inLanguage\":\"it-IT\"},{\"@type\":\"WebPage\",\"@id\":\"https:\\\/\\\/www.rassegnastampa-totustuus.it\\\/cattolica\\\/chiesa-contro-schiavit\\\/\",\"url\":\"https:\\\/\\\/www.rassegnastampa-totustuus.it\\\/cattolica\\\/chiesa-contro-schiavit\\\/\",\"name\":\"Chiesa contro schiavit&ugrave; - Rassegna Stampa Cattolica\",\"isPartOf\":{\"@id\":\"https:\\\/\\\/www.rassegnastampa-totustuus.it\\\/cattolica\\\/#website\"},\"primaryImageOfPage\":{\"@id\":\"https:\\\/\\\/www.rassegnastampa-totustuus.it\\\/cattolica\\\/chiesa-contro-schiavit\\\/#primaryimage\"},\"image\":{\"@id\":\"https:\\\/\\\/www.rassegnastampa-totustuus.it\\\/cattolica\\\/chiesa-contro-schiavit\\\/#primaryimage\"},\"thumbnailUrl\":\"https:\\\/\\\/www.rassegnastampa-totustuus.it\\\/cattolica\\\/wp-content\\\/uploads\\\/2013\\\/03\\\/schiavi.jpg\",\"datePublished\":\"2013-03-28T23:00:00+00:00\",\"dateModified\":\"2018-09-26T07:01:17+00:00\",\"description\":\"Rassegna Stampa Cattolica - Per una cultura che nasce dalla Rivelazione cristiana in conformit\u00e0 alla tradizione e al Magistero della Chiesa in opposizione ad ogni relativismo e totalitarismo\",\"breadcrumb\":{\"@id\":\"https:\\\/\\\/www.rassegnastampa-totustuus.it\\\/cattolica\\\/chiesa-contro-schiavit\\\/#breadcrumb\"},\"inLanguage\":\"it-IT\",\"potentialAction\":[{\"@type\":\"ReadAction\",\"target\":[\"https:\\\/\\\/www.rassegnastampa-totustuus.it\\\/cattolica\\\/chiesa-contro-schiavit\\\/\"]}]},{\"@type\":\"ImageObject\",\"inLanguage\":\"it-IT\",\"@id\":\"https:\\\/\\\/www.rassegnastampa-totustuus.it\\\/cattolica\\\/chiesa-contro-schiavit\\\/#primaryimage\",\"url\":\"https:\\\/\\\/www.rassegnastampa-totustuus.it\\\/cattolica\\\/wp-content\\\/uploads\\\/2013\\\/03\\\/schiavi.jpg\",\"contentUrl\":\"https:\\\/\\\/www.rassegnastampa-totustuus.it\\\/cattolica\\\/wp-content\\\/uploads\\\/2013\\\/03\\\/schiavi.jpg\",\"width\":240,\"height\":180},{\"@type\":\"BreadcrumbList\",\"@id\":\"https:\\\/\\\/www.rassegnastampa-totustuus.it\\\/cattolica\\\/chiesa-contro-schiavit\\\/#breadcrumb\",\"itemListElement\":[{\"@type\":\"ListItem\",\"position\":1,\"name\":\"Home\",\"item\":\"https:\\\/\\\/www.rassegnastampa-totustuus.it\\\/cattolica\\\/\"},{\"@type\":\"ListItem\",\"position\":2,\"name\":\"Chiesa contro schiavit&ugrave;\"}]},{\"@type\":\"WebSite\",\"@id\":\"https:\\\/\\\/www.rassegnastampa-totustuus.it\\\/cattolica\\\/#website\",\"url\":\"https:\\\/\\\/www.rassegnastampa-totustuus.it\\\/cattolica\\\/\",\"name\":\"Rassegna Stampa Cattolica\",\"description\":\"Per una cultura che nasce dalla Rivelazione cristiana in conformit\u00e0 alla tradizione e al Magistero della Chiesa in opposizione ad ogni relativismo e totalitarismo\",\"publisher\":{\"@id\":\"https:\\\/\\\/www.rassegnastampa-totustuus.it\\\/cattolica\\\/#organization\"},\"alternateName\":\"Rass. Cattolica\",\"potentialAction\":[{\"@type\":\"SearchAction\",\"target\":{\"@type\":\"EntryPoint\",\"urlTemplate\":\"https:\\\/\\\/www.rassegnastampa-totustuus.it\\\/cattolica\\\/?s={search_term_string}\"},\"query-input\":{\"@type\":\"PropertyValueSpecification\",\"valueRequired\":true,\"valueName\":\"search_term_string\"}}],\"inLanguage\":\"it-IT\"},{\"@type\":\"Organization\",\"@id\":\"https:\\\/\\\/www.rassegnastampa-totustuus.it\\\/cattolica\\\/#organization\",\"name\":\"Rassegna Stampa Cattolica\",\"url\":\"https:\\\/\\\/www.rassegnastampa-totustuus.it\\\/cattolica\\\/\",\"logo\":{\"@type\":\"ImageObject\",\"inLanguage\":\"it-IT\",\"@id\":\"https:\\\/\\\/www.rassegnastampa-totustuus.it\\\/cattolica\\\/#\\\/schema\\\/logo\\\/image\\\/\",\"url\":\"https:\\\/\\\/www.rassegnastampa-totustuus.it\\\/cattolica\\\/wp-content\\\/uploads\\\/2014\\\/04\\\/logo-rassegna1.gif\",\"contentUrl\":\"https:\\\/\\\/www.rassegnastampa-totustuus.it\\\/cattolica\\\/wp-content\\\/uploads\\\/2014\\\/04\\\/logo-rassegna1.gif\",\"width\":600,\"height\":163,\"caption\":\"Rassegna Stampa Cattolica\"},\"image\":{\"@id\":\"https:\\\/\\\/www.rassegnastampa-totustuus.it\\\/cattolica\\\/#\\\/schema\\\/logo\\\/image\\\/\"},\"sameAs\":[\"https:\\\/\\\/www.facebook.com\\\/rassegnastampacattolica\",\"https:\\\/\\\/x.com\\\/rassegnastampa9\"]},{\"@type\":\"Person\",\"@id\":\"https:\\\/\\\/www.rassegnastampa-totustuus.it\\\/cattolica\\\/#\\\/schema\\\/person\\\/08f319d2bd1a0904ad9e2bfb7b15e5c3\",\"name\":\"Redazione\",\"image\":{\"@type\":\"ImageObject\",\"inLanguage\":\"it-IT\",\"@id\":\"https:\\\/\\\/secure.gravatar.com\\\/avatar\\\/2fcdf27c78ea025fbdb44e914cc63c72249ffec9dc8aafd5c82b26240ef3f346?s=96&d=mm&r=g\",\"url\":\"https:\\\/\\\/secure.gravatar.com\\\/avatar\\\/2fcdf27c78ea025fbdb44e914cc63c72249ffec9dc8aafd5c82b26240ef3f346?s=96&d=mm&r=g\",\"contentUrl\":\"https:\\\/\\\/secure.gravatar.com\\\/avatar\\\/2fcdf27c78ea025fbdb44e914cc63c72249ffec9dc8aafd5c82b26240ef3f346?s=96&d=mm&r=g\",\"caption\":\"Redazione\"},\"url\":\"https:\\\/\\\/www.rassegnastampa-totustuus.it\\\/cattolica\\\/author\\\/pietroelle\\\/\"}]}<\/script>\n<!-- \/ Yoast SEO plugin. -->","yoast_head_json":{"title":"Chiesa contro schiavit&ugrave; - Rassegna Stampa Cattolica","description":"Rassegna Stampa Cattolica - Per una cultura che nasce dalla Rivelazione cristiana in conformit\u00e0 alla tradizione e al Magistero della Chiesa in opposizione ad ogni relativismo e totalitarismo","robots":{"index":"index","follow":"follow","max-snippet":"max-snippet:-1","max-image-preview":"max-image-preview:large","max-video-preview":"max-video-preview:-1"},"canonical":"https:\/\/www.rassegnastampa-totustuus.it\/cattolica\/chiesa-contro-schiavit\/","og_locale":"it_IT","og_type":"article","og_title":"Chiesa contro schiavit&ugrave; - Rassegna Stampa Cattolica","og_description":"Rassegna Stampa Cattolica - Per una cultura che nasce dalla Rivelazione cristiana in conformit\u00e0 alla tradizione e al Magistero della Chiesa in opposizione ad ogni relativismo e totalitarismo","og_url":"https:\/\/www.rassegnastampa-totustuus.it\/cattolica\/chiesa-contro-schiavit\/","og_site_name":"Rassegna Stampa Cattolica","article_publisher":"https:\/\/www.facebook.com\/rassegnastampacattolica","article_published_time":"2013-03-28T23:00:00+00:00","article_modified_time":"2018-09-26T07:01:17+00:00","og_image":[{"width":240,"height":180,"url":"https:\/\/www.rassegnastampa-totustuus.it\/cattolica\/wp-content\/uploads\/2013\/03\/schiavi.jpg","type":"image\/jpeg"}],"author":"Redazione","twitter_card":"summary_large_image","twitter_creator":"@rassegnastampa9","twitter_site":"@rassegnastampa9","twitter_misc":{"Scritto da":"Redazione","Tempo di lettura stimato":"7 minuti"},"schema":{"@context":"https:\/\/schema.org","@graph":[{"@type":"Article","@id":"https:\/\/www.rassegnastampa-totustuus.it\/cattolica\/chiesa-contro-schiavit\/#article","isPartOf":{"@id":"https:\/\/www.rassegnastampa-totustuus.it\/cattolica\/chiesa-contro-schiavit\/"},"author":{"name":"Redazione","@id":"https:\/\/www.rassegnastampa-totustuus.it\/cattolica\/#\/schema\/person\/08f319d2bd1a0904ad9e2bfb7b15e5c3"},"headline":"Chiesa contro schiavit&ugrave;","datePublished":"2013-03-28T23:00:00+00:00","dateModified":"2018-09-26T07:01:17+00:00","mainEntityOfPage":{"@id":"https:\/\/www.rassegnastampa-totustuus.it\/cattolica\/chiesa-contro-schiavit\/"},"wordCount":1482,"publisher":{"@id":"https:\/\/www.rassegnastampa-totustuus.it\/cattolica\/#organization"},"image":{"@id":"https:\/\/www.rassegnastampa-totustuus.it\/cattolica\/chiesa-contro-schiavit\/#primaryimage"},"thumbnailUrl":"https:\/\/www.rassegnastampa-totustuus.it\/cattolica\/wp-content\/uploads\/2013\/03\/schiavi.jpg","keywords":["schiavit\u00f9"],"articleSection":["Chiesa","Storia"],"inLanguage":"it-IT"},{"@type":"WebPage","@id":"https:\/\/www.rassegnastampa-totustuus.it\/cattolica\/chiesa-contro-schiavit\/","url":"https:\/\/www.rassegnastampa-totustuus.it\/cattolica\/chiesa-contro-schiavit\/","name":"Chiesa contro schiavit&ugrave; - Rassegna Stampa Cattolica","isPartOf":{"@id":"https:\/\/www.rassegnastampa-totustuus.it\/cattolica\/#website"},"primaryImageOfPage":{"@id":"https:\/\/www.rassegnastampa-totustuus.it\/cattolica\/chiesa-contro-schiavit\/#primaryimage"},"image":{"@id":"https:\/\/www.rassegnastampa-totustuus.it\/cattolica\/chiesa-contro-schiavit\/#primaryimage"},"thumbnailUrl":"https:\/\/www.rassegnastampa-totustuus.it\/cattolica\/wp-content\/uploads\/2013\/03\/schiavi.jpg","datePublished":"2013-03-28T23:00:00+00:00","dateModified":"2018-09-26T07:01:17+00:00","description":"Rassegna Stampa Cattolica - Per una cultura che nasce dalla Rivelazione cristiana in conformit\u00e0 alla tradizione e al Magistero della Chiesa in opposizione ad ogni relativismo e totalitarismo","breadcrumb":{"@id":"https:\/\/www.rassegnastampa-totustuus.it\/cattolica\/chiesa-contro-schiavit\/#breadcrumb"},"inLanguage":"it-IT","potentialAction":[{"@type":"ReadAction","target":["https:\/\/www.rassegnastampa-totustuus.it\/cattolica\/chiesa-contro-schiavit\/"]}]},{"@type":"ImageObject","inLanguage":"it-IT","@id":"https:\/\/www.rassegnastampa-totustuus.it\/cattolica\/chiesa-contro-schiavit\/#primaryimage","url":"https:\/\/www.rassegnastampa-totustuus.it\/cattolica\/wp-content\/uploads\/2013\/03\/schiavi.jpg","contentUrl":"https:\/\/www.rassegnastampa-totustuus.it\/cattolica\/wp-content\/uploads\/2013\/03\/schiavi.jpg","width":240,"height":180},{"@type":"BreadcrumbList","@id":"https:\/\/www.rassegnastampa-totustuus.it\/cattolica\/chiesa-contro-schiavit\/#breadcrumb","itemListElement":[{"@type":"ListItem","position":1,"name":"Home","item":"https:\/\/www.rassegnastampa-totustuus.it\/cattolica\/"},{"@type":"ListItem","position":2,"name":"Chiesa contro schiavit&ugrave;"}]},{"@type":"WebSite","@id":"https:\/\/www.rassegnastampa-totustuus.it\/cattolica\/#website","url":"https:\/\/www.rassegnastampa-totustuus.it\/cattolica\/","name":"Rassegna Stampa Cattolica","description":"Per una cultura che nasce dalla Rivelazione cristiana in conformit\u00e0 alla tradizione e al Magistero della Chiesa in opposizione ad ogni relativismo e totalitarismo","publisher":{"@id":"https:\/\/www.rassegnastampa-totustuus.it\/cattolica\/#organization"},"alternateName":"Rass. Cattolica","potentialAction":[{"@type":"SearchAction","target":{"@type":"EntryPoint","urlTemplate":"https:\/\/www.rassegnastampa-totustuus.it\/cattolica\/?s={search_term_string}"},"query-input":{"@type":"PropertyValueSpecification","valueRequired":true,"valueName":"search_term_string"}}],"inLanguage":"it-IT"},{"@type":"Organization","@id":"https:\/\/www.rassegnastampa-totustuus.it\/cattolica\/#organization","name":"Rassegna Stampa Cattolica","url":"https:\/\/www.rassegnastampa-totustuus.it\/cattolica\/","logo":{"@type":"ImageObject","inLanguage":"it-IT","@id":"https:\/\/www.rassegnastampa-totustuus.it\/cattolica\/#\/schema\/logo\/image\/","url":"https:\/\/www.rassegnastampa-totustuus.it\/cattolica\/wp-content\/uploads\/2014\/04\/logo-rassegna1.gif","contentUrl":"https:\/\/www.rassegnastampa-totustuus.it\/cattolica\/wp-content\/uploads\/2014\/04\/logo-rassegna1.gif","width":600,"height":163,"caption":"Rassegna Stampa Cattolica"},"image":{"@id":"https:\/\/www.rassegnastampa-totustuus.it\/cattolica\/#\/schema\/logo\/image\/"},"sameAs":["https:\/\/www.facebook.com\/rassegnastampacattolica","https:\/\/x.com\/rassegnastampa9"]},{"@type":"Person","@id":"https:\/\/www.rassegnastampa-totustuus.it\/cattolica\/#\/schema\/person\/08f319d2bd1a0904ad9e2bfb7b15e5c3","name":"Redazione","image":{"@type":"ImageObject","inLanguage":"it-IT","@id":"https:\/\/secure.gravatar.com\/avatar\/2fcdf27c78ea025fbdb44e914cc63c72249ffec9dc8aafd5c82b26240ef3f346?s=96&d=mm&r=g","url":"https:\/\/secure.gravatar.com\/avatar\/2fcdf27c78ea025fbdb44e914cc63c72249ffec9dc8aafd5c82b26240ef3f346?s=96&d=mm&r=g","contentUrl":"https:\/\/secure.gravatar.com\/avatar\/2fcdf27c78ea025fbdb44e914cc63c72249ffec9dc8aafd5c82b26240ef3f346?s=96&d=mm&r=g","caption":"Redazione"},"url":"https:\/\/www.rassegnastampa-totustuus.it\/cattolica\/author\/pietroelle\/"}]}},"_links":{"self":[{"href":"https:\/\/www.rassegnastampa-totustuus.it\/cattolica\/wp-json\/wp\/v2\/posts\/5516","targetHints":{"allow":["GET"]}}],"collection":[{"href":"https:\/\/www.rassegnastampa-totustuus.it\/cattolica\/wp-json\/wp\/v2\/posts"}],"about":[{"href":"https:\/\/www.rassegnastampa-totustuus.it\/cattolica\/wp-json\/wp\/v2\/types\/post"}],"author":[{"embeddable":true,"href":"https:\/\/www.rassegnastampa-totustuus.it\/cattolica\/wp-json\/wp\/v2\/users\/6"}],"replies":[{"embeddable":true,"href":"https:\/\/www.rassegnastampa-totustuus.it\/cattolica\/wp-json\/wp\/v2\/comments?post=5516"}],"version-history":[{"count":5,"href":"https:\/\/www.rassegnastampa-totustuus.it\/cattolica\/wp-json\/wp\/v2\/posts\/5516\/revisions"}],"predecessor-version":[{"id":41181,"href":"https:\/\/www.rassegnastampa-totustuus.it\/cattolica\/wp-json\/wp\/v2\/posts\/5516\/revisions\/41181"}],"wp:featuredmedia":[{"embeddable":true,"href":"https:\/\/www.rassegnastampa-totustuus.it\/cattolica\/wp-json\/wp\/v2\/media\/25185"}],"wp:attachment":[{"href":"https:\/\/www.rassegnastampa-totustuus.it\/cattolica\/wp-json\/wp\/v2\/media?parent=5516"}],"wp:term":[{"taxonomy":"category","embeddable":true,"href":"https:\/\/www.rassegnastampa-totustuus.it\/cattolica\/wp-json\/wp\/v2\/categories?post=5516"},{"taxonomy":"post_tag","embeddable":true,"href":"https:\/\/www.rassegnastampa-totustuus.it\/cattolica\/wp-json\/wp\/v2\/tags?post=5516"}],"curies":[{"name":"wp","href":"https:\/\/api.w.org\/{rel}","templated":true}]}}