{"id":55118,"date":"2022-11-24T00:00:06","date_gmt":"2022-11-23T23:00:06","guid":{"rendered":"http:\/\/www.rassegnastampa-totustuus.it\/cattolica\/?p=55118"},"modified":"2024-02-10T15:52:43","modified_gmt":"2024-02-10T14:52:43","slug":"luomo-che-ha-aperto-lera-del-condizionamento-di-massa","status":"publish","type":"post","link":"https:\/\/www.rassegnastampa-totustuus.it\/cattolica\/luomo-che-ha-aperto-lera-del-condizionamento-di-massa\/","title":{"rendered":"L&#8217;uomo che ha aperto l&#8217;era del condizionamento di massa"},"content":{"rendered":"<p style=\"text-align: justify;\"><span style=\"color: #000000;\"><strong><img loading=\"lazy\" decoding=\"async\" class=\" wp-image-55119 alignright\" src=\"https:\/\/www.rassegnastampa-totustuus.it\/cattolica\/wp-content\/uploads\/2022\/11\/Edward_Bernays_propaganda_manipolazione.jpg\" alt=\"\" width=\"362\" height=\"217\" \/>Abstract: <\/strong><em>l&#8217;uomo che ha aperto l&#8217;era del condizionamento di massa, il primo vero \u201cspin doctor\u201d capace di influenzare gusti, scelte, comportamenti, persino scelte politiche coniugando gli studi sulla psiche di Freud con la psicologia delle folle di\u00a0 Gustav Le Bon<\/em><\/span><\/p>\n<p><!--more--><\/p>\n<p style=\"text-align: center;\"><a href=\"https:\/\/www.ricognizioni.it\/\" target=\"_blank\" rel=\"noopener\"><span style=\"color: #000000;\"><strong><span style=\"color: #0000ff;\">R<\/span><\/strong><\/span><\/a><span style=\"color: #0000ff;\"><strong>icognizioni\u00a0 <\/strong><\/span><span style=\"color: #000000;\">9 Novembre 2022\u00a0<\/span><\/p>\n<h3 style=\"text-align: center;\"><span style=\"color: #000000;\"><strong>C\u2019era una volta in America. <\/strong><\/span><\/h3>\n<h3 style=\"text-align: center;\"><span style=\"color: #000000;\"><strong>O dell\u2019Oscuro Signore della propaganda<\/strong><\/span><\/h3>\n<p style=\"text-align: center;\"><span style=\"color: #000000;\">di<strong> Paolo Gulisano <\/strong><\/span><\/p>\n<p style=\"text-align: justify;\"><span style=\"color: #000000;\">Quanto \u00e8 accaduto e sta ancora accadendo con l\u2019avvio del processo definito \u201cGrande Reset\u201d da Klaus Schwab, ha suscitato non poco stupore in chi ha conservato intatto un pensiero libero e critico. C\u2019\u00e8 a chi sembra inverosimile che una massa enorme di persone abbia ciecamente seguito le direttive del Pensiero Unico, e tra questi anche persone colte, istruite, informate. Qualcuno ha persino parlato di una forma di ipnosi collettiva.<\/span><\/p>\n<p style=\"text-align: justify;\"><span style=\"color: #000000;\"><img loading=\"lazy\" decoding=\"async\" class=\"size-full wp-image-51082 alignleft\" src=\"https:\/\/www.rassegnastampa-totustuus.it\/cattolica\/wp-content\/uploads\/2021\/05\/mass_media_comunicazione_massa.jpg\" alt=\"\" width=\"189\" height=\"267\" \/>In effetti, se non proprio in uno stato di ipnosi, le masse sono state manipolate attraverso metodologie i cui princ\u00ecpi sono noti da molto tempo, ma che grazie alle attuali tecnologie di comunicazione hanno potuto raggiungere un\u2019efficacia unica nella storia. <\/span><\/p>\n<p style=\"text-align: justify;\"><span style=\"color: #000000;\">Per cercare di capire a fondo, occorre raccontare la storia di colui che \u00e8 il padre della manipolazione di massa, una figura di cui i libri di storia parlano pochissimo o nulla affatto, ma che \u00e8 stato uno dei personaggi pi\u00f9 influenti del XX secolo, e destinato a diventare ancora pi\u00f9 importante oggi, quando le sue teorie possono essere realizzate in modo tremendamente efficace.<\/span><\/p>\n<p style=\"text-align: justify;\"><span style=\"color: #000000;\">Si chiamava Edward Bernays. Era nato a Vienna nel 1891 ed era nipote di Sigmund Freud. Coniugando gli studi sulla psiche elaborati dallo zio con le idee di Gustave Le Bon, autore della <em>Psicologia delle folle<\/em>, divenne un pioniere della comunicazione di massa, di tipo pubblicitario, ma non solo. Fu il primo vero \u201cspin doctor\u201d capace di influenzare gusti, scelte, comportamenti, persino scelte politiche.<\/span><\/p>\n<p style=\"text-align: justify;\"><span style=\"color: #000000;\"><img loading=\"lazy\" decoding=\"async\" class=\" wp-image-49870 alignright\" src=\"https:\/\/www.rassegnastampa-totustuus.it\/cattolica\/wp-content\/uploads\/2021\/01\/pubblicit\u00e0_consumismo-300x168.jpg\" alt=\"\" width=\"329\" height=\"184\" \/>La sua attivit\u00e0 non si limit\u00f2 a far vendere pi\u00f9 pacchetti di sigarette o vestiti, ma applic\u00f2 i suoi metodi anche alla politica, influenzando la partecipazione della sua patria d\u2019adozione, gli Stati Uniti, a due guerre e provocando colpi di Stato in Centroamerica. La relazione con lo zio Freud era costantemente al centro del suo pensiero e del suo lavoro di \u201cconsulente\u201d.<\/span><\/p>\n<p style=\"text-align: justify;\"><span style=\"color: #000000;\">Dopo la laurea in Agricoltura alla Cornell University di Ithaca, New York, una facolt\u00e0 scelta per accontentare il padre, inizi\u00f2 a lavorare nel giornalismo come pubblicista. Cominci\u00f2 la sua carriera con la collaborazione con due mensili di medicina, e fu l\u2019inizio del suo successo. Bernays cap\u00ec che era molto utile alla diffusione delle riviste accendere polemiche, organizzare campagne, fare anche un po\u2019 di scandalo (ad esempio affrontando tematiche di tipo sessuale) e infine promuovere comitati con lo scopo di appoggiare determinati progetti e ricevere fondi. Invent\u00f2 la figura del \u201ctestimonial\u201d, utilizzando molti volti noti, soprattutto dello spettacolo.<\/span><\/p>\n<p style=\"text-align: justify;\"><span style=\"color: #000000;\"><img loading=\"lazy\" decoding=\"async\" class=\" wp-image-49134 alignleft\" src=\"https:\/\/www.rassegnastampa-totustuus.it\/cattolica\/wp-content\/uploads\/2006\/03\/totalitarismo_libert\u00e0.jpg\" alt=\"\" width=\"283\" height=\"227\" \/>Bernays fu uno dei primi a commercializzare metodi per utilizzare la psicologia del subconscio al fine di manipolare l\u2019opinione pubblica. A lui si devono le espressioni \u201cmente collettiva\u201d e \u201cfabbrica del consenso\u201d, concetti che diventeranno fondamentali nelle varie attivit\u00e0 di propaganda. <\/span><\/p>\n<p style=\"text-align: justify;\"><span style=\"color: #000000;\">Un primo grande successo di questi metodi fu ottenuto nel 1917, quando l\u2019America entr\u00f2 in guerra al fianco delle potenze dell\u2019Intesa contro la Germania e l\u2019Austria mentre la maggior parte del popolo americano si mostr\u00f2 ostile a questa scelta.<\/span><\/p>\n<p style=\"text-align: justify;\"><span style=\"color: #000000;\"><img loading=\"lazy\" decoding=\"async\" class=\" wp-image-55120 alignright\" src=\"https:\/\/www.rassegnastampa-totustuus.it\/cattolica\/wp-content\/uploads\/2022\/11\/propaganda_guerra_Usa.jpg\" alt=\"\" width=\"314\" height=\"224\" \/>Per risolvere questo problema, il presidente Woodrow Wilson istitu\u00ec un comitato sull\u2019informazione pubblica, il Committee on Public Information, e Bernays fu chiamato a farne parte con un ruolo molto importante. <\/span><\/p>\n<p style=\"text-align: justify;\"><span style=\"color: #000000;\">Il Committee fu organizzato come un mezzo di propaganda bellica in grado di sfruttare pi\u00f9 strumenti possibili per rendere dapprima accettabile e quindi doveroso l\u2019ingresso dell\u2019America in guerra. La macchina si mise subito al lavoro, facendo arrivare ad ogni giornale del Paese migliaia di comunicati stampa; su tutto il territorio nazionale vennero diffusi milioni di poster, tra cui il pi\u00f9 noto raffigurante lo Zio Sam e la celebre frase \u201cI Want You for US Army\u201d, oltre a manifesti, immagini e vari tipi di documenti propagandistici.<\/span><\/p>\n<p style=\"text-align: justify;\"><span style=\"color: #000000;\"><img loading=\"lazy\" decoding=\"async\" class=\"size-medium wp-image-55121 alignleft\" src=\"https:\/\/www.rassegnastampa-totustuus.it\/cattolica\/wp-content\/uploads\/2022\/11\/Usa_guerra-146x300.jpg\" alt=\"\" width=\"146\" height=\"300\" srcset=\"https:\/\/www.rassegnastampa-totustuus.it\/cattolica\/wp-content\/uploads\/2022\/11\/Usa_guerra-146x300.jpg 146w, https:\/\/www.rassegnastampa-totustuus.it\/cattolica\/wp-content\/uploads\/2022\/11\/Usa_guerra.jpg 157w\" sizes=\"auto, (max-width: 146px) 100vw, 146px\" \/>Anche all\u2019interno dell\u2019informazione e del cinema vennero introdotti metodi di propaganda pro-bellica, rispettivamente con la New Division e la Film Division. L\u2019industria di Hollywood produsse una serie di film dal chiaro messaggio antitedesco, con titoli assai eloquenti come \u201cIl delinquente prussiano\u201d e \u201cIl Kaiser la belva di Berlino\u201d. <\/span><\/p>\n<p style=\"text-align: justify;\"><span style=\"color: #000000;\">Sei mesi di martellante campagna propagandistica determinarono il sorgere e il diffondersi di decine di organizzazioni patriottiche, portando il paese ad un\u2019isteria antitedesca cos\u00ec intensa da impressionare permanentemente il mondo degli affari statunitense, che comprese immediatamente quali fossero i potenziali vantaggi che davano queste strategie pervasive per la capacit\u00e0 di controllare l\u2019opinione pubblica su larga scala.<\/span><\/p>\n<p style=\"text-align: justify;\"><span style=\"color: #000000;\">La Commissione cre\u00f2 anche i four minute men, un gruppo di circa 75.000 volontari autorizzati dal presidente, per diffondere discorsi della durata di quattro minuti che venivano proiettati nei cinema su argomenti forniti loro dal Comitato. Riuscirono a tenere oltre 750.000 discorsi in 5.200 localit\u00e0. Il presidente Wilson <img loading=\"lazy\" decoding=\"async\" class=\" wp-image-55122 alignleft\" src=\"https:\/\/www.rassegnastampa-totustuus.it\/cattolica\/wp-content\/uploads\/2022\/11\/Edward_Bernays_propaganda_manipolazione-1-300x168.jpg\" alt=\"\" width=\"355\" height=\"199\" \/>aveva annunciato che \u201cl\u2019America non entrava in guerra per ristabilire i vecchi imperi, ma per portare la democrazia in tutta l\u2019Europa\u201d. <\/span><\/p>\n<p style=\"text-align: justify;\"><span style=\"color: #000000;\">Bernays dimostr\u00f2 capacit\u00e0 eccellenti nel contribuire a promuovere quest\u2019idea sia in patria che all\u2019estero e, alla fine della guerra, fu tra i ristretti collaboratori che accompagnarono il presidente alla conferenza di pace a Parigi per tutta la sua durata. Uno degli slogan che inventarono era \u201cfare del mondo una democrazia pi\u00f9 sicura\u201d, con Wilson nella parte di colui che avrebbe creato un mondo nuovo.<\/span><\/p>\n<p style=\"text-align: justify;\"><span style=\"color: #000000;\"><img loading=\"lazy\" decoding=\"async\" class=\" wp-image-34774 alignright\" src=\"https:\/\/www.rassegnastampa-totustuus.it\/cattolica\/wp-content\/uploads\/2005\/05\/pubblicit\u00e0_auto.jpg\" alt=\"\" width=\"317\" height=\"229\" \/>Dopo la guerra Bernays si dedic\u00f2 a lucrose campagne pubblicitarie. L\u2019America era una societ\u00e0 di massa industrializzata, con milioni di abitanti raggruppati nelle citt\u00e0. Bernays era deciso a trovare nuovi modi per controllare e alterare il modo in cui queste nuove masse pensavano e sentivano. <\/span><span style=\"color: #000000;\">Per farlo, attinse agli scritti di suo zio Sigmund Freud. <\/span><\/p>\n<p style=\"text-align: justify;\"><span style=\"color: #000000;\">In particolare Bernays era rimasto molto colpito dalla lettura di <em>Introduzione alla psicoanalisi<\/em>. Vi aveva scoperto l\u2019esistenza descritta da Freud di forze irrazionali nascoste all\u2019interno della mente umana, e si domand\u00f2 se fosse possibile guadagnare manipolando l\u2019inconscio. Occorreva passare da una cultura dei bisogni a una cultura dei desideri, e i desideri potevano e dovevano essere anche inventati.<\/span><\/p>\n<p style=\"text-align: justify;\"><span style=\"color: #000000;\"><img loading=\"lazy\" decoding=\"async\" class=\" wp-image-55123 alignleft\" src=\"https:\/\/www.rassegnastampa-totustuus.it\/cattolica\/wp-content\/uploads\/2022\/11\/pubblicit\u00e0_fumo.jpg\" alt=\"\" width=\"214\" height=\"276\" \/>Bernays cominci\u00f2 a creare molte delle tecniche di persuasione di massa utilizzate ancora oggi. Fu assunto da William Randolph Hearst per pubblicizzare le sue nuove riviste femminili, e lui le rese affascinanti, inserendo articoli e inserzioni pubblicitarie che collegavano oggetti che venivano prodotti da altri suoi clienti, e cominci\u00f2 anche a inserire pubblicit\u00e0 occulte nei film. <\/span><\/p>\n<p style=\"text-align: justify;\"><span style=\"color: #000000;\">Organizz\u00f2 su commissione dei grandi produttori di tabacco una spettacolare \u2013 e purtroppo efficacissima \u2013 campagna pubblicitaria per iniziare al fumo di sigaretta le donne.<\/span><\/p>\n<p style=\"text-align: justify;\"><span style=\"color: #000000;\">Fino agli anni \u201920 la percentuale di donne fumatrici era bassissima. Dietro parole d\u2019ordine di tipo progressista e femminista, Bernays riusc\u00ec a determinare un radicale cambiamento di stile di vita, portando al tabagismo milioni di donne. I profitti dei produttori di sigarette andarono alle stelle, a scapito della salute delle donne. Bernays sosteneva la necessit\u00e0 di una manipolazione \u201cscientifica\u201d dell\u2019opinione pubblica, per controllare il caos sociale e i conflitti della societ\u00e0.<\/span><\/p>\n<p style=\"text-align: justify;\"><span style=\"color: #000000;\"><img loading=\"lazy\" decoding=\"async\" class=\" wp-image-52305 alignright\" src=\"https:\/\/www.rassegnastampa-totustuus.it\/cattolica\/wp-content\/uploads\/2021\/08\/pecore_gregge-animali-300x169.jpg\" alt=\"\" width=\"385\" height=\"217\" srcset=\"https:\/\/www.rassegnastampa-totustuus.it\/cattolica\/wp-content\/uploads\/2021\/08\/pecore_gregge-animali-300x169.jpg 300w, https:\/\/www.rassegnastampa-totustuus.it\/cattolica\/wp-content\/uploads\/2021\/08\/pecore_gregge-animali-768x432.jpg 768w, https:\/\/www.rassegnastampa-totustuus.it\/cattolica\/wp-content\/uploads\/2021\/08\/pecore_gregge-animali-1024x576.jpg 1024w, https:\/\/www.rassegnastampa-totustuus.it\/cattolica\/wp-content\/uploads\/2021\/08\/pecore_gregge-animali.jpg 1280w\" sizes=\"auto, (max-width: 385px) 100vw, 385px\" \/>Questo per Bernays era assolutamente un bene in quanto solo in questo modo larga parte della popolazione avrebbe potuto \u201ccollaborare e cooperare\u201d in modo da rendere possibile il funzionamento ordinato della societ\u00e0. <\/span><\/p>\n<p style=\"text-align: justify;\"><span style=\"color: #000000;\">Ispirandosi a Freud, Bernays descriveva il pubblico come \u201cun gregge che ha bisogno di essere guidato\u201d e fu sempre fedele al principio che bisognava controllare le masse senza che queste lo sapessero. Infatti sosteneva: \u201cin quasi tutte le azioni della nostra vita, sia in ambito politico, o negli affari o nella nostra condotta sociale, o nel nostro pensiero morale, siamo dominati da un relativamente piccolo numero di persone che comprendono i processi mentali e i modelli di comportamento delle masse. Sono loro che tirano i fili che controllano la mente delle persone\u201d.<\/span><\/p>\n<p style=\"text-align: justify;\"><span style=\"color: #000000;\"><img loading=\"lazy\" decoding=\"async\" class=\" wp-image-31534 alignleft\" src=\"https:\/\/www.rassegnastampa-totustuus.it\/cattolica\/wp-content\/uploads\/2016\/03\/manipolazione_media.jpg\" alt=\"\" width=\"347\" height=\"228\" \/>Il vero potere dunque non \u00e8 nei parlamenti o nel popolo, a cui si assegna formalmente la sovranit\u00e0, ma in un ristretto gruppo di persone che dominano effettivamente, realmente, la societ\u00e0.<\/span><\/p>\n<p style=\"text-align: justify;\"><span style=\"color: #000000;\">Nel 1928 pubblic\u00f2 <em>Propaganda<\/em>, il suo libro pi\u00f9 celebre, in cui esponeva le sue teorie. La sua convinzione era che una manipolazione consapevole e intelligente delle opinioni e delle abitudini delle masse, svolge un ruolo importante in una societ\u00e0 democratica. Chi \u00e8 in grado di padroneggiare questo dispositivo di condizionamento sociale possono ritrovarsi un potere \u2013 che rimane invisibile \u2013 capace di dirigere una nazione: <em>\u201cColoro che hanno in mano questo meccanismo costituiscono il vero potere esecutivo del paese. Noi siamo dominati, la nostra mente plasmata, i nostri gusti formati, le nostre idee suggerite, da gente di cui non abbiamo mai sentito parlare. (\u2026) Sono loro che manovrano i fili\u2026\u201d<\/em> Bernays non fa mistero nel libro che occorre controllare le masse a loro insaputa, facendo leva sui desideri e le paure pi\u00f9 profonde, operando un\u2019ingegneria del consenso attraverso bugie e manipolazioni.<\/span><\/p>\n<p style=\"text-align: justify;\"><span style=\"color: #000000;\"><img loading=\"lazy\" decoding=\"async\" class=\"wp-image-55124 alignright\" src=\"https:\/\/www.rassegnastampa-totustuus.it\/cattolica\/wp-content\/uploads\/2022\/11\/Usa_america.jpg\" alt=\"\" width=\"334\" height=\"227\" \/>Bernays applic\u00f2 ancora una volta le sue teorie per obiettivi politici, collaborando alla macchina di propaganda bellica nella Seconda Guerra Mondiale. E ancora, negli anni \u201950, architettando un colpo di Stato in Guatemala ai danni di un presidente legittimamente eletto dal popolo. <\/span><\/p>\n<p style=\"text-align: justify;\"><span style=\"color: #000000;\">Il presidente Arbenz aveva promesso di liberare il Paese dal controllo della che da decenni sfruttava con la corruzione vaste piantagioni di banane nel paese Centroamericano. La Compagnia si rivolse a Bernays, il quale organizz\u00f2 una massiccia campagna mediatica ai danni del Guatemala, fatto passare per un regime comunista controllato da Mosca che minacciava gli interessi degli Stati Uniti.<\/span><\/p>\n<p style=\"text-align: justify;\"><span style=\"color: #000000;\"><img loading=\"lazy\" decoding=\"async\" class=\" wp-image-55125 alignleft\" src=\"https:\/\/www.rassegnastampa-totustuus.it\/cattolica\/wp-content\/uploads\/2022\/11\/Guatemala_Usa_golpe.jpg\" alt=\"\" width=\"328\" height=\"218\" \/>Bernays cre\u00f2 anche una finta agenzia di stampa indipendente, la \u201cMiddle America Information Bureau\u201d, la quale bombard\u00f2 il pubblico americano con la notizia che Mosca intendeva usare il Guatemala come testa di ponte per attaccare gli Stati Uniti. <\/span><\/p>\n<p style=\"text-align: justify;\"><span style=\"color: #000000;\">Tutto ci\u00f2 sort\u00ec l\u2019effetto desiderato: la CIA fu incaricata di organizzare un colpo di stato. In collaborazione con la United Fruit, la CIA addestr\u00f2 e arm\u00f2 un esercito di comattenti che semin\u00f2 il terrore nel Paese. Alla fine il presidente Arbenz fu costretto a lasciare il Guatemala sostituito da un nuovo capo di stato fantoccio di Washington. Fu l\u2019ultima grande impresa di Bernays, divenuto famoso come \u201cl\u2019uomo che capiva la psiche della folla\u201d.<\/span><\/p>\n<p style=\"text-align: justify;\"><span style=\"color: #000000;\">Ci\u00f2 che in realt\u00e0 Bernays invent\u00f2, e che ora trova nuove espressioni, ancora pi\u00f9 drammaticamente efficaci, sono state le tecnica di condizionare l\u2019opinione pubblica, di instillare idee e convinzioni, di nascondere la verit\u00e0, di diffondere sistematicamente la menzogna. Un\u2019opera che non si pu\u00f2 non definire sulfurea.<\/span><\/p>\n<p>_____________________________________<\/p>\n<p><strong>Leggi anche:<\/strong><\/p>\n<p><a href=\"https:\/\/www.rassegnastampa-totustuus.it\/cattolica\/manipolazione-delle-menti-quali-antidoti\/\" target=\"_blank\" rel=\"noopener\"><span style=\"color: #0000ff;\">Manipolazione delle menti, quali antidoti?<\/span><\/a><\/p>\n<p><a href=\"https:\/\/www.rassegnastampa-totustuus.it\/cattolica\/media-system-come-si-irretisce-il-lettore-ignaro\/\" target=\"_blank\" rel=\"noopener\"><span style=\"color: #0000ff;\">Media System: come si irretisce il lettore ignaro.<\/span><\/a><\/p>\n<p><a href=\"https:\/\/www.rassegnastampa-totustuus.it\/cattolica\/la-finestra-di-overton-ovvero-linganno-svelato\/\"><span style=\"color: #0000ff;\">La \u00abfinestra di Overton\u00bb, ovvero l\u2019inganno svelato<\/span><\/a><\/p>\n","protected":false},"excerpt":{"rendered":"<p>Abstract: l&#8217;uomo che ha aperto l&#8217;era del condizionamento di massa, il primo vero \u201cspin doctor\u201d capace di influenzare gusti, scelte, comportamenti, persino scelte politiche coniugando gli studi sulla psiche di Freud con la psicologia delle folle di\u00a0 Gustav Le Bon<\/p><p><a class=\"more-link btn\" href=\"https:\/\/www.rassegnastampa-totustuus.it\/cattolica\/luomo-che-ha-aperto-lera-del-condizionamento-di-massa\/\">Continua a leggere<\/a><\/p>\n","protected":false},"author":6,"featured_media":47566,"comment_status":"closed","ping_status":"closed","sticky":false,"template":"","format":"standard","meta":{"footnotes":""},"categories":[25,76,80],"tags":[2415,1684,472,237],"class_list":["post-55118","post","type-post","status-publish","format-standard","has-post-thumbnail","hentry","category-sguardo-sul-nostro-tempo","category-stati-uniti","category-totalitarismo","tag-manipolazione-del-pensiero","tag-propaganda","tag-pubblicita","tag-totalitarismo-2","item-wrap"],"yoast_head":"<!-- This site is optimized with the Yoast SEO plugin v27.5 - https:\/\/yoast.com\/product\/yoast-seo-wordpress\/ -->\n<title>L&#039;uomo che ha aperto l&#039;era del condizionamento di massa - Rassegna Stampa Cattolica<\/title>\n<meta name=\"description\" content=\"L&#039;uomo che ha aperto l&#039;era del condizionamento di massa il primo capace di influenzare gusti e persino scelte politiche.\" \/>\n<meta name=\"robots\" content=\"index, follow, max-snippet:-1, max-image-preview:large, max-video-preview:-1\" \/>\n<link rel=\"canonical\" href=\"https:\/\/www.rassegnastampa-totustuus.it\/cattolica\/luomo-che-ha-aperto-lera-del-condizionamento-di-massa\/\" \/>\n<meta property=\"og:locale\" content=\"it_IT\" \/>\n<meta property=\"og:type\" content=\"article\" \/>\n<meta property=\"og:title\" content=\"L&#039;uomo che ha aperto l&#039;era del condizionamento di massa - Rassegna Stampa Cattolica\" \/>\n<meta property=\"og:description\" content=\"L&#039;uomo che ha aperto l&#039;era del condizionamento di massa il primo capace di influenzare gusti e persino scelte politiche.\" \/>\n<meta property=\"og:url\" content=\"https:\/\/www.rassegnastampa-totustuus.it\/cattolica\/luomo-che-ha-aperto-lera-del-condizionamento-di-massa\/\" \/>\n<meta property=\"og:site_name\" content=\"Rassegna Stampa Cattolica\" \/>\n<meta property=\"article:publisher\" content=\"https:\/\/www.facebook.com\/rassegnastampacattolica\" \/>\n<meta property=\"article:published_time\" content=\"2022-11-23T23:00:06+00:00\" \/>\n<meta property=\"article:modified_time\" content=\"2024-02-10T14:52:43+00:00\" \/>\n<meta property=\"og:image\" content=\"https:\/\/www.rassegnastampa-totustuus.it\/cattolica\/wp-content\/uploads\/2020\/06\/manipolazione_mente_totalitarismo.jpg\" \/>\n\t<meta property=\"og:image:width\" content=\"1280\" \/>\n\t<meta property=\"og:image:height\" content=\"720\" \/>\n\t<meta property=\"og:image:type\" content=\"image\/jpeg\" \/>\n<meta name=\"author\" content=\"Redazione\" \/>\n<meta name=\"twitter:card\" content=\"summary_large_image\" \/>\n<meta name=\"twitter:creator\" content=\"@rassegnastampa9\" \/>\n<meta name=\"twitter:site\" content=\"@rassegnastampa9\" \/>\n<meta name=\"twitter:label1\" content=\"Scritto da\" \/>\n\t<meta name=\"twitter:data1\" content=\"Redazione\" \/>\n\t<meta name=\"twitter:label2\" content=\"Tempo di lettura stimato\" \/>\n\t<meta name=\"twitter:data2\" content=\"12 minuti\" \/>\n<script type=\"application\/ld+json\" class=\"yoast-schema-graph\">{\"@context\":\"https:\\\/\\\/schema.org\",\"@graph\":[{\"@type\":\"Article\",\"@id\":\"https:\\\/\\\/www.rassegnastampa-totustuus.it\\\/cattolica\\\/luomo-che-ha-aperto-lera-del-condizionamento-di-massa\\\/#article\",\"isPartOf\":{\"@id\":\"https:\\\/\\\/www.rassegnastampa-totustuus.it\\\/cattolica\\\/luomo-che-ha-aperto-lera-del-condizionamento-di-massa\\\/\"},\"author\":{\"name\":\"Redazione\",\"@id\":\"https:\\\/\\\/www.rassegnastampa-totustuus.it\\\/cattolica\\\/#\\\/schema\\\/person\\\/08f319d2bd1a0904ad9e2bfb7b15e5c3\"},\"headline\":\"L&#8217;uomo che ha aperto l&#8217;era del condizionamento di massa\",\"datePublished\":\"2022-11-23T23:00:06+00:00\",\"dateModified\":\"2024-02-10T14:52:43+00:00\",\"mainEntityOfPage\":{\"@id\":\"https:\\\/\\\/www.rassegnastampa-totustuus.it\\\/cattolica\\\/luomo-che-ha-aperto-lera-del-condizionamento-di-massa\\\/\"},\"wordCount\":1756,\"publisher\":{\"@id\":\"https:\\\/\\\/www.rassegnastampa-totustuus.it\\\/cattolica\\\/#organization\"},\"image\":{\"@id\":\"https:\\\/\\\/www.rassegnastampa-totustuus.it\\\/cattolica\\\/luomo-che-ha-aperto-lera-del-condizionamento-di-massa\\\/#primaryimage\"},\"thumbnailUrl\":\"https:\\\/\\\/www.rassegnastampa-totustuus.it\\\/cattolica\\\/wp-content\\\/uploads\\\/2020\\\/06\\\/manipolazione_mente_totalitarismo.jpg\",\"keywords\":[\"manipolazione del pensiero\",\"propaganda\",\"pubblicit\u00e0\",\"totalitarismo\"],\"articleSection\":[\"Sguardo sul nostro tempo\",\"Stati Uniti\",\"Totalitarismo\"],\"inLanguage\":\"it-IT\"},{\"@type\":\"WebPage\",\"@id\":\"https:\\\/\\\/www.rassegnastampa-totustuus.it\\\/cattolica\\\/luomo-che-ha-aperto-lera-del-condizionamento-di-massa\\\/\",\"url\":\"https:\\\/\\\/www.rassegnastampa-totustuus.it\\\/cattolica\\\/luomo-che-ha-aperto-lera-del-condizionamento-di-massa\\\/\",\"name\":\"L'uomo che ha aperto l'era del condizionamento di massa - Rassegna Stampa Cattolica\",\"isPartOf\":{\"@id\":\"https:\\\/\\\/www.rassegnastampa-totustuus.it\\\/cattolica\\\/#website\"},\"primaryImageOfPage\":{\"@id\":\"https:\\\/\\\/www.rassegnastampa-totustuus.it\\\/cattolica\\\/luomo-che-ha-aperto-lera-del-condizionamento-di-massa\\\/#primaryimage\"},\"image\":{\"@id\":\"https:\\\/\\\/www.rassegnastampa-totustuus.it\\\/cattolica\\\/luomo-che-ha-aperto-lera-del-condizionamento-di-massa\\\/#primaryimage\"},\"thumbnailUrl\":\"https:\\\/\\\/www.rassegnastampa-totustuus.it\\\/cattolica\\\/wp-content\\\/uploads\\\/2020\\\/06\\\/manipolazione_mente_totalitarismo.jpg\",\"datePublished\":\"2022-11-23T23:00:06+00:00\",\"dateModified\":\"2024-02-10T14:52:43+00:00\",\"description\":\"L'uomo che ha aperto l'era del condizionamento di massa il primo capace di influenzare gusti e persino scelte politiche.\",\"breadcrumb\":{\"@id\":\"https:\\\/\\\/www.rassegnastampa-totustuus.it\\\/cattolica\\\/luomo-che-ha-aperto-lera-del-condizionamento-di-massa\\\/#breadcrumb\"},\"inLanguage\":\"it-IT\",\"potentialAction\":[{\"@type\":\"ReadAction\",\"target\":[\"https:\\\/\\\/www.rassegnastampa-totustuus.it\\\/cattolica\\\/luomo-che-ha-aperto-lera-del-condizionamento-di-massa\\\/\"]}]},{\"@type\":\"ImageObject\",\"inLanguage\":\"it-IT\",\"@id\":\"https:\\\/\\\/www.rassegnastampa-totustuus.it\\\/cattolica\\\/luomo-che-ha-aperto-lera-del-condizionamento-di-massa\\\/#primaryimage\",\"url\":\"https:\\\/\\\/www.rassegnastampa-totustuus.it\\\/cattolica\\\/wp-content\\\/uploads\\\/2020\\\/06\\\/manipolazione_mente_totalitarismo.jpg\",\"contentUrl\":\"https:\\\/\\\/www.rassegnastampa-totustuus.it\\\/cattolica\\\/wp-content\\\/uploads\\\/2020\\\/06\\\/manipolazione_mente_totalitarismo.jpg\",\"width\":1280,\"height\":720},{\"@type\":\"BreadcrumbList\",\"@id\":\"https:\\\/\\\/www.rassegnastampa-totustuus.it\\\/cattolica\\\/luomo-che-ha-aperto-lera-del-condizionamento-di-massa\\\/#breadcrumb\",\"itemListElement\":[{\"@type\":\"ListItem\",\"position\":1,\"name\":\"Home\",\"item\":\"https:\\\/\\\/www.rassegnastampa-totustuus.it\\\/cattolica\\\/\"},{\"@type\":\"ListItem\",\"position\":2,\"name\":\"L&#8217;uomo che ha aperto l&#8217;era del condizionamento di massa\"}]},{\"@type\":\"WebSite\",\"@id\":\"https:\\\/\\\/www.rassegnastampa-totustuus.it\\\/cattolica\\\/#website\",\"url\":\"https:\\\/\\\/www.rassegnastampa-totustuus.it\\\/cattolica\\\/\",\"name\":\"Rassegna Stampa Cattolica\",\"description\":\"Per una cultura che nasce dalla Rivelazione cristiana in conformit\u00e0 alla tradizione e al Magistero della Chiesa in opposizione ad ogni relativismo e totalitarismo\",\"publisher\":{\"@id\":\"https:\\\/\\\/www.rassegnastampa-totustuus.it\\\/cattolica\\\/#organization\"},\"alternateName\":\"Rass. Cattolica\",\"potentialAction\":[{\"@type\":\"SearchAction\",\"target\":{\"@type\":\"EntryPoint\",\"urlTemplate\":\"https:\\\/\\\/www.rassegnastampa-totustuus.it\\\/cattolica\\\/?s={search_term_string}\"},\"query-input\":{\"@type\":\"PropertyValueSpecification\",\"valueRequired\":true,\"valueName\":\"search_term_string\"}}],\"inLanguage\":\"it-IT\"},{\"@type\":\"Organization\",\"@id\":\"https:\\\/\\\/www.rassegnastampa-totustuus.it\\\/cattolica\\\/#organization\",\"name\":\"Rassegna Stampa Cattolica\",\"url\":\"https:\\\/\\\/www.rassegnastampa-totustuus.it\\\/cattolica\\\/\",\"logo\":{\"@type\":\"ImageObject\",\"inLanguage\":\"it-IT\",\"@id\":\"https:\\\/\\\/www.rassegnastampa-totustuus.it\\\/cattolica\\\/#\\\/schema\\\/logo\\\/image\\\/\",\"url\":\"https:\\\/\\\/www.rassegnastampa-totustuus.it\\\/cattolica\\\/wp-content\\\/uploads\\\/2014\\\/04\\\/logo-rassegna1.gif\",\"contentUrl\":\"https:\\\/\\\/www.rassegnastampa-totustuus.it\\\/cattolica\\\/wp-content\\\/uploads\\\/2014\\\/04\\\/logo-rassegna1.gif\",\"width\":600,\"height\":163,\"caption\":\"Rassegna Stampa Cattolica\"},\"image\":{\"@id\":\"https:\\\/\\\/www.rassegnastampa-totustuus.it\\\/cattolica\\\/#\\\/schema\\\/logo\\\/image\\\/\"},\"sameAs\":[\"https:\\\/\\\/www.facebook.com\\\/rassegnastampacattolica\",\"https:\\\/\\\/x.com\\\/rassegnastampa9\"]},{\"@type\":\"Person\",\"@id\":\"https:\\\/\\\/www.rassegnastampa-totustuus.it\\\/cattolica\\\/#\\\/schema\\\/person\\\/08f319d2bd1a0904ad9e2bfb7b15e5c3\",\"name\":\"Redazione\",\"image\":{\"@type\":\"ImageObject\",\"inLanguage\":\"it-IT\",\"@id\":\"https:\\\/\\\/secure.gravatar.com\\\/avatar\\\/2fcdf27c78ea025fbdb44e914cc63c72249ffec9dc8aafd5c82b26240ef3f346?s=96&d=mm&r=g\",\"url\":\"https:\\\/\\\/secure.gravatar.com\\\/avatar\\\/2fcdf27c78ea025fbdb44e914cc63c72249ffec9dc8aafd5c82b26240ef3f346?s=96&d=mm&r=g\",\"contentUrl\":\"https:\\\/\\\/secure.gravatar.com\\\/avatar\\\/2fcdf27c78ea025fbdb44e914cc63c72249ffec9dc8aafd5c82b26240ef3f346?s=96&d=mm&r=g\",\"caption\":\"Redazione\"},\"url\":\"https:\\\/\\\/www.rassegnastampa-totustuus.it\\\/cattolica\\\/author\\\/pietroelle\\\/\"}]}<\/script>\n<!-- \/ Yoast SEO plugin. -->","yoast_head_json":{"title":"L'uomo che ha aperto l'era del condizionamento di massa - Rassegna Stampa Cattolica","description":"L'uomo che ha aperto l'era del condizionamento di massa il primo capace di influenzare gusti e persino scelte politiche.","robots":{"index":"index","follow":"follow","max-snippet":"max-snippet:-1","max-image-preview":"max-image-preview:large","max-video-preview":"max-video-preview:-1"},"canonical":"https:\/\/www.rassegnastampa-totustuus.it\/cattolica\/luomo-che-ha-aperto-lera-del-condizionamento-di-massa\/","og_locale":"it_IT","og_type":"article","og_title":"L'uomo che ha aperto l'era del condizionamento di massa - Rassegna Stampa Cattolica","og_description":"L'uomo che ha aperto l'era del condizionamento di massa il primo capace di influenzare gusti e persino scelte politiche.","og_url":"https:\/\/www.rassegnastampa-totustuus.it\/cattolica\/luomo-che-ha-aperto-lera-del-condizionamento-di-massa\/","og_site_name":"Rassegna Stampa Cattolica","article_publisher":"https:\/\/www.facebook.com\/rassegnastampacattolica","article_published_time":"2022-11-23T23:00:06+00:00","article_modified_time":"2024-02-10T14:52:43+00:00","og_image":[{"width":1280,"height":720,"url":"https:\/\/www.rassegnastampa-totustuus.it\/cattolica\/wp-content\/uploads\/2020\/06\/manipolazione_mente_totalitarismo.jpg","type":"image\/jpeg"}],"author":"Redazione","twitter_card":"summary_large_image","twitter_creator":"@rassegnastampa9","twitter_site":"@rassegnastampa9","twitter_misc":{"Scritto da":"Redazione","Tempo di lettura stimato":"12 minuti"},"schema":{"@context":"https:\/\/schema.org","@graph":[{"@type":"Article","@id":"https:\/\/www.rassegnastampa-totustuus.it\/cattolica\/luomo-che-ha-aperto-lera-del-condizionamento-di-massa\/#article","isPartOf":{"@id":"https:\/\/www.rassegnastampa-totustuus.it\/cattolica\/luomo-che-ha-aperto-lera-del-condizionamento-di-massa\/"},"author":{"name":"Redazione","@id":"https:\/\/www.rassegnastampa-totustuus.it\/cattolica\/#\/schema\/person\/08f319d2bd1a0904ad9e2bfb7b15e5c3"},"headline":"L&#8217;uomo che ha aperto l&#8217;era del condizionamento di massa","datePublished":"2022-11-23T23:00:06+00:00","dateModified":"2024-02-10T14:52:43+00:00","mainEntityOfPage":{"@id":"https:\/\/www.rassegnastampa-totustuus.it\/cattolica\/luomo-che-ha-aperto-lera-del-condizionamento-di-massa\/"},"wordCount":1756,"publisher":{"@id":"https:\/\/www.rassegnastampa-totustuus.it\/cattolica\/#organization"},"image":{"@id":"https:\/\/www.rassegnastampa-totustuus.it\/cattolica\/luomo-che-ha-aperto-lera-del-condizionamento-di-massa\/#primaryimage"},"thumbnailUrl":"https:\/\/www.rassegnastampa-totustuus.it\/cattolica\/wp-content\/uploads\/2020\/06\/manipolazione_mente_totalitarismo.jpg","keywords":["manipolazione del pensiero","propaganda","pubblicit\u00e0","totalitarismo"],"articleSection":["Sguardo sul nostro tempo","Stati Uniti","Totalitarismo"],"inLanguage":"it-IT"},{"@type":"WebPage","@id":"https:\/\/www.rassegnastampa-totustuus.it\/cattolica\/luomo-che-ha-aperto-lera-del-condizionamento-di-massa\/","url":"https:\/\/www.rassegnastampa-totustuus.it\/cattolica\/luomo-che-ha-aperto-lera-del-condizionamento-di-massa\/","name":"L'uomo che ha aperto l'era del condizionamento di massa - Rassegna Stampa Cattolica","isPartOf":{"@id":"https:\/\/www.rassegnastampa-totustuus.it\/cattolica\/#website"},"primaryImageOfPage":{"@id":"https:\/\/www.rassegnastampa-totustuus.it\/cattolica\/luomo-che-ha-aperto-lera-del-condizionamento-di-massa\/#primaryimage"},"image":{"@id":"https:\/\/www.rassegnastampa-totustuus.it\/cattolica\/luomo-che-ha-aperto-lera-del-condizionamento-di-massa\/#primaryimage"},"thumbnailUrl":"https:\/\/www.rassegnastampa-totustuus.it\/cattolica\/wp-content\/uploads\/2020\/06\/manipolazione_mente_totalitarismo.jpg","datePublished":"2022-11-23T23:00:06+00:00","dateModified":"2024-02-10T14:52:43+00:00","description":"L'uomo che ha aperto l'era del condizionamento di massa il primo capace di influenzare gusti e persino scelte politiche.","breadcrumb":{"@id":"https:\/\/www.rassegnastampa-totustuus.it\/cattolica\/luomo-che-ha-aperto-lera-del-condizionamento-di-massa\/#breadcrumb"},"inLanguage":"it-IT","potentialAction":[{"@type":"ReadAction","target":["https:\/\/www.rassegnastampa-totustuus.it\/cattolica\/luomo-che-ha-aperto-lera-del-condizionamento-di-massa\/"]}]},{"@type":"ImageObject","inLanguage":"it-IT","@id":"https:\/\/www.rassegnastampa-totustuus.it\/cattolica\/luomo-che-ha-aperto-lera-del-condizionamento-di-massa\/#primaryimage","url":"https:\/\/www.rassegnastampa-totustuus.it\/cattolica\/wp-content\/uploads\/2020\/06\/manipolazione_mente_totalitarismo.jpg","contentUrl":"https:\/\/www.rassegnastampa-totustuus.it\/cattolica\/wp-content\/uploads\/2020\/06\/manipolazione_mente_totalitarismo.jpg","width":1280,"height":720},{"@type":"BreadcrumbList","@id":"https:\/\/www.rassegnastampa-totustuus.it\/cattolica\/luomo-che-ha-aperto-lera-del-condizionamento-di-massa\/#breadcrumb","itemListElement":[{"@type":"ListItem","position":1,"name":"Home","item":"https:\/\/www.rassegnastampa-totustuus.it\/cattolica\/"},{"@type":"ListItem","position":2,"name":"L&#8217;uomo che ha aperto l&#8217;era del condizionamento di massa"}]},{"@type":"WebSite","@id":"https:\/\/www.rassegnastampa-totustuus.it\/cattolica\/#website","url":"https:\/\/www.rassegnastampa-totustuus.it\/cattolica\/","name":"Rassegna Stampa Cattolica","description":"Per una cultura che nasce dalla Rivelazione cristiana in conformit\u00e0 alla tradizione e al Magistero della Chiesa in opposizione ad ogni relativismo e totalitarismo","publisher":{"@id":"https:\/\/www.rassegnastampa-totustuus.it\/cattolica\/#organization"},"alternateName":"Rass. Cattolica","potentialAction":[{"@type":"SearchAction","target":{"@type":"EntryPoint","urlTemplate":"https:\/\/www.rassegnastampa-totustuus.it\/cattolica\/?s={search_term_string}"},"query-input":{"@type":"PropertyValueSpecification","valueRequired":true,"valueName":"search_term_string"}}],"inLanguage":"it-IT"},{"@type":"Organization","@id":"https:\/\/www.rassegnastampa-totustuus.it\/cattolica\/#organization","name":"Rassegna Stampa Cattolica","url":"https:\/\/www.rassegnastampa-totustuus.it\/cattolica\/","logo":{"@type":"ImageObject","inLanguage":"it-IT","@id":"https:\/\/www.rassegnastampa-totustuus.it\/cattolica\/#\/schema\/logo\/image\/","url":"https:\/\/www.rassegnastampa-totustuus.it\/cattolica\/wp-content\/uploads\/2014\/04\/logo-rassegna1.gif","contentUrl":"https:\/\/www.rassegnastampa-totustuus.it\/cattolica\/wp-content\/uploads\/2014\/04\/logo-rassegna1.gif","width":600,"height":163,"caption":"Rassegna Stampa Cattolica"},"image":{"@id":"https:\/\/www.rassegnastampa-totustuus.it\/cattolica\/#\/schema\/logo\/image\/"},"sameAs":["https:\/\/www.facebook.com\/rassegnastampacattolica","https:\/\/x.com\/rassegnastampa9"]},{"@type":"Person","@id":"https:\/\/www.rassegnastampa-totustuus.it\/cattolica\/#\/schema\/person\/08f319d2bd1a0904ad9e2bfb7b15e5c3","name":"Redazione","image":{"@type":"ImageObject","inLanguage":"it-IT","@id":"https:\/\/secure.gravatar.com\/avatar\/2fcdf27c78ea025fbdb44e914cc63c72249ffec9dc8aafd5c82b26240ef3f346?s=96&d=mm&r=g","url":"https:\/\/secure.gravatar.com\/avatar\/2fcdf27c78ea025fbdb44e914cc63c72249ffec9dc8aafd5c82b26240ef3f346?s=96&d=mm&r=g","contentUrl":"https:\/\/secure.gravatar.com\/avatar\/2fcdf27c78ea025fbdb44e914cc63c72249ffec9dc8aafd5c82b26240ef3f346?s=96&d=mm&r=g","caption":"Redazione"},"url":"https:\/\/www.rassegnastampa-totustuus.it\/cattolica\/author\/pietroelle\/"}]}},"_links":{"self":[{"href":"https:\/\/www.rassegnastampa-totustuus.it\/cattolica\/wp-json\/wp\/v2\/posts\/55118","targetHints":{"allow":["GET"]}}],"collection":[{"href":"https:\/\/www.rassegnastampa-totustuus.it\/cattolica\/wp-json\/wp\/v2\/posts"}],"about":[{"href":"https:\/\/www.rassegnastampa-totustuus.it\/cattolica\/wp-json\/wp\/v2\/types\/post"}],"author":[{"embeddable":true,"href":"https:\/\/www.rassegnastampa-totustuus.it\/cattolica\/wp-json\/wp\/v2\/users\/6"}],"replies":[{"embeddable":true,"href":"https:\/\/www.rassegnastampa-totustuus.it\/cattolica\/wp-json\/wp\/v2\/comments?post=55118"}],"version-history":[{"count":4,"href":"https:\/\/www.rassegnastampa-totustuus.it\/cattolica\/wp-json\/wp\/v2\/posts\/55118\/revisions"}],"predecessor-version":[{"id":59557,"href":"https:\/\/www.rassegnastampa-totustuus.it\/cattolica\/wp-json\/wp\/v2\/posts\/55118\/revisions\/59557"}],"wp:featuredmedia":[{"embeddable":true,"href":"https:\/\/www.rassegnastampa-totustuus.it\/cattolica\/wp-json\/wp\/v2\/media\/47566"}],"wp:attachment":[{"href":"https:\/\/www.rassegnastampa-totustuus.it\/cattolica\/wp-json\/wp\/v2\/media?parent=55118"}],"wp:term":[{"taxonomy":"category","embeddable":true,"href":"https:\/\/www.rassegnastampa-totustuus.it\/cattolica\/wp-json\/wp\/v2\/categories?post=55118"},{"taxonomy":"post_tag","embeddable":true,"href":"https:\/\/www.rassegnastampa-totustuus.it\/cattolica\/wp-json\/wp\/v2\/tags?post=55118"}],"curies":[{"name":"wp","href":"https:\/\/api.w.org\/{rel}","templated":true}]}}