{"id":55107,"date":"2022-11-24T00:00:34","date_gmt":"2022-11-23T23:00:34","guid":{"rendered":"http:\/\/www.rassegnastampa-totustuus.it\/cattolica\/?p=55107"},"modified":"2024-02-10T14:50:35","modified_gmt":"2024-02-10T13:50:35","slug":"come-e-cambiato-luomo-sinistro","status":"publish","type":"post","link":"https:\/\/www.rassegnastampa-totustuus.it\/cattolica\/come-e-cambiato-luomo-sinistro\/","title":{"rendered":"Come \u00e8 cambiato l&#8217;uomo sinistro"},"content":{"rendered":"<p style=\"text-align: center;\"><img loading=\"lazy\" decoding=\"async\" class=\"wp-image-55108 alignleft\" src=\"https:\/\/www.rassegnastampa-totustuus.it\/cattolica\/wp-content\/uploads\/2022\/11\/sinistra_radical_chic-300x99.jpg\" alt=\"\" width=\"377\" height=\"124\" srcset=\"https:\/\/www.rassegnastampa-totustuus.it\/cattolica\/wp-content\/uploads\/2022\/11\/sinistra_radical_chic-300x99.jpg 300w, https:\/\/www.rassegnastampa-totustuus.it\/cattolica\/wp-content\/uploads\/2022\/11\/sinistra_radical_chic.jpg 389w\" sizes=\"auto, (max-width: 377px) 100vw, 377px\" \/><\/p>\n<p style=\"text-align: justify;\"><strong>Abstract <\/strong><span style=\"color: #000000;\"><em>come \u00e8 cambiato l&#8217;uomo sinistro dell\u2019elaborazione del lutto per il fallimento storico del marxismo da parte dei sostenitori della lotta di classe, rimasti orfani tanto del proletariato, \u00a0da parte dei sostenitori della lotta di classe, rimasti orfani tanto del proletariato, <\/em><\/span><\/p>\n<p><!--more--><\/p>\n<p style=\"text-align: center;\">Dal blog di <span style=\"color: #0000ff;\"><a style=\"color: #0000ff;\" href=\"https:\/\/www.aldomariavalli.it\/\" target=\"_blank\" rel=\"noopener\"><strong>Aldo Maria Valli<\/strong><\/a><\/span><\/p>\n<h3 style=\"text-align: center;\"><span style=\"color: #000000;\"><strong>L\u2019Uomo \u201csinistro\u201d \u00e8 cambiato cos\u00ec.<\/strong><\/span><\/h3>\n<p style=\"text-align: center;\"><span style=\"color: #000000;\"><em>Da Macron a Saviano, da Trudeau alla Boldrini<\/em><\/span><\/p>\n<p style=\"text-align: center;\">di <strong>Davide Lovat<\/strong><\/p>\n<p style=\"text-align: justify;\"><img loading=\"lazy\" decoding=\"async\" class=\" wp-image-55109 alignleft\" src=\"https:\/\/www.rassegnastampa-totustuus.it\/cattolica\/wp-content\/uploads\/2022\/11\/sinistra_radical_chic-1.jpg\" alt=\"\" width=\"318\" height=\"185\" \/>C<span style=\"color: #000000;\">\u2019\u00e8 un termine coniato dai cinesi per definire il tipico elettore di Sinistra del mondo occidentale: <em>baizuo<\/em> (letteralmente significa: \u201cSinistra dei bianchi\u201d).<\/span><\/p>\n<p style=\"text-align: justify;\"><span style=\"color: #000000;\">Il termine \u00e8 in parte dispregiativo e in parte sarcastico, ma particolarmente utile come neologismo che potremmo recepire anche noi, perch\u00e9 d\u00e0 un nome preciso a una categoria sociale che nella nostra lingua ancora non ce l\u2019ha. Infatti, nel linguaggio comune, gli elettori di Sinistra vengono ancora chiamati da tutti gli altri \u201ccomunisti\u201d, come quando aderivano collettivamente al marxismo e alla lotta proletaria, ma \u00e8 un retaggio linguistico assolutamente sorpassato e inadeguato.<\/span><\/p>\n<p style=\"text-align: justify;\"><img loading=\"lazy\" decoding=\"async\" class=\" wp-image-13062 alignright\" src=\"https:\/\/www.rassegnastampa-totustuus.it\/cattolica\/wp-content\/uploads\/2014\/11\/Unit\u00e0_Muro.jpg\" alt=\"\" width=\"319\" height=\"259\" \/><span style=\"color: #000000;\">Il <em>baizuo<\/em> \u00e8 il risultato storico sociale dell\u2019elaborazione del lutto per il fallimento storico del marxismo da parte dei sostenitori della lotta di classe, rimasti orfani tanto del proletariato, che si \u00e8 fuso con la piccola e media borghesia in tutto l\u2019Occidente, quanto del blocco comunista contrapposto a quello capitalista, poich\u00e9 l\u2019Urss \u00e8 implosa e la Cina ha convertito il suo sistema economico produttivo alla logica del mercato, pur mantenendo il dirigismo monopartitico a fondare il suo sistema politico. Pertanto, per continuare a \u201cessere contro\u201d, che \u00e8 poi la sua condizione esistenziale, il <em>baizuo<\/em> ha dovuto reinventarsi. <\/span><\/p>\n<p style=\"text-align: justify;\"><span style=\"color: #000000;\">Ma \u201cessere contro\u201d a che cosa? Semplicemente essere contro quello che ha sempre combattuto: la civilt\u00e0 cristiana e i suoi valori.<\/span><\/p>\n<p style=\"text-align: justify;\"><img loading=\"lazy\" decoding=\"async\" class=\"size-full wp-image-43108 alignleft\" src=\"https:\/\/www.rassegnastampa-totustuus.it\/cattolica\/wp-content\/uploads\/2019\/05\/ambientalismo_Greta.jpg\" alt=\"\" width=\"275\" height=\"183\" \/><span style=\"color: #000000;\">Il <em>baizuo<\/em> \u00e8 post-marxista e ha sostituito la difesa del proletariato e la lotta di classe con la difesa delle minoranze e la destrutturazione dell\u2019umano. Infatti, i temi su cui fonda la sua militanza ideologica sono: l\u2019ambientalismo radicale ateo, che considera l\u2019essere umano come il cancro del pianeta e attribuisce all\u2019attivit\u00e0 umana la colpa delle variazioni metereologiche o climatiche; il femminismo pi\u00f9 divisivo che punta alla <img loading=\"lazy\" decoding=\"async\" class=\"size-medium wp-image-43167 alignright\" src=\"https:\/\/www.rassegnastampa-totustuus.it\/cattolica\/wp-content\/uploads\/2019\/06\/femminismo_femen-300x168.jpg\" alt=\"\" width=\"300\" height=\"168\" srcset=\"https:\/\/www.rassegnastampa-totustuus.it\/cattolica\/wp-content\/uploads\/2019\/06\/femminismo_femen-300x168.jpg 300w, https:\/\/www.rassegnastampa-totustuus.it\/cattolica\/wp-content\/uploads\/2019\/06\/femminismo_femen-768x431.jpg 768w, https:\/\/www.rassegnastampa-totustuus.it\/cattolica\/wp-content\/uploads\/2019\/06\/femminismo_femen-1024x574.jpg 1024w, https:\/\/www.rassegnastampa-totustuus.it\/cattolica\/wp-content\/uploads\/2019\/06\/femminismo_femen.jpg 1300w\" sizes=\"auto, (max-width: 300px) 100vw, 300px\" \/>\u201cguerra tra i sessi\u201d e nega la specificit\u00e0 dei generi maschile e femminile e la loro complementariet\u00e0 virtuosa; il migrazionismo pi\u00f9 spinto per ottenere l\u2019abolizione delle frontiere e la cittadinanza per <em>ius soli<\/em>, in sostituzione del vecchio internazionalismo comunista; l\u2019esaltazione dell\u2019ideologia del gender che crea dozzine di nuove categorie dell\u2019umano, nuove minoranze da promuovere a discapito della famiglia naturale fondata sul matrimonio tra uomo e donna; il volontarismo pi\u00f9 intransigente, per imporre un modello sociale nel quale la cultura <img loading=\"lazy\" decoding=\"async\" class=\"size-medium wp-image-49310 alignleft\" src=\"https:\/\/www.rassegnastampa-totustuus.it\/cattolica\/wp-content\/uploads\/2020\/11\/amosessuali_gay_gender-300x150.jpg\" alt=\"\" width=\"300\" height=\"150\" srcset=\"https:\/\/www.rassegnastampa-totustuus.it\/cattolica\/wp-content\/uploads\/2020\/11\/amosessuali_gay_gender-300x150.jpg 300w, https:\/\/www.rassegnastampa-totustuus.it\/cattolica\/wp-content\/uploads\/2020\/11\/amosessuali_gay_gender.jpg 318w\" sizes=\"auto, (max-width: 300px) 100vw, 300px\" \/>prescinda dalla Natura e sia essa sola a fondare i paradigmi della societ\u00e0; la normalizzazione delle devianze, dal consumo di droghe alle pratiche che ogni civilt\u00e0 di ogni epoca ha definito perversioni (sodomia, pedofilia, zoofilia, coprofagia e chiss\u00e0 cos\u2019altro); la regolamentazione statale delle funzioni vitali, ovvero la riproduzione (fecondazione artificiale, gestazione surrogata, aborto), l\u2019alimentazione (cibi consigliati e cibi sconsigliati, in <img loading=\"lazy\" decoding=\"async\" class=\" wp-image-41163 alignright\" src=\"https:\/\/www.rassegnastampa-totustuus.it\/cattolica\/wp-content\/uploads\/2018\/09\/immigrazione.jpg\" alt=\"\" width=\"322\" height=\"214\" \/>attesa di farli diventare consentiti e proibiti), la salute (vaccinazioni di massa ripetute e sempre pi\u00f9 spesso obbligatorie) la morte (eutanasia, che evolve sempre pi\u00f9 verso forme di omicidio del consenziente, in vista delle soppressioni programmate a condizioni prestabilite che \u00e8 il naturale approdo di questo processo); il controllo sociale attraverso la tecnologia; l\u2019educazione e l\u2019istruzione da sottrarre alle famiglie per consegnare i figli allo Stato fin dalla pi\u00f9 tenera et\u00e0.<\/span><\/p>\n<p style=\"text-align: justify;\"><img loading=\"lazy\" decoding=\"async\" class=\" wp-image-54987 alignleft\" src=\"https:\/\/www.rassegnastampa-totustuus.it\/cattolica\/wp-content\/uploads\/2022\/10\/antifa_manifestazione_sinistra.jpg\" alt=\"\" width=\"296\" height=\"197\" \/>Il <em>baizuo<\/em> si distingue dai comunisti perch\u00e9 non pratica pi\u00f9 la dialettica, il dibattito, la contestazione polemica che prevedeva comunque un interlocutore da sconfiggere.<\/p>\n<p style=\"text-align: justify;\">Al <em>baizuo<\/em> basta avere un nemico da bollare come fascista, categoria che oggi racchiude chiunque non aderisca all\u2019ideologia \u201cmondialista\u201d che \u00e8 il modo con cui possiamo definire l\u2019insieme delle convinzioni del militante di Sinistra, e tra poco vedremo perch\u00e9.<\/p>\n<p style=\"text-align: justify;\">Dunque \u201cfascista\u201d \u00e8 il cattolico che ancora crede nei valori millenari del cristianesimo, nonostante il clero e i suoi vertici sembrino anch\u2019essi dei <em>baizuo<\/em>, \u201cfascista\u201d \u00e8 il liberale classico, \u201cfascista\u201d \u00e8 il conservatore laico moderato, <img loading=\"lazy\" decoding=\"async\" class=\" wp-image-27141 alignright\" src=\"https:\/\/www.rassegnastampa-totustuus.it\/cattolica\/wp-content\/uploads\/2011\/09\/neonazi.jpg\" alt=\"\" width=\"298\" height=\"198\" \/>\u201cfascista\u201d \u00e8 pure il qualunquista disinteressato se osa rifiutarsi di cantare <em>Bella ciao<\/em>.<\/p>\n<p style=\"text-align: justify;\">Ovviamente \u201cfascista\u201d \u00e8 anche quella testa, vuota dentro e rasata fuori, che ancora crede, dopo tutto quel che \u00e8 successo, agli errori del fascismo e del nazionalsocialismo, ma il numero di queste teste \u00e8 irrilevante e la loro esistenza serve solo al <em>baizuo<\/em> per convincersi che bisogna dare tutto per combattere il \u201cconcreto pericolo fascista\u201d.<\/p>\n<p style=\"text-align: justify;\">Da un punto di vista filosofico, l\u2019ideologia di Sinistra \u00e8 un misto fra il liberal-progressismo americano e lo strutturalismo francese, entrambe correnti di pensiero sviluppatesi dopo il 1968. Dunque il <em>baizuo<\/em>, con la sua ossessione per il <em>politically correct<\/em> \u2013ovvero quello che pensa lui\u2013 \u00e8 il frutto maturo del Sessantotto ed \u00e8 lo strumento perfetto nelle mani dell\u2019\u00e9lite finanziaria apolide che domina l\u2019Occidente per promuovere il suo piano di conquista del mondo, piano che richiede la creazione di un Nuovo Ordine Mondiale basato sulle regole (New Rules Based Global Order) e richiede anche l\u2019Uomo Nuovo come ogni totalitarismo del passato, ed \u00e8 qui il punto cruciale.<\/p>\n<p style=\"text-align: justify;\"><img loading=\"lazy\" decoding=\"async\" class=\"size-full wp-image-50478 alignleft\" src=\"https:\/\/www.rassegnastampa-totustuus.it\/cattolica\/wp-content\/uploads\/2021\/04\/cancel_culture_Usa.png\" alt=\"\" width=\"184\" height=\"275\" \/>Per fare l\u2019Uomo Nuovo della teorizzata Repubblica Mondiale, bisogna eliminare le culture tradizionali (<em>cancel culture<\/em>), fondere le religioni in una \u201creligione di pace\u201d (a-dogmatismo sincretistico di chiaro stampo massonico), bisogna trasformare le democrazie in tecnocrazie guidate da \u201cesperti\u201d cooptati dall\u2019alto (dominio di Scienza, Economia e Tecnica sulla Politica e sull\u2019Etica) e bisogna plasmare l\u2019essere umano in maniera da renderlo simbiotico col Sistema e dipendente da esso, ovvero bisogna promuovere il Transumanesimo.<\/p>\n<p style=\"text-align: justify;\">Ecco, qui ci fermiamo con un\u2019ultima considerazione: il <em>baizuo<\/em> \u00e8 il perfetto servo idiota dell\u2019ideologia mondialista promossa dai potenti oligarchi della Finanza, strumento consenziente della deriva antropologica prodotta dal nichilismo e dall\u2019ateismo materialista nella societ\u00e0 dei consumi.<\/p>\n<p style=\"text-align: justify;\"><img loading=\"lazy\" decoding=\"async\" class=\"size-full wp-image-55110 alignright\" src=\"https:\/\/www.rassegnastampa-totustuus.it\/cattolica\/wp-content\/uploads\/2022\/11\/Renzi_sinistra_cattocomunismo.jpg\" alt=\"\" width=\"279\" height=\"181\" \/>Se non costituisse un pericolo mortale per l\u2019umanit\u00e0 che rischia di perdere se stessa, il termine <em>baizuo<\/em> potrebbe venire tradotto nel mio bonario idioma veneto con la parola <em>ba\u00f9co<\/em> che sta per \u201ctontolone\u201d o, al peggio, per \u201cfrescone\u201d. \u00f9<\/p>\n<p style=\"text-align: justify;\">Purtroppo non c\u2019\u00e8 da scherzare, perch\u00e9 le forze politiche di Sinistra sono alimentate e sostenute massicciamente dal potere economico e finanziario, mentre la gente comune ancora li chiama \u201ccomunisti\u201d senza aver la minima comprensione della mutazione avvenuta e della tremenda minaccia che incombe sull\u2019umanit\u00e0 per tramite di questi <em>baizuo<\/em>.<\/p>\n","protected":false},"excerpt":{"rendered":"<p>Abstract come \u00e8 cambiato l&#8217;uomo sinistro dell\u2019elaborazione del lutto per il fallimento storico del marxismo da parte dei sostenitori della lotta di classe, rimasti orfani tanto del proletariato, \u00a0da parte dei sostenitori della lotta di classe, rimasti orfani tanto del proletariato,<\/p><p><a class=\"more-link btn\" href=\"https:\/\/www.rassegnastampa-totustuus.it\/cattolica\/come-e-cambiato-luomo-sinistro\/\">Continua a leggere<\/a><\/p>\n","protected":false},"author":6,"featured_media":55109,"comment_status":"closed","ping_status":"closed","sticky":false,"template":"","format":"standard","meta":{"footnotes":""},"categories":[83,27],"tags":[525,1223,877,533],"class_list":["post-55107","post","type-post","status-publish","format-standard","has-post-thumbnail","hentry","category-post-comunismo","category-socialismo-e-comunismo","tag-post-comunismo-3","tag-sinistra","tag-sinistra-italiana","tag-socialcomunismo","item-wrap"],"yoast_head":"<!-- This site is optimized with the Yoast SEO plugin v27.4 - https:\/\/yoast.com\/product\/yoast-seo-wordpress\/ -->\n<title>Come \u00e8 cambiato l&#039;uomo sinistro - Rassegna Stampa Cattolica<\/title>\n<meta name=\"description\" content=\"Come \u00e8 cambiato l&#039;uomo sinistro dopo l\u2019elaborazione del lutto per il fallimento storico del marxismo e rimasto orfano del proletariato\" \/>\n<meta name=\"robots\" content=\"index, follow, max-snippet:-1, max-image-preview:large, max-video-preview:-1\" \/>\n<link rel=\"canonical\" href=\"https:\/\/www.rassegnastampa-totustuus.it\/cattolica\/come-e-cambiato-luomo-sinistro\/\" \/>\n<meta property=\"og:locale\" content=\"it_IT\" \/>\n<meta property=\"og:type\" content=\"article\" \/>\n<meta property=\"og:title\" content=\"Come \u00e8 cambiato l&#039;uomo sinistro - Rassegna Stampa Cattolica\" \/>\n<meta property=\"og:description\" content=\"Come \u00e8 cambiato l&#039;uomo sinistro dopo l\u2019elaborazione del lutto per il fallimento storico del marxismo e rimasto orfano del proletariato\" \/>\n<meta property=\"og:url\" content=\"https:\/\/www.rassegnastampa-totustuus.it\/cattolica\/come-e-cambiato-luomo-sinistro\/\" \/>\n<meta property=\"og:site_name\" content=\"Rassegna Stampa Cattolica\" \/>\n<meta property=\"article:publisher\" content=\"https:\/\/www.facebook.com\/rassegnastampacattolica\" \/>\n<meta property=\"article:published_time\" content=\"2022-11-23T23:00:34+00:00\" \/>\n<meta property=\"article:modified_time\" content=\"2024-02-10T13:50:35+00:00\" \/>\n<meta property=\"og:image\" content=\"https:\/\/www.rassegnastampa-totustuus.it\/cattolica\/wp-content\/uploads\/2022\/11\/sinistra_radical_chic-1.jpg\" \/>\n\t<meta property=\"og:image:width\" content=\"294\" \/>\n\t<meta property=\"og:image:height\" content=\"171\" \/>\n\t<meta property=\"og:image:type\" content=\"image\/jpeg\" \/>\n<meta name=\"author\" content=\"Redazione\" \/>\n<meta name=\"twitter:card\" content=\"summary_large_image\" \/>\n<meta name=\"twitter:creator\" content=\"@rassegnastampa9\" \/>\n<meta name=\"twitter:site\" content=\"@rassegnastampa9\" \/>\n<meta name=\"twitter:label1\" content=\"Scritto da\" \/>\n\t<meta name=\"twitter:data1\" content=\"Redazione\" \/>\n\t<meta name=\"twitter:label2\" content=\"Tempo di lettura stimato\" \/>\n\t<meta name=\"twitter:data2\" content=\"8 minuti\" \/>\n<script type=\"application\/ld+json\" class=\"yoast-schema-graph\">{\"@context\":\"https:\\\/\\\/schema.org\",\"@graph\":[{\"@type\":\"Article\",\"@id\":\"https:\\\/\\\/www.rassegnastampa-totustuus.it\\\/cattolica\\\/come-e-cambiato-luomo-sinistro\\\/#article\",\"isPartOf\":{\"@id\":\"https:\\\/\\\/www.rassegnastampa-totustuus.it\\\/cattolica\\\/come-e-cambiato-luomo-sinistro\\\/\"},\"author\":{\"name\":\"Redazione\",\"@id\":\"https:\\\/\\\/www.rassegnastampa-totustuus.it\\\/cattolica\\\/#\\\/schema\\\/person\\\/08f319d2bd1a0904ad9e2bfb7b15e5c3\"},\"headline\":\"Come \u00e8 cambiato l&#8217;uomo sinistro\",\"datePublished\":\"2022-11-23T23:00:34+00:00\",\"dateModified\":\"2024-02-10T13:50:35+00:00\",\"mainEntityOfPage\":{\"@id\":\"https:\\\/\\\/www.rassegnastampa-totustuus.it\\\/cattolica\\\/come-e-cambiato-luomo-sinistro\\\/\"},\"wordCount\":1035,\"publisher\":{\"@id\":\"https:\\\/\\\/www.rassegnastampa-totustuus.it\\\/cattolica\\\/#organization\"},\"image\":{\"@id\":\"https:\\\/\\\/www.rassegnastampa-totustuus.it\\\/cattolica\\\/come-e-cambiato-luomo-sinistro\\\/#primaryimage\"},\"thumbnailUrl\":\"https:\\\/\\\/www.rassegnastampa-totustuus.it\\\/cattolica\\\/wp-content\\\/uploads\\\/2022\\\/11\\\/sinistra_radical_chic-1.jpg\",\"keywords\":[\"post-comunismo\",\"sinistra\",\"sinistra italiana\",\"socialcomunismo\"],\"articleSection\":[\"Post-comunismo\",\"Socialcomunismo\"],\"inLanguage\":\"it-IT\"},{\"@type\":\"WebPage\",\"@id\":\"https:\\\/\\\/www.rassegnastampa-totustuus.it\\\/cattolica\\\/come-e-cambiato-luomo-sinistro\\\/\",\"url\":\"https:\\\/\\\/www.rassegnastampa-totustuus.it\\\/cattolica\\\/come-e-cambiato-luomo-sinistro\\\/\",\"name\":\"Come \u00e8 cambiato l'uomo sinistro - Rassegna Stampa Cattolica\",\"isPartOf\":{\"@id\":\"https:\\\/\\\/www.rassegnastampa-totustuus.it\\\/cattolica\\\/#website\"},\"primaryImageOfPage\":{\"@id\":\"https:\\\/\\\/www.rassegnastampa-totustuus.it\\\/cattolica\\\/come-e-cambiato-luomo-sinistro\\\/#primaryimage\"},\"image\":{\"@id\":\"https:\\\/\\\/www.rassegnastampa-totustuus.it\\\/cattolica\\\/come-e-cambiato-luomo-sinistro\\\/#primaryimage\"},\"thumbnailUrl\":\"https:\\\/\\\/www.rassegnastampa-totustuus.it\\\/cattolica\\\/wp-content\\\/uploads\\\/2022\\\/11\\\/sinistra_radical_chic-1.jpg\",\"datePublished\":\"2022-11-23T23:00:34+00:00\",\"dateModified\":\"2024-02-10T13:50:35+00:00\",\"description\":\"Come \u00e8 cambiato l'uomo sinistro dopo l\u2019elaborazione del lutto per il fallimento storico del marxismo e rimasto orfano del proletariato\",\"breadcrumb\":{\"@id\":\"https:\\\/\\\/www.rassegnastampa-totustuus.it\\\/cattolica\\\/come-e-cambiato-luomo-sinistro\\\/#breadcrumb\"},\"inLanguage\":\"it-IT\",\"potentialAction\":[{\"@type\":\"ReadAction\",\"target\":[\"https:\\\/\\\/www.rassegnastampa-totustuus.it\\\/cattolica\\\/come-e-cambiato-luomo-sinistro\\\/\"]}]},{\"@type\":\"ImageObject\",\"inLanguage\":\"it-IT\",\"@id\":\"https:\\\/\\\/www.rassegnastampa-totustuus.it\\\/cattolica\\\/come-e-cambiato-luomo-sinistro\\\/#primaryimage\",\"url\":\"https:\\\/\\\/www.rassegnastampa-totustuus.it\\\/cattolica\\\/wp-content\\\/uploads\\\/2022\\\/11\\\/sinistra_radical_chic-1.jpg\",\"contentUrl\":\"https:\\\/\\\/www.rassegnastampa-totustuus.it\\\/cattolica\\\/wp-content\\\/uploads\\\/2022\\\/11\\\/sinistra_radical_chic-1.jpg\",\"width\":294,\"height\":171},{\"@type\":\"BreadcrumbList\",\"@id\":\"https:\\\/\\\/www.rassegnastampa-totustuus.it\\\/cattolica\\\/come-e-cambiato-luomo-sinistro\\\/#breadcrumb\",\"itemListElement\":[{\"@type\":\"ListItem\",\"position\":1,\"name\":\"Home\",\"item\":\"https:\\\/\\\/www.rassegnastampa-totustuus.it\\\/cattolica\\\/\"},{\"@type\":\"ListItem\",\"position\":2,\"name\":\"Come \u00e8 cambiato l&#8217;uomo sinistro\"}]},{\"@type\":\"WebSite\",\"@id\":\"https:\\\/\\\/www.rassegnastampa-totustuus.it\\\/cattolica\\\/#website\",\"url\":\"https:\\\/\\\/www.rassegnastampa-totustuus.it\\\/cattolica\\\/\",\"name\":\"Rassegna Stampa Cattolica\",\"description\":\"Per una cultura che nasce dalla Rivelazione cristiana in conformit\u00e0 alla tradizione e al Magistero della Chiesa in opposizione ad ogni relativismo e totalitarismo\",\"publisher\":{\"@id\":\"https:\\\/\\\/www.rassegnastampa-totustuus.it\\\/cattolica\\\/#organization\"},\"alternateName\":\"Rass. Cattolica\",\"potentialAction\":[{\"@type\":\"SearchAction\",\"target\":{\"@type\":\"EntryPoint\",\"urlTemplate\":\"https:\\\/\\\/www.rassegnastampa-totustuus.it\\\/cattolica\\\/?s={search_term_string}\"},\"query-input\":{\"@type\":\"PropertyValueSpecification\",\"valueRequired\":true,\"valueName\":\"search_term_string\"}}],\"inLanguage\":\"it-IT\"},{\"@type\":\"Organization\",\"@id\":\"https:\\\/\\\/www.rassegnastampa-totustuus.it\\\/cattolica\\\/#organization\",\"name\":\"Rassegna Stampa Cattolica\",\"url\":\"https:\\\/\\\/www.rassegnastampa-totustuus.it\\\/cattolica\\\/\",\"logo\":{\"@type\":\"ImageObject\",\"inLanguage\":\"it-IT\",\"@id\":\"https:\\\/\\\/www.rassegnastampa-totustuus.it\\\/cattolica\\\/#\\\/schema\\\/logo\\\/image\\\/\",\"url\":\"https:\\\/\\\/www.rassegnastampa-totustuus.it\\\/cattolica\\\/wp-content\\\/uploads\\\/2014\\\/04\\\/logo-rassegna1.gif\",\"contentUrl\":\"https:\\\/\\\/www.rassegnastampa-totustuus.it\\\/cattolica\\\/wp-content\\\/uploads\\\/2014\\\/04\\\/logo-rassegna1.gif\",\"width\":600,\"height\":163,\"caption\":\"Rassegna Stampa Cattolica\"},\"image\":{\"@id\":\"https:\\\/\\\/www.rassegnastampa-totustuus.it\\\/cattolica\\\/#\\\/schema\\\/logo\\\/image\\\/\"},\"sameAs\":[\"https:\\\/\\\/www.facebook.com\\\/rassegnastampacattolica\",\"https:\\\/\\\/x.com\\\/rassegnastampa9\"]},{\"@type\":\"Person\",\"@id\":\"https:\\\/\\\/www.rassegnastampa-totustuus.it\\\/cattolica\\\/#\\\/schema\\\/person\\\/08f319d2bd1a0904ad9e2bfb7b15e5c3\",\"name\":\"Redazione\",\"image\":{\"@type\":\"ImageObject\",\"inLanguage\":\"it-IT\",\"@id\":\"https:\\\/\\\/secure.gravatar.com\\\/avatar\\\/2fcdf27c78ea025fbdb44e914cc63c72249ffec9dc8aafd5c82b26240ef3f346?s=96&d=mm&r=g\",\"url\":\"https:\\\/\\\/secure.gravatar.com\\\/avatar\\\/2fcdf27c78ea025fbdb44e914cc63c72249ffec9dc8aafd5c82b26240ef3f346?s=96&d=mm&r=g\",\"contentUrl\":\"https:\\\/\\\/secure.gravatar.com\\\/avatar\\\/2fcdf27c78ea025fbdb44e914cc63c72249ffec9dc8aafd5c82b26240ef3f346?s=96&d=mm&r=g\",\"caption\":\"Redazione\"},\"url\":\"https:\\\/\\\/www.rassegnastampa-totustuus.it\\\/cattolica\\\/author\\\/pietroelle\\\/\"}]}<\/script>\n<!-- \/ Yoast SEO plugin. -->","yoast_head_json":{"title":"Come \u00e8 cambiato l'uomo sinistro - Rassegna Stampa Cattolica","description":"Come \u00e8 cambiato l'uomo sinistro dopo l\u2019elaborazione del lutto per il fallimento storico del marxismo e rimasto orfano del proletariato","robots":{"index":"index","follow":"follow","max-snippet":"max-snippet:-1","max-image-preview":"max-image-preview:large","max-video-preview":"max-video-preview:-1"},"canonical":"https:\/\/www.rassegnastampa-totustuus.it\/cattolica\/come-e-cambiato-luomo-sinistro\/","og_locale":"it_IT","og_type":"article","og_title":"Come \u00e8 cambiato l'uomo sinistro - Rassegna Stampa Cattolica","og_description":"Come \u00e8 cambiato l'uomo sinistro dopo l\u2019elaborazione del lutto per il fallimento storico del marxismo e rimasto orfano del proletariato","og_url":"https:\/\/www.rassegnastampa-totustuus.it\/cattolica\/come-e-cambiato-luomo-sinistro\/","og_site_name":"Rassegna Stampa Cattolica","article_publisher":"https:\/\/www.facebook.com\/rassegnastampacattolica","article_published_time":"2022-11-23T23:00:34+00:00","article_modified_time":"2024-02-10T13:50:35+00:00","og_image":[{"width":294,"height":171,"url":"https:\/\/www.rassegnastampa-totustuus.it\/cattolica\/wp-content\/uploads\/2022\/11\/sinistra_radical_chic-1.jpg","type":"image\/jpeg"}],"author":"Redazione","twitter_card":"summary_large_image","twitter_creator":"@rassegnastampa9","twitter_site":"@rassegnastampa9","twitter_misc":{"Scritto da":"Redazione","Tempo di lettura stimato":"8 minuti"},"schema":{"@context":"https:\/\/schema.org","@graph":[{"@type":"Article","@id":"https:\/\/www.rassegnastampa-totustuus.it\/cattolica\/come-e-cambiato-luomo-sinistro\/#article","isPartOf":{"@id":"https:\/\/www.rassegnastampa-totustuus.it\/cattolica\/come-e-cambiato-luomo-sinistro\/"},"author":{"name":"Redazione","@id":"https:\/\/www.rassegnastampa-totustuus.it\/cattolica\/#\/schema\/person\/08f319d2bd1a0904ad9e2bfb7b15e5c3"},"headline":"Come \u00e8 cambiato l&#8217;uomo sinistro","datePublished":"2022-11-23T23:00:34+00:00","dateModified":"2024-02-10T13:50:35+00:00","mainEntityOfPage":{"@id":"https:\/\/www.rassegnastampa-totustuus.it\/cattolica\/come-e-cambiato-luomo-sinistro\/"},"wordCount":1035,"publisher":{"@id":"https:\/\/www.rassegnastampa-totustuus.it\/cattolica\/#organization"},"image":{"@id":"https:\/\/www.rassegnastampa-totustuus.it\/cattolica\/come-e-cambiato-luomo-sinistro\/#primaryimage"},"thumbnailUrl":"https:\/\/www.rassegnastampa-totustuus.it\/cattolica\/wp-content\/uploads\/2022\/11\/sinistra_radical_chic-1.jpg","keywords":["post-comunismo","sinistra","sinistra italiana","socialcomunismo"],"articleSection":["Post-comunismo","Socialcomunismo"],"inLanguage":"it-IT"},{"@type":"WebPage","@id":"https:\/\/www.rassegnastampa-totustuus.it\/cattolica\/come-e-cambiato-luomo-sinistro\/","url":"https:\/\/www.rassegnastampa-totustuus.it\/cattolica\/come-e-cambiato-luomo-sinistro\/","name":"Come \u00e8 cambiato l'uomo sinistro - Rassegna Stampa Cattolica","isPartOf":{"@id":"https:\/\/www.rassegnastampa-totustuus.it\/cattolica\/#website"},"primaryImageOfPage":{"@id":"https:\/\/www.rassegnastampa-totustuus.it\/cattolica\/come-e-cambiato-luomo-sinistro\/#primaryimage"},"image":{"@id":"https:\/\/www.rassegnastampa-totustuus.it\/cattolica\/come-e-cambiato-luomo-sinistro\/#primaryimage"},"thumbnailUrl":"https:\/\/www.rassegnastampa-totustuus.it\/cattolica\/wp-content\/uploads\/2022\/11\/sinistra_radical_chic-1.jpg","datePublished":"2022-11-23T23:00:34+00:00","dateModified":"2024-02-10T13:50:35+00:00","description":"Come \u00e8 cambiato l'uomo sinistro dopo l\u2019elaborazione del lutto per il fallimento storico del marxismo e rimasto orfano del proletariato","breadcrumb":{"@id":"https:\/\/www.rassegnastampa-totustuus.it\/cattolica\/come-e-cambiato-luomo-sinistro\/#breadcrumb"},"inLanguage":"it-IT","potentialAction":[{"@type":"ReadAction","target":["https:\/\/www.rassegnastampa-totustuus.it\/cattolica\/come-e-cambiato-luomo-sinistro\/"]}]},{"@type":"ImageObject","inLanguage":"it-IT","@id":"https:\/\/www.rassegnastampa-totustuus.it\/cattolica\/come-e-cambiato-luomo-sinistro\/#primaryimage","url":"https:\/\/www.rassegnastampa-totustuus.it\/cattolica\/wp-content\/uploads\/2022\/11\/sinistra_radical_chic-1.jpg","contentUrl":"https:\/\/www.rassegnastampa-totustuus.it\/cattolica\/wp-content\/uploads\/2022\/11\/sinistra_radical_chic-1.jpg","width":294,"height":171},{"@type":"BreadcrumbList","@id":"https:\/\/www.rassegnastampa-totustuus.it\/cattolica\/come-e-cambiato-luomo-sinistro\/#breadcrumb","itemListElement":[{"@type":"ListItem","position":1,"name":"Home","item":"https:\/\/www.rassegnastampa-totustuus.it\/cattolica\/"},{"@type":"ListItem","position":2,"name":"Come \u00e8 cambiato l&#8217;uomo sinistro"}]},{"@type":"WebSite","@id":"https:\/\/www.rassegnastampa-totustuus.it\/cattolica\/#website","url":"https:\/\/www.rassegnastampa-totustuus.it\/cattolica\/","name":"Rassegna Stampa Cattolica","description":"Per una cultura che nasce dalla Rivelazione cristiana in conformit\u00e0 alla tradizione e al Magistero della Chiesa in opposizione ad ogni relativismo e totalitarismo","publisher":{"@id":"https:\/\/www.rassegnastampa-totustuus.it\/cattolica\/#organization"},"alternateName":"Rass. Cattolica","potentialAction":[{"@type":"SearchAction","target":{"@type":"EntryPoint","urlTemplate":"https:\/\/www.rassegnastampa-totustuus.it\/cattolica\/?s={search_term_string}"},"query-input":{"@type":"PropertyValueSpecification","valueRequired":true,"valueName":"search_term_string"}}],"inLanguage":"it-IT"},{"@type":"Organization","@id":"https:\/\/www.rassegnastampa-totustuus.it\/cattolica\/#organization","name":"Rassegna Stampa Cattolica","url":"https:\/\/www.rassegnastampa-totustuus.it\/cattolica\/","logo":{"@type":"ImageObject","inLanguage":"it-IT","@id":"https:\/\/www.rassegnastampa-totustuus.it\/cattolica\/#\/schema\/logo\/image\/","url":"https:\/\/www.rassegnastampa-totustuus.it\/cattolica\/wp-content\/uploads\/2014\/04\/logo-rassegna1.gif","contentUrl":"https:\/\/www.rassegnastampa-totustuus.it\/cattolica\/wp-content\/uploads\/2014\/04\/logo-rassegna1.gif","width":600,"height":163,"caption":"Rassegna Stampa Cattolica"},"image":{"@id":"https:\/\/www.rassegnastampa-totustuus.it\/cattolica\/#\/schema\/logo\/image\/"},"sameAs":["https:\/\/www.facebook.com\/rassegnastampacattolica","https:\/\/x.com\/rassegnastampa9"]},{"@type":"Person","@id":"https:\/\/www.rassegnastampa-totustuus.it\/cattolica\/#\/schema\/person\/08f319d2bd1a0904ad9e2bfb7b15e5c3","name":"Redazione","image":{"@type":"ImageObject","inLanguage":"it-IT","@id":"https:\/\/secure.gravatar.com\/avatar\/2fcdf27c78ea025fbdb44e914cc63c72249ffec9dc8aafd5c82b26240ef3f346?s=96&d=mm&r=g","url":"https:\/\/secure.gravatar.com\/avatar\/2fcdf27c78ea025fbdb44e914cc63c72249ffec9dc8aafd5c82b26240ef3f346?s=96&d=mm&r=g","contentUrl":"https:\/\/secure.gravatar.com\/avatar\/2fcdf27c78ea025fbdb44e914cc63c72249ffec9dc8aafd5c82b26240ef3f346?s=96&d=mm&r=g","caption":"Redazione"},"url":"https:\/\/www.rassegnastampa-totustuus.it\/cattolica\/author\/pietroelle\/"}]}},"_links":{"self":[{"href":"https:\/\/www.rassegnastampa-totustuus.it\/cattolica\/wp-json\/wp\/v2\/posts\/55107","targetHints":{"allow":["GET"]}}],"collection":[{"href":"https:\/\/www.rassegnastampa-totustuus.it\/cattolica\/wp-json\/wp\/v2\/posts"}],"about":[{"href":"https:\/\/www.rassegnastampa-totustuus.it\/cattolica\/wp-json\/wp\/v2\/types\/post"}],"author":[{"embeddable":true,"href":"https:\/\/www.rassegnastampa-totustuus.it\/cattolica\/wp-json\/wp\/v2\/users\/6"}],"replies":[{"embeddable":true,"href":"https:\/\/www.rassegnastampa-totustuus.it\/cattolica\/wp-json\/wp\/v2\/comments?post=55107"}],"version-history":[{"count":2,"href":"https:\/\/www.rassegnastampa-totustuus.it\/cattolica\/wp-json\/wp\/v2\/posts\/55107\/revisions"}],"predecessor-version":[{"id":59549,"href":"https:\/\/www.rassegnastampa-totustuus.it\/cattolica\/wp-json\/wp\/v2\/posts\/55107\/revisions\/59549"}],"wp:featuredmedia":[{"embeddable":true,"href":"https:\/\/www.rassegnastampa-totustuus.it\/cattolica\/wp-json\/wp\/v2\/media\/55109"}],"wp:attachment":[{"href":"https:\/\/www.rassegnastampa-totustuus.it\/cattolica\/wp-json\/wp\/v2\/media?parent=55107"}],"wp:term":[{"taxonomy":"category","embeddable":true,"href":"https:\/\/www.rassegnastampa-totustuus.it\/cattolica\/wp-json\/wp\/v2\/categories?post=55107"},{"taxonomy":"post_tag","embeddable":true,"href":"https:\/\/www.rassegnastampa-totustuus.it\/cattolica\/wp-json\/wp\/v2\/tags?post=55107"}],"curies":[{"name":"wp","href":"https:\/\/api.w.org\/{rel}","templated":true}]}}