{"id":55079,"date":"2022-11-17T00:00:06","date_gmt":"2022-11-16T23:00:06","guid":{"rendered":"http:\/\/www.rassegnastampa-totustuus.it\/cattolica\/?p=55079"},"modified":"2024-02-11T17:18:42","modified_gmt":"2024-02-11T16:18:42","slug":"limpatto-delle-terapie-mediche-sui-minori-con-disforia-di-genere","status":"publish","type":"post","link":"https:\/\/www.rassegnastampa-totustuus.it\/cattolica\/limpatto-delle-terapie-mediche-sui-minori-con-disforia-di-genere\/","title":{"rendered":"L&#8217;impatto delle terapie mediche sui minori con disforia di genere"},"content":{"rendered":"<p style=\"text-align: justify;\"><span style=\"color: #000000;\"><strong><img loading=\"lazy\" decoding=\"async\" class=\"size-full wp-image-24195 alignright\" src=\"https:\/\/www.rassegnastampa-totustuus.it\/cattolica\/wp-content\/uploads\/2015\/05\/gender.png\" alt=\"\" width=\"294\" height=\"171\" \/>Abstract: <\/strong><em>l&#8217;impatto delle terapie mediche sui minori con disforia di genere suggerisce un approccio pi\u00f9 responsabile alla questione, soprattutto in considerazione dell&#8217;attivismo aggressivo delle associazioni Lgbt che inducono molti giovani a ingiustificati dubbi riguardo il proprio sesso\u00a0<\/em><\/span><\/p>\n<p><!--more--><\/p>\n<p style=\"text-align: center;\"><span style=\"color: #000000;\"><span style=\"color: #0000ff;\"><a style=\"color: #0000ff;\" href=\"https:\/\/www.observatoirepetitesirene.org\/\" target=\"_blank\" rel=\"noopener\"><strong>Osservatorio della Petite Sir\u00e8ne<\/strong> <\/a><\/span>\u00a0<\/span><span style=\"color: #000000;\">4 Ottobre 2022<\/span><\/p>\n<h3 style=\"text-align: center;\"><span style=\"color: #000000;\">L\u2019Appello a proposito dei discorsi ideologici <\/span><\/h3>\n<h3 style=\"text-align: center;\"><span style=\"color: #000000;\">su bambini e adolescenti<\/span><\/h3>\n<p style=\"text-align: justify;\"><span style=\"color: #000000;\">\u00a0 <em>Impatti delle pratiche mediche sui bambini ai quali \u00e8 stata diagnosticata una <\/em>disforia di genere<\/span><\/p>\n<h4 style=\"text-align: center;\"><span style=\"color: #000000;\"><strong>1. ll contesto<\/strong><\/span><\/h4>\n<p style=\"text-align: justify;\"><span style=\"color: #000000;\">L&#8217;evoluzione negli ultimi anni della diagnosi di &#8220;disforia di genere&#8221; nei bambini e negli adolescenti pone degli interrogativi: da dieci anni le richieste di riassegnazione sessuale, in questa fascia di et\u00e0, sono aumentate esponenzialmente nei diversi Paesi (1).<\/span><\/p>\n<p style=\"text-align: justify;\"><span style=\"color: #000000;\"><img loading=\"lazy\" decoding=\"async\" class=\" wp-image-35716 alignleft\" src=\"https:\/\/www.rassegnastampa-totustuus.it\/cattolica\/wp-content\/uploads\/2012\/06\/genderless.jpg\" alt=\"\" width=\"213\" height=\"266\" \/>Cosa dovrebbero arguire i professionisti dell&#8217;infanzia e della giovent\u00f9, i pedagogisti, i medici o gli psicologi dalla recente esplosione di questa domanda o addirittura pretesa? La libera discussione sul tema della cosiddetta \u201ctransessualit\u00e0\u201d ha da sola consentito al fenomeno di assumere una tale portata?<\/span><\/p>\n<p style=\"text-align: justify;\"><span style=\"color: #000000;\"> Oppure l&#8217;attivismo, a volte molto offensivo e divisivo di alcune associazioni di attivisti LGBTQI &#8211; amplificato dai social network \u2013 ha rappresentato un elemento di pressione politica sui giovani e sulle loro famiglie?<\/span><\/p>\n<p style=\"text-align: justify;\"><span style=\"color: #000000;\">Stiamo assistendo all&#8217;emergere di discorsi ideologici sulla &#8220;transizione di genere&#8221; dei minori, ideologici in quanto precludono qualsiasi dibattito: il minimo dubbio sulle pratiche viene immediatamente qualificato come &#8220;transfobico&#8221;, mentre \u00e8 in gioco il superiore interesse del bambino, in particolare per quanto concerne le conseguenze mediche irreversibili sul suo corpo (vedi sotto).<\/span><\/p>\n<p style=\"text-align: justify;\"><span style=\"color: #000000;\"><img loading=\"lazy\" decoding=\"async\" class=\" wp-image-27130 alignright\" src=\"https:\/\/www.rassegnastampa-totustuus.it\/cattolica\/wp-content\/uploads\/2010\/04\/pedofilia_gender.jpg\" alt=\"\" width=\"316\" height=\"219\" \/>L&#8217;appello dell&#8217;Osservatorio riguarda essenzialmente la tutela dei minori e la preservazione della loro integrit\u00e0 fisica e psichica. <\/span><\/p>\n<p style=\"text-align: justify;\"><span style=\"color: #000000;\">\u00c8 proprio su questo punto che \u00e8 urgente allertare i politici (Ministero della Salute, Ministero dell&#8217;Istruzione Nazionale, Segreteria di Stato per la Protezione dell&#8217;Infanzia) e il Consiglio Nazionale dell\u2019Ordine dei Medici. <\/span><\/p>\n<p style=\"text-align: justify;\"><span style=\"color: #000000;\">La &#8220;disforia di genere&#8221; dei bambini e degli adolescenti, infatti, rappresenta non solo una domanda intima posta da un bambino o da un adolescente, ma anche il modo in cui i bambini e gli adolescenti diventano una cassa di risonanza, se non uno strumento, di gruppi sociali che convalidano immediatamente la loro richiesta.<\/span><\/p>\n<p style=\"text-align: justify;\"><span style=\"color: #000000;\"><img loading=\"lazy\" decoding=\"async\" class=\"size-full wp-image-26798 alignleft\" src=\"https:\/\/www.rassegnastampa-totustuus.it\/cattolica\/wp-content\/uploads\/2015\/09\/gender.jpg\" alt=\"\" width=\"276\" height=\"182\" \/>I giovani spiegano di sentirsi appartenenti all&#8217;altro sesso e di certo vedono in questo [nella transizione] la soluzione del loro malessere. <\/span><\/p>\n<p style=\"text-align: justify;\"><span style=\"color: #000000;\">La pratica medica cederebbe dunque all&#8217;ingiunzione di nuove norme sociali senza un possibile dibattito, senza una riflessione concertata tra i vari professionisti dell&#8217;infanzia, senza un&#8217;osservazione elementare del principio di precauzione? Non ci \u00e8 permesso, senza incorrere nell&#8217;anatema della \u201ctransfobia\u201d, interrogarci anzitutto su questo malessere di giovani in cerca di identit\u00e0 e preda di ogni sorta di ansie?<\/span><\/p>\n<h4 style=\"text-align: center;\"><span style=\"color: #000000;\"><strong>2.\u00a0 Il caso sintomatico del documentario \u00abPetite fille\u00bb\u00a0<\/strong><\/span><\/h4>\n<p style=\"text-align: justify;\"><span style=\"color: #000000;\"><img loading=\"lazy\" decoding=\"async\" class=\"size-medium wp-image-55084 alignright\" src=\"https:\/\/www.rassegnastampa-totustuus.it\/cattolica\/wp-content\/uploads\/2022\/11\/gender-300x168.jpg\" alt=\"\" width=\"300\" height=\"168\" \/>Il documentario Petite fille, di S\u00e9bastien Lifshitz, andato in onda su Arte nel dicembre 2020, dopo l\u2019analogo film, <em>Girl<\/em>, di Lukas Dhont (uscito nel 2018), ha reso noto al grande pubblico il delicatissimo argomento della &#8220;disforia di genere&#8221;.<\/span><\/p>\n<p style=\"text-align: justify;\"><span style=\"color: #000000;\">Il tema della \u201ctransizione di genere\u201d, considerato in relazione ad un ragazzino, \u00e8 correlato alla vulnerabilit\u00e0 del bambino e allo smarrimento delle famiglie messe di fronte a questo problema. Questo film presenta il desiderio di un bambino di diventare femmina come un fatto indiscutibile, senza tener conto delle difficolt\u00e0 familiari, anche se la costruzione dell&#8217;identit\u00e0 del bambino \u00e8 intimamente legata all&#8217;ambiente in cui si evolve. <\/span><\/p>\n<p style=\"text-align: justify;\"><span style=\"color: #000000;\">In questo documentario ci viene presentata un bambino, Sasha, di 8 anni, la <img loading=\"lazy\" decoding=\"async\" class=\" wp-image-52788 alignleft\" src=\"https:\/\/www.rassegnastampa-totustuus.it\/cattolica\/wp-content\/uploads\/2021\/10\/bambini_gender.jpg\" alt=\"\" width=\"166\" height=\"228\" \/>cui madre riporta le parole con cui egli avrebbe espresso (molto precocemente) il desiderio di diventare da grande una ragazza \u201ccome lei\u201d, desiderio che viene interpretato come quello di \u201cdiventare una donna\u201d. In altre parole, quando il bambino esprime il suo sogno di diventare come sua madre, la risposta che gli viene data \u00e8 quella di un trattamento medico, autorizzato e addirittura consigliato, da iniziare in tenera et\u00e0:<\/span><\/p>\n<p style=\"text-align: justify;\"><span style=\"color: #000000;\">In un primo tempo, l&#8217;entourage del bambino, compresa la scuola, \u00e8 invitato a considerare, nelle parole e nei fatti, Sasha come una bambina e non pi\u00f9 come un ragazzino.<\/span><\/p>\n<ul>\n<li style=\"text-align: justify;\"><span style=\"color: #000000;\">Gli verranno in seguito prescritti bloccanti della pubert\u00e0, prima che questa insorga, per prevenire il delinearsi delle caratteristiche sessuali secondarie.<\/span><\/li>\n<li style=\"text-align: justify;\"><span style=\"color: #000000;\">Potranno essergli somministrati ormoni dell&#8217;altro sesso prima della sua maggiore et\u00e0 (dai 14 anni, in Francia).<\/span><\/li>\n<li style=\"text-align: justify;\"><span style=\"color: #000000;\">Saranno possibili, con il consenso dei genitori, interventi chirurgici [anche] prima della maggiore et\u00e0.\u00a0\u00a0\u00a0\u00a0\u00a0\u00a0\u00a0\u00a0\u00a0\u00a0\u00a0\u00a0<\/span><\/li>\n<\/ul>\n<p style=\"text-align: justify;\"><span style=\"color: #000000;\">Questa sequenza di eventi solleva, a nostro avviso, diversi interrogativi cruciali:<\/span><\/p>\n<h4 style=\"text-align: center;\"><span style=\"color: #000000;\"><em>1. Documentario o docu-fiction? La messa in scena del prot<img loading=\"lazy\" decoding=\"async\" class=\" wp-image-52047 alignleft\" src=\"https:\/\/www.rassegnastampa-totustuus.it\/cattolica\/wp-content\/uploads\/2021\/07\/Lgbt_gay_scuola_bambini.jpg\" alt=\"\" width=\"309\" height=\"192\" \/>ocollo medico<\/em><\/span><\/h4>\n<p style=\"text-align: justify;\"><span style=\"color: #000000;\">Le prese di posizione faziose del documentario sollevano interrogativi. Sentiamo un solo punto di vista (raramente quello di Sasha alla fine, pi\u00f9 spesso quello di sua madre) e non viene ascoltato nessun altro professionista di quelli che normalmente gravitano attorno a un bambino: pediatra, psicologo, insegnanti, ecc.<\/span><\/p>\n<p style=\"text-align: justify;\"><span style=\"color: #000000;\">Ancora pi\u00f9 stupefacente l&#8217;andamento delle cure del centro specializzato a cui si rivolge la madre di Sasha. In effetti, o <em>Petite fille <\/em>\u00e8 una faziosa e impegnativa messa in scena, che dovrebbe essere presentata come un &#8220;docu-fiction&#8221; (2) disseminata di imprecisioni, esagerazioni e omissioni, e denunciata dagli specialisti dell\u2019[ospedale] Robert Debr\u00e9 consultati come non rappresentativa della realt\u00e0 del loro lavoro; oppure questo documentario \u00e8 realistico e allora ci sembra molto preoccupante scoprire che una diagnosi di &#8220;disforia di genere&#8221; pu\u00f2 essere effettuata da uno psichiatra infantile fin dal primo colloquio:<\/span><\/p>\n<ul>\n<li style=\"text-align: justify;\"><span style=\"color: #000000;\">senza aver parlato da solo con il bambino,<\/span><\/li>\n<li style=\"text-align: justify;\"><span style=\"color: #000000;\">senza che il bambino abbia mai incontrato uno psicologo prima di essere indirizzato a uno dei centri specializzati francesi, noti per il loro approccio ideologico<\/span><\/li>\n<li style=\"text-align: justify;\"><span style=\"color: #000000;\">senza che lo psichiatra infantile incontri entrambi i genitori,<\/span><\/li>\n<li style=\"text-align: justify;\"><span style=\"color: #000000;\">senza i peculiari accertamenti (valutazione psicologica completa: test proiettivi, questionari, sguardo alla scolarizzazione, domande con altri adulti che conoscono il bambino),<\/span><\/li>\n<li style=\"text-align: justify;\"><span style=\"color: #000000;\">senza che il bambino dica pi\u00f9 di qualche frase,<\/span><\/li>\n<li style=\"text-align: justify;\"><span style=\"color: #000000;\">senza nemmeno fargli rispondere da solo alle domande che gli sono state poste.\u00a0<\/span><\/li>\n<\/ul>\n<p style=\"text-align: justify;\"><span style=\"color: #000000;\"><em><img loading=\"lazy\" decoding=\"async\" class=\" wp-image-51508 alignright\" src=\"https:\/\/www.rassegnastampa-totustuus.it\/cattolica\/wp-content\/uploads\/2021\/06\/bambini_gender-300x200.jpg\" alt=\"\" width=\"334\" height=\"222\" srcset=\"https:\/\/www.rassegnastampa-totustuus.it\/cattolica\/wp-content\/uploads\/2021\/06\/bambini_gender-300x200.jpg 300w, https:\/\/www.rassegnastampa-totustuus.it\/cattolica\/wp-content\/uploads\/2021\/06\/bambini_gender.jpg 500w\" sizes=\"auto, (max-width: 334px) 100vw, 334px\" \/>Questo \u00e8 il punto di vista del regista sul problema ed \u00e8 questo punto di vista (partigiano e parziale) che viene mostrato al grande pubblico. Tale \u00e8 il protocollo medico che il cineasta riproduce. Se lo confrontiamo con diagnosi pi\u00f9 comuni, con conseguenze mediche molto minori, ci rendiamo conto che l\u2019iter previsto, stranamente, \u00e8 molto pi\u00f9 rigoroso <\/em><\/span><\/p>\n<ul>\n<li style=\"text-align: justify;\"><span style=\"color: #000000;\">Affinch\u00e9 un bambino possa beneficare degli esami diagnostici per la dislessia, \u00e8 necessario avviare una pratica con il MDPH [Casa dipartimentale per disabili], comprensiva di logopedia, valutazione psicologica e una consulenza pediatrica.<\/span><\/li>\n<li style=\"text-align: justify;\"><span style=\"color: #000000;\">Per ottenere una visita con uno psichiatra infantile che attesti TDA\/h [un deficit di attenzione\/ iperattivit\u00e0] e quindi beneficare di un trattamento farmacologico adeguato, un bambino ha bisogno di una prescrizione medica e di una valutazione neuropsicologica. Lo psichiatra, esclusivamente ospedaliero, sar\u00e0 poi l&#8217;unico a poter prescrivere, la prima volta e le volte successive, il metilfenidato (meglio noto come Ritalin).<\/span><\/li>\n<\/ul>\n<p style=\"text-align: justify;\"><span style=\"color: #000000;\"><img loading=\"lazy\" decoding=\"async\" class=\" wp-image-51515 alignleft\" src=\"https:\/\/www.rassegnastampa-totustuus.it\/cattolica\/wp-content\/uploads\/2021\/06\/gender-2.jpg\" alt=\"\" width=\"188\" height=\"284\" \/>Il film, che presuppone un montaggio ponderato e mirato, mostra che, al secondo appuntamento con lo psichiatra infantile, due o tre mesi dopo, il bambino, che non lo ha mai incontrato da solo, non ha ancora beneficiato della minima indagine psicologica quando lo stesso giorno gli verr\u00e0 fissato un appuntamento con l&#8217;endocrinologo per preparare il protocollo di cambio sesso.<\/span><\/p>\n<p style=\"text-align: justify;\"><span style=\"color: #000000;\">Di cosa si tratta? Offrire bloccanti della pubert\u00e0 e consentire a Sasha di mantenere, nonostante questo, le sue capacit\u00e0 procreative (3), sia interrompendo il trattamento che inibisce la sua pubert\u00e0 per il tempo necessario alla raccolta degli spermatozoi (ma questa opzione sembra la meno favorita dal medico), oppure attraverso la maturazione in vitro di tessuto testicolare, tutto questo \u201cspiegato\u201d in poche parole ad un bambino di otto anni. \u00c8 quindi gi\u00e0 previsto che Sasha, 8 anni, entri in un percorso di &#8220;transizione di genere&#8221; che porta ad un cambiamento radicale del suo aspetto, prospettandone in futuro la castrazione e quindi la definitiva sterilit\u00e0.<\/span><\/p>\n<p style=\"text-align: justify;\"><span style=\"color: #000000;\"><img loading=\"lazy\" decoding=\"async\" class=\" wp-image-49472 alignright\" src=\"https:\/\/www.rassegnastampa-totustuus.it\/cattolica\/wp-content\/uploads\/2020\/12\/gender_trans-1.jpg\" alt=\"\" width=\"328\" height=\"218\" \/>L&#8217;attuazione di questi primi protocolli per l&#8217;infanzia (intesi, nel significato della <em>Convenzione internazionale sui diritti dell&#8217;infanzia<\/em>, come relativi a minori di 18 anni) inizia in diversi Paesi a generare procedimenti giudiziari avviati da alcuni adulti che hanno subito tali trattamenti prima della maggior et\u00e0 e successivamente hanno iniziato un processo di &#8220;detransizione&#8221;. <\/span><\/p>\n<p style=\"text-align: justify;\"><span style=\"color: #000000;\">Gli autori della denuncia sostengono che i protocolli sono stati attuati quando, da bambini, non avevano la capacit\u00e0 di comprenderne le implicazioni (sentenza Bell\/Tavistock) (4) e quindi di dare un consenso informato e reale a tali protocolli.<\/span><\/p>\n<p style=\"text-align: justify;\"><span style=\"color: #000000;\">Possiamo credere che Sasha sogni di essere una ragazza; dubitiamo gi\u00e0 un po&#8217; di pi\u00f9 che abbia capito cosa siano i bloccanti della pubert\u00e0, cosa implichi un trattamento del genere in termini di rinunce e complicazioni fino alla fine dei suoi giorni, e possiamo essere certi che non pu\u00f2 concepire la realt\u00e0 di un&#8217;ablazione dei suoi genitale, il cui uso sessuale gli \u00e8 ancora sconosciuto, cos\u00ec come la sessualit\u00e0 dell&#8217;adulto.<\/span><\/p>\n<p style=\"text-align: justify;\"><span style=\"color: #000000;\">Per quanto riguarda l&#8217;etica medica, \u00e8 chiaro che c&#8217;\u00e8 una doppia trasgressione (del procedimento cos\u00ec come viene presentato dal regista):<\/span><\/p>\n<ul>\n<li><span style=\"color: #000000;\">Mancato ascolto dei genitori e soprattutto del bambino prima di effettuare la diagnosi di &#8220;disforia di genere&#8221;<\/span><\/li>\n<li><span style=\"color: #000000;\">Esecuzione di interventi prima della pubert\u00e0<\/span><\/li>\n<\/ul>\n<h4 style=\"text-align: center;\"><span style=\"color: #000000;\">3. L&#8217;obiettivo polemico: la scuola dell&#8217;intolleranza<\/span><\/h4>\n<p style=\"text-align: justify;\"><span style=\"color: #000000;\"><img loading=\"lazy\" decoding=\"async\" class=\" wp-image-49310 alignleft\" src=\"https:\/\/www.rassegnastampa-totustuus.it\/cattolica\/wp-content\/uploads\/2020\/11\/amosessuali_gay_gender-300x150.jpg\" alt=\"\" width=\"320\" height=\"160\" srcset=\"https:\/\/www.rassegnastampa-totustuus.it\/cattolica\/wp-content\/uploads\/2020\/11\/amosessuali_gay_gender-300x150.jpg 300w, https:\/\/www.rassegnastampa-totustuus.it\/cattolica\/wp-content\/uploads\/2020\/11\/amosessuali_gay_gender.jpg 318w\" sizes=\"auto, (max-width: 320px) 100vw, 320px\" \/>Un altro aspetto molto problematico nella presentazione dei fatti rappresenta, a nostro avviso, una violazione dell&#8217;etica politica, in aggiunta alla questione dell&#8217;etica medica: la scuola di Sasha viene presentata immediatamente come un&#8217;istituzione retrograda e restia a soddisfare la richiesta dei genitori di veder trattato il loro bambino come una ragazza, proprio in quanto intollerante e ostile (questo \u00e8 il parere del regista [che emerge] attraverso il discorso dei genitori). Se possiamo comprendere la rabbia e la frustrazione della madre di Sasha, ci sembra sorprendente che non venga apprezzato il \u2018buon senso\u2019 dell&#8217;istituto scolastico:<\/span><\/p>\n<ul>\n<li style=\"text-align: justify;\"><span style=\"color: #000000;\">In primo luogo, le istituzioni scolastiche non devono accettare sistematicamente richieste particolari dei genitori quando queste non sono giustificate e riconosciute da uno specialista (si noti che la scuola accetta senza problemi il protocollo raccomandato dall&#8217;ospedale Robert Debr\u00e9 per l&#8217;anno scolastico successivo).<\/span><\/li>\n<li style=\"text-align: justify;\"><span style=\"color: #000000;\">La scuola \u00e8 tenuta al rispetto degli articoli del Codice Civile relativi al cambio di sesso (artt. 61- 5 e ss. del Codice Civile) e al cambio del nome (artt. 57 e 60 del Codice Civile). Se uno studente chiede di essere indicato con un nome che non compare nel suo stato civile, la scuola non \u00e8 tenuta a soddisfare tale richiesta. In secondo luogo, possiamo rallegrarci del fatto che la scuola, rara terza parte tra il bambino e i suoi genitori, non prenda alla lettera i discorsi dei genitori e dia una risposta dilatoria in attesa di una perizia medica e psicologica. La scuola, in quanto servizio pubblico, rappresentando cio\u00e8 lo Stato, \u00e8 tenuta a difendere i bambini; perci\u00f2, dovrebbe tutelare gli studenti e la loro libert\u00e0 di coscienza da ogni tentativo di pressione, indottrinamento (5) e violenza, sia che si verifichi a scuola che in famiglia<\/span><\/li>\n<\/ul>\n<p style=\"text-align: justify;\"><span style=\"color: #000000;\"><img loading=\"lazy\" decoding=\"async\" class=\" wp-image-42703 alignright\" src=\"https:\/\/www.rassegnastampa-totustuus.it\/cattolica\/wp-content\/uploads\/2019\/04\/gender-1-300x168.jpg\" alt=\"\" width=\"379\" height=\"212\" \/>Appare quindi evidente che un pregiudizio politico \u00e8 alla base delle argomentazioni del film: preso in una retorica radicale e militante, il bambino viene qui trasformato in un portavoce della causa trans di fronte a una societ\u00e0 tenuta a conformarsi senza batter ciglio alle ingiunzioni imposte dalle associazioni LGBTQI, pena l\u2019accusa di ostacolare il progresso sociale e i diritti dei futuri cittadini. <\/span><\/p>\n<p style=\"text-align: justify;\"><span style=\"color: #000000;\"><img loading=\"lazy\" decoding=\"async\" class=\"size-full wp-image-35366 alignleft\" src=\"https:\/\/www.rassegnastampa-totustuus.it\/cattolica\/wp-content\/uploads\/2005\/07\/scuola-1.jpg\" alt=\"\" width=\"275\" height=\"183\" \/>Tuttavia, questo pensiero essenzialista, che determina e congela le identit\u00e0 sessuali fin dall&#8217;infanzia, \u00e8 profondamente contrario ai principi universalistici e umanistici ai quali la Scuola si richiama. La missione degli insegnanti non \u00e8 quella di aderire automaticamente alle esigenze specifiche di ciascuna comunit\u00e0 a scapito dei principi fondanti della Scuola repubblicana, ma al contrario \u00e8 quella di proteggere gli studenti dalle pressioni dei gruppi (religiosi, comunitari, politici, ecc.), di assicurare la loro integrit\u00e0 fisica e di preservarne lo spirito ancora in formazione, da discorsi settari, radicali o da influenze esterne. <\/span><\/p>\n<p style=\"text-align: justify;\"><span style=\"color: #000000;\">\u00c8 in questo spirito che si iscrivono le regole della nostra laicit\u00e0 scolastica, ed \u00e8 sulla base di queste che si potrebbe anche interpretare positivamente la riluttanza degli insegnanti di Sasha di fronte ai suoi genitori. Saremmo altrettanto preoccupati per il rifiuto dell&#8217;istituto scolastico di accettare le rimostranze di un fervente studente Amish, sostenuto dai suoi genitori?<\/span><\/p>\n<h4 style=\"text-align: center;\"><strong><span style=\"color: #000000;\">II \u2013 Il bambino, un essere in divenire<\/span><\/strong><\/h4>\n<p style=\"text-align: justify;\"><span style=\"color: #000000;\"><img loading=\"lazy\" decoding=\"async\" class=\"wp-image-29241 alignright\" src=\"https:\/\/www.rassegnastampa-totustuus.it\/cattolica\/wp-content\/uploads\/2016\/01\/scuola.jpg\" alt=\"\" width=\"316\" height=\"178\" \/>Soprattutto, ci sembra fondamentale essere attenti al processo evolutivo specifico dell&#8217;infanzia e dell&#8217;adolescenza e prendersi del tempo prima di qualsiasi indicazione di cure mediche. L&#8217;urgenza dell&#8217;intervento viene giustificata con il verificarsi di trasformazioni, nella pubert\u00e0, che influenzerebbero il potenziale \u201csuccesso\u201d di future trasformazioni chirurgiche.<\/span><\/p>\n<p style=\"text-align: justify;\"><span style=\"color: #000000;\">Il 3 dicembre 2020, una rubrica su The Guardian (6), ha evidenziato il caso di Bell, una ex paziente che si rammarica del trattamento di trasformazione di genere ricevuto durante la sua adolescenza e sostiene di essere stata troppo giovane per acconsentire alle cure mediche con cui \u00e8 iniziata la sua transizione da femmina a maschio, in questa prima fase della sua vita. Nel verdetto di 38 pagine sopra citato (7), l&#8217;Alta Corte di Londra, ha stabilito che i bambini di et\u00e0 inferiore ai 16 anni che stanno valutando la riassegnazione di genere non sono abbastanza maturi per esprimere un consenso informato alla prescrizione di farmaci bloccanti la pubert\u00e0. <\/span><\/p>\n<p style=\"text-align: justify;\"><span style=\"color: #000000;\"><img loading=\"lazy\" decoding=\"async\" class=\" wp-image-48057 alignleft\" src=\"https:\/\/www.rassegnastampa-totustuus.it\/cattolica\/wp-content\/uploads\/2020\/08\/trans_gender.jpg\" alt=\"\" width=\"348\" height=\"200\" \/>E per i giovani di et\u00e0 compresa tra 16 e 17 anni, ha osservato che, sebbene la legge (britannica) attribuisca loro la capacit\u00e0 giuridica di acconsentire alle cure mediche (8), \u00e8 consapevole del fatto che i medici potrebbero ritenere doverosa l\u2019autorizzazione di un tribunale (9) prima di iniziare il trattamento. <\/span><\/p>\n<p style=\"text-align: justify;\"><span style=\"color: #000000;\">Sembra quindi con questa conclusione raccomandare ai medici di non iniziare i trattamenti medici per i giovani minori di 16 e 17 anni, prima di una sentenza favorevole. Con questo verdetto dell&#8217;Alta Corte, si spera che l&#8217;intervento medico per i minori affetti da disforia di genere &#8211; soprattutto di et\u00e0 inferiore ai 16 anni \u2013 diventi pi\u00f9 cauto.<\/span><\/p>\n<h4 style=\"text-align: center;\"><span style=\"color: #000000;\"><strong>1. problemi psichici associati<\/strong><\/span><\/h4>\n<p style=\"text-align: justify;\"><span style=\"color: #000000;\">La \u201ctransessualit\u00e0\u201d tra i minori \u00e8 presentata da alcuni come un diritto, un progresso sociale, che sarebbe discriminatorio mettere in discussione, considerare come un sintomo. Tuttavia, la nostra esperienza dopo un secolo di lavoro in psicologia infantile ci obbliga a considerarla prima di tutto come transitoria o addirittura sintomatica.<\/span><\/p>\n<p style=\"text-align: justify;\"><span style=\"color: #000000;\"><img loading=\"lazy\" decoding=\"async\" class=\"wp-image-49478 alignright\" src=\"https:\/\/www.rassegnastampa-totustuus.it\/cattolica\/wp-content\/uploads\/2020\/12\/disforia_gender-1-300x168.jpg\" alt=\"\" width=\"334\" height=\"187\" \/>Nell&#8217;adolescenza, in particolare, la messa in discussione della propria identit\u00e0 sessuale fa parte di una problematica propria di questa et\u00e0.<\/span><\/p>\n<p style=\"text-align: justify;\"><span style=\"color: #000000;\">Tuttavia, tale ricerca adolescenziale, che muove fisiologicamente il processo di maturazione essenziale per la costruzione personale del futuro adulto, rischia ora di venire categorizzata dai social network come una verit\u00e0 soggettiva [stabilita unicamente dal soggetto in base alle proprie percezioni]. L&#8217;offerta tecnico-sanitaria ampiamente veicolata dai social network e dalla propaganda comunitaria nega e vorrebbe abolire questa tappa fondamentale della costruzione\/maturazione del soggetto.<\/span><\/p>\n<p style=\"text-align: justify;\"><span style=\"color: #000000;\">L&#8217;aumento delle richieste mette in discussione la loro presunta consistenza e soprattutto la risposta univoca ad esse data. Questa moltiplicazione recente (meno di 10 anni) potrebbe essere stata favorita da due fattori, molto diversi, ma non necessariamente incompatibili:<\/span><\/p>\n<ul>\n<li><span style=\"color: #000000;\">i soggetti che si interrogano sul proprio sesso si sentono finalmente autorizzati ad esprimere il proprio disagio grazie a una maggiore tolleranza della societ\u00e0 nei loro confronti;<\/span><\/li>\n<li><span style=\"color: #000000;\">una parte significativa di queste richieste rappresenta un fenomeno sociale (10), per cui la \u201ctransessualit\u00e0\u201d appare come una risposta ad un profondo malessere dell&#8217;adolescenza, una risposta radicale, medicalizzata, che risolverebbe le difficolt\u00e0 una volta per\u00a0 tutte<br \/>\n<\/span><\/li>\n<\/ul>\n<p style=\"text-align: justify;\"><span style=\"color: #000000;\"><img loading=\"lazy\" decoding=\"async\" class=\" wp-image-22699 alignleft\" src=\"https:\/\/www.rassegnastampa-totustuus.it\/cattolica\/wp-content\/uploads\/2011\/07\/gender_identity.jpg\" alt=\"\" width=\"249\" height=\"230\" \/>\u00c8 su questo secondo punto che desideriamo richiamare l&#8217;attenzione. Infatti, sembra che, poich\u00e9 il desiderio di &#8220;transizione di genere&#8221; non \u00e8 pi\u00f9 considerato fenomeno psicopatologico dalla nuova versione del DSM, esso non vada nemmeno pi\u00f9 considerato come il sintomo di una struttura psichica vulnerabile, nonostante il fatto che troviamo, in questi giovani, un numero elevatissimo di disturbi psichiatrici associati: anoressia, autismo, depressione, disturbi psicotici, traumi legati ad aggressioni sessuali, ecc.<\/span><\/p>\n<h4 style=\"text-align: center;\"><strong><span style=\"color: #000000;\">2. Un bambino non \u00e8 un adulto in miniatura<\/span><\/strong><\/h4>\n<p style=\"text-align: justify;\"><span style=\"color: #000000;\">La nostra messa in discussione non riguarda la &#8220;transessualit\u00e0&#8221; in quanto tale, n\u00e9 la sua diagnosi o la sua eziologia, ma la continuit\u00e0, che appare fin troppo evidente nel discorso militante attorno a questa questione, tra il disturbo del bambino, quello dell&#8217;adolescente e quello dell\u2019adulto.<\/span><\/p>\n<ul>\n<li style=\"text-align: justify;\"><span style=\"color: #000000;\">In effetti, un bambino &#8211; e anche un adolescente &#8211; non \u00e8 un adulto, ma \u00e8 un essere in via di sviluppo: il suo sistema neurale sta maturando, le sue capacit\u00e0 cognitive e intellettive sono immature, il suo funzionamento psichico \u00e8 labile, la sua suggestionabilit\u00e0 al linguaggio adulto \u00e8 significativa, la sua l&#8217;esperienza di vita \u00e8 limitata. In sintesi, la psicopatologia del bambino \u00e8 particolare e le nosografie differiscono tra bambino, adolescente e adulto: non possiamo quindi applicare gli stessi criteri n\u00e9 la stessa ampiezza di\u00a0 decisione<br \/>\n<\/span><\/li>\n<li style=\"text-align: justify;\"><span style=\"color: #000000;\">D&#8217;altra parte, la pubert\u00e0 non \u00e8 solo un fenomeno fisico, ma un processo di sviluppo e maturazione psicologica, che comporta cambiamenti psichici, consentendo all&#8217;individuo di maturare come \u201csoggetto\u201d quando questa fase sta andando abbastanza In caso contrario, la pubert\u00e0 e pi\u00f9 in generale l&#8217;adolescenza rappresentano un periodo di notevole rischio psicologico, e tutti sappiamo da molto tempo quanto sia importante questa parte della vita nella comparsa delle patologie psichiatriche.<\/span><\/li>\n<\/ul>\n<h4 style=\"text-align: center;\"><strong><span style=\"color: #000000;\">3. Una richiesta del bambino?<\/span><\/strong><\/h4>\n<p style=\"text-align: justify;\"><span style=\"color: #000000;\"><img loading=\"lazy\" decoding=\"async\" class=\" wp-image-54524 alignright\" src=\"https:\/\/www.rassegnastampa-totustuus.it\/cattolica\/wp-content\/uploads\/2022\/07\/gender_drag_queen_Lgbt.jpg\" alt=\"\" width=\"343\" height=\"228\" \/>Ci sembra fondamentale mettere in discussione la richiesta, che dovrebbe essere quella del bambino, di cambiare sesso. Sappiamo come il bambino sia influenzato dal discorso degli adulti e dei suoi coetanei. Questo non mette in discussione la sua capacit\u00e0 di pensare per conto suo, ma negare influenze esterne, a volte condizionanti, sarebbe malafede.<\/span><\/p>\n<p style=\"text-align: justify;\"><span style=\"color: #000000;\">Senza nemmeno tentare di discutere il fatto che il bambino &#8220;sente&#8221; di appartenere all&#8217;altro sesso, segnaliamo come non scontata la liceit\u00e0 di attuare una trasformazione irreversibile che inizierebbe prima e durante la pubert\u00e0 e il processo dell&#8217;adolescenza.<\/span><\/p>\n<p style=\"text-align: justify;\"><span style=\"color: #000000;\"><img loading=\"lazy\" decoding=\"async\" class=\" wp-image-54528 alignleft\" src=\"https:\/\/www.rassegnastampa-totustuus.it\/cattolica\/wp-content\/uploads\/2022\/09\/gender_drag_queen_Lgbt.jpg\" alt=\"\" width=\"283\" height=\"234\" \/>Molti studi sull&#8217;argomento mostrano che la maggior parte dei bambini incerti sulla propria identit\u00e0 sessuale e sui criteri di appartenenza a un genere, dopo la pubert\u00e0 non si prefiggono pi\u00f9 l\u2019obiettivo della propria trasformazione (85%) (11). Conoscendo questi dati, perch\u00e9 non si prevede subito, non appena diagnosticata la disforia, l&#8217;avvio di un protocollo pluriennale che preveda incontri con endocrinologi, previsioni sullo sviluppo degli organi sessuali di nascita, progetti chirurgici, ecc.?<\/span><\/p>\n<h4 style=\"text-align: center;\"><span style=\"color: #000000;\">I<strong>II\u2013 La violazione del corpo del bambino o dell\u2019adolescente<\/strong><\/span><\/h4>\n<h5 style=\"text-align: center;\"><span style=\"color: #000000;\"><em>1 Presunti benefici psichici<\/em><\/span><\/h5>\n<p style=\"text-align: justify;\"><span style=\"color: #000000;\">Alcuni psichiatri brandiscono sistematicamente un presunto grande rischio suicidario in questa giovane popolazione, per squalificare come \u2018criminali\u2019 tutti i comportamenti prudenti, che mettono in discussione la radicalit\u00e0 del trattamento, o semplicemente suggeriscono la necessit\u00e0 di prendersi del tempo.<\/span><\/p>\n<p style=\"text-align: justify;\"><span style=\"color: #000000;\"><img loading=\"lazy\" decoding=\"async\" class=\"wp-image-49476 alignright\" src=\"https:\/\/www.rassegnastampa-totustuus.it\/cattolica\/wp-content\/uploads\/2020\/12\/gender_trans-2-300x168.jpg\" alt=\"\" width=\"329\" height=\"184\" \/>Cos\u00ec, il padre di una giovane ragazza che ha deciso di cambiare sesso, attesta il modo in cui gli viene chiesto, ogni volta che mette in dubbio l&#8217;urgenza dei trattamenti <strong>&#8220;Signore, preferirebbe una ragazza morta o un ragazzo vivo? <\/strong>(12). Questa formula, ripetuta regolarmente da diversi interlocutori, ricatta questo padre che \u00e8 chiamato a scegliere tra essere un buon padre o un cattivo padre &#8220;transfobico&#8221;, il quale oltretutto sarebbe responsabile del presunto suicidio del figlio (13).<\/span><\/p>\n<p style=\"text-align: justify;\"><span style=\"color: #000000;\">Tuttavia, sembra importante sottolineare:<\/span><\/p>\n<ul>\n<li style=\"text-align: justify;\"><span style=\"color: #000000;\">Che gli studi che affermano l&#8217;esistenza di un tale rischio sono limitati e controversi (14) perch\u00e9 non possono dimostrare che altri fattori non siano coinvolti. Non si basano su alcun procedimento scientifico, come lo svolgimento di gruppi di controllo o studi longitudinali<\/span><\/li>\n<li style=\"text-align: justify;\"><span style=\"color: #000000;\">Possiamo vedere un effetto benefico del trattamento ormonale sul momento, ma non sappiamo cosa accadr\u00e0 negli anni<\/span><\/li>\n<li style=\"text-align: justify;\"><span style=\"color: #000000;\">Che il rischio di suicidio \u00e8 davvero maggiore nella popolazione trans, ma questo anche tra gli adulti e successivamente alle trasformazioni sociali e fisiche<\/span><\/li>\n<li style=\"text-align: justify;\"><span style=\"color: #000000;\">Infine, anche se questo trattamento sembra pertinente in alcuni casi, in altri soggetti (i cosiddetti \u201cdetransitioner\u201d) risulta evidente il rimpianto per la condizione precedente (15).<\/span><\/li>\n<\/ul>\n<h5 style=\"text-align: center;\"><em><span style=\"color: #000000;\">2. Gli inibitori della pubert\u00e0<\/span><\/em><\/h5>\n<p style=\"text-align: justify;\"><span style=\"color: #000000;\">Gli effetti dei farmaci bloccanti della pubert\u00e0 (16), che consentono la mancata comparsa dei caratteri sessuali secondari, vengono presentati come apparentemente reversibili, una volta interrotti. I medici hanno finora solo pochi studi, quando somministrati tra i 12 e i 16 anni di et\u00e0.<\/span><\/p>\n<p style=\"text-align: justify;\"><span style=\"color: #000000;\">D&#8217;altra parte, gli studi mostrano effetti collaterali a breve e medio termine nei bambini. Possiamo notare:<\/span><\/p>\n<p style=\"text-align: justify;\"><span style=\"color: #000000;\"><u>Effetti moderati<\/u>:<\/span><\/p>\n<p style=\"text-align: justify;\"><span style=\"color: #000000;\">&#8211; male alla testa, vampate,<\/span><\/p>\n<p style=\"text-align: justify;\"><span style=\"color: #000000;\">&#8211; dolore addominale,<\/span><\/p>\n<p style=\"text-align: justify;\"><span style=\"color: #000000;\">&#8211; sanguinamento vaginale nelle ragazze, aumento di peso,<\/span><\/p>\n<p style=\"text-align: justify;\"><span style=\"color: #000000;\">&#8211; cambiamenti di umore <\/span><\/p>\n<p style=\"text-align: justify;\"><span style=\"color: #000000;\"><u>Effetti pi\u00f9 forti<\/u>:<\/span><\/p>\n<p style=\"text-align: justify;\"><span style=\"color: #000000;\">&#8211; diminuzione della densit\u00e0 ossea (1% al mese), rischio di depressione<\/span><\/p>\n<p style=\"text-align: justify;\"><span style=\"color: #000000;\"><img loading=\"lazy\" decoding=\"async\" class=\" wp-image-53260 alignleft\" src=\"https:\/\/www.rassegnastampa-totustuus.it\/cattolica\/wp-content\/uploads\/2021\/12\/eutanasia_medicina.jpg\" alt=\"\" width=\"281\" height=\"187\" \/>Questi bloccanti della pubert\u00e0, combinati con ormoni antagonisti, possono portare alla sterilit\u00e0 permanente, anche se i genitali sono preservati. Sembra molto sorprendente immaginare che un bambino o un adolescente sia in grado di rinunciare, per il resto della sua vita adulta, al possibile concepimento di un bambino.<\/span><\/p>\n<p style=\"text-align: justify;\"><span style=\"color: #000000;\">Infine, la pubert\u00e0 nell&#8217;uomo non corrisponde solo all&#8217;accesso alla genitalit\u00e0 adulta, ma \u00e8 al tempo stesso un periodo di intense riorganizzazioni psichiche, che contribuiscono al processo di soggettivazione: ogni adulto sa fino a che punto questo periodo della sua vita \u00e8 alla base della sua personalit\u00e0, del suo orientamento sessuale, della scoperta del proprio corpo e dei piaceri genitali, della necessaria separazione dalle figure genitoriali, ecc.<\/span><\/p>\n<p style=\"text-align: justify;\"><span style=\"color: #000000;\">La questione \u00e8 vitale: possiamo, senza questa esperienza, fare in modo che l&#8217;individuo si sviluppi in modo tale da poter sapere cosa vuole veramente? La questione dell&#8217;esperienza di vita reale \u00e8 importante e non pu\u00f2 essere trascurata. L&#8217;etica ci impone questi interrogativi che, peraltro, oggi sono particolarmente scottanti per quanto riguarda il consenso, cio\u00e8 la possibilit\u00e0 di decidere liberamente di un bambino, mentre sta ancora crescendo sotto la guida degli adulti a cui si riconosce tale compito.<\/span><\/p>\n<h5 style=\"text-align: center;\"><em><span style=\"color: #000000;\">3. Gli ormoni antagonisti<\/span><\/em><\/h5>\n<p style=\"text-align: justify;\"><span style=\"color: #000000;\"><img loading=\"lazy\" decoding=\"async\" class=\" wp-image-55085 alignright\" src=\"https:\/\/www.rassegnastampa-totustuus.it\/cattolica\/wp-content\/uploads\/2022\/11\/sanit\u00e0_medicina_bambini.jpg\" alt=\"\" width=\"322\" height=\"182\" \/>La terapia ormonale seguita nell&#8217;ambito di un cambio di sesso non \u00e8 priva di rischi per la salute.<\/span><\/p>\n<p style=\"text-align: justify;\"><span style=\"color: #000000;\">Gli estrogeni sono sconsigliati in caso di pressione alta, diabete, epilessia, lupus, disturbi epatici, emicrania grave, otospongiosi. Portano a rischi a lungo termine: aumento della percentuale di ictus, incidenti tromboembolici venosi o addirittura arteriosi, problemi metabolici con ipercolesterolemia, calcoli biliari e aumento di peso.<\/span><\/p>\n<p style=\"text-align: justify;\"><span style=\"color: #000000;\">I rischi metabolici e vascolari dei progestinici sintetici si sommano a quelli degli estrogeni e portano, come effetto secondario del trattamento con clormadinone acetato o nomegestrolo acetato, progestinici frequentemente prescritti, ad un aumento dei casi di meningiomi.<\/span><\/p>\n<p style=\"text-align: justify;\"><span style=\"color: #000000;\"><img loading=\"lazy\" decoding=\"async\" class=\" wp-image-55086 alignleft\" src=\"https:\/\/www.rassegnastampa-totustuus.it\/cattolica\/wp-content\/uploads\/2022\/11\/gender-1.jpg\" alt=\"\" width=\"153\" height=\"241\" \/>Per quanto riguarda il testosterone, l&#8217;effetto virilizzante, in particolare la pelosit\u00e0 e la voce, \u00e8 definitivo. L&#8217;esistenza di numerosi effetti collaterali richiede un&#8217;accurata visita medica prima di qualsiasi prescrizione, oltre al monitoraggio organico: tra gli altri, pressione alta e rischio di infarto del miocardio, ipercolesterolemia, tromboembolismo venoso, ipercalcemia, aumento di peso, cautela in caso di trombofilia, in chi soffre di emicrania, nei pazienti diabetici, negli epilettici e in chi soffre di insufficienza epatica.<\/span><\/p>\n<p style=\"text-align: justify;\"><span style=\"color: #000000;\">Frequentemente si notano sbalzi d&#8217;umore, aggressivit\u00e0, impazienza durante il trattamento.<\/span><\/p>\n<p style=\"text-align: justify;\"><span style=\"color: #000000;\">Secondo uno studio del 2018 (17), le donne transgender hanno quasi il doppio delle probabilit\u00e0 di sviluppare malattie tromboemboliche venose. Questo rischio aumenta ancora di pi\u00f9 nel corso degli anni. Per quanto riguarda il rischio di avere un ictus causato da un trombo, le probabilit\u00e0 sono 9,9 volte pi\u00f9 alte nelle donne transgender rispetto al gruppo di controllo.<\/span><\/p>\n<h5 style=\"text-align: center;\"><span style=\"color: #000000;\"><em>4. La chirurgia<\/em><\/span><\/h5>\n<p style=\"text-align: justify;\"><span style=\"color: #000000;\"><img loading=\"lazy\" decoding=\"async\" class=\" wp-image-55087 alignright\" src=\"https:\/\/www.rassegnastampa-totustuus.it\/cattolica\/wp-content\/uploads\/2022\/11\/medicina_sanit\u00e0_chirurgia.jpg\" alt=\"\" width=\"369\" height=\"225\" \/>L&#8217;intervento \u00e8 innegabilmente macchinoso, <strong>rischioso e con esiti finali scadenti <\/strong>(18). In alcuni Paesi \u00e8 possibile prima della maggiore et\u00e0. \u00c8 il caso della Francia, anche se al momento sembra essere ancora poco praticato. <\/span><\/p>\n<p style=\"text-align: justify;\"><span style=\"color: #000000;\">Bisognerebbe conoscere il numero di interventi eseguiti su minori con \u201cdisforia di genere\u201d, poich\u00e9 si tratta di interventi chirurgici mutilanti (in particolare mastectomia nelle ragazze, rimozione dei testicoli nei ragazzi).<\/span><\/p>\n<p style=\"text-align: justify;\"><span style=\"color: #000000;\">Da tutto ci\u00f2 emerge che nel contesto attuale ci troviamo di fronte a esperimenti medici sui bambini, rigorosamente vietati, e contrari all&#8217;etica medica (il <em>primum non nocere <\/em>del giuramento di Ippocrate).<\/span><\/p>\n<h4 style=\"text-align: center;\"><span style=\"color: #000000;\"><strong>IV \u2013 Alcune raccomandazioni di buon senso<\/strong><\/span><\/h4>\n<p style=\"text-align: justify;\"><span style=\"color: #000000;\"><img loading=\"lazy\" decoding=\"async\" class=\" wp-image-55088 alignleft\" src=\"https:\/\/www.rassegnastampa-totustuus.it\/cattolica\/wp-content\/uploads\/2022\/11\/gender_genere_persone-300x168.jpg\" alt=\"\" width=\"327\" height=\"183\" \/>Non si tratta ovviamente di lasciare un bambino solo di fronte alla sua reale angoscia in un conflitto di genere. Se la sofferenza del bambino deve ovviamente essere ascoltata, accolta e accompagnata, gli adulti devono, da parte loro, assicurare protezione ai bambini e questo talvolta a scapito dell&#8217;immediata soddisfazione del loro desiderio. L&#8217;attesa di una soluzione sembra spesso una sofferenza insopportabile, soprattutto perch\u00e9 si aggiunge a un&#8217;angoscia iniziale.<\/span><\/p>\n<p style=\"text-align: justify;\"><span style=\"color: #000000;\">Eppure, sappiamo tutti benissimo che l&#8217;attesa permette un lavoro di riflessione senza fretta, di introspezione distaccata dagli influssi dell&#8217;ambiente, permette anche di superare momenti critici e di continuare la propria crescita, la propria evoluzione personale. Psichico e somatico sono intimamente legati, e non c&#8217;\u00e8 mai una risposta unilaterale e immediata a un problema psicologico. \u00c8 quindi fondamentale in ogni approccio preservare la possibilit\u00e0 di un lungo arco di tempo, attualmente malvisto a causa di una presunta emergenza medica, e saper attendere, in particolare, l&#8217;et\u00e0 necessaria per garantire la capacit\u00e0 di discernere questi argomenti.<\/span><\/p>\n<h5 style=\"text-align: center;\"><span style=\"color: #000000;\"><em>Dal punto di vista medico<\/em><\/span><\/h5>\n<p><img loading=\"lazy\" decoding=\"async\" class=\"wp-image-45314  alignright\" src=\"https:\/\/www.rassegnastampa-totustuus.it\/cattolica\/wp-content\/uploads\/2019\/12\/medici_sanit\u00e0_ospedale-300x196.jpg\" alt=\"\" width=\"354\" height=\"231\" srcset=\"https:\/\/www.rassegnastampa-totustuus.it\/cattolica\/wp-content\/uploads\/2019\/12\/medici_sanit\u00e0_ospedale-300x196.jpg 300w, https:\/\/www.rassegnastampa-totustuus.it\/cattolica\/wp-content\/uploads\/2019\/12\/medici_sanit\u00e0_ospedale-768x501.jpg 768w, https:\/\/www.rassegnastampa-totustuus.it\/cattolica\/wp-content\/uploads\/2019\/12\/medici_sanit\u00e0_ospedale-1024x668.jpg 1024w, https:\/\/www.rassegnastampa-totustuus.it\/cattolica\/wp-content\/uploads\/2019\/12\/medici_sanit\u00e0_ospedale.jpg 1600w\" sizes=\"auto, (max-width: 354px) 100vw, 354px\" \/><\/p>\n<p style=\"text-align: justify;\"><span style=\"color: #000000;\">Ci sembra molto inquietante e problematico negare a tali soggetti in divenire l&#8217;accesso a uno stadio di sviluppo essenziale per la loro costruzione psichica.<\/span><\/p>\n<p style=\"text-align: justify;\"><span style=\"color: #000000;\">L&#8217;interesse superiore del bambino, legato alla sua immaturit\u00e0 fisica e cognitiva, dovrebbe vietarci qualsiasi intervento sul suo corpo che non sia una questione di urgenza vitale o di cure essenziali per la sua salute. Il colloquio con i familiari e gli stessi bambini dovrebbero avere la precedenza durante l&#8217;infanzia e l&#8217;adolescenza, per aiutare il minore a trovare risposte specifiche alla sua sofferenza (e non offrirgli un protocollo medico sistematizzato), preservando o aprendogli la possibilit\u00e0 di un dubbio sulla sua problematica.<\/span><\/p>\n<p style=\"text-align: justify;\"><span style=\"color: #000000;\">Noi raccomandiamo:<\/span><\/p>\n<ul>\n<li style=\"text-align: justify;\"><span style=\"color: #000000;\"><strong>Studi multidisciplinari di salute pubblica <\/strong>svolti nei servizi ospedalieri, collegi e scuole superiori per mostrare la consistenza numerica della &#8220;disforia di genere&#8221;<\/span><\/li>\n<li style=\"text-align: justify;\"><span style=\"color: #000000;\"><strong>Seri studi e ricerche mediche e psichiatriche <\/strong>devono essere intrapresi, senza conflitto di interessi o obiettivi ideologici, per comprendere meglio questa nuova e giovanissima popolazione, per determinare l&#8217;impatto fisico e psicologico di questo tipo di trattamento sugli adulti prima di applicarlo uniformemente nei bambini e adolescenti, per osservare il peso dell&#8217;ambiente familiare, ma anche delle recenti influenze<\/span><\/li>\n<li style=\"text-align: justify;\"><span style=\"color: #000000;\">Sarebbe rilevante, come ha fatto il Regno Unito e come stanno iniziando a pensare altri Paesi (Stati Uniti, Svezia, Svizzera), sottoporre la questione a un Comitato di riflessione e di etica, composto da <strong>psichiatri e legali, ma anche da persone interessate alla tutela dell\u2019infanzia<\/strong>, in modo che, anche noi in Francia, possiamo legiferare su questa violazione del corpo del minore.<\/span><\/li>\n<li style=\"text-align: justify;\"><span style=\"color: #000000;\">Infine, la realizzazione di <strong>lunghe consulenze investigative e\/o psicoterapie specialistiche <\/strong>indipendenti dagli ospedali, luoghi di consultazione neutri e autonomi da ogni influenza ideologica, effettuati da personale specializzato che ha seguito una formazione <strong>multidisciplinare (medica, psicologica, sociologica, giuridica, ecc&#8230;), necessaria per affrontare questi problemi<\/strong>, per accogliere queste famiglie in discussione e spesso in crisi, e per rendere conto del proprio operato davanti alle autorit\u00e0 competenti. Tale compito non pu\u00f2 limitarsi a convalidare prescrizioni terapeutiche effettuate da endocrinologi, per quanto efficaci possano essere, come di fatto avviene in alcuni servizi psichiatrici dedicati alla disforia di<\/span><\/li>\n<\/ul>\n<h4 style=\"text-align: center;\"><span style=\"color: #000000;\"><strong>Il ruolo della Scuola<\/strong><\/span><\/h4>\n<p style=\"text-align: center;\"><span style=\"color: #000000;\"><strong>V &#8211; Affidarsi alla comunit\u00e0 educante<\/strong><\/span><\/p>\n<p style=\"text-align: justify;\"><span style=\"color: #000000;\"><img loading=\"lazy\" decoding=\"async\" class=\" wp-image-49660 alignleft\" src=\"https:\/\/www.rassegnastampa-totustuus.it\/cattolica\/wp-content\/uploads\/2021\/01\/scuola_giovani_studenti-300x169.jpg\" alt=\"\" width=\"346\" height=\"195\" srcset=\"https:\/\/www.rassegnastampa-totustuus.it\/cattolica\/wp-content\/uploads\/2021\/01\/scuola_giovani_studenti-300x169.jpg 300w, https:\/\/www.rassegnastampa-totustuus.it\/cattolica\/wp-content\/uploads\/2021\/01\/scuola_giovani_studenti-768x431.jpg 768w, https:\/\/www.rassegnastampa-totustuus.it\/cattolica\/wp-content\/uploads\/2021\/01\/scuola_giovani_studenti-1024x575.jpg 1024w, https:\/\/www.rassegnastampa-totustuus.it\/cattolica\/wp-content\/uploads\/2021\/01\/scuola_giovani_studenti.jpg 1280w\" sizes=\"auto, (max-width: 346px) 100vw, 346px\" \/>In ogni caso, la Scuola non pu\u00f2 in nessun caso diventare un posto del quale la societ\u00e0 pu\u00f2 sfondare le porte con minacce o anatemi alla comunit\u00e0 scolastica: respingiamo quindi con forza l&#8217;approccio prospettato, consistente nell&#8217;affrontare tali questioni con ingiunzioni o con la minaccia di sanzioni contro il corpo docente.<\/span><\/p>\n<p style=\"text-align: justify;\"><span style=\"color: #000000;\">Inoltre, la trattazione di questi problemi \u00e8 eminentemente complessa e sicuramente irriducibile a una regola unica o a una risposta sistematica: ogni caso \u00e8 per sua natura un caso particolare e richiede una consultazione reale di tutti gli adulti che circondano e accompagnano il bambino &#8211; genitori, educatori, medici e psicologi.<\/span><\/p>\n<p style=\"text-align: justify;\"><span style=\"color: #000000;\"><img loading=\"lazy\" decoding=\"async\" class=\" wp-image-36933 alignright\" src=\"https:\/\/www.rassegnastampa-totustuus.it\/cattolica\/wp-content\/uploads\/2016\/12\/scuola-superiore-300x168.jpg\" alt=\"\" width=\"357\" height=\"200\" \/>Tuttavia, questa consultazione pu\u00f2 nascere serenamente solo in un clima di fiducia, e non di sfiducia: le misure pi\u00f9 idonee devono poter essere discusse liberamente tra i vari protagonisti, senza passare per procedimenti legali in materia, rischiando di accrescere inutilmente le tensioni. Ci sembra essenziale in tali circostanze che l&#8217;istituzione abbia fiducia nella comunit\u00e0 educante per lavorare insieme alle famiglie e agli studenti interessati.<\/span><\/p>\n<h4 style=\"text-align: center;\"><span style=\"color: #000000;\"><strong>Conclusione<\/strong><\/span><\/h4>\n<p style=\"text-align: justify;\"><span style=\"color: #000000;\"><img loading=\"lazy\" decoding=\"async\" class=\" wp-image-47568 alignleft\" src=\"https:\/\/www.rassegnastampa-totustuus.it\/cattolica\/wp-content\/uploads\/2020\/06\/psichiatria_mente.jpg\" alt=\"\" width=\"315\" height=\"236\" \/>Da un lato si vuole depsichiatrizzare la &#8220;disforia di genere&#8221; e allo stesso tempo si ricorre alla psichiatria infantile per una diagnosi che probabilmente porter\u00e0 a una terapia: bloccanti della pubert\u00e0 e\/o trattamenti ormonali che vengono prescritti ai minori che non &#8220;si sentono&#8221; di appartenere al loro sesso biologico. La diagnosi \u00e8 necessaria per il riconoscimento del danno subito e la legittimazione dei \u201cdiritti\u201d.<\/span><\/p>\n<p style=\"text-align: justify;\"><span style=\"color: #000000;\">\u00c8 una riconsiderazione del discorso sull&#8217;infanzia a cui stiamo assistendo, guidato da ideologie che si traducono in fatti ad opera di nuove categorie diagnostiche e dei trattamenti che le accompagnano, cure che certamente esistono gi\u00e0, ma non in questo contesto, in cui possono essere considerate sperimentali.<\/span><\/p>\n<p style=\"text-align: justify;\"><span style=\"color: #000000;\"><img loading=\"lazy\" decoding=\"async\" class=\" wp-image-55089 alignright\" src=\"https:\/\/www.rassegnastampa-totustuus.it\/cattolica\/wp-content\/uploads\/2022\/11\/gender_gay_omosessualit\u00e0.jpg\" alt=\"\" width=\"337\" height=\"209\" \/>Con una ridefinizione dei diritti umani, \u00e8 la nozione di inclusione ad essere essenziale a tutti i livelli della societ\u00e0 e in particolare a scuola. La scuola deve adattarsi a tutti gli alunni, deve creare piani di intervento per tutti gli studenti, secondo categorie diverse e talvolta difficili da identificare. Non \u00e8 pi\u00f9 l&#8217;allievo che deve adeguarsi a un modello valido per tutti (universalista e repubblicano), ma la Scuola che deve occuparsi di tutte le particolarit\u00e0 dei suoi studenti, con il rischio di dover far fronte al disaccordo dei genitori (e delle rispettive associazioni). Ma ancora una volta, queste nuove norme non sono che effetti del mutato linguaggio.<\/span><\/p>\n<p style=\"text-align: justify;\"><span style=\"color: #000000;\">Osserviamo un divario tra questi discorsi e le pratiche cliniche, che vanno comprese caso per caso e che sono molto pi\u00f9 complesse e controverse di quanto si voglia far intendere.<\/span><\/p>\n<p style=\"text-align: justify;\"><span style=\"color: #000000;\"><img loading=\"lazy\" decoding=\"async\" class=\" wp-image-55090 alignleft\" src=\"https:\/\/www.rassegnastampa-totustuus.it\/cattolica\/wp-content\/uploads\/2022\/11\/gender_disforia-300x168.jpg\" alt=\"\" width=\"366\" height=\"205\" \/>Non si potrebbe pensare che la &#8220;disforia di genere&#8221; come definita nel DSM sarebbe pi\u00f9 un &#8220;agenda politica&#8221; come l&#8217;ADHD (19)? Si registra una passione per le valutazioni e le diagnosi per etichettare i bambini. E con ogni etichettatura si rischia di produrre protocolli o addirittura un nuovo linguaggio o un vademecum (cfr. transfobia) al fine di non stigmatizzare i bambini che rientrano in queste categorie (autistici, ADHD, trans, ecc.).<\/span><\/p>\n<p style=\"text-align: justify;\"><span style=\"color: #000000;\">Ma questo non sta riducendo questi bambini a identit\u00e0 forzatamente cristallizzate? Non c&#8217;\u00e8 il rischio di fare di queste identit\u00e0 &#8211; infantili delle bandiere per la causa degli adulti? Cosa si proietta sull&#8217;infanzia della societ\u00e0 e delle difficolt\u00e0 che la attraversano, della crisi culturale?<\/span><\/p>\n<p style=\"text-align: justify;\"><span style=\"color: #000000;\">\u00c8 opportuno prendersi cura del bambino, cio\u00e8 dargli la possibilit\u00e0 di crescere, preservandolo dalle proiezioni degli adulti per non confondere il linguaggio degli adulti con quello del bambino.<\/span><\/p>\n<p style=\"text-align: center;\"><span style=\"color: #000000;\"><strong>Documento prodotto dal<\/strong> gruppo di lavoro dell&#8217;Osservatorio<\/span><\/p>\n<p style=\"text-align: justify;\"><span style=\"color: #000000;\">C\u00e9line Masson, professoressa universitaria, psicoanalista, Anna Cognet, psicologa clinica, insegnante presso Psychoprat, Delphine Girard, professoressa di lettere classiche, Claire Squires, psichiatra, docente HDR presso l&#8217;Universit\u00e0 di Parigi, Laurence Croix, psicoanalista, Master of Lectures presso l&#8217;Universit\u00e0 di Parigi Paris Ouest Nanterre, Anne Perret, psichiatra infantile, medico ospedaliero, Pascale Belot-Fourcade, psichiatra, psicoanalista, Caroline Eliacheff, psichiatra, psicoanalista, Jean- Pierre Lebrun, psichiatra, psicoanalista, Xavier Gassmann, psicoanalista, Ren\u00e9 Dubos Hospital, Hana Rottman, pediatra, psichiatra, Olivia Sarton, avvocato, Anne-Laure Boch, neurochirurgo, filosofa, Ospedale Salp\u00eatri\u00e8re.<\/span><\/p>\n<h4 style=\"text-align: center;\"><span style=\"color: #000000;\"><strong>NOTE<\/strong><\/span><\/h4>\n<p style=\"text-align: justify;\"><span style=\"color: #000000;\"><strong>1)<\/strong><\/span> <a href=\"https:\/\/tradfem.wordpress.com\/2020\/02\/07\/dossier-trans-les-agents-bloqueurs-de-puberte-de-%20plus-en-plus-contestes-the-economist\/\" target=\"_blank\" rel=\"noopener noreferrer\">https:\/\/tradfem.wordpress.com\/2020\/02\/07\/dossier-trans-les-agents-bloqueurs-de-puberte-de- plus-en-plus-contestes-the-economist\/<\/a><\/p>\n<p style=\"text-align: justify;\"><span style=\"color: #000000;\">Secondo Jean Chambry nella sua conferenza del 3 febbraio 2021 al Cercle Freudien, dieci anni fa quando apr\u00ec il CIAPA (Centro Intersettoriale per Adolescenti a Parigi) c&#8217;erano una decina di richieste all&#8217;anno, nel 2020 si contano una decina di richieste al mese (solo per la regione Ile de France).<\/span><\/p>\n<p style=\"text-align: justify;\"><span style=\"color: #000000;\"><strong>2)<\/strong> Come avviene ad esempio per i film di Michael Moore, perch\u00e9 non rispetta i codici del contratto documentario, cfr. Lipson, D. (2015). Michael Moore e il nuovo contratto del documentario: dall&#8217;info- argomento all&#8217;info-tainment. Rivista francese di studi americani, speciale 145(4), 142-158.<\/span> <span style=\"color: #0000ff;\"><a style=\"color: #0000ff;\" href=\"https:\/\/doi.org\/10.3917\/rfea.145.0142\" target=\"_blank\" rel=\"noopener noreferrer\">https:\/\/doi.org\/10.3917\/rfea.145.0142<\/a><\/span><\/p>\n<p style=\"text-align: justify;\"><span style=\"color: #000000;\"><strong>3)<\/strong> Il documentario non sembra mostrare che il bambino e sua madre fossero pienamente informati delle conseguenze della scelta della transizione medica per quanto riguarda la capacit\u00e0 di avere figli. Se Sasha diventasse una donna trans, non potrebbe, secondo l&#8217;attuale legislazione francese, avere figli che usano i suoi gameti. Infatti, da sola, non potrebbe farne uso (anche ricorrendo alla chirurgia medica, non otterr\u00e0 un corpo femminile che le permetta di avere figli). Se avesse avuto una relazione con una donna biologica, avrebbe potuto utilizzare i suoi gameti solo ricorrendo alla riproduzione assistita. Tuttavia, la PMA \u00e8 attualmente possibile solo in Francia per le coppie eterosessuali. Se avesse avuto una relazione con un uomo biologico, avrebbe potuto usare i suoi gameti solo ricorrendo alla maternit\u00e0 surrogata, che \u00e8 vietata in Francia.<\/span><\/p>\n<p style=\"text-align: justify;\"><span style=\"color: #000000;\"><strong>4)<\/strong> Queste implicazioni sono state chiarite come segue dalla High Court di Londra il 1\u00b0 dicembre 2020 in Bell v. Tavistock, [2020] EWHC 3274: (I) le conseguenze immediate del trattamento in termini fisici e psicologici; (II) il fatto che la stragrande maggioranza dei pazienti che assumono bloccanti della pubert\u00e0 successivamente assumono ormoni sessuali incrociati e quindi si avviano ad interventi medici molto pi\u00f9 impegativi; (III) la relazione tra l&#8217;assunzione di ormoni del sesso opposto e il successivo intervento chirurgico, con le implicazioni di tale intervento; (IV) il fatto che l&#8217;assunzione di ormoni del sesso opposto pu\u00f2 portare alla perdita della fertilit\u00e0; (V) l&#8217;impatto dell&#8217;assunzione di ormoni del sesso opposto sulla funzione sessuale; (VI) l&#8217;impatto della scelta di questo trattamento sulle relazioni future e per tutta la vita; (VII) le conseguenze fisiche sconosciute dell&#8217;assunzione di bloccanti della pubert\u00e0; e (VIII) il fatto che la base di tale trattamento \u00e8 ancora molto incerta.<\/span><\/p>\n<p style=\"text-align: justify;\"><span style=\"color: #000000;\"><strong>5)<\/strong> Articolo L141-5-2 del Codice dell&#8217;Istruzione<\/span><\/p>\n<p style=\"text-align: justify;\"><span style=\"color: #0000ff;\"><span style=\"color: #000000;\"><strong>6)<\/strong><\/span> htt<a style=\"color: #0000ff;\" href=\"http:\/\/www.theguardian.com\/society\/2020\/dec\/03\/puberty-blockers-ruling-curbing-trans-rights-\" target=\"_blank\" rel=\"noopener noreferrer\">ps:\/\/www.theg<\/a>u<a style=\"color: #0000ff;\" href=\"http:\/\/www.theguardian.com\/society\/2020\/dec\/03\/puberty-blockers-ruling-curbing-trans-rights-\" target=\"_blank\" rel=\"noopener noreferrer\">ardian.com\/society\/2020\/dec\/03\/puberty-blockers-ruling-curbing-trans-rights-<\/a> or-a-victory-for-common-sense\u00a0<\/span><\/p>\n<p style=\"text-align: justify;\"><span style=\"color: #000000;\"><strong>7)<\/strong> High Court di Londra il 1\u00b0 dicembre 2020 nella causa Bell v. Tavistock, [2020] EWHC 3274<\/span><\/p>\n<p style=\"text-align: justify;\"><span style=\"color: #000000;\"><strong>8)<\/strong> sezione 8 della \u201cLegge sulla riforma del diritto di famiglia\u201d del 1969<\/span><\/p>\n<p style=\"text-align: justify;\"><span style=\"color: #000000;\"><strong>9)<\/strong> Possibilit\u00e0 creata dalla sentenza Re W (Trattamenti medici: giurisdizione del tribunale) [1993] Fam. 64<\/span><\/p>\n<p style=\"text-align: justify;\"><span style=\"color: #000000;\"><strong>10)<\/strong> Come esposto dalla dott.ssa Lisa Littman, in uno studio sull&#8217;influenza dei social network sulla disforia di genere improvvisa. Vedi Lisa Littman: Disforia di genere a insorgenza rapida negli adolescenti e nei giovani adulti: uno studio sui rapporti dei genitori, 2018.<\/span><\/p>\n<p style=\"text-align: justify;\"><span style=\"color: #000000;\"><strong>11)<\/strong> Cfr. Tesi di Filosofia, Devita Singh, A Follow-up Study of Boys with Gender Identity Disorder, Toroonto. &amp; \u201cSe non viene controllato, la maggior parte dei bambini disforici viene a patti con il proprio sesso biologico durante la pubert\u00e0 e si rende conto di essere semplicemente gay. Ma se li metti sui bloccanti, ci\u00f2 non accade\u201d. Dott.ssa Susan Bradley.<\/span><\/p>\n<p style=\"text-align: justify;\"><span style=\"color: #000000;\"><strong>12)<\/strong> Testimonianza scritta di un padre che per il momento \u00e8 rimasto anonimo, ma che \u00e8 pronto a testimoniare apertamente.<\/span><\/p>\n<p style=\"text-align: justify;\"><span style=\"color: #000000;\"><strong>13)<\/strong> Su questo argomento si veda questo articolo<\/span> <span style=\"color: #0000ff;\">https:\/<a style=\"color: #0000ff;\" href=\"https:\/\/www.transgendertrend.com\/suicide-by-trans-identified-children-in-england-and-wales\/\" target=\"_blank\" rel=\"noopener noreferrer\">\/www.trans<\/a>g<a style=\"color: #0000ff;\" href=\"http:\/\/www.transgendertrend.com\/suicide-by-\">endertrend.com\/suicide-by-<\/a>trans-identified-children-in-england-and-wales\/ .<\/span> <span style=\"color: #000000;\">Questo articolo del Prof. Mickael Biggs (Sociology, Oxford) sul tasso di suicidio dei giovani transidentificati, tende a mostrare a) che se la transitoriet\u00e0 pu\u00f2 essere un&#8217;aggravante, rimane comunque ben al di sotto dell&#8217;anoressia e della depressione e b) che non pu\u00f2 essere considerato senza tener conto del nesso autismo-transidentit\u00e0 (l&#8217;autismo \u00e8 di per s\u00e9 un&#8217;aggravante del suicidio).<\/span><\/p>\n<p style=\"text-align: justify;\"><span style=\"color: #000000;\"><strong>14)<\/strong> Studi rifiutati, incompleti o che estrapolano i risultati. Vedi https:\/\/medicine.yale.edu\/news- article\/26859\/, ma anche le indagini svolte per la sentenza Bell contro la Tavistock Clinic, oltre che l&#8217;indagine sul documentario svedese Trans train.<\/span><\/p>\n<p style=\"text-align: justify;\"><span style=\"color: #000000;\"><strong>15)<\/strong> Cfr. Bell contro Tavistock, ma anche testimonianze di adulti. Pure il documentario svedese Trans Train racconta testimonianze di persone transgender che condividono le loro domande e persino le loro critiche riguardo alle cure mediche.<\/span><\/p>\n<p style=\"text-align: justify;\"><span style=\"color: #000000;\"><strong>16)<\/strong> Cfr. Vidal, ad esempio la scheda relativa al Decapeptyl, un inibitore della pubert\u00e0.<\/span><\/p>\n<p style=\"text-align: justify;\"><span style=\"color: #000000;\"><strong>17)<\/strong><\/span> <span style=\"color: #0000ff;\"><a style=\"color: #0000ff;\" href=\"https:\/\/pubmed.ncbi.nlm.nih.gov\/30073551\/\" target=\"_blank\" rel=\"noopener noreferrer\">https:\/\/pubmed.ncbi.nlm.nih.gov\/30073551\/<\/a><\/span><\/p>\n<p style=\"text-align: justify;\"><span style=\"color: #000000;\"><strong>18)<\/strong> Testimonianza di un uomo trans:<\/span> <span style=\"color: #0000ff;\"><a style=\"color: #0000ff;\" href=\"https:\/\/quillette.com\/2020\/10\/06\/forget-what-gender-activists-%20tell-you-heres-what-medical-transition-looks-like\/\" target=\"_blank\" rel=\"noopener noreferrer\">https:\/\/quillette.com\/2020\/10\/06\/forget-what-gender-activists- tell-you-heres-what-medical-transition-looks-like\/<\/a><\/span><\/p>\n<p style=\"text-align: justify;\"><span style=\"color: #000000;\"><strong>19)<\/strong> T. Garcia-Fons, \u201cThe Denial of Childhood\u201d, apparir\u00e0 in Solving the Mental Health Puzzle: Charting a Course from Mental Disorders to Humane Helping, USA, 2021.<\/span><\/p>\n<p>_________________________________<\/p>\n<p><span style=\"color: #000000;\"><strong>Leggi anche:<\/strong><\/span><\/p>\n<p><a href=\"https:\/\/www.rassegnastampa-totustuus.it\/cattolica\/5-falsi-presupposti-dietro-la-transizione-di-genere-per-i-giovani\/\" target=\"_blank\" rel=\"noopener\"><span style=\"color: #0000ff;\">5 falsi presupposti dietro la transizione di genere per i giovani<\/span><\/a><\/p>\n","protected":false},"excerpt":{"rendered":"<p>Abstract: l&#8217;impatto delle terapie mediche sui minori con disforia di genere suggerisce un approccio pi\u00f9 responsabile alla questione, soprattutto in considerazione dell&#8217;attivismo aggressivo delle associazioni Lgbt che inducono molti giovani a ingiustificati dubbi riguardo il proprio sesso\u00a0<\/p><p><a class=\"more-link btn\" href=\"https:\/\/www.rassegnastampa-totustuus.it\/cattolica\/limpatto-delle-terapie-mediche-sui-minori-con-disforia-di-genere\/\">Continua a leggere<\/a><\/p>\n","protected":false},"author":6,"featured_media":49312,"comment_status":"closed","ping_status":"closed","sticky":false,"template":"","format":"standard","meta":{"footnotes":""},"categories":[125],"tags":[2935,437],"class_list":["post-55079","post","type-post","status-publish","format-standard","has-post-thumbnail","hentry","category-ideologia-del-gender","tag-disforia-di-genere","tag-ideologia-del-gender-2","item-wrap"],"yoast_head":"<!-- This site is optimized with the Yoast SEO plugin v27.5 - https:\/\/yoast.com\/product\/yoast-seo-wordpress\/ -->\n<title>L&#039;impatto delle terapie mediche sui minori con disforia di genere - Rassegna Stampa Cattolica<\/title>\n<meta name=\"description\" content=\"L&#039;impatto delle terapie mediche sui minori con disforia di genere, appello ad un approccio pi\u00f9 responsabile\" \/>\n<meta name=\"robots\" content=\"index, follow, max-snippet:-1, max-image-preview:large, max-video-preview:-1\" \/>\n<link rel=\"canonical\" href=\"https:\/\/www.rassegnastampa-totustuus.it\/cattolica\/limpatto-delle-terapie-mediche-sui-minori-con-disforia-di-genere\/\" \/>\n<meta property=\"og:locale\" content=\"it_IT\" \/>\n<meta property=\"og:type\" content=\"article\" \/>\n<meta property=\"og:title\" content=\"L&#039;impatto delle terapie mediche sui minori con disforia di genere - Rassegna Stampa Cattolica\" \/>\n<meta property=\"og:description\" content=\"L&#039;impatto delle terapie mediche sui minori con disforia di genere, appello ad un approccio pi\u00f9 responsabile\" \/>\n<meta property=\"og:url\" content=\"https:\/\/www.rassegnastampa-totustuus.it\/cattolica\/limpatto-delle-terapie-mediche-sui-minori-con-disforia-di-genere\/\" \/>\n<meta property=\"og:site_name\" content=\"Rassegna Stampa Cattolica\" \/>\n<meta property=\"article:publisher\" content=\"https:\/\/www.facebook.com\/rassegnastampacattolica\" \/>\n<meta property=\"article:published_time\" content=\"2022-11-16T23:00:06+00:00\" \/>\n<meta property=\"article:modified_time\" content=\"2024-02-11T16:18:42+00:00\" \/>\n<meta property=\"og:image\" content=\"https:\/\/www.rassegnastampa-totustuus.it\/cattolica\/wp-content\/uploads\/2020\/11\/gay_bandiera_gender.jpg\" \/>\n\t<meta property=\"og:image:width\" content=\"1280\" \/>\n\t<meta property=\"og:image:height\" content=\"960\" \/>\n\t<meta property=\"og:image:type\" content=\"image\/jpeg\" \/>\n<meta name=\"author\" content=\"Redazione\" \/>\n<meta name=\"twitter:card\" content=\"summary_large_image\" \/>\n<meta name=\"twitter:creator\" content=\"@rassegnastampa9\" \/>\n<meta name=\"twitter:site\" content=\"@rassegnastampa9\" \/>\n<meta name=\"twitter:label1\" content=\"Scritto da\" \/>\n\t<meta name=\"twitter:data1\" content=\"Redazione\" \/>\n\t<meta name=\"twitter:label2\" content=\"Tempo di lettura stimato\" \/>\n\t<meta name=\"twitter:data2\" content=\"37 minuti\" \/>\n<script type=\"application\/ld+json\" class=\"yoast-schema-graph\">{\"@context\":\"https:\\\/\\\/schema.org\",\"@graph\":[{\"@type\":\"Article\",\"@id\":\"https:\\\/\\\/www.rassegnastampa-totustuus.it\\\/cattolica\\\/limpatto-delle-terapie-mediche-sui-minori-con-disforia-di-genere\\\/#article\",\"isPartOf\":{\"@id\":\"https:\\\/\\\/www.rassegnastampa-totustuus.it\\\/cattolica\\\/limpatto-delle-terapie-mediche-sui-minori-con-disforia-di-genere\\\/\"},\"author\":{\"name\":\"Redazione\",\"@id\":\"https:\\\/\\\/www.rassegnastampa-totustuus.it\\\/cattolica\\\/#\\\/schema\\\/person\\\/08f319d2bd1a0904ad9e2bfb7b15e5c3\"},\"headline\":\"L&#8217;impatto delle terapie mediche sui minori con disforia di genere\",\"datePublished\":\"2022-11-16T23:00:06+00:00\",\"dateModified\":\"2024-02-11T16:18:42+00:00\",\"mainEntityOfPage\":{\"@id\":\"https:\\\/\\\/www.rassegnastampa-totustuus.it\\\/cattolica\\\/limpatto-delle-terapie-mediche-sui-minori-con-disforia-di-genere\\\/\"},\"wordCount\":5685,\"publisher\":{\"@id\":\"https:\\\/\\\/www.rassegnastampa-totustuus.it\\\/cattolica\\\/#organization\"},\"image\":{\"@id\":\"https:\\\/\\\/www.rassegnastampa-totustuus.it\\\/cattolica\\\/limpatto-delle-terapie-mediche-sui-minori-con-disforia-di-genere\\\/#primaryimage\"},\"thumbnailUrl\":\"https:\\\/\\\/www.rassegnastampa-totustuus.it\\\/cattolica\\\/wp-content\\\/uploads\\\/2020\\\/11\\\/gay_bandiera_gender.jpg\",\"keywords\":[\"disforia di genere\",\"ideologia del gender\"],\"articleSection\":[\"Ideologia del gender\"],\"inLanguage\":\"it-IT\"},{\"@type\":\"WebPage\",\"@id\":\"https:\\\/\\\/www.rassegnastampa-totustuus.it\\\/cattolica\\\/limpatto-delle-terapie-mediche-sui-minori-con-disforia-di-genere\\\/\",\"url\":\"https:\\\/\\\/www.rassegnastampa-totustuus.it\\\/cattolica\\\/limpatto-delle-terapie-mediche-sui-minori-con-disforia-di-genere\\\/\",\"name\":\"L'impatto delle terapie mediche sui minori con disforia di genere - Rassegna Stampa Cattolica\",\"isPartOf\":{\"@id\":\"https:\\\/\\\/www.rassegnastampa-totustuus.it\\\/cattolica\\\/#website\"},\"primaryImageOfPage\":{\"@id\":\"https:\\\/\\\/www.rassegnastampa-totustuus.it\\\/cattolica\\\/limpatto-delle-terapie-mediche-sui-minori-con-disforia-di-genere\\\/#primaryimage\"},\"image\":{\"@id\":\"https:\\\/\\\/www.rassegnastampa-totustuus.it\\\/cattolica\\\/limpatto-delle-terapie-mediche-sui-minori-con-disforia-di-genere\\\/#primaryimage\"},\"thumbnailUrl\":\"https:\\\/\\\/www.rassegnastampa-totustuus.it\\\/cattolica\\\/wp-content\\\/uploads\\\/2020\\\/11\\\/gay_bandiera_gender.jpg\",\"datePublished\":\"2022-11-16T23:00:06+00:00\",\"dateModified\":\"2024-02-11T16:18:42+00:00\",\"description\":\"L'impatto delle terapie mediche sui minori con disforia di genere, appello ad un approccio pi\u00f9 responsabile\",\"breadcrumb\":{\"@id\":\"https:\\\/\\\/www.rassegnastampa-totustuus.it\\\/cattolica\\\/limpatto-delle-terapie-mediche-sui-minori-con-disforia-di-genere\\\/#breadcrumb\"},\"inLanguage\":\"it-IT\",\"potentialAction\":[{\"@type\":\"ReadAction\",\"target\":[\"https:\\\/\\\/www.rassegnastampa-totustuus.it\\\/cattolica\\\/limpatto-delle-terapie-mediche-sui-minori-con-disforia-di-genere\\\/\"]}]},{\"@type\":\"ImageObject\",\"inLanguage\":\"it-IT\",\"@id\":\"https:\\\/\\\/www.rassegnastampa-totustuus.it\\\/cattolica\\\/limpatto-delle-terapie-mediche-sui-minori-con-disforia-di-genere\\\/#primaryimage\",\"url\":\"https:\\\/\\\/www.rassegnastampa-totustuus.it\\\/cattolica\\\/wp-content\\\/uploads\\\/2020\\\/11\\\/gay_bandiera_gender.jpg\",\"contentUrl\":\"https:\\\/\\\/www.rassegnastampa-totustuus.it\\\/cattolica\\\/wp-content\\\/uploads\\\/2020\\\/11\\\/gay_bandiera_gender.jpg\",\"width\":1280,\"height\":960},{\"@type\":\"BreadcrumbList\",\"@id\":\"https:\\\/\\\/www.rassegnastampa-totustuus.it\\\/cattolica\\\/limpatto-delle-terapie-mediche-sui-minori-con-disforia-di-genere\\\/#breadcrumb\",\"itemListElement\":[{\"@type\":\"ListItem\",\"position\":1,\"name\":\"Home\",\"item\":\"https:\\\/\\\/www.rassegnastampa-totustuus.it\\\/cattolica\\\/\"},{\"@type\":\"ListItem\",\"position\":2,\"name\":\"L&#8217;impatto delle terapie mediche sui minori con disforia di genere\"}]},{\"@type\":\"WebSite\",\"@id\":\"https:\\\/\\\/www.rassegnastampa-totustuus.it\\\/cattolica\\\/#website\",\"url\":\"https:\\\/\\\/www.rassegnastampa-totustuus.it\\\/cattolica\\\/\",\"name\":\"Rassegna Stampa Cattolica\",\"description\":\"Per una cultura che nasce dalla Rivelazione cristiana in conformit\u00e0 alla tradizione e al Magistero della Chiesa in opposizione ad ogni relativismo e totalitarismo\",\"publisher\":{\"@id\":\"https:\\\/\\\/www.rassegnastampa-totustuus.it\\\/cattolica\\\/#organization\"},\"alternateName\":\"Rass. Cattolica\",\"potentialAction\":[{\"@type\":\"SearchAction\",\"target\":{\"@type\":\"EntryPoint\",\"urlTemplate\":\"https:\\\/\\\/www.rassegnastampa-totustuus.it\\\/cattolica\\\/?s={search_term_string}\"},\"query-input\":{\"@type\":\"PropertyValueSpecification\",\"valueRequired\":true,\"valueName\":\"search_term_string\"}}],\"inLanguage\":\"it-IT\"},{\"@type\":\"Organization\",\"@id\":\"https:\\\/\\\/www.rassegnastampa-totustuus.it\\\/cattolica\\\/#organization\",\"name\":\"Rassegna Stampa Cattolica\",\"url\":\"https:\\\/\\\/www.rassegnastampa-totustuus.it\\\/cattolica\\\/\",\"logo\":{\"@type\":\"ImageObject\",\"inLanguage\":\"it-IT\",\"@id\":\"https:\\\/\\\/www.rassegnastampa-totustuus.it\\\/cattolica\\\/#\\\/schema\\\/logo\\\/image\\\/\",\"url\":\"https:\\\/\\\/www.rassegnastampa-totustuus.it\\\/cattolica\\\/wp-content\\\/uploads\\\/2014\\\/04\\\/logo-rassegna1.gif\",\"contentUrl\":\"https:\\\/\\\/www.rassegnastampa-totustuus.it\\\/cattolica\\\/wp-content\\\/uploads\\\/2014\\\/04\\\/logo-rassegna1.gif\",\"width\":600,\"height\":163,\"caption\":\"Rassegna Stampa Cattolica\"},\"image\":{\"@id\":\"https:\\\/\\\/www.rassegnastampa-totustuus.it\\\/cattolica\\\/#\\\/schema\\\/logo\\\/image\\\/\"},\"sameAs\":[\"https:\\\/\\\/www.facebook.com\\\/rassegnastampacattolica\",\"https:\\\/\\\/x.com\\\/rassegnastampa9\"]},{\"@type\":\"Person\",\"@id\":\"https:\\\/\\\/www.rassegnastampa-totustuus.it\\\/cattolica\\\/#\\\/schema\\\/person\\\/08f319d2bd1a0904ad9e2bfb7b15e5c3\",\"name\":\"Redazione\",\"image\":{\"@type\":\"ImageObject\",\"inLanguage\":\"it-IT\",\"@id\":\"https:\\\/\\\/secure.gravatar.com\\\/avatar\\\/2fcdf27c78ea025fbdb44e914cc63c72249ffec9dc8aafd5c82b26240ef3f346?s=96&d=mm&r=g\",\"url\":\"https:\\\/\\\/secure.gravatar.com\\\/avatar\\\/2fcdf27c78ea025fbdb44e914cc63c72249ffec9dc8aafd5c82b26240ef3f346?s=96&d=mm&r=g\",\"contentUrl\":\"https:\\\/\\\/secure.gravatar.com\\\/avatar\\\/2fcdf27c78ea025fbdb44e914cc63c72249ffec9dc8aafd5c82b26240ef3f346?s=96&d=mm&r=g\",\"caption\":\"Redazione\"},\"url\":\"https:\\\/\\\/www.rassegnastampa-totustuus.it\\\/cattolica\\\/author\\\/pietroelle\\\/\"}]}<\/script>\n<!-- \/ Yoast SEO plugin. -->","yoast_head_json":{"title":"L'impatto delle terapie mediche sui minori con disforia di genere - Rassegna Stampa Cattolica","description":"L'impatto delle terapie mediche sui minori con disforia di genere, appello ad un approccio pi\u00f9 responsabile","robots":{"index":"index","follow":"follow","max-snippet":"max-snippet:-1","max-image-preview":"max-image-preview:large","max-video-preview":"max-video-preview:-1"},"canonical":"https:\/\/www.rassegnastampa-totustuus.it\/cattolica\/limpatto-delle-terapie-mediche-sui-minori-con-disforia-di-genere\/","og_locale":"it_IT","og_type":"article","og_title":"L'impatto delle terapie mediche sui minori con disforia di genere - Rassegna Stampa Cattolica","og_description":"L'impatto delle terapie mediche sui minori con disforia di genere, appello ad un approccio pi\u00f9 responsabile","og_url":"https:\/\/www.rassegnastampa-totustuus.it\/cattolica\/limpatto-delle-terapie-mediche-sui-minori-con-disforia-di-genere\/","og_site_name":"Rassegna Stampa Cattolica","article_publisher":"https:\/\/www.facebook.com\/rassegnastampacattolica","article_published_time":"2022-11-16T23:00:06+00:00","article_modified_time":"2024-02-11T16:18:42+00:00","og_image":[{"width":1280,"height":960,"url":"https:\/\/www.rassegnastampa-totustuus.it\/cattolica\/wp-content\/uploads\/2020\/11\/gay_bandiera_gender.jpg","type":"image\/jpeg"}],"author":"Redazione","twitter_card":"summary_large_image","twitter_creator":"@rassegnastampa9","twitter_site":"@rassegnastampa9","twitter_misc":{"Scritto da":"Redazione","Tempo di lettura stimato":"37 minuti"},"schema":{"@context":"https:\/\/schema.org","@graph":[{"@type":"Article","@id":"https:\/\/www.rassegnastampa-totustuus.it\/cattolica\/limpatto-delle-terapie-mediche-sui-minori-con-disforia-di-genere\/#article","isPartOf":{"@id":"https:\/\/www.rassegnastampa-totustuus.it\/cattolica\/limpatto-delle-terapie-mediche-sui-minori-con-disforia-di-genere\/"},"author":{"name":"Redazione","@id":"https:\/\/www.rassegnastampa-totustuus.it\/cattolica\/#\/schema\/person\/08f319d2bd1a0904ad9e2bfb7b15e5c3"},"headline":"L&#8217;impatto delle terapie mediche sui minori con disforia di genere","datePublished":"2022-11-16T23:00:06+00:00","dateModified":"2024-02-11T16:18:42+00:00","mainEntityOfPage":{"@id":"https:\/\/www.rassegnastampa-totustuus.it\/cattolica\/limpatto-delle-terapie-mediche-sui-minori-con-disforia-di-genere\/"},"wordCount":5685,"publisher":{"@id":"https:\/\/www.rassegnastampa-totustuus.it\/cattolica\/#organization"},"image":{"@id":"https:\/\/www.rassegnastampa-totustuus.it\/cattolica\/limpatto-delle-terapie-mediche-sui-minori-con-disforia-di-genere\/#primaryimage"},"thumbnailUrl":"https:\/\/www.rassegnastampa-totustuus.it\/cattolica\/wp-content\/uploads\/2020\/11\/gay_bandiera_gender.jpg","keywords":["disforia di genere","ideologia del gender"],"articleSection":["Ideologia del gender"],"inLanguage":"it-IT"},{"@type":"WebPage","@id":"https:\/\/www.rassegnastampa-totustuus.it\/cattolica\/limpatto-delle-terapie-mediche-sui-minori-con-disforia-di-genere\/","url":"https:\/\/www.rassegnastampa-totustuus.it\/cattolica\/limpatto-delle-terapie-mediche-sui-minori-con-disforia-di-genere\/","name":"L'impatto delle terapie mediche sui minori con disforia di genere - Rassegna Stampa Cattolica","isPartOf":{"@id":"https:\/\/www.rassegnastampa-totustuus.it\/cattolica\/#website"},"primaryImageOfPage":{"@id":"https:\/\/www.rassegnastampa-totustuus.it\/cattolica\/limpatto-delle-terapie-mediche-sui-minori-con-disforia-di-genere\/#primaryimage"},"image":{"@id":"https:\/\/www.rassegnastampa-totustuus.it\/cattolica\/limpatto-delle-terapie-mediche-sui-minori-con-disforia-di-genere\/#primaryimage"},"thumbnailUrl":"https:\/\/www.rassegnastampa-totustuus.it\/cattolica\/wp-content\/uploads\/2020\/11\/gay_bandiera_gender.jpg","datePublished":"2022-11-16T23:00:06+00:00","dateModified":"2024-02-11T16:18:42+00:00","description":"L'impatto delle terapie mediche sui minori con disforia di genere, appello ad un approccio pi\u00f9 responsabile","breadcrumb":{"@id":"https:\/\/www.rassegnastampa-totustuus.it\/cattolica\/limpatto-delle-terapie-mediche-sui-minori-con-disforia-di-genere\/#breadcrumb"},"inLanguage":"it-IT","potentialAction":[{"@type":"ReadAction","target":["https:\/\/www.rassegnastampa-totustuus.it\/cattolica\/limpatto-delle-terapie-mediche-sui-minori-con-disforia-di-genere\/"]}]},{"@type":"ImageObject","inLanguage":"it-IT","@id":"https:\/\/www.rassegnastampa-totustuus.it\/cattolica\/limpatto-delle-terapie-mediche-sui-minori-con-disforia-di-genere\/#primaryimage","url":"https:\/\/www.rassegnastampa-totustuus.it\/cattolica\/wp-content\/uploads\/2020\/11\/gay_bandiera_gender.jpg","contentUrl":"https:\/\/www.rassegnastampa-totustuus.it\/cattolica\/wp-content\/uploads\/2020\/11\/gay_bandiera_gender.jpg","width":1280,"height":960},{"@type":"BreadcrumbList","@id":"https:\/\/www.rassegnastampa-totustuus.it\/cattolica\/limpatto-delle-terapie-mediche-sui-minori-con-disforia-di-genere\/#breadcrumb","itemListElement":[{"@type":"ListItem","position":1,"name":"Home","item":"https:\/\/www.rassegnastampa-totustuus.it\/cattolica\/"},{"@type":"ListItem","position":2,"name":"L&#8217;impatto delle terapie mediche sui minori con disforia di genere"}]},{"@type":"WebSite","@id":"https:\/\/www.rassegnastampa-totustuus.it\/cattolica\/#website","url":"https:\/\/www.rassegnastampa-totustuus.it\/cattolica\/","name":"Rassegna Stampa Cattolica","description":"Per una cultura che nasce dalla Rivelazione cristiana in conformit\u00e0 alla tradizione e al Magistero della Chiesa in opposizione ad ogni relativismo e totalitarismo","publisher":{"@id":"https:\/\/www.rassegnastampa-totustuus.it\/cattolica\/#organization"},"alternateName":"Rass. Cattolica","potentialAction":[{"@type":"SearchAction","target":{"@type":"EntryPoint","urlTemplate":"https:\/\/www.rassegnastampa-totustuus.it\/cattolica\/?s={search_term_string}"},"query-input":{"@type":"PropertyValueSpecification","valueRequired":true,"valueName":"search_term_string"}}],"inLanguage":"it-IT"},{"@type":"Organization","@id":"https:\/\/www.rassegnastampa-totustuus.it\/cattolica\/#organization","name":"Rassegna Stampa Cattolica","url":"https:\/\/www.rassegnastampa-totustuus.it\/cattolica\/","logo":{"@type":"ImageObject","inLanguage":"it-IT","@id":"https:\/\/www.rassegnastampa-totustuus.it\/cattolica\/#\/schema\/logo\/image\/","url":"https:\/\/www.rassegnastampa-totustuus.it\/cattolica\/wp-content\/uploads\/2014\/04\/logo-rassegna1.gif","contentUrl":"https:\/\/www.rassegnastampa-totustuus.it\/cattolica\/wp-content\/uploads\/2014\/04\/logo-rassegna1.gif","width":600,"height":163,"caption":"Rassegna Stampa Cattolica"},"image":{"@id":"https:\/\/www.rassegnastampa-totustuus.it\/cattolica\/#\/schema\/logo\/image\/"},"sameAs":["https:\/\/www.facebook.com\/rassegnastampacattolica","https:\/\/x.com\/rassegnastampa9"]},{"@type":"Person","@id":"https:\/\/www.rassegnastampa-totustuus.it\/cattolica\/#\/schema\/person\/08f319d2bd1a0904ad9e2bfb7b15e5c3","name":"Redazione","image":{"@type":"ImageObject","inLanguage":"it-IT","@id":"https:\/\/secure.gravatar.com\/avatar\/2fcdf27c78ea025fbdb44e914cc63c72249ffec9dc8aafd5c82b26240ef3f346?s=96&d=mm&r=g","url":"https:\/\/secure.gravatar.com\/avatar\/2fcdf27c78ea025fbdb44e914cc63c72249ffec9dc8aafd5c82b26240ef3f346?s=96&d=mm&r=g","contentUrl":"https:\/\/secure.gravatar.com\/avatar\/2fcdf27c78ea025fbdb44e914cc63c72249ffec9dc8aafd5c82b26240ef3f346?s=96&d=mm&r=g","caption":"Redazione"},"url":"https:\/\/www.rassegnastampa-totustuus.it\/cattolica\/author\/pietroelle\/"}]}},"_links":{"self":[{"href":"https:\/\/www.rassegnastampa-totustuus.it\/cattolica\/wp-json\/wp\/v2\/posts\/55079","targetHints":{"allow":["GET"]}}],"collection":[{"href":"https:\/\/www.rassegnastampa-totustuus.it\/cattolica\/wp-json\/wp\/v2\/posts"}],"about":[{"href":"https:\/\/www.rassegnastampa-totustuus.it\/cattolica\/wp-json\/wp\/v2\/types\/post"}],"author":[{"embeddable":true,"href":"https:\/\/www.rassegnastampa-totustuus.it\/cattolica\/wp-json\/wp\/v2\/users\/6"}],"replies":[{"embeddable":true,"href":"https:\/\/www.rassegnastampa-totustuus.it\/cattolica\/wp-json\/wp\/v2\/comments?post=55079"}],"version-history":[{"count":5,"href":"https:\/\/www.rassegnastampa-totustuus.it\/cattolica\/wp-json\/wp\/v2\/posts\/55079\/revisions"}],"predecessor-version":[{"id":59580,"href":"https:\/\/www.rassegnastampa-totustuus.it\/cattolica\/wp-json\/wp\/v2\/posts\/55079\/revisions\/59580"}],"wp:featuredmedia":[{"embeddable":true,"href":"https:\/\/www.rassegnastampa-totustuus.it\/cattolica\/wp-json\/wp\/v2\/media\/49312"}],"wp:attachment":[{"href":"https:\/\/www.rassegnastampa-totustuus.it\/cattolica\/wp-json\/wp\/v2\/media?parent=55079"}],"wp:term":[{"taxonomy":"category","embeddable":true,"href":"https:\/\/www.rassegnastampa-totustuus.it\/cattolica\/wp-json\/wp\/v2\/categories?post=55079"},{"taxonomy":"post_tag","embeddable":true,"href":"https:\/\/www.rassegnastampa-totustuus.it\/cattolica\/wp-json\/wp\/v2\/tags?post=55079"}],"curies":[{"name":"wp","href":"https:\/\/api.w.org\/{rel}","templated":true}]}}