{"id":55012,"date":"2022-11-17T00:00:07","date_gmt":"2022-11-16T23:00:07","guid":{"rendered":"http:\/\/www.rassegnastampa-totustuus.it\/cattolica\/?p=55012"},"modified":"2024-02-11T16:49:17","modified_gmt":"2024-02-11T15:49:17","slug":"levoluzionismo-non-regge-di-fronte-allintelligent-design","status":"publish","type":"post","link":"https:\/\/www.rassegnastampa-totustuus.it\/cattolica\/levoluzionismo-non-regge-di-fronte-allintelligent-design\/","title":{"rendered":"L&#8217;Evoluzionismo non regge di fronte all&#8217;intelligent design"},"content":{"rendered":"<p style=\"text-align: center;\"><span style=\"color: #000000;\"><strong><img loading=\"lazy\" decoding=\"async\" class=\" wp-image-54942 alignleft\" src=\"https:\/\/www.rassegnastampa-totustuus.it\/cattolica\/wp-content\/uploads\/2022\/10\/evoluzionismo_intelligent_design.jpg\" alt=\"\" width=\"294\" height=\"220\" \/><\/strong><\/span><\/p>\n<p style=\"text-align: justify;\"><span style=\"color: #000000;\"><strong>Abstract: <\/strong><em>l&#8217;Evoluzionismo non regge di fronte all&#8217;intelligent design. C\u2019\u00e8 da mettersi il cuore in pace, Dio non esiste e l&#8217;evoluzionismo ne \u00e8 la prova scientifica. Ma siccome si sottrae ai criteri e ai canoni della scienza, l&#8217;evoluzionismo non prova invece un bel nulla. Piuttosto la ricerca scientifica, oggi e da sempre, testimonia come tutta la natura altro non faccia che mostrare prove di finalit\u00e0 e di progettazione intelligente. E proprio questa ipotesi, detta Intelligent Design (ID) in inglese, miete un successo scientifico dopo l&#8217;altro.<\/em><\/span><\/p>\n<p><!--more--><\/p>\n<p style=\"text-align: center;\"><span style=\"color: #000000;\"><span style=\"color: #0000ff;\"><strong><a style=\"color: #0000ff;\" href=\"https:\/\/www.iltimone.org\/\" target=\"_blank\" rel=\"noopener\">Il Timone<\/a> <\/strong><\/span>n.222 novembre 2022<\/span><\/p>\n<h3 style=\"text-align: center;\">Il progetto \u00e8 intelligente e anche Darwin lo sa<\/h3>\n<p style=\"text-align: justify;\"><span style=\"color: #000000;\"><em>La natura \u00e8 ordinata, voluta e nobilitata da uno scopo. Non lo dice aperta parentesi solo chiusa parentesi la teologia: lo dice la scienza pi\u00f9 avanzata punto lo spiega John jr West, vicepresidente del Discovery Institute di Seattle <\/em>\u00a0<\/span><\/p>\n<p style=\"text-align: center;\"><span style=\"color: #000000;\">di <strong>Marco Respinti<\/strong><\/span><\/p>\n<p style=\"text-align: justify;\"><span style=\"color: #000000;\">C\u2019\u00e8 da mettersi il cuore in pace, Dio non esiste e l&#8217;evoluzionismo ne \u00e8 la prova scientifica. Ma siccome si sottrae ai criteri e ai canoni della scienza, l&#8217;evoluzionismo non prova invece un bel nulla. Piuttosto la ricerca scientifica, oggi e da sempre, testimonia come tutta la natura altro non faccia che mostrare prove di finalit\u00e0 e di progettazione intelligente. E proprio questa ipotesi, detta <em>Intelligent Design<\/em> (ID) in inglese, miete un successo scientifico dopo l&#8217;altro. <\/span><\/p>\n<p style=\"text-align: justify;\"><span style=\"color: #000000;\"><img loading=\"lazy\" decoding=\"async\" class=\"wp-image-32331 alignright\" src=\"https:\/\/www.rassegnastampa-totustuus.it\/cattolica\/wp-content\/uploads\/2005\/05\/evoluzionismo.jpg\" alt=\"\" width=\"273\" height=\"239\" \/>Studiosi, ricercatori e veri propri luminari lo sono documentano. Poi si fermano. Fanno scienza, infatti, e non sconfinano in ambiti filosofici o teologici. Non che sia vietato farlo, ma i <em>pot-pourri<\/em> voi risultano indigesti all&#8217;onest\u00e0 intellettuale. Fra gli Alfieri pi\u00f9 seri dell&#8217;ID vi sono infatti anche scienziati non credenti, mentre fra i credenti ce n&#8217;\u00e8 di tutte le confessioni. <\/span><\/p>\n<p style=\"text-align: justify;\"><span style=\"color: #000000;\">Se proprio lo si vuole l&#8217;ID \u00e8 pura e semplice apologetica della ragione e del senso comune. Punta di diamante dell&#8217;ID nel mondo \u00e8 da anni il Center for Science and Culture del Discovery Institute di Seattle negli Stati Uniti d&#8217;America- Il Discovery \u00e8 nato nel 1991 e il Center \u00e8 stato creato nel 1996 dallo storico della scienza Stephen Meyer e da John G. West. Vicepresidente dell&#8217;istituto e direttore esecutivo del centro West, cattolico, ne parla con il <em>Timone<\/em> <\/span><\/p>\n<h4 style=\"text-align: justify;\"><span style=\"color: #000000;\"><strong>Qual \u00e8 il dissidio tra evoluzionismo e ID?<\/strong><\/span><\/h4>\n<p style=\"text-align: justify;\"><span style=\"color: #000000;\"><img loading=\"lazy\" decoding=\"async\" class=\" wp-image-32313 alignleft\" src=\"https:\/\/www.rassegnastampa-totustuus.it\/cattolica\/wp-content\/uploads\/2005\/09\/Darwin.jpg\" alt=\"\" width=\"176\" height=\"237\" \/>\u00abSemplice. Per l&#8217;evoluzione darwiniana la natura \u00e8 un sottoprodotto accidentale della materia bruta e dell&#8217;energia, dove \u201cl&#8217;uomo \u00e8 il risultato di un processo naturalistico privo di scopo \u201c, dice il biologo George Gaylord Simpson. Al contrario, l&#8217;ID \u00e8 l&#8217;idea che la natura manifesti con evidenza di esistere per uno scopo, di seguire un progetto, insomma di essere stata prevista. Detto altrimenti, \u00e8 il fatto che la natura rifletta la genialit\u00e0 di un&#8217;artista eccellente, invece di essere il risultato casuale di un processo cieco\u00bb<\/span><\/p>\n<h4 style=\"text-align: justify;\"><span style=\"color: #000000;\"><strong>Uno scontro rilevante anche sul piano sociale\u2026<\/strong> <\/span><\/h4>\n<p style=\"text-align: justify;\"><span style=\"color: #000000;\"><img loading=\"lazy\" decoding=\"async\" class=\"wp-image-32341 alignright\" src=\"https:\/\/www.rassegnastampa-totustuus.it\/cattolica\/wp-content\/uploads\/2005\/05\/razzismo_darwinista.jpg\" alt=\"\" width=\"337\" height=\"224\" \/>\u00abCerto. Se gli esseri umani sono solo animali sorti come esito involontario della \u201csopravvivenza del pi\u00f9 adatto\u201d, la strada degli abusi si spalanca, dalla negazione dell&#8217;esistenza di Dio alle giustificazioni \u201cscientifiche\u201d del razzismo, allo sforzo profuso per allevare gli esseri umani come bestiame attraverso l&#8217;eugenetica. La concezione darwiniana, che descrive la vita umana come un incidente privo di qualsiasi dignit\u00e0 intrinseca e di ogni fine superiore, \u00e8 sconfortante. Invece l&#8217;ID esalta il valore intrinseco dell&#8217;uomo. Le nostre vite hanno un significato e un valore perch\u00e9 siamo il risultato intenzionale di chi ci ha creati come un capolavoro. Come ha detto il Papa emerito Benedetto XVI, \u201cnon siamo il prodotto casuale senza voi dell&#8217;evoluzione. Ciascuno di noi \u00e8 il frutto di un pensiero di Dio. Ciascuno di noi \u00e8 voluto, ciascuno e amato, ciascuno \u00e8 necessario\u00bb<\/span><\/p>\n<h4 style=\"text-align: justify;\"><span style=\"color: #000000;\"><strong>Ma come nasce l&#8217;idea dell&#8217;ID?<\/strong><\/span><\/h4>\n<p style=\"text-align: justify;\"><span style=\"color: #000000;\"><img loading=\"lazy\" decoding=\"async\" class=\"size-medium wp-image-50950 alignleft\" src=\"https:\/\/www.rassegnastampa-totustuus.it\/cattolica\/wp-content\/uploads\/2021\/05\/chiesa_creazione_Dio-300x169.jpg\" alt=\"\" width=\"300\" height=\"169\" srcset=\"https:\/\/www.rassegnastampa-totustuus.it\/cattolica\/wp-content\/uploads\/2021\/05\/chiesa_creazione_Dio-300x169.jpg 300w, https:\/\/www.rassegnastampa-totustuus.it\/cattolica\/wp-content\/uploads\/2021\/05\/chiesa_creazione_Dio-768x432.jpg 768w, https:\/\/www.rassegnastampa-totustuus.it\/cattolica\/wp-content\/uploads\/2021\/05\/chiesa_creazione_Dio-1024x576.jpg 1024w, https:\/\/www.rassegnastampa-totustuus.it\/cattolica\/wp-content\/uploads\/2021\/05\/chiesa_creazione_Dio.jpg 1280w\" sizes=\"auto, (max-width: 300px) 100vw, 300px\" \/>\u00abL\u2019ID \u00e8 una delle concezioni fondamentali presenti nella storia della civilt\u00e0 umana. Ha radici profonde nelle tradizioni ebraiche e cristiana, ma \u00e8 fortemente presente anche fra i pensatori non cristiani. I Salmi cantano una natura che rivela le prove del proprio creatore e il Libro della Sapienza dice: \u201cDifatti dalla grandezza e bellezza delle creature per analogia si contempla il loro autore\u201d(13,5). Per Ges\u00f9, San Paolo e i padri della Chiesa la natura offre le prove della saggezza, della previdenza e dell&#8217;arte di Dio. Teofilo, vescovo di Antiochia nel secolo II, sosteneva che Dio \u201c si vede e si percepisce attraverso le proprie [\u2026] opere\u201d, fra cui anche la regolarit\u00e0 dei processi osservati dall&#8217;astronomia, dalla botanica, dalla zoologia e dalla scienza degli ecosistemi. \u00c8 lo stesso per i filosofi non cristiani quali Platone, Cicerone e Al-Ghazali\u00bb.<\/span><\/p>\n<h4 style=\"text-align: justify;\"><span style=\"color: #000000;\"><strong>Sta dicendo che lo sviluppo della scienza \u00e8 debitore dell&#8217;ID?<\/strong><\/span><\/h4>\n<p style=\"text-align: justify;\"><span style=\"color: #000000;\"><img loading=\"lazy\" decoding=\"async\" class=\"wp-image-45057 alignright\" src=\"https:\/\/www.rassegnastampa-totustuus.it\/cattolica\/wp-content\/uploads\/2013\/11\/biologia_laboratorio.jpg\" alt=\"\" width=\"316\" height=\"210\" \/>\u00abAssolutamente, si. Anzi, \u00e8 proprio l&#8217;idea che la natura sia improntata a un progetto non casuale che fonda le stesse scienze naturali moderne. L&#8217;ipotesi di lavoro dei primi scienziati era proprio che la natura fosse stata progettata intelligentemente. Per questo la studiavano. Lo facevano aspettandosi governo, ordine, leggi, non un caos incomprensibile. Perch\u00e9 se cos\u00ec fosse, come si potrebbe studiare una natura inaffidabile?\u00bb <\/span><\/p>\n<h4 style=\"text-align: justify;\"><span style=\"color: #000000;\"><strong>\u00c8 oggi? Oggi l&#8217;ID svolge ancora questa funzione trainante?<\/strong><\/span><\/h4>\n<p style=\"text-align: justify;\"><span style=\"color: #000000;\">\u00abMa certo anche oggi l&#8217;indagine scientifica procede solo perch\u00e9 gli scienziati pena l&#8217;impossibilit\u00e0 di effettuare qualsiasi studio naturale, danno per scontato che i fenomeni osservati rispondono a criteri di ordine e di finalit\u00e0 specifiche. L&#8217;essenza di gran parte della ricerca \u00e8 esattamente questa: le cose vengono esaminate proprio come se fossero progettate e questo allo scopo di poterle comprendere. La realt\u00e0 vera \u00e8 che l&#8217; ID \u00e8 l\u2019assunto guida della ricerca scientifica stessa. e che lo \u00e8 anche per quegli scienziati che ritengono l&#8217;ID infondato\u00bb.<\/span><\/p>\n<h4 style=\"text-align: justify;\"><span style=\"color: #000000;\"> <strong>La scienza progredisce con passi da gigante. Contribuisce tutto a rafforzare le prove dell&#8217;ID?<\/strong><\/span><\/h4>\n<p style=\"text-align: justify;\"><span style=\"color: #000000;\"><img loading=\"lazy\" decoding=\"async\" class=\" wp-image-23773 alignleft\" src=\"https:\/\/www.rassegnastampa-totustuus.it\/cattolica\/wp-content\/uploads\/2012\/03\/dna.jpg\" alt=\"\" width=\"315\" height=\"236\" \/>\u00abPi\u00f9 si indaga la natura, pi\u00f9 la natura rivela finalit\u00e0 e progettazione. Le leggi della fisica e della chimica mostrano un&#8217;attitudine perfetta alla vita. In ogni singola cellula vi sono \u201cmacchine molecolari\u201d cos\u00ec sofisticate che, al confronto, la tecnologia umana sembra primitiva. Alla base della vita c&#8217;\u00e8 il Dna, che opera come il codice direttivo di diversi aspetti dello sviluppo degli organismi, esattamente come agisce un <em>software<\/em> in un <em>computer. <\/em>Ora, codici e sistemi di informazione sono il marchio distintivo di una mente: cio\u00e8 appunto di un progetto intelligente. Stando al bagaglio complessivo delle nostre conoscenze, \u00e8 estremamente arduo immaginare che la natura possa non essere il prodotto di un progetto intelligente. Meraviglia dunque poco che il premio Nobel per la fisica, Brian Josephson, dell&#8217;Universit\u00e0 di Cambridge, abbia dichiarato: \u201cl&#8217;ipotesi dell&#8217;ID \u00e8 scienza vera\u201d\u00bb.<\/span><\/p>\n<h4 style=\"text-align: justify;\"><span style=\"color: #000000;\"><strong>E chi sostiene che l&#8217;evoluzionismo sconfesserebbe l&#8217;ID?<\/strong><\/span><\/h4>\n<p style=\"text-align: justify;\"><span style=\"color: #000000;\"><img loading=\"lazy\" decoding=\"async\" class=\"wp-image-28750 alignright\" src=\"https:\/\/www.rassegnastampa-totustuus.it\/cattolica\/wp-content\/uploads\/2009\/03\/evoluzionismo.jpg\" alt=\"\" width=\"311\" height=\"223\" \/>L&#8217;evidenza mostra il contrario. Anzitutto \u00e8 lo stesso darwinismo a postulare che l&#8217;universo sia perfettamente atto alla vita punto dando per scontato che tutto prenda abbrivio da organismi autoreplicantisi, il darwinismo non riesce a rinunciare all&#8217;idea che l&#8217;universo e origine della vita siano frutto di un progetto. E quando poi dice che da l\u00ec in poi tutto sarebbe per\u00f2 solo frutto del caso, arriva la grande quantit\u00e0 di dati forniti dai batteri a evidenziare come nessun mutamento, pur minimo, possa essere ascritto a un&#8217;evoluzione cieca. Il darwinismo riesce semmai a rendere ragione di alcuni processi piccoli, ma i grandi mutamenti della storia della vita come l&#8217;origine di piante animali, \u00e8 ben altro. L&#8217;evoluzionismo attribuisce tutto alle mutazioni casuali del Dna, ma si sa bene come negli organismi tali mutazioni siano dannose oppure neutre. Con altri, studiano seriamente il punto il biochimico Michael Behe e il biologo molecolare Douglas Axe\u00bb<\/span><\/p>\n<h4 style=\"text-align: justify;\"><span style=\"color: #000000;\"><strong>E allora perch\u00e9 cos\u00ec tanti scienziati continuano a propalare il darwinismo?\u00a0 <\/strong><\/span><\/h4>\n<p style=\"text-align: justify;\"><span style=\"color: #000000;\"><img loading=\"lazy\" decoding=\"async\" class=\"size-full wp-image-32236 alignleft\" src=\"https:\/\/www.rassegnastampa-totustuus.it\/cattolica\/wp-content\/uploads\/2009\/07\/Darwin.jpg\" alt=\"\" width=\"267\" height=\"189\" \/>\u00abCredo sia proprio sia per ragioni culturali, non scientifiche. Il rinomato genetista italiano Giuseppe Sermonti (1925- 2018) defin\u00ec il darwinismo il \u201cpoliticamente corretto\u201d della scienza. Aveva ragione. Molti sono darwinisti per moda, altri perch\u00e9 sarebbe la \u201cgiustificazione\u201d scientifica dell&#8217;ateismo\u00bb.<\/span><\/p>\n<h4 style=\"text-align: justify;\"><span style=\"color: #000000;\"><strong>Chi sostiene oggi l&#8217;IDid nel mondo?<\/strong><\/span><\/h4>\n<p style=\"text-align: justify;\"><span style=\"color: #000000;\">\u00abCi sono scienziati e organizzazioni in Europa, America meridionale, Medio Oriente, Asia e Africa. In Italia c&#8217;\u00e8 il Centro italiano per l&#8217;<em>Intelligence Design <\/em>(www.ciid.science), inaugurato ufficialmente da un convegno in giugno in cui mi \u00e8 stato offerto il privilegio di svolgere una relazione. E noi del , negli Stati Uniti, facciamo la nostra parte\u2026\u00bb<\/span><\/p>\n<p>_______________________________________<\/p>\n<p><span style=\"color: #000000;\"><strong>Leggi anche:<\/strong><\/span><\/p>\n<p><a href=\"https:\/\/www.rassegnastampa-totustuus.it\/cattolica\/cosi-lintelligent-design-sfida-levoluzionismo-la-conferenza-di-michael-denton\/\" target=\"_blank\" rel=\"noopener\"><span style=\"color: #0000ff;\">Cos\u00ec l\u2019Intelligent Design sfida l\u2019evoluzionismo. La conferenza di Michael Denton<\/span><\/a><\/p>\n","protected":false},"excerpt":{"rendered":"<p>Abstract: l&#8217;Evoluzionismo non regge di fronte all&#8217;intelligent design. C\u2019\u00e8 da mettersi il cuore in pace, Dio non esiste e l&#8217;evoluzionismo ne \u00e8 la prova scientifica. Ma siccome si sottrae ai criteri e ai canoni della scienza, l&#8217;evoluzionismo non prova invece un bel nulla. Piuttosto la ricerca scientifica, oggi e da sempre, testimonia come tutta la &hellip; <\/p>\n<p><a class=\"more-link btn\" href=\"https:\/\/www.rassegnastampa-totustuus.it\/cattolica\/levoluzionismo-non-regge-di-fronte-allintelligent-design\/\">Continua a leggere<\/a><\/p>\n","protected":false},"author":6,"featured_media":46720,"comment_status":"closed","ping_status":"closed","sticky":false,"template":"","format":"standard","meta":{"footnotes":""},"categories":[51],"tags":[275,2931],"class_list":["post-55012","post","type-post","status-publish","format-standard","has-post-thumbnail","hentry","category-evoluzionismo","tag-evoluzionismo-2","tag-intelligent-design","item-wrap"],"yoast_head":"<!-- This site is optimized with the Yoast SEO plugin v27.4 - https:\/\/yoast.com\/product\/yoast-seo-wordpress\/ -->\n<title>L&#039;Evoluzionismo non regge di fronte all&#039;intelligent design - Rassegna Stampa Cattolica<\/title>\n<meta name=\"description\" content=\"L&#039;Evoluzionismo non regge di fronte all&#039;intelligent design, infatti il primo si sottrae ai canoni della scienza\" \/>\n<meta name=\"robots\" content=\"index, follow, max-snippet:-1, max-image-preview:large, max-video-preview:-1\" \/>\n<link rel=\"canonical\" href=\"https:\/\/www.rassegnastampa-totustuus.it\/cattolica\/levoluzionismo-non-regge-di-fronte-allintelligent-design\/\" \/>\n<meta property=\"og:locale\" content=\"it_IT\" \/>\n<meta property=\"og:type\" content=\"article\" \/>\n<meta property=\"og:title\" content=\"L&#039;Evoluzionismo non regge di fronte all&#039;intelligent design - Rassegna Stampa Cattolica\" \/>\n<meta property=\"og:description\" content=\"L&#039;Evoluzionismo non regge di fronte all&#039;intelligent design, infatti il primo si sottrae ai canoni della scienza\" \/>\n<meta property=\"og:url\" content=\"https:\/\/www.rassegnastampa-totustuus.it\/cattolica\/levoluzionismo-non-regge-di-fronte-allintelligent-design\/\" \/>\n<meta property=\"og:site_name\" content=\"Rassegna Stampa Cattolica\" \/>\n<meta property=\"article:publisher\" content=\"https:\/\/www.facebook.com\/rassegnastampacattolica\" \/>\n<meta property=\"article:published_time\" content=\"2022-11-16T23:00:07+00:00\" \/>\n<meta property=\"article:modified_time\" content=\"2024-02-11T15:49:17+00:00\" \/>\n<meta property=\"og:image\" content=\"https:\/\/www.rassegnastampa-totustuus.it\/cattolica\/wp-content\/uploads\/2020\/03\/evoluzionismo_darwin.jpg\" \/>\n\t<meta property=\"og:image:width\" content=\"1600\" \/>\n\t<meta property=\"og:image:height\" content=\"900\" \/>\n\t<meta property=\"og:image:type\" content=\"image\/jpeg\" \/>\n<meta name=\"author\" content=\"Redazione\" \/>\n<meta name=\"twitter:card\" content=\"summary_large_image\" \/>\n<meta name=\"twitter:creator\" content=\"@rassegnastampa9\" \/>\n<meta name=\"twitter:site\" content=\"@rassegnastampa9\" \/>\n<meta name=\"twitter:label1\" content=\"Scritto da\" \/>\n\t<meta name=\"twitter:data1\" content=\"Redazione\" \/>\n\t<meta name=\"twitter:label2\" content=\"Tempo di lettura stimato\" \/>\n\t<meta name=\"twitter:data2\" content=\"10 minuti\" \/>\n<script type=\"application\/ld+json\" class=\"yoast-schema-graph\">{\"@context\":\"https:\\\/\\\/schema.org\",\"@graph\":[{\"@type\":\"Article\",\"@id\":\"https:\\\/\\\/www.rassegnastampa-totustuus.it\\\/cattolica\\\/levoluzionismo-non-regge-di-fronte-allintelligent-design\\\/#article\",\"isPartOf\":{\"@id\":\"https:\\\/\\\/www.rassegnastampa-totustuus.it\\\/cattolica\\\/levoluzionismo-non-regge-di-fronte-allintelligent-design\\\/\"},\"author\":{\"name\":\"Redazione\",\"@id\":\"https:\\\/\\\/www.rassegnastampa-totustuus.it\\\/cattolica\\\/#\\\/schema\\\/person\\\/08f319d2bd1a0904ad9e2bfb7b15e5c3\"},\"headline\":\"L&#8217;Evoluzionismo non regge di fronte all&#8217;intelligent design\",\"datePublished\":\"2022-11-16T23:00:07+00:00\",\"dateModified\":\"2024-02-11T15:49:17+00:00\",\"mainEntityOfPage\":{\"@id\":\"https:\\\/\\\/www.rassegnastampa-totustuus.it\\\/cattolica\\\/levoluzionismo-non-regge-di-fronte-allintelligent-design\\\/\"},\"wordCount\":1350,\"publisher\":{\"@id\":\"https:\\\/\\\/www.rassegnastampa-totustuus.it\\\/cattolica\\\/#organization\"},\"image\":{\"@id\":\"https:\\\/\\\/www.rassegnastampa-totustuus.it\\\/cattolica\\\/levoluzionismo-non-regge-di-fronte-allintelligent-design\\\/#primaryimage\"},\"thumbnailUrl\":\"https:\\\/\\\/www.rassegnastampa-totustuus.it\\\/cattolica\\\/wp-content\\\/uploads\\\/2020\\\/03\\\/evoluzionismo_darwin.jpg\",\"keywords\":[\"evoluzionismo\",\"intelligent design\"],\"articleSection\":[\"Evoluzionismo\"],\"inLanguage\":\"it-IT\"},{\"@type\":\"WebPage\",\"@id\":\"https:\\\/\\\/www.rassegnastampa-totustuus.it\\\/cattolica\\\/levoluzionismo-non-regge-di-fronte-allintelligent-design\\\/\",\"url\":\"https:\\\/\\\/www.rassegnastampa-totustuus.it\\\/cattolica\\\/levoluzionismo-non-regge-di-fronte-allintelligent-design\\\/\",\"name\":\"L'Evoluzionismo non regge di fronte all'intelligent design - Rassegna Stampa Cattolica\",\"isPartOf\":{\"@id\":\"https:\\\/\\\/www.rassegnastampa-totustuus.it\\\/cattolica\\\/#website\"},\"primaryImageOfPage\":{\"@id\":\"https:\\\/\\\/www.rassegnastampa-totustuus.it\\\/cattolica\\\/levoluzionismo-non-regge-di-fronte-allintelligent-design\\\/#primaryimage\"},\"image\":{\"@id\":\"https:\\\/\\\/www.rassegnastampa-totustuus.it\\\/cattolica\\\/levoluzionismo-non-regge-di-fronte-allintelligent-design\\\/#primaryimage\"},\"thumbnailUrl\":\"https:\\\/\\\/www.rassegnastampa-totustuus.it\\\/cattolica\\\/wp-content\\\/uploads\\\/2020\\\/03\\\/evoluzionismo_darwin.jpg\",\"datePublished\":\"2022-11-16T23:00:07+00:00\",\"dateModified\":\"2024-02-11T15:49:17+00:00\",\"description\":\"L'Evoluzionismo non regge di fronte all'intelligent design, infatti il primo si sottrae ai canoni della scienza\",\"breadcrumb\":{\"@id\":\"https:\\\/\\\/www.rassegnastampa-totustuus.it\\\/cattolica\\\/levoluzionismo-non-regge-di-fronte-allintelligent-design\\\/#breadcrumb\"},\"inLanguage\":\"it-IT\",\"potentialAction\":[{\"@type\":\"ReadAction\",\"target\":[\"https:\\\/\\\/www.rassegnastampa-totustuus.it\\\/cattolica\\\/levoluzionismo-non-regge-di-fronte-allintelligent-design\\\/\"]}]},{\"@type\":\"ImageObject\",\"inLanguage\":\"it-IT\",\"@id\":\"https:\\\/\\\/www.rassegnastampa-totustuus.it\\\/cattolica\\\/levoluzionismo-non-regge-di-fronte-allintelligent-design\\\/#primaryimage\",\"url\":\"https:\\\/\\\/www.rassegnastampa-totustuus.it\\\/cattolica\\\/wp-content\\\/uploads\\\/2020\\\/03\\\/evoluzionismo_darwin.jpg\",\"contentUrl\":\"https:\\\/\\\/www.rassegnastampa-totustuus.it\\\/cattolica\\\/wp-content\\\/uploads\\\/2020\\\/03\\\/evoluzionismo_darwin.jpg\",\"width\":1600,\"height\":900},{\"@type\":\"BreadcrumbList\",\"@id\":\"https:\\\/\\\/www.rassegnastampa-totustuus.it\\\/cattolica\\\/levoluzionismo-non-regge-di-fronte-allintelligent-design\\\/#breadcrumb\",\"itemListElement\":[{\"@type\":\"ListItem\",\"position\":1,\"name\":\"Home\",\"item\":\"https:\\\/\\\/www.rassegnastampa-totustuus.it\\\/cattolica\\\/\"},{\"@type\":\"ListItem\",\"position\":2,\"name\":\"L&#8217;Evoluzionismo non regge di fronte all&#8217;intelligent design\"}]},{\"@type\":\"WebSite\",\"@id\":\"https:\\\/\\\/www.rassegnastampa-totustuus.it\\\/cattolica\\\/#website\",\"url\":\"https:\\\/\\\/www.rassegnastampa-totustuus.it\\\/cattolica\\\/\",\"name\":\"Rassegna Stampa Cattolica\",\"description\":\"Per una cultura che nasce dalla Rivelazione cristiana in conformit\u00e0 alla tradizione e al Magistero della Chiesa in opposizione ad ogni relativismo e totalitarismo\",\"publisher\":{\"@id\":\"https:\\\/\\\/www.rassegnastampa-totustuus.it\\\/cattolica\\\/#organization\"},\"alternateName\":\"Rass. Cattolica\",\"potentialAction\":[{\"@type\":\"SearchAction\",\"target\":{\"@type\":\"EntryPoint\",\"urlTemplate\":\"https:\\\/\\\/www.rassegnastampa-totustuus.it\\\/cattolica\\\/?s={search_term_string}\"},\"query-input\":{\"@type\":\"PropertyValueSpecification\",\"valueRequired\":true,\"valueName\":\"search_term_string\"}}],\"inLanguage\":\"it-IT\"},{\"@type\":\"Organization\",\"@id\":\"https:\\\/\\\/www.rassegnastampa-totustuus.it\\\/cattolica\\\/#organization\",\"name\":\"Rassegna Stampa Cattolica\",\"url\":\"https:\\\/\\\/www.rassegnastampa-totustuus.it\\\/cattolica\\\/\",\"logo\":{\"@type\":\"ImageObject\",\"inLanguage\":\"it-IT\",\"@id\":\"https:\\\/\\\/www.rassegnastampa-totustuus.it\\\/cattolica\\\/#\\\/schema\\\/logo\\\/image\\\/\",\"url\":\"https:\\\/\\\/www.rassegnastampa-totustuus.it\\\/cattolica\\\/wp-content\\\/uploads\\\/2014\\\/04\\\/logo-rassegna1.gif\",\"contentUrl\":\"https:\\\/\\\/www.rassegnastampa-totustuus.it\\\/cattolica\\\/wp-content\\\/uploads\\\/2014\\\/04\\\/logo-rassegna1.gif\",\"width\":600,\"height\":163,\"caption\":\"Rassegna Stampa Cattolica\"},\"image\":{\"@id\":\"https:\\\/\\\/www.rassegnastampa-totustuus.it\\\/cattolica\\\/#\\\/schema\\\/logo\\\/image\\\/\"},\"sameAs\":[\"https:\\\/\\\/www.facebook.com\\\/rassegnastampacattolica\",\"https:\\\/\\\/x.com\\\/rassegnastampa9\"]},{\"@type\":\"Person\",\"@id\":\"https:\\\/\\\/www.rassegnastampa-totustuus.it\\\/cattolica\\\/#\\\/schema\\\/person\\\/08f319d2bd1a0904ad9e2bfb7b15e5c3\",\"name\":\"Redazione\",\"image\":{\"@type\":\"ImageObject\",\"inLanguage\":\"it-IT\",\"@id\":\"https:\\\/\\\/secure.gravatar.com\\\/avatar\\\/2fcdf27c78ea025fbdb44e914cc63c72249ffec9dc8aafd5c82b26240ef3f346?s=96&d=mm&r=g\",\"url\":\"https:\\\/\\\/secure.gravatar.com\\\/avatar\\\/2fcdf27c78ea025fbdb44e914cc63c72249ffec9dc8aafd5c82b26240ef3f346?s=96&d=mm&r=g\",\"contentUrl\":\"https:\\\/\\\/secure.gravatar.com\\\/avatar\\\/2fcdf27c78ea025fbdb44e914cc63c72249ffec9dc8aafd5c82b26240ef3f346?s=96&d=mm&r=g\",\"caption\":\"Redazione\"},\"url\":\"https:\\\/\\\/www.rassegnastampa-totustuus.it\\\/cattolica\\\/author\\\/pietroelle\\\/\"}]}<\/script>\n<!-- \/ Yoast SEO plugin. -->","yoast_head_json":{"title":"L'Evoluzionismo non regge di fronte all'intelligent design - Rassegna Stampa Cattolica","description":"L'Evoluzionismo non regge di fronte all'intelligent design, infatti il primo si sottrae ai canoni della scienza","robots":{"index":"index","follow":"follow","max-snippet":"max-snippet:-1","max-image-preview":"max-image-preview:large","max-video-preview":"max-video-preview:-1"},"canonical":"https:\/\/www.rassegnastampa-totustuus.it\/cattolica\/levoluzionismo-non-regge-di-fronte-allintelligent-design\/","og_locale":"it_IT","og_type":"article","og_title":"L'Evoluzionismo non regge di fronte all'intelligent design - Rassegna Stampa Cattolica","og_description":"L'Evoluzionismo non regge di fronte all'intelligent design, infatti il primo si sottrae ai canoni della scienza","og_url":"https:\/\/www.rassegnastampa-totustuus.it\/cattolica\/levoluzionismo-non-regge-di-fronte-allintelligent-design\/","og_site_name":"Rassegna Stampa Cattolica","article_publisher":"https:\/\/www.facebook.com\/rassegnastampacattolica","article_published_time":"2022-11-16T23:00:07+00:00","article_modified_time":"2024-02-11T15:49:17+00:00","og_image":[{"width":1600,"height":900,"url":"https:\/\/www.rassegnastampa-totustuus.it\/cattolica\/wp-content\/uploads\/2020\/03\/evoluzionismo_darwin.jpg","type":"image\/jpeg"}],"author":"Redazione","twitter_card":"summary_large_image","twitter_creator":"@rassegnastampa9","twitter_site":"@rassegnastampa9","twitter_misc":{"Scritto da":"Redazione","Tempo di lettura stimato":"10 minuti"},"schema":{"@context":"https:\/\/schema.org","@graph":[{"@type":"Article","@id":"https:\/\/www.rassegnastampa-totustuus.it\/cattolica\/levoluzionismo-non-regge-di-fronte-allintelligent-design\/#article","isPartOf":{"@id":"https:\/\/www.rassegnastampa-totustuus.it\/cattolica\/levoluzionismo-non-regge-di-fronte-allintelligent-design\/"},"author":{"name":"Redazione","@id":"https:\/\/www.rassegnastampa-totustuus.it\/cattolica\/#\/schema\/person\/08f319d2bd1a0904ad9e2bfb7b15e5c3"},"headline":"L&#8217;Evoluzionismo non regge di fronte all&#8217;intelligent design","datePublished":"2022-11-16T23:00:07+00:00","dateModified":"2024-02-11T15:49:17+00:00","mainEntityOfPage":{"@id":"https:\/\/www.rassegnastampa-totustuus.it\/cattolica\/levoluzionismo-non-regge-di-fronte-allintelligent-design\/"},"wordCount":1350,"publisher":{"@id":"https:\/\/www.rassegnastampa-totustuus.it\/cattolica\/#organization"},"image":{"@id":"https:\/\/www.rassegnastampa-totustuus.it\/cattolica\/levoluzionismo-non-regge-di-fronte-allintelligent-design\/#primaryimage"},"thumbnailUrl":"https:\/\/www.rassegnastampa-totustuus.it\/cattolica\/wp-content\/uploads\/2020\/03\/evoluzionismo_darwin.jpg","keywords":["evoluzionismo","intelligent design"],"articleSection":["Evoluzionismo"],"inLanguage":"it-IT"},{"@type":"WebPage","@id":"https:\/\/www.rassegnastampa-totustuus.it\/cattolica\/levoluzionismo-non-regge-di-fronte-allintelligent-design\/","url":"https:\/\/www.rassegnastampa-totustuus.it\/cattolica\/levoluzionismo-non-regge-di-fronte-allintelligent-design\/","name":"L'Evoluzionismo non regge di fronte all'intelligent design - Rassegna Stampa Cattolica","isPartOf":{"@id":"https:\/\/www.rassegnastampa-totustuus.it\/cattolica\/#website"},"primaryImageOfPage":{"@id":"https:\/\/www.rassegnastampa-totustuus.it\/cattolica\/levoluzionismo-non-regge-di-fronte-allintelligent-design\/#primaryimage"},"image":{"@id":"https:\/\/www.rassegnastampa-totustuus.it\/cattolica\/levoluzionismo-non-regge-di-fronte-allintelligent-design\/#primaryimage"},"thumbnailUrl":"https:\/\/www.rassegnastampa-totustuus.it\/cattolica\/wp-content\/uploads\/2020\/03\/evoluzionismo_darwin.jpg","datePublished":"2022-11-16T23:00:07+00:00","dateModified":"2024-02-11T15:49:17+00:00","description":"L'Evoluzionismo non regge di fronte all'intelligent design, infatti il primo si sottrae ai canoni della scienza","breadcrumb":{"@id":"https:\/\/www.rassegnastampa-totustuus.it\/cattolica\/levoluzionismo-non-regge-di-fronte-allintelligent-design\/#breadcrumb"},"inLanguage":"it-IT","potentialAction":[{"@type":"ReadAction","target":["https:\/\/www.rassegnastampa-totustuus.it\/cattolica\/levoluzionismo-non-regge-di-fronte-allintelligent-design\/"]}]},{"@type":"ImageObject","inLanguage":"it-IT","@id":"https:\/\/www.rassegnastampa-totustuus.it\/cattolica\/levoluzionismo-non-regge-di-fronte-allintelligent-design\/#primaryimage","url":"https:\/\/www.rassegnastampa-totustuus.it\/cattolica\/wp-content\/uploads\/2020\/03\/evoluzionismo_darwin.jpg","contentUrl":"https:\/\/www.rassegnastampa-totustuus.it\/cattolica\/wp-content\/uploads\/2020\/03\/evoluzionismo_darwin.jpg","width":1600,"height":900},{"@type":"BreadcrumbList","@id":"https:\/\/www.rassegnastampa-totustuus.it\/cattolica\/levoluzionismo-non-regge-di-fronte-allintelligent-design\/#breadcrumb","itemListElement":[{"@type":"ListItem","position":1,"name":"Home","item":"https:\/\/www.rassegnastampa-totustuus.it\/cattolica\/"},{"@type":"ListItem","position":2,"name":"L&#8217;Evoluzionismo non regge di fronte all&#8217;intelligent design"}]},{"@type":"WebSite","@id":"https:\/\/www.rassegnastampa-totustuus.it\/cattolica\/#website","url":"https:\/\/www.rassegnastampa-totustuus.it\/cattolica\/","name":"Rassegna Stampa Cattolica","description":"Per una cultura che nasce dalla Rivelazione cristiana in conformit\u00e0 alla tradizione e al Magistero della Chiesa in opposizione ad ogni relativismo e totalitarismo","publisher":{"@id":"https:\/\/www.rassegnastampa-totustuus.it\/cattolica\/#organization"},"alternateName":"Rass. Cattolica","potentialAction":[{"@type":"SearchAction","target":{"@type":"EntryPoint","urlTemplate":"https:\/\/www.rassegnastampa-totustuus.it\/cattolica\/?s={search_term_string}"},"query-input":{"@type":"PropertyValueSpecification","valueRequired":true,"valueName":"search_term_string"}}],"inLanguage":"it-IT"},{"@type":"Organization","@id":"https:\/\/www.rassegnastampa-totustuus.it\/cattolica\/#organization","name":"Rassegna Stampa Cattolica","url":"https:\/\/www.rassegnastampa-totustuus.it\/cattolica\/","logo":{"@type":"ImageObject","inLanguage":"it-IT","@id":"https:\/\/www.rassegnastampa-totustuus.it\/cattolica\/#\/schema\/logo\/image\/","url":"https:\/\/www.rassegnastampa-totustuus.it\/cattolica\/wp-content\/uploads\/2014\/04\/logo-rassegna1.gif","contentUrl":"https:\/\/www.rassegnastampa-totustuus.it\/cattolica\/wp-content\/uploads\/2014\/04\/logo-rassegna1.gif","width":600,"height":163,"caption":"Rassegna Stampa Cattolica"},"image":{"@id":"https:\/\/www.rassegnastampa-totustuus.it\/cattolica\/#\/schema\/logo\/image\/"},"sameAs":["https:\/\/www.facebook.com\/rassegnastampacattolica","https:\/\/x.com\/rassegnastampa9"]},{"@type":"Person","@id":"https:\/\/www.rassegnastampa-totustuus.it\/cattolica\/#\/schema\/person\/08f319d2bd1a0904ad9e2bfb7b15e5c3","name":"Redazione","image":{"@type":"ImageObject","inLanguage":"it-IT","@id":"https:\/\/secure.gravatar.com\/avatar\/2fcdf27c78ea025fbdb44e914cc63c72249ffec9dc8aafd5c82b26240ef3f346?s=96&d=mm&r=g","url":"https:\/\/secure.gravatar.com\/avatar\/2fcdf27c78ea025fbdb44e914cc63c72249ffec9dc8aafd5c82b26240ef3f346?s=96&d=mm&r=g","contentUrl":"https:\/\/secure.gravatar.com\/avatar\/2fcdf27c78ea025fbdb44e914cc63c72249ffec9dc8aafd5c82b26240ef3f346?s=96&d=mm&r=g","caption":"Redazione"},"url":"https:\/\/www.rassegnastampa-totustuus.it\/cattolica\/author\/pietroelle\/"}]}},"_links":{"self":[{"href":"https:\/\/www.rassegnastampa-totustuus.it\/cattolica\/wp-json\/wp\/v2\/posts\/55012","targetHints":{"allow":["GET"]}}],"collection":[{"href":"https:\/\/www.rassegnastampa-totustuus.it\/cattolica\/wp-json\/wp\/v2\/posts"}],"about":[{"href":"https:\/\/www.rassegnastampa-totustuus.it\/cattolica\/wp-json\/wp\/v2\/types\/post"}],"author":[{"embeddable":true,"href":"https:\/\/www.rassegnastampa-totustuus.it\/cattolica\/wp-json\/wp\/v2\/users\/6"}],"replies":[{"embeddable":true,"href":"https:\/\/www.rassegnastampa-totustuus.it\/cattolica\/wp-json\/wp\/v2\/comments?post=55012"}],"version-history":[{"count":3,"href":"https:\/\/www.rassegnastampa-totustuus.it\/cattolica\/wp-json\/wp\/v2\/posts\/55012\/revisions"}],"predecessor-version":[{"id":59576,"href":"https:\/\/www.rassegnastampa-totustuus.it\/cattolica\/wp-json\/wp\/v2\/posts\/55012\/revisions\/59576"}],"wp:featuredmedia":[{"embeddable":true,"href":"https:\/\/www.rassegnastampa-totustuus.it\/cattolica\/wp-json\/wp\/v2\/media\/46720"}],"wp:attachment":[{"href":"https:\/\/www.rassegnastampa-totustuus.it\/cattolica\/wp-json\/wp\/v2\/media?parent=55012"}],"wp:term":[{"taxonomy":"category","embeddable":true,"href":"https:\/\/www.rassegnastampa-totustuus.it\/cattolica\/wp-json\/wp\/v2\/categories?post=55012"},{"taxonomy":"post_tag","embeddable":true,"href":"https:\/\/www.rassegnastampa-totustuus.it\/cattolica\/wp-json\/wp\/v2\/tags?post=55012"}],"curies":[{"name":"wp","href":"https:\/\/api.w.org\/{rel}","templated":true}]}}