{"id":5500,"date":"2013-03-18T03:09:19","date_gmt":"2013-03-18T02:09:19","guid":{"rendered":""},"modified":"2016-06-08T17:26:15","modified_gmt":"2016-06-08T15:26:15","slug":"benedicto-xvi-lo-sagrado-y-lo-santo","status":"publish","type":"post","link":"https:\/\/www.rassegnastampa-totustuus.it\/cattolica\/benedicto-xvi-lo-sagrado-y-lo-santo\/","title":{"rendered":"Benedicto XVI, lo sagrado y lo santo"},"content":{"rendered":"<div style=\"text-align: center;\"><img loading=\"lazy\" decoding=\"async\" class=\"alignleft wp-image-31919\" src=\"https:\/\/www.rassegnastampa-totustuus.it\/cattolica\/wp-content\/uploads\/2013\/03\/BenedettoXVI.jpg\" alt=\"BenedettoXVI\" width=\"250\" height=\"183\" \/>Osservatorio Cardinale Van Thuan <strong>Newsletter<\/strong> n.463 del 18 marzo 2013<\/div>\n<p style=\"text-align: center;\"><strong>Stefano Fontana<\/strong><\/p>\n<p style=\"text-align: justify;\">La dolorosa decisi\u00f3n de Benedicto XVI de dejar el pontificado fue desde el principio interpretada de muchas maneras. Una de ellas es la versi\u00f3n de-sacralizante: seg\u00fan la cual el papado se estar\u00eda convirtiendo en un cargo como todos los dem\u00e1s, laicizado, temporal y con una finalidad funcional. El Papa &#8220;uno de nosotros&#8221;. Nuesto Observatorio ha sido advertido por estas interpretaciones, sin embargo, se han difundido mucho, incluso dentro de la Iglesia, y especialmente en la base, a trav\u00e9s de semanarios diocesanos.<\/p>\n<p><!--more--><\/p>\n<div style=\"text-align: justify;\">En estos d\u00edas un te\u00f3logo ha escrito: &#8220;Despu\u00e9s de todo el cristianismo ha desacralizado la religi\u00f3n: Jes\u00fas haci\u00e9ndose carne ha cerrado la brecha con los hombres. Para nosotros los cristianos la grandeza es la santidad, no la sacralidad: la sacralidad indica distancia, a diferencia de la santidad\u201d. El gesto del Papa se ha visto, entonces, como el abandono de la sacralidad para pasar a la santidad.<\/div>\n<p style=\"text-align: justify;\">A mi modo de ver en la vida de la Iglesia hay tanto lo santo como lo sagrado. Sin duda, las personas no son sagradas, pero si acaso santas. Cada fiel est\u00e1 llamado no a sacralizarse a s\u00ed mismo sino a santificarse. Pero esto no quiere decir que no existe tambi\u00e9n lo sagrado, como dep\u00f3sito objetivo de la gracia a que recurrir para ser santos. La Sagrada Escritura es sagrada. Los sacramentos son sagrados.<\/p>\n<p style=\"text-align: justify;\">La Eucarist\u00eda es sagrada. El Sagrario y la iglesia como lugar, son sagrados. Mar\u00eda es sin duda Sant\u00edsima, pero tambi\u00e9n es sagrada porque es Sagrario viviente. La Iglesia es santa pero tambi\u00e9n sagrada en cuanto Misterio. El sacerdote puede ser m\u00e1s o menos santo, pero es sin duda sagrado, como sagrada es la consagraci\u00f3n que \u00e9l hace en el altar. Nuestro cuerpo tiene su sacralidad porque es templo del esp\u00edritu Santo. El Papa y los obispos pueden ser m\u00e1s o menos santos como fieles, pero tambi\u00e9n son sagrados, como sucesores de Pedro y\u00a0de los ap\u00f3stoles.<\/p>\n<p style=\"text-align: justify;\">Cristo ha desacralizado la religi\u00f3n pagana, en cuanto se ha opuesto a la sacralizaci\u00f3n del mito y ha ense\u00f1ado a adorar al Padre \u201cen esp\u00edritu y verdad\u201d. \u00c9l se ha hecho carne, pero no se ha reducido a la carne. Se ha hecho uno de nosotros, pero no se ha reducido a uno de nosotros. Se ha presentado a s\u00ed mismo como el Templo y ha dicho que puede ser adorado tambi\u00e9n fuera de los lugares destinados para ello. Sin embargo, sigue dej\u00e1ndose encontrar en la sacralidad de la Gracia divina y en todas las ocasiones sagradas en que la Iglesia lo celebra y lo anuncia.<\/p>\n<p style=\"text-align: justify;\">Hablar de santidad cortando los puentes con lo sagrado, o incluso presentar la santidad como lo anti-sagrado, como el abandono de lo sagrado, es una posici\u00f3n que tiene, en mi opini\u00f3n, muchos errores. Significa entregarse a la secularizaci\u00f3n, que es a menudo una de-sacralizaci\u00f3n y no por ello conduce a alguna santificaci\u00f3n.<\/p>\n<p style=\"text-align: justify;\">Regresando a Benedicto XVI, \u00e9l ha querido continuar viviendo en el \u201crecinto de San Pedro\u201d, consider\u00e1ndolo evidentemente un lugar sagrado. Ha dicho, utilizando una imagen evang\u00e9lica, de quiere retirarse \u201cal monte\u201d, que b\u00edblicamente es el lugar sagrado por excelencia. Ha dicho que permanecer\u00e1 unido a la Iglesia en la sacralidad de la oraci\u00f3n. No se ha convertido en &#8220;uno de nosotros\u201d, no ha dejado su vestimenta blanca y no se ha retirado a la vida privada. No es m\u00e1s el Papa, pero tampoco se ha jubilado. Despu\u00e9s de esta dimisi\u00f3n, el Papa no se convierte en un empleado del Estado Vaticano, santo, quiz\u00e1, pero no m\u00e1s sagrado.<\/p>\n<p style=\"text-align: justify;\">\u00bfEl papado es fuerte porque es humano, como titulaba alg\u00fan peri\u00f3dico? No, gracias. El papado es fuerte porque es divino.<\/p>\n","protected":false},"excerpt":{"rendered":"<p>Osservatorio Cardinale Van Thuan Newsletter n.463 del 18 marzo 2013 Stefano Fontana La dolorosa decisi\u00f3n de Benedicto XVI de dejar el pontificado fue desde el principio interpretada de muchas maneras. Una de ellas es la versi\u00f3n de-sacralizante: seg\u00fan la cual el papado se estar\u00eda convirtiendo en un cargo como todos los dem\u00e1s, laicizado, temporal y &hellip; <\/p>\n<p><a class=\"more-link btn\" href=\"https:\/\/www.rassegnastampa-totustuus.it\/cattolica\/benedicto-xvi-lo-sagrado-y-lo-santo\/\">Continua a leggere<\/a><\/p>\n","protected":false},"author":6,"featured_media":31919,"comment_status":"closed","ping_status":"open","sticky":false,"template":"","format":"standard","meta":{"footnotes":""},"categories":[110,5],"tags":[2407],"class_list":["post-5500","post","type-post","status-publish","format-standard","has-post-thumbnail","hentry","category-benedetto-xvi","category-chiesa","tag-benedetto-xvi","item-wrap"],"yoast_head":"<!-- This site is optimized with the Yoast SEO plugin v27.5 - https:\/\/yoast.com\/product\/yoast-seo-wordpress\/ -->\n<title>Benedicto XVI, lo sagrado y lo santo - Rassegna Stampa Cattolica<\/title>\n<meta name=\"description\" content=\"Rassegna Stampa Cattolica - Per una cultura che nasce dalla Rivelazione cristiana in conformit\u00e0 alla tradizione e al Magistero della Chiesa in opposizione ad ogni relativismo e totalitarismo\" \/>\n<meta name=\"robots\" content=\"index, follow, max-snippet:-1, max-image-preview:large, max-video-preview:-1\" \/>\n<link rel=\"canonical\" href=\"https:\/\/www.rassegnastampa-totustuus.it\/cattolica\/benedicto-xvi-lo-sagrado-y-lo-santo\/\" \/>\n<meta property=\"og:locale\" content=\"it_IT\" \/>\n<meta property=\"og:type\" content=\"article\" \/>\n<meta property=\"og:title\" content=\"Benedicto XVI, lo sagrado y lo santo - Rassegna Stampa Cattolica\" \/>\n<meta property=\"og:description\" content=\"Rassegna Stampa Cattolica - Per una cultura che nasce dalla Rivelazione cristiana in conformit\u00e0 alla tradizione e al Magistero della Chiesa in opposizione ad ogni relativismo e totalitarismo\" \/>\n<meta property=\"og:url\" content=\"https:\/\/www.rassegnastampa-totustuus.it\/cattolica\/benedicto-xvi-lo-sagrado-y-lo-santo\/\" \/>\n<meta property=\"og:site_name\" content=\"Rassegna Stampa Cattolica\" \/>\n<meta property=\"article:publisher\" content=\"https:\/\/www.facebook.com\/rassegnastampacattolica\" \/>\n<meta property=\"article:published_time\" content=\"2013-03-18T02:09:19+00:00\" \/>\n<meta property=\"article:modified_time\" content=\"2016-06-08T15:26:15+00:00\" \/>\n<meta property=\"og:image\" content=\"https:\/\/www.rassegnastampa-totustuus.it\/cattolica\/wp-content\/uploads\/2013\/03\/BenedettoXVI.jpg\" \/>\n\t<meta property=\"og:image:width\" content=\"262\" \/>\n\t<meta property=\"og:image:height\" content=\"192\" \/>\n\t<meta property=\"og:image:type\" content=\"image\/jpeg\" \/>\n<meta name=\"author\" content=\"Redazione\" \/>\n<meta name=\"twitter:card\" content=\"summary_large_image\" \/>\n<meta name=\"twitter:creator\" content=\"@rassegnastampa9\" \/>\n<meta name=\"twitter:site\" content=\"@rassegnastampa9\" \/>\n<meta name=\"twitter:label1\" content=\"Scritto da\" \/>\n\t<meta name=\"twitter:data1\" content=\"Redazione\" \/>\n\t<meta name=\"twitter:label2\" content=\"Tempo di lettura stimato\" \/>\n\t<meta name=\"twitter:data2\" content=\"3 minuti\" \/>\n<script type=\"application\/ld+json\" class=\"yoast-schema-graph\">{\"@context\":\"https:\\\/\\\/schema.org\",\"@graph\":[{\"@type\":\"Article\",\"@id\":\"https:\\\/\\\/www.rassegnastampa-totustuus.it\\\/cattolica\\\/benedicto-xvi-lo-sagrado-y-lo-santo\\\/#article\",\"isPartOf\":{\"@id\":\"https:\\\/\\\/www.rassegnastampa-totustuus.it\\\/cattolica\\\/benedicto-xvi-lo-sagrado-y-lo-santo\\\/\"},\"author\":{\"name\":\"Redazione\",\"@id\":\"https:\\\/\\\/www.rassegnastampa-totustuus.it\\\/cattolica\\\/#\\\/schema\\\/person\\\/08f319d2bd1a0904ad9e2bfb7b15e5c3\"},\"headline\":\"Benedicto XVI, lo sagrado y lo santo\",\"datePublished\":\"2013-03-18T02:09:19+00:00\",\"dateModified\":\"2016-06-08T15:26:15+00:00\",\"mainEntityOfPage\":{\"@id\":\"https:\\\/\\\/www.rassegnastampa-totustuus.it\\\/cattolica\\\/benedicto-xvi-lo-sagrado-y-lo-santo\\\/\"},\"wordCount\":665,\"publisher\":{\"@id\":\"https:\\\/\\\/www.rassegnastampa-totustuus.it\\\/cattolica\\\/#organization\"},\"image\":{\"@id\":\"https:\\\/\\\/www.rassegnastampa-totustuus.it\\\/cattolica\\\/benedicto-xvi-lo-sagrado-y-lo-santo\\\/#primaryimage\"},\"thumbnailUrl\":\"https:\\\/\\\/www.rassegnastampa-totustuus.it\\\/cattolica\\\/wp-content\\\/uploads\\\/2013\\\/03\\\/BenedettoXVI.jpg\",\"keywords\":[\"Benedetto XVI\"],\"articleSection\":[\"Benedetto XVI\",\"Chiesa\"],\"inLanguage\":\"it-IT\"},{\"@type\":\"WebPage\",\"@id\":\"https:\\\/\\\/www.rassegnastampa-totustuus.it\\\/cattolica\\\/benedicto-xvi-lo-sagrado-y-lo-santo\\\/\",\"url\":\"https:\\\/\\\/www.rassegnastampa-totustuus.it\\\/cattolica\\\/benedicto-xvi-lo-sagrado-y-lo-santo\\\/\",\"name\":\"Benedicto XVI, lo sagrado y lo santo - Rassegna Stampa Cattolica\",\"isPartOf\":{\"@id\":\"https:\\\/\\\/www.rassegnastampa-totustuus.it\\\/cattolica\\\/#website\"},\"primaryImageOfPage\":{\"@id\":\"https:\\\/\\\/www.rassegnastampa-totustuus.it\\\/cattolica\\\/benedicto-xvi-lo-sagrado-y-lo-santo\\\/#primaryimage\"},\"image\":{\"@id\":\"https:\\\/\\\/www.rassegnastampa-totustuus.it\\\/cattolica\\\/benedicto-xvi-lo-sagrado-y-lo-santo\\\/#primaryimage\"},\"thumbnailUrl\":\"https:\\\/\\\/www.rassegnastampa-totustuus.it\\\/cattolica\\\/wp-content\\\/uploads\\\/2013\\\/03\\\/BenedettoXVI.jpg\",\"datePublished\":\"2013-03-18T02:09:19+00:00\",\"dateModified\":\"2016-06-08T15:26:15+00:00\",\"description\":\"Rassegna Stampa Cattolica - Per una cultura che nasce dalla Rivelazione cristiana in conformit\u00e0 alla tradizione e al Magistero della Chiesa in opposizione ad ogni relativismo e totalitarismo\",\"breadcrumb\":{\"@id\":\"https:\\\/\\\/www.rassegnastampa-totustuus.it\\\/cattolica\\\/benedicto-xvi-lo-sagrado-y-lo-santo\\\/#breadcrumb\"},\"inLanguage\":\"it-IT\",\"potentialAction\":[{\"@type\":\"ReadAction\",\"target\":[\"https:\\\/\\\/www.rassegnastampa-totustuus.it\\\/cattolica\\\/benedicto-xvi-lo-sagrado-y-lo-santo\\\/\"]}]},{\"@type\":\"ImageObject\",\"inLanguage\":\"it-IT\",\"@id\":\"https:\\\/\\\/www.rassegnastampa-totustuus.it\\\/cattolica\\\/benedicto-xvi-lo-sagrado-y-lo-santo\\\/#primaryimage\",\"url\":\"https:\\\/\\\/www.rassegnastampa-totustuus.it\\\/cattolica\\\/wp-content\\\/uploads\\\/2013\\\/03\\\/BenedettoXVI.jpg\",\"contentUrl\":\"https:\\\/\\\/www.rassegnastampa-totustuus.it\\\/cattolica\\\/wp-content\\\/uploads\\\/2013\\\/03\\\/BenedettoXVI.jpg\",\"width\":262,\"height\":192},{\"@type\":\"BreadcrumbList\",\"@id\":\"https:\\\/\\\/www.rassegnastampa-totustuus.it\\\/cattolica\\\/benedicto-xvi-lo-sagrado-y-lo-santo\\\/#breadcrumb\",\"itemListElement\":[{\"@type\":\"ListItem\",\"position\":1,\"name\":\"Home\",\"item\":\"https:\\\/\\\/www.rassegnastampa-totustuus.it\\\/cattolica\\\/\"},{\"@type\":\"ListItem\",\"position\":2,\"name\":\"Benedicto XVI, lo sagrado y lo santo\"}]},{\"@type\":\"WebSite\",\"@id\":\"https:\\\/\\\/www.rassegnastampa-totustuus.it\\\/cattolica\\\/#website\",\"url\":\"https:\\\/\\\/www.rassegnastampa-totustuus.it\\\/cattolica\\\/\",\"name\":\"Rassegna Stampa Cattolica\",\"description\":\"Per una cultura che nasce dalla Rivelazione cristiana in conformit\u00e0 alla tradizione e al Magistero della Chiesa in opposizione ad ogni relativismo e totalitarismo\",\"publisher\":{\"@id\":\"https:\\\/\\\/www.rassegnastampa-totustuus.it\\\/cattolica\\\/#organization\"},\"alternateName\":\"Rass. Cattolica\",\"potentialAction\":[{\"@type\":\"SearchAction\",\"target\":{\"@type\":\"EntryPoint\",\"urlTemplate\":\"https:\\\/\\\/www.rassegnastampa-totustuus.it\\\/cattolica\\\/?s={search_term_string}\"},\"query-input\":{\"@type\":\"PropertyValueSpecification\",\"valueRequired\":true,\"valueName\":\"search_term_string\"}}],\"inLanguage\":\"it-IT\"},{\"@type\":\"Organization\",\"@id\":\"https:\\\/\\\/www.rassegnastampa-totustuus.it\\\/cattolica\\\/#organization\",\"name\":\"Rassegna Stampa Cattolica\",\"url\":\"https:\\\/\\\/www.rassegnastampa-totustuus.it\\\/cattolica\\\/\",\"logo\":{\"@type\":\"ImageObject\",\"inLanguage\":\"it-IT\",\"@id\":\"https:\\\/\\\/www.rassegnastampa-totustuus.it\\\/cattolica\\\/#\\\/schema\\\/logo\\\/image\\\/\",\"url\":\"https:\\\/\\\/www.rassegnastampa-totustuus.it\\\/cattolica\\\/wp-content\\\/uploads\\\/2014\\\/04\\\/logo-rassegna1.gif\",\"contentUrl\":\"https:\\\/\\\/www.rassegnastampa-totustuus.it\\\/cattolica\\\/wp-content\\\/uploads\\\/2014\\\/04\\\/logo-rassegna1.gif\",\"width\":600,\"height\":163,\"caption\":\"Rassegna Stampa Cattolica\"},\"image\":{\"@id\":\"https:\\\/\\\/www.rassegnastampa-totustuus.it\\\/cattolica\\\/#\\\/schema\\\/logo\\\/image\\\/\"},\"sameAs\":[\"https:\\\/\\\/www.facebook.com\\\/rassegnastampacattolica\",\"https:\\\/\\\/x.com\\\/rassegnastampa9\"]},{\"@type\":\"Person\",\"@id\":\"https:\\\/\\\/www.rassegnastampa-totustuus.it\\\/cattolica\\\/#\\\/schema\\\/person\\\/08f319d2bd1a0904ad9e2bfb7b15e5c3\",\"name\":\"Redazione\",\"image\":{\"@type\":\"ImageObject\",\"inLanguage\":\"it-IT\",\"@id\":\"https:\\\/\\\/secure.gravatar.com\\\/avatar\\\/2fcdf27c78ea025fbdb44e914cc63c72249ffec9dc8aafd5c82b26240ef3f346?s=96&d=mm&r=g\",\"url\":\"https:\\\/\\\/secure.gravatar.com\\\/avatar\\\/2fcdf27c78ea025fbdb44e914cc63c72249ffec9dc8aafd5c82b26240ef3f346?s=96&d=mm&r=g\",\"contentUrl\":\"https:\\\/\\\/secure.gravatar.com\\\/avatar\\\/2fcdf27c78ea025fbdb44e914cc63c72249ffec9dc8aafd5c82b26240ef3f346?s=96&d=mm&r=g\",\"caption\":\"Redazione\"},\"url\":\"https:\\\/\\\/www.rassegnastampa-totustuus.it\\\/cattolica\\\/author\\\/pietroelle\\\/\"}]}<\/script>\n<!-- \/ Yoast SEO plugin. -->","yoast_head_json":{"title":"Benedicto XVI, lo sagrado y lo santo - Rassegna Stampa Cattolica","description":"Rassegna Stampa Cattolica - Per una cultura che nasce dalla Rivelazione cristiana in conformit\u00e0 alla tradizione e al Magistero della Chiesa in opposizione ad ogni relativismo e totalitarismo","robots":{"index":"index","follow":"follow","max-snippet":"max-snippet:-1","max-image-preview":"max-image-preview:large","max-video-preview":"max-video-preview:-1"},"canonical":"https:\/\/www.rassegnastampa-totustuus.it\/cattolica\/benedicto-xvi-lo-sagrado-y-lo-santo\/","og_locale":"it_IT","og_type":"article","og_title":"Benedicto XVI, lo sagrado y lo santo - Rassegna Stampa Cattolica","og_description":"Rassegna Stampa Cattolica - Per una cultura che nasce dalla Rivelazione cristiana in conformit\u00e0 alla tradizione e al Magistero della Chiesa in opposizione ad ogni relativismo e totalitarismo","og_url":"https:\/\/www.rassegnastampa-totustuus.it\/cattolica\/benedicto-xvi-lo-sagrado-y-lo-santo\/","og_site_name":"Rassegna Stampa Cattolica","article_publisher":"https:\/\/www.facebook.com\/rassegnastampacattolica","article_published_time":"2013-03-18T02:09:19+00:00","article_modified_time":"2016-06-08T15:26:15+00:00","og_image":[{"width":262,"height":192,"url":"https:\/\/www.rassegnastampa-totustuus.it\/cattolica\/wp-content\/uploads\/2013\/03\/BenedettoXVI.jpg","type":"image\/jpeg"}],"author":"Redazione","twitter_card":"summary_large_image","twitter_creator":"@rassegnastampa9","twitter_site":"@rassegnastampa9","twitter_misc":{"Scritto da":"Redazione","Tempo di lettura stimato":"3 minuti"},"schema":{"@context":"https:\/\/schema.org","@graph":[{"@type":"Article","@id":"https:\/\/www.rassegnastampa-totustuus.it\/cattolica\/benedicto-xvi-lo-sagrado-y-lo-santo\/#article","isPartOf":{"@id":"https:\/\/www.rassegnastampa-totustuus.it\/cattolica\/benedicto-xvi-lo-sagrado-y-lo-santo\/"},"author":{"name":"Redazione","@id":"https:\/\/www.rassegnastampa-totustuus.it\/cattolica\/#\/schema\/person\/08f319d2bd1a0904ad9e2bfb7b15e5c3"},"headline":"Benedicto XVI, lo sagrado y lo santo","datePublished":"2013-03-18T02:09:19+00:00","dateModified":"2016-06-08T15:26:15+00:00","mainEntityOfPage":{"@id":"https:\/\/www.rassegnastampa-totustuus.it\/cattolica\/benedicto-xvi-lo-sagrado-y-lo-santo\/"},"wordCount":665,"publisher":{"@id":"https:\/\/www.rassegnastampa-totustuus.it\/cattolica\/#organization"},"image":{"@id":"https:\/\/www.rassegnastampa-totustuus.it\/cattolica\/benedicto-xvi-lo-sagrado-y-lo-santo\/#primaryimage"},"thumbnailUrl":"https:\/\/www.rassegnastampa-totustuus.it\/cattolica\/wp-content\/uploads\/2013\/03\/BenedettoXVI.jpg","keywords":["Benedetto XVI"],"articleSection":["Benedetto XVI","Chiesa"],"inLanguage":"it-IT"},{"@type":"WebPage","@id":"https:\/\/www.rassegnastampa-totustuus.it\/cattolica\/benedicto-xvi-lo-sagrado-y-lo-santo\/","url":"https:\/\/www.rassegnastampa-totustuus.it\/cattolica\/benedicto-xvi-lo-sagrado-y-lo-santo\/","name":"Benedicto XVI, lo sagrado y lo santo - Rassegna Stampa Cattolica","isPartOf":{"@id":"https:\/\/www.rassegnastampa-totustuus.it\/cattolica\/#website"},"primaryImageOfPage":{"@id":"https:\/\/www.rassegnastampa-totustuus.it\/cattolica\/benedicto-xvi-lo-sagrado-y-lo-santo\/#primaryimage"},"image":{"@id":"https:\/\/www.rassegnastampa-totustuus.it\/cattolica\/benedicto-xvi-lo-sagrado-y-lo-santo\/#primaryimage"},"thumbnailUrl":"https:\/\/www.rassegnastampa-totustuus.it\/cattolica\/wp-content\/uploads\/2013\/03\/BenedettoXVI.jpg","datePublished":"2013-03-18T02:09:19+00:00","dateModified":"2016-06-08T15:26:15+00:00","description":"Rassegna Stampa Cattolica - Per una cultura che nasce dalla Rivelazione cristiana in conformit\u00e0 alla tradizione e al Magistero della Chiesa in opposizione ad ogni relativismo e totalitarismo","breadcrumb":{"@id":"https:\/\/www.rassegnastampa-totustuus.it\/cattolica\/benedicto-xvi-lo-sagrado-y-lo-santo\/#breadcrumb"},"inLanguage":"it-IT","potentialAction":[{"@type":"ReadAction","target":["https:\/\/www.rassegnastampa-totustuus.it\/cattolica\/benedicto-xvi-lo-sagrado-y-lo-santo\/"]}]},{"@type":"ImageObject","inLanguage":"it-IT","@id":"https:\/\/www.rassegnastampa-totustuus.it\/cattolica\/benedicto-xvi-lo-sagrado-y-lo-santo\/#primaryimage","url":"https:\/\/www.rassegnastampa-totustuus.it\/cattolica\/wp-content\/uploads\/2013\/03\/BenedettoXVI.jpg","contentUrl":"https:\/\/www.rassegnastampa-totustuus.it\/cattolica\/wp-content\/uploads\/2013\/03\/BenedettoXVI.jpg","width":262,"height":192},{"@type":"BreadcrumbList","@id":"https:\/\/www.rassegnastampa-totustuus.it\/cattolica\/benedicto-xvi-lo-sagrado-y-lo-santo\/#breadcrumb","itemListElement":[{"@type":"ListItem","position":1,"name":"Home","item":"https:\/\/www.rassegnastampa-totustuus.it\/cattolica\/"},{"@type":"ListItem","position":2,"name":"Benedicto XVI, lo sagrado y lo santo"}]},{"@type":"WebSite","@id":"https:\/\/www.rassegnastampa-totustuus.it\/cattolica\/#website","url":"https:\/\/www.rassegnastampa-totustuus.it\/cattolica\/","name":"Rassegna Stampa Cattolica","description":"Per una cultura che nasce dalla Rivelazione cristiana in conformit\u00e0 alla tradizione e al Magistero della Chiesa in opposizione ad ogni relativismo e totalitarismo","publisher":{"@id":"https:\/\/www.rassegnastampa-totustuus.it\/cattolica\/#organization"},"alternateName":"Rass. Cattolica","potentialAction":[{"@type":"SearchAction","target":{"@type":"EntryPoint","urlTemplate":"https:\/\/www.rassegnastampa-totustuus.it\/cattolica\/?s={search_term_string}"},"query-input":{"@type":"PropertyValueSpecification","valueRequired":true,"valueName":"search_term_string"}}],"inLanguage":"it-IT"},{"@type":"Organization","@id":"https:\/\/www.rassegnastampa-totustuus.it\/cattolica\/#organization","name":"Rassegna Stampa Cattolica","url":"https:\/\/www.rassegnastampa-totustuus.it\/cattolica\/","logo":{"@type":"ImageObject","inLanguage":"it-IT","@id":"https:\/\/www.rassegnastampa-totustuus.it\/cattolica\/#\/schema\/logo\/image\/","url":"https:\/\/www.rassegnastampa-totustuus.it\/cattolica\/wp-content\/uploads\/2014\/04\/logo-rassegna1.gif","contentUrl":"https:\/\/www.rassegnastampa-totustuus.it\/cattolica\/wp-content\/uploads\/2014\/04\/logo-rassegna1.gif","width":600,"height":163,"caption":"Rassegna Stampa Cattolica"},"image":{"@id":"https:\/\/www.rassegnastampa-totustuus.it\/cattolica\/#\/schema\/logo\/image\/"},"sameAs":["https:\/\/www.facebook.com\/rassegnastampacattolica","https:\/\/x.com\/rassegnastampa9"]},{"@type":"Person","@id":"https:\/\/www.rassegnastampa-totustuus.it\/cattolica\/#\/schema\/person\/08f319d2bd1a0904ad9e2bfb7b15e5c3","name":"Redazione","image":{"@type":"ImageObject","inLanguage":"it-IT","@id":"https:\/\/secure.gravatar.com\/avatar\/2fcdf27c78ea025fbdb44e914cc63c72249ffec9dc8aafd5c82b26240ef3f346?s=96&d=mm&r=g","url":"https:\/\/secure.gravatar.com\/avatar\/2fcdf27c78ea025fbdb44e914cc63c72249ffec9dc8aafd5c82b26240ef3f346?s=96&d=mm&r=g","contentUrl":"https:\/\/secure.gravatar.com\/avatar\/2fcdf27c78ea025fbdb44e914cc63c72249ffec9dc8aafd5c82b26240ef3f346?s=96&d=mm&r=g","caption":"Redazione"},"url":"https:\/\/www.rassegnastampa-totustuus.it\/cattolica\/author\/pietroelle\/"}]}},"_links":{"self":[{"href":"https:\/\/www.rassegnastampa-totustuus.it\/cattolica\/wp-json\/wp\/v2\/posts\/5500","targetHints":{"allow":["GET"]}}],"collection":[{"href":"https:\/\/www.rassegnastampa-totustuus.it\/cattolica\/wp-json\/wp\/v2\/posts"}],"about":[{"href":"https:\/\/www.rassegnastampa-totustuus.it\/cattolica\/wp-json\/wp\/v2\/types\/post"}],"author":[{"embeddable":true,"href":"https:\/\/www.rassegnastampa-totustuus.it\/cattolica\/wp-json\/wp\/v2\/users\/6"}],"replies":[{"embeddable":true,"href":"https:\/\/www.rassegnastampa-totustuus.it\/cattolica\/wp-json\/wp\/v2\/comments?post=5500"}],"version-history":[{"count":4,"href":"https:\/\/www.rassegnastampa-totustuus.it\/cattolica\/wp-json\/wp\/v2\/posts\/5500\/revisions"}],"predecessor-version":[{"id":34401,"href":"https:\/\/www.rassegnastampa-totustuus.it\/cattolica\/wp-json\/wp\/v2\/posts\/5500\/revisions\/34401"}],"wp:featuredmedia":[{"embeddable":true,"href":"https:\/\/www.rassegnastampa-totustuus.it\/cattolica\/wp-json\/wp\/v2\/media\/31919"}],"wp:attachment":[{"href":"https:\/\/www.rassegnastampa-totustuus.it\/cattolica\/wp-json\/wp\/v2\/media?parent=5500"}],"wp:term":[{"taxonomy":"category","embeddable":true,"href":"https:\/\/www.rassegnastampa-totustuus.it\/cattolica\/wp-json\/wp\/v2\/categories?post=5500"},{"taxonomy":"post_tag","embeddable":true,"href":"https:\/\/www.rassegnastampa-totustuus.it\/cattolica\/wp-json\/wp\/v2\/tags?post=5500"}],"curies":[{"name":"wp","href":"https:\/\/api.w.org\/{rel}","templated":true}]}}