{"id":54952,"date":"2022-10-27T00:00:33","date_gmt":"2022-10-26T22:00:33","guid":{"rendered":"http:\/\/www.rassegnastampa-totustuus.it\/cattolica\/?p=54952"},"modified":"2024-02-20T15:18:46","modified_gmt":"2024-02-20T14:18:46","slug":"carlo-dasburgo-un-politico-modello-e-uomo-di-pace","status":"publish","type":"post","link":"https:\/\/www.rassegnastampa-totustuus.it\/cattolica\/carlo-dasburgo-un-politico-modello-e-uomo-di-pace\/","title":{"rendered":"Carlo d&#8217;Asburgo un politico modello e uomo di pace"},"content":{"rendered":"<p style=\"text-align: center;\"><span style=\"color: #000000;\"><strong><img loading=\"lazy\" decoding=\"async\" class=\" wp-image-17309 alignleft\" src=\"https:\/\/www.rassegnastampa-totustuus.it\/cattolica\/wp-content\/uploads\/2007\/02\/Carlo-I-Asburgo-225x300.jpg\" alt=\"\" width=\"200\" height=\"267\" srcset=\"https:\/\/www.rassegnastampa-totustuus.it\/cattolica\/wp-content\/uploads\/2007\/02\/Carlo-I-Asburgo-225x300.jpg 225w, https:\/\/www.rassegnastampa-totustuus.it\/cattolica\/wp-content\/uploads\/2007\/02\/Carlo-I-Asburgo.jpg 240w\" sizes=\"auto, (max-width: 200px) 100vw, 200px\" \/><\/strong><\/span><\/p>\n<p style=\"text-align: justify;\"><strong>Abstract: <\/strong><em>Carlo d&#8217;Asburgo un politico modello e uomo di pace. <span style=\"color: #000000;\">Nell\u2019anno del centenario dalla morte, assume un particolare rilievo la memoria liturgica del beato Carlo d\u2019Asburgo (1887-1922), ultimo imperatore d\u2019Austria, che la Chiesa celebra il 21 ottobre, data delle nozze con Zita di Borbone-Parma (1892-1989). Salito al trono dopo il lungo regno del prozio Francesco Giuseppe, Carlo si distinse come uomo di pace nel drammatico frangente della Prima Guerra Mondiale, cercando di raccogliere \u2013 unico tra i governanti europei \u2013 l\u2019appello di Benedetto XV a fermare \u00abl\u2019inutile strage\u00bb.<\/span><\/em><\/p>\n<p><!--more--><\/p>\n<p style=\"text-align: center;\"><span style=\"color: #000000;\"><strong><span style=\"color: #0000ff;\"><a style=\"color: #0000ff;\" href=\"https:\/\/lanuovabq.it\/it\" target=\"_blank\" rel=\"noopener\">La Nuova Bussola quotidiana <\/a><\/span><\/strong>21 Ottobre -2022\u00a0<\/span><\/p>\n<h3 style=\"text-align: center;\">Il beato Carlo d\u2019Asburgo:<\/h3>\n<h3 style=\"text-align: center;\">la politica come \u201cservizio santo\u201d ai popoli<\/h3>\n<p style=\"text-align: justify;\"><span style=\"color: #000000;\"><em>Alla Bussola l\u2019arciduca Martino d\u2019Austria-Este parla del nonno, l\u2019ultimo imperatore d\u2019Austria, di cui oggi ricorre la memoria liturgica nell\u2019anniversario delle nozze con Zita di Borbone-Parma. Dall\u2019isola di\u00a0Madeira, dove mor\u00ec giovanissimo in esilio nel 1922, al mondo intero \u00e8 diffusa la devozione verso il sovrano che san Giovanni Paolo II beatific\u00f2 nel 2004 proponendolo a modello di politico e uomo di pace.<\/em><\/span><\/p>\n<p style=\"text-align: center;\"><span style=\"color: #000000;\">di <strong>Stefano Chiappalone<\/strong><\/span><\/p>\n<div id=\"attachment_54955\" style=\"width: 257px\" class=\"wp-caption alignright\"><img loading=\"lazy\" decoding=\"async\" aria-describedby=\"caption-attachment-54955\" class=\"wp-image-54955 \" src=\"https:\/\/www.rassegnastampa-totustuus.it\/cattolica\/wp-content\/uploads\/2022\/10\/Martino_d\u2019Austria-Este_Asburgo-300x284.jpg\" alt=\"\" width=\"257\" height=\"243\" srcset=\"https:\/\/www.rassegnastampa-totustuus.it\/cattolica\/wp-content\/uploads\/2022\/10\/Martino_d\u2019Austria-Este_Asburgo-300x284.jpg 300w, https:\/\/www.rassegnastampa-totustuus.it\/cattolica\/wp-content\/uploads\/2022\/10\/Martino_d\u2019Austria-Este_Asburgo.jpg 330w\" sizes=\"auto, (max-width: 257px) 100vw, 257px\" \/><p id=\"caption-attachment-54955\" class=\"wp-caption-text\">Martino d\u2019Austria-Este<\/p><\/div>\n<p style=\"text-align: justify;\"><span style=\"color: #000000;\">Nell\u2019anno del centenario dalla morte, assume un particolare rilievo la memoria liturgica del beato Carlo d\u2019Asburgo (1887-1922), ultimo imperatore d\u2019Austria, che la Chiesa celebra il 21 ottobre, data delle nozze con Zita di Borbone-Parma (1892-1989). <\/span><\/p>\n<p style=\"text-align: justify;\"><span style=\"color: #000000;\">La devozione al santo imperatore \u00e8 tuttora diffusa nel mondo attraverso la<\/span> <span style=\"color: #0000ff;\"><em><a style=\"color: #0000ff;\" href=\"https:\/\/www.beatocarloinitalia.it\/la-gebetsliga\/\" target=\"_blank\" rel=\"noreferrer noopener\">Gebetsliga<\/a><\/em><\/span>, <span style=\"color: #000000;\">la Lega di preghiera nata quando Carlo era ancora bambino, su consiglio di una mistica ungherese<\/span>, <span style=\"color: #0000ff;\"><a style=\"color: #0000ff;\" href=\"http:\/\/www.beatocarloinitalia.it\/wp-content\/uploads\/2015\/10\/DiscorsoSuzannePearson2010ita.pdf\" target=\"_blank\" rel=\"noreferrer noopener\">madre Vincenzina<\/a><\/span>: <span style=\"color: #000000;\">\u00abLa gente deve pregare molto per il piccolo arciduca, perch\u00e9 un giorno egli diventer\u00e0 imperatore; dovr\u00e0 soffrire molto e sar\u00e0 un bersaglio speciale da parte dell&#8217;inferno\u00bb. <\/span><\/p>\n<p style=\"text-align: justify;\"><span style=\"color: #000000;\">Salito al trono dopo il lungo regno del prozio Francesco Giuseppe, Carlo si distinse come uomo di pace nel drammatico frangente della Prima Guerra Mondiale, cercando di raccogliere \u2013 unico tra i governanti europei \u2013 l\u2019appello di Benedetto XV a fermare \u00abl\u2019inutile strage\u00bb.<\/span><\/p>\n<p style=\"text-align: justify;\"><span style=\"color: #000000;\"> <img loading=\"lazy\" decoding=\"async\" class=\" wp-image-34406 alignleft\" src=\"https:\/\/www.rassegnastampa-totustuus.it\/cattolica\/wp-content\/uploads\/2005\/06\/Giovanni-Paolo-II.jpg\" alt=\"\" width=\"320\" height=\"215\" \/>Beatificandolo nel 2004<\/span> <span style=\"color: #0000ff;\"><a style=\"color: #0000ff;\" href=\"https:\/\/www.vatican.va\/content\/john-paul-ii\/it\/homilies\/2004\/documents\/hf_jp-ii_hom_20041003_beatifications.html\" target=\"_blank\" rel=\"noreferrer noopener\">Giovanni Paolo II<\/a><\/span> <span style=\"color: #000000;\">ricord\u00f2 che in ogni circostanza, politica e familiare, l\u2019imperatore si impegnava a \u00abcercare in tutto la volont\u00e0 di Dio, riconoscerla e seguirla\u00bb e \u00abconcep\u00ec la sua carica come servizio santo ai suoi popoli\u00bb: una vocazione sacra su cui non poteva \u201cnegoziare\u201d, diventando sgradito al nuovo governo repubblicano che ne decret\u00f2 l\u2019esilio sull\u2019isola di Madeira, dove mor\u00ec di stenti a soli 35 anni il 1\u00b0 aprile 1922, lasciando la giovane moglie Zita e otto figli piccoli.<\/span><\/p>\n<p style=\"text-align: justify;\"><span style=\"color: #000000;\"> Una figura che non perde di attualit\u00e0 come modello politico e familiare, e incarna per l\u2019Europa odierna un messaggio di riconciliazione tra i popoli e con le proprie radici cristiane, come racconta a <em>La Nuova Bussola Quotidiana<\/em> S.A.I.R. l\u2019arciduca Martino d\u2019Austria-Este, nipote del beato.<\/span><\/p>\n<p style=\"text-align: justify;\"><span style=\"color: #000000;\"><strong><img loading=\"lazy\" decoding=\"async\" class=\"size-full wp-image-40037 alignright\" src=\"https:\/\/www.rassegnastampa-totustuus.it\/cattolica\/wp-content\/uploads\/2018\/03\/Asburgo_stemma.jpg\" alt=\"\" width=\"198\" height=\"254\" \/>Altezza, partiamo da Madeira: \u00e8 ancora radicata la devozione al beato Carlo a un secolo dalla morte?<\/strong> <\/span><\/p>\n<p style=\"text-align: justify;\"><span style=\"color: #000000;\"><em>Il pellegrinaggio per il centenario, il 1\u00b0 aprile a Madeira, proprio sulla tomba del beato Carlo, \u00e8 stato molto sentito non solo in famiglia, ma anche dalla popolazione locale che nutre grande venerazione per il nonno. La tomba \u00e8 sempre fiorita, c\u2019\u00e8 sempre gente che viene a pregare, il vescovo ha celebrato la Messa pontificale\u2026 si vede che il beato Carlo \u00e8 amato a Madeira.<\/em> <\/span><\/p>\n<p style=\"text-align: justify;\"><span style=\"color: #000000;\"><strong>Dunque, c\u2019\u00e8 una memoria viva, non solo una tomba\u2026<\/strong><\/span><\/p>\n<p style=\"text-align: justify;\"><em><span style=\"color: #000000;\">No, assolutamente, al contrario. Dall&#8217;aeroporto ho preso un taxi e il tassista mi ha chiesto da dove venivo, cosa facevo, eccetera, e quando ho detto che sono austriaco mi ha risposto: \u00abAh, ma ci sono tanti suoi connazionali che vengono per il beato Carlo!\u00bb. Anche la popolazione partecipa e hanno organizzato un anno interamente dedicato a lui.<\/span><\/em><\/p>\n<p style=\"text-align: justify;\"><span style=\"color: #000000;\"><strong><img loading=\"lazy\" decoding=\"async\" class=\"size-full wp-image-23027 alignleft\" src=\"https:\/\/www.rassegnastampa-totustuus.it\/cattolica\/wp-content\/uploads\/2011\/10\/Carlo-dAustria.jpg\" alt=\"\" width=\"195\" height=\"258\" \/>Ora noi lo vediamo sugli altari, ma per voi nipoti qual era il rapporto con questa figura del nonno, che avete conosciuto indirettamente ma tramite la testimonianza privilegiata dell\u2019imperatrice Zita?<\/strong> <\/span><\/p>\n<p style=\"text-align: justify;\"><span style=\"color: #000000;\"><em>Quando eravamo piccoli non ne parlavamo tanto, forse per pudore, ma anche per una certa discrezione perch\u00e9 gi\u00e0 tutto il processo era in essere. Soltanto dopo, quando eravamo pi\u00f9 grandicelli, diciamo verso i 12 anni, ce ne hanno parlato di pi\u00f9, ma per noi era il nonno, non \u201cil beato\u201d. Poi abbiamo conosciuto la Liga e partecipato alle riunioni, sia organizzative sia di preghiera, ma molto pi\u00f9 tardi.<\/em><\/span><\/p>\n<p style=\"text-align: justify;\"><strong><span style=\"color: #000000;\">Tra il beato Carlo e san Giovanni Paolo II c\u2019\u00e8 un intreccio persino nelle date della morte (rispettivamente 1\u00b0 e 2 aprile) e ora della memoria liturgica (21 e 22 ottobre). Non \u00e8 provvidenziale che<\/span> <a href=\"https:\/\/www.youtube.com\/watch?v=8WQCf1PwvIY\" target=\"_blank\" rel=\"noreferrer noopener\"><span style=\"color: #0000ff;\">sia stato beatificato da lui<\/span><\/a><span style=\"color: #0000ff;\">,<\/span> <span style=\"color: #000000;\">che si chiamava Karol proprio per l\u2019ammirazione che il padre del futuro Papa nutriva per il giovane sovrano?<\/span><\/strong><\/p>\n<p style=\"text-align: justify;\"><span style=\"color: #000000;\"><em>Guardi, ho avuto esattamente la stessa impressione, identica: l\u2019ultimo dei cinque beati proclamati quel giorno \u00e8 stato proprio lui, e parlandone poco dopo noi cugini abbiamo avuto tutti l\u2019impressione che si chiudesse un cerchio<\/em>. <\/span><\/p>\n<h4 style=\"text-align: justify;\"><span style=\"color: #000000;\"><strong><img loading=\"lazy\" decoding=\"async\" class=\" wp-image-54956 alignright\" src=\"https:\/\/www.rassegnastampa-totustuus.it\/cattolica\/wp-content\/uploads\/2022\/10\/carlo_asburgo_zita_Parma-300x225.jpg\" alt=\"\" width=\"332\" height=\"249\" srcset=\"https:\/\/www.rassegnastampa-totustuus.it\/cattolica\/wp-content\/uploads\/2022\/10\/carlo_asburgo_zita_Parma-300x225.jpg 300w, https:\/\/www.rassegnastampa-totustuus.it\/cattolica\/wp-content\/uploads\/2022\/10\/carlo_asburgo_zita_Parma.jpg 330w\" sizes=\"auto, (max-width: 332px) 100vw, 332px\" \/>In precedenza, Giovanni Paolo II aveva ricevuto pi\u00f9 di una volta la famiglia Asburgo\u2026<\/strong>\u00a0<\/span><\/h4>\n<p style=\"text-align: justify;\"><span style=\"color: #000000;\"> I<em>o ero presente a una di queste udienze ed \u00e8 stata per noi molto emozionante. Era la messa del mattino, abbastanza presto, e dovevamo cantare. Dopo lui ci ha ricevuto, ci ha salutato tutti, e all\u2019uscita, vedendo me, che sono un po\u2019 pi\u00f9 alto della media, mi ha chiesto: \u00abCome va, com\u2019\u00e8 l\u2019aria lass\u00f9?\u00bb. Con lui ci siamo sentiti veramente in famiglia.<\/em><\/span><\/p>\n<p style=\"text-align: justify;\"><span style=\"color: #000000;\"><strong>\u00c8 vero che il Papa si rivolse a sua nonna chiamandola \u00abla mia imperatrice\u00bb?<\/strong><\/span><\/p>\n<p style=\"text-align: justify;\"><span style=\"color: #000000;\"><em>\u00c8 vero, \u00e8 vero: io in quell\u2019occasione non ero presente ma tanta gente me lo ha raccontato.<\/em> <\/span><\/p>\n<p style=\"text-align: justify;\"><span style=\"color: #000000;\"><strong><img loading=\"lazy\" decoding=\"async\" class=\" wp-image-54958 alignleft\" src=\"https:\/\/www.rassegnastampa-totustuus.it\/cattolica\/wp-content\/uploads\/2022\/10\/impero_Asburgo_Austria.jpg\" alt=\"\" width=\"323\" height=\"269\" \/>Gli Asburgo hanno fatto la storia d\u2019Europa ma ora hanno l\u2019onore e l\u2019onere di veicolare quei valori umani e cristiani incarnati dal beato Carlo: si pu\u00f2 affermare, in qualche modo, che suo nonno vi abbia trasmesso una \u201cvocazione\u201d di famiglia?<\/strong>\u00a0<\/span><\/p>\n<p style=\"text-align: justify;\"><span style=\"color: #000000;\"><em> Assolutamente, e lo dobbiamo alla nonna, che ha continuato a trasmetterci quei valori, ai nostri genitori, agli zii e alle zie e cos\u00ec via, che hanno sempre tenuto alti quei principi, l\u2019attaccamento alla Chiesa e alla fede. La nonna ci ha trasmesso tutto questo con il suo esempio, lei che ha vissuto cose enormi sul piano storico, ed era sempre discreta, sempre umile. <\/em><\/span><\/p>\n<p style=\"text-align: justify;\"><span style=\"color: #000000;\"><em>Uno dei frutti consiste anche nelle vocazioni sacerdotali: per tre secoli non ce ne sono state in famiglia e adesso abbiamo dei cugini sacerdoti, tra cui il figlio di un mio cugino che ha fatto una testimonianza anche durante le celebrazioni del centenario. \u00c8 una ricaduta delle grazie che abbiamo ricevuto dal beato Carlo e attraverso il suo esempio.<\/em> <\/span><\/p>\n<p><span style=\"color: #000000;\"><strong>Anche sua nonna, l\u2019imperatrice Zita, \u00e8 \u201ccandidata\u201d agli altari?<\/strong>\u00a0<\/span><\/p>\n<p style=\"text-align: justify;\"><span style=\"color: #000000;\"><em>S\u00ec, \u00e8 stata proclamata serva di Dio e il processo sta andando avanti.<\/em><\/span><\/p>\n<p style=\"text-align: justify;\"><span style=\"color: #000000;\"><strong><img loading=\"lazy\" decoding=\"async\" class=\" wp-image-46956 alignright\" src=\"https:\/\/www.rassegnastampa-totustuus.it\/cattolica\/wp-content\/uploads\/2020\/04\/Europa_UE_bandiera-300x204.jpg\" alt=\"\" width=\"318\" height=\"216\" srcset=\"https:\/\/www.rassegnastampa-totustuus.it\/cattolica\/wp-content\/uploads\/2020\/04\/Europa_UE_bandiera-300x204.jpg 300w, https:\/\/www.rassegnastampa-totustuus.it\/cattolica\/wp-content\/uploads\/2020\/04\/Europa_UE_bandiera-768x523.jpg 768w, https:\/\/www.rassegnastampa-totustuus.it\/cattolica\/wp-content\/uploads\/2020\/04\/Europa_UE_bandiera-1024x697.jpg 1024w, https:\/\/www.rassegnastampa-totustuus.it\/cattolica\/wp-content\/uploads\/2020\/04\/Europa_UE_bandiera.jpg 1471w\" sizes=\"auto, (max-width: 318px) 100vw, 318px\" \/>Un\u2019Europa lontana dalle proprie radici cristiane, pu\u00f2 ancora guardare a un imperatore santo? O forse oggi \u00e8 ancora pi\u00f9 necessario?<\/strong> <\/span><\/p>\n<p style=\"text-align: justify;\"><span style=\"color: #000000;\"><em>Ahim\u00e8, s\u00ec: vede, la storia ha dei ricorsi curiosi. Adesso c\u2019\u00e8 la guerra in Ucraina, nel territorio che un tempo si chiamava Galizia. Il nonno era stato di stanza proprio l\u00ec per due anni, pertanto conosceva bene il Paese. A maggior ragione andrebbe invocato oggi come paladino della pace.<\/em><\/span><\/p>\n<p style=\"text-align: justify;\"><span style=\"color: #000000;\"><strong>Quindi, non si pu\u00f2 relegare questa figura nel passato?<\/strong> <\/span><\/p>\n<p style=\"text-align: justify;\"><em><span style=\"color: #000000;\">No, no, \u00e8 proprio qui la bellezza della proclamazione dei beati e dei santi: sono eterni, si possono calare in ogni situazione di ogni tempo. Al giorno d\u2019oggi si pu\u00f2 indicare anche lui come esempio di capo di Stato e uomo di pace, ed \u00e8 proprio quello che ha fatto Giovanni Paolo II. La Gebetsliga sta fortemente ponendo l\u2019accento su questo: uomo di pace, capo di Stato e anche padre di famiglia, visto che ai nostri giorni la famiglia \u00e8 minacciata. Tutti questi motivi per cui \u00e8 stato proclamato beato sono oggi da riscoprire.<\/span><\/em><\/p>\n<p style=\"text-align: justify;\"><span style=\"color: #000000;\"><strong><img loading=\"lazy\" decoding=\"async\" class=\" wp-image-54959 alignleft\" src=\"https:\/\/www.rassegnastampa-totustuus.it\/cattolica\/wp-content\/uploads\/2022\/10\/carlo_Asburgo.jpg\" alt=\"\" width=\"266\" height=\"211\" \/>Altezza, grazie per il tempo che ci ha dedicato\u2026<\/strong><\/span><\/p>\n<p style=\"text-align: justify;\"><em><span style=\"color: #000000;\"> Sono io che la ringrazio. Il tempo impiegato per il beato Carlo \u00e8 un tempo investito bene (e glielo dico da uomo pratico, da imprenditore) perch\u00e9 ritorna non solo quando saremo lass\u00f9, ma gi\u00e0 adesso. E poi devo dire che sono privilegiato: una volta durante una conferenza ho detto che sono \u201craccomandato\u201d, perch\u00e9 chiedo direttamente al nonno di aiutarmi e guardi che funziona sempre&#8230;!<\/span><\/em><\/p>\n<p>___________________________________________<\/p>\n<p><span style=\"color: #000000;\"><strong>Leggi anche:<\/strong><\/span><\/p>\n<p><a href=\"https:\/\/www.rassegnastampa-totustuus.it\/cattolica\/memoria-di-carlo-daustria-1887-1922\/\" target=\"_blank\" rel=\"noopener\"><span style=\"color: #0000ff;\">Memoria di Carlo d\u2019Austria (1887-1922)<\/span><\/a><\/p>\n","protected":false},"excerpt":{"rendered":"<p>Abstract: Carlo d&#8217;Asburgo un politico modello e uomo di pace. Nell\u2019anno del centenario dalla morte, assume un particolare rilievo la memoria liturgica del beato Carlo d\u2019Asburgo (1887-1922), ultimo imperatore d\u2019Austria, che la Chiesa celebra il 21 ottobre, data delle nozze con Zita di Borbone-Parma (1892-1989). Salito al trono dopo il lungo regno del prozio Francesco &hellip; <\/p>\n<p><a class=\"more-link btn\" href=\"https:\/\/www.rassegnastampa-totustuus.it\/cattolica\/carlo-dasburgo-un-politico-modello-e-uomo-di-pace\/\">Continua a leggere<\/a><\/p>\n","protected":false},"author":6,"featured_media":23027,"comment_status":"closed","ping_status":"closed","sticky":false,"template":"","format":"standard","meta":{"footnotes":""},"categories":[5,18,65],"tags":[1445,157,283,466],"class_list":["post-54952","post","type-post","status-publish","format-standard","has-post-thumbnail","hentry","category-chiesa","category-personaggi","category-santi","tag-carlo-dasburgo","tag-chiesa-2","tag-personaggi-2","tag-santi-2","item-wrap"],"yoast_head":"<!-- This site is optimized with the Yoast SEO plugin v27.5 - https:\/\/yoast.com\/product\/yoast-seo-wordpress\/ -->\n<title>Carlo d&#039;Asburgo un politico modello e uomo di pace - Rassegna Stampa Cattolica<\/title>\n<meta name=\"description\" content=\"Carlo d&#039;Asburgo un politico modello e uomo di pace come fu definito da Giovanni Paolo II,una figura che non perde d&#039;attualit\u00e0\" \/>\n<meta name=\"robots\" content=\"index, follow, max-snippet:-1, max-image-preview:large, max-video-preview:-1\" \/>\n<link rel=\"canonical\" href=\"https:\/\/www.rassegnastampa-totustuus.it\/cattolica\/carlo-dasburgo-un-politico-modello-e-uomo-di-pace\/\" \/>\n<meta property=\"og:locale\" content=\"it_IT\" \/>\n<meta property=\"og:type\" content=\"article\" \/>\n<meta property=\"og:title\" content=\"Carlo d&#039;Asburgo un politico modello e uomo di pace - Rassegna Stampa Cattolica\" \/>\n<meta property=\"og:description\" content=\"Carlo d&#039;Asburgo un politico modello e uomo di pace come fu definito da Giovanni Paolo II,una figura che non perde d&#039;attualit\u00e0\" \/>\n<meta property=\"og:url\" content=\"https:\/\/www.rassegnastampa-totustuus.it\/cattolica\/carlo-dasburgo-un-politico-modello-e-uomo-di-pace\/\" \/>\n<meta property=\"og:site_name\" content=\"Rassegna Stampa Cattolica\" \/>\n<meta property=\"article:publisher\" content=\"https:\/\/www.facebook.com\/rassegnastampacattolica\" \/>\n<meta property=\"article:published_time\" content=\"2022-10-26T22:00:33+00:00\" \/>\n<meta property=\"article:modified_time\" content=\"2024-02-20T14:18:46+00:00\" \/>\n<meta property=\"og:image\" content=\"https:\/\/www.rassegnastampa-totustuus.it\/cattolica\/wp-content\/uploads\/2011\/10\/Carlo-dAustria.jpg\" \/>\n\t<meta property=\"og:image:width\" content=\"195\" \/>\n\t<meta property=\"og:image:height\" content=\"258\" \/>\n\t<meta property=\"og:image:type\" content=\"image\/jpeg\" \/>\n<meta name=\"author\" content=\"Redazione\" \/>\n<meta name=\"twitter:card\" content=\"summary_large_image\" \/>\n<meta name=\"twitter:creator\" content=\"@rassegnastampa9\" \/>\n<meta name=\"twitter:site\" content=\"@rassegnastampa9\" \/>\n<meta name=\"twitter:label1\" content=\"Scritto da\" \/>\n\t<meta name=\"twitter:data1\" content=\"Redazione\" \/>\n\t<meta name=\"twitter:label2\" content=\"Tempo di lettura stimato\" \/>\n\t<meta name=\"twitter:data2\" content=\"9 minuti\" \/>\n<script type=\"application\/ld+json\" class=\"yoast-schema-graph\">{\"@context\":\"https:\\\/\\\/schema.org\",\"@graph\":[{\"@type\":\"Article\",\"@id\":\"https:\\\/\\\/www.rassegnastampa-totustuus.it\\\/cattolica\\\/carlo-dasburgo-un-politico-modello-e-uomo-di-pace\\\/#article\",\"isPartOf\":{\"@id\":\"https:\\\/\\\/www.rassegnastampa-totustuus.it\\\/cattolica\\\/carlo-dasburgo-un-politico-modello-e-uomo-di-pace\\\/\"},\"author\":{\"name\":\"Redazione\",\"@id\":\"https:\\\/\\\/www.rassegnastampa-totustuus.it\\\/cattolica\\\/#\\\/schema\\\/person\\\/08f319d2bd1a0904ad9e2bfb7b15e5c3\"},\"headline\":\"Carlo d&#8217;Asburgo un politico modello e uomo di pace\",\"datePublished\":\"2022-10-26T22:00:33+00:00\",\"dateModified\":\"2024-02-20T14:18:46+00:00\",\"mainEntityOfPage\":{\"@id\":\"https:\\\/\\\/www.rassegnastampa-totustuus.it\\\/cattolica\\\/carlo-dasburgo-un-politico-modello-e-uomo-di-pace\\\/\"},\"wordCount\":1337,\"publisher\":{\"@id\":\"https:\\\/\\\/www.rassegnastampa-totustuus.it\\\/cattolica\\\/#organization\"},\"image\":{\"@id\":\"https:\\\/\\\/www.rassegnastampa-totustuus.it\\\/cattolica\\\/carlo-dasburgo-un-politico-modello-e-uomo-di-pace\\\/#primaryimage\"},\"thumbnailUrl\":\"https:\\\/\\\/www.rassegnastampa-totustuus.it\\\/cattolica\\\/wp-content\\\/uploads\\\/2011\\\/10\\\/Carlo-dAustria.jpg\",\"keywords\":[\"Carlo d'Asburgo\",\"chiesa\",\"personaggi\",\"santi\"],\"articleSection\":[\"Chiesa\",\"Personaggi\",\"Santi\"],\"inLanguage\":\"it-IT\"},{\"@type\":\"WebPage\",\"@id\":\"https:\\\/\\\/www.rassegnastampa-totustuus.it\\\/cattolica\\\/carlo-dasburgo-un-politico-modello-e-uomo-di-pace\\\/\",\"url\":\"https:\\\/\\\/www.rassegnastampa-totustuus.it\\\/cattolica\\\/carlo-dasburgo-un-politico-modello-e-uomo-di-pace\\\/\",\"name\":\"Carlo d'Asburgo un politico modello e uomo di pace - Rassegna Stampa Cattolica\",\"isPartOf\":{\"@id\":\"https:\\\/\\\/www.rassegnastampa-totustuus.it\\\/cattolica\\\/#website\"},\"primaryImageOfPage\":{\"@id\":\"https:\\\/\\\/www.rassegnastampa-totustuus.it\\\/cattolica\\\/carlo-dasburgo-un-politico-modello-e-uomo-di-pace\\\/#primaryimage\"},\"image\":{\"@id\":\"https:\\\/\\\/www.rassegnastampa-totustuus.it\\\/cattolica\\\/carlo-dasburgo-un-politico-modello-e-uomo-di-pace\\\/#primaryimage\"},\"thumbnailUrl\":\"https:\\\/\\\/www.rassegnastampa-totustuus.it\\\/cattolica\\\/wp-content\\\/uploads\\\/2011\\\/10\\\/Carlo-dAustria.jpg\",\"datePublished\":\"2022-10-26T22:00:33+00:00\",\"dateModified\":\"2024-02-20T14:18:46+00:00\",\"description\":\"Carlo d'Asburgo un politico modello e uomo di pace come fu definito da Giovanni Paolo II,una figura che non perde d'attualit\u00e0\",\"breadcrumb\":{\"@id\":\"https:\\\/\\\/www.rassegnastampa-totustuus.it\\\/cattolica\\\/carlo-dasburgo-un-politico-modello-e-uomo-di-pace\\\/#breadcrumb\"},\"inLanguage\":\"it-IT\",\"potentialAction\":[{\"@type\":\"ReadAction\",\"target\":[\"https:\\\/\\\/www.rassegnastampa-totustuus.it\\\/cattolica\\\/carlo-dasburgo-un-politico-modello-e-uomo-di-pace\\\/\"]}]},{\"@type\":\"ImageObject\",\"inLanguage\":\"it-IT\",\"@id\":\"https:\\\/\\\/www.rassegnastampa-totustuus.it\\\/cattolica\\\/carlo-dasburgo-un-politico-modello-e-uomo-di-pace\\\/#primaryimage\",\"url\":\"https:\\\/\\\/www.rassegnastampa-totustuus.it\\\/cattolica\\\/wp-content\\\/uploads\\\/2011\\\/10\\\/Carlo-dAustria.jpg\",\"contentUrl\":\"https:\\\/\\\/www.rassegnastampa-totustuus.it\\\/cattolica\\\/wp-content\\\/uploads\\\/2011\\\/10\\\/Carlo-dAustria.jpg\",\"width\":195,\"height\":258},{\"@type\":\"BreadcrumbList\",\"@id\":\"https:\\\/\\\/www.rassegnastampa-totustuus.it\\\/cattolica\\\/carlo-dasburgo-un-politico-modello-e-uomo-di-pace\\\/#breadcrumb\",\"itemListElement\":[{\"@type\":\"ListItem\",\"position\":1,\"name\":\"Home\",\"item\":\"https:\\\/\\\/www.rassegnastampa-totustuus.it\\\/cattolica\\\/\"},{\"@type\":\"ListItem\",\"position\":2,\"name\":\"Carlo d&#8217;Asburgo un politico modello e uomo di pace\"}]},{\"@type\":\"WebSite\",\"@id\":\"https:\\\/\\\/www.rassegnastampa-totustuus.it\\\/cattolica\\\/#website\",\"url\":\"https:\\\/\\\/www.rassegnastampa-totustuus.it\\\/cattolica\\\/\",\"name\":\"Rassegna Stampa Cattolica\",\"description\":\"Per una cultura che nasce dalla Rivelazione cristiana in conformit\u00e0 alla tradizione e al Magistero della Chiesa in opposizione ad ogni relativismo e totalitarismo\",\"publisher\":{\"@id\":\"https:\\\/\\\/www.rassegnastampa-totustuus.it\\\/cattolica\\\/#organization\"},\"alternateName\":\"Rass. Cattolica\",\"potentialAction\":[{\"@type\":\"SearchAction\",\"target\":{\"@type\":\"EntryPoint\",\"urlTemplate\":\"https:\\\/\\\/www.rassegnastampa-totustuus.it\\\/cattolica\\\/?s={search_term_string}\"},\"query-input\":{\"@type\":\"PropertyValueSpecification\",\"valueRequired\":true,\"valueName\":\"search_term_string\"}}],\"inLanguage\":\"it-IT\"},{\"@type\":\"Organization\",\"@id\":\"https:\\\/\\\/www.rassegnastampa-totustuus.it\\\/cattolica\\\/#organization\",\"name\":\"Rassegna Stampa Cattolica\",\"url\":\"https:\\\/\\\/www.rassegnastampa-totustuus.it\\\/cattolica\\\/\",\"logo\":{\"@type\":\"ImageObject\",\"inLanguage\":\"it-IT\",\"@id\":\"https:\\\/\\\/www.rassegnastampa-totustuus.it\\\/cattolica\\\/#\\\/schema\\\/logo\\\/image\\\/\",\"url\":\"https:\\\/\\\/www.rassegnastampa-totustuus.it\\\/cattolica\\\/wp-content\\\/uploads\\\/2014\\\/04\\\/logo-rassegna1.gif\",\"contentUrl\":\"https:\\\/\\\/www.rassegnastampa-totustuus.it\\\/cattolica\\\/wp-content\\\/uploads\\\/2014\\\/04\\\/logo-rassegna1.gif\",\"width\":600,\"height\":163,\"caption\":\"Rassegna Stampa Cattolica\"},\"image\":{\"@id\":\"https:\\\/\\\/www.rassegnastampa-totustuus.it\\\/cattolica\\\/#\\\/schema\\\/logo\\\/image\\\/\"},\"sameAs\":[\"https:\\\/\\\/www.facebook.com\\\/rassegnastampacattolica\",\"https:\\\/\\\/x.com\\\/rassegnastampa9\"]},{\"@type\":\"Person\",\"@id\":\"https:\\\/\\\/www.rassegnastampa-totustuus.it\\\/cattolica\\\/#\\\/schema\\\/person\\\/08f319d2bd1a0904ad9e2bfb7b15e5c3\",\"name\":\"Redazione\",\"image\":{\"@type\":\"ImageObject\",\"inLanguage\":\"it-IT\",\"@id\":\"https:\\\/\\\/secure.gravatar.com\\\/avatar\\\/2fcdf27c78ea025fbdb44e914cc63c72249ffec9dc8aafd5c82b26240ef3f346?s=96&d=mm&r=g\",\"url\":\"https:\\\/\\\/secure.gravatar.com\\\/avatar\\\/2fcdf27c78ea025fbdb44e914cc63c72249ffec9dc8aafd5c82b26240ef3f346?s=96&d=mm&r=g\",\"contentUrl\":\"https:\\\/\\\/secure.gravatar.com\\\/avatar\\\/2fcdf27c78ea025fbdb44e914cc63c72249ffec9dc8aafd5c82b26240ef3f346?s=96&d=mm&r=g\",\"caption\":\"Redazione\"},\"url\":\"https:\\\/\\\/www.rassegnastampa-totustuus.it\\\/cattolica\\\/author\\\/pietroelle\\\/\"}]}<\/script>\n<!-- \/ Yoast SEO plugin. -->","yoast_head_json":{"title":"Carlo d'Asburgo un politico modello e uomo di pace - Rassegna Stampa Cattolica","description":"Carlo d'Asburgo un politico modello e uomo di pace come fu definito da Giovanni Paolo II,una figura che non perde d'attualit\u00e0","robots":{"index":"index","follow":"follow","max-snippet":"max-snippet:-1","max-image-preview":"max-image-preview:large","max-video-preview":"max-video-preview:-1"},"canonical":"https:\/\/www.rassegnastampa-totustuus.it\/cattolica\/carlo-dasburgo-un-politico-modello-e-uomo-di-pace\/","og_locale":"it_IT","og_type":"article","og_title":"Carlo d'Asburgo un politico modello e uomo di pace - Rassegna Stampa Cattolica","og_description":"Carlo d'Asburgo un politico modello e uomo di pace come fu definito da Giovanni Paolo II,una figura che non perde d'attualit\u00e0","og_url":"https:\/\/www.rassegnastampa-totustuus.it\/cattolica\/carlo-dasburgo-un-politico-modello-e-uomo-di-pace\/","og_site_name":"Rassegna Stampa Cattolica","article_publisher":"https:\/\/www.facebook.com\/rassegnastampacattolica","article_published_time":"2022-10-26T22:00:33+00:00","article_modified_time":"2024-02-20T14:18:46+00:00","og_image":[{"width":195,"height":258,"url":"https:\/\/www.rassegnastampa-totustuus.it\/cattolica\/wp-content\/uploads\/2011\/10\/Carlo-dAustria.jpg","type":"image\/jpeg"}],"author":"Redazione","twitter_card":"summary_large_image","twitter_creator":"@rassegnastampa9","twitter_site":"@rassegnastampa9","twitter_misc":{"Scritto da":"Redazione","Tempo di lettura stimato":"9 minuti"},"schema":{"@context":"https:\/\/schema.org","@graph":[{"@type":"Article","@id":"https:\/\/www.rassegnastampa-totustuus.it\/cattolica\/carlo-dasburgo-un-politico-modello-e-uomo-di-pace\/#article","isPartOf":{"@id":"https:\/\/www.rassegnastampa-totustuus.it\/cattolica\/carlo-dasburgo-un-politico-modello-e-uomo-di-pace\/"},"author":{"name":"Redazione","@id":"https:\/\/www.rassegnastampa-totustuus.it\/cattolica\/#\/schema\/person\/08f319d2bd1a0904ad9e2bfb7b15e5c3"},"headline":"Carlo d&#8217;Asburgo un politico modello e uomo di pace","datePublished":"2022-10-26T22:00:33+00:00","dateModified":"2024-02-20T14:18:46+00:00","mainEntityOfPage":{"@id":"https:\/\/www.rassegnastampa-totustuus.it\/cattolica\/carlo-dasburgo-un-politico-modello-e-uomo-di-pace\/"},"wordCount":1337,"publisher":{"@id":"https:\/\/www.rassegnastampa-totustuus.it\/cattolica\/#organization"},"image":{"@id":"https:\/\/www.rassegnastampa-totustuus.it\/cattolica\/carlo-dasburgo-un-politico-modello-e-uomo-di-pace\/#primaryimage"},"thumbnailUrl":"https:\/\/www.rassegnastampa-totustuus.it\/cattolica\/wp-content\/uploads\/2011\/10\/Carlo-dAustria.jpg","keywords":["Carlo d'Asburgo","chiesa","personaggi","santi"],"articleSection":["Chiesa","Personaggi","Santi"],"inLanguage":"it-IT"},{"@type":"WebPage","@id":"https:\/\/www.rassegnastampa-totustuus.it\/cattolica\/carlo-dasburgo-un-politico-modello-e-uomo-di-pace\/","url":"https:\/\/www.rassegnastampa-totustuus.it\/cattolica\/carlo-dasburgo-un-politico-modello-e-uomo-di-pace\/","name":"Carlo d'Asburgo un politico modello e uomo di pace - Rassegna Stampa Cattolica","isPartOf":{"@id":"https:\/\/www.rassegnastampa-totustuus.it\/cattolica\/#website"},"primaryImageOfPage":{"@id":"https:\/\/www.rassegnastampa-totustuus.it\/cattolica\/carlo-dasburgo-un-politico-modello-e-uomo-di-pace\/#primaryimage"},"image":{"@id":"https:\/\/www.rassegnastampa-totustuus.it\/cattolica\/carlo-dasburgo-un-politico-modello-e-uomo-di-pace\/#primaryimage"},"thumbnailUrl":"https:\/\/www.rassegnastampa-totustuus.it\/cattolica\/wp-content\/uploads\/2011\/10\/Carlo-dAustria.jpg","datePublished":"2022-10-26T22:00:33+00:00","dateModified":"2024-02-20T14:18:46+00:00","description":"Carlo d'Asburgo un politico modello e uomo di pace come fu definito da Giovanni Paolo II,una figura che non perde d'attualit\u00e0","breadcrumb":{"@id":"https:\/\/www.rassegnastampa-totustuus.it\/cattolica\/carlo-dasburgo-un-politico-modello-e-uomo-di-pace\/#breadcrumb"},"inLanguage":"it-IT","potentialAction":[{"@type":"ReadAction","target":["https:\/\/www.rassegnastampa-totustuus.it\/cattolica\/carlo-dasburgo-un-politico-modello-e-uomo-di-pace\/"]}]},{"@type":"ImageObject","inLanguage":"it-IT","@id":"https:\/\/www.rassegnastampa-totustuus.it\/cattolica\/carlo-dasburgo-un-politico-modello-e-uomo-di-pace\/#primaryimage","url":"https:\/\/www.rassegnastampa-totustuus.it\/cattolica\/wp-content\/uploads\/2011\/10\/Carlo-dAustria.jpg","contentUrl":"https:\/\/www.rassegnastampa-totustuus.it\/cattolica\/wp-content\/uploads\/2011\/10\/Carlo-dAustria.jpg","width":195,"height":258},{"@type":"BreadcrumbList","@id":"https:\/\/www.rassegnastampa-totustuus.it\/cattolica\/carlo-dasburgo-un-politico-modello-e-uomo-di-pace\/#breadcrumb","itemListElement":[{"@type":"ListItem","position":1,"name":"Home","item":"https:\/\/www.rassegnastampa-totustuus.it\/cattolica\/"},{"@type":"ListItem","position":2,"name":"Carlo d&#8217;Asburgo un politico modello e uomo di pace"}]},{"@type":"WebSite","@id":"https:\/\/www.rassegnastampa-totustuus.it\/cattolica\/#website","url":"https:\/\/www.rassegnastampa-totustuus.it\/cattolica\/","name":"Rassegna Stampa Cattolica","description":"Per una cultura che nasce dalla Rivelazione cristiana in conformit\u00e0 alla tradizione e al Magistero della Chiesa in opposizione ad ogni relativismo e totalitarismo","publisher":{"@id":"https:\/\/www.rassegnastampa-totustuus.it\/cattolica\/#organization"},"alternateName":"Rass. Cattolica","potentialAction":[{"@type":"SearchAction","target":{"@type":"EntryPoint","urlTemplate":"https:\/\/www.rassegnastampa-totustuus.it\/cattolica\/?s={search_term_string}"},"query-input":{"@type":"PropertyValueSpecification","valueRequired":true,"valueName":"search_term_string"}}],"inLanguage":"it-IT"},{"@type":"Organization","@id":"https:\/\/www.rassegnastampa-totustuus.it\/cattolica\/#organization","name":"Rassegna Stampa Cattolica","url":"https:\/\/www.rassegnastampa-totustuus.it\/cattolica\/","logo":{"@type":"ImageObject","inLanguage":"it-IT","@id":"https:\/\/www.rassegnastampa-totustuus.it\/cattolica\/#\/schema\/logo\/image\/","url":"https:\/\/www.rassegnastampa-totustuus.it\/cattolica\/wp-content\/uploads\/2014\/04\/logo-rassegna1.gif","contentUrl":"https:\/\/www.rassegnastampa-totustuus.it\/cattolica\/wp-content\/uploads\/2014\/04\/logo-rassegna1.gif","width":600,"height":163,"caption":"Rassegna Stampa Cattolica"},"image":{"@id":"https:\/\/www.rassegnastampa-totustuus.it\/cattolica\/#\/schema\/logo\/image\/"},"sameAs":["https:\/\/www.facebook.com\/rassegnastampacattolica","https:\/\/x.com\/rassegnastampa9"]},{"@type":"Person","@id":"https:\/\/www.rassegnastampa-totustuus.it\/cattolica\/#\/schema\/person\/08f319d2bd1a0904ad9e2bfb7b15e5c3","name":"Redazione","image":{"@type":"ImageObject","inLanguage":"it-IT","@id":"https:\/\/secure.gravatar.com\/avatar\/2fcdf27c78ea025fbdb44e914cc63c72249ffec9dc8aafd5c82b26240ef3f346?s=96&d=mm&r=g","url":"https:\/\/secure.gravatar.com\/avatar\/2fcdf27c78ea025fbdb44e914cc63c72249ffec9dc8aafd5c82b26240ef3f346?s=96&d=mm&r=g","contentUrl":"https:\/\/secure.gravatar.com\/avatar\/2fcdf27c78ea025fbdb44e914cc63c72249ffec9dc8aafd5c82b26240ef3f346?s=96&d=mm&r=g","caption":"Redazione"},"url":"https:\/\/www.rassegnastampa-totustuus.it\/cattolica\/author\/pietroelle\/"}]}},"_links":{"self":[{"href":"https:\/\/www.rassegnastampa-totustuus.it\/cattolica\/wp-json\/wp\/v2\/posts\/54952","targetHints":{"allow":["GET"]}}],"collection":[{"href":"https:\/\/www.rassegnastampa-totustuus.it\/cattolica\/wp-json\/wp\/v2\/posts"}],"about":[{"href":"https:\/\/www.rassegnastampa-totustuus.it\/cattolica\/wp-json\/wp\/v2\/types\/post"}],"author":[{"embeddable":true,"href":"https:\/\/www.rassegnastampa-totustuus.it\/cattolica\/wp-json\/wp\/v2\/users\/6"}],"replies":[{"embeddable":true,"href":"https:\/\/www.rassegnastampa-totustuus.it\/cattolica\/wp-json\/wp\/v2\/comments?post=54952"}],"version-history":[{"count":4,"href":"https:\/\/www.rassegnastampa-totustuus.it\/cattolica\/wp-json\/wp\/v2\/posts\/54952\/revisions"}],"predecessor-version":[{"id":59660,"href":"https:\/\/www.rassegnastampa-totustuus.it\/cattolica\/wp-json\/wp\/v2\/posts\/54952\/revisions\/59660"}],"wp:featuredmedia":[{"embeddable":true,"href":"https:\/\/www.rassegnastampa-totustuus.it\/cattolica\/wp-json\/wp\/v2\/media\/23027"}],"wp:attachment":[{"href":"https:\/\/www.rassegnastampa-totustuus.it\/cattolica\/wp-json\/wp\/v2\/media?parent=54952"}],"wp:term":[{"taxonomy":"category","embeddable":true,"href":"https:\/\/www.rassegnastampa-totustuus.it\/cattolica\/wp-json\/wp\/v2\/categories?post=54952"},{"taxonomy":"post_tag","embeddable":true,"href":"https:\/\/www.rassegnastampa-totustuus.it\/cattolica\/wp-json\/wp\/v2\/tags?post=54952"}],"curies":[{"name":"wp","href":"https:\/\/api.w.org\/{rel}","templated":true}]}}