{"id":54949,"date":"2022-10-27T00:00:47","date_gmt":"2022-10-26T22:00:47","guid":{"rendered":"http:\/\/www.rassegnastampa-totustuus.it\/cattolica\/?p=54949"},"modified":"2024-02-20T14:52:48","modified_gmt":"2024-02-20T13:52:48","slug":"lu-e-studia-nuovi-diktat-verdi-in-agenda-welfare-animale-e-le-regole-su-come-mangiare","status":"publish","type":"post","link":"https:\/\/www.rassegnastampa-totustuus.it\/cattolica\/lu-e-studia-nuovi-diktat-verdi-in-agenda-welfare-animale-e-le-regole-su-come-mangiare\/","title":{"rendered":"Le nuove imposizioni verdi dell&#8217;Unione europea"},"content":{"rendered":"<p style=\"text-align: center;\"><span style=\"color: #000000;\"><strong><img loading=\"lazy\" decoding=\"async\" class=\"size-full wp-image-7461 alignleft\" src=\"https:\/\/www.rassegnastampa-totustuus.it\/cattolica\/wp-content\/uploads\/2014\/05\/europarlamento.jpg\" alt=\"\" width=\"259\" height=\"194\" \/><\/strong><\/span><\/p>\n<p style=\"text-align: justify;\"><span style=\"color: #000000;\"><strong>Abstract: <\/strong><\/span><em style=\"color: #000000; font-size: revert; text-align: center;\">le nuove imposizioni verdi dell&#8217;Unione europea contenute nel Green deal che ci dice come dobbiamo vestirci, cosa dobbiamo mangiare e come trattare gli animali. Una follia ambientalista e animalista che si sta imponendo sempre di pi\u00f9 e che con il controllo digitale della moneta non ci lascer\u00e0 scampo<\/em><\/p>\n<p><!--more--><\/p>\n<p style=\"text-align: center;\"><span style=\"color: #000000;\"><span style=\"color: #0000ff;\"><a style=\"color: #0000ff;\" href=\"https:\/\/www.laverita.info\/\" target=\"_blank\" rel=\"noopener\"><strong>La Verit\u00e0<\/strong> <\/a><\/span>Giovedi 20 ottobre 2022<\/span><\/p>\n<h3 style=\"text-align: center;\">L&#8217;U.E. studia nuovi diktat verdi.<\/h3>\n<h3 style=\"text-align: center;\">In agenda, welfare animale<\/h3>\n<h3 style=\"text-align: center;\">e le regole su come mangiare<\/h3>\n<p style=\"text-align: justify;\"><span style=\"color: #000000;\"><em>Presentato il Programma 2023 della Commissione: il Green deal si allarga al cibo e pure ai vestiti. E con l&#8217;euro digitale sar\u00e0 pi\u00f9 semplice imporre obblighi dall&#8217;alto<\/em><\/span><\/p>\n<p style=\"text-align: center;\"><span style=\"color: #000000;\">di <strong>Sergio Giraldo<\/strong><\/span><\/p>\n<p style=\"text-align: justify;\"><span style=\"color: #000000;\">Mentre \u00e8 alle prese con tetti fasulli ai prezzi del gas e fumosi regolamenti da sottoporre a infinite e arcane procedure, la Commissione europea trova anche il tempo di pubblicare il proprio programma di lavoro per il 2023. Del resto, con oltre 32.000 stipendiati non dovrebbe essere difficile sfornare prodotti burocratici.<\/span><\/p>\n<p style=\"text-align: justify;\"><span style=\"color: #000000;\"><img loading=\"lazy\" decoding=\"async\" class=\"size-full wp-image-32000 alignright\" src=\"https:\/\/www.rassegnastampa-totustuus.it\/cattolica\/wp-content\/uploads\/2006\/05\/europa.jpg\" alt=\"\" width=\"259\" height=\"194\" \/>Il programma, dal titolo <em>Una Unione salda e coesa<\/em>, consta di una quarantina di pagine, allegati compresi e illustra attivit\u00e0 e priorit\u00e0 dell&#8217;esecutivo di Bruxelles per l&#8217;anno prossimo. Come recita il comunicato stampa di presentazione, il piano di lavoro \u00ab<em>contiene 43 nuove iniziative politiche in tutte e sei le ambizioni<\/em> (sic) principali <em>degli orientamenti politici della presidente Ursula von der Leyen, sulla base del suo discorso sullo stato dell&#8217;Unione del 2022 e della sua lettera di intenti<\/em>\u00bb.<\/span><\/p>\n<p style=\"text-align: justify;\"><span style=\"color: #000000;\">La frase appena citata contiene tre rimandi ad atti precedenti (gli orientamenti, il discorso e la lettera), sicch\u00e9 si capisce come una delle maggiori preoccupazioni a Bruxelles sia quella di generare documenti che si rifanno a documenti precedenti, creati al solo scopo di essere richiamati successivamente da altri documenti, in un via vai spazio-temporale di riferimenti incrociati, la cui ricostruzione a posteriori pu\u00f2 causare labirintite acuta. Ma, a parte questa nota di colore (grigio come il cielo di Bruxelles), \u00e8 sui contenuti del programma che un lettore dovrebbe concentrarsi \u2026<\/span><\/p>\n<p style=\"text-align: justify;\"><span style=\"color: #000000;\"><img loading=\"lazy\" decoding=\"async\" class=\"wp-image-54950 alignleft\" src=\"https:\/\/www.rassegnastampa-totustuus.it\/cattolica\/wp-content\/uploads\/2022\/10\/animali.jpg\" alt=\"\" width=\"335\" height=\"204\" \/>La prima ambizione, termine cardine della neo-lingua unionista, \u00e8 il <em>Green deal<\/em>, che nel 2023 verter\u00e0 sul cibo, sulle piante, sugli animali e sul suolo\u2026\u00a0<\/span><\/p>\n<p style=\"text-align: justify;\"><span style=\"color: #000000;\">Le altre terrificanti cinque ambizioni riguardano digitale, regole economiche interne, un&#8217;Europa pi\u00f9 forte nel mondo, la promozione dello stile di vita europeo e, infine, una nuova spinta per la democrazia europea. Ognuna di queste prevede le pi\u00f9 varie iniziative, che arrivano al minuto dettaglio. Citiamo per dovere di cronaca gli allarmanti titoli: mondi virtuali, corruzione, abusi sessuali, influenze straniere nei processi democratici, salute mentale, aeroporti, spazio, sicurezza marittima, brevetti e, naturalmente, l&#8217;euro digitale.<\/span><\/p>\n<p style=\"text-align: center;\"><span style=\"color: #000000;\"><strong>Gabbie vietate <\/strong><\/span><\/p>\n<p style=\"text-align: justify;\"><span style=\"color: #000000;\"><img loading=\"lazy\" decoding=\"async\" class=\" wp-image-41919 alignright\" src=\"https:\/\/www.rassegnastampa-totustuus.it\/cattolica\/wp-content\/uploads\/2019\/01\/insetti_cibo.jpg\" alt=\"\" width=\"300\" height=\"224\" \/>Tornando alla prima delle sei ambizioni europee per il 2023, il <em>welfare<\/em> animale riguarda il divieto di allevare in gabbia galline, maiali, vitelli, conigli e altri animali da allevamento entro il 2027 in tutta\u00a0<\/span><\/p>\n<p style=\"text-align: justify;\"><span style=\"color: #000000;\">l&#8217;Unione, garantendo che tutti i prodotti importati nell&#8217;Ue rispettino i futuri standard senza gabbia. Ridurre gli scarti alimentari significa disincentivare lo spreco e incentivare il riutilizzo (in Italia si fa il polpettone, o la frittata di pasta: ma che ne sanno in Belgio?). Cibo sostenibile? \u00c8 un argomento trasversale, poich\u00e9 riguarda le politiche agricole, la salute, la legislazione sul cibo, sul suolo, l&#8217;allevamento, la pesca, le acque, il commercio, i rifiuti e chiss\u00e0 quanti altri settori dell&#8217;umano vivere.\u00a0<\/span><\/p>\n<p style=\"text-align: justify;\"><span style=\"color: #000000;\"><img loading=\"lazy\" decoding=\"async\" class=\" wp-image-24901 alignleft\" src=\"https:\/\/www.rassegnastampa-totustuus.it\/cattolica\/wp-content\/uploads\/2015\/05\/cibo-buttato.jpg\" alt=\"\" width=\"348\" height=\"216\" \/>Ridurre gli sprechi, trattare meglio gli animali, mangiare meglio sono obiettivi nobili, ci mancherebbe altro. Andrebbe per\u00f2 chiarito cosa significa \u00ab<em>meglio<\/em>\u00bb: se significa mangiare farina di insetti, \u00e8 difficile essere d&#8217;accordo e va in tutti i modi salvaguardata la libert\u00e0 di non farlo. Ma il punto \u00e8 un altro, o meglio, i punti sono due e riguardano il metodo, oltre che il merito<\/span><\/p>\n<p style=\"text-align: justify;\"><span style=\"color: #000000;\">Il primo: un&#8217;istituzione sovranazionale, sedicente liberale, il cui eclatante <em>deficit<\/em> democratico \u00e8 reso evidente dalla totale mancanza di responsabilit\u00e0 politica, che nasce per garantire un mercato interno efficiente, si sta trasformando in un <em>moloch<\/em> che regola tutto e vigila occhiuto su ogni aspetto della vita delle persone. Dall&#8217;istituzione che attua il libero commercio internazionale tra Paesi liberi stiamo passando a un super Stato etico, che stabilisce cosa \u00e8 giusto e cosa no, imponendo un supposto interesse superiore collettivo sulla base di orientamenti politici e valoriali decisi da non si sa chi. Quando \u00e8 avvenuto questo passaggio? Chi e come ha dato o d\u00e0 legittimit\u00e0 all&#8217;operato di un&#8217;entit\u00e0 incontrollabile dai cittadini, sui quali poi ricadono obblighi e doveri?<\/span><\/p>\n<p style=\"text-align: center;\"><span style=\"color: #000000;\"><strong>I contanti\u00a0<\/strong><\/span><\/p>\n<p style=\"text-align: justify;\"><span style=\"color: #000000;\"><img loading=\"lazy\" decoding=\"async\" class=\"wp-image-48998 alignright\" src=\"https:\/\/www.rassegnastampa-totustuus.it\/cattolica\/wp-content\/uploads\/2020\/11\/carte_credito_banche_soldi-300x168.jpg\" alt=\"\" width=\"341\" height=\"191\" \/>Il secondo punto: l&#8217;uso di strumenti tecnologici trasformer\u00e0 inevitabilmente il perseguimento di quel supposto interesse collettivo superiore in diretta negazione della libert\u00e0. L&#8217;euro digitale a cui sta lavorando la Bce di Christine Lagarde \u00e8 il perfetto strumento per assicurare che una regola sia rispettata. Se si vuole proibire un comportamento, basta rendere impossibile usare la moneta digitale per acquistare beni o servizi a quello legati &#8230;<\/span><\/p>\n<p style=\"text-align: justify;\"><span style=\"color: #000000;\">La tanto invocata abolizione del denaro contante, dietro lo stendardo della lotta all&#8217;evasione fiscale, serve in realt\u00e0 a questo: rendere la moneta digitale guardiano della condotta dei singoli. Il portafoglio di ciascuno sar\u00e0 in realt\u00e0 un insieme di vincoli e sar\u00e0 quello a decidere se e come potremo spendere i nostri soldi, orientando scelte, consumi, comportamenti. Uno scenario peggiore di qualunque fantasiosa distopia da romanzo, perch\u00e9 ormai imminente.<\/span><\/p>\n<p>__________________________________________________<\/p>\n<p><strong>Leggi anche:<\/strong><\/p>\n<p><a href=\"https:\/\/www.rassegnastampa-totustuus.it\/cattolica\/un-piano-per-finire-al-verde-indagine-sul-green-deal-europeo\/\" target=\"_blank\" rel=\"noopener\"><span style=\"color: #0000ff;\">Un piano per finire al verde. Indagine sul Green Deal europeo<\/span><\/a><\/p>\n","protected":false},"excerpt":{"rendered":"<p>Abstract: le nuove imposizioni verdi dell&#8217;Unione europea contenute nel Green deal che ci dice come dobbiamo vestirci, cosa dobbiamo mangiare e come trattare gli animali. Una follia ambientalista e animalista che si sta imponendo sempre di pi\u00f9 e che con il controllo digitale della moneta non ci lascer\u00e0 scampo<\/p><p><a class=\"more-link btn\" href=\"https:\/\/www.rassegnastampa-totustuus.it\/cattolica\/lu-e-studia-nuovi-diktat-verdi-in-agenda-welfare-animale-e-le-regole-su-come-mangiare\/\">Continua a leggere<\/a><\/p>\n","protected":false},"author":6,"featured_media":51533,"comment_status":"closed","ping_status":"closed","sticky":false,"template":"","format":"standard","meta":{"footnotes":""},"categories":[3,14,30],"tags":[2387,247,439,512],"class_list":["post-54949","post","type-post","status-publish","format-standard","has-post-thumbnail","hentry","category-ambientalismo","category-europa-e-ue","category-ideologia-ambientalista","tag-ambientalismo","tag-animalismo","tag-europa-ue","tag-ideologia-ambientale","item-wrap"],"yoast_head":"<!-- This site is optimized with the Yoast SEO plugin v27.5 - https:\/\/yoast.com\/product\/yoast-seo-wordpress\/ -->\n<title>Le nuove imposizioni verdi dell&#039;Unione europea - Rassegna Stampa Cattolica<\/title>\n<meta name=\"description\" content=\"Le nuove imposizioni verdi dell&#039;Unione europea contenute nel Green deal ci dicono come vestirci e trattare gli animali,, cosa mangiare\" \/>\n<meta name=\"robots\" content=\"index, follow, max-snippet:-1, max-image-preview:large, max-video-preview:-1\" \/>\n<link rel=\"canonical\" href=\"https:\/\/www.rassegnastampa-totustuus.it\/cattolica\/lu-e-studia-nuovi-diktat-verdi-in-agenda-welfare-animale-e-le-regole-su-come-mangiare\/\" \/>\n<meta property=\"og:locale\" content=\"it_IT\" \/>\n<meta property=\"og:type\" content=\"article\" \/>\n<meta property=\"og:title\" content=\"Le nuove imposizioni verdi dell&#039;Unione europea - Rassegna Stampa Cattolica\" \/>\n<meta property=\"og:description\" content=\"Le nuove imposizioni verdi dell&#039;Unione europea contenute nel Green deal ci dicono come vestirci e trattare gli animali,, cosa mangiare\" \/>\n<meta property=\"og:url\" content=\"https:\/\/www.rassegnastampa-totustuus.it\/cattolica\/lu-e-studia-nuovi-diktat-verdi-in-agenda-welfare-animale-e-le-regole-su-come-mangiare\/\" \/>\n<meta property=\"og:site_name\" content=\"Rassegna Stampa Cattolica\" \/>\n<meta property=\"article:publisher\" content=\"https:\/\/www.facebook.com\/rassegnastampacattolica\" \/>\n<meta property=\"article:published_time\" content=\"2022-10-26T22:00:47+00:00\" \/>\n<meta property=\"article:modified_time\" content=\"2024-02-20T13:52:48+00:00\" \/>\n<meta property=\"og:image\" content=\"https:\/\/www.rassegnastampa-totustuus.it\/cattolica\/wp-content\/uploads\/2021\/06\/Europa_verde_ambientalismo.jpg\" \/>\n\t<meta property=\"og:image:width\" content=\"1920\" \/>\n\t<meta property=\"og:image:height\" content=\"1080\" \/>\n\t<meta property=\"og:image:type\" content=\"image\/jpeg\" \/>\n<meta name=\"author\" content=\"Redazione\" \/>\n<meta name=\"twitter:card\" content=\"summary_large_image\" \/>\n<meta name=\"twitter:creator\" content=\"@rassegnastampa9\" \/>\n<meta name=\"twitter:site\" content=\"@rassegnastampa9\" \/>\n<meta name=\"twitter:label1\" content=\"Scritto da\" \/>\n\t<meta name=\"twitter:data1\" content=\"Redazione\" \/>\n\t<meta name=\"twitter:label2\" content=\"Tempo di lettura stimato\" \/>\n\t<meta name=\"twitter:data2\" content=\"6 minuti\" \/>\n<script type=\"application\/ld+json\" class=\"yoast-schema-graph\">{\"@context\":\"https:\\\/\\\/schema.org\",\"@graph\":[{\"@type\":\"Article\",\"@id\":\"https:\\\/\\\/www.rassegnastampa-totustuus.it\\\/cattolica\\\/lu-e-studia-nuovi-diktat-verdi-in-agenda-welfare-animale-e-le-regole-su-come-mangiare\\\/#article\",\"isPartOf\":{\"@id\":\"https:\\\/\\\/www.rassegnastampa-totustuus.it\\\/cattolica\\\/lu-e-studia-nuovi-diktat-verdi-in-agenda-welfare-animale-e-le-regole-su-come-mangiare\\\/\"},\"author\":{\"name\":\"Redazione\",\"@id\":\"https:\\\/\\\/www.rassegnastampa-totustuus.it\\\/cattolica\\\/#\\\/schema\\\/person\\\/08f319d2bd1a0904ad9e2bfb7b15e5c3\"},\"headline\":\"Le nuove imposizioni verdi dell&#8217;Unione europea\",\"datePublished\":\"2022-10-26T22:00:47+00:00\",\"dateModified\":\"2024-02-20T13:52:48+00:00\",\"mainEntityOfPage\":{\"@id\":\"https:\\\/\\\/www.rassegnastampa-totustuus.it\\\/cattolica\\\/lu-e-studia-nuovi-diktat-verdi-in-agenda-welfare-animale-e-le-regole-su-come-mangiare\\\/\"},\"wordCount\":866,\"publisher\":{\"@id\":\"https:\\\/\\\/www.rassegnastampa-totustuus.it\\\/cattolica\\\/#organization\"},\"image\":{\"@id\":\"https:\\\/\\\/www.rassegnastampa-totustuus.it\\\/cattolica\\\/lu-e-studia-nuovi-diktat-verdi-in-agenda-welfare-animale-e-le-regole-su-come-mangiare\\\/#primaryimage\"},\"thumbnailUrl\":\"https:\\\/\\\/www.rassegnastampa-totustuus.it\\\/cattolica\\\/wp-content\\\/uploads\\\/2021\\\/06\\\/Europa_verde_ambientalismo.jpg\",\"keywords\":[\"Ambientalismo\",\"animalismo\",\"Europa UE\",\"ideologia ambientale\"],\"articleSection\":[\"Ambientalismo\",\"Europa e UE\",\"Ideologia ambientale\"],\"inLanguage\":\"it-IT\"},{\"@type\":\"WebPage\",\"@id\":\"https:\\\/\\\/www.rassegnastampa-totustuus.it\\\/cattolica\\\/lu-e-studia-nuovi-diktat-verdi-in-agenda-welfare-animale-e-le-regole-su-come-mangiare\\\/\",\"url\":\"https:\\\/\\\/www.rassegnastampa-totustuus.it\\\/cattolica\\\/lu-e-studia-nuovi-diktat-verdi-in-agenda-welfare-animale-e-le-regole-su-come-mangiare\\\/\",\"name\":\"Le nuove imposizioni verdi dell'Unione europea - Rassegna Stampa Cattolica\",\"isPartOf\":{\"@id\":\"https:\\\/\\\/www.rassegnastampa-totustuus.it\\\/cattolica\\\/#website\"},\"primaryImageOfPage\":{\"@id\":\"https:\\\/\\\/www.rassegnastampa-totustuus.it\\\/cattolica\\\/lu-e-studia-nuovi-diktat-verdi-in-agenda-welfare-animale-e-le-regole-su-come-mangiare\\\/#primaryimage\"},\"image\":{\"@id\":\"https:\\\/\\\/www.rassegnastampa-totustuus.it\\\/cattolica\\\/lu-e-studia-nuovi-diktat-verdi-in-agenda-welfare-animale-e-le-regole-su-come-mangiare\\\/#primaryimage\"},\"thumbnailUrl\":\"https:\\\/\\\/www.rassegnastampa-totustuus.it\\\/cattolica\\\/wp-content\\\/uploads\\\/2021\\\/06\\\/Europa_verde_ambientalismo.jpg\",\"datePublished\":\"2022-10-26T22:00:47+00:00\",\"dateModified\":\"2024-02-20T13:52:48+00:00\",\"description\":\"Le nuove imposizioni verdi dell'Unione europea contenute nel Green deal ci dicono come vestirci e trattare gli animali,, cosa mangiare\",\"breadcrumb\":{\"@id\":\"https:\\\/\\\/www.rassegnastampa-totustuus.it\\\/cattolica\\\/lu-e-studia-nuovi-diktat-verdi-in-agenda-welfare-animale-e-le-regole-su-come-mangiare\\\/#breadcrumb\"},\"inLanguage\":\"it-IT\",\"potentialAction\":[{\"@type\":\"ReadAction\",\"target\":[\"https:\\\/\\\/www.rassegnastampa-totustuus.it\\\/cattolica\\\/lu-e-studia-nuovi-diktat-verdi-in-agenda-welfare-animale-e-le-regole-su-come-mangiare\\\/\"]}]},{\"@type\":\"ImageObject\",\"inLanguage\":\"it-IT\",\"@id\":\"https:\\\/\\\/www.rassegnastampa-totustuus.it\\\/cattolica\\\/lu-e-studia-nuovi-diktat-verdi-in-agenda-welfare-animale-e-le-regole-su-come-mangiare\\\/#primaryimage\",\"url\":\"https:\\\/\\\/www.rassegnastampa-totustuus.it\\\/cattolica\\\/wp-content\\\/uploads\\\/2021\\\/06\\\/Europa_verde_ambientalismo.jpg\",\"contentUrl\":\"https:\\\/\\\/www.rassegnastampa-totustuus.it\\\/cattolica\\\/wp-content\\\/uploads\\\/2021\\\/06\\\/Europa_verde_ambientalismo.jpg\",\"width\":1920,\"height\":1080},{\"@type\":\"BreadcrumbList\",\"@id\":\"https:\\\/\\\/www.rassegnastampa-totustuus.it\\\/cattolica\\\/lu-e-studia-nuovi-diktat-verdi-in-agenda-welfare-animale-e-le-regole-su-come-mangiare\\\/#breadcrumb\",\"itemListElement\":[{\"@type\":\"ListItem\",\"position\":1,\"name\":\"Home\",\"item\":\"https:\\\/\\\/www.rassegnastampa-totustuus.it\\\/cattolica\\\/\"},{\"@type\":\"ListItem\",\"position\":2,\"name\":\"Le nuove imposizioni verdi dell&#8217;Unione europea\"}]},{\"@type\":\"WebSite\",\"@id\":\"https:\\\/\\\/www.rassegnastampa-totustuus.it\\\/cattolica\\\/#website\",\"url\":\"https:\\\/\\\/www.rassegnastampa-totustuus.it\\\/cattolica\\\/\",\"name\":\"Rassegna Stampa Cattolica\",\"description\":\"Per una cultura che nasce dalla Rivelazione cristiana in conformit\u00e0 alla tradizione e al Magistero della Chiesa in opposizione ad ogni relativismo e totalitarismo\",\"publisher\":{\"@id\":\"https:\\\/\\\/www.rassegnastampa-totustuus.it\\\/cattolica\\\/#organization\"},\"alternateName\":\"Rass. Cattolica\",\"potentialAction\":[{\"@type\":\"SearchAction\",\"target\":{\"@type\":\"EntryPoint\",\"urlTemplate\":\"https:\\\/\\\/www.rassegnastampa-totustuus.it\\\/cattolica\\\/?s={search_term_string}\"},\"query-input\":{\"@type\":\"PropertyValueSpecification\",\"valueRequired\":true,\"valueName\":\"search_term_string\"}}],\"inLanguage\":\"it-IT\"},{\"@type\":\"Organization\",\"@id\":\"https:\\\/\\\/www.rassegnastampa-totustuus.it\\\/cattolica\\\/#organization\",\"name\":\"Rassegna Stampa Cattolica\",\"url\":\"https:\\\/\\\/www.rassegnastampa-totustuus.it\\\/cattolica\\\/\",\"logo\":{\"@type\":\"ImageObject\",\"inLanguage\":\"it-IT\",\"@id\":\"https:\\\/\\\/www.rassegnastampa-totustuus.it\\\/cattolica\\\/#\\\/schema\\\/logo\\\/image\\\/\",\"url\":\"https:\\\/\\\/www.rassegnastampa-totustuus.it\\\/cattolica\\\/wp-content\\\/uploads\\\/2014\\\/04\\\/logo-rassegna1.gif\",\"contentUrl\":\"https:\\\/\\\/www.rassegnastampa-totustuus.it\\\/cattolica\\\/wp-content\\\/uploads\\\/2014\\\/04\\\/logo-rassegna1.gif\",\"width\":600,\"height\":163,\"caption\":\"Rassegna Stampa Cattolica\"},\"image\":{\"@id\":\"https:\\\/\\\/www.rassegnastampa-totustuus.it\\\/cattolica\\\/#\\\/schema\\\/logo\\\/image\\\/\"},\"sameAs\":[\"https:\\\/\\\/www.facebook.com\\\/rassegnastampacattolica\",\"https:\\\/\\\/x.com\\\/rassegnastampa9\"]},{\"@type\":\"Person\",\"@id\":\"https:\\\/\\\/www.rassegnastampa-totustuus.it\\\/cattolica\\\/#\\\/schema\\\/person\\\/08f319d2bd1a0904ad9e2bfb7b15e5c3\",\"name\":\"Redazione\",\"image\":{\"@type\":\"ImageObject\",\"inLanguage\":\"it-IT\",\"@id\":\"https:\\\/\\\/secure.gravatar.com\\\/avatar\\\/2fcdf27c78ea025fbdb44e914cc63c72249ffec9dc8aafd5c82b26240ef3f346?s=96&d=mm&r=g\",\"url\":\"https:\\\/\\\/secure.gravatar.com\\\/avatar\\\/2fcdf27c78ea025fbdb44e914cc63c72249ffec9dc8aafd5c82b26240ef3f346?s=96&d=mm&r=g\",\"contentUrl\":\"https:\\\/\\\/secure.gravatar.com\\\/avatar\\\/2fcdf27c78ea025fbdb44e914cc63c72249ffec9dc8aafd5c82b26240ef3f346?s=96&d=mm&r=g\",\"caption\":\"Redazione\"},\"url\":\"https:\\\/\\\/www.rassegnastampa-totustuus.it\\\/cattolica\\\/author\\\/pietroelle\\\/\"}]}<\/script>\n<!-- \/ Yoast SEO plugin. -->","yoast_head_json":{"title":"Le nuove imposizioni verdi dell'Unione europea - Rassegna Stampa Cattolica","description":"Le nuove imposizioni verdi dell'Unione europea contenute nel Green deal ci dicono come vestirci e trattare gli animali,, cosa mangiare","robots":{"index":"index","follow":"follow","max-snippet":"max-snippet:-1","max-image-preview":"max-image-preview:large","max-video-preview":"max-video-preview:-1"},"canonical":"https:\/\/www.rassegnastampa-totustuus.it\/cattolica\/lu-e-studia-nuovi-diktat-verdi-in-agenda-welfare-animale-e-le-regole-su-come-mangiare\/","og_locale":"it_IT","og_type":"article","og_title":"Le nuove imposizioni verdi dell'Unione europea - Rassegna Stampa Cattolica","og_description":"Le nuove imposizioni verdi dell'Unione europea contenute nel Green deal ci dicono come vestirci e trattare gli animali,, cosa mangiare","og_url":"https:\/\/www.rassegnastampa-totustuus.it\/cattolica\/lu-e-studia-nuovi-diktat-verdi-in-agenda-welfare-animale-e-le-regole-su-come-mangiare\/","og_site_name":"Rassegna Stampa Cattolica","article_publisher":"https:\/\/www.facebook.com\/rassegnastampacattolica","article_published_time":"2022-10-26T22:00:47+00:00","article_modified_time":"2024-02-20T13:52:48+00:00","og_image":[{"width":1920,"height":1080,"url":"https:\/\/www.rassegnastampa-totustuus.it\/cattolica\/wp-content\/uploads\/2021\/06\/Europa_verde_ambientalismo.jpg","type":"image\/jpeg"}],"author":"Redazione","twitter_card":"summary_large_image","twitter_creator":"@rassegnastampa9","twitter_site":"@rassegnastampa9","twitter_misc":{"Scritto da":"Redazione","Tempo di lettura stimato":"6 minuti"},"schema":{"@context":"https:\/\/schema.org","@graph":[{"@type":"Article","@id":"https:\/\/www.rassegnastampa-totustuus.it\/cattolica\/lu-e-studia-nuovi-diktat-verdi-in-agenda-welfare-animale-e-le-regole-su-come-mangiare\/#article","isPartOf":{"@id":"https:\/\/www.rassegnastampa-totustuus.it\/cattolica\/lu-e-studia-nuovi-diktat-verdi-in-agenda-welfare-animale-e-le-regole-su-come-mangiare\/"},"author":{"name":"Redazione","@id":"https:\/\/www.rassegnastampa-totustuus.it\/cattolica\/#\/schema\/person\/08f319d2bd1a0904ad9e2bfb7b15e5c3"},"headline":"Le nuove imposizioni verdi dell&#8217;Unione europea","datePublished":"2022-10-26T22:00:47+00:00","dateModified":"2024-02-20T13:52:48+00:00","mainEntityOfPage":{"@id":"https:\/\/www.rassegnastampa-totustuus.it\/cattolica\/lu-e-studia-nuovi-diktat-verdi-in-agenda-welfare-animale-e-le-regole-su-come-mangiare\/"},"wordCount":866,"publisher":{"@id":"https:\/\/www.rassegnastampa-totustuus.it\/cattolica\/#organization"},"image":{"@id":"https:\/\/www.rassegnastampa-totustuus.it\/cattolica\/lu-e-studia-nuovi-diktat-verdi-in-agenda-welfare-animale-e-le-regole-su-come-mangiare\/#primaryimage"},"thumbnailUrl":"https:\/\/www.rassegnastampa-totustuus.it\/cattolica\/wp-content\/uploads\/2021\/06\/Europa_verde_ambientalismo.jpg","keywords":["Ambientalismo","animalismo","Europa UE","ideologia ambientale"],"articleSection":["Ambientalismo","Europa e UE","Ideologia ambientale"],"inLanguage":"it-IT"},{"@type":"WebPage","@id":"https:\/\/www.rassegnastampa-totustuus.it\/cattolica\/lu-e-studia-nuovi-diktat-verdi-in-agenda-welfare-animale-e-le-regole-su-come-mangiare\/","url":"https:\/\/www.rassegnastampa-totustuus.it\/cattolica\/lu-e-studia-nuovi-diktat-verdi-in-agenda-welfare-animale-e-le-regole-su-come-mangiare\/","name":"Le nuove imposizioni verdi dell'Unione europea - Rassegna Stampa Cattolica","isPartOf":{"@id":"https:\/\/www.rassegnastampa-totustuus.it\/cattolica\/#website"},"primaryImageOfPage":{"@id":"https:\/\/www.rassegnastampa-totustuus.it\/cattolica\/lu-e-studia-nuovi-diktat-verdi-in-agenda-welfare-animale-e-le-regole-su-come-mangiare\/#primaryimage"},"image":{"@id":"https:\/\/www.rassegnastampa-totustuus.it\/cattolica\/lu-e-studia-nuovi-diktat-verdi-in-agenda-welfare-animale-e-le-regole-su-come-mangiare\/#primaryimage"},"thumbnailUrl":"https:\/\/www.rassegnastampa-totustuus.it\/cattolica\/wp-content\/uploads\/2021\/06\/Europa_verde_ambientalismo.jpg","datePublished":"2022-10-26T22:00:47+00:00","dateModified":"2024-02-20T13:52:48+00:00","description":"Le nuove imposizioni verdi dell'Unione europea contenute nel Green deal ci dicono come vestirci e trattare gli animali,, cosa mangiare","breadcrumb":{"@id":"https:\/\/www.rassegnastampa-totustuus.it\/cattolica\/lu-e-studia-nuovi-diktat-verdi-in-agenda-welfare-animale-e-le-regole-su-come-mangiare\/#breadcrumb"},"inLanguage":"it-IT","potentialAction":[{"@type":"ReadAction","target":["https:\/\/www.rassegnastampa-totustuus.it\/cattolica\/lu-e-studia-nuovi-diktat-verdi-in-agenda-welfare-animale-e-le-regole-su-come-mangiare\/"]}]},{"@type":"ImageObject","inLanguage":"it-IT","@id":"https:\/\/www.rassegnastampa-totustuus.it\/cattolica\/lu-e-studia-nuovi-diktat-verdi-in-agenda-welfare-animale-e-le-regole-su-come-mangiare\/#primaryimage","url":"https:\/\/www.rassegnastampa-totustuus.it\/cattolica\/wp-content\/uploads\/2021\/06\/Europa_verde_ambientalismo.jpg","contentUrl":"https:\/\/www.rassegnastampa-totustuus.it\/cattolica\/wp-content\/uploads\/2021\/06\/Europa_verde_ambientalismo.jpg","width":1920,"height":1080},{"@type":"BreadcrumbList","@id":"https:\/\/www.rassegnastampa-totustuus.it\/cattolica\/lu-e-studia-nuovi-diktat-verdi-in-agenda-welfare-animale-e-le-regole-su-come-mangiare\/#breadcrumb","itemListElement":[{"@type":"ListItem","position":1,"name":"Home","item":"https:\/\/www.rassegnastampa-totustuus.it\/cattolica\/"},{"@type":"ListItem","position":2,"name":"Le nuove imposizioni verdi dell&#8217;Unione europea"}]},{"@type":"WebSite","@id":"https:\/\/www.rassegnastampa-totustuus.it\/cattolica\/#website","url":"https:\/\/www.rassegnastampa-totustuus.it\/cattolica\/","name":"Rassegna Stampa Cattolica","description":"Per una cultura che nasce dalla Rivelazione cristiana in conformit\u00e0 alla tradizione e al Magistero della Chiesa in opposizione ad ogni relativismo e totalitarismo","publisher":{"@id":"https:\/\/www.rassegnastampa-totustuus.it\/cattolica\/#organization"},"alternateName":"Rass. Cattolica","potentialAction":[{"@type":"SearchAction","target":{"@type":"EntryPoint","urlTemplate":"https:\/\/www.rassegnastampa-totustuus.it\/cattolica\/?s={search_term_string}"},"query-input":{"@type":"PropertyValueSpecification","valueRequired":true,"valueName":"search_term_string"}}],"inLanguage":"it-IT"},{"@type":"Organization","@id":"https:\/\/www.rassegnastampa-totustuus.it\/cattolica\/#organization","name":"Rassegna Stampa Cattolica","url":"https:\/\/www.rassegnastampa-totustuus.it\/cattolica\/","logo":{"@type":"ImageObject","inLanguage":"it-IT","@id":"https:\/\/www.rassegnastampa-totustuus.it\/cattolica\/#\/schema\/logo\/image\/","url":"https:\/\/www.rassegnastampa-totustuus.it\/cattolica\/wp-content\/uploads\/2014\/04\/logo-rassegna1.gif","contentUrl":"https:\/\/www.rassegnastampa-totustuus.it\/cattolica\/wp-content\/uploads\/2014\/04\/logo-rassegna1.gif","width":600,"height":163,"caption":"Rassegna Stampa Cattolica"},"image":{"@id":"https:\/\/www.rassegnastampa-totustuus.it\/cattolica\/#\/schema\/logo\/image\/"},"sameAs":["https:\/\/www.facebook.com\/rassegnastampacattolica","https:\/\/x.com\/rassegnastampa9"]},{"@type":"Person","@id":"https:\/\/www.rassegnastampa-totustuus.it\/cattolica\/#\/schema\/person\/08f319d2bd1a0904ad9e2bfb7b15e5c3","name":"Redazione","image":{"@type":"ImageObject","inLanguage":"it-IT","@id":"https:\/\/secure.gravatar.com\/avatar\/2fcdf27c78ea025fbdb44e914cc63c72249ffec9dc8aafd5c82b26240ef3f346?s=96&d=mm&r=g","url":"https:\/\/secure.gravatar.com\/avatar\/2fcdf27c78ea025fbdb44e914cc63c72249ffec9dc8aafd5c82b26240ef3f346?s=96&d=mm&r=g","contentUrl":"https:\/\/secure.gravatar.com\/avatar\/2fcdf27c78ea025fbdb44e914cc63c72249ffec9dc8aafd5c82b26240ef3f346?s=96&d=mm&r=g","caption":"Redazione"},"url":"https:\/\/www.rassegnastampa-totustuus.it\/cattolica\/author\/pietroelle\/"}]}},"_links":{"self":[{"href":"https:\/\/www.rassegnastampa-totustuus.it\/cattolica\/wp-json\/wp\/v2\/posts\/54949","targetHints":{"allow":["GET"]}}],"collection":[{"href":"https:\/\/www.rassegnastampa-totustuus.it\/cattolica\/wp-json\/wp\/v2\/posts"}],"about":[{"href":"https:\/\/www.rassegnastampa-totustuus.it\/cattolica\/wp-json\/wp\/v2\/types\/post"}],"author":[{"embeddable":true,"href":"https:\/\/www.rassegnastampa-totustuus.it\/cattolica\/wp-json\/wp\/v2\/users\/6"}],"replies":[{"embeddable":true,"href":"https:\/\/www.rassegnastampa-totustuus.it\/cattolica\/wp-json\/wp\/v2\/comments?post=54949"}],"version-history":[{"count":3,"href":"https:\/\/www.rassegnastampa-totustuus.it\/cattolica\/wp-json\/wp\/v2\/posts\/54949\/revisions"}],"predecessor-version":[{"id":59656,"href":"https:\/\/www.rassegnastampa-totustuus.it\/cattolica\/wp-json\/wp\/v2\/posts\/54949\/revisions\/59656"}],"wp:featuredmedia":[{"embeddable":true,"href":"https:\/\/www.rassegnastampa-totustuus.it\/cattolica\/wp-json\/wp\/v2\/media\/51533"}],"wp:attachment":[{"href":"https:\/\/www.rassegnastampa-totustuus.it\/cattolica\/wp-json\/wp\/v2\/media?parent=54949"}],"wp:term":[{"taxonomy":"category","embeddable":true,"href":"https:\/\/www.rassegnastampa-totustuus.it\/cattolica\/wp-json\/wp\/v2\/categories?post=54949"},{"taxonomy":"post_tag","embeddable":true,"href":"https:\/\/www.rassegnastampa-totustuus.it\/cattolica\/wp-json\/wp\/v2\/tags?post=54949"}],"curies":[{"name":"wp","href":"https:\/\/api.w.org\/{rel}","templated":true}]}}