{"id":54941,"date":"2022-10-27T00:00:38","date_gmt":"2022-10-26T22:00:38","guid":{"rendered":"http:\/\/www.rassegnastampa-totustuus.it\/cattolica\/?p=54941"},"modified":"2024-02-20T15:00:59","modified_gmt":"2024-02-20T14:00:59","slug":"lintelligent-design-sfida-levoluzionismo-la-conferenza-di-michael-denton","status":"publish","type":"post","link":"https:\/\/www.rassegnastampa-totustuus.it\/cattolica\/lintelligent-design-sfida-levoluzionismo-la-conferenza-di-michael-denton\/","title":{"rendered":"L\u2019Intelligent Design sfida l\u2019evoluzionismo"},"content":{"rendered":"<p style=\"text-align: center;\"><span style=\"color: #000000;\"><strong><img loading=\"lazy\" decoding=\"async\" class=\" wp-image-54942 alignleft\" src=\"https:\/\/www.rassegnastampa-totustuus.it\/cattolica\/wp-content\/uploads\/2022\/10\/evoluzionismo_intelligent_design.jpg\" alt=\"\" width=\"275\" height=\"206\" \/><\/strong><\/span><\/p>\n<p style=\"text-align: justify;\"><strong><span style=\"color: #000000;\">Abstract: <\/span><\/strong><em><span style=\"color: #000000;\">l\u2019Intelligent Design sfida l\u2019evoluzionismo. Se tutta la realt\u00e0 mostra piani meticolosi e precisi, come si pu\u00f2 pensare che sia frutto di accadimenti a caso, avvenuti non si sa n\u00e9 come n\u00e9 quando, e ovviamente nemmeno perch\u00e9?\u00a0 Semplicemente non si pu\u00f2. Ma non in obbedienza a chiss\u00e0 quale preconcetto. Lo dicono infatti la ragione e il buon senso. <\/span><\/em><\/p>\n<p><!--more--><\/p>\n<p style=\"text-align: center;\"><span style=\"color: #000000;\"><strong>Blog di Aldo Maria Valli<\/strong> 22 Ottobre 2022<br \/>\n<\/span><\/p>\n<h3 style=\"text-align: center;\">Cos\u00ec l\u2019Intelligent Design sfida l\u2019evoluzionismo.<\/h3>\n<h3 style=\"text-align: center;\">La conferenza di Michael Denton<\/h3>\n<p style=\"text-align: center;\"><span style=\"color: #000000;\">di <strong>Aldo Maria Valli<\/strong><\/span><\/p>\n<p style=\"text-align: justify;\"><span style=\"color: #000000;\">Se tutta la realt\u00e0 mostra piani meticolosi e precisi, come si pu\u00f2 pensare che sia frutto di accadimenti a caso, avvenuti non si sa n\u00e9 come n\u00e9 quando, e ovviamente nemmeno perch\u00e9?\u00a0<\/span><span style=\"color: #000000;\"> Semplicemente non si pu\u00f2. Ma non in obbedienza a chiss\u00e0 quale preconcetto. Lo dicono infatti la ragione e il buon senso. Quando poi a ripeterlo, anzi a mostrarlo, \u00e8 la scienza empirica, biologica e matematica, anche il pi\u00f9 ostinato deve arrendersi all\u2019evidenza.<\/span><\/p>\n<div id=\"attachment_54943\" style=\"width: 272px\" class=\"wp-caption alignright\"><img loading=\"lazy\" decoding=\"async\" aria-describedby=\"caption-attachment-54943\" class=\"wp-image-54943 size-full\" src=\"https:\/\/www.rassegnastampa-totustuus.it\/cattolica\/wp-content\/uploads\/2022\/10\/Michael_Denton_intelligent_design_evoluzionismo.jpg\" alt=\"\" width=\"272\" height=\"185\" \/><p id=\"caption-attachment-54943\" class=\"wp-caption-text\">Michael Denton<\/p><\/div>\n<p style=\"text-align: justify;\"><span style=\"color: #000000;\">Qualcuno sostiene che, stante l\u2019incapacit\u00e0 pratica dell\u2019uomo nello spiegarsi certi fenomeni, questo sia solo un modo surrettizio per infilarci Dio. Sostanzialmente qualcosa di solo un poco pi\u00f9 avanzato della superstizione primordiale che ascrive ai numi del Cielo i fulmini che scoppiettano nell\u2019etere. Ma non \u00e8 cos\u00ec. Lo afferma il biochimico australiano Michael Denton, che non \u00e8 credente e si definisce agnostico e tuttavia, proprio in quanto scienziato, ha imparato a meravigliarsi di fronte alla realt\u00e0 e ad arrendersi davanti ai fatti.\u00a0<\/span><\/p>\n<p style=\"text-align: justify;\"><span style=\"color: #000000;\"> Denton ha tenuto ieri una conferenza nell\u2019Istituto aeronautico Antonio Locatelli di Bergamo, intitolata <em>La sincronia perfetta fra la natura e il nostro essere biologico<\/em>. Senior Fellow del Center for Science and Culture del Discovery Institute di Seattle, il professor Denton \u00e8 autore di opere come <em>Evolution: A Theory in Crisis<\/em> (1985) ed <em>Evolution: Still a Theory in Crisis<\/em> (2016), oltre che di capolavori quali <em>The Miracle of the Cell<\/em> (2020) e il nuovissimo <em>The Miracle of Man: The Fine Tuning of Nature for Human Existence<\/em> (2022). Gli studi di questo luminare hanno ispirato ampiamente l\u2019Intelligent Design, l\u2019ipotesi scientifica secondo cui non il caso, bens\u00ec una causa sia all\u2019origine dell\u2019universo e della vita. <\/span><\/p>\n<p style=\"text-align: justify;\"><span style=\"color: #000000;\"><img loading=\"lazy\" decoding=\"async\" class=\"size-full wp-image-34391 alignleft\" src=\"https:\/\/www.rassegnastampa-totustuus.it\/cattolica\/wp-content\/uploads\/2006\/07\/evoluzionismo.jpg\" alt=\"\" width=\"269\" height=\"187\" \/>Organizzato dal Centro italiano per l\u2019Intelligent Design (CIID), in collaborazione con il Discovery Institute di Seattle (la pi\u00f9 prestigiosa realt\u00e0 scientifica per lo studio dell\u2019Intelligent Design a livello internazionale, che ha partner e corrispondenti in tutto il mondo), la conferenza di Denton ha affrontato con taglio divulgativo questioni scientifiche di grande complessit\u00e0.<\/span><\/p>\n<p style=\"text-align: justify;\"><span style=\"color: #000000;\">Alla fine il professor Denton ha accettato di discutere le proprie tesi rispondendo ad alcune domande. Perch\u00e9 l\u2019Intelligent Design, proponendosi come ipotesi scientifica alternativa all\u2019ipotesi evoluzionista, non si sottrae al confronto schietto. \u00abLe sincronie che ho descritto \u2013 dice Michael Denton \u2013 dimostrano come la natura non sia solo confacente alla cellula basata sul carbonio (un fatto, questo, oramai assodato), ma come essa sia perfettamente adatta a consentire la vita di grandi organismi terrestri, endotermici, aerobici, esseri che respirano aria, che sono dotati di un sistema circolatorio avanzato, nonch\u00e9 di una capacit\u00e0 visiva di grande acutezza\u00bb.<\/span><\/p>\n<p style=\"text-align: justify;\"><span style=\"color: #000000;\"> <img loading=\"lazy\" decoding=\"async\" class=\" wp-image-8821 alignright\" src=\"https:\/\/www.rassegnastampa-totustuus.it\/cattolica\/wp-content\/uploads\/2014\/07\/creazione.jpg\" alt=\"\" width=\"316\" height=\"220\" \/>\u00abE ci sono numerosi altri esempi\u00bb di queste sincronie. \u00abCome le dimensioni umane medie e il design con cui siamo fatti, che \u00e8 perfetto per la produzione del fuoco e per lo sviluppo di tecnologia\u00bb.<\/span><\/p>\n<p style=\"text-align: justify;\"><span style=\"color: #000000;\"> \u00abUn\u2019implicazione di tutto ci\u00f2 \u00e8 che qualsiasi forma avanzata di vita basata sul carbonio possa esistere nell\u2019Universo, essa dovr\u00e0 necessariamente assomigliare all\u2019uomo attuale. Ovvero, dopo i quattro secoli in cui l\u2019umanit\u00e0 \u00e8 stata considerata un mero incidente cosmico di percorso, privo di un posto speciale nell\u2019ordine del mondo, i progressi scientifici offrono invece spunti e basi sempre maggiori per una riformulazione globale del concetto di natura: una riformulazione antropocentrica. Davvero l\u2019uomo sta al centro della natura\u00bb.<\/span><\/p>\n<p>______________________________________<\/p>\n<p><strong>Leggi anche:<\/strong><\/p>\n<p><a href=\"https:\/\/www.rassegnastampa-totustuus.it\/cattolica\/evoluzionismo-no-intelligent-design\/\" target=\"_blank\" rel=\"noopener\"><span style=\"color: #0000ff;\">Evoluzionismo? No Intelligent Design<\/span><\/a><\/p>\n","protected":false},"excerpt":{"rendered":"<p>Abstract: l\u2019Intelligent Design sfida l\u2019evoluzionismo. Se tutta la realt\u00e0 mostra piani meticolosi e precisi, come si pu\u00f2 pensare che sia frutto di accadimenti a caso, avvenuti non si sa n\u00e9 come n\u00e9 quando, e ovviamente nemmeno perch\u00e9?\u00a0 Semplicemente non si pu\u00f2. Ma non in obbedienza a chiss\u00e0 quale preconcetto. Lo dicono infatti la ragione e &hellip; <\/p>\n<p><a class=\"more-link btn\" href=\"https:\/\/www.rassegnastampa-totustuus.it\/cattolica\/lintelligent-design-sfida-levoluzionismo-la-conferenza-di-michael-denton\/\">Continua a leggere<\/a><\/p>\n","protected":false},"author":6,"featured_media":46720,"comment_status":"closed","ping_status":"closed","sticky":false,"template":"","format":"standard","meta":{"footnotes":""},"categories":[51],"tags":[275,2931],"class_list":["post-54941","post","type-post","status-publish","format-standard","has-post-thumbnail","hentry","category-evoluzionismo","tag-evoluzionismo-2","tag-intelligent-design","item-wrap"],"yoast_head":"<!-- This site is optimized with the Yoast SEO plugin v27.4 - https:\/\/yoast.com\/product\/yoast-seo-wordpress\/ -->\n<title>L\u2019Intelligent Design sfida l\u2019evoluzionismo - Rassegna Stampa Cattolica<\/title>\n<meta name=\"description\" content=\"L\u2019Intelligent Design sfida l\u2019evoluzionismo. Se tutta la realt\u00e0 mostra piani precisi non si pu\u00f2 pensare al caso\" \/>\n<meta name=\"robots\" content=\"index, follow, max-snippet:-1, max-image-preview:large, max-video-preview:-1\" \/>\n<link rel=\"canonical\" href=\"https:\/\/www.rassegnastampa-totustuus.it\/cattolica\/lintelligent-design-sfida-levoluzionismo-la-conferenza-di-michael-denton\/\" \/>\n<meta property=\"og:locale\" content=\"it_IT\" \/>\n<meta property=\"og:type\" content=\"article\" \/>\n<meta property=\"og:title\" content=\"L\u2019Intelligent Design sfida l\u2019evoluzionismo - Rassegna Stampa Cattolica\" \/>\n<meta property=\"og:description\" content=\"L\u2019Intelligent Design sfida l\u2019evoluzionismo. Se tutta la realt\u00e0 mostra piani precisi non si pu\u00f2 pensare al caso\" \/>\n<meta property=\"og:url\" content=\"https:\/\/www.rassegnastampa-totustuus.it\/cattolica\/lintelligent-design-sfida-levoluzionismo-la-conferenza-di-michael-denton\/\" \/>\n<meta property=\"og:site_name\" content=\"Rassegna Stampa Cattolica\" \/>\n<meta property=\"article:publisher\" content=\"https:\/\/www.facebook.com\/rassegnastampacattolica\" \/>\n<meta property=\"article:published_time\" content=\"2022-10-26T22:00:38+00:00\" \/>\n<meta property=\"article:modified_time\" content=\"2024-02-20T14:00:59+00:00\" \/>\n<meta property=\"og:image\" content=\"https:\/\/www.rassegnastampa-totustuus.it\/cattolica\/wp-content\/uploads\/2020\/03\/evoluzionismo_darwin.jpg\" \/>\n\t<meta property=\"og:image:width\" content=\"1600\" \/>\n\t<meta property=\"og:image:height\" content=\"900\" \/>\n\t<meta property=\"og:image:type\" content=\"image\/jpeg\" \/>\n<meta name=\"author\" content=\"Redazione\" \/>\n<meta name=\"twitter:card\" content=\"summary_large_image\" \/>\n<meta name=\"twitter:creator\" content=\"@rassegnastampa9\" \/>\n<meta name=\"twitter:site\" content=\"@rassegnastampa9\" \/>\n<meta name=\"twitter:label1\" content=\"Scritto da\" \/>\n\t<meta name=\"twitter:data1\" content=\"Redazione\" \/>\n\t<meta name=\"twitter:label2\" content=\"Tempo di lettura stimato\" \/>\n\t<meta name=\"twitter:data2\" content=\"5 minuti\" \/>\n<script type=\"application\/ld+json\" class=\"yoast-schema-graph\">{\"@context\":\"https:\\\/\\\/schema.org\",\"@graph\":[{\"@type\":\"Article\",\"@id\":\"https:\\\/\\\/www.rassegnastampa-totustuus.it\\\/cattolica\\\/lintelligent-design-sfida-levoluzionismo-la-conferenza-di-michael-denton\\\/#article\",\"isPartOf\":{\"@id\":\"https:\\\/\\\/www.rassegnastampa-totustuus.it\\\/cattolica\\\/lintelligent-design-sfida-levoluzionismo-la-conferenza-di-michael-denton\\\/\"},\"author\":{\"name\":\"Redazione\",\"@id\":\"https:\\\/\\\/www.rassegnastampa-totustuus.it\\\/cattolica\\\/#\\\/schema\\\/person\\\/08f319d2bd1a0904ad9e2bfb7b15e5c3\"},\"headline\":\"L\u2019Intelligent Design sfida l\u2019evoluzionismo\",\"datePublished\":\"2022-10-26T22:00:38+00:00\",\"dateModified\":\"2024-02-20T14:00:59+00:00\",\"mainEntityOfPage\":{\"@id\":\"https:\\\/\\\/www.rassegnastampa-totustuus.it\\\/cattolica\\\/lintelligent-design-sfida-levoluzionismo-la-conferenza-di-michael-denton\\\/\"},\"wordCount\":635,\"publisher\":{\"@id\":\"https:\\\/\\\/www.rassegnastampa-totustuus.it\\\/cattolica\\\/#organization\"},\"image\":{\"@id\":\"https:\\\/\\\/www.rassegnastampa-totustuus.it\\\/cattolica\\\/lintelligent-design-sfida-levoluzionismo-la-conferenza-di-michael-denton\\\/#primaryimage\"},\"thumbnailUrl\":\"https:\\\/\\\/www.rassegnastampa-totustuus.it\\\/cattolica\\\/wp-content\\\/uploads\\\/2020\\\/03\\\/evoluzionismo_darwin.jpg\",\"keywords\":[\"evoluzionismo\",\"intelligent design\"],\"articleSection\":[\"Evoluzionismo\"],\"inLanguage\":\"it-IT\"},{\"@type\":\"WebPage\",\"@id\":\"https:\\\/\\\/www.rassegnastampa-totustuus.it\\\/cattolica\\\/lintelligent-design-sfida-levoluzionismo-la-conferenza-di-michael-denton\\\/\",\"url\":\"https:\\\/\\\/www.rassegnastampa-totustuus.it\\\/cattolica\\\/lintelligent-design-sfida-levoluzionismo-la-conferenza-di-michael-denton\\\/\",\"name\":\"L\u2019Intelligent Design sfida l\u2019evoluzionismo - Rassegna Stampa Cattolica\",\"isPartOf\":{\"@id\":\"https:\\\/\\\/www.rassegnastampa-totustuus.it\\\/cattolica\\\/#website\"},\"primaryImageOfPage\":{\"@id\":\"https:\\\/\\\/www.rassegnastampa-totustuus.it\\\/cattolica\\\/lintelligent-design-sfida-levoluzionismo-la-conferenza-di-michael-denton\\\/#primaryimage\"},\"image\":{\"@id\":\"https:\\\/\\\/www.rassegnastampa-totustuus.it\\\/cattolica\\\/lintelligent-design-sfida-levoluzionismo-la-conferenza-di-michael-denton\\\/#primaryimage\"},\"thumbnailUrl\":\"https:\\\/\\\/www.rassegnastampa-totustuus.it\\\/cattolica\\\/wp-content\\\/uploads\\\/2020\\\/03\\\/evoluzionismo_darwin.jpg\",\"datePublished\":\"2022-10-26T22:00:38+00:00\",\"dateModified\":\"2024-02-20T14:00:59+00:00\",\"description\":\"L\u2019Intelligent Design sfida l\u2019evoluzionismo. Se tutta la realt\u00e0 mostra piani precisi non si pu\u00f2 pensare al caso\",\"breadcrumb\":{\"@id\":\"https:\\\/\\\/www.rassegnastampa-totustuus.it\\\/cattolica\\\/lintelligent-design-sfida-levoluzionismo-la-conferenza-di-michael-denton\\\/#breadcrumb\"},\"inLanguage\":\"it-IT\",\"potentialAction\":[{\"@type\":\"ReadAction\",\"target\":[\"https:\\\/\\\/www.rassegnastampa-totustuus.it\\\/cattolica\\\/lintelligent-design-sfida-levoluzionismo-la-conferenza-di-michael-denton\\\/\"]}]},{\"@type\":\"ImageObject\",\"inLanguage\":\"it-IT\",\"@id\":\"https:\\\/\\\/www.rassegnastampa-totustuus.it\\\/cattolica\\\/lintelligent-design-sfida-levoluzionismo-la-conferenza-di-michael-denton\\\/#primaryimage\",\"url\":\"https:\\\/\\\/www.rassegnastampa-totustuus.it\\\/cattolica\\\/wp-content\\\/uploads\\\/2020\\\/03\\\/evoluzionismo_darwin.jpg\",\"contentUrl\":\"https:\\\/\\\/www.rassegnastampa-totustuus.it\\\/cattolica\\\/wp-content\\\/uploads\\\/2020\\\/03\\\/evoluzionismo_darwin.jpg\",\"width\":1600,\"height\":900},{\"@type\":\"BreadcrumbList\",\"@id\":\"https:\\\/\\\/www.rassegnastampa-totustuus.it\\\/cattolica\\\/lintelligent-design-sfida-levoluzionismo-la-conferenza-di-michael-denton\\\/#breadcrumb\",\"itemListElement\":[{\"@type\":\"ListItem\",\"position\":1,\"name\":\"Home\",\"item\":\"https:\\\/\\\/www.rassegnastampa-totustuus.it\\\/cattolica\\\/\"},{\"@type\":\"ListItem\",\"position\":2,\"name\":\"L\u2019Intelligent Design sfida l\u2019evoluzionismo\"}]},{\"@type\":\"WebSite\",\"@id\":\"https:\\\/\\\/www.rassegnastampa-totustuus.it\\\/cattolica\\\/#website\",\"url\":\"https:\\\/\\\/www.rassegnastampa-totustuus.it\\\/cattolica\\\/\",\"name\":\"Rassegna Stampa Cattolica\",\"description\":\"Per una cultura che nasce dalla Rivelazione cristiana in conformit\u00e0 alla tradizione e al Magistero della Chiesa in opposizione ad ogni relativismo e totalitarismo\",\"publisher\":{\"@id\":\"https:\\\/\\\/www.rassegnastampa-totustuus.it\\\/cattolica\\\/#organization\"},\"alternateName\":\"Rass. Cattolica\",\"potentialAction\":[{\"@type\":\"SearchAction\",\"target\":{\"@type\":\"EntryPoint\",\"urlTemplate\":\"https:\\\/\\\/www.rassegnastampa-totustuus.it\\\/cattolica\\\/?s={search_term_string}\"},\"query-input\":{\"@type\":\"PropertyValueSpecification\",\"valueRequired\":true,\"valueName\":\"search_term_string\"}}],\"inLanguage\":\"it-IT\"},{\"@type\":\"Organization\",\"@id\":\"https:\\\/\\\/www.rassegnastampa-totustuus.it\\\/cattolica\\\/#organization\",\"name\":\"Rassegna Stampa Cattolica\",\"url\":\"https:\\\/\\\/www.rassegnastampa-totustuus.it\\\/cattolica\\\/\",\"logo\":{\"@type\":\"ImageObject\",\"inLanguage\":\"it-IT\",\"@id\":\"https:\\\/\\\/www.rassegnastampa-totustuus.it\\\/cattolica\\\/#\\\/schema\\\/logo\\\/image\\\/\",\"url\":\"https:\\\/\\\/www.rassegnastampa-totustuus.it\\\/cattolica\\\/wp-content\\\/uploads\\\/2014\\\/04\\\/logo-rassegna1.gif\",\"contentUrl\":\"https:\\\/\\\/www.rassegnastampa-totustuus.it\\\/cattolica\\\/wp-content\\\/uploads\\\/2014\\\/04\\\/logo-rassegna1.gif\",\"width\":600,\"height\":163,\"caption\":\"Rassegna Stampa Cattolica\"},\"image\":{\"@id\":\"https:\\\/\\\/www.rassegnastampa-totustuus.it\\\/cattolica\\\/#\\\/schema\\\/logo\\\/image\\\/\"},\"sameAs\":[\"https:\\\/\\\/www.facebook.com\\\/rassegnastampacattolica\",\"https:\\\/\\\/x.com\\\/rassegnastampa9\"]},{\"@type\":\"Person\",\"@id\":\"https:\\\/\\\/www.rassegnastampa-totustuus.it\\\/cattolica\\\/#\\\/schema\\\/person\\\/08f319d2bd1a0904ad9e2bfb7b15e5c3\",\"name\":\"Redazione\",\"image\":{\"@type\":\"ImageObject\",\"inLanguage\":\"it-IT\",\"@id\":\"https:\\\/\\\/secure.gravatar.com\\\/avatar\\\/2fcdf27c78ea025fbdb44e914cc63c72249ffec9dc8aafd5c82b26240ef3f346?s=96&d=mm&r=g\",\"url\":\"https:\\\/\\\/secure.gravatar.com\\\/avatar\\\/2fcdf27c78ea025fbdb44e914cc63c72249ffec9dc8aafd5c82b26240ef3f346?s=96&d=mm&r=g\",\"contentUrl\":\"https:\\\/\\\/secure.gravatar.com\\\/avatar\\\/2fcdf27c78ea025fbdb44e914cc63c72249ffec9dc8aafd5c82b26240ef3f346?s=96&d=mm&r=g\",\"caption\":\"Redazione\"},\"url\":\"https:\\\/\\\/www.rassegnastampa-totustuus.it\\\/cattolica\\\/author\\\/pietroelle\\\/\"}]}<\/script>\n<!-- \/ Yoast SEO plugin. -->","yoast_head_json":{"title":"L\u2019Intelligent Design sfida l\u2019evoluzionismo - Rassegna Stampa Cattolica","description":"L\u2019Intelligent Design sfida l\u2019evoluzionismo. Se tutta la realt\u00e0 mostra piani precisi non si pu\u00f2 pensare al caso","robots":{"index":"index","follow":"follow","max-snippet":"max-snippet:-1","max-image-preview":"max-image-preview:large","max-video-preview":"max-video-preview:-1"},"canonical":"https:\/\/www.rassegnastampa-totustuus.it\/cattolica\/lintelligent-design-sfida-levoluzionismo-la-conferenza-di-michael-denton\/","og_locale":"it_IT","og_type":"article","og_title":"L\u2019Intelligent Design sfida l\u2019evoluzionismo - Rassegna Stampa Cattolica","og_description":"L\u2019Intelligent Design sfida l\u2019evoluzionismo. Se tutta la realt\u00e0 mostra piani precisi non si pu\u00f2 pensare al caso","og_url":"https:\/\/www.rassegnastampa-totustuus.it\/cattolica\/lintelligent-design-sfida-levoluzionismo-la-conferenza-di-michael-denton\/","og_site_name":"Rassegna Stampa Cattolica","article_publisher":"https:\/\/www.facebook.com\/rassegnastampacattolica","article_published_time":"2022-10-26T22:00:38+00:00","article_modified_time":"2024-02-20T14:00:59+00:00","og_image":[{"width":1600,"height":900,"url":"https:\/\/www.rassegnastampa-totustuus.it\/cattolica\/wp-content\/uploads\/2020\/03\/evoluzionismo_darwin.jpg","type":"image\/jpeg"}],"author":"Redazione","twitter_card":"summary_large_image","twitter_creator":"@rassegnastampa9","twitter_site":"@rassegnastampa9","twitter_misc":{"Scritto da":"Redazione","Tempo di lettura stimato":"5 minuti"},"schema":{"@context":"https:\/\/schema.org","@graph":[{"@type":"Article","@id":"https:\/\/www.rassegnastampa-totustuus.it\/cattolica\/lintelligent-design-sfida-levoluzionismo-la-conferenza-di-michael-denton\/#article","isPartOf":{"@id":"https:\/\/www.rassegnastampa-totustuus.it\/cattolica\/lintelligent-design-sfida-levoluzionismo-la-conferenza-di-michael-denton\/"},"author":{"name":"Redazione","@id":"https:\/\/www.rassegnastampa-totustuus.it\/cattolica\/#\/schema\/person\/08f319d2bd1a0904ad9e2bfb7b15e5c3"},"headline":"L\u2019Intelligent Design sfida l\u2019evoluzionismo","datePublished":"2022-10-26T22:00:38+00:00","dateModified":"2024-02-20T14:00:59+00:00","mainEntityOfPage":{"@id":"https:\/\/www.rassegnastampa-totustuus.it\/cattolica\/lintelligent-design-sfida-levoluzionismo-la-conferenza-di-michael-denton\/"},"wordCount":635,"publisher":{"@id":"https:\/\/www.rassegnastampa-totustuus.it\/cattolica\/#organization"},"image":{"@id":"https:\/\/www.rassegnastampa-totustuus.it\/cattolica\/lintelligent-design-sfida-levoluzionismo-la-conferenza-di-michael-denton\/#primaryimage"},"thumbnailUrl":"https:\/\/www.rassegnastampa-totustuus.it\/cattolica\/wp-content\/uploads\/2020\/03\/evoluzionismo_darwin.jpg","keywords":["evoluzionismo","intelligent design"],"articleSection":["Evoluzionismo"],"inLanguage":"it-IT"},{"@type":"WebPage","@id":"https:\/\/www.rassegnastampa-totustuus.it\/cattolica\/lintelligent-design-sfida-levoluzionismo-la-conferenza-di-michael-denton\/","url":"https:\/\/www.rassegnastampa-totustuus.it\/cattolica\/lintelligent-design-sfida-levoluzionismo-la-conferenza-di-michael-denton\/","name":"L\u2019Intelligent Design sfida l\u2019evoluzionismo - Rassegna Stampa Cattolica","isPartOf":{"@id":"https:\/\/www.rassegnastampa-totustuus.it\/cattolica\/#website"},"primaryImageOfPage":{"@id":"https:\/\/www.rassegnastampa-totustuus.it\/cattolica\/lintelligent-design-sfida-levoluzionismo-la-conferenza-di-michael-denton\/#primaryimage"},"image":{"@id":"https:\/\/www.rassegnastampa-totustuus.it\/cattolica\/lintelligent-design-sfida-levoluzionismo-la-conferenza-di-michael-denton\/#primaryimage"},"thumbnailUrl":"https:\/\/www.rassegnastampa-totustuus.it\/cattolica\/wp-content\/uploads\/2020\/03\/evoluzionismo_darwin.jpg","datePublished":"2022-10-26T22:00:38+00:00","dateModified":"2024-02-20T14:00:59+00:00","description":"L\u2019Intelligent Design sfida l\u2019evoluzionismo. Se tutta la realt\u00e0 mostra piani precisi non si pu\u00f2 pensare al caso","breadcrumb":{"@id":"https:\/\/www.rassegnastampa-totustuus.it\/cattolica\/lintelligent-design-sfida-levoluzionismo-la-conferenza-di-michael-denton\/#breadcrumb"},"inLanguage":"it-IT","potentialAction":[{"@type":"ReadAction","target":["https:\/\/www.rassegnastampa-totustuus.it\/cattolica\/lintelligent-design-sfida-levoluzionismo-la-conferenza-di-michael-denton\/"]}]},{"@type":"ImageObject","inLanguage":"it-IT","@id":"https:\/\/www.rassegnastampa-totustuus.it\/cattolica\/lintelligent-design-sfida-levoluzionismo-la-conferenza-di-michael-denton\/#primaryimage","url":"https:\/\/www.rassegnastampa-totustuus.it\/cattolica\/wp-content\/uploads\/2020\/03\/evoluzionismo_darwin.jpg","contentUrl":"https:\/\/www.rassegnastampa-totustuus.it\/cattolica\/wp-content\/uploads\/2020\/03\/evoluzionismo_darwin.jpg","width":1600,"height":900},{"@type":"BreadcrumbList","@id":"https:\/\/www.rassegnastampa-totustuus.it\/cattolica\/lintelligent-design-sfida-levoluzionismo-la-conferenza-di-michael-denton\/#breadcrumb","itemListElement":[{"@type":"ListItem","position":1,"name":"Home","item":"https:\/\/www.rassegnastampa-totustuus.it\/cattolica\/"},{"@type":"ListItem","position":2,"name":"L\u2019Intelligent Design sfida l\u2019evoluzionismo"}]},{"@type":"WebSite","@id":"https:\/\/www.rassegnastampa-totustuus.it\/cattolica\/#website","url":"https:\/\/www.rassegnastampa-totustuus.it\/cattolica\/","name":"Rassegna Stampa Cattolica","description":"Per una cultura che nasce dalla Rivelazione cristiana in conformit\u00e0 alla tradizione e al Magistero della Chiesa in opposizione ad ogni relativismo e totalitarismo","publisher":{"@id":"https:\/\/www.rassegnastampa-totustuus.it\/cattolica\/#organization"},"alternateName":"Rass. Cattolica","potentialAction":[{"@type":"SearchAction","target":{"@type":"EntryPoint","urlTemplate":"https:\/\/www.rassegnastampa-totustuus.it\/cattolica\/?s={search_term_string}"},"query-input":{"@type":"PropertyValueSpecification","valueRequired":true,"valueName":"search_term_string"}}],"inLanguage":"it-IT"},{"@type":"Organization","@id":"https:\/\/www.rassegnastampa-totustuus.it\/cattolica\/#organization","name":"Rassegna Stampa Cattolica","url":"https:\/\/www.rassegnastampa-totustuus.it\/cattolica\/","logo":{"@type":"ImageObject","inLanguage":"it-IT","@id":"https:\/\/www.rassegnastampa-totustuus.it\/cattolica\/#\/schema\/logo\/image\/","url":"https:\/\/www.rassegnastampa-totustuus.it\/cattolica\/wp-content\/uploads\/2014\/04\/logo-rassegna1.gif","contentUrl":"https:\/\/www.rassegnastampa-totustuus.it\/cattolica\/wp-content\/uploads\/2014\/04\/logo-rassegna1.gif","width":600,"height":163,"caption":"Rassegna Stampa Cattolica"},"image":{"@id":"https:\/\/www.rassegnastampa-totustuus.it\/cattolica\/#\/schema\/logo\/image\/"},"sameAs":["https:\/\/www.facebook.com\/rassegnastampacattolica","https:\/\/x.com\/rassegnastampa9"]},{"@type":"Person","@id":"https:\/\/www.rassegnastampa-totustuus.it\/cattolica\/#\/schema\/person\/08f319d2bd1a0904ad9e2bfb7b15e5c3","name":"Redazione","image":{"@type":"ImageObject","inLanguage":"it-IT","@id":"https:\/\/secure.gravatar.com\/avatar\/2fcdf27c78ea025fbdb44e914cc63c72249ffec9dc8aafd5c82b26240ef3f346?s=96&d=mm&r=g","url":"https:\/\/secure.gravatar.com\/avatar\/2fcdf27c78ea025fbdb44e914cc63c72249ffec9dc8aafd5c82b26240ef3f346?s=96&d=mm&r=g","contentUrl":"https:\/\/secure.gravatar.com\/avatar\/2fcdf27c78ea025fbdb44e914cc63c72249ffec9dc8aafd5c82b26240ef3f346?s=96&d=mm&r=g","caption":"Redazione"},"url":"https:\/\/www.rassegnastampa-totustuus.it\/cattolica\/author\/pietroelle\/"}]}},"_links":{"self":[{"href":"https:\/\/www.rassegnastampa-totustuus.it\/cattolica\/wp-json\/wp\/v2\/posts\/54941","targetHints":{"allow":["GET"]}}],"collection":[{"href":"https:\/\/www.rassegnastampa-totustuus.it\/cattolica\/wp-json\/wp\/v2\/posts"}],"about":[{"href":"https:\/\/www.rassegnastampa-totustuus.it\/cattolica\/wp-json\/wp\/v2\/types\/post"}],"author":[{"embeddable":true,"href":"https:\/\/www.rassegnastampa-totustuus.it\/cattolica\/wp-json\/wp\/v2\/users\/6"}],"replies":[{"embeddable":true,"href":"https:\/\/www.rassegnastampa-totustuus.it\/cattolica\/wp-json\/wp\/v2\/comments?post=54941"}],"version-history":[{"count":3,"href":"https:\/\/www.rassegnastampa-totustuus.it\/cattolica\/wp-json\/wp\/v2\/posts\/54941\/revisions"}],"predecessor-version":[{"id":59658,"href":"https:\/\/www.rassegnastampa-totustuus.it\/cattolica\/wp-json\/wp\/v2\/posts\/54941\/revisions\/59658"}],"wp:featuredmedia":[{"embeddable":true,"href":"https:\/\/www.rassegnastampa-totustuus.it\/cattolica\/wp-json\/wp\/v2\/media\/46720"}],"wp:attachment":[{"href":"https:\/\/www.rassegnastampa-totustuus.it\/cattolica\/wp-json\/wp\/v2\/media?parent=54941"}],"wp:term":[{"taxonomy":"category","embeddable":true,"href":"https:\/\/www.rassegnastampa-totustuus.it\/cattolica\/wp-json\/wp\/v2\/categories?post=54941"},{"taxonomy":"post_tag","embeddable":true,"href":"https:\/\/www.rassegnastampa-totustuus.it\/cattolica\/wp-json\/wp\/v2\/tags?post=54941"}],"curies":[{"name":"wp","href":"https:\/\/api.w.org\/{rel}","templated":true}]}}