{"id":54844,"date":"2022-09-28T00:00:40","date_gmt":"2022-09-27T22:00:40","guid":{"rendered":"http:\/\/www.rassegnastampa-totustuus.it\/cattolica\/?p=54844"},"modified":"2024-06-17T14:43:07","modified_gmt":"2024-06-17T12:43:07","slug":"che-incubo-un-mondo-a-noleggio","status":"publish","type":"post","link":"https:\/\/www.rassegnastampa-totustuus.it\/cattolica\/che-incubo-un-mondo-a-noleggio\/","title":{"rendered":"Che incubo un mondo a noleggio"},"content":{"rendered":"<p style=\"text-align: center;\"><span style=\"color: #000000;\"><strong><img loading=\"lazy\" decoding=\"async\" class=\"size-medium wp-image-54845 alignright\" src=\"https:\/\/www.rassegnastampa-totustuus.it\/cattolica\/wp-content\/uploads\/2022\/09\/Sharing_auto_ambiente_elettrico-300x168.jpg\" alt=\"\" width=\"300\" height=\"168\" srcset=\"https:\/\/www.rassegnastampa-totustuus.it\/cattolica\/wp-content\/uploads\/2022\/09\/Sharing_auto_ambiente_elettrico-300x168.jpg 300w, https:\/\/www.rassegnastampa-totustuus.it\/cattolica\/wp-content\/uploads\/2022\/09\/Sharing_auto_ambiente_elettrico-768x431.jpg 768w, https:\/\/www.rassegnastampa-totustuus.it\/cattolica\/wp-content\/uploads\/2022\/09\/Sharing_auto_ambiente_elettrico-1024x575.jpg 1024w, https:\/\/www.rassegnastampa-totustuus.it\/cattolica\/wp-content\/uploads\/2022\/09\/Sharing_auto_ambiente_elettrico.jpg 1920w\" sizes=\"auto, (max-width: 300px) 100vw, 300px\" \/><span style=\"color: #000080;\"><a style=\"color: #000080;\" href=\"https:\/\/www.iltimone.org\/\" target=\"_blank\" rel=\"noopener\"><span style=\"color: #0000ff;\">Il Timone<\/span><\/a><\/span><\/strong> Settembre 2022<\/span><\/p>\n<p style=\"text-align: justify;\"><span style=\"color: #000000;\"><em>Moda dalla parvenza etic, lo sharing rischia di travolgere tutto quanto: il lavoro, la quotidianit\u00e0, perfino le relazioni. Risparmiare cos\u00ec rischia di costarci molto caro<\/em><\/span><\/p>\n<p style=\"text-align: center;\"><span style=\"color: #000000;\">di <strong>Mario Giordano<\/strong><\/span><\/p>\n<p><!--more--><\/p>\n<p style=\"text-align: justify;\"><span style=\"color: #000000;\"><img loading=\"lazy\" decoding=\"async\" class=\"size-full wp-image-54846 alignleft\" src=\"https:\/\/www.rassegnastampa-totustuus.it\/cattolica\/wp-content\/uploads\/2022\/09\/sharing_biciclette_-ambiente.jpg\" alt=\"\" width=\"279\" height=\"181\" \/>Scusate, mi avete chiesto un articolo sullo <em>sharing.<\/em> E io non posso che darvi un articolo in <em>sharing<\/em>. Quindi sappiate che potr\u00e0 essere pubblicato sul<em> Timone<\/em> solo un mese, poi il mese dopo lo dar\u00f2 a qualcun altro che se lo piglia anche usato. <\/span><\/p>\n<p style=\"text-align: justify;\"><span style=\"color: #000000;\">Anche la tastiera su cui sto scrivendo \u00e8 in <em>sharing<\/em>: la divido con un collega. Per cui se il testo dovesse arrivarvi con un po\u2019 di ritardo, abbiate pazienza. Abbiamo provato a dividerci la tastiera a met\u00e0 ma sinceramente non riusciamo a scrivere un articolo decente usando solo \u00abqwertgfdsazxcvb\u00bb, cio\u00e8 le lettere della parte sinistra.<\/span><\/p>\n<p style=\"text-align: justify;\"><span style=\"color: #000000;\"> L\u2019altro noleggiatore era pi\u00f9 agevolato avendo a disposizione \u00abpoiuyhjklmnbv\u00bb. Ma poi abbiamo litigato sulla \u00abg\u00bb, che sta proprio l\u00ec, nel mezzo della tastiera, e dunquue non se n\u2019\u00e8 fatto nulla: ora lo <em>sharing <\/em>della tastiera funziona a giorni alternati. Il giorno pari io scrivo e lui spedisce. Eviceversa.\u00a0\u00a0\u00a0\u00a0 <\/span><\/p>\n<h4 style=\"text-align: center;\"><span style=\"color: #000000;\"><strong>Una tendenza fa che chic <\/strong><\/span><\/h4>\n<p style=\"text-align: justify;\"><span style=\"color: #000000;\"><img loading=\"lazy\" decoding=\"async\" class=\"size-medium wp-image-47251 alignright\" src=\"https:\/\/www.rassegnastampa-totustuus.it\/cattolica\/wp-content\/uploads\/2020\/05\/Greta_Thunberg-300x168.jpg\" alt=\"\" width=\"300\" height=\"168\" srcset=\"https:\/\/www.rassegnastampa-totustuus.it\/cattolica\/wp-content\/uploads\/2020\/05\/Greta_Thunberg-300x168.jpg 300w, https:\/\/www.rassegnastampa-totustuus.it\/cattolica\/wp-content\/uploads\/2020\/05\/Greta_Thunberg-768x431.jpg 768w, https:\/\/www.rassegnastampa-totustuus.it\/cattolica\/wp-content\/uploads\/2020\/05\/Greta_Thunberg-1024x574.jpg 1024w, https:\/\/www.rassegnastampa-totustuus.it\/cattolica\/wp-content\/uploads\/2020\/05\/Greta_Thunberg.jpg 1920w\" sizes=\"auto, (max-width: 300px) 100vw, 300px\" \/>Del resto, si sa, oggi se non fai un po\u2019 di <em>sharing<\/em> non sei nessuno. C\u2019\u00e8 il <em>bike sharing, <\/em>il<em> car sharing<\/em>, l\u2019<em>house sharing<\/em>, il <em>sitter sharing<\/em>, il <em>coworking<\/em>, il <em>cohousing<\/em> e il <em>coushsurfing<\/em>, anche se quest\u2019 ultimo mi spaventa un po\u2019 perch\u00e9 non amo fare <em>surf,<\/em> figurarsi come potrei fare <em>surf <\/em>con un divano.<\/span><\/p>\n<p style=\"text-align: justify;\"><span style=\"color: #000000;\"> C\u2019era una volta San Martino che divideva il mantello a met\u00e0 con il mendicante, ma ormai \u00e8 superato: anche perch\u00e9 lui lo faceva per generosit\u00e0, un sentimento chiaramente fuorimoda. Adesso si divide tutto per risparmiare. Oltre che, naturalmente, per essere alla moda con la nuova religione della dea Greta e dei cavalieri del sacro <em>green<\/em>. E cos\u00ec oggi se partecipi a un ricevimento <em>chic<\/em> in terrazza senza citare almeno due volte Blabclar e tre volte Airbnb, sei uno straccione. \u00abCi vediamo domani\u00bb. \u00abTi passo a prendere\u00bb. \u00abNon scherzare. <\/span><\/p>\n<p style=\"text-align: justify;\"><span style=\"color: #000000;\">C\u2019\u00e8 il <em>bike sharing<\/em>\u00bb. Oppure anche: \u00abper fortuna adesso c\u2019\u00e8 il <em>car sharing<\/em>\u00bb. Se non lo usate, non importa: quello che importa \u00e8 ripeterlo spesso. Farete un figurone<\/span><\/p>\n<h4 style=\"text-align: center;\"><span style=\"color: #000000;\"><strong>Italiani, proprietari per vocazione.<\/strong><\/span><\/h4>\n<p style=\"text-align: justify;\"><span style=\"color: #000000;\"><img loading=\"lazy\" decoding=\"async\" class=\" wp-image-24006 alignleft\" src=\"https:\/\/www.rassegnastampa-totustuus.it\/cattolica\/wp-content\/uploads\/2012\/06\/casa.jpg\" alt=\"\" width=\"347\" height=\"231\" \/>Ricordo mio nonno Lello che mi indicava sempre il suo piccolo pezzetto di terra, un angolo di vigna strappato alle colline piemontesi pi\u00f9 impervie. Ne era orgoglioso. <\/span><\/p>\n<p style=\"text-align: justify;\"><span style=\"color: #000000;\">Diceva: \u00abQui sar\u00e0 sempre casa tua, nessuno ti potr\u00e0 dire nulla, puoi fare quello che vuoi\u00bb. E\u2019 stata l\u2019ambizione di generazioni di italiani: avere la propria casa, avere la propria auto, avere il proprio pezzetto di terra. Siamo (o eravamo)? Un popolo di piccoli proprietari di immobili, di coltivatori d\u2019orti, di innamorati dell\u2019auto, straccio e spugna ogni sabato per farla splendere come si conviene. <\/span><\/p>\n<p style=\"text-align: justify;\"><span style=\"color: #000000;\">Ma tutto questo appartiene al passato. Perch\u00e9 \u00e8 arrivato il vento dello <em>sharing<\/em>: la propriet\u00e0 viene considerata un furto, come accadeva negli anni formidabili. Il nuovo <em>totem<\/em> \u00e8 il noleggio. Una volta si noleggiavano i film in videoteca. Adesso quelli te li fornisce <em>Netfix. <\/em>In compenso, ci tocca noleggiare la vita. E siccome gli esperti dicono che questa tendenza \u00e8 solo all\u2019inizio, che va ancora pi\u00f9 sviluppata, che il futuro sar\u00e0 sempre pi\u00f9 a noleggio, ebbene, comincia a venirmi qualche dubbio. <\/span><\/p>\n<h4 style=\"text-align: center;\"><span style=\"color: #000000;\"><strong>Scenari da incubo <\/strong><\/span><\/h4>\n<p style=\"text-align: justify;\"><span style=\"color: #000000;\"><img loading=\"lazy\" decoding=\"async\" class=\"wp-image-48110 alignright\" src=\"https:\/\/www.rassegnastampa-totustuus.it\/cattolica\/wp-content\/uploads\/2020\/08\/adulterio_divorzio.jpg\" alt=\"\" width=\"327\" height=\"217\" \/>Non \u00e8 che tra un po\u2019 anche le mogli (e i mariti) saranno in <em>sharing<\/em>? Scusa cara, stasera sei libera o ti affitta qualcun altro? Possiamo vederci o per cena o sono in ritardo con la prenotazione? <\/span><span style=\"color: #000000;\">E il prossimo Natale lo riservi a me o hai altre richieste? <\/span><\/p>\n<p style=\"text-align: justify;\"><span style=\"color: #000000;\">Se lo programmiamo prima almeno risparmiamo sui regali (anche quelli in <em>sharing<\/em>). Pensateci: il destino \u00e8 segnato. Infatti il matrimonio unico e indissolubile \u00e8 stato messo in discussione da tempo, purtroppo, mentre la diffusione di coppie aperte e relazioni poliamorose viene esaltata dal pensiero dominante. Di qui il passo \u00e8 breve: vi dichiaro marito e moglie finch\u00e9 <em>sharing<\/em> non vi separi. Cio\u00e8 fra due ore.<\/span><\/p>\n<p style=\"text-align: justify;\"><span style=\"color: #000000;\"> <img loading=\"lazy\" decoding=\"async\" class=\"size-full wp-image-27902 alignleft\" src=\"https:\/\/www.rassegnastampa-totustuus.it\/cattolica\/wp-content\/uploads\/2011\/03\/figlio-unico.jpg\" alt=\"\" width=\"255\" height=\"198\" \/>E se mariti e mogli possono essere in <em>sharing<\/em> perch\u00e9 non fare altrettanto con i figli? Gi\u00e0 vedo fior di intellettuali pronti a difendere la scelta: contro la crisi della natalit\u00e0, affitta un figlio un paio di ore al giorno. Lo culli e ti senti padre o madre, ma giusto il tempo che serve, poi puoi andare tranquillamente a giocare a golf. <\/span><\/p>\n<p style=\"text-align: justify;\"><span style=\"color: #000000;\">E i nonni in <em>sharing<\/em>? Funzionerebbero a meraviglia, con lo speciale libretto di istruzioni da consultare dopo aver scelto l\u2019anziano noleggiabile sull\u2019apposito catalogo. Lo preferite con il sistema usato sicuro (molti chilometri, ma revisione effettuata o con carrozzina decappottabile? Consegna a domicilio o direttamente in agenzia? Gi\u00e0 immaginiamo il <em>business <\/em>fiorente, ovviamente sotto l\u2019ombrello di qualche intellettuale pronto a spiegarci che le relazioni basate sul noleggio sono pi\u00f9 profonde e vere di quelle basate sulla vetusta stabilit\u00e0 familiare. E poi vuoi mettere il giovamento all\u2019ambiente? <\/span><\/p>\n<p style=\"text-align: justify;\"><span style=\"color: #000000;\"><img loading=\"lazy\" decoding=\"async\" class=\"size-medium wp-image-54847 alignright\" src=\"https:\/\/www.rassegnastampa-totustuus.it\/cattolica\/wp-content\/uploads\/2022\/09\/cibo_lavoro-300x160.jpg\" alt=\"\" width=\"300\" height=\"160\" srcset=\"https:\/\/www.rassegnastampa-totustuus.it\/cattolica\/wp-content\/uploads\/2022\/09\/cibo_lavoro-300x160.jpg 300w, https:\/\/www.rassegnastampa-totustuus.it\/cattolica\/wp-content\/uploads\/2022\/09\/cibo_lavoro.jpg 307w\" sizes=\"auto, (max-width: 300px) 100vw, 300px\" \/>A quel punto nulla sarebbe pi\u00f9 proibito. Il pranzo? In <em>sharing<\/em>: met\u00e0 te lo mangi, met\u00e0 te lo mangiano (del resto in Italia con il fisco che ci troviamo ci siamo gi\u00e0 abituati). Il sonno? In <em>sharing<\/em>: due ore dormi e due ore stai sveglio, come al tempo della ronda militare. <\/span><\/p>\n<p style=\"text-align: justify;\"><span style=\"color: #000000;\">\u00f9Lo studio? In <em>sharing<\/em>: met\u00e0 programma lo impari, l\u2019altra met\u00e0 lo impara il compagno. I libri? In <em>sharing; <\/em>una pagina la leggi tu, una pagina la legge qualcun altro (vorrai mica sprecare tutta quella carta?). la doccia? In <em>sharing:<\/em> oggi la fai tu, domani ti trovi dentro qualche vicino. L\u2019unica cosa che non si potr\u00e0 mettere in <em>sharing<\/em> saranno i mal di denti e i mal di pancia.E dire che per questi ultimi, avanti di questo passo, potranno essere assai numerosi.\u00a0\u00a0 <\/span><\/p>\n<h4 style=\"text-align: center;\"><span style=\"color: #000000;\"><strong>Liquefazione totale<\/strong><\/span><\/h4>\n<p style=\"text-align: justify;\"><span style=\"color: #000000;\"><img loading=\"lazy\" decoding=\"async\" class=\"size-medium wp-image-49324 alignleft\" src=\"https:\/\/www.rassegnastampa-totustuus.it\/cattolica\/wp-content\/uploads\/2020\/11\/giovani_solitudine-300x214.jpg\" alt=\"\" width=\"300\" height=\"214\" srcset=\"https:\/\/www.rassegnastampa-totustuus.it\/cattolica\/wp-content\/uploads\/2020\/11\/giovani_solitudine-300x214.jpg 300w, https:\/\/www.rassegnastampa-totustuus.it\/cattolica\/wp-content\/uploads\/2020\/11\/giovani_solitudine.jpg 350w\" sizes=\"auto, (max-width: 300px) 100vw, 300px\" \/>In affetti questo dilargare del noleggi, a dire in verit\u00e0, \u00e8 tutt\u2019altro che rassicurante, con buona pace di nonno Lello e del suo pezzetto di terra. Perch\u00e9 tende a fare proprio l\u2019opposto di quel che mi diceva lui: tende cio\u00e8 a disancorare le persone umane da ogni relazione stabile e da ogni certezza. Saremo sempre pi\u00f9 piume al vento. \u00f9<\/span><\/p>\n<p style=\"text-align: justify;\"><span style=\"color: #000000;\">Oggi qui, domani l\u00e0. La terra \u00e8 la radice, il noleggio \u00e8 il soffio che ti porta via. Avere una casa, un\u2019auto, una propriet\u00e0 sar\u00e0 pur costoso ma \u00e8 il prezzo che paghiamo per essere noi stessi. Per costruire qualcosa di solido. Se tutto ci\u00f2 verr\u00e0 distrutto, saremo sempre pi\u00f9 in balia degli altri. Alla loro <em>merc\u00e8<\/em>. \u00f9<\/span><\/p>\n<p style=\"text-align: justify;\"><span style=\"color: #000000;\">Chi governer\u00e0 la nostra casa, se non ne avremo pi\u00f9 una tutta nostra? Chi gestir\u00e0 la nostra auto se, se non ne avremo pi\u00f9 una tutta nostra? E se un giorno ci dicessero che non ce ne sono pi\u00f9 di disponibili per nessuna ragione al mondo? Che faremo? Che ci rester\u00e0? A che cosa ci attaccheremo, oltre che al <em>tram sharing<\/em>?\u00a0<\/span><\/p>\n<p style=\"text-align: justify;\"><span style=\"color: #000000;\"> <img loading=\"lazy\" decoding=\"async\" class=\" wp-image-50229 alignright\" src=\"https:\/\/www.rassegnastampa-totustuus.it\/cattolica\/wp-content\/uploads\/2021\/02\/social.jpg\" alt=\"\" width=\"328\" height=\"185\" \/>E\u2019 gi\u00e0 successo con la rivoluzione digitale. Ci hanno fatto credere che nulla fosse pi\u00f9 comodo, pi\u00f9 conveniente, pi\u00f9 economico. E ci hanno attirato in una trappola da cui non sappiamo uscire. <\/span><\/p>\n<p style=\"text-align: justify;\"><span style=\"color: #000000;\">Oggi le comunicazioni <em>social<\/em> sono in mano ai giganti privati che possono decidere chi parla e chi no, in base ai loro insindacabili e poco democratici pareri. I giganti del <em>tech<\/em> possiedono i nostri dati, conoscono i nostri gusti, controllano le nostre scelte e possono decidere per noi. Abbiamo fatto un affare? Eppure sembrava cos\u00ec comodo e cos\u00ec conveniente.<\/span><\/p>\n<p style=\"text-align: justify;\"><span style=\"color: #000000;\"> Allo stesso modo adesso appare comodo e conveniente buttarci nell\u2019economia dello <em>sharing<\/em>. Ma il rischio alla fine \u00e8 che l\u2019ultima cosa che rester\u00e0 divisa, sar\u00e0, ancora una volta, la nostra vita. Oltre che il nostro cervello. E quest\u2019articolo (ricordatevi. in <em>sharing<\/em>) che devo concludere qui perch\u00e9 lo sharing della tastiera, ovviamente, \u00e8 finito.<\/span><\/p>\n<p>______________________________________________<\/p>\n<p><span style=\"color: #000000;\"><strong>Leggi anche:<\/strong><\/span><\/p>\n<p><a href=\"https:\/\/www.rassegnastampa-totustuus.it\/cattolica\/non-possederai-nulla-e-sarai-felice-limmarcescibile-distopiail-capitalismo-inclusivo-di-davos-che-ci-vuole-espropriare\/\" target=\"_blank\" rel=\"noopener\"><span style=\"color: #0000ff;\">Il \u201ccapitalismo inclusivo\u201d di Davos che ci vuole espropriare<\/span><\/a><\/p>\n","protected":false},"excerpt":{"rendered":"<p>Il Timone Settembre 2022 Moda dalla parvenza etic, lo sharing rischia di travolgere tutto quanto: il lavoro, la quotidianit\u00e0, perfino le relazioni. Risparmiare cos\u00ec rischia di costarci molto caro di Mario Giordano<\/p><p><a class=\"more-link btn\" href=\"https:\/\/www.rassegnastampa-totustuus.it\/cattolica\/che-incubo-un-mondo-a-noleggio\/\">Continua a leggere<\/a><\/p>\n","protected":false},"author":6,"featured_media":54845,"comment_status":"closed","ping_status":"closed","sticky":false,"template":"","format":"standard","meta":{"footnotes":""},"categories":[25],"tags":[558,2926],"class_list":["post-54844","post","type-post","status-publish","format-standard","has-post-thumbnail","hentry","category-sguardo-sul-nostro-tempo","tag-sguardo-sul-nostro-tempo-2","tag-sharing","item-wrap"],"yoast_head":"<!-- This site is optimized with the Yoast SEO plugin v27.5 - https:\/\/yoast.com\/product\/yoast-seo-wordpress\/ -->\n<title>Che incubo un mondo a noleggio - Rassegna Stampa Cattolica<\/title>\n<meta name=\"description\" content=\"Che incubo un mondo a noleggio in cui lo sharing rischia di travolgere tutto, dal lavoro alle relazioni umane\" \/>\n<meta name=\"robots\" content=\"index, follow, max-snippet:-1, max-image-preview:large, max-video-preview:-1\" \/>\n<link rel=\"canonical\" href=\"https:\/\/www.rassegnastampa-totustuus.it\/cattolica\/che-incubo-un-mondo-a-noleggio\/\" \/>\n<meta property=\"og:locale\" content=\"it_IT\" \/>\n<meta property=\"og:type\" content=\"article\" \/>\n<meta property=\"og:title\" content=\"Che incubo un mondo a noleggio - Rassegna Stampa Cattolica\" \/>\n<meta property=\"og:description\" content=\"Che incubo un mondo a noleggio in cui lo sharing rischia di travolgere tutto, dal lavoro alle relazioni umane\" \/>\n<meta property=\"og:url\" content=\"https:\/\/www.rassegnastampa-totustuus.it\/cattolica\/che-incubo-un-mondo-a-noleggio\/\" \/>\n<meta property=\"og:site_name\" content=\"Rassegna Stampa Cattolica\" \/>\n<meta property=\"article:publisher\" content=\"https:\/\/www.facebook.com\/rassegnastampacattolica\" \/>\n<meta property=\"article:published_time\" content=\"2022-09-27T22:00:40+00:00\" \/>\n<meta property=\"article:modified_time\" content=\"2024-06-17T12:43:07+00:00\" \/>\n<meta property=\"og:image\" content=\"https:\/\/www.rassegnastampa-totustuus.it\/cattolica\/wp-content\/uploads\/2022\/09\/Sharing_auto_ambiente_elettrico.jpg\" \/>\n\t<meta property=\"og:image:width\" content=\"1920\" \/>\n\t<meta property=\"og:image:height\" content=\"1078\" \/>\n\t<meta property=\"og:image:type\" content=\"image\/jpeg\" \/>\n<meta name=\"author\" content=\"Redazione\" \/>\n<meta name=\"twitter:card\" content=\"summary_large_image\" \/>\n<meta name=\"twitter:creator\" content=\"@rassegnastampa9\" \/>\n<meta name=\"twitter:site\" content=\"@rassegnastampa9\" \/>\n<meta name=\"twitter:label1\" content=\"Scritto da\" \/>\n\t<meta name=\"twitter:data1\" content=\"Redazione\" \/>\n\t<meta name=\"twitter:label2\" content=\"Tempo di lettura stimato\" \/>\n\t<meta name=\"twitter:data2\" content=\"9 minuti\" \/>\n<script type=\"application\/ld+json\" class=\"yoast-schema-graph\">{\"@context\":\"https:\\\/\\\/schema.org\",\"@graph\":[{\"@type\":\"Article\",\"@id\":\"https:\\\/\\\/www.rassegnastampa-totustuus.it\\\/cattolica\\\/che-incubo-un-mondo-a-noleggio\\\/#article\",\"isPartOf\":{\"@id\":\"https:\\\/\\\/www.rassegnastampa-totustuus.it\\\/cattolica\\\/che-incubo-un-mondo-a-noleggio\\\/\"},\"author\":{\"name\":\"Redazione\",\"@id\":\"https:\\\/\\\/www.rassegnastampa-totustuus.it\\\/cattolica\\\/#\\\/schema\\\/person\\\/08f319d2bd1a0904ad9e2bfb7b15e5c3\"},\"headline\":\"Che incubo un mondo a noleggio\",\"datePublished\":\"2022-09-27T22:00:40+00:00\",\"dateModified\":\"2024-06-17T12:43:07+00:00\",\"mainEntityOfPage\":{\"@id\":\"https:\\\/\\\/www.rassegnastampa-totustuus.it\\\/cattolica\\\/che-incubo-un-mondo-a-noleggio\\\/\"},\"wordCount\":1270,\"publisher\":{\"@id\":\"https:\\\/\\\/www.rassegnastampa-totustuus.it\\\/cattolica\\\/#organization\"},\"image\":{\"@id\":\"https:\\\/\\\/www.rassegnastampa-totustuus.it\\\/cattolica\\\/che-incubo-un-mondo-a-noleggio\\\/#primaryimage\"},\"thumbnailUrl\":\"https:\\\/\\\/www.rassegnastampa-totustuus.it\\\/cattolica\\\/wp-content\\\/uploads\\\/2022\\\/09\\\/Sharing_auto_ambiente_elettrico.jpg\",\"keywords\":[\"sguardo sul nostro tempo\",\"sharing\"],\"articleSection\":[\"Sguardo sul nostro tempo\"],\"inLanguage\":\"it-IT\"},{\"@type\":\"WebPage\",\"@id\":\"https:\\\/\\\/www.rassegnastampa-totustuus.it\\\/cattolica\\\/che-incubo-un-mondo-a-noleggio\\\/\",\"url\":\"https:\\\/\\\/www.rassegnastampa-totustuus.it\\\/cattolica\\\/che-incubo-un-mondo-a-noleggio\\\/\",\"name\":\"Che incubo un mondo a noleggio - Rassegna Stampa Cattolica\",\"isPartOf\":{\"@id\":\"https:\\\/\\\/www.rassegnastampa-totustuus.it\\\/cattolica\\\/#website\"},\"primaryImageOfPage\":{\"@id\":\"https:\\\/\\\/www.rassegnastampa-totustuus.it\\\/cattolica\\\/che-incubo-un-mondo-a-noleggio\\\/#primaryimage\"},\"image\":{\"@id\":\"https:\\\/\\\/www.rassegnastampa-totustuus.it\\\/cattolica\\\/che-incubo-un-mondo-a-noleggio\\\/#primaryimage\"},\"thumbnailUrl\":\"https:\\\/\\\/www.rassegnastampa-totustuus.it\\\/cattolica\\\/wp-content\\\/uploads\\\/2022\\\/09\\\/Sharing_auto_ambiente_elettrico.jpg\",\"datePublished\":\"2022-09-27T22:00:40+00:00\",\"dateModified\":\"2024-06-17T12:43:07+00:00\",\"description\":\"Che incubo un mondo a noleggio in cui lo sharing rischia di travolgere tutto, dal lavoro alle relazioni umane\",\"breadcrumb\":{\"@id\":\"https:\\\/\\\/www.rassegnastampa-totustuus.it\\\/cattolica\\\/che-incubo-un-mondo-a-noleggio\\\/#breadcrumb\"},\"inLanguage\":\"it-IT\",\"potentialAction\":[{\"@type\":\"ReadAction\",\"target\":[\"https:\\\/\\\/www.rassegnastampa-totustuus.it\\\/cattolica\\\/che-incubo-un-mondo-a-noleggio\\\/\"]}]},{\"@type\":\"ImageObject\",\"inLanguage\":\"it-IT\",\"@id\":\"https:\\\/\\\/www.rassegnastampa-totustuus.it\\\/cattolica\\\/che-incubo-un-mondo-a-noleggio\\\/#primaryimage\",\"url\":\"https:\\\/\\\/www.rassegnastampa-totustuus.it\\\/cattolica\\\/wp-content\\\/uploads\\\/2022\\\/09\\\/Sharing_auto_ambiente_elettrico.jpg\",\"contentUrl\":\"https:\\\/\\\/www.rassegnastampa-totustuus.it\\\/cattolica\\\/wp-content\\\/uploads\\\/2022\\\/09\\\/Sharing_auto_ambiente_elettrico.jpg\",\"width\":1920,\"height\":1078},{\"@type\":\"BreadcrumbList\",\"@id\":\"https:\\\/\\\/www.rassegnastampa-totustuus.it\\\/cattolica\\\/che-incubo-un-mondo-a-noleggio\\\/#breadcrumb\",\"itemListElement\":[{\"@type\":\"ListItem\",\"position\":1,\"name\":\"Home\",\"item\":\"https:\\\/\\\/www.rassegnastampa-totustuus.it\\\/cattolica\\\/\"},{\"@type\":\"ListItem\",\"position\":2,\"name\":\"Che incubo un mondo a noleggio\"}]},{\"@type\":\"WebSite\",\"@id\":\"https:\\\/\\\/www.rassegnastampa-totustuus.it\\\/cattolica\\\/#website\",\"url\":\"https:\\\/\\\/www.rassegnastampa-totustuus.it\\\/cattolica\\\/\",\"name\":\"Rassegna Stampa Cattolica\",\"description\":\"Per una cultura che nasce dalla Rivelazione cristiana in conformit\u00e0 alla tradizione e al Magistero della Chiesa in opposizione ad ogni relativismo e totalitarismo\",\"publisher\":{\"@id\":\"https:\\\/\\\/www.rassegnastampa-totustuus.it\\\/cattolica\\\/#organization\"},\"alternateName\":\"Rass. Cattolica\",\"potentialAction\":[{\"@type\":\"SearchAction\",\"target\":{\"@type\":\"EntryPoint\",\"urlTemplate\":\"https:\\\/\\\/www.rassegnastampa-totustuus.it\\\/cattolica\\\/?s={search_term_string}\"},\"query-input\":{\"@type\":\"PropertyValueSpecification\",\"valueRequired\":true,\"valueName\":\"search_term_string\"}}],\"inLanguage\":\"it-IT\"},{\"@type\":\"Organization\",\"@id\":\"https:\\\/\\\/www.rassegnastampa-totustuus.it\\\/cattolica\\\/#organization\",\"name\":\"Rassegna Stampa Cattolica\",\"url\":\"https:\\\/\\\/www.rassegnastampa-totustuus.it\\\/cattolica\\\/\",\"logo\":{\"@type\":\"ImageObject\",\"inLanguage\":\"it-IT\",\"@id\":\"https:\\\/\\\/www.rassegnastampa-totustuus.it\\\/cattolica\\\/#\\\/schema\\\/logo\\\/image\\\/\",\"url\":\"https:\\\/\\\/www.rassegnastampa-totustuus.it\\\/cattolica\\\/wp-content\\\/uploads\\\/2014\\\/04\\\/logo-rassegna1.gif\",\"contentUrl\":\"https:\\\/\\\/www.rassegnastampa-totustuus.it\\\/cattolica\\\/wp-content\\\/uploads\\\/2014\\\/04\\\/logo-rassegna1.gif\",\"width\":600,\"height\":163,\"caption\":\"Rassegna Stampa Cattolica\"},\"image\":{\"@id\":\"https:\\\/\\\/www.rassegnastampa-totustuus.it\\\/cattolica\\\/#\\\/schema\\\/logo\\\/image\\\/\"},\"sameAs\":[\"https:\\\/\\\/www.facebook.com\\\/rassegnastampacattolica\",\"https:\\\/\\\/x.com\\\/rassegnastampa9\"]},{\"@type\":\"Person\",\"@id\":\"https:\\\/\\\/www.rassegnastampa-totustuus.it\\\/cattolica\\\/#\\\/schema\\\/person\\\/08f319d2bd1a0904ad9e2bfb7b15e5c3\",\"name\":\"Redazione\",\"image\":{\"@type\":\"ImageObject\",\"inLanguage\":\"it-IT\",\"@id\":\"https:\\\/\\\/secure.gravatar.com\\\/avatar\\\/2fcdf27c78ea025fbdb44e914cc63c72249ffec9dc8aafd5c82b26240ef3f346?s=96&d=mm&r=g\",\"url\":\"https:\\\/\\\/secure.gravatar.com\\\/avatar\\\/2fcdf27c78ea025fbdb44e914cc63c72249ffec9dc8aafd5c82b26240ef3f346?s=96&d=mm&r=g\",\"contentUrl\":\"https:\\\/\\\/secure.gravatar.com\\\/avatar\\\/2fcdf27c78ea025fbdb44e914cc63c72249ffec9dc8aafd5c82b26240ef3f346?s=96&d=mm&r=g\",\"caption\":\"Redazione\"},\"url\":\"https:\\\/\\\/www.rassegnastampa-totustuus.it\\\/cattolica\\\/author\\\/pietroelle\\\/\"}]}<\/script>\n<!-- \/ Yoast SEO plugin. -->","yoast_head_json":{"title":"Che incubo un mondo a noleggio - Rassegna Stampa Cattolica","description":"Che incubo un mondo a noleggio in cui lo sharing rischia di travolgere tutto, dal lavoro alle relazioni umane","robots":{"index":"index","follow":"follow","max-snippet":"max-snippet:-1","max-image-preview":"max-image-preview:large","max-video-preview":"max-video-preview:-1"},"canonical":"https:\/\/www.rassegnastampa-totustuus.it\/cattolica\/che-incubo-un-mondo-a-noleggio\/","og_locale":"it_IT","og_type":"article","og_title":"Che incubo un mondo a noleggio - Rassegna Stampa Cattolica","og_description":"Che incubo un mondo a noleggio in cui lo sharing rischia di travolgere tutto, dal lavoro alle relazioni umane","og_url":"https:\/\/www.rassegnastampa-totustuus.it\/cattolica\/che-incubo-un-mondo-a-noleggio\/","og_site_name":"Rassegna Stampa Cattolica","article_publisher":"https:\/\/www.facebook.com\/rassegnastampacattolica","article_published_time":"2022-09-27T22:00:40+00:00","article_modified_time":"2024-06-17T12:43:07+00:00","og_image":[{"width":1920,"height":1078,"url":"https:\/\/www.rassegnastampa-totustuus.it\/cattolica\/wp-content\/uploads\/2022\/09\/Sharing_auto_ambiente_elettrico.jpg","type":"image\/jpeg"}],"author":"Redazione","twitter_card":"summary_large_image","twitter_creator":"@rassegnastampa9","twitter_site":"@rassegnastampa9","twitter_misc":{"Scritto da":"Redazione","Tempo di lettura stimato":"9 minuti"},"schema":{"@context":"https:\/\/schema.org","@graph":[{"@type":"Article","@id":"https:\/\/www.rassegnastampa-totustuus.it\/cattolica\/che-incubo-un-mondo-a-noleggio\/#article","isPartOf":{"@id":"https:\/\/www.rassegnastampa-totustuus.it\/cattolica\/che-incubo-un-mondo-a-noleggio\/"},"author":{"name":"Redazione","@id":"https:\/\/www.rassegnastampa-totustuus.it\/cattolica\/#\/schema\/person\/08f319d2bd1a0904ad9e2bfb7b15e5c3"},"headline":"Che incubo un mondo a noleggio","datePublished":"2022-09-27T22:00:40+00:00","dateModified":"2024-06-17T12:43:07+00:00","mainEntityOfPage":{"@id":"https:\/\/www.rassegnastampa-totustuus.it\/cattolica\/che-incubo-un-mondo-a-noleggio\/"},"wordCount":1270,"publisher":{"@id":"https:\/\/www.rassegnastampa-totustuus.it\/cattolica\/#organization"},"image":{"@id":"https:\/\/www.rassegnastampa-totustuus.it\/cattolica\/che-incubo-un-mondo-a-noleggio\/#primaryimage"},"thumbnailUrl":"https:\/\/www.rassegnastampa-totustuus.it\/cattolica\/wp-content\/uploads\/2022\/09\/Sharing_auto_ambiente_elettrico.jpg","keywords":["sguardo sul nostro tempo","sharing"],"articleSection":["Sguardo sul nostro tempo"],"inLanguage":"it-IT"},{"@type":"WebPage","@id":"https:\/\/www.rassegnastampa-totustuus.it\/cattolica\/che-incubo-un-mondo-a-noleggio\/","url":"https:\/\/www.rassegnastampa-totustuus.it\/cattolica\/che-incubo-un-mondo-a-noleggio\/","name":"Che incubo un mondo a noleggio - Rassegna Stampa Cattolica","isPartOf":{"@id":"https:\/\/www.rassegnastampa-totustuus.it\/cattolica\/#website"},"primaryImageOfPage":{"@id":"https:\/\/www.rassegnastampa-totustuus.it\/cattolica\/che-incubo-un-mondo-a-noleggio\/#primaryimage"},"image":{"@id":"https:\/\/www.rassegnastampa-totustuus.it\/cattolica\/che-incubo-un-mondo-a-noleggio\/#primaryimage"},"thumbnailUrl":"https:\/\/www.rassegnastampa-totustuus.it\/cattolica\/wp-content\/uploads\/2022\/09\/Sharing_auto_ambiente_elettrico.jpg","datePublished":"2022-09-27T22:00:40+00:00","dateModified":"2024-06-17T12:43:07+00:00","description":"Che incubo un mondo a noleggio in cui lo sharing rischia di travolgere tutto, dal lavoro alle relazioni umane","breadcrumb":{"@id":"https:\/\/www.rassegnastampa-totustuus.it\/cattolica\/che-incubo-un-mondo-a-noleggio\/#breadcrumb"},"inLanguage":"it-IT","potentialAction":[{"@type":"ReadAction","target":["https:\/\/www.rassegnastampa-totustuus.it\/cattolica\/che-incubo-un-mondo-a-noleggio\/"]}]},{"@type":"ImageObject","inLanguage":"it-IT","@id":"https:\/\/www.rassegnastampa-totustuus.it\/cattolica\/che-incubo-un-mondo-a-noleggio\/#primaryimage","url":"https:\/\/www.rassegnastampa-totustuus.it\/cattolica\/wp-content\/uploads\/2022\/09\/Sharing_auto_ambiente_elettrico.jpg","contentUrl":"https:\/\/www.rassegnastampa-totustuus.it\/cattolica\/wp-content\/uploads\/2022\/09\/Sharing_auto_ambiente_elettrico.jpg","width":1920,"height":1078},{"@type":"BreadcrumbList","@id":"https:\/\/www.rassegnastampa-totustuus.it\/cattolica\/che-incubo-un-mondo-a-noleggio\/#breadcrumb","itemListElement":[{"@type":"ListItem","position":1,"name":"Home","item":"https:\/\/www.rassegnastampa-totustuus.it\/cattolica\/"},{"@type":"ListItem","position":2,"name":"Che incubo un mondo a noleggio"}]},{"@type":"WebSite","@id":"https:\/\/www.rassegnastampa-totustuus.it\/cattolica\/#website","url":"https:\/\/www.rassegnastampa-totustuus.it\/cattolica\/","name":"Rassegna Stampa Cattolica","description":"Per una cultura che nasce dalla Rivelazione cristiana in conformit\u00e0 alla tradizione e al Magistero della Chiesa in opposizione ad ogni relativismo e totalitarismo","publisher":{"@id":"https:\/\/www.rassegnastampa-totustuus.it\/cattolica\/#organization"},"alternateName":"Rass. Cattolica","potentialAction":[{"@type":"SearchAction","target":{"@type":"EntryPoint","urlTemplate":"https:\/\/www.rassegnastampa-totustuus.it\/cattolica\/?s={search_term_string}"},"query-input":{"@type":"PropertyValueSpecification","valueRequired":true,"valueName":"search_term_string"}}],"inLanguage":"it-IT"},{"@type":"Organization","@id":"https:\/\/www.rassegnastampa-totustuus.it\/cattolica\/#organization","name":"Rassegna Stampa Cattolica","url":"https:\/\/www.rassegnastampa-totustuus.it\/cattolica\/","logo":{"@type":"ImageObject","inLanguage":"it-IT","@id":"https:\/\/www.rassegnastampa-totustuus.it\/cattolica\/#\/schema\/logo\/image\/","url":"https:\/\/www.rassegnastampa-totustuus.it\/cattolica\/wp-content\/uploads\/2014\/04\/logo-rassegna1.gif","contentUrl":"https:\/\/www.rassegnastampa-totustuus.it\/cattolica\/wp-content\/uploads\/2014\/04\/logo-rassegna1.gif","width":600,"height":163,"caption":"Rassegna Stampa Cattolica"},"image":{"@id":"https:\/\/www.rassegnastampa-totustuus.it\/cattolica\/#\/schema\/logo\/image\/"},"sameAs":["https:\/\/www.facebook.com\/rassegnastampacattolica","https:\/\/x.com\/rassegnastampa9"]},{"@type":"Person","@id":"https:\/\/www.rassegnastampa-totustuus.it\/cattolica\/#\/schema\/person\/08f319d2bd1a0904ad9e2bfb7b15e5c3","name":"Redazione","image":{"@type":"ImageObject","inLanguage":"it-IT","@id":"https:\/\/secure.gravatar.com\/avatar\/2fcdf27c78ea025fbdb44e914cc63c72249ffec9dc8aafd5c82b26240ef3f346?s=96&d=mm&r=g","url":"https:\/\/secure.gravatar.com\/avatar\/2fcdf27c78ea025fbdb44e914cc63c72249ffec9dc8aafd5c82b26240ef3f346?s=96&d=mm&r=g","contentUrl":"https:\/\/secure.gravatar.com\/avatar\/2fcdf27c78ea025fbdb44e914cc63c72249ffec9dc8aafd5c82b26240ef3f346?s=96&d=mm&r=g","caption":"Redazione"},"url":"https:\/\/www.rassegnastampa-totustuus.it\/cattolica\/author\/pietroelle\/"}]}},"_links":{"self":[{"href":"https:\/\/www.rassegnastampa-totustuus.it\/cattolica\/wp-json\/wp\/v2\/posts\/54844","targetHints":{"allow":["GET"]}}],"collection":[{"href":"https:\/\/www.rassegnastampa-totustuus.it\/cattolica\/wp-json\/wp\/v2\/posts"}],"about":[{"href":"https:\/\/www.rassegnastampa-totustuus.it\/cattolica\/wp-json\/wp\/v2\/types\/post"}],"author":[{"embeddable":true,"href":"https:\/\/www.rassegnastampa-totustuus.it\/cattolica\/wp-json\/wp\/v2\/users\/6"}],"replies":[{"embeddable":true,"href":"https:\/\/www.rassegnastampa-totustuus.it\/cattolica\/wp-json\/wp\/v2\/comments?post=54844"}],"version-history":[{"count":2,"href":"https:\/\/www.rassegnastampa-totustuus.it\/cattolica\/wp-json\/wp\/v2\/posts\/54844\/revisions"}],"predecessor-version":[{"id":59725,"href":"https:\/\/www.rassegnastampa-totustuus.it\/cattolica\/wp-json\/wp\/v2\/posts\/54844\/revisions\/59725"}],"wp:featuredmedia":[{"embeddable":true,"href":"https:\/\/www.rassegnastampa-totustuus.it\/cattolica\/wp-json\/wp\/v2\/media\/54845"}],"wp:attachment":[{"href":"https:\/\/www.rassegnastampa-totustuus.it\/cattolica\/wp-json\/wp\/v2\/media?parent=54844"}],"wp:term":[{"taxonomy":"category","embeddable":true,"href":"https:\/\/www.rassegnastampa-totustuus.it\/cattolica\/wp-json\/wp\/v2\/categories?post=54844"},{"taxonomy":"post_tag","embeddable":true,"href":"https:\/\/www.rassegnastampa-totustuus.it\/cattolica\/wp-json\/wp\/v2\/tags?post=54844"}],"curies":[{"name":"wp","href":"https:\/\/api.w.org\/{rel}","templated":true}]}}