{"id":54779,"date":"2022-09-22T00:00:15","date_gmt":"2022-09-21T22:00:15","guid":{"rendered":"http:\/\/www.rassegnastampa-totustuus.it\/cattolica\/?p=54779"},"modified":"2024-03-08T11:49:19","modified_gmt":"2024-03-08T10:49:19","slug":"piu-leutanasia-e-legale-piu-ammazza-senza-motivo","status":"publish","type":"post","link":"https:\/\/www.rassegnastampa-totustuus.it\/cattolica\/piu-leutanasia-e-legale-piu-ammazza-senza-motivo\/","title":{"rendered":"Pi\u00f9 l\u2019eutanasia \u00e8 legale, pi\u00f9 ammazza senza motivo\u00a0\u00a0"},"content":{"rendered":"<p style=\"text-align: center;\"><span style=\"color: #000000;\"><strong><img loading=\"lazy\" decoding=\"async\" class=\" wp-image-54780 alignleft\" src=\"https:\/\/www.rassegnastampa-totustuus.it\/cattolica\/wp-content\/uploads\/2022\/09\/morte.jpg\" alt=\"\" width=\"317\" height=\"204\" \/><span style=\"color: #0000ff;\"><a style=\"color: #0000ff;\" href=\"https:\/\/ifamnews.com\/it\" target=\"_blank\" rel=\"noopener\">International Family News<\/a> <\/span><\/strong><\/span><\/p>\n<p style=\"text-align: center;\"><span style=\"color: #000000;\">17 Settembre 2022<\/span><\/p>\n<p style=\"text-align: justify;\"><span style=\"color: #000000;\"><em>Il rapporto del ministero canadese della sanit\u00e0 mostra come la nuova legge del 2021 aumenti vertiginosamente i morti abbassandone l\u2019et\u00e0 media<\/em><\/span><\/p>\n<p style=\"text-align: center;\"><span style=\"color: #000000;\"><strong>Angelo Bottone<\/strong><\/span><\/p>\n<p><!--more--><\/p>\n<p style=\"text-align: justify;\"><span style=\"color: #000000;\">Secondo il<\/span> <a href=\"https:\/\/www.canada.ca\/content\/dam\/hc-sc\/documents\/services\/medical-assistance-dying\/annual-report-2021\/annual-report-2021.pdf\" target=\"_blank\" rel=\"noreferrer noopener\"><span style=\"color: #0000ff;\">rapporto ufficiale del ministero canadese della Sanit\u00e0, sono oltre 10mila i cittadin<\/span>i<\/a> <span style=\"color: #000000;\">che in quel Paese sono morti di eutanasia nel 2021. Dieci volte di pi\u00f9 rispetto a cinque anni fa.<\/span><\/p>\n<p style=\"text-align: justify;\"><span style=\"color: #000000;\"><img loading=\"lazy\" decoding=\"async\" class=\"size-medium wp-image-46495 alignleft\" src=\"https:\/\/www.rassegnastampa-totustuus.it\/cattolica\/wp-content\/uploads\/2020\/02\/malato_anziani_eutanasia-300x169.jpg\" alt=\"\" width=\"300\" height=\"169\" srcset=\"https:\/\/www.rassegnastampa-totustuus.it\/cattolica\/wp-content\/uploads\/2020\/02\/malato_anziani_eutanasia-300x169.jpg 300w, https:\/\/www.rassegnastampa-totustuus.it\/cattolica\/wp-content\/uploads\/2020\/02\/malato_anziani_eutanasia-768x432.jpg 768w, https:\/\/www.rassegnastampa-totustuus.it\/cattolica\/wp-content\/uploads\/2020\/02\/malato_anziani_eutanasia-1024x576.jpg 1024w, https:\/\/www.rassegnastampa-totustuus.it\/cattolica\/wp-content\/uploads\/2020\/02\/malato_anziani_eutanasia.jpg 1920w\" sizes=\"auto, (max-width: 300px) 100vw, 300px\" \/>Il numero \u00e8 cresciuto del 32% in un solo anno e questo conferma che, una volta introdotti, eutanasia e cosiddetto \u00absuicidio assistito\u00bb diventano norme sociali accettate, quasi doveri, per quanti soffrono o hanno perso la voglia di vivere.<\/span><\/p>\n<p style=\"text-align: justify;\"><span style=\"color: #000000;\">Secondo il rapporto, il 36% di quanti hanno ottenuto l\u2019eutanasia lo scorso anno si considerava un peso per la famiglia e per gli amici, mentre oltre 1.700 soffrivano di isolamento e di solitudine. Motivati, cio\u00e8, pi\u00f9 da cause sociali e psicologiche che dalla malattia. Come, tristemente, e clamorosamente, il<\/span> <a href=\"https:\/\/ifamnews.com\/it\/avrei-titolato-volentieri-godard-e-stato-incoerente\" target=\"_blank\" rel=\"noreferrer noopener\"><span style=\"color: #0000ff;\">regista francese Jean-Luc Godard (1930-2022) nei giorni scorsi<\/span><\/a><span style=\"color: #0000ff;\">.<\/span><\/p>\n<p style=\"text-align: justify;\"><span style=\"color: #000000;\">I dettagli del documento diffuso dal ministero canadese sono del resto rivelatori: mostrano quanto potrebbe accadere in qualsiasi altro Paese, qualora certe pratiche venissero legalizzate.<\/span><\/p>\n<p style=\"text-align: justify;\"><span style=\"color: #000000;\"> <img loading=\"lazy\" decoding=\"async\" class=\" wp-image-40273 alignright\" src=\"https:\/\/www.rassegnastampa-totustuus.it\/cattolica\/wp-content\/uploads\/2018\/05\/eutanasia.jpg\" alt=\"\" width=\"326\" height=\"217\" \/>Il Canada ha introdotto eutanasia e \u00absuicidio assistito\u00bb nel 2016. Inizialmente l\u2019accesso era ristretto ai malati terminali, ma nel 2019 la Corte Superiore del Qu\u00e9bec ha giudicato incostituzionale il limite e, di conseguenza, nel 2021 il governo federale ha esteso a pazienti non terminali quella che, con un eufemismo, \u00e8 stata chiamata \u00abassistenza medica al morire\u00bb. <\/span><\/p>\n<p style=\"text-align: justify;\"><span style=\"color: #000000;\">La legislazione del 2021 ha anche rimosso alcune salvaguardie, come il periodo di attesa di dieci giorni di valutazione prima dell\u2019intervento e l\u2019obbligo di offrire l\u2019alternativa delle cure palliative. Dall\u2019anno prossimo estender\u00e0 pure la \u00abmorte buona\u00bb a pazienti che soffrono unicamente di malattie mentali. Ma un Paese sul serio compassionevole dovrebbe offrire qualcosa di pi\u00f9 di un\u2019iniezione letale a chi \u00e8 malato e solo. Invece, afferma il rapporto, da quando la legge \u00e8 stata introdotta nel 2016, 31.664 persone sono state uccise in questo modo.<\/span><\/p>\n<p style=\"text-align: justify;\"><span style=\"color: #000000;\"><img loading=\"lazy\" decoding=\"async\" class=\" wp-image-44636 alignleft\" src=\"https:\/\/www.rassegnastampa-totustuus.it\/cattolica\/wp-content\/uploads\/2019\/10\/Eutanasia-300x169.jpg\" alt=\"\" width=\"343\" height=\"193\" srcset=\"https:\/\/www.rassegnastampa-totustuus.it\/cattolica\/wp-content\/uploads\/2019\/10\/Eutanasia-300x169.jpg 300w, https:\/\/www.rassegnastampa-totustuus.it\/cattolica\/wp-content\/uploads\/2019\/10\/Eutanasia-768x433.jpg 768w, https:\/\/www.rassegnastampa-totustuus.it\/cattolica\/wp-content\/uploads\/2019\/10\/Eutanasia-1024x577.jpg 1024w, https:\/\/www.rassegnastampa-totustuus.it\/cattolica\/wp-content\/uploads\/2019\/10\/Eutanasia.jpg 1800w\" sizes=\"auto, (max-width: 343px) 100vw, 343px\" \/>Queste cifre, paragonate a quelle dello scorso anno (10.064), indicano una crescita appunto di dieci volte rispetto al 2016 (1.018) e ammontano al 3,3% di tutte le morti registrate in Canada nel 2021. Il dato varia a seconda delle zone geografiche, ma nel British Columbia quasi una morte su venti avviene ora tramite eutanasia.<\/span><\/p>\n<p style=\"text-align: justify;\"><span style=\"color: #000000;\">Il \u00absuicidio assistito\u00bb consentito dalla legge avviene attraverso l\u2019auto-somministrazione di farmaci letali, ma \u00e8 pratica rara: solo sette casi nel 2021. Quasi tutti i pazienti vengono invece uccisi direttamente da un medico o da un infermiere. Sono sia uomini (52,3%) sia donne, e l\u2019et\u00e0 media \u00e8 di 76,3 anni: 77 per le donne e 75,6 per gli uomini.<\/span><\/p>\n<p style=\"text-align: justify;\"><span style=\"color: #000000;\"><img loading=\"lazy\" decoding=\"async\" class=\"wp-image-32161 alignright\" src=\"https:\/\/www.rassegnastampa-totustuus.it\/cattolica\/wp-content\/uploads\/2009\/04\/eutanasia.jpg\" alt=\"\" width=\"303\" height=\"217\" \/>L\u2019estensione dell\u2019eutanasia ai malati non terminali prevista dalla legge del 2021 la consente qualora i sofferenti siano affetti da un male definito \u00abincurabile\u00bb o se siano disabili e soffrano tanto psicologicamente quanto fisicamente. 219 persone che sono state sottoposte a eutanasia lo scorso anno non erano malati terminali. Poich\u00e9 questo \u00e8 stato possibile solo a partire dal mese di giugno di quell\u2019anno, i dati del rapporto si riferiscono soltanto a un semestre e quindi \u00e8 facile prevedere che i casi, come minimo, raddoppieranno.<\/span><\/p>\n<p style=\"text-align: justify;\"><span style=\"color: #000000;\"> L\u2019et\u00e0 media dei pazienti non terminali che sono ricorsi all\u2019eutanasia \u00e8 di 70,1 anni, ossia oltre sei anni meno dell\u2019et\u00e0 media dei pazienti terminali. Il 37% di queste morti ha interessato persone di et\u00e0 compresa tra i 18 e i 64 anni, mentre per i malati terminali il dato \u00e8 molto pi\u00f9 basso, meno della met\u00e0 (16,7%). Ovvero, pi\u00f9 l\u2019eutanasia si liberalizza e pi\u00f9 sono giovani le sue vittime.<\/span><\/p>\n<p style=\"text-align: justify;\"><span style=\"color: #000000;\"><img loading=\"lazy\" decoding=\"async\" class=\"size-full wp-image-32130 alignleft\" src=\"https:\/\/www.rassegnastampa-totustuus.it\/cattolica\/wp-content\/uploads\/2011\/03\/eutanasia-2.jpg\" alt=\"\" width=\"256\" height=\"192\" \/>La causa di sofferenza pi\u00f9 comune, per i pazienti terminali e non, \u00e8 la perdita della capacit\u00e0 di impegnarsi in attivit\u00e0 significative (86,3%). Pi\u00f9 di 3.500 di loro hanno dichiarato di sentirsi di peso per la famiglia, per gli amici o per chi si prendeva cura di loro, e (come detto) pi\u00f9 di 1700 soffrivano di solitudine e isolamento.<\/span><\/p>\n<p style=\"text-align: justify;\"><span style=\"color: #000000;\">Solo il 4% delle richieste di morte assistita \u00e8 stato rifiutato perch\u00e9 non soddisfaceva i criteri necessari, mentre circa il 2% delle persone che ne avevano fatto inizialmente richiesta ha poi cambiato idea o \u00e8 semplicemente deceduto prima per cause naturali.<\/span><\/p>\n<p style=\"text-align: justify;\"><span style=\"color: #000000;\">La patologia pi\u00f9 comune fra i malati terminali \u00e8 il cancro (65,6%), mentre fra i non terminali sono le malattie neurologiche quali demenza o morbo di Alzheimer. L\u2019esperienza del Canada, seppure breve, conferma ancora che, una volta introdotti eutanasia o \u00absuicidio assistito\u00bb, i limiti posti inizialmente vengono invece pian piano rimossi, il numero delle vittime sale ed \u00e8 difficile tornare indietro. Lo stesso \u00e8 avvenuto in Belgio e nei Paesi Bassi.<\/span><\/p>\n<p>___________________________________<\/p>\n<p><strong>Leggi anche:<\/strong><\/p>\n<p><a href=\"https:\/\/www.rassegnastampa-totustuus.it\/cattolica\/eutanasia-in-canada-una-testimonianza\/\" target=\"_blank\" rel=\"noopener\"><span style=\"color: #0000ff;\">Morte assistita in Canada: la testimonianza del professor Bill Gardner<\/span><\/a><\/p>\n","protected":false},"excerpt":{"rendered":"<p>International Family News 17 Settembre 2022 Il rapporto del ministero canadese della sanit\u00e0 mostra come la nuova legge del 2021 aumenti vertiginosamente i morti abbassandone l\u2019et\u00e0 media Angelo Bottone<\/p><p><a class=\"more-link btn\" href=\"https:\/\/www.rassegnastampa-totustuus.it\/cattolica\/piu-leutanasia-e-legale-piu-ammazza-senza-motivo\/\">Continua a leggere<\/a><\/p>\n","protected":false},"author":6,"featured_media":45919,"comment_status":"closed","ping_status":"closed","sticky":false,"template":"","format":"standard","meta":{"footnotes":""},"categories":[55,108],"tags":[2618,141],"class_list":["post-54779","post","type-post","status-publish","format-standard","has-post-thumbnail","hentry","category-eutanasia","category-paesi-e-continenti","tag-canada","tag-eutanasia-2","item-wrap"],"yoast_head":"<!-- This site is optimized with the Yoast SEO plugin v27.5 - https:\/\/yoast.com\/product\/yoast-seo-wordpress\/ -->\n<title>Pi\u00f9 l\u2019eutanasia \u00e8 legale, pi\u00f9 ammazza senza motivo\u00a0\u00a0 - Rassegna Stampa Cattolica<\/title>\n<meta name=\"description\" content=\"Pi\u00f9 l\u2019eutanasia \u00e8 legale, pi\u00f9 ammazza senza motivo, come svela il rapporto del mnistero canadese della sanit\u00e0\" \/>\n<meta name=\"robots\" content=\"index, follow, max-snippet:-1, max-image-preview:large, max-video-preview:-1\" \/>\n<link rel=\"canonical\" href=\"https:\/\/www.rassegnastampa-totustuus.it\/cattolica\/piu-leutanasia-e-legale-piu-ammazza-senza-motivo\/\" \/>\n<meta property=\"og:locale\" content=\"it_IT\" \/>\n<meta property=\"og:type\" content=\"article\" \/>\n<meta property=\"og:title\" content=\"Pi\u00f9 l\u2019eutanasia \u00e8 legale, pi\u00f9 ammazza senza motivo\u00a0\u00a0 - Rassegna Stampa Cattolica\" \/>\n<meta property=\"og:description\" content=\"Pi\u00f9 l\u2019eutanasia \u00e8 legale, pi\u00f9 ammazza senza motivo, come svela il rapporto del mnistero canadese della sanit\u00e0\" \/>\n<meta property=\"og:url\" content=\"https:\/\/www.rassegnastampa-totustuus.it\/cattolica\/piu-leutanasia-e-legale-piu-ammazza-senza-motivo\/\" \/>\n<meta property=\"og:site_name\" content=\"Rassegna Stampa Cattolica\" \/>\n<meta property=\"article:publisher\" content=\"https:\/\/www.facebook.com\/rassegnastampacattolica\" \/>\n<meta property=\"article:published_time\" content=\"2022-09-21T22:00:15+00:00\" \/>\n<meta property=\"article:modified_time\" content=\"2024-03-08T10:49:19+00:00\" \/>\n<meta property=\"og:image\" content=\"https:\/\/www.rassegnastampa-totustuus.it\/cattolica\/wp-content\/uploads\/2020\/01\/eutanasia.jpg\" \/>\n\t<meta property=\"og:image:width\" content=\"2000\" \/>\n\t<meta property=\"og:image:height\" content=\"1000\" \/>\n\t<meta property=\"og:image:type\" content=\"image\/jpeg\" \/>\n<meta name=\"author\" content=\"Redazione\" \/>\n<meta name=\"twitter:card\" content=\"summary_large_image\" \/>\n<meta name=\"twitter:creator\" content=\"@rassegnastampa9\" \/>\n<meta name=\"twitter:site\" content=\"@rassegnastampa9\" \/>\n<meta name=\"twitter:label1\" content=\"Scritto da\" \/>\n\t<meta name=\"twitter:data1\" content=\"Redazione\" \/>\n\t<meta name=\"twitter:label2\" content=\"Tempo di lettura stimato\" \/>\n\t<meta name=\"twitter:data2\" content=\"6 minuti\" \/>\n<script type=\"application\/ld+json\" class=\"yoast-schema-graph\">{\"@context\":\"https:\\\/\\\/schema.org\",\"@graph\":[{\"@type\":\"Article\",\"@id\":\"https:\\\/\\\/www.rassegnastampa-totustuus.it\\\/cattolica\\\/piu-leutanasia-e-legale-piu-ammazza-senza-motivo\\\/#article\",\"isPartOf\":{\"@id\":\"https:\\\/\\\/www.rassegnastampa-totustuus.it\\\/cattolica\\\/piu-leutanasia-e-legale-piu-ammazza-senza-motivo\\\/\"},\"author\":{\"name\":\"Redazione\",\"@id\":\"https:\\\/\\\/www.rassegnastampa-totustuus.it\\\/cattolica\\\/#\\\/schema\\\/person\\\/08f319d2bd1a0904ad9e2bfb7b15e5c3\"},\"headline\":\"Pi\u00f9 l\u2019eutanasia \u00e8 legale, pi\u00f9 ammazza senza motivo\u00a0\u00a0\",\"datePublished\":\"2022-09-21T22:00:15+00:00\",\"dateModified\":\"2024-03-08T10:49:19+00:00\",\"mainEntityOfPage\":{\"@id\":\"https:\\\/\\\/www.rassegnastampa-totustuus.it\\\/cattolica\\\/piu-leutanasia-e-legale-piu-ammazza-senza-motivo\\\/\"},\"wordCount\":745,\"publisher\":{\"@id\":\"https:\\\/\\\/www.rassegnastampa-totustuus.it\\\/cattolica\\\/#organization\"},\"image\":{\"@id\":\"https:\\\/\\\/www.rassegnastampa-totustuus.it\\\/cattolica\\\/piu-leutanasia-e-legale-piu-ammazza-senza-motivo\\\/#primaryimage\"},\"thumbnailUrl\":\"https:\\\/\\\/www.rassegnastampa-totustuus.it\\\/cattolica\\\/wp-content\\\/uploads\\\/2020\\\/01\\\/eutanasia.jpg\",\"keywords\":[\"Canada\",\"eutanasia\"],\"articleSection\":[\"Eutanasia\",\"Paesi e continenti\"],\"inLanguage\":\"it-IT\"},{\"@type\":\"WebPage\",\"@id\":\"https:\\\/\\\/www.rassegnastampa-totustuus.it\\\/cattolica\\\/piu-leutanasia-e-legale-piu-ammazza-senza-motivo\\\/\",\"url\":\"https:\\\/\\\/www.rassegnastampa-totustuus.it\\\/cattolica\\\/piu-leutanasia-e-legale-piu-ammazza-senza-motivo\\\/\",\"name\":\"Pi\u00f9 l\u2019eutanasia \u00e8 legale, pi\u00f9 ammazza senza motivo\u00a0\u00a0 - Rassegna Stampa Cattolica\",\"isPartOf\":{\"@id\":\"https:\\\/\\\/www.rassegnastampa-totustuus.it\\\/cattolica\\\/#website\"},\"primaryImageOfPage\":{\"@id\":\"https:\\\/\\\/www.rassegnastampa-totustuus.it\\\/cattolica\\\/piu-leutanasia-e-legale-piu-ammazza-senza-motivo\\\/#primaryimage\"},\"image\":{\"@id\":\"https:\\\/\\\/www.rassegnastampa-totustuus.it\\\/cattolica\\\/piu-leutanasia-e-legale-piu-ammazza-senza-motivo\\\/#primaryimage\"},\"thumbnailUrl\":\"https:\\\/\\\/www.rassegnastampa-totustuus.it\\\/cattolica\\\/wp-content\\\/uploads\\\/2020\\\/01\\\/eutanasia.jpg\",\"datePublished\":\"2022-09-21T22:00:15+00:00\",\"dateModified\":\"2024-03-08T10:49:19+00:00\",\"description\":\"Pi\u00f9 l\u2019eutanasia \u00e8 legale, pi\u00f9 ammazza senza motivo, come svela il rapporto del mnistero canadese della sanit\u00e0\",\"breadcrumb\":{\"@id\":\"https:\\\/\\\/www.rassegnastampa-totustuus.it\\\/cattolica\\\/piu-leutanasia-e-legale-piu-ammazza-senza-motivo\\\/#breadcrumb\"},\"inLanguage\":\"it-IT\",\"potentialAction\":[{\"@type\":\"ReadAction\",\"target\":[\"https:\\\/\\\/www.rassegnastampa-totustuus.it\\\/cattolica\\\/piu-leutanasia-e-legale-piu-ammazza-senza-motivo\\\/\"]}]},{\"@type\":\"ImageObject\",\"inLanguage\":\"it-IT\",\"@id\":\"https:\\\/\\\/www.rassegnastampa-totustuus.it\\\/cattolica\\\/piu-leutanasia-e-legale-piu-ammazza-senza-motivo\\\/#primaryimage\",\"url\":\"https:\\\/\\\/www.rassegnastampa-totustuus.it\\\/cattolica\\\/wp-content\\\/uploads\\\/2020\\\/01\\\/eutanasia.jpg\",\"contentUrl\":\"https:\\\/\\\/www.rassegnastampa-totustuus.it\\\/cattolica\\\/wp-content\\\/uploads\\\/2020\\\/01\\\/eutanasia.jpg\",\"width\":2000,\"height\":1000},{\"@type\":\"BreadcrumbList\",\"@id\":\"https:\\\/\\\/www.rassegnastampa-totustuus.it\\\/cattolica\\\/piu-leutanasia-e-legale-piu-ammazza-senza-motivo\\\/#breadcrumb\",\"itemListElement\":[{\"@type\":\"ListItem\",\"position\":1,\"name\":\"Home\",\"item\":\"https:\\\/\\\/www.rassegnastampa-totustuus.it\\\/cattolica\\\/\"},{\"@type\":\"ListItem\",\"position\":2,\"name\":\"Pi\u00f9 l\u2019eutanasia \u00e8 legale, pi\u00f9 ammazza senza motivo\u00a0\u00a0\"}]},{\"@type\":\"WebSite\",\"@id\":\"https:\\\/\\\/www.rassegnastampa-totustuus.it\\\/cattolica\\\/#website\",\"url\":\"https:\\\/\\\/www.rassegnastampa-totustuus.it\\\/cattolica\\\/\",\"name\":\"Rassegna Stampa Cattolica\",\"description\":\"Per una cultura che nasce dalla Rivelazione cristiana in conformit\u00e0 alla tradizione e al Magistero della Chiesa in opposizione ad ogni relativismo e totalitarismo\",\"publisher\":{\"@id\":\"https:\\\/\\\/www.rassegnastampa-totustuus.it\\\/cattolica\\\/#organization\"},\"alternateName\":\"Rass. Cattolica\",\"potentialAction\":[{\"@type\":\"SearchAction\",\"target\":{\"@type\":\"EntryPoint\",\"urlTemplate\":\"https:\\\/\\\/www.rassegnastampa-totustuus.it\\\/cattolica\\\/?s={search_term_string}\"},\"query-input\":{\"@type\":\"PropertyValueSpecification\",\"valueRequired\":true,\"valueName\":\"search_term_string\"}}],\"inLanguage\":\"it-IT\"},{\"@type\":\"Organization\",\"@id\":\"https:\\\/\\\/www.rassegnastampa-totustuus.it\\\/cattolica\\\/#organization\",\"name\":\"Rassegna Stampa Cattolica\",\"url\":\"https:\\\/\\\/www.rassegnastampa-totustuus.it\\\/cattolica\\\/\",\"logo\":{\"@type\":\"ImageObject\",\"inLanguage\":\"it-IT\",\"@id\":\"https:\\\/\\\/www.rassegnastampa-totustuus.it\\\/cattolica\\\/#\\\/schema\\\/logo\\\/image\\\/\",\"url\":\"https:\\\/\\\/www.rassegnastampa-totustuus.it\\\/cattolica\\\/wp-content\\\/uploads\\\/2014\\\/04\\\/logo-rassegna1.gif\",\"contentUrl\":\"https:\\\/\\\/www.rassegnastampa-totustuus.it\\\/cattolica\\\/wp-content\\\/uploads\\\/2014\\\/04\\\/logo-rassegna1.gif\",\"width\":600,\"height\":163,\"caption\":\"Rassegna Stampa Cattolica\"},\"image\":{\"@id\":\"https:\\\/\\\/www.rassegnastampa-totustuus.it\\\/cattolica\\\/#\\\/schema\\\/logo\\\/image\\\/\"},\"sameAs\":[\"https:\\\/\\\/www.facebook.com\\\/rassegnastampacattolica\",\"https:\\\/\\\/x.com\\\/rassegnastampa9\"]},{\"@type\":\"Person\",\"@id\":\"https:\\\/\\\/www.rassegnastampa-totustuus.it\\\/cattolica\\\/#\\\/schema\\\/person\\\/08f319d2bd1a0904ad9e2bfb7b15e5c3\",\"name\":\"Redazione\",\"image\":{\"@type\":\"ImageObject\",\"inLanguage\":\"it-IT\",\"@id\":\"https:\\\/\\\/secure.gravatar.com\\\/avatar\\\/2fcdf27c78ea025fbdb44e914cc63c72249ffec9dc8aafd5c82b26240ef3f346?s=96&d=mm&r=g\",\"url\":\"https:\\\/\\\/secure.gravatar.com\\\/avatar\\\/2fcdf27c78ea025fbdb44e914cc63c72249ffec9dc8aafd5c82b26240ef3f346?s=96&d=mm&r=g\",\"contentUrl\":\"https:\\\/\\\/secure.gravatar.com\\\/avatar\\\/2fcdf27c78ea025fbdb44e914cc63c72249ffec9dc8aafd5c82b26240ef3f346?s=96&d=mm&r=g\",\"caption\":\"Redazione\"},\"url\":\"https:\\\/\\\/www.rassegnastampa-totustuus.it\\\/cattolica\\\/author\\\/pietroelle\\\/\"}]}<\/script>\n<!-- \/ Yoast SEO plugin. -->","yoast_head_json":{"title":"Pi\u00f9 l\u2019eutanasia \u00e8 legale, pi\u00f9 ammazza senza motivo\u00a0\u00a0 - Rassegna Stampa Cattolica","description":"Pi\u00f9 l\u2019eutanasia \u00e8 legale, pi\u00f9 ammazza senza motivo, come svela il rapporto del mnistero canadese della sanit\u00e0","robots":{"index":"index","follow":"follow","max-snippet":"max-snippet:-1","max-image-preview":"max-image-preview:large","max-video-preview":"max-video-preview:-1"},"canonical":"https:\/\/www.rassegnastampa-totustuus.it\/cattolica\/piu-leutanasia-e-legale-piu-ammazza-senza-motivo\/","og_locale":"it_IT","og_type":"article","og_title":"Pi\u00f9 l\u2019eutanasia \u00e8 legale, pi\u00f9 ammazza senza motivo\u00a0\u00a0 - Rassegna Stampa Cattolica","og_description":"Pi\u00f9 l\u2019eutanasia \u00e8 legale, pi\u00f9 ammazza senza motivo, come svela il rapporto del mnistero canadese della sanit\u00e0","og_url":"https:\/\/www.rassegnastampa-totustuus.it\/cattolica\/piu-leutanasia-e-legale-piu-ammazza-senza-motivo\/","og_site_name":"Rassegna Stampa Cattolica","article_publisher":"https:\/\/www.facebook.com\/rassegnastampacattolica","article_published_time":"2022-09-21T22:00:15+00:00","article_modified_time":"2024-03-08T10:49:19+00:00","og_image":[{"width":2000,"height":1000,"url":"https:\/\/www.rassegnastampa-totustuus.it\/cattolica\/wp-content\/uploads\/2020\/01\/eutanasia.jpg","type":"image\/jpeg"}],"author":"Redazione","twitter_card":"summary_large_image","twitter_creator":"@rassegnastampa9","twitter_site":"@rassegnastampa9","twitter_misc":{"Scritto da":"Redazione","Tempo di lettura stimato":"6 minuti"},"schema":{"@context":"https:\/\/schema.org","@graph":[{"@type":"Article","@id":"https:\/\/www.rassegnastampa-totustuus.it\/cattolica\/piu-leutanasia-e-legale-piu-ammazza-senza-motivo\/#article","isPartOf":{"@id":"https:\/\/www.rassegnastampa-totustuus.it\/cattolica\/piu-leutanasia-e-legale-piu-ammazza-senza-motivo\/"},"author":{"name":"Redazione","@id":"https:\/\/www.rassegnastampa-totustuus.it\/cattolica\/#\/schema\/person\/08f319d2bd1a0904ad9e2bfb7b15e5c3"},"headline":"Pi\u00f9 l\u2019eutanasia \u00e8 legale, pi\u00f9 ammazza senza motivo\u00a0\u00a0","datePublished":"2022-09-21T22:00:15+00:00","dateModified":"2024-03-08T10:49:19+00:00","mainEntityOfPage":{"@id":"https:\/\/www.rassegnastampa-totustuus.it\/cattolica\/piu-leutanasia-e-legale-piu-ammazza-senza-motivo\/"},"wordCount":745,"publisher":{"@id":"https:\/\/www.rassegnastampa-totustuus.it\/cattolica\/#organization"},"image":{"@id":"https:\/\/www.rassegnastampa-totustuus.it\/cattolica\/piu-leutanasia-e-legale-piu-ammazza-senza-motivo\/#primaryimage"},"thumbnailUrl":"https:\/\/www.rassegnastampa-totustuus.it\/cattolica\/wp-content\/uploads\/2020\/01\/eutanasia.jpg","keywords":["Canada","eutanasia"],"articleSection":["Eutanasia","Paesi e continenti"],"inLanguage":"it-IT"},{"@type":"WebPage","@id":"https:\/\/www.rassegnastampa-totustuus.it\/cattolica\/piu-leutanasia-e-legale-piu-ammazza-senza-motivo\/","url":"https:\/\/www.rassegnastampa-totustuus.it\/cattolica\/piu-leutanasia-e-legale-piu-ammazza-senza-motivo\/","name":"Pi\u00f9 l\u2019eutanasia \u00e8 legale, pi\u00f9 ammazza senza motivo\u00a0\u00a0 - Rassegna Stampa Cattolica","isPartOf":{"@id":"https:\/\/www.rassegnastampa-totustuus.it\/cattolica\/#website"},"primaryImageOfPage":{"@id":"https:\/\/www.rassegnastampa-totustuus.it\/cattolica\/piu-leutanasia-e-legale-piu-ammazza-senza-motivo\/#primaryimage"},"image":{"@id":"https:\/\/www.rassegnastampa-totustuus.it\/cattolica\/piu-leutanasia-e-legale-piu-ammazza-senza-motivo\/#primaryimage"},"thumbnailUrl":"https:\/\/www.rassegnastampa-totustuus.it\/cattolica\/wp-content\/uploads\/2020\/01\/eutanasia.jpg","datePublished":"2022-09-21T22:00:15+00:00","dateModified":"2024-03-08T10:49:19+00:00","description":"Pi\u00f9 l\u2019eutanasia \u00e8 legale, pi\u00f9 ammazza senza motivo, come svela il rapporto del mnistero canadese della sanit\u00e0","breadcrumb":{"@id":"https:\/\/www.rassegnastampa-totustuus.it\/cattolica\/piu-leutanasia-e-legale-piu-ammazza-senza-motivo\/#breadcrumb"},"inLanguage":"it-IT","potentialAction":[{"@type":"ReadAction","target":["https:\/\/www.rassegnastampa-totustuus.it\/cattolica\/piu-leutanasia-e-legale-piu-ammazza-senza-motivo\/"]}]},{"@type":"ImageObject","inLanguage":"it-IT","@id":"https:\/\/www.rassegnastampa-totustuus.it\/cattolica\/piu-leutanasia-e-legale-piu-ammazza-senza-motivo\/#primaryimage","url":"https:\/\/www.rassegnastampa-totustuus.it\/cattolica\/wp-content\/uploads\/2020\/01\/eutanasia.jpg","contentUrl":"https:\/\/www.rassegnastampa-totustuus.it\/cattolica\/wp-content\/uploads\/2020\/01\/eutanasia.jpg","width":2000,"height":1000},{"@type":"BreadcrumbList","@id":"https:\/\/www.rassegnastampa-totustuus.it\/cattolica\/piu-leutanasia-e-legale-piu-ammazza-senza-motivo\/#breadcrumb","itemListElement":[{"@type":"ListItem","position":1,"name":"Home","item":"https:\/\/www.rassegnastampa-totustuus.it\/cattolica\/"},{"@type":"ListItem","position":2,"name":"Pi\u00f9 l\u2019eutanasia \u00e8 legale, pi\u00f9 ammazza senza motivo\u00a0\u00a0"}]},{"@type":"WebSite","@id":"https:\/\/www.rassegnastampa-totustuus.it\/cattolica\/#website","url":"https:\/\/www.rassegnastampa-totustuus.it\/cattolica\/","name":"Rassegna Stampa Cattolica","description":"Per una cultura che nasce dalla Rivelazione cristiana in conformit\u00e0 alla tradizione e al Magistero della Chiesa in opposizione ad ogni relativismo e totalitarismo","publisher":{"@id":"https:\/\/www.rassegnastampa-totustuus.it\/cattolica\/#organization"},"alternateName":"Rass. Cattolica","potentialAction":[{"@type":"SearchAction","target":{"@type":"EntryPoint","urlTemplate":"https:\/\/www.rassegnastampa-totustuus.it\/cattolica\/?s={search_term_string}"},"query-input":{"@type":"PropertyValueSpecification","valueRequired":true,"valueName":"search_term_string"}}],"inLanguage":"it-IT"},{"@type":"Organization","@id":"https:\/\/www.rassegnastampa-totustuus.it\/cattolica\/#organization","name":"Rassegna Stampa Cattolica","url":"https:\/\/www.rassegnastampa-totustuus.it\/cattolica\/","logo":{"@type":"ImageObject","inLanguage":"it-IT","@id":"https:\/\/www.rassegnastampa-totustuus.it\/cattolica\/#\/schema\/logo\/image\/","url":"https:\/\/www.rassegnastampa-totustuus.it\/cattolica\/wp-content\/uploads\/2014\/04\/logo-rassegna1.gif","contentUrl":"https:\/\/www.rassegnastampa-totustuus.it\/cattolica\/wp-content\/uploads\/2014\/04\/logo-rassegna1.gif","width":600,"height":163,"caption":"Rassegna Stampa Cattolica"},"image":{"@id":"https:\/\/www.rassegnastampa-totustuus.it\/cattolica\/#\/schema\/logo\/image\/"},"sameAs":["https:\/\/www.facebook.com\/rassegnastampacattolica","https:\/\/x.com\/rassegnastampa9"]},{"@type":"Person","@id":"https:\/\/www.rassegnastampa-totustuus.it\/cattolica\/#\/schema\/person\/08f319d2bd1a0904ad9e2bfb7b15e5c3","name":"Redazione","image":{"@type":"ImageObject","inLanguage":"it-IT","@id":"https:\/\/secure.gravatar.com\/avatar\/2fcdf27c78ea025fbdb44e914cc63c72249ffec9dc8aafd5c82b26240ef3f346?s=96&d=mm&r=g","url":"https:\/\/secure.gravatar.com\/avatar\/2fcdf27c78ea025fbdb44e914cc63c72249ffec9dc8aafd5c82b26240ef3f346?s=96&d=mm&r=g","contentUrl":"https:\/\/secure.gravatar.com\/avatar\/2fcdf27c78ea025fbdb44e914cc63c72249ffec9dc8aafd5c82b26240ef3f346?s=96&d=mm&r=g","caption":"Redazione"},"url":"https:\/\/www.rassegnastampa-totustuus.it\/cattolica\/author\/pietroelle\/"}]}},"_links":{"self":[{"href":"https:\/\/www.rassegnastampa-totustuus.it\/cattolica\/wp-json\/wp\/v2\/posts\/54779","targetHints":{"allow":["GET"]}}],"collection":[{"href":"https:\/\/www.rassegnastampa-totustuus.it\/cattolica\/wp-json\/wp\/v2\/posts"}],"about":[{"href":"https:\/\/www.rassegnastampa-totustuus.it\/cattolica\/wp-json\/wp\/v2\/types\/post"}],"author":[{"embeddable":true,"href":"https:\/\/www.rassegnastampa-totustuus.it\/cattolica\/wp-json\/wp\/v2\/users\/6"}],"replies":[{"embeddable":true,"href":"https:\/\/www.rassegnastampa-totustuus.it\/cattolica\/wp-json\/wp\/v2\/comments?post=54779"}],"version-history":[{"count":3,"href":"https:\/\/www.rassegnastampa-totustuus.it\/cattolica\/wp-json\/wp\/v2\/posts\/54779\/revisions"}],"predecessor-version":[{"id":59800,"href":"https:\/\/www.rassegnastampa-totustuus.it\/cattolica\/wp-json\/wp\/v2\/posts\/54779\/revisions\/59800"}],"wp:featuredmedia":[{"embeddable":true,"href":"https:\/\/www.rassegnastampa-totustuus.it\/cattolica\/wp-json\/wp\/v2\/media\/45919"}],"wp:attachment":[{"href":"https:\/\/www.rassegnastampa-totustuus.it\/cattolica\/wp-json\/wp\/v2\/media?parent=54779"}],"wp:term":[{"taxonomy":"category","embeddable":true,"href":"https:\/\/www.rassegnastampa-totustuus.it\/cattolica\/wp-json\/wp\/v2\/categories?post=54779"},{"taxonomy":"post_tag","embeddable":true,"href":"https:\/\/www.rassegnastampa-totustuus.it\/cattolica\/wp-json\/wp\/v2\/tags?post=54779"}],"curies":[{"name":"wp","href":"https:\/\/api.w.org\/{rel}","templated":true}]}}