{"id":54724,"date":"2022-09-15T00:00:48","date_gmt":"2022-09-14T22:00:48","guid":{"rendered":"http:\/\/www.rassegnastampa-totustuus.it\/cattolica\/?p=54724"},"modified":"2026-03-31T08:55:35","modified_gmt":"2026-03-31T06:55:35","slug":"scienziati-credenti-cristiani-e-cattolici-ecco-lelenco-completo","status":"publish","type":"post","link":"https:\/\/www.rassegnastampa-totustuus.it\/cattolica\/scienziati-credenti-cristiani-e-cattolici-ecco-lelenco-completo\/","title":{"rendered":"Scienziati credenti, cristiani e cattolici: ecco l\u2019elenco completo"},"content":{"rendered":"<p style=\"text-align: center;\"><span style=\"color: #000000;\"><img loading=\"lazy\" decoding=\"async\" class=\" wp-image-54725 alignright\" src=\"https:\/\/www.rassegnastampa-totustuus.it\/cattolica\/wp-content\/uploads\/2022\/09\/scienza_fede_chiesa-300x168.jpg\" alt=\"\" width=\"332\" height=\"186\" \/><\/span><span style=\"color: #0000ff;\"><a style=\"color: #0000ff;\" href=\"http:\/\/www.uccronline.it\/\" target=\"_blank\" rel=\"noopener\"><strong>Unione <\/strong><\/a><\/span><span style=\"color: #000000;\"><span style=\"color: #0000ff;\"><strong>Cristiani Cattolici Razionali <\/strong><\/span>9 dicembre 2010<\/span><\/p>\n<p style=\"text-align: justify;\"><span style=\"color: #000000;\"><em>Esistono scienziati credenti? Chi sono stati i pi\u00f9 grandi scienziati cristiani?<\/em> Il desiderio di conoscere il Creatore, da sempre, ha spinto gli uomini a studiare meglio la creatura. E\u2019 forse per questo che, guardando alla storia, i pi\u00f9 grandi scienziati hanno professato la fede cristiana, ognuno con le sue debolezze ed incoerenze, ma sempre in qualche modo capaci di rispondere al perch\u00e9 esiste qualcosa, anzich\u00e9 il nulla.<\/span><\/p>\n<p style=\"text-align: justify;\"><span style=\"color: #000000;\"><strong>In questo dossier<\/strong>, continuamente aggiornato, \u00e8 presente il pi\u00f9 vasto elenco del web delle persone cristiane che hanno rivoluzionato il mondo scientifico.<\/span><\/p>\n<p><!--more--><\/p>\n<h4 style=\"text-align: center;\"><span style=\"color: #000000;\">\u00a0<strong>SCIENZIATI CREDENTI IN ETA\u2019 CONTEMPORANEA<\/strong><\/span><\/h4>\n<p style=\"text-align: justify;\"><span style=\"color: #0000ff;\"><strong><a style=\"color: #0000ff;\" href=\"http:\/\/en.wikipedia.org\/wiki\/Laurent_Lafforgue\" target=\"_blank\" rel=\"noreferrer noopener\"><img loading=\"lazy\" decoding=\"async\" class=\" wp-image-54742 alignleft\" src=\"https:\/\/www.rassegnastampa-totustuus.it\/cattolica\/wp-content\/uploads\/2022\/09\/Laurent_Lafforgue_scienza.jpg\" alt=\"\" width=\"134\" height=\"134\" srcset=\"https:\/\/www.rassegnastampa-totustuus.it\/cattolica\/wp-content\/uploads\/2022\/09\/Laurent_Lafforgue_scienza.jpg 197w, https:\/\/www.rassegnastampa-totustuus.it\/cattolica\/wp-content\/uploads\/2022\/09\/Laurent_Lafforgue_scienza-150x150.jpg 150w\" sizes=\"auto, (max-width: 134px) 100vw, 134px\" \/>Laurent Lafforgue<\/a>, <\/strong><\/span><span style=\"color: #000000;\"><em><strong>1966, matematico, cattolico<\/strong><\/em> Professore all\u2019<em>Institut des hautes \u00e9tudes scientifiques<\/em>, membro dell\u2019Acad\u00e9mie des sciences, vincitore della massima onorificenza nel campo matematico, la Medaglia Fields (2002). Ha contributo in modo determinante nel campo della teoria dei numeri e della geometria algebrica, dimostrando parte delle cosiddette congetture di Langlands. Credente e cattolico.<\/span> (<a href=\"https:\/\/www.uccronline.it\/2012\/08\/12\/citazioni-di-scienziati-credenti-cristiani-e-cattolici\/#lafforgue\" target=\"_blank\" rel=\"noreferrer noopener\"><span style=\"color: #0000ff;\">Citazion<\/span>i<\/a>)<\/p>\n<p style=\"text-align: justify;\"><span style=\"color: #0000ff;\"><strong><a style=\"color: #0000ff;\" href=\"http:\/\/en.wikipedia.org\/wiki\/Martin_Nowak\" target=\"_blank\" rel=\"noreferrer noopener\">Martin A. Nowak<\/a><\/strong><\/span><em><strong><span style=\"color: #0000ff;\">,<\/span> <span style=\"color: #000000;\">1965, biologo e matematico, cattolico<\/span><\/strong><\/em><span style=\"color: #000000;\"> E\u2019 professore di biologia, matematica e Direttore del Programma per la dinamica evolutiva presso l\u2019Universit\u00e0 di Harvard. Ha all\u2019attivo pi\u00f9 di 300 pubblicazioni scientifiche, di cui 40 si trovano su <em>Nature<\/em> e 15 su <em>Science<\/em>. Vincitore del Weldon Memorial Prize e del Association of American Publishers RR Hawkins Award. Credente e cattolico.<\/span> (<span style=\"color: #0000ff;\"><a style=\"color: #0000ff;\" href=\"https:\/\/www.uccronline.it\/2012\/08\/12\/citazioni-di-scienziati-credenti-cristiani-e-cattolici\/#nowak\" target=\"_blank\" rel=\"noreferrer noopener\">Citazioni<\/a><\/span>)<\/p>\n<p style=\"text-align: justify;\"><span style=\"color: #0000ff;\"><strong><a style=\"color: #0000ff;\" href=\"http:\/\/pl.wikipedia.org\/wiki\/Krzysztof_Meissner\" target=\"_blank\" rel=\"noreferrer noopener\">Krzysztof Meissner<\/a><\/strong><\/span><em><strong><span style=\"color: #0000ff;\">,<\/span> <span style=\"color: #000000;\">1961, fisico, cattolico<\/span><\/strong><\/em><span style=\"color: #000000;\"> Docente di fisica teorica all\u2019Universit\u00e0 di Varsavia, \u00e8 uno dei massimi studiosi di fisica delle particelle in Europa. Ha lavorato nei pi\u00f9 importanti centri di ricerca al mondo e attualmente sta lavorando ad una versione \u201callargata\u201d della teoria standard dell\u2019universo, alla ricerca di una seconda \u00abparticella di Dio\u00bb, dopo il Bosone di Higgs. Credente e cattolico<\/span>. (<span style=\"color: #0000ff;\"><a style=\"color: #0000ff;\" href=\"https:\/\/www.uccronline.it\/2012\/08\/12\/citazioni-di-scienziati-credenti-cristiani-e-cattolici\/#meissner\" target=\"_blank\" rel=\"noreferrer noopener\">Citazioni<\/a><\/span>)<\/p>\n<p style=\"text-align: justify;\"><span style=\"color: #0000ff;\"><strong><a style=\"color: #0000ff;\" href=\"http:\/\/it.wikipedia.org\/wiki\/Marco_Bersanelli\" target=\"_blank\" rel=\"noreferrer noopener\"><img loading=\"lazy\" decoding=\"async\" class=\" wp-image-54744 alignleft\" src=\"https:\/\/www.rassegnastampa-totustuus.it\/cattolica\/wp-content\/uploads\/2022\/09\/Marco_Bersanelli_scienza.jpg\" alt=\"\" width=\"130\" height=\"129\" srcset=\"https:\/\/www.rassegnastampa-totustuus.it\/cattolica\/wp-content\/uploads\/2022\/09\/Marco_Bersanelli_scienza.jpg 225w, https:\/\/www.rassegnastampa-totustuus.it\/cattolica\/wp-content\/uploads\/2022\/09\/Marco_Bersanelli_scienza-150x150.jpg 150w\" sizes=\"auto, (max-width: 130px) 100vw, 130px\" \/>Marco Bersanelli<\/a><\/strong><\/span><em><strong><span style=\"color: #0000ff;\">,<\/span> <span style=\"color: #000000;\">1960, astrofisico, cattolico<\/span><\/strong><\/em><span style=\"color: #000000;\"> Docente di Astrofisica all\u2019Universit\u00e0 degli Studi di Milano e collaboratore presso l\u2019Istituto di Fisica Cosmica del CNR e con l\u2019Agenzia Spaziale Europea. E\u2019 a capo della progettazione e sviluppo del Low Frequency Instrument. Cattolico, vicino al movimento ecclesiale di Comunione e Liberazione<\/span>. (<a href=\"https:\/\/www.uccronline.it\/2012\/08\/12\/citazioni-di-scienziati-credenti-cristiani-e-cattolici\/#bersanelli\" target=\"_blank\" rel=\"noreferrer noopener\"><span style=\"color: #0000ff;\">Citazioni<\/span><\/a>)<\/p>\n<p style=\"text-align: justify;\"><span style=\"color: #0000ff;\"><strong><a style=\"color: #0000ff;\" href=\"http:\/\/it.wikipedia.org\/wiki\/Fabiola_Gianotti\" target=\"_blank\" rel=\"noreferrer noopener\">Fabiola Gianotti<\/a><\/strong><\/span><em><span style=\"color: #0000ff;\"><strong>, <\/strong><\/span><strong>1<span style=\"color: #000000;\">960, fisico, cattolica<\/span><\/strong><\/em><span style=\"color: #000000;\"> Tra i pi\u00f9 importanti scienziati italiani, ha contribuito alla scoperta del bosone di Higgs e nel 2015 \u00e8 divenuta direttore generale del CERN di Ginevra. Membro del comitato consultivo per la Fisica al Fermilab negli Stati Uniti e dell\u2019Accademia dei Lincei per la classe di scienze fisiche, dal 2013 \u00e8 professore onorario presso l\u2019Universit\u00e0 di Edimburgo.<\/span> (<span style=\"color: #0000ff;\"><a style=\"color: #0000ff;\" href=\"https:\/\/www.uccronline.it\/2012\/08\/12\/citazioni-di-scienziati-credenti-cristiani-e-cattolici\/#gianotti\" target=\"_blank\" rel=\"noreferrer noopener\">Citazioni<\/a><\/span>)<\/p>\n<p style=\"text-align: justify;\"><span style=\"color: #0000ff;\"><strong><a style=\"color: #0000ff;\" href=\"https:\/\/en.wikipedia.org\/wiki\/Jonathan_Lunine\" target=\"_blank\" rel=\"noreferrer noopener\">Jonathan Lunine<\/a><\/strong><\/span><em><strong><span style=\"color: #0000ff;\">,<\/span> <span style=\"color: #000000;\">1959, fisico, cattolico<\/span><\/strong><\/em><span style=\"color: #000000;\"> Fisico di fama internazionale, \u00e8 docente presso la Cornell University dove dirige anche il Center for Radiophysics and Space Research. Autore di oltre 300 articoli di ricerca, \u00e8 tra i pi\u00f9 autorevoli studiosi della formazione, dell\u2019evoluzione e dell\u2019abitabilit\u00e0 dei pianeti extraterrestri. Membro della National Academy of Sciences, dell\u2019American Association for the Advancement of Science e ha fondato la Society of Catholic Scientists. Ebreo convertitosi al cattolicesimo<\/span>. (<span style=\"color: #0000ff;\"><a style=\"color: #0000ff;\" href=\"https:\/\/www.uccronline.it\/2012\/08\/12\/citazioni-di-scienziati-credenti-cristiani-e-cattolici\/#lunine\" target=\"_blank\" rel=\"noreferrer noopener\">Citazioni<\/a><\/span>)<\/p>\n<p style=\"text-align: justify;\"><span style=\"color: #0000ff;\"><strong><a style=\"color: #0000ff;\" href=\"http:\/\/en.wikipedia.org\/wiki\/Brian_Kobilka\" target=\"_blank\" rel=\"noreferrer noopener\"><img loading=\"lazy\" decoding=\"async\" class=\"wp-image-54745 alignleft\" src=\"https:\/\/www.rassegnastampa-totustuus.it\/cattolica\/wp-content\/uploads\/2022\/09\/Brian_Kent_Kobilka_scienza.jpg\" alt=\"\" width=\"117\" height=\"158\" \/>Brian Kent Kobilka<\/a><\/strong><\/span><em><strong><span style=\"color: #0000ff;\">,<\/span> <span style=\"color: #000000;\">1955, fisiologo e premio Nobel, cattolico<\/span><\/strong><\/em><span style=\"color: #000000;\"> Insegna presso la Stanford University School of Medicine ed \u00e8 co-fondatore di ConfometRx, una societ\u00e0 di biotecnologie. E\u2019 stato nominato membro della National Academy of Sciences nel 2011. Cattolico, frequenta la comunit\u00e0 cattolica di Stanford, in California.<\/span> (<a href=\"http:\/\/thecatholicspirit.com\/to-do\/arts-and-culture\/little-falls-native-wins-nobel-prize-in-chemistry\/\" target=\"_blank\" rel=\"noreferrer noopener\"><span style=\"color: #0000ff;\">Biografia<\/span><\/a>)<\/p>\n<p style=\"text-align: justify;\"><span style=\"color: #0000ff;\"><strong><a style=\"color: #0000ff;\" href=\"http:\/\/en.wikipedia.org\/wiki\/Stephen_Barr\" target=\"_blank\" rel=\"noreferrer noopener\">Stephen M. Barr<\/a><\/strong><\/span><em><span style=\"color: #0000ff;\"><strong>, <\/strong><\/span><strong><span style=\"color: #000000;\">1953, fisico, cattolico<\/span><\/strong><\/em><span style=\"color: #000000;\"> Docente presso il Dipartimento di Fisica e Astronomia dell\u2019University of Delaware, membro del Bartol Research Institute, Fellow della American Physical Society, \u00e8 noto per la sua attivit\u00e0 di ricerca nella fisica delle particelle e nella cosmologia teorica. Cattolico, ha ricevuto nel 2007 la Benemerenti Medal da Papa Benedetto XVI e nel 2010 \u00e8 stato eletto membro dell\u2019Accademia di Teologia Cattolica.<\/span> (<a href=\"https:\/\/www.uccronline.it\/2012\/08\/12\/citazioni-di-scienziati-credenti-cristiani-e-cattolici\/#barr\" target=\"_blank\" rel=\"noreferrer noopener\"><span style=\"color: #0000ff;\">Citazioni<\/span><\/a>)<\/p>\n<p style=\"text-align: justify;\"><span style=\"color: #0000ff;\"><strong><a style=\"color: #0000ff;\" href=\"http:\/\/en.wikipedia.org\/wiki\/John_D._Barrow\" target=\"_blank\" rel=\"noreferrer noopener\">John David Barrow<\/a><\/strong><\/span><em><strong><span style=\"color: #0000ff;\">,<\/span> <span style=\"color: #000000;\">1952, cosmologo e matematico, cristiano<\/span><\/strong><\/em><span style=\"color: #000000;\"> Prestigioso cosmologo e fisico teorico, docente di Scienze Matematiche presso l\u2019universit\u00e0 di Cambridge. Vincitore nel 2008 del \u201cPremio Faraday\u201d assegnato dalla Royal Society.<\/span> (<span style=\"color: #0000ff;\"><a style=\"color: #0000ff;\" href=\"https:\/\/www.uccronline.it\/2012\/08\/12\/citazioni-di-scienziati-credenti-cristiani-e-cattolici\/#barrow\" target=\"_blank\" rel=\"noreferrer noopener\">Citazioni<\/a>)<\/span><\/p>\n<p style=\"text-align: justify;\"><span style=\"color: #0000ff;\"><strong><a style=\"color: #0000ff;\" href=\"http:\/\/www.meetingrimini.org\/default.asp?id=671&amp;item=2017\" target=\"_blank\" rel=\"noreferrer noopener\"><img loading=\"lazy\" decoding=\"async\" class=\" wp-image-54746 alignleft\" src=\"https:\/\/www.rassegnastampa-totustuus.it\/cattolica\/wp-content\/uploads\/2022\/09\/Lucio_Rossi_scienza.jpg\" alt=\"\" width=\"141\" height=\"133\" \/>Lucio Rossi<\/a><\/strong><\/span><em><strong><span style=\"color: #0000ff;\">,<\/span> <span style=\"color: #000000;\">1952, fisico, cattolico<\/span><\/strong><\/em><span style=\"color: #000000;\"> Responsabile del <em>\u201cMagnets, Cryostats and Superconductors Group\u201d<\/em> al CERN di Ginevra, \u00e8 ricercatore dell\u2019Infn (Istituto nazionale di fisica nucleare) e docente del Dipartimento di Fisica dell\u2019universit\u00e0 di Milano<\/span>. (<span style=\"color: #0000ff;\"><a style=\"color: #0000ff;\" href=\"https:\/\/www.uccronline.it\/2012\/08\/12\/citazioni-di-scienziati-credenti-cristiani-e-cattolici\/#rossi\" target=\"_blank\" rel=\"noreferrer noopener\">Citazioni<\/a><\/span>)<\/p>\n<p style=\"text-align: justify;\"><strong><a href=\"https:\/\/it.wikipedia.org\/wiki\/Alfio_Quarteroni\" target=\"_blank\" rel=\"noreferrer noopener\"><span style=\"color: #0000ff;\">Alfio Quarteroni<\/span><\/a><span style=\"color: #0000ff;\">, <\/span><\/strong><span style=\"color: #000000;\"><em><strong>1952, matematico, cattolico<\/strong><\/em> Tra i pi\u00f9 noti matematici italiani all\u2019estero, \u00e8 docente al Politecnico di Milano, ordinario di Matematica presso l\u2019Universit\u00e0 del Minnesota e direttore della cattedra di Modellistica e Calcolo Scientifico presso l\u2019EPFL di Losanna. Beneficiario di innumerevoli premi e riconoscimenti scientifici, membro di diversi comitati scientifici di istituzioni europee e autore di oltre 400 articoli pubblicati in riviste scientifiche internazionali e atti di convegni. Cattolico<\/span>. (<span style=\"color: #0000ff;\"><a style=\"color: #0000ff;\" href=\"https:\/\/www.uccronline.it\/2012\/08\/12\/citazioni-di-scienziati-credenti-cristiani-e-cattolici\/#quarteroni\" target=\"_blank\" rel=\"noreferrer noopener\">Citazioni<\/a><\/span>)<\/p>\n<p style=\"text-align: justify;\"><strong><a href=\"http:\/\/en.wikipedia.org\/wiki\/Simon_Conway_Morris\" target=\"_blank\" rel=\"noreferrer noopener\"><span style=\"color: #0000ff;\">Simon Conway Morris<\/span><\/a><\/strong><em><strong><span style=\"color: #0000ff;\">,<\/span> <span style=\"color: #000000;\">1951, paleontologo, cattolico<\/span><\/strong><\/em><span style=\"color: #000000;\"> Conosciuto a livello internazionale per il suo studio dettagliato ai fossili Burgess Shale, Fellow della Royal Society, vincitore della Walcott Medal of the National Academy of Sciences e della Lyell Medal della Geological Society of London, insegna presso l\u2019Universit\u00e0 di Cambridge dove studia l\u2019esplosione del Cambriano.Credente e cattolico.<\/span> (<span style=\"color: #0000ff;\"><a style=\"color: #0000ff;\" href=\"https:\/\/www.uccronline.it\/2012\/08\/12\/citazioni-di-scienziati-credenti-cristiani-e-cattolici\/#morris\" target=\"_blank\" rel=\"noreferrer noopener\">Citazioni<\/a><\/span>)<\/p>\n<p style=\"text-align: justify;\"><strong><a href=\"https:\/\/en.wikipedia.org\/wiki\/Ian_Hutchinson_(scientist)\" target=\"_blank\" rel=\"noreferrer noopener\"><span style=\"color: #0000ff;\">Ian Hutchinson<\/span><\/a><\/strong><em><strong>, <span style=\"color: #000000;\">1951, fisico, cristiano<\/span><\/strong><\/em><span style=\"color: #000000;\"> Professore di Scienza Nucleare ed Ingegneria presso il prestigioso Massachusetts Institute of Technology (MIT), gi\u00e0 presidente del Plasma Physics group dell\u2019American Physical Society, \u00e8 considerato uno scienziato che ha dato grandi contribuiti all\u2019ingegneria nucleare e alla fisica nucleare. Cristiano, ha pi\u00f9 volte contrastato le affermazioni dei cosiddetti <em>new-atheist<\/em><\/span>. (<a href=\"https:\/\/www.uccronline.it\/2012\/08\/12\/citazioni-di-scienziati-credenti-cristiani-e-cattolici\/#hutchinson\" target=\"_blank\" rel=\"noreferrer noopener\"><span style=\"color: #0000ff;\">Citazioni<\/span><\/a>)<\/p>\n<p style=\"text-align: justify;\"><span style=\"color: #0000ff;\"><strong><a style=\"color: #0000ff;\" href=\"http:\/\/it.wikipedia.org\/wiki\/Francis_Collins\" target=\"_blank\" rel=\"noreferrer noopener\"><img loading=\"lazy\" decoding=\"async\" class=\" wp-image-54747 alignleft\" src=\"https:\/\/www.rassegnastampa-totustuus.it\/cattolica\/wp-content\/uploads\/2022\/09\/Francis_Collins_genetista_scienza.jpg\" alt=\"\" width=\"129\" height=\"161\" \/>Francis Collins<\/a><\/strong><\/span><em><strong><span style=\"color: #0000ff;\">,<\/span> <span style=\"color: #000000;\">1950, genetista, cristiano<\/span><\/strong><\/em><span style=\"color: #000000;\"> Genetista di fama internazionale, ha guidato il team di ricercatori che ha decifrato il genoma umano. E\u2019 a capo del National Institutes of Health e nel 2009 la Endocrine Society <em><a style=\"color: #000000;\" href=\"http:\/\/www.endo-society.org\/media\/press\/2009\/SocietyLaudsCollinsConfirmation.cfm\" target=\"_blank\" rel=\"noreferrer noopener\">lo ha definito<\/a><\/em> \u201cuno degli scienziati pi\u00f9 riusciti del nostro tempo\u201d. Ha ricevuto un\u2019infinit\u00e0 di premi ed onorificenze e nel 2009 il presidente degli Stati Uniti<\/span> <em><a href=\"http:\/\/www.nsf.gov\/od\/nms\/recip_details.cfm?recip_id=5300000000451\" target=\"_blank\" rel=\"noreferrer noopener\"><span style=\"color: #0000ff;\">gli ha conferito<\/span><\/a><\/em> <span style=\"color: #000000;\">la National Medal of Science. Sempre nel 2009,<\/span> <em><a href=\"http:\/\/it.cathopedia.org\/wiki\/Pontificia_Accademia_delle_Scienze#Membri_dell.27Accademia\" target=\"_blank\" rel=\"noreferrer noopener\"><span style=\"color: #0000ff;\">\u00e8 entrato a far parte<\/span><\/a><\/em> <span style=\"color: #000000;\">della Pontificia Accademia delle Scienze<\/span>. (<a href=\"https:\/\/www.uccronline.it\/2012\/08\/12\/citazioni-di-scienziati-credenti-cristiani-e-cattolici\/#collins\" target=\"_blank\" rel=\"noreferrer noopener\"><span style=\"color: #0000ff;\">Citazioni<\/span><\/a>)<\/p>\n<p style=\"text-align: justify;\"><span style=\"color: #0000ff;\"><strong><a style=\"color: #0000ff;\" href=\"http:\/\/en.wikipedia.org\/wiki\/Amir_Aczel\" target=\"_blank\" rel=\"noreferrer noopener\">Amir D. Aczel<\/a><\/strong><\/span><em><strong><span style=\"color: #0000ff;\">,<\/span> <span style=\"color: #000000;\">1950, matematico, storico della matematica e della scienza, ebreo<\/span><\/strong><\/em><span style=\"color: #000000;\"> Docente di matematica in numerose universit\u00e0 nel mondo, \u00e8 professore di Storia della scienza e Storia della matematica alla Bentley University del Massachusetts. Il suo libro <em>Fermat\u2019s Last Theorem<\/em> \u00e8 stato un bestseller negli Stati Uniti.<\/span> <span style=\"color: #0000ff;\"><em><a style=\"color: #0000ff;\" href=\"https:\/\/www.uccronline.it\/2014\/05\/16\/il-libro-del-matematico-aczel-la-scienza-non-smentisce-dio\/\" target=\"_blank\" rel=\"noreferrer noopener\">Autore di<\/a><\/em><\/span> <em>\u201c<span style=\"color: #000000;\">Why Science Does Not Disprove God\u201d<\/span><\/em><span style=\"color: #000000;\">, \u00e8 credente ed ebreo.<\/span><\/p>\n<p style=\"text-align: justify;\"><strong><span style=\"color: #0000ff;\"><a style=\"color: #0000ff;\" href=\"http:\/\/en.wikipedia.org\/wiki\/John_Lennox\" target=\"_blank\" rel=\"noreferrer noopener\">John Lennox<\/a>,<\/span> <\/strong><span style=\"color: #000000;\"><em><strong>1949, matematico, cristiano<\/strong><\/em> Docente di matematica presso l\u2019Universit\u00e0 di Oxford e Fellow in Matematica, Filosofia della Scienza presso il Green Templeton College of Oxford University<\/span>. (<span style=\"color: #0000ff;\"><a style=\"color: #0000ff;\" href=\"https:\/\/www.uccronline.it\/2012\/08\/12\/citazioni-di-scienziati-credenti-cristiani-e-cattolici\/#lennox\" target=\"_blank\" rel=\"noreferrer noopener\">Citazioni<\/a><\/span>)<\/p>\n<p style=\"text-align: justify;\"><span style=\"color: #0000ff;\"><strong><a style=\"color: #0000ff;\" href=\"http:\/\/it.wikipedia.org\/wiki\/Peter_Agre\" target=\"_blank\" rel=\"noreferrer noopener\"><img loading=\"lazy\" decoding=\"async\" class=\" wp-image-54748 alignleft\" src=\"https:\/\/www.rassegnastampa-totustuus.it\/cattolica\/wp-content\/uploads\/2022\/09\/Peter_Agre_biologo_scienza.jpg\" alt=\"\" width=\"145\" height=\"143\" \/>Peter Agre<\/a>, <\/strong><\/span><span style=\"color: #000000;\"><em><strong>1949, biologo cristiano, Premio Nobel per la chimica<\/strong><\/em> Nel 2003 vinse il Premio Nobel per la scoperta delle acquaporine (canale dell\u2019acqua) presenti sulla membrana cellulare. Nel 2009 \u00e8 diventato il presidente dell\u2019American Association for the Advancement of Science (AAAS), la pi\u00f9 grande organizzazione scientifica americana. Credente e cristiano luterano.<\/span> (<span style=\"color: #0000ff;\"><a style=\"color: #0000ff;\" href=\"http:\/\/www.nndb.com\/people\/868\/000100568\/\" target=\"_blank\" rel=\"noreferrer noopener\">Biografia<\/a><\/span>)\u00a0<\/p>\n<p style=\"text-align: justify;\"><strong><a href=\"http:\/\/en.wikipedia.org\/wiki\/Kenneth_R._Miller\" target=\"_blank\" rel=\"noreferrer noopener\"><span style=\"color: #0000ff;\">Kenneth R. Miller<\/span><\/a><span style=\"color: #0000ff;\">, <\/span><\/strong><span style=\"color: #000000;\"><em><strong>1948, biologo, cattolico<\/strong><\/em> Docente di biologia presso la Brown University, premiato dalla American Society for Cell Biology e dalla American Association for the Advancement of Science (AAAS) per il suo importante contributo pubblico all\u2019insegnamento dell\u2019evoluzione negli Stati Uniti. Credente e cattolico, ha pi\u00f9 volte difeso il rapporto tra scienza, fede ed evoluzione opponendosi a creazionisti e scettici<\/span>. (<a href=\"https:\/\/www.uccronline.it\/2012\/08\/12\/citazioni-di-scienziati-credenti-cristiani-e-cattolici\/#miller\" target=\"_blank\" rel=\"noreferrer noopener\"><span style=\"color: #0000ff;\">Citazioni<\/span><\/a>)<\/p>\n<p style=\"text-align: justify;\"><strong><a href=\"http:\/\/en.wikipedia.org\/wiki\/William_Daniel_Phillips\" target=\"_blank\" rel=\"noreferrer noopener\"><span style=\"color: #0000ff;\">William D. Phillips<\/span><\/a><span style=\"color: #0000ff;\">, <\/span><\/strong><span style=\"color: #000000;\"><em><strong>1948, fisico cristiano, Premio Nobel per la fisica<\/strong><\/em> Vinse il premio Nobel per la fisica nel 1997, per \u00ab<em>lo sviluppo di metodi per raffreddare e cattuare gli atomi tramite laser<\/em>\u00bb. Cristiano metodista, \u00e8 tra i fondatori dell\u2019<em>International Society for Science &amp; Religion<\/em><\/span>. (<a href=\"https:\/\/www.uccronline.it\/2012\/08\/12\/citazioni-di-scienziati-credenti-cristiani-e-cattolici\/#phillips\" target=\"_blank\" rel=\"noreferrer noopener\"><span style=\"color: #0000ff;\">Citazion<\/span>i<\/a>)<\/p>\n<p style=\"text-align: justify;\"><span style=\"color: #0000ff;\"><strong><a style=\"color: #0000ff;\" href=\"http:\/\/en.wikipedia.org\/wiki\/David_H._Bailey\" target=\"_blank\" rel=\"noreferrer noopener\"><img loading=\"lazy\" decoding=\"async\" class=\" wp-image-54749 alignleft\" src=\"https:\/\/www.rassegnastampa-totustuus.it\/cattolica\/wp-content\/uploads\/2022\/09\/David_H.-Bailey_matematico_scienza.jpg\" alt=\"\" width=\"143\" height=\"215\" \/>David H. Bailey<\/a>, <\/strong><\/span><span style=\"color: #000000;\"><strong><em>1948, matematico e informatico, cristiano<\/em> <\/strong>Ha lavorato per 14 anni come informatico presso il NASA Ames Research Center, dal 1998 \u00e8 stato al Lawrence Berkeley National Laboratory. Ha ricevuto il Sidney Fernbach award from the IEEE Computer Society e il Chauvenet Prize and the Hasse Prize da parte della Mathematical Association of America. Ha scritto molto su scienza e religione, \u00e8 affiliato alla Chiesa mormone.<\/span><\/p>\n<p style=\"text-align: justify;\"><span style=\"color: #0000ff;\"><strong><a style=\"color: #0000ff;\" href=\"https:\/\/en.wikipedia.org\/wiki\/Don_Page_(physicist)\" target=\"_blank\" rel=\"noreferrer noopener\">Donald Page<\/a>, <\/strong><\/span><span style=\"color: #000000;\"><em><strong>1948, fisco, cristiano<\/strong><\/em> Uno dei maggiori esperti mondiali di fisica gravitazionale teorica e di cosmologia quantistica, stretto collaboratore di Stephen Hawking, \u00e8 docente di Fisica teoretica presso l\u2019University of Alberta (Canada). Devoto cristiano, ama spiegare pubblicamente le ragioni della sua fede e si interessa alle dimostrazioni filosofiche di Dio.<\/span> (<a href=\"https:\/\/www.uccronline.it\/2012\/08\/12\/citazioni-di-scienziati-credenti-cristiani-e-cattolici\/#page\" target=\"_blank\" rel=\"noreferrer noopener\"><span style=\"color: #0000ff;\">Citazion<\/span>i<\/a>)<\/p>\n<p style=\"text-align: justify;\"><span style=\"color: #0000ff;\"><strong><a style=\"color: #0000ff;\" href=\"http:\/\/en.wikipedia.org\/wiki\/Frank_J._Tipler\" target=\"_blank\" rel=\"noreferrer noopener\">Frank Tipler<\/a><\/strong><\/span><em><strong><span style=\"color: #0000ff;\">,<\/span> <span style=\"color: #000000;\">1947, fisico, cristiano<\/span><\/strong><\/em><span style=\"color: #000000;\"> Docente di fisica matematica alla Tulane University di New Orleans, noto e discusso divulgatore scientifico<\/span>. (<a href=\"https:\/\/www.uccronline.it\/2012\/08\/12\/citazioni-di-scienziati-credenti-cristiani-e-cattolici\/#tipler\" target=\"_blank\" rel=\"noreferrer noopener\"><span style=\"color: #0000ff;\">Citazioni<\/span><\/a>)<\/p>\n<p style=\"text-align: justify;\"><span style=\"color: #0000ff;\"><strong><a style=\"color: #0000ff;\" href=\"http:\/\/en.wikipedia.org\/wiki\/Aaron_Ciechanover\" target=\"_blank\" rel=\"noreferrer noopener\">Aaron Ciechanover<\/a><\/strong><\/span><em><strong><span style=\"color: #0000ff;\">,<\/span> <span style=\"color: #000000;\">1947, Biologo ebreo e Premio Nobel per la chimica<\/span><\/strong><\/em><span style=\"color: #000000;\"> Nel 2004 riceve il Nobel per la scoperta della degradazione delle proteine ubiquitina-dipendente. E\u2019 professore nell\u2019Unit of Biochemistry, Direttore del Rappaport Family Institute for Research in Medical Sciences del Technion, della Israel Academy of Sciences and Humanities, dell\u2019United States National Academy of Sciences e della Pontificia Accademia delle scienze. Credente, \u00e8 di religione ebraica<\/span>. (<span style=\"color: #0000ff;\"><a style=\"color: #0000ff;\" href=\"http:\/\/www.nndb.com\/people\/051\/000140628\/\" target=\"_blank\" rel=\"noreferrer noopener\">Biografia<\/a> | <\/span><a href=\"https:\/\/www.uccronline.it\/2012\/08\/12\/citazioni-di-scienziati-credenti-cristiani-e-cattolici\/#ciechanover\" target=\"_blank\" rel=\"noreferrer noopener\"><span style=\"color: #0000ff;\">Citazioni<\/span><\/a>).<\/p>\n<p style=\"text-align: justify;\"><span style=\"color: #0000ff;\"><strong><a style=\"color: #0000ff;\" href=\"http:\/\/en.wikipedia.org\/wiki\/Joan_Roughgarden\">Joan Roughgarden<\/a>, <\/strong><\/span><span style=\"color: #000000;\"><em><strong>1946, biologo evoluzionista, cattolico<\/strong><\/em> Docente presso la Stanford University, dove ha fondato e diretto l\u2019Earth Systems Program at Stanford, dal 2011 insegna presso l\u2019Hawai Institute of Marine Biology. Credente e cattolico, ha scritto un libro intitolato <em>\u201cEvolution and Christian Faith: Reflections of an Evolutionary Biologist\u201d<\/em> (Island Press 2006) ed \u00e8 membro della St. Gregory of Nyssa Episcopal Church in San Francisco.<\/span> (<a href=\"http:\/\/www.fccb.org\/programs\/details.php?eventID=190\" target=\"_blank\" rel=\"noreferrer noopener\"><span style=\"color: #0000ff;\">Biografia<\/span><\/a><span style=\"color: #0000ff;\"> | <a style=\"color: #0000ff;\" href=\"https:\/\/www.uccronline.it\/2012\/08\/12\/citazioni-di-scienziati-credenti-cristiani-e-cattolici\/#roughgarden\" target=\"_blank\" rel=\"noreferrer noopener\">Citazioni<\/a><\/span>).<\/p>\n<p style=\"text-align: justify;\"><span style=\"color: #0000ff;\"><strong><a style=\"color: #0000ff;\" href=\"http:\/\/en.wikipedia.org\/wiki\/Paul_Davies\"><img loading=\"lazy\" decoding=\"async\" class=\" wp-image-54751 alignleft\" src=\"https:\/\/www.rassegnastampa-totustuus.it\/cattolica\/wp-content\/uploads\/2022\/09\/Paul_Davies_fisico_scienza.jpg\" alt=\"\" width=\"157\" height=\"128\" \/>Paul Davies<\/a>, <\/strong><\/span><span style=\"color: #000000;\"><em><strong>1946, fisico e divulgatore scientifico, deista<\/strong><\/em> Tra i pi\u00f9 importanti fisici viventi, \u00e8 particolarmente famoso per i suoi studi di cosmologia e di esobiologia. \u00c8 titolare della cattedra di Natural Philosophy presso l\u2019Australian Centre for Astrobiology della Macquarie University a Sydney. Ha ricevuto nel 1995 il Premio Templeton, assegnato annualmente alle personalit\u00e0 che hanno dato particolari contributi nell\u2019ambito della religione o della spiritualit\u00e0. Si \u00e8 convertito dall\u2019ateismo al deismo grazie alle sue ricerche scientifiche<\/span>. (<a href=\"https:\/\/www.uccronline.it\/2012\/08\/12\/citazioni-di-scienziati-credenti-cristiani-e-cattolici\/#davies\" target=\"_blank\" rel=\"noreferrer noopener\"><span style=\"color: #0000ff;\">Citazioni<\/span><\/a>)<\/p>\n<p style=\"text-align: justify;\"><span style=\"color: #0000ff;\"><strong><a style=\"color: #0000ff;\" href=\"http:\/\/en.wikipedia.org\/wiki\/Robert_T._Bakker\">Robert Thomas Bakker<\/a>, <\/strong><\/span><span style=\"color: #000000;\"><em><strong>1945, paleontologo, cristiano<\/strong><\/em> Ha contribuito a rimodellare le moderne teorie circa i dinosauri, in particolare aggiungendo supporti alla teoria che alcuni dinosauri erano endotermici. E\u2019 stato tra i consulenti per il film Jurassic Park, attualmente \u00e8 curatore di paleontologia per lo Houston Museum of Natural Science. Cristiano, \u00e8 pi\u00f9 volte intervenuto contro una comprensione letterale del libro della Genesi.<\/span> (<a href=\"http:\/\/cspearce.net\/pdf\/bakker-paleontologist.pdf\" target=\"_blank\" rel=\"noreferrer noopener\"><span style=\"color: #0000ff;\">Biografia<\/span><\/a>)<\/p>\n<p style=\"text-align: justify;\"><strong><span style=\"color: #0000ff;\"><a style=\"color: #0000ff;\" href=\"http:\/\/en.wikipedia.org\/wiki\/Alexander_Markovich_Polyakov\"><img loading=\"lazy\" decoding=\"async\" class=\" wp-image-54753 alignleft\" src=\"https:\/\/www.rassegnastampa-totustuus.it\/cattolica\/wp-content\/uploads\/2022\/09\/Alexander_Markovich_Polyakov_fisico_scienza.jpg\" alt=\"\" width=\"127\" height=\"169\" \/>Alexander Markovich Polyakov<\/a>,<\/span> <\/strong><span style=\"color: #000000;\"><em><strong>1945, fisico teorico, cristiano<\/strong><\/em> Docente di fisica all\u2019Universit\u00e0 di Princeton, \u00e8 noto per una serie di contributi di base alla teoria quantistica dei campi. Vincitore del Lars Onsager prize (2011), del Harvey Prize (2010), della Dirac Medal e del Dannie Heineman Prize for Mathematical Physics (1986). Credente e cristiano di fede ortodossa<\/span>. (<span style=\"color: #0000ff;\"><a style=\"color: #0000ff;\" href=\"https:\/\/www.uccronline.it\/2012\/08\/12\/citazioni-di-scienziati-credenti-cristiani-e-cattolici\/#polyakov\" target=\"_blank\" rel=\"noreferrer noopener\">Citazioni<\/a>)<\/span>\u00a0<\/p>\n<p style=\"text-align: justify;\"><span style=\"color: #0000ff;\"><strong><a style=\"color: #0000ff;\" href=\"http:\/\/it.wikipedia.org\/wiki\/Antonio_Ambrosetti\" target=\"_blank\" rel=\"noreferrer noopener\"><img loading=\"lazy\" decoding=\"async\" class=\" wp-image-54754 alignleft\" src=\"https:\/\/www.rassegnastampa-totustuus.it\/cattolica\/wp-content\/uploads\/2022\/09\/Antonio_Ambrosetti_matematico_scienza.jpg\" alt=\"\" width=\"122\" height=\"138\" \/>Antonio Ambrosetti<\/a><\/strong><\/span><em><strong><span style=\"color: #0000ff;\">,<\/span> <span style=\"color: #000000;\">1944, matematico cattolico<\/span><\/strong><\/em><span style=\"color: #000000;\"> Professore ordinario di Analisi matematica presso la Scuola Internazionale Superiore di Studi Avanzati di Trieste, ha insegnato alla Normale di Pisa, alla Universit\u00e0 di Bologna, alla Rutgers University e al Politecnico Federale di Zurigo ETH. E\u2019 socio dell\u2019 Accademia Nazionale dei Lincei, ha vinto il Premio Caccioppoli per la Matematica e ha ricoperto la prestigiosa Cattedra Lagrange a Parigi. E\u2019 stato anche membro del Comitato Direttivo dell\u2019Istituto Nazionale di Alta Matematica. Cattolico.<\/span> (<span style=\"color: #0000ff;\"><a style=\"color: #0000ff;\" href=\"http:\/\/www.ibs.it\/code\/9788871808161\/ambrosetti-antonio\/matematica-esistenza-dio.html\" target=\"_blank\" rel=\"noreferrer noopener\">Libri<\/a> | <a style=\"color: #0000ff;\" href=\"https:\/\/www.uccronline.it\/2012\/08\/12\/citazioni-di-scienziati-credenti-cristiani-e-cattolici\/#ambrosetti\" target=\"_blank\" rel=\"noreferrer noopener\">Citazioni<\/a>)<\/span><\/p>\n<p style=\"text-align: justify;\"><strong><span style=\"color: #0000ff;\"><a style=\"color: #0000ff;\" href=\"http:\/\/en.wikipedia.org\/wiki\/Henry_F._Schaefer,_III\" target=\"_blank\" rel=\"noreferrer noopener\">Henry \u201cFritz\u201d Schaefer III<\/a>, <\/span><span style=\"color: #000000;\"><em>1944, chimico teorico e computazionale, cristiano<\/em><\/span><\/strong><span style=\"color: #000000;\">. E\u2019autore di un gran numero di pubblicazioni scientifiche ed \u00e8 stato il sesto chimico pi\u00f9 citato tra il 1981 e 1997. E\u2019 docente e direttore del Centro per la Chimica Computazionale presso la University of Georgia. Membro dell\u2019International Academy of Quantum Molecular Science, della American Academy of Arts and Sciences e per lungo tempo \u00e8 stato il presidente della WATOC (World Association of Theoretical and Computational Chemists). Vincitore di numerosi premi, \u00e8 simpatizzante del movimento \u201cIntelligent Design\u201d. Credente e cristiano.<\/span> (<a href=\"https:\/\/www.uccronline.it\/2012\/08\/12\/citazioni-di-scienziati-credenti-cristiani-e-cattolici\/#schafer\" target=\"_blank\" rel=\"noreferrer noopener\"><span style=\"color: #0000ff;\">Citazion<\/span>i<\/a>)\u00a0<\/p>\n<p style=\"text-align: justify;\"><strong><span style=\"color: #0000ff;\"><a style=\"color: #0000ff;\" href=\"http:\/\/en.wikipedia.org\/wiki\/Christopher_Isham\" target=\"_blank\" rel=\"noreferrer noopener\"><img loading=\"lazy\" decoding=\"async\" class=\" wp-image-54755 alignleft\" src=\"https:\/\/www.rassegnastampa-totustuus.it\/cattolica\/wp-content\/uploads\/2022\/09\/Christopher_Isham_fisico_scienza.jpg\" alt=\"\" width=\"150\" height=\"150\" srcset=\"https:\/\/www.rassegnastampa-totustuus.it\/cattolica\/wp-content\/uploads\/2022\/09\/Christopher_Isham_fisico_scienza.jpg 224w, https:\/\/www.rassegnastampa-totustuus.it\/cattolica\/wp-content\/uploads\/2022\/09\/Christopher_Isham_fisico_scienza-150x150.jpg 150w\" sizes=\"auto, (max-width: 150px) 100vw, 150px\" \/>Christopher Isham<\/a>,<\/span> <span style=\"color: #000000;\"><em>1944, fisico teorico, cristiano<\/em><\/span><\/strong><span style=\"color: #000000;\"> Docente presso l\u2019Imperial College di Londra, si interessa di gravit\u00e0 quantistica ed \u00e8 stato l\u2019inventore di un approccio alla logica temporale quantistica chiamato \u201cformalismo HPO\u201d. Il fisico Paul Davies lo ha definito \u201cil pi\u00f9 grande esperto di gravit\u00e0 quantistica della Gran Bretagna\u201d. Credente e cristiano praticante, Isham ha scritto molto sui rapporti tra filosofia, teologia e fisica.<\/span> (<a href=\"https:\/\/www.uccronline.it\/2012\/08\/12\/citazioni-di-scienziati-credenti-cristiani-e-cattolici\/#isham\" target=\"_blank\" rel=\"noreferrer noopener\"><span style=\"color: #0000ff;\">Citazioni<\/span><\/a>)<\/p>\n<p style=\"text-align: justify;\"><span style=\"color: #0000ff;\"><strong><a style=\"color: #0000ff;\" href=\"http:\/\/en.wikipedia.org\/wiki\/Mario_J._Molina\" target=\"_blank\" rel=\"noreferrer noopener\">Mario Molina<\/a><\/strong><\/span><em><strong><span style=\"color: #0000ff;\">,<\/span> <span style=\"color: #000000;\">1943, chimico cattolico e Premio Nobel per la chimica<\/span><\/strong><\/em><span style=\"color: #000000;\"> E\u2019 uno dei pi\u00f9 importanti precursori per la scoperta del buco dell\u2019ozono sopra l\u2019Antartide. Vinse il premio Nobel per il <em>\u00ablavoro sulla chimica dell\u2019atmosfera, e in particolare sulla formazione e sulla decomposizione dell\u2019ozono\u00bb<\/em>. Nel 1997 \u00e8 stato nominato MIT Institute Professor, il pi\u00f9 alto titolo presso il Massachusetts Institute of Technology. Membro delle pi\u00f9 importanti accademie della Scienza, fa parte anche della Pontificia Accademia delle scienze. Credente e cattolico.<\/span><\/p>\n<p style=\"text-align: justify;\"><strong><span style=\"color: #0000ff;\"><a style=\"color: #0000ff;\" href=\"http:\/\/en.wikipedia.org\/wiki\/Richard_Smalley\" target=\"_blank\" rel=\"noreferrer noopener\">Richard Errett Smalley<\/a>,<\/span> <span style=\"color: #000000;\"><em>1943, chimico e premio Nobel, cristiano<\/em><\/span><\/strong><span style=\"color: #000000;\"> Professore di chimica all\u2019Universit\u00e0 Rice, \u00e8 stato premiato con il Premio Nobel per la chimica nel 1996 per la scoperta del fullerene. E\u2019 stato uno dei principali sostenitori delle nanotecnologie. Scettico verso la religione per la maggior parte della sua vita, Smalley \u00e8 diventato cristiano poco prima della sua morte.<\/span> (<span style=\"color: #0000ff;\"><a style=\"color: #0000ff;\" href=\"https:\/\/www.uccronline.it\/2012\/08\/12\/citazioni-di-scienziati-credenti-cristiani-e-cattolici\/#smalley\" target=\"_blank\" rel=\"noreferrer noopener\">Citazioni<\/a><\/span>).<\/p>\n<p style=\"text-align: justify;\"><strong><a href=\"http:\/\/en.wikipedia.org\/wiki\/Eric_Priest\" target=\"_blank\" rel=\"noreferrer noopener\"><span style=\"color: #0000ff;\"><img loading=\"lazy\" decoding=\"async\" class=\" wp-image-54756 alignleft\" src=\"https:\/\/www.rassegnastampa-totustuus.it\/cattolica\/wp-content\/uploads\/2022\/09\/Eric_R.-Priest_matematico_scienza.jpg\" alt=\"\" width=\"152\" height=\"152\" srcset=\"https:\/\/www.rassegnastampa-totustuus.it\/cattolica\/wp-content\/uploads\/2022\/09\/Eric_R.-Priest_matematico_scienza.jpg 225w, https:\/\/www.rassegnastampa-totustuus.it\/cattolica\/wp-content\/uploads\/2022\/09\/Eric_R.-Priest_matematico_scienza-150x150.jpg 150w\" sizes=\"auto, (max-width: 152px) 100vw, 152px\" \/>Eric R. Priest<\/span><\/a><span style=\"color: #0000ff;\">,<\/span> <span style=\"color: #000000;\"><em>1943, matematico, cristiano<\/em><\/span><\/strong><span style=\"color: #000000;\"> Titolare della cattedra di Matematica presso la St. Andrews University \u00e8 un\u2019autorit\u00e0 riconosciuta nella magnetoidrodinamica solare, ha vinto il Hale Prize della American Astronomical Society (2002) ed \u00e8 stato eletto Fellow della Royal Society nello stesso anno. Credente e cristiano di fede anglicana.<\/span> (<a href=\"https:\/\/www.uccronline.it\/2012\/08\/12\/citazioni-di-scienziati-credenti-cristiani-e-cattolici\/#priest\" target=\"_blank\" rel=\"noreferrer noopener\"><span style=\"color: #0000ff;\">Citazioni<\/span><\/a>).<\/p>\n<p style=\"text-align: justify;\"><strong><span style=\"color: #0000ff;\"><a style=\"color: #0000ff;\" href=\"http:\/\/www.meetingrimini.org\/default.asp?id=673&amp;m=partecipanti&amp;value=1371\" target=\"_blank\" rel=\"noreferrer noopener\"><img loading=\"lazy\" decoding=\"async\" class=\" wp-image-54757 alignleft\" src=\"https:\/\/www.rassegnastampa-totustuus.it\/cattolica\/wp-content\/uploads\/2022\/09\/Duccio_Macchetto_astrofisica_scienza-168x300.jpg\" alt=\"\" width=\"102\" height=\"182\" \/>Duccio Macchetto<\/a><\/span>, <\/strong><span style=\"color: #000000;\"><em><strong>1942, astrofisico, cattolico<\/strong><\/em> Direttore scientifico del telescopio Hubble e Astronomo Emeritus presso lo Space Telescope Science Institute (STScI), \u00e8 autore di pi\u00f9 di 400 pubblicazioni scientifiche e tecniche e membro delle principali societ\u00e0 scientifiche occidentali. Credente e cattolico.<\/span> (<a href=\"https:\/\/www.uccronline.it\/2012\/08\/12\/citazioni-di-scienziati-credenti-cristiani-e-cattolici\/#macchetto\" target=\"_blank\" rel=\"noreferrer noopener\"><span style=\"color: #0000ff;\">Citazioni<\/span><\/a>).<\/p>\n<p style=\"text-align: justify;\"><span style=\"color: #0000ff;\"><strong><a style=\"color: #0000ff;\" href=\"http:\/\/en.wikipedia.org\/wiki\/John_Suppe\" target=\"_blank\" rel=\"noreferrer noopener\">John Suppe<\/a>, <\/strong><\/span><span style=\"color: #000000;\"><em><strong>1942, geologo, cattolico<\/strong><\/em> Docente di geologia presso la National Taiwan University e la Princeton University, noto in particolare per il suo vasto lavoro sulla formazione di catene montuose, vincitore del Best Publication Award in Structural Geology and Tectonics e del Career Contribution Award da parte della Geological Society of America. Credente e cattolico.<\/span> (<a href=\"https:\/\/www.uccronline.it\/2012\/08\/12\/citazioni-di-scienziati-credenti-cristiani-e-cattolici\/#suppe\" target=\"_blank\" rel=\"noreferrer noopener\"><span style=\"color: #0000ff;\">Citazioni<\/span><\/a>).<\/p>\n<p style=\"text-align: justify;\"><strong><span style=\"color: #0000ff;\"><a style=\"color: #0000ff;\" href=\"http:\/\/en.wikipedia.org\/wiki\/Gerald_Schroeder\" target=\"_blank\" rel=\"noreferrer noopener\">Gerald Schroeder<\/a>,<\/span> <\/strong><span style=\"color: #000000;\"><em><strong>1941, fisico ebreo<\/strong><\/em> Professore in diversi istituti scientifici, ha lavorato al dipartimento di fisica nucleare del Massachusetts Institute of Technology, al Weizmann Institute of Science e al Volcani Research Institute. E\u2019 stato membro dell\u2019United States Atomic Energy Commission e consulente di vari governi internazionali. Negli ultimi anni si \u00e8 occupato notevolmente del rapporto tra scienza e fede,<\/span> <span style=\"color: #0000ff;\"><a style=\"color: #0000ff;\" href=\"http:\/\/www.latimes.com\/news\/obituaries\/la-me-antony-flew15-2010apr15,0,4059881.story\" target=\"_blank\" rel=\"noreferrer noopener\">contribuendo alla conversione deista<\/a> <\/span><span style=\"color: #000000;\">del noto paladino dell\u2019ateismo scientifico Antony Flew. Di religione ebraica, sostiene l\u2019evoluzione teista<\/span>. (<a href=\"https:\/\/www.uccronline.it\/2012\/08\/12\/citazioni-di-scienziati-credenti-cristiani-e-cattolici\/#schroeder\" target=\"_blank\" rel=\"noreferrer noopener\"><span style=\"color: #0000ff;\">Citazioni<\/span><\/a>).<\/p>\n<p style=\"text-align: justify;\"><strong><span style=\"color: #0000ff;\"><a style=\"color: #0000ff;\" href=\"http:\/\/en.wikipedia.org\/wiki\/Joseph_Hooton_Taylor,_Jr.\" target=\"_blank\" rel=\"noreferrer noopener\"><img loading=\"lazy\" decoding=\"async\" class=\" wp-image-54758 alignleft\" src=\"https:\/\/www.rassegnastampa-totustuus.it\/cattolica\/wp-content\/uploads\/2022\/09\/Joseph_Hooton_Taylor-Jr_scienza.jpg\" alt=\"\" width=\"145\" height=\"218\" \/>Joseph Hooton Taylor Jr.<\/a><\/span>, <\/strong><span style=\"color: #000000;\"><em><strong>1941, fisico e premio Nobel, cristiano<\/strong><\/em> Gi\u00e0 direttore della Five College Radio Astronomical Observatory (FCRAO), scopr\u00ec la pulsar binaria PSR 1913+16 per la quale vinse il Nobel per la fisica nel 1993. Dal 1980 fu docente di fisica presso l\u2019universit\u00e0 di Princeton. Credente e cristiano<\/span>. (<span style=\"color: #0000ff;\"><a style=\"color: #0000ff;\" href=\"http:\/\/2012daily.com\/?q=node\/121\" target=\"_blank\" rel=\"noreferrer noopener\">Biografia<\/a> | <\/span><a href=\"https:\/\/www.uccronline.it\/2012\/08\/12\/citazioni-di-scienziati-credenti-cristiani-e-cattolici\/#taylor\" target=\"_blank\" rel=\"noreferrer noopener\"><span style=\"color: #0000ff;\">Citazioni<\/span><\/a>).<\/p>\n<p style=\"text-align: justify;\"><span style=\"color: #0000ff;\"><strong><a style=\"color: #0000ff;\" href=\"http:\/\/en.wikipedia.org\/wiki\/Colin_Humphreys\" target=\"_blank\" rel=\"noreferrer noopener\">Colin John Humphreys<\/a>, <\/strong><\/span><span style=\"color: #000000;\"><em><strong>1941, fisico, cristiano<\/strong><\/em> Direttore di Ricerca presso la Cambridge University, docente di Experimental Physics \u00a0presso la Royal Institution a Londra e Fellow del Selwyn College di Cambridge. E\u2019 stato presidente dell\u2019Institute of Materials, Minerals and Mining nel 2002 e 2003 ed \u00e8 membro della John Templeton Foundation. Credente e cristiano battista, ha scritto il libro <em>\u201cThe Mystery of the Last Supper\u201d<\/em> (Cambridge University Press 2011) in cui ha usando un ragionamento scientifico per analizzare gli ultimi giorni di Ges\u00f9, conciliare i racconti evangelici contrastanti con le prove scientifiche e svelare la data esatta del Cenacolo in una nuova timeline della Settimana Santa.<\/span> (<a href=\"https:\/\/www.uccronline.it\/2012\/08\/12\/citazioni-di-scienziati-credenti-cristiani-e-cattolici\/#humphreys\" target=\"_blank\" rel=\"noreferrer noopener\"><span style=\"color: #0000ff;\">Citazioni<\/span><\/a>)\u00a0<\/p>\n<p style=\"text-align: justify;\"><strong><a href=\"http:\/\/it.wikipedia.org\/wiki\/Enrico_Bombieri\" target=\"_blank\" rel=\"noreferrer noopener\"><span style=\"color: #0000ff;\"><img loading=\"lazy\" decoding=\"async\" class=\" wp-image-54759 alignleft\" src=\"https:\/\/www.rassegnastampa-totustuus.it\/cattolica\/wp-content\/uploads\/2022\/09\/Enrico_Bombieri_matematico_scienza.jpg\" alt=\"\" width=\"139\" height=\"139\" srcset=\"https:\/\/www.rassegnastampa-totustuus.it\/cattolica\/wp-content\/uploads\/2022\/09\/Enrico_Bombieri_matematico_scienza.jpg 225w, https:\/\/www.rassegnastampa-totustuus.it\/cattolica\/wp-content\/uploads\/2022\/09\/Enrico_Bombieri_matematico_scienza-150x150.jpg 150w\" sizes=\"auto, (max-width: 139px) 100vw, 139px\" \/>Enrico Bombieri<\/span><\/a><span style=\"color: #0000ff;\">, <\/span><\/strong><span style=\"color: #000000;\"><em><strong>1940, matematico, medaglia Fields, cattolico<\/strong><\/em> E\u2019 l\u2019unico italiano a vincere la medaglia Fields, nel 1974. Dal 1996 membro della United States National Academy of Sciences, membro dell\u2019Accademia delle scienze francese dal 1980, Bombieri si \u00e8 distinto nei pi\u00f9 svariati campi, dalla teoria dei numeri alla geometria algebrica passando per la teoria dei gruppi finiti e per l\u2019analisi matematica. \u00c8 membro dell\u2019Accademia Nazionale dei Lincei. E\u2019 professore emerito nella School of Mathematics presso l\u2019Institute for Advanced Study a Princeton, nel New Jersey. Credente e cattolico<\/span>. (<a href=\"https:\/\/www.uccronline.it\/2012\/08\/12\/citazioni-di-scienziati-credenti-cristiani-e-cattolici\/#bombieri\" target=\"_blank\" rel=\"noreferrer noopener\"><span style=\"color: #0000ff;\">Citazioni<\/span><\/a>)<\/p>\n<p style=\"text-align: justify;\"><strong><span style=\"color: #0000ff;\"><a style=\"color: #0000ff;\" href=\"https:\/\/en.wikipedia.org\/wiki\/Howard_Alan_Smith\" target=\"_blank\" rel=\"noreferrer noopener\">Howard Alan Smith<\/a><\/span>, <\/strong><span style=\"color: #000000;\"><em><strong>astrofisico, ebreo<\/strong><\/em> Docente di Astronomia presso l\u2019Universit\u00e0 di Harvard, collabora con l\u2019Harvard-Smithsonian Center for Astrophysics di Cambridge (Massachusetts). Ha all\u2019attivo centinaia di pubblicazioni scientifiche ed \u00e8 stato riconosciuto dall\u2019Universit\u00e0 di Harvard per l\u2019eccellenza nell\u2019insegnamento. E\u2019 ebreo osservante e attivo nel dialogo tra scienza e religione<\/span>. (<a href=\"https:\/\/www.uccronline.it\/2012\/08\/12\/citazioni-di-scienziati-credenti-cristiani-e-cattolici\/#smith\" target=\"_blank\" rel=\"noreferrer noopener\"><span style=\"color: #0000ff;\">Citazioni<\/span><\/a>)<\/p>\n<p style=\"text-align: justify;\"><strong><a href=\"http:\/\/en.wikipedia.org\/wiki\/George_Ellis\" target=\"_blank\" rel=\"noreferrer noopener\"><span style=\"color: #0000ff;\">George Francis Rayner Ellis<\/span><\/a>, <\/strong><span style=\"color: #000000;\"><em><strong>1939, cosmologo, matematico e filosofo cristiano<\/strong><\/em> Professore emerito di Sistemi Complessi presso l\u2019University of Cape Town in Sudafrica, \u00e8 considerato uno dei principali teorici del mondo in cosmologia. Co-autore del celebre <em>\u201cThe Large Scale Structure of Space-Time\u201d<\/em>, scritto con l\u2019astrofisico Stephen Hawking, ha vinto il Templeton Prize. Dal 1989 al 1992 \u00e8 stato Presidente dell\u2019International Society on General Relativity and Gravitation. In passato ha anche presieduto l\u2019International Society for Science and Religion. Membro della Royal Society britannica, \u00e8 cristiano quacchero.<\/span> (<a href=\"https:\/\/www.uccronline.it\/2012\/08\/12\/citazioni-di-scienziati-credenti-cristiani-e-cattolici\/#ellis\" target=\"_blank\" rel=\"noreferrer noopener\"><span style=\"color: #0000ff;\">Citazioni<\/span><\/a>)<\/p>\n<p style=\"text-align: justify;\"><span style=\"color: #0000ff;\"><strong><a style=\"color: #0000ff;\" href=\"http:\/\/en.wikipedia.org\/wiki\/Stuart_Kauffman\"><img loading=\"lazy\" decoding=\"async\" class=\" wp-image-54760 alignleft\" src=\"https:\/\/www.rassegnastampa-totustuus.it\/cattolica\/wp-content\/uploads\/2022\/09\/Stuart_Kauffman_biologo_scienza.jpg\" alt=\"\" width=\"164\" height=\"178\" \/>Stuart Kauffman<\/a>, <\/strong><\/span><span style=\"color: #000000;\"><em><strong>1939, biologo teorico, cristiano<\/strong><\/em> Noto per gli studi sui sistemi complessi e della loro relazione con l\u2019origine della vita sulla Terra. Credente, i suoi testi sono spesso accompagnati da riflessioni sulla Genesi e sulla Creazione cristiana<\/span>. (<a href=\"https:\/\/www.uccronline.it\/2012\/08\/12\/citazioni-di-scienziati-credenti-cristiani-e-cattolici\/#kauffman\" target=\"_blank\" rel=\"noreferrer noopener\"><span style=\"color: #0000ff;\">Citazioni<\/span><\/a>)<\/p>\n<p style=\"text-align: justify;\"><span style=\"color: #0000ff;\"><strong><a style=\"color: #0000ff;\" href=\"http:\/\/en.wikipedia.org\/wiki\/Peter_Gr%C3%BCnberg\">Peter Andreas Gr\u00fcnberg<\/a><\/strong><\/span><em><strong><span style=\"color: #0000ff;\">,<\/span> <span style=\"color: #000000;\">1939, fisico e premio Nobel, cattolico<\/span><\/strong><\/em><span style=\"color: #000000;\"> Premio Nobel per la Fisica 2007 per la scoperta della magnetoresistenza gigante che ha portato a grandi progressi tecnologici. Ha anche vinto il Premio Wolf, il Premio del Giappone 2007 e nel 2006 \u00e8 stato nominato Inventore europeo dell\u2019anno. Credente e cattolico.<\/span> (<span style=\"color: #0000ff;\"><a style=\"color: #0000ff;\" href=\"http:\/\/nobelprize.org\/nobel_prizes\/physics\/laureates\/2007\/grunberg.html\">Biografia<\/a> | <\/span><a href=\"https:\/\/www.uccronline.it\/2012\/08\/12\/citazioni-di-scienziati-credenti-cristiani-e-cattolici\/#grunberg\" target=\"_blank\" rel=\"noreferrer noopener\"><span style=\"color: #0000ff;\">Citazioni<\/span><\/a>)<\/p>\n<p style=\"text-align: justify;\"><span style=\"color: #0000ff;\"><strong><a style=\"color: #0000ff;\" href=\"http:\/\/en.wikipedia.org\/wiki\/Donald_E._Knuth\" target=\"_blank\" rel=\"noreferrer noopener\">Donald Ervin Knuth<\/a><\/strong><\/span><em><strong><span style=\"color: #0000ff;\">,<\/span> <span style=\"color: #000000;\">1938, informatico e matematico, cristiano<\/span><\/strong><\/em><span style=\"color: #000000;\"> Rinomato studioso e professore emerito presso la Stanford University. E\u2019 l\u2019autore dell\u2019opera in pi\u00f9 volumi \u201cL\u2019arte della programmazione\u201d, uno dei pi\u00f9 importanti e maggiormente citati libri nel campo dell\u2019informatica. Knuth ha praticamente creato il campo dell\u2019analisi rigorosa degli algoritmi e dato fondamentali contributi in svariati rami dell\u2019informatica teorica. \u00c8 il creatore del TEX, il sistema di composizione, del METAFONT, sistema per definire i font vettoriali. Cristiano luterano, \u00e8 autore di diversi libri, come<\/span> <em>\u201c<a href=\"http:\/\/en.wikipedia.org\/wiki\/Things_a_Computer_Scientist_Rarely_Talks_About\" target=\"_blank\" rel=\"noreferrer noopener\"><span style=\"color: #0000ff;\">Things a Computer Scientist Rarely Talks About<\/span><\/a><\/em>\u201c, <span style=\"color: #000000;\">in cui affronta approfonditamente l\u2019argomento tra scienza e fede<\/span>. (<span style=\"color: #0000ff;\"><a style=\"color: #0000ff;\" href=\"http:\/\/www.nndb.com\/people\/571\/000023502\/\">Biografia<\/a> | <\/span><a href=\"http:\/\/search.barnesandnoble.com\/Things-a-Computer-Scientist-Rarely-Talks-About\/Donald-Ervin-Knuth\/e\/9781575863276\"><span style=\"color: #0000ff;\">Libri<\/span><\/a>)<\/p>\n<p style=\"text-align: justify;\"><strong><a href=\"http:\/\/en.wikipedia.org\/wiki\/Nathan_Aviezer\"><span style=\"color: #0000ff;\"><img loading=\"lazy\" decoding=\"async\" class=\" wp-image-54762 alignleft\" src=\"https:\/\/www.rassegnastampa-totustuus.it\/cattolica\/wp-content\/uploads\/2022\/09\/Nathan_Aviezer_scienza.jpg\" alt=\"\" width=\"155\" height=\"155\" srcset=\"https:\/\/www.rassegnastampa-totustuus.it\/cattolica\/wp-content\/uploads\/2022\/09\/Nathan_Aviezer_scienza.jpg 225w, https:\/\/www.rassegnastampa-totustuus.it\/cattolica\/wp-content\/uploads\/2022\/09\/Nathan_Aviezer_scienza-150x150.jpg 150w\" sizes=\"auto, (max-width: 155px) 100vw, 155px\" \/>Nathan Aviezer<\/span><\/a><\/strong><em><strong>, <span style=\"color: #000000;\">1938, fisico ebreo<\/span><\/strong><\/em><span style=\"color: #000000;\"> Ricercatore della Royal Society ed ex presidente del Dipartimento di Fisica della Universit\u00e0 Bar-Ilan. E\u2019 autore di oltre 100 articoli scientifici sulla fisica dello stato solido e, in riconoscimento dei suoi importanti contributi, \u00e8 stato eletto membro d\u2019onore della American Physical Society. Esperto di evoluzione e dell\u2019Intelligent Design, \u00e8 credente e di religione ebraica<\/span>. (<a href=\"https:\/\/www.uccronline.it\/2012\/08\/12\/citazioni-di-scienziati-credenti-cristiani-e-cattolici\/#aviezer\" target=\"_blank\" rel=\"noreferrer noopener\"><span style=\"color: #0000ff;\">Citazioni<\/span><\/a>)<\/p>\n<p style=\"text-align: justify;\"><span style=\"color: #0000ff;\"><strong><a style=\"color: #0000ff;\" href=\"http:\/\/en.wikipedia.org\/wiki\/Robert_Griffiths_(physicist)\">Robert B. Griffiths<\/a><\/strong><\/span><em><strong><span style=\"color: #0000ff;\">,<\/span> <span style=\"color: #000000;\">1938, fisico, cristiano<\/span><\/strong><\/em><span style=\"color: #000000;\"> Docente presso la Carnegie Mellon University, \u00e8 creatore di un particolare approccio alla meccanica quantistica. Membro della American Physical Society e della American Scientific Affiliation, ha vinto numerosi premi come il A. Cressy Morrison Award della New York Academy of Sciences e il Dannie Heineman Prize for Mathematical Physics. Credente e cristiano, ha scritto si \u00e8 spesso occupato della relazione tra la fisica e la teologia cristiana<\/span>. (<span style=\"color: #0000ff;\"><a style=\"color: #0000ff;\" href=\"https:\/\/www.uccronline.it\/2012\/08\/12\/citazioni-di-scienziati-credenti-cristiani-e-cattolici\/#griffiths\" target=\"_blank\" rel=\"noreferrer noopener\">Citazioni<\/a><\/span>)<\/p>\n<p style=\"text-align: justify;\"><span style=\"color: #0000ff;\"><strong><a style=\"color: #0000ff;\" href=\"http:\/\/en.wikipedia.org\/wiki\/Ghillean_Prance\">Ghillean Tolmie Prance<\/a><\/strong><\/span><em><strong><span style=\"color: #0000ff;\">,<\/span> <span style=\"color: #000000;\">1937, botanico cristiano<\/span><\/strong><\/em><span style=\"color: #000000;\"> Ha pubblicato opere importanti su diverse specie vegetali. Ha fondato il New York Botanical Garden\u2019s Institute for Economic Botany ed \u00e8 stato direttore del Royal Botanic Gardens. Devoto cristiano, \u00e8 membro dell\u2019associazione Christian in Science<\/span>. (<a href=\"https:\/\/www.uccronline.it\/2012\/08\/12\/citazioni-di-scienziati-credenti-cristiani-e-cattolici\/#prance\" target=\"_blank\" rel=\"noreferrer noopener\"><span style=\"color: #0000ff;\">Citazioni<\/span><\/a>)<\/p>\n<p style=\"text-align: justify;\"><span style=\"color: #0000ff;\"><strong><a style=\"color: #0000ff;\" href=\"http:\/\/en.wikipedia.org\/wiki\/Gerhard_Ertl\"><img loading=\"lazy\" decoding=\"async\" class=\" wp-image-54763 alignleft\" src=\"https:\/\/www.rassegnastampa-totustuus.it\/cattolica\/wp-content\/uploads\/2022\/09\/Gerhard-Ertl_fisico_Nobel_scienza.jpg\" alt=\"\" width=\"137\" height=\"206\" \/>Gerhard Ertl<\/a><\/strong><\/span><em><strong>, <span style=\"color: #000000;\">1936, fisico e premio Nobel, cristiano<\/span><\/strong><\/em><span style=\"color: #000000;\"> Professore emerito al Department of Physical Chemistry di Berlino. Insignito del premio Nobel per la chimica nel 2007 per i suoi studi sui processi chimici sulle superfici solide. E\u2019 stato direttore del Fritz Haber Institute dell\u2019Istituto Max Planck e dal 2010 \u00e8 membro ordinario della Pontificia Accademia delle Scienze. Ha individuato i meccanismi a livello molecolare della sintesi catalitica dell\u2019ammoniaca su ferro e dell\u2019ossidazione catalitica del monossido di carbonio su palladio. Credente e cristiano.<\/span> (<span style=\"color: #0000ff;\"><a style=\"color: #0000ff;\" href=\"http:\/\/en.wikipedia.org\/wiki\/Gerhard_Ertl#Personal_life\">Biografia<\/a> | <a style=\"color: #0000ff;\" href=\"https:\/\/www.uccronline.it\/2012\/08\/12\/citazioni-di-scienziati-credenti-cristiani-e-cattolici\/#ertl\" target=\"_blank\" rel=\"noreferrer noopener\">Citazioni<\/a><\/span>)<\/p>\n<p style=\"text-align: justify;\"><span style=\"color: #0000ff;\"><strong><a style=\"color: #0000ff;\" href=\"http:\/\/it.wikipedia.org\/wiki\/Nicola_Cabibbo\">Nicola Cabibbo<\/a> <\/strong><\/span><em><strong><span style=\"color: #0000ff;\">,<\/span> <span style=\"color: #000000;\">1935, fisico cattolico<\/span><\/strong><\/em><span style=\"color: #000000;\"> Noto per l\u2019introduzione nella fisica delle particelle dell\u2019angolo di Cabibbo. I suoi studi sull\u2019interazione debole hanno permesso di formulare l\u2019ipotesi dell\u2019esistenza di almeno tre famiglie di quark. E\u2019 uno dei fisici italiani pi\u00f9 noti a livello mondiale e le sue teorie sono presenti in tutti i libri di fisica. Gi\u00e0 presidente dell\u2019INFN e dell\u2019ENEA, ha lavorato presso La Sapienza di Roma, il CERN, \u00e8 stato presidente della Pontificia Accademia delle Scienze, socio nazionale dell\u2019Accademia Nazionale dei Lincei e uno dei soli 4 scienziati italiani viventi a essere membro della National Academy of Sciences degli Stati Uniti d\u2019America. Credente e cattolico.<\/span> (<span style=\"color: #0000ff;\"><a style=\"color: #0000ff;\" href=\"https:\/\/www.uccronline.it\/2012\/08\/12\/citazioni-di-scienziati-credenti-cristiani-e-cattolici\/#cabibbo\" target=\"_blank\" rel=\"noreferrer noopener\">Citazioni<\/a><\/span>)<\/p>\n<p style=\"text-align: justify;\"><strong><a href=\"http:\/\/en.wikipedia.org\/wiki\/Brian_Heap\"><span style=\"color: #0000ff;\">Robert Brian Heap<\/span><\/a><\/strong><em><strong>, <span style=\"color: #000000;\">1935, biologo, cristiano<\/span><\/strong><\/em><span style=\"color: #000000;\"> Ha insegnato all\u2019University of Cambridge e all\u2019University of Nottingham. Dal 1989 \u00e8 membro della Royal Society del quale \u00e8 stato anche vicepresidente. E\u2019 uno dei fondatori dell\u2019International Society for Science and Religion ed \u00e8 un membro del Faraday Institute for Science and Religion.<\/span><\/p>\n<p style=\"text-align: justify;\"><strong><a href=\"http:\/\/it.wikipedia.org\/wiki\/Carlo_Rubbia\"><span style=\"color: #0000ff;\"><img loading=\"lazy\" decoding=\"async\" class=\" wp-image-54765 alignleft\" src=\"https:\/\/www.rassegnastampa-totustuus.it\/cattolica\/wp-content\/uploads\/2022\/09\/carlo_Rubbia_fisico_Nobel_scienza.jpg\" alt=\"\" width=\"151\" height=\"151\" srcset=\"https:\/\/www.rassegnastampa-totustuus.it\/cattolica\/wp-content\/uploads\/2022\/09\/carlo_Rubbia_fisico_Nobel_scienza.jpg 225w, https:\/\/www.rassegnastampa-totustuus.it\/cattolica\/wp-content\/uploads\/2022\/09\/carlo_Rubbia_fisico_Nobel_scienza-150x150.jpg 150w\" sizes=\"auto, (max-width: 151px) 100vw, 151px\" \/>Carlo Rubbia<\/span><\/a><\/strong><em><strong>, <span style=\"color: #000000;\">1934, fisico e premio Nobel, deista\/cattolico<\/span><\/strong><\/em><span style=\"color: #000000;\"> Premio Nobel per la fisica nel 1984, ha modificato l\u2019acceleratore SPS del CERN di Ginevra in un collisionatore protone-antiprotone e ha scoperto i bosoni vettoriali. Dirige il CERN dal 1989 al 1993 e dal 1999 \u00e8 Presidente dell\u2019ENEA. Credente in un Essere superiore e creatore.<\/span> <span style=\"color: #0000ff;\">(<\/span><a href=\"https:\/\/www.uccronline.it\/2012\/08\/12\/citazioni-di-scienziati-credenti-cristiani-e-cattolici\/#rubbia\" target=\"_blank\" rel=\"noreferrer noopener\"><span style=\"color: #0000ff;\">Citazioni<\/span>)<\/a><\/p>\n<p style=\"text-align: justify;\"><strong><a href=\"http:\/\/en.wikipedia.org\/wiki\/Francisco_J._Ayala\"><span style=\"color: #0000ff;\">Francisco J. Ayala<\/span><\/a><\/strong><em><strong>, <span style=\"color: #000000;\">1934, biologo e filosofo cattolico<\/span><\/strong><\/em><span style=\"color: #000000;\"> Celebre evoluzionista e darwinista, insegna all\u2019University of California. E\u2019 stato presidente del \u201cBoard of the American Association for the Advancement of Science\u201d. E\u2019 stato premiato con la National Medal of Science, membro della United States National Academy of Sciences, della Russian Academy of Sciences, dell\u2019Accademia Nazionale dei Lincei, della Spanish Royal Academy of Sciences e membro onorario delle principali universit\u00e0 europee. Devoto cattolico, \u00e8 stato un prete domenicano.<\/span> (<span style=\"color: #0000ff;\"><a style=\"color: #0000ff;\" href=\"https:\/\/www.uccronline.it\/2012\/08\/12\/citazioni-di-scienziati-credenti-cristiani-e-cattolici\/#ayala\" target=\"_blank\" rel=\"noreferrer noopener\">Citazioni<\/a><\/span>)<\/p>\n<p style=\"text-align: justify;\"><span style=\"color: #0000ff;\"><strong><a style=\"color: #0000ff;\" href=\"http:\/\/www.scienzainrete.it\/documenti\/autori\/ugo-amaldi\">Ugo Amaldi<\/a><\/strong><\/span><em><strong><span style=\"color: #0000ff;\">,<\/span> <span style=\"color: #000000;\">1934, fisico cattolico<\/span><\/strong><\/em><span style=\"color: #000000;\"> Tra i maggiori studiosi delle particelle elementari, Amaldi \u00e8 stato direttore dell\u2019Istituto Nazionale di Fisica Nucleare, docente in diverse universit\u00e0 e membro delle maggiori accademie scientifiche. Credente e cattolico<\/span>. (<a href=\"https:\/\/www.uccronline.it\/2012\/08\/12\/citazioni-di-scienziati-credenti-cristiani-e-cattolici\/#amaldi\" target=\"_blank\" rel=\"noreferrer noopener\"><span style=\"color: #0000ff;\">Citazion<\/span>i<\/a>)<\/p>\n<p style=\"text-align: justify;\"><span style=\"color: #0000ff;\"><strong><a style=\"color: #0000ff;\" href=\"http:\/\/en.wikipedia.org\/wiki\/John_Gurdon\"><img loading=\"lazy\" decoding=\"async\" class=\" wp-image-54766 alignleft\" src=\"https:\/\/www.rassegnastampa-totustuus.it\/cattolica\/wp-content\/uploads\/2022\/09\/John_B.-Gurdon_scienza.jpg\" alt=\"\" width=\"175\" height=\"128\" \/>John B. Gurdon<\/a>, <\/strong><\/span><span style=\"color: #000000;\"><em><strong>1933, biologo e e premio Nobel, cristiano<\/strong><\/em> Premio Nobel per la Medicina e la Fisiologia nel 2012 insieme al collega giapponese Shinya Yamanaka per i loro lavori sulle cellule staminali pluripotenti indotte. Nel 2004 il Wellcome Trust \/ Cancer Research UK Institute for Cell Biology and Cancer \u00e8 stato rinominato il Gurdon Institute in suo onore. Credente e cristiano anglican<\/span>o. (<a href=\"https:\/\/www.uccronline.it\/2012\/08\/12\/citazioni-di-scienziati-credenti-cristiani-e-cattolici\/#gurdon\" target=\"_blank\" rel=\"noreferrer noopener\"><span style=\"color: #0000ff;\">Citazioni<\/span><\/a>)<\/p>\n<p style=\"text-align: justify;\"><strong><a href=\"http:\/\/en.wikipedia.org\/wiki\/Arno_Allan_Penzias\"><span style=\"color: #0000ff;\">Arno Allan Penzias<\/span><\/a>, <\/strong><span style=\"color: #000000;\"><em><strong>1933, fisico e premio Nobel, deista<\/strong><\/em> Nel 1978 ha vinto il Premio Nobel per la Fisica grazie alla scoperta della radiazione cosmica di fondo. Fellow della American Academy of Arts and Sciences e medaglia Henry Draper della National Academy of Sciences. Nega l\u2019esistenza di un Dio antropomorfo, ma afferma l\u2019esistenza di un\u2019entit\u00e0 trascendente.<\/span> (<a href=\"https:\/\/www.uccronline.it\/2012\/08\/12\/citazioni-di-scienziati-credenti-cristiani-e-cattolici\/#penzias\" target=\"_blank\" rel=\"noreferrer noopener\"><span style=\"color: #0000ff;\">Citazioni<\/span><\/a>)<\/p>\n<p style=\"text-align: justify;\"><span style=\"color: #0000ff;\"><strong><a style=\"color: #0000ff;\" href=\"http:\/\/en.wikipedia.org\/wiki\/Edward_Nelson\">Edward Nelson<\/a>, <\/strong><\/span><span style=\"color: #000000;\"><em><strong>1932, matematico, cristiano<\/strong><\/em> Docente di matematica presso il Dipartimento di Matematica dell\u2019Universit\u00e0 di Princeton, \u00e8 conosciuto per il suo lavoro sulla fisica matematica e per la sua \u201cinternal set theory\u201d. Cristiano, ha scritto anche sul rapporto tra religione e matematica<\/span>. (<a href=\"https:\/\/www.uccronline.it\/2012\/08\/12\/citazioni-di-scienziati-credenti-cristiani-e-cattolici\/#nelson\" target=\"_blank\" rel=\"noreferrer noopener\"><span style=\"color: #0000ff;\">Citazioni<\/span><\/a>)<\/p>\n<p style=\"text-align: justify;\"><span style=\"color: #0000ff;\"><strong><a style=\"color: #0000ff;\" href=\"http:\/\/en.wikipedia.org\/wiki\/John_T._Houghton\"><img loading=\"lazy\" decoding=\"async\" class=\" wp-image-54768 alignleft\" src=\"https:\/\/www.rassegnastampa-totustuus.it\/cattolica\/wp-content\/uploads\/2022\/09\/John_Theodore_Houghton_climatologo_scienza.jpg\" alt=\"\" width=\"139\" height=\"139\" srcset=\"https:\/\/www.rassegnastampa-totustuus.it\/cattolica\/wp-content\/uploads\/2022\/09\/John_Theodore_Houghton_climatologo_scienza.jpg 225w, https:\/\/www.rassegnastampa-totustuus.it\/cattolica\/wp-content\/uploads\/2022\/09\/John_Theodore_Houghton_climatologo_scienza-150x150.jpg 150w\" sizes=\"auto, (max-width: 139px) 100vw, 139px\" \/>John Theodore Houghton<\/a><\/strong><\/span><em><strong>, <span style=\"color: #000000;\">1931, climatologo e fisico, cristiano<\/span><\/strong><\/em><span style=\"color: #000000;\"> Professore di fisica atmosferica all\u2019universit\u00e0 di Oxford, ex direttore generale del \u201cMet Office\u201d e fondatore del Hadley Centre. E\u2019 l\u2019attuale presidente del Victoria Institute. E\u2019 un attivo interlocutore tra scienza e religione e membro fondatore dell\u2019International Society for Science and Religion.<\/span> (<a href=\"https:\/\/www.uccronline.it\/2012\/08\/12\/citazioni-di-scienziati-credenti-cristiani-e-cattolici\/#houghton\" target=\"_blank\" rel=\"noreferrer noopener\"><span style=\"color: #0000ff;\">Citazioni<\/span><\/a>)<\/p>\n<p style=\"text-align: justify;\"><strong><span style=\"color: #0000ff;\"><a style=\"color: #0000ff;\" href=\"http:\/\/en.wikipedia.org\/wiki\/Russell_Stannard\">Russell Stannard<\/a>,<\/span> <span style=\"color: #000000;\">1931, fisico cristiano<\/span><\/strong><span style=\"color: #000000;\"> Professore emerito di fisica alla Open University, \u00e8 anche un noto divulgatore di scienza, sopratutto per bambini ed adolescenti. Ha ricevuto diverse onoreficenze e ha pi\u00f9 volte parlato pubblicamente del suo rapporto tra scienza e fede.<\/span> (<a href=\"https:\/\/www.uccronline.it\/2012\/08\/12\/citazioni-di-scienziati-credenti-cristiani-e-cattolici\/#stannard\" target=\"_blank\" rel=\"noreferrer noopener\"><span style=\"color: #0000ff;\">Citazioni<\/span><\/a>)<\/p>\n<p style=\"text-align: justify;\"><span style=\"color: #0000ff;\"><strong><a style=\"color: #0000ff;\" href=\"http:\/\/en.wikipedia.org\/wiki\/Herman_Branover\">Herman Branover <\/a><\/strong><\/span><em><strong>, <span style=\"color: #000000;\">1931, fisico e pioniere della magnetoidrodinamica, ebreo<\/span><\/strong><\/em><span style=\"color: #000000;\"> Conosciuto nella comunit\u00e0 scientifica mondiale come il pioniere del campo di magnetoidrodinamica (MHD). Ha portato allo sviluppo moltissime tecnologie. Credente \u00e8 molto attivo in opere educative alla fede ebraica<\/span>. (<a href=\"http:\/\/en.wikipedia.org\/wiki\/Herman_Branover#Biography\"><span style=\"color: #0000ff;\">Biografia<\/span><\/a>)<\/p>\n<p style=\"text-align: justify;\"><strong><a href=\"http:\/\/it.wikipedia.org\/wiki\/Robert_Aumann\"><span style=\"color: #0000ff;\">Robert Aumann<\/span><\/a><\/strong><em><strong>, <span style=\"color: #000000;\">1930, matematico e premio Nobel per l\u2019Economia, ebreo<\/span><\/strong><\/em><span style=\"color: #000000;\"> Membro dell\u2019Accademia delle Scienze degli Stati Uniti, ha vinto nel 2005 il premio Nobel per l\u2019economia per \u201cavere accresciuto la nostra comprensione del conflitto e della cooperazione attraverso l\u2019analisi della teoria dei giochi\u201d. Ha spesso scritto del rapporto tra scienza e fede.<\/span> (<a href=\"https:\/\/www.uccronline.it\/2012\/08\/12\/citazioni-di-scienziati-credenti-cristiani-e-cattolici\/#aumann\" target=\"_blank\" rel=\"noreferrer noopener\"><span style=\"color: #0000ff;\">Citazioni<\/span>) <\/a>\u00a0<\/p>\n<p style=\"text-align: justify;\"><strong><a href=\"https:\/\/en.wikipedia.org\/wiki\/William_C._Campbell_(scientist)\"><span style=\"color: #0000ff;\"><img loading=\"lazy\" decoding=\"async\" class=\" wp-image-54769 alignleft\" src=\"https:\/\/www.rassegnastampa-totustuus.it\/cattolica\/wp-content\/uploads\/2022\/09\/William_C.-Campbell_biochimico_scienza.jpg\" alt=\"\" width=\"183\" height=\"122\" \/>William C. Campbell<\/span><\/a><\/strong><em><strong>, <span style=\"color: #000000;\">1930, biochimico, premio Nobel per la medicina, cristiano<\/span><\/strong><\/em><span style=\"color: #000000;\"> Vincitore del premio Nobel per la medicina del 2015 per le scoperta di una nuova terapia contro le infezioni causate da parassiti intestinali. Credente e cristiano.<\/span> (<a href=\"https:\/\/www.uccronline.it\/2012\/08\/12\/citazioni-di-scienziati-credenti-cristiani-e-cattolici\/#campbell\" target=\"_blank\" rel=\"noreferrer noopener\"><span style=\"color: #0000ff;\">Citazioni<\/span>) <\/a>\u00a0<\/p>\n<p style=\"text-align: justify;\"><span style=\"color: #0000ff;\"><strong><a style=\"color: #0000ff;\" href=\"http:\/\/en.wikipedia.org\/wiki\/Polkinghorne\">John Polkinghorne<\/a><\/strong><\/span><em><strong><span style=\"color: #0000ff;\">,<\/span> <span style=\"color: #000000;\">1930, fisico delle particelle e teologo, cristiano<\/span><\/strong><\/em><span style=\"color: #000000;\"> Ha svolto un ruolo significativo nella scoperta del quark ed \u00e8 stato insignito del premio Templeton nel 2002. Ha scritto molto su questioni riguardanti la scienza e la fede, \u00e8 credente e pastore anglicano<\/span>. <span style=\"color: #0000ff;\">(<\/span><a href=\"https:\/\/www.uccronline.it\/2012\/08\/12\/citazioni-di-scienziati-credenti-cristiani-e-cattolici\/#polkinghorne\" target=\"_blank\" rel=\"noreferrer noopener\"><span style=\"color: #0000ff;\">Citazioni<\/span><\/a>)<\/p>\n<p style=\"text-align: justify;\"><strong><span style=\"color: #0000ff;\"><a style=\"color: #0000ff;\" href=\"http:\/\/en.wikipedia.org\/wiki\/Owen_Gingerich\" target=\"_blank\" rel=\"noreferrer noopener\">Owen Gingerich<\/a>,<\/span> <span style=\"color: #000000;\"><em>1930, astronomo, cristiano<\/em><\/span><\/strong><span style=\"color: #000000;\"> Docente di Astronomia e Storia della Scienza presso l\u2019Universit\u00e0 di Harvard e astronomo emerito presso lo Smithsonian Astrophysical Observatory. Oltre alla ricerca e all\u2019insegnamento, ha scritto molti libri sulla storia dell\u2019astronomia . Gingerich \u00e8 anche membro della American Academy of Arts and Sciences, della American Philosophical Society, e della International Academy of the History of Science. Credente e cristiano<\/span>. (<a href=\"https:\/\/www.uccronline.it\/2012\/08\/12\/citazioni-di-scienziati-credenti-cristiani-e-cattolici\/#gingerich\" target=\"_blank\" rel=\"noreferrer noopener\"><span style=\"color: #0000ff;\">Citazioni<\/span><\/a>)<\/p>\n<p style=\"text-align: justify;\"><strong><span style=\"color: #0000ff;\"><a style=\"color: #0000ff;\" href=\"http:\/\/en.wikipedia.org\/wiki\/Wolfgang_Smith\" target=\"_blank\" rel=\"noreferrer noopener\">Wolfgang Smith<\/a>,<\/span> <span style=\"color: #000000;\"><em>1930, matematico, fisico e filosofo della scienza, cattolico<\/em><\/span><\/strong><span style=\"color: #000000;\"> Ha scritto molto nel campo della geometria differenziale, critico di scientismo e fautore di una nuova interpretazione della meccanica quantistica. E\u2019 stato docente di matematica al MIT, all\u2019UCLA e alla Oregon State University.<\/span><\/p>\n<p style=\"text-align: justify;\"><span style=\"color: #0000ff;\"><strong><a style=\"color: #0000ff;\" href=\"http:\/\/it.wikipedia.org\/wiki\/Werner_Arber\">Werner Arber<\/a><\/strong><\/span><em><strong><span style=\"color: #0000ff;\">,<\/span> <span style=\"color: #000000;\">1929, biologo e premio Nobel per la medicina, protestante<\/span><\/strong><\/em><span style=\"color: #000000;\"> Vinse il Premio Nobel nel 1978, impront\u00f2 le sue ricerche sul meccanismo di difesa della cellula batterica nei confronti dei virus. I suoi studi risultano attualmente la base dell\u2019ingegneria genetica e della biologia molecolare. Ha scritto di scienza e religione, \u00e8 credente e di fede protestante, nel 2010 \u00e8 diventato presidente della Pontificia Accademia delle Scienze.<\/span> (<span style=\"color: #0000ff;\"><a style=\"color: #0000ff;\" href=\"http:\/\/www.ctns.org\/ssq\/more_speakers.html\">Biografia<\/a> | <a style=\"color: #0000ff;\" href=\"https:\/\/www.uccronline.it\/2012\/08\/12\/citazioni-di-scienziati-credenti-cristiani-e-cattolici\/#arber\" target=\"_blank\" rel=\"noreferrer noopener\">Citazioni<\/a><\/span>).<\/p>\n<p style=\"text-align: justify;\"><strong><a href=\"http:\/\/it.wikipedia.org\/wiki\/Franco_Bassani\"><span style=\"color: #0000ff;\"><img loading=\"lazy\" decoding=\"async\" class=\"size-full wp-image-54771 alignleft\" src=\"https:\/\/www.rassegnastampa-totustuus.it\/cattolica\/wp-content\/uploads\/2022\/09\/Franco_Bassani_biochimico_scienza.jpg\" alt=\"\" width=\"144\" height=\"184\" \/>Franco Bassan<\/span>i<\/a>, <\/strong><span style=\"color: #000000;\"><em><strong>1929, fisico, cattolico<\/strong><\/em>. Professore Emerito di Fisica alla Scuola Normale Superiore di Pisa, dove \u00e8 stato anche Direttore dal 1995 al 1999. Gi\u00e0 presidente della Societ\u00e0 italiana di fisica, \u00e8 stato fellow dell\u2019Institute of Physics, dell\u2019American Physical Society e della European Physical Society nel 2008. Devoto cristiano cattolico<\/span>. (<span style=\"color: #0000ff;\"><a style=\"color: #0000ff;\" href=\"http:\/\/www.ilsussidiario.net\/News\/Scienze\/2008\/9\/29\/FISICA-E-scomparso-Giuseppe-Bassani-lo-scienziato-che-non-aveva-paura-di-riconoscere-lorigine-della-Verita\/6141\/\">Biografia<\/a> | <\/span><a href=\"https:\/\/www.uccronline.it\/2012\/08\/12\/citazioni-di-scienziati-credenti-cristiani-e-cattolici\/#bassani\" target=\"_blank\" rel=\"noreferrer noopener\"><span style=\"color: #0000ff;\">Citazioni<\/span><\/a>).<\/p>\n<p style=\"text-align: justify;\"><span style=\"color: #0000ff;\"><strong><a style=\"color: #0000ff;\" href=\"http:\/\/it.wikipedia.org\/wiki\/Antonino_Zichichi\"><img loading=\"lazy\" decoding=\"async\" class=\" wp-image-54772 alignleft\" src=\"https:\/\/www.rassegnastampa-totustuus.it\/cattolica\/wp-content\/uploads\/2022\/09\/Antonino_Zichichi_Fisico_scienza.jpg\" alt=\"\" width=\"140\" height=\"210\" \/>Antonino Zichichi<\/a><\/strong><\/span><em><strong><span style=\"color: #0000ff;\">,<\/span> <span style=\"color: #000000;\">1929, fisico cattolico<\/span><\/strong><\/em><span style=\"color: #000000;\"> Impegnato nelle ricerche nel campo della fisica delle particelle elementari. \u00c8 noto per l\u2019opera di divulgazione scientifica, e per sottolineare spesso la sua fede nell\u2019assenza di contrasti con la scienza. Presidente della Federazione mondiale degli scienziati, della Societ\u00e0 Europea di Fisica, dell\u2019Istituto Nazionale di Fisica Nucleare e ha ricevuto il \u201cPremio Enrico Fermi\u201d, dalla Societ\u00e0 Italiana di Fisica nel 2001. Credente e cattolico.<\/span> (<span style=\"color: #0000ff;\"><a style=\"color: #0000ff;\" href=\"https:\/\/www.uccronline.it\/2012\/08\/12\/citazioni-di-scienziati-credenti-cristiani-e-cattolici\/#zichichi\" target=\"_blank\" rel=\"noreferrer noopener\">Citazioni<\/a>)<\/span><\/p>\n<p style=\"text-align: justify;\"><strong><a href=\"http:\/\/it.wikipedia.org\/wiki\/Ennio_De_Giorgi\"><span style=\"color: #0000ff;\">Ennio De Giorgi<\/span><\/a><\/strong><em><strong>, <span style=\"color: #000000;\">1928, matematico cattolico<\/span><\/strong><\/em><span style=\"color: #000000;\"> Apr\u00ec prospettive inimmaginabili nella matematica mondiale con la sua opera scientifica sulle equazioni, sulle derivate parziali, sul calcolo delle variazioni ecc\u2026Divenne noto nel mondo scientifico quando risolse il XIX problema di Hilbert, alla cui soluzione si erano dedicati per oltre mezzo secolo i pi\u00f9 importanti studiosi di matematica. Uomo dal grande impegno civile e umanitario era fermamente credente e cattolico.<\/span> (<span style=\"color: #0000ff;\"><a style=\"color: #0000ff;\" href=\"http:\/\/www.disf.org\/ScienziatiCredenti\/DeGiorgi.asp\">Biografia<\/a><\/span>)<\/p>\n<p style=\"text-align: justify;\"><strong><a href=\"https:\/\/en.wikipedia.org\/wiki\/Vera_Rubin\"><span style=\"color: #0000ff;\">Vera Rubin<\/span><\/a><\/strong><em><strong><span style=\"color: #0000ff;\">,<\/span> <span style=\"color: #000000;\">1928, astronoma, ebrea<\/span><\/strong><\/em><span style=\"color: #000000;\"> Pioniera nello studio della rotazione delle galassie, a lei si deve la scoperta della materia oscura. Di religione ebraica, membro della Pontificia Accademia delle Scienze, ha pi\u00f9 volte parlato del rapporto tra scienza e fede.<\/span> (<span style=\"color: #0000ff;\"><a style=\"color: #0000ff;\" href=\"https:\/\/en.wikipedia.org\/wiki\/Vera_Rubin#Personal_life\" target=\"_blank\" rel=\"noreferrer noopener\">Biografia<\/a> | <a style=\"color: #0000ff;\" href=\"http:\/\/www.ewtn.com\/library\/ISSUES\/STELLAR.TXT\" target=\"_blank\" rel=\"noreferrer noopener\">Citazioni<\/a><\/span>)<\/p>\n<p style=\"text-align: justify;\"><span style=\"color: #0000ff;\"><strong><a style=\"color: #0000ff;\" href=\"http:\/\/en.wikipedia.org\/wiki\/Yehuda_%28Leo%29_Levi\">Yehuda Levi<\/a><\/strong><\/span><em><strong><span style=\"color: #0000ff;\">,<\/span> <span style=\"color: #000000;\">1926, fisico ebreo<\/span><\/strong><\/em><span style=\"color: #000000;\"> Ha fondato il dipartimento di elettro-ottica del Jerusalem College of Technology. \u00c8 conosciuto soprattutto per aver scritto di scienza e religione e oltre 100 studi su diverse discipline scientifiche. Credente di fede ebraica.<\/span><\/p>\n<p style=\"text-align: justify;\"><span style=\"color: #0000ff;\"><strong><a style=\"color: #0000ff;\" href=\"http:\/\/en.wikipedia.org\/wiki\/Allan_Sandage\">Allan Sandage<\/a><\/strong><\/span><em><strong><span style=\"color: #0000ff;\">,<\/span> <span style=\"color: #000000;\">1926, astronomo e astrofisico, cristiano<\/span><\/strong><\/em><span style=\"color: #000000;\"> Considerato uno dei pi\u00f9 importanti astronomi del 20\u00b0 secolo, \u00e8 astrof\u00ecsico emerito del centro \u201cCarnegie Observatories\u201d di Pasadena. Ha scoperto il primo quasar e ha effettuato studi pionieristici sugli ammassi globulari, sull\u2019evoluzione stellare, ed ha per primo osservato la fenomenologia dei jets nella galassia M82. Credente e cristiano<\/span>. (<span style=\"color: #0000ff;\"><a style=\"color: #0000ff;\" href=\"http:\/\/www.disf.org\/Documentazione\/43.asp\">Biografia<\/a> | <a style=\"color: #0000ff;\" href=\"https:\/\/www.uccronline.it\/2012\/08\/12\/citazioni-di-scienziati-credenti-cristiani-e-cattolici\/#sandage\" target=\"_blank\" rel=\"noreferrer noopener\">Citazioni<\/a><\/span>)<\/p>\n<p style=\"text-align: justify;\"><span style=\"color: #0000ff;\"><strong><a style=\"color: #0000ff;\" href=\"http:\/\/it.wikipedia.org\/wiki\/Jerome_Lejeune\">Jerome Lejeune<\/a><\/strong><\/span><em><strong><span style=\"color: #0000ff;\">,<\/span> <span style=\"color: #000000;\">1926, pediatra e genetista cattolico<\/span><\/strong><\/em><span style=\"color: #000000;\"> La sua notoriet\u00e0 \u00e8 dovuta al fatto di aver scoperto la causa della Sindrome di Down. Venne nominato dottore honoris causa e membro di numerose altre accademie, universit\u00e0 straniere. Credente e cattolico.<\/span> (<span style=\"color: #0000ff;\"><a style=\"color: #0000ff;\" href=\"http:\/\/www.disf.org\/ScienziatiCredenti\/Lejeune.asp\">Biografia<\/a> | <\/span><a href=\"https:\/\/www.uccronline.it\/2012\/08\/12\/citazioni-di-scienziati-credenti-cristiani-e-cattolici\/#lejeune\" target=\"_blank\" rel=\"noreferrer noopener\"><span style=\"color: #0000ff;\">Citazioni<\/span><\/a>)<\/p>\n<p style=\"text-align: justify;\"><span style=\"color: #0000ff;\"><strong><a style=\"color: #0000ff;\" href=\"http:\/\/it.wikipedia.org\/wiki\/Giovanni_Prodi\">Giovanni Prodi<\/a><\/strong><\/span><em><strong><span style=\"color: #0000ff;\">,<\/span> <span style=\"color: #000000;\">1925, matematico cattolico<\/span><\/strong><\/em><span style=\"color: #000000;\"> Uno dei pi\u00f9 grandi matematici italiani del Novecento, \u00e8 noto anche per le sue molteplici attivit\u00e0 riguardanti l\u2019insegnamento della matematica. Uno dei suoi principali risultati \u00e8 stato il teorema di unicit\u00e0 delle equazioni di Navier-Stokes in due dimensioni spaziali. Credente e cattolico.<\/span> (<span style=\"color: #0000ff;\"><a style=\"color: #0000ff;\" href=\"http:\/\/www.disf.org\/ScienziatiCredenti\/Prodi.asp\">Biografia<\/a> | <\/span><a href=\"https:\/\/www.uccronline.it\/2012\/08\/12\/citazioni-di-scienziati-credenti-cristiani-e-cattolici\/#prodi\" target=\"_blank\" rel=\"noreferrer noopener\"><span style=\"color: #0000ff;\">Citazion<\/span>i<\/a>)<\/p>\n<p style=\"text-align: justify;\"><span style=\"color: #0000ff;\"><strong><a style=\"color: #0000ff;\" href=\"http:\/\/en.wikipedia.org\/wiki\/Robert_Jastrow\">Robert Jastrow<\/a> <\/strong><\/span><span style=\"color: #000000;\"><em><strong>1925, astronomo, fisico e cosmologo, agnostico\/deista<\/strong><\/em>. E\u2019 stato il primo presidente del <em>\u201cNASA\u2019s Lunar Exploration Committee\u201d<\/em>, che ha stabilito gli obiettivi scientifici per l\u2019esplorazione della Luna durante l\u2019atterraggio di Apollo. Fondatore e direttore del <em>\u201cNASA\u2019s Goddard Institute for Space Studies\u201d<\/em>, emerito fondatore e presidente del <em>\u201cGeorge C. Marshall Institute\u201d<\/em> e direttore emerito del <em>\u201cMount Wilson Observatory\u201d<\/em> e <em>\u201cHale Solar Laboratory\u201d<\/em>. E\u2019 stato docente di Geofisica alla Columbia University. Agnostico deista, ha mostrato pi\u00f9 volte di considerare l\u2019universo come l\u2019atto di una creazione volontaria.<\/span> (<a href=\"https:\/\/www.uccronline.it\/2012\/08\/12\/citazioni-di-scienziati-credenti-cristiani-e-cattolici\/#jastrow\" target=\"_blank\" rel=\"noreferrer noopener\"><span style=\"color: #0000ff;\">Citazioni<\/span><\/a>)<\/p>\n<p style=\"text-align: justify;\"><span style=\"color: #0000ff;\"><strong><a style=\"color: #0000ff;\" href=\"http:\/\/it.wikipedia.org\/wiki\/Antony_Hewish\">Antony Hewish<\/a><\/strong><\/span><em><strong><span style=\"color: #0000ff;\">,<\/span> <span style=\"color: #000000;\">1924, astronomo e premio Nobel, cristiano<\/span><\/strong><\/em><span style=\"color: #000000;\"> Vincitore del Premio Nobel per la fisica nel 1974 per il suo contributo allo sviluppo della radioastronomia e per il suo ruolo nella scoperta delle pulsar. Credente e cristiano.<\/span> (<span style=\"color: #0000ff;\"><a style=\"color: #0000ff;\" href=\"https:\/\/www.uccronline.it\/2012\/08\/12\/citazioni-di-scienziati-credenti-cristiani-e-cattolici\/#hewish\" target=\"_blank\" rel=\"noreferrer noopener\">Citazioni<\/a><\/span>)\u00a0<\/p>\n<p style=\"text-align: justify;\"><span style=\"color: #0000ff;\"><strong><a style=\"color: #0000ff;\" href=\"http:\/\/it.wikipedia.org\/wiki\/Stanley_Jaki\">Stanley Jaki<\/a><\/strong><\/span><em><strong><span style=\"color: #0000ff;\">,<\/span> <span style=\"color: #000000;\">1924, fisico, filosofo, teologo e religioso, cattolico<\/span><\/strong><\/em><span style=\"color: #000000;\"> Esimio professore di Fisica alla Seton Hall University, \u00e8 fra i principali rappresentanti della filosofia della scienza. Accademico in diverse universit\u00e0 di primaria importanza, \u00e8 stato promotore del dialogo tra scienza e fede. Credente e religioso cattolico.<\/span><\/p>\n<p style=\"text-align: justify;\"><strong><a href=\"http:\/\/en.wikipedia.org\/wiki\/Arthur_Peacocke\"><span style=\"color: #0000ff;\">Arthur Peacocke<\/span><\/a><\/strong><em><strong>, <span style=\"color: #000000;\">1924, biochimico e teologo, cristiano<\/span><\/strong><\/em><span style=\"color: #000000;\"> E\u2019 stato titolare di cattedre nelle pi\u00f9 importanti universit\u00e0 inglesi e americane, da Oxford a Birmingham, da Berkeley a Cambridge. Insignito del premio Lecomte du Nouy nel 1983, ha ricevuto la laurea honoris causa dalle Universit\u00e0 DePauw (1983) e la Georgetown University (1991). \u00c8 stato nominato membro dell\u2019Ordine Eccellentissima of the British Empire dalla Regina d\u2019Inghilterra nel 1993. Nel 2001 \u00e8 stato insignito del Premio Templeton Prize. Credente e pastore anglicano.\u00a0\u00a0<\/span>\u00a0<\/p>\n<p style=\"text-align: justify;\"><span style=\"color: #0000ff;\"><strong><a style=\"color: #0000ff;\" href=\"http:\/\/www.astrofilibresciani.it\/Calendari\/A_Valetti.htm\">Giuseppe Tagliaferri<\/a><\/strong><\/span><em><strong><span style=\"color: #0000ff;\">,<\/span> <span style=\"color: #000000;\">1924, astronomo e religioso, cattolico<\/span><\/strong><\/em><span style=\"color: #000000;\"> Nel 1981 fu eletto presidente della Societ\u00e0 Astronomica Italiana e nel 1983 rappresentante italiano all\u2019ESO. Studi\u00f2 la corona solare esterna e le interazioni Terra-Sole e contribu\u00ec allo sviluppo dei programmi di ricerca satellitare per le osservazioni del Sole quieto nei raggi X e UV creando il Laboratorio di Spettroscopia X-UV nell\u2019Osservatorio di Arcetri. Credente e religioso cattolico<\/span>.<\/p>\n<p style=\"text-align: justify;\"><span style=\"color: #0000ff;\"><strong><a style=\"color: #0000ff;\" href=\"http:\/\/it.wikipedia.org\/wiki\/Ren%C3%A9_Girard\">Ren\u00e9 Girard<\/a><\/strong><\/span><em><strong><span style=\"color: #0000ff;\">,<\/span> <span style=\"color: #000000;\">1923, antropologo, cattolico<\/span><\/strong><\/em><span style=\"color: #000000;\"> Il suo lavoro ha influssi su critica letteraria, psicologia, storia, sociologia e teologia. \u00c8 stato professore di letteratura comparata presso l\u2019universit\u00e0 di Stanford (Stati Uniti) fino al momento del ritiro. Credente e cattolico<\/span>.<\/p>\n<p style=\"text-align: justify;\"><span style=\"color: #0000ff;\"><strong><a style=\"color: #0000ff;\" href=\"http:\/\/it.wikipedia.org\/wiki\/Freeman_Dyson\" target=\"_blank\" rel=\"noreferrer noopener\">Freeman John Dyson<\/a><\/strong><\/span><em><strong><span style=\"color: #0000ff;\">,<\/span> <span style=\"color: #000000;\">1923, fisico e matematico, cristiano<\/span><\/strong><\/em><span style=\"color: #000000;\"> Universalmente noto per i suoi studi sulla teoria quantistica dei campi e l\u2019ingegneria astronomica e nucleare, docente di fisica presso l\u2019Institute for Advanced Study, a Princeton. Membro della Royal Society ha vinto numerosissimi premi scientifici. Cristiano e vicino al cattolicesimo, ha partecipato spesso ad incontri pubblici in cui ha parlato della sua fede religiosa.<\/span> (<span style=\"color: #0000ff;\"><a style=\"color: #0000ff;\" href=\"https:\/\/www.uccronline.it\/2012\/08\/12\/citazioni-di-scienziati-credenti-cristiani-e-cattolici\/#dyson\" target=\"_blank\" rel=\"noreferrer noopener\">Citazioni<\/a><\/span>)\u00a0<\/p>\n<p style=\"text-align: justify;\"><span style=\"color: #0000ff;\"><strong><a style=\"color: #0000ff;\" href=\"http:\/\/en.wikipedia.org\/wiki\/Arthur_Leonard_Schawlow\">Arthur Schawlow<\/a><\/strong><\/span><em><strong><span style=\"color: #0000ff;\">, <\/span><span style=\"color: #000000;\">1921, fisico e premio Nobel, cristiano<\/span><\/strong><\/em><span style=\"color: #000000;\"> Nobel per la fisica nel 1981 per il contributo allo sviluppo della spettroscopia laser, \u00e8 anche promotore del metodo della comunicazione facilitata con i pazienti di autismo. Ha perseguito indagini nei settori della superconduttivit\u00e0 e della risonanza magnetica nucleare. Vincitore di numerosi premi. Credente, cristiano protestante metodista, ha partecipato spesso a dialoghi su scienza e religione. Ha anche affermato: <em>\u201ctrovo un\u2019esigenza di Dio nell\u2019universo e nella mia vita\u201d<\/em> e <em>\u201cSiamo fortunati ad avere la Bibbia e specialmente il Nuovo Testamento, che ci parlano di Dio in termini umani ampiamente accessibili\u201d<\/em>.<\/span> (<span style=\"color: #0000ff;\"><a style=\"color: #0000ff;\" href=\"http:\/\/en.wikipedia.org\/wiki\/Arthur_Leonard_Schawlow#Biography\">Biografia<\/a> | <\/span><a href=\"https:\/\/www.uccronline.it\/2012\/08\/12\/citazioni-di-scienziati-credenti-cristiani-e-cattolici\/#schawlow\" target=\"_blank\" rel=\"noreferrer noopener\"><span style=\"color: #0000ff;\">Citazioni<\/span><\/a>)<\/p>\n<p style=\"text-align: justify;\"><strong><a href=\"http:\/\/en.wikipedia.org\/wiki\/Cyril_Domb\"><span style=\"color: #0000ff;\">Cyril Domb<\/span><\/a><\/strong><em><strong><span style=\"color: #0000ff;\">,<\/span> <span style=\"color: #000000;\">1920, fisico e premio Born 1981, ebreo<\/span><\/strong><\/em><span style=\"color: #000000;\"> E\u2019 noto per le sue conferenze sulla teoria delle transizioni di fase e i fenomeni critici di liquidi. Professore emerito di Fisica presso la Bar-Ilan University e Presidente dell\u2019Associazione degli scienziati ebrei ortodossi. Credente e di fede ebraica.<\/span><\/p>\n<p style=\"text-align: justify;\"><strong><span style=\"color: #0000ff;\"><a style=\"color: #0000ff;\" href=\"http:\/\/it.wikipedia.org\/wiki\/Joseph_Murray\">Joseph E. Murray<\/a>,<\/span> <span style=\"color: #000000;\"><em>1919, chirurgo e premio Nobel per la Medicina, cattolico<\/em><\/span><\/strong><span style=\"color: #000000;\"> Vincitore del premio Nobel per la medicina nel 1990, per <em>\u00able scoperte riguardanti i trapianti di cellule e organi nel trattamento delle patologie umane\u00bb<\/em>. \u00c8 stato il primo a eseguire con successo un trapianto di reni tra due gemelli identici.<\/span> (<a href=\"https:\/\/www.uccronline.it\/2012\/08\/12\/citazioni-di-scienziati-credenti-cristiani-e-cattolici\/#murray\" target=\"_blank\" rel=\"noreferrer noopener\"><span style=\"color: #0000ff;\">Citazioni<\/span><\/a>)<\/p>\n<p style=\"text-align: justify;\"><strong><a href=\"http:\/\/it.wikipedia.org\/wiki\/Derek_Harold_Richard_Barton\">D<span style=\"color: #0000ff;\">erek H. R. Barton<\/span><\/a><span style=\"color: #0000ff;\">,<\/span> <span style=\"color: #000000;\"><em>1918, chimico e premio Nobel, cristiano<\/em><\/span><\/strong><span style=\"color: #000000;\"> Chimico britannico, vinse nel 1969 il premio Nobel per la chimica per i suoi contributi allo sviluppo del concetto di conformazione e le sue applicazioni in chimica, vincitore della medaglia Davy, della medaglia Copley e della medaglia Priestley. Il suo nome \u00e8 legato anche a una serie di reazioni chimiche come la reazione di Barton e la deossigenazione Barton-McCombie.<\/span> (<span style=\"color: #0000ff;\"><a style=\"color: #0000ff;\" href=\"https:\/\/www.uccronline.it\/2012\/08\/12\/citazioni-di-scienziati-credenti-cristiani-e-cattolici\/#barton\" target=\"_blank\" rel=\"noreferrer noopener\">Citazioni<\/a><\/span>)<\/p>\n<p style=\"text-align: justify;\"><span style=\"color: #0000ff;\"><strong><a style=\"color: #0000ff;\" href=\"https:\/\/it.wikipedia.org\/wiki\/Christian_Anfinsen\" target=\"_blank\" rel=\"noreferrer noopener\">Christian Boehmer Anfinsen<\/a><\/strong>,<\/span> <span style=\"color: #000000;\"><strong><em>1916, biochimico e premio Nobel, ebreo<\/em><\/strong> Vincitore del Nobel per la chimica nel 1972 per il suo lavoro sulla ribonucleasi, specialmente riguardo alla connessione tra la sequenza amminoacidica e la conformazione biologicamente attiva (dogma di Anfinsen). Lavor\u00f2 al National Institutes of Health e insegn\u00f2 biologia alla Universit\u00e0 Johns Hopkins. Credente e ebreo ortodosso<\/span>. (<a href=\"https:\/\/www.uccronline.it\/2012\/08\/12\/citazioni-di-scienziati-credenti-cristiani-e-cattolici\/#anfinsen\" target=\"_blank\" rel=\"noreferrer noopener\"><span style=\"color: #0000ff;\">Citazioni<\/span><\/a>)<\/p>\n<p style=\"text-align: justify;\"><span style=\"color: #0000ff;\"><strong><a style=\"color: #0000ff;\" href=\"http:\/\/en.wikipedia.org\/wiki\/Alvin_Radkowsky\">Alvin Radkowsky<\/a><\/strong><\/span><em><strong><span style=\"color: #0000ff;\">,<\/span> <span style=\"color: #000000;\">1915, fisico nucleare, ebreo<\/span><\/strong><\/em><span style=\"color: #000000;\"> Il suo lavoro ha portato importanti progressi nella tecnologia nucleare-nave e l\u2019uso civile del nucleare. Ha avviato il Thorium Power Inc e ha ricevuto infinti premi. Credente e ebreo ortodosso, ha scritto vari articoli su miracoli e la scienza.<\/span><\/p>\n<p style=\"text-align: justify;\"><span style=\"color: #0000ff;\"><strong><a style=\"color: #0000ff;\" href=\"http:\/\/it.wikipedia.org\/wiki\/Charles_Hard_Townes\">Charles Hard Townes<\/a><\/strong><\/span><em><strong><span style=\"color: #0000ff;\">,<\/span> <span style=\"color: #000000;\">1915, fisico e premio Nobel, cattolico)<\/span><\/strong><\/em><span style=\"color: #000000;\"> Svilupp\u00f2 gli apparati radar, concep\u00ec il primo maser. Ricevette il Nobel per la fisica con questa motivazione: \u201cper il lavoro fondamentale nel campo dell\u2019elettronica quantistica, che hanno portato alla costruzione di oscillatori e amplificatori basati sul principio del maser-laser\u201d. Credente e cattolico.<\/span><\/p>\n<p style=\"text-align: justify;\"><span style=\"color: #0000ff;\"><strong><a style=\"color: #0000ff;\" href=\"http:\/\/it.wikipedia.org\/wiki\/Fred_Hoyle\">Fred Hoyle<\/a><\/strong><\/span><em><strong><span style=\"color: #0000ff;\">, <\/span><span style=\"color: #000000;\">1915, astronomo, deista<\/span><\/strong><\/em><span style=\"color: #000000;\"> I suoi numerosi contributi scientifici vanno dalla spiegazione della genesi degli elementi \u201cpesanti\u201d a quella della frammentazione del gas in stelle, ma egli \u00e8 noto soprattutto come sostenitore della teoria cosmologica dello stato stazionario e dell\u2019ipotesi della Panspermia. E\u2019 stato conduttore di programmi di divulgazione scientifica di successo. Credente deista, ha abbandonato l\u2019ateismo (anche se alcuni lo definiscono agnostico) grazie allo studio del principio antropico<\/span>. (<span style=\"color: #0000ff;\"><a style=\"color: #0000ff;\" href=\"https:\/\/www.uccronline.it\/2012\/08\/12\/citazioni-di-scienziati-credenti-cristiani-e-cattolici\/#hoyle\" target=\"_blank\" rel=\"noreferrer noopener\">Citazioni<\/a><\/span>)<\/p>\n<p style=\"text-align: justify;\"><span style=\"color: #0000ff;\"><strong><a style=\"color: #0000ff;\" href=\"http:\/\/it.wikipedia.org\/wiki\/Roberto_Busa\">Roberto Busa<\/a><\/strong><\/span><em><strong><span style=\"color: #0000ff;\">,<\/span> <span style=\"color: #000000;\">1913, linguista, informatico e religioso, fondatore Linguistica computazionale, cattolico<\/span><\/strong><\/em><span style=\"color: #000000;\"> Padre Busa \u00e8 il fondatore della Linguistica computazionale, ha inventato l\u2019ipertesto per Internet, e ha realizzato l\u2019Index Thomisticus, monumentale lemmatizzazione dell\u2019opera omnia di Tommaso d\u2019Aquino e dei testi a lui pi\u00f9 strettamente collegati.<\/span> (<a href=\"http:\/\/www.osservatoreromano.va\/portal\/dt?JSPTabContainer.setSelected=JSPTabContainer%2FDetail&amp;last=false=&amp;path=\/news\/cultura\/2011\/184q11-Lettore-fermati----morto-padre-Busa.html&amp;title=%20%20%20Lettore%20fermati!%20%C3%88%20morto%20padre%20Busa%20%20%20&amp;locale=it\"><span style=\"color: #0000ff;\">Biografia<\/span><\/a>)<\/p>\n<p style=\"text-align: justify;\"><span style=\"color: #0000ff;\"><strong><a style=\"color: #0000ff;\" href=\"http:\/\/it.wikipedia.org\/wiki\/Wernher_von_Braun\">Wernher von Braun<\/a><\/strong><\/span><em><strong>, <span style=\"color: #000000;\">1912, scienziato e ingegnere, cristiano<\/span><\/strong><\/em><span style=\"color: #000000;\"> Von Braun fu il primo direttore della Nasa e una delle figure principali nello sviluppo della missilistica in Germania e negli Stati Uniti. E\u2019 ritenuto il capostipite del programma spaziale americano. Prima e durante la Seconda guerra mondiale ha lavorato allo sviluppo dei razzi in Germania, campo in cui ottenne successi senza precedenti. Credente e cristiano luterano. (vedi una sua biografia e una delle sue lettere<\/span>. (<span style=\"color: #0000ff;\"><a style=\"color: #0000ff;\" href=\"http:\/\/www.disf.org\/ScienziatiCredenti\/vonBraun.asp\">Biografia<\/a> | <\/span><a href=\"https:\/\/www.uccronline.it\/2012\/08\/12\/citazioni-di-scienziati-credenti-cristiani-e-cattolici\/#braun\" target=\"_blank\" rel=\"noreferrer noopener\"><span style=\"color: #0000ff;\">Citazioni<\/span><\/a>)<\/p>\n<p style=\"text-align: justify;\"><span style=\"color: #0000ff;\"><strong><a style=\"color: #0000ff;\" href=\"http:\/\/it.wikipedia.org\/wiki\/Enrico_Medi\">Enrico Medi<\/a><\/strong><\/span><em><strong>, <span style=\"color: #000000;\">1911, fisico e politico, cattolico<\/span><\/strong><\/em><span style=\"color: #000000;\"> Direttore dell\u2019Istituto Nazionale di Geofisica e Vicepresidente dell\u2019Euratom. Noto per i lavori con il radar e l\u2019ipotesi di fasce ionizzanti nell\u2019alta atmosfera, oggi note come fasce di Van Allen. Credente e fermamente cattolico<\/span>. (<a href=\"http:\/\/www.disf.org\/ScienziatiCredenti\/Medi.asp\"><span style=\"color: #0000ff;\">Biografia<\/span><\/a>)<\/p>\n<p style=\"text-align: justify;\"><strong><a href=\"http:\/\/it.wikipedia.org\/wiki\/Melvin_Calvin\" target=\"_blank\" rel=\"noreferrer noopener\"><span style=\"color: #0000ff;\">Melvin Calvin<\/span><\/a>, <\/strong><span style=\"color: #000000;\"><em><strong>1911, biochimico e premio Nobel, ebreo<\/strong><\/em> Nobel per la chimica grazie ai suoi studi sulla fotosintesi e per la scoperta del ciclo di Calvin.<\/span> (<a href=\"https:\/\/www.uccronline.it\/2012\/08\/12\/citazioni-di-scienziati-credenti-cristiani-e-cattolici\/#calvin\" target=\"_blank\" rel=\"noreferrer noopener\"><span style=\"color: #0000ff;\">Citazioni<\/span><\/a><span style=\"color: #0000ff;\">)<\/span><\/p>\n<p style=\"text-align: justify;\"><strong><a href=\"http:\/\/en.wikipedia.org\/wiki\/Charles_Coulson\"><span style=\"color: #0000ff;\">Charles Alfred Coulson<\/span><\/a><\/strong><em><strong>, <span style=\"color: #000000;\">1910, chimico, cristiano<\/span><\/strong><\/em><span style=\"color: #000000;\"> Ha ricoperto incarichi presso l\u2019University of St Andrews, l\u2019University College London, il King\u2019s College London, e l\u2019University of Oxford. Pubblic\u00f2 importanti lavori su le strutture molecolari atomiche e divenne socio fondatore del \u201cBoard of the journal Molecular Physics\u201d e suo primo editore. Divenne membro dell\u2019International Academy of Quantum Molecular Science e vinse la Davy Medal della Royal Society. Scrisse molto su \u201cscienza e cristianesimo\u201d e dell\u2019uso responsabile della scienza. Credente e cristiano metodista.<\/span><\/p>\n<p style=\"text-align: justify;\"><strong><a href=\"http:\/\/en.wikipedia.org\/wiki\/Carlos_Chagas_Filho\"><span style=\"color: #0000ff;\">Carlos Chagas Filho<\/span><\/a><\/strong><em><strong>, <span style=\"color: #000000;\">1910, neuroscienziato e biologi, cattolico<\/span><\/strong><\/em><span style=\"color: #000000;\"> Conosciuto a livello internazionale per le sue ricerche sui meccanismi neurali alla base del fenomeno della elettrogenesi, ha fondato l\u2019Istituto di Biofisica dell\u2019Universit\u00e0 Federale di Rio de Janeiro ed \u00e8 stato presidente della Accademia Brasiliana di Scienze (1965-1967). Cattolico, \u00e8 stato presidente per 16 anni della Pontificia Accademia delle Scienze dello Stato del Vaticano<\/span>. (<a href=\"https:\/\/www.uccronline.it\/2012\/08\/12\/citazioni-di-scienziati-credenti-cristiani-e-cattolici\/#filho\" target=\"_blank\" rel=\"noreferrer noopener\"><span style=\"color: #0000ff;\">Citazioni<\/span><\/a>)<\/p>\n<p style=\"text-align: justify;\"><span style=\"color: #0000ff;\"><strong><a style=\"color: #0000ff;\" href=\"http:\/\/it.wikipedia.org\/wiki\/Takashi_Paolo_Nagai\">Takashi Paolo Nagai<\/a><\/strong><\/span><em><strong><span style=\"color: #0000ff;\">, <\/span><span style=\"color: #000000;\">1908, medico radiologo, cattolico<\/span><\/strong><\/em><span style=\"color: #000000;\"> Studioso di radiologia, sar\u00e0 un superstite del bombardamento atomico di Nagasaki. Credente, si convertir\u00e0 al cattolicesimo diventando un mirabile esempio di umanit\u00e0 e professionalit\u00e0 medica.<\/span> (<span style=\"color: #0000ff;\"><a style=\"color: #0000ff;\" href=\"http:\/\/www.disf.org\/ScienziatiCredenti\/Nagai.asp\">Biografia<\/a><\/span>)<\/p>\n<p style=\"text-align: justify;\"><span style=\"color: #0000ff;\"><strong><a style=\"color: #0000ff;\" href=\"http:\/\/dbe.rah.es\/biografias\/36012\/federico-soto-yarritu\">Soto Yarritu, Federico<\/a><\/strong><\/span><em><strong>, <span style=\"color: #000000;\">1906, psichiatra e psicologo, cattolico<\/span><\/strong><\/em><span style=\"color: #000000;\"> Direttore del manicomio di Pamplona, \u200b\u200bha introdotto tecniche di terapia comunitaria in ospedale e sviluppato metodi di esplorazione biologica, \u00e8 considerato il padre dell\u2019elettroencefalografia. Ha fondato l\u2019Istituto di Psicologia Applicata e Psicotecnica di Navarra, di cui \u00e8 stato direttore tra il 1961 e il 1976, professore di Psichiatria all\u2019Universit\u00e0 di Navarra e presidente della Associazione di Neuropsichiatria spagnola e della Societ\u00e0 di Psicologia spagnola. Credente e cattolico devoto.<\/span> (<span style=\"color: #0000ff;\"><a style=\"color: #0000ff;\" href=\"https:\/\/www.uccronline.it\/wp-content\/uploads\/2010\/12\/20200822religionenlibertad.pdf\">Biografia<\/a>)<\/span><\/p>\n<p style=\"text-align: justify;\"><span style=\"color: #0000ff;\"><strong><a style=\"color: #0000ff;\" href=\"http:\/\/en.wikipedia.org\/wiki\/Ernst_Boris_Chain\">Ernst Boris Chain<\/a><\/strong><\/span><em><strong><span style=\"color: #0000ff;\">,<\/span> <span style=\"color: #000000;\">1906, biochimico e premio Nobel, ebreo<\/span><\/strong><\/em><span style=\"color: #000000;\"> Assieme all\u2019anatomopatologo australiano Howard Walter Florey isol\u00f2 e purific\u00f2 la penicillina, vincendo cos\u00ec il Premio Nobel per la medicina. Credente di fede ebraica.<\/span> (<a href=\"https:\/\/www.uccronline.it\/2012\/08\/12\/citazioni-di-scienziati-credenti-cristiani-e-cattolici\/#catena\" target=\"_blank\" rel=\"noreferrer noopener\"><span style=\"color: #0000ff;\">Citazion<\/span>i<\/a>)<\/p>\n<p style=\"text-align: justify;\"><span style=\"color: #0000ff;\"><strong><a style=\"color: #0000ff;\" href=\"http:\/\/www.disf.org\/ScienziatiCredenti\/Morren.asp\">Lucien Morren<\/a><\/strong><\/span><em><strong>, <span style=\"color: #000000;\">1906, ingegnere ed elettrotecnico, cattolico<\/span><\/strong><\/em><span style=\"color: #000000;\"> Stimato docente di elettrotecnica presso la Facolt\u00e0 di Ingegneria dell\u2019Universit\u00e0 Cattolica di Louvain La Neuve e fondatore e presidente del SIQS (Segretariato Internazionale per le Questioni Scientifiche). Credente e cattolico, scrisse pi\u00f9 volte sulla responsabilit\u00e0 degli scienziati cattolici nel mondo.<\/span> <span style=\"color: #0000ff;\">(<a style=\"color: #0000ff;\" href=\"http:\/\/www.disf.org\/ScienziatiCredenti\/Morren.asp\">Biografia<\/a> | <a style=\"color: #0000ff;\" href=\"https:\/\/www.uccronline.it\/2012\/08\/12\/citazioni-di-scienziati-credenti-cristiani-e-cattolici\/#morren\" target=\"_blank\" rel=\"noreferrer noopener\">Citazioni<\/a><\/span>)<\/p>\n<p style=\"text-align: justify;\"><span style=\"color: #0000ff;\"><strong><a style=\"color: #0000ff;\" href=\"http:\/\/www.treccani.it\/enciclopedia\/sergio-tonzig\/\">Sergio Tonzig<\/a><\/strong><\/span><em><strong>, <span style=\"color: #000000;\">1905, botanico, cattolico<\/span><\/strong><\/em><span style=\"color: #000000;\"> Studioso insigne nel campo delle Scienze Botaniche, professore dell\u2019Universit\u00e0 degli Studi di Milano e per lunghi anni direttore del relativo Istituto Botanico, socio nazionale dell\u2019Accademia dei Lincei, membro dell\u2019Istituto Lombardo Accademia di Scienze, Lettere ed Arti, fondatore del Centro di Studio del CNR sulla Biologia Cellulare e Molecolare delle Piante, medaglia d\u2019oro del Presidente della Repubblica come benemerito della scuola e della cultura, autore di un fondamentale trattato di Botanica, fu maestro venerato ed amato da generazioni di studenti, ricercatori e studiosi. Sotto la sua guida l\u2019Universit\u00e0 degli Studi di Milano svilupp\u00f2 una prestigiosa scuola di biologia vegetale<\/span>. (<a href=\"http:\/\/www.giovannitonzig.it\/index.html\"><span style=\"color: #0000ff;\">Biografia<\/span><\/a>)<\/p>\n<p style=\"text-align: justify;\"><span style=\"color: #0000ff;\"><strong><a style=\"color: #0000ff;\" href=\"http:\/\/it.wikipedia.org\/wiki\/John_Eccles\">John Carew Eccles<\/a><\/strong><\/span><em><strong><span style=\"color: #0000ff;\">,<\/span> <span style=\"color: #000000;\">1903, neurofisiologo e premio Nobel, cattolico<\/span><\/strong><\/em><span style=\"color: #000000;\"> Premio Nobel per la Medicina nel 1963, autore di scoperte fondamentali sulla fisiologia di neuroni ed in particolare sul meccanismo biochimico dell\u2019impulso nervoso. Credente e cattolico<\/span>. (<span style=\"color: #0000ff;\"><a style=\"color: #0000ff;\" href=\"http:\/\/en.wikipedia.org\/wiki\/John_Eccles_%28neurophysiologist%29\">Biografia<\/a> | <a style=\"color: #0000ff;\" href=\"https:\/\/www.uccronline.it\/2012\/08\/12\/citazioni-di-scienziati-credenti-cristiani-e-cattolici\/#eccles\" target=\"_blank\" rel=\"noreferrer noopener\">Citazioni<\/a><\/span>)<\/p>\n<p style=\"text-align: justify;\"><strong><a href=\"https:\/\/en.wikipedia.org\/wiki\/Ernest_Walton\">E<span style=\"color: #0000ff;\">rnest Walton<\/span><\/a><\/strong><em><strong><span style=\"color: #0000ff;\">,<\/span> <span style=\"color: #000000;\">1903, fisico, premio Nobel e cristiano <\/span><\/strong><\/em><span style=\"color: #000000;\">\u00a0Fisico irlandese, vincitore del premio Nobel per la fisica nel 1951, per il loro lavoro pionieristico sulla mutazione dei nuclei atomici tramite particelle atomiche accelerate artificialmente. Cresciuto come cristiano metodista, Walton era molto impegnato a proclamare la fede cristiana e attivo nella sua Chiesa, intervenendo pi\u00f9 volte sul prolifico rapporto tra fede e scienza, anche dopo la vittoria del Nobel, ha incoraggiato il progresso scientifico come un metodo per conoscere meglio Dio.<\/span> (<span style=\"color: #0000ff;\"><a style=\"color: #0000ff;\" href=\"https:\/\/www.uccronline.it\/2012\/08\/12\/citazioni-di-scienziati-credenti-cristiani-e-cattolici\/#walton\" target=\"_blank\" rel=\"noreferrer noopener\">Citazioni<\/a><\/span>)<\/p>\n<p style=\"text-align: justify;\"><span style=\"color: #0000ff;\"><strong><a style=\"color: #0000ff;\" href=\"http:\/\/en.wikipedia.org\/wiki\/Henry_Margenau\">Henry Margenau<\/a><\/strong><\/span><em><strong><span style=\"color: #0000ff;\">, <\/span><span style=\"color: #000000;\">1901, fisico e filosofo della scienza, cristiano<\/span><\/strong><\/em><span style=\"color: #000000;\">. Membro dell\u2019Institute for Advanced Study di Princeton e del MIT Radiation Laboratory. Durante la sua lunga carriera egli ha fornito supporto all\u2019U.S. Air Force, all\u2019U.S. National Bureau of Standards e agli Argonne National Laboratory. Ha poi investigato le forze intermoleculari, la spettroscopia e la fisica nucleare. Devoto cristiano, ha scritto molto sul rapporto tra scienza e religione.<\/span><\/p>\n<p style=\"text-align: justify;\"><span style=\"color: #0000ff;\"><strong><a style=\"color: #0000ff;\" href=\"http:\/\/en.wikipedia.org\/wiki\/Henry_Eyring\">Henry Eyring<\/a><\/strong><\/span><em><strong>, <span style=\"color: #000000;\">1901, chimico e premio Wolf, cristiano<\/span><\/strong><\/em><span style=\"color: #000000;\"> Ha dato il suo maggiore contributo allo studio delle velocit\u00e0 delle reazioni chimiche e degli intermedi di reazione. Vincitore del premio Wolf per la chimica e della National Medal of Science, presidente dell\u2019American Chemical Society e della American Association for the Advancement of Science. Cristiano, \u00e8 stato primo Consigliere della Prima Presidenza della Chiesa di Ges\u00f9 Cristo dei santi degli ultimi giorni<\/span>. (<a href=\"https:\/\/www.uccronline.it\/2012\/08\/12\/citazioni-di-scienziati-credenti-cristiani-e-cattolici\/#eyring\" target=\"_blank\" rel=\"noreferrer noopener\"><span style=\"color: #0000ff;\">Citazioni<\/span><\/a>)<\/p>\n<p style=\"text-align: justify;\"><strong><a href=\"http:\/\/it.wikipedia.org\/wiki\/Werner_Karl_Heisenberg\">W<span style=\"color: #0000ff;\">erner Karl Heisenberg<\/span><\/a><\/strong><em><strong><span style=\"color: #0000ff;\">,<\/span> <span style=\"color: #000000;\">1901, fisico e premio Nobel, cristiano<\/span><\/strong><\/em><span style=\"color: #000000;\"> Premio Nobel per la Fisica nel 1932, \u00e8 considerato uno dei fondatori della meccanica quantistica. E\u2019 famosissimo il suo principio di indeterminazione. Credente e vicino al cristianesimo anche se non confidava in un Dio personale.<\/span> (<span style=\"color: #0000ff;\"><a style=\"color: #0000ff;\" href=\"http:\/\/www.disf.org\/Documentazione\/123.asp\">Biografia<\/a> | <\/span><a href=\"https:\/\/www.uccronline.it\/2012\/08\/12\/citazioni-di-scienziati-credenti-cristiani-e-cattolici\/#heisenberg\" target=\"_blank\" rel=\"noreferrer noopener\"><span style=\"color: #0000ff;\">Citazioni<\/span><\/a>)<\/p>\n<p style=\"text-align: justify;\"><span style=\"color: #0000ff;\"><strong><a style=\"color: #0000ff;\" href=\"http:\/\/it.wikipedia.org\/wiki\/Luigi_Fantappi%C3%A9\">Luigi Fantappi\u00e9<\/a><\/strong><\/span><em><strong><span style=\"color: #0000ff;\">,<\/span> <span style=\"color: #000000;\">1901, matematico, deista)<\/span><\/strong><\/em><span style=\"color: #000000;\"> Professore in varie universit\u00e0 italiane, fond\u00f2 l\u2019istituto di matematica dell\u2019Universit\u00e0 di San Paolo in Brasile. Fu il creatore della teoria dei funzionali analitici. Propose una possibile estensione su scala cosmica della relativit\u00e0 ristretta. Grazie ai suoi studi arriv\u00f2 a credere in un Essere superiore che chiamava \u201cDio\u201d<\/span>. (<a href=\"http:\/\/www.disf.org\/ScienziatiCredenti\/Fantappie.asp\" target=\"_blank\" rel=\"noreferrer noopener\"><span style=\"color: #0000ff;\">Biografia<\/span><\/a>)<\/p>\n<p style=\"text-align: justify;\"><strong><a href=\"http:\/\/it.wikipedia.org\/wiki\/Enrico_Fermi\"><span style=\"color: #0000ff;\">Enrico Fermi<\/span><\/a><\/strong><em><strong>, <span style=\"color: #000000;\">1901, fisico cattolico e Premio Nobel per la fisica<\/span><\/strong><\/em><span style=\"color: #000000;\"> Universalmente riconosciuto come uno dei pi\u00f9 grandi scienziati di tutti i tempi, \u00e8 noto per i suoi studi teorici e sperimentali nell\u2019ambito della meccanica quantistica. In suo onore venne dato il nome ad un elemento della tavola periodica, il Fermio e un sottomultiplo del metro. Progett\u00f2 e guid\u00f2 la costruzione del primo reattore nucleare a fissione. Premio Nobel per la fisica, credente e vicino al cattolicesimo. (<span style=\"color: #0000ff;\"><a style=\"color: #0000ff;\" href=\"http:\/\/it.wikiquote.org\/wiki\/Enrico_Fermi\" target=\"_blank\" rel=\"noreferrer noopener\">Biografia<\/a><\/span>)<\/span><\/p>\n<p style=\"text-align: justify;\"><span style=\"color: #0000ff;\"><strong><a style=\"color: #0000ff;\" href=\"http:\/\/en.wikipedia.org\/wiki\/Theodosius_Dobzhansky\">Theodosius Dobzhansky<\/a><\/strong><\/span><em><strong><span style=\"color: #0000ff;\">,\u00a0<\/span><span style=\"color: #000000;\">1900, genetista e biologo cristiano<\/span><\/strong><\/em><span style=\"color: #000000;\"> E\u2019 stato coautore della sintesi moderna, ovvero la revisione moderna del darwinismo e ha avuto un ruolo fondamentale nello sviluppo della comprensione dei meccanismi di evoluzione. Nel 1964 ha ricevuto la National Medal of Science e nel 1973 la Franklin Medal. Cristiano e fiero avversario del riduzionismo scientifico<\/span>. (<a href=\"https:\/\/www.uccronline.it\/2012\/08\/12\/citazioni-di-scienziati-credenti-cristiani-e-cattolici\/#dobzhansky\" target=\"_blank\" rel=\"noreferrer noopener\"><span style=\"color: #0000ff;\">Citazioni<\/span><\/a>)<\/p>\n<p style=\"text-align: center;\"><span style=\"color: #003300;\"><strong>_________________________<\/strong><\/span><\/p>\n<h4 style=\"text-align: center;\"><span style=\"color: #000000;\"><strong>SCIENZIATI CREDENTI IN ETA\u2019 MODERNA <\/strong><\/span><\/h4>\n<p style=\"text-align: justify;\"><span style=\"color: #000000;\"><span style=\"color: #0000ff;\"><strong><a style=\"color: #0000ff;\" href=\"http:\/\/en.wikipedia.org\/wiki\/Gordon_W._Allport\">Gordon Willard Allport<\/a><\/strong><\/span><em><strong>, 1897, psicologo, cristiano<\/strong><\/em>. Allport ha concentrato i suoi studi sulla personalit\u00e0 umana ed \u00e8 uno dei fondatori della figura della personalit\u00e0 psicologica. Ha contribuito alla formazione della Values Scales e ha rigettato l\u2019uso della psicoanalisi nell\u2019approccio alla personalit\u00e0. Allport \u00e8 anche conosciuto per i \u201ctratti\u201d psicologici. Cristiano protestante, ha scritto molto sulla psicologia della religione.<\/span><\/p>\n<p style=\"text-align: justify;\"><span style=\"color: #0000ff;\"><strong><a style=\"color: #0000ff;\" href=\"https:\/\/es.wikipedia.org\/wiki\/Arturo_Duperier_Vallesa\">Arturo Duperier<\/a><\/strong><\/span><em><strong><span style=\"color: #0000ff;\">,<\/span><span style=\"color: #000000;\"> 1896, fisico, cattolico<\/span><\/strong><\/em><span style=\"color: #003300;\"><span style=\"color: #000000;\">. Specialista nella fisica delle particelle, \u00e8 noto in particolare per i suoi studi sulla radiazione cosmica, una delle grandi figure internazionali della fisica degli anni \u201940. Cattolico praticante, frequentava ogni giorno la Messa<\/span>.<\/span> (<span style=\"color: #0000ff;\"><a style=\"color: #0000ff;\" href=\"https:\/\/www.religionenlibertad.com\/ciencia_y_fe\/158990378\/Exposicion-en-Madrid-sobre-el-gran-fisico-Arturo-Duperier-catolico-y-depurado-por-el-franquismo.html\" target=\"_blank\" rel=\"noreferrer noopener\">Biografia<\/a><\/span>)<\/p>\n<p style=\"text-align: justify;\"><span style=\"color: #0000ff;\"><strong><a style=\"color: #0000ff;\" href=\"http:\/\/en.wikipedia.org\/wiki\/E._A._Milne\">Edward Arthur Milne<\/a><\/strong><\/span><em><strong>, <span style=\"color: #000000;\">1896, astronomo e matematico cristiano)<\/span><\/strong><span style=\"color: #000000;\">.<\/span><\/em><span style=\"color: #000000;\"> Lo studio principale di Milne fu dedicato all\u2019astrofisica teorica e a partire dal 1932 svilupp\u00f2 una toria della relativit\u00e0 alternativa a quella di Einstein. Vinse la Medaglia d\u2019oro della Royal Astronomical Society. Un cratere lunare porta il suo nome. Nel suo libro <em>\u201cModern Cosmology and the Christian Idea of God\u201d<\/em>, affronta le motivazioni della sua fede cristiana e del rapporto con la scienza.<\/span> (<span style=\"color: #0000ff;\"><a style=\"color: #0000ff;\" href=\"https:\/\/www.uccronline.it\/2012\/08\/12\/citazioni-di-scienziati-credenti-cristiani-e-cattolici\/#milne\" target=\"_blank\" rel=\"noreferrer noopener\">Citazioni<\/a><\/span>)<\/p>\n<p style=\"text-align: justify;\"><span style=\"color: #0000ff;\"><strong><a style=\"color: #0000ff;\" href=\"http:\/\/it.wikipedia.org\/wiki\/Georges_Lemaitre\">Georges Lemaitre <\/a><\/strong><\/span><em><strong><span style=\"color: #0000ff;\">,<\/span> <span style=\"color: #000000;\">1894, astronomo e religioso cattolico, Fondatore della teoria cosmologica moderna)<\/span><\/strong><\/em><span style=\"color: #000000;\"> E\u2019 considerato il padre della cosmologia moderna. Fu il primo a dare prove dell\u2019espansione dell\u2019universo e nel 1927 pubblic\u00f2 la teoria del Big Bang, basata sulla relativit\u00e0 generale. Credente e religioso cattolico. <\/span>(<a href=\"http:\/\/www.disf.org\/ScienziatiCredenti\/Lemaitre.asp\"><span style=\"color: #0000ff;\">Biografia<\/span><\/a>)<\/p>\n<p style=\"text-align: justify;\"><span style=\"color: #0000ff;\"><strong><a style=\"color: #0000ff;\" href=\"http:\/\/it.wikipedia.org\/wiki\/Norbert_Wiener\">Norbert Wiener<\/a> <\/strong><\/span><span style=\"color: #000000;\"><em><strong>(1894, Matematico e statistico ebreo, Fondatore cibernetica<\/strong><\/em> Famoso per ricerche sul calcolo delle probabilit\u00e0 ma soprattutto per gli sviluppi dati alla teoria dell\u2019informazione essendo riconosciuto come il padre della cibernetica moderna. Credente e ebreo, una delle sue opere pi\u00f9 importanti s\u2019intitola \u201cDio e Golem SpA. Cibernetica e religione\u201d, dove descrive gli aspetti morali legati all\u2019introduzione delle nuove tecnologie. \u00a0<\/span><\/p>\n<p style=\"text-align: justify;\"><span style=\"color: #0000ff;\"><strong><a style=\"color: #0000ff;\" href=\"http:\/\/it.wikipedia.org\/wiki\/Arthur_Compton\">Arthur Holly Compton<\/a> <\/strong><\/span><em><strong>,<span style=\"color: #000000;\"> 1892, fisico e premio Nobel, cristiano<\/span><\/strong><\/em><span style=\"color: #000000;\"> Celebre fisico, ha vinto il Premio Nobel per la fisica nel 1927 per la scoperta dell\u2019effetto che porta il suo nome. Ha inventato un metodo per dimostrare la rotazione della Terra e ha anche sviluppato un sistema per osservare nello stesso istante i singoli fotoni scatterati dei raggi X e gli elettroni prodotti. Credente e cristiano battista. <\/span>(<span style=\"color: #0000ff;\"><a style=\"color: #0000ff;\" href=\"http:\/\/en.wikipedia.org\/wiki\/Arthur_Compton\">Biografia<\/a> | <a style=\"color: #0000ff;\" href=\"http:\/\/dallaragioneallafede.blogspot.com\/2009\/10\/citazione-di-grandi-uomini-j-k-l.html\">Citazioni<\/a><\/span>)<\/p>\n<p style=\"text-align: justify;\"><span style=\"color: #0000ff;\"><strong><a style=\"color: #0000ff;\" href=\"http:\/\/it.wikipedia.org\/wiki\/Karl_Polanyi\">Michael Polanyi<\/a><\/strong><\/span><em><strong><span style=\"color: #0000ff;\">,<\/span> <span style=\"color: #000000;\">1891, antropologo, filosofo ed economista cristiano<\/span><\/strong><\/em><span style=\"color: #000000;\"> Studioso di profonda sensibilit\u00e0 si occup\u00f2 di chimica, di ricerche sulle molecole, sugli atomi, sulle particelle e i legami energetici. Si concentr\u00f2 poi sulle relazioni tra la comunit\u00e0 scientifica e la cultura politica e la filosofia. Credente e cristiano battista, difensore della razionalit\u00e0 della fede<\/span>. (<span style=\"color: #0000ff;\"><a style=\"color: #0000ff;\" href=\"http:\/\/www.disf.org\/ScienziatiCredenti\/Polanyi.asp\">Biografia<\/a> | <\/span><a href=\"http:\/\/www.disf.org\/Documentazione\/21.asp\"><span style=\"color: #0000ff;\">Citazioni<\/span><\/a>)<\/p>\n<p style=\"text-align: justify;\"><strong><a href=\"http:\/\/it.wikipedia.org\/wiki\/Ronald_Fisher\">R<span style=\"color: #0000ff;\">onald Fisher<\/span><\/a><\/strong><em><strong>, <span style=\"color: #000000;\">1890, statistico e matematico cristiano, Fondatore statistica moderna<\/span><\/strong><\/em><span style=\"color: #003300;\"><span style=\"color: #000000;\"> Biologo e genetista, \u00e8 stato definito da Richard Dawkins \u201cil pi\u00f9 grande dei successori di Darwin\u201d (vedi <a style=\"color: #000000;\" href=\"http:\/\/en.wikipedia.org\/wiki\/Ronald_Fisher\">Wikienglish<\/a>). Pesidente della Royal Statistical Society, della Soci\u00e9t\u00e9 de Biom\u00e9trie e dell\u2019Istituto Internazionale di Statistica (IIS), ha fatto della statistica una scienza moderna, fondandone i concetti di riferimento. Devoto cristiano, membro della Chiesa di Inghilterra, conservatore e appassionato delle Sacre Scritture. Pi\u00f9 volte spieg\u00f2 la differenza tra la fede razionale e la fede \u201ccredulona\u201d<\/span>.<\/span> (<a href=\"https:\/\/www.uccronline.it\/2010\/07\/29\/dawkins-%C2%ABlanglicano-fisher-e-il-piu-grande-dei-darwinisti%C2%BB\/\"><span style=\"color: #0000ff;\">Citazioni<\/span><\/a>)<\/p>\n<p style=\"text-align: justify;\"><strong><a href=\"http:\/\/www.disf.org\/ScienziatiCredenti\/Schebesta.asp\"><span style=\"color: #0000ff;\">Paul Joachim Schebesta<\/span><\/a><\/strong><em><strong><span style=\"color: #0000ff;\">, <\/span><span style=\"color: #000000;\">1887, antropologo, entologo, scopritore e religioso, cattolico<\/span><\/strong><\/em><span style=\"color: #000000;\"> Considerato ancora oggi insuperato negli studi sui Pigmei e sui Semang, ha offerto nei suoi lavori una panoramica approfondita e interessanti spunti di studio sui concetti religiosi primitivi. Credente e religioso cattolico.<\/span><\/p>\n<p style=\"text-align: justify;\"><strong><a href=\"https:\/\/it.wikipedia.org\/wiki\/Rudolf_Allers\"><span style=\"color: #0000ff;\">Rudolf Allers<\/span><\/a><\/strong><em><strong>, <span style=\"color: #000000;\">1883, psichiatra, cattolico<\/span><\/strong><\/em><span style=\"color: #000000;\"> Insegn\u00f2 dapprima nell\u2019universit\u00e0 di Vienna (1919), poi a Washington in due diverse universit\u00e0. Da molti definito \u201cl\u2019anti-Freud\u201d per la sua critica alla psicoanalisi. Fu sempre un devoto cattolico. <\/span>(<span style=\"color: #0000ff;\"><a style=\"color: #0000ff;\" href=\"https:\/\/www.uccronline.it\/2015\/03\/07\/lo-psicologo-rudolf-allers-lunico-libero-dalla-nevrosi-e-luomo-che-accetta-di-essere-creatura\/\" target=\"_blank\" rel=\"noreferrer noopener\">Biografia<\/a> | <\/span><a href=\"https:\/\/www.uccronline.it\/2012\/08\/12\/citazioni-di-scienziati-credenti-cristiani-e-cattolici\/#allers\" target=\"_blank\" rel=\"noreferrer noopener\"><span style=\"color: #0000ff;\">Citazioni<\/span><\/a>)<\/p>\n<p style=\"text-align: justify;\"><strong><a href=\"http:\/\/it.wikipedia.org\/wiki\/Karl_Jaspers\"><span style=\"color: #0000ff;\">Karl Theodor Jaspers<\/span><\/a><\/strong><em><strong>, <span style=\"color: #000000;\">1883, filosofo e psichiatra, cristiano<\/span><\/strong><\/em><span style=\"color: #000000;\"> Massimo esponente dell\u2019esistenzialismo tedesco, ha dato un notevole impulso alle riflessioni nel campo della psichiatria, della filosofia, della teologia e della politica. Vicino al cristianesimo e appartenente alla corrente del liberalismo religioso, fu geloso custode e assertore di una fede individuatimene avvertita e rivendicata.<\/span><\/p>\n<p style=\"text-align: justify;\"><span style=\"color: #0000ff;\"><strong><a style=\"color: #0000ff;\" href=\"http:\/\/it.wikipedia.org\/wiki\/Pavel_Aleksandrovi%C4%8D_Florenskij\">Pavel Aleksandrovi\u010d Florenskij<\/a><\/strong><\/span><em><strong><span style=\"color: #0000ff;\">,<\/span> <span style=\"color: #000000;\">1882\u20131937, filosofo, matematico e religioso, cristiano<\/span><\/strong><\/em><span style=\"color: #000000;\"> Spesso definito come il Pascal russo, o il Leonardo da Vinci della Russia, il suo contributo svilupp\u00f2 una vasta gamma di implicazioni che si muovono dal campo strettamente teologico alla filosofia della scienza. Credente e sacerdote ortodosso.<\/span> (<a href=\"http:\/\/www.disf.org\/ScienziatiCredenti\/Florenskij.asp\"><span style=\"color: #0000ff;\">Biografia<\/span><\/a>)<\/p>\n<p style=\"text-align: justify;\"><strong><span style=\"color: #0000ff;\"><a style=\"color: #0000ff;\" href=\"http:\/\/en.wikiquote.org\/wiki\/Arthur_Eddington\">Arthur Stanley Eddington<\/a>,<\/span> <\/strong><span style=\"color: #000000;\"><em><strong>1882, astrofisico, cristiano<\/strong><\/em> Fu uno dei pi\u00f9 importanti astrofisici dell\u2019inizio del XX secolo, scopr\u00ec il limite che porta il suo nome. \u00c8 comunque conosciuto per le sue ricerche riguardanti la teoria della relativit\u00e0. Fu il primo ad ipotizzare che la sorgente di energia delle stelle provenisse dalla fusione nucleare dell\u2019idrogeno in elio e si concentr\u00f2 su quella che lui definiva la sua teoria fondamentale (con lo scopo di unificare la teoria quantistica, la teoria della relativit\u00e0 e le leggi della gravitazione). Devoto cristiano, scrisse molto sulla piena conciliabilit\u00e0 della scienza e della fede<\/span>. <span style=\"color: #0000ff;\">(<a style=\"color: #0000ff;\" href=\"https:\/\/www.uccronline.it\/2012\/08\/12\/citazioni-di-scienziati-credenti-cristiani-e-cattolici\/#eddington\" target=\"_blank\" rel=\"noreferrer noopener\">Citazioni<\/a>)<\/span><\/p>\n<p style=\"text-align: justify;\"><span style=\"color: #0000ff;\"><strong><a style=\"color: #0000ff;\" href=\"http:\/\/it.wikipedia.org\/wiki\/Filippo_Cecchi\">Filippo Cecchi<\/a><\/strong><\/span><em><strong><span style=\"color: #0000ff;\">,<\/span> <span style=\"color: #000000;\">1882, fisico, inventore e religioso, cattolico<\/span><\/strong><\/em><span style=\"color: #000000;\"> Direttore dell\u2019Osservatorio Ximeniano di Firenze dal 1872, dell\u2019Ordine degli Scolopi, \u00e8 ricordato per essere il costruttore del termometro e barometro della Loggia dell\u2019Orcagna, ide\u00f2 e realizz\u00f2 personalmente vari tipi di sismografi, costru\u00ec un motore elettromagnetico, di due nefoscopi. Venne eletto vicepresidente della Societ\u00e0 Meteorologica Italiana (da lui fondata insieme a don Francesco Denza). Credente e sacerdote cattolico<\/span> (<a href=\"http:\/\/www.gliscritti.it\/blog\/entry\/1106\" target=\"_blank\" rel=\"noreferrer noopener\"><span style=\"color: #0000ff;\">Biografia<\/span><\/a>)<\/p>\n<p style=\"text-align: justify;\"><strong><span style=\"color: #0000ff;\"><a style=\"color: #0000ff;\" href=\"http:\/\/en.wikipedia.org\/wiki\/Max_Born\" target=\"_blank\" rel=\"noreferrer noopener\">Max Born<\/a>,<\/span> <span style=\"color: #000000;\"><em>1882, fisico, matematico e premio Nobel, cristiano\/deista<\/em><\/span><\/strong><span style=\"color: #000000;\">. Risolse l\u2019Equazione di Schr\u00f6dinger della meccanica quantistica, per la quale si aggiudic\u00f2 il Premio Nobel per la fisica. Insegn\u00f2 presso l\u2019Universit\u00e0 di Cambridge e di Edimburgo. Si convert\u00ec dal giudaismo al cristianesimo luterano, anche se si considerava essenzialmente deista<\/span>. (<a href=\"https:\/\/www.uccronline.it\/2012\/08\/12\/citazioni-di-scienziati-credenti-cristiani-e-cattolici\/#born\" target=\"_blank\" rel=\"noreferrer noopener\"><span style=\"color: #0000ff;\">Citazion<\/span>i<\/a>)<\/p>\n<p style=\"text-align: justify;\"><strong><a href=\"http:\/\/it.wikipedia.org\/wiki\/Pierre_Teilhard_de_Chardin\"><span style=\"color: #0000ff;\">Pierre Teilhard de Chardin<\/span><\/a><\/strong><em><strong>, <span style=\"color: #000000;\">1881, filosofo, paleontologo e religioso, cattolico<\/span><\/strong><\/em><span style=\"color: #000000;\"> Attraverso la Legge di complessit\u00e0 e coscienza elabora una sintesi importante che abbraccia l\u2019intera storia dell\u2019universo e dell\u2019umanit\u00e0. Rese popolare in simmetria il nuovo concetto di noosfera, e in qualit\u00e0 di paleoantropologo fu anche presente alla scoperta dell\u2019Uomo di Pechino. Credente, cattolico e padre Gesuita<\/span>. (<span style=\"color: #0000ff;\"><a style=\"color: #0000ff;\" href=\"http:\/\/www.disf.org\/ScienziatiCredenti\/Teilhard.asp\">Biografia<\/a><\/span>)<\/p>\n<p style=\"text-align: justify;\"><strong><a href=\"http:\/\/it.wikipedia.org\/wiki\/Alexander_Fleming\"><span style=\"color: #0000ff;\">Alexander Fleming<\/span><\/a><\/strong><em><strong>, <span style=\"color: #000000;\">1881, biologo, farmacologo e premio Nobel, cattolico<\/span><\/strong><\/em><span style=\"color: #000000;\"> Famoso in tutti il mondo per la scoperta e lo sviluppo della Penicillina, per cui ricevette il Premio Nobel nel 1945. Gli \u00e8 stato dedicato un cratere sulla Luna. Credente e cattolico \u00e8 stato sepolto nella cattedrale di San Paolo.<\/span> (<span style=\"color: #0000ff;\"><a style=\"color: #0000ff;\" href=\"http:\/\/www.reference.com\/browse\/Alexander_Fleming\">Biografia<\/a><\/span>)<\/p>\n<p style=\"text-align: justify;\"><span style=\"color: #0000ff;\"><strong><a style=\"color: #0000ff;\" href=\"http:\/\/it.wikipedia.org\/wiki\/Otto_Hahn\">Otto Hahn<\/a><\/strong><\/span><em><strong><span style=\"color: #0000ff;\">,<\/span> <span style=\"color: #000000;\">1879, chimico e premio Nobel, cristiano<\/span><\/strong><\/em><span style=\"color: #000000;\"> Celebre scienziato, \u00e8 riconosciuto come padre della chimica nucleare avendo scoperto l\u2019isomeria nucleare e della fissione nucleare dell\u2019uranio, per il quale ha vinto il premio Nobel per la Chimica nel 1944. Credente e cristiano luterano<\/span>. (<a href=\"http:\/\/en.wikipedia.org\/wiki\/Category:German_Lutherans\"><span style=\"color: #0000ff;\">Biografia<\/span><\/a>).<\/p>\n<p style=\"text-align: justify;\"><span style=\"color: #0000ff;\"><strong><a style=\"color: #0000ff;\" href=\"http:\/\/it.wikipedia.org\/wiki\/Francesco_Severi\">Francesco Severi<\/a><\/strong><\/span><em><strong><span style=\"color: #0000ff;\">,<\/span> <span style=\"color: #000000;\">1879, matematico, cattolico<\/span><\/strong><\/em><span style=\"color: #000000;\"> Uno dei fondatori dell\u2019Istituto Nazionale di Alta Matematica di Roma, a lui intitolato. I suoi contributi alla matematica sono multiformi e di altissima levatura, ad esempio nella geometria enumerativa e in quella proiettiva, nella teoria delle funzioni analitiche di pi\u00f9 variabili complesse, in quella delle variet\u00e0 abeliane e quasi abeliane e in vari settori della geometria algebrica e dell\u2019analisi. Raccont\u00f2 la sua vita nella autobiografia <em>\u201cDalla scienza alla fede\u201d<\/em>, scritto dopo la sua conversione al cattolicesimo, in cui accenn\u00f2 della sua grande amicizia con Einstein e il suo forte senso di Dio.<\/span><\/p>\n<p style=\"text-align: justify;\"><span style=\"color: #0000ff;\"><strong><a style=\"color: #0000ff;\" href=\"http:\/\/it.wikipedia.org\/wiki\/Albert_Einstein\">Albert Einstein<\/a><\/strong><\/span><em><strong><span style=\"color: #0000ff;\">,<\/span> <span style=\"color: #000000;\">1879, fisico e premio Nobel, deista<\/span><\/strong><\/em><span style=\"color: #000000;\"> E\u2019 considerato uno dei fisici pi\u00f9 importanti di sempre avendo mutato il modello istituzionale di interpretazione del mondo fisico. Premio Nobel per i suoi contributi alla fisica teorica e specialmente per la sua scoperta della legge dell\u2019effetto fotoelettrico. Rimanendo aconfessionale, credeva in un Dio creatore e ordinatore dell\u2019universo, come ha pi\u00f9 volte affermato. <\/span>(<span style=\"color: #0000ff;\"><a style=\"color: #0000ff;\" href=\"http:\/\/it.wikipedia.org\/wiki\/Albert_Einstein#La_visione_religiosa\">Biografia<\/a> | <\/span><a href=\"https:\/\/www.uccronline.it\/2012\/08\/12\/citazioni-di-scienziati-credenti-cristiani-e-cattolici\/#einstein\" target=\"_blank\" rel=\"noreferrer noopener\"><span style=\"color: #0000ff;\">Citazioni<\/span><\/a>)<\/p>\n<p style=\"text-align: justify;\"><span style=\"color: #0000ff;\"><strong><a style=\"color: #0000ff;\" href=\"http:\/\/it.wikipedia.org\/wiki\/Agostino_Gemelli\">Agostino Gemelli<\/a><\/strong><\/span><em><strong>, <span style=\"color: #000000;\">1878, medico, psicologo e religioso, cattolico<\/span><\/strong><\/em><span style=\"color: #000000;\"> Ha contribuito fortemente alla moderna psicologia del lavoro, a lui si deve l\u2019apertura di campi di ricerca nella psicologia clinica e nell\u2019applicazione della psicologia ai problemi sociali. Fond\u00f2 il Policlinico universitario di Medicina a Roma, e L\u2019Universit\u00e0 Cattolica di Milano. Credente e religioso francescano cattolico. <\/span>(<a href=\"http:\/\/www.disf.org\/ScienziatiCredenti\/Gemelli.asp\"><span style=\"color: #0000ff;\">Biografia<\/span><\/a>)<\/p>\n<p style=\"text-align: justify;\"><span style=\"color: #0000ff;\"><strong><a style=\"color: #0000ff;\" href=\"https:\/\/es.wikipedia.org\/wiki\/Jos%C3%A9_Mar%C3%ADa_Plans_y_Freyre\">Jos\u00e9 Mar\u00eda Plans y Freyre<\/a> <\/strong><\/span><em><strong>, <span style=\"color: #000000;\">1878, fisico, matematico, cattolico<\/span><\/strong><\/em><span style=\"color: #000000;\"> E\u2019 considerato uno dei pi\u00f9 grandi introduttori in Spagna delle teorie relativistiche di Einstein e tra i principali esperti di calcolo differenziale. Fu elogiato da Einstein stesso. Devoto cattolico ed un fervente lettore delle opere di San Tommaso d\u2019Aquino.<\/span> (<a href=\"https:\/\/www.uccronline.it\/wp-content\/uploads\/2010\/12\/20200901religionenlibertad.pdf\"><span style=\"color: #0000ff;\">Biografia<\/span><\/a>)<\/p>\n<p style=\"text-align: justify;\"><span style=\"color: #0000ff;\"><strong><a style=\"color: #0000ff;\" href=\"http:\/\/en.wikipedia.org\/wiki\/Ernest_William_Barnes\">Ernest William Barnes<\/a><\/strong><\/span><em><strong><span style=\"color: #0000ff;\">,<\/span> <span style=\"color: #000000;\">1874, matematico e religioso, cristiano<\/span><\/strong><\/em><span style=\"color: #000000;\"> Brillante matematico, insegn\u00f2 all\u2019University of Cambridge e divenne membro della Royal Society nel 1909. Nel pieno della sua carriera abbandon\u00f2 gli studi e cominci\u00f2 la carriera ecclesiastica diventando sacerdote anglicano.<\/span><\/p>\n<p style=\"text-align: justify;\"><span style=\"color: #0000ff;\"><strong><a style=\"color: #0000ff;\" href=\"http:\/\/it.wikipedia.org\/wiki\/Guglielmo_Marconi\">Guglielmo Marconi<\/a><\/strong><\/span><em><strong><span style=\"color: #0000ff;\">,<\/span> <span style=\"color: #000000;\">1874, fisico e premio Nobel, cattolico<\/span><\/strong><\/em><span style=\"color: #000000;\"> \u00c8 conosciuto per aver sviluppato un sistema di telegrafia senza fili via onde radio che permise lo sviluppo dei moderni metodi di telecomunicazione (televisione, radio, telefono cellulare ecc..). Premio Nobel per la fisica nel 1909, era credente e cattolico.<\/span> (<span style=\"color: #0000ff;\"><a style=\"color: #0000ff;\" href=\"https:\/\/www.uccronline.it\/2012\/08\/12\/citazioni-di-scienziati-credenti-cristiani-e-cattolici\/#marconi\" target=\"_blank\" rel=\"noreferrer noopener\">Citazioni<\/a><\/span>)<\/p>\n<p style=\"text-align: justify;\"><span style=\"color: #0000ff;\"><strong><a style=\"color: #0000ff;\" href=\"http:\/\/it.wikipedia.org\/wiki\/Alexis_Carrel\">Alexis Carrel<\/a><\/strong><\/span><em><strong><span style=\"color: #0000ff;\">,<\/span> <span style=\"color: #000000;\">1873, biologo e premio Nobel, cattolico<\/span><\/strong><\/em><span style=\"color: #000000;\"> Premio Premio Nobel per la medicina e la fisiologia, ha contribuito in modo fondamentale ai progressi nelle tecniche di sutura dei vasi sanguigni, alle ricerche sui trapianti di tessuti ed organi e nella conservazione di tessuti e organi in vitro. Credente e convertito cattolico dopo aver assistito ad una guarigione inspiegabile, chiamata da lui \u201cmiracolo\u201d, durante un viaggio a Lourdes.<\/span> (<span style=\"color: #0000ff;\"><a style=\"color: #0000ff;\" href=\"http:\/\/www.disf.org\/ScienziatiCredenti\/Carrel.asp\">Biografia<\/a> | <a style=\"color: #0000ff;\" href=\"https:\/\/www.uccronline.it\/2012\/08\/12\/citazioni-di-scienziati-credenti-cristiani-e-cattolici\/#carrel\" target=\"_blank\" rel=\"noreferrer noopener\">Citazioni<\/a><\/span>)<\/p>\n<p style=\"text-align: justify;\"><span style=\"color: #0000ff;\"><strong><a style=\"color: #0000ff;\" href=\"http:\/\/en.wikipedia.org\/wiki\/E._T._Whittaker\" target=\"_blank\" rel=\"noreferrer noopener\">Edmund Taylor Whittaker<\/a><\/strong><\/span><em><strong><span style=\"color: #0000ff;\">,<\/span> <span style=\"color: #000000;\">1873, matematico cattolico<\/span><\/strong><\/em><span style=\"color: #000000;\"> Ha contribuito in modo importante alla matematica applicata, alla fisica matematica e alla teoria delle funzioni speciali, ha ricevuto la medaglia Copley, il pi\u00f9 prestigioso premio honoris causa della scienza britannica. Whittaker si convert\u00ec al cattolicesimo nel 1930, divenne membro della Pontificia Accademia delle Scienze dal 1936 e presidente della Newman Society.<\/span> (<span style=\"color: #0000ff;\"><em><a style=\"color: #0000ff;\" href=\"http:\/\/en.wikipedia.org\/wiki\/E._T._Whittaker\" target=\"_blank\" rel=\"noreferrer noopener\">Biografia<\/a><\/em> | <\/span><a href=\"https:\/\/www.uccronline.it\/2012\/08\/12\/citazioni-di-scienziati-credenti-cristiani-e-cattolici\/#whittaker\" target=\"_blank\" rel=\"noreferrer noopener\"><span style=\"color: #0000ff;\">Citazioni<\/span><\/a>)<\/p>\n<p style=\"text-align: justify;\"><strong><a href=\"http:\/\/en.wikipedia.org\/wiki\/Robert_Andrews_Millikan\" target=\"_blank\" rel=\"noreferrer noopener\"><span style=\"color: #0000ff;\">Robert Millikan<\/span><\/a>, <span style=\"color: #000000;\"><em>1868, fisico e premio Nobel, cristiano<\/em><\/span><\/strong><span style=\"color: #000000;\"> Vinse il premio Nobel per la fisica nel 1923 per i suoi lavori sulla determinazione della carica elettrica dell\u2019elettrone e sull\u2019effetto fotoelettrico. Si \u00e8 interessato del rapporto tra fede cristiana e scienza, essendo lui stesso molto religioso. Si \u00e8 occupato di questo nel volume <em>\u201cEvolution in science e religion\u201d<\/em>.<\/span> (<span style=\"color: #0000ff;\"><a style=\"color: #0000ff;\" href=\"http:\/\/www.adherents.com\/people\/pm\/Robert_Millikan.html\">Biografia<\/a> | <\/span><a href=\"https:\/\/www.uccronline.it\/2012\/08\/12\/citazioni-di-scienziati-credenti-cristiani-e-cattolici\/#millikan\" target=\"_blank\" rel=\"noreferrer noopener\"><span style=\"color: #0000ff;\">Citazioni<\/span><\/a>)<\/p>\n<p style=\"text-align: justify;\"><span style=\"color: #0000ff;\"><strong><a style=\"color: #0000ff;\" href=\"http:\/\/it.wikipedia.org\/wiki\/Alfred_North_Whitehead\">Alfred North Whitehead<\/a><\/strong><\/span><em><strong>, <span style=\"color: #000000;\">1861, matematico e filosofo, panenteista<\/span><\/strong><\/em><span style=\"color: #000000;\"> Fu autore dei tre volumi (assieme a Russel) di cui si compone la \u201cpietra miliare\u201d, <em>\u201cPrincipia Mathematica\u201d<\/em>, sistematizzazione delle basi della matematica. Nella sua visione l\u2019universo \u00e8 una realt\u00e0 sia fisica che spirituale, nella quale si esplica l\u2019azione creativa di un principio Divino immanente. Credente in una visione del divino come processo connesso a quello della natura (panteismo del processo).<\/span> (<a href=\"https:\/\/www.uccronline.it\/2012\/08\/12\/citazioni-di-scienziati-credenti-cristiani-e-cattolici\/#whitehead\" target=\"_blank\" rel=\"noreferrer noopener\"><span style=\"color: #0000ff;\">Citazion<\/span>i<\/a>)<\/p>\n<p style=\"text-align: justify;\"><span style=\"color: #0000ff;\"><strong><a style=\"color: #0000ff;\" href=\"http:\/\/de.wikipedia.org\/wiki\/Roberto_Landell_de_Moura\">Roberto Landell de Moura<\/a><\/strong><\/span><em><strong><span style=\"color: #0000ff;\">,<\/span> <span style=\"color: #000000;\">1861, fisico e religioso, pioniere della radio cattolico <\/span><\/strong><\/em><span style=\"color: #000000;\">Sacerdote brasiliano, padre della radio in Brasile e il primo a trasmettere pubblicamente la voce umana in una trasmissione radiofonica, il 3 giugno 1900. Credente e sacerdote della Chiesa cattolica<\/span>. (<a href=\"https:\/\/www.uccronline.it\/2012\/08\/12\/citazioni-di-scienziati-credenti-cristiani-e-cattolici\/#moura\" target=\"_blank\" rel=\"noreferrer noopener\"><span style=\"color: #0000ff;\">Citazioni<\/span><\/a>)<\/p>\n<p style=\"text-align: justify;\"><strong><a href=\"http:\/\/it.wikipedia.org\/wiki\/Pierre_Duhem\"><span style=\"color: #0000ff;\">Pierre Duhem<\/span><\/a><\/strong><em><strong>, <span style=\"color: #000000;\">1861, filosofo, storico della scienza, fisico e matematico, cattolico<\/span><\/strong><\/em><span style=\"color: #003300;\"><span style=\"color: #000000;\"> Indubbiamente uno dei pi\u00f9 grandi fisici teorici dell\u2019inizio del XX secolo, noto per il suo contributo nella fluidodinamica, elasticit\u00e0, e nella termodinamica. Contribu\u00ec alla cosiddetta tesi di Quine-Duhem. Credente e cattolico<\/span>.<\/span> (<a href=\"http:\/\/en.wikipedia.org\/wiki\/Pierre_Duhem\"><span style=\"color: #0000ff;\">Biografia<\/span><\/a> | <a href=\"http:\/\/www.disf.org\/ScienziatiCredenti\/Duhem.asp\">Ci<span style=\"color: #0000ff;\">tazion<\/span>i<\/a>)<\/p>\n<p style=\"text-align: justify;\"><span style=\"color: #0000ff;\"><strong><a style=\"color: #0000ff;\" href=\"http:\/\/www.torinoscienza.it\/accademia\/personaggi\/giovanni_boccardi_20105\">Giovanni Boccardi<\/a><\/strong><\/span><em><strong><span style=\"color: #0000ff;\">,<\/span> <span style=\"color: #000000;\">1859, matematico, astronomo e religioso, cattolico<\/span><\/strong><\/em><span style=\"color: #000000;\"> Piemontese, a vent\u2019anni entr\u00f2 nella Congregazione dei Lazzaristi, fu ordinato sacerdote nel 1884 e fond\u00f2 nel 1906 della Societ\u00e0 Astronomica Italiana. Ebbe prestigiose onorificenze da parte dei francesi: nel 1921 fu nominato membro del Bureau des Longitudes, nel 1922 membro dell\u2019Association Fran\u00e7aise, nel 1924 Officier de l\u2019Instruction Publique, nel 1927 membro della Soci\u00e9t\u00e9 Astronomique de France. Credente e sacerdote cattolico<\/span>. <span style=\"color: #0000ff;\">(<\/span><a href=\"http:\/\/www.torinoscienza.it\/accademia\/personaggi\/giovanni_boccardi_20105\" target=\"_blank\" rel=\"noreferrer noopener\"><span style=\"color: #0000ff;\">Biografia<\/span><\/a>)<\/p>\n<p style=\"text-align: justify;\"><span style=\"color: #0000ff;\"><strong><a style=\"color: #0000ff;\" href=\"http:\/\/it.wikipedia.org\/wiki\/Max_Planck\">Max Planck<\/a><\/strong><\/span><em><strong><span style=\"color: #0000ff;\">,<\/span> <span style=\"color: #000000;\">1858\u20131947, fisico e premio Nobel, deista\/cristiano<\/span><\/strong><\/em><span style=\"color: #000000;\"> Ha inaugurato la teoria dei quanti che insieme con la teoria della relativit\u00e0 \u00e8 uno dei pilastri della fisica contemporanea. Questo gli valse il premio Nobel per la fisica del 1918. Credente in un Dio onnipotente, benevolo e onniscente ma non personale, combatt\u00e8 il positivismo e consider\u00f2 l\u2019ateismo un\u2019ossessione verso i simboli.<\/span> (<span style=\"color: #0000ff;\"><a style=\"color: #0000ff;\" href=\"http:\/\/en.wikipedia.org\/wiki\/Max_Planck#Religious_view\" target=\"_blank\" rel=\"noreferrer noopener\">Biografia<\/a>, <a style=\"color: #0000ff;\" href=\"http:\/\/www.encyclopedia.com\/topic\/Max_Planck.aspx\" target=\"_blank\" rel=\"noreferrer noopener\">2<\/a> | <a style=\"color: #0000ff;\" href=\"http:\/\/www.culturacattolica.it\/default.asp?id=173&amp;id_n=5220\" target=\"_blank\" rel=\"noreferrer noopener\">Citazioni<\/a>, <a style=\"color: #0000ff;\" href=\"http:\/\/www.disf.org\/ScienziatiCredenti\/Planck.asp\" target=\"_blank\" rel=\"noreferrer noopener\">2<\/a> <a style=\"color: #0000ff;\" href=\"https:\/\/www.uccronline.it\/2012\/08\/12\/citazioni-di-scienziati-credenti-cristiani-e-cattolici\/#plank\" target=\"_blank\" rel=\"noreferrer noopener\">Citazioni<\/a><\/span>)<\/p>\n<p style=\"text-align: justify;\"><strong><a href=\"http:\/\/it.wikipedia.org\/wiki\/Pietro_Maffi\">P<span style=\"color: #0000ff;\">ietro Maffi<\/span><\/a><\/strong><em><strong><span style=\"color: #0000ff;\">,<\/span> <span style=\"color: #000000;\">1858, astronomo e religioso cattolico<\/span><\/strong><\/em><span style=\"color: #000000;\"> Come scienziato furono particolarmente apprezzati i suoi studi meteorologici sulle stelle cadenti. Per approfondire questo studio invent\u00f2 il globo meteoroscopico. Ebbe rapporti con i grandi astronomi del tempo e il suo nome \u00e8 legato a una grande istituzione culturale, la \u00abBiblioteca Maffi\u00bb. Nel 1900 fond\u00f2 la \u00abRivista di fisica, matematica e scienze naturali\u00bb, con lo scopo di diffondere la conoscenza di tali discipline in Italia. Credente e religioso cattolico.<\/span><\/p>\n<p style=\"text-align: justify;\"><span style=\"color: #0000ff;\"><strong><a style=\"color: #0000ff;\" href=\"http:\/\/it.wikipedia.org\/wiki\/Ronald_Ross\">Ronald Ross<\/a><\/strong><\/span><em><strong><span style=\"color: #0000ff;\">,<\/span> <span style=\"color: #000000;\">1857, medico e premio Nobel per la medicina, cristiano<\/span><\/strong><\/em><span style=\"color: #000000;\"> Medico britannico, vincitore del Premio Nobel per la medicina nel 1902 per la sua scoperta del parassita della malaria nella zanzara Anopheles, che ha gettato le basi per la lotta contro questa malattia.<\/span> (<span style=\"color: #0000ff;\"><a style=\"color: #0000ff;\" href=\"https:\/\/www.uccronline.it\/2012\/08\/12\/citazioni-di-scienziati-credenti-cristiani-e-cattolici\/#ross\" target=\"_blank\" rel=\"noreferrer noopener\">Citazioni<\/a><\/span>)<\/p>\n<p style=\"text-align: justify;\"><strong><a href=\"http:\/\/en.wikipedia.org\/wiki\/J._J._Thomson\">J<span style=\"color: #0000ff;\">oseph John Thomson<\/span><\/a><\/strong><em><strong><span style=\"color: #0000ff;\">,<\/span> <span style=\"color: #000000;\">1856, fisico e premio Nobel, anglo-cattolico<\/span><\/strong><\/em><span style=\"color: #000000;\"> \u00c8 noto per aver scoperto la particella di carica negativa: l\u2019elettrone, ha realizzato il primo spettrometro di massa e ha scoperto gli isotopi. Devoto cristiano anglo-cattolico.<\/span> (<span style=\"color: #0000ff;\"><a style=\"color: #0000ff;\" href=\"http:\/\/www.asa3.org\/ASA\/PSCF\/1986\/JASA6-86Seeger.html\" target=\"_blank\" rel=\"noreferrer noopener\">Biografia<\/a>, <a style=\"color: #0000ff;\" href=\"http:\/\/www.studymode.com\/essays\/J-j-Thomson-1160098.html\" target=\"_blank\" rel=\"noreferrer noopener\">1<\/a>, <a style=\"color: #0000ff;\" href=\"http:\/\/www.adherents.com\/people\/pt\/Joseph_J_Thomson.html\" target=\"_blank\" rel=\"noreferrer noopener\">2<\/a><\/span>)<\/p>\n<p style=\"text-align: justify;\"><span style=\"color: #0000ff;\"><strong><a style=\"color: #0000ff;\" href=\"http:\/\/it.wikipedia.org\/wiki\/Ernesto_Schiaparelli\">Ernesto Schiaparelli<\/a><\/strong><\/span><em><strong>, <span style=\"color: #000000;\">1856, egittologo cattolico)<\/span><\/strong><\/em><span style=\"color: #000000;\"> Celebre egittologo e archeologo, fu direttore della \u201cSezione Egizia\u201d del Museo archeologico nazionale di Firenze e del Museo egizio di Torino. Scopr\u00ec nel 1904 la tomba di Nefertari, sposa reale di Ramesse II. Fondatore dell\u2019Associazione nazionale per la protezione dei missionari italiani, destin\u00f2 tutta la propriet\u00e0 del vecchio castello della sua citt\u00e0 natale alla parrocchia che frequentava. Credente e cattolico.<\/span><\/p>\n<p style=\"text-align: justify;\"><span style=\"color: #0000ff;\"><strong><a style=\"color: #0000ff;\" href=\"http:\/\/en.wikipedia.org\/wiki\/Nikola_Tesla\">Nikola Tesla<\/a><\/strong><\/span><em><strong><span style=\"color: #0000ff;\">,<\/span> <span style=\"color: #000000;\">1856, fisico e co-scopritore della radio, cristiano<\/span><\/strong><\/em><span style=\"color: #003300;\"><span style=\"color: #000000;\"> Rivoluzion\u00f2 il campo dell\u2019elettromagnetismo formando la base del moderno sistema elettrico a corrente alternata. Fu riconosciuto come uno dei pi\u00f9 grandi ingegneri elettrici americani e anticip\u00f2 la moderna ingegneria elettrica. La Corte Suprema degli Stati Uniti gli attribu\u00ec la paternit\u00e0 sul suolo statunitense della radio. E\u2019 intitolata a lui l\u2019unit\u00e0 del Sistema Internazionale di misura della densit\u00e0 di flusso magnetico. Credente e cristiano, parl\u00f2 spesso della sua fede e riteneva di essere ispirato dalla scienza e dal cristianesimo<\/span>.<\/span> (<span style=\"color: #0000ff;\"><a style=\"color: #0000ff;\" href=\"http:\/\/antiuaar.wordpress.com\/2010\/07\/16\/il-fisico-tesla-coinventore-della-radio-%C2%ABsono-ispirato-dal-cristianesimo-e-dalla-scienza%C2%BB\/\">Citazioni<\/a><\/span>)<\/p>\n<p style=\"text-align: justify;\"><strong><a href=\"http:\/\/en.wikipedia.org\/wiki\/Gregorio_Ricci-Curbastro\"><span style=\"color: #0000ff;\">Gregorio Ricci-Curbastro<\/span><\/a><\/strong><em><strong>, <span style=\"color: #000000;\">1853, matematico cattolico<\/span><\/strong><\/em><span style=\"color: #000000;\"> Cre\u00f2 il calcolo differenziale assoluto che ebbe un ruolo determinante per elaborare la teoria della relativit\u00e0 generale di Einstein. A lui sono dedicati numerosi licei scientifici. Credente e cattolico<\/span>. (<span style=\"color: #0000ff;\"><a style=\"color: #0000ff;\" href=\"http:\/\/www.sironieditore.it\/sezioni\/articolo.php?ID_articolo=443&amp;ID_libro=978-88-518-0040-6\">Biografia<\/a><\/span>)<\/p>\n<p style=\"text-align: justify;\"><span style=\"color: #0000ff;\"><strong><a style=\"color: #0000ff;\" href=\"http:\/\/en.wikipedia.org\/wiki\/Santiago_Ram%C3%B3n_y_Cajal\">Santiago Ram\u00f3n y Cajal<\/a><\/strong><\/span><em><strong>, <span style=\"color: #000000;\">1852, medico cattolico, premio Nobel e fondatore della neuroscienza<\/span><\/strong><\/em><span style=\"color: #003300;\"><span style=\"color: #000000;\"> Fu un pionere nell\u2019investigazione delle strutture microscopice del cervello, \u00e8 considerato per questo il padre della neuroscienza moderna. Cattolico e praticante, con alcune parentesi di deismo, mor\u00ec prendendo i sacramenti<\/span>,<\/span> <span style=\"color: #0000ff;\"><em><a style=\"color: #0000ff;\" href=\"http:\/\/www.serrablo.org\/revista\/151\/las-creencias-de-darwin-y-cajal\" target=\"_blank\" rel=\"noreferrer noopener\">come ha testimoniato<\/a><\/em><\/span><span style=\"color: #000000;\"> il fratello Pietro<\/span>. (<a href=\"http:\/\/www.serrablo.org\/revista\/151\/las-creencias-de-darwin-y-cajal\"><span style=\"color: #0000ff;\">Biografia<\/span><\/a>)<\/p>\n<p style=\"text-align: justify;\"><span style=\"color: #0000ff;\"><strong><a style=\"color: #0000ff;\" href=\"http:\/\/it.wikipedia.org\/wiki\/Giuseppe_Mercalli\">Giuseppe Mercalli<\/a><\/strong><\/span><em><strong><span style=\"color: #0000ff;\">,<\/span> <span style=\"color: #000000;\">1850, geologo, sismologo, vulcanologo e religioso cattolico<\/span><\/strong><\/em><span style=\"color: #000000;\"> E\u2019 diventato celebre per la scala che porta il suo nome (Scala Mercalli), la quale misura l\u2019intensit\u00e0 delle scosse sismiche in base agli effetti prodotti. E\u2019 Cavaliere della Corona d\u2019Italia per meriti scientifici. Ha realizzato per primo una carta sismica del territorio italiano. Credente e religioso cattolico.<\/span><\/p>\n<p style=\"text-align: justify;\"><span style=\"color: #0000ff;\"><strong><a style=\"color: #0000ff;\" href=\"http:\/\/it.wikipedia.org\/wiki\/Elia_Millosevich\">Elia Millosevich<\/a><\/strong><\/span><em><strong><span style=\"color: #0000ff;\">,<\/span> <span style=\"color: #000000;\">1848, astronomo cattolico<\/span><\/strong><\/em><span style=\"color: #000000;\"> Professore di astronomia presso l\u2019Istituto Nautico di Venezia e pi\u00f9 tardi direttore dell\u2019osservatorio del Collegio Romano a Roma. Noto per aver compilato il catalogo stellare. Scopr\u00ec gli asteroidi 303 Josephina e 306 Unitas. Credente e cattolico.<\/span><\/p>\n<p style=\"text-align: justify;\"><span style=\"color: #0000ff;\"><strong><a style=\"color: #0000ff;\" href=\"http:\/\/en.wikipedia.org\/wiki\/Johann_Georg_Hagen\">Johann Georg Hagen<\/a><\/strong><\/span><em><strong><span style=\"color: #0000ff;\">,<\/span> <span style=\"color: #000000;\">1847, astronomo e religioso cattolico<\/span><\/strong><\/em><span style=\"color: #000000;\"> Direttore di numerosi Osservatori astronomici ha apportato numerosi contributi sulle stelle variabili e sulle nebulose. Gli \u00e8 stato dedicato un cratere lunare. Credente e religoso cattolico.<\/span><\/p>\n<p style=\"text-align: justify;\"><span style=\"color: #0000ff;\"><strong><a style=\"color: #0000ff;\" href=\"http:\/\/it.wikipedia.org\/wiki\/Galileo_Ferraris\">Galileo Ferraris<\/a> <\/strong><\/span><em><strong>, <span style=\"color: #003300;\">1<span style=\"color: #000000;\">847, ingegnere e scienziato cattolico<\/span><\/span><\/strong><\/em><span style=\"color: #000000;\"> Scopritore del campo magnetico rotante e ideatore del motore elettrico alternato. Fonda la prima scuola di elettrotecnica che verr\u00f2 incorporata nel Politecnico di Torino. Fonda l\u2019Associazione Elettrotecnica Italiana e ne diventa il primo Presidente nazionale. Credente e cattolico.<\/span><\/p>\n<p style=\"text-align: justify;\"><span style=\"color: #0000ff;\"><strong><a style=\"color: #0000ff;\" href=\"http:\/\/it.wikipedia.org\/wiki\/Luigi_Cerebotani\">Luigi Cerebotani<\/a><\/strong><\/span><em><strong><span style=\"color: #0000ff;\">,<\/span> <span style=\"color: #000000;\">1847, fisico e religioso cattolico<\/span><\/strong><\/em><span style=\"color: #000000;\"> Nel 1889 fu delegato papale a Monaco di Baviera, \u00e8 conosciuto per numerose invenzioni nel campo delle telecomunicazioni, come il teletopometro, il nefometro, il teleautografo ecc. Credente e sacerdote cattolico<\/span> (<a href=\"http:\/\/www.gliscritti.it\/blog\/entry\/1106\" target=\"_blank\" rel=\"noreferrer noopener\"><span style=\"color: #0000ff;\">Biografia<\/span><\/a>)<\/p>\n<p style=\"text-align: justify;\"><strong><a href=\"http:\/\/it.wikipedia.org\/wiki\/Georg_Cantor\"><span style=\"color: #0000ff;\">Georg Cantor <\/span><\/a><\/strong><em><strong>, <span style=\"color: #000000;\">1845, matematico, padre della teoria degli insieme, cristiano<\/span><\/strong><\/em><span style=\"color: #000000;\"> E\u2019 il padre della moderna teoria degli insiemi, che ha allargato fino a comprendere al suo interno i concetti di numeri transfiniti, numeri cardinali e ordinali. Ha sviluppato il concetto d\u2019infinito assoluto, identificandolo con Dio. Credente e cristiano protestante.<\/span><\/p>\n<p style=\"text-align: justify;\"><span style=\"color: #0000ff;\"><strong><a style=\"color: #0000ff;\" href=\"http:\/\/it.wikipedia.org\/wiki\/Ludwig_Boltzmann\">Ludwig Boltzmann<\/a><\/strong><\/span><em><strong><span style=\"color: #0000ff;\">,<\/span> <span style=\"color: #000000;\">1844, fisico e matematico deista<\/span><\/strong><\/em><span style=\"color: #000000;\"> E\u2019 stato uno dei pi\u00f9 grandi fisici teorici di tutti i tempi. La sua fama \u00e8 dovuta alle ricerche in termodinamica e meccanica statistica. Diede importanti contributi anche in meccanica, elettromagnetismo, matematica e filosofia. Vicino a posizioni deiste ma era aconfessionale.<\/span> (<span style=\"color: #0000ff;\"><a style=\"color: #0000ff;\" href=\"http:\/\/www.disf.org\/VisualizzaBibliografia.asp?IDArea=12\">Biografia<\/a><\/span>)<\/p>\n<p style=\"text-align: justify;\"><span style=\"color: #0000ff;\"><strong><a style=\"color: #0000ff;\" href=\"http:\/\/en.wikipedia.org\/wiki\/Josiah_Willard_Gibbs\">Willard Gibbs<\/a><\/strong><\/span><em><strong><span style=\"color: #0000ff;\">,<\/span> <span style=\"color: #000000;\">1839, chimico e fisico, fondatore dell\u2019analisi vettoriale, cristiano<\/span><\/strong><\/em><span style=\"color: #000000;\"> Contribu\u00ec allo sviluppo dei fondamenti teorici della termodinamica e fu uno dei fondatori dell\u2019analisi vettoriale. Ottenne il primo dottorato in ingegneria ed \u00e8 da considerare anche tra i fondatori della moderna chimica fisica, le cui basi si possono riscontrare nella sua opera \u201cOn the equilibrium of heterogeneus substances\u201d<\/span>. (<a href=\"http:\/\/www.newworldencyclopedia.org\/entry\/Josiah_Willard_Gibbs\"><span style=\"color: #0000ff;\">Biografia<\/span><\/a>)<\/p>\n<p style=\"text-align: justify;\"><span style=\"color: #0000ff;\"><strong><a style=\"color: #0000ff;\" href=\"http:\/\/it.wikipedia.org\/wiki\/Giovanni_Schiaparelli\">Giovanni Schiaparelli<\/a><\/strong><\/span><em><strong><span style=\"color: #0000ff;\">,<\/span> <span style=\"color: #000000;\">1835, astronomo e storico della scienza cattolico<\/span><\/strong><\/em><span style=\"color: #003300;\"><span style=\"color: #000000;\"> Particolarmente noto per i suoi studi su Marte, fu membro dell\u2019Accademia dei Lincei, dell\u2019Accademia delle Scienze di Torino e del Regio Istituto Lombardo. Comp\u00ec undicimila misure tra le stelle doppie, scopr\u00ec l\u2019asteroide 69 Hesperia e il legame tra comete e sciami meteorici. Fu anche uno dei maggiori studiosi del suo secolo della storia dell\u2019astronomia. Credente e cattolico, scrisse anche di religione ed ebbe anche buoni rapporti con l\u2019arcivescovo Pietro Maffi<\/span>.<\/span> (<span style=\"color: #0000ff;\"><a style=\"color: #0000ff;\" href=\"http:\/\/www.biellaclub.it\/_cultura\/personaggi\/AstronomoSchiapparelli\/\">Citazioni<\/a><\/span>)<\/p>\n<p style=\"text-align: justify;\"><span style=\"color: #0000ff;\"><strong><a style=\"color: #0000ff;\" href=\"http:\/\/it.wikipedia.org\/wiki\/Francesco_Denza\">Francesco Denza<\/a><\/strong><\/span><em><strong><span style=\"color: #0000ff;\">,<\/span> <span style=\"color: #000000;\">1834, astronomo e religioso cattolico<\/span><\/strong><\/em><span style=\"color: #000000;\"> Noto per gli studi nelle scienze naturali, sull\u2019astronomia e sul magnetismo terrestre ebbe un ruolo primario per la nascita della meterologia in Italia. Grazie a lui si aprirono 200 stazioni meterologiche. Credente e sacerdote cattolico<\/span>. (<span style=\"color: #0000ff;\"><a style=\"color: #0000ff;\" href=\"http:\/\/en.wikipedia.org\/wiki\/Francesco_Denza\">Biografia<\/a> | <\/span><a href=\"http:\/\/www.disf.org\/ScienziatiCredenti\/Denza.asp\"><span style=\"color: #0000ff;\">Citazion<\/span>i<\/a>)<\/p>\n<p style=\"text-align: justify;\"><span style=\"color: #0000ff;\"><strong><a style=\"color: #0000ff;\" href=\"http:\/\/en.wikipedia.org\/wiki\/Stephen_Joseph_Perry\">Stephen Joseph Perry<\/a><\/strong><\/span><em><strong>, <span style=\"color: #000000;\">1833, astronomo e religioso cattolico<\/span><\/strong><\/em><span style=\"color: #000000;\"> Membro della Royal Society, partecip\u00f2 a innumerevoli spedizioni scientifiche in cui fece importanti rilevamenti magnetici. Studi\u00f2 approfonditamente le macchie e le facole solari e invent\u00f2 il metodo dei dischi di Stonyhurst, tuttora in uso. Credente e religioso cattolico.<\/span><\/p>\n<p style=\"text-align: justify;\"><span style=\"color: #0000ff;\"><strong><a style=\"color: #0000ff;\" href=\"http:\/\/it.wikipedia.org\/wiki\/James_Clerk_Maxwell\">James Clerk Maxwell<\/a><\/strong><\/span><em><strong><span style=\"color: #0000ff;\">,<\/span> <span style=\"color: #003300;\">1831, matematico e fisico cristiano, <\/span><\/strong><\/em><span style=\"color: #003300;\">\u00a0La sua opera \u00e8 definita la seconda grande unificazione della fisica, dopo quella di Newton. Il suo lavoro sull\u2019elettromagnetismo \u00e8 considerato uno dei pi\u00f9 grandi risultati della fisica del XIX secolo. Anche per lui la fede cristiana (evangelica) determin\u00f2 l\u2019approccio alla sua attivit\u00e0 scientifica<\/span>. (<a href=\"https:\/\/www.uccronline.it\/2012\/08\/12\/citazioni-di-scienziati-credenti-cristiani-e-cattolici\/#maxwell\" target=\"_blank\" rel=\"noreferrer noopener\"><span style=\"color: #0000ff;\">Citazioni<\/span><\/a>)<\/p>\n<p style=\"text-align: justify;\"><span style=\"color: #0000ff;\"><strong><a style=\"color: #0000ff;\" href=\"http:\/\/en.wikipedia.org\/wiki\/St._George_Jackson_Mivart\">St. George Jackson Mivart<\/a><\/strong><\/span><em><strong><span style=\"color: #0000ff;\">,<\/span> <span style=\"color: #003300;\">1827, biologo cattolico<\/span><\/strong><\/em><span style=\"color: #003300;\"> Famoso biologo evoluzionista, amico di Darwin e Huxley, che volle fin da subito evidenziare l\u2019insufficienza del Darwinismo e la sua concliazione con una visione teistica e cattolica, ancora oggi valida. Credente e cattolico, negli ultimi anni ebbe alcuni problemi con la Chiesa per alcune posizioni teologiche personali.<\/span> (<span style=\"color: #0000ff;\"><a style=\"color: #0000ff;\" href=\"http:\/\/www.disf.org\/ScienziatiCredenti\/Mivart.asp\">Biografia<\/a><\/span>)<\/p>\n<p style=\"text-align: justify;\"><span style=\"color: #0000ff;\"><strong><a style=\"color: #0000ff;\" href=\"http:\/\/it.wikipedia.org\/wiki\/Joseph_Lister#Biografia\">Joseph Lister<\/a><\/strong><\/span><em><strong><span style=\"color: #0000ff;\">,<\/span> <span style=\"color: #000000;\">1827, medico, fondatore dell\u2019antisepsi, cristiano<\/span><\/strong><\/em><span style=\"color: #000000;\"> Con la scoperta dell\u2019antisepsi rivoluzion\u00f2 l\u2019approccio dei chirurghi alla pratica operatoria. Ricevette numerose onorificenze (<a style=\"color: #000000;\" href=\"http:\/\/it.wikipedia.org\/wiki\/Joseph_Lister#Onorificenze\">qui un elenco<\/a>) diventando il pi\u00f9 famoso chirurgo britannico. Gli verr\u00e0 dedicato il nome di un germe, la listeria e ottenne il maggior riconoscimento scientifico che un chirurgo potesse allora desiderare: la presidenza del \u201cRoyal College of Surgeons. Devoto cristiano, si impegn\u00f2 pubblicamente nella Chiesa Episcopale Scozzese.<\/span> (<span style=\"color: #0000ff;\"><a style=\"color: #0000ff;\" href=\"http:\/\/it.wikipedia.org\/wiki\/Joseph_Lister#Biografia\">Biografia<\/a> | <\/span><a href=\"https:\/\/www.uccronline.it\/2012\/08\/12\/citazioni-di-scienziati-credenti-cristiani-e-cattolici\/#lister\" target=\"_blank\" rel=\"noreferrer noopener\"><span style=\"color: #0000ff;\">Citazion<\/span>i<\/a>)<\/p>\n<p style=\"text-align: justify;\"><span style=\"color: #0000ff;\"><strong><a style=\"color: #0000ff;\" href=\"http:\/\/it.wikipedia.org\/wiki\/Francesco_Fa%C3%A0_di_Bruno\">Francesco Fa\u00e0 di Bruno<\/a><\/strong><\/span><em><strong><span style=\"color: #0000ff;\">,<\/span> <span style=\"color: #000000;\">1825, matematico e religioso cattolico<\/span><\/strong><\/em><span style=\"color: #000000;\"> Venne premiato Dottore della Scienza dalle Universit\u00e0 di Parigi e Torino, professore di matematica presso l\u2019universit\u00e0 e l\u2019accademia militare di Torino, pubblic\u00f2 importanti studi sulle teorie dell\u2019eliminazione e degli invarianti e sulle funzioni ellittiche e diede l\u2019avvio a una notevole serie di applicazioni in matematica combinatoria. Credente e religioso cattolico.<\/span> (<a href=\"http:\/\/www.disf.org\/ScienziatiCredenti\/FaaBruno.asp\"><span style=\"color: #0000ff;\">Biografia<\/span><\/a>).<\/p>\n<p style=\"text-align: justify;\"><span style=\"color: #0000ff;\"><strong><a style=\"color: #0000ff;\" href=\"http:\/\/it.wikipedia.org\/wiki\/William_Thomson\">William Thomson Kelvin, <\/a><\/strong><\/span><span style=\"color: #000000;\"><em><strong>1824, fisico e fondatore termodinamica, cristiano<\/strong><\/em> E\u2019 il fondatore della termodinamica moderna. Conosciuto anche per aver sviluppato la scala Kelvin, che misura la temperatura assoluta e per i suoi studi nell\u2019analisi matematica dell\u2019elettricit\u00e0 e della termodinamica che contribuirono ampiamente alla nascita della fisica moderna. Invent\u00f2 il telegrafo elettrico. Credente e devoto cristiano, vedeva la sua fede come un sostegno per il suo lavoro scientifico<\/span> (<a href=\"http:\/\/it.wikipedia.org\/wiki\/William_Thomson#Geologia_e_teologia\"><span style=\"color: #0000ff;\">vedi una sua biografia<\/span><\/a>) (<a href=\"https:\/\/www.uccronline.it\/2012\/08\/12\/citazioni-di-scienziati-credenti-cristiani-e-cattolici\/#kelvin\" target=\"_blank\" rel=\"noreferrer noopener\"><span style=\"color: #0000ff;\">Citazion<\/span>i<\/a>)<\/p>\n<p style=\"text-align: justify;\"><span style=\"color: #0000ff;\"><strong><a style=\"color: #0000ff;\" href=\"http:\/\/it.wikipedia.org\/wiki\/Antonio_Stoppani\">Antonio Stoppani<\/a><\/strong><\/span><em><strong><span style=\"color: #0000ff;\">,<\/span> <span style=\"color: #000000;\">1824, geologo, paleontologo e religioso, fondatore della geologia e paleontologia, cattolico<\/span><\/strong><\/em><span style=\"color: #000000;\"> E\u2019 unanimemente riconosciuto come il fondatore della Geologia e della Paleontologia italiane, sia per la rilevanza dei suoi studi che per l\u2019impegno profuso nella didattica e divulgazione scientifica. Fu uno dei fondatori del Museo Civico di Scienze e filosofia Naturali di Milano, del quale fu poi direttore e primo presidente della sezione milanese del Club Alpino Italiano. Intraprese la divulgazione delle sue ricerche con l\u2019edizione a spese proprie dei suoi lavori. Credente e sacerdote cattolico dei rosminiani.<\/span><\/p>\n<p style=\"text-align: justify;\"><span style=\"color: #0000ff;\"><strong><a style=\"color: #0000ff;\" href=\"http:\/\/it.wikipedia.org\/wiki\/Lorenzo_Respighi\">Lorenzo Respighi<\/a><\/strong><\/span><em><strong><span style=\"color: #0000ff;\">,<\/span> <span style=\"color: #000000;\">1824, astronomo cattolico<\/span><\/strong><\/em><span style=\"color: #000000;\"> Direttore dell\u2019Osservatorio astronomico di Bologna e dell\u2019Osservatorio astronomico del Campidoglio, contribu\u00ec alle conoscenze sulla scintillazione, sugli spettri delle stelle, sull\u2019aberrazione e sui moti propri delle stelle fisse e diede notevole contributo alla fisica solare. Compil\u00f2 anche un catalogo delle declinazioni di 2534 stelle. Credente e cattolico<\/span> (<a href=\"http:\/\/www.newadvent.org\/cathen\/12786a.htm\"><span style=\"color: #0000ff;\">Biografia<\/span><\/a>)<\/p>\n<p style=\"text-align: justify;\"><strong><a href=\"http:\/\/it.wikipedia.org\/wiki\/Alfred_Russel_Wallace\"><span style=\"color: #0000ff;\">Alfred Russel Wallace<\/span><\/a><\/strong><em><strong>, <span style=\"color: #000000;\">1823, naturalista, co-scopritore della selezione naturale biologica, credente<\/span><\/strong><\/em><span style=\"color: #003300;\"><span style=\"color: #000000;\"> Formul\u00f2 una teoria dell\u2019evoluzione per selezione naturale, simile a quella di Charles Darwin nello stesso periodo in cui lo stesso Darwin elaborava la propria. Credente, ribad\u00ec sempre l\u2019irriducibilit\u00e0 dell\u2019uomo al ruolo del caso<\/span>.<\/span> (<a href=\"https:\/\/www.uccronline.it\/2012\/08\/12\/citazioni-di-scienziati-credenti-cristiani-e-cattolici\/#wallace\" target=\"_blank\" rel=\"noreferrer noopener\"><span style=\"color: #0000ff;\">Citazion<\/span>i<\/a>)<\/p>\n<p style=\"text-align: justify;\"><span style=\"color: #0000ff;\"><strong><a style=\"color: #0000ff;\" href=\"http:\/\/it.wikipedia.org\/wiki\/Gregor_Mendel\">Gregor Johann Mendel<\/a><\/strong><\/span><em><strong>, <span style=\"color: #000000;\">1822, biologo e religioso, fondatore della genetica moderna, cattolico<\/span><\/strong><\/em><span style=\"color: #000000;\"> Considerato il padre della moderna genetica grazie al fenomeno da lui scoperto dell\u2019ereditariet\u00e0. Credente e religioso cattolico.<\/span><\/p>\n<p style=\"text-align: justify;\"><span style=\"color: #0000ff;\"><strong><a style=\"color: #0000ff;\" href=\"http:\/\/it.wikipedia.org\/wiki\/Louis_Pasteur\">Louis Pasteur<\/a><\/strong><\/span><em><strong><span style=\"color: #0000ff;\">,<\/span> <span style=\"color: #000000;\">1822, chimico e biologo, fondatore della microbiologia, cattolico<\/span><\/strong><\/em><span style=\"color: #000000;\"> E\u2019 universalmente considerato il fondatore della moderna microbiologia. Ha inoltre operato nel campo della chimica, e di lui si ricorda la teoria sull\u2019enantiomeria dei cristalli. Ha scoperto le anomalie della fermentazione della birra, la fermentazione del vino e dell\u2019<span style=\"color: #0000ff;\">aceto, la pastorizzazione, le malattie del baco da seta ecc.. Credente e cattolico <\/span><\/span><span style=\"color: #0000ff;\">(<\/span><a href=\"http:\/\/en.wikipedia.org\/wiki\/Louis_Pasteur#Faith_and_spirituality\"><span style=\"color: #0000ff;\">vedi alcune sue citazioni<\/span><\/a>) (<span style=\"color: #0000ff;\"><a style=\"color: #0000ff;\" href=\"https:\/\/www.uccronline.it\/2012\/08\/12\/citazioni-di-scienziati-credenti-cristiani-e-cattolici\/#pasteur\" target=\"_blank\" rel=\"noreferrer noopener\">Citazioni<\/a><\/span>)<\/p>\n<p style=\"text-align: justify;\"><strong><a href=\"http:\/\/it.wikipedia.org\/wiki\/Eugenio_Barsanti\">E<span style=\"color: #0000ff;\">ugenio Barsanti<\/span><\/a><\/strong><em><strong><span style=\"color: #0000ff;\">,<\/span> <span style=\"color: #003300;\">1821,<span style=\"color: #000000;\"> ingegnere, inventore e religioso cattolico<\/span><\/span><\/strong><\/em><span style=\"color: #000000;\"> Famoso in tutto il mondo per essere stato l\u2019ideatore del primo motore a scoppio funzionante. Credente e religioso cattolico.<\/span><\/p>\n<p style=\"text-align: justify;\"><span style=\"color: #0000ff;\"><strong><a style=\"color: #0000ff;\" href=\"http:\/\/it.wikipedia.org\/wiki\/L%C3%A9on_Foucault\">Jean Bernard Foucault<\/a><\/strong><\/span><em><strong><span style=\"color: #0000ff;\">,<\/span> <span style=\"color: #000000;\">1819, fisico cristiano<\/span><\/strong><\/em><span style=\"color: #000000;\"> Conosciuto per l\u2019invenzione del Pendolo di Foucault, un\u2019attrezzatura che serve a dimostrare la rotazione della Terra. Misur\u00f2 la velocit\u00e0 della luce ed invent\u00f2 il giroscopio. Il cratere Foucault sulla luna \u00e8 dedicato a lui. Si convert\u00ec al cristianesimo.<\/span><\/p>\n<p style=\"text-align: justify;\"><span style=\"color: #0000ff;\"><strong><a style=\"color: #0000ff;\" href=\"http:\/\/it.wikipedia.org\/wiki\/Angelo_Secchi\">Angelo Secchi<\/a><\/strong><\/span><em><strong>, <span style=\"color: #000000;\">1818, astronomo e religioso, fondatore della spettoscopia, cattolico<\/span><\/strong><\/em><span style=\"color: #003300;\"><span style=\"color: #000000;\"> Fondatore della spettroscopia astronomica. Fu direttore dell\u2019Osservatorio Vaticano e si occup\u00f2 per primo di classificare le stelle in classi spettrali fondando cos\u00ec l\u2019astrofisica. Credente e gesuita cattolico<\/span>.<\/span> (<a href=\"http:\/\/www.disf.org\/ScienziatiCredenti\/Secchi.asp\"><span style=\"color: #0000ff;\">Biografia<\/span><\/a>)<\/p>\n<p style=\"text-align: justify;\"><span style=\"color: #0000ff;\"><strong><a style=\"color: #0000ff;\" href=\"http:\/\/en.wikipedia.org\/wiki\/Maria_Mitchell\" target=\"_blank\" rel=\"noreferrer noopener\">Maria Mitchell<\/a>, <\/strong><\/span><span style=\"color: #000000;\"><em><strong>1818, astronoma<\/strong><\/em> Nel 1847 scopr\u00ec una cometa a cui venne dato il suo nome, <em>\u201cMiss Mitchell\u2019s Comet\u201d<\/em>. Il re Federico VII di Danimarca la premi\u00f2 personalmente per la scoperta. E\u2019 stata la prima donna americana a lavorare come astronomo professionista. Credente e di religione cristiana protestante.<\/span><\/p>\n<p style=\"text-align: justify;\"><strong><a href=\"http:\/\/en.wikipedia.org\/wiki\/James_Prescott_Joule\" target=\"_blank\" rel=\"noreferrer noopener\"><span style=\"color: #0000ff;\">James Prescott Joule<\/span><\/a>, <\/strong><span style=\"color: #000000;\"><em><strong>1818-1889, fisico, cristiano<\/strong><\/em> Si interess\u00f2 del calore e delle sue connessioni con l\u2019elettricit\u00e0 e la meccanica, indagando sugli effetti termici dimostr\u00f2 il cosiddetto \u201ceffetto Joule\u201d. Credente e cristiano, le sue ricerche sono state guidate dalle sue convinzioni religiose e i suoi discorsi hanno spesso incluso riferimenti a Dio e la creazione divina.<\/span> (<a href=\"http:\/\/www.newworldencyclopedia.org\/entry\/James_Prescott_Joule\" target=\"_blank\" rel=\"noreferrer noopener\"><span style=\"color: #0000ff;\">Biografia<\/span><\/a>, <span style=\"color: #000000;\">anche<\/span> <span style=\"color: #0000ff;\"><em><a style=\"color: #0000ff;\" href=\"http:\/\/www.answersingenesis.org\/articles\/cm\/v15\/n2\/james-joule#fnMark_1_7_1\" target=\"_blank\" rel=\"noreferrer noopener\">qui<\/a><\/em><\/span> | <a href=\"https:\/\/www.uccronline.it\/2012\/08\/12\/citazioni-di-scienziati-credenti-cristiani-e-cattolici\/#joule\" target=\"_blank\" rel=\"noreferrer noopener\"><span style=\"color: #0000ff;\">Citazioni<\/span><\/a>)<\/p>\n<p style=\"text-align: justify;\"><span style=\"color: #0000ff;\"><strong><a style=\"color: #0000ff;\" href=\"http:\/\/it.wikipedia.org\/wiki\/Karl_Weierstrass\">Karl Weierstrass <\/a><\/strong><\/span><em><strong>, <span style=\"color: #000000;\">1815, matematico vicino al cattolicesimo<\/span><\/strong><\/em><span style=\"color: #000000;\"> Definito \u201cpadre dell\u2019analisi moderna\u201d. Prestigioso accademico, il suo nome \u00e8 legato al Teorema di Weierstrass, al Teorema di Bolzano-Weierstrass e al criterio di Weierstrass per la convergenza uniforme delle serie. Credente, crebbe ed insegn\u00f2 in ambienti cattolici.<\/span><\/p>\n<p style=\"text-align: justify;\"><span style=\"color: #0000ff;\"><strong><a style=\"color: #0000ff;\" href=\"http:\/\/it.wikipedia.org\/wiki\/Giovanni_Caselli_(abate)\">Giovanni Caselli<\/a><\/strong><\/span><em><strong><span style=\"color: #0000ff;\">,<\/span> <span style=\"color: #000000;\">1815, inventore, religioso e inventore del pantelegrafo, cattolico<\/span><\/strong><\/em><span style=\"color: #000000;\"> Abate cattolico, \u00e8 unanimemente ricordato come l\u2019inventore del pantelegrafo (ovvero il precursore del fax), venne insignito della Legione d\u2019Onore da Napoleone III e pot\u00e9 disporre, per ulteriori prove e collaudi, dell\u2019intera rete francese. Nel 1863 il governo francese acconsent\u00ec ad adottare il pantelegrafo Caselli per le sue linee telegrafiche<\/span>. (<a href=\"http:\/\/www.gliscritti.it\/blog\/entry\/1106\" target=\"_blank\" rel=\"noreferrer noopener\"><span style=\"color: #0000ff;\">Biografia<\/span><\/a>)<\/p>\n<p style=\"text-align: justify;\"><span style=\"color: #0000ff;\"><strong><a style=\"color: #0000ff;\" href=\"http:\/\/it.wikipedia.org\/wiki\/James_Joseph_Sylvester\">James Joseph Sylvester<\/a><\/strong><\/span><em><strong>, <span style=\"color: #000000;\">1814, matematico ebreo<\/span><\/strong><\/em><span style=\"color: #000000;\"> Molto noto per i suoi risultati nell\u2019algebra e nella matematica discreta. Diede contributi fondamentali alla teoria delle matrici, degli invarianti, dei numeri, della divisibilit\u00e0 e al calcolo combinatorio. Partecip\u00f2 alla creazione del primo giornale matematico in America. Da lui prendono nome il cratere lunare Sylvester e l\u2019asteroide 13658 Sylvester. Credente di fede ebraica, venne anche perseguitato a causa della sua fede.<\/span><\/p>\n<p style=\"text-align: justify;\"><span style=\"color: #0000ff;\"><strong><a style=\"color: #0000ff;\" href=\"http:\/\/it.wikipedia.org\/wiki\/James_Dwight_Dana\">James Dwight Dana<\/a><\/strong><\/span><em><strong>, <span style=\"color: #000000;\">1813, geologo, mineralogista e zoologo cristiano<\/span><\/strong><\/em><span style=\"color: #000000;\"> Fu il pi\u00f9 importante geologo statunitense della sua epoca e fu uno dei pochi studiosi ad avere una conoscenza diretta del terreno della California settentrionale. Fu uno degli artefici dello sviluppo della conoscenza del vulcanismo alle Hawaiil. Le sue opere divennero testi base nei College americani e ricevette innumerevoli premi e dediche (<em><a style=\"color: #000000;\" href=\"http:\/\/it.wikipedia.org\/wiki\/James_Dwight_Dana#Premi\">qui un elenco<\/a><\/em>). Credente e cristiano protestante, pubblic\u00f2 un certo numero di manoscritti conciliando le scoperte scientifiche con la Bibbia<\/span> (<em><a href=\"http:\/\/cpedia.com\/wiki?q=James+Dwight+Dana&amp;guess_ambig=Yale+University+Bertram+Boltwood+Benjamin+Silliman+Charles+Schuchert+\"><span style=\"color: #0000ff;\">cpedia.com<\/span><\/a><\/em><span style=\"color: #0000ff;\">, <em><a style=\"color: #0000ff;\" href=\"http:\/\/www.farlang.com\/gemstones\/dana-science-bible\/page_001\">vedi Science e The Bible<\/a><\/em>, <em><a style=\"color: #0000ff;\" href=\"http:\/\/www.ajsonline.org\/cgi\/content\/abstract\/297\/3\/312\">The American Journal of Science<\/a><\/em>, <em><a style=\"color: #0000ff;\" href=\"http:\/\/it.wikipedia.org\/wiki\/James_Dwight_Dana#Pubblicazioni\">alcune pubblicazioni<\/a><\/em> e <em><a style=\"color: #0000ff;\" href=\"http:\/\/gsahist.org\/gsat\/gt03feb20_21.pdf\">Gshaist.com<\/a><\/em><\/span>)<\/p>\n<p style=\"text-align: justify;\"><strong><a href=\"http:\/\/it.wikipedia.org\/wiki\/James_Young_Simpson\"><span style=\"color: #0000ff;\">James Young Simpson<\/span><\/a><\/strong><em><strong>, <span style=\"color: #000000;\">1811, medico, padre dell\u2019anestesia, cristiano<\/span><\/strong><\/em><span style=\"color: #000000;\"> E\u2019 una importante figura della storia della medicina, scopr\u00ec le propriet\u00e0 anestetiche del cloroformio e lo utilizz\u00f2 con successo per scopi medici. Viene perci\u00f2 considerato come uno dei padri dell\u2019anestesia. Support\u00f2 il movimento anti-schiavit\u00f9 e fu credente e devoto cristiano presbiteriano.<\/span> (<span style=\"color: #0000ff;\"><a style=\"color: #0000ff;\" href=\"http:\/\/www.victorianweb.org\/science\/health\/simpson.html\" target=\"_blank\" rel=\"noreferrer noopener\">Biografia<\/a> | <a style=\"color: #0000ff;\" href=\"https:\/\/www.uccronline.it\/2012\/08\/12\/citazioni-di-scienziati-credenti-cristiani-e-cattolici\/#simpson\" target=\"_blank\" rel=\"noreferrer noopener\">Citazioni<\/a><\/span>)<\/p>\n<p style=\"text-align: justify;\"><strong><a href=\"http:\/\/it.wikipedia.org\/wiki\/Urbain_Le_Verrier\">U<span style=\"color: #0000ff;\">rbain Le Verrier<\/span><\/a><\/strong><em><strong>, <span style=\"color: #000000;\">1811, matematico e astronomo cattolico<\/span><\/strong><\/em><span style=\"color: #000000;\"> Specializzato nella meccanica celeste, \u00e8 famoso per il suo contributo alla scoperta di Nettuno. Interpret\u00f2 anche l\u2019orbita di Mercurio Il suo nome compare nella lista dei 72 nomi di scienziati, ingegneri e altre personalit\u00e0 incisi sulla Torre Eiffel. Credente e cattolico <\/span><span style=\"color: #0000ff;\">(<\/span><a href=\"http:\/\/www.newadvent.org\/cathen\/09205b.htm\" target=\"_blank\" rel=\"noreferrer noopener\"><span style=\"color: #0000ff;\">Biografia<\/span><\/a>)<\/p>\n<p style=\"text-align: justify;\"><strong><a href=\"http:\/\/it.wikipedia.org\/wiki\/Antoine_d%27Abbadie\"><span style=\"color: #0000ff;\">Antoine Thomson d\u2019Abbadie<\/span><\/a><\/strong><em><strong>, <span style=\"color: #000000;\">1810, esploratore, geografo, numismatico e astronomo cattolico<\/span><\/strong><\/em><span style=\"color: #000000;\"> Famoso per i suoi viaggi in Etiopia svelando al mondo moltissime informazioni sulla sua geografia, sulle monete e sulle antiche iscrizioni. Compil\u00f2 diversi vocabolari e anticip\u00f2 la teoria del magnetismo grazie alle sue osservazioni nei numerosi viaggi. Ricevette la medaglia d\u2019oro della Societ\u00e0 di Geografia e fu fatto Cavaliere della Legion d\u2019Onore e membro della Accademia di scienze francese. Credente e devoto cattolico<\/span> (<span style=\"color: #0000ff;\"><a style=\"color: #0000ff;\" href=\"http:\/\/www.newadvent.org\/cathen\/01006e.htm\">vedi Newadvent.org<\/a><\/span>)<\/p>\n<p style=\"text-align: justify;\"><strong><a href=\"http:\/\/en.wikipedia.org\/wiki\/Theodor_Schwann\" target=\"_blank\" rel=\"noreferrer noopener\"><span style=\"color: #0000ff;\">Theodor Schwann<\/span><\/a><\/strong><em><strong>, <span style=\"color: #000000;\">1810, Fisiologo cattolico, Padre della teoria cellulare<\/span><\/strong><\/em><span style=\"color: #000000;\"> Ha contribuito enormemente allo sviluppo della fisiologia e della biologia, \u00e8 padre della teoria cellulare, scopritore delle cellule di Schwann nel sistema nervoso periferico, della pepsina, della natura organica del lievito, e inventore del termine metabolismo. Ha anche mostrato la debolezza della teoria della generazione spontanea. Credente e cattolico, ha insegnato anche presso la Catholic University of Louvain.<\/span> (<a href=\"http:\/\/www.newadvent.org\/cathen\/13592b.htm\" target=\"_blank\" rel=\"noreferrer noopener\"><span style=\"color: #0000ff;\">Biografia<\/span><\/a>).<\/p>\n<p style=\"text-align: justify;\"><span style=\"color: #0000ff;\"><strong><a style=\"color: #0000ff;\" href=\"http:\/\/it.wikipedia.org\/wiki\/Francesco_De_Vico\">Francesco de Vico<\/a><\/strong><\/span><em><strong>, <span style=\"color: #000000;\">1805, astronomo e religioso cattolico<\/span><\/strong><\/em><span style=\"color: #000000;\"> Direttore dell\u2019Osservatorio del Collegio Romano, \u00e8 stato il pi\u00f9 prolifico scopritore di comete italiano fino al 2008. Fu il primo ad osservare le divisioni degli anelli di Saturno e determin\u00f2 con precisione il periodo di rotazione di Venere. Credente e gesuita cattolico.<\/span><\/p>\n<p style=\"text-align: justify;\"><span style=\"color: #0000ff;\"><strong><a style=\"color: #0000ff;\" href=\"http:\/\/en.wikipedia.org\/wiki\/Johannes_Peter_M%C3%BCller\" target=\"_blank\" rel=\"noreferrer noopener\">Johannes Peter M\u00fcller<\/a><\/strong><\/span><em><strong>, <span style=\"color: #000000;\">1801, Fisiologo e anatomista cattolico, Fondatore fisiologia moderna<\/span><\/strong><\/em><span style=\"color: #000000;\"> Ha contribuito in molti settori della fisiologia, in particolare nell\u2019aumento della comprensione della voce, la parola e dell\u2019udito. Ha avuto il merito di aver innalzato la fisiologia alla dignit\u00e0 di scienza autonoma e per questo \u00e8 ritenuto fondatore della fisiologia moderna e maestro della scienza della morfologia. Ha pubblicato duecento lavori scientifici fra articoli e monografie. Nel 1854 gli \u00e8 stata attribuita la Medaglia Copley e da lui prendono il nome i dotti di M\u00fcller, strutture embrionali da cui origina l\u2019apparato genitale. Credente e cattolico<\/span>. (<span style=\"color: #0000ff;\"><a style=\"color: #0000ff;\" href=\"http:\/\/saints.sqpn.com\/ncd05222.htm\" target=\"_blank\" rel=\"noreferrer noopener\">Biografia<\/a><\/span>).<\/p>\n<p style=\"text-align: justify;\"><span style=\"color: #0000ff;\"><strong><a style=\"color: #0000ff;\" href=\"http:\/\/en.wikipedia.org\/wiki\/Johannes_Peter_M%C3%BCller\" target=\"_blank\" rel=\"noreferrer noopener\">Mary Anning<\/a><\/strong><\/span><em><strong><span style=\"color: #0000ff;\">,<\/span> <span style=\"color: #000000;\">1799, paleontologa, cristiana<\/span><\/strong><\/em><span style=\"color: #003300;\"><span style=\"color: #000000;\"> Divenne nota in tutto il mondo per importanti ritrovamenti nei giacimenti fossili marini del Giurassico. Le sue scoperte hanno contribuito a importanti cambiamenti nel pensiero scientifico sulla vita preistorica e sulla storia della Terra. Devota anglicana, sostenne attivamente la sua chiesa<\/span>.<\/span> (<span style=\"color: #0000ff;\"><a style=\"color: #0000ff;\" href=\"https:\/\/en.wikipedia.org\/wiki\/Mary_Anning#Financial_difficulties_and_change_in_church_affiliation\" target=\"_blank\" rel=\"noreferrer noopener\">Biografia<\/a><\/span>).<\/p>\n<p style=\"text-align: justify;\"><strong><a href=\"http:\/\/en.wikipedia.org\/wiki\/Karl_Ernst_von_Baer\"><span style=\"color: #0000ff;\">Karl Ernst von Baer<\/span><\/a><\/strong><em><strong><span style=\"color: #0000ff;\">,<\/span> <span style=\"color: #000000;\">1792, geografo, biologo, padre dell\u2019embriologia, cristiano <\/span><\/strong><\/em><span style=\"color: #000000;\">Co-fondatore della Russian Geographical Society e primo presidente della Russian Entomological Society, ha studiato lo sviluppo embrionale degli animali, scoprendo la blastula e la notocorda, mettendo le basi per l\u2019embriologia comparata. Credente e cristiano.<\/span> (<span style=\"color: #0000ff;\"><a style=\"color: #0000ff;\" href=\"https:\/\/www.uccronline.it\/2012\/08\/12\/citazioni-di-scienziati-credenti-cristiani-e-cattolici\/#baer\" target=\"_blank\" rel=\"noreferrer noopener\">Citazioni<\/a><\/span>)<\/p>\n<p style=\"text-align: justify;\"><strong><a href=\"http:\/\/it.wikipedia.org\/wiki\/Michael_Faraday\"><span style=\"color: #0000ff;\">Michael Faraday<\/span><\/a><\/strong><em><strong>, <span style=\"color: #000000;\">1791, chimico e fisico cristiano<\/span><\/strong><\/em><span style=\"color: #000000;\"> Ha contribuito ai campi dell\u2019elettromagnetismo e dell\u2019elettrochimica. Tra le sue invenzioni si conta anche il becco di Bunsen. Famose le leggi di Faraday dell\u2019elettrochimica e l\u2019effetto Faraday. Infine sono a lui dedicati la misura della capacit\u00e0, il farad, e un cratere sulla Luna. Credente e protestante, alternava il lavoro scientifico con la predicazione del vangelo sulle strade inglesi. <\/span>(<a href=\"https:\/\/www.uccronline.it\/2012\/08\/12\/citazioni-di-scienziati-credenti-cristiani-e-cattolici\/#faraday\" target=\"_blank\" rel=\"noreferrer noopener\"><span style=\"color: #0000ff;\">Citazioni<\/span><\/a>)<\/p>\n<p style=\"text-align: justify;\"><strong><a href=\"https:\/\/en.wikipedia.org\/wiki\/Marshall_Hall_(physiologist)\" target=\"_blank\" rel=\"noreferrer noopener\"><span style=\"color: #0000ff;\">Marshall Hall<\/span><\/a><\/strong><em><strong>, <span style=\"color: #000000;\">1790, fisiologo, cristiano<\/span><\/strong><\/em><span style=\"color: #000000;\"> Il suo nome \u00e8 legato alla teoria dell\u2019arco riflesso mediato dal midollo spinale, a un metodo di rianimazione delle persone affogate e alla delucidazione della funzione dei vasi capillari. Attivista per l\u2019abolizionismo della schiavit\u00f9, era un devoto cristiano.<\/span> (<a href=\"https:\/\/en.wikipedia.org\/wiki\/Marshall_Hall_(physiologist)#Religious_views\" target=\"_blank\" rel=\"noreferrer noopener\"><span style=\"color: #0000ff;\">Citazioni<\/span><\/a>)<\/p>\n<p style=\"text-align: justify;\"><span style=\"color: #0000ff;\"><strong><a style=\"color: #0000ff;\" href=\"http:\/\/it.wikipedia.org\/wiki\/Augustin-Louis_Cauchy\">Augustin-Louis Cauchy<\/a><\/strong><\/span><em><strong>, <span style=\"color: #000000;\">1789, matematico, padre dell\u2019analisi matematica, cattolico<\/span><\/strong><\/em><span style=\"color: #000000;\"> Considerato tra i padri dell\u2019analisi matematica per la formulazione e dimostrazione rigorosa dei teoremi dell\u2019 analisi infinitesimale, della teoria delle funzioni di variabile complessa e della teoria delle equazioni differenziali. Credente e cattolico<\/span> (<span style=\"color: #0000ff;\"><a style=\"color: #0000ff;\" href=\"http:\/\/www.disf.org\/ScienziatiCredenti\/Cauchy.asp\">Biografia<\/a> | <\/span><a href=\"https:\/\/www.uccronline.it\/2012\/08\/12\/citazioni-di-scienziati-credenti-cristiani-e-cattolici\/#cauchy\" target=\"_blank\" rel=\"noreferrer noopener\"><span style=\"color: #0000ff;\">Citazioni<\/span><\/a>)<\/p>\n<p style=\"text-align: justify;\"><span style=\"color: #0000ff;\"><strong><a style=\"color: #0000ff;\" href=\"http:\/\/it.wikipedia.org\/wiki\/David_Brewster\">David Brewster<\/a><\/strong><\/span><em><strong><span style=\"color: #0000ff;\">,<\/span><span style=\"color: #000000;\"> 1781, fisico e inventore cristiano<\/span><\/strong><\/em><span style=\"color: #000000;\"> Celebre scienziato, scopr\u00ec la legge della polarizzazione dei cristalli biassiali, delll\u2019ottica dei minerali e della doppia rifrazione da compressione. Gli venne conferito il titolo di Dottore in Legge, nominato membro della Royal Society e riceve numerosi premi scientifici. Riscorpre nel 1815 il caleidoscopio e lo stereoscopio. Credente, di fervente carattere religioso protestante<\/span> (<a href=\"http:\/\/it.wikipedia.org\/wiki\/David_Brewster#Biografia\"><span style=\"color: #0000ff;\">vedi una sua biografia<\/span><\/a>). (<a href=\"https:\/\/www.uccronline.it\/2012\/08\/12\/citazioni-di-scienziati-credenti-cristiani-e-cattolici\/#brewster\" target=\"_blank\" rel=\"noreferrer noopener\"><span style=\"color: #0000ff;\">Citazioni<\/span><\/a>)<\/p>\n<p style=\"text-align: justify;\"><span style=\"color: #0000ff;\"><strong><a style=\"color: #0000ff;\" href=\"http:\/\/it.wikipedia.org\/wiki\/Giovanni_Inghirami\">Giovanni Inghirami<\/a><\/strong><\/span><em><strong><span style=\"color: #0000ff;\">,<\/span> <span style=\"color: #000000;\">1779, astronomo e religioso cattolico<\/span><\/strong><\/em><span style=\"color: #000000;\"> Noto astronomo italiano, ottenne molti elogi nella costruzione di una sezione di un completo atlante astronomico commissionato dall\u2019Accademia delle Scienze di Berlino. A lui \u00e8 stata nominata una valle sulla Luna ed un cratere, il cratere Inghirami. Credente e religioso cattolico.<\/span><\/p>\n<p style=\"text-align: justify;\"><span style=\"color: #0000ff;\"><strong><a style=\"color: #0000ff;\" href=\"http:\/\/it.wikipedia.org\/wiki\/Carl_Friedrich_Gauss\">Carl Friedrich Gauss<\/a><\/strong><\/span><em><strong><span style=\"color: #0000ff;\">,<\/span> <span style=\"color: #000000;\">1777, matematico, astronomo e fisico, cristiano<\/span><\/strong><\/em><span style=\"color: #000000;\"> Definito il pi\u00f9 grande matematico della modernit\u00e0 e il \u201cprincipe della matematica\u201d, \u00e8 ricordato tra i pi\u00f9 importanti matematici della storia, avendo contribuito in modo decisivo all\u2019analisi matematica, alla teoria dei numeri, al calcolo numerico, alla geometria differenziale, alla geodesia, al magnetismo e all\u2019ottica. Profondamente religioso, credente e cristiano.<\/span> (<a href=\"https:\/\/www.uccronline.it\/2012\/08\/12\/citazioni-di-scienziati-credenti-cristiani-e-cattolici\/#gauss\" target=\"_blank\" rel=\"noreferrer noopener\"><span style=\"color: #0000ff;\">Citazioni<\/span><\/a>)<\/p>\n<p style=\"text-align: justify;\"><strong><a href=\"http:\/\/it.wikipedia.org\/wiki\/Andr%C3%A9-Marie_Amp%C3%A8re\"><span style=\"color: #0000ff;\">Andr\u00e9-Marie Ampere<\/span><\/a><\/strong><em><strong>, <span style=\"color: #000000;\">1775, fisico e scopritore elettromagnetismo, cattolico<\/span><\/strong><\/em><span style=\"color: #000000;\"> Viene generalmente accreditato come uno dei principali scopritori \u00a0dell\u2019elettromagnetismo. L\u2019unit\u00e0 di misura della corrente elettrica, l\u2019ampere, porta il suo nome. Credente e cattolico, difese pi\u00f9 volte il suo credo<\/span>. (<a href=\"http:\/\/www.scuoladieducazionecivile.org\/binaghi1.htm\"><span style=\"color: #0000ff;\">Biografia<\/span><\/a>)<\/p>\n<p style=\"text-align: justify;\"><strong><a href=\"https:\/\/en.wikipedia.org\/wiki\/Georges_Cuvier\"><span style=\"color: #0000ff;\">Georges Cuvie<\/span>r<\/a><\/strong><em><strong>, <span style=\"color: #000000;\">1779, naturalista, zoologo e padre della paleontologia, cristiano<\/span><\/strong><\/em><span style=\"color: #003300;\"><span style=\"color: #000000;\"> Cuvier \u00e8 stato una figura importante nella ricerca sulle scienze della natura all\u2019inizio del XIX secolo ed \u00e8 stato determinante nello stabilire i campi dell\u2019anatomia comparata e della paleontologia attraverso il suo lavoro nel confronto degli animali viventi con i fossili. A volte indicato come il \u201cpadre della paleontologia\u201d. Di fede luterana, frequentava regolarmente i servizi ecclesiastici, fu anche molto attivo nel fondare la Societ\u00e0 Biblica Parigina nel 1818<\/span>.<\/span> (<span style=\"color: #0000ff;\"><a style=\"color: #0000ff;\" href=\"https:\/\/www.uccronline.it\/2010\/12\/08\/scienziati-credenti-cristiani-e-cattolici\/%3ca%20href=\">Biografia<\/a><\/span>)<\/p>\n<p style=\"text-align: justify;\"><strong><a href=\"http:\/\/en.wikipedia.org\/wiki\/John_Dalton\">J<span style=\"color: #0000ff;\">ohn Dalton<\/span><\/a><\/strong><em><strong><span style=\"color: #0000ff;\">,<\/span><span style=\"color: #000000;\"> 1766, chimico e fisico, fondatore chimica moderna, cristiano<\/span><\/strong><\/em><span style=\"color: #000000;\"> Descrisse scientificamente il daltonismo ed \u00e8 riconosciuto come l\u2019inventore della chimica moderna. Fu educato come quacchero, aderendo a questo movimento religioso-filantropico. Visse in modesta povert\u00e0 e si prest\u00f2 per tutta la vita a consigliere della Chiesa protestante.<\/span> (<a href=\"https:\/\/www.uccronline.it\/2010\/12\/08\/scienziati-credenti-cristiani-e-cattolici\/%3ca%20href=\"><span style=\"color: #0000ff;\">Biografia1<\/span><\/a> e <a href=\"http:\/\/www.chemistryexplained.com\/Co-Di\/Dalton-John.html\"><span style=\"color: #0000ff;\">Biografia2<\/span><\/a>)<\/p>\n<p style=\"text-align: justify;\"><span style=\"color: #0000ff;\"><strong><a style=\"color: #0000ff;\" href=\"https:\/\/it.wikipedia.org\/wiki\/Paolo_Ruffini_(matematico)\">Paolo Ruffini<\/a><\/strong><\/span><em><strong><span style=\"color: #0000ff;\">,<\/span> <span style=\"color: #000000;\">1765, matematico e medico cattolico<\/span><\/strong><\/em><span style=\"color: #000000;\"> Il suo nome \u00e8 legato al Teorema di Abel-Ruffini, dimostrazione parziale della irresolubilit\u00e0 algebrica delle equazioni di grado superiore al quarto, tramite la teoria dei gruppi, e alla regola di scomposizione dei polinomi. Pubblic\u00f2 la regola di Ruffini, un algoritmo per effettuare la divisione di un polinomio in una variabile per un binomio di primo grado nella stessa variabile. In campo filosofico, cerc\u00f2 di dimostrare l\u2019immaterialit\u00e0 dell\u2019anima, cattolico, venne nominato socio dell\u2019Accademia di Religione Cattolica di Roma.<\/span><\/p>\n<p style=\"text-align: justify;\"><span style=\"color: #0000ff;\"><strong><a style=\"color: #0000ff;\" href=\"http:\/\/en.wikipedia.org\/wiki\/Edward_Jenner#Religious_views\">Edward Jenner<\/a><\/strong><\/span><em><strong><span style=\"color: #0000ff;\">,<\/span> <span style=\"color: #000000;\">1749, medico, inventore del vaccino contro il vaiolo \u00e8 definito il padre dell\u2019Immunologia, cristiano<\/span><\/strong><\/em><span style=\"color: #000000;\"> Oltre al vaccino contro il vaiolo si dedic\u00f2 agli studi delle mongolfiere, del tartaro emetico e del cuculo, per quest\u2019ultimo fu anche nominato membro della Royal Society nel 1789. Era un devoto cristiano e lettore della Bibbia, nella sua corrispondenza personale emerge un profilo molto spirituale.<\/span><\/p>\n<p style=\"text-align: justify;\"><strong><a href=\"http:\/\/it.wikipedia.org\/wiki\/Giuseppe_Calandrelli\"><span style=\"color: #0000ff;\">Giuseppe Calandrelli<\/span><\/a><\/strong><em><strong>, <span style=\"color: #000000;\">1749, astronomo, matematico e religioso, cattolico<\/span><\/strong><\/em><span style=\"color: #000000;\"> Direttore dell\u2019Accademia di Fisica e fondatore a Roma della scuola di astronomia. Perfezion\u00f2 il settore zenitale di nove piedi e determin\u00f2 con grande precisione la latitudine della specola. Gli \u00e8 stato dedicato un asteroide. Credente e religioso cattolico.<\/span><\/p>\n<p style=\"text-align: justify;\"><span style=\"color: #0000ff;\"><strong><a style=\"color: #0000ff;\" href=\"http:\/\/it.wikipedia.org\/wiki\/Giuseppe_Piazzi\">Giuseppe Piazzi<\/a><\/strong><\/span><em><strong><span style=\"color: #0000ff;\">,<\/span> <span style=\"color: #000000;\">1746, astronomo e religioso, cattolico<\/span><\/strong><\/em><span style=\"color: #000000;\"> Direttore Generale degli Osservatori di Napoli e Palermo. Scopritore dell\u2019asteroide Ceres. Oltre a innumerevoli dediche, recentemente gli \u00e8 stato dedicato un nuovo osservatorio astronomico in Valtellina. Credente e religioso cattolico.<\/span><\/p>\n<p style=\"text-align: justify;\"><strong><a href=\"https:\/\/it.wikipedia.org\/wiki\/Jean-Baptiste_de_Lamarck\">J<span style=\"color: #0000ff;\">ean-Baptiste Lamarck<\/span><\/a><\/strong><em><strong>, <span style=\"color: #000000;\">1744, zoologo deista<\/span><\/strong><\/em><span style=\"color: #003300;\"><span style=\"color: #000000;\"> Naturalista e zoologo, \u00e8 padre del termine \u201cbiologia\u201d ed elabor\u00f2 la prima teoria dell\u2019evoluzione degli organismi viventi basata sull\u2019adattamento e sulla ereditariet\u00e0 dei caratteri acquisiti, conosciuta come lamarckismo. Deista<\/span>. (<\/span><a href=\"https:\/\/en.wikipedia.org\/wiki\/Jean-Baptiste_Lamarck#Religious_views\"><span style=\"color: #0000ff;\">Biografia<\/span><\/a>)<\/p>\n<p style=\"text-align: justify;\"><span style=\"color: #0000ff;\"><strong><a style=\"color: #0000ff;\" href=\"http:\/\/it.wikipedia.org\/wiki\/Antoine_Lavoisier\">Antoine Lavoisier<\/a><\/strong><\/span><em><strong><span style=\"color: #0000ff;\">,<\/span> <span style=\"color: #000000;\">1743, chimico e padre della Chimica, cattolico<\/span><\/strong><\/em><span style=\"color: #000000;\"> Considerato il padre della chimica moderna. Enunci\u00f2 la prima versione della legge di conservazione della massa, riconobbe e battezz\u00f2 l\u2019ossigeno e aiut\u00f2 a riformare la nomenclatura chimica. Credente e cattolico.<\/span><\/p>\n<p style=\"text-align: justify;\"><strong><a href=\"http:\/\/it.wikipedia.org\/wiki\/Alessandro_Volta\"><span style=\"color: #0000ff;\">Alessandro Volta<\/span><\/a><\/strong><em><strong>, <span style=\"color: #000000;\">1745, fisico e inventore, cattolico<\/span><\/strong><\/em><span style=\"color: #000000;\"> \u00c8 conosciuto soprattutto per l\u2019invenzione della pila elettrica e l\u2019unit\u00e0 di misura del potenziale elettrico venne chiamata \u201cvolt\u201d in suo onore. Credente e cattolico frequentava la Santa Messa e recitava il rosario quotidianamente, insegnava la dottrina cattolica ai ragazzi.<\/span> (<span style=\"color: #0000ff;\"><a style=\"color: #0000ff;\" href=\"http:\/\/www.disf.org\/ScienziatiCredenti\/Volta.asp\">Biografia<\/a> | <\/span><a href=\"https:\/\/www.uccronline.it\/2012\/08\/12\/citazioni-di-scienziati-credenti-cristiani-e-cattolici\/#volta\" target=\"_blank\" rel=\"noreferrer noopener\"><span style=\"color: #0000ff;\">Citazion<\/span>i<\/a>)<\/p>\n<p style=\"text-align: justify;\"><span style=\"color: #0000ff;\"><strong><a style=\"color: #0000ff;\" href=\"http:\/\/it.wikipedia.org\/wiki\/Thomas_Jefferson\">Thomas Jefferson<\/a><\/strong><\/span><em><strong><span style=\"color: #0000ff;\">,<\/span> <span style=\"color: #000000;\">1743, filosofo, politico, scienziato e architetto, cristiano<\/span><\/strong><\/em><span style=\"color: #000000;\"> \u00c8 stato il terzo presidente degli Stati Uniti d\u2019America ed \u00e8 inoltre considerato uno dei padri fondatori della nazione. Intellettuale di grande spessore, fond\u00f2 l\u2019Universit\u00e0 della Virginia. E\u2019 ritenuto uno dei pionieri della archeologia statunitense, fu inoltre un appassionato biologo e inventore. Oltre al poligrafo, invent\u00f2 un cifrario, noto come il Rullo di Jefferson. E\u2019 anche ritenuto il padre fondatore dell\u2019architettura americana. Credente e devoto cristiano anglicano.<\/span><\/p>\n<p style=\"text-align: justify;\"><span style=\"color: #0000ff;\"><strong><a style=\"color: #0000ff;\" href=\"http:\/\/it.wikipedia.org\/wiki\/William_Herschel\">William Herschel<\/a><\/strong><\/span><em><strong><span style=\"color: #0000ff;\">,<\/span> <span style=\"color: #000000;\">1738, astronomo, fisico e musicista, scopr\u00ec Urano, cristiano <\/span><\/strong><\/em><span style=\"color: #000000;\">Grande astronomo tedesco, scopr\u00ec il pianeta Urano, riusc\u00ec a descrivere la struttura tridimensionale della Via Latte e scopr\u00ec i raggi infrarossi. Credente e cristiano protestante<\/span> (<a href=\"http:\/\/www.disf.org\/Voci\/65.asp\"><span style=\"color: #0000ff;\">vedi alcune citazioni<\/span><\/a> e <a href=\"http:\/\/nndb.net\/people\/661\/000096373\/\"><span style=\"color: #0000ff;\">una sua biografia<\/span><\/a>).<\/p>\n<p style=\"text-align: justify;\"><strong><a href=\"http:\/\/it.wikipedia.org\/wiki\/Luigi_Galvani\">L<span style=\"color: #0000ff;\">uigi Galvani<\/span><\/a><\/strong><em><strong><span style=\"color: #0000ff;\">,<\/span> <span style=\"color: #000000;\">1737, fisiologo, anatomista e religioso, scopritore elettricit\u00e0 biologica, cattolico<\/span><\/strong><\/em><span style=\"color: #000000;\"> \u00c8 ricordato oggi come lo scopritore dell\u2019elettricit\u00e0 biologica e per diverse applicazioni dell\u2019elettricit\u00e0 come la cella elettrochimica, il galvanometro e la galvanizzazione. Gli \u00e8 stato dedicato un cratere lunare e un asteroide. Credente e cattolico era devoto terziario francescano.<\/span><\/p>\n<p style=\"text-align: justify;\"><strong><a href=\"http:\/\/it.wikipedia.org\/wiki\/Joseph-Louis_Lagrange\"><span style=\"color: #0000ff;\">Joseph-Louis Lagrange<\/span><\/a><\/strong><em><strong>, <span style=\"color: #000000;\">1736, matematico e astronomo, cattolico<\/span><\/strong><\/em><span style=\"color: #003300;\"><span style=\"color: #000000;\"> Unanimemente considerato uno tra i maggiori e pi\u00f9 influenti matematici del XVIII secolo. La sua pi\u00f9 importante opera \u00e8 il testo \u201cM\u00e9canique analytique\u201d. In campo matematico \u00e8 ricordato per le sue attivit\u00e0 in teoria dei numeri, lo sviluppo del calcolo delle variazioni, i fondamenti della meccanica razionale, per i risultati nel campo delle equazioni differenziali e per essere stato uno dei pionieri della teoria dei gruppi. Nel settore della astronomia condusse ricerche sui calcoli della librazione lunare e al moto dei pianeti. Credente e cattolico<\/span>.<\/span> (<a href=\"http:\/\/en.wikipedia.org\/wiki\/Joseph_Louis_Lagrange\" target=\"_blank\" rel=\"noreferrer noopener\"><span style=\"color: #0000ff;\">Biografia<\/span><\/a>)<\/p>\n<p style=\"text-align: justify;\"><strong><a href=\"https:\/\/en.wikipedia.org\/wiki\/Joseph_Priestley\"><span style=\"color: #0000ff;\">Joseph Priestley<\/span><\/a><\/strong><em><strong><span style=\"color: #0000ff;\">,<\/span> <span style=\"color: #000000;\">1733, chimico, teologo, filosofo, scopritore dell\u2019ossigeno e cristiano<\/span><\/strong><\/em><span style=\"color: #000000;\">. Scopr\u00ec l\u2019ossido di azoto, l\u2019anidride solforosa, l\u2019acido cloridrico e l\u2019ammoniaca e soprattutto l\u2019ossigeno ed \u00e8 da alcuni ritenuto il pi\u00f9 grande chimico di sempre. Da teologo ha sempre cercato di fondere l\u2019illuminismo razionalista con il teismo cristiano.<\/span> (<a href=\"https:\/\/en.wikipedia.org\/wiki\/Joseph_Priestley_and_education#Religious_education\" target=\"_blank\" rel=\"noreferrer noopener\"><span style=\"color: #0000ff;\">Biografia<\/span><\/a>)<\/p>\n<p style=\"text-align: justify;\"><span style=\"color: #0000ff;\"><strong><a style=\"color: #0000ff;\" href=\"http:\/\/it.wikipedia.org\/wiki\/Lazzaro_Spallanzani\">Lazzaro Spallanzani<\/a><\/strong><\/span><em><strong><span style=\"color: #0000ff;\">,<\/span> <span style=\"color: #000000;\">1729, biologo e religioso, fondatore biologia moderna, cattolico<\/span><\/strong><\/em><span style=\"color: #000000;\"> Considerato il \u201cpadre scientifico\u201d della fecondazione artificiale e uno dei padri della biologia moderna. Fondamentali furono anche le sue ricerche sulla gastroenterologia. Gli \u00e8 stato dedicato un cratere sul pianeta Marte. Credente e gesuita cattolico.<\/span><\/p>\n<p style=\"text-align: justify;\"><span style=\"color: #0000ff;\"><strong><a style=\"color: #0000ff;\" href=\"http:\/\/it.wikipedia.org\/wiki\/Paolo_Frisi\">Paolo Frisi<\/a><\/strong><\/span><em><strong><span style=\"color: #0000ff;\">,<\/span> <span style=\"color: #000000;\">1728, matematico, astronomo e religioso, cattolico<\/span><\/strong><\/em><span style=\"color: #003300;\"><span style=\"color: #000000;\">. Figura preminente della matematica e delle scienze nell\u2019Italia del suo tempo, noto soprattutto per i suoi lavori di idraulica. Invent\u00f2 il parafulmine e spieg\u00f2 l\u2019elettricit\u00e0 e la luce con le vibrazioni dell\u2019etere. Membro delle Accademie delle scienze di Parigi, Berlino, Stoccolma, Berna e Copenhagen, oltre che dell\u2019Accademia Imperiale di San Pietroburgo e della Royal Society di Londra, nella quale entra come membro straniero. Nei suoi scritti esprime spesso l\u2019amore di Dio, spiegando che la scienza \u00e8 una grazia di Di<\/span>o<\/span> (<a href=\"http:\/\/www.labussolaquotidiana.it\/ita\/articoli-paolo-frisi-un-prete-genio-nella-milano-asburgica-374.htm\"><span style=\"color: #0000ff;\">vedi una sua biografia<\/span><\/a>).<\/p>\n<p style=\"text-align: justify;\"><strong><a href=\"https:\/\/en.wikipedia.org\/wiki\/John_Michell\">J<span style=\"color: #0000ff;\">ohn Michell<\/span><\/a><\/strong><em><strong><span style=\"color: #0000ff;\">,<\/span> <span style=\"color: #000000;\">1724, astronomo, geologo, fisico e religioso, cristiano<\/span><\/strong><\/em><span style=\"color: #000000;\">. Membro della Royal Society e professore di geologia, fu il primo a teorizzare l\u2019esistenza dei buchi neri, a misurare la forza di gravit\u00e0 fra due corpi, a formulare la prima valutazione accurata della massa della Terra e della costante gravitazionale. E\u2019 considerato \u201cuno dei pi\u00f9 grandi scienziati non celebrati di tutti i tempi\u201d, in quanto pastore anglicano nel 1767 \u00e8 stato nominato rettore della chiesa inglese di San Michele di Thornhill.<\/span> (<a href=\"http:\/\/www.torinoscienza.it\/dossier\/le_intuizioni_di_michell_e_laplace_3074.html\" target=\"_blank\" rel=\"noreferrer noopener\"><span style=\"color: #0000ff;\">Biografia<\/span>)<\/a><\/p>\n<p style=\"text-align: justify;\"><span style=\"color: #0000ff;\"><strong><a style=\"color: #0000ff;\" href=\"http:\/\/it.wikipedia.org\/wiki\/Giuseppe_Toaldo\">Giuseppe Toaldo<\/a><\/strong><\/span><em><strong><span style=\"color: #0000ff;\">,<\/span> <span style=\"color: #000000;\">1719, astronomo, meteorologo e religioso, cattolico<\/span><\/strong><\/em><span style=\"color: #000000;\"> Membro della Royal Society e di numerose accademie europee, pose le fondamenta della meteorologia come scienza autonoma. Studi\u00f2 con particolare interesse l\u2019elettricit\u00e0 atmosferica sviluppando l\u2019installazione dei parafulmini. Gli \u00e8 stato dedicato un asteroide. Credente e religioso cattolico.<\/span><\/p>\n<p style=\"text-align: justify;\"><strong><a href=\"http:\/\/it.wikipedia.org\/wiki\/Maria_Gaetana_Agnesi\"><span style=\"color: #0000ff;\">Maria Gaetana Agnes<\/span>i<\/a><\/strong><em><strong>, <span style=\"color: #000000;\">1718, matematica, cattolica<\/span><\/strong><\/em><span style=\"color: #000000;\"> Importante matematica, il risultato pi\u00f9 prestigioso fu il volume \u201cInstituzioni analitiche ad uso della giovent\u00f9 italiana\u201d, che fu considerato come la migliore introduzione ai lavori di Eulero. Fu la prima donna autrice di un libro di matematica e la prima a ottenere una cattedra universitaria di matematica. Le \u00e8 stato dedicato un cratere di 42 km su Venere. Si ritir\u00f2 dalla vita pubblica per dedicarsi completamente ai poveri. Credente e devota cattolica.<\/span> (<a href=\"https:\/\/www.uccronline.it\/2016\/04\/27\/maria-gaetana-agnesi-la-piu-celebre-matematica-voleva-diventare-monaca\/\" target=\"_blank\" rel=\"noreferrer noopener\"><span style=\"color: #0000ff;\">Biografia<\/span><\/a>)<\/p>\n<p style=\"text-align: justify;\"><span style=\"color: #0000ff;\"><strong><a style=\"color: #0000ff;\" href=\"http:\/\/it.wikipedia.org\/wiki\/Giovanni_Battista_Beccaria\">Giovanni Battista Beccaria<\/a><\/strong><\/span><em><strong><span style=\"color: #0000ff;\">,<\/span> <span style=\"color: #000000;\">1716, fisico, astronomo e religioso, cattolico<\/span><\/strong><\/em><span style=\"color: #000000;\"> Il principale fautore del rinnovamento scientifico dell\u2019Ateneo torinese nel XVIII Secolo e uno dei pi\u00f9 grandi studiosi dell\u2019elettrologia. Classific\u00f2 inoltre i corpi in base alle loro propriet\u00e0 elettriche, e le scariche elettriche. Invent\u00f2 il parafulmine e ricav\u00f2 il valore della circonferenza terrestre. Credente e religioso cattolico.<\/span><\/p>\n<p style=\"text-align: justify;\"><strong><a href=\"http:\/\/it.wikipedia.org\/wiki\/Ruggiero_Giuseppe_Boscovich\">G<span style=\"color: #0000ff;\">iuseppe Boscovich<\/span><\/a><\/strong><em><strong>, <span style=\"color: #000000;\">1711, astronomo, fisico, matemtaico, filosofo e religioso, cattolico<\/span><\/strong><\/em><span style=\"color: #000000;\"> Fondatore dell\u2019osservatorio astronomico di Brera, fu il primo a fornire una procedura per il calcolo dell\u2019orbita di un pianeta e diede anche una procedura per determinare l\u2019equatore di un pianeta. Inoltre formul\u00f2 quella che oggi \u00e8 chiamata ipotesi di Boscovich che \u00e8 alla base della definizione fisica di corpo rigido. Credente, Cattolico e padre Gesuita.<\/span><\/p>\n<p style=\"text-align: justify;\"><span style=\"color: #0000ff;\"><strong><a style=\"color: #0000ff;\" href=\"https:\/\/en.wikipedia.org\/wiki\/Albrecht_von_Haller\">Albrecht von Haller<\/a><\/strong><\/span><em><strong><span style=\"color: #0000ff;\">,<\/span> <span style=\"color: #000000;\">1708, considerato il padre della fisiologia moderna, cristiano<\/span><\/strong><\/em><span style=\"color: #000000;\"> Anatomista svizzero, fisiologo conosciuto come il padre della fisiologia moderna. Cristiano protestante, \u00e8 stato coinvolto nella costruzione della chiesa riformata a G\u00f6ttingen, e, come un uomo interessato a questioni religiose, ha scritto lettere apologetiche.<\/span> (<a href=\"https:\/\/books.google.com.mx\/books?id=JxktAAAAYAAJ&amp;printsec=frontcover&amp;hl=it#v=onepage&amp;q&amp;f=false\" target=\"_blank\" rel=\"noreferrer noopener\"><span style=\"color: #0000ff;\">Biografia<\/span><\/a>)<\/p>\n<p style=\"text-align: justify;\"><span style=\"color: #0000ff;\"><strong><a style=\"color: #0000ff;\" href=\"http:\/\/it.wikipedia.org\/wiki\/Leonhard_Euler\">Eulero<\/a><\/strong><\/span><em><strong><span style=\"color: #0000ff;\">,<\/span> <span style=\"color: #000000;\">1707, matematico e fisico, cristiano<\/span><\/strong><\/em><span style=\"color: #000000;\"> \u00c8 considerato il pi\u00f9 importante matematico dell\u2019Illuminismo. Ha fornito contributi storicamente cruciali in svariate aree: analisi infinitesimale, funzioni speciali, meccanica razionale, meccanica celeste, teoria dei numeri, teoria dei grafi. Eulero \u00e8 stato senz\u2019altro il pi\u00f9 grande fornitore di \u201cdenominazioni matematiche\u201d e di oggetti matematici. Diede importanti contributi anche alla fisica e in particolare alla meccanica classica e celeste. Inoltre determin\u00f2 le orbite di molte comete. Buona parte della simbologia matematica tutt\u2019ora in uso venne introdotta da Eulero. Diffuse l\u2019uso della lettera \u03c0 per indicare pi greco. Credente cristiano protestante, si dice che tutte le sere riuniva la numerosa famiglia e leggeva un capitolo della Bibbia. <\/span>(<a href=\"http:\/\/www.euresis.org\/it\/Dettaglio_Rassegne_Stampa.aspx?id=432\"><span style=\"color: #0000ff;\">Biografia<\/span><\/a> | (<a href=\"https:\/\/www.uccronline.it\/2012\/08\/12\/citazioni-di-scienziati-credenti-cristiani-e-cattolici\/#eulero\" target=\"_blank\" rel=\"noreferrer noopener\"><span style=\"color: #0000ff;\">Citazioni<\/span><\/a>)<\/p>\n<p style=\"text-align: justify;\"><span style=\"color: #0000ff;\"><strong><a style=\"color: #0000ff;\" href=\"https:\/\/en.wikipedia.org\/wiki\/Carl_Linnaeus\">Carl Nilsson Linnaeus (Linneo)<\/a><\/strong><\/span><em><strong><span style=\"color: #0000ff;\">,<\/span> <span style=\"color: #000000;\">1707, medico e naturalista, padre della moderna classificazione scientifica degli organismi viventi, cristiano<\/span><\/strong><\/em><span style=\"color: #003300;\"><span style=\"color: #000000;\"> Ha ideato il sistema di nomenclatura binomia, ovvero assegnando alle piante (e poi agli animali) due nomi: uno per il genere e uno per la specie ed \u00e8 anche considerato come uno dei fondatori della moderna ecologia. Riteneva che la natura dimostrasse l\u2019esistenza della provvidenza divina e sono note le sue numerose riflessioni teologiche. Cristiano luterano<\/span>.<\/span> (<span style=\"color: #0000ff;\"><a style=\"color: #0000ff;\" href=\"http:\/\/www.treccani.it\/enciclopedia\/carlo-linneo_(Enciclopedia-dei-ragazzi)\/\">Biografia<\/a><\/span>)<\/p>\n<p style=\"text-align: justify;\"><strong><a href=\"http:\/\/it.wikipedia.org\/wiki\/Daniel_Bernoulli\">D<span style=\"color: #0000ff;\">aniel Bernoulli<\/span><\/a><\/strong><em><strong><span style=\"color: #0000ff;\">,<\/span> <span style=\"color: #000000;\">1700, matematico, cristiano<\/span><\/strong><\/em><span style=\"color: #000000;\"> Uno dei pi\u00f9 importanti matematici della famiglia Bernoulli. E\u2019 ricordato in particolar modo per le applicazioni della matematica alla meccanica, specialmente la fluidodinamica, e per il suo pionieristico lavoro sulla probabilit\u00e0 e la statistica. I lavori di Bernoulli sono ancora oggi studiati in molte ambienti scientifici in ogni parte del mondo. Credente e cristiano calvinista<\/span>. (<em><a href=\"http:\/\/en.wikipedia.org\/wiki\/Daniel_Bernoulli\"><span style=\"color: #0000ff;\">Biografia<\/span><\/a><\/em>)<\/p>\n<p style=\"text-align: justify;\"><span style=\"color: #0000ff;\"><strong><a style=\"color: #0000ff;\" href=\"https:\/\/it.wikipedia.org\/wiki\/Ramiro_Rampinelli\">Ramiro Rampinelli<\/a><\/strong><\/span><em><strong><span style=\"color: #0000ff;\">,<\/span> <span style=\"color: #000000;\">1697, matematico e monaco cattolico<\/span><\/strong><\/em><span style=\"color: #000000;\"> Monaco degli Olivetani, la sua azione fu decisiva per la diffusione dell\u2019analisi matematica, dell\u2019algebra e della fisica matematica nelle migliori universit\u00e0 d\u2019Italia. Sul piano scientifico \u00e8 uno dei pi\u00f9 conosciuti studiosi della matematica infinitesimale del primo Settecento italiano. Monaco cattolico.<\/span><\/p>\n<p style=\"text-align: justify;\"><span style=\"color: #0000ff;\"><strong><a style=\"color: #0000ff;\" href=\"https:\/\/en.wikipedia.org\/wiki\/Stephen_Hales\">Stephen Hales<\/a><\/strong><\/span><em><strong><span style=\"color: #0000ff;\">, <span style=\"color: #000000;\">1677, fisiologo, sacerdote cristiano<\/span><\/span><\/strong><\/em><span style=\"color: #000000;\"> E\u2019 stato sacerdote anglicano che ha portato importanti contributi a una varia gamma di settori scientifici, tra cui la botanica, chimica pneumatica e la fisiologia. Ha ricevuto la Medaglia Copley nel 1739, molto attivo nella Society for the Promotion of Christian Knowledge. <\/span>(<span style=\"color: #0000ff;\"><a style=\"color: #0000ff;\" href=\"http:\/\/galileo.rice.edu\/Catalog\/NewFiles\/hales.html\" target=\"_blank\" rel=\"noreferrer noopener\">Biografia<\/a><\/span>)<\/p>\n<p style=\"text-align: justify;\"><span style=\"color: #0000ff;\"><strong><a style=\"color: #0000ff;\" href=\"https:\/\/en.wikipedia.org\/wiki\/Herman_Boerhaave\">Herman Boerhaave<\/a><\/strong><\/span><em><strong><span style=\"color: #0000ff;\">,<\/span> <span style=\"color: #000000;\">1668, medico, fondatore dell\u2019insegnamento clinico e del moderno ospedale, cristiano<\/span><\/strong><\/em><span style=\"color: #000000;\"> Medico e botanico, il suo principale risultato fu la dimostrazione della relazione tra sintomi e lesioni e divenne il primo a isolare l\u2019urea dalle urine. Devoto cristiano, ha scritto spesso di Dio nelle sue opere, una raccolta dei suoi pensieri religiosi nella medicina \u00e8 intitolata <em>Boerhaave\u00ecs Orations<\/em> (Brill Archive 1983)<\/span> (<a href=\"https:\/\/en.wikipedia.org\/wiki\/Herman_Boerhaave#Legacy\" target=\"_blank\" rel=\"noreferrer noopener\"><span style=\"color: #0000ff;\">Biografia<\/span><\/a>)<\/p>\n<p style=\"text-align: justify;\"><span style=\"color: #0000ff;\"><strong><a style=\"color: #0000ff;\" href=\"http:\/\/it.wikipedia.org\/wiki\/Johann_Bernoulli\">Johann Bernoulli<\/a><\/strong><\/span><em><strong><span style=\"color: #0000ff;\">,<\/span> <span style=\"color: #000000;\">1667, matematico, inventore calcolo esponenziale, cristiano<\/span><\/strong><\/em><span style=\"color: #000000;\"> Considerato l\u2019inventore del calcolo delle variazioni e del calcolo esponenziale. Contribu\u00ec alla geometria differenziale e fu maestro di Eulero. Credente, cristiano calvinista<\/span>. (<span style=\"color: #0000ff;\"><a style=\"color: #0000ff;\" href=\"http:\/\/www.aif.it\/index.php?FISICI_2\/fisico30.htm\">Biografia<\/a><\/span>)<\/p>\n<p style=\"text-align: justify;\"><strong><a href=\"http:\/\/it.wikipedia.org\/wiki\/Giovanni_Girolamo_Saccheri\">G<span style=\"color: #0000ff;\">iovanni Girolamo Saccheri<\/span><\/a><\/strong><em><strong><span style=\"color: #0000ff;\">,<\/span> <span style=\"color: #000000;\">1667, matematico e religioso, padre geometrie non euclidee, cattolico<\/span><\/strong><\/em><span style=\"color: #000000;\">. \u00c8 considerato il padre delle geometrie non euclidee. Credente, Cattolico e padre Gesuita.<\/span><\/p>\n<p style=\"text-align: justify;\"><span style=\"color: #0000ff;\"><strong><a style=\"color: #0000ff;\" href=\"http:\/\/it.wikipedia.org\/wiki\/Gottfried_Leibniz\">Gottfried Leibniz<\/a><\/strong><\/span><em><strong><span style=\"color: #0000ff;\">,<\/span> <span style=\"color: #000000;\">1646, filosofo, matematico, fondatore del calcolo infinitesimale, cristiano<\/span><\/strong><\/em><span style=\"color: #000000;\"> A lui si deve il termine \u201cfunzione\u201d, costru\u00ec la prima calcolatrice meccanica in grado di moltiplicare e dividere, viene generalmente accreditato come uno dei maggiori contribuenti allo sviluppo del calcolo infinitesimale moderno, e integrale. Leibniz era un luterano e si propone la riunificazione delle Chiese cristiane<\/span>. (<em><a href=\"http:\/\/www-groups.dcs.st-and.ac.uk\/~history\/Biographies\/Leibniz.html\" target=\"_blank\" rel=\"noreferrer noopener\"><span style=\"color: #0000ff;\">Biografia<\/span><\/a><\/em><span style=\"color: #0000ff;\"> | <a style=\"color: #0000ff;\" href=\"https:\/\/www.uccronline.it\/2012\/08\/12\/citazioni-di-scienziati-credenti-cristiani-e-cattolici\/#leibnitz\" target=\"_blank\" rel=\"noreferrer noopener\">Citazioni<\/a><\/span>)<\/p>\n<p style=\"text-align: justify;\"><strong><a href=\"http:\/\/it.wikipedia.org\/wiki\/Isaac_Newton\"><span style=\"color: #0000ff;\">Isaac Newton<\/span> <\/a><\/strong><span style=\"color: #000000;\"><em><strong>1643, Matematico e fisico deista, Padre della legge di gravitazione universale<\/strong><\/em> E\u2019 considerato una delle pi\u00f9 grandi menti di tutti i tempi, descrisse la legge di gravitazione universale e, attraverso le sue leggi del moto, cre\u00f2 i fondamenti per la meccanica classica. Deista, credeva in un Dio creatore immobile e trascendente dell\u2019universo. Considerava Dio come un demiurgo, un \u201corologiaio\u201d dell\u2019Universo, essere impalpabile che lo aveva messo in moto. Vedeva come prova dell\u2019esistenza di questo Essere la complessit\u00e0 dei moti planetari (<a style=\"color: #000000;\" href=\"http:\/\/dallaragioneallafede.blogspot.com\/2009\/10\/citazione-di-grandi-uomini-j-k-l.html\">qui <\/a>vedi alcune sue citazioni)<\/span> (<a href=\"https:\/\/www.uccronline.it\/2012\/08\/12\/citazioni-di-scienziati-credenti-cristiani-e-cattolici\/#newton\" target=\"_blank\" rel=\"noreferrer noopener\"><span style=\"color: #0000ff;\">Citazioni<\/span><\/a>)<\/p>\n<p style=\"text-align: justify;\"><span style=\"color: #0000ff;\"><strong><a style=\"color: #0000ff;\" href=\"http:\/\/it.wikipedia.org\/wiki\/Niccol%C3%B2_Stenone\">Niccol\u00f2 Stenone<\/a><\/strong><\/span><em><strong><span style=\"color: #0000ff;\">,<\/span> <span style=\"color: #000000;\">1638, geologo, anatomista e religioso, fondatore della geologia, cattolico<\/span><\/strong><\/em><span style=\"color: #000000;\"> E\u2019 considerato per i suoi studi il padre della geologia, della stratigrafia e della cristallografia, studi\u00f2 approfonditamente il cuore e lo individu\u00f2 per la prima volta come un muscolo, scopr\u00ec la funzione delle ovaie e delle tube uterine. Originariamente luterano, si convert\u00ec al cattolicesimo e fu ordinato vescovo.<\/span><\/p>\n<p style=\"text-align: justify;\"><span style=\"color: #0000ff;\"><strong><a style=\"color: #0000ff;\" href=\"http:\/\/it.wikipedia.org\/wiki\/Christiaan_Huygens\">Christiaan Huygens<\/a><\/strong><\/span><em><strong><span style=\"color: #0000ff;\">,<\/span> <span style=\"color: #000000;\">1629, matematico, astronomo e fisico cristiano<\/span><\/strong><\/em><span style=\"color: #000000;\"> Fra i protagonisti della rivoluzione scientifica. Fu il primo membro onorario straniero della Royal Societ, con un telescopio di propria fabbricazione scopr\u00ec la luna di Saturno e di Titano, osserv\u00f2 la Nebulosa di Orione, miglior\u00f2 notevolmente gli strumenti astronomici, scrisse il primo libro sulla teoria delle probabilit\u00e0 ed \u00e8 considerato uno dei fondatori della disciplina del calcolo delle probabilit\u00e0. Gli \u00e8 stato dedicato un asteroide, 2801 Huygens, un cratere su Marte e un monte sulla Luna. Credente e cristiano protestante.<\/span><\/p>\n<p style=\"text-align: justify;\"><strong><a href=\"http:\/\/en.wikipedia.org\/wiki\/John_Ray%22\"><span style=\"color: #0000ff;\">John Ray<\/span><\/a><\/strong><em><strong>, <span style=\"color: #000000;\">1627, naturalista e religioso, padre della storia naturale inglese, cristiano.<\/span><\/strong><\/em><span style=\"color: #000000;\"> Ha pubblicato importanti lavori di botanica, zoologia e teologia naturale. La sua \u00a0classificazione delle piante nella sua Historia Plantarum, \u00e8 stato un importante passo verso la moderna tassonomia. Prese gli ordini sacri il 23\/12\/1666, credente e cristiano.<\/span> (<span style=\"color: #0000ff;\"><a style=\"color: #0000ff;\" href=\"https:\/\/www.uccronline.it\/2012\/08\/12\/citazioni-di-scienziati-credenti-cristiani-e-cattolici\/#ray\" target=\"_blank\" rel=\"noreferrer noopener\">Citazioni<\/a><\/span>)<\/p>\n<p style=\"text-align: justify;\"><strong><a href=\"http:\/\/it.wikipedia.org\/wiki\/Robert_Boyle\"><span style=\"color: #0000ff;\">Robert Boyle<\/span><\/a><\/strong><em><strong>, <span style=\"color: #000000;\">1627, chimico e fisico, fondatore della chimica moderna, cristiano<\/span><\/strong><\/em><span style=\"color: #000000;\"> Boyle contribu\u00ec in maniera decisiva allo sviluppo della scienza e scrisse il primo libro di chimica. \u00c8 rimasta famosa la sua legge sui gas, scopr\u00ec i rapporti tra aria, combustione e respirazione e studi\u00f2 l\u2019effetto dell\u2019aria sulla propagazione del suono. Credente e cristiano anglicano.<\/span> (<span style=\"color: #0000ff;\"><a style=\"color: #0000ff;\" href=\"http:\/\/www.esopedia.it\/index.php?title=Robert_Boyle\">Biografia<\/a> | <a style=\"color: #0000ff;\" href=\"https:\/\/www.uccronline.it\/2012\/08\/12\/citazioni-di-scienziati-credenti-cristiani-e-cattolici\/#boyle\" target=\"_blank\" rel=\"noreferrer noopener\">Citazioni<\/a><\/span>)<\/p>\n<p style=\"text-align: justify;\"><strong><a href=\"http:\/\/it.wikipedia.org\/wiki\/Blaise_Pascal\"><span style=\"color: #0000ff;\">Blaise Pascal<\/span><\/a><\/strong><em><strong><span style=\"color: #0000ff;\">,<\/span> <span style=\"color: #000000;\">1623, matematico e teologo, fondatore dell\u2019idrostatica, dell\u2019idrodinamica e della Teoria delle probabilit\u00e0, cattolico<\/span><\/strong><\/em><span style=\"color: #000000;\"> Contribu\u00ec in modo significativo alla costruzione di calcolatori meccanici e allo studio dei fluidi. Ha chiarito i concetti di pressione e di vuoto e scrisse importanti testi sul metodo scientifico. Lavor\u00f2 sulla teoria delle probabilit\u00e0 influenzando fortemente le moderne teorie economiche e le scienze sociali. Nel 1654 si dedic\u00f2 alle riflessioni religiose e filosofiche. Famosi sono i suoi teoremi. Credente e inizialmente cattolico, abbracci\u00f2 il cristianesimo giansenista.<\/span> (<span style=\"color: #0000ff;\"><a style=\"color: #0000ff;\" href=\"http:\/\/www.disf.org\/Voci\/156.asp\">Biografia<\/a> | <\/span><a href=\"https:\/\/www.uccronline.it\/2012\/08\/12\/citazioni-di-scienziati-credenti-cristiani-e-cattolici\/#pascal\" target=\"_blank\" rel=\"noreferrer noopener\"><span style=\"color: #0000ff;\">Citazioni<\/span><\/a>)<\/p>\n<p style=\"text-align: justify;\"><strong><a href=\"http:\/\/it.wikipedia.org\/wiki\/Athanasius_Kircher\"><span style=\"color: #0000ff;\">Athanasius Kircher<\/span><\/a><\/strong><em><strong>, <span style=\"color: #000000;\">1602, filosofo, storico e religioso, fondatore egittologia, cattolico<\/span><\/strong><\/em><span style=\"color: #000000;\"> E\u2019 considerato un gigante tra gli studiosi del XVII secolo, \u00e8 il fondatore dell\u2019Egittologia poich\u00e9 fu il pi\u00f9 celebre \u201cdecifratore\u201d di geroglifici del suo tempo stabilendo il legame corretto tra la lingua egizia antica e il copto. Credente, cattolico e padre Gesuita.<\/span><\/p>\n<p style=\"text-align: justify;\"><span style=\"color: #0000ff;\"><strong><a style=\"color: #0000ff;\" href=\"http:\/\/it.wikipedia.org\/wiki\/Giovanni_Riccioli\">Giovanni Riccioli <\/a><\/strong><\/span><em><strong>, <span style=\"color: #000000;\">1598, astronomo e religioso cattolico<\/span><\/strong><\/em><span style=\"color: #000000;\"> Celebre scienziato, ha elaborato un proprio sistema del mondo, ha compilato un catalogo stellare, osservato una stella doppia, notato le bande colorate parallele passanti per l\u2019equatore di Giove, ha sviluppato un dispositivo di livellamento ed ha pubblicato un lavoro sulla traversata geografica, ha sviluppato un metodo per misurare il diametro del Sole, ha perfezionato il pendolo come strumento per misurare il tempo e ha pubblicato le tabelle della latitudine e della longitudine per tantissime localit\u00e0. Credente e gesuita cattolico, gli \u00e8 stato dedicato il cratere lunare Riccioli.<\/span><\/p>\n<p style=\"text-align: justify;\"><span style=\"color: #0000ff;\"><strong><a style=\"color: #0000ff;\" href=\"http:\/\/it.wikipedia.org\/wiki\/Giovan_Battista_Odierna\">Giovan Battista Odierna<\/a><\/strong><\/span><em><strong><span style=\"color: #0000ff;\">,<\/span> <span style=\"color: #000000;\">1597, architetto, astronomo e religioso cattolico<\/span><\/strong><\/em><span style=\"color: #000000;\"> Tra i pi\u00f9 importanti astronomi dell\u2019epoca. Fece la prima catalogazione sistematica degli oggetti celesti non stellari e scopr\u00ec l\u2019ammasso M47 nel 1654. Progett\u00f2 e realizz\u00f2 la citt\u00e0 di Palma di Montechiaro. Gli \u00e8 stato dedicato l\u2019asteroide 1990 SE5. Credente e religioso cattolico.<\/span><\/p>\n<p style=\"text-align: justify;\"><span style=\"color: #0000ff;\"><strong><a style=\"color: #0000ff;\" href=\"http:\/\/en.wikipedia.org\/wiki\/Ren%C3%A9_Descartes#Religious_beliefs\">Cartesio<\/a><\/strong><\/span><em><strong><span style=\"color: #0000ff;\">,<\/span> <span style=\"color: #000000;\">1596, filosofo e matematico, padre della matematica moderna, cattolico<\/span><\/strong><\/em><span style=\"color: #000000;\"> E\u2019ritenuto fondatore della filosofia moderna e padre della matematica moderna e uno dei pi\u00f9 grandi e influenti pensatori nella storia dell\u2019umanit\u00e0. Estese la concezione razionalistica della conoscenza a ogni aspetto del sapere, dando vita a quello che oggi \u00e8 conosciuto con il nome di razionalismo continentale. Educato dai gesuiti, le sue <em>Meditationes de prima philosophia<\/em> (1641) si ispiravano agli <em>Esercizi spirituali<\/em> di sant\u2019Ignazio di Loyola. Credente e dichiarato cattolico<\/span>. (<span style=\"color: #0000ff;\"><a style=\"color: #0000ff;\" href=\"http:\/\/www.enricobaccarini.com\/?p=1410\">Biografia<\/a> | <\/span><a href=\"https:\/\/www.uccronline.it\/2012\/08\/12\/citazioni-di-scienziati-credenti-cristiani-e-cattolici\/#cartesio\" target=\"_blank\" rel=\"noreferrer noopener\"><span style=\"color: #0000ff;\">Citazioni<\/span><\/a>)<\/p>\n<p style=\"text-align: justify;\"><strong><a href=\"http:\/\/it.wikipedia.org\/wiki\/Giulio_Alenio\">G<span style=\"color: #0000ff;\">iulio Alenio<\/span><\/a><\/strong><span style=\"color: #000000;\"><em><strong> 1582, astronomo, geografo, matematico e religioso cattolico<\/strong><\/em> Diffuse nel mondo cinese conoscenze astronomiche e matematiche occidentali. \u00c8 autore di un mappamondo, mappa completa di tutte le Nazioni. Dai cinesi \u00e8 conosciuto come il Confucio dell\u2019Occidente. Credente, missionario e religioso cattolico.<\/span><\/p>\n<p style=\"text-align: justify;\"><span style=\"color: #0000ff;\"><strong><a style=\"color: #0000ff;\" href=\"http:\/\/en.wikipedia.org\/wiki\/William_Harvey\">William Harvey<\/a>, <\/strong><\/span><span style=\"color: #000000;\"><em><strong>1578, medico, fondatore medicina e fisiologia moderna, cristiano<\/strong><\/em> E\u2019 stato il primo a descrivere completamente e nel dettaglio la circolazione sistemica e le propriet\u00e0 del sangue. Credente e cristiano<\/span>. (<span style=\"color: #0000ff;\"><a style=\"color: #0000ff;\" href=\"https:\/\/www.uccronline.it\/2012\/08\/12\/citazioni-di-scienziati-credenti-cristiani-e-cattolici\/#harvey\" target=\"_blank\" rel=\"noreferrer noopener\">Citazioni<\/a><\/span>)<\/p>\n<p style=\"text-align: justify;\"><span style=\"color: #0000ff;\"><strong><a style=\"color: #0000ff;\" href=\"http:\/\/it.wikipedia.org\/wiki\/Benedetto_Castelli\">Benedetto Castelli<\/a><\/strong><\/span><em><strong><span style=\"color: #0000ff;\">,<\/span> <span style=\"color: #000000;\">1577, Matematico, fisico e religioso cattolico, Fondatore dell\u2019idraulica<\/span><\/strong><\/em><span style=\"color: #000000;\"> Fu tra i primi a divulgare le scoperte astronomiche esposte da Galilei, matematico insigne, \u00e8 considerato il fondatore dell\u2019idraulica. Credente e monaco cattolico<\/span><\/p>\n<p style=\"text-align: justify;\"><span style=\"color: #0000ff;\"><strong><a style=\"color: #0000ff;\" href=\"http:\/\/it.wikipedia.org\/wiki\/Giovanni_Keplero\">Giovanni Keplero<\/a><\/strong><\/span><em><strong><span style=\"color: #0000ff;\">,<\/span> <span style=\"color: #000000;\">1571, Astronomo e matematico cristiano<\/span><\/strong><\/em><span style=\"color: #000000;\"> Uno dei pi\u00f9 grandi astronomi di tutti i tempi, rivel\u00f2 le leggi che regolano il movimento dei pianeti e che sono chiamate, appunto, leggi di Keplero. Credente e devoto cristiano luterano (<\/span><a href=\"http:\/\/dallaragioneallafede.blogspot.com\/2009\/10\/citazione-di-grandi-uomini-j-k-l.html\"><span style=\"color: #0000ff;\">vedi alcune sue citazioni<\/span><\/a>). (<a href=\"https:\/\/www.uccronline.it\/2012\/08\/12\/citazioni-di-scienziati-credenti-cristiani-e-cattolici\/#keplero\" target=\"_blank\" rel=\"noreferrer noopener\">Citazioni<\/a>)<\/p>\n<p style=\"text-align: justify;\"><strong><a href=\"http:\/\/it.wikipedia.org\/wiki\/Galileo_Galilei\"><span style=\"color: #0000ff;\">Galileo Galilei<\/span><\/a><\/strong><em><strong><span style=\"color: #0000ff;\">,<\/span> <span style=\"color: #000000;\">1564, fisico, astronomo e matematico cattolico, padre scienza moderna<\/span><\/strong><\/em><span style=\"color: #000000;\"> Il padre della scienza moderna, rivoluzion\u00f2 l\u2019astronomia, perfezion\u00f2 il telescopio e introdusse il metodo scientifico. Sia prima che dopo le accuse errate della Chiesa si dimostr\u00f2 sincero credente e cattolico<\/span> (<span style=\"color: #0000ff;\"><a style=\"color: #0000ff;\" href=\"http:\/\/dallaragioneallafede.blogspot.com\/2009\/11\/galileo-galilei.html\">vedi alcune sue citazioni<\/a><\/span>) (<a href=\"https:\/\/www.uccronline.it\/2012\/08\/12\/citazioni-di-scienziati-credenti-cristiani-e-cattolici\/#galilei\" target=\"_blank\" rel=\"noreferrer noopener\"><span style=\"color: #0000ff;\">Citazioni<\/span><\/a>)<\/p>\n<p style=\"text-align: justify;\"><span style=\"color: #0000ff;\"><strong><a style=\"color: #0000ff;\" href=\"http:\/\/en.wikipedia.org\/wiki\/Xu_Guangqi\">Xu Guangqi<\/a><\/strong><\/span><em><strong><span style=\"color: #0000ff;\">,<\/span> <span style=\"color: #000000;\">1562, scienziato dell\u2019agricoltura, astronomo e matematico cattolico<\/span><\/strong><\/em><span style=\"color: #000000;\"> Introdusse i suoi connazionali cinesi a nuovi concetti di matematica e di logica, \u00e8 stato nominato dall\u2019imperatore cinese come il leader della riforma cinese. Autore di uno dei primi trattati globali in materia di agricoltura riforma il calendario cinese. Credente e cattolico.<\/span><\/p>\n<p style=\"text-align: justify;\"><strong><a href=\"https:\/\/it.wikipedia.org\/wiki\/Ilario_Altobelli\"><span style=\"color: #0000ff;\">Ilario Altobelli<\/span> <\/a><\/strong><em><strong>, <span style=\"color: #000000;\">1560, astronomo e sacerdote cattolico<\/span><\/strong><\/em><span style=\"color: #000000;\"> Ordinato sacerdote nel 1585, fu rettore e professore di matematica dello Studio di Verona: di qui, fu tra i primi a osservare, il 9 ottobre 1604, la stella \u2013 poi chiamata SN 1604 o Supernova di Keplero \u2013 della quale inform\u00f2 il Galilei, allora insegnante a Padova, che sul fenomeno tenne tre lezioni: la posizione della stella pareva contraddire le ipotesi cosmologiche correnti del sistema tolemaico, ponendosi fuori dell\u2019ottava sfera.<\/span> (<span style=\"color: #0000ff;\"><a style=\"color: #0000ff;\" href=\"http:\/\/www.treccani.it\/enciclopedia\/altobelli-ilario-senior_(Dizionario-Biografico)\/\" target=\"_blank\" rel=\"noreferrer noopener\">Biografia<\/a><\/span>)<\/p>\n<p style=\"text-align: justify;\"><span style=\"color: #0000ff;\"><strong><a style=\"color: #0000ff;\" href=\"http:\/\/it.wikipedia.org\/wiki\/Matteo_Ricci\">Matteo Ricci<\/a><\/strong><\/span><em><strong><span style=\"color: #0000ff;\">,<\/span> <span style=\"color: #000000;\">1552, Matematico, cartografo e religioso cattolico<\/span><\/strong><\/em><span style=\"color: #000000;\"> E\u2019 riconosciuto come uno dei pi\u00f9 grandi missionari della Cina. Ricevette il titolo onorifico di Studioso confuciano del grande Occidente da parte dei cinesi. Introdusse presso i cinesi la scienza occidentale e il pensiero greco. Tradusse in cinese il Manuale di Epitteto, e gli Elementi di Euclide. Realizz\u00f2 un atlante mondiale in cinese, e introdusse in Europa molti aspetti della civilt\u00e0 cinese. Credente missionario e religioso cattolico.<\/span><\/p>\n<p style=\"text-align: justify;\"><strong><a href=\"http:\/\/it.wikipedia.org\/wiki\/John_Napier\"><span style=\"color: #0000ff;\">Giovanni Nepero<\/span><\/a><\/strong><em><strong>, <span style=\"color: #000000;\">1550, Matematico, astronomo e fisico cristiano, Invent\u00f2 il logaritmo naturale<\/span><\/strong><\/em><span style=\"color: #000000;\"> Celebre per l\u2019invenzione del logaritmo naturale, dei bastoncini (o ossi) di Nepero e anche per aver sostenuto l\u2019uso delle frazioni decimali e del punto come separatore decimale. Credente di credo protestante.<\/span><\/p>\n<p style=\"text-align: justify;\"><span style=\"color: #0000ff;\"><strong><a style=\"color: #0000ff;\" href=\"http:\/\/it.wikipedia.org\/wiki\/Tycho_Brahe\">Tycho Brahe<\/a><\/strong><\/span><em><strong><span style=\"color: #0000ff;\">,<\/span> <span style=\"color: #000000;\">1546, Astronomo cristiano<\/span><\/strong><\/em><span style=\"color: #000000;\"> Maestro di Keplero, fu la sua grande autorit\u00e0 che favor\u00ec l\u2019abbandono del sistema Tolemaico. Sue osservazioni sulle comete permisero di sfatare l\u2019ipotesi delle sfere celesti solide e raggiunsero un\u2019accuratezza impareggiabile per i suoi tempi. Credente, luterano, riteneva che la sapienza legislativa di Dio operasse in modo libero sui movimenti celesti.<\/span><\/p>\n<p style=\"text-align: justify;\"><strong><a href=\"http:\/\/it.wikipedia.org\/wiki\/Cristoforo_Clavio\"><span style=\"color: #0000ff;\">Cristoforo Clavio<\/span><\/a><\/strong><em><strong>, <span style=\"color: #000000;\">1538, Matematico, astronomo e religioso cattolico<\/span><\/strong><\/em><span style=\"color: #000000;\"> Noto soprattutto per il suo contributo alla definizione del calendario gregoriano. All\u2019inizio del XVII secolo \u00e8 uno dei pi\u00f9 autorevoli astronomi e Galileo gli fa visita per discutere con lui le osservazioni eseguite con il telescopio. E\u2019 a lui dedicato uno dei maggiori crateri lunari. Credente e religioso cattolico.<\/span><\/p>\n<p style=\"text-align: justify;\"><span style=\"color: #0000ff;\"><strong><a style=\"color: #0000ff;\" href=\"https:\/\/it.wikipedia.org\/wiki\/Ulisse_Aldrovandi\">Ulisse Aldrovandi<\/a><\/strong><\/span><em><strong>, <span style=\"color: #000000;\">1522, naturalista e padre della Geologia, cattolico<\/span><\/strong><\/em><span style=\"color: #000000;\"> E\u2019 stato un naturalista, botanico ed entomologo italiano, realizzatore di uno dei primi musei di storia naturale, studioso delle diversit\u00e0 del mondo vivente, esploratore che, negli ultimi decenni del Cinquecento e fino ai primi del Seicento, si impose come una delle maggiori figure della scienza, nonch\u00e9 guida e riferimento per i naturalisti italiani contemporanei. Coni\u00f2 nel 1603 il termine geologia. Cattolico, fu anche un viaggiatore instancabile, che fosse per i suoi pellegrinaggi verso Loreto o Santiago, o per raccogliere materiale interessante. Fu il primo europeo a progettare un viaggio scientifico in America, ma nel contempo si occup\u00f2 di teologia, liturgia, Sindone, arte (al punto da assoldare vari pittori al servizio suo e della scienza).<\/span> (<a href=\"http:\/\/www.filosofiaescienza.it\/origini-italiane-della-geologiageologia-e-pitturageologia-e-fede\/\" target=\"_blank\" rel=\"noreferrer noopener\"><span style=\"color: #0000ff;\">Biografia<\/span><\/a>)<\/p>\n<p style=\"text-align: justify;\"><span style=\"color: #0000ff;\"><strong><a style=\"color: #0000ff;\" href=\"http:\/\/en.wikipedia.org\/wiki\/Ambroise_Par%C3%A9\">Ambroise Par\u00e9<\/a><\/strong><\/span><em><strong><span style=\"color: #0000ff;\">,<\/span> <span style=\"color: #000000;\">1509, medico e chirurgo cattolico, Fondatore chirurgia<\/span><\/strong><\/em><span style=\"color: #000000;\"> Considerato il padre della chirurgia moderna, va a lui il merito di aver introdotto la legatura dei vasi in seguito alle amputazioni. Non vi \u00e8 alcuna prova che fosse Ugonotto e che fosse perseguitato dai cristiani. Invece fu di fede cattolica e battezz\u00f2 cos\u00ec i suoi figli<\/span> (<span style=\"color: #0000ff;\"><a style=\"color: #0000ff;\" href=\"http:\/\/en.wikipedia.org\/wiki\/Ambroise_Par%C3%A9#Battlefield_medicine\">vedi una sua biografia<\/a>, <a style=\"color: #0000ff;\" href=\"http:\/\/www.newadvent.org\/cathen\/11478a.htm\">voce nella Catholic Encyclopedia<\/a> e <a style=\"color: #0000ff;\" href=\"http:\/\/www.bookrags.com\/research\/ambroise-par-scit-0312\/\">Bookrags.com<\/a>| <a style=\"color: #0000ff;\" href=\"https:\/\/www.uccronline.it\/2012\/08\/12\/citazioni-di-scienziati-credenti-cristiani-e-cattolici\/#pare\" target=\"_blank\" rel=\"noreferrer noopener\">Citazioni<\/a><\/span>).<\/p>\n<p style=\"text-align: center;\"><span style=\"color: #000000;\"><strong>_________________________<\/strong><\/span><\/p>\n<h4 style=\"text-align: center;\"><span style=\"color: #000000;\"><strong>SCIENZIATI CREDENTI IN ETA\u2019 MEDIEVALE<\/strong><\/span><\/h4>\n<p style=\"text-align: justify;\"><span style=\"color: #0000ff;\"><strong><a style=\"color: #0000ff;\" href=\"http:\/\/it.wikipedia.org\/wiki\/Niccol%C3%B2_Copernico\">Niccol\u00f2 Copernico<\/a><\/strong><\/span><em><strong>, <span style=\"color: #000000;\">1473, astronomo e religioso cattolico<\/span><\/strong><\/em><span style=\"color: #000000;\"> Rivoluzion\u00f2 l\u2019astronomia col modello eliocentrico e prese gli ordini minori della Chiesa Cattolica.<\/span> <span style=\"color: #0000ff;\">(<\/span><a href=\"https:\/\/www.uccronline.it\/2012\/08\/12\/citazioni-di-scienziati-credenti-cristiani-e-cattolici\/#copernico\" target=\"_blank\" rel=\"noreferrer noopener\"><span style=\"color: #0000ff;\">Citazioni<\/span><\/a>)<\/p>\n<p style=\"text-align: justify;\"><span style=\"color: #0000ff;\"><strong><a style=\"color: #0000ff;\" href=\"http:\/\/it.wikipedia.org\/wiki\/Amerigo_Vespucci\" target=\"_blank\" rel=\"noreferrer noopener\">Amerigo Vespucci<\/a><\/strong><\/span><em><strong><span style=\"color: #0000ff;\">,<\/span> <span style=\"color: #000000;\">1454, navigatore, esploratore e religioso cattolico<\/span><\/strong><\/em><span style=\"color: #000000;\"> Fu tra i primi e pi\u00f9 importanti esploratori del Nuovo Mondo, tanto da lasciare il suo nome al continente. Invent\u00f2 il metodo di calcolo longitudinale con la distanza lunare. Credente, fu terziario francescano.<\/span><\/p>\n<p style=\"text-align: justify;\"><span style=\"color: #0000ff;\"><strong><a style=\"color: #0000ff;\" href=\"http:\/\/it.wikipedia.org\/wiki\/Leonardo_da_Vinci\">Leonardo da Vinci<\/a><\/strong><\/span><em><strong><span style=\"color: #0000ff;\">,<\/span> <span style=\"color: #000000;\">1452, artista, scienziato e pittore agnostico-cristiano<\/span><\/strong><\/em><span style=\"color: #000000;\"> Egli \u00e8 ampiamente considerato uno dei pi\u00f9 grandi artisti di tutti i tempi e forse la persona pi\u00f9 talentuosa che abbia mai vissuto. La portata e la profondit\u00e0 dei suoi interessi sono stati senza precedenti. Ha vissuto da agnostico per tutta la vita, ma raffigurando miriadi di opere religiose. Si convert\u00ec al cristianesimo negli ultimi anni.<\/span> (<span style=\"color: #0000ff;\"><a style=\"color: #0000ff;\" href=\"https:\/\/www.uccronline.it\/2012\/08\/12\/citazioni-di-scienziati-credenti-cristiani-e-cattolici\/#da vinci\" target=\"_blank\" rel=\"noreferrer noopener\">Citazioni<\/a><\/span>)<\/p>\n<p style=\"text-align: justify;\"><strong><a href=\"http:\/\/it.wikipedia.org\/wiki\/Nicola_d%27Oresme\"><span style=\"color: #0000ff;\">Nicola d\u2019Oresme<\/span><\/a><\/strong><em><strong>, <span style=\"color: #000000;\">1323, matematico, fisico, astronomo, economista, filosofo, psicologo, musicologo e religioso cattolico<\/span><\/strong><\/em><span style=\"color: #000000;\"> Fu uno dei pi\u00f9 famosi e influenti pensatori del XIV secolo e uno dei principali fondatori e divulgatori delle scienze moderne. Credente e vescovo cattolico.<\/span><\/p>\n<p style=\"text-align: justify;\"><strong><a href=\"http:\/\/it.wikipedia.org\/wiki\/Roberto_Grossatesta\"><span style=\"color: #0000ff;\">Roberto Grossatesta<\/span><\/a><\/strong><em><strong>, <span style=\"color: #000000;\">1175, scienziato, statista, teologo e religioso cattolico<\/span><\/strong><\/em><span style=\"color: #000000;\"> Giudicato come il vero fondatore della tradizione del pensiero scientifico nella Oxford medioevale, per aver delineato l\u2019intelaiatura del corretto metodo scientifico e per l\u2019idea della subordinazione delle scienze, e della tradizione intellettuale della moderna Inghilterra. Credente e vescovo cattolico.<\/span><\/p>\n<p style=\"text-align: justify;\"><strong><a href=\"http:\/\/it.wikipedia.org\/wiki\/Ildegarda_di_Bingen\">I<span style=\"color: #0000ff;\">ldegarda di Bingen<\/span><\/a><\/strong><em><strong>, <span style=\"color: #000000;\">1098, naturalista, scrittrice, musicista, cosmologa, linguista e religiosa cattolica<\/span><\/strong><\/em><span style=\"color: #000000;\"> E\u2019 considerata la prima naturalista della storia per i suoi completi ed esaustivi studi di botanica, includenti l\u2019uso curativo delle erbe. Credente e religiosa cattolica.<\/span><\/p>\n<p style=\"text-align: center;\"><span style=\"color: #000000;\"><strong>_________________________<\/strong><\/span><\/p>\n<h4 style=\"text-align: center;\"><span style=\"color: #000000;\"><strong>ETA\u2019 ANTICA<\/strong><\/span><\/h4>\n<p style=\"text-align: justify;\"><strong><a href=\"http:\/\/it.wikipedia.org\/wiki\/Claudio_Tolomeo\"><span style=\"color: #0000ff;\">Claudio Tolomeo<\/span><\/a><\/strong><em><strong>, <span style=\"color: #000000;\">100, astrologo, astronomo e geografo cristiano<\/span><\/strong><\/em><span style=\"color: #000000;\"> Considerato uno dei padri della geografia, fu autore di importanti opere scientifiche, la principale delle quali \u00e8 il trattato astronomico noto come Almagesto che fu una delle opere pi\u00f9 influenti dell\u2019antichit\u00e0. Formul\u00f2 un modello geocentrico del sistema solare che rimase riferimento per tutto il mondo occidentale e arabo fino all\u2019eliocentrismo di Copernico. L\u2019opera \u201cGeografia\u201d contiene un\u2019esposizione delle basi teoriche della geografia matematica e le coordinate di 8000 diverse localit\u00e0. Credente e gnostico cristiano.<\/span><\/p>\n<p>___________________________________________________<\/p>\n<p><strong><span style=\"color: #000000;\">Leggi anche:<\/span><\/strong><\/p>\n<p><a href=\"https:\/\/www.rassegnastampa-totustuus.it\/cattolica\/tra-scienza-e-fede-non-puo-esserci-antitesi-ecco-perche\/\" target=\"_blank\" rel=\"noopener\"><span style=\"color: #0000ff;\">Tra scienza e fede non pu\u00f2 esserci antitesi. Ecco perch\u00e9\u2026<\/span><\/a><\/p>\n<p><a href=\"https:\/\/www.rassegnastampa-totustuus.it\/cattolica\/fede-e-scienza-alle-origini-di-un-rapporto\/\" target=\"_blank\" rel=\"noopener\"><span style=\"color: #0000ff;\">Fede e scienza: alle origini di un rapporto<\/span><\/a><\/p>\n<p><a href=\"https:\/\/www.rassegnastampa-totustuus.it\/cattolica\/fede-scienza-e-falsi-miti-nella-cosmologia-contemporanea\/\" target=\"_blank\" rel=\"noopener\"><span style=\"color: #0000ff;\">Fede, scienza e falsi miti nella cosmologia contemporanea<\/span><\/a><\/p>\n\n\n<p><\/p>\n","protected":false},"excerpt":{"rendered":"<p>Unione Cristiani Cattolici Razionali 9 dicembre 2010 Esistono scienziati credenti? Chi sono stati i pi\u00f9 grandi scienziati cristiani? Il desiderio di conoscere il Creatore, da sempre, ha spinto gli uomini a studiare meglio la creatura. E\u2019 forse per questo che, guardando alla storia, i pi\u00f9 grandi scienziati hanno professato la fede cristiana, ognuno con le &hellip; <\/p>\n<p><a class=\"more-link btn\" href=\"https:\/\/www.rassegnastampa-totustuus.it\/cattolica\/scienziati-credenti-cristiani-e-cattolici-ecco-lelenco-completo\/\">Continua a leggere<\/a><\/p>\n","protected":false},"author":6,"featured_media":54725,"comment_status":"closed","ping_status":"closed","sticky":false,"template":"","format":"standard","meta":{"footnotes":""},"categories":[22],"tags":[261,1229],"class_list":["post-54724","post","type-post","status-publish","format-standard","has-post-thumbnail","hentry","category-scienza","tag-scienza-2","tag-scienza-e-fede","item-wrap"],"yoast_head":"<!-- This site is optimized with the Yoast SEO plugin v27.5 - https:\/\/yoast.com\/product\/yoast-seo-wordpress\/ -->\n<title>Scienziati credenti, cristiani e cattolici: ecco l\u2019elenco completo - Rassegna Stampa Cattolica<\/title>\n<meta name=\"description\" content=\"Scienziati credenti, cristiani e cattolici: ecco l\u2019elenco completo: et\u00e0 contemporanea, moderna, medievale e antica\" \/>\n<meta name=\"robots\" content=\"index, follow, max-snippet:-1, max-image-preview:large, max-video-preview:-1\" \/>\n<link rel=\"canonical\" href=\"https:\/\/www.rassegnastampa-totustuus.it\/cattolica\/scienziati-credenti-cristiani-e-cattolici-ecco-lelenco-completo\/\" \/>\n<meta property=\"og:locale\" content=\"it_IT\" \/>\n<meta property=\"og:type\" content=\"article\" \/>\n<meta property=\"og:title\" content=\"Scienziati credenti, cristiani e cattolici: ecco l\u2019elenco completo - Rassegna Stampa Cattolica\" \/>\n<meta property=\"og:description\" content=\"Scienziati credenti, cristiani e cattolici: ecco l\u2019elenco completo: et\u00e0 contemporanea, moderna, medievale e antica\" \/>\n<meta property=\"og:url\" content=\"https:\/\/www.rassegnastampa-totustuus.it\/cattolica\/scienziati-credenti-cristiani-e-cattolici-ecco-lelenco-completo\/\" \/>\n<meta property=\"og:site_name\" content=\"Rassegna Stampa Cattolica\" \/>\n<meta property=\"article:publisher\" content=\"https:\/\/www.facebook.com\/rassegnastampacattolica\" \/>\n<meta property=\"article:published_time\" content=\"2022-09-14T22:00:48+00:00\" \/>\n<meta property=\"article:modified_time\" content=\"2026-03-31T06:55:35+00:00\" \/>\n<meta property=\"og:image\" content=\"https:\/\/www.rassegnastampa-totustuus.it\/cattolica\/wp-content\/uploads\/2022\/09\/scienza_fede_chiesa.jpg\" \/>\n\t<meta property=\"og:image:width\" content=\"300\" \/>\n\t<meta property=\"og:image:height\" content=\"168\" \/>\n\t<meta property=\"og:image:type\" content=\"image\/jpeg\" \/>\n<meta name=\"author\" content=\"Redazione\" \/>\n<meta name=\"twitter:card\" content=\"summary_large_image\" \/>\n<meta name=\"twitter:creator\" content=\"@rassegnastampa9\" \/>\n<meta name=\"twitter:site\" content=\"@rassegnastampa9\" \/>\n<meta name=\"twitter:label1\" content=\"Scritto da\" \/>\n\t<meta name=\"twitter:data1\" content=\"Redazione\" \/>\n\t<meta name=\"twitter:label2\" content=\"Tempo di lettura stimato\" \/>\n\t<meta name=\"twitter:data2\" content=\"1 minuto\" \/>\n<script type=\"application\/ld+json\" class=\"yoast-schema-graph\">{\"@context\":\"https:\\\/\\\/schema.org\",\"@graph\":[{\"@type\":\"Article\",\"@id\":\"https:\\\/\\\/www.rassegnastampa-totustuus.it\\\/cattolica\\\/scienziati-credenti-cristiani-e-cattolici-ecco-lelenco-completo\\\/#article\",\"isPartOf\":{\"@id\":\"https:\\\/\\\/www.rassegnastampa-totustuus.it\\\/cattolica\\\/scienziati-credenti-cristiani-e-cattolici-ecco-lelenco-completo\\\/\"},\"author\":{\"name\":\"Redazione\",\"@id\":\"https:\\\/\\\/www.rassegnastampa-totustuus.it\\\/cattolica\\\/#\\\/schema\\\/person\\\/08f319d2bd1a0904ad9e2bfb7b15e5c3\"},\"headline\":\"Scienziati credenti, cristiani e cattolici: ecco l\u2019elenco completo\",\"datePublished\":\"2022-09-14T22:00:48+00:00\",\"dateModified\":\"2026-03-31T06:55:35+00:00\",\"mainEntityOfPage\":{\"@id\":\"https:\\\/\\\/www.rassegnastampa-totustuus.it\\\/cattolica\\\/scienziati-credenti-cristiani-e-cattolici-ecco-lelenco-completo\\\/\"},\"wordCount\":14603,\"publisher\":{\"@id\":\"https:\\\/\\\/www.rassegnastampa-totustuus.it\\\/cattolica\\\/#organization\"},\"image\":{\"@id\":\"https:\\\/\\\/www.rassegnastampa-totustuus.it\\\/cattolica\\\/scienziati-credenti-cristiani-e-cattolici-ecco-lelenco-completo\\\/#primaryimage\"},\"thumbnailUrl\":\"https:\\\/\\\/www.rassegnastampa-totustuus.it\\\/cattolica\\\/wp-content\\\/uploads\\\/2022\\\/09\\\/scienza_fede_chiesa.jpg\",\"keywords\":[\"scienza\",\"scienza e fede\"],\"articleSection\":[\"Scienza\"],\"inLanguage\":\"it-IT\"},{\"@type\":\"WebPage\",\"@id\":\"https:\\\/\\\/www.rassegnastampa-totustuus.it\\\/cattolica\\\/scienziati-credenti-cristiani-e-cattolici-ecco-lelenco-completo\\\/\",\"url\":\"https:\\\/\\\/www.rassegnastampa-totustuus.it\\\/cattolica\\\/scienziati-credenti-cristiani-e-cattolici-ecco-lelenco-completo\\\/\",\"name\":\"Scienziati credenti, cristiani e cattolici: ecco l\u2019elenco completo - Rassegna Stampa Cattolica\",\"isPartOf\":{\"@id\":\"https:\\\/\\\/www.rassegnastampa-totustuus.it\\\/cattolica\\\/#website\"},\"primaryImageOfPage\":{\"@id\":\"https:\\\/\\\/www.rassegnastampa-totustuus.it\\\/cattolica\\\/scienziati-credenti-cristiani-e-cattolici-ecco-lelenco-completo\\\/#primaryimage\"},\"image\":{\"@id\":\"https:\\\/\\\/www.rassegnastampa-totustuus.it\\\/cattolica\\\/scienziati-credenti-cristiani-e-cattolici-ecco-lelenco-completo\\\/#primaryimage\"},\"thumbnailUrl\":\"https:\\\/\\\/www.rassegnastampa-totustuus.it\\\/cattolica\\\/wp-content\\\/uploads\\\/2022\\\/09\\\/scienza_fede_chiesa.jpg\",\"datePublished\":\"2022-09-14T22:00:48+00:00\",\"dateModified\":\"2026-03-31T06:55:35+00:00\",\"description\":\"Scienziati credenti, cristiani e cattolici: ecco l\u2019elenco completo: et\u00e0 contemporanea, moderna, medievale e antica\",\"breadcrumb\":{\"@id\":\"https:\\\/\\\/www.rassegnastampa-totustuus.it\\\/cattolica\\\/scienziati-credenti-cristiani-e-cattolici-ecco-lelenco-completo\\\/#breadcrumb\"},\"inLanguage\":\"it-IT\",\"potentialAction\":[{\"@type\":\"ReadAction\",\"target\":[\"https:\\\/\\\/www.rassegnastampa-totustuus.it\\\/cattolica\\\/scienziati-credenti-cristiani-e-cattolici-ecco-lelenco-completo\\\/\"]}]},{\"@type\":\"ImageObject\",\"inLanguage\":\"it-IT\",\"@id\":\"https:\\\/\\\/www.rassegnastampa-totustuus.it\\\/cattolica\\\/scienziati-credenti-cristiani-e-cattolici-ecco-lelenco-completo\\\/#primaryimage\",\"url\":\"https:\\\/\\\/www.rassegnastampa-totustuus.it\\\/cattolica\\\/wp-content\\\/uploads\\\/2022\\\/09\\\/scienza_fede_chiesa.jpg\",\"contentUrl\":\"https:\\\/\\\/www.rassegnastampa-totustuus.it\\\/cattolica\\\/wp-content\\\/uploads\\\/2022\\\/09\\\/scienza_fede_chiesa.jpg\",\"width\":300,\"height\":168},{\"@type\":\"BreadcrumbList\",\"@id\":\"https:\\\/\\\/www.rassegnastampa-totustuus.it\\\/cattolica\\\/scienziati-credenti-cristiani-e-cattolici-ecco-lelenco-completo\\\/#breadcrumb\",\"itemListElement\":[{\"@type\":\"ListItem\",\"position\":1,\"name\":\"Home\",\"item\":\"https:\\\/\\\/www.rassegnastampa-totustuus.it\\\/cattolica\\\/\"},{\"@type\":\"ListItem\",\"position\":2,\"name\":\"Scienziati credenti, cristiani e cattolici: ecco l\u2019elenco completo\"}]},{\"@type\":\"WebSite\",\"@id\":\"https:\\\/\\\/www.rassegnastampa-totustuus.it\\\/cattolica\\\/#website\",\"url\":\"https:\\\/\\\/www.rassegnastampa-totustuus.it\\\/cattolica\\\/\",\"name\":\"Rassegna Stampa Cattolica\",\"description\":\"Per una cultura che nasce dalla Rivelazione cristiana in conformit\u00e0 alla tradizione e al Magistero della Chiesa in opposizione ad ogni relativismo e totalitarismo\",\"publisher\":{\"@id\":\"https:\\\/\\\/www.rassegnastampa-totustuus.it\\\/cattolica\\\/#organization\"},\"alternateName\":\"Rass. Cattolica\",\"potentialAction\":[{\"@type\":\"SearchAction\",\"target\":{\"@type\":\"EntryPoint\",\"urlTemplate\":\"https:\\\/\\\/www.rassegnastampa-totustuus.it\\\/cattolica\\\/?s={search_term_string}\"},\"query-input\":{\"@type\":\"PropertyValueSpecification\",\"valueRequired\":true,\"valueName\":\"search_term_string\"}}],\"inLanguage\":\"it-IT\"},{\"@type\":\"Organization\",\"@id\":\"https:\\\/\\\/www.rassegnastampa-totustuus.it\\\/cattolica\\\/#organization\",\"name\":\"Rassegna Stampa Cattolica\",\"url\":\"https:\\\/\\\/www.rassegnastampa-totustuus.it\\\/cattolica\\\/\",\"logo\":{\"@type\":\"ImageObject\",\"inLanguage\":\"it-IT\",\"@id\":\"https:\\\/\\\/www.rassegnastampa-totustuus.it\\\/cattolica\\\/#\\\/schema\\\/logo\\\/image\\\/\",\"url\":\"https:\\\/\\\/www.rassegnastampa-totustuus.it\\\/cattolica\\\/wp-content\\\/uploads\\\/2014\\\/04\\\/logo-rassegna1.gif\",\"contentUrl\":\"https:\\\/\\\/www.rassegnastampa-totustuus.it\\\/cattolica\\\/wp-content\\\/uploads\\\/2014\\\/04\\\/logo-rassegna1.gif\",\"width\":600,\"height\":163,\"caption\":\"Rassegna Stampa Cattolica\"},\"image\":{\"@id\":\"https:\\\/\\\/www.rassegnastampa-totustuus.it\\\/cattolica\\\/#\\\/schema\\\/logo\\\/image\\\/\"},\"sameAs\":[\"https:\\\/\\\/www.facebook.com\\\/rassegnastampacattolica\",\"https:\\\/\\\/x.com\\\/rassegnastampa9\"]},{\"@type\":\"Person\",\"@id\":\"https:\\\/\\\/www.rassegnastampa-totustuus.it\\\/cattolica\\\/#\\\/schema\\\/person\\\/08f319d2bd1a0904ad9e2bfb7b15e5c3\",\"name\":\"Redazione\",\"image\":{\"@type\":\"ImageObject\",\"inLanguage\":\"it-IT\",\"@id\":\"https:\\\/\\\/secure.gravatar.com\\\/avatar\\\/2fcdf27c78ea025fbdb44e914cc63c72249ffec9dc8aafd5c82b26240ef3f346?s=96&d=mm&r=g\",\"url\":\"https:\\\/\\\/secure.gravatar.com\\\/avatar\\\/2fcdf27c78ea025fbdb44e914cc63c72249ffec9dc8aafd5c82b26240ef3f346?s=96&d=mm&r=g\",\"contentUrl\":\"https:\\\/\\\/secure.gravatar.com\\\/avatar\\\/2fcdf27c78ea025fbdb44e914cc63c72249ffec9dc8aafd5c82b26240ef3f346?s=96&d=mm&r=g\",\"caption\":\"Redazione\"},\"url\":\"https:\\\/\\\/www.rassegnastampa-totustuus.it\\\/cattolica\\\/author\\\/pietroelle\\\/\"}]}<\/script>\n<!-- \/ Yoast SEO plugin. -->","yoast_head_json":{"title":"Scienziati credenti, cristiani e cattolici: ecco l\u2019elenco completo - Rassegna Stampa Cattolica","description":"Scienziati credenti, cristiani e cattolici: ecco l\u2019elenco completo: et\u00e0 contemporanea, moderna, medievale e antica","robots":{"index":"index","follow":"follow","max-snippet":"max-snippet:-1","max-image-preview":"max-image-preview:large","max-video-preview":"max-video-preview:-1"},"canonical":"https:\/\/www.rassegnastampa-totustuus.it\/cattolica\/scienziati-credenti-cristiani-e-cattolici-ecco-lelenco-completo\/","og_locale":"it_IT","og_type":"article","og_title":"Scienziati credenti, cristiani e cattolici: ecco l\u2019elenco completo - Rassegna Stampa Cattolica","og_description":"Scienziati credenti, cristiani e cattolici: ecco l\u2019elenco completo: et\u00e0 contemporanea, moderna, medievale e antica","og_url":"https:\/\/www.rassegnastampa-totustuus.it\/cattolica\/scienziati-credenti-cristiani-e-cattolici-ecco-lelenco-completo\/","og_site_name":"Rassegna Stampa Cattolica","article_publisher":"https:\/\/www.facebook.com\/rassegnastampacattolica","article_published_time":"2022-09-14T22:00:48+00:00","article_modified_time":"2026-03-31T06:55:35+00:00","og_image":[{"width":300,"height":168,"url":"https:\/\/www.rassegnastampa-totustuus.it\/cattolica\/wp-content\/uploads\/2022\/09\/scienza_fede_chiesa.jpg","type":"image\/jpeg"}],"author":"Redazione","twitter_card":"summary_large_image","twitter_creator":"@rassegnastampa9","twitter_site":"@rassegnastampa9","twitter_misc":{"Scritto da":"Redazione","Tempo di lettura stimato":"1 minuto"},"schema":{"@context":"https:\/\/schema.org","@graph":[{"@type":"Article","@id":"https:\/\/www.rassegnastampa-totustuus.it\/cattolica\/scienziati-credenti-cristiani-e-cattolici-ecco-lelenco-completo\/#article","isPartOf":{"@id":"https:\/\/www.rassegnastampa-totustuus.it\/cattolica\/scienziati-credenti-cristiani-e-cattolici-ecco-lelenco-completo\/"},"author":{"name":"Redazione","@id":"https:\/\/www.rassegnastampa-totustuus.it\/cattolica\/#\/schema\/person\/08f319d2bd1a0904ad9e2bfb7b15e5c3"},"headline":"Scienziati credenti, cristiani e cattolici: ecco l\u2019elenco completo","datePublished":"2022-09-14T22:00:48+00:00","dateModified":"2026-03-31T06:55:35+00:00","mainEntityOfPage":{"@id":"https:\/\/www.rassegnastampa-totustuus.it\/cattolica\/scienziati-credenti-cristiani-e-cattolici-ecco-lelenco-completo\/"},"wordCount":14603,"publisher":{"@id":"https:\/\/www.rassegnastampa-totustuus.it\/cattolica\/#organization"},"image":{"@id":"https:\/\/www.rassegnastampa-totustuus.it\/cattolica\/scienziati-credenti-cristiani-e-cattolici-ecco-lelenco-completo\/#primaryimage"},"thumbnailUrl":"https:\/\/www.rassegnastampa-totustuus.it\/cattolica\/wp-content\/uploads\/2022\/09\/scienza_fede_chiesa.jpg","keywords":["scienza","scienza e fede"],"articleSection":["Scienza"],"inLanguage":"it-IT"},{"@type":"WebPage","@id":"https:\/\/www.rassegnastampa-totustuus.it\/cattolica\/scienziati-credenti-cristiani-e-cattolici-ecco-lelenco-completo\/","url":"https:\/\/www.rassegnastampa-totustuus.it\/cattolica\/scienziati-credenti-cristiani-e-cattolici-ecco-lelenco-completo\/","name":"Scienziati credenti, cristiani e cattolici: ecco l\u2019elenco completo - Rassegna Stampa Cattolica","isPartOf":{"@id":"https:\/\/www.rassegnastampa-totustuus.it\/cattolica\/#website"},"primaryImageOfPage":{"@id":"https:\/\/www.rassegnastampa-totustuus.it\/cattolica\/scienziati-credenti-cristiani-e-cattolici-ecco-lelenco-completo\/#primaryimage"},"image":{"@id":"https:\/\/www.rassegnastampa-totustuus.it\/cattolica\/scienziati-credenti-cristiani-e-cattolici-ecco-lelenco-completo\/#primaryimage"},"thumbnailUrl":"https:\/\/www.rassegnastampa-totustuus.it\/cattolica\/wp-content\/uploads\/2022\/09\/scienza_fede_chiesa.jpg","datePublished":"2022-09-14T22:00:48+00:00","dateModified":"2026-03-31T06:55:35+00:00","description":"Scienziati credenti, cristiani e cattolici: ecco l\u2019elenco completo: et\u00e0 contemporanea, moderna, medievale e antica","breadcrumb":{"@id":"https:\/\/www.rassegnastampa-totustuus.it\/cattolica\/scienziati-credenti-cristiani-e-cattolici-ecco-lelenco-completo\/#breadcrumb"},"inLanguage":"it-IT","potentialAction":[{"@type":"ReadAction","target":["https:\/\/www.rassegnastampa-totustuus.it\/cattolica\/scienziati-credenti-cristiani-e-cattolici-ecco-lelenco-completo\/"]}]},{"@type":"ImageObject","inLanguage":"it-IT","@id":"https:\/\/www.rassegnastampa-totustuus.it\/cattolica\/scienziati-credenti-cristiani-e-cattolici-ecco-lelenco-completo\/#primaryimage","url":"https:\/\/www.rassegnastampa-totustuus.it\/cattolica\/wp-content\/uploads\/2022\/09\/scienza_fede_chiesa.jpg","contentUrl":"https:\/\/www.rassegnastampa-totustuus.it\/cattolica\/wp-content\/uploads\/2022\/09\/scienza_fede_chiesa.jpg","width":300,"height":168},{"@type":"BreadcrumbList","@id":"https:\/\/www.rassegnastampa-totustuus.it\/cattolica\/scienziati-credenti-cristiani-e-cattolici-ecco-lelenco-completo\/#breadcrumb","itemListElement":[{"@type":"ListItem","position":1,"name":"Home","item":"https:\/\/www.rassegnastampa-totustuus.it\/cattolica\/"},{"@type":"ListItem","position":2,"name":"Scienziati credenti, cristiani e cattolici: ecco l\u2019elenco completo"}]},{"@type":"WebSite","@id":"https:\/\/www.rassegnastampa-totustuus.it\/cattolica\/#website","url":"https:\/\/www.rassegnastampa-totustuus.it\/cattolica\/","name":"Rassegna Stampa Cattolica","description":"Per una cultura che nasce dalla Rivelazione cristiana in conformit\u00e0 alla tradizione e al Magistero della Chiesa in opposizione ad ogni relativismo e totalitarismo","publisher":{"@id":"https:\/\/www.rassegnastampa-totustuus.it\/cattolica\/#organization"},"alternateName":"Rass. Cattolica","potentialAction":[{"@type":"SearchAction","target":{"@type":"EntryPoint","urlTemplate":"https:\/\/www.rassegnastampa-totustuus.it\/cattolica\/?s={search_term_string}"},"query-input":{"@type":"PropertyValueSpecification","valueRequired":true,"valueName":"search_term_string"}}],"inLanguage":"it-IT"},{"@type":"Organization","@id":"https:\/\/www.rassegnastampa-totustuus.it\/cattolica\/#organization","name":"Rassegna Stampa Cattolica","url":"https:\/\/www.rassegnastampa-totustuus.it\/cattolica\/","logo":{"@type":"ImageObject","inLanguage":"it-IT","@id":"https:\/\/www.rassegnastampa-totustuus.it\/cattolica\/#\/schema\/logo\/image\/","url":"https:\/\/www.rassegnastampa-totustuus.it\/cattolica\/wp-content\/uploads\/2014\/04\/logo-rassegna1.gif","contentUrl":"https:\/\/www.rassegnastampa-totustuus.it\/cattolica\/wp-content\/uploads\/2014\/04\/logo-rassegna1.gif","width":600,"height":163,"caption":"Rassegna Stampa Cattolica"},"image":{"@id":"https:\/\/www.rassegnastampa-totustuus.it\/cattolica\/#\/schema\/logo\/image\/"},"sameAs":["https:\/\/www.facebook.com\/rassegnastampacattolica","https:\/\/x.com\/rassegnastampa9"]},{"@type":"Person","@id":"https:\/\/www.rassegnastampa-totustuus.it\/cattolica\/#\/schema\/person\/08f319d2bd1a0904ad9e2bfb7b15e5c3","name":"Redazione","image":{"@type":"ImageObject","inLanguage":"it-IT","@id":"https:\/\/secure.gravatar.com\/avatar\/2fcdf27c78ea025fbdb44e914cc63c72249ffec9dc8aafd5c82b26240ef3f346?s=96&d=mm&r=g","url":"https:\/\/secure.gravatar.com\/avatar\/2fcdf27c78ea025fbdb44e914cc63c72249ffec9dc8aafd5c82b26240ef3f346?s=96&d=mm&r=g","contentUrl":"https:\/\/secure.gravatar.com\/avatar\/2fcdf27c78ea025fbdb44e914cc63c72249ffec9dc8aafd5c82b26240ef3f346?s=96&d=mm&r=g","caption":"Redazione"},"url":"https:\/\/www.rassegnastampa-totustuus.it\/cattolica\/author\/pietroelle\/"}]}},"_links":{"self":[{"href":"https:\/\/www.rassegnastampa-totustuus.it\/cattolica\/wp-json\/wp\/v2\/posts\/54724","targetHints":{"allow":["GET"]}}],"collection":[{"href":"https:\/\/www.rassegnastampa-totustuus.it\/cattolica\/wp-json\/wp\/v2\/posts"}],"about":[{"href":"https:\/\/www.rassegnastampa-totustuus.it\/cattolica\/wp-json\/wp\/v2\/types\/post"}],"author":[{"embeddable":true,"href":"https:\/\/www.rassegnastampa-totustuus.it\/cattolica\/wp-json\/wp\/v2\/users\/6"}],"replies":[{"embeddable":true,"href":"https:\/\/www.rassegnastampa-totustuus.it\/cattolica\/wp-json\/wp\/v2\/comments?post=54724"}],"version-history":[{"count":8,"href":"https:\/\/www.rassegnastampa-totustuus.it\/cattolica\/wp-json\/wp\/v2\/posts\/54724\/revisions"}],"predecessor-version":[{"id":64454,"href":"https:\/\/www.rassegnastampa-totustuus.it\/cattolica\/wp-json\/wp\/v2\/posts\/54724\/revisions\/64454"}],"wp:featuredmedia":[{"embeddable":true,"href":"https:\/\/www.rassegnastampa-totustuus.it\/cattolica\/wp-json\/wp\/v2\/media\/54725"}],"wp:attachment":[{"href":"https:\/\/www.rassegnastampa-totustuus.it\/cattolica\/wp-json\/wp\/v2\/media?parent=54724"}],"wp:term":[{"taxonomy":"category","embeddable":true,"href":"https:\/\/www.rassegnastampa-totustuus.it\/cattolica\/wp-json\/wp\/v2\/categories?post=54724"},{"taxonomy":"post_tag","embeddable":true,"href":"https:\/\/www.rassegnastampa-totustuus.it\/cattolica\/wp-json\/wp\/v2\/tags?post=54724"}],"curies":[{"name":"wp","href":"https:\/\/api.w.org\/{rel}","templated":true}]}}