{"id":54702,"date":"2022-09-15T00:00:00","date_gmt":"2022-09-14T22:00:00","guid":{"rendered":"http:\/\/www.rassegnastampa-totustuus.it\/cattolica\/?p=54702"},"modified":"2024-03-14T15:24:15","modified_gmt":"2024-03-14T14:24:15","slug":"il-sacerdote-senza-talare-decade-moralmente","status":"publish","type":"post","link":"https:\/\/www.rassegnastampa-totustuus.it\/cattolica\/il-sacerdote-senza-talare-decade-moralmente\/","title":{"rendered":"Il sacerdote senza talare decade moralmente"},"content":{"rendered":"<p><strong><a href=\"https:\/\/itresentieri.it\/\" target=\"_blank\" rel=\"noopener noreferrer\"><img loading=\"lazy\" decoding=\"async\" class=\" wp-image-34789 alignleft\" src=\"https:\/\/www.rassegnastampa-totustuus.it\/cattolica\/wp-content\/uploads\/2010\/04\/preti.jpg\" alt=\"\" width=\"180\" height=\"223\" \/><\/a><\/strong><\/p>\n<p style=\"text-align: justify;\"><strong>Abstract:<\/strong> <em><span style=\"color: #000000;\">l&#8217;abito condiziona fortemente e talvolta forgia addirittura la psicologia di chi lo porta.\u00a0 L<\/span><\/em><span style=\"color: #000000;\"><em>a questione della divisa ingigantisce nel campo ecclesiastico e si impone alla attenzione di quanti vogliono salvare vocazioni, perseveranza negli accettati doveri, disciplina, piet\u00e0, santit\u00e0! [\u2026] succede che in talune citt\u00e0 d\u2019Italia\u00a0 per l\u2019assenza di ritegno imposto dalla sacra divisa si arriva ai divertimenti tuttavia proibiti dal Codice di Diritto Canonico, ai night clubs, alle case malfamate e peggio.<\/em><\/span><\/p>\n<p><!--more--><\/p>\n<p style=\"text-align: center;\"><strong><a href=\"https:\/\/itresentieri.it\/\" target=\"_blank\" rel=\"noopener noreferrer\">I<span style=\"color: #0000ff;\">l cammino dei tre sentieri<\/span><\/a><\/strong> <span style=\"color: #000000;\">17 Agosto 2022<\/span><\/p>\n<h3 style=\"text-align: center;\">Il legame tra l\u2019abbandono della talare<\/h3>\n<h3 style=\"text-align: center;\">e il decadimento morale del sacerdote<\/h3>\n<p style=\"text-align: justify;\"><span style=\"color: #000000;\"><em>Scrive il cardinale Giuseppe Siri (1907-1989) in \u201cA Te sacerdote\u201d, vol.II, Edizioni Casa mariana<\/em><\/span><\/p>\n<p style=\"text-align: justify;\"><span style=\"color: #000000;\"> <img loading=\"lazy\" decoding=\"async\" class=\" wp-image-32948 alignright\" src=\"https:\/\/www.rassegnastampa-totustuus.it\/cattolica\/wp-content\/uploads\/2006\/08\/card_Siri.jpg\" alt=\"\" width=\"82\" height=\"105\" \/><em>Ritengo di attirare la attenzione su un problema, che sta diventando della massima importanza: quello dell\u2019abito ecclesiastico. [\u2026] Di fatto si sta assistendo alla pi\u00f9 grande decadenza dell\u2019abito ecclesiastico. [\u2026] L\u2019abito condiziona fortemente e talvolta forgia addirittura la psicologia di chi lo porta<\/em><\/span><\/p>\n<p style=\"text-align: justify;\"><span style=\"color: #000000;\"><em>L\u2019abbigliamento, infatti, impegna per la vestizione, per la sua conservazione, per la sostituzione. \u00c8 la prima cosa che si vede, l\u2019ultima che si depone. Esso ricorda impegni, appartenenze, decoro, colleganze, spirito di corpo, dignit\u00e0! Questo fa in modo continuo. <\/em><\/span><\/p>\n<p style=\"text-align: justify;\"><span style=\"color: #000000;\"><em><img loading=\"lazy\" decoding=\"async\" class=\"size-full wp-image-35176 alignleft\" src=\"https:\/\/www.rassegnastampa-totustuus.it\/cattolica\/wp-content\/uploads\/2010\/03\/prete.jpg\" alt=\"\" width=\"241\" height=\"209\" \/>Crea pertanto dei limiti alla azione, richiama incessantemente tali limiti, fa scattare la barriera del pudore, del buon nome, del proprio dovere, della risonanza pubblica, delle conseguenze, delle malevoli interpretazioni. [\u2026] L\u2019abito non fa il monaco al 100%, ma lo fa certamente in parte notevole; in parte maggiore, secondo che cresce la sua debolezza di temperamento. [\u2026]<\/em><\/span><\/p>\n<p style=\"text-align: justify;\"><span style=\"color: #000000;\"><em> Per tale motivo la questione della divisa ingigantisce nel campo ecclesiastico e si impone alla attenzione di quanti vogliono salvare vocazioni, perseveranza negli accettati doveri, disciplina, piet\u00e0, santit\u00e0! [\u2026] succede che in talune citt\u00e0 d\u2019Italia (non citiamo ovviamente i nomi, ma siamo ben sicuri di quello che diciamo) per l\u2019assenza di ritegno imposto dalla sacra divisa si arriva ai divertimenti tuttavia proibiti dal Codice di Diritto Canonico, ai night clubs, alle case malfamate e peggio. <\/em><\/span><\/p>\n<p style=\"text-align: justify;\"><span style=\"color: #000000;\"><em>Sappiamo di retate di seminaristi fatte in cinema malfamati ed in altri non pi\u00f9 consigliabili locali. Tutto per colpa dell\u2019abito tradito! [\u2026] Il bilancio che ne consegue . Eccolo:<\/em> <\/span><\/p>\n<p style=\"text-align: justify;\"><span style=\"color: #000000;\"><em>\u2013 disistima;<\/em><\/span><\/p>\n<p style=\"text-align: justify;\"><span style=\"color: #000000;\"> <em>\u2013 sfiducia;<\/em><\/span><\/p>\n<p style=\"text-align: justify;\"><span style=\"color: #000000;\"><em>\u2013 insinuazioni facili e talvolta gravi;<\/em> <\/span><\/p>\n<p style=\"text-align: justify;\"><span style=\"color: #000000;\"><em>\u2013 preti che, cominciando dall\u2019abito e dallo smantellamento della prima umile difesa, finiscono dove finiscono\u2026<\/em><\/span><\/p>\n<p style=\"text-align: justify;\"><span style=\"color: #000000;\"> <em>\u2013 crisi sacerdotali, del tutto colpevoli, perch\u00e9 cominciate col rifiuto delle necessarie cautele, richieste dal Diritto Canonico e dal consiglio dei Vescovi\u2026, con risultati disgraziati e spostati<\/em><\/span><\/p>\n<p style=\"text-align: justify;\"><span style=\"color: #000000;\"><em>\u2013 seminari che si svuotano e non resistono; mentre nel mondo, tanto in Europa che in America, rigurgitano i seminari, ordinati secondo la loro genuina origine, col rigoroso abito ecclesiastico, nella vera obbedienza al Decreto conciliare Optatam totius;<\/em><\/span><\/p>\n<p style=\"text-align: justify;\"><span style=\"color: #000000;\"><em>\u2013 anime che si trascinano innanzi senza pi\u00f9 alcuna capacit\u00e0 decisionale, dopo la loro contaminazione col mondo.<\/em><\/span><\/p>\n<p style=\"text-align: justify;\"><span style=\"color: #000000;\"> <img loading=\"lazy\" decoding=\"async\" class=\"size-medium wp-image-33176 alignright\" src=\"https:\/\/www.rassegnastampa-totustuus.it\/cattolica\/wp-content\/uploads\/2011\/05\/preti_strada-300x199.jpg\" alt=\"\" width=\"300\" height=\"199\" \/><em>[\u2026] Credo difficile possa esistere nel nostro tempo, proprio per le sue caratteristiche, lo spirito ecclesiastico senza il desiderio e il rispetto dell\u2019abito ecclesiastico. [\u2026] Qui non parliamo solo di \u00ababito ecclesiastico\u00bb, ma di talare. E guardiamo bene le cose in faccia, senza alcun timore di quel che si pu\u00f2 dire. [\u2026] <\/em><\/span><\/p>\n<p style=\"text-align: justify;\"><span style=\"color: #000000;\"><em>Alcuni, per boicottare l\u2019uso della talare o per giustificarsi nell\u2019aver ceduto alla moda corrente contraria all\u2019abito talare, affermano: \u00abTanto la talare \u00e8 un abito liturgico\u00bb, volendo cos\u00ec esaurire l\u2019eventuale uso della talare alla sola liturgia. <\/em><\/span><\/p>\n<p style=\"text-align: justify;\"><span style=\"color: #000000;\"><em><img loading=\"lazy\" decoding=\"async\" class=\"size-full wp-image-21388 alignleft\" src=\"https:\/\/www.rassegnastampa-totustuus.it\/cattolica\/wp-content\/uploads\/2010\/09\/prete.jpg\" alt=\"\" width=\"265\" height=\"190\" \/>Questo \u00e8 apertamente falso e capziosamente ipocrita! [\u2026] Francamente \u00e8 chiaro che il clergyman [\u2026] non \u00e8 la soluzione pi\u00f9 desiderata. Chi non ama la sua talare resister\u00e0 ad amare il suo servizio a Dio? Il prossimo non sostituisce Dio! Non \u00e8 soldato chi non ama la sua divisa. [\u2026] L\u2019indirizzo da darsi \u00e8:<\/em> <\/span><\/p>\n<p style=\"text-align: justify;\"><span style=\"color: #000000;\"><em>\u2013 che anche se la legge ammette il clergyman, esso non rappresenta in mezzo al nostro popolo la soluzione ideale;<\/em>\u00a0<\/span><\/p>\n<p style=\"text-align: justify;\"><span style=\"color: #000000;\"> <em>\u2013 che chi intende avere l\u2019integro spirito ecclesiastico deve amare la sua talare;<\/em><\/span><\/p>\n<p style=\"text-align: justify;\"><span style=\"color: #000000;\"><em>[\u2026]<\/em>\u00a0<\/span><\/p>\n<p style=\"text-align: justify;\"><span style=\"color: #000000;\"> <em>\u2013 che la difesa della talare \u00e8 la difesa della vocazione e delle vocazioni.<\/em><\/span><\/p>\n<p style=\"text-align: justify;\"><span style=\"color: #000000;\"><em><img loading=\"lazy\" decoding=\"async\" class=\"size-full wp-image-27534 alignright\" src=\"https:\/\/www.rassegnastampa-totustuus.it\/cattolica\/wp-content\/uploads\/2011\/05\/preti.jpg\" alt=\"\" width=\"248\" height=\"170\" \/>Il mio dovere di Pastore mi obbliga a guardare assai lontano. Ho dovuto constatare che la introduzione del clergyman oltre la legge e le depravazioni dell\u2019abito ecclesiastico sono una causa, probabilmente la prima, del grave decadimento della disciplina ecclesiastica in Italia. Chi vuol bene al sacerdozio, non scherzi con la sua divisa!<\/em> <\/span><\/p>\n<p style=\"text-align: center;\"><span style=\"color: #000000;\"><strong><em>Dio \u00e8 Verit\u00e0, Bont\u00e0 e Bellezza<\/em><\/strong>\u00a0<\/span><\/p>\n<p style=\"text-align: center;\"><span style=\"color: #000000;\"> <strong><em>Il Cammino dei Tre Sentieri<\/em><\/strong><\/span><\/p>\n<p>_______________________________________<\/p>\n<p><strong>Leggi anche:\u00a0<\/strong><\/p>\n<p><a href=\"https:\/\/www.rassegnastampa-totustuus.it\/cattolica\/labito-fa-il-monaco\/\" target=\"_blank\" rel=\"noopener\"><span style=\"color: #0000ff;\">L&#8217;abito fa il monaco<\/span><\/a><\/p>\n<p><a href=\"https:\/\/www.rassegnastampa-totustuus.it\/cattolica\/rolando-rivi-7-gennaio-1931-13-aprile-1945\/\" target=\"_blank\" rel=\"noopener\"><span style=\"color: #0000ff;\">Rolando Rivi<\/span><\/a><\/p>\n<p><span style=\"color: #0000ff;\"><a style=\"color: #0000ff;\" href=\"https:\/\/www.rassegnastampa-totustuus.it\/cattolica\/labito-ecclesiastico\/\" target=\"_blank\" rel=\"noopener\">L&#8217;abito ecclesiastico<\/a><\/span><\/p>\n","protected":false},"excerpt":{"rendered":"<p>Abstract: l&#8217;abito condiziona fortemente e talvolta forgia addirittura la psicologia di chi lo porta.\u00a0 La questione della divisa ingigantisce nel campo ecclesiastico e si impone alla attenzione di quanti vogliono salvare vocazioni, perseveranza negli accettati doveri, disciplina, piet\u00e0, santit\u00e0! [\u2026] succede che in talune citt\u00e0 d\u2019Italia\u00a0 per l\u2019assenza di ritegno imposto dalla sacra divisa si &hellip; <\/p>\n<p><a class=\"more-link btn\" href=\"https:\/\/www.rassegnastampa-totustuus.it\/cattolica\/il-sacerdote-senza-talare-decade-moralmente\/\">Continua a leggere<\/a><\/p>\n","protected":false},"author":6,"featured_media":45899,"comment_status":"closed","ping_status":"closed","sticky":false,"template":"","format":"standard","meta":{"footnotes":""},"categories":[5,42],"tags":[1087,157,458,1392],"class_list":["post-54702","post","type-post","status-publish","format-standard","has-post-thumbnail","hentry","category-chiesa","category-dottrina-e-morale","tag-abito-talare","tag-chiesa-2","tag-dottrina-e-morale-2","tag-sacerdoti","item-wrap"],"yoast_head":"<!-- This site is optimized with the Yoast SEO plugin v27.4 - https:\/\/yoast.com\/product\/yoast-seo-wordpress\/ -->\n<title>Il sacerdote senza talare decade moralmente - Rassegna Stampa Cattolica<\/title>\n<meta name=\"description\" content=\"Il sacerdote senza talare decade moralmente, l\u2019abito infatti condiziona e talvolta forgia addirittura la psicologia di chi lo porta\" \/>\n<meta name=\"robots\" content=\"index, follow, max-snippet:-1, max-image-preview:large, max-video-preview:-1\" \/>\n<link rel=\"canonical\" href=\"https:\/\/www.rassegnastampa-totustuus.it\/cattolica\/il-sacerdote-senza-talare-decade-moralmente\/\" \/>\n<meta property=\"og:locale\" content=\"it_IT\" \/>\n<meta property=\"og:type\" content=\"article\" \/>\n<meta property=\"og:title\" content=\"Il sacerdote senza talare decade moralmente - Rassegna Stampa Cattolica\" \/>\n<meta property=\"og:description\" content=\"Il sacerdote senza talare decade moralmente, l\u2019abito infatti condiziona e talvolta forgia addirittura la psicologia di chi lo porta\" \/>\n<meta property=\"og:url\" content=\"https:\/\/www.rassegnastampa-totustuus.it\/cattolica\/il-sacerdote-senza-talare-decade-moralmente\/\" \/>\n<meta property=\"og:site_name\" content=\"Rassegna Stampa Cattolica\" \/>\n<meta property=\"article:publisher\" content=\"https:\/\/www.facebook.com\/rassegnastampacattolica\" \/>\n<meta property=\"article:published_time\" content=\"2022-09-14T22:00:00+00:00\" \/>\n<meta property=\"article:modified_time\" content=\"2024-03-14T14:24:15+00:00\" \/>\n<meta property=\"og:image\" content=\"https:\/\/www.rassegnastampa-totustuus.it\/cattolica\/wp-content\/uploads\/2020\/01\/sacerdoti_preti_chiesa.jpg\" \/>\n\t<meta property=\"og:image:width\" content=\"2000\" \/>\n\t<meta property=\"og:image:height\" content=\"1324\" \/>\n\t<meta property=\"og:image:type\" content=\"image\/jpeg\" \/>\n<meta name=\"author\" content=\"Redazione\" \/>\n<meta name=\"twitter:card\" content=\"summary_large_image\" \/>\n<meta name=\"twitter:creator\" content=\"@rassegnastampa9\" \/>\n<meta name=\"twitter:site\" content=\"@rassegnastampa9\" \/>\n<meta name=\"twitter:label1\" content=\"Scritto da\" \/>\n\t<meta name=\"twitter:data1\" content=\"Redazione\" \/>\n\t<meta name=\"twitter:label2\" content=\"Tempo di lettura stimato\" \/>\n\t<meta name=\"twitter:data2\" content=\"6 minuti\" \/>\n<script type=\"application\/ld+json\" class=\"yoast-schema-graph\">{\"@context\":\"https:\\\/\\\/schema.org\",\"@graph\":[{\"@type\":\"Article\",\"@id\":\"https:\\\/\\\/www.rassegnastampa-totustuus.it\\\/cattolica\\\/il-sacerdote-senza-talare-decade-moralmente\\\/#article\",\"isPartOf\":{\"@id\":\"https:\\\/\\\/www.rassegnastampa-totustuus.it\\\/cattolica\\\/il-sacerdote-senza-talare-decade-moralmente\\\/\"},\"author\":{\"name\":\"Redazione\",\"@id\":\"https:\\\/\\\/www.rassegnastampa-totustuus.it\\\/cattolica\\\/#\\\/schema\\\/person\\\/08f319d2bd1a0904ad9e2bfb7b15e5c3\"},\"headline\":\"Il sacerdote senza talare decade moralmente\",\"datePublished\":\"2022-09-14T22:00:00+00:00\",\"dateModified\":\"2024-03-14T14:24:15+00:00\",\"mainEntityOfPage\":{\"@id\":\"https:\\\/\\\/www.rassegnastampa-totustuus.it\\\/cattolica\\\/il-sacerdote-senza-talare-decade-moralmente\\\/\"},\"wordCount\":714,\"publisher\":{\"@id\":\"https:\\\/\\\/www.rassegnastampa-totustuus.it\\\/cattolica\\\/#organization\"},\"image\":{\"@id\":\"https:\\\/\\\/www.rassegnastampa-totustuus.it\\\/cattolica\\\/il-sacerdote-senza-talare-decade-moralmente\\\/#primaryimage\"},\"thumbnailUrl\":\"https:\\\/\\\/www.rassegnastampa-totustuus.it\\\/cattolica\\\/wp-content\\\/uploads\\\/2020\\\/01\\\/sacerdoti_preti_chiesa.jpg\",\"keywords\":[\"abito talare\",\"chiesa\",\"dottrina e morale\",\"sacerdoti\"],\"articleSection\":[\"Chiesa\",\"Dottrina e morale\"],\"inLanguage\":\"it-IT\"},{\"@type\":\"WebPage\",\"@id\":\"https:\\\/\\\/www.rassegnastampa-totustuus.it\\\/cattolica\\\/il-sacerdote-senza-talare-decade-moralmente\\\/\",\"url\":\"https:\\\/\\\/www.rassegnastampa-totustuus.it\\\/cattolica\\\/il-sacerdote-senza-talare-decade-moralmente\\\/\",\"name\":\"Il sacerdote senza talare decade moralmente - Rassegna Stampa Cattolica\",\"isPartOf\":{\"@id\":\"https:\\\/\\\/www.rassegnastampa-totustuus.it\\\/cattolica\\\/#website\"},\"primaryImageOfPage\":{\"@id\":\"https:\\\/\\\/www.rassegnastampa-totustuus.it\\\/cattolica\\\/il-sacerdote-senza-talare-decade-moralmente\\\/#primaryimage\"},\"image\":{\"@id\":\"https:\\\/\\\/www.rassegnastampa-totustuus.it\\\/cattolica\\\/il-sacerdote-senza-talare-decade-moralmente\\\/#primaryimage\"},\"thumbnailUrl\":\"https:\\\/\\\/www.rassegnastampa-totustuus.it\\\/cattolica\\\/wp-content\\\/uploads\\\/2020\\\/01\\\/sacerdoti_preti_chiesa.jpg\",\"datePublished\":\"2022-09-14T22:00:00+00:00\",\"dateModified\":\"2024-03-14T14:24:15+00:00\",\"description\":\"Il sacerdote senza talare decade moralmente, l\u2019abito infatti condiziona e talvolta forgia addirittura la psicologia di chi lo porta\",\"breadcrumb\":{\"@id\":\"https:\\\/\\\/www.rassegnastampa-totustuus.it\\\/cattolica\\\/il-sacerdote-senza-talare-decade-moralmente\\\/#breadcrumb\"},\"inLanguage\":\"it-IT\",\"potentialAction\":[{\"@type\":\"ReadAction\",\"target\":[\"https:\\\/\\\/www.rassegnastampa-totustuus.it\\\/cattolica\\\/il-sacerdote-senza-talare-decade-moralmente\\\/\"]}]},{\"@type\":\"ImageObject\",\"inLanguage\":\"it-IT\",\"@id\":\"https:\\\/\\\/www.rassegnastampa-totustuus.it\\\/cattolica\\\/il-sacerdote-senza-talare-decade-moralmente\\\/#primaryimage\",\"url\":\"https:\\\/\\\/www.rassegnastampa-totustuus.it\\\/cattolica\\\/wp-content\\\/uploads\\\/2020\\\/01\\\/sacerdoti_preti_chiesa.jpg\",\"contentUrl\":\"https:\\\/\\\/www.rassegnastampa-totustuus.it\\\/cattolica\\\/wp-content\\\/uploads\\\/2020\\\/01\\\/sacerdoti_preti_chiesa.jpg\",\"width\":2000,\"height\":1324},{\"@type\":\"BreadcrumbList\",\"@id\":\"https:\\\/\\\/www.rassegnastampa-totustuus.it\\\/cattolica\\\/il-sacerdote-senza-talare-decade-moralmente\\\/#breadcrumb\",\"itemListElement\":[{\"@type\":\"ListItem\",\"position\":1,\"name\":\"Home\",\"item\":\"https:\\\/\\\/www.rassegnastampa-totustuus.it\\\/cattolica\\\/\"},{\"@type\":\"ListItem\",\"position\":2,\"name\":\"Il sacerdote senza talare decade moralmente\"}]},{\"@type\":\"WebSite\",\"@id\":\"https:\\\/\\\/www.rassegnastampa-totustuus.it\\\/cattolica\\\/#website\",\"url\":\"https:\\\/\\\/www.rassegnastampa-totustuus.it\\\/cattolica\\\/\",\"name\":\"Rassegna Stampa Cattolica\",\"description\":\"Per una cultura che nasce dalla Rivelazione cristiana in conformit\u00e0 alla tradizione e al Magistero della Chiesa in opposizione ad ogni relativismo e totalitarismo\",\"publisher\":{\"@id\":\"https:\\\/\\\/www.rassegnastampa-totustuus.it\\\/cattolica\\\/#organization\"},\"alternateName\":\"Rass. Cattolica\",\"potentialAction\":[{\"@type\":\"SearchAction\",\"target\":{\"@type\":\"EntryPoint\",\"urlTemplate\":\"https:\\\/\\\/www.rassegnastampa-totustuus.it\\\/cattolica\\\/?s={search_term_string}\"},\"query-input\":{\"@type\":\"PropertyValueSpecification\",\"valueRequired\":true,\"valueName\":\"search_term_string\"}}],\"inLanguage\":\"it-IT\"},{\"@type\":\"Organization\",\"@id\":\"https:\\\/\\\/www.rassegnastampa-totustuus.it\\\/cattolica\\\/#organization\",\"name\":\"Rassegna Stampa Cattolica\",\"url\":\"https:\\\/\\\/www.rassegnastampa-totustuus.it\\\/cattolica\\\/\",\"logo\":{\"@type\":\"ImageObject\",\"inLanguage\":\"it-IT\",\"@id\":\"https:\\\/\\\/www.rassegnastampa-totustuus.it\\\/cattolica\\\/#\\\/schema\\\/logo\\\/image\\\/\",\"url\":\"https:\\\/\\\/www.rassegnastampa-totustuus.it\\\/cattolica\\\/wp-content\\\/uploads\\\/2014\\\/04\\\/logo-rassegna1.gif\",\"contentUrl\":\"https:\\\/\\\/www.rassegnastampa-totustuus.it\\\/cattolica\\\/wp-content\\\/uploads\\\/2014\\\/04\\\/logo-rassegna1.gif\",\"width\":600,\"height\":163,\"caption\":\"Rassegna Stampa Cattolica\"},\"image\":{\"@id\":\"https:\\\/\\\/www.rassegnastampa-totustuus.it\\\/cattolica\\\/#\\\/schema\\\/logo\\\/image\\\/\"},\"sameAs\":[\"https:\\\/\\\/www.facebook.com\\\/rassegnastampacattolica\",\"https:\\\/\\\/x.com\\\/rassegnastampa9\"]},{\"@type\":\"Person\",\"@id\":\"https:\\\/\\\/www.rassegnastampa-totustuus.it\\\/cattolica\\\/#\\\/schema\\\/person\\\/08f319d2bd1a0904ad9e2bfb7b15e5c3\",\"name\":\"Redazione\",\"image\":{\"@type\":\"ImageObject\",\"inLanguage\":\"it-IT\",\"@id\":\"https:\\\/\\\/secure.gravatar.com\\\/avatar\\\/2fcdf27c78ea025fbdb44e914cc63c72249ffec9dc8aafd5c82b26240ef3f346?s=96&d=mm&r=g\",\"url\":\"https:\\\/\\\/secure.gravatar.com\\\/avatar\\\/2fcdf27c78ea025fbdb44e914cc63c72249ffec9dc8aafd5c82b26240ef3f346?s=96&d=mm&r=g\",\"contentUrl\":\"https:\\\/\\\/secure.gravatar.com\\\/avatar\\\/2fcdf27c78ea025fbdb44e914cc63c72249ffec9dc8aafd5c82b26240ef3f346?s=96&d=mm&r=g\",\"caption\":\"Redazione\"},\"url\":\"https:\\\/\\\/www.rassegnastampa-totustuus.it\\\/cattolica\\\/author\\\/pietroelle\\\/\"}]}<\/script>\n<!-- \/ Yoast SEO plugin. -->","yoast_head_json":{"title":"Il sacerdote senza talare decade moralmente - Rassegna Stampa Cattolica","description":"Il sacerdote senza talare decade moralmente, l\u2019abito infatti condiziona e talvolta forgia addirittura la psicologia di chi lo porta","robots":{"index":"index","follow":"follow","max-snippet":"max-snippet:-1","max-image-preview":"max-image-preview:large","max-video-preview":"max-video-preview:-1"},"canonical":"https:\/\/www.rassegnastampa-totustuus.it\/cattolica\/il-sacerdote-senza-talare-decade-moralmente\/","og_locale":"it_IT","og_type":"article","og_title":"Il sacerdote senza talare decade moralmente - Rassegna Stampa Cattolica","og_description":"Il sacerdote senza talare decade moralmente, l\u2019abito infatti condiziona e talvolta forgia addirittura la psicologia di chi lo porta","og_url":"https:\/\/www.rassegnastampa-totustuus.it\/cattolica\/il-sacerdote-senza-talare-decade-moralmente\/","og_site_name":"Rassegna Stampa Cattolica","article_publisher":"https:\/\/www.facebook.com\/rassegnastampacattolica","article_published_time":"2022-09-14T22:00:00+00:00","article_modified_time":"2024-03-14T14:24:15+00:00","og_image":[{"width":2000,"height":1324,"url":"https:\/\/www.rassegnastampa-totustuus.it\/cattolica\/wp-content\/uploads\/2020\/01\/sacerdoti_preti_chiesa.jpg","type":"image\/jpeg"}],"author":"Redazione","twitter_card":"summary_large_image","twitter_creator":"@rassegnastampa9","twitter_site":"@rassegnastampa9","twitter_misc":{"Scritto da":"Redazione","Tempo di lettura stimato":"6 minuti"},"schema":{"@context":"https:\/\/schema.org","@graph":[{"@type":"Article","@id":"https:\/\/www.rassegnastampa-totustuus.it\/cattolica\/il-sacerdote-senza-talare-decade-moralmente\/#article","isPartOf":{"@id":"https:\/\/www.rassegnastampa-totustuus.it\/cattolica\/il-sacerdote-senza-talare-decade-moralmente\/"},"author":{"name":"Redazione","@id":"https:\/\/www.rassegnastampa-totustuus.it\/cattolica\/#\/schema\/person\/08f319d2bd1a0904ad9e2bfb7b15e5c3"},"headline":"Il sacerdote senza talare decade moralmente","datePublished":"2022-09-14T22:00:00+00:00","dateModified":"2024-03-14T14:24:15+00:00","mainEntityOfPage":{"@id":"https:\/\/www.rassegnastampa-totustuus.it\/cattolica\/il-sacerdote-senza-talare-decade-moralmente\/"},"wordCount":714,"publisher":{"@id":"https:\/\/www.rassegnastampa-totustuus.it\/cattolica\/#organization"},"image":{"@id":"https:\/\/www.rassegnastampa-totustuus.it\/cattolica\/il-sacerdote-senza-talare-decade-moralmente\/#primaryimage"},"thumbnailUrl":"https:\/\/www.rassegnastampa-totustuus.it\/cattolica\/wp-content\/uploads\/2020\/01\/sacerdoti_preti_chiesa.jpg","keywords":["abito talare","chiesa","dottrina e morale","sacerdoti"],"articleSection":["Chiesa","Dottrina e morale"],"inLanguage":"it-IT"},{"@type":"WebPage","@id":"https:\/\/www.rassegnastampa-totustuus.it\/cattolica\/il-sacerdote-senza-talare-decade-moralmente\/","url":"https:\/\/www.rassegnastampa-totustuus.it\/cattolica\/il-sacerdote-senza-talare-decade-moralmente\/","name":"Il sacerdote senza talare decade moralmente - Rassegna Stampa Cattolica","isPartOf":{"@id":"https:\/\/www.rassegnastampa-totustuus.it\/cattolica\/#website"},"primaryImageOfPage":{"@id":"https:\/\/www.rassegnastampa-totustuus.it\/cattolica\/il-sacerdote-senza-talare-decade-moralmente\/#primaryimage"},"image":{"@id":"https:\/\/www.rassegnastampa-totustuus.it\/cattolica\/il-sacerdote-senza-talare-decade-moralmente\/#primaryimage"},"thumbnailUrl":"https:\/\/www.rassegnastampa-totustuus.it\/cattolica\/wp-content\/uploads\/2020\/01\/sacerdoti_preti_chiesa.jpg","datePublished":"2022-09-14T22:00:00+00:00","dateModified":"2024-03-14T14:24:15+00:00","description":"Il sacerdote senza talare decade moralmente, l\u2019abito infatti condiziona e talvolta forgia addirittura la psicologia di chi lo porta","breadcrumb":{"@id":"https:\/\/www.rassegnastampa-totustuus.it\/cattolica\/il-sacerdote-senza-talare-decade-moralmente\/#breadcrumb"},"inLanguage":"it-IT","potentialAction":[{"@type":"ReadAction","target":["https:\/\/www.rassegnastampa-totustuus.it\/cattolica\/il-sacerdote-senza-talare-decade-moralmente\/"]}]},{"@type":"ImageObject","inLanguage":"it-IT","@id":"https:\/\/www.rassegnastampa-totustuus.it\/cattolica\/il-sacerdote-senza-talare-decade-moralmente\/#primaryimage","url":"https:\/\/www.rassegnastampa-totustuus.it\/cattolica\/wp-content\/uploads\/2020\/01\/sacerdoti_preti_chiesa.jpg","contentUrl":"https:\/\/www.rassegnastampa-totustuus.it\/cattolica\/wp-content\/uploads\/2020\/01\/sacerdoti_preti_chiesa.jpg","width":2000,"height":1324},{"@type":"BreadcrumbList","@id":"https:\/\/www.rassegnastampa-totustuus.it\/cattolica\/il-sacerdote-senza-talare-decade-moralmente\/#breadcrumb","itemListElement":[{"@type":"ListItem","position":1,"name":"Home","item":"https:\/\/www.rassegnastampa-totustuus.it\/cattolica\/"},{"@type":"ListItem","position":2,"name":"Il sacerdote senza talare decade moralmente"}]},{"@type":"WebSite","@id":"https:\/\/www.rassegnastampa-totustuus.it\/cattolica\/#website","url":"https:\/\/www.rassegnastampa-totustuus.it\/cattolica\/","name":"Rassegna Stampa Cattolica","description":"Per una cultura che nasce dalla Rivelazione cristiana in conformit\u00e0 alla tradizione e al Magistero della Chiesa in opposizione ad ogni relativismo e totalitarismo","publisher":{"@id":"https:\/\/www.rassegnastampa-totustuus.it\/cattolica\/#organization"},"alternateName":"Rass. Cattolica","potentialAction":[{"@type":"SearchAction","target":{"@type":"EntryPoint","urlTemplate":"https:\/\/www.rassegnastampa-totustuus.it\/cattolica\/?s={search_term_string}"},"query-input":{"@type":"PropertyValueSpecification","valueRequired":true,"valueName":"search_term_string"}}],"inLanguage":"it-IT"},{"@type":"Organization","@id":"https:\/\/www.rassegnastampa-totustuus.it\/cattolica\/#organization","name":"Rassegna Stampa Cattolica","url":"https:\/\/www.rassegnastampa-totustuus.it\/cattolica\/","logo":{"@type":"ImageObject","inLanguage":"it-IT","@id":"https:\/\/www.rassegnastampa-totustuus.it\/cattolica\/#\/schema\/logo\/image\/","url":"https:\/\/www.rassegnastampa-totustuus.it\/cattolica\/wp-content\/uploads\/2014\/04\/logo-rassegna1.gif","contentUrl":"https:\/\/www.rassegnastampa-totustuus.it\/cattolica\/wp-content\/uploads\/2014\/04\/logo-rassegna1.gif","width":600,"height":163,"caption":"Rassegna Stampa Cattolica"},"image":{"@id":"https:\/\/www.rassegnastampa-totustuus.it\/cattolica\/#\/schema\/logo\/image\/"},"sameAs":["https:\/\/www.facebook.com\/rassegnastampacattolica","https:\/\/x.com\/rassegnastampa9"]},{"@type":"Person","@id":"https:\/\/www.rassegnastampa-totustuus.it\/cattolica\/#\/schema\/person\/08f319d2bd1a0904ad9e2bfb7b15e5c3","name":"Redazione","image":{"@type":"ImageObject","inLanguage":"it-IT","@id":"https:\/\/secure.gravatar.com\/avatar\/2fcdf27c78ea025fbdb44e914cc63c72249ffec9dc8aafd5c82b26240ef3f346?s=96&d=mm&r=g","url":"https:\/\/secure.gravatar.com\/avatar\/2fcdf27c78ea025fbdb44e914cc63c72249ffec9dc8aafd5c82b26240ef3f346?s=96&d=mm&r=g","contentUrl":"https:\/\/secure.gravatar.com\/avatar\/2fcdf27c78ea025fbdb44e914cc63c72249ffec9dc8aafd5c82b26240ef3f346?s=96&d=mm&r=g","caption":"Redazione"},"url":"https:\/\/www.rassegnastampa-totustuus.it\/cattolica\/author\/pietroelle\/"}]}},"_links":{"self":[{"href":"https:\/\/www.rassegnastampa-totustuus.it\/cattolica\/wp-json\/wp\/v2\/posts\/54702","targetHints":{"allow":["GET"]}}],"collection":[{"href":"https:\/\/www.rassegnastampa-totustuus.it\/cattolica\/wp-json\/wp\/v2\/posts"}],"about":[{"href":"https:\/\/www.rassegnastampa-totustuus.it\/cattolica\/wp-json\/wp\/v2\/types\/post"}],"author":[{"embeddable":true,"href":"https:\/\/www.rassegnastampa-totustuus.it\/cattolica\/wp-json\/wp\/v2\/users\/6"}],"replies":[{"embeddable":true,"href":"https:\/\/www.rassegnastampa-totustuus.it\/cattolica\/wp-json\/wp\/v2\/comments?post=54702"}],"version-history":[{"count":2,"href":"https:\/\/www.rassegnastampa-totustuus.it\/cattolica\/wp-json\/wp\/v2\/posts\/54702\/revisions"}],"predecessor-version":[{"id":59838,"href":"https:\/\/www.rassegnastampa-totustuus.it\/cattolica\/wp-json\/wp\/v2\/posts\/54702\/revisions\/59838"}],"wp:featuredmedia":[{"embeddable":true,"href":"https:\/\/www.rassegnastampa-totustuus.it\/cattolica\/wp-json\/wp\/v2\/media\/45899"}],"wp:attachment":[{"href":"https:\/\/www.rassegnastampa-totustuus.it\/cattolica\/wp-json\/wp\/v2\/media?parent=54702"}],"wp:term":[{"taxonomy":"category","embeddable":true,"href":"https:\/\/www.rassegnastampa-totustuus.it\/cattolica\/wp-json\/wp\/v2\/categories?post=54702"},{"taxonomy":"post_tag","embeddable":true,"href":"https:\/\/www.rassegnastampa-totustuus.it\/cattolica\/wp-json\/wp\/v2\/tags?post=54702"}],"curies":[{"name":"wp","href":"https:\/\/api.w.org\/{rel}","templated":true}]}}