{"id":547,"date":"2005-05-21T00:00:00","date_gmt":"2005-05-20T22:00:00","guid":{"rendered":""},"modified":"2016-07-14T12:01:57","modified_gmt":"2016-07-14T10:01:57","slug":"otto-proposizioni-sulla-propriet","status":"publish","type":"post","link":"https:\/\/www.rassegnastampa-totustuus.it\/cattolica\/otto-proposizioni-sulla-propriet\/","title":{"rendered":"Otto proposizioni sulla propriet&agrave;"},"content":{"rendered":"<div style=\"text-align: center;\">\n<p style=\"text-align: center;\"><img loading=\"lazy\" decoding=\"async\" class=\"alignleft wp-image-36011\" src=\"https:\/\/www.rassegnastampa-totustuus.it\/cattolica\/wp-content\/uploads\/2005\/05\/propriet\u00e0_privata.jpg\" alt=\"propriet\u00e0_privata\" width=\"200\" height=\"170\" \/>Articolo\u00a0pubblicato \u00a0sul <strong>Cristianit\u00e0 <\/strong>n. 26-27 del 1977<\/p>\n<p style=\"text-align: center;\"><em>Perorazione per un diritto che muore<\/em><\/p>\n<p style=\"text-align: center;\">di <strong>Louis Salleron<\/strong><\/p>\n<\/div>\n<p><!--more--><\/p>\n<div>\n<p style=\"text-align: justify;\"><em>Con il titolo<\/em> Esquisse d&#8217;une doctrine de la propri\u00e9t\u00e9 <em>Louis Salleron ha pubblicato, nella primavera del 1953, una serie di articoli su la France catholique. L&#8217;ultimo di questi articoli, poi ripreso nel volume Diffuser la propri\u00e9t\u00e9 (Nouvelles Editions Latines, Parigi 1964, pp. 190-194), presenta la dottrina sulla propriet\u00e0 sotto forma di tesi. Lo proponiamo ai nostri lettori come pro memoria, a ricordare l&#8217;enorme importanza di un istituto che si cerca in ogni modo di estinguere, e che forse, per molti delle nuove generazioni, \u00e8 gi\u00e0 un ens rationis, una realt\u00e0 di cui si parla &#8211; quando se ne parla! &#8211;, ma di cui non si ha pi\u00f9 concreta esperienza, anche se non si pu\u00f2 averne pi\u00f9 o meno consapevole desiderio, trattandosi della espressione giuridica di un diritto naturale.<\/em><\/p>\n<p style=\"text-align: center;\"><strong>I<\/strong><\/p>\n<p style=\"text-align: justify;\">La propriet\u00e0 \u00e8 il prolungamento della persona nelle cose oppure, se si preferisce, \u00e8 la finalizzazione delle cose da parte della persona. E&#8217; l&#8217;idea tradizionale, e chiunque mediti sul problema la ritrova necessariamente. Con lo stile teso e fremente che la caratterizza, Simone Weil dice molto bene: &#8220;La propriet\u00e0 e un bisogno vitale dell&#8217;anima.<\/p>\n<p style=\"text-align: justify;\">L&#8217;anima \u00e8 isolata, perduta, se non \u00e8 circondata da oggetti che siano per essa come un prolungamento delle membra del corpo. Ogni uomo \u00e8 inevitabilmente portato a impadronirsi con il pensiero di tutto quello di cui si \u00e8 servito a lungo e continuamente per il lavoro, il divertimento e le necessit\u00e0 della vita&#8221; (L&#8217;enracinement, p. 36).<\/p>\n<p style=\"text-align: justify;\">Tale la dottrina della persona e della societ\u00e0, tale la dottrina della propriet\u00e0. Una dottrina individualistica porta a fare della propriet\u00e0 un assoluto. E&#8217; l&#8217;errore del secolo XIX, latente nella, definizione del codice civile. Una dottrina statalistica porta alla soppressione della propriet\u00e0 o alla sua minimizzazione. Una dottrina della persona che vede nell&#8217;uomo un essere individuale e sociale, centro e fascio di molteplici relazioni, attribuisce a ogni propriet\u00e0 il carattere del patrimonio (cfr. il nostro studio sul patrimonio in Six \u00e9tudes sur la propri\u00e9t\u00e9 collective).<\/p>\n<p style=\"text-align: justify;\">Il primo sistema di rapporti, il pi\u00f9 universale, il pi\u00f9 denso e il pi\u00f9 naturale, \u00e8 la famiglia. Perci\u00f2 il termine &#8220;patrimonio&#8221;, che significa &#8220;bene ereditato dai padri&#8221;, \u00e8 quasi coincidente, nel linguaggio corrente, con l&#8217;idea di propriet\u00e0 familiare.<\/p>\n<p style=\"text-align: center;\"><strong>II<\/strong><\/p>\n<p style=\"text-align: justify;\">Per il fatto di essere legata alla persona e di essere tanto pi\u00f9 ricca di contenuto quanto pi\u00f9 \u00e8 prossima all&#8217;individuo e ai suoi sistemi di relazioni pi\u00f9 immediate, la propriet\u00e0 \u00e8 naturalmente privata. Giuridicamente, questo significa che essa si muove nell&#8217;ordine del diritto privato. Chi dice propriet\u00e0 dice diritto privato. Chi dice potere dice diritto pubblico. Il ruolo dello Stato \u00e8 quello di regolare il gioco della propriet\u00e0 e non quello di assumerlo in proprio. Lo Stato \u00e8 chiamato a essere proprietario soltanto nella misura in cui ne ha bisogno la sua autorit\u00e0 per imporsi al potere di fatto che deriva dalla propriet\u00e0 delle persone.<\/p>\n<p style=\"text-align: center;\"><strong>III<\/strong><\/p>\n<p style=\"text-align: justify;\">La propriet\u00e0 \u00e8 il sostegno della libert\u00e0. Lo \u00e8 naturalmente, e in un certo modo per definizione, nel senso che permette l&#8217;espandersi della persona. Lo \u00e8 istituzionalmente, nel senso che il potere dello Stato si arresta di fronte alla propriet\u00e0 della persona. Lo \u00e8 politicamente, per l&#8217;equilibrio che istituisce tra le forze economiche (settore della propriet\u00e0) e quelle dello Stato (settore del potere). Il dramma del comunismo sta nel fatto che, confondendo nelle stesse mani l&#8217;autorit\u00e0 politica e l&#8217;autorit\u00e0 economica, disarma il cittadino e lo priva di ogni libert\u00e0.<\/p>\n<p style=\"text-align: center;\"><strong>IV<\/strong><\/p>\n<p style=\"text-align: justify;\">\u00a0La propriet\u00e0 si concepisce e si realizza nel modo pi\u00f9 agevole quando ne sono soggetto l&#8217;individuo o la famiglia e oggetto ogni cosa a dimensione individuale o familiare. Per questa ragione, taluni sono inclini a riconoscere come propriet\u00e0 legittima soltanto quella che si inscrive nell&#8217;orbita di questa dimensione. In questo \u00e8 contenuto un grave errore che, in ultima analisi, sbocca nell&#8217;individualismo o nel comunismo.<\/p>\n<p style=\"text-align: justify;\">La verit\u00e0 \u00e8 che la persona, in tutti i suoi sviluppi individuali o collettivi, deve affiancarsi alla propriet\u00e0. La propriet\u00e0 individuale non impedisce la propriet\u00e0 collettiva, la piccola propriet\u00e0 non impedisce la grande, la propriet\u00e0 della terra non impedisce quella del denaro, la propriet\u00e0 totale non impedisce l&#8217;affittanza o l&#8217;usufrutto. L&#8217;importante \u00e8 che il diritto ponga regole tali che la propriet\u00e0, nei suoi molteplici aspetti, serva la persona invece di danneggiarla. Il criterio di legittimit\u00e0, in materia di propriet\u00e0, sta nella persona. E&#8217; legittima ogni propriet\u00e0 che permette alle cose di aiutare la persona a fiorire integralmente e secondo i suoi fini naturali e soprannaturali, individuali, sociali e di genere.<\/p>\n<p style=\"text-align: center;\"><strong>V<\/strong><\/p>\n<p style=\"text-align: justify;\">\u00a0La propriet\u00e0, ponendosi sul terreno dell&#8217;Avere, oppone all&#8217;Essere tutte le contraddizioni che a esso oppone l&#8217;Avere. E&#8217; la condizione umana. Rifiutare, disprezzare la propriet\u00e0 a causa delle impurit\u00e0 dell&#8217;Avere, significa rifiutare, disprezzare la condizione umana. Ammettere la propriet\u00e0 soltanto come servizio, come &#8220;funzione sociale&#8221;, significa voler riservare il matrimonio agli angeli o ai corpi gloriosi. Significa fare del catarismo economico. L&#8217;angelismo \u00e8 la trappola pi\u00f9 sicura per fare cadere i cristiani nel materialismo comunista. Chi vuole fare l&#8217;angelo&#8230;<\/p>\n<p style=\"text-align: center;\"><strong>VI<\/strong><\/p>\n<p style=\"text-align: justify;\">Poich\u00e9 si pone sul terreno dell&#8217;Avere, la propriet\u00e0 \u00e8 la categoria giuridica per eccellenza della economia, ma le sue giustificazioni economiche non esauriscono la sua virt\u00f9, perch\u00e9 l&#8217;economia stessa non \u00e8 il fine ultimo della persona. Se, per esempio, si possono trovare mille ragioni di rilievo per raccomandare la propriet\u00e0 contadina, perch\u00e9 assicura uno sfruttamento razionale della terra, la raccomandano anche altre ragioni, che non hanno niente di economico: e ragioni extra-economiche potranno farla preferire a modi di sfruttamento pi\u00f9 razionali, che escludano la propriet\u00e0.<\/p>\n<p style=\"text-align: justify;\">E&#8217; &#8220;un grande onore possedere un campo&#8221;, dice, in un verso famoso, Charles de Pomairols. Non fa riferimento alla produttivit\u00e0. Il podere, il campo, la casa, il giardino richiamano la propriet\u00e0 per ragioni di equilibrio personale e familiare, nelle quali si alimentano le migliori possibilit\u00e0 dell&#8217;ordine sociale, della pace e della civilt\u00e0. L&#8217;economia ne trarr\u00e0 vantaggi; non vi \u00e8 interessata n\u00e9 in prima n\u00e9 in ultima istanza.<\/p>\n<p style=\"text-align: center;\"><strong>VII.<\/strong><\/p>\n<p style=\"text-align: justify;\">Poich\u00e9 il capitalismo individualistico e liberale ha privato della propriet\u00e0 un numero eccessivo di individui, il comunismo propone di privarne tutti &#8211; come se la generalizzazione del male costituisse la cura. Evidentemente la buona soluzione consiste nel contrario: assicurare la propriet\u00e0 a tutti. Patrimonio familiare, patrimonio corporativo, patrimonio nazionale e universale &#8211; ecco la vera formula. Il denaro ostacola la propriet\u00e0 normale solamente se lo si lascia svolgere in libert\u00e0. Ma non vi \u00e8 niente di pi\u00f9 facile che assegnare delle regole alle sue fantasie. Il capitalismo ha assunto questo aspetto odioso perch\u00e9 \u00e8 nato e si \u00e8 sviluppato all&#8217;interno di una filosofia utilitaristica. Uno spirito nuovo e strutture modificate possono perfettamente salvare le verit\u00e0 che contiene in materia di propriet\u00e0.<\/p>\n<p style=\"text-align: center;\"><strong>VIII<\/strong>.<\/p>\n<p style=\"text-align: justify;\">Poich\u00e9 la propriet\u00e0 manifesta le disuguaglianze naturali, si tende a vedere in essa la causa di queste disuguaglianze. La realt\u00e0 \u00e8 diversa; \u00e8 proprio il contrario. Infatti, se \u00e8 vero che il liberalismo ha potuto fare della propriet\u00e0 uno strumento di disuguaglianza, la propriet\u00e0 sanamente intesa e orientata ai veri fini della persona attenua la disuguaguanza. Proprio nella misura in cui \u00e8 riconosciuta come aiuto della persona, in vista del suo compimento, la propriet\u00e0 tempera, a vantaggio della giustizia, i ritmi di una evoluzione economica pi\u00f9 o meno caotica.<\/p>\n<p style=\"text-align: justify;\">Essa evita le catastrofi delle regressioni brutali (crisi, guerre, ecc.), grazie alle riserve che assicura a tutti i livelli della societ\u00e0. Essa modera il progresso tecnico naturalmente disordinato, orientandolo a soddisfare i molteplici bisogni umani. Essa favorisce anche lo sviluppo normale della popolazione, associando a fini secondari legittimi le decisioni procreative che, per i pi\u00f9, non saprebbero trovare nella sola coscienza o, nella, ragione pura un equilibrio normale all&#8217;istinto biologico.<\/p>\n<p style=\"text-align: justify;\">Tale \u00e8 la propriet\u00e0, o tale dovrebbe essere. Si pensi alla lingua di Esopo. E al fatto che, tagliandola, si pone fine, evidentemente, al pettegolezzo e alla maldicenza. Ma, ciononostante, non \u00e8 il procedimento generalmente seguito dagli educatori. Niente impedisce di rendere alla propriet\u00e0 la sua virt\u00f9. Basta una dottrina precisa e la volont\u00e0 di tradurre questa dottrina in pratica.<\/p>\n<\/div>\n","protected":false},"excerpt":{"rendered":"<p>Articolo\u00a0pubblicato \u00a0sul Cristianit\u00e0 n. 26-27 del 1977 Perorazione per un diritto che muore di Louis Salleron<\/p><p><a class=\"more-link btn\" href=\"https:\/\/www.rassegnastampa-totustuus.it\/cattolica\/otto-proposizioni-sulla-propriet\/\">Continua a leggere<\/a><\/p>\n","protected":false},"author":6,"featured_media":36011,"comment_status":"closed","ping_status":"open","sticky":false,"template":"","format":"standard","meta":{"footnotes":""},"categories":[11,13],"tags":[2389,593],"class_list":["post-547","post","type-post","status-publish","format-standard","has-post-thumbnail","hentry","category-dottrina-sociale","category-economia","tag-economia","tag-proprieta-privata","item-wrap"],"yoast_head":"<!-- This site is optimized with the Yoast SEO plugin v27.5 - https:\/\/yoast.com\/product\/yoast-seo-wordpress\/ -->\n<title>Otto proposizioni sulla propriet&agrave; - Rassegna Stampa Cattolica<\/title>\n<meta name=\"description\" content=\"Rassegna Stampa Cattolica - Per una cultura che nasce dalla Rivelazione cristiana in conformit\u00e0 alla tradizione e al Magistero della Chiesa in opposizione ad ogni relativismo e totalitarismo\" \/>\n<meta name=\"robots\" content=\"index, follow, max-snippet:-1, max-image-preview:large, max-video-preview:-1\" \/>\n<link rel=\"canonical\" href=\"https:\/\/www.rassegnastampa-totustuus.it\/cattolica\/otto-proposizioni-sulla-propriet\/\" \/>\n<meta property=\"og:locale\" content=\"it_IT\" \/>\n<meta property=\"og:type\" content=\"article\" \/>\n<meta property=\"og:title\" content=\"Otto proposizioni sulla propriet&agrave; - Rassegna Stampa Cattolica\" \/>\n<meta property=\"og:description\" content=\"Rassegna Stampa Cattolica - Per una cultura che nasce dalla Rivelazione cristiana in conformit\u00e0 alla tradizione e al Magistero della Chiesa in opposizione ad ogni relativismo e totalitarismo\" \/>\n<meta property=\"og:url\" content=\"https:\/\/www.rassegnastampa-totustuus.it\/cattolica\/otto-proposizioni-sulla-propriet\/\" \/>\n<meta property=\"og:site_name\" content=\"Rassegna Stampa Cattolica\" \/>\n<meta property=\"article:publisher\" content=\"https:\/\/www.facebook.com\/rassegnastampacattolica\" \/>\n<meta property=\"article:published_time\" content=\"2005-05-20T22:00:00+00:00\" \/>\n<meta property=\"article:modified_time\" content=\"2016-07-14T10:01:57+00:00\" \/>\n<meta property=\"og:image\" content=\"https:\/\/www.rassegnastampa-totustuus.it\/cattolica\/wp-content\/uploads\/2005\/05\/propriet\u00e0_privata.jpg\" \/>\n\t<meta property=\"og:image:width\" content=\"243\" \/>\n\t<meta property=\"og:image:height\" content=\"207\" \/>\n\t<meta property=\"og:image:type\" content=\"image\/jpeg\" \/>\n<meta name=\"author\" content=\"Redazione\" \/>\n<meta name=\"twitter:card\" content=\"summary_large_image\" \/>\n<meta name=\"twitter:creator\" content=\"@rassegnastampa9\" \/>\n<meta name=\"twitter:site\" content=\"@rassegnastampa9\" \/>\n<meta name=\"twitter:label1\" content=\"Scritto da\" \/>\n\t<meta name=\"twitter:data1\" content=\"Redazione\" \/>\n\t<meta name=\"twitter:label2\" content=\"Tempo di lettura stimato\" \/>\n\t<meta name=\"twitter:data2\" content=\"6 minuti\" \/>\n<script type=\"application\/ld+json\" class=\"yoast-schema-graph\">{\"@context\":\"https:\\\/\\\/schema.org\",\"@graph\":[{\"@type\":\"Article\",\"@id\":\"https:\\\/\\\/www.rassegnastampa-totustuus.it\\\/cattolica\\\/otto-proposizioni-sulla-propriet\\\/#article\",\"isPartOf\":{\"@id\":\"https:\\\/\\\/www.rassegnastampa-totustuus.it\\\/cattolica\\\/otto-proposizioni-sulla-propriet\\\/\"},\"author\":{\"name\":\"Redazione\",\"@id\":\"https:\\\/\\\/www.rassegnastampa-totustuus.it\\\/cattolica\\\/#\\\/schema\\\/person\\\/08f319d2bd1a0904ad9e2bfb7b15e5c3\"},\"headline\":\"Otto proposizioni sulla propriet&agrave;\",\"datePublished\":\"2005-05-20T22:00:00+00:00\",\"dateModified\":\"2016-07-14T10:01:57+00:00\",\"mainEntityOfPage\":{\"@id\":\"https:\\\/\\\/www.rassegnastampa-totustuus.it\\\/cattolica\\\/otto-proposizioni-sulla-propriet\\\/\"},\"wordCount\":1331,\"publisher\":{\"@id\":\"https:\\\/\\\/www.rassegnastampa-totustuus.it\\\/cattolica\\\/#organization\"},\"image\":{\"@id\":\"https:\\\/\\\/www.rassegnastampa-totustuus.it\\\/cattolica\\\/otto-proposizioni-sulla-propriet\\\/#primaryimage\"},\"thumbnailUrl\":\"https:\\\/\\\/www.rassegnastampa-totustuus.it\\\/cattolica\\\/wp-content\\\/uploads\\\/2005\\\/05\\\/propriet\u00e0_privata.jpg\",\"keywords\":[\"Economia\",\"propriet\u00e0 privata\"],\"articleSection\":[\"Dottrina sociale\",\"Economia\"],\"inLanguage\":\"it-IT\"},{\"@type\":\"WebPage\",\"@id\":\"https:\\\/\\\/www.rassegnastampa-totustuus.it\\\/cattolica\\\/otto-proposizioni-sulla-propriet\\\/\",\"url\":\"https:\\\/\\\/www.rassegnastampa-totustuus.it\\\/cattolica\\\/otto-proposizioni-sulla-propriet\\\/\",\"name\":\"Otto proposizioni sulla propriet&agrave; - Rassegna Stampa Cattolica\",\"isPartOf\":{\"@id\":\"https:\\\/\\\/www.rassegnastampa-totustuus.it\\\/cattolica\\\/#website\"},\"primaryImageOfPage\":{\"@id\":\"https:\\\/\\\/www.rassegnastampa-totustuus.it\\\/cattolica\\\/otto-proposizioni-sulla-propriet\\\/#primaryimage\"},\"image\":{\"@id\":\"https:\\\/\\\/www.rassegnastampa-totustuus.it\\\/cattolica\\\/otto-proposizioni-sulla-propriet\\\/#primaryimage\"},\"thumbnailUrl\":\"https:\\\/\\\/www.rassegnastampa-totustuus.it\\\/cattolica\\\/wp-content\\\/uploads\\\/2005\\\/05\\\/propriet\u00e0_privata.jpg\",\"datePublished\":\"2005-05-20T22:00:00+00:00\",\"dateModified\":\"2016-07-14T10:01:57+00:00\",\"description\":\"Rassegna Stampa Cattolica - Per una cultura che nasce dalla Rivelazione cristiana in conformit\u00e0 alla tradizione e al Magistero della Chiesa in opposizione ad ogni relativismo e totalitarismo\",\"breadcrumb\":{\"@id\":\"https:\\\/\\\/www.rassegnastampa-totustuus.it\\\/cattolica\\\/otto-proposizioni-sulla-propriet\\\/#breadcrumb\"},\"inLanguage\":\"it-IT\",\"potentialAction\":[{\"@type\":\"ReadAction\",\"target\":[\"https:\\\/\\\/www.rassegnastampa-totustuus.it\\\/cattolica\\\/otto-proposizioni-sulla-propriet\\\/\"]}]},{\"@type\":\"ImageObject\",\"inLanguage\":\"it-IT\",\"@id\":\"https:\\\/\\\/www.rassegnastampa-totustuus.it\\\/cattolica\\\/otto-proposizioni-sulla-propriet\\\/#primaryimage\",\"url\":\"https:\\\/\\\/www.rassegnastampa-totustuus.it\\\/cattolica\\\/wp-content\\\/uploads\\\/2005\\\/05\\\/propriet\u00e0_privata.jpg\",\"contentUrl\":\"https:\\\/\\\/www.rassegnastampa-totustuus.it\\\/cattolica\\\/wp-content\\\/uploads\\\/2005\\\/05\\\/propriet\u00e0_privata.jpg\",\"width\":243,\"height\":207},{\"@type\":\"BreadcrumbList\",\"@id\":\"https:\\\/\\\/www.rassegnastampa-totustuus.it\\\/cattolica\\\/otto-proposizioni-sulla-propriet\\\/#breadcrumb\",\"itemListElement\":[{\"@type\":\"ListItem\",\"position\":1,\"name\":\"Home\",\"item\":\"https:\\\/\\\/www.rassegnastampa-totustuus.it\\\/cattolica\\\/\"},{\"@type\":\"ListItem\",\"position\":2,\"name\":\"Otto proposizioni sulla propriet&agrave;\"}]},{\"@type\":\"WebSite\",\"@id\":\"https:\\\/\\\/www.rassegnastampa-totustuus.it\\\/cattolica\\\/#website\",\"url\":\"https:\\\/\\\/www.rassegnastampa-totustuus.it\\\/cattolica\\\/\",\"name\":\"Rassegna Stampa Cattolica\",\"description\":\"Per una cultura che nasce dalla Rivelazione cristiana in conformit\u00e0 alla tradizione e al Magistero della Chiesa in opposizione ad ogni relativismo e totalitarismo\",\"publisher\":{\"@id\":\"https:\\\/\\\/www.rassegnastampa-totustuus.it\\\/cattolica\\\/#organization\"},\"alternateName\":\"Rass. Cattolica\",\"potentialAction\":[{\"@type\":\"SearchAction\",\"target\":{\"@type\":\"EntryPoint\",\"urlTemplate\":\"https:\\\/\\\/www.rassegnastampa-totustuus.it\\\/cattolica\\\/?s={search_term_string}\"},\"query-input\":{\"@type\":\"PropertyValueSpecification\",\"valueRequired\":true,\"valueName\":\"search_term_string\"}}],\"inLanguage\":\"it-IT\"},{\"@type\":\"Organization\",\"@id\":\"https:\\\/\\\/www.rassegnastampa-totustuus.it\\\/cattolica\\\/#organization\",\"name\":\"Rassegna Stampa Cattolica\",\"url\":\"https:\\\/\\\/www.rassegnastampa-totustuus.it\\\/cattolica\\\/\",\"logo\":{\"@type\":\"ImageObject\",\"inLanguage\":\"it-IT\",\"@id\":\"https:\\\/\\\/www.rassegnastampa-totustuus.it\\\/cattolica\\\/#\\\/schema\\\/logo\\\/image\\\/\",\"url\":\"https:\\\/\\\/www.rassegnastampa-totustuus.it\\\/cattolica\\\/wp-content\\\/uploads\\\/2014\\\/04\\\/logo-rassegna1.gif\",\"contentUrl\":\"https:\\\/\\\/www.rassegnastampa-totustuus.it\\\/cattolica\\\/wp-content\\\/uploads\\\/2014\\\/04\\\/logo-rassegna1.gif\",\"width\":600,\"height\":163,\"caption\":\"Rassegna Stampa Cattolica\"},\"image\":{\"@id\":\"https:\\\/\\\/www.rassegnastampa-totustuus.it\\\/cattolica\\\/#\\\/schema\\\/logo\\\/image\\\/\"},\"sameAs\":[\"https:\\\/\\\/www.facebook.com\\\/rassegnastampacattolica\",\"https:\\\/\\\/x.com\\\/rassegnastampa9\"]},{\"@type\":\"Person\",\"@id\":\"https:\\\/\\\/www.rassegnastampa-totustuus.it\\\/cattolica\\\/#\\\/schema\\\/person\\\/08f319d2bd1a0904ad9e2bfb7b15e5c3\",\"name\":\"Redazione\",\"image\":{\"@type\":\"ImageObject\",\"inLanguage\":\"it-IT\",\"@id\":\"https:\\\/\\\/secure.gravatar.com\\\/avatar\\\/2fcdf27c78ea025fbdb44e914cc63c72249ffec9dc8aafd5c82b26240ef3f346?s=96&d=mm&r=g\",\"url\":\"https:\\\/\\\/secure.gravatar.com\\\/avatar\\\/2fcdf27c78ea025fbdb44e914cc63c72249ffec9dc8aafd5c82b26240ef3f346?s=96&d=mm&r=g\",\"contentUrl\":\"https:\\\/\\\/secure.gravatar.com\\\/avatar\\\/2fcdf27c78ea025fbdb44e914cc63c72249ffec9dc8aafd5c82b26240ef3f346?s=96&d=mm&r=g\",\"caption\":\"Redazione\"},\"url\":\"https:\\\/\\\/www.rassegnastampa-totustuus.it\\\/cattolica\\\/author\\\/pietroelle\\\/\"}]}<\/script>\n<!-- \/ Yoast SEO plugin. -->","yoast_head_json":{"title":"Otto proposizioni sulla propriet&agrave; - Rassegna Stampa Cattolica","description":"Rassegna Stampa Cattolica - Per una cultura che nasce dalla Rivelazione cristiana in conformit\u00e0 alla tradizione e al Magistero della Chiesa in opposizione ad ogni relativismo e totalitarismo","robots":{"index":"index","follow":"follow","max-snippet":"max-snippet:-1","max-image-preview":"max-image-preview:large","max-video-preview":"max-video-preview:-1"},"canonical":"https:\/\/www.rassegnastampa-totustuus.it\/cattolica\/otto-proposizioni-sulla-propriet\/","og_locale":"it_IT","og_type":"article","og_title":"Otto proposizioni sulla propriet&agrave; - Rassegna Stampa Cattolica","og_description":"Rassegna Stampa Cattolica - Per una cultura che nasce dalla Rivelazione cristiana in conformit\u00e0 alla tradizione e al Magistero della Chiesa in opposizione ad ogni relativismo e totalitarismo","og_url":"https:\/\/www.rassegnastampa-totustuus.it\/cattolica\/otto-proposizioni-sulla-propriet\/","og_site_name":"Rassegna Stampa Cattolica","article_publisher":"https:\/\/www.facebook.com\/rassegnastampacattolica","article_published_time":"2005-05-20T22:00:00+00:00","article_modified_time":"2016-07-14T10:01:57+00:00","og_image":[{"width":243,"height":207,"url":"https:\/\/www.rassegnastampa-totustuus.it\/cattolica\/wp-content\/uploads\/2005\/05\/propriet\u00e0_privata.jpg","type":"image\/jpeg"}],"author":"Redazione","twitter_card":"summary_large_image","twitter_creator":"@rassegnastampa9","twitter_site":"@rassegnastampa9","twitter_misc":{"Scritto da":"Redazione","Tempo di lettura stimato":"6 minuti"},"schema":{"@context":"https:\/\/schema.org","@graph":[{"@type":"Article","@id":"https:\/\/www.rassegnastampa-totustuus.it\/cattolica\/otto-proposizioni-sulla-propriet\/#article","isPartOf":{"@id":"https:\/\/www.rassegnastampa-totustuus.it\/cattolica\/otto-proposizioni-sulla-propriet\/"},"author":{"name":"Redazione","@id":"https:\/\/www.rassegnastampa-totustuus.it\/cattolica\/#\/schema\/person\/08f319d2bd1a0904ad9e2bfb7b15e5c3"},"headline":"Otto proposizioni sulla propriet&agrave;","datePublished":"2005-05-20T22:00:00+00:00","dateModified":"2016-07-14T10:01:57+00:00","mainEntityOfPage":{"@id":"https:\/\/www.rassegnastampa-totustuus.it\/cattolica\/otto-proposizioni-sulla-propriet\/"},"wordCount":1331,"publisher":{"@id":"https:\/\/www.rassegnastampa-totustuus.it\/cattolica\/#organization"},"image":{"@id":"https:\/\/www.rassegnastampa-totustuus.it\/cattolica\/otto-proposizioni-sulla-propriet\/#primaryimage"},"thumbnailUrl":"https:\/\/www.rassegnastampa-totustuus.it\/cattolica\/wp-content\/uploads\/2005\/05\/propriet\u00e0_privata.jpg","keywords":["Economia","propriet\u00e0 privata"],"articleSection":["Dottrina sociale","Economia"],"inLanguage":"it-IT"},{"@type":"WebPage","@id":"https:\/\/www.rassegnastampa-totustuus.it\/cattolica\/otto-proposizioni-sulla-propriet\/","url":"https:\/\/www.rassegnastampa-totustuus.it\/cattolica\/otto-proposizioni-sulla-propriet\/","name":"Otto proposizioni sulla propriet&agrave; - Rassegna Stampa Cattolica","isPartOf":{"@id":"https:\/\/www.rassegnastampa-totustuus.it\/cattolica\/#website"},"primaryImageOfPage":{"@id":"https:\/\/www.rassegnastampa-totustuus.it\/cattolica\/otto-proposizioni-sulla-propriet\/#primaryimage"},"image":{"@id":"https:\/\/www.rassegnastampa-totustuus.it\/cattolica\/otto-proposizioni-sulla-propriet\/#primaryimage"},"thumbnailUrl":"https:\/\/www.rassegnastampa-totustuus.it\/cattolica\/wp-content\/uploads\/2005\/05\/propriet\u00e0_privata.jpg","datePublished":"2005-05-20T22:00:00+00:00","dateModified":"2016-07-14T10:01:57+00:00","description":"Rassegna Stampa Cattolica - Per una cultura che nasce dalla Rivelazione cristiana in conformit\u00e0 alla tradizione e al Magistero della Chiesa in opposizione ad ogni relativismo e totalitarismo","breadcrumb":{"@id":"https:\/\/www.rassegnastampa-totustuus.it\/cattolica\/otto-proposizioni-sulla-propriet\/#breadcrumb"},"inLanguage":"it-IT","potentialAction":[{"@type":"ReadAction","target":["https:\/\/www.rassegnastampa-totustuus.it\/cattolica\/otto-proposizioni-sulla-propriet\/"]}]},{"@type":"ImageObject","inLanguage":"it-IT","@id":"https:\/\/www.rassegnastampa-totustuus.it\/cattolica\/otto-proposizioni-sulla-propriet\/#primaryimage","url":"https:\/\/www.rassegnastampa-totustuus.it\/cattolica\/wp-content\/uploads\/2005\/05\/propriet\u00e0_privata.jpg","contentUrl":"https:\/\/www.rassegnastampa-totustuus.it\/cattolica\/wp-content\/uploads\/2005\/05\/propriet\u00e0_privata.jpg","width":243,"height":207},{"@type":"BreadcrumbList","@id":"https:\/\/www.rassegnastampa-totustuus.it\/cattolica\/otto-proposizioni-sulla-propriet\/#breadcrumb","itemListElement":[{"@type":"ListItem","position":1,"name":"Home","item":"https:\/\/www.rassegnastampa-totustuus.it\/cattolica\/"},{"@type":"ListItem","position":2,"name":"Otto proposizioni sulla propriet&agrave;"}]},{"@type":"WebSite","@id":"https:\/\/www.rassegnastampa-totustuus.it\/cattolica\/#website","url":"https:\/\/www.rassegnastampa-totustuus.it\/cattolica\/","name":"Rassegna Stampa Cattolica","description":"Per una cultura che nasce dalla Rivelazione cristiana in conformit\u00e0 alla tradizione e al Magistero della Chiesa in opposizione ad ogni relativismo e totalitarismo","publisher":{"@id":"https:\/\/www.rassegnastampa-totustuus.it\/cattolica\/#organization"},"alternateName":"Rass. Cattolica","potentialAction":[{"@type":"SearchAction","target":{"@type":"EntryPoint","urlTemplate":"https:\/\/www.rassegnastampa-totustuus.it\/cattolica\/?s={search_term_string}"},"query-input":{"@type":"PropertyValueSpecification","valueRequired":true,"valueName":"search_term_string"}}],"inLanguage":"it-IT"},{"@type":"Organization","@id":"https:\/\/www.rassegnastampa-totustuus.it\/cattolica\/#organization","name":"Rassegna Stampa Cattolica","url":"https:\/\/www.rassegnastampa-totustuus.it\/cattolica\/","logo":{"@type":"ImageObject","inLanguage":"it-IT","@id":"https:\/\/www.rassegnastampa-totustuus.it\/cattolica\/#\/schema\/logo\/image\/","url":"https:\/\/www.rassegnastampa-totustuus.it\/cattolica\/wp-content\/uploads\/2014\/04\/logo-rassegna1.gif","contentUrl":"https:\/\/www.rassegnastampa-totustuus.it\/cattolica\/wp-content\/uploads\/2014\/04\/logo-rassegna1.gif","width":600,"height":163,"caption":"Rassegna Stampa Cattolica"},"image":{"@id":"https:\/\/www.rassegnastampa-totustuus.it\/cattolica\/#\/schema\/logo\/image\/"},"sameAs":["https:\/\/www.facebook.com\/rassegnastampacattolica","https:\/\/x.com\/rassegnastampa9"]},{"@type":"Person","@id":"https:\/\/www.rassegnastampa-totustuus.it\/cattolica\/#\/schema\/person\/08f319d2bd1a0904ad9e2bfb7b15e5c3","name":"Redazione","image":{"@type":"ImageObject","inLanguage":"it-IT","@id":"https:\/\/secure.gravatar.com\/avatar\/2fcdf27c78ea025fbdb44e914cc63c72249ffec9dc8aafd5c82b26240ef3f346?s=96&d=mm&r=g","url":"https:\/\/secure.gravatar.com\/avatar\/2fcdf27c78ea025fbdb44e914cc63c72249ffec9dc8aafd5c82b26240ef3f346?s=96&d=mm&r=g","contentUrl":"https:\/\/secure.gravatar.com\/avatar\/2fcdf27c78ea025fbdb44e914cc63c72249ffec9dc8aafd5c82b26240ef3f346?s=96&d=mm&r=g","caption":"Redazione"},"url":"https:\/\/www.rassegnastampa-totustuus.it\/cattolica\/author\/pietroelle\/"}]}},"_links":{"self":[{"href":"https:\/\/www.rassegnastampa-totustuus.it\/cattolica\/wp-json\/wp\/v2\/posts\/547","targetHints":{"allow":["GET"]}}],"collection":[{"href":"https:\/\/www.rassegnastampa-totustuus.it\/cattolica\/wp-json\/wp\/v2\/posts"}],"about":[{"href":"https:\/\/www.rassegnastampa-totustuus.it\/cattolica\/wp-json\/wp\/v2\/types\/post"}],"author":[{"embeddable":true,"href":"https:\/\/www.rassegnastampa-totustuus.it\/cattolica\/wp-json\/wp\/v2\/users\/6"}],"replies":[{"embeddable":true,"href":"https:\/\/www.rassegnastampa-totustuus.it\/cattolica\/wp-json\/wp\/v2\/comments?post=547"}],"version-history":[{"count":4,"href":"https:\/\/www.rassegnastampa-totustuus.it\/cattolica\/wp-json\/wp\/v2\/posts\/547\/revisions"}],"predecessor-version":[{"id":36012,"href":"https:\/\/www.rassegnastampa-totustuus.it\/cattolica\/wp-json\/wp\/v2\/posts\/547\/revisions\/36012"}],"wp:featuredmedia":[{"embeddable":true,"href":"https:\/\/www.rassegnastampa-totustuus.it\/cattolica\/wp-json\/wp\/v2\/media\/36011"}],"wp:attachment":[{"href":"https:\/\/www.rassegnastampa-totustuus.it\/cattolica\/wp-json\/wp\/v2\/media?parent=547"}],"wp:term":[{"taxonomy":"category","embeddable":true,"href":"https:\/\/www.rassegnastampa-totustuus.it\/cattolica\/wp-json\/wp\/v2\/categories?post=547"},{"taxonomy":"post_tag","embeddable":true,"href":"https:\/\/www.rassegnastampa-totustuus.it\/cattolica\/wp-json\/wp\/v2\/tags?post=547"}],"curies":[{"name":"wp","href":"https:\/\/api.w.org\/{rel}","templated":true}]}}