{"id":54698,"date":"2022-09-15T00:00:54","date_gmt":"2022-09-14T22:00:54","guid":{"rendered":"http:\/\/www.rassegnastampa-totustuus.it\/cattolica\/?p=54698"},"modified":"2024-03-08T12:02:18","modified_gmt":"2024-03-08T11:02:18","slug":"i-funerali-di-gorbacev-e-la-russia-incompiuta","status":"publish","type":"post","link":"https:\/\/www.rassegnastampa-totustuus.it\/cattolica\/i-funerali-di-gorbacev-e-la-russia-incompiuta\/","title":{"rendered":"I funerali di Gorba\u010dev e la Russia incompiuta"},"content":{"rendered":"<p style=\"text-align: center;\"><strong><img loading=\"lazy\" decoding=\"async\" class=\" wp-image-54699 alignright\" src=\"https:\/\/www.rassegnastampa-totustuus.it\/cattolica\/wp-content\/uploads\/2022\/09\/Gorbaciov_funerale_Urss_Russia.jpg\" alt=\"\" width=\"343\" height=\"214\" \/><a href=\"https:\/\/www.asianews.it\/\" target=\"_blank\" rel=\"noopener\"><span style=\"color: #0000ff;\">Asia News<\/span><\/a><\/strong> 3 Settembre 2022<\/p>\n<p style=\"text-align: justify;\"><span style=\"color: #000000;\"><em>L\u2019apertura alla libert\u00e0 religiosa non faceva parte del programma iniziale delle riforme. Furono le vicende seguite al disastro di \u010cernobyl a costringere il segretario-presidente a modificare il suo atteggiamento, fino alla sintonia che stabil\u00ec con Giovanni Paolo II. Ma i russi gli rimproverano la fine dell\u2019Urss come rinuncia al ruolo di potenza mondiale.<\/em><\/span><\/p>\n<p style=\"text-align: center;\"><strong>Stefano Caprio<\/strong><\/p>\n<p><!--more--><\/p>\n<p style=\"text-align: justify;\"><img loading=\"lazy\" decoding=\"async\" class=\" wp-image-54659 alignleft\" src=\"https:\/\/www.rassegnastampa-totustuus.it\/cattolica\/wp-content\/uploads\/2022\/09\/Mikhail_Gorbaciov_Urss.jpg\" alt=\"\" width=\"326\" height=\"217\" \/>S<span style=\"color: #000000;\">i tengono oggi a Mosca le esequie di Mikhail Gorba\u010dev, primo e ultimo presidente dell\u2019Unione Sovietica, scomparsa nel 1991, anno che segn\u00f2 anche la morte politica del suo leader. <\/span><\/p>\n<p style=\"text-align: justify;\"><span style=\"color: #000000;\">Negli ultimi 31 anni Gorba\u010dev non \u00e8 pi\u00f9 esistito in Russia: la sua fondazione, molto attiva nel campo della beneficenza, non ha avuto alcun influsso politico e culturale n\u00e9 durante il travagliato decennio eltsiniano, n\u00e9 durante il sempre pi\u00f9 roboante ventennio putiniano.<\/span><\/p>\n<p style=\"text-align: justify;\"><span style=\"color: #000000;\">Lo stesso Putin ha reso frettolosamente omaggio alla salma, depositando dei fiori e affrettandosi ad andare a Kaliningrad, e poi in altre localit\u00e0, a presiedere le fasi finali delle olimpiadi giovanili dei \u201cColloqui sulle cose importanti\u201d, manifestazioni di propaganda finalizzate alla spiegazione delle motivazioni dell\u2019operazione militare speciale in Ucraina, e alla rilettura in senso eroico dell\u2019intera storia russa. <\/span><\/p>\n<p style=\"text-align: justify;\"><span style=\"color: #000000;\">I funerali si svolgono con \u201cqualche elemento delle esequie ufficiali\u201d, come ha spiegato il portavoce del Cremlino Dmitrij Peskov, col picchetto d\u2019onore e la presenza di alti rappresentanti dello Stato. Non ci sar\u00e0 il presidente, che ha riconosciuto \u201cil grande ruolo nella storia universale\u201d di Gorba\u010dev, pi\u00f9 per onorare la Russia e il suo potere, che non per esaltare la figura del riformatore fallito.<\/span><\/p>\n<p style=\"text-align: justify;\"><img loading=\"lazy\" decoding=\"async\" class=\"wp-image-42898 alignright\" src=\"https:\/\/www.rassegnastampa-totustuus.it\/cattolica\/wp-content\/uploads\/2019\/04\/Urss_Gorbaciov-300x168.jpg\" alt=\"\" width=\"352\" height=\"197\" \/><span style=\"color: #000000;\">Gli elogi a Gorba\u010dev non si sono invece risparmiati al di fuori della patria, con ricordi appassionati di Macron, Scholz, Biden, Johnson, Walesa, Guterres, Draghi, von der Leyden e tanti altri. Il secondo leader sovietico, insieme a Khru\u0161\u010dev, a concludere il suo mandato ancora in vita, era certamente molto pi\u00f9 amato all\u2019estero che in Russia. <\/span><\/p>\n<p style=\"text-align: justify;\"><span style=\"color: #000000;\">I motivi sono ben noti: a livello ideologico, i russi gli rimproverano la fine dell\u2019Urss come rinuncia al ruolo di potenza mondiale, e l\u2019eccessiva indulgenza ai favori interessati degli occidentali, di cui viene considerato il principale storico \u201cagente straniero\u201d, il termine oggi in voga per designare i traditori.<\/span><\/p>\n<p style=\"text-align: justify;\"><img loading=\"lazy\" decoding=\"async\" class=\" wp-image-49366 alignleft\" src=\"https:\/\/www.rassegnastampa-totustuus.it\/cattolica\/wp-content\/uploads\/2020\/12\/Urss_code_miseria.jpg\" alt=\"\" width=\"346\" height=\"233\" \/><span style=\"color: #000000;\">La popolazione, pi\u00f9 sensibile agli aspetti materiali della vita sociale, ricorda con i brividi quel quinquennio maledetto tra il 1986 e il 1991, quando venne bloccata la pianificazione economica senza di fatto riuscire a instaurare un qualunque altro sistema, di cui non c\u2019era una concezione positiva nella declamata <em>perestrojka<\/em>. <\/span><\/p>\n<p style=\"text-align: justify;\"><span style=\"color: #000000;\">Di fatto la svolta port\u00f2 a una crisi mai vista: gli enormi supermercati, in cui nel ventennio brezneviano c\u2019erano pochi ma sicuri prodotti, apparivano tragicamente vuoti, e per comprare carne e verdura bisognava andare ai mercati caucasici a prezzi astronomici, o nei negozi per stranieri per chi aveva la fortuna di possedere i <em>talony<\/em>, gli speciali buoni d\u2019acquisto riservati a pochi. <\/span><\/p>\n<p style=\"text-align: justify;\"><span style=\"color: #000000;\">E soprattutto a far infuriare la maggior parte dei russi \u00e8 il ricordo della \u201clegge secca\u201d (<em>sukhoj zakon<\/em>) del 1987 che limit\u00f2 la produzione di bevande alcoliche: nei giorni di Gorba\u010dev si bevevano profumi e miscele, compreso l\u2019olio dei freni, oppure si stava in fila una giornata intera per una bottiglia di vodka<\/span>.<\/p>\n<p style=\"text-align: justify;\"><img loading=\"lazy\" decoding=\"async\" class=\"wp-image-16326 alignright\" src=\"https:\/\/www.rassegnastampa-totustuus.it\/cattolica\/wp-content\/uploads\/2015\/01\/Putin.jpg\" alt=\"\" width=\"328\" height=\"228\" \/><span style=\"color: #000000;\">La condanna ufficiale del gorbaciovismo fu pronunciata da Putin nel messaggio all\u2019Assemblea federale del 2004, quando afferm\u00f2 che \u201cil crollo dell\u2019Unione Sovietica \u00e8 stata la principale catastrofe geopolitica del XX secolo\u201d, un disastro a cui oggi si cerca di porre rimedio con la riconquista delle terre ex-sovietiche, a partire dall\u2019Ucraina. il \u201ccrollo\u201d viene imputato all\u2019inettitudine dell\u2019allora presidente, anche se di fatto fu sancito l\u20198 dicembre 1991 dall\u2019accordo di Belove\u017eka tra Eltsyn, Krav\u010duk e \u0160u\u0161kevic, i presidenti delle repubbliche sovietiche di Russia, Ucraina e Bielorussia che diventarono Stati indipendenti, senza alcun coinvolgimento di Gorba\u010dev, ormai emarginato dopo il golpe di agost<\/span>o.<\/p>\n<p style=\"text-align: justify;\"><img loading=\"lazy\" decoding=\"async\" class=\" wp-image-45783 alignleft\" src=\"https:\/\/www.rassegnastampa-totustuus.it\/cattolica\/wp-content\/uploads\/2020\/01\/Urss_Afghanistan_guerra-1.jpg\" alt=\"\" width=\"338\" height=\"220\" \/><span style=\"color: #000000;\">Egli in realt\u00e0 aveva anche tentato di impedire la disgregazione dell\u2019impero, con tragici risultati come la \u201cnotte delle palette dei genieri\u201d di Tbilisi nel 1989, una sanguinosa repressione delle pacifiche manifestazioni antisovietiche, il \u201cgennaio nero\u201d del 1990 a Baku e soprattutto la presa militare del centro televisivo di Vilnius del 1991, che suscit\u00f2 la rivolta della Lituania, primo Stato a separarsi dall\u2019Urss. Questi eventi aggiunsero soltanto odio e disprezzo verso una figura gi\u00e0 da tutti ritenuta infelice, segnata in modo indelebile fin dal 1986, con l\u2019esplosione della centrale di \u010cernobyl che costrinse a sostituire la <em>perestrojka<\/em> con la <em>glasnost<\/em>, la libert\u00e0 d\u2019informazione, aprendo l\u2019Urss a quella \u201cinvasione dell\u2019Occidente\u201d tanto deprecata oggi da Putin e dal patriarca Kirill.<\/span><\/p>\n<p style=\"text-align: justify;\"><img loading=\"lazy\" decoding=\"async\" class=\" wp-image-53574 alignright\" src=\"https:\/\/www.rassegnastampa-totustuus.it\/cattolica\/wp-content\/uploads\/2022\/02\/Russia_Putin_Ortodossi_Kyrill.jpg\" alt=\"\" width=\"304\" height=\"231\" \/><span style=\"color: #000000;\">Il patriarca \u00e8 un personaggio emblematico del succedersi delle varie fasi, nel passaggio tra l\u2019Urss e la Russia neo-imperiale. <\/span><\/p>\n<p style=\"text-align: justify;\"><span style=\"color: #000000;\">Da giovane vescovo brezneviano, Kirill difendeva a spada tratta la politica sovietica in tutte le assise ecumeniche internazionali, ma fu tra i primi gerarchi della Chiesa ortodossa a cavalcare le riforme dopo l\u2019elezione di Gorba\u010dev nel 1985, partecipando attivamente alle grandi celebrazioni del Millennio del Battesimo della Rus\u2019 nel 1988 che segnarono l\u2019inizio della \u201crinascita religiosa\u201d dopo settant\u2019anni di ateismo di Stato.<\/span><\/p>\n<p style=\"text-align: justify;\"><img loading=\"lazy\" decoding=\"async\" class=\"wp-image-52924 alignleft\" src=\"https:\/\/www.rassegnastampa-totustuus.it\/cattolica\/wp-content\/uploads\/2021\/11\/chiesa_ortodossa_russia.jpg\" alt=\"\" width=\"362\" height=\"239\" \/><span style=\"color: #000000;\">Nel 1990 riusc\u00ec a spingere per l\u2019elezione a patriarca di Aleksij<\/span> <span style=\"color: #000000;\">(Ridiger), il metropolita di Leningrado che egli poteva controllare, evitando con l\u2019aiuto dei funzionari sovietici la vittoria del candidato di Kiev Filaret (Denisenko), oggi 95enne ispiratore della rivolta ucraina contro la Russia e contro lo stesso Kirill, che Filaret aveva ordinato vescovo nel 1976. Negli anni di Eltsyn, come metropolita degli esteri del patriarcato, Kirill si merit\u00f2 la fama di \u201coligarca ecclesiastico\u201d, per poi diventare il principale ideologo della restaurazione putiniana della Chiesa di Stato della Grande Russia. Proprio nel campo religioso sono evidenti le contraddizioni del gorbaciovismo, che hanno infine portato alla nuova \u201csinfonia dei poteri\u201d<\/span>.<\/p>\n<p style=\"text-align: justify;\"><img loading=\"lazy\" decoding=\"async\" class=\" wp-image-54700 alignright\" src=\"https:\/\/www.rassegnastampa-totustuus.it\/cattolica\/wp-content\/uploads\/2022\/09\/Urss_XX_congresso_comunismo.jpg\" alt=\"\" width=\"307\" height=\"238\" \/><span style=\"color: #000000;\">L\u2019apertura alla libert\u00e0 religiosa, in realt\u00e0, non faceva parte del programma iniziale delle riforme di Gorba\u010dev. <\/span><\/p>\n<p style=\"text-align: justify;\"><span style=\"color: #000000;\">Il nuovo segretario generale del Comitato centrale del Pcus, eletto a marzo 1985, e la sua squadra appartenevano alla generazione degli anni Sessanta. Erano persone sulla cui formazione aveva avuto un decisivo influsso il XX Congresso del Pcus (1956) e la campagna antireligiosa del 1958-1964. Come la maggioranza di essi, Gorba\u010d\u00ebv era \u201csordo\u201d alle problematiche religiose. <\/span><\/p>\n<p style=\"text-align: justify;\"><span style=\"color: #000000;\">Del fatto che i \u201ccapicantiere della perestrojka\u201d, come chiamavano i collaboratori di Gorba\u010d\u00ebv, non intendessero cambiare nulla nelle relazioni con la Chiesa, testimoniano diversi documenti pubblicati di recent<\/span>e.<\/p>\n<p style=\"text-align: justify;\"><span style=\"color: #000000;\">Come ha scritto l\u2019ex collaboratore responsabile del settore della propaganda del Comitato Centrale del Komsomol\u2019, Valerij Alekseev, \u201cGorba\u010d\u00ebv e Likha\u010dev disposero l\u2019elaborazione e l\u2019approvazione per gli anni 1985-1990 di un pacchetto di decisioni segrete sul rafforzamento della lotta contro l\u2019attivizzazione del settarismo religioso, l\u2019influsso reazionario del clero islamico, sulla limitazione dell\u2019influsso del cattolicesimo sulla popolazione, sulle misure di contrapposizione all\u2019influenza ortodossa ecc.\u201d.<\/span><\/p>\n<p style=\"text-align: justify;\"><img loading=\"lazy\" decoding=\"async\" class=\" wp-image-53140 alignleft\" src=\"https:\/\/www.rassegnastampa-totustuus.it\/cattolica\/wp-content\/uploads\/2021\/12\/Chernobyl_nucleare_energia.jpg\" alt=\"\" width=\"366\" height=\"206\" \/>L<span style=\"color: #000000;\">a fedelt\u00e0 ai dogmi marxisti sulla religione fu confermata nella nuova redazione del Programma del Pcus, approvato al XXVII congresso del partito nel 1986. <\/span><\/p>\n<p style=\"text-align: justify;\"><span style=\"color: #000000;\">Anche le celebrazioni del Millennio della Rus\u2019, in programma fin dal 1983, si dovevano tenere solo all\u2019interno delle chiese, con l\u2019indicazione di \u201cnon attirare attenzione a questo particolare evento\u201d. <\/span><\/p>\n<p style=\"text-align: justify;\"><span style=\"color: #000000;\">Le vicende esterne dopo \u010cernobyl costrinsero il segretario-presidente a modificare il suo atteggiamento, soprattutto dopo i primi contatti con Reagan e gli altri leader occidentali, che esaltavano la novit\u00e0 di un segretario sovietico elegante e dialogante, che girava il mondo con l\u2019affascinante moglie Raissa, e magari era disposto anche a concedere aperture alla libert\u00e0 di espressione e di professione religiosa<\/span>.<\/p>\n<p style=\"text-align: justify;\"><img loading=\"lazy\" decoding=\"async\" class=\"wp-image-42897 alignright\" src=\"https:\/\/www.rassegnastampa-totustuus.it\/cattolica\/wp-content\/uploads\/2019\/04\/GiovanniPaoloII_Gorbaciov-300x204.jpg\" alt=\"\" width=\"318\" height=\"216\" srcset=\"https:\/\/www.rassegnastampa-totustuus.it\/cattolica\/wp-content\/uploads\/2019\/04\/GiovanniPaoloII_Gorbaciov-300x204.jpg 300w, https:\/\/www.rassegnastampa-totustuus.it\/cattolica\/wp-content\/uploads\/2019\/04\/GiovanniPaoloII_Gorbaciov-768x522.jpg 768w, https:\/\/www.rassegnastampa-totustuus.it\/cattolica\/wp-content\/uploads\/2019\/04\/GiovanniPaoloII_Gorbaciov-1024x696.jpg 1024w, https:\/\/www.rassegnastampa-totustuus.it\/cattolica\/wp-content\/uploads\/2019\/04\/GiovanniPaoloII_Gorbaciov.jpg 1280w\" sizes=\"auto, (max-width: 318px) 100vw, 318px\" \/><span style=\"color: #000000;\">Allora Gorba\u010dev scopr\u00ec il mondo della spiritualit\u00e0, sintonizzandosi con il leader mondiale pi\u00f9 affermato, il papa Giovanni Paolo II, che terrorizzava i burocrati sovietici con i suoi messaggi di \u201cnuova evangelizzazione\u201d. <\/span><\/p>\n<p style=\"text-align: justify;\"><span style=\"color: #000000;\">Il neo-presidente dell\u2019Urss riformata incontr\u00f2 il papa a Roma, il 1 dicembre 1989, aprendo alle relazioni diplomatiche con la Santa Sede e concordando sulla visione dell\u2019Europa cristiana \u201cdall\u2019Atlantico agli Urali\u201d.<\/span><\/p>\n<p style=\"text-align: justify;\"><span style=\"color: #000000;\">La svolta religiosa gorbacioviana gett\u00f2 nel panico non solo i funzionari statali, ma anche i gerarchi ecclesiastici ortodossi, che non sapevano come governare una rinascita religiosa totalmente al di fuori delle tradizioni confessionali russe. <\/span><\/p>\n<p style=\"text-align: justify;\"><span style=\"color: #000000;\">La sintonia tra Gorba\u010dev e Giovanni Paolo II \u00e8 forse il peccato pi\u00f9 grave che viene imputato dai russi al leader che oggi viene sepolto al monastero di Novodevi\u010di, accanto a tante altre figure storiche della politica e della cultura russa, compreso il filosofo Vladimir Solov\u2019ev che desiderava l\u2019unione degli ortodossi con i cattolici, per costruire insieme una Chiesa universale.<\/span><\/p>\n<p style=\"text-align: justify;\"><img loading=\"lazy\" decoding=\"async\" class=\" wp-image-7048 alignleft\" src=\"https:\/\/www.rassegnastampa-totustuus.it\/cattolica\/wp-content\/uploads\/2013\/12\/putin_bacia_icona.jpg\" alt=\"\" width=\"265\" height=\"178\" \/><span style=\"color: #000000;\">Oggi invece Kirill e Putin sostengono l\u2019ideale di una santa Russia che si stende \u201cda Lisbona a Vladivostok\u201d, un sogno imperiale e mistico destinato a rimanere anch\u2019esso incompiuto, come tutte le grandi immagini della Russia antica e moderna, anche quella soltanto sognata da Mikhail Gorba\u010dev<\/span>.<\/p>\n<p>_________________________________________________________<\/p>\n<p><span style=\"color: #000000;\"><strong>Leggi anche<\/strong><\/span><\/p>\n<p><a href=\"https:\/\/www.rassegnastampa-totustuus.it\/cattolica\/gorbachev-non-un-democratico-ma-lultimo-dittatore-sovietico\/\" target=\"_blank\" rel=\"noopener\"><span style=\"color: #0000ff;\">Gorbachev: non un democratico ma l\u2019ultimo dittatore sovietico<\/span><\/a><\/p>\n","protected":false},"excerpt":{"rendered":"<p>Asia News 3 Settembre 2022 L\u2019apertura alla libert\u00e0 religiosa non faceva parte del programma iniziale delle riforme. Furono le vicende seguite al disastro di \u010cernobyl a costringere il segretario-presidente a modificare il suo atteggiamento, fino alla sintonia che stabil\u00ec con Giovanni Paolo II. Ma i russi gli rimproverano la fine dell\u2019Urss come rinuncia al ruolo &hellip; <\/p>\n<p><a class=\"more-link btn\" href=\"https:\/\/www.rassegnastampa-totustuus.it\/cattolica\/i-funerali-di-gorbacev-e-la-russia-incompiuta\/\">Continua a leggere<\/a><\/p>\n","protected":false},"author":6,"featured_media":47023,"comment_status":"closed","ping_status":"closed","sticky":false,"template":"","format":"standard","meta":{"footnotes":""},"categories":[18,116,84],"tags":[2923,283,2409,175],"class_list":["post-54698","post","type-post","status-publish","format-standard","has-post-thumbnail","hentry","category-personaggi","category-russia","category-urss","tag-mikail-gorbaciov","tag-personaggi-2","tag-russia","tag-urss-2","item-wrap"],"yoast_head":"<!-- This site is optimized with the Yoast SEO plugin v27.5 - https:\/\/yoast.com\/product\/yoast-seo-wordpress\/ -->\n<title>I funerali di Gorba\u010dev e la Russia incompiuta - Rassegna Stampa Cattolica<\/title>\n<meta name=\"description\" content=\"I funerali di Gorba\u010dev e la Russia incompiuta. I connazionali gli rimproverano la fine dell&#039;Urss al suo ruolo di potenza mondiale\" \/>\n<meta name=\"robots\" content=\"index, follow, max-snippet:-1, max-image-preview:large, max-video-preview:-1\" \/>\n<link rel=\"canonical\" href=\"https:\/\/www.rassegnastampa-totustuus.it\/cattolica\/i-funerali-di-gorbacev-e-la-russia-incompiuta\/\" \/>\n<meta property=\"og:locale\" content=\"it_IT\" \/>\n<meta property=\"og:type\" content=\"article\" \/>\n<meta property=\"og:title\" content=\"I funerali di Gorba\u010dev e la Russia incompiuta - Rassegna Stampa Cattolica\" \/>\n<meta property=\"og:description\" content=\"I funerali di Gorba\u010dev e la Russia incompiuta. I connazionali gli rimproverano la fine dell&#039;Urss al suo ruolo di potenza mondiale\" \/>\n<meta property=\"og:url\" content=\"https:\/\/www.rassegnastampa-totustuus.it\/cattolica\/i-funerali-di-gorbacev-e-la-russia-incompiuta\/\" \/>\n<meta property=\"og:site_name\" content=\"Rassegna Stampa Cattolica\" \/>\n<meta property=\"article:publisher\" content=\"https:\/\/www.facebook.com\/rassegnastampacattolica\" \/>\n<meta property=\"article:published_time\" content=\"2022-09-14T22:00:54+00:00\" \/>\n<meta property=\"article:modified_time\" content=\"2024-03-08T11:02:18+00:00\" \/>\n<meta property=\"og:image\" content=\"https:\/\/www.rassegnastampa-totustuus.it\/cattolica\/wp-content\/uploads\/2020\/04\/Urss_comunismo.jpeg\" \/>\n\t<meta property=\"og:image:width\" content=\"1697\" \/>\n\t<meta property=\"og:image:height\" content=\"1131\" \/>\n\t<meta property=\"og:image:type\" content=\"image\/jpeg\" \/>\n<meta name=\"author\" content=\"Redazione\" \/>\n<meta name=\"twitter:card\" content=\"summary_large_image\" \/>\n<meta name=\"twitter:creator\" content=\"@rassegnastampa9\" \/>\n<meta name=\"twitter:site\" content=\"@rassegnastampa9\" \/>\n<meta name=\"twitter:label1\" content=\"Scritto da\" \/>\n\t<meta name=\"twitter:data1\" content=\"Redazione\" \/>\n\t<meta name=\"twitter:label2\" content=\"Tempo di lettura stimato\" \/>\n\t<meta name=\"twitter:data2\" content=\"11 minuti\" \/>\n<script type=\"application\/ld+json\" class=\"yoast-schema-graph\">{\"@context\":\"https:\\\/\\\/schema.org\",\"@graph\":[{\"@type\":\"Article\",\"@id\":\"https:\\\/\\\/www.rassegnastampa-totustuus.it\\\/cattolica\\\/i-funerali-di-gorbacev-e-la-russia-incompiuta\\\/#article\",\"isPartOf\":{\"@id\":\"https:\\\/\\\/www.rassegnastampa-totustuus.it\\\/cattolica\\\/i-funerali-di-gorbacev-e-la-russia-incompiuta\\\/\"},\"author\":{\"name\":\"Redazione\",\"@id\":\"https:\\\/\\\/www.rassegnastampa-totustuus.it\\\/cattolica\\\/#\\\/schema\\\/person\\\/08f319d2bd1a0904ad9e2bfb7b15e5c3\"},\"headline\":\"I funerali di Gorba\u010dev e la Russia incompiuta\",\"datePublished\":\"2022-09-14T22:00:54+00:00\",\"dateModified\":\"2024-03-08T11:02:18+00:00\",\"mainEntityOfPage\":{\"@id\":\"https:\\\/\\\/www.rassegnastampa-totustuus.it\\\/cattolica\\\/i-funerali-di-gorbacev-e-la-russia-incompiuta\\\/\"},\"wordCount\":1461,\"publisher\":{\"@id\":\"https:\\\/\\\/www.rassegnastampa-totustuus.it\\\/cattolica\\\/#organization\"},\"image\":{\"@id\":\"https:\\\/\\\/www.rassegnastampa-totustuus.it\\\/cattolica\\\/i-funerali-di-gorbacev-e-la-russia-incompiuta\\\/#primaryimage\"},\"thumbnailUrl\":\"https:\\\/\\\/www.rassegnastampa-totustuus.it\\\/cattolica\\\/wp-content\\\/uploads\\\/2020\\\/04\\\/Urss_comunismo.jpeg\",\"keywords\":[\"Mikail Gorbaciov\",\"personaggi\",\"Russia\",\"Urss\"],\"articleSection\":[\"Personaggi\",\"Russia\",\"URSS\"],\"inLanguage\":\"it-IT\"},{\"@type\":\"WebPage\",\"@id\":\"https:\\\/\\\/www.rassegnastampa-totustuus.it\\\/cattolica\\\/i-funerali-di-gorbacev-e-la-russia-incompiuta\\\/\",\"url\":\"https:\\\/\\\/www.rassegnastampa-totustuus.it\\\/cattolica\\\/i-funerali-di-gorbacev-e-la-russia-incompiuta\\\/\",\"name\":\"I funerali di Gorba\u010dev e la Russia incompiuta - Rassegna Stampa Cattolica\",\"isPartOf\":{\"@id\":\"https:\\\/\\\/www.rassegnastampa-totustuus.it\\\/cattolica\\\/#website\"},\"primaryImageOfPage\":{\"@id\":\"https:\\\/\\\/www.rassegnastampa-totustuus.it\\\/cattolica\\\/i-funerali-di-gorbacev-e-la-russia-incompiuta\\\/#primaryimage\"},\"image\":{\"@id\":\"https:\\\/\\\/www.rassegnastampa-totustuus.it\\\/cattolica\\\/i-funerali-di-gorbacev-e-la-russia-incompiuta\\\/#primaryimage\"},\"thumbnailUrl\":\"https:\\\/\\\/www.rassegnastampa-totustuus.it\\\/cattolica\\\/wp-content\\\/uploads\\\/2020\\\/04\\\/Urss_comunismo.jpeg\",\"datePublished\":\"2022-09-14T22:00:54+00:00\",\"dateModified\":\"2024-03-08T11:02:18+00:00\",\"description\":\"I funerali di Gorba\u010dev e la Russia incompiuta. I connazionali gli rimproverano la fine dell'Urss al suo ruolo di potenza mondiale\",\"breadcrumb\":{\"@id\":\"https:\\\/\\\/www.rassegnastampa-totustuus.it\\\/cattolica\\\/i-funerali-di-gorbacev-e-la-russia-incompiuta\\\/#breadcrumb\"},\"inLanguage\":\"it-IT\",\"potentialAction\":[{\"@type\":\"ReadAction\",\"target\":[\"https:\\\/\\\/www.rassegnastampa-totustuus.it\\\/cattolica\\\/i-funerali-di-gorbacev-e-la-russia-incompiuta\\\/\"]}]},{\"@type\":\"ImageObject\",\"inLanguage\":\"it-IT\",\"@id\":\"https:\\\/\\\/www.rassegnastampa-totustuus.it\\\/cattolica\\\/i-funerali-di-gorbacev-e-la-russia-incompiuta\\\/#primaryimage\",\"url\":\"https:\\\/\\\/www.rassegnastampa-totustuus.it\\\/cattolica\\\/wp-content\\\/uploads\\\/2020\\\/04\\\/Urss_comunismo.jpeg\",\"contentUrl\":\"https:\\\/\\\/www.rassegnastampa-totustuus.it\\\/cattolica\\\/wp-content\\\/uploads\\\/2020\\\/04\\\/Urss_comunismo.jpeg\",\"width\":1697,\"height\":1131},{\"@type\":\"BreadcrumbList\",\"@id\":\"https:\\\/\\\/www.rassegnastampa-totustuus.it\\\/cattolica\\\/i-funerali-di-gorbacev-e-la-russia-incompiuta\\\/#breadcrumb\",\"itemListElement\":[{\"@type\":\"ListItem\",\"position\":1,\"name\":\"Home\",\"item\":\"https:\\\/\\\/www.rassegnastampa-totustuus.it\\\/cattolica\\\/\"},{\"@type\":\"ListItem\",\"position\":2,\"name\":\"I funerali di Gorba\u010dev e la Russia incompiuta\"}]},{\"@type\":\"WebSite\",\"@id\":\"https:\\\/\\\/www.rassegnastampa-totustuus.it\\\/cattolica\\\/#website\",\"url\":\"https:\\\/\\\/www.rassegnastampa-totustuus.it\\\/cattolica\\\/\",\"name\":\"Rassegna Stampa Cattolica\",\"description\":\"Per una cultura che nasce dalla Rivelazione cristiana in conformit\u00e0 alla tradizione e al Magistero della Chiesa in opposizione ad ogni relativismo e totalitarismo\",\"publisher\":{\"@id\":\"https:\\\/\\\/www.rassegnastampa-totustuus.it\\\/cattolica\\\/#organization\"},\"alternateName\":\"Rass. Cattolica\",\"potentialAction\":[{\"@type\":\"SearchAction\",\"target\":{\"@type\":\"EntryPoint\",\"urlTemplate\":\"https:\\\/\\\/www.rassegnastampa-totustuus.it\\\/cattolica\\\/?s={search_term_string}\"},\"query-input\":{\"@type\":\"PropertyValueSpecification\",\"valueRequired\":true,\"valueName\":\"search_term_string\"}}],\"inLanguage\":\"it-IT\"},{\"@type\":\"Organization\",\"@id\":\"https:\\\/\\\/www.rassegnastampa-totustuus.it\\\/cattolica\\\/#organization\",\"name\":\"Rassegna Stampa Cattolica\",\"url\":\"https:\\\/\\\/www.rassegnastampa-totustuus.it\\\/cattolica\\\/\",\"logo\":{\"@type\":\"ImageObject\",\"inLanguage\":\"it-IT\",\"@id\":\"https:\\\/\\\/www.rassegnastampa-totustuus.it\\\/cattolica\\\/#\\\/schema\\\/logo\\\/image\\\/\",\"url\":\"https:\\\/\\\/www.rassegnastampa-totustuus.it\\\/cattolica\\\/wp-content\\\/uploads\\\/2014\\\/04\\\/logo-rassegna1.gif\",\"contentUrl\":\"https:\\\/\\\/www.rassegnastampa-totustuus.it\\\/cattolica\\\/wp-content\\\/uploads\\\/2014\\\/04\\\/logo-rassegna1.gif\",\"width\":600,\"height\":163,\"caption\":\"Rassegna Stampa Cattolica\"},\"image\":{\"@id\":\"https:\\\/\\\/www.rassegnastampa-totustuus.it\\\/cattolica\\\/#\\\/schema\\\/logo\\\/image\\\/\"},\"sameAs\":[\"https:\\\/\\\/www.facebook.com\\\/rassegnastampacattolica\",\"https:\\\/\\\/x.com\\\/rassegnastampa9\"]},{\"@type\":\"Person\",\"@id\":\"https:\\\/\\\/www.rassegnastampa-totustuus.it\\\/cattolica\\\/#\\\/schema\\\/person\\\/08f319d2bd1a0904ad9e2bfb7b15e5c3\",\"name\":\"Redazione\",\"image\":{\"@type\":\"ImageObject\",\"inLanguage\":\"it-IT\",\"@id\":\"https:\\\/\\\/secure.gravatar.com\\\/avatar\\\/2fcdf27c78ea025fbdb44e914cc63c72249ffec9dc8aafd5c82b26240ef3f346?s=96&d=mm&r=g\",\"url\":\"https:\\\/\\\/secure.gravatar.com\\\/avatar\\\/2fcdf27c78ea025fbdb44e914cc63c72249ffec9dc8aafd5c82b26240ef3f346?s=96&d=mm&r=g\",\"contentUrl\":\"https:\\\/\\\/secure.gravatar.com\\\/avatar\\\/2fcdf27c78ea025fbdb44e914cc63c72249ffec9dc8aafd5c82b26240ef3f346?s=96&d=mm&r=g\",\"caption\":\"Redazione\"},\"url\":\"https:\\\/\\\/www.rassegnastampa-totustuus.it\\\/cattolica\\\/author\\\/pietroelle\\\/\"}]}<\/script>\n<!-- \/ Yoast SEO plugin. -->","yoast_head_json":{"title":"I funerali di Gorba\u010dev e la Russia incompiuta - Rassegna Stampa Cattolica","description":"I funerali di Gorba\u010dev e la Russia incompiuta. I connazionali gli rimproverano la fine dell'Urss al suo ruolo di potenza mondiale","robots":{"index":"index","follow":"follow","max-snippet":"max-snippet:-1","max-image-preview":"max-image-preview:large","max-video-preview":"max-video-preview:-1"},"canonical":"https:\/\/www.rassegnastampa-totustuus.it\/cattolica\/i-funerali-di-gorbacev-e-la-russia-incompiuta\/","og_locale":"it_IT","og_type":"article","og_title":"I funerali di Gorba\u010dev e la Russia incompiuta - Rassegna Stampa Cattolica","og_description":"I funerali di Gorba\u010dev e la Russia incompiuta. I connazionali gli rimproverano la fine dell'Urss al suo ruolo di potenza mondiale","og_url":"https:\/\/www.rassegnastampa-totustuus.it\/cattolica\/i-funerali-di-gorbacev-e-la-russia-incompiuta\/","og_site_name":"Rassegna Stampa Cattolica","article_publisher":"https:\/\/www.facebook.com\/rassegnastampacattolica","article_published_time":"2022-09-14T22:00:54+00:00","article_modified_time":"2024-03-08T11:02:18+00:00","og_image":[{"width":1697,"height":1131,"url":"https:\/\/www.rassegnastampa-totustuus.it\/cattolica\/wp-content\/uploads\/2020\/04\/Urss_comunismo.jpeg","type":"image\/jpeg"}],"author":"Redazione","twitter_card":"summary_large_image","twitter_creator":"@rassegnastampa9","twitter_site":"@rassegnastampa9","twitter_misc":{"Scritto da":"Redazione","Tempo di lettura stimato":"11 minuti"},"schema":{"@context":"https:\/\/schema.org","@graph":[{"@type":"Article","@id":"https:\/\/www.rassegnastampa-totustuus.it\/cattolica\/i-funerali-di-gorbacev-e-la-russia-incompiuta\/#article","isPartOf":{"@id":"https:\/\/www.rassegnastampa-totustuus.it\/cattolica\/i-funerali-di-gorbacev-e-la-russia-incompiuta\/"},"author":{"name":"Redazione","@id":"https:\/\/www.rassegnastampa-totustuus.it\/cattolica\/#\/schema\/person\/08f319d2bd1a0904ad9e2bfb7b15e5c3"},"headline":"I funerali di Gorba\u010dev e la Russia incompiuta","datePublished":"2022-09-14T22:00:54+00:00","dateModified":"2024-03-08T11:02:18+00:00","mainEntityOfPage":{"@id":"https:\/\/www.rassegnastampa-totustuus.it\/cattolica\/i-funerali-di-gorbacev-e-la-russia-incompiuta\/"},"wordCount":1461,"publisher":{"@id":"https:\/\/www.rassegnastampa-totustuus.it\/cattolica\/#organization"},"image":{"@id":"https:\/\/www.rassegnastampa-totustuus.it\/cattolica\/i-funerali-di-gorbacev-e-la-russia-incompiuta\/#primaryimage"},"thumbnailUrl":"https:\/\/www.rassegnastampa-totustuus.it\/cattolica\/wp-content\/uploads\/2020\/04\/Urss_comunismo.jpeg","keywords":["Mikail Gorbaciov","personaggi","Russia","Urss"],"articleSection":["Personaggi","Russia","URSS"],"inLanguage":"it-IT"},{"@type":"WebPage","@id":"https:\/\/www.rassegnastampa-totustuus.it\/cattolica\/i-funerali-di-gorbacev-e-la-russia-incompiuta\/","url":"https:\/\/www.rassegnastampa-totustuus.it\/cattolica\/i-funerali-di-gorbacev-e-la-russia-incompiuta\/","name":"I funerali di Gorba\u010dev e la Russia incompiuta - Rassegna Stampa Cattolica","isPartOf":{"@id":"https:\/\/www.rassegnastampa-totustuus.it\/cattolica\/#website"},"primaryImageOfPage":{"@id":"https:\/\/www.rassegnastampa-totustuus.it\/cattolica\/i-funerali-di-gorbacev-e-la-russia-incompiuta\/#primaryimage"},"image":{"@id":"https:\/\/www.rassegnastampa-totustuus.it\/cattolica\/i-funerali-di-gorbacev-e-la-russia-incompiuta\/#primaryimage"},"thumbnailUrl":"https:\/\/www.rassegnastampa-totustuus.it\/cattolica\/wp-content\/uploads\/2020\/04\/Urss_comunismo.jpeg","datePublished":"2022-09-14T22:00:54+00:00","dateModified":"2024-03-08T11:02:18+00:00","description":"I funerali di Gorba\u010dev e la Russia incompiuta. I connazionali gli rimproverano la fine dell'Urss al suo ruolo di potenza mondiale","breadcrumb":{"@id":"https:\/\/www.rassegnastampa-totustuus.it\/cattolica\/i-funerali-di-gorbacev-e-la-russia-incompiuta\/#breadcrumb"},"inLanguage":"it-IT","potentialAction":[{"@type":"ReadAction","target":["https:\/\/www.rassegnastampa-totustuus.it\/cattolica\/i-funerali-di-gorbacev-e-la-russia-incompiuta\/"]}]},{"@type":"ImageObject","inLanguage":"it-IT","@id":"https:\/\/www.rassegnastampa-totustuus.it\/cattolica\/i-funerali-di-gorbacev-e-la-russia-incompiuta\/#primaryimage","url":"https:\/\/www.rassegnastampa-totustuus.it\/cattolica\/wp-content\/uploads\/2020\/04\/Urss_comunismo.jpeg","contentUrl":"https:\/\/www.rassegnastampa-totustuus.it\/cattolica\/wp-content\/uploads\/2020\/04\/Urss_comunismo.jpeg","width":1697,"height":1131},{"@type":"BreadcrumbList","@id":"https:\/\/www.rassegnastampa-totustuus.it\/cattolica\/i-funerali-di-gorbacev-e-la-russia-incompiuta\/#breadcrumb","itemListElement":[{"@type":"ListItem","position":1,"name":"Home","item":"https:\/\/www.rassegnastampa-totustuus.it\/cattolica\/"},{"@type":"ListItem","position":2,"name":"I funerali di Gorba\u010dev e la Russia incompiuta"}]},{"@type":"WebSite","@id":"https:\/\/www.rassegnastampa-totustuus.it\/cattolica\/#website","url":"https:\/\/www.rassegnastampa-totustuus.it\/cattolica\/","name":"Rassegna Stampa Cattolica","description":"Per una cultura che nasce dalla Rivelazione cristiana in conformit\u00e0 alla tradizione e al Magistero della Chiesa in opposizione ad ogni relativismo e totalitarismo","publisher":{"@id":"https:\/\/www.rassegnastampa-totustuus.it\/cattolica\/#organization"},"alternateName":"Rass. Cattolica","potentialAction":[{"@type":"SearchAction","target":{"@type":"EntryPoint","urlTemplate":"https:\/\/www.rassegnastampa-totustuus.it\/cattolica\/?s={search_term_string}"},"query-input":{"@type":"PropertyValueSpecification","valueRequired":true,"valueName":"search_term_string"}}],"inLanguage":"it-IT"},{"@type":"Organization","@id":"https:\/\/www.rassegnastampa-totustuus.it\/cattolica\/#organization","name":"Rassegna Stampa Cattolica","url":"https:\/\/www.rassegnastampa-totustuus.it\/cattolica\/","logo":{"@type":"ImageObject","inLanguage":"it-IT","@id":"https:\/\/www.rassegnastampa-totustuus.it\/cattolica\/#\/schema\/logo\/image\/","url":"https:\/\/www.rassegnastampa-totustuus.it\/cattolica\/wp-content\/uploads\/2014\/04\/logo-rassegna1.gif","contentUrl":"https:\/\/www.rassegnastampa-totustuus.it\/cattolica\/wp-content\/uploads\/2014\/04\/logo-rassegna1.gif","width":600,"height":163,"caption":"Rassegna Stampa Cattolica"},"image":{"@id":"https:\/\/www.rassegnastampa-totustuus.it\/cattolica\/#\/schema\/logo\/image\/"},"sameAs":["https:\/\/www.facebook.com\/rassegnastampacattolica","https:\/\/x.com\/rassegnastampa9"]},{"@type":"Person","@id":"https:\/\/www.rassegnastampa-totustuus.it\/cattolica\/#\/schema\/person\/08f319d2bd1a0904ad9e2bfb7b15e5c3","name":"Redazione","image":{"@type":"ImageObject","inLanguage":"it-IT","@id":"https:\/\/secure.gravatar.com\/avatar\/2fcdf27c78ea025fbdb44e914cc63c72249ffec9dc8aafd5c82b26240ef3f346?s=96&d=mm&r=g","url":"https:\/\/secure.gravatar.com\/avatar\/2fcdf27c78ea025fbdb44e914cc63c72249ffec9dc8aafd5c82b26240ef3f346?s=96&d=mm&r=g","contentUrl":"https:\/\/secure.gravatar.com\/avatar\/2fcdf27c78ea025fbdb44e914cc63c72249ffec9dc8aafd5c82b26240ef3f346?s=96&d=mm&r=g","caption":"Redazione"},"url":"https:\/\/www.rassegnastampa-totustuus.it\/cattolica\/author\/pietroelle\/"}]}},"_links":{"self":[{"href":"https:\/\/www.rassegnastampa-totustuus.it\/cattolica\/wp-json\/wp\/v2\/posts\/54698","targetHints":{"allow":["GET"]}}],"collection":[{"href":"https:\/\/www.rassegnastampa-totustuus.it\/cattolica\/wp-json\/wp\/v2\/posts"}],"about":[{"href":"https:\/\/www.rassegnastampa-totustuus.it\/cattolica\/wp-json\/wp\/v2\/types\/post"}],"author":[{"embeddable":true,"href":"https:\/\/www.rassegnastampa-totustuus.it\/cattolica\/wp-json\/wp\/v2\/users\/6"}],"replies":[{"embeddable":true,"href":"https:\/\/www.rassegnastampa-totustuus.it\/cattolica\/wp-json\/wp\/v2\/comments?post=54698"}],"version-history":[{"count":2,"href":"https:\/\/www.rassegnastampa-totustuus.it\/cattolica\/wp-json\/wp\/v2\/posts\/54698\/revisions"}],"predecessor-version":[{"id":59802,"href":"https:\/\/www.rassegnastampa-totustuus.it\/cattolica\/wp-json\/wp\/v2\/posts\/54698\/revisions\/59802"}],"wp:featuredmedia":[{"embeddable":true,"href":"https:\/\/www.rassegnastampa-totustuus.it\/cattolica\/wp-json\/wp\/v2\/media\/47023"}],"wp:attachment":[{"href":"https:\/\/www.rassegnastampa-totustuus.it\/cattolica\/wp-json\/wp\/v2\/media?parent=54698"}],"wp:term":[{"taxonomy":"category","embeddable":true,"href":"https:\/\/www.rassegnastampa-totustuus.it\/cattolica\/wp-json\/wp\/v2\/categories?post=54698"},{"taxonomy":"post_tag","embeddable":true,"href":"https:\/\/www.rassegnastampa-totustuus.it\/cattolica\/wp-json\/wp\/v2\/tags?post=54698"}],"curies":[{"name":"wp","href":"https:\/\/api.w.org\/{rel}","templated":true}]}}