{"id":54658,"date":"2022-09-08T00:00:26","date_gmt":"2022-09-07T22:00:26","guid":{"rendered":"http:\/\/www.rassegnastampa-totustuus.it\/cattolica\/?p=54658"},"modified":"2024-03-14T17:15:04","modified_gmt":"2024-03-14T16:15:04","slug":"gorbachev-non-un-democratico-ma-lultimo-dittatore-sovietico","status":"publish","type":"post","link":"https:\/\/www.rassegnastampa-totustuus.it\/cattolica\/gorbachev-non-un-democratico-ma-lultimo-dittatore-sovietico\/","title":{"rendered":"Gorbachev: non un democratico ma l\u2019ultimo dittatore sovietico"},"content":{"rendered":"<p style=\"text-align: center;\"><span style=\"color: #000000;\"><strong><img loading=\"lazy\" decoding=\"async\" class=\"size-full wp-image-54659 alignright\" src=\"https:\/\/www.rassegnastampa-totustuus.it\/cattolica\/wp-content\/uploads\/2022\/09\/Mikhail_Gorbaciov_Urss.jpg\" alt=\"\" width=\"275\" height=\"183\" \/><span style=\"color: #0000ff;\"><a style=\"color: #0000ff;\" href=\"https:\/\/www.nicolaporro.it\/atlanticoquotidiano\/\" target=\"_blank\" rel=\"noopener\">Atlantico<\/a> <\/span><\/strong>31 Agosto 2022<\/span><\/p>\n<p style=\"text-align: justify;\"><span style=\"color: #000000;\"><em>Non pose fine alla Guerra Fredda, la perse. Il suo programma non era la libert\u00e0 dei popoli dell\u2019Est, ma salvare il comunismo. Involontariamente ne dimostr\u00f2 la irriformabilit\u00e0<\/em><\/span><\/p>\n<p style=\"text-align: center;\"><span style=\"color: #000000;\">di <strong>Enzo Reale<\/strong><\/span><\/p>\n<p><!--more--><\/p>\n<p style=\"text-align: justify;\"><span style=\"color: #000000;\"><img loading=\"lazy\" decoding=\"async\" class=\"size-medium wp-image-42898 alignleft\" src=\"https:\/\/www.rassegnastampa-totustuus.it\/cattolica\/wp-content\/uploads\/2019\/04\/Urss_Gorbaciov-300x168.jpg\" alt=\"\" width=\"300\" height=\"168\" \/>Premetto che ignorer\u00f2 volutamente i coccodrilli della stampa italiana sulla vita e opere dell\u2019ultimo segretario del PCUS, <strong>Michail Gorbachev<\/strong>, morto marted\u00ec sera all\u2019et\u00e0 di 91 anni.\u00a0<\/span><\/p>\n<p style=\"text-align: justify;\"><span style=\"color: #000000;\"> Per non dire dei comunicati agiografici dei politici o della diplomazia internazionale, che ricordano il \u201c<em>padre della perestroika<\/em>\u201d secondo la <strong>vulgata preconfezionata<\/strong> che l\u2019Occidente ha comprato, impacchettato e diffuso in questi decenni. Cos\u00ec come le celebrazioni dei vetero-comunisti che si rallegrano della dipartita del \u201c<em>becchino dell\u2019URSS<\/em>\u201d.<\/span><\/p>\n<h4 style=\"text-align: center;\"><span style=\"color: #000000;\"><strong>Il paradosso di Gorbachev<\/strong><\/span><\/h4>\n<p style=\"text-align: justify;\"><span style=\"color: #000000;\">La vicenda politica di Gorbachev \u00e8 prigioniera di un paradosso che <strong>ne stravolge completamente il senso storico<\/strong>: osannato da una parte come un cavaliere alato che libera l\u2019Europa dal giogo comunista, disprezzato dall\u2019altra come un traditore che consegna l\u2019esperienza sovietica alle grinfie del nemico capitalista. Non \u00e8 stato n\u00e9 l\u2019uno n\u00e9 l\u2019altro.<\/span><\/p>\n<p style=\"text-align: justify;\"><span style=\"color: #000000;\"><a style=\"color: #000000;\" href=\"https:\/\/www.amazon.com\/septi%C3%83%C2%A8me-secretaire-Heller-M\/dp\/2855656184\" target=\"_blank\" rel=\"noreferrer noopener\"><img loading=\"lazy\" decoding=\"async\" class=\"size-medium wp-image-47023 alignright\" src=\"https:\/\/www.rassegnastampa-totustuus.it\/cattolica\/wp-content\/uploads\/2020\/04\/Urss_comunismo-300x200.jpeg\" alt=\"\" width=\"300\" height=\"200\" srcset=\"https:\/\/www.rassegnastampa-totustuus.it\/cattolica\/wp-content\/uploads\/2020\/04\/Urss_comunismo-300x200.jpeg 300w, https:\/\/www.rassegnastampa-totustuus.it\/cattolica\/wp-content\/uploads\/2020\/04\/Urss_comunismo-768x512.jpeg 768w, https:\/\/www.rassegnastampa-totustuus.it\/cattolica\/wp-content\/uploads\/2020\/04\/Urss_comunismo-1024x682.jpeg 1024w, https:\/\/www.rassegnastampa-totustuus.it\/cattolica\/wp-content\/uploads\/2020\/04\/Urss_comunismo.jpeg 1697w\" sizes=\"auto, (max-width: 300px) 100vw, 300px\" \/>Il settimo segretario<\/a> andrebbe semplicemente ricordato, a modesto parere di chi scrive, come l\u2019uomo che pensava di salvare il comunismo da se stesso, il meno impresentabile dei successori di Lenin, la cui eredit\u00e0 affermava esplicitamente di voler recuperare, <strong>non un democratico ma l\u2019ultimo dei dittatori<\/strong>. E, soprattutto, il grande sconfitto della Guerra Fredda.<\/span><\/p>\n<h4 style=\"text-align: center;\"><span style=\"color: #000000;\"> <strong>Un caso di eterogenesi dei fini<\/strong><\/span><\/h4>\n<p style=\"text-align: justify;\"><span style=\"color: #000000;\">Pi\u00f9 che aggettivi, conviene utilizzare due avverbi per descriverne personalit\u00e0 e azione: <em>involontariamente<\/em> e <em>inconsapevolmente<\/em>. Un <em>eroe<\/em> o un <em>villano<\/em> suo malgrado, uno statista che \u2013 spostando alcuni mattoncini di un kafkiano castello di sabbia \u2013 se l\u2019\u00e8 visto cadere addosso, la rappresentazione plastica del concetto di <em>eterogenesi dei fini<\/em>.<\/span><\/p>\n<p style=\"text-align: justify;\"><span style=\"color: #000000;\"> <img loading=\"lazy\" decoding=\"async\" class=\"size-full wp-image-45086 alignleft\" src=\"https:\/\/www.rassegnastampa-totustuus.it\/cattolica\/wp-content\/uploads\/2019\/11\/Urss_manicomi.jpg\" alt=\"\" width=\"242\" height=\"208\" \/>Il programma di Gorbachev <strong>non era affatto la libert\u00e0<\/strong> per i popoli del socialismo reale, che se la sono presa da soli quando hanno visto che il re era nudo, n\u00e9 tantomeno per le genti del <em>moloch<\/em> sovietico, ma piuttosto salvare a tutti i costi l\u2019URSS e il comunismo da una morte certa. <\/span><\/p>\n<p style=\"text-align: justify;\"><span style=\"color: #000000;\">Nel suo tentativo di cambiare tutto affinch\u00e9 nulla cambiasse, non si intravede la lungimiranza di chi riconosce i risultati disastrosi di un esperimento sbagliato ma <strong>l\u2019ostinazione conservatrice<\/strong> di salvare la decrepita carcassa del marxismo-leninismo, adattandola a una realt\u00e0 immaginaria che sarebbe stata spazzata via al primo contatto con quella tangibile.<\/span><\/p>\n<p style=\"text-align: justify;\"><span style=\"color: #000000;\"> Con la <em>perestroika<\/em> e la <em>glasnost<\/em>, due concetti che hanno assunto vita propria nel corso degli anni, Gorbachev ha <em>involontariamente<\/em> attivato il meccanismo di <strong>demolizione controllata del comunismo<\/strong> in Europa Orientale e <em>inconsapevolmente<\/em> provocato la dissoluzione dell\u2019Unione Sovietica. Un fallimento politico dall\u2019esito felice per chiunque consideri il totalitarismo come il male assoluto.<\/span><\/p>\n<h4 style=\"text-align: center;\"><span style=\"color: #000000;\"><strong>Interlocutore affidabile<\/strong><\/span><\/h4>\n<p style=\"text-align: justify;\"><span style=\"color: #000000;\"><img loading=\"lazy\" decoding=\"async\" class=\"size-medium wp-image-44822 alignright\" src=\"https:\/\/www.rassegnastampa-totustuus.it\/cattolica\/wp-content\/uploads\/2019\/10\/Muro_Berlino-300x148.jpg\" alt=\"\" width=\"300\" height=\"148\" srcset=\"https:\/\/www.rassegnastampa-totustuus.it\/cattolica\/wp-content\/uploads\/2019\/10\/Muro_Berlino-300x148.jpg 300w, https:\/\/www.rassegnastampa-totustuus.it\/cattolica\/wp-content\/uploads\/2019\/10\/Muro_Berlino-768x378.jpg 768w, https:\/\/www.rassegnastampa-totustuus.it\/cattolica\/wp-content\/uploads\/2019\/10\/Muro_Berlino-1024x503.jpg 1024w, https:\/\/www.rassegnastampa-totustuus.it\/cattolica\/wp-content\/uploads\/2019\/10\/Muro_Berlino.jpg 1440w\" sizes=\"auto, (max-width: 300px) 100vw, 300px\" \/>Non \u00e8 mia intenzione ripercorrere qui le tappe del mandato gorbacheviano, soprattutto in politica estera. Sulla sua biografia troverete in questi giorni decine di <a style=\"color: #000000;\" href=\"https:\/\/www.repubblica.it\/esteri\/2022\/08\/30\/news\/morto_mikhail_gorbaciov-363552097\/?ref=RHTP-BH-I363554004-P2-S1-T1\" target=\"_blank\" rel=\"noreferrer noopener\">articoli<\/a>, quasi <a style=\"color: #000000;\" href=\"https:\/\/edition.cnn.com\/2022\/08\/30\/europe\/mikhail-gorbachev-dies-intl\/index.html\" target=\"_blank\" rel=\"noreferrer noopener\">tutti uguali<\/a>. <\/span><\/p>\n<p style=\"text-align: justify;\"><span style=\"color: #000000;\">Sarebbe assurdo peraltro negare una certa soluzione di continuit\u00e0 rispetto ai suoi predecessori nella gestione delle dinamiche pi\u00f9 critiche della <strong>Guerra Fredda<\/strong>, a partire dagli accordi sulla riduzione delle testate nucleari firmati con il presidente Reagan.<\/span><\/p>\n<p style=\"text-align: justify;\"><span style=\"color: #000000;\"><img loading=\"lazy\" decoding=\"async\" class=\"size-full wp-image-54660 alignleft\" src=\"https:\/\/www.rassegnastampa-totustuus.it\/cattolica\/wp-content\/uploads\/2022\/09\/Muro_Berlino.jpg\" alt=\"\" width=\"259\" height=\"195\" \/>Gorbachev lesse correttamente lo spirito del tempo e l\u2019opportunit\u00e0 di una <strong>distensione effettiva<\/strong> con l\u2019Occidente democratico e capitalista. <\/span><\/p>\n<p style=\"text-align: justify;\"><span style=\"color: #000000;\">Al di l\u00e0 della retorica della \u201c<a style=\"color: #000000;\" href=\"https:\/\/www.cvce.eu\/content\/publication\/2002\/9\/20\/4c021687-98f9-4727-9e8b-836e0bc1f6fb\/publishable_en.pdf\" target=\"_blank\" rel=\"noreferrer noopener\"><em>casa comune europea<\/em><\/a>\u201d, un concetto da pubbliche relazioni purtroppo carente di significato politico concreto, va riconosciuto all\u2019ultimo segretario del PCUS il tentativo di proporsi come un interlocutore affidabile, dopo decenni di conflitto ideologico tra due schieramenti ideologicamente contrapposti.<\/span><\/p>\n<p style=\"text-align: justify;\"><span style=\"color: #000000;\">Ma l\u2019insanabile contraddizione di questa prospettiva, che la maggior parte delle analisi <em>pre e post-mortem <\/em>tende sospettosamente a tacere, \u00e8 che non si trattava in nessun caso di un confronto tra blocchi equiparabili: da una parte si trovava un sistema imperfetto ma generalmente rispettoso della dignit\u00e0 umana, dall\u2019altra uno che ambiva alla perfezione dell\u2019uomo nuovo facendo <strong>scempio da decenni<\/strong> delle pi\u00f9 elementari norme di civilt\u00e0 e diritto.<\/span><\/p>\n<h4 style=\"text-align: center;\"><span style=\"color: #000000;\"><strong>Una contraddizione insanabile<\/strong><\/span><\/h4>\n<p style=\"text-align: justify;\"><span style=\"color: #000000;\"><img loading=\"lazy\" decoding=\"async\" class=\"size-medium wp-image-44524 alignright\" src=\"https:\/\/www.rassegnastampa-totustuus.it\/cattolica\/wp-content\/uploads\/2019\/10\/Urss_kgb-300x169.jpg\" alt=\"\" width=\"300\" height=\"169\" srcset=\"https:\/\/www.rassegnastampa-totustuus.it\/cattolica\/wp-content\/uploads\/2019\/10\/Urss_kgb-300x169.jpg 300w, https:\/\/www.rassegnastampa-totustuus.it\/cattolica\/wp-content\/uploads\/2019\/10\/Urss_kgb-768x432.jpg 768w, https:\/\/www.rassegnastampa-totustuus.it\/cattolica\/wp-content\/uploads\/2019\/10\/Urss_kgb-1024x576.jpg 1024w, https:\/\/www.rassegnastampa-totustuus.it\/cattolica\/wp-content\/uploads\/2019\/10\/Urss_kgb.jpg 1920w\" sizes=\"auto, (max-width: 300px) 100vw, 300px\" \/>Gorbachev cerc\u00f2 probabilmente di colmare almeno in parte questo <em>gap<\/em>, che ancora oggi risulta decisivo nell\u2019ambito delle relazioni internazionali, nonostante il parere contrario del fondamentalismo <em>realista<\/em>. <\/span><\/p>\n<p style=\"text-align: justify;\"><span style=\"color: #000000;\">Ma rimase <strong>a met\u00e0 del guado<\/strong>, volendo <strong>salvare l\u2019insalvabile<\/strong> ed esponendosi cos\u00ec alle critiche sia della <em>nomenklatura<\/em>, che vedeva traballare i suoi privilegi, sia dei veri riformatori che gli imputavano l\u2019eccessiva lentezza delle sbandierate riforme economiche e politiche.<\/span><\/p>\n<p style=\"text-align: justify;\"><span style=\"color: #000000;\">Da qui discende il secondo insuperabile paradosso della sua traiettoria: l\u2019azione del <em>grande riformatore<\/em> sar\u00e0 ricordata per aver dimostrato al di l\u00e0 di ogni ragionevole dubbio <strong>l\u2019irriformabilit\u00e0 del comunismo<\/strong>.<\/span><\/p>\n<h4 style=\"text-align: center;\"><span style=\"color: #000000;\"><strong>La continuit\u00e0<\/strong><\/span><\/h4>\n<p style=\"text-align: justify;\"><span style=\"color: #000000;\"><img loading=\"lazy\" decoding=\"async\" class=\"size-full wp-image-35778 alignleft\" src=\"https:\/\/www.rassegnastampa-totustuus.it\/cattolica\/wp-content\/uploads\/2005\/07\/comunismo-1.jpg\" alt=\"\" width=\"160\" height=\"240\" \/>Scrive Michel Heller nella sua biografia politica di Gorbachev che \u201c<em>la storia dei sette segretari (del PCUS) indica che la loro preoccupazione essenziale era la conquista del potere<\/em>\u201d e che avevano sempre giustificato la \u201c<em>volont\u00e0 di potere<\/em>\u201d con la \u201c<em>necessit\u00e0 di disporre di uno strumento che permettesse la realizzazione di riforme<\/em>\u201d.<\/span><\/p>\n<p style=\"text-align: justify;\"><span style=\"color: #000000;\">\u00c8 chiaro che non si tratta di comparare la tragedia della collettivizzazione staliniana con la <em>perestroika<\/em> ma di comprendere la <strong>linea di continuit\u00e0<\/strong> che unisce il primo dittatore totalitario della storia europea (Lenin) con l\u2019ultimo dittatore <em>riformista<\/em> dell\u2019Unione Sovietica. Una continuit\u00e0, vale la pena ribadirlo, rivendicata a pi\u00f9 riprese dallo stesso Gorbachev. <\/span><\/p>\n<p style=\"text-align: justify;\"><span style=\"color: #000000;\"><img loading=\"lazy\" decoding=\"async\" class=\" wp-image-45094 alignright\" src=\"https:\/\/www.rassegnastampa-totustuus.it\/cattolica\/wp-content\/uploads\/2019\/11\/Michail_Gorbaciov.jpg\" alt=\"\" width=\"168\" height=\"252\" \/>\u201c<em>Assistiamo<\/em>\u201d, continua Heller, \u201c<em>all\u2019elaborazione di una struttura finita: il potere \u00e8 necessario per la realizzazione delle riforme, le riforme sono indispensabili per la realizzazione del potere<\/em>\u201d. Il sistema sovietico si \u00e8 perpetuato per 74 anni attraverso questo meccanismo endogeno, <strong>una sorta di rivoluzione permanente chiusa su se stessa<\/strong>, strumentale al consolidamento di un potere assoluto che nessuno avrebbe dovuto sfidare.<\/span><\/p>\n<p style=\"text-align: justify;\"><span style=\"color: #000000;\">Gorbachev, l\u2019ultimo dei dittatori sovietici, <strong>non fa eccezione<\/strong>. Il cadavere agonizzante dell\u2019URSS andava tenuto in vita a tutti i costi, e con esso il <em>gorbachevismo<\/em>. Anche <strong>con le cattive<\/strong>, se necessario. Come <a style=\"color: #000000;\" href=\"https:\/\/www.theguardian.com\/world\/1991\/jan\/21\/eu.politics\" target=\"_blank\" rel=\"noreferrer noopener\">a Riga<\/a> e <a style=\"color: #000000;\" href=\"https:\/\/www.dw.com\/en\/lithuania-marks-30-years-since-deadly-1991-soviet-assault\/a-56211227\" target=\"_blank\" rel=\"noreferrer noopener\">a Vilnius<\/a>, nel gennaio 1991, <a style=\"color: #000000;\" href=\"https:\/\/www.washingtonpost.com\/opinions\/2019\/04\/09\/remembering-soviet-massacre-georgia-years-ago-today\/\" target=\"_blank\" rel=\"noreferrer noopener\">a Tbilisi<\/a>, due anni prima, <a style=\"color: #000000;\" href=\"https:\/\/www.eupoliticalreport.eu\/azerbaijanis-mark-black-january-tragedy\/#:~:text=On%20January%2020%2C%201990%2C%20under,movement%20of%20the%20Azerbaijani%20people.\" target=\"_blank\" rel=\"noreferrer noopener\">a Baku<\/a>, nel 1990, <a style=\"color: #000000;\" href=\"https:\/\/www.codastory.com\/rewriting-history\/protests-kazakhstan-2022-1986\/\" target=\"_blank\" rel=\"noreferrer noopener\">ad Almaty<\/a>, nel 1986.<\/span><\/p>\n<p style=\"text-align: justify;\"><span style=\"color: #000000;\"><img loading=\"lazy\" decoding=\"async\" class=\"size-full wp-image-22348 alignleft\" src=\"https:\/\/www.rassegnastampa-totustuus.it\/cattolica\/wp-content\/uploads\/2011\/03\/Chernobil.jpg\" alt=\"\" width=\"274\" height=\"184\" \/>Se non ne avevate sentito parlare, non sorprendetevi, <strong>non rientrano nella narrazione <\/strong><em><strong>mainstream<\/strong><\/em> sul campione di democrazia, sul Nobel per la Pace e sull\u2019artefice della fine della Guerra Fredda. Cos\u00ec come non vi rientra <a style=\"color: #000000;\" href=\"https:\/\/www.nbcnews.com\/storyline\/ukraine-crisis\/mikhail-gorbachev-hails-crimea-result-happy-event-n55416\" target=\"_blank\" rel=\"noreferrer noopener\">l\u2019appoggio convinto<\/a> che un Gorbachev gi\u00e0 senile diede all\u2019annessione della Crimea nel 2014, supporto che gli \u00e8 valso <a style=\"color: #000000;\" href=\"https:\/\/www.dw.com\/en\/ukraine-bans-gorbachev-for-backing-crimea-takeover\/a-19285336\" target=\"_blank\" rel=\"noreferrer noopener\">il divieto di ingresso<\/a> da parte delle autorit\u00e0 ucraine.<\/span><\/p>\n<p style=\"text-align: justify;\"><span style=\"color: #000000;\">D\u2019altra parte gli ucraini avevano gi\u00e0 sperimentato di prima mano gli effetti della <em>glasnost<\/em> del segretario generale, quando sull\u2019incidente nucleare di Chernobyl era calato per giorni il <strong>silenzio tombale<\/strong> del <em>Politburo<\/em>, con tanto di sfilate del primo maggio nelle zone contaminate dalle radiazioni.<\/span><\/p>\n<h4 style=\"text-align: center;\"><span style=\"color: #000000;\"><strong>L\u2019errore decisivo<\/strong><\/span><\/h4>\n<p style=\"text-align: justify;\"><span style=\"color: #000000;\"><img loading=\"lazy\" decoding=\"async\" class=\"size-full wp-image-33170 alignright\" src=\"https:\/\/www.rassegnastampa-totustuus.it\/cattolica\/wp-content\/uploads\/2005\/07\/caduta_Muro.jpg\" alt=\"\" width=\"279\" height=\"180\" \/>Quando vede che il Paese gli sta sfuggendo di mano, incalzato dai liberali che premono per l\u2019instaurazione di un\u2019economia di mercato senza palliativi, Gorbachev compie <strong>l\u2019errore decisivo<\/strong> del suo mandato. <\/span><\/p>\n<p style=\"text-align: justify;\"><span style=\"color: #000000;\">I politologi l\u2019hanno curiosamente chiamata \u201c<em>svolta a destra<\/em>\u201d, in realt\u00e0 \u00e8 <strong>un riavvicinamento alla sinistra comunista pi\u00f9 ortodossa<\/strong>: negli stessi giorni in cui invia le truppe a reprimere l\u2019indipendentismo dei Paesi Baltici, nomina uno dopo l\u2019altro ai posti di comando gli oltranzisti che pochi mesi dopo tenteranno di esautorarlo nel <em>golpe<\/em> di agosto.<\/span><\/p>\n<p style=\"text-align: justify;\"><span style=\"color: #000000;\">La vecchia guardia torna di fatto al potere, con Pugo agli Interni, Kravchenko alla guida della televisione di Stato, Janaev alla vicepresidenza. Sar\u00e0 <strong>Boris Eltsin<\/strong>, da un mese presidente eletto della Russia, a salvarlo dall\u2019arresto in Crimea e a riportarlo al Cremlino <strong>ormai delegittimato<\/strong> dai costanti tentennamenti, fughe in avanti e penose retromarce.<\/span><\/p>\n<h4 style=\"text-align: center;\"><span style=\"color: #000000;\"> <strong>La fine <\/strong><\/span><\/h4>\n<div id=\"attachment_29655\" style=\"width: 275px\" class=\"wp-caption alignleft\"><img loading=\"lazy\" decoding=\"async\" aria-describedby=\"caption-attachment-29655\" class=\"wp-image-29655 size-full\" src=\"https:\/\/www.rassegnastampa-totustuus.it\/cattolica\/wp-content\/uploads\/2009\/03\/Boris-Eltsin.jpg\" alt=\"\" width=\"275\" height=\"183\" \/><p id=\"caption-attachment-29655\" class=\"wp-caption-text\">Boris Eltsin<\/p><\/div>\n<p style=\"text-align: justify;\"><span style=\"color: #000000;\">Mentre le repubbliche sovietiche si preparano a dichiarare la loro autonomia da Mosca, il 23 agosto Gorbachev si presenta davanti al Soviet Supremo russo in un atto di gratitudine e contrizione allo stesso tempo. Non ha capito per\u00f2 che <strong>il suo tempo \u00e8 finito<\/strong>, e con lui quello dell\u2019URSS.<\/span><\/p>\n<p style=\"text-align: justify;\"><span style=\"color: #000000;\">Eltsin interrompe il suo discorso chiedendogli di leggere i nomi dei golpisti, uno ad uno, per poi costringerlo di fatto ad accettare la sospensione delle attivit\u00e0 del Partito Comunista russo. \u00c8 <strong>una scena drammatica<\/strong> per un leader ormai superato dagli eventi, trasmessa in mondovisione. <\/span><\/p>\n<p style=\"text-align: justify;\"><span style=\"color: #000000;\">Da quel momento \u00e8 un susseguirsi di reazioni a catena, fino alla firma del trattato di Belavezha che a dicembre decreta la <strong>fine ingloriosa del primo Stato comunista<\/strong> della storia.<\/span><\/p>\n<p style=\"text-align: justify;\"><span style=\"color: #000000;\"><img loading=\"lazy\" decoding=\"async\" class=\" wp-image-54661 alignright\" src=\"https:\/\/www.rassegnastampa-totustuus.it\/cattolica\/wp-content\/uploads\/2022\/09\/Russia_Eltsin_Putin.jpg\" alt=\"\" width=\"320\" height=\"197\" \/>Il resto \u00e8 cronaca. I primi anni di Eltsin, unica vera parentesi democratica nella millenaria tragedia russa, la crisi economica e sociale degli anni della transizione, il passaggio di consegne ad un ex funzionario del KGB per cui il crollo di quell\u2019<strong>immensa prigione di genti chiamata Unione Sovietica<\/strong> rappresenta ancora oggi \u201c<em>la pi\u00f9 grande catastrofe geopolitica del XX secolo<\/em>\u201d.<\/span><\/p>\n<p style=\"text-align: justify;\"><span style=\"color: #000000;\">Per capire la Russia putiniana, che molti si accontentano di definire semplicemente <em>fascista<\/em>, non si pu\u00f2 non partire dal treno di Lenin finanziato dai tedeschi e da l\u00ec ripercorrere le tappe della sua successione al vertice del Cremlino, dalla prima all\u2019ultima. <em>RIP<\/em>, Mr. Gorbachev.<\/span><\/p>\n<p>________________________________________________<\/p>\n<p><span style=\"color: #000000;\"><strong>Leggi anche:<\/strong><\/span><\/p>\n<p><a href=\"https:\/\/www.rassegnastampa-totustuus.it\/cattolica\/i-funerali-di-gorbacev-e-la-russia-incompiuta\/\" target=\"_blank\" rel=\"noopener\"><span style=\"color: #0000ff;\">I funerali di Gorba\u010dev e la Russia incompiuta<\/span><\/a><\/p>\n","protected":false},"excerpt":{"rendered":"<p>Atlantico 31 Agosto 2022 Non pose fine alla Guerra Fredda, la perse. Il suo programma non era la libert\u00e0 dei popoli dell\u2019Est, ma salvare il comunismo. Involontariamente ne dimostr\u00f2 la irriformabilit\u00e0 di Enzo Reale<\/p><p><a class=\"more-link btn\" href=\"https:\/\/www.rassegnastampa-totustuus.it\/cattolica\/gorbachev-non-un-democratico-ma-lultimo-dittatore-sovietico\/\">Continua a leggere<\/a><\/p>\n","protected":false},"author":6,"featured_media":47023,"comment_status":"closed","ping_status":"closed","sticky":false,"template":"","format":"standard","meta":{"footnotes":""},"categories":[18,84],"tags":[2923,283,175],"class_list":["post-54658","post","type-post","status-publish","format-standard","has-post-thumbnail","hentry","category-personaggi","category-urss","tag-mikail-gorbaciov","tag-personaggi-2","tag-urss-2","item-wrap"],"yoast_head":"<!-- This site is optimized with the Yoast SEO plugin v27.5 - https:\/\/yoast.com\/product\/yoast-seo-wordpress\/ -->\n<title>Gorbachev: non un democratico ma l\u2019ultimo dittatore sovietico - Rassegna Stampa Cattolica<\/title>\n<meta name=\"description\" content=\"Gorbachev: non un democratico ma l\u2019ultimo dittatore sovietico il cui programma non era liberare i popoli dell&#039;Est ma salvare il comunismo\" \/>\n<meta name=\"robots\" content=\"index, follow, max-snippet:-1, max-image-preview:large, max-video-preview:-1\" \/>\n<link rel=\"canonical\" href=\"https:\/\/www.rassegnastampa-totustuus.it\/cattolica\/gorbachev-non-un-democratico-ma-lultimo-dittatore-sovietico\/\" \/>\n<meta property=\"og:locale\" content=\"it_IT\" \/>\n<meta property=\"og:type\" content=\"article\" \/>\n<meta property=\"og:title\" content=\"Gorbachev: non un democratico ma l\u2019ultimo dittatore sovietico - Rassegna Stampa Cattolica\" \/>\n<meta property=\"og:description\" content=\"Gorbachev: non un democratico ma l\u2019ultimo dittatore sovietico il cui programma non era liberare i popoli dell&#039;Est ma salvare il comunismo\" \/>\n<meta property=\"og:url\" content=\"https:\/\/www.rassegnastampa-totustuus.it\/cattolica\/gorbachev-non-un-democratico-ma-lultimo-dittatore-sovietico\/\" \/>\n<meta property=\"og:site_name\" content=\"Rassegna Stampa Cattolica\" \/>\n<meta property=\"article:publisher\" content=\"https:\/\/www.facebook.com\/rassegnastampacattolica\" \/>\n<meta property=\"article:published_time\" content=\"2022-09-07T22:00:26+00:00\" \/>\n<meta property=\"article:modified_time\" content=\"2024-03-14T16:15:04+00:00\" \/>\n<meta property=\"og:image\" content=\"https:\/\/www.rassegnastampa-totustuus.it\/cattolica\/wp-content\/uploads\/2020\/04\/Urss_comunismo.jpeg\" \/>\n\t<meta property=\"og:image:width\" content=\"1697\" \/>\n\t<meta property=\"og:image:height\" content=\"1131\" \/>\n\t<meta property=\"og:image:type\" content=\"image\/jpeg\" \/>\n<meta name=\"author\" content=\"Redazione\" \/>\n<meta name=\"twitter:card\" content=\"summary_large_image\" \/>\n<meta name=\"twitter:creator\" content=\"@rassegnastampa9\" \/>\n<meta name=\"twitter:site\" content=\"@rassegnastampa9\" \/>\n<meta name=\"twitter:label1\" content=\"Scritto da\" \/>\n\t<meta name=\"twitter:data1\" content=\"Redazione\" \/>\n\t<meta name=\"twitter:label2\" content=\"Tempo di lettura stimato\" \/>\n\t<meta name=\"twitter:data2\" content=\"11 minuti\" \/>\n<script type=\"application\/ld+json\" class=\"yoast-schema-graph\">{\"@context\":\"https:\\\/\\\/schema.org\",\"@graph\":[{\"@type\":\"Article\",\"@id\":\"https:\\\/\\\/www.rassegnastampa-totustuus.it\\\/cattolica\\\/gorbachev-non-un-democratico-ma-lultimo-dittatore-sovietico\\\/#article\",\"isPartOf\":{\"@id\":\"https:\\\/\\\/www.rassegnastampa-totustuus.it\\\/cattolica\\\/gorbachev-non-un-democratico-ma-lultimo-dittatore-sovietico\\\/\"},\"author\":{\"name\":\"Redazione\",\"@id\":\"https:\\\/\\\/www.rassegnastampa-totustuus.it\\\/cattolica\\\/#\\\/schema\\\/person\\\/08f319d2bd1a0904ad9e2bfb7b15e5c3\"},\"headline\":\"Gorbachev: non un democratico ma l\u2019ultimo dittatore sovietico\",\"datePublished\":\"2022-09-07T22:00:26+00:00\",\"dateModified\":\"2024-03-14T16:15:04+00:00\",\"mainEntityOfPage\":{\"@id\":\"https:\\\/\\\/www.rassegnastampa-totustuus.it\\\/cattolica\\\/gorbachev-non-un-democratico-ma-lultimo-dittatore-sovietico\\\/\"},\"wordCount\":1458,\"publisher\":{\"@id\":\"https:\\\/\\\/www.rassegnastampa-totustuus.it\\\/cattolica\\\/#organization\"},\"image\":{\"@id\":\"https:\\\/\\\/www.rassegnastampa-totustuus.it\\\/cattolica\\\/gorbachev-non-un-democratico-ma-lultimo-dittatore-sovietico\\\/#primaryimage\"},\"thumbnailUrl\":\"https:\\\/\\\/www.rassegnastampa-totustuus.it\\\/cattolica\\\/wp-content\\\/uploads\\\/2020\\\/04\\\/Urss_comunismo.jpeg\",\"keywords\":[\"Mikail Gorbaciov\",\"personaggi\",\"Urss\"],\"articleSection\":[\"Personaggi\",\"URSS\"],\"inLanguage\":\"it-IT\"},{\"@type\":\"WebPage\",\"@id\":\"https:\\\/\\\/www.rassegnastampa-totustuus.it\\\/cattolica\\\/gorbachev-non-un-democratico-ma-lultimo-dittatore-sovietico\\\/\",\"url\":\"https:\\\/\\\/www.rassegnastampa-totustuus.it\\\/cattolica\\\/gorbachev-non-un-democratico-ma-lultimo-dittatore-sovietico\\\/\",\"name\":\"Gorbachev: non un democratico ma l\u2019ultimo dittatore sovietico - Rassegna Stampa Cattolica\",\"isPartOf\":{\"@id\":\"https:\\\/\\\/www.rassegnastampa-totustuus.it\\\/cattolica\\\/#website\"},\"primaryImageOfPage\":{\"@id\":\"https:\\\/\\\/www.rassegnastampa-totustuus.it\\\/cattolica\\\/gorbachev-non-un-democratico-ma-lultimo-dittatore-sovietico\\\/#primaryimage\"},\"image\":{\"@id\":\"https:\\\/\\\/www.rassegnastampa-totustuus.it\\\/cattolica\\\/gorbachev-non-un-democratico-ma-lultimo-dittatore-sovietico\\\/#primaryimage\"},\"thumbnailUrl\":\"https:\\\/\\\/www.rassegnastampa-totustuus.it\\\/cattolica\\\/wp-content\\\/uploads\\\/2020\\\/04\\\/Urss_comunismo.jpeg\",\"datePublished\":\"2022-09-07T22:00:26+00:00\",\"dateModified\":\"2024-03-14T16:15:04+00:00\",\"description\":\"Gorbachev: non un democratico ma l\u2019ultimo dittatore sovietico il cui programma non era liberare i popoli dell'Est ma salvare il comunismo\",\"breadcrumb\":{\"@id\":\"https:\\\/\\\/www.rassegnastampa-totustuus.it\\\/cattolica\\\/gorbachev-non-un-democratico-ma-lultimo-dittatore-sovietico\\\/#breadcrumb\"},\"inLanguage\":\"it-IT\",\"potentialAction\":[{\"@type\":\"ReadAction\",\"target\":[\"https:\\\/\\\/www.rassegnastampa-totustuus.it\\\/cattolica\\\/gorbachev-non-un-democratico-ma-lultimo-dittatore-sovietico\\\/\"]}]},{\"@type\":\"ImageObject\",\"inLanguage\":\"it-IT\",\"@id\":\"https:\\\/\\\/www.rassegnastampa-totustuus.it\\\/cattolica\\\/gorbachev-non-un-democratico-ma-lultimo-dittatore-sovietico\\\/#primaryimage\",\"url\":\"https:\\\/\\\/www.rassegnastampa-totustuus.it\\\/cattolica\\\/wp-content\\\/uploads\\\/2020\\\/04\\\/Urss_comunismo.jpeg\",\"contentUrl\":\"https:\\\/\\\/www.rassegnastampa-totustuus.it\\\/cattolica\\\/wp-content\\\/uploads\\\/2020\\\/04\\\/Urss_comunismo.jpeg\",\"width\":1697,\"height\":1131},{\"@type\":\"BreadcrumbList\",\"@id\":\"https:\\\/\\\/www.rassegnastampa-totustuus.it\\\/cattolica\\\/gorbachev-non-un-democratico-ma-lultimo-dittatore-sovietico\\\/#breadcrumb\",\"itemListElement\":[{\"@type\":\"ListItem\",\"position\":1,\"name\":\"Home\",\"item\":\"https:\\\/\\\/www.rassegnastampa-totustuus.it\\\/cattolica\\\/\"},{\"@type\":\"ListItem\",\"position\":2,\"name\":\"Gorbachev: non un democratico ma l\u2019ultimo dittatore sovietico\"}]},{\"@type\":\"WebSite\",\"@id\":\"https:\\\/\\\/www.rassegnastampa-totustuus.it\\\/cattolica\\\/#website\",\"url\":\"https:\\\/\\\/www.rassegnastampa-totustuus.it\\\/cattolica\\\/\",\"name\":\"Rassegna Stampa Cattolica\",\"description\":\"Per una cultura che nasce dalla Rivelazione cristiana in conformit\u00e0 alla tradizione e al Magistero della Chiesa in opposizione ad ogni relativismo e totalitarismo\",\"publisher\":{\"@id\":\"https:\\\/\\\/www.rassegnastampa-totustuus.it\\\/cattolica\\\/#organization\"},\"alternateName\":\"Rass. Cattolica\",\"potentialAction\":[{\"@type\":\"SearchAction\",\"target\":{\"@type\":\"EntryPoint\",\"urlTemplate\":\"https:\\\/\\\/www.rassegnastampa-totustuus.it\\\/cattolica\\\/?s={search_term_string}\"},\"query-input\":{\"@type\":\"PropertyValueSpecification\",\"valueRequired\":true,\"valueName\":\"search_term_string\"}}],\"inLanguage\":\"it-IT\"},{\"@type\":\"Organization\",\"@id\":\"https:\\\/\\\/www.rassegnastampa-totustuus.it\\\/cattolica\\\/#organization\",\"name\":\"Rassegna Stampa Cattolica\",\"url\":\"https:\\\/\\\/www.rassegnastampa-totustuus.it\\\/cattolica\\\/\",\"logo\":{\"@type\":\"ImageObject\",\"inLanguage\":\"it-IT\",\"@id\":\"https:\\\/\\\/www.rassegnastampa-totustuus.it\\\/cattolica\\\/#\\\/schema\\\/logo\\\/image\\\/\",\"url\":\"https:\\\/\\\/www.rassegnastampa-totustuus.it\\\/cattolica\\\/wp-content\\\/uploads\\\/2014\\\/04\\\/logo-rassegna1.gif\",\"contentUrl\":\"https:\\\/\\\/www.rassegnastampa-totustuus.it\\\/cattolica\\\/wp-content\\\/uploads\\\/2014\\\/04\\\/logo-rassegna1.gif\",\"width\":600,\"height\":163,\"caption\":\"Rassegna Stampa Cattolica\"},\"image\":{\"@id\":\"https:\\\/\\\/www.rassegnastampa-totustuus.it\\\/cattolica\\\/#\\\/schema\\\/logo\\\/image\\\/\"},\"sameAs\":[\"https:\\\/\\\/www.facebook.com\\\/rassegnastampacattolica\",\"https:\\\/\\\/x.com\\\/rassegnastampa9\"]},{\"@type\":\"Person\",\"@id\":\"https:\\\/\\\/www.rassegnastampa-totustuus.it\\\/cattolica\\\/#\\\/schema\\\/person\\\/08f319d2bd1a0904ad9e2bfb7b15e5c3\",\"name\":\"Redazione\",\"image\":{\"@type\":\"ImageObject\",\"inLanguage\":\"it-IT\",\"@id\":\"https:\\\/\\\/secure.gravatar.com\\\/avatar\\\/2fcdf27c78ea025fbdb44e914cc63c72249ffec9dc8aafd5c82b26240ef3f346?s=96&d=mm&r=g\",\"url\":\"https:\\\/\\\/secure.gravatar.com\\\/avatar\\\/2fcdf27c78ea025fbdb44e914cc63c72249ffec9dc8aafd5c82b26240ef3f346?s=96&d=mm&r=g\",\"contentUrl\":\"https:\\\/\\\/secure.gravatar.com\\\/avatar\\\/2fcdf27c78ea025fbdb44e914cc63c72249ffec9dc8aafd5c82b26240ef3f346?s=96&d=mm&r=g\",\"caption\":\"Redazione\"},\"url\":\"https:\\\/\\\/www.rassegnastampa-totustuus.it\\\/cattolica\\\/author\\\/pietroelle\\\/\"}]}<\/script>\n<!-- \/ Yoast SEO plugin. -->","yoast_head_json":{"title":"Gorbachev: non un democratico ma l\u2019ultimo dittatore sovietico - Rassegna Stampa Cattolica","description":"Gorbachev: non un democratico ma l\u2019ultimo dittatore sovietico il cui programma non era liberare i popoli dell'Est ma salvare il comunismo","robots":{"index":"index","follow":"follow","max-snippet":"max-snippet:-1","max-image-preview":"max-image-preview:large","max-video-preview":"max-video-preview:-1"},"canonical":"https:\/\/www.rassegnastampa-totustuus.it\/cattolica\/gorbachev-non-un-democratico-ma-lultimo-dittatore-sovietico\/","og_locale":"it_IT","og_type":"article","og_title":"Gorbachev: non un democratico ma l\u2019ultimo dittatore sovietico - Rassegna Stampa Cattolica","og_description":"Gorbachev: non un democratico ma l\u2019ultimo dittatore sovietico il cui programma non era liberare i popoli dell'Est ma salvare il comunismo","og_url":"https:\/\/www.rassegnastampa-totustuus.it\/cattolica\/gorbachev-non-un-democratico-ma-lultimo-dittatore-sovietico\/","og_site_name":"Rassegna Stampa Cattolica","article_publisher":"https:\/\/www.facebook.com\/rassegnastampacattolica","article_published_time":"2022-09-07T22:00:26+00:00","article_modified_time":"2024-03-14T16:15:04+00:00","og_image":[{"width":1697,"height":1131,"url":"https:\/\/www.rassegnastampa-totustuus.it\/cattolica\/wp-content\/uploads\/2020\/04\/Urss_comunismo.jpeg","type":"image\/jpeg"}],"author":"Redazione","twitter_card":"summary_large_image","twitter_creator":"@rassegnastampa9","twitter_site":"@rassegnastampa9","twitter_misc":{"Scritto da":"Redazione","Tempo di lettura stimato":"11 minuti"},"schema":{"@context":"https:\/\/schema.org","@graph":[{"@type":"Article","@id":"https:\/\/www.rassegnastampa-totustuus.it\/cattolica\/gorbachev-non-un-democratico-ma-lultimo-dittatore-sovietico\/#article","isPartOf":{"@id":"https:\/\/www.rassegnastampa-totustuus.it\/cattolica\/gorbachev-non-un-democratico-ma-lultimo-dittatore-sovietico\/"},"author":{"name":"Redazione","@id":"https:\/\/www.rassegnastampa-totustuus.it\/cattolica\/#\/schema\/person\/08f319d2bd1a0904ad9e2bfb7b15e5c3"},"headline":"Gorbachev: non un democratico ma l\u2019ultimo dittatore sovietico","datePublished":"2022-09-07T22:00:26+00:00","dateModified":"2024-03-14T16:15:04+00:00","mainEntityOfPage":{"@id":"https:\/\/www.rassegnastampa-totustuus.it\/cattolica\/gorbachev-non-un-democratico-ma-lultimo-dittatore-sovietico\/"},"wordCount":1458,"publisher":{"@id":"https:\/\/www.rassegnastampa-totustuus.it\/cattolica\/#organization"},"image":{"@id":"https:\/\/www.rassegnastampa-totustuus.it\/cattolica\/gorbachev-non-un-democratico-ma-lultimo-dittatore-sovietico\/#primaryimage"},"thumbnailUrl":"https:\/\/www.rassegnastampa-totustuus.it\/cattolica\/wp-content\/uploads\/2020\/04\/Urss_comunismo.jpeg","keywords":["Mikail Gorbaciov","personaggi","Urss"],"articleSection":["Personaggi","URSS"],"inLanguage":"it-IT"},{"@type":"WebPage","@id":"https:\/\/www.rassegnastampa-totustuus.it\/cattolica\/gorbachev-non-un-democratico-ma-lultimo-dittatore-sovietico\/","url":"https:\/\/www.rassegnastampa-totustuus.it\/cattolica\/gorbachev-non-un-democratico-ma-lultimo-dittatore-sovietico\/","name":"Gorbachev: non un democratico ma l\u2019ultimo dittatore sovietico - Rassegna Stampa Cattolica","isPartOf":{"@id":"https:\/\/www.rassegnastampa-totustuus.it\/cattolica\/#website"},"primaryImageOfPage":{"@id":"https:\/\/www.rassegnastampa-totustuus.it\/cattolica\/gorbachev-non-un-democratico-ma-lultimo-dittatore-sovietico\/#primaryimage"},"image":{"@id":"https:\/\/www.rassegnastampa-totustuus.it\/cattolica\/gorbachev-non-un-democratico-ma-lultimo-dittatore-sovietico\/#primaryimage"},"thumbnailUrl":"https:\/\/www.rassegnastampa-totustuus.it\/cattolica\/wp-content\/uploads\/2020\/04\/Urss_comunismo.jpeg","datePublished":"2022-09-07T22:00:26+00:00","dateModified":"2024-03-14T16:15:04+00:00","description":"Gorbachev: non un democratico ma l\u2019ultimo dittatore sovietico il cui programma non era liberare i popoli dell'Est ma salvare il comunismo","breadcrumb":{"@id":"https:\/\/www.rassegnastampa-totustuus.it\/cattolica\/gorbachev-non-un-democratico-ma-lultimo-dittatore-sovietico\/#breadcrumb"},"inLanguage":"it-IT","potentialAction":[{"@type":"ReadAction","target":["https:\/\/www.rassegnastampa-totustuus.it\/cattolica\/gorbachev-non-un-democratico-ma-lultimo-dittatore-sovietico\/"]}]},{"@type":"ImageObject","inLanguage":"it-IT","@id":"https:\/\/www.rassegnastampa-totustuus.it\/cattolica\/gorbachev-non-un-democratico-ma-lultimo-dittatore-sovietico\/#primaryimage","url":"https:\/\/www.rassegnastampa-totustuus.it\/cattolica\/wp-content\/uploads\/2020\/04\/Urss_comunismo.jpeg","contentUrl":"https:\/\/www.rassegnastampa-totustuus.it\/cattolica\/wp-content\/uploads\/2020\/04\/Urss_comunismo.jpeg","width":1697,"height":1131},{"@type":"BreadcrumbList","@id":"https:\/\/www.rassegnastampa-totustuus.it\/cattolica\/gorbachev-non-un-democratico-ma-lultimo-dittatore-sovietico\/#breadcrumb","itemListElement":[{"@type":"ListItem","position":1,"name":"Home","item":"https:\/\/www.rassegnastampa-totustuus.it\/cattolica\/"},{"@type":"ListItem","position":2,"name":"Gorbachev: non un democratico ma l\u2019ultimo dittatore sovietico"}]},{"@type":"WebSite","@id":"https:\/\/www.rassegnastampa-totustuus.it\/cattolica\/#website","url":"https:\/\/www.rassegnastampa-totustuus.it\/cattolica\/","name":"Rassegna Stampa Cattolica","description":"Per una cultura che nasce dalla Rivelazione cristiana in conformit\u00e0 alla tradizione e al Magistero della Chiesa in opposizione ad ogni relativismo e totalitarismo","publisher":{"@id":"https:\/\/www.rassegnastampa-totustuus.it\/cattolica\/#organization"},"alternateName":"Rass. Cattolica","potentialAction":[{"@type":"SearchAction","target":{"@type":"EntryPoint","urlTemplate":"https:\/\/www.rassegnastampa-totustuus.it\/cattolica\/?s={search_term_string}"},"query-input":{"@type":"PropertyValueSpecification","valueRequired":true,"valueName":"search_term_string"}}],"inLanguage":"it-IT"},{"@type":"Organization","@id":"https:\/\/www.rassegnastampa-totustuus.it\/cattolica\/#organization","name":"Rassegna Stampa Cattolica","url":"https:\/\/www.rassegnastampa-totustuus.it\/cattolica\/","logo":{"@type":"ImageObject","inLanguage":"it-IT","@id":"https:\/\/www.rassegnastampa-totustuus.it\/cattolica\/#\/schema\/logo\/image\/","url":"https:\/\/www.rassegnastampa-totustuus.it\/cattolica\/wp-content\/uploads\/2014\/04\/logo-rassegna1.gif","contentUrl":"https:\/\/www.rassegnastampa-totustuus.it\/cattolica\/wp-content\/uploads\/2014\/04\/logo-rassegna1.gif","width":600,"height":163,"caption":"Rassegna Stampa Cattolica"},"image":{"@id":"https:\/\/www.rassegnastampa-totustuus.it\/cattolica\/#\/schema\/logo\/image\/"},"sameAs":["https:\/\/www.facebook.com\/rassegnastampacattolica","https:\/\/x.com\/rassegnastampa9"]},{"@type":"Person","@id":"https:\/\/www.rassegnastampa-totustuus.it\/cattolica\/#\/schema\/person\/08f319d2bd1a0904ad9e2bfb7b15e5c3","name":"Redazione","image":{"@type":"ImageObject","inLanguage":"it-IT","@id":"https:\/\/secure.gravatar.com\/avatar\/2fcdf27c78ea025fbdb44e914cc63c72249ffec9dc8aafd5c82b26240ef3f346?s=96&d=mm&r=g","url":"https:\/\/secure.gravatar.com\/avatar\/2fcdf27c78ea025fbdb44e914cc63c72249ffec9dc8aafd5c82b26240ef3f346?s=96&d=mm&r=g","contentUrl":"https:\/\/secure.gravatar.com\/avatar\/2fcdf27c78ea025fbdb44e914cc63c72249ffec9dc8aafd5c82b26240ef3f346?s=96&d=mm&r=g","caption":"Redazione"},"url":"https:\/\/www.rassegnastampa-totustuus.it\/cattolica\/author\/pietroelle\/"}]}},"_links":{"self":[{"href":"https:\/\/www.rassegnastampa-totustuus.it\/cattolica\/wp-json\/wp\/v2\/posts\/54658","targetHints":{"allow":["GET"]}}],"collection":[{"href":"https:\/\/www.rassegnastampa-totustuus.it\/cattolica\/wp-json\/wp\/v2\/posts"}],"about":[{"href":"https:\/\/www.rassegnastampa-totustuus.it\/cattolica\/wp-json\/wp\/v2\/types\/post"}],"author":[{"embeddable":true,"href":"https:\/\/www.rassegnastampa-totustuus.it\/cattolica\/wp-json\/wp\/v2\/users\/6"}],"replies":[{"embeddable":true,"href":"https:\/\/www.rassegnastampa-totustuus.it\/cattolica\/wp-json\/wp\/v2\/comments?post=54658"}],"version-history":[{"count":3,"href":"https:\/\/www.rassegnastampa-totustuus.it\/cattolica\/wp-json\/wp\/v2\/posts\/54658\/revisions"}],"predecessor-version":[{"id":59850,"href":"https:\/\/www.rassegnastampa-totustuus.it\/cattolica\/wp-json\/wp\/v2\/posts\/54658\/revisions\/59850"}],"wp:featuredmedia":[{"embeddable":true,"href":"https:\/\/www.rassegnastampa-totustuus.it\/cattolica\/wp-json\/wp\/v2\/media\/47023"}],"wp:attachment":[{"href":"https:\/\/www.rassegnastampa-totustuus.it\/cattolica\/wp-json\/wp\/v2\/media?parent=54658"}],"wp:term":[{"taxonomy":"category","embeddable":true,"href":"https:\/\/www.rassegnastampa-totustuus.it\/cattolica\/wp-json\/wp\/v2\/categories?post=54658"},{"taxonomy":"post_tag","embeddable":true,"href":"https:\/\/www.rassegnastampa-totustuus.it\/cattolica\/wp-json\/wp\/v2\/tags?post=54658"}],"curies":[{"name":"wp","href":"https:\/\/api.w.org\/{rel}","templated":true}]}}