{"id":5458,"date":"2013-02-28T00:00:00","date_gmt":"2013-02-27T23:00:00","guid":{"rendered":""},"modified":"2017-02-02T10:58:52","modified_gmt":"2017-02-02T09:58:52","slug":"cannabis-terapeutica-negli-stati-uniti-si-inizia-a-fare-marcia-indietro","status":"publish","type":"post","link":"https:\/\/www.rassegnastampa-totustuus.it\/cattolica\/cannabis-terapeutica-negli-stati-uniti-si-inizia-a-fare-marcia-indietro\/","title":{"rendered":"\u201cCannabis terapeutica\u201d: negli Stati Uniti si inizia a fare marcia indietro"},"content":{"rendered":"<div style=\"text-align: center;\"><strong><a href=\"http:\/\/www.vitanuovatrieste.it\/\" target=\"_blank\">Vita Nuova<\/a><a href=\"http:\/\/www.vitanuovatrieste.it\/\" target=\"_blank\"><img loading=\"lazy\" decoding=\"async\" class=\"alignright wp-image-31648\" src=\"https:\/\/www.rassegnastampa-totustuus.it\/cattolica\/wp-content\/uploads\/2013\/02\/cannabis_medica.jpg\" alt=\"cannabis_medica\" width=\"250\" height=\"170\" \/><\/a>.<\/strong> Settimanale cattolico di Trieste 22 febbraio 2013<\/div>\n<p style=\"text-align: justify;\"><em>Perch\u00e9 non istituire in FVG una Commissione che \u201cverifichi\u201d la legge appena approvata?<\/em><\/p>\n<p style=\"text-align: center;\">di <strong>Giuseppe Brienza<\/strong><\/p>\n<p><!--more--><\/p>\n<div style=\"text-align: justify;\">La recente decisione del Consiglio regionale del Friuli Venezia Giulia di riconoscere le \u201cpropriet\u00e0 terapeutiche\u201d della cannabis garantendone la fornitura, nell\u2019ambito della terapia del dolore, a carico del Servizio Sanitario regionale, merita davvero quell\u2019approfondimento che Stefano Fontana ha richiesto da queste stesse colonne (cfr. <em>La Regione FVG e la cannabis: qualche preoccupazione c\u2019\u00e8<\/em>, 4 febbraio 2013).<\/div>\n<p style=\"text-align: justify;\">Da parte di autorevoli rappresentanti dell\u2019assemblea regionale, infatti, sono giunte rassicurazioni, ad avviso di chi scrive non molto attendibili, circa la limitatezza e non dannosit\u00e0 di tale decisione (in particolare, <em>Vita Nuova<\/em> ha riportato le argomentazioni addotte al riguardo dal Consigliere regionale Franco Dal Mas del <em>Popolo della Libert\u00e0<\/em>). Cercheremo in questo articolo, seppure in modo schematico, di sintetizzare alcune argomentazioni che giustificano le preoccupazioni espresse anche da Fontana riguardo la decisione, addirittura assunta all\u2019unanimit\u00e0, da parte dei consiglieri regionali friulani.<\/p>\n<p style=\"text-align: justify;\">Il movimento per l\u2019utilizzo \u201cterapeutico\u201d della cannabis, seppur fondato su ricerche piuttosto carenti rispetto agli standard scientifici pubblicizzati come innovativi, \u00e8 partito dagli Stati Uniti. Ad oggi, infatti, 16 su 51 degli Stati federali nordamericani, oltre a Canada e Paesi Bassi, ne hanno permesso la vendita come farmaco. In Italia, prima del FVG, diverse Regioni hanno emanato specifiche direttive al riguardo, come la Puglia, la Toscana, il Veneto, la Liguria, l\u2019Emilia Romagna e le Marche.<\/p>\n<p style=\"text-align: justify;\">Cominciamo quindi col dire che, nell\u2019ordinamento italiano, l\u2019utilizzo della cannabis rimane illegale anche perch\u00e9, l\u2019Istituzione nazionale specializzata, l\u2019AIFA, come anche l\u2019Agenzia Europea del farmaco, non hanno mai riconosciuto una valenza medica ai cannabinoidi. Al contrario, \u00e8 certa l\u2019estrema pericolosit\u00e0 di queste sostanze, fra l\u2019altro perch\u00e9 inducono dipendenza.<\/p>\n<p style=\"text-align: justify;\">Non \u00e8 un caso che, in difesa della salute dei cittadini, le leggi regionali del Veneto e della Liguria sono state bloccate e rinviate all\u2019esame della Corte costituzionale per ben cinque diversi profili di sospetta incostituzionalit\u00e0. In particolare, il ricorso per incostituzionalit\u00e0 del Governo al provvedimento della Liguria ha avuto tra i motivi di impugnazione anche quello della incompetenza regionale a disporre su una tale tematica.<\/p>\n<p style=\"text-align: justify;\">Come riporta il testo dello stesso ricorso, pubblicato sulla Gazzetta ufficiale del 21 novembre 2012, le disposizioni sull\u2019utilizzo terapeutico della cannabis, \u201c<em>esorbitano dalle competenze della Regione. Infatti, la qualificazione e la classificazione dei farmaci, nonch\u00e9 la regolamentazione del relativo regime di dispensazione \u2013 compresa l\u2019individuazione degli specialisti abilitati a prescriverli, nonch\u00e9 i relativi impieghi terapeutici \u2013 spetta agli organi statali, per esigenze di uniformit\u00e0 e unitariet\u00e0 sul territorio nazionale<\/em>\u201d.<\/p>\n<p style=\"text-align: justify;\">Perch\u00e9 allora, anche da parte del FVG, approvare una normativa con indicazioni equipollenti ad altre sospese e rinviate al giudizio della Consulta senza attenderne il pronunciamento? Fra l\u2019altro, l\u2019Italia \u00e8 parte di importanti Convenzioni internazionali promosse dalle Nazioni Unite che, anche le Assemblee regionali, sono giuridicamente tenute a rispettare.<\/p>\n<p style=\"text-align: justify;\">In secondo luogo, in Italia si arriva sempre \u201cin ritardo\u201d rispetto ai fenomeni \u201cinnovativi\u201d provenienti d\u2019Oltreoceano. Infatti, nonostante i 16 Stati che l\u2019hanno \u201clegalizzata\u201d, l\u2019Agenzia americana del farmaco continua a considerare la cannabis alla stregua dell\u2019eroina e della cocaina e anche per questo, alcuni degli Stati che l\u2019avevano \u201csdoganata\u201d, stanno gi\u00e0 facendo marcia indietro.<\/p>\n<p style=\"text-align: justify;\">In Arizona, per esempio, \u00e8 notizia recente che si \u00e8 messo in moto un movimento per annullare la legge che nel 2010 aveva liberalizzato l\u2019accesso terapeutico alla \u201ccannabis medica\u201d. Il deputato Repubblicano John Kavanagh sta infatti ottenendo notevoli consensi per l\u2019abrogazione della controversa legge che, introducendo la legalizzazione del fumo di marijuana per usi \u201cmedici\u201d, ha alla fine permesso alle persone che dichiarano determinate patologie di coltivare, vendere e utilizzare tranquillamente la pianta psichedelica.<\/p>\n<p style=\"text-align: justify;\">Kavanagh ha presentato un disegno di legge per sottoporre l\u2019<em>Arizona Medical Marijuana Act<\/em>, approvato a livello popolare con uno stretto margine di poco pi\u00f9 di 4.000 voti, a referendum abrogativo nel novembre del 2014, perch\u00e9 nuovi dati dell\u2019<em>Arizona Criminal Justice Commission<\/em> hanno dimostrato come persino i bambini delle elementari riescano ormai a procurarsi cannabis da fumare grazie ai titolari, oltre 34.000, delle carte di accesso alla marijuana medica.<\/p>\n<p style=\"text-align: justify;\">Ma anche un eminente esponente democratico come Patrick Kennedy \u00e8 recentemente sceso in campo sollevando il problema ed inducendo tutti i media americani a parlarne. In un articolo sulla marijuana anche il <em>liberal<\/em> \u201cWashington Post\u201d ha riconosciuto che tale sostanza \u00ab<em>distrugge il cervello e fa emergere psicosi<\/em>\u00bb.<\/p>\n<p style=\"text-align: justify;\">In definitiva la domanda pi\u00f9 importante \u00e8 questa: quali dolori patologici potr\u00e0 mai alleviare il fumo di cannabis per cui non siano gi\u00e0 disponibili, nell\u2019ambito della medicina palliativa, farmaci con efficacia sperimentata, approvati come sicuri dalla letteratura e dalla esperienza ed economici?<\/p>\n<p style=\"text-align: justify;\">Nel tentativo di scongiurare l\u2019approvazione della legge toscana, ad esempio, il direttore del servizio di Cure palliative e leniterapia della Asl 10-Firenze Piero Morino, defin\u00ec la proposta dell\u2019uso terapeutico della cannabis \u00ab<em>pi\u00f9 una battaglia politica che medica<\/em>\u00bb, perch\u00e9 qualsiasi cannabinoide \u00ab<em>non \u00e8 un farmaco decisivo<\/em>\u00bb, bens\u00ec al massimo \u00ab<em>un adiuvante, che in mani esperte pu\u00f2 dare risultati apprezzabili, ma non pu\u00f2 sostituire i farmaci davvero necessari<\/em>\u00bb.<\/p>\n<p style=\"text-align: justify;\">Anche secondo la responsabile dell\u2019associazione toscana di assistenza domiciliare <em>Pallium<\/em> Valeria Cavallini, \u00ab<em>gli antidolorifici efficaci, anche in Italia, sono ormai tanti<\/em>\u00bb, e se \u00e8 vero che \u00ab<em>in certi casi la cannabis pu\u00f2 ridurre effetti collaterali di altre terapie, come la stipsi o il vomito, \u00e8 anche vero che non sarebbe affatto risolutiva<\/em>\u00bb.<\/p>\n<p style=\"text-align: justify;\">La gente che negli Stati Uniti ed altrove ha votato per le leggi in favore della cannabis terapeutica \u00e8 stata indotta in errore nel credere che i suoi destinatari sarebbero stati solo pazienti oncologici in chemioterapia o chi soffre di glaucoma ma, come ha denunciato da ultimo Kavanagh, in Arizona \u00ab<em>questi rappresentano una frazione degli utenti<\/em>\u00bb. Di questi, il 3,76 per cento giustifica l\u2019uso di marijuana per alleviare i sintomi del cancro, meno del 2 per cento citano il glaucoma mentre la stragrande maggioranza \u2013 il 90 per cento \u2013 adduce come motivazione un generico dolore grave e cronico.<\/p>\n<p style=\"text-align: justify;\">In considerazione degli esiti finora registrati negli Stati Uniti, lo ha dimostrato anche in Italia la pi\u00f9 recente pubblicistica specializzata (cfr., ad es., Fabio Bernabei, <em>Cannabis medica. 100 domande e risposte<\/em>, Sugarco, Milano 2012), non \u00e8 scientificamente provata una valenza terapeutica del fumo di cannabis; perch\u00e9 non si pensa, dopo un trimestre o semestre di effettiva applicazione della legge friulana, di sottoporne gli esiti, sia medici sia sociali, ad una commissione indipendente tecnico-scientifica?<\/p>\n<p style=\"text-align: justify;\">In una Regione importante come il Friuli Venezia Giulia, infatti, come ha giustamente avvertito Fontana, \u00ab<em>non si pu\u00f2 fingere che non esista il pericolo di allargare le maglie dell\u2019uso della cannabis e che le indicazioni per l\u2019uso vengano dilatate<\/em>\u00bb.<\/p>\n<p style=\"text-align: justify;\">______________________<\/p>\n<p style=\"text-align: justify;\"><strong>Leggi anche:<\/strong><\/p>\n<p style=\"text-align: justify;\"><a title=\"PermaLink a Legalizzazione della cannabis: implicazioni sanitarie e sociali\" href=\"https:\/\/www.rassegnastampa-totustuus.it\/cattolica\/?p=36298\" target=\"_blank\" rel=\"bookmark\">Legalizzazione della cannabis: implicazioni sanitarie e sociali<\/a><\/p>\n<p style=\"text-align: justify;\"><a title=\"PermaLink a Non \u00e8 vero che la cannabis \u00abnon fa male\u00bb\" href=\"https:\/\/www.rassegnastampa-totustuus.it\/cattolica\/?p=26674\" target=\"_blank\" rel=\"bookmark\">Non \u00e8 vero che la cannabis \u00abnon fa male\u00bb<\/a><\/p>\n<p style=\"text-align: justify;\"><a title=\"PermaLink a Cannabis a fin di bene? Un disegno perverso\" href=\"https:\/\/www.rassegnastampa-totustuus.it\/cattolica\/?p=4512\" target=\"_blank\" rel=\"bookmark\">Cannabis a fin di bene? Un disegno perverso<\/a><\/p>\n","protected":false},"excerpt":{"rendered":"<p>Vita Nuova. Settimanale cattolico di Trieste 22 febbraio 2013 Perch\u00e9 non istituire in FVG una Commissione che \u201cverifichi\u201d la legge appena approvata? di Giuseppe Brienza<\/p><p><a class=\"more-link btn\" href=\"https:\/\/www.rassegnastampa-totustuus.it\/cattolica\/cannabis-terapeutica-negli-stati-uniti-si-inizia-a-fare-marcia-indietro\/\">Continua a leggere<\/a><\/p>\n","protected":false},"author":6,"featured_media":31648,"comment_status":"closed","ping_status":"open","sticky":false,"template":"","format":"standard","meta":{"footnotes":""},"categories":[12],"tags":[1161,150],"class_list":["post-5458","post","type-post","status-publish","format-standard","has-post-thumbnail","hentry","category-droga","tag-cannabis","tag-usa","item-wrap"],"yoast_head":"<!-- This site is optimized with the Yoast SEO plugin v27.5 - https:\/\/yoast.com\/product\/yoast-seo-wordpress\/ -->\n<title>\u201cCannabis terapeutica\u201d: negli Stati Uniti si inizia a fare marcia indietro - Rassegna Stampa Cattolica<\/title>\n<meta name=\"description\" content=\"Rassegna Stampa Cattolica - Per una cultura che nasce dalla Rivelazione cristiana in conformit\u00e0 alla tradizione e al Magistero della Chiesa in opposizione ad ogni relativismo e totalitarismo\" \/>\n<meta name=\"robots\" content=\"index, follow, max-snippet:-1, max-image-preview:large, max-video-preview:-1\" \/>\n<link rel=\"canonical\" href=\"https:\/\/www.rassegnastampa-totustuus.it\/cattolica\/cannabis-terapeutica-negli-stati-uniti-si-inizia-a-fare-marcia-indietro\/\" \/>\n<meta property=\"og:locale\" content=\"it_IT\" \/>\n<meta property=\"og:type\" content=\"article\" \/>\n<meta property=\"og:title\" content=\"\u201cCannabis terapeutica\u201d: negli Stati Uniti si inizia a fare marcia indietro - Rassegna Stampa Cattolica\" \/>\n<meta property=\"og:description\" content=\"Rassegna Stampa Cattolica - Per una cultura che nasce dalla Rivelazione cristiana in conformit\u00e0 alla tradizione e al Magistero della Chiesa in opposizione ad ogni relativismo e totalitarismo\" \/>\n<meta property=\"og:url\" content=\"https:\/\/www.rassegnastampa-totustuus.it\/cattolica\/cannabis-terapeutica-negli-stati-uniti-si-inizia-a-fare-marcia-indietro\/\" \/>\n<meta property=\"og:site_name\" content=\"Rassegna Stampa Cattolica\" \/>\n<meta property=\"article:publisher\" content=\"https:\/\/www.facebook.com\/rassegnastampacattolica\" \/>\n<meta property=\"article:published_time\" content=\"2013-02-27T23:00:00+00:00\" \/>\n<meta property=\"article:modified_time\" content=\"2017-02-02T09:58:52+00:00\" \/>\n<meta property=\"og:image\" content=\"https:\/\/www.rassegnastampa-totustuus.it\/cattolica\/wp-content\/uploads\/2013\/02\/cannabis_medica.jpg\" \/>\n\t<meta property=\"og:image:width\" content=\"272\" \/>\n\t<meta property=\"og:image:height\" content=\"185\" \/>\n\t<meta property=\"og:image:type\" content=\"image\/jpeg\" \/>\n<meta name=\"author\" content=\"Redazione\" \/>\n<meta name=\"twitter:card\" content=\"summary_large_image\" \/>\n<meta name=\"twitter:creator\" content=\"@rassegnastampa9\" \/>\n<meta name=\"twitter:site\" content=\"@rassegnastampa9\" \/>\n<meta name=\"twitter:label1\" content=\"Scritto da\" \/>\n\t<meta name=\"twitter:data1\" content=\"Redazione\" \/>\n\t<meta name=\"twitter:label2\" content=\"Tempo di lettura stimato\" \/>\n\t<meta name=\"twitter:data2\" content=\"6 minuti\" \/>\n<script type=\"application\/ld+json\" class=\"yoast-schema-graph\">{\"@context\":\"https:\\\/\\\/schema.org\",\"@graph\":[{\"@type\":\"Article\",\"@id\":\"https:\\\/\\\/www.rassegnastampa-totustuus.it\\\/cattolica\\\/cannabis-terapeutica-negli-stati-uniti-si-inizia-a-fare-marcia-indietro\\\/#article\",\"isPartOf\":{\"@id\":\"https:\\\/\\\/www.rassegnastampa-totustuus.it\\\/cattolica\\\/cannabis-terapeutica-negli-stati-uniti-si-inizia-a-fare-marcia-indietro\\\/\"},\"author\":{\"name\":\"Redazione\",\"@id\":\"https:\\\/\\\/www.rassegnastampa-totustuus.it\\\/cattolica\\\/#\\\/schema\\\/person\\\/08f319d2bd1a0904ad9e2bfb7b15e5c3\"},\"headline\":\"\u201cCannabis terapeutica\u201d: negli Stati Uniti si inizia a fare marcia indietro\",\"datePublished\":\"2013-02-27T23:00:00+00:00\",\"dateModified\":\"2017-02-02T09:58:52+00:00\",\"mainEntityOfPage\":{\"@id\":\"https:\\\/\\\/www.rassegnastampa-totustuus.it\\\/cattolica\\\/cannabis-terapeutica-negli-stati-uniti-si-inizia-a-fare-marcia-indietro\\\/\"},\"wordCount\":1117,\"publisher\":{\"@id\":\"https:\\\/\\\/www.rassegnastampa-totustuus.it\\\/cattolica\\\/#organization\"},\"image\":{\"@id\":\"https:\\\/\\\/www.rassegnastampa-totustuus.it\\\/cattolica\\\/cannabis-terapeutica-negli-stati-uniti-si-inizia-a-fare-marcia-indietro\\\/#primaryimage\"},\"thumbnailUrl\":\"https:\\\/\\\/www.rassegnastampa-totustuus.it\\\/cattolica\\\/wp-content\\\/uploads\\\/2013\\\/02\\\/cannabis_medica.jpg\",\"keywords\":[\"cannabis\",\"Usa\"],\"articleSection\":[\"Droga\"],\"inLanguage\":\"it-IT\"},{\"@type\":\"WebPage\",\"@id\":\"https:\\\/\\\/www.rassegnastampa-totustuus.it\\\/cattolica\\\/cannabis-terapeutica-negli-stati-uniti-si-inizia-a-fare-marcia-indietro\\\/\",\"url\":\"https:\\\/\\\/www.rassegnastampa-totustuus.it\\\/cattolica\\\/cannabis-terapeutica-negli-stati-uniti-si-inizia-a-fare-marcia-indietro\\\/\",\"name\":\"\u201cCannabis terapeutica\u201d: negli Stati Uniti si inizia a fare marcia indietro - Rassegna Stampa Cattolica\",\"isPartOf\":{\"@id\":\"https:\\\/\\\/www.rassegnastampa-totustuus.it\\\/cattolica\\\/#website\"},\"primaryImageOfPage\":{\"@id\":\"https:\\\/\\\/www.rassegnastampa-totustuus.it\\\/cattolica\\\/cannabis-terapeutica-negli-stati-uniti-si-inizia-a-fare-marcia-indietro\\\/#primaryimage\"},\"image\":{\"@id\":\"https:\\\/\\\/www.rassegnastampa-totustuus.it\\\/cattolica\\\/cannabis-terapeutica-negli-stati-uniti-si-inizia-a-fare-marcia-indietro\\\/#primaryimage\"},\"thumbnailUrl\":\"https:\\\/\\\/www.rassegnastampa-totustuus.it\\\/cattolica\\\/wp-content\\\/uploads\\\/2013\\\/02\\\/cannabis_medica.jpg\",\"datePublished\":\"2013-02-27T23:00:00+00:00\",\"dateModified\":\"2017-02-02T09:58:52+00:00\",\"description\":\"Rassegna Stampa Cattolica - Per una cultura che nasce dalla Rivelazione cristiana in conformit\u00e0 alla tradizione e al Magistero della Chiesa in opposizione ad ogni relativismo e totalitarismo\",\"breadcrumb\":{\"@id\":\"https:\\\/\\\/www.rassegnastampa-totustuus.it\\\/cattolica\\\/cannabis-terapeutica-negli-stati-uniti-si-inizia-a-fare-marcia-indietro\\\/#breadcrumb\"},\"inLanguage\":\"it-IT\",\"potentialAction\":[{\"@type\":\"ReadAction\",\"target\":[\"https:\\\/\\\/www.rassegnastampa-totustuus.it\\\/cattolica\\\/cannabis-terapeutica-negli-stati-uniti-si-inizia-a-fare-marcia-indietro\\\/\"]}]},{\"@type\":\"ImageObject\",\"inLanguage\":\"it-IT\",\"@id\":\"https:\\\/\\\/www.rassegnastampa-totustuus.it\\\/cattolica\\\/cannabis-terapeutica-negli-stati-uniti-si-inizia-a-fare-marcia-indietro\\\/#primaryimage\",\"url\":\"https:\\\/\\\/www.rassegnastampa-totustuus.it\\\/cattolica\\\/wp-content\\\/uploads\\\/2013\\\/02\\\/cannabis_medica.jpg\",\"contentUrl\":\"https:\\\/\\\/www.rassegnastampa-totustuus.it\\\/cattolica\\\/wp-content\\\/uploads\\\/2013\\\/02\\\/cannabis_medica.jpg\",\"width\":272,\"height\":185},{\"@type\":\"BreadcrumbList\",\"@id\":\"https:\\\/\\\/www.rassegnastampa-totustuus.it\\\/cattolica\\\/cannabis-terapeutica-negli-stati-uniti-si-inizia-a-fare-marcia-indietro\\\/#breadcrumb\",\"itemListElement\":[{\"@type\":\"ListItem\",\"position\":1,\"name\":\"Home\",\"item\":\"https:\\\/\\\/www.rassegnastampa-totustuus.it\\\/cattolica\\\/\"},{\"@type\":\"ListItem\",\"position\":2,\"name\":\"\u201cCannabis terapeutica\u201d: negli Stati Uniti si inizia a fare marcia indietro\"}]},{\"@type\":\"WebSite\",\"@id\":\"https:\\\/\\\/www.rassegnastampa-totustuus.it\\\/cattolica\\\/#website\",\"url\":\"https:\\\/\\\/www.rassegnastampa-totustuus.it\\\/cattolica\\\/\",\"name\":\"Rassegna Stampa Cattolica\",\"description\":\"Per una cultura che nasce dalla Rivelazione cristiana in conformit\u00e0 alla tradizione e al Magistero della Chiesa in opposizione ad ogni relativismo e totalitarismo\",\"publisher\":{\"@id\":\"https:\\\/\\\/www.rassegnastampa-totustuus.it\\\/cattolica\\\/#organization\"},\"alternateName\":\"Rass. Cattolica\",\"potentialAction\":[{\"@type\":\"SearchAction\",\"target\":{\"@type\":\"EntryPoint\",\"urlTemplate\":\"https:\\\/\\\/www.rassegnastampa-totustuus.it\\\/cattolica\\\/?s={search_term_string}\"},\"query-input\":{\"@type\":\"PropertyValueSpecification\",\"valueRequired\":true,\"valueName\":\"search_term_string\"}}],\"inLanguage\":\"it-IT\"},{\"@type\":\"Organization\",\"@id\":\"https:\\\/\\\/www.rassegnastampa-totustuus.it\\\/cattolica\\\/#organization\",\"name\":\"Rassegna Stampa Cattolica\",\"url\":\"https:\\\/\\\/www.rassegnastampa-totustuus.it\\\/cattolica\\\/\",\"logo\":{\"@type\":\"ImageObject\",\"inLanguage\":\"it-IT\",\"@id\":\"https:\\\/\\\/www.rassegnastampa-totustuus.it\\\/cattolica\\\/#\\\/schema\\\/logo\\\/image\\\/\",\"url\":\"https:\\\/\\\/www.rassegnastampa-totustuus.it\\\/cattolica\\\/wp-content\\\/uploads\\\/2014\\\/04\\\/logo-rassegna1.gif\",\"contentUrl\":\"https:\\\/\\\/www.rassegnastampa-totustuus.it\\\/cattolica\\\/wp-content\\\/uploads\\\/2014\\\/04\\\/logo-rassegna1.gif\",\"width\":600,\"height\":163,\"caption\":\"Rassegna Stampa Cattolica\"},\"image\":{\"@id\":\"https:\\\/\\\/www.rassegnastampa-totustuus.it\\\/cattolica\\\/#\\\/schema\\\/logo\\\/image\\\/\"},\"sameAs\":[\"https:\\\/\\\/www.facebook.com\\\/rassegnastampacattolica\",\"https:\\\/\\\/x.com\\\/rassegnastampa9\"]},{\"@type\":\"Person\",\"@id\":\"https:\\\/\\\/www.rassegnastampa-totustuus.it\\\/cattolica\\\/#\\\/schema\\\/person\\\/08f319d2bd1a0904ad9e2bfb7b15e5c3\",\"name\":\"Redazione\",\"image\":{\"@type\":\"ImageObject\",\"inLanguage\":\"it-IT\",\"@id\":\"https:\\\/\\\/secure.gravatar.com\\\/avatar\\\/2fcdf27c78ea025fbdb44e914cc63c72249ffec9dc8aafd5c82b26240ef3f346?s=96&d=mm&r=g\",\"url\":\"https:\\\/\\\/secure.gravatar.com\\\/avatar\\\/2fcdf27c78ea025fbdb44e914cc63c72249ffec9dc8aafd5c82b26240ef3f346?s=96&d=mm&r=g\",\"contentUrl\":\"https:\\\/\\\/secure.gravatar.com\\\/avatar\\\/2fcdf27c78ea025fbdb44e914cc63c72249ffec9dc8aafd5c82b26240ef3f346?s=96&d=mm&r=g\",\"caption\":\"Redazione\"},\"url\":\"https:\\\/\\\/www.rassegnastampa-totustuus.it\\\/cattolica\\\/author\\\/pietroelle\\\/\"}]}<\/script>\n<!-- \/ Yoast SEO plugin. -->","yoast_head_json":{"title":"\u201cCannabis terapeutica\u201d: negli Stati Uniti si inizia a fare marcia indietro - Rassegna Stampa Cattolica","description":"Rassegna Stampa Cattolica - Per una cultura che nasce dalla Rivelazione cristiana in conformit\u00e0 alla tradizione e al Magistero della Chiesa in opposizione ad ogni relativismo e totalitarismo","robots":{"index":"index","follow":"follow","max-snippet":"max-snippet:-1","max-image-preview":"max-image-preview:large","max-video-preview":"max-video-preview:-1"},"canonical":"https:\/\/www.rassegnastampa-totustuus.it\/cattolica\/cannabis-terapeutica-negli-stati-uniti-si-inizia-a-fare-marcia-indietro\/","og_locale":"it_IT","og_type":"article","og_title":"\u201cCannabis terapeutica\u201d: negli Stati Uniti si inizia a fare marcia indietro - Rassegna Stampa Cattolica","og_description":"Rassegna Stampa Cattolica - Per una cultura che nasce dalla Rivelazione cristiana in conformit\u00e0 alla tradizione e al Magistero della Chiesa in opposizione ad ogni relativismo e totalitarismo","og_url":"https:\/\/www.rassegnastampa-totustuus.it\/cattolica\/cannabis-terapeutica-negli-stati-uniti-si-inizia-a-fare-marcia-indietro\/","og_site_name":"Rassegna Stampa Cattolica","article_publisher":"https:\/\/www.facebook.com\/rassegnastampacattolica","article_published_time":"2013-02-27T23:00:00+00:00","article_modified_time":"2017-02-02T09:58:52+00:00","og_image":[{"width":272,"height":185,"url":"https:\/\/www.rassegnastampa-totustuus.it\/cattolica\/wp-content\/uploads\/2013\/02\/cannabis_medica.jpg","type":"image\/jpeg"}],"author":"Redazione","twitter_card":"summary_large_image","twitter_creator":"@rassegnastampa9","twitter_site":"@rassegnastampa9","twitter_misc":{"Scritto da":"Redazione","Tempo di lettura stimato":"6 minuti"},"schema":{"@context":"https:\/\/schema.org","@graph":[{"@type":"Article","@id":"https:\/\/www.rassegnastampa-totustuus.it\/cattolica\/cannabis-terapeutica-negli-stati-uniti-si-inizia-a-fare-marcia-indietro\/#article","isPartOf":{"@id":"https:\/\/www.rassegnastampa-totustuus.it\/cattolica\/cannabis-terapeutica-negli-stati-uniti-si-inizia-a-fare-marcia-indietro\/"},"author":{"name":"Redazione","@id":"https:\/\/www.rassegnastampa-totustuus.it\/cattolica\/#\/schema\/person\/08f319d2bd1a0904ad9e2bfb7b15e5c3"},"headline":"\u201cCannabis terapeutica\u201d: negli Stati Uniti si inizia a fare marcia indietro","datePublished":"2013-02-27T23:00:00+00:00","dateModified":"2017-02-02T09:58:52+00:00","mainEntityOfPage":{"@id":"https:\/\/www.rassegnastampa-totustuus.it\/cattolica\/cannabis-terapeutica-negli-stati-uniti-si-inizia-a-fare-marcia-indietro\/"},"wordCount":1117,"publisher":{"@id":"https:\/\/www.rassegnastampa-totustuus.it\/cattolica\/#organization"},"image":{"@id":"https:\/\/www.rassegnastampa-totustuus.it\/cattolica\/cannabis-terapeutica-negli-stati-uniti-si-inizia-a-fare-marcia-indietro\/#primaryimage"},"thumbnailUrl":"https:\/\/www.rassegnastampa-totustuus.it\/cattolica\/wp-content\/uploads\/2013\/02\/cannabis_medica.jpg","keywords":["cannabis","Usa"],"articleSection":["Droga"],"inLanguage":"it-IT"},{"@type":"WebPage","@id":"https:\/\/www.rassegnastampa-totustuus.it\/cattolica\/cannabis-terapeutica-negli-stati-uniti-si-inizia-a-fare-marcia-indietro\/","url":"https:\/\/www.rassegnastampa-totustuus.it\/cattolica\/cannabis-terapeutica-negli-stati-uniti-si-inizia-a-fare-marcia-indietro\/","name":"\u201cCannabis terapeutica\u201d: negli Stati Uniti si inizia a fare marcia indietro - Rassegna Stampa Cattolica","isPartOf":{"@id":"https:\/\/www.rassegnastampa-totustuus.it\/cattolica\/#website"},"primaryImageOfPage":{"@id":"https:\/\/www.rassegnastampa-totustuus.it\/cattolica\/cannabis-terapeutica-negli-stati-uniti-si-inizia-a-fare-marcia-indietro\/#primaryimage"},"image":{"@id":"https:\/\/www.rassegnastampa-totustuus.it\/cattolica\/cannabis-terapeutica-negli-stati-uniti-si-inizia-a-fare-marcia-indietro\/#primaryimage"},"thumbnailUrl":"https:\/\/www.rassegnastampa-totustuus.it\/cattolica\/wp-content\/uploads\/2013\/02\/cannabis_medica.jpg","datePublished":"2013-02-27T23:00:00+00:00","dateModified":"2017-02-02T09:58:52+00:00","description":"Rassegna Stampa Cattolica - Per una cultura che nasce dalla Rivelazione cristiana in conformit\u00e0 alla tradizione e al Magistero della Chiesa in opposizione ad ogni relativismo e totalitarismo","breadcrumb":{"@id":"https:\/\/www.rassegnastampa-totustuus.it\/cattolica\/cannabis-terapeutica-negli-stati-uniti-si-inizia-a-fare-marcia-indietro\/#breadcrumb"},"inLanguage":"it-IT","potentialAction":[{"@type":"ReadAction","target":["https:\/\/www.rassegnastampa-totustuus.it\/cattolica\/cannabis-terapeutica-negli-stati-uniti-si-inizia-a-fare-marcia-indietro\/"]}]},{"@type":"ImageObject","inLanguage":"it-IT","@id":"https:\/\/www.rassegnastampa-totustuus.it\/cattolica\/cannabis-terapeutica-negli-stati-uniti-si-inizia-a-fare-marcia-indietro\/#primaryimage","url":"https:\/\/www.rassegnastampa-totustuus.it\/cattolica\/wp-content\/uploads\/2013\/02\/cannabis_medica.jpg","contentUrl":"https:\/\/www.rassegnastampa-totustuus.it\/cattolica\/wp-content\/uploads\/2013\/02\/cannabis_medica.jpg","width":272,"height":185},{"@type":"BreadcrumbList","@id":"https:\/\/www.rassegnastampa-totustuus.it\/cattolica\/cannabis-terapeutica-negli-stati-uniti-si-inizia-a-fare-marcia-indietro\/#breadcrumb","itemListElement":[{"@type":"ListItem","position":1,"name":"Home","item":"https:\/\/www.rassegnastampa-totustuus.it\/cattolica\/"},{"@type":"ListItem","position":2,"name":"\u201cCannabis terapeutica\u201d: negli Stati Uniti si inizia a fare marcia indietro"}]},{"@type":"WebSite","@id":"https:\/\/www.rassegnastampa-totustuus.it\/cattolica\/#website","url":"https:\/\/www.rassegnastampa-totustuus.it\/cattolica\/","name":"Rassegna Stampa Cattolica","description":"Per una cultura che nasce dalla Rivelazione cristiana in conformit\u00e0 alla tradizione e al Magistero della Chiesa in opposizione ad ogni relativismo e totalitarismo","publisher":{"@id":"https:\/\/www.rassegnastampa-totustuus.it\/cattolica\/#organization"},"alternateName":"Rass. Cattolica","potentialAction":[{"@type":"SearchAction","target":{"@type":"EntryPoint","urlTemplate":"https:\/\/www.rassegnastampa-totustuus.it\/cattolica\/?s={search_term_string}"},"query-input":{"@type":"PropertyValueSpecification","valueRequired":true,"valueName":"search_term_string"}}],"inLanguage":"it-IT"},{"@type":"Organization","@id":"https:\/\/www.rassegnastampa-totustuus.it\/cattolica\/#organization","name":"Rassegna Stampa Cattolica","url":"https:\/\/www.rassegnastampa-totustuus.it\/cattolica\/","logo":{"@type":"ImageObject","inLanguage":"it-IT","@id":"https:\/\/www.rassegnastampa-totustuus.it\/cattolica\/#\/schema\/logo\/image\/","url":"https:\/\/www.rassegnastampa-totustuus.it\/cattolica\/wp-content\/uploads\/2014\/04\/logo-rassegna1.gif","contentUrl":"https:\/\/www.rassegnastampa-totustuus.it\/cattolica\/wp-content\/uploads\/2014\/04\/logo-rassegna1.gif","width":600,"height":163,"caption":"Rassegna Stampa Cattolica"},"image":{"@id":"https:\/\/www.rassegnastampa-totustuus.it\/cattolica\/#\/schema\/logo\/image\/"},"sameAs":["https:\/\/www.facebook.com\/rassegnastampacattolica","https:\/\/x.com\/rassegnastampa9"]},{"@type":"Person","@id":"https:\/\/www.rassegnastampa-totustuus.it\/cattolica\/#\/schema\/person\/08f319d2bd1a0904ad9e2bfb7b15e5c3","name":"Redazione","image":{"@type":"ImageObject","inLanguage":"it-IT","@id":"https:\/\/secure.gravatar.com\/avatar\/2fcdf27c78ea025fbdb44e914cc63c72249ffec9dc8aafd5c82b26240ef3f346?s=96&d=mm&r=g","url":"https:\/\/secure.gravatar.com\/avatar\/2fcdf27c78ea025fbdb44e914cc63c72249ffec9dc8aafd5c82b26240ef3f346?s=96&d=mm&r=g","contentUrl":"https:\/\/secure.gravatar.com\/avatar\/2fcdf27c78ea025fbdb44e914cc63c72249ffec9dc8aafd5c82b26240ef3f346?s=96&d=mm&r=g","caption":"Redazione"},"url":"https:\/\/www.rassegnastampa-totustuus.it\/cattolica\/author\/pietroelle\/"}]}},"_links":{"self":[{"href":"https:\/\/www.rassegnastampa-totustuus.it\/cattolica\/wp-json\/wp\/v2\/posts\/5458","targetHints":{"allow":["GET"]}}],"collection":[{"href":"https:\/\/www.rassegnastampa-totustuus.it\/cattolica\/wp-json\/wp\/v2\/posts"}],"about":[{"href":"https:\/\/www.rassegnastampa-totustuus.it\/cattolica\/wp-json\/wp\/v2\/types\/post"}],"author":[{"embeddable":true,"href":"https:\/\/www.rassegnastampa-totustuus.it\/cattolica\/wp-json\/wp\/v2\/users\/6"}],"replies":[{"embeddable":true,"href":"https:\/\/www.rassegnastampa-totustuus.it\/cattolica\/wp-json\/wp\/v2\/comments?post=5458"}],"version-history":[{"count":5,"href":"https:\/\/www.rassegnastampa-totustuus.it\/cattolica\/wp-json\/wp\/v2\/posts\/5458\/revisions"}],"predecessor-version":[{"id":37133,"href":"https:\/\/www.rassegnastampa-totustuus.it\/cattolica\/wp-json\/wp\/v2\/posts\/5458\/revisions\/37133"}],"wp:featuredmedia":[{"embeddable":true,"href":"https:\/\/www.rassegnastampa-totustuus.it\/cattolica\/wp-json\/wp\/v2\/media\/31648"}],"wp:attachment":[{"href":"https:\/\/www.rassegnastampa-totustuus.it\/cattolica\/wp-json\/wp\/v2\/media?parent=5458"}],"wp:term":[{"taxonomy":"category","embeddable":true,"href":"https:\/\/www.rassegnastampa-totustuus.it\/cattolica\/wp-json\/wp\/v2\/categories?post=5458"},{"taxonomy":"post_tag","embeddable":true,"href":"https:\/\/www.rassegnastampa-totustuus.it\/cattolica\/wp-json\/wp\/v2\/tags?post=5458"}],"curies":[{"name":"wp","href":"https:\/\/api.w.org\/{rel}","templated":true}]}}