{"id":54484,"date":"2022-07-28T00:00:53","date_gmt":"2022-07-27T22:00:53","guid":{"rendered":"http:\/\/www.rassegnastampa-totustuus.it\/cattolica\/?p=54484"},"modified":"2024-04-04T11:03:16","modified_gmt":"2024-04-04T09:03:16","slug":"cuba-e-ormai-un-paese-ai-limiti-dellimplosione","status":"publish","type":"post","link":"https:\/\/www.rassegnastampa-totustuus.it\/cattolica\/cuba-e-ormai-un-paese-ai-limiti-dellimplosione\/","title":{"rendered":"Cuba \u00e8 ormai un paese ai limiti dell\u2019implosione"},"content":{"rendered":"<p style=\"text-align: center;\"><span style=\"color: #000000;\"><strong><img loading=\"lazy\" decoding=\"async\" class=\"size-medium wp-image-12966 alignright\" src=\"https:\/\/www.rassegnastampa-totustuus.it\/cattolica\/wp-content\/uploads\/2014\/11\/Cuba_misera-300x225.jpg\" alt=\"\" width=\"300\" height=\"225\" srcset=\"https:\/\/www.rassegnastampa-totustuus.it\/cattolica\/wp-content\/uploads\/2014\/11\/Cuba_misera-300x225.jpg 300w, https:\/\/www.rassegnastampa-totustuus.it\/cattolica\/wp-content\/uploads\/2014\/11\/Cuba_misera.jpg 400w\" sizes=\"auto, (max-width: 300px) 100vw, 300px\" \/><a href=\"https:\/\/www.tempi.it\/\" target=\"_blank\" rel=\"noopener\">Tempi <\/a><\/strong>23 Luglio 2022\u00a0<\/span><\/p>\n<p style=\"text-align: justify;\"><span style=\"color: #000000;\"><em>Nuove proteste (in strada e online) nell&#8217;isola di Castro per chiedere libert\u00e0 e cibo. Il regime risponde con pestaggi della polizia e arresti. Ospedali allo sbando<\/em><\/span><\/p>\n<p style=\"text-align: center;\"><span style=\"color: #000000;\"> <strong>Paolo Manzo<\/strong><\/span><\/p>\n<p><!--more--><\/p>\n<p style=\"text-align: justify;\"><span style=\"color: #000000;\"> A Cuba la situazione \u00e8 di nuovo esplosiva dopo le<\/span><span style=\"color: #0000ff;\"> <strong><a style=\"color: #0000ff;\" href=\"https:\/\/www.tempi.it\/cuba-avana-protesta-regime-comunista-covid\/\" target=\"_blank\" rel=\"noreferrer noopener\">proteste del luglio 2021<\/a><\/strong><\/span>, <span style=\"color: #000000;\">quando migliaia di persone scesero in strada per chiedere libert\u00e0 e cibo. Il cibo manca, la disperazione aumenta, e nelle ultime settimane c\u2019\u00e8 carenza di qualsiasi prodotto a prezzi accessibili per il 90 per cento della popolazione, ovvero per chi non lavora per la dittatura a livelli medio-alti. <\/span><\/p>\n<p style=\"text-align: justify;\"><span style=\"color: #000000;\">Quella cubana \u00e8 infatti la quarta inflazione pi\u00f9 alta al mondo, all\u201985 per cento annuale, e a essa si sono aggiunti interminabili blackout elettrici. Per questo la gente \u00e8 esasperata e l\u2019alternativa alla miseria e alle prigioni del regime \u00e8 l\u2019emigrazione in massa verso gli Stati Uniti. <\/span><\/p>\n<h4 style=\"text-align: center;\"><span style=\"color: #000000;\"><strong>2022, fuga da Cuba <\/strong><\/span><\/h4>\n<p style=\"text-align: justify;\"><span style=\"color: #000000;\"><img loading=\"lazy\" decoding=\"async\" class=\" wp-image-54485 alignleft\" src=\"https:\/\/www.rassegnastampa-totustuus.it\/cattolica\/wp-content\/uploads\/2022\/07\/Cuba_fuga_comunismo.jpg\" alt=\"\" width=\"314\" height=\"202\" \/>Il fenomeno \u00e8 diventato incontrollabile a partire dal novembre 2021, quando i dittatori di Cuba e<\/span> <strong><a href=\"https:\/\/www.tempi.it\/tag\/nicaragua\/\" target=\"_blank\" rel=\"noreferrer noopener\"><span style=\"color: #0000ff;\">Nicaragua<\/span><\/a><\/strong> <span style=\"color: #000000;\">hanno eliminato i visti sino ad allora necessari ai cubani per andare a Managua con l\u2019obiettivo di facilitare il meccanismo di uscita ed abbassare cos\u00ec la tensione che si era creata sull\u2019isola con le manifestazioni di massa e la successiva feroce repressione. <\/span><\/p>\n<p style=\"text-align: justify;\"><span style=\"color: #000000;\">La stessa strategia usata da Fidel Castro che tre decenni fa, quando lo scontento sociale all\u2019Avana stava per esplodere, apr\u00ec il rubinetto dell\u2019emigrazione e ci fu lo storico esodo del 1980, che vide la partenza di 125.000 cubani dal porto di Mariel su centinaia di barche. Oggi la storia si ripete e gi\u00e0 155mila cubani sono fuggiti dal novembre scorso. Chi rimane, nonostante i rischi di arresto, protesta in strada ma anche online.<\/span><\/p>\n<h4 style=\"text-align: center;\"><span style=\"color: #000000;\"> <strong> #Cubapalacalle #SOSCuba <\/strong><\/span><\/h4>\n<p style=\"text-align: justify;\"><span style=\"color: #000000;\"> <img loading=\"lazy\" decoding=\"async\" class=\" wp-image-20106 alignleft\" src=\"https:\/\/www.rassegnastampa-totustuus.it\/cattolica\/wp-content\/uploads\/2011\/05\/Fidel_Cuba_1.jpg\" alt=\"\" width=\"308\" height=\"200\" \/>Con gli hashtag #Cubapalacalle \u2013 Cuba per le strade \u2013 e #SOSCuba, gli utenti dei social\u00ec media hanno infatti condiviso negli ultimi giorni le immagini di nuove manifestazioni antigovernative e dei susseguenti pestaggi ed omicidi della polizia, nonch\u00e9 le storie di cubani che soffrono o muoiono a causa delle carenze della sanit\u00e0 pubblica.\u00a0 <\/span><\/p>\n<p style=\"text-align: justify;\"><span style=\"color: #000000;\">Esasperati dai blackout, i residenti di Los Palacios, una citt\u00e0 nella provincia pi\u00f9 occidentale di Pinar del R\u00edo, sono scesi in strada gioved\u00ec scorso per protestare contro il governo. <a href=\"https:\/\/youtu.be\/VBfxHZNtR8Y\" target=\"_blank\" rel=\"noopener noreferrer\"><strong><span style=\"color: #0000ff;\">I video<\/span> <\/strong><\/a>sono stati girati nell\u2019oscurit\u00e0 durante l\u2019ennesima interruzione dell\u2019elettricit\u00e0 e si sente una folla gridare \u201cabbasso il comunismo\u201d, \u201cho fame\u201d e \u201cD\u00edaz Canel singao\u201d, non propriamente un complimento, nonostante ci\u00f2 sia un reato per la legge cubana.<\/span><\/p>\n<p style=\"text-align: justify;\"><span style=\"color: #000000;\"> Sempre gioved\u00ec sera, all\u2019Avana, una madre con due figli, di cui uno disabile, <a href=\"https:\/\/youtu.be\/Pk4Ykv8F-Wc\" target=\"_blank\" rel=\"noopener noreferrer\"><span style=\"color: #0000ff;\"><strong>ha protestato<\/strong><\/span><\/a> per le condizioni di vita nel parco \u201cEl Curita\u201d, vicino al Campidoglio dell\u2019Avana, dove si riunisce l\u2019Assemblea Nazionale, attirando una piccola folla. <\/span><\/p>\n<p style=\"text-align: justify;\"><span style=\"color: #000000;\"><img loading=\"lazy\" decoding=\"async\" class=\" wp-image-39450 alignright\" src=\"https:\/\/www.rassegnastampa-totustuus.it\/cattolica\/wp-content\/uploads\/2017\/12\/Venezuela_ospedale.jpg\" alt=\"\" width=\"337\" height=\"224\" \/>Sabato scorso hanno cominciato a circolare video di agenti delle forze speciali, i famigerati Berretti Neri della rivoluzione, che<\/span> <strong><a href=\"https:\/\/www.youtube.com\/shorts\/E5ZMFt95fMY\" target=\"_blank\" rel=\"noreferrer noopener\"><span style=\"color: #0000ff;\">picchiavano i partecipanti a un concerto<\/span><\/a><\/strong> <span style=\"color: #000000;\">della Conga de Los Hoyos a Santiago de Cuba. <\/span><\/p>\n<p style=\"text-align: justify;\"><span style=\"color: #000000;\">In un altro evento, all\u2019Habana del Este, un quartiere a est della capitale l\u2019Avana, gli sgherri della dittatura hanno invece <\/span><strong><a href=\"https:\/\/www.youtube.com\/watch?v=ReZ37Y35v4U\" target=\"_blank\" rel=\"noreferrer noopener\"><span style=\"color: #0000ff;\">arrestato violentemente<\/span><\/a><\/strong> <span style=\"color: #000000;\">il 23enne Alejandro Tamayo Chac\u00f3n. <\/span><\/p>\n<p style=\"text-align: justify;\"><span style=\"color: #000000;\">Si tratta di uno dei tre immigrati cubani che il 9 luglio scorso erano stati fermati dalla Guardia Costiera degli Stati Uniti mentre tentava di raggiungere la Florida su un pedal\u00f2. Alejandro era stato rimpatriato a Cuba dall\u2019amministrazione Biden, molto criticata per questo, il 13 luglio scorso. Sua moglie, incinta, ha raccontato alla televisione in lingua spagnola Telemundo 51 che \u00e8 stato accusato per aver rubato il pedal\u00f2 giallo con cui \u00e8 finito sulle prime pagine di tutti i giornali della Florida. <\/span><\/p>\n<p style=\"text-align: justify;\"><span style=\"color: #000000;\"><img loading=\"lazy\" decoding=\"async\" class=\" wp-image-20120 alignleft\" src=\"https:\/\/www.rassegnastampa-totustuus.it\/cattolica\/wp-content\/uploads\/2011\/07\/cuba_4-300x155.jpg\" alt=\"\" width=\"333\" height=\"172\" srcset=\"https:\/\/www.rassegnastampa-totustuus.it\/cattolica\/wp-content\/uploads\/2011\/07\/cuba_4-300x155.jpg 300w, https:\/\/www.rassegnastampa-totustuus.it\/cattolica\/wp-content\/uploads\/2011\/07\/cuba_4.jpg 312w\" sizes=\"auto, (max-width: 333px) 100vw, 333px\" \/>Gli agenti della polizia castrista hanno fatto irruzione nella loro casa senza un mandato e, mostrando le pessime condizioni della loro casa, la madre di Alejandro ha detto a Telemundo 51 che il figlio voleva emigrare SOLO per poter \u201cvivere bene almeno una volta nella vita\u201d Ma non basta, perch\u00e9 il dramma dei cubani \u00e8 infinito. <\/span><\/p>\n<h4 style=\"text-align: center;\"><span style=\"color: #000000;\"><strong>Anche le donne incinte non vengono risparmiate <\/strong><\/span><\/h4>\n<p style=\"text-align: justify;\"><span style=\"color: #000000;\">Nella citt\u00e0 di Managua, la polizia del regime cubano ha picchiato brutalmente una donna incinta mentre era in fila per comprare cibo. La registrazione mostra come la polizia sia intervenuta, generando altra violenza, in una fila di persone in attesa di acquistare cibo. In mezzo al trambusto, causato dalla disperazione dei cittadini per procurarsi da mangiare, i funzionari della dittatura castrista sono intervenuti aggredendo brutalmente i presenti, tra cui una donna che era incinta<\/span> <span style=\"color: #0000ff;\"><strong><a style=\"color: #0000ff;\" href=\"https:\/\/www.youtube.com\/watch?v=gT-3PoT9uLI\" target=\"_blank\" rel=\"noreferrer noopener\">gettandola a terra<\/a><\/strong><\/span>.<\/p>\n<p style=\"text-align: justify;\"><span style=\"color: #000000;\"><img loading=\"lazy\" decoding=\"async\" class=\" wp-image-39452 alignright\" src=\"https:\/\/www.rassegnastampa-totustuus.it\/cattolica\/wp-content\/uploads\/2017\/12\/venezuela.jpg\" alt=\"\" width=\"323\" height=\"215\" \/>A inizio luglio il 17enne Zinadine Zidan Batista \u00c1lvarez<\/span> <span style=\"color: #0000ff;\"><strong><a style=\"color: #0000ff;\" href=\"https:\/\/www.youtube.com\/watch?v=f4FiI5wi9q8\" target=\"_blank\" rel=\"noreferrer noopener\">\u00e8 stato ucciso<\/a><\/strong><\/span> <span style=\"color: #000000;\">dalla Polizia Rivoluzionaria Nazionale, a Santa Clara. Nei video su Internet, una folla di residenti di El Condado circonda un gruppo di agenti di polizia e diverse auto di pattuglia, in prossimit\u00e0 di via Estrada Palma, l\u2019arteria principale del quartiere. <\/span><\/p>\n<p style=\"text-align: justify;\"><span style=\"color: #000000;\">Il video mostra quattro agenti che dopo aver sparato a Zidan lo prendono a calci mentre il giovane si contorce per una ferita all\u2019addome. <\/span><\/p>\n<p style=\"text-align: justify;\"><span style=\"color: #000000;\">Un altro video mostra come uno dei passanti cerca di soccorrere il ferito mentre un agente glielo impedisce, colpendolo con un manganello. \u00abAssassino! Un poliziotto ha sparato a un ragazzino\u00bb, grida una donna. \u201cVola in alto, Zidan, che Dio ti abbia nella sua santa gloria\u201d, ha scritto su Facebook Yeris Gonz\u00e1lez, un amico della Escluela Fructuoso Rodr\u00edguez di Santa Clara.<\/span><\/p>\n<p style=\"text-align: justify;\"><span style=\"color: #000000;\"> \u00abTi hanno tolto la vita in cos\u00ec giovane et\u00e0, le mie condoglianze alla tua famiglia e ai tuoi amici\u00bb, ha aggiunto. Zidan e la sua compagna, Susleidy Guerra, erano i genitori di una bambina. <\/span><\/p>\n<p style=\"text-align: justify;\"><span style=\"color: #000000;\"><img loading=\"lazy\" decoding=\"async\" class=\" wp-image-54486 alignleft\" src=\"https:\/\/www.rassegnastampa-totustuus.it\/cattolica\/wp-content\/uploads\/2022\/07\/Cuba.jpg\" alt=\"\" width=\"307\" height=\"204\" \/>Qualche giorno fa Maritza Barrios ha lanciato un appello disperato su Facebook. \u201cHO BISOGNO DI UN\u2019AMBULANZA; MIO FIGLIO STA MORENDO\u201d<\/span>, <span style=\"color: #0000ff;\"><strong><a style=\"color: #0000ff;\" href=\"https:\/\/www.youtube.com\/watch?v=njkVg1MxmtA\" target=\"_blank\" rel=\"noreferrer noopener\">ha scritto<\/a><\/strong> <\/span>i<span style=\"color: #000000;\">n lettere maiuscole. Suo figlio, Andy Ag\u00fcero Barrios, di 26 anni, autistico e cieco, aveva bisogno di assistenza. L\u2019ospedale pi\u00f9 vicino era a soli 9 chilometri di distanza, ma quando un\u2019ambulanza \u00e8 arrivata non ha voluto prenderlo in carico. Suo figlio \u00e8 morto poco dopo.<\/span><\/p>\n<h4 style=\"text-align: center;\"><span style=\"color: #000000;\"><strong>\u00abCanel, assassino di bambini\u00bb <\/strong><\/span><\/h4>\n<p style=\"text-align: justify;\"><span style=\"color: #000000;\">Venerd\u00ec scorso, un\u2019altra madre disperata ha postato su Facebook le foto della figlia in un letto d\u2019ospedale dell\u2019Avana, dove era stata ricoverata con febbre dengue emorragica. Rosmery Garc\u00eda, ha detto che sua figlia aveva l\u2019anemia a causa dell\u2019emorragia provocata dalla malattia, ma i medici insistevano per dimetterla senza una trasfusione. <\/span><\/p>\n<p style=\"text-align: justify;\"><span style=\"color: #000000;\">\u00ab\u00c8 meglio che mi uccidano adesso, perch\u00e9 non posso sopportare di vedere i miei figli in queste condizioni\u00bb, ha detto la Garc\u00eda e, rivolgendosi al leader cubano D\u00edaz-Canel, lo ha esortato a smettere di incolpare l\u2019embargo statunitense per tutti i mali di Cuba. \u00abO lascia questo Paese o ci manda in un altro\u00bb, ha scritto su Facebook per poi chiosare, \u00abCanel, assassino di bambini\u00bb. \u00a0<\/span><\/p>\n<p style=\"text-align: justify;\"><span style=\"color: #000000;\"> <img loading=\"lazy\" decoding=\"async\" class=\" wp-image-40151 alignright\" src=\"https:\/\/www.rassegnastampa-totustuus.it\/cattolica\/wp-content\/uploads\/2018\/04\/Marto-Diaz-Canel-Berm\u00f9dez-Cuba.jpg\" alt=\"\" width=\"304\" height=\"211\" \/>Di fronte a una crisi che minaccia sempre pi\u00f9 la tenuta del regime, il governo cubano ha compiuto gioved\u00ec un passo senza precedenti autorizzando gli investimenti stranieri nel settore privato emergente. <\/span><\/p>\n<p style=\"text-align: justify;\"><span style=\"color: #000000;\">Inoltre le autorit\u00e0 hanno annunciato che ridurranno anche le tasse doganali tra il 30 e il 100 per cento e aboliranno le restrizioni su cellulari e notebook che i viaggiatori possono portare con s\u00e9. Inoltre sar\u00e0 adeguato il cambio. <\/span><\/p>\n<p style=\"text-align: justify;\"><span style=\"color: #000000;\">Attualmente, un dollaro viene venduto a 120 pesos cubani sul mercato nero ma il governo ha fissato un tasso di cambio ufficiale per le imprese statali a 24 pesos per dollaro. <\/span><\/p>\n<p style=\"text-align: justify;\"><span style=\"color: #000000;\">Il ministro dell\u2019Economia della dittatura ieri ha annunciato che il nuovo tasso sar\u00e0 \u201cdiverso\u201d da quello ufficiale perch\u00e9 deve essere fondato su \u201cbasi economiche\u201d, riconoscendo che l\u2019attuale tasso non \u00e8 realistico.<\/span><\/p>\n","protected":false},"excerpt":{"rendered":"<p>Tempi 23 Luglio 2022\u00a0 Nuove proteste (in strada e online) nell&#8217;isola di Castro per chiedere libert\u00e0 e cibo. Il regime risponde con pestaggi della polizia e arresti. Ospedali allo sbando Paolo Manzo<\/p><p><a class=\"more-link btn\" href=\"https:\/\/www.rassegnastampa-totustuus.it\/cattolica\/cuba-e-ormai-un-paese-ai-limiti-dellimplosione\/\">Continua a leggere<\/a><\/p>\n","protected":false},"author":6,"featured_media":20106,"comment_status":"closed","ping_status":"closed","sticky":false,"template":"","format":"standard","meta":{"footnotes":""},"categories":[32,72,108],"tags":[139,603,545],"class_list":["post-54484","post","type-post","status-publish","format-standard","has-post-thumbnail","hentry","category-filosofia-del-comunismo","category-cuba","category-paesi-e-continenti","tag-comunismo","tag-cuba-2","tag-paesi-e-continenti-2","item-wrap"],"yoast_head":"<!-- This site is optimized with the Yoast SEO plugin v27.5 - https:\/\/yoast.com\/product\/yoast-seo-wordpress\/ -->\n<title>Cuba \u00e8 ormai un paese ai limiti dell\u2019implosione - Rassegna Stampa Cattolica<\/title>\n<meta name=\"description\" content=\"Cuba \u00e8 ormai un paese ai limiti dell\u2019implosione. Nuove proteste (in strada e online) nell&#039;isola di Castro per chiedere libert\u00e0 e cibo.\" \/>\n<meta name=\"robots\" content=\"index, follow, max-snippet:-1, max-image-preview:large, max-video-preview:-1\" \/>\n<link rel=\"canonical\" href=\"https:\/\/www.rassegnastampa-totustuus.it\/cattolica\/cuba-e-ormai-un-paese-ai-limiti-dellimplosione\/\" \/>\n<meta property=\"og:locale\" content=\"it_IT\" \/>\n<meta property=\"og:type\" content=\"article\" \/>\n<meta property=\"og:title\" content=\"Cuba \u00e8 ormai un paese ai limiti dell\u2019implosione - Rassegna Stampa Cattolica\" \/>\n<meta property=\"og:description\" content=\"Cuba \u00e8 ormai un paese ai limiti dell\u2019implosione. Nuove proteste (in strada e online) nell&#039;isola di Castro per chiedere libert\u00e0 e cibo.\" \/>\n<meta property=\"og:url\" content=\"https:\/\/www.rassegnastampa-totustuus.it\/cattolica\/cuba-e-ormai-un-paese-ai-limiti-dellimplosione\/\" \/>\n<meta property=\"og:site_name\" content=\"Rassegna Stampa Cattolica\" \/>\n<meta property=\"article:publisher\" content=\"https:\/\/www.facebook.com\/rassegnastampacattolica\" \/>\n<meta property=\"article:published_time\" content=\"2022-07-27T22:00:53+00:00\" \/>\n<meta property=\"article:modified_time\" content=\"2024-04-04T09:03:16+00:00\" \/>\n<meta property=\"og:image\" content=\"https:\/\/www.rassegnastampa-totustuus.it\/cattolica\/wp-content\/uploads\/2011\/05\/Fidel_Cuba_1.jpg\" \/>\n\t<meta property=\"og:image:width\" content=\"279\" \/>\n\t<meta property=\"og:image:height\" content=\"181\" \/>\n\t<meta property=\"og:image:type\" content=\"image\/jpeg\" \/>\n<meta name=\"author\" content=\"Redazione\" \/>\n<meta name=\"twitter:card\" content=\"summary_large_image\" \/>\n<meta name=\"twitter:creator\" content=\"@rassegnastampa9\" \/>\n<meta name=\"twitter:site\" content=\"@rassegnastampa9\" \/>\n<meta name=\"twitter:label1\" content=\"Scritto da\" \/>\n\t<meta name=\"twitter:data1\" content=\"Redazione\" \/>\n\t<meta name=\"twitter:label2\" content=\"Tempo di lettura stimato\" \/>\n\t<meta name=\"twitter:data2\" content=\"9 minuti\" \/>\n<script type=\"application\/ld+json\" class=\"yoast-schema-graph\">{\"@context\":\"https:\\\/\\\/schema.org\",\"@graph\":[{\"@type\":\"Article\",\"@id\":\"https:\\\/\\\/www.rassegnastampa-totustuus.it\\\/cattolica\\\/cuba-e-ormai-un-paese-ai-limiti-dellimplosione\\\/#article\",\"isPartOf\":{\"@id\":\"https:\\\/\\\/www.rassegnastampa-totustuus.it\\\/cattolica\\\/cuba-e-ormai-un-paese-ai-limiti-dellimplosione\\\/\"},\"author\":{\"name\":\"Redazione\",\"@id\":\"https:\\\/\\\/www.rassegnastampa-totustuus.it\\\/cattolica\\\/#\\\/schema\\\/person\\\/08f319d2bd1a0904ad9e2bfb7b15e5c3\"},\"headline\":\"Cuba \u00e8 ormai un paese ai limiti dell\u2019implosione\",\"datePublished\":\"2022-07-27T22:00:53+00:00\",\"dateModified\":\"2024-04-04T09:03:16+00:00\",\"mainEntityOfPage\":{\"@id\":\"https:\\\/\\\/www.rassegnastampa-totustuus.it\\\/cattolica\\\/cuba-e-ormai-un-paese-ai-limiti-dellimplosione\\\/\"},\"wordCount\":1219,\"publisher\":{\"@id\":\"https:\\\/\\\/www.rassegnastampa-totustuus.it\\\/cattolica\\\/#organization\"},\"image\":{\"@id\":\"https:\\\/\\\/www.rassegnastampa-totustuus.it\\\/cattolica\\\/cuba-e-ormai-un-paese-ai-limiti-dellimplosione\\\/#primaryimage\"},\"thumbnailUrl\":\"https:\\\/\\\/www.rassegnastampa-totustuus.it\\\/cattolica\\\/wp-content\\\/uploads\\\/2011\\\/05\\\/Fidel_Cuba_1.jpg\",\"keywords\":[\"comunismo\",\"cuba\",\"paesi e continenti\"],\"articleSection\":[\"Comunismo\",\"Cuba\",\"Paesi e continenti\"],\"inLanguage\":\"it-IT\"},{\"@type\":\"WebPage\",\"@id\":\"https:\\\/\\\/www.rassegnastampa-totustuus.it\\\/cattolica\\\/cuba-e-ormai-un-paese-ai-limiti-dellimplosione\\\/\",\"url\":\"https:\\\/\\\/www.rassegnastampa-totustuus.it\\\/cattolica\\\/cuba-e-ormai-un-paese-ai-limiti-dellimplosione\\\/\",\"name\":\"Cuba \u00e8 ormai un paese ai limiti dell\u2019implosione - Rassegna Stampa Cattolica\",\"isPartOf\":{\"@id\":\"https:\\\/\\\/www.rassegnastampa-totustuus.it\\\/cattolica\\\/#website\"},\"primaryImageOfPage\":{\"@id\":\"https:\\\/\\\/www.rassegnastampa-totustuus.it\\\/cattolica\\\/cuba-e-ormai-un-paese-ai-limiti-dellimplosione\\\/#primaryimage\"},\"image\":{\"@id\":\"https:\\\/\\\/www.rassegnastampa-totustuus.it\\\/cattolica\\\/cuba-e-ormai-un-paese-ai-limiti-dellimplosione\\\/#primaryimage\"},\"thumbnailUrl\":\"https:\\\/\\\/www.rassegnastampa-totustuus.it\\\/cattolica\\\/wp-content\\\/uploads\\\/2011\\\/05\\\/Fidel_Cuba_1.jpg\",\"datePublished\":\"2022-07-27T22:00:53+00:00\",\"dateModified\":\"2024-04-04T09:03:16+00:00\",\"description\":\"Cuba \u00e8 ormai un paese ai limiti dell\u2019implosione. Nuove proteste (in strada e online) nell'isola di Castro per chiedere libert\u00e0 e cibo.\",\"breadcrumb\":{\"@id\":\"https:\\\/\\\/www.rassegnastampa-totustuus.it\\\/cattolica\\\/cuba-e-ormai-un-paese-ai-limiti-dellimplosione\\\/#breadcrumb\"},\"inLanguage\":\"it-IT\",\"potentialAction\":[{\"@type\":\"ReadAction\",\"target\":[\"https:\\\/\\\/www.rassegnastampa-totustuus.it\\\/cattolica\\\/cuba-e-ormai-un-paese-ai-limiti-dellimplosione\\\/\"]}]},{\"@type\":\"ImageObject\",\"inLanguage\":\"it-IT\",\"@id\":\"https:\\\/\\\/www.rassegnastampa-totustuus.it\\\/cattolica\\\/cuba-e-ormai-un-paese-ai-limiti-dellimplosione\\\/#primaryimage\",\"url\":\"https:\\\/\\\/www.rassegnastampa-totustuus.it\\\/cattolica\\\/wp-content\\\/uploads\\\/2011\\\/05\\\/Fidel_Cuba_1.jpg\",\"contentUrl\":\"https:\\\/\\\/www.rassegnastampa-totustuus.it\\\/cattolica\\\/wp-content\\\/uploads\\\/2011\\\/05\\\/Fidel_Cuba_1.jpg\",\"width\":279,\"height\":181},{\"@type\":\"BreadcrumbList\",\"@id\":\"https:\\\/\\\/www.rassegnastampa-totustuus.it\\\/cattolica\\\/cuba-e-ormai-un-paese-ai-limiti-dellimplosione\\\/#breadcrumb\",\"itemListElement\":[{\"@type\":\"ListItem\",\"position\":1,\"name\":\"Home\",\"item\":\"https:\\\/\\\/www.rassegnastampa-totustuus.it\\\/cattolica\\\/\"},{\"@type\":\"ListItem\",\"position\":2,\"name\":\"Cuba \u00e8 ormai un paese ai limiti dell\u2019implosione\"}]},{\"@type\":\"WebSite\",\"@id\":\"https:\\\/\\\/www.rassegnastampa-totustuus.it\\\/cattolica\\\/#website\",\"url\":\"https:\\\/\\\/www.rassegnastampa-totustuus.it\\\/cattolica\\\/\",\"name\":\"Rassegna Stampa Cattolica\",\"description\":\"Per una cultura che nasce dalla Rivelazione cristiana in conformit\u00e0 alla tradizione e al Magistero della Chiesa in opposizione ad ogni relativismo e totalitarismo\",\"publisher\":{\"@id\":\"https:\\\/\\\/www.rassegnastampa-totustuus.it\\\/cattolica\\\/#organization\"},\"alternateName\":\"Rass. Cattolica\",\"potentialAction\":[{\"@type\":\"SearchAction\",\"target\":{\"@type\":\"EntryPoint\",\"urlTemplate\":\"https:\\\/\\\/www.rassegnastampa-totustuus.it\\\/cattolica\\\/?s={search_term_string}\"},\"query-input\":{\"@type\":\"PropertyValueSpecification\",\"valueRequired\":true,\"valueName\":\"search_term_string\"}}],\"inLanguage\":\"it-IT\"},{\"@type\":\"Organization\",\"@id\":\"https:\\\/\\\/www.rassegnastampa-totustuus.it\\\/cattolica\\\/#organization\",\"name\":\"Rassegna Stampa Cattolica\",\"url\":\"https:\\\/\\\/www.rassegnastampa-totustuus.it\\\/cattolica\\\/\",\"logo\":{\"@type\":\"ImageObject\",\"inLanguage\":\"it-IT\",\"@id\":\"https:\\\/\\\/www.rassegnastampa-totustuus.it\\\/cattolica\\\/#\\\/schema\\\/logo\\\/image\\\/\",\"url\":\"https:\\\/\\\/www.rassegnastampa-totustuus.it\\\/cattolica\\\/wp-content\\\/uploads\\\/2014\\\/04\\\/logo-rassegna1.gif\",\"contentUrl\":\"https:\\\/\\\/www.rassegnastampa-totustuus.it\\\/cattolica\\\/wp-content\\\/uploads\\\/2014\\\/04\\\/logo-rassegna1.gif\",\"width\":600,\"height\":163,\"caption\":\"Rassegna Stampa Cattolica\"},\"image\":{\"@id\":\"https:\\\/\\\/www.rassegnastampa-totustuus.it\\\/cattolica\\\/#\\\/schema\\\/logo\\\/image\\\/\"},\"sameAs\":[\"https:\\\/\\\/www.facebook.com\\\/rassegnastampacattolica\",\"https:\\\/\\\/x.com\\\/rassegnastampa9\"]},{\"@type\":\"Person\",\"@id\":\"https:\\\/\\\/www.rassegnastampa-totustuus.it\\\/cattolica\\\/#\\\/schema\\\/person\\\/08f319d2bd1a0904ad9e2bfb7b15e5c3\",\"name\":\"Redazione\",\"image\":{\"@type\":\"ImageObject\",\"inLanguage\":\"it-IT\",\"@id\":\"https:\\\/\\\/secure.gravatar.com\\\/avatar\\\/2fcdf27c78ea025fbdb44e914cc63c72249ffec9dc8aafd5c82b26240ef3f346?s=96&d=mm&r=g\",\"url\":\"https:\\\/\\\/secure.gravatar.com\\\/avatar\\\/2fcdf27c78ea025fbdb44e914cc63c72249ffec9dc8aafd5c82b26240ef3f346?s=96&d=mm&r=g\",\"contentUrl\":\"https:\\\/\\\/secure.gravatar.com\\\/avatar\\\/2fcdf27c78ea025fbdb44e914cc63c72249ffec9dc8aafd5c82b26240ef3f346?s=96&d=mm&r=g\",\"caption\":\"Redazione\"},\"url\":\"https:\\\/\\\/www.rassegnastampa-totustuus.it\\\/cattolica\\\/author\\\/pietroelle\\\/\"}]}<\/script>\n<!-- \/ Yoast SEO plugin. -->","yoast_head_json":{"title":"Cuba \u00e8 ormai un paese ai limiti dell\u2019implosione - Rassegna Stampa Cattolica","description":"Cuba \u00e8 ormai un paese ai limiti dell\u2019implosione. Nuove proteste (in strada e online) nell'isola di Castro per chiedere libert\u00e0 e cibo.","robots":{"index":"index","follow":"follow","max-snippet":"max-snippet:-1","max-image-preview":"max-image-preview:large","max-video-preview":"max-video-preview:-1"},"canonical":"https:\/\/www.rassegnastampa-totustuus.it\/cattolica\/cuba-e-ormai-un-paese-ai-limiti-dellimplosione\/","og_locale":"it_IT","og_type":"article","og_title":"Cuba \u00e8 ormai un paese ai limiti dell\u2019implosione - Rassegna Stampa Cattolica","og_description":"Cuba \u00e8 ormai un paese ai limiti dell\u2019implosione. Nuove proteste (in strada e online) nell'isola di Castro per chiedere libert\u00e0 e cibo.","og_url":"https:\/\/www.rassegnastampa-totustuus.it\/cattolica\/cuba-e-ormai-un-paese-ai-limiti-dellimplosione\/","og_site_name":"Rassegna Stampa Cattolica","article_publisher":"https:\/\/www.facebook.com\/rassegnastampacattolica","article_published_time":"2022-07-27T22:00:53+00:00","article_modified_time":"2024-04-04T09:03:16+00:00","og_image":[{"width":279,"height":181,"url":"https:\/\/www.rassegnastampa-totustuus.it\/cattolica\/wp-content\/uploads\/2011\/05\/Fidel_Cuba_1.jpg","type":"image\/jpeg"}],"author":"Redazione","twitter_card":"summary_large_image","twitter_creator":"@rassegnastampa9","twitter_site":"@rassegnastampa9","twitter_misc":{"Scritto da":"Redazione","Tempo di lettura stimato":"9 minuti"},"schema":{"@context":"https:\/\/schema.org","@graph":[{"@type":"Article","@id":"https:\/\/www.rassegnastampa-totustuus.it\/cattolica\/cuba-e-ormai-un-paese-ai-limiti-dellimplosione\/#article","isPartOf":{"@id":"https:\/\/www.rassegnastampa-totustuus.it\/cattolica\/cuba-e-ormai-un-paese-ai-limiti-dellimplosione\/"},"author":{"name":"Redazione","@id":"https:\/\/www.rassegnastampa-totustuus.it\/cattolica\/#\/schema\/person\/08f319d2bd1a0904ad9e2bfb7b15e5c3"},"headline":"Cuba \u00e8 ormai un paese ai limiti dell\u2019implosione","datePublished":"2022-07-27T22:00:53+00:00","dateModified":"2024-04-04T09:03:16+00:00","mainEntityOfPage":{"@id":"https:\/\/www.rassegnastampa-totustuus.it\/cattolica\/cuba-e-ormai-un-paese-ai-limiti-dellimplosione\/"},"wordCount":1219,"publisher":{"@id":"https:\/\/www.rassegnastampa-totustuus.it\/cattolica\/#organization"},"image":{"@id":"https:\/\/www.rassegnastampa-totustuus.it\/cattolica\/cuba-e-ormai-un-paese-ai-limiti-dellimplosione\/#primaryimage"},"thumbnailUrl":"https:\/\/www.rassegnastampa-totustuus.it\/cattolica\/wp-content\/uploads\/2011\/05\/Fidel_Cuba_1.jpg","keywords":["comunismo","cuba","paesi e continenti"],"articleSection":["Comunismo","Cuba","Paesi e continenti"],"inLanguage":"it-IT"},{"@type":"WebPage","@id":"https:\/\/www.rassegnastampa-totustuus.it\/cattolica\/cuba-e-ormai-un-paese-ai-limiti-dellimplosione\/","url":"https:\/\/www.rassegnastampa-totustuus.it\/cattolica\/cuba-e-ormai-un-paese-ai-limiti-dellimplosione\/","name":"Cuba \u00e8 ormai un paese ai limiti dell\u2019implosione - Rassegna Stampa Cattolica","isPartOf":{"@id":"https:\/\/www.rassegnastampa-totustuus.it\/cattolica\/#website"},"primaryImageOfPage":{"@id":"https:\/\/www.rassegnastampa-totustuus.it\/cattolica\/cuba-e-ormai-un-paese-ai-limiti-dellimplosione\/#primaryimage"},"image":{"@id":"https:\/\/www.rassegnastampa-totustuus.it\/cattolica\/cuba-e-ormai-un-paese-ai-limiti-dellimplosione\/#primaryimage"},"thumbnailUrl":"https:\/\/www.rassegnastampa-totustuus.it\/cattolica\/wp-content\/uploads\/2011\/05\/Fidel_Cuba_1.jpg","datePublished":"2022-07-27T22:00:53+00:00","dateModified":"2024-04-04T09:03:16+00:00","description":"Cuba \u00e8 ormai un paese ai limiti dell\u2019implosione. Nuove proteste (in strada e online) nell'isola di Castro per chiedere libert\u00e0 e cibo.","breadcrumb":{"@id":"https:\/\/www.rassegnastampa-totustuus.it\/cattolica\/cuba-e-ormai-un-paese-ai-limiti-dellimplosione\/#breadcrumb"},"inLanguage":"it-IT","potentialAction":[{"@type":"ReadAction","target":["https:\/\/www.rassegnastampa-totustuus.it\/cattolica\/cuba-e-ormai-un-paese-ai-limiti-dellimplosione\/"]}]},{"@type":"ImageObject","inLanguage":"it-IT","@id":"https:\/\/www.rassegnastampa-totustuus.it\/cattolica\/cuba-e-ormai-un-paese-ai-limiti-dellimplosione\/#primaryimage","url":"https:\/\/www.rassegnastampa-totustuus.it\/cattolica\/wp-content\/uploads\/2011\/05\/Fidel_Cuba_1.jpg","contentUrl":"https:\/\/www.rassegnastampa-totustuus.it\/cattolica\/wp-content\/uploads\/2011\/05\/Fidel_Cuba_1.jpg","width":279,"height":181},{"@type":"BreadcrumbList","@id":"https:\/\/www.rassegnastampa-totustuus.it\/cattolica\/cuba-e-ormai-un-paese-ai-limiti-dellimplosione\/#breadcrumb","itemListElement":[{"@type":"ListItem","position":1,"name":"Home","item":"https:\/\/www.rassegnastampa-totustuus.it\/cattolica\/"},{"@type":"ListItem","position":2,"name":"Cuba \u00e8 ormai un paese ai limiti dell\u2019implosione"}]},{"@type":"WebSite","@id":"https:\/\/www.rassegnastampa-totustuus.it\/cattolica\/#website","url":"https:\/\/www.rassegnastampa-totustuus.it\/cattolica\/","name":"Rassegna Stampa Cattolica","description":"Per una cultura che nasce dalla Rivelazione cristiana in conformit\u00e0 alla tradizione e al Magistero della Chiesa in opposizione ad ogni relativismo e totalitarismo","publisher":{"@id":"https:\/\/www.rassegnastampa-totustuus.it\/cattolica\/#organization"},"alternateName":"Rass. Cattolica","potentialAction":[{"@type":"SearchAction","target":{"@type":"EntryPoint","urlTemplate":"https:\/\/www.rassegnastampa-totustuus.it\/cattolica\/?s={search_term_string}"},"query-input":{"@type":"PropertyValueSpecification","valueRequired":true,"valueName":"search_term_string"}}],"inLanguage":"it-IT"},{"@type":"Organization","@id":"https:\/\/www.rassegnastampa-totustuus.it\/cattolica\/#organization","name":"Rassegna Stampa Cattolica","url":"https:\/\/www.rassegnastampa-totustuus.it\/cattolica\/","logo":{"@type":"ImageObject","inLanguage":"it-IT","@id":"https:\/\/www.rassegnastampa-totustuus.it\/cattolica\/#\/schema\/logo\/image\/","url":"https:\/\/www.rassegnastampa-totustuus.it\/cattolica\/wp-content\/uploads\/2014\/04\/logo-rassegna1.gif","contentUrl":"https:\/\/www.rassegnastampa-totustuus.it\/cattolica\/wp-content\/uploads\/2014\/04\/logo-rassegna1.gif","width":600,"height":163,"caption":"Rassegna Stampa Cattolica"},"image":{"@id":"https:\/\/www.rassegnastampa-totustuus.it\/cattolica\/#\/schema\/logo\/image\/"},"sameAs":["https:\/\/www.facebook.com\/rassegnastampacattolica","https:\/\/x.com\/rassegnastampa9"]},{"@type":"Person","@id":"https:\/\/www.rassegnastampa-totustuus.it\/cattolica\/#\/schema\/person\/08f319d2bd1a0904ad9e2bfb7b15e5c3","name":"Redazione","image":{"@type":"ImageObject","inLanguage":"it-IT","@id":"https:\/\/secure.gravatar.com\/avatar\/2fcdf27c78ea025fbdb44e914cc63c72249ffec9dc8aafd5c82b26240ef3f346?s=96&d=mm&r=g","url":"https:\/\/secure.gravatar.com\/avatar\/2fcdf27c78ea025fbdb44e914cc63c72249ffec9dc8aafd5c82b26240ef3f346?s=96&d=mm&r=g","contentUrl":"https:\/\/secure.gravatar.com\/avatar\/2fcdf27c78ea025fbdb44e914cc63c72249ffec9dc8aafd5c82b26240ef3f346?s=96&d=mm&r=g","caption":"Redazione"},"url":"https:\/\/www.rassegnastampa-totustuus.it\/cattolica\/author\/pietroelle\/"}]}},"_links":{"self":[{"href":"https:\/\/www.rassegnastampa-totustuus.it\/cattolica\/wp-json\/wp\/v2\/posts\/54484","targetHints":{"allow":["GET"]}}],"collection":[{"href":"https:\/\/www.rassegnastampa-totustuus.it\/cattolica\/wp-json\/wp\/v2\/posts"}],"about":[{"href":"https:\/\/www.rassegnastampa-totustuus.it\/cattolica\/wp-json\/wp\/v2\/types\/post"}],"author":[{"embeddable":true,"href":"https:\/\/www.rassegnastampa-totustuus.it\/cattolica\/wp-json\/wp\/v2\/users\/6"}],"replies":[{"embeddable":true,"href":"https:\/\/www.rassegnastampa-totustuus.it\/cattolica\/wp-json\/wp\/v2\/comments?post=54484"}],"version-history":[{"count":2,"href":"https:\/\/www.rassegnastampa-totustuus.it\/cattolica\/wp-json\/wp\/v2\/posts\/54484\/revisions"}],"predecessor-version":[{"id":59947,"href":"https:\/\/www.rassegnastampa-totustuus.it\/cattolica\/wp-json\/wp\/v2\/posts\/54484\/revisions\/59947"}],"wp:featuredmedia":[{"embeddable":true,"href":"https:\/\/www.rassegnastampa-totustuus.it\/cattolica\/wp-json\/wp\/v2\/media\/20106"}],"wp:attachment":[{"href":"https:\/\/www.rassegnastampa-totustuus.it\/cattolica\/wp-json\/wp\/v2\/media?parent=54484"}],"wp:term":[{"taxonomy":"category","embeddable":true,"href":"https:\/\/www.rassegnastampa-totustuus.it\/cattolica\/wp-json\/wp\/v2\/categories?post=54484"},{"taxonomy":"post_tag","embeddable":true,"href":"https:\/\/www.rassegnastampa-totustuus.it\/cattolica\/wp-json\/wp\/v2\/tags?post=54484"}],"curies":[{"name":"wp","href":"https:\/\/api.w.org\/{rel}","templated":true}]}}