{"id":54465,"date":"2022-07-21T00:00:44","date_gmt":"2022-07-20T22:00:44","guid":{"rendered":"http:\/\/www.rassegnastampa-totustuus.it\/cattolica\/?p=54465"},"modified":"2024-04-04T12:35:29","modified_gmt":"2024-04-04T10:35:29","slug":"occidente-libertino-in-guerra-contro-lordine-cristiano","status":"publish","type":"post","link":"https:\/\/www.rassegnastampa-totustuus.it\/cattolica\/occidente-libertino-in-guerra-contro-lordine-cristiano\/","title":{"rendered":"Occidente libertino in guerra contro l\u2019Ordine Cristiano\u00a0\u00a0"},"content":{"rendered":"<p style=\"text-align: center;\"><span style=\"color: #000000;\"><strong><img loading=\"lazy\" decoding=\"async\" class=\"size-medium wp-image-54466 alignleft\" src=\"https:\/\/www.rassegnastampa-totustuus.it\/cattolica\/wp-content\/uploads\/2022\/07\/ateismo_anticristianesimo-300x150.jpg\" alt=\"\" width=\"300\" height=\"150\" srcset=\"https:\/\/www.rassegnastampa-totustuus.it\/cattolica\/wp-content\/uploads\/2022\/07\/ateismo_anticristianesimo-300x150.jpg 300w, https:\/\/www.rassegnastampa-totustuus.it\/cattolica\/wp-content\/uploads\/2022\/07\/ateismo_anticristianesimo.jpg 318w\" sizes=\"auto, (max-width: 300px) 100vw, 300px\" \/><span style=\"color: #0000ff;\"><a style=\"color: #0000ff;\" href=\"https:\/\/www.ricognizioni.it\/\" target=\"_blank\" rel=\"noopener\">Ricognizioni<\/a><\/span><\/strong> Giugno 29, 2022<\/span><\/p>\n<p style=\"text-align: center;\"><span style=\"color: #000000;\"><strong>Mario Di Giovanni<\/strong> \u00a0<\/span><\/p>\n<p style=\"text-align: justify;\"><span style=\"color: #000000;\">Dmitri Medvedev, vicepresidente del Consiglio di Sicurezza russo, ha recentemente definito gli occidentali <em>\u201cdegenerati e bastardi\u201d<\/em>. Per poco che ci si addentri nella vita della societ\u00e0 \u201catlantica\u201d, questa appare una constatazione di fatto, pi\u00f9 che un insulto, <\/span><\/p>\n<p style=\"text-align: justify;\"><span style=\"color: #000000;\">Ne prendiamo atto, per esempio, negli scenari dell\u2019aborto di massa e in particolare in quelli degli aborti tardivi \u2013<\/span> <a href=\"https:\/\/www.ricognizioni.it\/aborto-fino-al-giorno-della-nascita-ecco-il-valori-che-loccidente-difende-in-ucraina\/\" target=\"_blank\" rel=\"noopener noreferrer\">\u201c<span style=\"color: #0000ff;\">Ricognizioni\u201d ha recentemente trattato la materia <\/span><\/a><a href=\"https:\/\/www.ricognizioni.it\/aborto-fino-al-giorno-della-nascita-ecco-il-valori-che-loccidente-difende-in-ucraina\/\">(1)<\/a> \u2013 <span style=\"color: #000000;\">dove si apprende che, dal 1973, la legge americana consente l\u2019 aborto procurato senza limiti di tempo, <strong>fino al giorno stesso della nascita. <\/strong>Non meno eloquente \u00e8 il quadrodella pedagogia LGBT, che i regimi democratici smaniano di introdurre sin dalle scuole primarie.<\/span><\/p>\n<p><!--more--><\/p>\n<h4 style=\"text-align: center;\"><span style=\"color: #000000;\"><strong>Nuovi modelli pedagogici<\/strong><\/span><\/h4>\n<p style=\"text-align: justify;\"><span style=\"color: #000000;\"><img loading=\"lazy\" decoding=\"async\" class=\"size-medium wp-image-51508 alignleft\" src=\"https:\/\/www.rassegnastampa-totustuus.it\/cattolica\/wp-content\/uploads\/2021\/06\/bambini_gender-300x200.jpg\" alt=\"\" width=\"300\" height=\"200\" srcset=\"https:\/\/www.rassegnastampa-totustuus.it\/cattolica\/wp-content\/uploads\/2021\/06\/bambini_gender-300x200.jpg 300w, https:\/\/www.rassegnastampa-totustuus.it\/cattolica\/wp-content\/uploads\/2021\/06\/bambini_gender.jpg 500w\" sizes=\"auto, (max-width: 300px) 100vw, 300px\" \/>Per legge naturale, prima ancora che per scelta culturale, l\u2019infanzia \u00e8 sempre stata oggetto di attenzione massima da parte del mondo adulto, e di un amore fedele. <\/span><\/p>\n<p style=\"text-align: justify;\"><span style=\"color: #000000;\">Un amore attento a che il sogno, il gioco e la purezza, fossero i soli compagni dei piccoli nella prima stagione della vita.<\/span><\/p>\n<p style=\"text-align: justify;\"><span style=\"color: #000000;\">Cos\u00ec stavano le cose, prima che le <em>\u00e9lite<\/em> che hanno globalizzato aborto e gay pride, prendessero possesso della vita dei popoli occidentali. Solo per rimanere alla storia recente, nel 2020, la Pixar Animation Studios, societ\u00e0 satellite di propriet\u00e0 Disney, ha prodotto <em>Out<\/em>, un cortometraggio di animazione che \u00e8, n\u00e9 pi\u00f9 e n\u00e9 meno, una storia gay. <\/span><\/p>\n<p style=\"text-align: justify;\"><span style=\"color: #000000;\">Protagonista il giovane Greg che, non trovando il coraggio di far accettare dai genitori il suo fidanzatino Manuel, stabilisce di abbandonare la famiglia per convivere con lui. Alla fine la famiglia arcobaleno sar\u00e0 ricomposta con l\u2019aiuto di un gatto magico che, a missione compiuta, cio\u00e8 dopo aver fatto da mezzano tra i due omosessuali e la famiglia di Greg, esce di scena, neanche a dirlo, su un arcobaleno.<\/span><\/p>\n<p style=\"text-align: justify;\"><span style=\"color: #000000;\"> <img loading=\"lazy\" decoding=\"async\" class=\"wp-image-51445 alignright\" src=\"https:\/\/www.rassegnastampa-totustuus.it\/cattolica\/wp-content\/uploads\/2021\/06\/Disney.jpg\" alt=\"\" width=\"349\" height=\"230\" \/>Nel marzo 2021 in un sito gay si leggeva: <em>\u201c\u00c8 cosa nota che la Disney abbia lottato pi\u00f9 di altre case di produzione per una <\/em><strong><em>r<\/em><\/strong><em><strong>appresentazione inclusiva e aperta delle persone LGBTQ (\u2026).<\/strong><\/em> <\/span><\/p>\n<p style=\"text-align: justify;\"><span style=\"color: #000000;\"><em>Negli ultimi anni i passi in avanti che sta facendo la multinazionale, fondata nel 1923 da Walt Disney, sono enormi. <\/em><\/span><\/p>\n<p style=\"text-align: justify;\"><span style=\"color: #000000;\"><em><strong>Le storie si sono evolute<\/strong>: non solo si ha l\u2019introduzione di personaggi dichiaratamente LGBTQ, ma anche il modello femminile \u00e8 cambiato ed il principe azzurro non \u00e8, come nei primi racconti targati Disney, sempre l\u2019oggetto di ambizione<\/em>\u201d(2).<\/span><\/p>\n<p style=\"text-align: justify;\"><span style=\"color: #000000;\"> Nello stesso 2021, in giugno, la piattaforma Disney Plus annunciava una serie, in sei puntate, sulla storia dei movimenti LGBT. Insomma, un po\u2019 di cultura generale gliela vogliamo dare a questi bambini? <\/span><\/p>\n<p style=\"text-align: justify;\"><span style=\"color: #000000;\">Il 31 dicembre 2021 la manager Susan Arnold ha sostituito Bob Iger alla presidenza della Walt Disney, prima donna a ricoprire tale carica in 98 anni di storia. Susan Arnold non solo \u00e8 lesbica dichiarata, convivente con una donna, ma \u00e8 universalmente noto che lo sia. <\/span><\/p>\n<p style=\"text-align: justify;\"><span style=\"color: #000000;\">Il suo nome, oltre che negli elenchi delle donne pi\u00f9 affermate del mondo, stilati dal <em>Wall Street Journal, Fortune, Forbes,<\/em> figura anche in quello delle \u201c<em>Mamme lesbiche pi\u00f9 potenti del mondo<\/em>\u201d (3).<\/span><\/p>\n<p style=\"text-align: justify;\"><span style=\"color: #000000;\"><img loading=\"lazy\" decoding=\"async\" class=\" wp-image-54467 alignleft\" src=\"https:\/\/www.rassegnastampa-totustuus.it\/cattolica\/wp-content\/uploads\/2022\/07\/Disney_Lgbt-300x168.jpg\" alt=\"\" width=\"395\" height=\"221\" \/>La sua collega Karey Burke, presidente della \u201cDisney\u2019s general entertainement\u201d, \u00e8 un vero fuoriclasse della categoria. <\/span><\/p>\n<p style=\"text-align: justify;\"><span style=\"color: #000000;\">In una videoconferenza del 28 marzo 2022, la Burke ha dichiarato: \u201c<em>I am here as the mother of two queer children. Actually, one transgender, and one pansexual\u201d one transgender child<\/em>,<em> and also as a leader<\/em>\u201d (Sono qui come madre di due figli Queer. <\/span><span style=\"color: #000000;\">Attualmente, uno transgender e l\u2019altro pansessuale. Poi anche come dirigente) (4).\u00a0<\/span><\/p>\n<p style=\"text-align: justify;\"><span style=\"color: #000000;\"> Si ricorda che il termine \u201cQueer\u201d indica una sessualit\u00e0 fluida, nella quale il soggetto decide di volta in volta cosa essere e cosa fare, lungo l\u2019interminabile menu delle deviazioni sessuali.<\/span><\/p>\n<p style=\"text-align: justify;\"><span style=\"color: #000000;\"> <img loading=\"lazy\" decoding=\"async\" class=\"size-full wp-image-52047 alignleft\" src=\"https:\/\/www.rassegnastampa-totustuus.it\/cattolica\/wp-content\/uploads\/2021\/07\/Lgbt_gay_scuola_bambini.jpg\" alt=\"\" width=\"285\" height=\"177\" \/>A sua volta l\u2019Executive producer Latoya Ravenau, direttrice della <em>Disney Television Animation<\/em>, che realizza serie Tv, film e altri prodotti per bambini, nel corso di un convegno tenuto in Florida nel marzo 2022, ha dichiarato che la Disney Company aveva accettato favorevolmente l\u2019inserimento di elementi \u201cQueer\u201dnei prodotti destinati all\u2019infanzia (5).<\/span><\/p>\n<h4 style=\"text-align: center;\"><span style=\"color: #000000;\"><strong>Qual \u00e8 il senso di tutto questo?<\/strong> <\/span><\/h4>\n<p style=\"text-align: justify;\"><span style=\"color: #000000;\">L\u2019idea corrente \u00e8 che la promozione dei contenuti LGBT sin dalla scuola primaria, in Italia ossessivamente caldeggiata dal PD, miri a educare i bambini al rispetto dei \u201cdiversi\u201d. Occorre essere piuttosto deboli di intelletto per credere a una motivazione di questo genere. Non \u00e8 abbastanza chiaro che altro \u00e8 lo scopo dell\u2019operazione?<\/span><\/p>\n<p style=\"text-align: justify;\"><span style=\"color: #000000;\"><img loading=\"lazy\" decoding=\"async\" class=\"size-full wp-image-52788 alignright\" src=\"https:\/\/www.rassegnastampa-totustuus.it\/cattolica\/wp-content\/uploads\/2021\/10\/bambini_gender.jpg\" alt=\"\" width=\"191\" height=\"263\" \/>In primo luogo l\u2019idea di diversit\u00e0 sessuale, di un mondo che non \u00e8 n\u00e9 maschile n\u00e9 femminile, non pu\u00f2 avere eco nelle menti dei bambini, che non hanno ancora maturato la percezione neppure della propria identit\u00e0 sessuale: non vi \u00e8 posto, nella loro vita, per le contraddizioni che agitano il mondo adulto. <\/span><\/p>\n<p style=\"text-align: justify;\"><span style=\"color: #000000;\">Cosa mai potr\u00e0 rappresentare un gay o un trans, per un bambino? Qualcosa di incomprensibile. Cos\u00ec, alla fine delle gloriose apparizioni di gay e transessuali nelle scuole primarie, non resterebbero \u201cidee\u201d nei bambini, ma solo familiarit\u00e0 con tali figure <em>e curiosit\u00e0 di saperne di pi\u00f9.<\/em><\/span><\/p>\n<p style=\"text-align: justify;\"><span style=\"color: #000000;\">In pratica, avvicinare i minori in genere e i bambini in particolare, al mondo gender, non rappresenter\u00e0 una maturazione, un\u2019educazione alla tolleranza, ma <strong>una manipolazione mentale, una iniziazione al mondo della trasgressione <\/strong>che funzioni, par di capire, da antidoto progressista all\u2019educazione cristiana che la gran parte dei bambini riceve nei primi anni di vita. Del resto, che il motore dell\u2019operazione omosessualista mondiale sia un motore ideologico, \u00e8 notizia di cronaca.<\/span><\/p>\n<p style=\"text-align: justify;\"><span style=\"color: #000000;\"> <img loading=\"lazy\" decoding=\"async\" class=\" wp-image-45018 alignleft\" src=\"https:\/\/www.rassegnastampa-totustuus.it\/cattolica\/wp-content\/uploads\/2019\/11\/gender_gay_arcobaleno-300x169.jpg\" alt=\"\" width=\"357\" height=\"201\" srcset=\"https:\/\/www.rassegnastampa-totustuus.it\/cattolica\/wp-content\/uploads\/2019\/11\/gender_gay_arcobaleno-300x169.jpg 300w, https:\/\/www.rassegnastampa-totustuus.it\/cattolica\/wp-content\/uploads\/2019\/11\/gender_gay_arcobaleno-768x432.jpg 768w, https:\/\/www.rassegnastampa-totustuus.it\/cattolica\/wp-content\/uploads\/2019\/11\/gender_gay_arcobaleno-1024x576.jpg 1024w, https:\/\/www.rassegnastampa-totustuus.it\/cattolica\/wp-content\/uploads\/2019\/11\/gender_gay_arcobaleno.jpg 1280w\" sizes=\"auto, (max-width: 357px) 100vw, 357px\" \/>Il periodico<em> Tempi <\/em><em>(6) <\/em><em>in un editoriale del 2006 forniva un elenco (parziale) <\/em>dei finanziatori dei movimenti gay, impressionante per quantit\u00e0 e qualit\u00e0. <\/span><\/p>\n<p style=\"text-align: justify;\"><span style=\"color: #000000;\">Qualche esempio: <em>Kodak, American Airlines, Daimler Chrysler, Deutsche Bank, banca J.P. Morgan Chase &amp; Co, Microsoft. Vale la pena chiedersi perch\u00e9 un tal sistema di potere sia stato colto con questa sincronia da furori omosessualisti. Un osservatore aveva posto questa domanda: \u201cL\u2019elite dei super-ricchi e della finanza hanno tutti amici o conoscenti che sono lesbiche o gay? O ci sono spiegazioni pi\u00f9 profonde?\u201d(<\/em><em>7).<\/em> <\/span><\/p>\n<p style=\"text-align: justify;\"><span style=\"color: #000000;\">Ovviamente ve ne sono, e sono rappresentate dalla cabina di regia di questa operazione planetaria. <\/span><\/p>\n<p style=\"text-align: justify;\"><span style=\"color: #000000;\">Si legge nell\u2019editoriale di Tempi<em>: \u201cLa lobby omosessuale internazionale, che ha le sue roccaforti a New York, Washington D.C., San Francisco e Bruxelles (\u2026) riceve finanziamenti <\/em><em>(\u2026) <\/em><em>dall<\/em><strong><em>\u2019<\/em><\/strong><em>Open Society Institutedel finanziere George Soros, (\u2026) e dalla Rockefeller Foundation<\/em> <em>\u201d(8).<\/em><em> Soros e Rockefeller sono punte di lancia del sistema liberal, o progressista, se preferite. Poteri forti: il \u201cRockefeller Center\u201d a Manhattan, \u00e8 un supermercato di simboli massonici (9).<\/em>\u00a0<\/span><\/p>\n<p style=\"text-align: justify;\"><span style=\"color: #000000;\"> <img loading=\"lazy\" decoding=\"async\" class=\"size-full wp-image-30069 alignright\" src=\"https:\/\/www.rassegnastampa-totustuus.it\/cattolica\/wp-content\/uploads\/2005\/10\/Massoneria.jpg\" alt=\"\" width=\"230\" height=\"219\" \/>La chiave di lettura dell\u2019operazione gender \u00e8 quindi ideologica, non umanitaria, come cinguettano i mentitori di turno. <\/span><\/p>\n<p style=\"text-align: justify;\"><span style=\"color: #000000;\">Osservava a riguardo il cardinale Renato Martino, dal 1986 al 2002 osservatore permanente della<\/span> <span style=\"color: #0000ff;\"><a style=\"color: #0000ff;\" href=\"https:\/\/it.wikipedia.org\/wiki\/Santa_Sede\" target=\"_blank\" rel=\"noopener noreferrer\">Santa Sede<\/a><\/span> <span style=\"color: #000000;\">presso le Nazioni Unite: \u201c<em>Potenti lobby culturali, economiche e politiche mosse prevalentemente dal pregiudizio verso tutto quello che \u00e8 cristiano (\u2026) promuovono tenacemente la confusione dei ruoli e dell\u2019identit\u00e0 di genere\u201d <\/em><em>(10)<\/em><strong><em>.<\/em><\/strong> <\/span><\/p>\n<p style=\"text-align: justify;\"><span style=\"color: #000000;\">Occorre intendersi, per\u00f2. Le cronache degli ultimi decenni hanno presentato la massoneria come un comitato d\u2019affari tra i molti che popolano i sottoboschi delle democrazie, talvolta impegnata in cospirazioni di piccolo o medio cabotaggio. Questo, tutt\u2019al pi\u00f9, vale per i gradi inferiori della massoneria: i vertici sono in altre faccende affaccendati.<\/span><\/p>\n<p style=\"text-align: justify;\"><span style=\"color: #000000;\"><img loading=\"lazy\" decoding=\"async\" class=\"size-full wp-image-25865 alignleft\" src=\"https:\/\/www.rassegnastampa-totustuus.it\/cattolica\/wp-content\/uploads\/2013\/09\/massoneria.jpg\" alt=\"\" width=\"229\" height=\"221\" \/>Uno dei pi\u00f9 autorevoli massoni del secolo scorso, Alberto Cesare Ambesi, nel suo <em>Storia della Massoneria<\/em> (1971) distingueva tra massoni in qualche modo visibili, e \u201c<em>coloro che guidano il pi\u00f9 segreto lavoro massonico\u201d<\/em>(11).<\/span><\/p>\n<p style=\"text-align: justify;\"><span style=\"color: #000000;\"> Il pi\u00f9 segreto lavoro massonico persegue un unico obiettivo. Scriveva nel 1884 papa Leone XIII nell\u2019enciclica <em>Humanum genus<\/em>, il pi\u00f9 importante documento del magistero antimassonico della chiesa cattolica: \u201c<em>Il supremo obiettivo dei Frammassoni \u00e8 questo: distruggere da capo a fondo tutto l\u2019ordine religioso e sociale, qual fu creato dal Cristianesimo, e rifarlo dalle fondamenta secondo i loro progetti\u201d.<\/em><\/span><\/p>\n<p style=\"text-align: justify;\"><span style=\"color: #000000;\"><img loading=\"lazy\" decoding=\"async\" class=\"size-full wp-image-42180 alignright\" src=\"https:\/\/www.rassegnastampa-totustuus.it\/cattolica\/wp-content\/uploads\/2019\/02\/sesso-porn.jpg\" alt=\"\" width=\"275\" height=\"183\" \/>In questo quadro, per la massoneria, la promozione dell\u2019erotismo di massa e della trasgressione, ha sempre rivestito un ruolo fondamentale, e una funzionalit\u00e0 eversiva. <\/span><\/p>\n<p style=\"text-align: justify;\"><span style=\"color: #000000;\">Lo storico francese Robert Darnton ha pubblicato a riguardo un illuminante studio che ha per oggetto l\u2019editoria \u201cstrategica\u201d degli illuministi (12). Darnton ha consultato una mole enorme di fonti archivistiche, in particolare i documenti di una importante tipografia svizzera, relativi all\u2019 attivit\u00e0 editoriale nel periodo prerivoluzionario.<\/span><\/p>\n<p style=\"text-align: justify;\"><span style=\"color: #000000;\">Emerge che, tra il 1769 e il 1785, il mercato librario francese fu inondato di scritti ostili alla monarchia. Scorrendo i cataloghi, Darnton ha individuato 720 titoli dei generi letterari che andavano per la maggiore: libelli di diffamazione politica ai danni delle istituzioni, scritti anti-religiosi e scritti pornografici. <\/span><\/p>\n<p style=\"text-align: justify;\"><span style=\"color: #000000;\">Scrive Darnton: (13)\u201c<em>appena al di l\u00e0 delle frontiere francesi (\u2026) fuoriuscivano le opere appartenenti ad una letteratura libertina che minava i valori fondamentali dell\u2019Ancien r\u00e9gime\u201d.<\/em><\/span><\/p>\n<p style=\"text-align: justify;\"><span style=\"color: #000000;\"><img loading=\"lazy\" decoding=\"async\" class=\" wp-image-33411 alignleft\" src=\"https:\/\/www.rassegnastampa-totustuus.it\/cattolica\/wp-content\/uploads\/2005\/09\/illuminismo.jpg\" alt=\"\" width=\"353\" height=\"207\" \/>Passato il secolo illuminista, nel secolo liberale la ricetta non cambi\u00f2. <\/span><\/p>\n<p style=\"text-align: justify;\"><span style=\"color: #000000;\">Nel 1824 la gendarmeria pontificia sequestr\u00f2 circolari segrete, in forma di carteggio, di una loggia massonica coperta formata esclusivamente da aristocratici romani. <\/span><\/p>\n<p style=\"text-align: justify;\"><span style=\"color: #000000;\">Vi si legge: \u201c<em>Rendiamo popolare il vizio nelle moltitudini. \u00c8 necessario che lo respirino con i cinque sensi, che lo bevano, che ne siano sature. Fate dei cuori viziosi e voi non avrete pi\u00f9 cattolici\u201d. <\/em>Una consegna tanto infame da sembrare inverosimile.<\/span><\/p>\n<p style=\"text-align: justify;\"><span style=\"color: #000000;\"><img loading=\"lazy\" decoding=\"async\" class=\"size-full wp-image-21074 alignright\" src=\"https:\/\/www.rassegnastampa-totustuus.it\/cattolica\/wp-content\/uploads\/2010\/05\/Leone-XIII.jpg\" alt=\"\" width=\"207\" height=\"237\" \/>Forse un falso storico, creato ad arte? Invece \u00e8 Storia (14). Una storia che non si \u00e8 fermata. <\/span><\/p>\n<p style=\"text-align: justify;\"><span style=\"color: #000000;\">Mezzo secolo dopo, nella gi\u00e0 citata enciclica <em>Humanum genus<\/em>, Leone XIII scriveva: <em>\u201cNella setta massonica si sono trovati alcuni che dissero eproposero pubblicamenteche si doveva sistematicamente e con ogni mezzo saturare le masse con un\u2019illimitata libert\u00e0 in materia di vizi: una volta conseguito questo obiettivo, essi l\u2019avrebbero tenuta facilmente in loro potere\u201d.<\/em> <\/span><\/p>\n<p style=\"text-align: justify;\"><span style=\"color: #000000;\">Del resto, che l\u2019operazione gay pride abbia un\u2019anima politica, funzionale a fini inconfessati, non lo dice solo l\u2019evidenza: lo ha candidamente ammesso una persona informata sui fatti. <\/span><\/p>\n<p style=\"text-align: justify;\"><span style=\"color: #000000;\">Mario Mieli, caposcuola del movimentismo gay italiano negli anni 70, annotava nella sua tesi di laurea pubblicata in Italia e tradotta in tre lingue: \u201c<strong><em>Le prospettive del matrimonio tra omosessuali interessano molto pi\u00f9 il sistema che gli stessi gay riformisti<\/em><\/strong><em> (\u2026). In Svezia e anche in Norvegia la stampa e la televisione discutono il diritto degli omosessuali al matrimonio mentre le stesse organizzazioni gay moderate si limitano alla rivendicazione di una completa accettazione da parte della societ\u00e0 (\u2026). I<\/em><strong><em>l \u2018progressismo\u2019, medita un interesse totale all\u2019omosessualit\u00e0<\/em><\/strong><em>\u201d<\/em> (15).<\/span><\/p>\n<p style=\"text-align: justify;\"><span style=\"color: #000000;\"><img loading=\"lazy\" decoding=\"async\" class=\" wp-image-51955 alignleft\" src=\"https:\/\/www.rassegnastampa-totustuus.it\/cattolica\/wp-content\/uploads\/2021\/07\/gay_pride.jpg\" alt=\"\" width=\"323\" height=\"215\" \/>L\u2019interesse del sistema progressista, metastasi politica della massoneria, sta nel fatto che la sub-cultura omosessualista e gender, promette meraviglie in vista della distruzione dell\u2019etica collettiva cristiana, presupposto necessario per l\u2019edificazione di un nuovo ordine del mondo.<\/span><\/p>\n<p style=\"text-align: justify;\"><span style=\"color: #000000;\"><strong>Note<\/strong><strong>\u00a0\u00a0<\/strong><\/span><\/p>\n<p style=\"text-align: justify;\"><span style=\"color: #000000;\"> <strong>1)<\/strong> La materia \u00e8 stata trattata nell\u2019 articolo del 26 maggio<\/span> <span style=\"color: #0000ff;\"><a style=\"color: #0000ff;\" href=\"https:\/\/www.ricognizioni.it\/aborto-fino-al-giorno-della-nascita-ecco-il-valori-che-loccidente-difende-in-ucraina\/\" target=\"_blank\" rel=\"noreferrer noopener\">A<em>borto fin dalla nascita. Ecco i valori che l\u2019occidente difende in Ucraina<\/em><\/a><\/span><em>.<\/em><\/p>\n<p style=\"text-align: justify;\"><span style=\"color: #000000;\"><strong>2)<\/strong><a href=\"https:\/\/www.gay.it\/personaggi-gay-disney-plus\" target=\"_blank\" rel=\"noopener noreferrer\"><span style=\"color: #0000ff;\"> https:\/\/www.gay.it\/personaggi-gay-disney-plus<\/span><\/a> 8\/03\/2021. Articolo di Giorgio Arcuri<\/span><\/p>\n<p style=\"text-align: justify;\"><span style=\"color: #000000;\"><strong>3)<\/strong> <\/span><span style=\"color: #0000ff;\"><a style=\"color: #0000ff;\" href=\"https:\/\/www.marieclaire.it\/attualita\/gossip\/a38408057\/susan-arnold-disney\/\" target=\"_blank\" rel=\"noopener noreferrer\">https:\/\/www.marieclaire.it\/attualita\/gossip\/a38408057\/susan-arnold-disney\/<\/a><\/span><\/p>\n<p style=\"text-align: justify;\"><strong>4)<\/strong> <span style=\"color: #0000ff;\"><a style=\"color: #0000ff;\" href=\"https:\/\/www.breitbart.com\/entertainment\/2022\/03\/30\/watch-disney-exec-with-pansexual-child-says-not-enough-lead-characters-are-lgbtqia\/\" target=\"_blank\" rel=\"noopener noreferrer\">https:\/\/www.breitbart.com\/entertainment\/2022\/03\/30\/watch-disney-exec-with-pansexual-child-says-not-enough-lead-characters-are-lgbtqia\/<\/a><\/span><\/p>\n<p style=\"text-align: justify;\"><span style=\"color: #000000;\"><strong>5)<\/strong> <span style=\"color: #0000ff;\">news-yahoo.com\/disney-executive-producer-admits-gay\u00a0<\/span><\/span><\/p>\n<p style=\"text-align: justify;\"><span style=\"color: #000000;\"> <strong>6)<\/strong> <em>Tempi,<\/em> articolo di Mattia Sorbi. 6\/07\/2006<\/span> <span style=\"color: #0000ff;\"><a style=\"color: #0000ff;\" href=\"http:\/\/www.tempi.it\/lisola-del-tesoro-esiste-ed-molto-gay\" target=\"_blank\" rel=\"noopener noreferrer\">http:\/\/www.tempi.it\/lisola-del-tesoro-esiste-ed-molto-gay<\/a><\/span><\/p>\n<p style=\"text-align: justify;\"><span style=\"color: #000000;\"><strong>7)<\/strong><\/span> <span style=\"color: #0000ff;\"><a style=\"color: #0000ff;\" href=\"http:\/\/www.imolaoggi.it\/2013\/06\/30\/goldman-sachs-jp-morgan-e-i-miliardari-finanziano-le-nozze-gay\/\" target=\"_blank\" rel=\"noopener noreferrer\">http:\/\/www.imolaoggi.it\/2013\/06\/30\/goldman-sachs-jp-morgan-e-i-miliardari-finanziano-le-nozze-gay\/<\/a><\/span><\/p>\n<p style=\"text-align: justify;\"><span style=\"color: #000000;\"><strong>8<\/strong><strong>)<\/strong> Cfr <em>Tempi<\/em>, vedi nota n.6<\/span><\/p>\n<p style=\"text-align: justify;\"><span style=\"color: #000000;\"> <strong>9)<\/strong> Una panoramica completa dei simboli richiederebbe una trattazione a parte.Un esempio valga per tutti. L\u2019entrata del grattacielo principale del \u201cRockefeller Center\u201d, il GE Buinding, \u00e8 sormontato da un bassorilievo che raffigura il demiurgo massonico che crea il mondo con le dita aperte a compasso. Ma vi \u00e8 di peggio.<\/span><\/p>\n<p style=\"text-align: justify;\"><span style=\"color: #000000;\"><strong>10)<\/strong> Corriere della Sera, 19\/10\/2000<\/span><\/p>\n<p style=\"text-align: justify;\"><span style=\"color: #000000;\"><strong>11)<\/strong> Cfr.Alberto Cesare Ambesi, <em>Storia della massoneria<\/em>, De Vecchi Editore, Milano 1971, p.23.<\/span><\/p>\n<p style=\"text-align: justify;\"><span style=\"color: #000000;\"><strong>12)<\/strong> Cfr. Robert Darnton <em>Libri proibiti. Pornografia, satira e utopia all\u2019origine della rivoluzione francese <\/em>Mondadori, Milano 1997.<\/span><\/p>\n<p style=\"text-align: justify;\"><span style=\"color: #000000;\"><strong>13)<\/strong> Ibi, p.6<\/span><\/p>\n<p style=\"text-align: justify;\"><span style=\"color: #000000;\"><strong>14)<\/strong> Cfr. Enrico Delassuss <em>Il problema dell\u2019ora presente \u2013Antagonismo fra due civilt. Parte prima \u2013 Guerra alla civilt\u00e0 cristiana<\/em>, Roma, 1907, pp. 248-249. Ristampa anastatica. L\u2019autore dell\u2019opera, pubblicata in Francia nel 1904 e tradotta in italiano nel 1907, \u00e8 un sacerdote francese, direttore del periodico\u201c<em>Semaine religieuse de Cambrai<\/em>\u201d, con imprimatur dell\u2019arcivescovo del luogo. Il libro fu inviato per conoscenza e in omaggio a Papa S. Pio X.\u00a0\u00a0\u00a0\u00a0\u00a0\u00a0 <strong>15)<\/strong> Mario Mieli <em>Elementi di critica omosessuale<\/em>, Torino, Einaudi 1977, p. 87. Ediz. Inglese: O<em>mosexuality and liberation: elements of a gay critique,<\/em> Gay Men\u2019s Press, <a style=\"color: #000000;\" href=\"https:\/\/it.wikipedia.org\/wiki\/1980\">1980<\/a>. Ediz. Spagnola:\u00a0El<em>ementos de cr\u00edtica homosexual, <\/em>Anagrama, 1979<\/span>.<\/p>\n<p>____________________________________<\/p>\n<p><strong>Leggi anche:<\/strong><\/p>\n<p><a href=\"https:\/\/www.rassegnastampa-totustuus.it\/cattolica\/il-suicidio-delloccidente-conclusioni\/\" target=\"_blank\" rel=\"noopener\"><span style=\"color: #0000ff;\">Il suicidio dell&#8217;Occidente\u00a0<\/span><\/a><\/p>\n","protected":false},"excerpt":{"rendered":"<p>Ricognizioni Giugno 29, 2022 Mario Di Giovanni \u00a0 Dmitri Medvedev, vicepresidente del Consiglio di Sicurezza russo, ha recentemente definito gli occidentali \u201cdegenerati e bastardi\u201d. Per poco che ci si addentri nella vita della societ\u00e0 \u201catlantica\u201d, questa appare una constatazione di fatto, pi\u00f9 che un insulto, Ne prendiamo atto, per esempio, negli scenari dell\u2019aborto di massa &hellip; <\/p>\n<p><a class=\"more-link btn\" href=\"https:\/\/www.rassegnastampa-totustuus.it\/cattolica\/occidente-libertino-in-guerra-contro-lordine-cristiano\/\">Continua a leggere<\/a><\/p>\n","protected":false},"author":6,"featured_media":54466,"comment_status":"closed","ping_status":"closed","sticky":false,"template":"","format":"standard","meta":{"footnotes":""},"categories":[125,103,69,48],"tags":[916,168,2499,2396],"class_list":["post-54465","post","type-post","status-publish","format-standard","has-post-thumbnail","hentry","category-ideologia-del-gender","category-laicismo","category-massoneria","category-omosessualit","tag-ideologia-gay","tag-laicismo-2","tag-lgbt","tag-massoneria","item-wrap"],"yoast_head":"<!-- This site is optimized with the Yoast SEO plugin v27.5 - https:\/\/yoast.com\/product\/yoast-seo-wordpress\/ -->\n<title>Occidente libertino in guerra contro l\u2019Ordine Cristiano\u00a0\u00a0 - Rassegna Stampa Cattolica<\/title>\n<meta name=\"description\" content=\"Occidente libertino in guerra contro l\u2019Ordine Cristiano\u00a0con nuovi modelli pedagogici, ideologia Lgbt e lobby\" \/>\n<meta name=\"robots\" content=\"index, follow, max-snippet:-1, max-image-preview:large, max-video-preview:-1\" \/>\n<link rel=\"canonical\" href=\"https:\/\/www.rassegnastampa-totustuus.it\/cattolica\/occidente-libertino-in-guerra-contro-lordine-cristiano\/\" \/>\n<meta property=\"og:locale\" content=\"it_IT\" \/>\n<meta property=\"og:type\" content=\"article\" \/>\n<meta property=\"og:title\" content=\"Occidente libertino in guerra contro l\u2019Ordine Cristiano\u00a0\u00a0 - Rassegna Stampa Cattolica\" \/>\n<meta property=\"og:description\" content=\"Occidente libertino in guerra contro l\u2019Ordine Cristiano\u00a0con nuovi modelli pedagogici, ideologia Lgbt e lobby\" \/>\n<meta property=\"og:url\" content=\"https:\/\/www.rassegnastampa-totustuus.it\/cattolica\/occidente-libertino-in-guerra-contro-lordine-cristiano\/\" \/>\n<meta property=\"og:site_name\" content=\"Rassegna Stampa Cattolica\" \/>\n<meta property=\"article:publisher\" content=\"https:\/\/www.facebook.com\/rassegnastampacattolica\" \/>\n<meta property=\"article:published_time\" content=\"2022-07-20T22:00:44+00:00\" \/>\n<meta property=\"article:modified_time\" content=\"2024-04-04T10:35:29+00:00\" \/>\n<meta property=\"og:image\" content=\"https:\/\/www.rassegnastampa-totustuus.it\/cattolica\/wp-content\/uploads\/2022\/07\/ateismo_anticristianesimo.jpg\" \/>\n\t<meta property=\"og:image:width\" content=\"318\" \/>\n\t<meta property=\"og:image:height\" content=\"159\" \/>\n\t<meta property=\"og:image:type\" content=\"image\/jpeg\" \/>\n<meta name=\"author\" content=\"Redazione\" \/>\n<meta name=\"twitter:card\" content=\"summary_large_image\" \/>\n<meta name=\"twitter:creator\" content=\"@rassegnastampa9\" \/>\n<meta name=\"twitter:site\" content=\"@rassegnastampa9\" \/>\n<meta name=\"twitter:label1\" content=\"Scritto da\" \/>\n\t<meta name=\"twitter:data1\" content=\"Redazione\" \/>\n\t<meta name=\"twitter:label2\" content=\"Tempo di lettura stimato\" \/>\n\t<meta name=\"twitter:data2\" content=\"14 minuti\" \/>\n<script type=\"application\/ld+json\" class=\"yoast-schema-graph\">{\"@context\":\"https:\\\/\\\/schema.org\",\"@graph\":[{\"@type\":\"Article\",\"@id\":\"https:\\\/\\\/www.rassegnastampa-totustuus.it\\\/cattolica\\\/occidente-libertino-in-guerra-contro-lordine-cristiano\\\/#article\",\"isPartOf\":{\"@id\":\"https:\\\/\\\/www.rassegnastampa-totustuus.it\\\/cattolica\\\/occidente-libertino-in-guerra-contro-lordine-cristiano\\\/\"},\"author\":{\"name\":\"Redazione\",\"@id\":\"https:\\\/\\\/www.rassegnastampa-totustuus.it\\\/cattolica\\\/#\\\/schema\\\/person\\\/08f319d2bd1a0904ad9e2bfb7b15e5c3\"},\"headline\":\"Occidente libertino in guerra contro l\u2019Ordine Cristiano\u00a0\u00a0\",\"datePublished\":\"2022-07-20T22:00:44+00:00\",\"dateModified\":\"2024-04-04T10:35:29+00:00\",\"mainEntityOfPage\":{\"@id\":\"https:\\\/\\\/www.rassegnastampa-totustuus.it\\\/cattolica\\\/occidente-libertino-in-guerra-contro-lordine-cristiano\\\/\"},\"wordCount\":1916,\"publisher\":{\"@id\":\"https:\\\/\\\/www.rassegnastampa-totustuus.it\\\/cattolica\\\/#organization\"},\"image\":{\"@id\":\"https:\\\/\\\/www.rassegnastampa-totustuus.it\\\/cattolica\\\/occidente-libertino-in-guerra-contro-lordine-cristiano\\\/#primaryimage\"},\"thumbnailUrl\":\"https:\\\/\\\/www.rassegnastampa-totustuus.it\\\/cattolica\\\/wp-content\\\/uploads\\\/2022\\\/07\\\/ateismo_anticristianesimo.jpg\",\"keywords\":[\"ideologia gay\",\"laicismo\",\"Lgbt\",\"Massoneria\"],\"articleSection\":[\"Ideologia del gender\",\"Laicismo\",\"Massoneria\",\"Omosessualit&agrave;\"],\"inLanguage\":\"it-IT\"},{\"@type\":\"WebPage\",\"@id\":\"https:\\\/\\\/www.rassegnastampa-totustuus.it\\\/cattolica\\\/occidente-libertino-in-guerra-contro-lordine-cristiano\\\/\",\"url\":\"https:\\\/\\\/www.rassegnastampa-totustuus.it\\\/cattolica\\\/occidente-libertino-in-guerra-contro-lordine-cristiano\\\/\",\"name\":\"Occidente libertino in guerra contro l\u2019Ordine Cristiano\u00a0\u00a0 - Rassegna Stampa Cattolica\",\"isPartOf\":{\"@id\":\"https:\\\/\\\/www.rassegnastampa-totustuus.it\\\/cattolica\\\/#website\"},\"primaryImageOfPage\":{\"@id\":\"https:\\\/\\\/www.rassegnastampa-totustuus.it\\\/cattolica\\\/occidente-libertino-in-guerra-contro-lordine-cristiano\\\/#primaryimage\"},\"image\":{\"@id\":\"https:\\\/\\\/www.rassegnastampa-totustuus.it\\\/cattolica\\\/occidente-libertino-in-guerra-contro-lordine-cristiano\\\/#primaryimage\"},\"thumbnailUrl\":\"https:\\\/\\\/www.rassegnastampa-totustuus.it\\\/cattolica\\\/wp-content\\\/uploads\\\/2022\\\/07\\\/ateismo_anticristianesimo.jpg\",\"datePublished\":\"2022-07-20T22:00:44+00:00\",\"dateModified\":\"2024-04-04T10:35:29+00:00\",\"description\":\"Occidente libertino in guerra contro l\u2019Ordine Cristiano\u00a0con nuovi modelli pedagogici, ideologia Lgbt e lobby\",\"breadcrumb\":{\"@id\":\"https:\\\/\\\/www.rassegnastampa-totustuus.it\\\/cattolica\\\/occidente-libertino-in-guerra-contro-lordine-cristiano\\\/#breadcrumb\"},\"inLanguage\":\"it-IT\",\"potentialAction\":[{\"@type\":\"ReadAction\",\"target\":[\"https:\\\/\\\/www.rassegnastampa-totustuus.it\\\/cattolica\\\/occidente-libertino-in-guerra-contro-lordine-cristiano\\\/\"]}]},{\"@type\":\"ImageObject\",\"inLanguage\":\"it-IT\",\"@id\":\"https:\\\/\\\/www.rassegnastampa-totustuus.it\\\/cattolica\\\/occidente-libertino-in-guerra-contro-lordine-cristiano\\\/#primaryimage\",\"url\":\"https:\\\/\\\/www.rassegnastampa-totustuus.it\\\/cattolica\\\/wp-content\\\/uploads\\\/2022\\\/07\\\/ateismo_anticristianesimo.jpg\",\"contentUrl\":\"https:\\\/\\\/www.rassegnastampa-totustuus.it\\\/cattolica\\\/wp-content\\\/uploads\\\/2022\\\/07\\\/ateismo_anticristianesimo.jpg\",\"width\":318,\"height\":159},{\"@type\":\"BreadcrumbList\",\"@id\":\"https:\\\/\\\/www.rassegnastampa-totustuus.it\\\/cattolica\\\/occidente-libertino-in-guerra-contro-lordine-cristiano\\\/#breadcrumb\",\"itemListElement\":[{\"@type\":\"ListItem\",\"position\":1,\"name\":\"Home\",\"item\":\"https:\\\/\\\/www.rassegnastampa-totustuus.it\\\/cattolica\\\/\"},{\"@type\":\"ListItem\",\"position\":2,\"name\":\"Occidente libertino in guerra contro l\u2019Ordine Cristiano\u00a0\u00a0\"}]},{\"@type\":\"WebSite\",\"@id\":\"https:\\\/\\\/www.rassegnastampa-totustuus.it\\\/cattolica\\\/#website\",\"url\":\"https:\\\/\\\/www.rassegnastampa-totustuus.it\\\/cattolica\\\/\",\"name\":\"Rassegna Stampa Cattolica\",\"description\":\"Per una cultura che nasce dalla Rivelazione cristiana in conformit\u00e0 alla tradizione e al Magistero della Chiesa in opposizione ad ogni relativismo e totalitarismo\",\"publisher\":{\"@id\":\"https:\\\/\\\/www.rassegnastampa-totustuus.it\\\/cattolica\\\/#organization\"},\"alternateName\":\"Rass. Cattolica\",\"potentialAction\":[{\"@type\":\"SearchAction\",\"target\":{\"@type\":\"EntryPoint\",\"urlTemplate\":\"https:\\\/\\\/www.rassegnastampa-totustuus.it\\\/cattolica\\\/?s={search_term_string}\"},\"query-input\":{\"@type\":\"PropertyValueSpecification\",\"valueRequired\":true,\"valueName\":\"search_term_string\"}}],\"inLanguage\":\"it-IT\"},{\"@type\":\"Organization\",\"@id\":\"https:\\\/\\\/www.rassegnastampa-totustuus.it\\\/cattolica\\\/#organization\",\"name\":\"Rassegna Stampa Cattolica\",\"url\":\"https:\\\/\\\/www.rassegnastampa-totustuus.it\\\/cattolica\\\/\",\"logo\":{\"@type\":\"ImageObject\",\"inLanguage\":\"it-IT\",\"@id\":\"https:\\\/\\\/www.rassegnastampa-totustuus.it\\\/cattolica\\\/#\\\/schema\\\/logo\\\/image\\\/\",\"url\":\"https:\\\/\\\/www.rassegnastampa-totustuus.it\\\/cattolica\\\/wp-content\\\/uploads\\\/2014\\\/04\\\/logo-rassegna1.gif\",\"contentUrl\":\"https:\\\/\\\/www.rassegnastampa-totustuus.it\\\/cattolica\\\/wp-content\\\/uploads\\\/2014\\\/04\\\/logo-rassegna1.gif\",\"width\":600,\"height\":163,\"caption\":\"Rassegna Stampa Cattolica\"},\"image\":{\"@id\":\"https:\\\/\\\/www.rassegnastampa-totustuus.it\\\/cattolica\\\/#\\\/schema\\\/logo\\\/image\\\/\"},\"sameAs\":[\"https:\\\/\\\/www.facebook.com\\\/rassegnastampacattolica\",\"https:\\\/\\\/x.com\\\/rassegnastampa9\"]},{\"@type\":\"Person\",\"@id\":\"https:\\\/\\\/www.rassegnastampa-totustuus.it\\\/cattolica\\\/#\\\/schema\\\/person\\\/08f319d2bd1a0904ad9e2bfb7b15e5c3\",\"name\":\"Redazione\",\"image\":{\"@type\":\"ImageObject\",\"inLanguage\":\"it-IT\",\"@id\":\"https:\\\/\\\/secure.gravatar.com\\\/avatar\\\/2fcdf27c78ea025fbdb44e914cc63c72249ffec9dc8aafd5c82b26240ef3f346?s=96&d=mm&r=g\",\"url\":\"https:\\\/\\\/secure.gravatar.com\\\/avatar\\\/2fcdf27c78ea025fbdb44e914cc63c72249ffec9dc8aafd5c82b26240ef3f346?s=96&d=mm&r=g\",\"contentUrl\":\"https:\\\/\\\/secure.gravatar.com\\\/avatar\\\/2fcdf27c78ea025fbdb44e914cc63c72249ffec9dc8aafd5c82b26240ef3f346?s=96&d=mm&r=g\",\"caption\":\"Redazione\"},\"url\":\"https:\\\/\\\/www.rassegnastampa-totustuus.it\\\/cattolica\\\/author\\\/pietroelle\\\/\"}]}<\/script>\n<!-- \/ Yoast SEO plugin. -->","yoast_head_json":{"title":"Occidente libertino in guerra contro l\u2019Ordine Cristiano\u00a0\u00a0 - Rassegna Stampa Cattolica","description":"Occidente libertino in guerra contro l\u2019Ordine Cristiano\u00a0con nuovi modelli pedagogici, ideologia Lgbt e lobby","robots":{"index":"index","follow":"follow","max-snippet":"max-snippet:-1","max-image-preview":"max-image-preview:large","max-video-preview":"max-video-preview:-1"},"canonical":"https:\/\/www.rassegnastampa-totustuus.it\/cattolica\/occidente-libertino-in-guerra-contro-lordine-cristiano\/","og_locale":"it_IT","og_type":"article","og_title":"Occidente libertino in guerra contro l\u2019Ordine Cristiano\u00a0\u00a0 - Rassegna Stampa Cattolica","og_description":"Occidente libertino in guerra contro l\u2019Ordine Cristiano\u00a0con nuovi modelli pedagogici, ideologia Lgbt e lobby","og_url":"https:\/\/www.rassegnastampa-totustuus.it\/cattolica\/occidente-libertino-in-guerra-contro-lordine-cristiano\/","og_site_name":"Rassegna Stampa Cattolica","article_publisher":"https:\/\/www.facebook.com\/rassegnastampacattolica","article_published_time":"2022-07-20T22:00:44+00:00","article_modified_time":"2024-04-04T10:35:29+00:00","og_image":[{"width":318,"height":159,"url":"https:\/\/www.rassegnastampa-totustuus.it\/cattolica\/wp-content\/uploads\/2022\/07\/ateismo_anticristianesimo.jpg","type":"image\/jpeg"}],"author":"Redazione","twitter_card":"summary_large_image","twitter_creator":"@rassegnastampa9","twitter_site":"@rassegnastampa9","twitter_misc":{"Scritto da":"Redazione","Tempo di lettura stimato":"14 minuti"},"schema":{"@context":"https:\/\/schema.org","@graph":[{"@type":"Article","@id":"https:\/\/www.rassegnastampa-totustuus.it\/cattolica\/occidente-libertino-in-guerra-contro-lordine-cristiano\/#article","isPartOf":{"@id":"https:\/\/www.rassegnastampa-totustuus.it\/cattolica\/occidente-libertino-in-guerra-contro-lordine-cristiano\/"},"author":{"name":"Redazione","@id":"https:\/\/www.rassegnastampa-totustuus.it\/cattolica\/#\/schema\/person\/08f319d2bd1a0904ad9e2bfb7b15e5c3"},"headline":"Occidente libertino in guerra contro l\u2019Ordine Cristiano\u00a0\u00a0","datePublished":"2022-07-20T22:00:44+00:00","dateModified":"2024-04-04T10:35:29+00:00","mainEntityOfPage":{"@id":"https:\/\/www.rassegnastampa-totustuus.it\/cattolica\/occidente-libertino-in-guerra-contro-lordine-cristiano\/"},"wordCount":1916,"publisher":{"@id":"https:\/\/www.rassegnastampa-totustuus.it\/cattolica\/#organization"},"image":{"@id":"https:\/\/www.rassegnastampa-totustuus.it\/cattolica\/occidente-libertino-in-guerra-contro-lordine-cristiano\/#primaryimage"},"thumbnailUrl":"https:\/\/www.rassegnastampa-totustuus.it\/cattolica\/wp-content\/uploads\/2022\/07\/ateismo_anticristianesimo.jpg","keywords":["ideologia gay","laicismo","Lgbt","Massoneria"],"articleSection":["Ideologia del gender","Laicismo","Massoneria","Omosessualit&agrave;"],"inLanguage":"it-IT"},{"@type":"WebPage","@id":"https:\/\/www.rassegnastampa-totustuus.it\/cattolica\/occidente-libertino-in-guerra-contro-lordine-cristiano\/","url":"https:\/\/www.rassegnastampa-totustuus.it\/cattolica\/occidente-libertino-in-guerra-contro-lordine-cristiano\/","name":"Occidente libertino in guerra contro l\u2019Ordine Cristiano\u00a0\u00a0 - Rassegna Stampa Cattolica","isPartOf":{"@id":"https:\/\/www.rassegnastampa-totustuus.it\/cattolica\/#website"},"primaryImageOfPage":{"@id":"https:\/\/www.rassegnastampa-totustuus.it\/cattolica\/occidente-libertino-in-guerra-contro-lordine-cristiano\/#primaryimage"},"image":{"@id":"https:\/\/www.rassegnastampa-totustuus.it\/cattolica\/occidente-libertino-in-guerra-contro-lordine-cristiano\/#primaryimage"},"thumbnailUrl":"https:\/\/www.rassegnastampa-totustuus.it\/cattolica\/wp-content\/uploads\/2022\/07\/ateismo_anticristianesimo.jpg","datePublished":"2022-07-20T22:00:44+00:00","dateModified":"2024-04-04T10:35:29+00:00","description":"Occidente libertino in guerra contro l\u2019Ordine Cristiano\u00a0con nuovi modelli pedagogici, ideologia Lgbt e lobby","breadcrumb":{"@id":"https:\/\/www.rassegnastampa-totustuus.it\/cattolica\/occidente-libertino-in-guerra-contro-lordine-cristiano\/#breadcrumb"},"inLanguage":"it-IT","potentialAction":[{"@type":"ReadAction","target":["https:\/\/www.rassegnastampa-totustuus.it\/cattolica\/occidente-libertino-in-guerra-contro-lordine-cristiano\/"]}]},{"@type":"ImageObject","inLanguage":"it-IT","@id":"https:\/\/www.rassegnastampa-totustuus.it\/cattolica\/occidente-libertino-in-guerra-contro-lordine-cristiano\/#primaryimage","url":"https:\/\/www.rassegnastampa-totustuus.it\/cattolica\/wp-content\/uploads\/2022\/07\/ateismo_anticristianesimo.jpg","contentUrl":"https:\/\/www.rassegnastampa-totustuus.it\/cattolica\/wp-content\/uploads\/2022\/07\/ateismo_anticristianesimo.jpg","width":318,"height":159},{"@type":"BreadcrumbList","@id":"https:\/\/www.rassegnastampa-totustuus.it\/cattolica\/occidente-libertino-in-guerra-contro-lordine-cristiano\/#breadcrumb","itemListElement":[{"@type":"ListItem","position":1,"name":"Home","item":"https:\/\/www.rassegnastampa-totustuus.it\/cattolica\/"},{"@type":"ListItem","position":2,"name":"Occidente libertino in guerra contro l\u2019Ordine Cristiano\u00a0\u00a0"}]},{"@type":"WebSite","@id":"https:\/\/www.rassegnastampa-totustuus.it\/cattolica\/#website","url":"https:\/\/www.rassegnastampa-totustuus.it\/cattolica\/","name":"Rassegna Stampa Cattolica","description":"Per una cultura che nasce dalla Rivelazione cristiana in conformit\u00e0 alla tradizione e al Magistero della Chiesa in opposizione ad ogni relativismo e totalitarismo","publisher":{"@id":"https:\/\/www.rassegnastampa-totustuus.it\/cattolica\/#organization"},"alternateName":"Rass. Cattolica","potentialAction":[{"@type":"SearchAction","target":{"@type":"EntryPoint","urlTemplate":"https:\/\/www.rassegnastampa-totustuus.it\/cattolica\/?s={search_term_string}"},"query-input":{"@type":"PropertyValueSpecification","valueRequired":true,"valueName":"search_term_string"}}],"inLanguage":"it-IT"},{"@type":"Organization","@id":"https:\/\/www.rassegnastampa-totustuus.it\/cattolica\/#organization","name":"Rassegna Stampa Cattolica","url":"https:\/\/www.rassegnastampa-totustuus.it\/cattolica\/","logo":{"@type":"ImageObject","inLanguage":"it-IT","@id":"https:\/\/www.rassegnastampa-totustuus.it\/cattolica\/#\/schema\/logo\/image\/","url":"https:\/\/www.rassegnastampa-totustuus.it\/cattolica\/wp-content\/uploads\/2014\/04\/logo-rassegna1.gif","contentUrl":"https:\/\/www.rassegnastampa-totustuus.it\/cattolica\/wp-content\/uploads\/2014\/04\/logo-rassegna1.gif","width":600,"height":163,"caption":"Rassegna Stampa Cattolica"},"image":{"@id":"https:\/\/www.rassegnastampa-totustuus.it\/cattolica\/#\/schema\/logo\/image\/"},"sameAs":["https:\/\/www.facebook.com\/rassegnastampacattolica","https:\/\/x.com\/rassegnastampa9"]},{"@type":"Person","@id":"https:\/\/www.rassegnastampa-totustuus.it\/cattolica\/#\/schema\/person\/08f319d2bd1a0904ad9e2bfb7b15e5c3","name":"Redazione","image":{"@type":"ImageObject","inLanguage":"it-IT","@id":"https:\/\/secure.gravatar.com\/avatar\/2fcdf27c78ea025fbdb44e914cc63c72249ffec9dc8aafd5c82b26240ef3f346?s=96&d=mm&r=g","url":"https:\/\/secure.gravatar.com\/avatar\/2fcdf27c78ea025fbdb44e914cc63c72249ffec9dc8aafd5c82b26240ef3f346?s=96&d=mm&r=g","contentUrl":"https:\/\/secure.gravatar.com\/avatar\/2fcdf27c78ea025fbdb44e914cc63c72249ffec9dc8aafd5c82b26240ef3f346?s=96&d=mm&r=g","caption":"Redazione"},"url":"https:\/\/www.rassegnastampa-totustuus.it\/cattolica\/author\/pietroelle\/"}]}},"_links":{"self":[{"href":"https:\/\/www.rassegnastampa-totustuus.it\/cattolica\/wp-json\/wp\/v2\/posts\/54465","targetHints":{"allow":["GET"]}}],"collection":[{"href":"https:\/\/www.rassegnastampa-totustuus.it\/cattolica\/wp-json\/wp\/v2\/posts"}],"about":[{"href":"https:\/\/www.rassegnastampa-totustuus.it\/cattolica\/wp-json\/wp\/v2\/types\/post"}],"author":[{"embeddable":true,"href":"https:\/\/www.rassegnastampa-totustuus.it\/cattolica\/wp-json\/wp\/v2\/users\/6"}],"replies":[{"embeddable":true,"href":"https:\/\/www.rassegnastampa-totustuus.it\/cattolica\/wp-json\/wp\/v2\/comments?post=54465"}],"version-history":[{"count":3,"href":"https:\/\/www.rassegnastampa-totustuus.it\/cattolica\/wp-json\/wp\/v2\/posts\/54465\/revisions"}],"predecessor-version":[{"id":59961,"href":"https:\/\/www.rassegnastampa-totustuus.it\/cattolica\/wp-json\/wp\/v2\/posts\/54465\/revisions\/59961"}],"wp:featuredmedia":[{"embeddable":true,"href":"https:\/\/www.rassegnastampa-totustuus.it\/cattolica\/wp-json\/wp\/v2\/media\/54466"}],"wp:attachment":[{"href":"https:\/\/www.rassegnastampa-totustuus.it\/cattolica\/wp-json\/wp\/v2\/media?parent=54465"}],"wp:term":[{"taxonomy":"category","embeddable":true,"href":"https:\/\/www.rassegnastampa-totustuus.it\/cattolica\/wp-json\/wp\/v2\/categories?post=54465"},{"taxonomy":"post_tag","embeddable":true,"href":"https:\/\/www.rassegnastampa-totustuus.it\/cattolica\/wp-json\/wp\/v2\/tags?post=54465"}],"curies":[{"name":"wp","href":"https:\/\/api.w.org\/{rel}","templated":true}]}}