{"id":54419,"date":"2022-07-14T00:00:50","date_gmt":"2022-07-13T22:00:50","guid":{"rendered":"http:\/\/www.rassegnastampa-totustuus.it\/cattolica\/?p=54419"},"modified":"2024-04-05T13:03:22","modified_gmt":"2024-04-05T11:03:22","slug":"cannabis-e-legalizzazione-le-ragioni-del-no","status":"publish","type":"post","link":"https:\/\/www.rassegnastampa-totustuus.it\/cattolica\/cannabis-e-legalizzazione-le-ragioni-del-no\/","title":{"rendered":"\u201cCannabis e legalizzazione: le ragioni del no\u201d\u00a0\u00a0"},"content":{"rendered":"<p style=\"text-align: center;\"><strong><img loading=\"lazy\" decoding=\"async\" class=\"size-full wp-image-25132 alignright\" src=\"https:\/\/www.rassegnastampa-totustuus.it\/cattolica\/wp-content\/uploads\/2013\/04\/legalizza_droga.jpg\" alt=\"\" width=\"190\" height=\"266\" \/><a href=\"https:\/\/www.tempi.it\/\" target=\"_blank\" rel=\"noopener\">Tempi <\/a><\/strong><span style=\"color: #000000;\">9 Luglio 2022<\/span><\/p>\n<p style=\"text-align: justify;\"><span style=\"color: #000000;\"><em>Convegno a Milano con Locatelli, Costa, Mantovano e Chiaron. Dove si \u00e8 espressa una voce diversa da quella che va per la maggiore. E basata su argomenti e dati<\/em><\/span><\/p>\n<p style=\"text-align: center;\"><strong><span style=\"color: #000000;\">Rachele Schirle<\/span> <\/strong><\/p>\n<p><!--more--><\/p>\n<p style=\"text-align: justify;\"><span style=\"color: #000000;\">\u00abIl nostro non \u00e8 un convegno \u201ccontro\u201d qualcuno, ma un incontro per esprimere un\u2019altra voce, che \u00e8 la voce di tanti. Il dibattito \u00e8 fecondo quando \u00e8 basato su argomenti e su dati. Quindi noi ribadiamo la necessit\u00e0 che sulla droga serva pi\u00f9 prevenzione e un recupero integrale delle persone. <\/span><\/p>\n<p style=\"text-align: justify;\"><span style=\"color: #000000;\">Vanno valorizzate le comunit\u00e0 di recupero, che di queste persone si occupano\u00bb. Queste le parole con cui Roberto Respinti, del Centro Studi Livatino, ha chiuso l\u2019incontro organizzato a Milano, \u201cCannabis e legalizzazione: le ragioni del no\u201d, organizzato dal Centro Studi Livatino e da Sui tetti.<\/span><\/p>\n<p style=\"text-align: justify;\"><span style=\"color: #000000;\">Un convegno che si \u00e8 svolto in contemporanea a quello, di tono opposto, svoltosi sempre nel capoluogo lombardo col sostegno del Pd. Proprio in questi giorni inizia alla Camera dei deputati l\u2019iter di discussione della proposta di legge che mira alla legalizzazione della coltivazione e della detenzione della cannabis.<\/span><\/p>\n<h4 style=\"text-align: center;\"><span style=\"color: #000000;\"><strong>La linea di confine \u00e8 la concezione della libert\u00e0 <\/strong><\/span><\/h4>\n<p style=\"text-align: justify;\"><span style=\"color: #000000;\"><img loading=\"lazy\" decoding=\"async\" class=\"size-medium wp-image-45277 alignleft\" src=\"https:\/\/www.rassegnastampa-totustuus.it\/cattolica\/wp-content\/uploads\/2019\/11\/saviano_droga-300x168.jpg\" alt=\"\" width=\"300\" height=\"168\" \/>Nella sala del Pirellone si sono dati appuntamento i contrari anche se, come ha spiegato il magistrato Alfredo Mantovano (autore, fra gli altri, del volume<\/span> <span style=\"color: #0000ff;\"><a style=\"color: #0000ff;\" href=\"https:\/\/www.tempi.it\/droga-liberta-di-spacciare-come-bene-coltivazione-nulla\/\" target=\"_blank\" rel=\"noreferrer noopener\"><em><strong>Droga. Le ragioni del no<\/strong><\/em><\/a><\/span>), <span style=\"color: #000000;\">\u00abla vera questione non \u00e8 determinare quanti milligrammi si debbano consentire o determinare l\u2019importo delle sanzioni. <\/span><\/p>\n<p style=\"text-align: justify;\"><span style=\"color: #000000;\">La vera questione \u00e8 cosa intendiamo per libert\u00e0. Questa \u00e8 la linea di confine. Chi vuole liberalizzare come in Olanda o in Colorado ha un\u2019idea di libert\u00e0 che \u00e8 \u201cfare quel che si vuole\u201d. Noi pensiamo che libert\u00e0 \u00e8 porsi nelle condizioni di rispettare la propria dignit\u00e0\u00bb.<\/span><\/p>\n<p style=\"text-align: justify;\"><span style=\"color: #000000;\">A confrontarsi sul tema sono stati chiamati diversi esperti: Carlo Locatelli, direttore del Centro Antiveleni-Centro Nazionale di Informazione Tossicologica, Antonio Maria Costa, gi\u00e0 Vice segretario Onu e Direttore Esecutivo dell\u2019Ufficio delle Nazioni Unite contro la Droga e il Crimine-UNODC, il gi\u00e0 citato Mantovano, Vicepresidente del Centro Studi Rosario Livatino, e Elena Chiaron, psicologa e esponente della Comunit\u00e0 Promozione Umana Onlus di Milano.<\/span><\/p>\n<h4 style=\"text-align: center;\"><span style=\"color: #000000;\"><strong>Ragioni mediche<\/strong><\/span><\/h4>\n<p style=\"text-align: justify;\"><span style=\"color: #000000;\"><img loading=\"lazy\" decoding=\"async\" class=\"wp-image-43097 alignright\" src=\"https:\/\/www.rassegnastampa-totustuus.it\/cattolica\/wp-content\/uploads\/2019\/05\/droga_marijuana-300x200.jpg\" alt=\"\" width=\"330\" height=\"220\" srcset=\"https:\/\/www.rassegnastampa-totustuus.it\/cattolica\/wp-content\/uploads\/2019\/05\/droga_marijuana-300x200.jpg 300w, https:\/\/www.rassegnastampa-totustuus.it\/cattolica\/wp-content\/uploads\/2019\/05\/droga_marijuana-768x512.jpg 768w, https:\/\/www.rassegnastampa-totustuus.it\/cattolica\/wp-content\/uploads\/2019\/05\/droga_marijuana-1024x683.jpg 1024w, https:\/\/www.rassegnastampa-totustuus.it\/cattolica\/wp-content\/uploads\/2019\/05\/droga_marijuana.jpg 1284w\" sizes=\"auto, (max-width: 330px) 100vw, 330px\" \/>Locatelli ha illustrato i motivi per cui, da un punto di vista strettamente medico, la distinzione tra droghe leggere e pesanti \u00e8 artificiosa. <\/span><\/p>\n<p style=\"text-align: justify;\"><span style=\"color: #000000;\">Citando studi e numeri, il direttore del Centro Antiveleni ha voluto fare un discorso di verit\u00e0 per smontare uno dei pi\u00f9 diffusi miti sulla cannabis. <\/span><\/p>\n<p style=\"text-align: justify;\"><span style=\"color: #000000;\">Non \u00e8 cos\u00ec: i danni esistono e sono pesanti. E ad essere colpita oggi \u00e8 una fetta di popolazione sempre pi\u00f9 giovane e mal informata, poco consapevole dei rischi cui va incontro.\u00a0<\/span><\/p>\n<p style=\"text-align: justify;\"><span style=\"color: #000000;\">Costa ha proseguito sulla stessa linea, affrontando di petto quella che ha definito la \u00ablobby della cannabis\u00bb. <\/span><\/p>\n<p style=\"text-align: justify;\"><span style=\"color: #000000;\">Oggi la diffusione della droga avviene grazie al sostegno della criminalit\u00e0 organizzate e delle banche (\u00abin galera ci vanno solo i piccoli spacciatori, perch\u00e9 non anche i banchieri canaglia?\u00bb) e oggi anche di alcuni Stati (\u00abma il danno provocato dalla cannabis ha un costo sociale che la societ\u00e0 ha il dovere di contrastare\u00bb). <\/span><\/p>\n<p style=\"text-align: justify;\"><span style=\"color: #000000;\">Per Costa \u00e8 indispensabile il lavoro di scuola e famiglia prima, e delle comunit\u00e0 di recupero dopo.<\/span><\/p>\n<h4 style=\"text-align: center;\"><span style=\"color: #000000;\"><strong>Un ragionamento illogico <\/strong><\/span><\/h4>\n<p style=\"text-align: justify;\"><span style=\"color: #000000;\"><img loading=\"lazy\" decoding=\"async\" class=\"size-medium wp-image-51833 alignleft\" src=\"https:\/\/www.rassegnastampa-totustuus.it\/cattolica\/wp-content\/uploads\/2021\/07\/droga_cannabis-300x219.jpg\" alt=\"\" width=\"300\" height=\"219\" srcset=\"https:\/\/www.rassegnastampa-totustuus.it\/cattolica\/wp-content\/uploads\/2021\/07\/droga_cannabis-300x219.jpg 300w, https:\/\/www.rassegnastampa-totustuus.it\/cattolica\/wp-content\/uploads\/2021\/07\/droga_cannabis.jpg 690w\" sizes=\"auto, (max-width: 300px) 100vw, 300px\" \/>Mantovano ha invitato i sostenitori della legalizzazione a farsi un giro per le strade degli Stati americani dove la cannabis \u00e8 stata consentita. <\/span><\/p>\n<p style=\"text-align: justify;\"><span style=\"color: #000000;\">\u00abVi troverete schiere di giovani che girano senza meta, e tassi di incidenti e ricoveri pi\u00f9 alti\u00bb. D\u2019altronde, si \u00e8 chiesto il magistrato, \u00abcome si pu\u00f2 definire leggera una sostanza che causa certi effetti? <\/span><\/p>\n<p style=\"text-align: justify;\"><span style=\"color: #000000;\">Quando ho iniziato a svolgere la mia professione, la percentuale di thc era dell\u20191 \u2013 2 per cento. Oggi \u00e8 10, 20, fino a 78 volte tanto. Come si pu\u00f2 pensare che liberalizzando si sconfiggeranno i trafficanti? \u00c8 un ragionamento illogico. <\/span><\/p>\n<p style=\"text-align: justify;\"><span style=\"color: #000000;\">Non appena lo Stato fisser\u00e0 dei limiti, la criminalit\u00e0 organizzata offrir\u00e0 la stessa sostanza in dosi maggiori, a minor prezzo e ad acquirenti pi\u00f9 giovani\u00bb.<\/span><\/p>\n<p style=\"text-align: justify;\"><span style=\"color: #000000;\"><img loading=\"lazy\" decoding=\"async\" class=\"size-full wp-image-27431 alignright\" src=\"https:\/\/www.rassegnastampa-totustuus.it\/cattolica\/wp-content\/uploads\/2011\/06\/no-droga.jpg\" alt=\"\" width=\"192\" height=\"192\" srcset=\"https:\/\/www.rassegnastampa-totustuus.it\/cattolica\/wp-content\/uploads\/2011\/06\/no-droga.jpg 192w, https:\/\/www.rassegnastampa-totustuus.it\/cattolica\/wp-content\/uploads\/2011\/06\/no-droga-150x150.jpg 150w\" sizes=\"auto, (max-width: 192px) 100vw, 192px\" \/>In conclusione ha parlato Chiaron che, forte di un\u2019esperienza di 25 anni sul campo, ha portato la sua testimonianza di chi sa che dietro l\u2019uso di queste sostanze c\u2019\u00e8 spesso una storia di sofferenza. <\/span><\/p>\n<p style=\"text-align: justify;\"><span style=\"color: #000000;\">E che per\u00f2 anche sa che, sebbene spesso la realt\u00e0 sia dura e difficile, le comunit\u00e0 vanno sostenute perch\u00e9 sono gli spazi \u00abper abitare una cura fatta di<\/span> <span style=\"color: #000000;\">pratiche incarnate\u00bb.<\/span><\/p>\n<p style=\"text-align: justify;\">___________________________________________<\/p>\n<p style=\"text-align: justify;\"><strong>Leggi anche:<\/strong><\/p>\n<p style=\"text-align: justify;\"><a href=\"https:\/\/www.rassegnastampa-totustuus.it\/cattolica\/legalizzazione-della-cannabis-fuori-da-ogni-logica\/\" target=\"_blank\" rel=\"noopener\"><span style=\"color: #0000ff;\">Legalizzazione della cannabis fuori da ogni logica<\/span><\/a><\/p>\n<p style=\"text-align: justify;\"><a href=\"https:\/\/www.rassegnastampa-totustuus.it\/cattolica\/perche-no-alla-legalizzazione-del-traffico-di-cannabis-a-rischio-adolescenti-e-bambini\/\" target=\"_blank\" rel=\"noopener\"><span style=\"color: #0000ff;\">Perch\u00e9 no alla legalizzazione del traffico di cannabis: a rischio adolescenti e bambini<\/span><\/a><\/p>\n<p style=\"text-align: justify;\"><a href=\"https:\/\/www.rassegnastampa-totustuus.it\/cattolica\/finisce-il-mito-della-droga-buona-la-cannabis-fa-male-e-puo-uccidere\/\" target=\"_blank\" rel=\"noopener\"><span style=\"color: #0000ff;\">Finisce il mito della droga \u00abbuona\u00bb. La cannabis fa male e pu\u00f2 uccidere<\/span><\/a><\/p>\n","protected":false},"excerpt":{"rendered":"<p>Tempi 9 Luglio 2022 Convegno a Milano con Locatelli, Costa, Mantovano e Chiaron. Dove si \u00e8 espressa una voce diversa da quella che va per la maggiore. E basata su argomenti e dati Rachele Schirle<\/p><p><a class=\"more-link btn\" href=\"https:\/\/www.rassegnastampa-totustuus.it\/cattolica\/cannabis-e-legalizzazione-le-ragioni-del-no\/\">Continua a leggere<\/a><\/p>\n","protected":false},"author":6,"featured_media":43097,"comment_status":"closed","ping_status":"closed","sticky":false,"template":"","format":"standard","meta":{"footnotes":""},"categories":[12],"tags":[],"class_list":["post-54419","post","type-post","status-publish","format-standard","has-post-thumbnail","hentry","category-droga","item-wrap"],"yoast_head":"<!-- This site is optimized with the Yoast SEO plugin v27.5 - https:\/\/yoast.com\/product\/yoast-seo-wordpress\/ -->\n<title>\u201cCannabis e legalizzazione: le ragioni del no\u201d\u00a0\u00a0 - Rassegna Stampa Cattolica<\/title>\n<meta name=\"description\" content=\"\u201cCannabis e legalizzazione: le ragioni del no\u201d: una voce diversa da quella che oggi va per la maggiore, basata su argomenti e dati\u00a0\u00a0\" \/>\n<meta name=\"robots\" content=\"index, follow, max-snippet:-1, max-image-preview:large, max-video-preview:-1\" \/>\n<link rel=\"canonical\" href=\"https:\/\/www.rassegnastampa-totustuus.it\/cattolica\/cannabis-e-legalizzazione-le-ragioni-del-no\/\" \/>\n<meta property=\"og:locale\" content=\"it_IT\" \/>\n<meta property=\"og:type\" content=\"article\" \/>\n<meta property=\"og:title\" content=\"\u201cCannabis e legalizzazione: le ragioni del no\u201d\u00a0\u00a0 - Rassegna Stampa Cattolica\" \/>\n<meta property=\"og:description\" content=\"\u201cCannabis e legalizzazione: le ragioni del no\u201d: una voce diversa da quella che oggi va per la maggiore, basata su argomenti e dati\u00a0\u00a0\" \/>\n<meta property=\"og:url\" content=\"https:\/\/www.rassegnastampa-totustuus.it\/cattolica\/cannabis-e-legalizzazione-le-ragioni-del-no\/\" \/>\n<meta property=\"og:site_name\" content=\"Rassegna Stampa Cattolica\" \/>\n<meta property=\"article:publisher\" content=\"https:\/\/www.facebook.com\/rassegnastampacattolica\" \/>\n<meta property=\"article:published_time\" content=\"2022-07-13T22:00:50+00:00\" \/>\n<meta property=\"article:modified_time\" content=\"2024-04-05T11:03:22+00:00\" \/>\n<meta property=\"og:image\" content=\"https:\/\/www.rassegnastampa-totustuus.it\/cattolica\/wp-content\/uploads\/2019\/05\/droga_marijuana.jpg\" \/>\n\t<meta property=\"og:image:width\" content=\"1284\" \/>\n\t<meta property=\"og:image:height\" content=\"856\" \/>\n\t<meta property=\"og:image:type\" content=\"image\/jpeg\" \/>\n<meta name=\"author\" content=\"Redazione\" \/>\n<meta name=\"twitter:card\" content=\"summary_large_image\" \/>\n<meta name=\"twitter:creator\" content=\"@rassegnastampa9\" \/>\n<meta name=\"twitter:site\" content=\"@rassegnastampa9\" \/>\n<meta name=\"twitter:label1\" content=\"Scritto da\" \/>\n\t<meta name=\"twitter:data1\" content=\"Redazione\" \/>\n\t<meta name=\"twitter:label2\" content=\"Tempo di lettura stimato\" \/>\n\t<meta name=\"twitter:data2\" content=\"6 minuti\" \/>\n<script type=\"application\/ld+json\" class=\"yoast-schema-graph\">{\"@context\":\"https:\\\/\\\/schema.org\",\"@graph\":[{\"@type\":\"Article\",\"@id\":\"https:\\\/\\\/www.rassegnastampa-totustuus.it\\\/cattolica\\\/cannabis-e-legalizzazione-le-ragioni-del-no\\\/#article\",\"isPartOf\":{\"@id\":\"https:\\\/\\\/www.rassegnastampa-totustuus.it\\\/cattolica\\\/cannabis-e-legalizzazione-le-ragioni-del-no\\\/\"},\"author\":{\"name\":\"Redazione\",\"@id\":\"https:\\\/\\\/www.rassegnastampa-totustuus.it\\\/cattolica\\\/#\\\/schema\\\/person\\\/08f319d2bd1a0904ad9e2bfb7b15e5c3\"},\"headline\":\"\u201cCannabis e legalizzazione: le ragioni del no\u201d\u00a0\u00a0\",\"datePublished\":\"2022-07-13T22:00:50+00:00\",\"dateModified\":\"2024-04-05T11:03:22+00:00\",\"mainEntityOfPage\":{\"@id\":\"https:\\\/\\\/www.rassegnastampa-totustuus.it\\\/cattolica\\\/cannabis-e-legalizzazione-le-ragioni-del-no\\\/\"},\"wordCount\":725,\"publisher\":{\"@id\":\"https:\\\/\\\/www.rassegnastampa-totustuus.it\\\/cattolica\\\/#organization\"},\"image\":{\"@id\":\"https:\\\/\\\/www.rassegnastampa-totustuus.it\\\/cattolica\\\/cannabis-e-legalizzazione-le-ragioni-del-no\\\/#primaryimage\"},\"thumbnailUrl\":\"https:\\\/\\\/www.rassegnastampa-totustuus.it\\\/cattolica\\\/wp-content\\\/uploads\\\/2019\\\/05\\\/droga_marijuana.jpg\",\"articleSection\":[\"Droga\"],\"inLanguage\":\"it-IT\"},{\"@type\":\"WebPage\",\"@id\":\"https:\\\/\\\/www.rassegnastampa-totustuus.it\\\/cattolica\\\/cannabis-e-legalizzazione-le-ragioni-del-no\\\/\",\"url\":\"https:\\\/\\\/www.rassegnastampa-totustuus.it\\\/cattolica\\\/cannabis-e-legalizzazione-le-ragioni-del-no\\\/\",\"name\":\"\u201cCannabis e legalizzazione: le ragioni del no\u201d\u00a0\u00a0 - Rassegna Stampa Cattolica\",\"isPartOf\":{\"@id\":\"https:\\\/\\\/www.rassegnastampa-totustuus.it\\\/cattolica\\\/#website\"},\"primaryImageOfPage\":{\"@id\":\"https:\\\/\\\/www.rassegnastampa-totustuus.it\\\/cattolica\\\/cannabis-e-legalizzazione-le-ragioni-del-no\\\/#primaryimage\"},\"image\":{\"@id\":\"https:\\\/\\\/www.rassegnastampa-totustuus.it\\\/cattolica\\\/cannabis-e-legalizzazione-le-ragioni-del-no\\\/#primaryimage\"},\"thumbnailUrl\":\"https:\\\/\\\/www.rassegnastampa-totustuus.it\\\/cattolica\\\/wp-content\\\/uploads\\\/2019\\\/05\\\/droga_marijuana.jpg\",\"datePublished\":\"2022-07-13T22:00:50+00:00\",\"dateModified\":\"2024-04-05T11:03:22+00:00\",\"description\":\"\u201cCannabis e legalizzazione: le ragioni del no\u201d: una voce diversa da quella che oggi va per la maggiore, basata su argomenti e dati\u00a0\u00a0\",\"breadcrumb\":{\"@id\":\"https:\\\/\\\/www.rassegnastampa-totustuus.it\\\/cattolica\\\/cannabis-e-legalizzazione-le-ragioni-del-no\\\/#breadcrumb\"},\"inLanguage\":\"it-IT\",\"potentialAction\":[{\"@type\":\"ReadAction\",\"target\":[\"https:\\\/\\\/www.rassegnastampa-totustuus.it\\\/cattolica\\\/cannabis-e-legalizzazione-le-ragioni-del-no\\\/\"]}]},{\"@type\":\"ImageObject\",\"inLanguage\":\"it-IT\",\"@id\":\"https:\\\/\\\/www.rassegnastampa-totustuus.it\\\/cattolica\\\/cannabis-e-legalizzazione-le-ragioni-del-no\\\/#primaryimage\",\"url\":\"https:\\\/\\\/www.rassegnastampa-totustuus.it\\\/cattolica\\\/wp-content\\\/uploads\\\/2019\\\/05\\\/droga_marijuana.jpg\",\"contentUrl\":\"https:\\\/\\\/www.rassegnastampa-totustuus.it\\\/cattolica\\\/wp-content\\\/uploads\\\/2019\\\/05\\\/droga_marijuana.jpg\",\"width\":1284,\"height\":856},{\"@type\":\"BreadcrumbList\",\"@id\":\"https:\\\/\\\/www.rassegnastampa-totustuus.it\\\/cattolica\\\/cannabis-e-legalizzazione-le-ragioni-del-no\\\/#breadcrumb\",\"itemListElement\":[{\"@type\":\"ListItem\",\"position\":1,\"name\":\"Home\",\"item\":\"https:\\\/\\\/www.rassegnastampa-totustuus.it\\\/cattolica\\\/\"},{\"@type\":\"ListItem\",\"position\":2,\"name\":\"\u201cCannabis e legalizzazione: le ragioni del no\u201d\u00a0\u00a0\"}]},{\"@type\":\"WebSite\",\"@id\":\"https:\\\/\\\/www.rassegnastampa-totustuus.it\\\/cattolica\\\/#website\",\"url\":\"https:\\\/\\\/www.rassegnastampa-totustuus.it\\\/cattolica\\\/\",\"name\":\"Rassegna Stampa Cattolica\",\"description\":\"Per una cultura che nasce dalla Rivelazione cristiana in conformit\u00e0 alla tradizione e al Magistero della Chiesa in opposizione ad ogni relativismo e totalitarismo\",\"publisher\":{\"@id\":\"https:\\\/\\\/www.rassegnastampa-totustuus.it\\\/cattolica\\\/#organization\"},\"alternateName\":\"Rass. Cattolica\",\"potentialAction\":[{\"@type\":\"SearchAction\",\"target\":{\"@type\":\"EntryPoint\",\"urlTemplate\":\"https:\\\/\\\/www.rassegnastampa-totustuus.it\\\/cattolica\\\/?s={search_term_string}\"},\"query-input\":{\"@type\":\"PropertyValueSpecification\",\"valueRequired\":true,\"valueName\":\"search_term_string\"}}],\"inLanguage\":\"it-IT\"},{\"@type\":\"Organization\",\"@id\":\"https:\\\/\\\/www.rassegnastampa-totustuus.it\\\/cattolica\\\/#organization\",\"name\":\"Rassegna Stampa Cattolica\",\"url\":\"https:\\\/\\\/www.rassegnastampa-totustuus.it\\\/cattolica\\\/\",\"logo\":{\"@type\":\"ImageObject\",\"inLanguage\":\"it-IT\",\"@id\":\"https:\\\/\\\/www.rassegnastampa-totustuus.it\\\/cattolica\\\/#\\\/schema\\\/logo\\\/image\\\/\",\"url\":\"https:\\\/\\\/www.rassegnastampa-totustuus.it\\\/cattolica\\\/wp-content\\\/uploads\\\/2014\\\/04\\\/logo-rassegna1.gif\",\"contentUrl\":\"https:\\\/\\\/www.rassegnastampa-totustuus.it\\\/cattolica\\\/wp-content\\\/uploads\\\/2014\\\/04\\\/logo-rassegna1.gif\",\"width\":600,\"height\":163,\"caption\":\"Rassegna Stampa Cattolica\"},\"image\":{\"@id\":\"https:\\\/\\\/www.rassegnastampa-totustuus.it\\\/cattolica\\\/#\\\/schema\\\/logo\\\/image\\\/\"},\"sameAs\":[\"https:\\\/\\\/www.facebook.com\\\/rassegnastampacattolica\",\"https:\\\/\\\/x.com\\\/rassegnastampa9\"]},{\"@type\":\"Person\",\"@id\":\"https:\\\/\\\/www.rassegnastampa-totustuus.it\\\/cattolica\\\/#\\\/schema\\\/person\\\/08f319d2bd1a0904ad9e2bfb7b15e5c3\",\"name\":\"Redazione\",\"image\":{\"@type\":\"ImageObject\",\"inLanguage\":\"it-IT\",\"@id\":\"https:\\\/\\\/secure.gravatar.com\\\/avatar\\\/2fcdf27c78ea025fbdb44e914cc63c72249ffec9dc8aafd5c82b26240ef3f346?s=96&d=mm&r=g\",\"url\":\"https:\\\/\\\/secure.gravatar.com\\\/avatar\\\/2fcdf27c78ea025fbdb44e914cc63c72249ffec9dc8aafd5c82b26240ef3f346?s=96&d=mm&r=g\",\"contentUrl\":\"https:\\\/\\\/secure.gravatar.com\\\/avatar\\\/2fcdf27c78ea025fbdb44e914cc63c72249ffec9dc8aafd5c82b26240ef3f346?s=96&d=mm&r=g\",\"caption\":\"Redazione\"},\"url\":\"https:\\\/\\\/www.rassegnastampa-totustuus.it\\\/cattolica\\\/author\\\/pietroelle\\\/\"}]}<\/script>\n<!-- \/ Yoast SEO plugin. -->","yoast_head_json":{"title":"\u201cCannabis e legalizzazione: le ragioni del no\u201d\u00a0\u00a0 - Rassegna Stampa Cattolica","description":"\u201cCannabis e legalizzazione: le ragioni del no\u201d: una voce diversa da quella che oggi va per la maggiore, basata su argomenti e dati\u00a0\u00a0","robots":{"index":"index","follow":"follow","max-snippet":"max-snippet:-1","max-image-preview":"max-image-preview:large","max-video-preview":"max-video-preview:-1"},"canonical":"https:\/\/www.rassegnastampa-totustuus.it\/cattolica\/cannabis-e-legalizzazione-le-ragioni-del-no\/","og_locale":"it_IT","og_type":"article","og_title":"\u201cCannabis e legalizzazione: le ragioni del no\u201d\u00a0\u00a0 - Rassegna Stampa Cattolica","og_description":"\u201cCannabis e legalizzazione: le ragioni del no\u201d: una voce diversa da quella che oggi va per la maggiore, basata su argomenti e dati\u00a0\u00a0","og_url":"https:\/\/www.rassegnastampa-totustuus.it\/cattolica\/cannabis-e-legalizzazione-le-ragioni-del-no\/","og_site_name":"Rassegna Stampa Cattolica","article_publisher":"https:\/\/www.facebook.com\/rassegnastampacattolica","article_published_time":"2022-07-13T22:00:50+00:00","article_modified_time":"2024-04-05T11:03:22+00:00","og_image":[{"width":1284,"height":856,"url":"https:\/\/www.rassegnastampa-totustuus.it\/cattolica\/wp-content\/uploads\/2019\/05\/droga_marijuana.jpg","type":"image\/jpeg"}],"author":"Redazione","twitter_card":"summary_large_image","twitter_creator":"@rassegnastampa9","twitter_site":"@rassegnastampa9","twitter_misc":{"Scritto da":"Redazione","Tempo di lettura stimato":"6 minuti"},"schema":{"@context":"https:\/\/schema.org","@graph":[{"@type":"Article","@id":"https:\/\/www.rassegnastampa-totustuus.it\/cattolica\/cannabis-e-legalizzazione-le-ragioni-del-no\/#article","isPartOf":{"@id":"https:\/\/www.rassegnastampa-totustuus.it\/cattolica\/cannabis-e-legalizzazione-le-ragioni-del-no\/"},"author":{"name":"Redazione","@id":"https:\/\/www.rassegnastampa-totustuus.it\/cattolica\/#\/schema\/person\/08f319d2bd1a0904ad9e2bfb7b15e5c3"},"headline":"\u201cCannabis e legalizzazione: le ragioni del no\u201d\u00a0\u00a0","datePublished":"2022-07-13T22:00:50+00:00","dateModified":"2024-04-05T11:03:22+00:00","mainEntityOfPage":{"@id":"https:\/\/www.rassegnastampa-totustuus.it\/cattolica\/cannabis-e-legalizzazione-le-ragioni-del-no\/"},"wordCount":725,"publisher":{"@id":"https:\/\/www.rassegnastampa-totustuus.it\/cattolica\/#organization"},"image":{"@id":"https:\/\/www.rassegnastampa-totustuus.it\/cattolica\/cannabis-e-legalizzazione-le-ragioni-del-no\/#primaryimage"},"thumbnailUrl":"https:\/\/www.rassegnastampa-totustuus.it\/cattolica\/wp-content\/uploads\/2019\/05\/droga_marijuana.jpg","articleSection":["Droga"],"inLanguage":"it-IT"},{"@type":"WebPage","@id":"https:\/\/www.rassegnastampa-totustuus.it\/cattolica\/cannabis-e-legalizzazione-le-ragioni-del-no\/","url":"https:\/\/www.rassegnastampa-totustuus.it\/cattolica\/cannabis-e-legalizzazione-le-ragioni-del-no\/","name":"\u201cCannabis e legalizzazione: le ragioni del no\u201d\u00a0\u00a0 - Rassegna Stampa Cattolica","isPartOf":{"@id":"https:\/\/www.rassegnastampa-totustuus.it\/cattolica\/#website"},"primaryImageOfPage":{"@id":"https:\/\/www.rassegnastampa-totustuus.it\/cattolica\/cannabis-e-legalizzazione-le-ragioni-del-no\/#primaryimage"},"image":{"@id":"https:\/\/www.rassegnastampa-totustuus.it\/cattolica\/cannabis-e-legalizzazione-le-ragioni-del-no\/#primaryimage"},"thumbnailUrl":"https:\/\/www.rassegnastampa-totustuus.it\/cattolica\/wp-content\/uploads\/2019\/05\/droga_marijuana.jpg","datePublished":"2022-07-13T22:00:50+00:00","dateModified":"2024-04-05T11:03:22+00:00","description":"\u201cCannabis e legalizzazione: le ragioni del no\u201d: una voce diversa da quella che oggi va per la maggiore, basata su argomenti e dati\u00a0\u00a0","breadcrumb":{"@id":"https:\/\/www.rassegnastampa-totustuus.it\/cattolica\/cannabis-e-legalizzazione-le-ragioni-del-no\/#breadcrumb"},"inLanguage":"it-IT","potentialAction":[{"@type":"ReadAction","target":["https:\/\/www.rassegnastampa-totustuus.it\/cattolica\/cannabis-e-legalizzazione-le-ragioni-del-no\/"]}]},{"@type":"ImageObject","inLanguage":"it-IT","@id":"https:\/\/www.rassegnastampa-totustuus.it\/cattolica\/cannabis-e-legalizzazione-le-ragioni-del-no\/#primaryimage","url":"https:\/\/www.rassegnastampa-totustuus.it\/cattolica\/wp-content\/uploads\/2019\/05\/droga_marijuana.jpg","contentUrl":"https:\/\/www.rassegnastampa-totustuus.it\/cattolica\/wp-content\/uploads\/2019\/05\/droga_marijuana.jpg","width":1284,"height":856},{"@type":"BreadcrumbList","@id":"https:\/\/www.rassegnastampa-totustuus.it\/cattolica\/cannabis-e-legalizzazione-le-ragioni-del-no\/#breadcrumb","itemListElement":[{"@type":"ListItem","position":1,"name":"Home","item":"https:\/\/www.rassegnastampa-totustuus.it\/cattolica\/"},{"@type":"ListItem","position":2,"name":"\u201cCannabis e legalizzazione: le ragioni del no\u201d\u00a0\u00a0"}]},{"@type":"WebSite","@id":"https:\/\/www.rassegnastampa-totustuus.it\/cattolica\/#website","url":"https:\/\/www.rassegnastampa-totustuus.it\/cattolica\/","name":"Rassegna Stampa Cattolica","description":"Per una cultura che nasce dalla Rivelazione cristiana in conformit\u00e0 alla tradizione e al Magistero della Chiesa in opposizione ad ogni relativismo e totalitarismo","publisher":{"@id":"https:\/\/www.rassegnastampa-totustuus.it\/cattolica\/#organization"},"alternateName":"Rass. Cattolica","potentialAction":[{"@type":"SearchAction","target":{"@type":"EntryPoint","urlTemplate":"https:\/\/www.rassegnastampa-totustuus.it\/cattolica\/?s={search_term_string}"},"query-input":{"@type":"PropertyValueSpecification","valueRequired":true,"valueName":"search_term_string"}}],"inLanguage":"it-IT"},{"@type":"Organization","@id":"https:\/\/www.rassegnastampa-totustuus.it\/cattolica\/#organization","name":"Rassegna Stampa Cattolica","url":"https:\/\/www.rassegnastampa-totustuus.it\/cattolica\/","logo":{"@type":"ImageObject","inLanguage":"it-IT","@id":"https:\/\/www.rassegnastampa-totustuus.it\/cattolica\/#\/schema\/logo\/image\/","url":"https:\/\/www.rassegnastampa-totustuus.it\/cattolica\/wp-content\/uploads\/2014\/04\/logo-rassegna1.gif","contentUrl":"https:\/\/www.rassegnastampa-totustuus.it\/cattolica\/wp-content\/uploads\/2014\/04\/logo-rassegna1.gif","width":600,"height":163,"caption":"Rassegna Stampa Cattolica"},"image":{"@id":"https:\/\/www.rassegnastampa-totustuus.it\/cattolica\/#\/schema\/logo\/image\/"},"sameAs":["https:\/\/www.facebook.com\/rassegnastampacattolica","https:\/\/x.com\/rassegnastampa9"]},{"@type":"Person","@id":"https:\/\/www.rassegnastampa-totustuus.it\/cattolica\/#\/schema\/person\/08f319d2bd1a0904ad9e2bfb7b15e5c3","name":"Redazione","image":{"@type":"ImageObject","inLanguage":"it-IT","@id":"https:\/\/secure.gravatar.com\/avatar\/2fcdf27c78ea025fbdb44e914cc63c72249ffec9dc8aafd5c82b26240ef3f346?s=96&d=mm&r=g","url":"https:\/\/secure.gravatar.com\/avatar\/2fcdf27c78ea025fbdb44e914cc63c72249ffec9dc8aafd5c82b26240ef3f346?s=96&d=mm&r=g","contentUrl":"https:\/\/secure.gravatar.com\/avatar\/2fcdf27c78ea025fbdb44e914cc63c72249ffec9dc8aafd5c82b26240ef3f346?s=96&d=mm&r=g","caption":"Redazione"},"url":"https:\/\/www.rassegnastampa-totustuus.it\/cattolica\/author\/pietroelle\/"}]}},"_links":{"self":[{"href":"https:\/\/www.rassegnastampa-totustuus.it\/cattolica\/wp-json\/wp\/v2\/posts\/54419","targetHints":{"allow":["GET"]}}],"collection":[{"href":"https:\/\/www.rassegnastampa-totustuus.it\/cattolica\/wp-json\/wp\/v2\/posts"}],"about":[{"href":"https:\/\/www.rassegnastampa-totustuus.it\/cattolica\/wp-json\/wp\/v2\/types\/post"}],"author":[{"embeddable":true,"href":"https:\/\/www.rassegnastampa-totustuus.it\/cattolica\/wp-json\/wp\/v2\/users\/6"}],"replies":[{"embeddable":true,"href":"https:\/\/www.rassegnastampa-totustuus.it\/cattolica\/wp-json\/wp\/v2\/comments?post=54419"}],"version-history":[{"count":2,"href":"https:\/\/www.rassegnastampa-totustuus.it\/cattolica\/wp-json\/wp\/v2\/posts\/54419\/revisions"}],"predecessor-version":[{"id":59976,"href":"https:\/\/www.rassegnastampa-totustuus.it\/cattolica\/wp-json\/wp\/v2\/posts\/54419\/revisions\/59976"}],"wp:featuredmedia":[{"embeddable":true,"href":"https:\/\/www.rassegnastampa-totustuus.it\/cattolica\/wp-json\/wp\/v2\/media\/43097"}],"wp:attachment":[{"href":"https:\/\/www.rassegnastampa-totustuus.it\/cattolica\/wp-json\/wp\/v2\/media?parent=54419"}],"wp:term":[{"taxonomy":"category","embeddable":true,"href":"https:\/\/www.rassegnastampa-totustuus.it\/cattolica\/wp-json\/wp\/v2\/categories?post=54419"},{"taxonomy":"post_tag","embeddable":true,"href":"https:\/\/www.rassegnastampa-totustuus.it\/cattolica\/wp-json\/wp\/v2\/tags?post=54419"}],"curies":[{"name":"wp","href":"https:\/\/api.w.org\/{rel}","templated":true}]}}