{"id":54399,"date":"2022-07-07T00:00:13","date_gmt":"2022-07-06T22:00:13","guid":{"rendered":"http:\/\/www.rassegnastampa-totustuus.it\/cattolica\/?p=54399"},"modified":"2024-04-12T19:40:25","modified_gmt":"2024-04-12T17:40:25","slug":"soros-la-societa-aperta-i-suoi-oligarchi-a-colloquio-con-roberto-pecchiolisoros-la-societa-aperta-e-i-suoi-oligarchi","status":"publish","type":"post","link":"https:\/\/www.rassegnastampa-totustuus.it\/cattolica\/soros-la-societa-aperta-i-suoi-oligarchi-a-colloquio-con-roberto-pecchiolisoros-la-societa-aperta-e-i-suoi-oligarchi\/","title":{"rendered":"Soros, la societ\u00e0 aperta e i suoi oligarchi."},"content":{"rendered":"<p style=\"text-align: justify;\"><strong><img loading=\"lazy\" decoding=\"async\" class=\" wp-image-54400 alignright\" src=\"https:\/\/www.rassegnastampa-totustuus.it\/cattolica\/wp-content\/uploads\/2022\/07\/Pecchioli_cover-217x300.jpg\" alt=\"\" width=\"185\" height=\"256\" \/>Abstract: <\/strong><em>Soros, la societ\u00e0 aperta e i suoi oligarchi. <span style=\"color: #000000;\">Da tempo leggiamo Roberto Pecchioli avendone spesso condiviso le opinioni, estremamente critiche sui cambiamenti incubati a lungo dalla nostra societ\u00e0, prima che si manifestassero dirompenti nel momento presente. L\u2019uscita del suo ultimo lavoro <strong><a style=\"color: #000000;\" href=\"https:\/\/www.ariannaeditrice.it\/prodotti\/george-soros-e-la-open-society\" target=\"_blank\" rel=\"noreferrer noopener\">George Soros e la Open Society<\/a><\/strong><\/span>, <span style=\"color: #000000;\">Arianna editrice, ci ha dato l\u2019occasione per dialogare e fargli qualche domanda; sul libro s\u00ec, ma anche, pi\u00f9 in generale, sui tempi che corrono.<\/span><\/em><\/p>\n<p><!--more--><\/p>\n<p style=\"text-align: center;\"><strong>Ricognizioni<\/strong> 21 Giugno 20022<\/p>\n<h3 style=\"text-align: center;\">Soros, la societ\u00e0 aperta &amp; i suoi oligarchi.<\/h3>\n<h3 style=\"text-align: center;\">A colloquio con Roberto Pecchioli<\/h3>\n<p style=\"text-align: center;\"><strong>Carlo Primerano<\/strong><\/p>\n<p style=\"text-align: justify;\"><span style=\"color: #000000;\">Da tempo leggiamo Roberto Pecchioli avendone spesso condiviso le opinioni, estremamente critiche sui cambiamenti incubati a lungo dalla nostra societ\u00e0, prima che si manifestassero dirompenti nel momento presente. L\u2019uscita del suo ultimo lavoro<\/span> <span style=\"color: #0000ff;\"><strong><em><a style=\"color: #0000ff;\" href=\"https:\/\/www.ariannaeditrice.it\/prodotti\/george-soros-e-la-open-society\" target=\"_blank\" rel=\"noreferrer noopener\">George Soros e la Open Society<\/a><\/em><\/strong><\/span>, <span style=\"color: #000000;\">Arianna editrice, ci ha dato l\u2019occasione per dialogare e fargli qualche domanda; sul libro s\u00ec, ma anche, pi\u00f9 in generale, sui tempi che corrono.<\/span><\/p>\n<h4 style=\"text-align: justify;\"><span style=\"color: #000000;\"><strong>Nel libro tratteggi la biografia di Soros, giudicando fondamentali gli anni della formazione esistenziale e degli studi. Pensi davvero che per comprendere il suo agire politico siano decisive le radici culturali? Che al fondo vi sia una convinzione ideale manifesta? A un certo punto parli addirittura di \u201cpassione per la filosofia\u201d. Il tuo lavoro lascia \u201cal lettore il giudizio sugli intenti e la psicologia di Soros\u201d, ma \u00e8 interessante sapere che ne pensi tu.<\/strong> <\/span><\/h4>\n<p style=\"text-align: justify;\"><span style=\"color: #000000;\"><img loading=\"lazy\" decoding=\"async\" class=\"size-full wp-image-38547 alignleft\" src=\"https:\/\/www.rassegnastampa-totustuus.it\/cattolica\/wp-content\/uploads\/2017\/10\/Soros.jpg\" alt=\"\" width=\"183\" height=\"276\" \/>Non ho dubbi che gli anni londinesi alla London School of Economics, in cui George Soros stud\u00ec\u00f2 filosofia, siano stati determinanti, come la passione per Popper e il saggio <em>La societ\u00e0 aperta e i suoi nemici<\/em>. <\/span><\/p>\n<p style=\"text-align: justify;\"><span style=\"color: #000000;\">Soros crede davvero nelle idee che finanzia, a differenza degli altri miliardari \u201cfilantropi\u201d che agiscono esclusivamente per motivi di potere. <\/span><span style=\"color: #000000;\">La psicologia di Soros \u00e8 quella di un uomo roso, perfino posseduto dalla volont\u00e0 di realizzare il sogno \u2013 che per noi \u00e8 incubo \u2013 della Societ\u00e0 Aperta. <\/span><\/p>\n<p style=\"text-align: justify;\"><span style=\"color: #000000;\">Ai miei occhi, questo lo rende quantomeno umano. Resta il giudizio negativo sul merito delle idee, delle cause che promuove e ovviamente sulla sua figura di finanziere-speculatore\u00a0<\/span><\/p>\n<h4 style=\"text-align: justify;\"><span style=\"color: #000000;\"> <strong>Se il maestro di pensiero di Soros \u00e8 davvero Karl Popper, o perfino se lo abbia influenzato soprattutto il fabianesimo, cosa lo lega agli altri oligarchi, i Gates, i Bezos, i Rothschild e gli altri con i quali collabora e condivide tante iniziative come documenti nel libro? Anche costoro tutti fabiani? O esiste qualche altra, magari meno conosciuta, ideologia che li lega? Oppure puri e semplici interessi materiali convergenti?<\/strong>\u00a0<\/span><\/h4>\n<p style=\"text-align: justify;\"><span style=\"color: #000000;\"> <img loading=\"lazy\" decoding=\"async\" class=\" wp-image-46859 alignright\" src=\"https:\/\/www.rassegnastampa-totustuus.it\/cattolica\/wp-content\/uploads\/2020\/04\/Tecnocrazia_Soros_open_democracy.jpg\" alt=\"\" width=\"235\" height=\"235\" srcset=\"https:\/\/www.rassegnastampa-totustuus.it\/cattolica\/wp-content\/uploads\/2020\/04\/Tecnocrazia_Soros_open_democracy.jpg 200w, https:\/\/www.rassegnastampa-totustuus.it\/cattolica\/wp-content\/uploads\/2020\/04\/Tecnocrazia_Soros_open_democracy-150x150.jpg 150w\" sizes=\"auto, (max-width: 235px) 100vw, 235px\" \/>Indubbiamente Soros, che sognava di diventare filosofo \u2013 strana ambizione per un signore del denaro \u2013 ha avuto un maestro di pensiero, Popper, e probabilmente un altro, Von Hajek- l\u2019ultraliberista della Scuola di Vienna, nel pensiero economico.\u00a0<\/span><\/p>\n<p style=\"text-align: justify;\"><span style=\"color: #000000;\">C\u2019\u00e8 una frase di Von Hajek che deve piacere parecchio a Soros: chi possiede tutti i mezzi, determina tutti i fini. Il fabianesimo \u00e8 un\u2019idea oligarchica di dominio e di riformismo antropologico assai diffuso tra le \u00e9lite anglosassoni.<\/span><\/p>\n<p style=\"text-align: justify;\"><span style=\"color: #000000;\">Gli altri miliardari \u201cfilantropi\u201d non sono fabiani, ma il ceppo comune sono gli interessi di dominio universale e l\u2019adesione al medesimo liberismo libertario globalista, quello che Jean Paul Mich\u00e9a chiama destra del denaro, sinistra dei costumi.<\/span><\/p>\n<h4 style=\"text-align: justify;\"><span style=\"color: #000000;\"><strong>Peraltro \u00e8 vero, come affermi nel libro, che con alcuni dei nuovi padroni del mondo come Google e Facebook, Soros \u00e8 entrato in polemica sostenendo che mettono in pericolo la libert\u00e0 di pensiero. Come lo spieghi?<\/strong><\/span><\/h4>\n<p style=\"text-align: justify;\"><span style=\"color: #000000;\"><img loading=\"lazy\" decoding=\"async\" class=\" wp-image-6963 alignleft\" src=\"https:\/\/www.rassegnastampa-totustuus.it\/cattolica\/wp-content\/uploads\/2014\/03\/facebook.jpg\" alt=\"\" width=\"171\" height=\"171\" \/>La cupola oligarchica non \u00e8 un monolite. Ci sono i ricconi di sempre, i Rothschild, i Rockefeller, gli Warburg , i Carnegie e altre famiglie. Poi ci sono i finanzieri puri, alla Soros o Laurent Fink, il patron di Black Rock, il pi\u00f9 grande fondo speculativo del mondo. <\/span><\/p>\n<p style=\"text-align: justify;\"><span style=\"color: #000000;\">Infine i nuovi potenti, i padroni della tecnologia, dei Gafam, geni che hanno inventato sistemi informatici (Gates), algoritmi e modi di comunicare (Zuckerberg). <\/span><\/p>\n<p style=\"text-align: justify;\"><span style=\"color: #000000;\">\u00c8 un conflitto interno, talvolta anche generazionale. Per di pi\u00f9 a Soros non sfugge l\u2019enorme potere finanziario dei Gafam, realizzato in pochi anni. Sono dei concorrenti, alla fine. <\/span><\/p>\n<h4 style=\"text-align: justify;\"><span style=\"color: #000000;\"><strong>Giustamente nel tuo libro affermi che gli ideali di democrazia di Soros mal si conciliano con una societ\u00e0 che evolve velocemente verso forme di autoritarismo sempre pi\u00f9 evidenti. E ci\u00f2 avviene mentre \u00e8 in corso la demolizione controllata delle strutture fondamentali della societ\u00e0, la famiglia, l\u2019identit\u00e0 sessuale e quella culturale, finanche il tentativo di disarticolazione delle strutture logiche del pensiero umano. Una torre di Babele, un caos organizzato. Come vi<\/strong> <strong>contribuisce l\u2019azione di Soros, se vi contribuisce? Nel libro fai riferimento alla nozione di \u201csolve et coagula\u201d. Vuoi spiegare di che si tratta?<\/strong>\u00a0<\/span><\/h4>\n<p style=\"text-align: justify;\"><span style=\"color: #000000;\"> <img loading=\"lazy\" decoding=\"async\" class=\"size-full wp-image-29818 alignright\" src=\"https:\/\/www.rassegnastampa-totustuus.it\/cattolica\/wp-content\/uploads\/2012\/06\/eutanasia_legale.jpg\" alt=\"\" width=\"296\" height=\"170\" \/>Soros vi contribuisce con tutta la forza di un\u2019organizzazione che ha gi\u00e0 speso almeno trenta miliardi di dollari per finanziare rivoluzioni politiche e cambi antropologici (droga libera, aborto liberissimo, eutanasia, riduzione zoologica dell\u2019essere umano attraverso la sorveglianza e la procreazione \u201ctecnica\u201d). <\/span><\/p>\n<p style=\"text-align: justify;\"><span style=\"color: #000000;\">\u00c8 parte di un progetto transumano che ha bisogno di cambiare alla radice il concetto di uomo. Questa \u00e8 l\u2019estremizzazione del vecchio progetto massonico, deciso a creare un nuovo ordine attraverso il caos. <em>Ordo ab chao.<\/em> Sciogli le idee, i principi, i modi di <img loading=\"lazy\" decoding=\"async\" class=\"size-full wp-image-54215 alignleft\" src=\"https:\/\/www.rassegnastampa-totustuus.it\/cattolica\/wp-content\/uploads\/2022\/05\/aborto.jpg\" alt=\"\" width=\"299\" height=\"168\" \/>essere, la concretezza dell\u2019uomo e rifallo, coagulando forze tecnologiche, finanziarie, psichiche. <\/span><\/p>\n<p style=\"text-align: justify;\"><span style=\"color: #000000;\">Sullo sfondo, la Societ\u00e0 Aperta di Soros \u2013 ossia privata di ogni relazione con lo spirito, le tradizioni, le comunit\u00e0 \u2013 \u00e8 anche un aspetto dell\u2019eresia gnostica, ossia la pretesa di pochi illuminati di rifare la creazione in quanto imperfetta. \u00c8 il progetto transumano e postumano, il lato pi\u00f9 sinistro dell\u2019iperclasse dei miliardari.<\/span><\/p>\n<h4 style=\"text-align: justify;\"><span style=\"color: #000000;\"> <strong>Con ogni evidenza si sta consumando il tentativo di costruire un mondo totalitario dal quale non si potr\u00e0 sfuggire in alcun modo, stante il controllo capillare consentito dalle applicazioni della tecnica. Credi che vi sia un gruppo tra i potenti della terra che si stia opponendo a questo? E che non lo faccia per meri interessi materiali contrastanti, ma per amore dell\u2019uomo? Perch\u00e9 noi sappiamo che il bene su questa terra esiste, non pu\u00f2 essere scomparso.<\/strong><\/span><\/h4>\n<div id=\"attachment_54401\" style=\"width: 325px\" class=\"wp-caption alignright\"><img loading=\"lazy\" decoding=\"async\" aria-describedby=\"caption-attachment-54401\" class=\"wp-image-54401\" src=\"https:\/\/www.rassegnastampa-totustuus.it\/cattolica\/wp-content\/uploads\/2022\/07\/Elon_Musk.jpg\" alt=\"\" width=\"325\" height=\"182\" \/><p id=\"caption-attachment-54401\" class=\"wp-caption-text\">Elon Musk<\/p><\/div>\n<p style=\"text-align: justify;\"><span style=\"color: #000000;\"> Sono convinto che vi sia disaccordo, non so se tattico o strategico. Questo comunque determina qualche crepa e quindi alcuni ritardi. Inoltre esiste un\u2019enorme parte di mondo che \u00e8 estraneo a questo progetto faustiano, tipicamente occidentale. <\/span><\/p>\n<p style=\"text-align: justify;\"><span style=\"color: #000000;\">Elon Musk sembra l\u2019unico contrario al progetto di dominio. Non condivide l\u2019approccio antinatalista e sembra propenso a difendere la libert\u00e0 di pensiero. Resta anch\u2019egli, per\u00f2, un transumanista. Il bene e la verit\u00e0 esistono, sono <em>adaequatio rei et intellectus<\/em>, la corrispondenza tra realt\u00e0 e intelletto, ossia la presa d\u2019atto della realt\u00e0 e della verit\u00e0 nella legge naturale iscritta da Dio nel cuore dell\u2019uomo. <\/span><\/p>\n<p style=\"text-align: justify;\"><span style=\"color: #000000;\">Ti pare che tutto ci\u00f2 possa interessare questa casta oligarchica, spaventosamente materialista?<\/span><\/p>\n<h4 style=\"text-align: justify;\"><span style=\"color: #000000;\"><strong><img loading=\"lazy\" decoding=\"async\" class=\"size-full wp-image-51867 alignleft\" src=\"https:\/\/www.rassegnastampa-totustuus.it\/cattolica\/wp-content\/uploads\/2021\/07\/felicit\u00e0_massa.jpg\" alt=\"\" width=\"246\" height=\"205\" \/>A parte confidare in un\u2019inversione di rotta grazie all\u2019eventualit\u00e0 di una lotta tra poteri contrastanti, il riscatto dovrebbe arrivare da un risveglio, da una presa di coscienza delle popolazioni. Qualsiasi persona ancora capace di discernere capirebbe che \u201cconcetti\u201d come quelli del politicamente corretto, o della cosiddetta cancel culture, l\u2019invasivit\u00e0 dell\u2019istituzione scolastica nelle sfere pi\u00f9 intime degli studenti, le parole d\u2019ordine resilienza, transizione, sostenibilit\u00e0, non difendono alcuna democrazia, ma sono attacchi diretti alla libert\u00e0 dell\u2019uomo e all\u2019uomo stesso in quanto tale. Come \u00e8 stato possibile arrivare a un punto tanto avanzato senza che non si capisse cosa stava accadendo e c\u2019\u00e8 ancora una possibilit\u00e0 di tornare indietro?<\/strong><\/span><\/h4>\n<p style=\"text-align: justify;\"><span style=\"color: #000000;\"> <img loading=\"lazy\" decoding=\"async\" class=\" wp-image-54214 alignright\" src=\"https:\/\/www.rassegnastampa-totustuus.it\/cattolica\/wp-content\/uploads\/2022\/05\/aborto_vita_manifestazione-300x168.jpg\" alt=\"\" width=\"330\" height=\"185\" \/>Gli uomini hanno riflessi di vita, quindi, s\u00ec, prima o poi ci sar\u00e0 un\u2019inversione di tendenza, ma non \u00e8, penso, per questa generazione. <\/span><\/p>\n<p style=\"text-align: justify;\"><span style=\"color: #000000;\">La nostra \u00e8 una societ\u00e0 di morte, avviata alla fine. Le convulsioni potranno durare ancora un paio di generazioni, non di pi\u00f9. <\/span><\/p>\n<p style=\"text-align: justify;\"><span style=\"color: #000000;\">Poi la morte \u2013 tanto tenacemente perseguita in varie forme dalla cultura dominante \u2013 trionfer\u00e0 in Occidente. Chi ci sar\u00e0, ricomincer\u00e0 su basi nuove, come San Benedetto nei secoli della fine dell\u2019Impero Romano. Perch\u00e9 ci siamo arrivati? <\/span><\/p>\n<p style=\"text-align: justify;\"><span style=\"color: #000000;\"><img loading=\"lazy\" decoding=\"async\" class=\" wp-image-48713 alignleft\" src=\"https:\/\/www.rassegnastampa-totustuus.it\/cattolica\/wp-content\/uploads\/2020\/10\/controrivoluzione-300x158.jpg\" alt=\"\" width=\"344\" height=\"181\" srcset=\"https:\/\/www.rassegnastampa-totustuus.it\/cattolica\/wp-content\/uploads\/2020\/10\/controrivoluzione-300x158.jpg 300w, https:\/\/www.rassegnastampa-totustuus.it\/cattolica\/wp-content\/uploads\/2020\/10\/controrivoluzione.jpg 310w\" sizes=\"auto, (max-width: 344px) 100vw, 344px\" \/>\u00c8 un\u2019impresa di secoli, che negli ultimi cinquant\u2019anni ha colto i frutti di un lungo lavorio di decostruzione. Come sempre, \u00e8 stato relativamente facile distruggere, pi\u00f9 arduo \u00e8 ricostruire. <\/span><\/p>\n<p style=\"text-align: justify;\"><span style=\"color: #000000;\">Ma, scriveva Saint Exupery, non tutto \u00e8 perduto se anche un solo uomo vede nella polvere e nelle macerie le pietre di una cattedrale. Sgomenta, purtroppo il ruolo passivo, se non di supporto attivo, delle chiese cristiane e in particolare del cattolicesimo. Un\u2019apostasia che lascia senza fiato.<\/span><\/p>\n<h4 style=\"text-align: justify;\"><span style=\"color: #000000;\"> <strong>Hai documentato l\u2019influenza delle organizzazioni di Soros in tutti gli ambiti fondamentali del vivere civile: giustizia, educazione, stampa e televisione, medicina, politica in senso stretto. Tu pensi, come pare all\u2019inizio del tuo libro, che il mezzo attraverso il quale si ottiene questo \u00e8 solo il denaro? Ma se fosse cos\u00ec ci dovrebbe ben essere una parte incorrotta delle istituzioni, anche minoritaria, che si oppone, e che lo dichiara apertamente. Perch\u00e9 non succede? Insomma: come marcisce una societ\u00e0, una civilt\u00e0, senza che non si senta la necessit\u00e0 di difenderla?<\/strong> <\/span><\/h4>\n<p style=\"text-align: justify;\"><span style=\"color: #000000;\"><img loading=\"lazy\" decoding=\"async\" class=\" wp-image-45369 alignright\" src=\"https:\/\/www.rassegnastampa-totustuus.it\/cattolica\/wp-content\/uploads\/2019\/12\/Cina_denaro_yuan.jpg\" alt=\"\" width=\"314\" height=\"209\" \/>Come dici tu stesso, il denaro \u00e8 solo il mezzo per il dominio. E il fine del dominio \u00e8 andare oltre l\u2019uomo. <\/span><\/p>\n<p style=\"text-align: justify;\"><span style=\"color: #000000;\">Questa \u00e8 la grande, terribile differenza con altri orrori del passato. Il denaro pu\u00f2 molto, non tutto.<\/span><\/p>\n<p style=\"text-align: justify;\"><span style=\"color: #000000;\"> Il fatto \u00e8 che hanno preparato la loro vittoria \u2013 che \u00e8 la sconfitta dell\u2019uomo e che alla fine si ritorcer\u00e0 anche contro di loro \u2013 con grande pazienza, per secoli, con l\u2019ausilio dei migliori intelletti e guadagnando terreno soprattutto nel modo di pensare delle classi dirigenti. <\/span><\/p>\n<p style=\"text-align: justify;\"><span style=\"color: #000000;\">Sicuramente molti non sono d\u2019accordo, ma in questa fase storica, contano poco e soprattutto sono ridotti al silenzio. \u00c8 lo stesso silenzio di gran parte della Chiesa\u2026<\/span><\/p>\n<h4 style=\"text-align: justify;\"><span style=\"color: #000000;\"><strong>Parliamo di qualche argomento specifico trattato nel tuo libro. Per esempio dei mutamenti climatici dici: l\u2019oligarchia sa pi\u00f9 di quanto dice e un cambio di rotta ap\u00adpare effettivamente indispensabile. Credi dunque che vi sia davvero un\u2019emergenza in questo senso? Il parere della comunit\u00e0 scientifica non \u00e8 affatto unanime su questo.<\/strong> <\/span><\/h4>\n<p style=\"text-align: justify;\"><span style=\"color: #000000;\"><img loading=\"lazy\" decoding=\"async\" class=\" wp-image-43093 alignleft\" src=\"https:\/\/www.rassegnastampa-totustuus.it\/cattolica\/wp-content\/uploads\/2019\/05\/greta-thunberg.jpg\" alt=\"\" width=\"348\" height=\"218\" \/>I cambiamenti climatici fanno parte della storia del nostro pianeta. L\u2019uomo moderno, nella sua arroganza \u2013 l\u2019hybris, peccato massimo per i greci \u2013 \u00e8 convinto di avere un potere quasi divino, quindi vuole intervenire anche su processi naturali di lungo periodo. <\/span><\/p>\n<p style=\"text-align: justify;\"><span style=\"color: #000000;\">La verit\u00e0 \u00e8 che l\u2019iperclasse sa che il modello di sviluppo \u2013 la crescita illimitata e continua \u2013 \u00e8 impossibile per l\u2019evidenza che le risorse non sono illimitate. Hanno due vie e le percorrono entrambe: da un lato ristrutturano l\u2019intera catena energetica e produttiva, ma vogliono che i costi siano a carico dei popoli.<\/span><\/p>\n<p style=\"text-align: justify;\"><span style=\"color: #000000;\"> Ecco perch\u00e9 inventano personaggi come Greta: dobbiamo essere noi a chiedere, invocare, quello che loro fanno e faranno. L\u2019altra strada \u00e8 la diminuzione drastica della popolazione. Carestie, epidemie, qualche guerra convenzionale e poi meno nascite, eutanasia. Il potere sulla vita, ecco l\u2019enormit\u00e0 del progetto.<\/span><\/p>\n<h4 style=\"text-align: justify;\"><span style=\"color: #000000;\"><strong>Quello che \u00e8 successo durante la pandemia \u00e8 qualcosa di terribilmente sinistro, grottesco. Connubio tra crudelt\u00e0 e carnevale. L\u2019aggressivit\u00e0 con <img loading=\"lazy\" decoding=\"async\" class=\"size-medium wp-image-52841 alignright\" src=\"https:\/\/www.rassegnastampa-totustuus.it\/cattolica\/wp-content\/uploads\/2021\/11\/Pfizer-covod-virus-vaccino-300x168.jpg\" alt=\"\" width=\"300\" height=\"168\" \/>cui si \u00e8 voluto procedere alla inoculazione forzata della popolazione desta stupore, e sono ormai tantissimi gli scienziati che ne negano la giustificazione medico scientifica. Nel libro avanzi l\u2019ipotesi che un gruppo di persone potentissime abbiano un progetto per diminuire la popolazione mondiale. Alcune di queste da una parte sono i principali finanziatori dell\u2019Oms con interessi fortissimi nel campo dei vaccini e dall\u2019altra non fanno mistero di condividere l\u2019ideologia malthusiana, affermando che siamo in troppi su questa terra. Non ti pare contradditorio e\u2026 inquietante?<\/strong><\/span><\/h4>\n<p style=\"text-align: justify;\"><span style=\"color: #000000;\"><img loading=\"lazy\" decoding=\"async\" class=\" wp-image-27554 alignleft\" src=\"https:\/\/www.rassegnastampa-totustuus.it\/cattolica\/wp-content\/uploads\/2006\/06\/eutanasia.jpg\" alt=\"\" width=\"317\" height=\"208\" \/>Inquietante \u00e8 dire poco. Contraddittorio no. A lorsignori non interessa il popolaccio. I popoli sono diventati superflui. Prima servivano braccia e cervelli per l\u2019industria e carne da cannone per le guerre. In cambio, ci hanno dato un po\u2019 di diritti e un po\u2019 di istruzione. <\/span><span style=\"color: #000000;\">Quell\u2019epoca \u00e8 finita. Dobbiamo sparire. <\/span><\/p>\n<p style=\"text-align: justify;\"><span style=\"color: #000000;\">Sentito il ministro Cingolani per il quale il pianeta \u00e8 stato progettato per un massimo di tre miliardi di esseri umani? Almeno 35 milioni di esuberi tra gli italiani: i governi, braccio secolare dell\u2019oligarchia, ci vogliono morti. Soros fu il primo, circa 25 anni fa, a finanziare un progetto di libera eutanasia, che chiam\u00f2 con chiarezza \u201cProgetto Morte\u201d. <\/span><\/p>\n<h4 style=\"text-align: justify;\"><span style=\"color: #000000;\"><strong>Nel brano del libro intitolato \u201cGli angeli del nulla\u201d descrivi il gelo e la protervia con la quale gli apostoli della societ\u00e0 aperta affrontano i temi della nascita, della vita e della morte degli esseri umani. Secondo te cosa li muove? Cattiveria? Semplice mancanza di empatia? Oppure agiscono magari convinti di operare per il bene, per qualche presunta conoscenza negata ai profani?<\/strong> <\/span><\/h4>\n<p style=\"text-align: justify;\"><span style=\"color: #000000;\"><img loading=\"lazy\" decoding=\"async\" class=\"wp-image-18062 alignright\" src=\"https:\/\/www.rassegnastampa-totustuus.it\/cattolica\/wp-content\/uploads\/2009\/03\/culle-vuote-300x200.jpg\" alt=\"\" width=\"320\" height=\"213\" srcset=\"https:\/\/www.rassegnastampa-totustuus.it\/cattolica\/wp-content\/uploads\/2009\/03\/culle-vuote-300x200.jpg 300w, https:\/\/www.rassegnastampa-totustuus.it\/cattolica\/wp-content\/uploads\/2009\/03\/culle-vuote.jpg 350w\" sizes=\"auto, (max-width: 320px) 100vw, 320px\" \/>Come ho gi\u00e0 detto, lo scopo \u00e8 il dominio per il superamento della creatura umana. <\/span><\/p>\n<p style=\"text-align: justify;\"><span style=\"color: #000000;\">C\u2019\u00e8 qualcosa di infero, di demoniaco in tutto ci\u00f2. \u00c8 probabile che, sottotraccia, agiscano gruppi chiusi che si ritengono portatori di sapienze esoteriche. Non riesco a trovare una spiegazione \u201cumana\u201d. <\/span><\/p>\n<p style=\"text-align: justify;\"><span style=\"color: #000000;\">Di certo, i tiranni del passato erano pi\u00f9 chiari: o la pensi come me o ti ammazzo. Questi dicono di agire per il nostro bene e che la loro societ\u00e0 \u00e8 quella dei diritti, il culmine della storia. Spaventa questa tirannia fintamente \u201cbenevola\u201d, soprattutto perch\u00e9 diffonde ignoranza, incapacit\u00e0 di ragionare e sfrutta, anzi innalza e mette sul trono gli aspetti peggiori dell\u2019animo umano\u00a0<\/span><\/p>\n<h4 style=\"text-align: justify;\"><span style=\"color: #000000;\"> <strong>Nel libro parli anche dell\u2019agenda 2030 e dei suoi fini. Viene la pelle d\u2019oca solo a leggerli per la genericit\u00e0 dei propositi e l\u2019ambiguit\u00e0 del linguaggio che non riescono a nascondere il progetto di societ\u00e0 disumana che questi signori hanno in mente. Come \u00e8 possibile che sui cambiamenti epocali che gi\u00e0 hanno avuto inizio e si delineano sempre pi\u00f9 chiaramente giorno dopo giorno pochi sappiano qualcosa, che non vi sia un dibattito pubblico? Coloro che si riuniscono a Davos peraltro non nascondono niente, \u00e8 tutto pubblicato, nero su bianco.<\/strong> <\/span><\/h4>\n<p style=\"text-align: justify;\"><span style=\"color: #000000;\"><img loading=\"lazy\" decoding=\"async\" class=\"size-medium wp-image-50191 alignleft\" src=\"https:\/\/www.rassegnastampa-totustuus.it\/cattolica\/wp-content\/uploads\/2021\/02\/Great_Reset_economia-300x168.jpg\" alt=\"\" width=\"300\" height=\"168\" srcset=\"https:\/\/www.rassegnastampa-totustuus.it\/cattolica\/wp-content\/uploads\/2021\/02\/Great_Reset_economia-300x168.jpg 300w, https:\/\/www.rassegnastampa-totustuus.it\/cattolica\/wp-content\/uploads\/2021\/02\/Great_Reset_economia.jpg 326w\" sizes=\"auto, (max-width: 300px) 100vw, 300px\" \/>Parlano chiaro, ma noi non ascoltiamo, distratti da mille altre cose. Se non ascoltiamo, non possiamo controbattere. Klaus Schwab nei suoi mediocri libri, tradotti in tutte le lingue, dice chiaramente quello che vuole l\u2019oligarchia. <\/span><\/p>\n<p style=\"text-align: justify;\"><span style=\"color: #000000;\">Nell\u2019ultimo, arriva ad ammettere che le motivazioni addotte sono solo una narrazione ad uso dei popoli. Il problema \u00e8 che hanno nelle loro mani governi, scienziati, giornalisti, accademici. <\/span><\/p>\n<p style=\"text-align: justify;\"><span style=\"color: #000000;\">\u00c8 il grumo di potere pi\u00f9 potente di sempre. Faccio un piccolo esempio: Soros, Bill Gates, Jeff Bezos, Warren Buffet, il finanziere Bloomberg, la fondazione <img loading=\"lazy\" decoding=\"async\" class=\"size-medium wp-image-53139 alignright\" src=\"https:\/\/www.rassegnastampa-totustuus.it\/cattolica\/wp-content\/uploads\/2021\/12\/bill_gates_jpg-300x219.jpg\" alt=\"\" width=\"300\" height=\"219\" srcset=\"https:\/\/www.rassegnastampa-totustuus.it\/cattolica\/wp-content\/uploads\/2021\/12\/bill_gates_jpg-300x219.jpg 300w, https:\/\/www.rassegnastampa-totustuus.it\/cattolica\/wp-content\/uploads\/2021\/12\/bill_gates_jpg.jpg 690w\" sizes=\"auto, (max-width: 300px) 100vw, 300px\" \/>Rockefeller finanziano a colpi di centinaia di milioni di dollari all\u2019anno le organizzazioni abortiste e antinataliste. <\/span><\/p>\n<p style=\"text-align: justify;\"><span style=\"color: #000000;\">Il mondo finisce per credere che abortire \u2013 loro dicono \u201csalute riproduttiva\u201d \u2013 sia un diritto universale: hanno in mano la vita, che diventa disponibile ai loro voleri. <\/span><\/p>\n<p style=\"text-align: justify;\"><span style=\"color: #000000;\">Pensa se le stesse somme fossero messe a disposizione della causa opposta. Dovremmo aprire nuovi reparti di ostetricia e le strade brulicherebbero di bambini, come \u00e8 sempre stato, e non di vecchi con al guinzaglio animali domestici, n\u00e9 ci sarebbero parate omosessuali.<\/span><\/p>\n<h4 style=\"text-align: justify;\"><span style=\"color: #000000;\"> <strong>\u00c8 chiaro che l\u2019obiettivo finale \u00e8 quello di un governo unico mondiale, costi quel che costi. Un governo nel quale gli esseri umani finirebbero per diventare degli ibridi senza diritti. Pensi ci riusciranno?<\/strong> <\/span><\/h4>\n<p style=\"text-align: justify;\"><span style=\"color: #000000;\"><img loading=\"lazy\" decoding=\"async\" class=\" wp-image-46643 alignleft\" src=\"https:\/\/www.rassegnastampa-totustuus.it\/cattolica\/wp-content\/uploads\/2020\/03\/sovranit\u00e0_stati_mondo-300x149.jpg\" alt=\"\" width=\"356\" height=\"177\" srcset=\"https:\/\/www.rassegnastampa-totustuus.it\/cattolica\/wp-content\/uploads\/2020\/03\/sovranit\u00e0_stati_mondo-300x149.jpg 300w, https:\/\/www.rassegnastampa-totustuus.it\/cattolica\/wp-content\/uploads\/2020\/03\/sovranit\u00e0_stati_mondo-768x381.jpg 768w, https:\/\/www.rassegnastampa-totustuus.it\/cattolica\/wp-content\/uploads\/2020\/03\/sovranit\u00e0_stati_mondo-1024x508.jpg 1024w, https:\/\/www.rassegnastampa-totustuus.it\/cattolica\/wp-content\/uploads\/2020\/03\/sovranit\u00e0_stati_mondo.jpg 2000w\" sizes=\"auto, (max-width: 356px) 100vw, 356px\" \/>No, non ci riusciranno. Possono arrivarci in Occidente, i cui popoli sono ormai alla fine della loro vicenda storica e perfino biologica. <\/span><\/p>\n<p style=\"text-align: justify;\"><span style=\"color: #000000;\">Altrove, l\u2019officina gnostica dei miliardari funziona a ritmo ridotto e perder\u00e0. E poi, il mondo cambia a velocit\u00e0 rapidissima. Non \u00e8 impossibile che il vento cambi. Intanto \u00e8 entrato in crisi l\u2019unipolarismo americano, la sede e l\u2019esercito dell\u2019Impero. <\/span><\/p>\n<p style=\"text-align: justify;\"><span style=\"color: #000000;\">Cambia la geopolitica del mondo, potrebbe cambiare ed entrare in crisi il progetto transumano dei miliardari, falsi filantropi e veri sociopatici.\u00a0<\/span><\/p>\n<h4 style=\"text-align: justify;\"><span style=\"color: #000000;\"> <strong>So che sei da sempre uomo di destra. Credi ancora che le categorie storiche di destra e sinistra possano servire a spiegare la realt\u00e0, che abbia senso schierarsi dall\u2019una o dall\u2019altra parte? Se mai ce ne fosse stato bisogno si \u00e8 visto bene negli ultimi due anni che entrambi gli schieramenti rispondono alle medesime logiche. Non credi che ormai la \u201cdialettica\u201d sia quella tra popolo e potere? Ma un popolo, inteso come comunit\u00e0 di tradizioni, cultura, valori, esiste ancora?<\/strong>\u00a0<\/span><\/h4>\n<p style=\"text-align: justify;\"><span style=\"color: #000000;\"> <img loading=\"lazy\" decoding=\"async\" class=\" wp-image-35369 alignleft\" src=\"https:\/\/www.rassegnastampa-totustuus.it\/cattolica\/wp-content\/uploads\/2011\/06\/centrodestra-1.jpg\" alt=\"\" width=\"236\" height=\"236\" srcset=\"https:\/\/www.rassegnastampa-totustuus.it\/cattolica\/wp-content\/uploads\/2011\/06\/centrodestra-1.jpg 204w, https:\/\/www.rassegnastampa-totustuus.it\/cattolica\/wp-content\/uploads\/2011\/06\/centrodestra-1-150x150.jpg 150w\" sizes=\"auto, (max-width: 236px) 100vw, 236px\" \/>Ho militato in un partito, il Msi, che era solo in parte \u201cdi destra\u201d. Rifiuto quell\u2019etichetta da almeno trent\u2019anni. Oggi destra e sinistra significano poco o nulla, come guelfi e ghibellini. <\/span><\/p>\n<p style=\"text-align: justify;\"><span style=\"color: #000000;\">La frattura, come tu rilevi, \u00e8 tra popolo e potere, ovvero alto-basso, centro-periferia oligarchia-resto del popolo. E, sempre pi\u00f9, tra chi ha accesso alle informazioni che contano e tutti gli altri. <\/span><\/p>\n<p style=\"text-align: justify;\"><span style=\"color: #000000;\">Oggi, la missione \u00e8 soprattutto informare per capire e per animare una resistenza. Poi, creder\u00f2 fino alla fine in Dio, Patria e famiglia. <\/span><\/p>\n<p style=\"text-align: justify;\"><span style=\"color: #000000;\">Ma sono valori comunitari, etici, prepolitici, non bandiere di una sedicente destra amica dei ricchi, altra faccia della medaglia di una sinistra altrettanto sedicente che ha abbandonato i poveri, la giustizia sociale, serva quanto la destra del <img loading=\"lazy\" decoding=\"async\" class=\" wp-image-50717 alignright\" src=\"https:\/\/www.rassegnastampa-totustuus.it\/cattolica\/wp-content\/uploads\/2021\/04\/cancel_culture_sinistra.jpg\" alt=\"\" width=\"255\" height=\"183\" \/>liberismo economico e del capitalismo globalista. <\/span><\/p>\n<p style=\"text-align: justify;\"><span style=\"color: #000000;\">Gli unici diritti rimasti, nota un intellettuale cattolico spagnolo, Juan de Prada, sono quelli \u201cda biancheria intima\u201d. Che c\u2019entra la destra, che c\u2019entra la sinistra? Parole senza significato, buone per gli ultimi tifosi delle due parti. <\/span><\/p>\n<p style=\"text-align: justify;\"><span style=\"color: #000000;\">Mi chiedi poi se esista ancora il popolo. Massacrato, decostruito, sottoposto all\u2019odio di s\u00e9 dalla cultura della cancellazione (ossia cancellazione della cultura), forse esiste ancora, nel cuore di qualcuno o di molti. Ma non so rispondere: troppo impegnativo. Hai una domanda di riserva?<\/span><\/p>\n<h4 style=\"text-align: justify;\"><span style=\"color: #000000;\"> <strong>Eccola. Siamo della stessa generazione . Ti saresti mai aspettato di vedere cambiare il mondo cos\u00ec tanto e cos\u00ec velocemente? Questo \u00e8 un sentimento che quando si comincia ad andare avanti con l\u2019et\u00e0 immagino abbiano provato in tanti. Eppure quello nel quale ci troviamo in mezzo mi pare un cambiamento diverso, per comprendere il quale alcuni richiamano le categorie del preternaturale, quelle della metafisica. Tu che ne pensi?<\/strong><\/span><\/h4>\n<p style=\"text-align: justify;\"><span style=\"color: #000000;\"><img loading=\"lazy\" decoding=\"async\" class=\" wp-image-38233 alignleft\" src=\"https:\/\/www.rassegnastampa-totustuus.it\/cattolica\/wp-content\/uploads\/2017\/07\/demonio.jpg\" alt=\"\" width=\"318\" height=\"248\" \/>Dico spesso che non avrei mai pensato di vivere e vedere quel che viviamo e vediamo. Da credente, cerco di dire a me stesso che \u00e8 la prova a cui Dio ci ha voluto sottoporre. <\/span><\/p>\n<p style=\"text-align: justify;\"><span style=\"color: #000000;\">Ma \u00e8 dura, durissima. Ho un temperamento portato alla ragione, ma non si riesce pi\u00f9 a credere che tutto quello che accade sia il frutto di uomini malvagi. <\/span><\/p>\n<p style=\"text-align: justify;\"><span style=\"color: #000000;\">Si fa strada in me l\u2019idea che altre forze stiano agendo. Del resto Faust, archetipo della conoscenza e del desiderio febbrile, vendette l\u2019anima a qualcuno che non era di questo mondo. Fin\u00ec nella redenzione, tuttavia; quindi abbiamo il dovere della speranza.\u00a0<\/span><\/p>\n<h4 style=\"text-align: justify;\"><span style=\"color: #000000;\"> <strong>Nel tuo lavoro a un certo punto dici che il libro non \u00e8 la sede opportuna per riflettere sulla \u201cnormalit\u00e0\u201d perduta. Allora colgo l\u2019occasione per discuterne con te ora. Perch\u00e9 non \u00e8 forse un<\/strong> <strong>sacrosanto terrore di perdere la libert\u00e0, sia pure nella forma difettosa che abbiamo conosciuto, di perdere finanche l\u2019anima, a spingerci a scrivere libri, a dare testimonianza, ciascuno con le proprie modeste risorse, di quello che sta capitando nel mondo?<\/strong>\u00a0<\/span><\/h4>\n<p style=\"text-align: justify;\"><span style=\"color: #000000;\"> <img loading=\"lazy\" decoding=\"async\" class=\"wp-image-52305 alignright\" src=\"https:\/\/www.rassegnastampa-totustuus.it\/cattolica\/wp-content\/uploads\/2021\/08\/pecore_gregge-animali-300x169.jpg\" alt=\"\" width=\"330\" height=\"186\" srcset=\"https:\/\/www.rassegnastampa-totustuus.it\/cattolica\/wp-content\/uploads\/2021\/08\/pecore_gregge-animali-300x169.jpg 300w, https:\/\/www.rassegnastampa-totustuus.it\/cattolica\/wp-content\/uploads\/2021\/08\/pecore_gregge-animali-768x432.jpg 768w, https:\/\/www.rassegnastampa-totustuus.it\/cattolica\/wp-content\/uploads\/2021\/08\/pecore_gregge-animali-1024x576.jpg 1024w, https:\/\/www.rassegnastampa-totustuus.it\/cattolica\/wp-content\/uploads\/2021\/08\/pecore_gregge-animali.jpg 1280w\" sizes=\"auto, (max-width: 330px) 100vw, 330px\" \/>Il libro si propone di spiegare alcuni eventi del mondo attraverso la vita e le azioni di un uomo, George Soros, che ne \u00e8 protagonista e artefice. <\/span><\/p>\n<p style=\"text-align: justify;\"><span style=\"color: #000000;\">Mi sono convinto che alla maggioranza degli uomini importi ben poco della libert\u00e0, e anche della conoscenza. <\/span><\/p>\n<p style=\"text-align: justify;\"><span style=\"color: #000000;\">Quanto all\u2019anima, non pervenuta. Tace anche chi avrebbe il dovere di parlarne. Epper\u00f2, chi ha forza e vita non pu\u00f2 tacere, per se stesso, per coloro \u2013 pochi o tanti \u2013 che ascolteranno e anche per chi verr\u00e0 dopo di noi. Non devono credere che tutti fossero come Soros, come le oligarchie. <\/span><\/p>\n<p style=\"text-align: justify;\"><span style=\"color: #000000;\">Non tutti appartengono al gregge: questo \u00e8 il messaggio, forse disperato, ma carico di orgoglio, che cerco di lanciare come scrittore, come osservatore, come uomo estraneo allo spirito dei tempi, che poi non esiste: \u00e8 solo la volont\u00e0 della classe dominante,<\/span><\/p>\n<h4 style=\"text-align: justify;\"><span style=\"color: #000000;\"><strong>Non tutti appartengono al gregge, no. Pare perfino di intravedere qualche segnale di risveglio dall\u2019ipnosi collettiva, nonostante un livello di propaganda mai cos\u00ec basso come \u00e8 stato per la covid e adesso per la guerra in Ucraina (incidentalmente Soros, \u00e8 tra i pi\u00f9 convinti sostenitori per <img loading=\"lazy\" decoding=\"async\" class=\"size-full wp-image-50985 alignleft\" src=\"https:\/\/www.rassegnastampa-totustuus.it\/cattolica\/wp-content\/uploads\/2021\/05\/America_usa_virus.jpg\" alt=\"\" width=\"275\" height=\"183\" \/>la continuazione della guerra a oltranza). La maggior parte degli esponenti politici, non solo italiani, in posizioni di formale responsabilit\u00e0, sono palesemente inadeguati. La gente si sente mancare letteralmente il terreno sotto i piedi, che \u00e8 probabilmente proprio l\u2019effetto che si vuole ottenere. Qualcuno, ma chi, sta forzando le tappe verso l\u2019impoverimento della societ\u00e0 e la discordia civile, se non verso qualcosa di peggio ancora. Viene da rispolverare la metafora del Titanic che affonda mentre l\u2019orchestrina continua a suonare, ma stavolta sembrerebbe proprio giustificata. Qual \u00e8 il sentimento che provi? Sconcerto? Collera? Paura?<\/strong>\u00a0<\/span><\/h4>\n<p style=\"text-align: justify;\"><span style=\"color: #000000;\"> <img loading=\"lazy\" decoding=\"async\" class=\"wp-image-53563 alignright\" src=\"https:\/\/www.rassegnastampa-totustuus.it\/cattolica\/wp-content\/uploads\/2022\/02\/Russia_Ucraina.jpg\" alt=\"\" width=\"236\" height=\"256\" \/>La metafora del Titanic \u00e8 quella giusta. Corriamo gai \u2013 in molti sensi \u2013 verso l\u2019iceberg fatale, ma la musica continua, lo spettacolo deve continuare. Perfino la guerra \u00e8 uno spettacolo, all\u2019americana, naturalmente. <\/span><\/p>\n<p style=\"text-align: justify;\"><span style=\"color: #000000;\">C\u2019\u00e8 il cattivo, che \u00e8 insieme un pazzo e un criminale e c\u2019\u00e8 capitan America, spalleggiato dai camerieri europei. In mezzo, scorre il sangue, che \u00e8 quello di genti europee e cristiane, e questo mi fa una grande tristezza. Collera, sconcerto s\u00ec, uniti a un sentimento che non \u00e8 paura, ma sgomento. <\/span><\/p>\n<p style=\"text-align: justify;\"><span style=\"color: #000000;\">Perch\u00e9 siamo arrivati a questo, perch\u00e9 accettiamo di vivere in questo modo, come animali d\u2019allevamento, contenti della pastura e del codice QR, mascherati e presto con chip incorporato? Non c\u2019\u00e8 risposta, o almeno manca una risposta umana. In una dimensione trascendente \u2013 estranea agli occidentali postmoderni \u2013 forse si pu\u00f2, se non capire, guardare verso l\u2019alto e abbandonarsi a una volont\u00e0 superiore. Ma \u00e8, ripeto, tremendamente difficile.<\/span><\/p>\n","protected":false},"excerpt":{"rendered":"<p>Abstract: Soros, la societ\u00e0 aperta e i suoi oligarchi. Da tempo leggiamo Roberto Pecchioli avendone spesso condiviso le opinioni, estremamente critiche sui cambiamenti incubati a lungo dalla nostra societ\u00e0, prima che si manifestassero dirompenti nel momento presente. L\u2019uscita del suo ultimo lavoro George Soros e la Open Society, Arianna editrice, ci ha dato l\u2019occasione per &hellip; <\/p>\n<p><a class=\"more-link btn\" href=\"https:\/\/www.rassegnastampa-totustuus.it\/cattolica\/soros-la-societa-aperta-i-suoi-oligarchi-a-colloquio-con-roberto-pecchiolisoros-la-societa-aperta-e-i-suoi-oligarchi\/\">Continua a leggere<\/a><\/p>\n","protected":false},"author":6,"featured_media":49297,"comment_status":"closed","ping_status":"closed","sticky":false,"template":"","format":"standard","meta":{"footnotes":""},"categories":[17,25],"tags":[2837,688,265,558],"class_list":["post-54399","post","type-post","status-publish","format-standard","has-post-thumbnail","hentry","category-libri","category-sguardo-sul-nostro-tempo","tag-crisi-delloccidente","tag-george-soros","tag-libri-2","tag-sguardo-sul-nostro-tempo-2","item-wrap"],"yoast_head":"<!-- This site is optimized with the Yoast SEO plugin v27.5 - https:\/\/yoast.com\/product\/yoast-seo-wordpress\/ -->\n<title>Soros, la societ\u00e0 aperta e i suoi oligarchi. - Rassegna Stampa Cattolica<\/title>\n<meta name=\"description\" content=\"Soros, la societ\u00e0 aperta e i suoi oligarchi.\u00a0\" \/>\n<meta name=\"robots\" content=\"index, follow, max-snippet:-1, max-image-preview:large, max-video-preview:-1\" \/>\n<link rel=\"canonical\" href=\"https:\/\/www.rassegnastampa-totustuus.it\/cattolica\/soros-la-societa-aperta-i-suoi-oligarchi-a-colloquio-con-roberto-pecchiolisoros-la-societa-aperta-e-i-suoi-oligarchi\/\" \/>\n<meta property=\"og:locale\" content=\"it_IT\" \/>\n<meta property=\"og:type\" content=\"article\" \/>\n<meta property=\"og:title\" content=\"Soros, la societ\u00e0 aperta e i suoi oligarchi. - Rassegna Stampa Cattolica\" \/>\n<meta property=\"og:description\" content=\"Soros, la societ\u00e0 aperta e i suoi oligarchi.\u00a0\" \/>\n<meta property=\"og:url\" content=\"https:\/\/www.rassegnastampa-totustuus.it\/cattolica\/soros-la-societa-aperta-i-suoi-oligarchi-a-colloquio-con-roberto-pecchiolisoros-la-societa-aperta-e-i-suoi-oligarchi\/\" \/>\n<meta property=\"og:site_name\" content=\"Rassegna Stampa Cattolica\" \/>\n<meta property=\"article:publisher\" content=\"https:\/\/www.facebook.com\/rassegnastampacattolica\" \/>\n<meta property=\"article:published_time\" content=\"2022-07-06T22:00:13+00:00\" \/>\n<meta property=\"article:modified_time\" content=\"2024-04-12T17:40:25+00:00\" \/>\n<meta property=\"og:image\" content=\"https:\/\/www.rassegnastampa-totustuus.it\/cattolica\/wp-content\/uploads\/2020\/11\/Davos_reset.jpg\" \/>\n\t<meta property=\"og:image:width\" content=\"1280\" \/>\n\t<meta property=\"og:image:height\" content=\"720\" \/>\n\t<meta property=\"og:image:type\" content=\"image\/jpeg\" \/>\n<meta name=\"author\" content=\"Redazione\" \/>\n<meta name=\"twitter:card\" content=\"summary_large_image\" \/>\n<meta name=\"twitter:creator\" content=\"@rassegnastampa9\" \/>\n<meta name=\"twitter:site\" content=\"@rassegnastampa9\" \/>\n<meta name=\"twitter:label1\" content=\"Scritto da\" \/>\n\t<meta name=\"twitter:data1\" content=\"Redazione\" \/>\n\t<meta name=\"twitter:label2\" content=\"Tempo di lettura stimato\" \/>\n\t<meta name=\"twitter:data2\" content=\"24 minuti\" \/>\n<script type=\"application\/ld+json\" class=\"yoast-schema-graph\">{\"@context\":\"https:\\\/\\\/schema.org\",\"@graph\":[{\"@type\":\"Article\",\"@id\":\"https:\\\/\\\/www.rassegnastampa-totustuus.it\\\/cattolica\\\/soros-la-societa-aperta-i-suoi-oligarchi-a-colloquio-con-roberto-pecchiolisoros-la-societa-aperta-e-i-suoi-oligarchi\\\/#article\",\"isPartOf\":{\"@id\":\"https:\\\/\\\/www.rassegnastampa-totustuus.it\\\/cattolica\\\/soros-la-societa-aperta-i-suoi-oligarchi-a-colloquio-con-roberto-pecchiolisoros-la-societa-aperta-e-i-suoi-oligarchi\\\/\"},\"author\":{\"name\":\"Redazione\",\"@id\":\"https:\\\/\\\/www.rassegnastampa-totustuus.it\\\/cattolica\\\/#\\\/schema\\\/person\\\/08f319d2bd1a0904ad9e2bfb7b15e5c3\"},\"headline\":\"Soros, la societ\u00e0 aperta e i suoi oligarchi.\",\"datePublished\":\"2022-07-06T22:00:13+00:00\",\"dateModified\":\"2024-04-12T17:40:25+00:00\",\"mainEntityOfPage\":{\"@id\":\"https:\\\/\\\/www.rassegnastampa-totustuus.it\\\/cattolica\\\/soros-la-societa-aperta-i-suoi-oligarchi-a-colloquio-con-roberto-pecchiolisoros-la-societa-aperta-e-i-suoi-oligarchi\\\/\"},\"wordCount\":3461,\"publisher\":{\"@id\":\"https:\\\/\\\/www.rassegnastampa-totustuus.it\\\/cattolica\\\/#organization\"},\"image\":{\"@id\":\"https:\\\/\\\/www.rassegnastampa-totustuus.it\\\/cattolica\\\/soros-la-societa-aperta-i-suoi-oligarchi-a-colloquio-con-roberto-pecchiolisoros-la-societa-aperta-e-i-suoi-oligarchi\\\/#primaryimage\"},\"thumbnailUrl\":\"https:\\\/\\\/www.rassegnastampa-totustuus.it\\\/cattolica\\\/wp-content\\\/uploads\\\/2020\\\/11\\\/Davos_reset.jpg\",\"keywords\":[\"crisi dell&#039;Occidente\",\"George Soros\",\"libri\",\"sguardo sul nostro tempo\"],\"articleSection\":[\"Libri\",\"Sguardo sul nostro tempo\"],\"inLanguage\":\"it-IT\"},{\"@type\":\"WebPage\",\"@id\":\"https:\\\/\\\/www.rassegnastampa-totustuus.it\\\/cattolica\\\/soros-la-societa-aperta-i-suoi-oligarchi-a-colloquio-con-roberto-pecchiolisoros-la-societa-aperta-e-i-suoi-oligarchi\\\/\",\"url\":\"https:\\\/\\\/www.rassegnastampa-totustuus.it\\\/cattolica\\\/soros-la-societa-aperta-i-suoi-oligarchi-a-colloquio-con-roberto-pecchiolisoros-la-societa-aperta-e-i-suoi-oligarchi\\\/\",\"name\":\"Soros, la societ\u00e0 aperta e i suoi oligarchi. - Rassegna Stampa Cattolica\",\"isPartOf\":{\"@id\":\"https:\\\/\\\/www.rassegnastampa-totustuus.it\\\/cattolica\\\/#website\"},\"primaryImageOfPage\":{\"@id\":\"https:\\\/\\\/www.rassegnastampa-totustuus.it\\\/cattolica\\\/soros-la-societa-aperta-i-suoi-oligarchi-a-colloquio-con-roberto-pecchiolisoros-la-societa-aperta-e-i-suoi-oligarchi\\\/#primaryimage\"},\"image\":{\"@id\":\"https:\\\/\\\/www.rassegnastampa-totustuus.it\\\/cattolica\\\/soros-la-societa-aperta-i-suoi-oligarchi-a-colloquio-con-roberto-pecchiolisoros-la-societa-aperta-e-i-suoi-oligarchi\\\/#primaryimage\"},\"thumbnailUrl\":\"https:\\\/\\\/www.rassegnastampa-totustuus.it\\\/cattolica\\\/wp-content\\\/uploads\\\/2020\\\/11\\\/Davos_reset.jpg\",\"datePublished\":\"2022-07-06T22:00:13+00:00\",\"dateModified\":\"2024-04-12T17:40:25+00:00\",\"description\":\"Soros, la societ\u00e0 aperta e i suoi oligarchi.\u00a0\",\"breadcrumb\":{\"@id\":\"https:\\\/\\\/www.rassegnastampa-totustuus.it\\\/cattolica\\\/soros-la-societa-aperta-i-suoi-oligarchi-a-colloquio-con-roberto-pecchiolisoros-la-societa-aperta-e-i-suoi-oligarchi\\\/#breadcrumb\"},\"inLanguage\":\"it-IT\",\"potentialAction\":[{\"@type\":\"ReadAction\",\"target\":[\"https:\\\/\\\/www.rassegnastampa-totustuus.it\\\/cattolica\\\/soros-la-societa-aperta-i-suoi-oligarchi-a-colloquio-con-roberto-pecchiolisoros-la-societa-aperta-e-i-suoi-oligarchi\\\/\"]}]},{\"@type\":\"ImageObject\",\"inLanguage\":\"it-IT\",\"@id\":\"https:\\\/\\\/www.rassegnastampa-totustuus.it\\\/cattolica\\\/soros-la-societa-aperta-i-suoi-oligarchi-a-colloquio-con-roberto-pecchiolisoros-la-societa-aperta-e-i-suoi-oligarchi\\\/#primaryimage\",\"url\":\"https:\\\/\\\/www.rassegnastampa-totustuus.it\\\/cattolica\\\/wp-content\\\/uploads\\\/2020\\\/11\\\/Davos_reset.jpg\",\"contentUrl\":\"https:\\\/\\\/www.rassegnastampa-totustuus.it\\\/cattolica\\\/wp-content\\\/uploads\\\/2020\\\/11\\\/Davos_reset.jpg\",\"width\":1280,\"height\":720},{\"@type\":\"BreadcrumbList\",\"@id\":\"https:\\\/\\\/www.rassegnastampa-totustuus.it\\\/cattolica\\\/soros-la-societa-aperta-i-suoi-oligarchi-a-colloquio-con-roberto-pecchiolisoros-la-societa-aperta-e-i-suoi-oligarchi\\\/#breadcrumb\",\"itemListElement\":[{\"@type\":\"ListItem\",\"position\":1,\"name\":\"Home\",\"item\":\"https:\\\/\\\/www.rassegnastampa-totustuus.it\\\/cattolica\\\/\"},{\"@type\":\"ListItem\",\"position\":2,\"name\":\"Soros, la societ\u00e0 aperta e i suoi oligarchi.\"}]},{\"@type\":\"WebSite\",\"@id\":\"https:\\\/\\\/www.rassegnastampa-totustuus.it\\\/cattolica\\\/#website\",\"url\":\"https:\\\/\\\/www.rassegnastampa-totustuus.it\\\/cattolica\\\/\",\"name\":\"Rassegna Stampa Cattolica\",\"description\":\"Per una cultura che nasce dalla Rivelazione cristiana in conformit\u00e0 alla tradizione e al Magistero della Chiesa in opposizione ad ogni relativismo e totalitarismo\",\"publisher\":{\"@id\":\"https:\\\/\\\/www.rassegnastampa-totustuus.it\\\/cattolica\\\/#organization\"},\"alternateName\":\"Rass. Cattolica\",\"potentialAction\":[{\"@type\":\"SearchAction\",\"target\":{\"@type\":\"EntryPoint\",\"urlTemplate\":\"https:\\\/\\\/www.rassegnastampa-totustuus.it\\\/cattolica\\\/?s={search_term_string}\"},\"query-input\":{\"@type\":\"PropertyValueSpecification\",\"valueRequired\":true,\"valueName\":\"search_term_string\"}}],\"inLanguage\":\"it-IT\"},{\"@type\":\"Organization\",\"@id\":\"https:\\\/\\\/www.rassegnastampa-totustuus.it\\\/cattolica\\\/#organization\",\"name\":\"Rassegna Stampa Cattolica\",\"url\":\"https:\\\/\\\/www.rassegnastampa-totustuus.it\\\/cattolica\\\/\",\"logo\":{\"@type\":\"ImageObject\",\"inLanguage\":\"it-IT\",\"@id\":\"https:\\\/\\\/www.rassegnastampa-totustuus.it\\\/cattolica\\\/#\\\/schema\\\/logo\\\/image\\\/\",\"url\":\"https:\\\/\\\/www.rassegnastampa-totustuus.it\\\/cattolica\\\/wp-content\\\/uploads\\\/2014\\\/04\\\/logo-rassegna1.gif\",\"contentUrl\":\"https:\\\/\\\/www.rassegnastampa-totustuus.it\\\/cattolica\\\/wp-content\\\/uploads\\\/2014\\\/04\\\/logo-rassegna1.gif\",\"width\":600,\"height\":163,\"caption\":\"Rassegna Stampa Cattolica\"},\"image\":{\"@id\":\"https:\\\/\\\/www.rassegnastampa-totustuus.it\\\/cattolica\\\/#\\\/schema\\\/logo\\\/image\\\/\"},\"sameAs\":[\"https:\\\/\\\/www.facebook.com\\\/rassegnastampacattolica\",\"https:\\\/\\\/x.com\\\/rassegnastampa9\"]},{\"@type\":\"Person\",\"@id\":\"https:\\\/\\\/www.rassegnastampa-totustuus.it\\\/cattolica\\\/#\\\/schema\\\/person\\\/08f319d2bd1a0904ad9e2bfb7b15e5c3\",\"name\":\"Redazione\",\"image\":{\"@type\":\"ImageObject\",\"inLanguage\":\"it-IT\",\"@id\":\"https:\\\/\\\/secure.gravatar.com\\\/avatar\\\/2fcdf27c78ea025fbdb44e914cc63c72249ffec9dc8aafd5c82b26240ef3f346?s=96&d=mm&r=g\",\"url\":\"https:\\\/\\\/secure.gravatar.com\\\/avatar\\\/2fcdf27c78ea025fbdb44e914cc63c72249ffec9dc8aafd5c82b26240ef3f346?s=96&d=mm&r=g\",\"contentUrl\":\"https:\\\/\\\/secure.gravatar.com\\\/avatar\\\/2fcdf27c78ea025fbdb44e914cc63c72249ffec9dc8aafd5c82b26240ef3f346?s=96&d=mm&r=g\",\"caption\":\"Redazione\"},\"url\":\"https:\\\/\\\/www.rassegnastampa-totustuus.it\\\/cattolica\\\/author\\\/pietroelle\\\/\"}]}<\/script>\n<!-- \/ Yoast SEO plugin. -->","yoast_head_json":{"title":"Soros, la societ\u00e0 aperta e i suoi oligarchi. - Rassegna Stampa Cattolica","description":"Soros, la societ\u00e0 aperta e i suoi oligarchi.\u00a0","robots":{"index":"index","follow":"follow","max-snippet":"max-snippet:-1","max-image-preview":"max-image-preview:large","max-video-preview":"max-video-preview:-1"},"canonical":"https:\/\/www.rassegnastampa-totustuus.it\/cattolica\/soros-la-societa-aperta-i-suoi-oligarchi-a-colloquio-con-roberto-pecchiolisoros-la-societa-aperta-e-i-suoi-oligarchi\/","og_locale":"it_IT","og_type":"article","og_title":"Soros, la societ\u00e0 aperta e i suoi oligarchi. - Rassegna Stampa Cattolica","og_description":"Soros, la societ\u00e0 aperta e i suoi oligarchi.\u00a0","og_url":"https:\/\/www.rassegnastampa-totustuus.it\/cattolica\/soros-la-societa-aperta-i-suoi-oligarchi-a-colloquio-con-roberto-pecchiolisoros-la-societa-aperta-e-i-suoi-oligarchi\/","og_site_name":"Rassegna Stampa Cattolica","article_publisher":"https:\/\/www.facebook.com\/rassegnastampacattolica","article_published_time":"2022-07-06T22:00:13+00:00","article_modified_time":"2024-04-12T17:40:25+00:00","og_image":[{"width":1280,"height":720,"url":"https:\/\/www.rassegnastampa-totustuus.it\/cattolica\/wp-content\/uploads\/2020\/11\/Davos_reset.jpg","type":"image\/jpeg"}],"author":"Redazione","twitter_card":"summary_large_image","twitter_creator":"@rassegnastampa9","twitter_site":"@rassegnastampa9","twitter_misc":{"Scritto da":"Redazione","Tempo di lettura stimato":"24 minuti"},"schema":{"@context":"https:\/\/schema.org","@graph":[{"@type":"Article","@id":"https:\/\/www.rassegnastampa-totustuus.it\/cattolica\/soros-la-societa-aperta-i-suoi-oligarchi-a-colloquio-con-roberto-pecchiolisoros-la-societa-aperta-e-i-suoi-oligarchi\/#article","isPartOf":{"@id":"https:\/\/www.rassegnastampa-totustuus.it\/cattolica\/soros-la-societa-aperta-i-suoi-oligarchi-a-colloquio-con-roberto-pecchiolisoros-la-societa-aperta-e-i-suoi-oligarchi\/"},"author":{"name":"Redazione","@id":"https:\/\/www.rassegnastampa-totustuus.it\/cattolica\/#\/schema\/person\/08f319d2bd1a0904ad9e2bfb7b15e5c3"},"headline":"Soros, la societ\u00e0 aperta e i suoi oligarchi.","datePublished":"2022-07-06T22:00:13+00:00","dateModified":"2024-04-12T17:40:25+00:00","mainEntityOfPage":{"@id":"https:\/\/www.rassegnastampa-totustuus.it\/cattolica\/soros-la-societa-aperta-i-suoi-oligarchi-a-colloquio-con-roberto-pecchiolisoros-la-societa-aperta-e-i-suoi-oligarchi\/"},"wordCount":3461,"publisher":{"@id":"https:\/\/www.rassegnastampa-totustuus.it\/cattolica\/#organization"},"image":{"@id":"https:\/\/www.rassegnastampa-totustuus.it\/cattolica\/soros-la-societa-aperta-i-suoi-oligarchi-a-colloquio-con-roberto-pecchiolisoros-la-societa-aperta-e-i-suoi-oligarchi\/#primaryimage"},"thumbnailUrl":"https:\/\/www.rassegnastampa-totustuus.it\/cattolica\/wp-content\/uploads\/2020\/11\/Davos_reset.jpg","keywords":["crisi dell&#039;Occidente","George Soros","libri","sguardo sul nostro tempo"],"articleSection":["Libri","Sguardo sul nostro tempo"],"inLanguage":"it-IT"},{"@type":"WebPage","@id":"https:\/\/www.rassegnastampa-totustuus.it\/cattolica\/soros-la-societa-aperta-i-suoi-oligarchi-a-colloquio-con-roberto-pecchiolisoros-la-societa-aperta-e-i-suoi-oligarchi\/","url":"https:\/\/www.rassegnastampa-totustuus.it\/cattolica\/soros-la-societa-aperta-i-suoi-oligarchi-a-colloquio-con-roberto-pecchiolisoros-la-societa-aperta-e-i-suoi-oligarchi\/","name":"Soros, la societ\u00e0 aperta e i suoi oligarchi. - Rassegna Stampa Cattolica","isPartOf":{"@id":"https:\/\/www.rassegnastampa-totustuus.it\/cattolica\/#website"},"primaryImageOfPage":{"@id":"https:\/\/www.rassegnastampa-totustuus.it\/cattolica\/soros-la-societa-aperta-i-suoi-oligarchi-a-colloquio-con-roberto-pecchiolisoros-la-societa-aperta-e-i-suoi-oligarchi\/#primaryimage"},"image":{"@id":"https:\/\/www.rassegnastampa-totustuus.it\/cattolica\/soros-la-societa-aperta-i-suoi-oligarchi-a-colloquio-con-roberto-pecchiolisoros-la-societa-aperta-e-i-suoi-oligarchi\/#primaryimage"},"thumbnailUrl":"https:\/\/www.rassegnastampa-totustuus.it\/cattolica\/wp-content\/uploads\/2020\/11\/Davos_reset.jpg","datePublished":"2022-07-06T22:00:13+00:00","dateModified":"2024-04-12T17:40:25+00:00","description":"Soros, la societ\u00e0 aperta e i suoi oligarchi.\u00a0","breadcrumb":{"@id":"https:\/\/www.rassegnastampa-totustuus.it\/cattolica\/soros-la-societa-aperta-i-suoi-oligarchi-a-colloquio-con-roberto-pecchiolisoros-la-societa-aperta-e-i-suoi-oligarchi\/#breadcrumb"},"inLanguage":"it-IT","potentialAction":[{"@type":"ReadAction","target":["https:\/\/www.rassegnastampa-totustuus.it\/cattolica\/soros-la-societa-aperta-i-suoi-oligarchi-a-colloquio-con-roberto-pecchiolisoros-la-societa-aperta-e-i-suoi-oligarchi\/"]}]},{"@type":"ImageObject","inLanguage":"it-IT","@id":"https:\/\/www.rassegnastampa-totustuus.it\/cattolica\/soros-la-societa-aperta-i-suoi-oligarchi-a-colloquio-con-roberto-pecchiolisoros-la-societa-aperta-e-i-suoi-oligarchi\/#primaryimage","url":"https:\/\/www.rassegnastampa-totustuus.it\/cattolica\/wp-content\/uploads\/2020\/11\/Davos_reset.jpg","contentUrl":"https:\/\/www.rassegnastampa-totustuus.it\/cattolica\/wp-content\/uploads\/2020\/11\/Davos_reset.jpg","width":1280,"height":720},{"@type":"BreadcrumbList","@id":"https:\/\/www.rassegnastampa-totustuus.it\/cattolica\/soros-la-societa-aperta-i-suoi-oligarchi-a-colloquio-con-roberto-pecchiolisoros-la-societa-aperta-e-i-suoi-oligarchi\/#breadcrumb","itemListElement":[{"@type":"ListItem","position":1,"name":"Home","item":"https:\/\/www.rassegnastampa-totustuus.it\/cattolica\/"},{"@type":"ListItem","position":2,"name":"Soros, la societ\u00e0 aperta e i suoi oligarchi."}]},{"@type":"WebSite","@id":"https:\/\/www.rassegnastampa-totustuus.it\/cattolica\/#website","url":"https:\/\/www.rassegnastampa-totustuus.it\/cattolica\/","name":"Rassegna Stampa Cattolica","description":"Per una cultura che nasce dalla Rivelazione cristiana in conformit\u00e0 alla tradizione e al Magistero della Chiesa in opposizione ad ogni relativismo e totalitarismo","publisher":{"@id":"https:\/\/www.rassegnastampa-totustuus.it\/cattolica\/#organization"},"alternateName":"Rass. Cattolica","potentialAction":[{"@type":"SearchAction","target":{"@type":"EntryPoint","urlTemplate":"https:\/\/www.rassegnastampa-totustuus.it\/cattolica\/?s={search_term_string}"},"query-input":{"@type":"PropertyValueSpecification","valueRequired":true,"valueName":"search_term_string"}}],"inLanguage":"it-IT"},{"@type":"Organization","@id":"https:\/\/www.rassegnastampa-totustuus.it\/cattolica\/#organization","name":"Rassegna Stampa Cattolica","url":"https:\/\/www.rassegnastampa-totustuus.it\/cattolica\/","logo":{"@type":"ImageObject","inLanguage":"it-IT","@id":"https:\/\/www.rassegnastampa-totustuus.it\/cattolica\/#\/schema\/logo\/image\/","url":"https:\/\/www.rassegnastampa-totustuus.it\/cattolica\/wp-content\/uploads\/2014\/04\/logo-rassegna1.gif","contentUrl":"https:\/\/www.rassegnastampa-totustuus.it\/cattolica\/wp-content\/uploads\/2014\/04\/logo-rassegna1.gif","width":600,"height":163,"caption":"Rassegna Stampa Cattolica"},"image":{"@id":"https:\/\/www.rassegnastampa-totustuus.it\/cattolica\/#\/schema\/logo\/image\/"},"sameAs":["https:\/\/www.facebook.com\/rassegnastampacattolica","https:\/\/x.com\/rassegnastampa9"]},{"@type":"Person","@id":"https:\/\/www.rassegnastampa-totustuus.it\/cattolica\/#\/schema\/person\/08f319d2bd1a0904ad9e2bfb7b15e5c3","name":"Redazione","image":{"@type":"ImageObject","inLanguage":"it-IT","@id":"https:\/\/secure.gravatar.com\/avatar\/2fcdf27c78ea025fbdb44e914cc63c72249ffec9dc8aafd5c82b26240ef3f346?s=96&d=mm&r=g","url":"https:\/\/secure.gravatar.com\/avatar\/2fcdf27c78ea025fbdb44e914cc63c72249ffec9dc8aafd5c82b26240ef3f346?s=96&d=mm&r=g","contentUrl":"https:\/\/secure.gravatar.com\/avatar\/2fcdf27c78ea025fbdb44e914cc63c72249ffec9dc8aafd5c82b26240ef3f346?s=96&d=mm&r=g","caption":"Redazione"},"url":"https:\/\/www.rassegnastampa-totustuus.it\/cattolica\/author\/pietroelle\/"}]}},"_links":{"self":[{"href":"https:\/\/www.rassegnastampa-totustuus.it\/cattolica\/wp-json\/wp\/v2\/posts\/54399","targetHints":{"allow":["GET"]}}],"collection":[{"href":"https:\/\/www.rassegnastampa-totustuus.it\/cattolica\/wp-json\/wp\/v2\/posts"}],"about":[{"href":"https:\/\/www.rassegnastampa-totustuus.it\/cattolica\/wp-json\/wp\/v2\/types\/post"}],"author":[{"embeddable":true,"href":"https:\/\/www.rassegnastampa-totustuus.it\/cattolica\/wp-json\/wp\/v2\/users\/6"}],"replies":[{"embeddable":true,"href":"https:\/\/www.rassegnastampa-totustuus.it\/cattolica\/wp-json\/wp\/v2\/comments?post=54399"}],"version-history":[{"count":3,"href":"https:\/\/www.rassegnastampa-totustuus.it\/cattolica\/wp-json\/wp\/v2\/posts\/54399\/revisions"}],"predecessor-version":[{"id":60004,"href":"https:\/\/www.rassegnastampa-totustuus.it\/cattolica\/wp-json\/wp\/v2\/posts\/54399\/revisions\/60004"}],"wp:featuredmedia":[{"embeddable":true,"href":"https:\/\/www.rassegnastampa-totustuus.it\/cattolica\/wp-json\/wp\/v2\/media\/49297"}],"wp:attachment":[{"href":"https:\/\/www.rassegnastampa-totustuus.it\/cattolica\/wp-json\/wp\/v2\/media?parent=54399"}],"wp:term":[{"taxonomy":"category","embeddable":true,"href":"https:\/\/www.rassegnastampa-totustuus.it\/cattolica\/wp-json\/wp\/v2\/categories?post=54399"},{"taxonomy":"post_tag","embeddable":true,"href":"https:\/\/www.rassegnastampa-totustuus.it\/cattolica\/wp-json\/wp\/v2\/tags?post=54399"}],"curies":[{"name":"wp","href":"https:\/\/api.w.org\/{rel}","templated":true}]}}