{"id":54396,"date":"2022-07-07T00:00:27","date_gmt":"2022-07-06T22:00:27","guid":{"rendered":"http:\/\/www.rassegnastampa-totustuus.it\/cattolica\/?p=54396"},"modified":"2024-04-12T18:38:21","modified_gmt":"2024-04-12T16:38:21","slug":"quando-stalin-salvo-hitler","status":"publish","type":"post","link":"https:\/\/www.rassegnastampa-totustuus.it\/cattolica\/quando-stalin-salvo-hitler\/","title":{"rendered":"Quando Stalin salv\u00f2 Hitler"},"content":{"rendered":"<p style=\"text-align: justify;\"><span style=\"color: #000000;\"><strong><img loading=\"lazy\" decoding=\"async\" class=\" wp-image-54397 alignleft\" src=\"https:\/\/www.rassegnastampa-totustuus.it\/cattolica\/wp-content\/uploads\/2022\/07\/Hitler_Stalin-300x169.jpg\" alt=\"\" width=\"357\" height=\"201\" srcset=\"https:\/\/www.rassegnastampa-totustuus.it\/cattolica\/wp-content\/uploads\/2022\/07\/Hitler_Stalin-300x169.jpg 300w, https:\/\/www.rassegnastampa-totustuus.it\/cattolica\/wp-content\/uploads\/2022\/07\/Hitler_Stalin.jpg 502w\" sizes=\"auto, (max-width: 357px) 100vw, 357px\" \/>Abstract: <\/strong><em>quando Stalin salv\u00f2 Hitler dai comunisti tedeschi che si opponevano al dittatore. Il capo dell&#8217;Urss infatti consegn\u00f2 i compagni al Fuhrer e ferm\u00f2 anche un tentativo di assassinarlo un anno prima della famosa operazione Walkiria<\/em><\/span><\/p>\n<p><!--more--><\/p>\n<p style=\"text-align: center;\"><span style=\"color: #0000ff;\"><a style=\"color: #0000ff;\" href=\"https:\/\/www.ilnuovoarengario.it\/\" target=\"_blank\" rel=\"noopener\"><strong>Nuovo Arengario<\/strong> \u00a0<\/a><\/span><span style=\"color: #000000;\">19 Giugno 2022<\/span><\/p>\n<h3 style=\"text-align: center;\"><span style=\"color: #000000;\">Memorie di un\u2019epoca \u2013 Da non credere ma vera: <\/span><\/h3>\n<h3 style=\"text-align: center;\"><span style=\"color: #000000;\">quando Stalin salv\u00f2 Hitler<\/span><\/h3>\n<p style=\"text-align: center;\"><span style=\"color: #000000;\"> <strong>Luciano Garibaldi <\/strong><\/span><\/p>\n<p style=\"text-align: justify;\"><span style=\"color: #000000;\">Non passa praticamente giorno senza che emergano, dagli sterminati archivi dell\u2019ex Unione Sovietica, valanghe di documenti sulle stragi e le eliminazioni fisiche decise da Stalin ai danni non solo degli anticomunisti, ma dei suoi stessi compagni che in qualche modo ostacolavano la sua supremazia. <\/span><\/p>\n<p style=\"text-align: justify;\"><span style=\"color: #000000;\">Una di queste operazioni tra le meno conosciute riguarda i tedeschi di sentimenti comunisti che si opponevano a Hitler e che furono sterminati, durante la guerra, non gi\u00e0 perch\u00e9 scoperti dalle SS e dalla Gestapo, ma perch\u00e9 consegnati a Hitler per ordine di Stalin.<\/span><\/p>\n<p style=\"text-align: justify;\"><span style=\"color: #000000;\"><img loading=\"lazy\" decoding=\"async\" class=\" wp-image-47458 alignright\" src=\"https:\/\/www.rassegnastampa-totustuus.it\/cattolica\/wp-content\/uploads\/2020\/06\/ss_nazismo_guerra.jpg\" alt=\"\" width=\"318\" height=\"195\" \/>Fu Stalin in persona a fermare i suoi agenti che stavano per dare il via ad un attentato alla vita del F\u00fchrer circa un anno prima del 20 luglio 1944 (la famosa \u201cOperazione Walkiria\u201d che verr\u00e0 poi narrata in un film con Tom Cruise). <\/span><\/p>\n<p style=\"text-align: justify;\"><span style=\"color: #000000;\">La prova viene da una serie di documenti portati in luce anni or sono dall\u2019organo ufficiale dell\u2019esercito russo. L\u2019NKVD, il servizio segreto sovietico predecessore del KGB, aveva infiltrato negli ambienti governativi di Berlino alcuni agenti che facevano capo a Igor Miklasevski, nipote di un famoso attore sovietico passato dalla parte dei tedeschi.<\/span><\/p>\n<p style=\"text-align: justify;\"><span style=\"color: #000000;\">Con la copertura dello zio, l\u2019agente sovietico era riuscito a piazzare i suoi collaboratori nei circoli pi\u00f9 esclusivi del regime. Uno di questi collaboratori era la famosa attrice russa Olga Cechova, emigrata in Germania nel 1921. La Cechova era arrivata a frequentare personaggi come Goering, Goebbels e lo stesso Hitler.<\/span><\/p>\n<p style=\"text-align: justify;\"><span style=\"color: #000000;\"> <img loading=\"lazy\" decoding=\"async\" class=\"size-medium wp-image-49923 alignleft\" src=\"https:\/\/www.rassegnastampa-totustuus.it\/cattolica\/wp-content\/uploads\/2021\/02\/Buchenwald_nazismo_lager-300x200.jpg\" alt=\"\" width=\"300\" height=\"200\" srcset=\"https:\/\/www.rassegnastampa-totustuus.it\/cattolica\/wp-content\/uploads\/2021\/02\/Buchenwald_nazismo_lager-300x200.jpg 300w, https:\/\/www.rassegnastampa-totustuus.it\/cattolica\/wp-content\/uploads\/2021\/02\/Buchenwald_nazismo_lager-768x512.jpg 768w, https:\/\/www.rassegnastampa-totustuus.it\/cattolica\/wp-content\/uploads\/2021\/02\/Buchenwald_nazismo_lager-1024x683.jpg 1024w, https:\/\/www.rassegnastampa-totustuus.it\/cattolica\/wp-content\/uploads\/2021\/02\/Buchenwald_nazismo_lager.jpg 1800w\" sizes=\"auto, (max-width: 300px) 100vw, 300px\" \/>Quando il piano per l\u2019eliminazione del dittatore era ormai a punto, Miklasevski fu improvvisamente convocato a Mosca e si sent\u00ec opporre un netto rifiuto da Stalin in persona. <\/span><\/p>\n<p style=\"text-align: justify;\"><span style=\"color: #000000;\">Il dittatore sovietico spieg\u00f2 che, finch\u00e9 Hitler restava al potere, gli angloamericani non sarebbero mai scesi a patti con la Germania.<\/span><\/p>\n<p style=\"text-align: justify;\"><span style=\"color: #000000;\"> Ma se al posto di Hitler ci fosse stato qualcun altro, allora era possibile che si avviassero trattative per una pace separata, a tutto danno dell\u2019Unione Sovietica.<\/span><\/p>\n<p style=\"text-align: justify;\"><span style=\"color: #000000;\">\u00a0 Ecco perch\u00e9 non venne effettuato l\u2019attentato mortale a Hitler, che avrebbe potuto essere realizzato addirittura un anno prima di quello, tragicamente fallito, del colonnello Von Stauffenberg.<\/span><\/p>\n<p style=\"text-align: justify;\"><span style=\"color: #000000;\"><img loading=\"lazy\" decoding=\"async\" class=\"wp-image-44476 alignright\" src=\"https:\/\/www.rassegnastampa-totustuus.it\/cattolica\/wp-content\/uploads\/2019\/09\/Schenck_von_Stauffenberg.jpg\" alt=\"\" width=\"191\" height=\"244\" \/>Alla luce di queste attendibili rivelazioni, assume una luce sinistra la spietata repressione attuata, durante gli anni della guerra, dalla Gestapo nazista ai danni dei gruppi clandestini comunisti esistenti in Germania. <\/span><\/p>\n<p style=\"text-align: justify;\"><span style=\"color: #000000;\">Ancora oggi, infatti, a distanza di oltre 75 anni, nessuno ha mai potuto chiarire le circostanze in cui questi gruppi vennero scoperti e smantellati. <\/span><\/p>\n<p style=\"text-align: justify;\"><span style=\"color: #000000;\">Ma sicuramente vi furono delle spie che avvertirono i nazisti e permisero loro di sgominare, e mandare a morte, gli oppositori marxisti.<\/span><\/p>\n","protected":false},"excerpt":{"rendered":"<p>Abstract: quando Stalin salv\u00f2 Hitler dai comunisti tedeschi che si opponevano al dittatore. Il capo dell&#8217;Urss infatti consegn\u00f2 i compagni al Fuhrer e ferm\u00f2 anche un tentativo di assassinarlo un anno prima della famosa operazione Walkiria<\/p><p><a class=\"more-link btn\" href=\"https:\/\/www.rassegnastampa-totustuus.it\/cattolica\/quando-stalin-salvo-hitler\/\">Continua a leggere<\/a><\/p>\n","protected":false},"author":6,"featured_media":54397,"comment_status":"closed","ping_status":"closed","sticky":false,"template":"","format":"standard","meta":{"footnotes":""},"categories":[90,24,84],"tags":[139,507,779,925,175],"class_list":["post-54396","post","type-post","status-publish","format-standard","has-post-thumbnail","hentry","category-ii-guerra-mondiale","category-storia","category-urss","tag-comunismo","tag-hitler","tag-ii-guerra-mondiale-2","tag-stalin","tag-urss-2","item-wrap"],"yoast_head":"<!-- This site is optimized with the Yoast SEO plugin v27.5 - https:\/\/yoast.com\/product\/yoast-seo-wordpress\/ -->\n<title>Quando Stalin salv\u00f2 Hitler - Rassegna Stampa Cattolica<\/title>\n<meta name=\"description\" content=\"Quando Stalin salv\u00f2 Hitler\" \/>\n<meta name=\"robots\" content=\"index, follow, max-snippet:-1, max-image-preview:large, max-video-preview:-1\" \/>\n<link rel=\"canonical\" href=\"https:\/\/www.rassegnastampa-totustuus.it\/cattolica\/quando-stalin-salvo-hitler\/\" \/>\n<meta property=\"og:locale\" content=\"it_IT\" \/>\n<meta property=\"og:type\" content=\"article\" \/>\n<meta property=\"og:title\" content=\"Quando Stalin salv\u00f2 Hitler - Rassegna Stampa Cattolica\" \/>\n<meta property=\"og:description\" content=\"Quando Stalin salv\u00f2 Hitler\" \/>\n<meta property=\"og:url\" content=\"https:\/\/www.rassegnastampa-totustuus.it\/cattolica\/quando-stalin-salvo-hitler\/\" \/>\n<meta property=\"og:site_name\" content=\"Rassegna Stampa Cattolica\" \/>\n<meta property=\"article:publisher\" content=\"https:\/\/www.facebook.com\/rassegnastampacattolica\" \/>\n<meta property=\"article:published_time\" content=\"2022-07-06T22:00:27+00:00\" \/>\n<meta property=\"article:modified_time\" content=\"2024-04-12T16:38:21+00:00\" \/>\n<meta property=\"og:image\" content=\"https:\/\/www.rassegnastampa-totustuus.it\/cattolica\/wp-content\/uploads\/2022\/07\/Hitler_Stalin.jpg\" \/>\n\t<meta property=\"og:image:width\" content=\"502\" \/>\n\t<meta property=\"og:image:height\" content=\"283\" \/>\n\t<meta property=\"og:image:type\" content=\"image\/jpeg\" \/>\n<meta name=\"author\" content=\"Redazione\" \/>\n<meta name=\"twitter:card\" content=\"summary_large_image\" \/>\n<meta name=\"twitter:creator\" content=\"@rassegnastampa9\" \/>\n<meta name=\"twitter:site\" content=\"@rassegnastampa9\" \/>\n<meta name=\"twitter:label1\" content=\"Scritto da\" \/>\n\t<meta name=\"twitter:data1\" content=\"Redazione\" \/>\n\t<meta name=\"twitter:label2\" content=\"Tempo di lettura stimato\" \/>\n\t<meta name=\"twitter:data2\" content=\"4 minuti\" \/>\n<script type=\"application\/ld+json\" class=\"yoast-schema-graph\">{\"@context\":\"https:\\\/\\\/schema.org\",\"@graph\":[{\"@type\":\"Article\",\"@id\":\"https:\\\/\\\/www.rassegnastampa-totustuus.it\\\/cattolica\\\/quando-stalin-salvo-hitler\\\/#article\",\"isPartOf\":{\"@id\":\"https:\\\/\\\/www.rassegnastampa-totustuus.it\\\/cattolica\\\/quando-stalin-salvo-hitler\\\/\"},\"author\":{\"name\":\"Redazione\",\"@id\":\"https:\\\/\\\/www.rassegnastampa-totustuus.it\\\/cattolica\\\/#\\\/schema\\\/person\\\/08f319d2bd1a0904ad9e2bfb7b15e5c3\"},\"headline\":\"Quando Stalin salv\u00f2 Hitler\",\"datePublished\":\"2022-07-06T22:00:27+00:00\",\"dateModified\":\"2024-04-12T16:38:21+00:00\",\"mainEntityOfPage\":{\"@id\":\"https:\\\/\\\/www.rassegnastampa-totustuus.it\\\/cattolica\\\/quando-stalin-salvo-hitler\\\/\"},\"wordCount\":477,\"publisher\":{\"@id\":\"https:\\\/\\\/www.rassegnastampa-totustuus.it\\\/cattolica\\\/#organization\"},\"image\":{\"@id\":\"https:\\\/\\\/www.rassegnastampa-totustuus.it\\\/cattolica\\\/quando-stalin-salvo-hitler\\\/#primaryimage\"},\"thumbnailUrl\":\"https:\\\/\\\/www.rassegnastampa-totustuus.it\\\/cattolica\\\/wp-content\\\/uploads\\\/2022\\\/07\\\/Hitler_Stalin.jpg\",\"keywords\":[\"comunismo\",\"Hitler\",\"II guerra mondiale\",\"Stalin\",\"Urss\"],\"articleSection\":[\"II Guerra Mondiale\",\"Storia\",\"URSS\"],\"inLanguage\":\"it-IT\"},{\"@type\":\"WebPage\",\"@id\":\"https:\\\/\\\/www.rassegnastampa-totustuus.it\\\/cattolica\\\/quando-stalin-salvo-hitler\\\/\",\"url\":\"https:\\\/\\\/www.rassegnastampa-totustuus.it\\\/cattolica\\\/quando-stalin-salvo-hitler\\\/\",\"name\":\"Quando Stalin salv\u00f2 Hitler - Rassegna Stampa Cattolica\",\"isPartOf\":{\"@id\":\"https:\\\/\\\/www.rassegnastampa-totustuus.it\\\/cattolica\\\/#website\"},\"primaryImageOfPage\":{\"@id\":\"https:\\\/\\\/www.rassegnastampa-totustuus.it\\\/cattolica\\\/quando-stalin-salvo-hitler\\\/#primaryimage\"},\"image\":{\"@id\":\"https:\\\/\\\/www.rassegnastampa-totustuus.it\\\/cattolica\\\/quando-stalin-salvo-hitler\\\/#primaryimage\"},\"thumbnailUrl\":\"https:\\\/\\\/www.rassegnastampa-totustuus.it\\\/cattolica\\\/wp-content\\\/uploads\\\/2022\\\/07\\\/Hitler_Stalin.jpg\",\"datePublished\":\"2022-07-06T22:00:27+00:00\",\"dateModified\":\"2024-04-12T16:38:21+00:00\",\"description\":\"Quando Stalin salv\u00f2 Hitler\",\"breadcrumb\":{\"@id\":\"https:\\\/\\\/www.rassegnastampa-totustuus.it\\\/cattolica\\\/quando-stalin-salvo-hitler\\\/#breadcrumb\"},\"inLanguage\":\"it-IT\",\"potentialAction\":[{\"@type\":\"ReadAction\",\"target\":[\"https:\\\/\\\/www.rassegnastampa-totustuus.it\\\/cattolica\\\/quando-stalin-salvo-hitler\\\/\"]}]},{\"@type\":\"ImageObject\",\"inLanguage\":\"it-IT\",\"@id\":\"https:\\\/\\\/www.rassegnastampa-totustuus.it\\\/cattolica\\\/quando-stalin-salvo-hitler\\\/#primaryimage\",\"url\":\"https:\\\/\\\/www.rassegnastampa-totustuus.it\\\/cattolica\\\/wp-content\\\/uploads\\\/2022\\\/07\\\/Hitler_Stalin.jpg\",\"contentUrl\":\"https:\\\/\\\/www.rassegnastampa-totustuus.it\\\/cattolica\\\/wp-content\\\/uploads\\\/2022\\\/07\\\/Hitler_Stalin.jpg\",\"width\":502,\"height\":283},{\"@type\":\"BreadcrumbList\",\"@id\":\"https:\\\/\\\/www.rassegnastampa-totustuus.it\\\/cattolica\\\/quando-stalin-salvo-hitler\\\/#breadcrumb\",\"itemListElement\":[{\"@type\":\"ListItem\",\"position\":1,\"name\":\"Home\",\"item\":\"https:\\\/\\\/www.rassegnastampa-totustuus.it\\\/cattolica\\\/\"},{\"@type\":\"ListItem\",\"position\":2,\"name\":\"Quando Stalin salv\u00f2 Hitler\"}]},{\"@type\":\"WebSite\",\"@id\":\"https:\\\/\\\/www.rassegnastampa-totustuus.it\\\/cattolica\\\/#website\",\"url\":\"https:\\\/\\\/www.rassegnastampa-totustuus.it\\\/cattolica\\\/\",\"name\":\"Rassegna Stampa Cattolica\",\"description\":\"Per una cultura che nasce dalla Rivelazione cristiana in conformit\u00e0 alla tradizione e al Magistero della Chiesa in opposizione ad ogni relativismo e totalitarismo\",\"publisher\":{\"@id\":\"https:\\\/\\\/www.rassegnastampa-totustuus.it\\\/cattolica\\\/#organization\"},\"alternateName\":\"Rass. Cattolica\",\"potentialAction\":[{\"@type\":\"SearchAction\",\"target\":{\"@type\":\"EntryPoint\",\"urlTemplate\":\"https:\\\/\\\/www.rassegnastampa-totustuus.it\\\/cattolica\\\/?s={search_term_string}\"},\"query-input\":{\"@type\":\"PropertyValueSpecification\",\"valueRequired\":true,\"valueName\":\"search_term_string\"}}],\"inLanguage\":\"it-IT\"},{\"@type\":\"Organization\",\"@id\":\"https:\\\/\\\/www.rassegnastampa-totustuus.it\\\/cattolica\\\/#organization\",\"name\":\"Rassegna Stampa Cattolica\",\"url\":\"https:\\\/\\\/www.rassegnastampa-totustuus.it\\\/cattolica\\\/\",\"logo\":{\"@type\":\"ImageObject\",\"inLanguage\":\"it-IT\",\"@id\":\"https:\\\/\\\/www.rassegnastampa-totustuus.it\\\/cattolica\\\/#\\\/schema\\\/logo\\\/image\\\/\",\"url\":\"https:\\\/\\\/www.rassegnastampa-totustuus.it\\\/cattolica\\\/wp-content\\\/uploads\\\/2014\\\/04\\\/logo-rassegna1.gif\",\"contentUrl\":\"https:\\\/\\\/www.rassegnastampa-totustuus.it\\\/cattolica\\\/wp-content\\\/uploads\\\/2014\\\/04\\\/logo-rassegna1.gif\",\"width\":600,\"height\":163,\"caption\":\"Rassegna Stampa Cattolica\"},\"image\":{\"@id\":\"https:\\\/\\\/www.rassegnastampa-totustuus.it\\\/cattolica\\\/#\\\/schema\\\/logo\\\/image\\\/\"},\"sameAs\":[\"https:\\\/\\\/www.facebook.com\\\/rassegnastampacattolica\",\"https:\\\/\\\/x.com\\\/rassegnastampa9\"]},{\"@type\":\"Person\",\"@id\":\"https:\\\/\\\/www.rassegnastampa-totustuus.it\\\/cattolica\\\/#\\\/schema\\\/person\\\/08f319d2bd1a0904ad9e2bfb7b15e5c3\",\"name\":\"Redazione\",\"image\":{\"@type\":\"ImageObject\",\"inLanguage\":\"it-IT\",\"@id\":\"https:\\\/\\\/secure.gravatar.com\\\/avatar\\\/2fcdf27c78ea025fbdb44e914cc63c72249ffec9dc8aafd5c82b26240ef3f346?s=96&d=mm&r=g\",\"url\":\"https:\\\/\\\/secure.gravatar.com\\\/avatar\\\/2fcdf27c78ea025fbdb44e914cc63c72249ffec9dc8aafd5c82b26240ef3f346?s=96&d=mm&r=g\",\"contentUrl\":\"https:\\\/\\\/secure.gravatar.com\\\/avatar\\\/2fcdf27c78ea025fbdb44e914cc63c72249ffec9dc8aafd5c82b26240ef3f346?s=96&d=mm&r=g\",\"caption\":\"Redazione\"},\"url\":\"https:\\\/\\\/www.rassegnastampa-totustuus.it\\\/cattolica\\\/author\\\/pietroelle\\\/\"}]}<\/script>\n<!-- \/ Yoast SEO plugin. -->","yoast_head_json":{"title":"Quando Stalin salv\u00f2 Hitler - Rassegna Stampa Cattolica","description":"Quando Stalin salv\u00f2 Hitler","robots":{"index":"index","follow":"follow","max-snippet":"max-snippet:-1","max-image-preview":"max-image-preview:large","max-video-preview":"max-video-preview:-1"},"canonical":"https:\/\/www.rassegnastampa-totustuus.it\/cattolica\/quando-stalin-salvo-hitler\/","og_locale":"it_IT","og_type":"article","og_title":"Quando Stalin salv\u00f2 Hitler - Rassegna Stampa Cattolica","og_description":"Quando Stalin salv\u00f2 Hitler","og_url":"https:\/\/www.rassegnastampa-totustuus.it\/cattolica\/quando-stalin-salvo-hitler\/","og_site_name":"Rassegna Stampa Cattolica","article_publisher":"https:\/\/www.facebook.com\/rassegnastampacattolica","article_published_time":"2022-07-06T22:00:27+00:00","article_modified_time":"2024-04-12T16:38:21+00:00","og_image":[{"width":502,"height":283,"url":"https:\/\/www.rassegnastampa-totustuus.it\/cattolica\/wp-content\/uploads\/2022\/07\/Hitler_Stalin.jpg","type":"image\/jpeg"}],"author":"Redazione","twitter_card":"summary_large_image","twitter_creator":"@rassegnastampa9","twitter_site":"@rassegnastampa9","twitter_misc":{"Scritto da":"Redazione","Tempo di lettura stimato":"4 minuti"},"schema":{"@context":"https:\/\/schema.org","@graph":[{"@type":"Article","@id":"https:\/\/www.rassegnastampa-totustuus.it\/cattolica\/quando-stalin-salvo-hitler\/#article","isPartOf":{"@id":"https:\/\/www.rassegnastampa-totustuus.it\/cattolica\/quando-stalin-salvo-hitler\/"},"author":{"name":"Redazione","@id":"https:\/\/www.rassegnastampa-totustuus.it\/cattolica\/#\/schema\/person\/08f319d2bd1a0904ad9e2bfb7b15e5c3"},"headline":"Quando Stalin salv\u00f2 Hitler","datePublished":"2022-07-06T22:00:27+00:00","dateModified":"2024-04-12T16:38:21+00:00","mainEntityOfPage":{"@id":"https:\/\/www.rassegnastampa-totustuus.it\/cattolica\/quando-stalin-salvo-hitler\/"},"wordCount":477,"publisher":{"@id":"https:\/\/www.rassegnastampa-totustuus.it\/cattolica\/#organization"},"image":{"@id":"https:\/\/www.rassegnastampa-totustuus.it\/cattolica\/quando-stalin-salvo-hitler\/#primaryimage"},"thumbnailUrl":"https:\/\/www.rassegnastampa-totustuus.it\/cattolica\/wp-content\/uploads\/2022\/07\/Hitler_Stalin.jpg","keywords":["comunismo","Hitler","II guerra mondiale","Stalin","Urss"],"articleSection":["II Guerra Mondiale","Storia","URSS"],"inLanguage":"it-IT"},{"@type":"WebPage","@id":"https:\/\/www.rassegnastampa-totustuus.it\/cattolica\/quando-stalin-salvo-hitler\/","url":"https:\/\/www.rassegnastampa-totustuus.it\/cattolica\/quando-stalin-salvo-hitler\/","name":"Quando Stalin salv\u00f2 Hitler - Rassegna Stampa Cattolica","isPartOf":{"@id":"https:\/\/www.rassegnastampa-totustuus.it\/cattolica\/#website"},"primaryImageOfPage":{"@id":"https:\/\/www.rassegnastampa-totustuus.it\/cattolica\/quando-stalin-salvo-hitler\/#primaryimage"},"image":{"@id":"https:\/\/www.rassegnastampa-totustuus.it\/cattolica\/quando-stalin-salvo-hitler\/#primaryimage"},"thumbnailUrl":"https:\/\/www.rassegnastampa-totustuus.it\/cattolica\/wp-content\/uploads\/2022\/07\/Hitler_Stalin.jpg","datePublished":"2022-07-06T22:00:27+00:00","dateModified":"2024-04-12T16:38:21+00:00","description":"Quando Stalin salv\u00f2 Hitler","breadcrumb":{"@id":"https:\/\/www.rassegnastampa-totustuus.it\/cattolica\/quando-stalin-salvo-hitler\/#breadcrumb"},"inLanguage":"it-IT","potentialAction":[{"@type":"ReadAction","target":["https:\/\/www.rassegnastampa-totustuus.it\/cattolica\/quando-stalin-salvo-hitler\/"]}]},{"@type":"ImageObject","inLanguage":"it-IT","@id":"https:\/\/www.rassegnastampa-totustuus.it\/cattolica\/quando-stalin-salvo-hitler\/#primaryimage","url":"https:\/\/www.rassegnastampa-totustuus.it\/cattolica\/wp-content\/uploads\/2022\/07\/Hitler_Stalin.jpg","contentUrl":"https:\/\/www.rassegnastampa-totustuus.it\/cattolica\/wp-content\/uploads\/2022\/07\/Hitler_Stalin.jpg","width":502,"height":283},{"@type":"BreadcrumbList","@id":"https:\/\/www.rassegnastampa-totustuus.it\/cattolica\/quando-stalin-salvo-hitler\/#breadcrumb","itemListElement":[{"@type":"ListItem","position":1,"name":"Home","item":"https:\/\/www.rassegnastampa-totustuus.it\/cattolica\/"},{"@type":"ListItem","position":2,"name":"Quando Stalin salv\u00f2 Hitler"}]},{"@type":"WebSite","@id":"https:\/\/www.rassegnastampa-totustuus.it\/cattolica\/#website","url":"https:\/\/www.rassegnastampa-totustuus.it\/cattolica\/","name":"Rassegna Stampa Cattolica","description":"Per una cultura che nasce dalla Rivelazione cristiana in conformit\u00e0 alla tradizione e al Magistero della Chiesa in opposizione ad ogni relativismo e totalitarismo","publisher":{"@id":"https:\/\/www.rassegnastampa-totustuus.it\/cattolica\/#organization"},"alternateName":"Rass. Cattolica","potentialAction":[{"@type":"SearchAction","target":{"@type":"EntryPoint","urlTemplate":"https:\/\/www.rassegnastampa-totustuus.it\/cattolica\/?s={search_term_string}"},"query-input":{"@type":"PropertyValueSpecification","valueRequired":true,"valueName":"search_term_string"}}],"inLanguage":"it-IT"},{"@type":"Organization","@id":"https:\/\/www.rassegnastampa-totustuus.it\/cattolica\/#organization","name":"Rassegna Stampa Cattolica","url":"https:\/\/www.rassegnastampa-totustuus.it\/cattolica\/","logo":{"@type":"ImageObject","inLanguage":"it-IT","@id":"https:\/\/www.rassegnastampa-totustuus.it\/cattolica\/#\/schema\/logo\/image\/","url":"https:\/\/www.rassegnastampa-totustuus.it\/cattolica\/wp-content\/uploads\/2014\/04\/logo-rassegna1.gif","contentUrl":"https:\/\/www.rassegnastampa-totustuus.it\/cattolica\/wp-content\/uploads\/2014\/04\/logo-rassegna1.gif","width":600,"height":163,"caption":"Rassegna Stampa Cattolica"},"image":{"@id":"https:\/\/www.rassegnastampa-totustuus.it\/cattolica\/#\/schema\/logo\/image\/"},"sameAs":["https:\/\/www.facebook.com\/rassegnastampacattolica","https:\/\/x.com\/rassegnastampa9"]},{"@type":"Person","@id":"https:\/\/www.rassegnastampa-totustuus.it\/cattolica\/#\/schema\/person\/08f319d2bd1a0904ad9e2bfb7b15e5c3","name":"Redazione","image":{"@type":"ImageObject","inLanguage":"it-IT","@id":"https:\/\/secure.gravatar.com\/avatar\/2fcdf27c78ea025fbdb44e914cc63c72249ffec9dc8aafd5c82b26240ef3f346?s=96&d=mm&r=g","url":"https:\/\/secure.gravatar.com\/avatar\/2fcdf27c78ea025fbdb44e914cc63c72249ffec9dc8aafd5c82b26240ef3f346?s=96&d=mm&r=g","contentUrl":"https:\/\/secure.gravatar.com\/avatar\/2fcdf27c78ea025fbdb44e914cc63c72249ffec9dc8aafd5c82b26240ef3f346?s=96&d=mm&r=g","caption":"Redazione"},"url":"https:\/\/www.rassegnastampa-totustuus.it\/cattolica\/author\/pietroelle\/"}]}},"_links":{"self":[{"href":"https:\/\/www.rassegnastampa-totustuus.it\/cattolica\/wp-json\/wp\/v2\/posts\/54396","targetHints":{"allow":["GET"]}}],"collection":[{"href":"https:\/\/www.rassegnastampa-totustuus.it\/cattolica\/wp-json\/wp\/v2\/posts"}],"about":[{"href":"https:\/\/www.rassegnastampa-totustuus.it\/cattolica\/wp-json\/wp\/v2\/types\/post"}],"author":[{"embeddable":true,"href":"https:\/\/www.rassegnastampa-totustuus.it\/cattolica\/wp-json\/wp\/v2\/users\/6"}],"replies":[{"embeddable":true,"href":"https:\/\/www.rassegnastampa-totustuus.it\/cattolica\/wp-json\/wp\/v2\/comments?post=54396"}],"version-history":[{"count":3,"href":"https:\/\/www.rassegnastampa-totustuus.it\/cattolica\/wp-json\/wp\/v2\/posts\/54396\/revisions"}],"predecessor-version":[{"id":60000,"href":"https:\/\/www.rassegnastampa-totustuus.it\/cattolica\/wp-json\/wp\/v2\/posts\/54396\/revisions\/60000"}],"wp:featuredmedia":[{"embeddable":true,"href":"https:\/\/www.rassegnastampa-totustuus.it\/cattolica\/wp-json\/wp\/v2\/media\/54397"}],"wp:attachment":[{"href":"https:\/\/www.rassegnastampa-totustuus.it\/cattolica\/wp-json\/wp\/v2\/media?parent=54396"}],"wp:term":[{"taxonomy":"category","embeddable":true,"href":"https:\/\/www.rassegnastampa-totustuus.it\/cattolica\/wp-json\/wp\/v2\/categories?post=54396"},{"taxonomy":"post_tag","embeddable":true,"href":"https:\/\/www.rassegnastampa-totustuus.it\/cattolica\/wp-json\/wp\/v2\/tags?post=54396"}],"curies":[{"name":"wp","href":"https:\/\/api.w.org\/{rel}","templated":true}]}}