{"id":54372,"date":"2022-06-30T09:38:23","date_gmt":"2022-06-30T07:38:23","guid":{"rendered":"http:\/\/www.rassegnastampa-totustuus.it\/cattolica\/?p=54372"},"modified":"2024-04-13T10:47:59","modified_gmt":"2024-04-13T08:47:59","slug":"delirio-alla-rai-laborto-e-un-dogma-intoccabile","status":"publish","type":"post","link":"https:\/\/www.rassegnastampa-totustuus.it\/cattolica\/delirio-alla-rai-laborto-e-un-dogma-intoccabile\/","title":{"rendered":"Delirio alla RAI, l\u2019aborto \u00e8 un dogma intoccabile\u00a0\u00a0"},"content":{"rendered":"<p style=\"text-align: center;\"><span style=\"color: #000000;\"><strong><img loading=\"lazy\" decoding=\"async\" class=\" wp-image-54373 alignleft\" src=\"https:\/\/www.rassegnastampa-totustuus.it\/cattolica\/wp-content\/uploads\/2022\/06\/aborto_corte_suprema_Usa.jpg\" alt=\"\" width=\"338\" height=\"180\" \/><a href=\"https:\/\/familyday.info\/\" target=\"_blank\" rel=\"noopener\">Family day <\/a><\/strong>29 Giugno 2022<\/span><\/p>\n<p style=\"text-align: center;\"><span style=\"color: #000000;\"> <em>Uccidere un bimbo nel grembo materno diventa un diritto, anzi un&#8217;ideologia <\/em><\/span><\/p>\n<p style=\"text-align: center;\"><span style=\"color: #000000;\">di <strong>Massimo Gandolfini<\/strong><\/span><\/p>\n<p><span style=\"color: #000000;\"><!--more--><\/span><\/p>\n<p style=\"text-align: justify;\"><span style=\"color: #000000;\">Al di l\u00e0 del merito della questione \u2013 che andr\u00e0 comunque affrontato \u2013 in questi giorni stiamo assistendo alla ennesima sfrontata manipolazione dell\u2019informazione ad opera dell\u2019Azienda Radiotelevisiva di Stato nel presentare e commentare la faccenda della pronuncia della Corte Suprema Americana, riguardante il cosiddetto \u201cdiritto di aborto\u201d. <\/span><\/p>\n<p style=\"text-align: justify;\"><span style=\"color: #000000;\"><img loading=\"lazy\" decoding=\"async\" class=\" wp-image-54374 alignright\" src=\"https:\/\/www.rassegnastampa-totustuus.it\/cattolica\/wp-content\/uploads\/2022\/06\/Rai_logo-televisione.jpg\" alt=\"\" width=\"301\" height=\"206\" \/>Servizi radiofonici e\/o televisivi rigorosamente a senso unico e interviste a \u201cscontati\u201d personaggi pro-aborto: nessun contradditorio, nessuna voce che osi dissentire dal politicamente corretto. <\/span><\/p>\n<p style=\"text-align: justify;\"><span style=\"color: #000000;\">L\u2019aborto \u00e8 un dogma intoccabile: si pu\u00f2 attaccare ogni valore, si possono offendere i simboli religiosi (vedi gli ultimi gay-pride), si pu\u00f2 urlare ogni blasfemia nelle pubbliche piazze, ma guai a chi non brucia incenso davanti al totem sacro dell\u2019aborto. <\/span><\/p>\n<p style=\"text-align: justify;\"><span style=\"color: #000000;\">Frasi da vero e proprio delirio isterico a commento della storica decisione della Corte Suprema: morte della civilt\u00e0, violazione della democrazia, violenza sulle donne, negazione dei diritti fondamentali \u2026 e tante, tante altre assurdit\u00e0 di tal fatta hanno riempito le nostre orecchie in queste ultime ore. Non una sola parola sulla povera, innocente vittima di questa ingiusta ed iniqua violenza legalizzata.<\/span><\/p>\n<p style=\"text-align: justify;\"><span style=\"color: #000000;\"> <img loading=\"lazy\" decoding=\"async\" class=\" wp-image-18057 alignleft\" src=\"https:\/\/www.rassegnastampa-totustuus.it\/cattolica\/wp-content\/uploads\/2009\/03\/pro_choice.jpg\" alt=\"\" width=\"295\" height=\"221\" \/>Negli USA \u2013 grazie a questo colossale errore interpretativo, denunciato solo ora dalla Corte, del \u201cdiritto\u201d di aborto \u2013 dal 1973 ad oggi sono stati sacrificati 53 milioni di bimbi. E a casa nostra, dal 1978 ad oggi, sei milioni e mezzo. <\/span><\/p>\n<p style=\"text-align: justify;\"><span style=\"color: #000000;\">Cifre da capogiro, che solo la perversione ideologica e il delirio dell\u2019autodeterminazione senza limiti possono leggere senza avvertire un profondo, lacerante, devastante sentimento di commozione e di dolore.<\/span><\/p>\n<p style=\"text-align: justify;\"><span style=\"color: #000000;\"> La Corte \u2013 dovendo esprimersi sulla costituzionalit\u00e0 del Gestational Age Act del Missisipi 2018, che vieta l\u2019interruzione della gravidanza dopo la quindicesima settimana \u2013 ha argomentato con grande rigore e chiarezza che \u201cnon esiste un diritto costituzionale all\u2019aborto\u201d e, di conseguenza, devono essere i parlamenti dei singoli stati a legiferare sul tema. <\/span><\/p>\n<p style=\"text-align: justify;\"><span style=\"color: #000000;\">Un bell\u2019esempio di come deve essere un corretto rapporto fra potere giudiziario e potere legislativo, lasciando totale discrezionalit\u00e0 a quest\u2019ultimo, senza mettere paletti e indicare ineludibili linee di condotta, come purtroppo molto spesso avviene dalle nostre parti. Basti pensare alla faccenda del suicidio assistito!<\/span><\/p>\n<p style=\"text-align: justify;\"><span style=\"color: #000000;\"> <img loading=\"lazy\" decoding=\"async\" class=\"wp-image-25936 alignright\" src=\"https:\/\/www.rassegnastampa-totustuus.it\/cattolica\/wp-content\/uploads\/2013\/10\/legge-194.jpg\" alt=\"\" width=\"335\" height=\"233\" \/>Anche nel nostro Paese non esiste il \u201cdiritto\u201d di aborto: nella legge 194\/78 non si parla, n\u00e9 si definisce mai l\u2019interruzione volontaria di gravidanza come un diritto. <\/span><\/p>\n<p style=\"text-align: justify;\"><span style=\"color: #000000;\">\u00f9Forse perch\u00e9 45 anni fa ancora esisteva fra noi un po\u2019 di buon senso e faceva venire il vomito la sola idea che uccidere un bimbo nel grembo materno potesse essere un \u201cbene\u201d da tutelare come \u201cdiritto\u201d, come si fa per la salute, il lavoro, l\u2019istruzione, ecc\u2026 <\/span><\/p>\n<p style=\"text-align: justify;\"><span style=\"color: #000000;\">Purtroppo, la scellerata valanga che travolge l\u2019umano ha proseguito la sua lugubre corsa e cos\u00ec ci troviamo, oggi, a discettare sul diritto alla morte medicalmente assistita. Al male non c\u2019\u00e8 davvero mai limite. <\/span><\/p>\n<p style=\"text-align: justify;\"><span style=\"color: #000000;\">\u00f9Qualsiasi legge che annulli il diritto alla vita di un bimbo \u00e8 una legge iniqua, ingiusta e scellerata, perch\u00e9 legalizza la morte di un innocente. E non si tiri in ballo la tutela della salute e della vita della mamma: chi ha, come il sottoscritto, quarantacinque anni di laurea in medicina e chirurgia, sa benissimo che anche prima della Legge 194, quando era in gioco la vita materna, si sceglieva sempre \u2013 salvo eroiche decisioni contrarie \u2013 di sacrificare la vita del bimbo.<\/span><\/p>\n<p style=\"text-align: justify;\"><span style=\"color: #000000;\"><img loading=\"lazy\" decoding=\"async\" class=\" wp-image-49349 alignleft\" src=\"https:\/\/www.rassegnastampa-totustuus.it\/cattolica\/wp-content\/uploads\/2020\/11\/aborto.jpg\" alt=\"\" width=\"297\" height=\"238\" \/>Stiamo, oggi, vivendo l\u2019assurdo che facilitando l\u2019aborto, stiamo maltrattando tante donne che quella profonda ferita non potranno mai cancellare. <\/span><\/p>\n<p style=\"text-align: justify;\"><span style=\"color: #000000;\">E sarebbe bastato un piccolo aiuto solidale \u2013 umano, assistenziale, economico, logistico, lavorativo \u2013 e la paura di trovarsi sola con un bimbo, si sarebbe trasformata nella gioia della maternit\u00e0 con il bimbo in braccio. <\/span><\/p>\n<p style=\"text-align: justify;\"><span style=\"color: #000000;\">Questo deve fare uno Stato civile: assicurare la vita, accogliere le fragilit\u00e0, dare soluzioni alle criticit\u00e0, elaborare norme che tutelino mamma e bambino. <\/span><\/p>\n<p style=\"text-align: justify;\"><span style=\"color: #000000;\">La scelta abortiva non \u00e8 mai scelta libera: \u00e8 scelta condizionata in mille modi, da mille situazioni di paura, sconcerto, ansia, dolore. E\u2019 una squallida soluzione uccidere il bambino e nessuna \u2013 proprio nessuna \u2013 donna lo vorrebbe fare, perch\u00e9 porta inscritto in tutto il suo corpo \u2013 cervello, mente e anima \u2013 l\u2019appagante desiderio di essere \u201cmamma\u201d, di vedere s\u00e9 stessa in quella tenera creaturina che le dorme in braccio.<\/span><\/p>\n<p style=\"text-align: justify;\"><span style=\"color: #000000;\"> <img loading=\"lazy\" decoding=\"async\" class=\"size-full wp-image-52120 alignright\" src=\"https:\/\/www.rassegnastampa-totustuus.it\/cattolica\/wp-content\/uploads\/2021\/08\/aborto_femminismo-1.jpg\" alt=\"\" width=\"276\" height=\"183\" \/>L\u2019aborto \u00e8 la sconfitta della civilt\u00e0 e in questi giorni stiamo assistendo alla follia delirante dell\u2019ideologia pro-aborto: una ragione in pi\u00f9, se ce ne fosse bisogno, per non rassegnarsi mai alla cultura della morte e dello scarto, come da anni stiamo facendo <\/span><\/p>\n<p style=\"text-align: center;\"><span style=\"color: #000000;\">(Pubblichiamo per gentile concessione del quotidiano \u201cLa Verit\u00e0\u201d.)<\/span><\/p>\n<p>___________________________________________<\/p>\n<p><strong>Leggi anche:<\/strong><\/p>\n<p><a href=\"https:\/\/www.rassegnastampa-totustuus.it\/cattolica\/aborto-e-diritto-naturale\/\" target=\"_blank\" rel=\"noopener\"><span style=\"color: #0000ff;\">Aborto e diritto naturale<\/span><\/a><\/p>\n","protected":false},"excerpt":{"rendered":"<p>Family day 29 Giugno 2022 Uccidere un bimbo nel grembo materno diventa un diritto, anzi un&#8217;ideologia di Massimo Gandolfini<\/p><p><a class=\"more-link btn\" href=\"https:\/\/www.rassegnastampa-totustuus.it\/cattolica\/delirio-alla-rai-laborto-e-un-dogma-intoccabile\/\">Continua a leggere<\/a><\/p>\n","protected":false},"author":6,"featured_media":54216,"comment_status":"closed","ping_status":"closed","sticky":false,"template":"","format":"standard","meta":{"footnotes":""},"categories":[2],"tags":[],"class_list":["post-54372","post","type-post","status-publish","format-standard","has-post-thumbnail","hentry","category-aborto","item-wrap"],"yoast_head":"<!-- This site is optimized with the Yoast SEO plugin v27.5 - https:\/\/yoast.com\/product\/yoast-seo-wordpress\/ -->\n<title>Delirio alla RAI, l\u2019aborto \u00e8 un dogma intoccabile\u00a0\u00a0 - Rassegna Stampa Cattolica<\/title>\n<meta name=\"description\" content=\"Delirio alla RAI, l\u2019aborto \u00e8 un dogma intoccabile. Uccidere un bimbo nel grembo materno diventa un diritto, anzi un&#039;ideologia\" \/>\n<meta name=\"robots\" content=\"index, follow, max-snippet:-1, max-image-preview:large, max-video-preview:-1\" \/>\n<link rel=\"canonical\" href=\"https:\/\/www.rassegnastampa-totustuus.it\/cattolica\/delirio-alla-rai-laborto-e-un-dogma-intoccabile\/\" \/>\n<meta property=\"og:locale\" content=\"it_IT\" \/>\n<meta property=\"og:type\" content=\"article\" \/>\n<meta property=\"og:title\" content=\"Delirio alla RAI, l\u2019aborto \u00e8 un dogma intoccabile\u00a0\u00a0 - Rassegna Stampa Cattolica\" \/>\n<meta property=\"og:description\" content=\"Delirio alla RAI, l\u2019aborto \u00e8 un dogma intoccabile. Uccidere un bimbo nel grembo materno diventa un diritto, anzi un&#039;ideologia\" \/>\n<meta property=\"og:url\" content=\"https:\/\/www.rassegnastampa-totustuus.it\/cattolica\/delirio-alla-rai-laborto-e-un-dogma-intoccabile\/\" \/>\n<meta property=\"og:site_name\" content=\"Rassegna Stampa Cattolica\" \/>\n<meta property=\"article:publisher\" content=\"https:\/\/www.facebook.com\/rassegnastampacattolica\" \/>\n<meta property=\"article:published_time\" content=\"2022-06-30T07:38:23+00:00\" \/>\n<meta property=\"article:modified_time\" content=\"2024-04-13T08:47:59+00:00\" \/>\n<meta property=\"og:image\" content=\"https:\/\/www.rassegnastampa-totustuus.it\/cattolica\/wp-content\/uploads\/2022\/05\/Aborto_vita_marcia_2022.jpeg\" \/>\n\t<meta property=\"og:image:width\" content=\"1280\" \/>\n\t<meta property=\"og:image:height\" content=\"720\" \/>\n\t<meta property=\"og:image:type\" content=\"image\/jpeg\" \/>\n<meta name=\"author\" content=\"Redazione\" \/>\n<meta name=\"twitter:card\" content=\"summary_large_image\" \/>\n<meta name=\"twitter:creator\" content=\"@rassegnastampa9\" \/>\n<meta name=\"twitter:site\" content=\"@rassegnastampa9\" \/>\n<meta name=\"twitter:label1\" content=\"Scritto da\" \/>\n\t<meta name=\"twitter:data1\" content=\"Redazione\" \/>\n\t<meta name=\"twitter:label2\" content=\"Tempo di lettura stimato\" \/>\n\t<meta name=\"twitter:data2\" content=\"6 minuti\" \/>\n<script type=\"application\/ld+json\" class=\"yoast-schema-graph\">{\"@context\":\"https:\\\/\\\/schema.org\",\"@graph\":[{\"@type\":\"Article\",\"@id\":\"https:\\\/\\\/www.rassegnastampa-totustuus.it\\\/cattolica\\\/delirio-alla-rai-laborto-e-un-dogma-intoccabile\\\/#article\",\"isPartOf\":{\"@id\":\"https:\\\/\\\/www.rassegnastampa-totustuus.it\\\/cattolica\\\/delirio-alla-rai-laborto-e-un-dogma-intoccabile\\\/\"},\"author\":{\"name\":\"Redazione\",\"@id\":\"https:\\\/\\\/www.rassegnastampa-totustuus.it\\\/cattolica\\\/#\\\/schema\\\/person\\\/08f319d2bd1a0904ad9e2bfb7b15e5c3\"},\"headline\":\"Delirio alla RAI, l\u2019aborto \u00e8 un dogma intoccabile\u00a0\u00a0\",\"datePublished\":\"2022-06-30T07:38:23+00:00\",\"dateModified\":\"2024-04-13T08:47:59+00:00\",\"mainEntityOfPage\":{\"@id\":\"https:\\\/\\\/www.rassegnastampa-totustuus.it\\\/cattolica\\\/delirio-alla-rai-laborto-e-un-dogma-intoccabile\\\/\"},\"wordCount\":749,\"publisher\":{\"@id\":\"https:\\\/\\\/www.rassegnastampa-totustuus.it\\\/cattolica\\\/#organization\"},\"image\":{\"@id\":\"https:\\\/\\\/www.rassegnastampa-totustuus.it\\\/cattolica\\\/delirio-alla-rai-laborto-e-un-dogma-intoccabile\\\/#primaryimage\"},\"thumbnailUrl\":\"https:\\\/\\\/www.rassegnastampa-totustuus.it\\\/cattolica\\\/wp-content\\\/uploads\\\/2022\\\/05\\\/Aborto_vita_marcia_2022.jpeg\",\"articleSection\":[\"Aborto\"],\"inLanguage\":\"it-IT\"},{\"@type\":\"WebPage\",\"@id\":\"https:\\\/\\\/www.rassegnastampa-totustuus.it\\\/cattolica\\\/delirio-alla-rai-laborto-e-un-dogma-intoccabile\\\/\",\"url\":\"https:\\\/\\\/www.rassegnastampa-totustuus.it\\\/cattolica\\\/delirio-alla-rai-laborto-e-un-dogma-intoccabile\\\/\",\"name\":\"Delirio alla RAI, l\u2019aborto \u00e8 un dogma intoccabile\u00a0\u00a0 - Rassegna Stampa Cattolica\",\"isPartOf\":{\"@id\":\"https:\\\/\\\/www.rassegnastampa-totustuus.it\\\/cattolica\\\/#website\"},\"primaryImageOfPage\":{\"@id\":\"https:\\\/\\\/www.rassegnastampa-totustuus.it\\\/cattolica\\\/delirio-alla-rai-laborto-e-un-dogma-intoccabile\\\/#primaryimage\"},\"image\":{\"@id\":\"https:\\\/\\\/www.rassegnastampa-totustuus.it\\\/cattolica\\\/delirio-alla-rai-laborto-e-un-dogma-intoccabile\\\/#primaryimage\"},\"thumbnailUrl\":\"https:\\\/\\\/www.rassegnastampa-totustuus.it\\\/cattolica\\\/wp-content\\\/uploads\\\/2022\\\/05\\\/Aborto_vita_marcia_2022.jpeg\",\"datePublished\":\"2022-06-30T07:38:23+00:00\",\"dateModified\":\"2024-04-13T08:47:59+00:00\",\"description\":\"Delirio alla RAI, l\u2019aborto \u00e8 un dogma intoccabile. Uccidere un bimbo nel grembo materno diventa un diritto, anzi un'ideologia\",\"breadcrumb\":{\"@id\":\"https:\\\/\\\/www.rassegnastampa-totustuus.it\\\/cattolica\\\/delirio-alla-rai-laborto-e-un-dogma-intoccabile\\\/#breadcrumb\"},\"inLanguage\":\"it-IT\",\"potentialAction\":[{\"@type\":\"ReadAction\",\"target\":[\"https:\\\/\\\/www.rassegnastampa-totustuus.it\\\/cattolica\\\/delirio-alla-rai-laborto-e-un-dogma-intoccabile\\\/\"]}]},{\"@type\":\"ImageObject\",\"inLanguage\":\"it-IT\",\"@id\":\"https:\\\/\\\/www.rassegnastampa-totustuus.it\\\/cattolica\\\/delirio-alla-rai-laborto-e-un-dogma-intoccabile\\\/#primaryimage\",\"url\":\"https:\\\/\\\/www.rassegnastampa-totustuus.it\\\/cattolica\\\/wp-content\\\/uploads\\\/2022\\\/05\\\/Aborto_vita_marcia_2022.jpeg\",\"contentUrl\":\"https:\\\/\\\/www.rassegnastampa-totustuus.it\\\/cattolica\\\/wp-content\\\/uploads\\\/2022\\\/05\\\/Aborto_vita_marcia_2022.jpeg\",\"width\":1280,\"height\":720},{\"@type\":\"BreadcrumbList\",\"@id\":\"https:\\\/\\\/www.rassegnastampa-totustuus.it\\\/cattolica\\\/delirio-alla-rai-laborto-e-un-dogma-intoccabile\\\/#breadcrumb\",\"itemListElement\":[{\"@type\":\"ListItem\",\"position\":1,\"name\":\"Home\",\"item\":\"https:\\\/\\\/www.rassegnastampa-totustuus.it\\\/cattolica\\\/\"},{\"@type\":\"ListItem\",\"position\":2,\"name\":\"Delirio alla RAI, l\u2019aborto \u00e8 un dogma intoccabile\u00a0\u00a0\"}]},{\"@type\":\"WebSite\",\"@id\":\"https:\\\/\\\/www.rassegnastampa-totustuus.it\\\/cattolica\\\/#website\",\"url\":\"https:\\\/\\\/www.rassegnastampa-totustuus.it\\\/cattolica\\\/\",\"name\":\"Rassegna Stampa Cattolica\",\"description\":\"Per una cultura che nasce dalla Rivelazione cristiana in conformit\u00e0 alla tradizione e al Magistero della Chiesa in opposizione ad ogni relativismo e totalitarismo\",\"publisher\":{\"@id\":\"https:\\\/\\\/www.rassegnastampa-totustuus.it\\\/cattolica\\\/#organization\"},\"alternateName\":\"Rass. Cattolica\",\"potentialAction\":[{\"@type\":\"SearchAction\",\"target\":{\"@type\":\"EntryPoint\",\"urlTemplate\":\"https:\\\/\\\/www.rassegnastampa-totustuus.it\\\/cattolica\\\/?s={search_term_string}\"},\"query-input\":{\"@type\":\"PropertyValueSpecification\",\"valueRequired\":true,\"valueName\":\"search_term_string\"}}],\"inLanguage\":\"it-IT\"},{\"@type\":\"Organization\",\"@id\":\"https:\\\/\\\/www.rassegnastampa-totustuus.it\\\/cattolica\\\/#organization\",\"name\":\"Rassegna Stampa Cattolica\",\"url\":\"https:\\\/\\\/www.rassegnastampa-totustuus.it\\\/cattolica\\\/\",\"logo\":{\"@type\":\"ImageObject\",\"inLanguage\":\"it-IT\",\"@id\":\"https:\\\/\\\/www.rassegnastampa-totustuus.it\\\/cattolica\\\/#\\\/schema\\\/logo\\\/image\\\/\",\"url\":\"https:\\\/\\\/www.rassegnastampa-totustuus.it\\\/cattolica\\\/wp-content\\\/uploads\\\/2014\\\/04\\\/logo-rassegna1.gif\",\"contentUrl\":\"https:\\\/\\\/www.rassegnastampa-totustuus.it\\\/cattolica\\\/wp-content\\\/uploads\\\/2014\\\/04\\\/logo-rassegna1.gif\",\"width\":600,\"height\":163,\"caption\":\"Rassegna Stampa Cattolica\"},\"image\":{\"@id\":\"https:\\\/\\\/www.rassegnastampa-totustuus.it\\\/cattolica\\\/#\\\/schema\\\/logo\\\/image\\\/\"},\"sameAs\":[\"https:\\\/\\\/www.facebook.com\\\/rassegnastampacattolica\",\"https:\\\/\\\/x.com\\\/rassegnastampa9\"]},{\"@type\":\"Person\",\"@id\":\"https:\\\/\\\/www.rassegnastampa-totustuus.it\\\/cattolica\\\/#\\\/schema\\\/person\\\/08f319d2bd1a0904ad9e2bfb7b15e5c3\",\"name\":\"Redazione\",\"image\":{\"@type\":\"ImageObject\",\"inLanguage\":\"it-IT\",\"@id\":\"https:\\\/\\\/secure.gravatar.com\\\/avatar\\\/2fcdf27c78ea025fbdb44e914cc63c72249ffec9dc8aafd5c82b26240ef3f346?s=96&d=mm&r=g\",\"url\":\"https:\\\/\\\/secure.gravatar.com\\\/avatar\\\/2fcdf27c78ea025fbdb44e914cc63c72249ffec9dc8aafd5c82b26240ef3f346?s=96&d=mm&r=g\",\"contentUrl\":\"https:\\\/\\\/secure.gravatar.com\\\/avatar\\\/2fcdf27c78ea025fbdb44e914cc63c72249ffec9dc8aafd5c82b26240ef3f346?s=96&d=mm&r=g\",\"caption\":\"Redazione\"},\"url\":\"https:\\\/\\\/www.rassegnastampa-totustuus.it\\\/cattolica\\\/author\\\/pietroelle\\\/\"}]}<\/script>\n<!-- \/ Yoast SEO plugin. -->","yoast_head_json":{"title":"Delirio alla RAI, l\u2019aborto \u00e8 un dogma intoccabile\u00a0\u00a0 - Rassegna Stampa Cattolica","description":"Delirio alla RAI, l\u2019aborto \u00e8 un dogma intoccabile. Uccidere un bimbo nel grembo materno diventa un diritto, anzi un'ideologia","robots":{"index":"index","follow":"follow","max-snippet":"max-snippet:-1","max-image-preview":"max-image-preview:large","max-video-preview":"max-video-preview:-1"},"canonical":"https:\/\/www.rassegnastampa-totustuus.it\/cattolica\/delirio-alla-rai-laborto-e-un-dogma-intoccabile\/","og_locale":"it_IT","og_type":"article","og_title":"Delirio alla RAI, l\u2019aborto \u00e8 un dogma intoccabile\u00a0\u00a0 - Rassegna Stampa Cattolica","og_description":"Delirio alla RAI, l\u2019aborto \u00e8 un dogma intoccabile. Uccidere un bimbo nel grembo materno diventa un diritto, anzi un'ideologia","og_url":"https:\/\/www.rassegnastampa-totustuus.it\/cattolica\/delirio-alla-rai-laborto-e-un-dogma-intoccabile\/","og_site_name":"Rassegna Stampa Cattolica","article_publisher":"https:\/\/www.facebook.com\/rassegnastampacattolica","article_published_time":"2022-06-30T07:38:23+00:00","article_modified_time":"2024-04-13T08:47:59+00:00","og_image":[{"width":1280,"height":720,"url":"https:\/\/www.rassegnastampa-totustuus.it\/cattolica\/wp-content\/uploads\/2022\/05\/Aborto_vita_marcia_2022.jpeg","type":"image\/jpeg"}],"author":"Redazione","twitter_card":"summary_large_image","twitter_creator":"@rassegnastampa9","twitter_site":"@rassegnastampa9","twitter_misc":{"Scritto da":"Redazione","Tempo di lettura stimato":"6 minuti"},"schema":{"@context":"https:\/\/schema.org","@graph":[{"@type":"Article","@id":"https:\/\/www.rassegnastampa-totustuus.it\/cattolica\/delirio-alla-rai-laborto-e-un-dogma-intoccabile\/#article","isPartOf":{"@id":"https:\/\/www.rassegnastampa-totustuus.it\/cattolica\/delirio-alla-rai-laborto-e-un-dogma-intoccabile\/"},"author":{"name":"Redazione","@id":"https:\/\/www.rassegnastampa-totustuus.it\/cattolica\/#\/schema\/person\/08f319d2bd1a0904ad9e2bfb7b15e5c3"},"headline":"Delirio alla RAI, l\u2019aborto \u00e8 un dogma intoccabile\u00a0\u00a0","datePublished":"2022-06-30T07:38:23+00:00","dateModified":"2024-04-13T08:47:59+00:00","mainEntityOfPage":{"@id":"https:\/\/www.rassegnastampa-totustuus.it\/cattolica\/delirio-alla-rai-laborto-e-un-dogma-intoccabile\/"},"wordCount":749,"publisher":{"@id":"https:\/\/www.rassegnastampa-totustuus.it\/cattolica\/#organization"},"image":{"@id":"https:\/\/www.rassegnastampa-totustuus.it\/cattolica\/delirio-alla-rai-laborto-e-un-dogma-intoccabile\/#primaryimage"},"thumbnailUrl":"https:\/\/www.rassegnastampa-totustuus.it\/cattolica\/wp-content\/uploads\/2022\/05\/Aborto_vita_marcia_2022.jpeg","articleSection":["Aborto"],"inLanguage":"it-IT"},{"@type":"WebPage","@id":"https:\/\/www.rassegnastampa-totustuus.it\/cattolica\/delirio-alla-rai-laborto-e-un-dogma-intoccabile\/","url":"https:\/\/www.rassegnastampa-totustuus.it\/cattolica\/delirio-alla-rai-laborto-e-un-dogma-intoccabile\/","name":"Delirio alla RAI, l\u2019aborto \u00e8 un dogma intoccabile\u00a0\u00a0 - Rassegna Stampa Cattolica","isPartOf":{"@id":"https:\/\/www.rassegnastampa-totustuus.it\/cattolica\/#website"},"primaryImageOfPage":{"@id":"https:\/\/www.rassegnastampa-totustuus.it\/cattolica\/delirio-alla-rai-laborto-e-un-dogma-intoccabile\/#primaryimage"},"image":{"@id":"https:\/\/www.rassegnastampa-totustuus.it\/cattolica\/delirio-alla-rai-laborto-e-un-dogma-intoccabile\/#primaryimage"},"thumbnailUrl":"https:\/\/www.rassegnastampa-totustuus.it\/cattolica\/wp-content\/uploads\/2022\/05\/Aborto_vita_marcia_2022.jpeg","datePublished":"2022-06-30T07:38:23+00:00","dateModified":"2024-04-13T08:47:59+00:00","description":"Delirio alla RAI, l\u2019aborto \u00e8 un dogma intoccabile. Uccidere un bimbo nel grembo materno diventa un diritto, anzi un'ideologia","breadcrumb":{"@id":"https:\/\/www.rassegnastampa-totustuus.it\/cattolica\/delirio-alla-rai-laborto-e-un-dogma-intoccabile\/#breadcrumb"},"inLanguage":"it-IT","potentialAction":[{"@type":"ReadAction","target":["https:\/\/www.rassegnastampa-totustuus.it\/cattolica\/delirio-alla-rai-laborto-e-un-dogma-intoccabile\/"]}]},{"@type":"ImageObject","inLanguage":"it-IT","@id":"https:\/\/www.rassegnastampa-totustuus.it\/cattolica\/delirio-alla-rai-laborto-e-un-dogma-intoccabile\/#primaryimage","url":"https:\/\/www.rassegnastampa-totustuus.it\/cattolica\/wp-content\/uploads\/2022\/05\/Aborto_vita_marcia_2022.jpeg","contentUrl":"https:\/\/www.rassegnastampa-totustuus.it\/cattolica\/wp-content\/uploads\/2022\/05\/Aborto_vita_marcia_2022.jpeg","width":1280,"height":720},{"@type":"BreadcrumbList","@id":"https:\/\/www.rassegnastampa-totustuus.it\/cattolica\/delirio-alla-rai-laborto-e-un-dogma-intoccabile\/#breadcrumb","itemListElement":[{"@type":"ListItem","position":1,"name":"Home","item":"https:\/\/www.rassegnastampa-totustuus.it\/cattolica\/"},{"@type":"ListItem","position":2,"name":"Delirio alla RAI, l\u2019aborto \u00e8 un dogma intoccabile\u00a0\u00a0"}]},{"@type":"WebSite","@id":"https:\/\/www.rassegnastampa-totustuus.it\/cattolica\/#website","url":"https:\/\/www.rassegnastampa-totustuus.it\/cattolica\/","name":"Rassegna Stampa Cattolica","description":"Per una cultura che nasce dalla Rivelazione cristiana in conformit\u00e0 alla tradizione e al Magistero della Chiesa in opposizione ad ogni relativismo e totalitarismo","publisher":{"@id":"https:\/\/www.rassegnastampa-totustuus.it\/cattolica\/#organization"},"alternateName":"Rass. Cattolica","potentialAction":[{"@type":"SearchAction","target":{"@type":"EntryPoint","urlTemplate":"https:\/\/www.rassegnastampa-totustuus.it\/cattolica\/?s={search_term_string}"},"query-input":{"@type":"PropertyValueSpecification","valueRequired":true,"valueName":"search_term_string"}}],"inLanguage":"it-IT"},{"@type":"Organization","@id":"https:\/\/www.rassegnastampa-totustuus.it\/cattolica\/#organization","name":"Rassegna Stampa Cattolica","url":"https:\/\/www.rassegnastampa-totustuus.it\/cattolica\/","logo":{"@type":"ImageObject","inLanguage":"it-IT","@id":"https:\/\/www.rassegnastampa-totustuus.it\/cattolica\/#\/schema\/logo\/image\/","url":"https:\/\/www.rassegnastampa-totustuus.it\/cattolica\/wp-content\/uploads\/2014\/04\/logo-rassegna1.gif","contentUrl":"https:\/\/www.rassegnastampa-totustuus.it\/cattolica\/wp-content\/uploads\/2014\/04\/logo-rassegna1.gif","width":600,"height":163,"caption":"Rassegna Stampa Cattolica"},"image":{"@id":"https:\/\/www.rassegnastampa-totustuus.it\/cattolica\/#\/schema\/logo\/image\/"},"sameAs":["https:\/\/www.facebook.com\/rassegnastampacattolica","https:\/\/x.com\/rassegnastampa9"]},{"@type":"Person","@id":"https:\/\/www.rassegnastampa-totustuus.it\/cattolica\/#\/schema\/person\/08f319d2bd1a0904ad9e2bfb7b15e5c3","name":"Redazione","image":{"@type":"ImageObject","inLanguage":"it-IT","@id":"https:\/\/secure.gravatar.com\/avatar\/2fcdf27c78ea025fbdb44e914cc63c72249ffec9dc8aafd5c82b26240ef3f346?s=96&d=mm&r=g","url":"https:\/\/secure.gravatar.com\/avatar\/2fcdf27c78ea025fbdb44e914cc63c72249ffec9dc8aafd5c82b26240ef3f346?s=96&d=mm&r=g","contentUrl":"https:\/\/secure.gravatar.com\/avatar\/2fcdf27c78ea025fbdb44e914cc63c72249ffec9dc8aafd5c82b26240ef3f346?s=96&d=mm&r=g","caption":"Redazione"},"url":"https:\/\/www.rassegnastampa-totustuus.it\/cattolica\/author\/pietroelle\/"}]}},"_links":{"self":[{"href":"https:\/\/www.rassegnastampa-totustuus.it\/cattolica\/wp-json\/wp\/v2\/posts\/54372","targetHints":{"allow":["GET"]}}],"collection":[{"href":"https:\/\/www.rassegnastampa-totustuus.it\/cattolica\/wp-json\/wp\/v2\/posts"}],"about":[{"href":"https:\/\/www.rassegnastampa-totustuus.it\/cattolica\/wp-json\/wp\/v2\/types\/post"}],"author":[{"embeddable":true,"href":"https:\/\/www.rassegnastampa-totustuus.it\/cattolica\/wp-json\/wp\/v2\/users\/6"}],"replies":[{"embeddable":true,"href":"https:\/\/www.rassegnastampa-totustuus.it\/cattolica\/wp-json\/wp\/v2\/comments?post=54372"}],"version-history":[{"count":2,"href":"https:\/\/www.rassegnastampa-totustuus.it\/cattolica\/wp-json\/wp\/v2\/posts\/54372\/revisions"}],"predecessor-version":[{"id":60013,"href":"https:\/\/www.rassegnastampa-totustuus.it\/cattolica\/wp-json\/wp\/v2\/posts\/54372\/revisions\/60013"}],"wp:featuredmedia":[{"embeddable":true,"href":"https:\/\/www.rassegnastampa-totustuus.it\/cattolica\/wp-json\/wp\/v2\/media\/54216"}],"wp:attachment":[{"href":"https:\/\/www.rassegnastampa-totustuus.it\/cattolica\/wp-json\/wp\/v2\/media?parent=54372"}],"wp:term":[{"taxonomy":"category","embeddable":true,"href":"https:\/\/www.rassegnastampa-totustuus.it\/cattolica\/wp-json\/wp\/v2\/categories?post=54372"},{"taxonomy":"post_tag","embeddable":true,"href":"https:\/\/www.rassegnastampa-totustuus.it\/cattolica\/wp-json\/wp\/v2\/tags?post=54372"}],"curies":[{"name":"wp","href":"https:\/\/api.w.org\/{rel}","templated":true}]}}