{"id":5437,"date":"2013-02-14T00:00:00","date_gmt":"2013-02-13T23:00:00","guid":{"rendered":""},"modified":"2016-06-06T11:21:09","modified_gmt":"2016-06-06T09:21:09","slug":"sulla-presunta-irreversibilit-della-secolarizzazione","status":"publish","type":"post","link":"https:\/\/www.rassegnastampa-totustuus.it\/cattolica\/sulla-presunta-irreversibilit-della-secolarizzazione\/","title":{"rendered":"Sulla presunta irreversibilit&agrave; della secolarizzazione"},"content":{"rendered":"<div style=\"text-align: center;\"><strong><img loading=\"lazy\" decoding=\"async\" class=\"alignleft wp-image-34196\" src=\"https:\/\/www.rassegnastampa-totustuus.it\/cattolica\/wp-content\/uploads\/2013\/02\/chiesa_abbandonata.jpg\" alt=\"chiesa_abbandonata\" width=\"250\" height=\"191\" \/>Osservatorio Internazionale Cardinale Van Thuan\u00a0<\/strong>Newsletter n.454<\/div>\n<div style=\"text-align: center;\">del 4 febbraio 2013<\/div>\n<p style=\"text-align: center;\">S.E. Mons. <strong>Giampaolo Crepaldi<br \/>\n<\/strong><em>Vescovo di Trieste<\/em><\/p>\n<p style=\"text-align: justify;\">A conclusione delle sue osservazioni sulla secolarizzazione in Occidente, il filosofo Karl L\u00f6with scrive: \u00abMa se si pensa che ogni spirito immaturo fu lasciato alle sue proprie decisioni nelle cose pi\u00f9 importanti, c\u2019\u00e8 da meravigliarsi che la morale non sia decaduta completamente\u00bb.<\/p>\n<p style=\"text-align: justify;\"><!--more--><\/p>\n<p style=\"text-align: justify;\">Emerge qui che l\u2019emancipazione del temporale dallo spirituale, la sostituzione della salvezza cristiana col progresso, della religione con la scienza non produce alla fine una vera autonomia capace di conservarsi al suo proprio livello, ma produce un \u201cdecadimento\u201d. Ed infatti L\u00f6with considera miracoloso che si sia potuto mantenere una pur debole forma di moralit\u00e0 dopo questo distacco.<\/p>\n<p style=\"text-align: justify;\">La laicit\u00e0, intesa come distinzione reciproca della sfera temporale e di quella spirituale, \u00e8 un portato storico del cristianesimo. Per\u00f2 tale distinzione non significava separazione e assoluta autonomia del temporale dallo spirituale, ma avveniva dentro la civilt\u00e0 cristiana, ossia dentro un orizzonte religioso. Il sovrano cristiano agiva autonomamente, utilizzando la prudenza politica, ossia esercitando una libert\u00e0 interna ad un sistema di verit\u00e0 di cui garante ultima era la Chiesa, che conservava e proteggeva nei dogmi cattolici anche il patrimonio della legge naturale.<\/p>\n<p style=\"text-align: justify;\">Con la modernit\u00e0, invece, come fa notare Karl L\u00f6with, inizia una secolarizzazione sempre pi\u00f9 esigente che rende il piano temporale \u201ccapax sui\u201d, autonomo nel senso di assoluto, autosufficiente, in grado di darsi un senso. Dapprima questo senso \u00e8 stato mutuato dai dogmi cristiani, mediante una loro interpretazione secolarizzante ma poi \u00e8 stato rivendicato sempre pi\u00f9 come proprio e ci\u00f2 sembra essere avvenuto soprattutto con Comte e il positivismo. Il positivismo \u00e8 il riconoscimento definitivo che noi possiamo conoscere solo relazioni, quindi \u00e8 il fondamento del relativismo.<\/p>\n<p style=\"text-align: justify;\">Nel 1968 usc\u00ec il libro \u201cSulla teologia del mondo\u201d di un teologo tedesco discepolo di Karl Rahner: Johann Baptist Metz. In precedenza egli aveva gi\u00e0 scritto \u201cAntropocentrismo cristiano\u201d in cui aveva sostenuto che la secolarizzazione era stata causata dal cristianesimo e che quindi era un fatto cristiano, da accettarsi e da vivere come frutto del cristianesimo e non da combattere come contrario alla fede cristiana. In questo modo il processo di secolarizzazione veniva interpretato come irreversibile.<\/p>\n<p style=\"text-align: justify;\">Nel nuovo libro Metz sosteneva che ormai, a seguito della secolarizzazione, il mondo era diventato completamente mondano: \u00abquesto \u00e8 il mondo dove Dio non si incontra\u00bb [1]. Secondo lui \u00abPer lungo tempo \u2013 fin quasi all\u2019inizio dell\u2019ultimo concilio \u2013 la Chiesa ha seguito questo processo solo con risentimento, lo ha considerato quasi esclusivamente come una decaduta e una falsa \u00a0emancipazione e solo molto lentamente ha preso il coraggio a lasciar divenire il mondo, in questo senso, mondano, e a considerare quindi questo processo non solo come un fatto contro le intenzioni storiche del cristianesimo, bens\u00ec come un fatto che \u00e8 stato determinato anche da impulsi storici pi\u00f9 profondi proprio di questo cristianesimo e del suo messaggio\u00bb[2].<\/p>\n<p style=\"text-align: justify;\">A mio parere la fede cristiana non pu\u00f2 considerare il positivismo come conseguente al cristianesimo e non \u00e8 corretto interpretare la secolarizzazione solo nella sua versione positivista. L\u2019irreversibilit\u00e0 della secolarizzazione \u00e8 un dogma positivista, che deriva da una lettura ideologica della storia, quella comtiana della legge dei tre stadi, per cui l\u2019umanit\u00e0 si sarebbe evoluta dallo stadio religioso a quello metafisico a quello positivo in modo, appunto, irreversibile.<\/p>\n<p style=\"text-align: justify;\">Quali sono i motivi ultimi per cui la secolarizzazione positivista non pu\u00f2 essere vista come conseguenza del cristianesimo n\u00e9 pu\u00f2 essere considerata irreversibile?<\/p>\n<p style=\"text-align: justify;\">Il primo motivo \u00e8 che il positivismo non pu\u00f2 non porsi come una nuova religione: la secolarizzazione diventa propriamente tale quando non si limita ad essere la riformulazione immanente dei dogmi cattolici ma quando si stacca completamente dalla tradizione cristiana e propone se stessa come principio assoluto. Fintanto che Hegel, Marx, Proudhon e prima di loro Voltaire, Condorcet, Turgot si erano limitati a \u201cfare il verso\u201d al cristianesimo proponendone una versione immanente e secolarizzata, le fasi della secolarizzazione non potevano vantare una vera e propria autonomia, n\u00e9 quindi una vera e propria secolarizzazione.<\/p>\n<p style=\"text-align: justify;\">Il processo rimaneva collegato al cristianesimo e continuava ad essere reversibile. Come tagliare questo cordone ombelicale col cristianesimo se non proponendo la secolarizzazione come principio assoluto? Da qui il suo carattere religioso. Religioso non pi\u00f9 nel senso di essere ancora debitore della vecchia religione, ma religioso nel senso di esprimere religiosamente una antireligiosit\u00e0 assoluta.<\/p>\n<p style=\"text-align: justify;\">Questa secolarizzazione \u00e8 irreversibile e non \u00e8 frutto del cristianesimo.<\/p>\n<p style=\"text-align: justify;\"><strong>1) <\/strong>J. B. Metz, <em>Sulla teologia del mondo<\/em>, Queriniana, Brescia 1969, p. 144.<\/p>\n<p style=\"text-align: justify;\"><strong>2)<\/strong> <em>Ivi<\/em>, p. 141<\/p>\n<p style=\"text-align: center;\"><strong><a href=\"https:\/\/www.rassegnastampa-totustuus.it\/cattolica\/?p=5421\" target=\"_blank\">in English<\/a><\/strong><\/p>\n","protected":false},"excerpt":{"rendered":"<p>Osservatorio Internazionale Cardinale Van Thuan\u00a0Newsletter n.454 del 4 febbraio 2013 S.E. Mons. Giampaolo Crepaldi Vescovo di Trieste A conclusione delle sue osservazioni sulla secolarizzazione in Occidente, il filosofo Karl L\u00f6with scrive: \u00abMa se si pensa che ogni spirito immaturo fu lasciato alle sue proprie decisioni nelle cose pi\u00f9 importanti, c\u2019\u00e8 da meravigliarsi che la morale &hellip; <\/p>\n<p><a class=\"more-link btn\" href=\"https:\/\/www.rassegnastampa-totustuus.it\/cattolica\/sulla-presunta-irreversibilit-della-secolarizzazione\/\">Continua a leggere<\/a><\/p>\n","protected":false},"author":6,"featured_media":34196,"comment_status":"closed","ping_status":"open","sticky":false,"template":"","format":"standard","meta":{"footnotes":""},"categories":[103],"tags":[568],"class_list":["post-5437","post","type-post","status-publish","format-standard","has-post-thumbnail","hentry","category-laicismo","tag-secolarizzazione","item-wrap"],"yoast_head":"<!-- This site is optimized with the Yoast SEO plugin v27.5 - https:\/\/yoast.com\/product\/yoast-seo-wordpress\/ -->\n<title>Sulla presunta irreversibilit&agrave; della secolarizzazione - Rassegna Stampa Cattolica<\/title>\n<meta name=\"description\" content=\"Rassegna Stampa Cattolica - Per una cultura che nasce dalla Rivelazione cristiana in conformit\u00e0 alla tradizione e al Magistero della Chiesa in opposizione ad ogni relativismo e totalitarismo\" \/>\n<meta name=\"robots\" content=\"index, follow, max-snippet:-1, max-image-preview:large, max-video-preview:-1\" \/>\n<link rel=\"canonical\" href=\"https:\/\/www.rassegnastampa-totustuus.it\/cattolica\/sulla-presunta-irreversibilit-della-secolarizzazione\/\" \/>\n<meta property=\"og:locale\" content=\"it_IT\" \/>\n<meta property=\"og:type\" content=\"article\" \/>\n<meta property=\"og:title\" content=\"Sulla presunta irreversibilit&agrave; della secolarizzazione - Rassegna Stampa Cattolica\" \/>\n<meta property=\"og:description\" content=\"Rassegna Stampa Cattolica - Per una cultura che nasce dalla Rivelazione cristiana in conformit\u00e0 alla tradizione e al Magistero della Chiesa in opposizione ad ogni relativismo e totalitarismo\" \/>\n<meta property=\"og:url\" content=\"https:\/\/www.rassegnastampa-totustuus.it\/cattolica\/sulla-presunta-irreversibilit-della-secolarizzazione\/\" \/>\n<meta property=\"og:site_name\" content=\"Rassegna Stampa Cattolica\" \/>\n<meta property=\"article:publisher\" content=\"https:\/\/www.facebook.com\/rassegnastampacattolica\" \/>\n<meta property=\"article:published_time\" content=\"2013-02-13T23:00:00+00:00\" \/>\n<meta property=\"article:modified_time\" content=\"2016-06-06T09:21:09+00:00\" \/>\n<meta property=\"og:image\" content=\"https:\/\/www.rassegnastampa-totustuus.it\/cattolica\/wp-content\/uploads\/2013\/02\/chiesa_abbandonata.jpg\" \/>\n\t<meta property=\"og:image:width\" content=\"257\" \/>\n\t<meta property=\"og:image:height\" content=\"196\" \/>\n\t<meta property=\"og:image:type\" content=\"image\/jpeg\" \/>\n<meta name=\"author\" content=\"Redazione\" \/>\n<meta name=\"twitter:card\" content=\"summary_large_image\" \/>\n<meta name=\"twitter:creator\" content=\"@rassegnastampa9\" \/>\n<meta name=\"twitter:site\" content=\"@rassegnastampa9\" \/>\n<meta name=\"twitter:label1\" content=\"Scritto da\" \/>\n\t<meta name=\"twitter:data1\" content=\"Redazione\" \/>\n\t<meta name=\"twitter:label2\" content=\"Tempo di lettura stimato\" \/>\n\t<meta name=\"twitter:data2\" content=\"4 minuti\" \/>\n<script type=\"application\/ld+json\" class=\"yoast-schema-graph\">{\"@context\":\"https:\\\/\\\/schema.org\",\"@graph\":[{\"@type\":\"Article\",\"@id\":\"https:\\\/\\\/www.rassegnastampa-totustuus.it\\\/cattolica\\\/sulla-presunta-irreversibilit-della-secolarizzazione\\\/#article\",\"isPartOf\":{\"@id\":\"https:\\\/\\\/www.rassegnastampa-totustuus.it\\\/cattolica\\\/sulla-presunta-irreversibilit-della-secolarizzazione\\\/\"},\"author\":{\"name\":\"Redazione\",\"@id\":\"https:\\\/\\\/www.rassegnastampa-totustuus.it\\\/cattolica\\\/#\\\/schema\\\/person\\\/08f319d2bd1a0904ad9e2bfb7b15e5c3\"},\"headline\":\"Sulla presunta irreversibilit&agrave; della secolarizzazione\",\"datePublished\":\"2013-02-13T23:00:00+00:00\",\"dateModified\":\"2016-06-06T09:21:09+00:00\",\"mainEntityOfPage\":{\"@id\":\"https:\\\/\\\/www.rassegnastampa-totustuus.it\\\/cattolica\\\/sulla-presunta-irreversibilit-della-secolarizzazione\\\/\"},\"wordCount\":736,\"publisher\":{\"@id\":\"https:\\\/\\\/www.rassegnastampa-totustuus.it\\\/cattolica\\\/#organization\"},\"image\":{\"@id\":\"https:\\\/\\\/www.rassegnastampa-totustuus.it\\\/cattolica\\\/sulla-presunta-irreversibilit-della-secolarizzazione\\\/#primaryimage\"},\"thumbnailUrl\":\"https:\\\/\\\/www.rassegnastampa-totustuus.it\\\/cattolica\\\/wp-content\\\/uploads\\\/2013\\\/02\\\/chiesa_abbandonata.jpg\",\"keywords\":[\"secolarizzazione\"],\"articleSection\":[\"Laicismo\"],\"inLanguage\":\"it-IT\"},{\"@type\":\"WebPage\",\"@id\":\"https:\\\/\\\/www.rassegnastampa-totustuus.it\\\/cattolica\\\/sulla-presunta-irreversibilit-della-secolarizzazione\\\/\",\"url\":\"https:\\\/\\\/www.rassegnastampa-totustuus.it\\\/cattolica\\\/sulla-presunta-irreversibilit-della-secolarizzazione\\\/\",\"name\":\"Sulla presunta irreversibilit&agrave; della secolarizzazione - Rassegna Stampa Cattolica\",\"isPartOf\":{\"@id\":\"https:\\\/\\\/www.rassegnastampa-totustuus.it\\\/cattolica\\\/#website\"},\"primaryImageOfPage\":{\"@id\":\"https:\\\/\\\/www.rassegnastampa-totustuus.it\\\/cattolica\\\/sulla-presunta-irreversibilit-della-secolarizzazione\\\/#primaryimage\"},\"image\":{\"@id\":\"https:\\\/\\\/www.rassegnastampa-totustuus.it\\\/cattolica\\\/sulla-presunta-irreversibilit-della-secolarizzazione\\\/#primaryimage\"},\"thumbnailUrl\":\"https:\\\/\\\/www.rassegnastampa-totustuus.it\\\/cattolica\\\/wp-content\\\/uploads\\\/2013\\\/02\\\/chiesa_abbandonata.jpg\",\"datePublished\":\"2013-02-13T23:00:00+00:00\",\"dateModified\":\"2016-06-06T09:21:09+00:00\",\"description\":\"Rassegna Stampa Cattolica - Per una cultura che nasce dalla Rivelazione cristiana in conformit\u00e0 alla tradizione e al Magistero della Chiesa in opposizione ad ogni relativismo e totalitarismo\",\"breadcrumb\":{\"@id\":\"https:\\\/\\\/www.rassegnastampa-totustuus.it\\\/cattolica\\\/sulla-presunta-irreversibilit-della-secolarizzazione\\\/#breadcrumb\"},\"inLanguage\":\"it-IT\",\"potentialAction\":[{\"@type\":\"ReadAction\",\"target\":[\"https:\\\/\\\/www.rassegnastampa-totustuus.it\\\/cattolica\\\/sulla-presunta-irreversibilit-della-secolarizzazione\\\/\"]}]},{\"@type\":\"ImageObject\",\"inLanguage\":\"it-IT\",\"@id\":\"https:\\\/\\\/www.rassegnastampa-totustuus.it\\\/cattolica\\\/sulla-presunta-irreversibilit-della-secolarizzazione\\\/#primaryimage\",\"url\":\"https:\\\/\\\/www.rassegnastampa-totustuus.it\\\/cattolica\\\/wp-content\\\/uploads\\\/2013\\\/02\\\/chiesa_abbandonata.jpg\",\"contentUrl\":\"https:\\\/\\\/www.rassegnastampa-totustuus.it\\\/cattolica\\\/wp-content\\\/uploads\\\/2013\\\/02\\\/chiesa_abbandonata.jpg\",\"width\":257,\"height\":196},{\"@type\":\"BreadcrumbList\",\"@id\":\"https:\\\/\\\/www.rassegnastampa-totustuus.it\\\/cattolica\\\/sulla-presunta-irreversibilit-della-secolarizzazione\\\/#breadcrumb\",\"itemListElement\":[{\"@type\":\"ListItem\",\"position\":1,\"name\":\"Home\",\"item\":\"https:\\\/\\\/www.rassegnastampa-totustuus.it\\\/cattolica\\\/\"},{\"@type\":\"ListItem\",\"position\":2,\"name\":\"Sulla presunta irreversibilit&agrave; della secolarizzazione\"}]},{\"@type\":\"WebSite\",\"@id\":\"https:\\\/\\\/www.rassegnastampa-totustuus.it\\\/cattolica\\\/#website\",\"url\":\"https:\\\/\\\/www.rassegnastampa-totustuus.it\\\/cattolica\\\/\",\"name\":\"Rassegna Stampa Cattolica\",\"description\":\"Per una cultura che nasce dalla Rivelazione cristiana in conformit\u00e0 alla tradizione e al Magistero della Chiesa in opposizione ad ogni relativismo e totalitarismo\",\"publisher\":{\"@id\":\"https:\\\/\\\/www.rassegnastampa-totustuus.it\\\/cattolica\\\/#organization\"},\"alternateName\":\"Rass. Cattolica\",\"potentialAction\":[{\"@type\":\"SearchAction\",\"target\":{\"@type\":\"EntryPoint\",\"urlTemplate\":\"https:\\\/\\\/www.rassegnastampa-totustuus.it\\\/cattolica\\\/?s={search_term_string}\"},\"query-input\":{\"@type\":\"PropertyValueSpecification\",\"valueRequired\":true,\"valueName\":\"search_term_string\"}}],\"inLanguage\":\"it-IT\"},{\"@type\":\"Organization\",\"@id\":\"https:\\\/\\\/www.rassegnastampa-totustuus.it\\\/cattolica\\\/#organization\",\"name\":\"Rassegna Stampa Cattolica\",\"url\":\"https:\\\/\\\/www.rassegnastampa-totustuus.it\\\/cattolica\\\/\",\"logo\":{\"@type\":\"ImageObject\",\"inLanguage\":\"it-IT\",\"@id\":\"https:\\\/\\\/www.rassegnastampa-totustuus.it\\\/cattolica\\\/#\\\/schema\\\/logo\\\/image\\\/\",\"url\":\"https:\\\/\\\/www.rassegnastampa-totustuus.it\\\/cattolica\\\/wp-content\\\/uploads\\\/2014\\\/04\\\/logo-rassegna1.gif\",\"contentUrl\":\"https:\\\/\\\/www.rassegnastampa-totustuus.it\\\/cattolica\\\/wp-content\\\/uploads\\\/2014\\\/04\\\/logo-rassegna1.gif\",\"width\":600,\"height\":163,\"caption\":\"Rassegna Stampa Cattolica\"},\"image\":{\"@id\":\"https:\\\/\\\/www.rassegnastampa-totustuus.it\\\/cattolica\\\/#\\\/schema\\\/logo\\\/image\\\/\"},\"sameAs\":[\"https:\\\/\\\/www.facebook.com\\\/rassegnastampacattolica\",\"https:\\\/\\\/x.com\\\/rassegnastampa9\"]},{\"@type\":\"Person\",\"@id\":\"https:\\\/\\\/www.rassegnastampa-totustuus.it\\\/cattolica\\\/#\\\/schema\\\/person\\\/08f319d2bd1a0904ad9e2bfb7b15e5c3\",\"name\":\"Redazione\",\"image\":{\"@type\":\"ImageObject\",\"inLanguage\":\"it-IT\",\"@id\":\"https:\\\/\\\/secure.gravatar.com\\\/avatar\\\/2fcdf27c78ea025fbdb44e914cc63c72249ffec9dc8aafd5c82b26240ef3f346?s=96&d=mm&r=g\",\"url\":\"https:\\\/\\\/secure.gravatar.com\\\/avatar\\\/2fcdf27c78ea025fbdb44e914cc63c72249ffec9dc8aafd5c82b26240ef3f346?s=96&d=mm&r=g\",\"contentUrl\":\"https:\\\/\\\/secure.gravatar.com\\\/avatar\\\/2fcdf27c78ea025fbdb44e914cc63c72249ffec9dc8aafd5c82b26240ef3f346?s=96&d=mm&r=g\",\"caption\":\"Redazione\"},\"url\":\"https:\\\/\\\/www.rassegnastampa-totustuus.it\\\/cattolica\\\/author\\\/pietroelle\\\/\"}]}<\/script>\n<!-- \/ Yoast SEO plugin. -->","yoast_head_json":{"title":"Sulla presunta irreversibilit&agrave; della secolarizzazione - Rassegna Stampa Cattolica","description":"Rassegna Stampa Cattolica - Per una cultura che nasce dalla Rivelazione cristiana in conformit\u00e0 alla tradizione e al Magistero della Chiesa in opposizione ad ogni relativismo e totalitarismo","robots":{"index":"index","follow":"follow","max-snippet":"max-snippet:-1","max-image-preview":"max-image-preview:large","max-video-preview":"max-video-preview:-1"},"canonical":"https:\/\/www.rassegnastampa-totustuus.it\/cattolica\/sulla-presunta-irreversibilit-della-secolarizzazione\/","og_locale":"it_IT","og_type":"article","og_title":"Sulla presunta irreversibilit&agrave; della secolarizzazione - Rassegna Stampa Cattolica","og_description":"Rassegna Stampa Cattolica - Per una cultura che nasce dalla Rivelazione cristiana in conformit\u00e0 alla tradizione e al Magistero della Chiesa in opposizione ad ogni relativismo e totalitarismo","og_url":"https:\/\/www.rassegnastampa-totustuus.it\/cattolica\/sulla-presunta-irreversibilit-della-secolarizzazione\/","og_site_name":"Rassegna Stampa Cattolica","article_publisher":"https:\/\/www.facebook.com\/rassegnastampacattolica","article_published_time":"2013-02-13T23:00:00+00:00","article_modified_time":"2016-06-06T09:21:09+00:00","og_image":[{"width":257,"height":196,"url":"https:\/\/www.rassegnastampa-totustuus.it\/cattolica\/wp-content\/uploads\/2013\/02\/chiesa_abbandonata.jpg","type":"image\/jpeg"}],"author":"Redazione","twitter_card":"summary_large_image","twitter_creator":"@rassegnastampa9","twitter_site":"@rassegnastampa9","twitter_misc":{"Scritto da":"Redazione","Tempo di lettura stimato":"4 minuti"},"schema":{"@context":"https:\/\/schema.org","@graph":[{"@type":"Article","@id":"https:\/\/www.rassegnastampa-totustuus.it\/cattolica\/sulla-presunta-irreversibilit-della-secolarizzazione\/#article","isPartOf":{"@id":"https:\/\/www.rassegnastampa-totustuus.it\/cattolica\/sulla-presunta-irreversibilit-della-secolarizzazione\/"},"author":{"name":"Redazione","@id":"https:\/\/www.rassegnastampa-totustuus.it\/cattolica\/#\/schema\/person\/08f319d2bd1a0904ad9e2bfb7b15e5c3"},"headline":"Sulla presunta irreversibilit&agrave; della secolarizzazione","datePublished":"2013-02-13T23:00:00+00:00","dateModified":"2016-06-06T09:21:09+00:00","mainEntityOfPage":{"@id":"https:\/\/www.rassegnastampa-totustuus.it\/cattolica\/sulla-presunta-irreversibilit-della-secolarizzazione\/"},"wordCount":736,"publisher":{"@id":"https:\/\/www.rassegnastampa-totustuus.it\/cattolica\/#organization"},"image":{"@id":"https:\/\/www.rassegnastampa-totustuus.it\/cattolica\/sulla-presunta-irreversibilit-della-secolarizzazione\/#primaryimage"},"thumbnailUrl":"https:\/\/www.rassegnastampa-totustuus.it\/cattolica\/wp-content\/uploads\/2013\/02\/chiesa_abbandonata.jpg","keywords":["secolarizzazione"],"articleSection":["Laicismo"],"inLanguage":"it-IT"},{"@type":"WebPage","@id":"https:\/\/www.rassegnastampa-totustuus.it\/cattolica\/sulla-presunta-irreversibilit-della-secolarizzazione\/","url":"https:\/\/www.rassegnastampa-totustuus.it\/cattolica\/sulla-presunta-irreversibilit-della-secolarizzazione\/","name":"Sulla presunta irreversibilit&agrave; della secolarizzazione - Rassegna Stampa Cattolica","isPartOf":{"@id":"https:\/\/www.rassegnastampa-totustuus.it\/cattolica\/#website"},"primaryImageOfPage":{"@id":"https:\/\/www.rassegnastampa-totustuus.it\/cattolica\/sulla-presunta-irreversibilit-della-secolarizzazione\/#primaryimage"},"image":{"@id":"https:\/\/www.rassegnastampa-totustuus.it\/cattolica\/sulla-presunta-irreversibilit-della-secolarizzazione\/#primaryimage"},"thumbnailUrl":"https:\/\/www.rassegnastampa-totustuus.it\/cattolica\/wp-content\/uploads\/2013\/02\/chiesa_abbandonata.jpg","datePublished":"2013-02-13T23:00:00+00:00","dateModified":"2016-06-06T09:21:09+00:00","description":"Rassegna Stampa Cattolica - Per una cultura che nasce dalla Rivelazione cristiana in conformit\u00e0 alla tradizione e al Magistero della Chiesa in opposizione ad ogni relativismo e totalitarismo","breadcrumb":{"@id":"https:\/\/www.rassegnastampa-totustuus.it\/cattolica\/sulla-presunta-irreversibilit-della-secolarizzazione\/#breadcrumb"},"inLanguage":"it-IT","potentialAction":[{"@type":"ReadAction","target":["https:\/\/www.rassegnastampa-totustuus.it\/cattolica\/sulla-presunta-irreversibilit-della-secolarizzazione\/"]}]},{"@type":"ImageObject","inLanguage":"it-IT","@id":"https:\/\/www.rassegnastampa-totustuus.it\/cattolica\/sulla-presunta-irreversibilit-della-secolarizzazione\/#primaryimage","url":"https:\/\/www.rassegnastampa-totustuus.it\/cattolica\/wp-content\/uploads\/2013\/02\/chiesa_abbandonata.jpg","contentUrl":"https:\/\/www.rassegnastampa-totustuus.it\/cattolica\/wp-content\/uploads\/2013\/02\/chiesa_abbandonata.jpg","width":257,"height":196},{"@type":"BreadcrumbList","@id":"https:\/\/www.rassegnastampa-totustuus.it\/cattolica\/sulla-presunta-irreversibilit-della-secolarizzazione\/#breadcrumb","itemListElement":[{"@type":"ListItem","position":1,"name":"Home","item":"https:\/\/www.rassegnastampa-totustuus.it\/cattolica\/"},{"@type":"ListItem","position":2,"name":"Sulla presunta irreversibilit&agrave; della secolarizzazione"}]},{"@type":"WebSite","@id":"https:\/\/www.rassegnastampa-totustuus.it\/cattolica\/#website","url":"https:\/\/www.rassegnastampa-totustuus.it\/cattolica\/","name":"Rassegna Stampa Cattolica","description":"Per una cultura che nasce dalla Rivelazione cristiana in conformit\u00e0 alla tradizione e al Magistero della Chiesa in opposizione ad ogni relativismo e totalitarismo","publisher":{"@id":"https:\/\/www.rassegnastampa-totustuus.it\/cattolica\/#organization"},"alternateName":"Rass. Cattolica","potentialAction":[{"@type":"SearchAction","target":{"@type":"EntryPoint","urlTemplate":"https:\/\/www.rassegnastampa-totustuus.it\/cattolica\/?s={search_term_string}"},"query-input":{"@type":"PropertyValueSpecification","valueRequired":true,"valueName":"search_term_string"}}],"inLanguage":"it-IT"},{"@type":"Organization","@id":"https:\/\/www.rassegnastampa-totustuus.it\/cattolica\/#organization","name":"Rassegna Stampa Cattolica","url":"https:\/\/www.rassegnastampa-totustuus.it\/cattolica\/","logo":{"@type":"ImageObject","inLanguage":"it-IT","@id":"https:\/\/www.rassegnastampa-totustuus.it\/cattolica\/#\/schema\/logo\/image\/","url":"https:\/\/www.rassegnastampa-totustuus.it\/cattolica\/wp-content\/uploads\/2014\/04\/logo-rassegna1.gif","contentUrl":"https:\/\/www.rassegnastampa-totustuus.it\/cattolica\/wp-content\/uploads\/2014\/04\/logo-rassegna1.gif","width":600,"height":163,"caption":"Rassegna Stampa Cattolica"},"image":{"@id":"https:\/\/www.rassegnastampa-totustuus.it\/cattolica\/#\/schema\/logo\/image\/"},"sameAs":["https:\/\/www.facebook.com\/rassegnastampacattolica","https:\/\/x.com\/rassegnastampa9"]},{"@type":"Person","@id":"https:\/\/www.rassegnastampa-totustuus.it\/cattolica\/#\/schema\/person\/08f319d2bd1a0904ad9e2bfb7b15e5c3","name":"Redazione","image":{"@type":"ImageObject","inLanguage":"it-IT","@id":"https:\/\/secure.gravatar.com\/avatar\/2fcdf27c78ea025fbdb44e914cc63c72249ffec9dc8aafd5c82b26240ef3f346?s=96&d=mm&r=g","url":"https:\/\/secure.gravatar.com\/avatar\/2fcdf27c78ea025fbdb44e914cc63c72249ffec9dc8aafd5c82b26240ef3f346?s=96&d=mm&r=g","contentUrl":"https:\/\/secure.gravatar.com\/avatar\/2fcdf27c78ea025fbdb44e914cc63c72249ffec9dc8aafd5c82b26240ef3f346?s=96&d=mm&r=g","caption":"Redazione"},"url":"https:\/\/www.rassegnastampa-totustuus.it\/cattolica\/author\/pietroelle\/"}]}},"_links":{"self":[{"href":"https:\/\/www.rassegnastampa-totustuus.it\/cattolica\/wp-json\/wp\/v2\/posts\/5437","targetHints":{"allow":["GET"]}}],"collection":[{"href":"https:\/\/www.rassegnastampa-totustuus.it\/cattolica\/wp-json\/wp\/v2\/posts"}],"about":[{"href":"https:\/\/www.rassegnastampa-totustuus.it\/cattolica\/wp-json\/wp\/v2\/types\/post"}],"author":[{"embeddable":true,"href":"https:\/\/www.rassegnastampa-totustuus.it\/cattolica\/wp-json\/wp\/v2\/users\/6"}],"replies":[{"embeddable":true,"href":"https:\/\/www.rassegnastampa-totustuus.it\/cattolica\/wp-json\/wp\/v2\/comments?post=5437"}],"version-history":[{"count":4,"href":"https:\/\/www.rassegnastampa-totustuus.it\/cattolica\/wp-json\/wp\/v2\/posts\/5437\/revisions"}],"predecessor-version":[{"id":34197,"href":"https:\/\/www.rassegnastampa-totustuus.it\/cattolica\/wp-json\/wp\/v2\/posts\/5437\/revisions\/34197"}],"wp:featuredmedia":[{"embeddable":true,"href":"https:\/\/www.rassegnastampa-totustuus.it\/cattolica\/wp-json\/wp\/v2\/media\/34196"}],"wp:attachment":[{"href":"https:\/\/www.rassegnastampa-totustuus.it\/cattolica\/wp-json\/wp\/v2\/media?parent=5437"}],"wp:term":[{"taxonomy":"category","embeddable":true,"href":"https:\/\/www.rassegnastampa-totustuus.it\/cattolica\/wp-json\/wp\/v2\/categories?post=5437"},{"taxonomy":"post_tag","embeddable":true,"href":"https:\/\/www.rassegnastampa-totustuus.it\/cattolica\/wp-json\/wp\/v2\/tags?post=5437"}],"curies":[{"name":"wp","href":"https:\/\/api.w.org\/{rel}","templated":true}]}}