{"id":54284,"date":"2022-06-16T00:00:06","date_gmt":"2022-06-15T22:00:06","guid":{"rendered":"http:\/\/www.rassegnastampa-totustuus.it\/cattolica\/?p=54284"},"modified":"2024-04-22T19:10:54","modified_gmt":"2024-04-22T17:10:54","slug":"fake-news-non-solo-sulla-rete-ma-anche-tra-i-colti","status":"publish","type":"post","link":"https:\/\/www.rassegnastampa-totustuus.it\/cattolica\/fake-news-non-solo-sulla-rete-ma-anche-tra-i-colti\/","title":{"rendered":"Fake news non solo sulla rete ma anche tra i colti"},"content":{"rendered":"<p style=\"text-align: center;\"><a href=\"https:\/\/www.libertaepersona.org\/wordpress\/\" target=\"_blank\" rel=\"noopener\"><strong>Libert\u00e0 e Persona<\/strong><\/a> 6 Giugno 2022<\/p>\n<p><img loading=\"lazy\" decoding=\"async\" class=\"size-full wp-image-60106 aligncenter\" src=\"https:\/\/www.rassegnastampa-totustuus.it\/cattolica\/wp-content\/uploads\/2022\/06\/Agnoli_fake_news.webp\" alt=\"\" width=\"320\" height=\"180\" \/><\/p>\n<h3 style=\"text-align: center;\">\u201cFAKE NEWS\u201d \u2013 Non solo sulla rete ma anche tra i colti.<\/h3>\n<h3 style=\"text-align: center;\">Lasciamoci guidare dal prof. F. Agnoli<\/h3>\n<p><!--more--><\/p>\n<p style=\"text-align: justify;\"><em>\u00ab<span style=\"color: #000000;\"><a style=\"color: #000000;\" href=\"https:\/\/www.rassegnastampa-totustuus.it\/cattolica\/odio-e-fake-news-pretesti-per-controllare-il-web\/\" target=\"_blank\" rel=\"noopener\">Fake News<\/a><\/span>\u00bb,<\/em> \u00e8 il titolo di 12 trasmissioni condotte Di Francesco Agnoli e gi\u00e0 pubblicate un anno fa da <em>Libert\u00e0 e Persona<\/em> tutte insieme. In esse vengono smascherati i pi\u00f9 grossi e clamorosi falsi della storia, e non solo contemporanea.<\/p>\n<p style=\"text-align: center;\">Ora le riproponiamo una per volta per ascoltare con calma e riflettere<\/p>\n<p style=\"text-align: justify;\"><span style=\"color: #0000ff;\">Fritz Gerlich un giornalista contro Hitler, a costo della vita<\/span><\/p>\n<p style=\"text-align: justify;\"><a href=\"https:\/\/youtu.be\/UWJx1swDdBc?list=PLyNiOwvQr01IVSV420gyCpGmtbdS3az_1\" target=\"_blank\" rel=\"noopener\"><span style=\"color: #0000ff;\">Ma chi ha scatenato davvero la seconda guerra mondiale?<\/span><\/a><\/p>\n<p style=\"text-align: justify;\"><a href=\"https:\/\/youtu.be\/DM9wAmn3SgE\" target=\"_blank\" rel=\"noopener\"><span style=\"color: #0000ff;\">Mussolini, il socialista voltagabbana<\/span><\/a><\/p>\n<p style=\"text-align: justify;\"><a href=\"https:\/\/youtu.be\/W98orxjHohU\" target=\"_blank\" rel=\"noopener\"><span style=\"color: #0000ff;\">La censura e l&#8217;Indice dei libri proibiti<\/span><\/a><\/p>\n<p style=\"text-align: justify;\"><a href=\"https:\/\/youtu.be\/RoiqUlH9lhc\" target=\"_blank\" rel=\"noopener\"><span style=\"color: #0000ff;\">Le leggende nere sul Medioevo fine del mondo e cintura di castit\u00e0<\/span><\/a><\/p>\n<p style=\"text-align: justify;\"><a href=\"https:\/\/youtu.be\/u_bn0u3vEws\" target=\"_blank\" rel=\"noopener\"><span style=\"color: #0000ff;\">La caccia alle streghe tra verit\u00e0 e leggende<\/span><\/a><\/p>\n<p style=\"text-align: justify;\"><a href=\"https:\/\/youtu.be\/VLToVOx9yCk\" target=\"_blank\" rel=\"noopener\"><span style=\"color: #0000ff;\">Le emergenze &#8220;utili&#8221; e Greta Thunberg<\/span><\/a><\/p>\n<p style=\"text-align: justify;\"><a href=\"https:\/\/youtu.be\/WC6rimg58Qg\" target=\"_blank\" rel=\"noopener\"><span style=\"color: #0000ff;\">Il sogno totalitario distruggere tutti i libri<\/span><\/a><\/p>\n<p style=\"text-align: justify;\"><span style=\"color: #0000ff;\"><a style=\"color: #0000ff;\" href=\"https:\/\/youtu.be\/Zcm9Rx1c6IE\" target=\"_blank\" rel=\"noopener\">Giornalisti a caccia di Eroi<\/a><\/span><\/p>\n<p style=\"text-align: justify;\"><a href=\"https:\/\/youtu.be\/qqGf4dbNukY\" target=\"_blank\" rel=\"noopener\"><span style=\"color: #0000ff;\">L&#8217;uso delle immagini<\/span><\/a><\/p>\n<p style=\"text-align: justify;\"><a href=\"https:\/\/youtu.be\/nJbV98AMLG0\" target=\"_blank\" rel=\"noopener\"><span style=\"color: #0000ff;\">Giornali e fake news un binomio inscindibile<\/span><\/a><\/p>\n<p style=\"text-align: justify;\"><a href=\"https:\/\/youtu.be\/tDxJbRAEXco\" target=\"_blank\" rel=\"noopener\"><span style=\"color: #0000ff;\">Dalla presa della Bastiglia al Risorgimento come si creano i miti fondatori<\/span><\/a><\/p>\n<p style=\"text-align: justify;\"><a href=\"https:\/\/youtu.be\/cBJQnBXXmKY\" target=\"_blank\" rel=\"noopener\"><span style=\"color: #0000ff;\">Il falso mito della terra piatta<\/span><\/a><\/p>\n<p style=\"text-align: justify;\">Le puntate furono diffuse da <a href=\"https:\/\/voce24news.it\/\" target=\"_blank\" rel=\"noreferrer noopener\"><span style=\"color: #0000ff;\">Voce24news<\/span>,<\/a> la web television del Trentino, a partire dal 10 agosto 2021 alle ore 16.00. Un appuntamento settimanale allo scopo di dimostrare come informazione e disinformazione ci siano sempre state fin dai tempi di Giulio Cesare, che decise di scrivere il \u00ab<em>De bello gallico<\/em>\u00bb anche per dare ai contemporanei e ai posteri la propria versione dei fatti. Allora Fake news non solo dalla \u201crete\u201d?<\/p>\n<p style=\"text-align: center;\"><a href=\"https:\/\/www.youtube.com\/@voce24news86\/videos\" target=\"_blank\" rel=\"noopener noreferrer\"><strong><span style=\"color: #0000ff;\">QUI LE TRASMISSIONI<\/span><\/strong><\/a><\/p>\n","protected":false},"excerpt":{"rendered":"<p>Libert\u00e0 e Persona 6 Giugno 2022 \u201cFAKE NEWS\u201d \u2013 Non solo sulla rete ma anche tra i colti. Lasciamoci guidare dal prof. F. Agnoli<\/p><p><a class=\"more-link btn\" href=\"https:\/\/www.rassegnastampa-totustuus.it\/cattolica\/fake-news-non-solo-sulla-rete-ma-anche-tra-i-colti\/\">Continua a leggere<\/a><\/p>\n","protected":false},"author":6,"featured_media":54285,"comment_status":"closed","ping_status":"closed","sticky":false,"template":"","format":"standard","meta":{"footnotes":""},"categories":[90,91,24],"tags":[779,268,162],"class_list":["post-54284","post","type-post","status-publish","format-standard","has-post-thumbnail","hentry","category-ii-guerra-mondiale","category-medioevo","category-storia","tag-ii-guerra-mondiale-2","tag-medioevo-2","tag-storia-2","item-wrap"],"yoast_head":"<!-- This site is optimized with the Yoast SEO plugin v27.5 - https:\/\/yoast.com\/product\/yoast-seo-wordpress\/ -->\n<title>Fake news non solo sulla rete ma anche tra i colti - Rassegna Stampa Cattolica<\/title>\n<meta name=\"description\" content=\"Fake news non solo sulla rete ma anche tra i colti; una serie di trasmissioni per smascherare i falsi della storia\" \/>\n<meta name=\"robots\" content=\"index, follow, max-snippet:-1, max-image-preview:large, max-video-preview:-1\" \/>\n<link rel=\"canonical\" href=\"https:\/\/www.rassegnastampa-totustuus.it\/cattolica\/fake-news-non-solo-sulla-rete-ma-anche-tra-i-colti\/\" \/>\n<meta property=\"og:locale\" content=\"it_IT\" \/>\n<meta property=\"og:type\" content=\"article\" \/>\n<meta property=\"og:title\" content=\"Fake news non solo sulla rete ma anche tra i colti - Rassegna Stampa Cattolica\" \/>\n<meta property=\"og:description\" content=\"Fake news non solo sulla rete ma anche tra i colti; una serie di trasmissioni per smascherare i falsi della storia\" \/>\n<meta property=\"og:url\" content=\"https:\/\/www.rassegnastampa-totustuus.it\/cattolica\/fake-news-non-solo-sulla-rete-ma-anche-tra-i-colti\/\" \/>\n<meta property=\"og:site_name\" content=\"Rassegna Stampa Cattolica\" \/>\n<meta property=\"article:publisher\" content=\"https:\/\/www.facebook.com\/rassegnastampacattolica\" \/>\n<meta property=\"article:published_time\" content=\"2022-06-15T22:00:06+00:00\" \/>\n<meta property=\"article:modified_time\" content=\"2024-04-22T17:10:54+00:00\" \/>\n<meta property=\"og:image\" content=\"https:\/\/www.rassegnastampa-totustuus.it\/cattolica\/wp-content\/uploads\/2022\/06\/Francesco_Agnoli.png\" \/>\n\t<meta property=\"og:image:width\" content=\"768\" \/>\n\t<meta property=\"og:image:height\" content=\"414\" \/>\n\t<meta property=\"og:image:type\" content=\"image\/png\" \/>\n<meta name=\"author\" content=\"Redazione\" \/>\n<meta name=\"twitter:card\" content=\"summary_large_image\" \/>\n<meta name=\"twitter:creator\" content=\"@rassegnastampa9\" \/>\n<meta name=\"twitter:site\" content=\"@rassegnastampa9\" \/>\n<meta name=\"twitter:label1\" content=\"Scritto da\" \/>\n\t<meta name=\"twitter:data1\" content=\"Redazione\" \/>\n\t<meta name=\"twitter:label2\" content=\"Tempo di lettura stimato\" \/>\n\t<meta name=\"twitter:data2\" content=\"2 minuti\" \/>\n<script type=\"application\/ld+json\" class=\"yoast-schema-graph\">{\"@context\":\"https:\\\/\\\/schema.org\",\"@graph\":[{\"@type\":\"Article\",\"@id\":\"https:\\\/\\\/www.rassegnastampa-totustuus.it\\\/cattolica\\\/fake-news-non-solo-sulla-rete-ma-anche-tra-i-colti\\\/#article\",\"isPartOf\":{\"@id\":\"https:\\\/\\\/www.rassegnastampa-totustuus.it\\\/cattolica\\\/fake-news-non-solo-sulla-rete-ma-anche-tra-i-colti\\\/\"},\"author\":{\"name\":\"Redazione\",\"@id\":\"https:\\\/\\\/www.rassegnastampa-totustuus.it\\\/cattolica\\\/#\\\/schema\\\/person\\\/08f319d2bd1a0904ad9e2bfb7b15e5c3\"},\"headline\":\"Fake news non solo sulla rete ma anche tra i colti\",\"datePublished\":\"2022-06-15T22:00:06+00:00\",\"dateModified\":\"2024-04-22T17:10:54+00:00\",\"mainEntityOfPage\":{\"@id\":\"https:\\\/\\\/www.rassegnastampa-totustuus.it\\\/cattolica\\\/fake-news-non-solo-sulla-rete-ma-anche-tra-i-colti\\\/\"},\"wordCount\":250,\"publisher\":{\"@id\":\"https:\\\/\\\/www.rassegnastampa-totustuus.it\\\/cattolica\\\/#organization\"},\"image\":{\"@id\":\"https:\\\/\\\/www.rassegnastampa-totustuus.it\\\/cattolica\\\/fake-news-non-solo-sulla-rete-ma-anche-tra-i-colti\\\/#primaryimage\"},\"thumbnailUrl\":\"https:\\\/\\\/www.rassegnastampa-totustuus.it\\\/cattolica\\\/wp-content\\\/uploads\\\/2022\\\/06\\\/Francesco_Agnoli.png\",\"keywords\":[\"II guerra mondiale\",\"medioevo\",\"storia\"],\"articleSection\":[\"II Guerra Mondiale\",\"Medioevo\",\"Storia\"],\"inLanguage\":\"it-IT\"},{\"@type\":\"WebPage\",\"@id\":\"https:\\\/\\\/www.rassegnastampa-totustuus.it\\\/cattolica\\\/fake-news-non-solo-sulla-rete-ma-anche-tra-i-colti\\\/\",\"url\":\"https:\\\/\\\/www.rassegnastampa-totustuus.it\\\/cattolica\\\/fake-news-non-solo-sulla-rete-ma-anche-tra-i-colti\\\/\",\"name\":\"Fake news non solo sulla rete ma anche tra i colti - Rassegna Stampa Cattolica\",\"isPartOf\":{\"@id\":\"https:\\\/\\\/www.rassegnastampa-totustuus.it\\\/cattolica\\\/#website\"},\"primaryImageOfPage\":{\"@id\":\"https:\\\/\\\/www.rassegnastampa-totustuus.it\\\/cattolica\\\/fake-news-non-solo-sulla-rete-ma-anche-tra-i-colti\\\/#primaryimage\"},\"image\":{\"@id\":\"https:\\\/\\\/www.rassegnastampa-totustuus.it\\\/cattolica\\\/fake-news-non-solo-sulla-rete-ma-anche-tra-i-colti\\\/#primaryimage\"},\"thumbnailUrl\":\"https:\\\/\\\/www.rassegnastampa-totustuus.it\\\/cattolica\\\/wp-content\\\/uploads\\\/2022\\\/06\\\/Francesco_Agnoli.png\",\"datePublished\":\"2022-06-15T22:00:06+00:00\",\"dateModified\":\"2024-04-22T17:10:54+00:00\",\"description\":\"Fake news non solo sulla rete ma anche tra i colti; una serie di trasmissioni per smascherare i falsi della storia\",\"breadcrumb\":{\"@id\":\"https:\\\/\\\/www.rassegnastampa-totustuus.it\\\/cattolica\\\/fake-news-non-solo-sulla-rete-ma-anche-tra-i-colti\\\/#breadcrumb\"},\"inLanguage\":\"it-IT\",\"potentialAction\":[{\"@type\":\"ReadAction\",\"target\":[\"https:\\\/\\\/www.rassegnastampa-totustuus.it\\\/cattolica\\\/fake-news-non-solo-sulla-rete-ma-anche-tra-i-colti\\\/\"]}]},{\"@type\":\"ImageObject\",\"inLanguage\":\"it-IT\",\"@id\":\"https:\\\/\\\/www.rassegnastampa-totustuus.it\\\/cattolica\\\/fake-news-non-solo-sulla-rete-ma-anche-tra-i-colti\\\/#primaryimage\",\"url\":\"https:\\\/\\\/www.rassegnastampa-totustuus.it\\\/cattolica\\\/wp-content\\\/uploads\\\/2022\\\/06\\\/Francesco_Agnoli.png\",\"contentUrl\":\"https:\\\/\\\/www.rassegnastampa-totustuus.it\\\/cattolica\\\/wp-content\\\/uploads\\\/2022\\\/06\\\/Francesco_Agnoli.png\",\"width\":768,\"height\":414},{\"@type\":\"BreadcrumbList\",\"@id\":\"https:\\\/\\\/www.rassegnastampa-totustuus.it\\\/cattolica\\\/fake-news-non-solo-sulla-rete-ma-anche-tra-i-colti\\\/#breadcrumb\",\"itemListElement\":[{\"@type\":\"ListItem\",\"position\":1,\"name\":\"Home\",\"item\":\"https:\\\/\\\/www.rassegnastampa-totustuus.it\\\/cattolica\\\/\"},{\"@type\":\"ListItem\",\"position\":2,\"name\":\"Fake news non solo sulla rete ma anche tra i colti\"}]},{\"@type\":\"WebSite\",\"@id\":\"https:\\\/\\\/www.rassegnastampa-totustuus.it\\\/cattolica\\\/#website\",\"url\":\"https:\\\/\\\/www.rassegnastampa-totustuus.it\\\/cattolica\\\/\",\"name\":\"Rassegna Stampa Cattolica\",\"description\":\"Per una cultura che nasce dalla Rivelazione cristiana in conformit\u00e0 alla tradizione e al Magistero della Chiesa in opposizione ad ogni relativismo e totalitarismo\",\"publisher\":{\"@id\":\"https:\\\/\\\/www.rassegnastampa-totustuus.it\\\/cattolica\\\/#organization\"},\"alternateName\":\"Rass. Cattolica\",\"potentialAction\":[{\"@type\":\"SearchAction\",\"target\":{\"@type\":\"EntryPoint\",\"urlTemplate\":\"https:\\\/\\\/www.rassegnastampa-totustuus.it\\\/cattolica\\\/?s={search_term_string}\"},\"query-input\":{\"@type\":\"PropertyValueSpecification\",\"valueRequired\":true,\"valueName\":\"search_term_string\"}}],\"inLanguage\":\"it-IT\"},{\"@type\":\"Organization\",\"@id\":\"https:\\\/\\\/www.rassegnastampa-totustuus.it\\\/cattolica\\\/#organization\",\"name\":\"Rassegna Stampa Cattolica\",\"url\":\"https:\\\/\\\/www.rassegnastampa-totustuus.it\\\/cattolica\\\/\",\"logo\":{\"@type\":\"ImageObject\",\"inLanguage\":\"it-IT\",\"@id\":\"https:\\\/\\\/www.rassegnastampa-totustuus.it\\\/cattolica\\\/#\\\/schema\\\/logo\\\/image\\\/\",\"url\":\"https:\\\/\\\/www.rassegnastampa-totustuus.it\\\/cattolica\\\/wp-content\\\/uploads\\\/2014\\\/04\\\/logo-rassegna1.gif\",\"contentUrl\":\"https:\\\/\\\/www.rassegnastampa-totustuus.it\\\/cattolica\\\/wp-content\\\/uploads\\\/2014\\\/04\\\/logo-rassegna1.gif\",\"width\":600,\"height\":163,\"caption\":\"Rassegna Stampa Cattolica\"},\"image\":{\"@id\":\"https:\\\/\\\/www.rassegnastampa-totustuus.it\\\/cattolica\\\/#\\\/schema\\\/logo\\\/image\\\/\"},\"sameAs\":[\"https:\\\/\\\/www.facebook.com\\\/rassegnastampacattolica\",\"https:\\\/\\\/x.com\\\/rassegnastampa9\"]},{\"@type\":\"Person\",\"@id\":\"https:\\\/\\\/www.rassegnastampa-totustuus.it\\\/cattolica\\\/#\\\/schema\\\/person\\\/08f319d2bd1a0904ad9e2bfb7b15e5c3\",\"name\":\"Redazione\",\"image\":{\"@type\":\"ImageObject\",\"inLanguage\":\"it-IT\",\"@id\":\"https:\\\/\\\/secure.gravatar.com\\\/avatar\\\/2fcdf27c78ea025fbdb44e914cc63c72249ffec9dc8aafd5c82b26240ef3f346?s=96&d=mm&r=g\",\"url\":\"https:\\\/\\\/secure.gravatar.com\\\/avatar\\\/2fcdf27c78ea025fbdb44e914cc63c72249ffec9dc8aafd5c82b26240ef3f346?s=96&d=mm&r=g\",\"contentUrl\":\"https:\\\/\\\/secure.gravatar.com\\\/avatar\\\/2fcdf27c78ea025fbdb44e914cc63c72249ffec9dc8aafd5c82b26240ef3f346?s=96&d=mm&r=g\",\"caption\":\"Redazione\"},\"url\":\"https:\\\/\\\/www.rassegnastampa-totustuus.it\\\/cattolica\\\/author\\\/pietroelle\\\/\"}]}<\/script>\n<!-- \/ Yoast SEO plugin. -->","yoast_head_json":{"title":"Fake news non solo sulla rete ma anche tra i colti - Rassegna Stampa Cattolica","description":"Fake news non solo sulla rete ma anche tra i colti; una serie di trasmissioni per smascherare i falsi della storia","robots":{"index":"index","follow":"follow","max-snippet":"max-snippet:-1","max-image-preview":"max-image-preview:large","max-video-preview":"max-video-preview:-1"},"canonical":"https:\/\/www.rassegnastampa-totustuus.it\/cattolica\/fake-news-non-solo-sulla-rete-ma-anche-tra-i-colti\/","og_locale":"it_IT","og_type":"article","og_title":"Fake news non solo sulla rete ma anche tra i colti - Rassegna Stampa Cattolica","og_description":"Fake news non solo sulla rete ma anche tra i colti; una serie di trasmissioni per smascherare i falsi della storia","og_url":"https:\/\/www.rassegnastampa-totustuus.it\/cattolica\/fake-news-non-solo-sulla-rete-ma-anche-tra-i-colti\/","og_site_name":"Rassegna Stampa Cattolica","article_publisher":"https:\/\/www.facebook.com\/rassegnastampacattolica","article_published_time":"2022-06-15T22:00:06+00:00","article_modified_time":"2024-04-22T17:10:54+00:00","og_image":[{"width":768,"height":414,"url":"https:\/\/www.rassegnastampa-totustuus.it\/cattolica\/wp-content\/uploads\/2022\/06\/Francesco_Agnoli.png","type":"image\/png"}],"author":"Redazione","twitter_card":"summary_large_image","twitter_creator":"@rassegnastampa9","twitter_site":"@rassegnastampa9","twitter_misc":{"Scritto da":"Redazione","Tempo di lettura stimato":"2 minuti"},"schema":{"@context":"https:\/\/schema.org","@graph":[{"@type":"Article","@id":"https:\/\/www.rassegnastampa-totustuus.it\/cattolica\/fake-news-non-solo-sulla-rete-ma-anche-tra-i-colti\/#article","isPartOf":{"@id":"https:\/\/www.rassegnastampa-totustuus.it\/cattolica\/fake-news-non-solo-sulla-rete-ma-anche-tra-i-colti\/"},"author":{"name":"Redazione","@id":"https:\/\/www.rassegnastampa-totustuus.it\/cattolica\/#\/schema\/person\/08f319d2bd1a0904ad9e2bfb7b15e5c3"},"headline":"Fake news non solo sulla rete ma anche tra i colti","datePublished":"2022-06-15T22:00:06+00:00","dateModified":"2024-04-22T17:10:54+00:00","mainEntityOfPage":{"@id":"https:\/\/www.rassegnastampa-totustuus.it\/cattolica\/fake-news-non-solo-sulla-rete-ma-anche-tra-i-colti\/"},"wordCount":250,"publisher":{"@id":"https:\/\/www.rassegnastampa-totustuus.it\/cattolica\/#organization"},"image":{"@id":"https:\/\/www.rassegnastampa-totustuus.it\/cattolica\/fake-news-non-solo-sulla-rete-ma-anche-tra-i-colti\/#primaryimage"},"thumbnailUrl":"https:\/\/www.rassegnastampa-totustuus.it\/cattolica\/wp-content\/uploads\/2022\/06\/Francesco_Agnoli.png","keywords":["II guerra mondiale","medioevo","storia"],"articleSection":["II Guerra Mondiale","Medioevo","Storia"],"inLanguage":"it-IT"},{"@type":"WebPage","@id":"https:\/\/www.rassegnastampa-totustuus.it\/cattolica\/fake-news-non-solo-sulla-rete-ma-anche-tra-i-colti\/","url":"https:\/\/www.rassegnastampa-totustuus.it\/cattolica\/fake-news-non-solo-sulla-rete-ma-anche-tra-i-colti\/","name":"Fake news non solo sulla rete ma anche tra i colti - Rassegna Stampa Cattolica","isPartOf":{"@id":"https:\/\/www.rassegnastampa-totustuus.it\/cattolica\/#website"},"primaryImageOfPage":{"@id":"https:\/\/www.rassegnastampa-totustuus.it\/cattolica\/fake-news-non-solo-sulla-rete-ma-anche-tra-i-colti\/#primaryimage"},"image":{"@id":"https:\/\/www.rassegnastampa-totustuus.it\/cattolica\/fake-news-non-solo-sulla-rete-ma-anche-tra-i-colti\/#primaryimage"},"thumbnailUrl":"https:\/\/www.rassegnastampa-totustuus.it\/cattolica\/wp-content\/uploads\/2022\/06\/Francesco_Agnoli.png","datePublished":"2022-06-15T22:00:06+00:00","dateModified":"2024-04-22T17:10:54+00:00","description":"Fake news non solo sulla rete ma anche tra i colti; una serie di trasmissioni per smascherare i falsi della storia","breadcrumb":{"@id":"https:\/\/www.rassegnastampa-totustuus.it\/cattolica\/fake-news-non-solo-sulla-rete-ma-anche-tra-i-colti\/#breadcrumb"},"inLanguage":"it-IT","potentialAction":[{"@type":"ReadAction","target":["https:\/\/www.rassegnastampa-totustuus.it\/cattolica\/fake-news-non-solo-sulla-rete-ma-anche-tra-i-colti\/"]}]},{"@type":"ImageObject","inLanguage":"it-IT","@id":"https:\/\/www.rassegnastampa-totustuus.it\/cattolica\/fake-news-non-solo-sulla-rete-ma-anche-tra-i-colti\/#primaryimage","url":"https:\/\/www.rassegnastampa-totustuus.it\/cattolica\/wp-content\/uploads\/2022\/06\/Francesco_Agnoli.png","contentUrl":"https:\/\/www.rassegnastampa-totustuus.it\/cattolica\/wp-content\/uploads\/2022\/06\/Francesco_Agnoli.png","width":768,"height":414},{"@type":"BreadcrumbList","@id":"https:\/\/www.rassegnastampa-totustuus.it\/cattolica\/fake-news-non-solo-sulla-rete-ma-anche-tra-i-colti\/#breadcrumb","itemListElement":[{"@type":"ListItem","position":1,"name":"Home","item":"https:\/\/www.rassegnastampa-totustuus.it\/cattolica\/"},{"@type":"ListItem","position":2,"name":"Fake news non solo sulla rete ma anche tra i colti"}]},{"@type":"WebSite","@id":"https:\/\/www.rassegnastampa-totustuus.it\/cattolica\/#website","url":"https:\/\/www.rassegnastampa-totustuus.it\/cattolica\/","name":"Rassegna Stampa Cattolica","description":"Per una cultura che nasce dalla Rivelazione cristiana in conformit\u00e0 alla tradizione e al Magistero della Chiesa in opposizione ad ogni relativismo e totalitarismo","publisher":{"@id":"https:\/\/www.rassegnastampa-totustuus.it\/cattolica\/#organization"},"alternateName":"Rass. Cattolica","potentialAction":[{"@type":"SearchAction","target":{"@type":"EntryPoint","urlTemplate":"https:\/\/www.rassegnastampa-totustuus.it\/cattolica\/?s={search_term_string}"},"query-input":{"@type":"PropertyValueSpecification","valueRequired":true,"valueName":"search_term_string"}}],"inLanguage":"it-IT"},{"@type":"Organization","@id":"https:\/\/www.rassegnastampa-totustuus.it\/cattolica\/#organization","name":"Rassegna Stampa Cattolica","url":"https:\/\/www.rassegnastampa-totustuus.it\/cattolica\/","logo":{"@type":"ImageObject","inLanguage":"it-IT","@id":"https:\/\/www.rassegnastampa-totustuus.it\/cattolica\/#\/schema\/logo\/image\/","url":"https:\/\/www.rassegnastampa-totustuus.it\/cattolica\/wp-content\/uploads\/2014\/04\/logo-rassegna1.gif","contentUrl":"https:\/\/www.rassegnastampa-totustuus.it\/cattolica\/wp-content\/uploads\/2014\/04\/logo-rassegna1.gif","width":600,"height":163,"caption":"Rassegna Stampa Cattolica"},"image":{"@id":"https:\/\/www.rassegnastampa-totustuus.it\/cattolica\/#\/schema\/logo\/image\/"},"sameAs":["https:\/\/www.facebook.com\/rassegnastampacattolica","https:\/\/x.com\/rassegnastampa9"]},{"@type":"Person","@id":"https:\/\/www.rassegnastampa-totustuus.it\/cattolica\/#\/schema\/person\/08f319d2bd1a0904ad9e2bfb7b15e5c3","name":"Redazione","image":{"@type":"ImageObject","inLanguage":"it-IT","@id":"https:\/\/secure.gravatar.com\/avatar\/2fcdf27c78ea025fbdb44e914cc63c72249ffec9dc8aafd5c82b26240ef3f346?s=96&d=mm&r=g","url":"https:\/\/secure.gravatar.com\/avatar\/2fcdf27c78ea025fbdb44e914cc63c72249ffec9dc8aafd5c82b26240ef3f346?s=96&d=mm&r=g","contentUrl":"https:\/\/secure.gravatar.com\/avatar\/2fcdf27c78ea025fbdb44e914cc63c72249ffec9dc8aafd5c82b26240ef3f346?s=96&d=mm&r=g","caption":"Redazione"},"url":"https:\/\/www.rassegnastampa-totustuus.it\/cattolica\/author\/pietroelle\/"}]}},"_links":{"self":[{"href":"https:\/\/www.rassegnastampa-totustuus.it\/cattolica\/wp-json\/wp\/v2\/posts\/54284","targetHints":{"allow":["GET"]}}],"collection":[{"href":"https:\/\/www.rassegnastampa-totustuus.it\/cattolica\/wp-json\/wp\/v2\/posts"}],"about":[{"href":"https:\/\/www.rassegnastampa-totustuus.it\/cattolica\/wp-json\/wp\/v2\/types\/post"}],"author":[{"embeddable":true,"href":"https:\/\/www.rassegnastampa-totustuus.it\/cattolica\/wp-json\/wp\/v2\/users\/6"}],"replies":[{"embeddable":true,"href":"https:\/\/www.rassegnastampa-totustuus.it\/cattolica\/wp-json\/wp\/v2\/comments?post=54284"}],"version-history":[{"count":7,"href":"https:\/\/www.rassegnastampa-totustuus.it\/cattolica\/wp-json\/wp\/v2\/posts\/54284\/revisions"}],"predecessor-version":[{"id":60110,"href":"https:\/\/www.rassegnastampa-totustuus.it\/cattolica\/wp-json\/wp\/v2\/posts\/54284\/revisions\/60110"}],"wp:featuredmedia":[{"embeddable":true,"href":"https:\/\/www.rassegnastampa-totustuus.it\/cattolica\/wp-json\/wp\/v2\/media\/54285"}],"wp:attachment":[{"href":"https:\/\/www.rassegnastampa-totustuus.it\/cattolica\/wp-json\/wp\/v2\/media?parent=54284"}],"wp:term":[{"taxonomy":"category","embeddable":true,"href":"https:\/\/www.rassegnastampa-totustuus.it\/cattolica\/wp-json\/wp\/v2\/categories?post=54284"},{"taxonomy":"post_tag","embeddable":true,"href":"https:\/\/www.rassegnastampa-totustuus.it\/cattolica\/wp-json\/wp\/v2\/tags?post=54284"}],"curies":[{"name":"wp","href":"https:\/\/api.w.org\/{rel}","templated":true}]}}