{"id":54278,"date":"2022-06-16T00:00:53","date_gmt":"2022-06-15T22:00:53","guid":{"rendered":"http:\/\/www.rassegnastampa-totustuus.it\/cattolica\/?p=54278"},"modified":"2024-04-19T19:40:39","modified_gmt":"2024-04-19T17:40:39","slug":"a-proposito-di-merletti-nella-liturgia-cosa-diceva-dio-ai-sacerdoti-del-tempio","status":"publish","type":"post","link":"https:\/\/www.rassegnastampa-totustuus.it\/cattolica\/a-proposito-di-merletti-nella-liturgia-cosa-diceva-dio-ai-sacerdoti-del-tempio\/","title":{"rendered":"A proposito di merletti nella liturgia"},"content":{"rendered":"<p style=\"text-align: justify;\"><span style=\"color: #000000;\"><strong><img loading=\"lazy\" decoding=\"async\" class=\" wp-image-54279 alignleft\" src=\"https:\/\/www.rassegnastampa-totustuus.it\/cattolica\/wp-content\/uploads\/2022\/06\/chiesa_paramenti_liturgia.jpg\" alt=\"\" width=\"304\" height=\"213\" \/>Abstract: <\/strong><em>a proposito di merletti nella liturgia dopo il discorso di che papa Francesco ha fatto recentemente al clero siciliano. Un discorso dove ha stigmatizzato un certo attaccamento alla forma nella celebrazione eucaristica<\/em><\/span><\/p>\n<p><!--more--><\/p>\n<p style=\"text-align: center;\"><span style=\"color: #000000;\"><span style=\"color: #0000ff;\"><strong><a style=\"color: #0000ff;\" href=\"https:\/\/itresentieri.it\/\" target=\"_blank\" rel=\"noopener\">Il Cammino dei Tre Sentieri<\/a> <\/strong><\/span>5 Settembre 2020<\/span><\/p>\n<h3 style=\"text-align: center;\"><span style=\"color: #000000;\">A proposito di merletti nella liturgia, <\/span><\/h3>\n<h3 style=\"text-align: center;\"><span style=\"color: #000000;\">cosa diceva Dio ai sacerdoti del Tempio?<\/span><\/h3>\n<p style=\"text-align: center;\"><span style=\"color: #000000;\">di <strong>Corrado Gnerre <\/strong><\/span><\/p>\n<p style=\"text-align: justify;\"><span style=\"color: #000000;\">Sta avendo molta eco il discorso che papa Francesco ha fatto recentemente al clero siciliano. Un discorso dove ha stigmatizzato un certo attaccamento alla forma nella celebrazione eucaristica. Il Papa ha parlato esplicitamente di \u201cmerletti della nonna\u201d.<\/span><\/p>\n<p style=\"text-align: justify;\"><span style=\"color: #000000;\"> Ovviamente mi preme fare una premessa che potrei anche non fare, perch\u00e9 si tratta solo di una premessa di buon senso, ma in questi tempi \u00e8 sempre bene precisare -anche <em>usque ad nauseam-<\/em> per non essere equivocato.<\/span><\/p>\n<p style=\"text-align: justify;\"><span style=\"color: #000000;\"> <img loading=\"lazy\" decoding=\"async\" class=\" wp-image-54280 alignright\" src=\"https:\/\/www.rassegnastampa-totustuus.it\/cattolica\/wp-content\/uploads\/2022\/06\/chiesa_paramenti_liturgia-1.jpg\" alt=\"\" width=\"295\" height=\"295\" srcset=\"https:\/\/www.rassegnastampa-totustuus.it\/cattolica\/wp-content\/uploads\/2022\/06\/chiesa_paramenti_liturgia-1.jpg 200w, https:\/\/www.rassegnastampa-totustuus.it\/cattolica\/wp-content\/uploads\/2022\/06\/chiesa_paramenti_liturgia-1-150x150.jpg 150w\" sizes=\"auto, (max-width: 295px) 100vw, 295px\" \/>La premessa riguarda il giusto rapporto che deve esserci tra <em>forma<\/em> e <em>sostanza<\/em>. E\u2019 evidente che la <em>forma<\/em>, svolgendo una funzione espressiva (cio\u00e8 <em>significativa<\/em>) della <em>sostanza<\/em>, non pu\u00f2 n\u00e9 fagocitare n\u00e9 tantomeno sostituire la <em>sostanza<\/em> stessa. Altrimenti si cadrebbe in quel che viene definito \u201cformalismo\u201d, che \u00e8 una palese ipocrisia.<\/span><\/p>\n<p style=\"text-align: justify;\"><span style=\"color: #000000;\">Ma se \u00e8 vero questo, \u00e8 pur vero che non si pu\u00f2 concepire la <em>sostanza<\/em>\u00a0senza la <em>forma, <\/em>perch\u00e9 questa\u00a0\u00e8 indispensabile per la comprensione dell\u2019uomo. Di esempi se ne potrebbero fare tanti. Basterebbe pensare a Ges\u00f9 che per i sacramenti ha voluto che ci fosse una <em>materia<\/em> per significare una realt\u00e0 (la grazia) di per s\u00e9 non visibile. Nel Battesimo ordinario non \u00e8 certamente l\u2019acqua ci\u00f2 che toglie il peccato, ma senza l\u2019acqua non \u00e8 possibile significare la realt\u00e0 invisibile della grazia. Ogni sacramento \u00e8 infatti <em>segno efficace della grazia.<\/em><\/span><\/p>\n<p style=\"text-align: justify;\"><span style=\"color: #000000;\"> Ma non solo questo. Va anche detto che la <em>forma<\/em> deve essere sempre proporzionata alla <em>sostanza<\/em> a cui \u00e8 legata. Come pu\u00f2 esserci un problema di <em>eccesso<\/em>, pu\u00f2 esserci anche un problema di <em>difetto<\/em>. Pi\u00f9 la <em>sostanza<\/em> \u00e8 alta e pi\u00f9 la <em>forma<\/em> deve essere altrettanto alta.<\/span><\/p>\n<p style=\"text-align: justify;\"><span style=\"color: #000000;\"><img loading=\"lazy\" decoding=\"async\" class=\" wp-image-54281 alignleft\" src=\"https:\/\/www.rassegnastampa-totustuus.it\/cattolica\/wp-content\/uploads\/2022\/06\/chiesa_paramenti_liturgia-2.jpg\" alt=\"\" width=\"162\" height=\"234\" \/>Veniamo adesso alla questione della celebrazione della Messa. Certamente queste cose non le dico al Papa (sarebbe ridicolo), mi permetto solo di ricordarlo a chi legge il C3S. La Messa \u00e8 il pi\u00f9 grande atto di culto che possa esserci, perch\u00e9 in essa ad offrirsi a Dio \u00e8 Dio stesso nella persona del Figlio. Ogni Messa \u00e8 la riattualizzazione vera, anche se incruenta, del Sacrificio del Calvario. Dunque, ogni Messa ha un valore infinito ed in un certo qual modo \u00e8 il centro della realt\u00e0 (l\u2019universo intero) e della Storia, perch\u00e9 la Redenzione, operata da Cristo sul Calvario, ha salvato l\u2019universo intero e tutta la Storia.<\/span><\/p>\n<p style=\"text-align: justify;\"><span style=\"color: #000000;\"> Banalizzare, credere che questo mistero umanamente inimmaginabile possa essere significato anche con un <em>minimalismo<\/em> ed un <em>essenzialismo pauperistico<\/em> sarebbe contro la sostanza della Messa in s\u00e9. Sarebbe sproporzionato.<\/span><\/p>\n<p style=\"text-align: justify;\"><span style=\"color: #000000;\"><img loading=\"lazy\" decoding=\"async\" class=\"size-medium wp-image-44215 alignright\" src=\"https:\/\/www.rassegnastampa-totustuus.it\/cattolica\/wp-content\/uploads\/2019\/09\/messa_consacrazione_chiesa-300x226.jpg\" alt=\"\" width=\"300\" height=\"226\" srcset=\"https:\/\/www.rassegnastampa-totustuus.it\/cattolica\/wp-content\/uploads\/2019\/09\/messa_consacrazione_chiesa-300x226.jpg 300w, https:\/\/www.rassegnastampa-totustuus.it\/cattolica\/wp-content\/uploads\/2019\/09\/messa_consacrazione_chiesa.jpg 400w\" sizes=\"auto, (max-width: 300px) 100vw, 300px\" \/>Certamente la <em>forma<\/em> non pu\u00f2 essere una <em>conditio sine qua non<\/em>, per cui se non c\u2019\u00e8 una forma massimamente degna non si possa e non si debba celebrare la Messa. Possono esserci tante situazioni in cui la Messa vada celebrata indipendentemente dalla forma, sempre per\u00f2 utilizzando un rituale e un canone autenticamente -e non ambiguamente- cattolici. Ma ci\u00f2 \u00e8 ben altra cosa dal far capire che nella Messa debba necessariamente esserci una forma <em>minimalista<\/em>\u00a0e <em>pauperista<\/em>.<\/span><\/p>\n<p style=\"text-align: justify;\"><span style=\"color: #000000;\">Dovremmo piuttosto tener presente che nessuna eleganza formale pu\u00f2 essere adeguatamente rispondente all\u2019altezza incommensurabile del Mistero di ogni Messa. Quindi c\u2019\u00e8 sempre un<em> difetto<\/em>, mai un <em>eccesso<\/em>.<\/span><\/p>\n<p style=\"text-align: justify;\"><span style=\"color: #000000;\"> <img loading=\"lazy\" decoding=\"async\" class=\" wp-image-48283 alignleft\" src=\"https:\/\/www.rassegnastampa-totustuus.it\/cattolica\/wp-content\/uploads\/2020\/09\/chiesa_abusi_liturgici.jpg\" alt=\"\" width=\"317\" height=\"178\" \/>Si badi che gli stessi apostoli dell\u2019autentica <em>povert\u00e0<\/em> (che non \u00e8 il <em>pauperismo<\/em>) hanno parlato e agito con chiarezza. San Francesco, che pretendeva la massima povert\u00e0 per i suoi frati, desiderava che per la liturgia vi fosse anche sfarzo. Lessi tempo fa che arrivava perfino dire che le chiese dovevano essere broccate di oro e di argento, e che voleva che i paramenti dei sacerdoti fossero rifiniti anche con l\u2019oro. Si pensi a quelli che al tempo cucivano le clarisse. Insomma, la povert\u00e0 per l\u2019uomo, ma non per Dio.<\/span><\/p>\n<p style=\"text-align: justify;\"><span style=\"color: #000000;\">San Francesco, sempre lui, si addolorava quando vedeva una chiesa trasandata e sporca. Si racconta che quando capitava in qualche chiesa trasandata, si facesse dare una scopa per ramazzarla di persona.<\/span><\/p>\n<p style=\"text-align: justify;\"><span style=\"color: #000000;\"><img loading=\"lazy\" decoding=\"async\" class=\" wp-image-29973 alignright\" src=\"https:\/\/www.rassegnastampa-totustuus.it\/cattolica\/wp-content\/uploads\/2009\/03\/liturgia_abusi.jpg\" alt=\"\" width=\"298\" height=\"198\" \/> Queste cose erano gi\u00e0 presenti nell\u2019Antico Testamento dove si esigeva una cura precisa della forma per il sacrificio celebrato al Tempio. Riporto ci\u00f2 che scrive il cardinale Giovanni Bona in <em>Mistero d\u2019Amore<\/em>.\u00a0<em>Meditazione sul cult eucaristico:\u201cDio, nell\u2019Antico Testamento, minacciava di morte il sommo sacerdote che avesse osato entrare nel \u2018Sancta Sanctorum\u2019 (\u2026), senza indossare i paramenti sacri, ornati di pietre preziose e di oro rifulgente, e senza il rivestimeno delle virt\u00f9. E, allora, a quale pena non andr\u00e0 incontro il sacerdote della Nuova Alleanza che si avvicini a ci\u00f2 che non \u00e8 un\u2019arca simbolica, ma Dio stesso, per immolare, toccare e mangiare Ges\u00f9, Figlio suo e Signore nostro, se non lo fa con la venerazione e l\u2019attenzione che merita un tale convito?\u201d\u00a0<\/em><\/span><\/p>\n<p style=\"text-align: justify;\"><span style=\"color: #000000;\"> Dunque, offrire la bellezza a Dio \u00e8 un dovere. Perch\u00e9? Perch\u00e9 Dio \u00e8 Bellezza. E\u2019 logica, nient\u2019altro che logica.<\/span><\/p>\n<p style=\"text-align: justify;\"><span style=\"color: #000000;\"> <img loading=\"lazy\" decoding=\"async\" class=\" wp-image-54282 alignleft\" src=\"https:\/\/www.rassegnastampa-totustuus.it\/cattolica\/wp-content\/uploads\/2022\/06\/chiesa_processione_corpus_domini.jpg\" alt=\"\" width=\"305\" height=\"203\" \/>Ma \u00e8 un dovere che \u00e8 anche un proficuo apostolato. Mi viene in mente la conversione di san Nicol\u00f2 Stenone (1638-1686), scienziato ed ex-protestante danese. A Livorno, lo commosse la processione del Corpus Domini, dove al vedere portare in processione con tanta solennit\u00e0 l\u2019Ostia santa, pens\u00f2:<em> \u201cO quell\u2019Ostia \u00e8 un semplice pezzo di pane, e pazzi sono coloro che le fanno tanti ossequi; o qui c\u2019\u00e8 davvero il Corpo di Cristo, e allora perch\u00e9 non l\u2019onoro anch\u2019io?\u2019\u201d<\/em> Cosa sarebbe accaduto se san Nicol\u00f2 Stenone fosse vissuto oggi e avesse visto come -oggi- si \u201conora\u201d l\u2019Eucaristia?<\/span><\/p>\n<p style=\"text-align: justify;\"><span style=\"color: #000000;\"><img loading=\"lazy\" decoding=\"async\" class=\" wp-image-26026 alignright\" src=\"https:\/\/www.rassegnastampa-totustuus.it\/cattolica\/wp-content\/uploads\/2013\/10\/abusi-liturgici.jpg\" alt=\"\" width=\"287\" height=\"214\" \/>Concludendo, rammarica dover constatare quanto nella Chiesa attuale sia sempre pi\u00f9 evidente la mancanza di <em>senso storico<\/em>. Chesterton giustamente dice che per andare troppo di fretta, si finisce sempre con l\u2019arrivare in ritardo. E\u2019 proprio cos\u00ec. La Chiesa negli ultimi tempi si \u00e8 fatta prendere dalla paranoia d\u2019inseguire la Storia, di storicizzare tutto, di diventare una sorta di cortigiana del Tempo e del Mondo\u2026 e poi? E poi paradossalmente mostra di aver perso il pi\u00f9 elementare <em>realismo storico<\/em>. Oggi come oggi, il problema sono davvero le liturgie con merletti, incenso e silenzi, oppure le tante banalizzazioni, profanazioni e ridicolaggini, a causa delle quali nessuno pi\u00f9 sa cosa sia davvero la Messa? <\/span><\/p>\n<p style=\"text-align: justify;\"><span style=\"color: #000000;\"><img loading=\"lazy\" decoding=\"async\" class=\"size-full wp-image-8715 alignleft\" src=\"https:\/\/www.rassegnastampa-totustuus.it\/cattolica\/wp-content\/uploads\/2014\/07\/Ignazio-Loyola.jpg\" alt=\"\" width=\"205\" height=\"246\" \/>Sant\u2019Ignazio di Loyola, fondatore dei Gesuiti, nel <em>discernimento degli spiriti<\/em> all\u2019interno dei suoi <em>Esercizi<\/em>, dice che per resistere contro le tentazioni del demonio bisogna prima di tutto rafforzare i propri punti deboli e su questi passare al contrattacco, cio\u00e8 <em>agere contra<\/em>. Esempio: se con l\u2019auto devo affrontare una ripidissima discesa, sono costretto a lavorare con il pedale del freno. Sarei come minimo imprudente se invece di frenare, accelerassi.<\/span><\/p>\n<p style=\"text-align: justify;\"><span style=\"color: #000000;\">Mi fermo qui. Penso abbiate capito.<\/span><\/p>\n<p style=\"text-align: center;\"><span style=\"color: #000000;\"><em><strong>Dio \u00e8 Verit\u00e0, Bont\u00e0 e Bellezza <\/strong><\/em><\/span><\/p>\n<p style=\"text-align: center;\"><span style=\"color: #000000;\"><em><strong>Il Cammino dei Tre Sentieri<\/strong><\/em><\/span><\/p>\n","protected":false},"excerpt":{"rendered":"<p>Abstract: a proposito di merletti nella liturgia dopo il discorso di che papa Francesco ha fatto recentemente al clero siciliano. Un discorso dove ha stigmatizzato un certo attaccamento alla forma nella celebrazione eucaristica<\/p><p><a class=\"more-link btn\" href=\"https:\/\/www.rassegnastampa-totustuus.it\/cattolica\/a-proposito-di-merletti-nella-liturgia-cosa-diceva-dio-ai-sacerdoti-del-tempio\/\">Continua a leggere<\/a><\/p>\n","protected":false},"author":6,"featured_media":53463,"comment_status":"closed","ping_status":"closed","sticky":false,"template":"","format":"standard","meta":{"footnotes":""},"categories":[5,115],"tags":[157,328],"class_list":["post-54278","post","type-post","status-publish","format-standard","has-post-thumbnail","hentry","category-chiesa","category-liturgia","tag-chiesa-2","tag-liturgia-2","item-wrap"],"yoast_head":"<!-- This site is optimized with the Yoast SEO plugin v27.5 - https:\/\/yoast.com\/product\/yoast-seo-wordpress\/ -->\n<title>A proposito di merletti nella liturgia - Rassegna Stampa Cattolica<\/title>\n<meta name=\"description\" content=\"A proposito di merletti nella liturgia dopo che papa Francesco ha stigmatizzato un certo attaccamento alla forma\" \/>\n<meta name=\"robots\" content=\"index, follow, max-snippet:-1, max-image-preview:large, max-video-preview:-1\" \/>\n<link rel=\"canonical\" href=\"https:\/\/www.rassegnastampa-totustuus.it\/cattolica\/a-proposito-di-merletti-nella-liturgia-cosa-diceva-dio-ai-sacerdoti-del-tempio\/\" \/>\n<meta property=\"og:locale\" content=\"it_IT\" \/>\n<meta property=\"og:type\" content=\"article\" \/>\n<meta property=\"og:title\" content=\"A proposito di merletti nella liturgia - Rassegna Stampa Cattolica\" \/>\n<meta property=\"og:description\" content=\"A proposito di merletti nella liturgia dopo che papa Francesco ha stigmatizzato un certo attaccamento alla forma\" \/>\n<meta property=\"og:url\" content=\"https:\/\/www.rassegnastampa-totustuus.it\/cattolica\/a-proposito-di-merletti-nella-liturgia-cosa-diceva-dio-ai-sacerdoti-del-tempio\/\" \/>\n<meta property=\"og:site_name\" content=\"Rassegna Stampa Cattolica\" \/>\n<meta property=\"article:publisher\" content=\"https:\/\/www.facebook.com\/rassegnastampacattolica\" \/>\n<meta property=\"article:published_time\" content=\"2022-06-15T22:00:53+00:00\" \/>\n<meta property=\"article:modified_time\" content=\"2024-04-19T17:40:39+00:00\" \/>\n<meta property=\"og:image\" content=\"https:\/\/www.rassegnastampa-totustuus.it\/cattolica\/wp-content\/uploads\/2022\/02\/Chiesa_progressismo.png\" \/>\n\t<meta property=\"og:image:width\" content=\"1366\" \/>\n\t<meta property=\"og:image:height\" content=\"768\" \/>\n\t<meta property=\"og:image:type\" content=\"image\/png\" \/>\n<meta name=\"author\" content=\"Redazione\" \/>\n<meta name=\"twitter:card\" content=\"summary_large_image\" \/>\n<meta name=\"twitter:creator\" content=\"@rassegnastampa9\" \/>\n<meta name=\"twitter:site\" content=\"@rassegnastampa9\" \/>\n<meta name=\"twitter:label1\" content=\"Scritto da\" \/>\n\t<meta name=\"twitter:data1\" content=\"Redazione\" \/>\n\t<meta name=\"twitter:label2\" content=\"Tempo di lettura stimato\" \/>\n\t<meta name=\"twitter:data2\" content=\"8 minuti\" \/>\n<script type=\"application\/ld+json\" class=\"yoast-schema-graph\">{\"@context\":\"https:\\\/\\\/schema.org\",\"@graph\":[{\"@type\":\"Article\",\"@id\":\"https:\\\/\\\/www.rassegnastampa-totustuus.it\\\/cattolica\\\/a-proposito-di-merletti-nella-liturgia-cosa-diceva-dio-ai-sacerdoti-del-tempio\\\/#article\",\"isPartOf\":{\"@id\":\"https:\\\/\\\/www.rassegnastampa-totustuus.it\\\/cattolica\\\/a-proposito-di-merletti-nella-liturgia-cosa-diceva-dio-ai-sacerdoti-del-tempio\\\/\"},\"author\":{\"name\":\"Redazione\",\"@id\":\"https:\\\/\\\/www.rassegnastampa-totustuus.it\\\/cattolica\\\/#\\\/schema\\\/person\\\/08f319d2bd1a0904ad9e2bfb7b15e5c3\"},\"headline\":\"A proposito di merletti nella liturgia\",\"datePublished\":\"2022-06-15T22:00:53+00:00\",\"dateModified\":\"2024-04-19T17:40:39+00:00\",\"mainEntityOfPage\":{\"@id\":\"https:\\\/\\\/www.rassegnastampa-totustuus.it\\\/cattolica\\\/a-proposito-di-merletti-nella-liturgia-cosa-diceva-dio-ai-sacerdoti-del-tempio\\\/\"},\"wordCount\":1114,\"publisher\":{\"@id\":\"https:\\\/\\\/www.rassegnastampa-totustuus.it\\\/cattolica\\\/#organization\"},\"image\":{\"@id\":\"https:\\\/\\\/www.rassegnastampa-totustuus.it\\\/cattolica\\\/a-proposito-di-merletti-nella-liturgia-cosa-diceva-dio-ai-sacerdoti-del-tempio\\\/#primaryimage\"},\"thumbnailUrl\":\"https:\\\/\\\/www.rassegnastampa-totustuus.it\\\/cattolica\\\/wp-content\\\/uploads\\\/2022\\\/02\\\/Chiesa_progressismo.png\",\"keywords\":[\"chiesa\",\"liturgia\"],\"articleSection\":[\"Chiesa\",\"Liturgia\"],\"inLanguage\":\"it-IT\"},{\"@type\":\"WebPage\",\"@id\":\"https:\\\/\\\/www.rassegnastampa-totustuus.it\\\/cattolica\\\/a-proposito-di-merletti-nella-liturgia-cosa-diceva-dio-ai-sacerdoti-del-tempio\\\/\",\"url\":\"https:\\\/\\\/www.rassegnastampa-totustuus.it\\\/cattolica\\\/a-proposito-di-merletti-nella-liturgia-cosa-diceva-dio-ai-sacerdoti-del-tempio\\\/\",\"name\":\"A proposito di merletti nella liturgia - Rassegna Stampa Cattolica\",\"isPartOf\":{\"@id\":\"https:\\\/\\\/www.rassegnastampa-totustuus.it\\\/cattolica\\\/#website\"},\"primaryImageOfPage\":{\"@id\":\"https:\\\/\\\/www.rassegnastampa-totustuus.it\\\/cattolica\\\/a-proposito-di-merletti-nella-liturgia-cosa-diceva-dio-ai-sacerdoti-del-tempio\\\/#primaryimage\"},\"image\":{\"@id\":\"https:\\\/\\\/www.rassegnastampa-totustuus.it\\\/cattolica\\\/a-proposito-di-merletti-nella-liturgia-cosa-diceva-dio-ai-sacerdoti-del-tempio\\\/#primaryimage\"},\"thumbnailUrl\":\"https:\\\/\\\/www.rassegnastampa-totustuus.it\\\/cattolica\\\/wp-content\\\/uploads\\\/2022\\\/02\\\/Chiesa_progressismo.png\",\"datePublished\":\"2022-06-15T22:00:53+00:00\",\"dateModified\":\"2024-04-19T17:40:39+00:00\",\"description\":\"A proposito di merletti nella liturgia dopo che papa Francesco ha stigmatizzato un certo attaccamento alla forma\",\"breadcrumb\":{\"@id\":\"https:\\\/\\\/www.rassegnastampa-totustuus.it\\\/cattolica\\\/a-proposito-di-merletti-nella-liturgia-cosa-diceva-dio-ai-sacerdoti-del-tempio\\\/#breadcrumb\"},\"inLanguage\":\"it-IT\",\"potentialAction\":[{\"@type\":\"ReadAction\",\"target\":[\"https:\\\/\\\/www.rassegnastampa-totustuus.it\\\/cattolica\\\/a-proposito-di-merletti-nella-liturgia-cosa-diceva-dio-ai-sacerdoti-del-tempio\\\/\"]}]},{\"@type\":\"ImageObject\",\"inLanguage\":\"it-IT\",\"@id\":\"https:\\\/\\\/www.rassegnastampa-totustuus.it\\\/cattolica\\\/a-proposito-di-merletti-nella-liturgia-cosa-diceva-dio-ai-sacerdoti-del-tempio\\\/#primaryimage\",\"url\":\"https:\\\/\\\/www.rassegnastampa-totustuus.it\\\/cattolica\\\/wp-content\\\/uploads\\\/2022\\\/02\\\/Chiesa_progressismo.png\",\"contentUrl\":\"https:\\\/\\\/www.rassegnastampa-totustuus.it\\\/cattolica\\\/wp-content\\\/uploads\\\/2022\\\/02\\\/Chiesa_progressismo.png\",\"width\":1366,\"height\":768},{\"@type\":\"BreadcrumbList\",\"@id\":\"https:\\\/\\\/www.rassegnastampa-totustuus.it\\\/cattolica\\\/a-proposito-di-merletti-nella-liturgia-cosa-diceva-dio-ai-sacerdoti-del-tempio\\\/#breadcrumb\",\"itemListElement\":[{\"@type\":\"ListItem\",\"position\":1,\"name\":\"Home\",\"item\":\"https:\\\/\\\/www.rassegnastampa-totustuus.it\\\/cattolica\\\/\"},{\"@type\":\"ListItem\",\"position\":2,\"name\":\"A proposito di merletti nella liturgia\"}]},{\"@type\":\"WebSite\",\"@id\":\"https:\\\/\\\/www.rassegnastampa-totustuus.it\\\/cattolica\\\/#website\",\"url\":\"https:\\\/\\\/www.rassegnastampa-totustuus.it\\\/cattolica\\\/\",\"name\":\"Rassegna Stampa Cattolica\",\"description\":\"Per una cultura che nasce dalla Rivelazione cristiana in conformit\u00e0 alla tradizione e al Magistero della Chiesa in opposizione ad ogni relativismo e totalitarismo\",\"publisher\":{\"@id\":\"https:\\\/\\\/www.rassegnastampa-totustuus.it\\\/cattolica\\\/#organization\"},\"alternateName\":\"Rass. Cattolica\",\"potentialAction\":[{\"@type\":\"SearchAction\",\"target\":{\"@type\":\"EntryPoint\",\"urlTemplate\":\"https:\\\/\\\/www.rassegnastampa-totustuus.it\\\/cattolica\\\/?s={search_term_string}\"},\"query-input\":{\"@type\":\"PropertyValueSpecification\",\"valueRequired\":true,\"valueName\":\"search_term_string\"}}],\"inLanguage\":\"it-IT\"},{\"@type\":\"Organization\",\"@id\":\"https:\\\/\\\/www.rassegnastampa-totustuus.it\\\/cattolica\\\/#organization\",\"name\":\"Rassegna Stampa Cattolica\",\"url\":\"https:\\\/\\\/www.rassegnastampa-totustuus.it\\\/cattolica\\\/\",\"logo\":{\"@type\":\"ImageObject\",\"inLanguage\":\"it-IT\",\"@id\":\"https:\\\/\\\/www.rassegnastampa-totustuus.it\\\/cattolica\\\/#\\\/schema\\\/logo\\\/image\\\/\",\"url\":\"https:\\\/\\\/www.rassegnastampa-totustuus.it\\\/cattolica\\\/wp-content\\\/uploads\\\/2014\\\/04\\\/logo-rassegna1.gif\",\"contentUrl\":\"https:\\\/\\\/www.rassegnastampa-totustuus.it\\\/cattolica\\\/wp-content\\\/uploads\\\/2014\\\/04\\\/logo-rassegna1.gif\",\"width\":600,\"height\":163,\"caption\":\"Rassegna Stampa Cattolica\"},\"image\":{\"@id\":\"https:\\\/\\\/www.rassegnastampa-totustuus.it\\\/cattolica\\\/#\\\/schema\\\/logo\\\/image\\\/\"},\"sameAs\":[\"https:\\\/\\\/www.facebook.com\\\/rassegnastampacattolica\",\"https:\\\/\\\/x.com\\\/rassegnastampa9\"]},{\"@type\":\"Person\",\"@id\":\"https:\\\/\\\/www.rassegnastampa-totustuus.it\\\/cattolica\\\/#\\\/schema\\\/person\\\/08f319d2bd1a0904ad9e2bfb7b15e5c3\",\"name\":\"Redazione\",\"image\":{\"@type\":\"ImageObject\",\"inLanguage\":\"it-IT\",\"@id\":\"https:\\\/\\\/secure.gravatar.com\\\/avatar\\\/2fcdf27c78ea025fbdb44e914cc63c72249ffec9dc8aafd5c82b26240ef3f346?s=96&d=mm&r=g\",\"url\":\"https:\\\/\\\/secure.gravatar.com\\\/avatar\\\/2fcdf27c78ea025fbdb44e914cc63c72249ffec9dc8aafd5c82b26240ef3f346?s=96&d=mm&r=g\",\"contentUrl\":\"https:\\\/\\\/secure.gravatar.com\\\/avatar\\\/2fcdf27c78ea025fbdb44e914cc63c72249ffec9dc8aafd5c82b26240ef3f346?s=96&d=mm&r=g\",\"caption\":\"Redazione\"},\"url\":\"https:\\\/\\\/www.rassegnastampa-totustuus.it\\\/cattolica\\\/author\\\/pietroelle\\\/\"}]}<\/script>\n<!-- \/ Yoast SEO plugin. -->","yoast_head_json":{"title":"A proposito di merletti nella liturgia - Rassegna Stampa Cattolica","description":"A proposito di merletti nella liturgia dopo che papa Francesco ha stigmatizzato un certo attaccamento alla forma","robots":{"index":"index","follow":"follow","max-snippet":"max-snippet:-1","max-image-preview":"max-image-preview:large","max-video-preview":"max-video-preview:-1"},"canonical":"https:\/\/www.rassegnastampa-totustuus.it\/cattolica\/a-proposito-di-merletti-nella-liturgia-cosa-diceva-dio-ai-sacerdoti-del-tempio\/","og_locale":"it_IT","og_type":"article","og_title":"A proposito di merletti nella liturgia - Rassegna Stampa Cattolica","og_description":"A proposito di merletti nella liturgia dopo che papa Francesco ha stigmatizzato un certo attaccamento alla forma","og_url":"https:\/\/www.rassegnastampa-totustuus.it\/cattolica\/a-proposito-di-merletti-nella-liturgia-cosa-diceva-dio-ai-sacerdoti-del-tempio\/","og_site_name":"Rassegna Stampa Cattolica","article_publisher":"https:\/\/www.facebook.com\/rassegnastampacattolica","article_published_time":"2022-06-15T22:00:53+00:00","article_modified_time":"2024-04-19T17:40:39+00:00","og_image":[{"width":1366,"height":768,"url":"https:\/\/www.rassegnastampa-totustuus.it\/cattolica\/wp-content\/uploads\/2022\/02\/Chiesa_progressismo.png","type":"image\/png"}],"author":"Redazione","twitter_card":"summary_large_image","twitter_creator":"@rassegnastampa9","twitter_site":"@rassegnastampa9","twitter_misc":{"Scritto da":"Redazione","Tempo di lettura stimato":"8 minuti"},"schema":{"@context":"https:\/\/schema.org","@graph":[{"@type":"Article","@id":"https:\/\/www.rassegnastampa-totustuus.it\/cattolica\/a-proposito-di-merletti-nella-liturgia-cosa-diceva-dio-ai-sacerdoti-del-tempio\/#article","isPartOf":{"@id":"https:\/\/www.rassegnastampa-totustuus.it\/cattolica\/a-proposito-di-merletti-nella-liturgia-cosa-diceva-dio-ai-sacerdoti-del-tempio\/"},"author":{"name":"Redazione","@id":"https:\/\/www.rassegnastampa-totustuus.it\/cattolica\/#\/schema\/person\/08f319d2bd1a0904ad9e2bfb7b15e5c3"},"headline":"A proposito di merletti nella liturgia","datePublished":"2022-06-15T22:00:53+00:00","dateModified":"2024-04-19T17:40:39+00:00","mainEntityOfPage":{"@id":"https:\/\/www.rassegnastampa-totustuus.it\/cattolica\/a-proposito-di-merletti-nella-liturgia-cosa-diceva-dio-ai-sacerdoti-del-tempio\/"},"wordCount":1114,"publisher":{"@id":"https:\/\/www.rassegnastampa-totustuus.it\/cattolica\/#organization"},"image":{"@id":"https:\/\/www.rassegnastampa-totustuus.it\/cattolica\/a-proposito-di-merletti-nella-liturgia-cosa-diceva-dio-ai-sacerdoti-del-tempio\/#primaryimage"},"thumbnailUrl":"https:\/\/www.rassegnastampa-totustuus.it\/cattolica\/wp-content\/uploads\/2022\/02\/Chiesa_progressismo.png","keywords":["chiesa","liturgia"],"articleSection":["Chiesa","Liturgia"],"inLanguage":"it-IT"},{"@type":"WebPage","@id":"https:\/\/www.rassegnastampa-totustuus.it\/cattolica\/a-proposito-di-merletti-nella-liturgia-cosa-diceva-dio-ai-sacerdoti-del-tempio\/","url":"https:\/\/www.rassegnastampa-totustuus.it\/cattolica\/a-proposito-di-merletti-nella-liturgia-cosa-diceva-dio-ai-sacerdoti-del-tempio\/","name":"A proposito di merletti nella liturgia - Rassegna Stampa Cattolica","isPartOf":{"@id":"https:\/\/www.rassegnastampa-totustuus.it\/cattolica\/#website"},"primaryImageOfPage":{"@id":"https:\/\/www.rassegnastampa-totustuus.it\/cattolica\/a-proposito-di-merletti-nella-liturgia-cosa-diceva-dio-ai-sacerdoti-del-tempio\/#primaryimage"},"image":{"@id":"https:\/\/www.rassegnastampa-totustuus.it\/cattolica\/a-proposito-di-merletti-nella-liturgia-cosa-diceva-dio-ai-sacerdoti-del-tempio\/#primaryimage"},"thumbnailUrl":"https:\/\/www.rassegnastampa-totustuus.it\/cattolica\/wp-content\/uploads\/2022\/02\/Chiesa_progressismo.png","datePublished":"2022-06-15T22:00:53+00:00","dateModified":"2024-04-19T17:40:39+00:00","description":"A proposito di merletti nella liturgia dopo che papa Francesco ha stigmatizzato un certo attaccamento alla forma","breadcrumb":{"@id":"https:\/\/www.rassegnastampa-totustuus.it\/cattolica\/a-proposito-di-merletti-nella-liturgia-cosa-diceva-dio-ai-sacerdoti-del-tempio\/#breadcrumb"},"inLanguage":"it-IT","potentialAction":[{"@type":"ReadAction","target":["https:\/\/www.rassegnastampa-totustuus.it\/cattolica\/a-proposito-di-merletti-nella-liturgia-cosa-diceva-dio-ai-sacerdoti-del-tempio\/"]}]},{"@type":"ImageObject","inLanguage":"it-IT","@id":"https:\/\/www.rassegnastampa-totustuus.it\/cattolica\/a-proposito-di-merletti-nella-liturgia-cosa-diceva-dio-ai-sacerdoti-del-tempio\/#primaryimage","url":"https:\/\/www.rassegnastampa-totustuus.it\/cattolica\/wp-content\/uploads\/2022\/02\/Chiesa_progressismo.png","contentUrl":"https:\/\/www.rassegnastampa-totustuus.it\/cattolica\/wp-content\/uploads\/2022\/02\/Chiesa_progressismo.png","width":1366,"height":768},{"@type":"BreadcrumbList","@id":"https:\/\/www.rassegnastampa-totustuus.it\/cattolica\/a-proposito-di-merletti-nella-liturgia-cosa-diceva-dio-ai-sacerdoti-del-tempio\/#breadcrumb","itemListElement":[{"@type":"ListItem","position":1,"name":"Home","item":"https:\/\/www.rassegnastampa-totustuus.it\/cattolica\/"},{"@type":"ListItem","position":2,"name":"A proposito di merletti nella liturgia"}]},{"@type":"WebSite","@id":"https:\/\/www.rassegnastampa-totustuus.it\/cattolica\/#website","url":"https:\/\/www.rassegnastampa-totustuus.it\/cattolica\/","name":"Rassegna Stampa Cattolica","description":"Per una cultura che nasce dalla Rivelazione cristiana in conformit\u00e0 alla tradizione e al Magistero della Chiesa in opposizione ad ogni relativismo e totalitarismo","publisher":{"@id":"https:\/\/www.rassegnastampa-totustuus.it\/cattolica\/#organization"},"alternateName":"Rass. Cattolica","potentialAction":[{"@type":"SearchAction","target":{"@type":"EntryPoint","urlTemplate":"https:\/\/www.rassegnastampa-totustuus.it\/cattolica\/?s={search_term_string}"},"query-input":{"@type":"PropertyValueSpecification","valueRequired":true,"valueName":"search_term_string"}}],"inLanguage":"it-IT"},{"@type":"Organization","@id":"https:\/\/www.rassegnastampa-totustuus.it\/cattolica\/#organization","name":"Rassegna Stampa Cattolica","url":"https:\/\/www.rassegnastampa-totustuus.it\/cattolica\/","logo":{"@type":"ImageObject","inLanguage":"it-IT","@id":"https:\/\/www.rassegnastampa-totustuus.it\/cattolica\/#\/schema\/logo\/image\/","url":"https:\/\/www.rassegnastampa-totustuus.it\/cattolica\/wp-content\/uploads\/2014\/04\/logo-rassegna1.gif","contentUrl":"https:\/\/www.rassegnastampa-totustuus.it\/cattolica\/wp-content\/uploads\/2014\/04\/logo-rassegna1.gif","width":600,"height":163,"caption":"Rassegna Stampa Cattolica"},"image":{"@id":"https:\/\/www.rassegnastampa-totustuus.it\/cattolica\/#\/schema\/logo\/image\/"},"sameAs":["https:\/\/www.facebook.com\/rassegnastampacattolica","https:\/\/x.com\/rassegnastampa9"]},{"@type":"Person","@id":"https:\/\/www.rassegnastampa-totustuus.it\/cattolica\/#\/schema\/person\/08f319d2bd1a0904ad9e2bfb7b15e5c3","name":"Redazione","image":{"@type":"ImageObject","inLanguage":"it-IT","@id":"https:\/\/secure.gravatar.com\/avatar\/2fcdf27c78ea025fbdb44e914cc63c72249ffec9dc8aafd5c82b26240ef3f346?s=96&d=mm&r=g","url":"https:\/\/secure.gravatar.com\/avatar\/2fcdf27c78ea025fbdb44e914cc63c72249ffec9dc8aafd5c82b26240ef3f346?s=96&d=mm&r=g","contentUrl":"https:\/\/secure.gravatar.com\/avatar\/2fcdf27c78ea025fbdb44e914cc63c72249ffec9dc8aafd5c82b26240ef3f346?s=96&d=mm&r=g","caption":"Redazione"},"url":"https:\/\/www.rassegnastampa-totustuus.it\/cattolica\/author\/pietroelle\/"}]}},"_links":{"self":[{"href":"https:\/\/www.rassegnastampa-totustuus.it\/cattolica\/wp-json\/wp\/v2\/posts\/54278","targetHints":{"allow":["GET"]}}],"collection":[{"href":"https:\/\/www.rassegnastampa-totustuus.it\/cattolica\/wp-json\/wp\/v2\/posts"}],"about":[{"href":"https:\/\/www.rassegnastampa-totustuus.it\/cattolica\/wp-json\/wp\/v2\/types\/post"}],"author":[{"embeddable":true,"href":"https:\/\/www.rassegnastampa-totustuus.it\/cattolica\/wp-json\/wp\/v2\/users\/6"}],"replies":[{"embeddable":true,"href":"https:\/\/www.rassegnastampa-totustuus.it\/cattolica\/wp-json\/wp\/v2\/comments?post=54278"}],"version-history":[{"count":3,"href":"https:\/\/www.rassegnastampa-totustuus.it\/cattolica\/wp-json\/wp\/v2\/posts\/54278\/revisions"}],"predecessor-version":[{"id":60079,"href":"https:\/\/www.rassegnastampa-totustuus.it\/cattolica\/wp-json\/wp\/v2\/posts\/54278\/revisions\/60079"}],"wp:featuredmedia":[{"embeddable":true,"href":"https:\/\/www.rassegnastampa-totustuus.it\/cattolica\/wp-json\/wp\/v2\/media\/53463"}],"wp:attachment":[{"href":"https:\/\/www.rassegnastampa-totustuus.it\/cattolica\/wp-json\/wp\/v2\/media?parent=54278"}],"wp:term":[{"taxonomy":"category","embeddable":true,"href":"https:\/\/www.rassegnastampa-totustuus.it\/cattolica\/wp-json\/wp\/v2\/categories?post=54278"},{"taxonomy":"post_tag","embeddable":true,"href":"https:\/\/www.rassegnastampa-totustuus.it\/cattolica\/wp-json\/wp\/v2\/tags?post=54278"}],"curies":[{"name":"wp","href":"https:\/\/api.w.org\/{rel}","templated":true}]}}