{"id":54248,"date":"2022-06-09T00:00:22","date_gmt":"2022-06-08T22:00:22","guid":{"rendered":"http:\/\/www.rassegnastampa-totustuus.it\/cattolica\/?p=54248"},"modified":"2024-07-01T19:27:54","modified_gmt":"2024-07-01T17:27:54","slug":"per-i-voti-e-lodio-delluomo-bianco-la-sinistra-si-e-alleata-con-lislam","status":"publish","type":"post","link":"https:\/\/www.rassegnastampa-totustuus.it\/cattolica\/per-i-voti-e-lodio-delluomo-bianco-la-sinistra-si-e-alleata-con-lislam\/","title":{"rendered":"La sinistra si \u00e8 alleata con l&#8217;Islam"},"content":{"rendered":"<div id=\"attachment_33633\" style=\"width: 189px\" class=\"wp-caption alignleft\"><img loading=\"lazy\" decoding=\"async\" aria-describedby=\"caption-attachment-33633\" class=\"wp-image-33633\" src=\"https:\/\/www.rassegnastampa-totustuus.it\/cattolica\/wp-content\/uploads\/2005\/05\/Alain-Finkielkraut.jpg\" alt=\"\" width=\"189\" height=\"135\" \/><p id=\"caption-attachment-33633\" class=\"wp-caption-text\">Alain Finkielkraut<\/p><\/div>\n<p style=\"text-align: justify;\"><span style=\"color: #000000;\"><strong>Abstract: <\/strong><em>La sinistra si \u00e8 alleata con l&#8217;Islam. Non \u00e8 un complotto. I voti in politica si cercano dove si trovano e il \u201ccambiamento demografico\u201d \u00e8 uno dei grandi bacini elettorali assieme ai pensionati del baby boom. Un tempo portavoce della classe operaia, la sinistra in tutta Europa oggi i voti li cerca nell\u2019immigrazione<\/em><\/span><\/p>\n<p><!--more--><\/p>\n<p style=\"text-align: center;\"><span style=\"color: #000000;\"><strong>Newsletter <\/strong>di Giulio Meotti <\/span><span style=\"color: #000000;\">5 Giugno 2022\u00a0<\/span><\/p>\n<h3 style=\"text-align: center;\">\u201cPer i voti e l&#8217;odio dell&#8217;uomo bianco,<\/h3>\n<h3 style=\"text-align: center;\">la sinistra si \u00e8 alleata con l&#8217;Islam&#8221;<\/h3>\n<p style=\"text-align: justify;\"><span style=\"color: #000000;\"><em>L&#8217;intervista al filosofo Alain &#8220;Scommette sul cambiamento demografico dell&#8217;immigrazione&#8221;. In Svezia per la prima volta 1 milione di stranieri alle urne. Stessi patti ovunque in Europa<\/em><\/span><\/p>\n<p style=\"text-align: center;\"><span style=\"color: #000000;\">di <strong>Giulio Meotti<\/strong><\/span><\/p>\n<p style=\"text-align: justify;\"><span style=\"color: #000000;\"><img loading=\"lazy\" decoding=\"async\" class=\"wp-image-41822 alignright\" src=\"https:\/\/www.rassegnastampa-totustuus.it\/cattolica\/wp-content\/uploads\/2018\/12\/manifestaz_comunismo_immigraz-300x156.jpg\" alt=\"\" width=\"281\" height=\"146\" srcset=\"https:\/\/www.rassegnastampa-totustuus.it\/cattolica\/wp-content\/uploads\/2018\/12\/manifestaz_comunismo_immigraz-300x156.jpg 300w, https:\/\/www.rassegnastampa-totustuus.it\/cattolica\/wp-content\/uploads\/2018\/12\/manifestaz_comunismo_immigraz.jpg 540w\" sizes=\"auto, (max-width: 281px) 100vw, 281px\" \/>Non \u00e8 un complotto. I voti in politica si cercano dove si trovano e il \u201ccambiamento demografico\u201d \u00e8 uno dei grandi bacini elettorali assieme ai pensionati del baby boom. Un tempo portavoce della classe operaia, la sinistra in tutta Europa oggi i voti li cerca nell\u2019immigrazione. Di questo parla Alain Finkielkraut, filosofo ebreo e fra i maggiori intellettuali parigini, \u201cimmortale\u201d dell\u2019Accademia di Francia, autore de <span style=\"color: #0000ff;\"><a style=\"color: #0000ff;\" href=\"https:\/\/www.amazon.it\/Lidentit%C3%A0-infelice-Alain-Finkielkraut\/dp\/8823510325\/ref=sr_1_4?qid=1654417430&amp;refinements=p_27%3AAlain+Finkielkraut&amp;s=books&amp;sr=1-4\" target=\"_blank\" rel=\"noopener noreferrer\"><em>L\u2019identit\u00e0 infelice<\/em><\/a><\/span>, in questa intervista a <span style=\"color: #0000ff;\"><a style=\"color: #0000ff;\" href=\"https:\/\/www.lefigaro.fr\/vox\/societe\/alain-finkielkraut-la-france-insoumise-c-est-le-nom-que-se-donne-la-france-soumise-a-l-islamisme-20220601\" target=\"_blank\" rel=\"noopener noreferrer\"><em>Le Figaro<\/em><\/a><\/span> apparsa questa settimana.<\/span><\/p>\n<div id=\"attachment_54249\" style=\"width: 126px\" class=\"wp-caption alignleft\"><img loading=\"lazy\" decoding=\"async\" aria-describedby=\"caption-attachment-54249\" class=\"wp-image-54249\" src=\"https:\/\/www.rassegnastampa-totustuus.it\/cattolica\/wp-content\/uploads\/2022\/06\/Jean-Luc_M\u00e9lenchon_Francia.jpg\" alt=\"\" width=\"126\" height=\"163\" \/><p id=\"caption-attachment-54249\" class=\"wp-caption-text\">Jean-Luc M\u00e9lenchon<\/p><\/div>\n<p style=\"text-align: justify;\"><span style=\"color: #000000;\"><em>Dopo aver ottenuto una svolta al <\/em><em><a href=\"https:\/\/www.lefigaro.fr\/vox\/societe\/alain-finkielkraut-la-france-insoumise-c-est-le-nom-que-se-donne-la-france-soumise-a-l-islamisme-20220601\" target=\"_blank\" rel=\"noopener noreferrer\"><span style=\"color: #0000ff;\">primo turno delle presidenziali,<\/span><\/a> Jean-Luc M\u00e9lenchon ha concluso un accordo per unire ecologisti, socialisti e comunisti&#8230; Il suo successo cosa significa?<\/em><\/span><\/p>\n<p style=\"text-align: justify;\"><span style=\"color: #000000;\">Alla sua domanda, Jean-Luc M\u00e9lenchon ha risposto senza mezzi termini. Era il 2019, durante un incontro nell&#8217;ormai \u2018sensibile\u2019 citt\u00e0 di \u00c9pinay: \u2018Non ho paura di dirlo, quelli che vedi in questi quartieri sono la nuova Francia. Quello su cui faremo affidamento per costruire e fare tutto quello che c&#8217;\u00e8 da fare in questo Paese domani, per cambiare tutto\u2019.<\/span><\/p>\n<p style=\"text-align: justify;\"><span style=\"color: #000000;\"><img loading=\"lazy\" decoding=\"async\" class=\" wp-image-54250 alignright\" src=\"https:\/\/www.rassegnastampa-totustuus.it\/cattolica\/wp-content\/uploads\/2022\/06\/France_insoumise_Melancon-300x150.jpg\" alt=\"\" width=\"274\" height=\"137\" srcset=\"https:\/\/www.rassegnastampa-totustuus.it\/cattolica\/wp-content\/uploads\/2022\/06\/France_insoumise_Melancon-300x150.jpg 300w, https:\/\/www.rassegnastampa-totustuus.it\/cattolica\/wp-content\/uploads\/2022\/06\/France_insoumise_Melancon.jpg 318w\" sizes=\"auto, (max-width: 274px) 100vw, 274px\" \/>Senza lesinare sulla demagogia, il leader de La France insoumise ha ripreso le aspirazioni, le avversioni e le ossessioni di questa \u2018nuova Francia\u2019. Pi\u00f9 recentemente, M\u00e9lenchon ha attaccato il \u2018branco razzista\u2019.<\/span><\/p>\n<p style=\"text-align: justify;\"><span style=\"color: #000000;\">La France insoumise \u00e8, nell&#8217;era della mistificazione generalizzata del vocabolario, il nome dato alla Francia soggetta all&#8217;islamismo, giudeofobia inclusa. Per fede? No e forse \u00e8 peggio: per clientelismo. Resta da sperare che si tratti di un errore di calcolo e che lo pagheranno alle urne.<\/span><\/p>\n<p style=\"text-align: justify;\"><span style=\"color: #000000;\"><img loading=\"lazy\" decoding=\"async\" class=\"size-full wp-image-32775 alignleft\" src=\"https:\/\/www.rassegnastampa-totustuus.it\/cattolica\/wp-content\/uploads\/2005\/06\/Francia_islamica.jpg\" alt=\"\" width=\"214\" height=\"236\" \/>Il radicalismo di ieri era esclusivamente anticapitalista e vedeva nel suffragio universale uno strumento per disarmare, atomizzandola, la classe operaia. Il radicalismo oggi \u00e8 prima di tutto comunitario. Si affida al cambiamento demografico che la Francia sta vivendo per ottenere il potere.<\/span><\/p>\n<p style=\"text-align: justify;\"><span style=\"color: #000000;\">M\u00e9lenchon celebra la creolizzazione del nostro paese. La fine della storia, secondo M\u00e9lenchon, non \u00e8 la societ\u00e0 senza classi, \u00e8 il grande miscuglio e l&#8217;uniformit\u00e0 del consumatore planetario. Benevolenza per l&#8217;islamismo, frenetico antiamericanismo e promessa di americanizzazione sono i tre ingredienti del cocktail che La France insoumise vuole che il popolo francese ingoi. Con l&#8217;infinita estensione del dominio del razzismo, la vita politica e intellettuale diventano totalmente irrespirabili.<\/span><\/p>\n<p style=\"text-align: justify;\"><span style=\"color: #000000;\"><strong><em>Cosa la ispira la vicenda del burkini a Grenoble? Cosa rivela sugli ambientalisti?<\/em><\/strong><\/span><\/p>\n<p style=\"text-align: justify;\"><span style=\"color: #000000;\"><img loading=\"lazy\" decoding=\"async\" class=\"size-full wp-image-33751 alignright\" src=\"https:\/\/www.rassegnastampa-totustuus.it\/cattolica\/wp-content\/uploads\/2016\/04\/donne_burka.jpg\" alt=\"\" width=\"259\" height=\"194\" \/>Gli ambientalisti vogliono essere femministi e associano la giustizia climatica e quella che chiamano \u2018giustizia di genere\u2019. Per protestare contro l&#8217;invisibilit\u00e0 delle donne in lingua francese, praticano la scrittura inclusiva e, allo stesso tempo, si schierano con il \u2018burka de bain\u2019, che rende invisibile il corpo \u2018osceno\u2019 delle donne. In nome dell&#8217;antirazzismo e della lotta alla discriminazione, questi implacabili distruttori dell&#8217;uomo bianco si attengono alle ingiunzioni dell&#8217;Islam.<\/span><\/p>\n<p style=\"text-align: justify;\"><span style=\"color: #000000;\"><em><strong>Cosa ne pensa degli eventi allo Stade de France?\u00a0\u00a0<\/strong>\u00a0\u00a0\u00a0\u00a0\u00a0\u00a0\u00a0\u00a0\u00a0 <\/em><\/span><\/p>\n<p style=\"text-align: justify;\"><span style=\"color: #000000;\"><em><img loading=\"lazy\" decoding=\"async\" class=\"size-medium wp-image-54232 alignleft\" src=\"https:\/\/www.rassegnastampa-totustuus.it\/cattolica\/wp-content\/uploads\/2022\/06\/islam_Francia_disordini-300x225.jpg\" alt=\"\" width=\"300\" height=\"225\" srcset=\"https:\/\/www.rassegnastampa-totustuus.it\/cattolica\/wp-content\/uploads\/2022\/06\/islam_Francia_disordini-300x225.jpg 300w, https:\/\/www.rassegnastampa-totustuus.it\/cattolica\/wp-content\/uploads\/2022\/06\/islam_Francia_disordini.jpg 640w\" sizes=\"auto, (max-width: 300px) 100vw, 300px\" \/>Q<\/em>uando Jean-Pierre Chev\u00e8nement ha parlato di selvaggi, \u00e8 stato messo alla berlina dai rappresentanti dell&#8217;antirazzismo ufficiale. Alla luce di quanto sta accadendo, soprattutto nel mondo del calcio, diventa impossibile negare la ferocia della nostra societ\u00e0. Quanti poliziotti, gendarmi e soldati saranno necessari a Parigi nel 2024 affinch\u00e9 i Giochi Olimpici si svolgano senza intoppi? La convivenza \u00e8 un&#8217;illusione, l&#8217;oscurit\u00e0 vince\u2026<\/span><\/p>\n<p style=\"text-align: justify;\"><span style=\"color: #000000;\">La prognosi di Alain Finkielkraut \u00e8 vera ovunque in questi giorni si guardi in Europa.\u00a0\u00a0\u00a0\u00a0\u00a0\u00a0<\/span><\/p>\n<ul>\n<li style=\"text-align: justify;\"><span style=\"color: #000000;\">Svezia. Su una popolazione di 10 milioni di persone, si stima che per la prima volta pi\u00f9 di 1 milione di residenti nati all&#8217;estero potr\u00e0 votare alle prossime elezioni che si terranno entro la fine dell&#8217;anno e gli immigrati tendono a <img loading=\"lazy\" decoding=\"async\" class=\"size-medium wp-image-50553 aligncenter\" src=\"https:\/\/www.rassegnastampa-totustuus.it\/cattolica\/wp-content\/uploads\/2021\/04\/donne_Svezia-300x167.jpeg\" alt=\"\" width=\"300\" height=\"167\" srcset=\"https:\/\/www.rassegnastampa-totustuus.it\/cattolica\/wp-content\/uploads\/2021\/04\/donne_Svezia-300x167.jpeg 300w, https:\/\/www.rassegnastampa-totustuus.it\/cattolica\/wp-content\/uploads\/2021\/04\/donne_Svezia-768x427.jpeg 768w, https:\/\/www.rassegnastampa-totustuus.it\/cattolica\/wp-content\/uploads\/2021\/04\/donne_Svezia.jpeg 894w\" sizes=\"auto, (max-width: 300px) 100vw, 300px\" \/>votare principalmente per un partito specifico, vale a dire i Socialdemocratici al potere. Il nuovo numero di elettori nati all&#8217;estero \u00e8 di ben <a href=\"https:\/\/sverigesradio.se\/artikel\/over-en-miljon-valjare-fodda-i-ett-annat-land-sa-kan-det-paverka-valet\" target=\"_blank\" rel=\"noopener noreferrer\"><span style=\"color: #0000ff;\">200.000<\/span><\/a> in pi\u00f9 ispetto alle ultime elezioni, secondo un rapporto dell&#8217;emittente <em>Sveriges Radio.<\/em><a href=\"https:\/\/nyheteridag.se\/over-en-miljon-utrikes-fodda-valjare-i-arets-val-tydlig-rod-rost\/\" target=\"_blank\" rel=\"noopener noreferrer\"><span style=\"color: #0000ff;\"> Henrik Ekengren Oscarsson<\/span><\/a>, professore di scienze politiche, ha commentato i modelli di voto dei nati all&#8217;estero: &#8220;Un voto chiaramente rosso&#8221;. Nelle ultime elezioni, i Socialdemocratici hanno <span style=\"color: #0000ff;\"><a style=\"color: #0000ff;\" href=\"https:\/\/www.thelocal.se\/20220531\/over-a-million-eligible-voters-in-sweden-born-abroad\/\" target=\"_blank\" rel=\"noopener noreferrer\">ricevuto<\/a><\/span> il 38 per cento dei voti tra gli elettori nati all&#8217;estero, il dieci per cento in pi\u00f9 rispetto al 28 per cento del loro voto complessivo.\u00a0\u00a0\u00a0\u00a0\u00a0\u00a0\u00a0\u00a0\u00a0\u00a0\u00a0\u00a0\u00a0\u00a0<\/span><\/li>\n<li style=\"text-align: justify;\"><span style=\"color: #000000;\">\u00a0In Italia il Partito Democratico in questi giorni propone lo <a href=\"https:\/\/www.leggioggi.it\/2022\/05\/26\/ius-scholae-cose-cosa-prevede\/\" target=\"_blank\" rel=\"noopener noreferrer\"><span style=\"color: #0000ff;\">Ius Scholae,<\/span><\/a> uno Ius Soli mascherato, legando la cittadinanza non pi\u00f9 alla semplice nascita sul suolo italiano, ma al percorso scolastico di cinque anni.\u00a0\u00a0\u00a0\u00a0\u00a0\u00a0\u00a0\u00a0\u00a0<\/span><\/li>\n<li style=\"text-align: justify;\"><span style=\"color: #000000;\">Spagna. Il partito di sinistra <a href=\"https:\/\/www.yabiladi.com\/articles\/details\/128174\/espagne-podemos-defend-droit-vote.html\" target=\"_blank\" rel=\"noopener noreferrer\"><span style=\"color: #0000ff;\">Podemos<\/span> <\/a>ha chiesto questa settimana di soddisfare i &#8220;diritti politici&#8221; degli immigrati che attualmente non hanno un diritto di voto riconosciuto, come nel caso dei marocchini. La formazione politica, <img loading=\"lazy\" decoding=\"async\" class=\"size-full wp-image-47284 aligncenter\" src=\"https:\/\/www.rassegnastampa-totustuus.it\/cattolica\/wp-content\/uploads\/2020\/05\/Spagna_Podemos.jpg\" alt=\"\" width=\"290\" height=\"174\" \/>parte della coalizione di sinistra al potere, ha anche chiesto la regolarizzazione di mezzo milione di migranti irregolari. Scrive <a href=\"https:\/\/okdiario.com\/espana\/podemos-pide-que-inmigrantes-marroquies-puedan-votar-proximas-municipales-9172600\" target=\"_blank\" rel=\"noopener noreferrer\"><span style=\"color: #0000ff;\"><em>OK Diario<\/em>:<\/span><\/a> \u201cPodemos sta cercando di rivitalizzare le sue aspettative elettorali nel terreno di voto dell&#8217;immigrazione\u201d. Gi\u00e0 il Partito socialista aveva <span style=\"color: #0000ff;\"><a style=\"color: #0000ff;\" href=\"https:\/\/elpais.com\/diario\/2011\/07\/10\/espana\/1310248820_850215.html\" target=\"_blank\" rel=\"noopener noreferrer\">tentato<\/a><\/span> di approvare una legge che avrebbe consentito a pi\u00f9 di 500.000 marocchini residenti in Spagna di votare alle elezioni municipali. La misura avrebbe assicurato il controllo socialista su tutte le citt\u00e0 spagnole con significative minoranze musulmane. Il provvedimento \u00e8 stato fatto deragliare nel novembre 2011, quando, alle elezioni generali, i Socialisti sono stati estromessi dal potere. Adesso ci riprovano.\u00a0\u00a0\u00a0\u00a0\u00a0\u00a0\u00a0\u00a0\u00a0<\/span><\/li>\n<li style=\"text-align: justify;\"><span style=\"color: #000000;\">In <span style=\"color: #0000ff;\"><a style=\"color: #0000ff;\" href=\"https:\/\/www.csmonitor.com\/World\/Europe\/2021\/1006\/Once-sidelined-Norway-s-migrant-minorities-earn-a-voice-in-parliament\" target=\"_blank\" rel=\"noopener noreferrer\">Norvegia<\/a><\/span>, dove governa il Partito Laburista, musulmani e minoranze sono diventate una forza importante in Parlamento. \u201cIl Partito Laburista ha il maggior numero di parlamentari eletti di origine immigrata\u201d.\u00a0\u00a0\u00a0\u00a0\u00a0\u00a0\u00a0\u00a0\u00a0\u00a0\u00a0\u00a0\u00a0\u00a0\u00a0\u00a0<\/span><\/li>\n<li style=\"text-align: justify;\"><span style=\"color: #000000;\"><span style=\"color: #0000ff;\"><a style=\"color: #0000ff;\" href=\"http:\/\/www.parlement.brussels\/deputes\/\" target=\"_blank\" rel=\"noopener noreferrer\">\u00a0Belgio.<\/a><\/span> 25 su 89 membri del Parlamento di Bruxelles non sono di origine europea. \u201cA Bruxelles i politici hanno scommesso sui musulmani conservatori&#8221;, dice a <a href=\"https:\/\/www.lalibre.be\/debats\/opinions\/2022\/06\/01\/a-bruxelles-les-politiques-ont-mise-sur-des-musulmans-conservateurs-5ZNXE6WM2FA4BEM5GZKEIE5QCU\/\" target=\"_blank\" rel=\"noopener noreferrer\"><span style=\"color: #0000ff;\"><em>La Libre<\/em><\/span><\/a> <img loading=\"lazy\" decoding=\"async\" class=\"size-full wp-image-19302 aligncenter\" src=\"https:\/\/www.rassegnastampa-totustuus.it\/cattolica\/wp-content\/uploads\/2015\/02\/belgio-islamico.jpg\" alt=\"\" width=\"279\" height=\"181\" \/>di questa settimana Djemila Benhabib, scrittrice e attivista. \u201cIl Partito Socialista, gli Ecologisti e il Partito del Lavoro stanno combattendo ferocemente per questo elettorato\u201d. La questione del benessere degli animali \u00e8 appena tornata alla ribalta al Parlamento con un disegno di legge che propone di rendere obbligatorio lo stordimento dell&#8217;animale prima della macellazione. Spiega <span style=\"color: #0000ff;\"><a style=\"color: #0000ff;\" href=\"https:\/\/www.lepoint.fr\/invites-du-point\/serait-on-plus-musulman-a-bruxelles-que-dans-certains-pays-musulmans-24-05-2022-2476923_420.php\" target=\"_blank\" rel=\"noopener noreferrer\"><em>Le Point<\/em><\/a><\/span> che \u201cper calcoli elettorali i due principali partiti, il Partito Socialista e gli Ecologisti, che si contendono il primo posto a Bruxelles per le elezioni che si terranno nel 2024, sono contrari. Perch\u00e9 a Bruxelles met\u00e0 dell&#8217;elettorato del Partito Socialista \u00e8 musulmano\u201d. E la <a href=\"https:\/\/www.dhnet.be\/actu\/belgique\/rajae-maouane-fait-partie-de-la-derive-communautariste-d-ecolo-estime-josy-dubie-ancien-senateur-ecolo-6133dc849978e245cae1d70f\" target=\"_blank\" rel=\"noopener noreferrer\"><span style=\"color: #0000ff;\">vicepresidente<\/span> <\/a>degli Ecologisti \u00e8 musulmana.\u00a0\u00a0\u00a0\u00a0\u00a0\u00a0\u00a0\u00a0\u00a0\u00a0\u00a0\u00a0\u00a0\u00a0<\/span><\/li>\n<li style=\"text-align: justify;\"><span style=\"color: #000000;\">Il Labour in Inghilterra rischia di perdere met\u00e0 del suo elettorato musulmano insistendo su una agenda <em>woke<\/em><a href=\"https:\/\/www.independent.co.uk\/news\/uk\/politics\/jk-rowling-keir-starmer-trans-women-gender-b2048408.html\" target=\"_blank\" rel=\"noopener noreferrer\"><span style=\"color: #0000ff;\"> e pro-gender.\u00a0\u00a0\u00a0\u00a0\u00a0\u00a0\u00a0\u00a0\u00a0\u00a0\u00a0\u00a0\u00a0\u00a0\u00a0\u00a0\u00a0\u00a0\u00a0\u00a0<\/span><\/a><\/span><\/li>\n<li style=\"text-align: justify;\"><span style=\"color: #000000;\">Germania. Una ricerca di MedienDienst Integration ha <img loading=\"lazy\" decoding=\"async\" class=\"size-medium wp-image-46448 aligncenter\" src=\"https:\/\/www.rassegnastampa-totustuus.it\/cattolica\/wp-content\/uploads\/2020\/02\/antisemitismo-islam-germania-300x146.jpg\" alt=\"\" width=\"300\" height=\"146\" srcset=\"https:\/\/www.rassegnastampa-totustuus.it\/cattolica\/wp-content\/uploads\/2020\/02\/antisemitismo-islam-germania-300x146.jpg 300w, https:\/\/www.rassegnastampa-totustuus.it\/cattolica\/wp-content\/uploads\/2020\/02\/antisemitismo-islam-germania-768x373.jpg 768w, https:\/\/www.rassegnastampa-totustuus.it\/cattolica\/wp-content\/uploads\/2020\/02\/antisemitismo-islam-germania-1024x498.jpg 1024w, https:\/\/www.rassegnastampa-totustuus.it\/cattolica\/wp-content\/uploads\/2020\/02\/antisemitismo-islam-germania.jpg 1440w\" sizes=\"auto, (max-width: 300px) 100vw, 300px\" \/><span style=\"color: #0000ff;\"><a style=\"color: #0000ff;\" href=\"https:\/\/mediendienst-integration.de\/artikel\/at-least-83-mps-with-migration-history.html\" target=\"_blank\" rel=\"noopener noreferrer\">rilevato<\/a><\/span> che 83 parlamentari del Bundestag tedesco hanno origini straniere. Il <a href=\"https:\/\/www.politico.eu\/article\/bundestag-germany-youth-demographics-fester-demir-piechotta\/\" target=\"_blank\" rel=\"noopener noreferrer\"><span style=\"color: #0000ff;\">numero di parlamentari<\/span><\/a> dei Socialdemocratici al potere che hanno origini immigrate \u00e8 passato dal 10 per cento al 17 per cento in una sola elezione.\u00a0\u00a0\u00a0\u00a0\u00a0\u00a0\u00a0\u00a0\u00a0\u00a0\u00a0\u00a0\u00a0\u00a0\u00a0\u00a0\u00a0\u00a0\u00a0\u00a0<\/span><\/li>\n<\/ul>\n<p style=\"text-align: justify;\"><span style=\"color: #000000;\"><img loading=\"lazy\" decoding=\"async\" class=\"size-full wp-image-32608 alignleft\" src=\"https:\/\/www.rassegnastampa-totustuus.it\/cattolica\/wp-content\/uploads\/2012\/11\/fratelli_mussulmani.jpg\" alt=\"\" width=\"224\" height=\"225\" srcset=\"https:\/\/www.rassegnastampa-totustuus.it\/cattolica\/wp-content\/uploads\/2012\/11\/fratelli_mussulmani.jpg 224w, https:\/\/www.rassegnastampa-totustuus.it\/cattolica\/wp-content\/uploads\/2012\/11\/fratelli_mussulmani-150x150.jpg 150w\" sizes=\"auto, (max-width: 224px) 100vw, 224px\" \/>Ha appena osservato sul settimanale <span style=\"color: #0000ff;\"><a style=\"color: #0000ff;\" href=\"https:\/\/www.marianne.net\/agora\/tribunes-libres\/le-vote-musulman-chez-melenchon-et-le-risque-de-lentrisme-fondamentaliste\" target=\"_blank\" rel=\"noopener noreferrer\"><em>Marianne <\/em><\/a><\/span>l&#8217;antropologa belga Florence Bergeaud-Blackler che ovviamente questo non rende M\u00e9lenchon in Francia, Podemos e Socialisti in Spagna, il PD in Italia, i Socialisti e gli Ecologisti in Belgio, i Socialdemocratici in Germania e in Svezia, dei partiti islamisti, \u201cma dei partiti \u2018cuculo\u2019. Come il cuculo che cova le uova nel nido di un uccello di un&#8217;altra specie, un partito cuculo protegge idee che non sono le sue. I Fratelli Musulmani hanno una strategia che hanno espresso nei loro piani degli anni &#8217;80: formare un&#8217;alleanza con i partiti pi\u00f9 docili per diffondere le loro idee\u201d.<\/span><\/p>\n<p style=\"text-align: justify;\"><span style=\"color: #000000;\"><img loading=\"lazy\" decoding=\"async\" class=\"size-medium wp-image-53681 alignright\" src=\"https:\/\/www.rassegnastampa-totustuus.it\/cattolica\/wp-content\/uploads\/2022\/03\/Francia_Islam_Europa-300x169.png\" alt=\"\" width=\"300\" height=\"169\" srcset=\"https:\/\/www.rassegnastampa-totustuus.it\/cattolica\/wp-content\/uploads\/2022\/03\/Francia_Islam_Europa-300x169.png 300w, https:\/\/www.rassegnastampa-totustuus.it\/cattolica\/wp-content\/uploads\/2022\/03\/Francia_Islam_Europa.png 704w\" sizes=\"auto, (max-width: 300px) 100vw, 300px\" \/>I \u201cpartiti cuculo\u201d hanno fatto il nido in tutta Europa e anche quella \u201cufficiale\u201d, l\u2019<span style=\"color: #0000ff;\"><a style=\"color: #0000ff;\" href=\"https:\/\/www.instagram.com\/european_youth_eu\/?utm_source=ig_embed&amp;ig_rid=c387737c-9264-47bf-9b27-cc6bc3c20a4d\" target=\"_blank\" rel=\"noopener noreferrer\">Unione Europea,<\/a><\/span> come volto per l\u2019\u201canno europeo dei giovani\u201d ha appena scelto una ragazza velata. La Vecchia Europa sta finendo. Quella \u201cnuova\u201d \u00e8 in costruzione.<\/span><\/p>\n<p>________________________________________________<\/p>\n<p><strong>Leggi anche:\u00a0<\/strong><\/p>\n<p><a href=\"https:\/\/www.rassegnastampa-totustuus.it\/cattolica\/islamismo-e-sinistra-la-minaccia-alleata\/\" target=\"_blank\" rel=\"noopener\"><span style=\"color: #0000ff;\">Islamismo e sinistra: la minaccia alleata<\/span><\/a><\/p>\n<p><a href=\"https:\/\/www.rassegnastampa-totustuus.it\/cattolica\/il-patto-della-sinistra-europea-con-i-fratelli-mussulmani\/\" target=\"_blank\" rel=\"noopener\"><span style=\"color: #0000ff;\">Il patto della sinistra europea con i Fratelli Mussulmani<\/span><\/a><\/p>\n","protected":false},"excerpt":{"rendered":"<p>Abstract: La sinistra si \u00e8 alleata con l&#8217;Islam. Non \u00e8 un complotto. I voti in politica si cercano dove si trovano e il \u201ccambiamento demografico\u201d \u00e8 uno dei grandi bacini elettorali assieme ai pensionati del baby boom. Un tempo portavoce della classe operaia, la sinistra in tutta Europa oggi i voti li cerca nell\u2019immigrazione<\/p><p><a class=\"more-link btn\" href=\"https:\/\/www.rassegnastampa-totustuus.it\/cattolica\/per-i-voti-e-lodio-delluomo-bianco-la-sinistra-si-e-alleata-con-lislam\/\">Continua a leggere<\/a><\/p>\n","protected":false},"author":6,"featured_media":53681,"comment_status":"closed","ping_status":"closed","sticky":false,"template":"","format":"standard","meta":{"footnotes":""},"categories":[14,38,111,27],"tags":[439,219,2392,2408],"class_list":["post-54248","post","type-post","status-publish","format-standard","has-post-thumbnail","hentry","category-europa-e-ue","category-immigrazione","category-islam-in-europa","category-socialismo-e-comunismo","tag-europa-ue","tag-francia","tag-immigrazione","tag-islam-in-europa","item-wrap"],"yoast_head":"<!-- This site is optimized with the Yoast SEO plugin v27.4 - https:\/\/yoast.com\/product\/yoast-seo-wordpress\/ -->\n<title>La sinistra si \u00e8 alleata con l&#039;Islam - Rassegna Stampa Cattolica<\/title>\n<meta name=\"description\" content=\"Per l&#039;odio dell&#039;uomo bianco, la sinistra si \u00e8 alleata con l&#039;Islam. In Svezia per la prima volta un milione di stranieri andr\u00e0 a votare\" \/>\n<meta name=\"robots\" content=\"index, follow, max-snippet:-1, max-image-preview:large, max-video-preview:-1\" \/>\n<link rel=\"canonical\" href=\"https:\/\/www.rassegnastampa-totustuus.it\/cattolica\/per-i-voti-e-lodio-delluomo-bianco-la-sinistra-si-e-alleata-con-lislam\/\" \/>\n<meta property=\"og:locale\" content=\"it_IT\" \/>\n<meta property=\"og:type\" content=\"article\" \/>\n<meta property=\"og:title\" content=\"La sinistra si \u00e8 alleata con l&#039;Islam - Rassegna Stampa Cattolica\" \/>\n<meta property=\"og:description\" content=\"Per l&#039;odio dell&#039;uomo bianco, la sinistra si \u00e8 alleata con l&#039;Islam. In Svezia per la prima volta un milione di stranieri andr\u00e0 a votare\" \/>\n<meta property=\"og:url\" content=\"https:\/\/www.rassegnastampa-totustuus.it\/cattolica\/per-i-voti-e-lodio-delluomo-bianco-la-sinistra-si-e-alleata-con-lislam\/\" \/>\n<meta property=\"og:site_name\" content=\"Rassegna Stampa Cattolica\" \/>\n<meta property=\"article:publisher\" content=\"https:\/\/www.facebook.com\/rassegnastampacattolica\" \/>\n<meta property=\"article:published_time\" content=\"2022-06-08T22:00:22+00:00\" \/>\n<meta property=\"article:modified_time\" content=\"2024-07-01T17:27:54+00:00\" \/>\n<meta property=\"og:image\" content=\"https:\/\/www.rassegnastampa-totustuus.it\/cattolica\/wp-content\/uploads\/2022\/03\/Francia_Islam_Europa.png\" \/>\n\t<meta property=\"og:image:width\" content=\"704\" \/>\n\t<meta property=\"og:image:height\" content=\"396\" \/>\n\t<meta property=\"og:image:type\" content=\"image\/png\" \/>\n<meta name=\"author\" content=\"Redazione\" \/>\n<meta name=\"twitter:card\" content=\"summary_large_image\" \/>\n<meta name=\"twitter:creator\" content=\"@rassegnastampa9\" \/>\n<meta name=\"twitter:site\" content=\"@rassegnastampa9\" \/>\n<meta name=\"twitter:label1\" content=\"Scritto da\" \/>\n\t<meta name=\"twitter:data1\" content=\"Redazione\" \/>\n\t<meta name=\"twitter:label2\" content=\"Tempo di lettura stimato\" \/>\n\t<meta name=\"twitter:data2\" content=\"10 minuti\" \/>\n<script type=\"application\/ld+json\" class=\"yoast-schema-graph\">{\"@context\":\"https:\\\/\\\/schema.org\",\"@graph\":[{\"@type\":\"Article\",\"@id\":\"https:\\\/\\\/www.rassegnastampa-totustuus.it\\\/cattolica\\\/per-i-voti-e-lodio-delluomo-bianco-la-sinistra-si-e-alleata-con-lislam\\\/#article\",\"isPartOf\":{\"@id\":\"https:\\\/\\\/www.rassegnastampa-totustuus.it\\\/cattolica\\\/per-i-voti-e-lodio-delluomo-bianco-la-sinistra-si-e-alleata-con-lislam\\\/\"},\"author\":{\"name\":\"Redazione\",\"@id\":\"https:\\\/\\\/www.rassegnastampa-totustuus.it\\\/cattolica\\\/#\\\/schema\\\/person\\\/08f319d2bd1a0904ad9e2bfb7b15e5c3\"},\"headline\":\"La sinistra si \u00e8 alleata con l&#8217;Islam\",\"datePublished\":\"2022-06-08T22:00:22+00:00\",\"dateModified\":\"2024-07-01T17:27:54+00:00\",\"mainEntityOfPage\":{\"@id\":\"https:\\\/\\\/www.rassegnastampa-totustuus.it\\\/cattolica\\\/per-i-voti-e-lodio-delluomo-bianco-la-sinistra-si-e-alleata-con-lislam\\\/\"},\"wordCount\":1323,\"publisher\":{\"@id\":\"https:\\\/\\\/www.rassegnastampa-totustuus.it\\\/cattolica\\\/#organization\"},\"image\":{\"@id\":\"https:\\\/\\\/www.rassegnastampa-totustuus.it\\\/cattolica\\\/per-i-voti-e-lodio-delluomo-bianco-la-sinistra-si-e-alleata-con-lislam\\\/#primaryimage\"},\"thumbnailUrl\":\"https:\\\/\\\/www.rassegnastampa-totustuus.it\\\/cattolica\\\/wp-content\\\/uploads\\\/2022\\\/03\\\/Francia_Islam_Europa.png\",\"keywords\":[\"Europa UE\",\"Francia\",\"immigrazione\",\"Islam in Europa\"],\"articleSection\":[\"Europa e UE\",\"Immigrazione\",\"Islam in Europa\",\"Socialcomunismo\"],\"inLanguage\":\"it-IT\"},{\"@type\":\"WebPage\",\"@id\":\"https:\\\/\\\/www.rassegnastampa-totustuus.it\\\/cattolica\\\/per-i-voti-e-lodio-delluomo-bianco-la-sinistra-si-e-alleata-con-lislam\\\/\",\"url\":\"https:\\\/\\\/www.rassegnastampa-totustuus.it\\\/cattolica\\\/per-i-voti-e-lodio-delluomo-bianco-la-sinistra-si-e-alleata-con-lislam\\\/\",\"name\":\"La sinistra si \u00e8 alleata con l'Islam - Rassegna Stampa Cattolica\",\"isPartOf\":{\"@id\":\"https:\\\/\\\/www.rassegnastampa-totustuus.it\\\/cattolica\\\/#website\"},\"primaryImageOfPage\":{\"@id\":\"https:\\\/\\\/www.rassegnastampa-totustuus.it\\\/cattolica\\\/per-i-voti-e-lodio-delluomo-bianco-la-sinistra-si-e-alleata-con-lislam\\\/#primaryimage\"},\"image\":{\"@id\":\"https:\\\/\\\/www.rassegnastampa-totustuus.it\\\/cattolica\\\/per-i-voti-e-lodio-delluomo-bianco-la-sinistra-si-e-alleata-con-lislam\\\/#primaryimage\"},\"thumbnailUrl\":\"https:\\\/\\\/www.rassegnastampa-totustuus.it\\\/cattolica\\\/wp-content\\\/uploads\\\/2022\\\/03\\\/Francia_Islam_Europa.png\",\"datePublished\":\"2022-06-08T22:00:22+00:00\",\"dateModified\":\"2024-07-01T17:27:54+00:00\",\"description\":\"Per l'odio dell'uomo bianco, la sinistra si \u00e8 alleata con l'Islam. In Svezia per la prima volta un milione di stranieri andr\u00e0 a votare\",\"breadcrumb\":{\"@id\":\"https:\\\/\\\/www.rassegnastampa-totustuus.it\\\/cattolica\\\/per-i-voti-e-lodio-delluomo-bianco-la-sinistra-si-e-alleata-con-lislam\\\/#breadcrumb\"},\"inLanguage\":\"it-IT\",\"potentialAction\":[{\"@type\":\"ReadAction\",\"target\":[\"https:\\\/\\\/www.rassegnastampa-totustuus.it\\\/cattolica\\\/per-i-voti-e-lodio-delluomo-bianco-la-sinistra-si-e-alleata-con-lislam\\\/\"]}]},{\"@type\":\"ImageObject\",\"inLanguage\":\"it-IT\",\"@id\":\"https:\\\/\\\/www.rassegnastampa-totustuus.it\\\/cattolica\\\/per-i-voti-e-lodio-delluomo-bianco-la-sinistra-si-e-alleata-con-lislam\\\/#primaryimage\",\"url\":\"https:\\\/\\\/www.rassegnastampa-totustuus.it\\\/cattolica\\\/wp-content\\\/uploads\\\/2022\\\/03\\\/Francia_Islam_Europa.png\",\"contentUrl\":\"https:\\\/\\\/www.rassegnastampa-totustuus.it\\\/cattolica\\\/wp-content\\\/uploads\\\/2022\\\/03\\\/Francia_Islam_Europa.png\",\"width\":704,\"height\":396},{\"@type\":\"BreadcrumbList\",\"@id\":\"https:\\\/\\\/www.rassegnastampa-totustuus.it\\\/cattolica\\\/per-i-voti-e-lodio-delluomo-bianco-la-sinistra-si-e-alleata-con-lislam\\\/#breadcrumb\",\"itemListElement\":[{\"@type\":\"ListItem\",\"position\":1,\"name\":\"Home\",\"item\":\"https:\\\/\\\/www.rassegnastampa-totustuus.it\\\/cattolica\\\/\"},{\"@type\":\"ListItem\",\"position\":2,\"name\":\"La sinistra si \u00e8 alleata con l&#8217;Islam\"}]},{\"@type\":\"WebSite\",\"@id\":\"https:\\\/\\\/www.rassegnastampa-totustuus.it\\\/cattolica\\\/#website\",\"url\":\"https:\\\/\\\/www.rassegnastampa-totustuus.it\\\/cattolica\\\/\",\"name\":\"Rassegna Stampa Cattolica\",\"description\":\"Per una cultura che nasce dalla Rivelazione cristiana in conformit\u00e0 alla tradizione e al Magistero della Chiesa in opposizione ad ogni relativismo e totalitarismo\",\"publisher\":{\"@id\":\"https:\\\/\\\/www.rassegnastampa-totustuus.it\\\/cattolica\\\/#organization\"},\"alternateName\":\"Rass. Cattolica\",\"potentialAction\":[{\"@type\":\"SearchAction\",\"target\":{\"@type\":\"EntryPoint\",\"urlTemplate\":\"https:\\\/\\\/www.rassegnastampa-totustuus.it\\\/cattolica\\\/?s={search_term_string}\"},\"query-input\":{\"@type\":\"PropertyValueSpecification\",\"valueRequired\":true,\"valueName\":\"search_term_string\"}}],\"inLanguage\":\"it-IT\"},{\"@type\":\"Organization\",\"@id\":\"https:\\\/\\\/www.rassegnastampa-totustuus.it\\\/cattolica\\\/#organization\",\"name\":\"Rassegna Stampa Cattolica\",\"url\":\"https:\\\/\\\/www.rassegnastampa-totustuus.it\\\/cattolica\\\/\",\"logo\":{\"@type\":\"ImageObject\",\"inLanguage\":\"it-IT\",\"@id\":\"https:\\\/\\\/www.rassegnastampa-totustuus.it\\\/cattolica\\\/#\\\/schema\\\/logo\\\/image\\\/\",\"url\":\"https:\\\/\\\/www.rassegnastampa-totustuus.it\\\/cattolica\\\/wp-content\\\/uploads\\\/2014\\\/04\\\/logo-rassegna1.gif\",\"contentUrl\":\"https:\\\/\\\/www.rassegnastampa-totustuus.it\\\/cattolica\\\/wp-content\\\/uploads\\\/2014\\\/04\\\/logo-rassegna1.gif\",\"width\":600,\"height\":163,\"caption\":\"Rassegna Stampa Cattolica\"},\"image\":{\"@id\":\"https:\\\/\\\/www.rassegnastampa-totustuus.it\\\/cattolica\\\/#\\\/schema\\\/logo\\\/image\\\/\"},\"sameAs\":[\"https:\\\/\\\/www.facebook.com\\\/rassegnastampacattolica\",\"https:\\\/\\\/x.com\\\/rassegnastampa9\"]},{\"@type\":\"Person\",\"@id\":\"https:\\\/\\\/www.rassegnastampa-totustuus.it\\\/cattolica\\\/#\\\/schema\\\/person\\\/08f319d2bd1a0904ad9e2bfb7b15e5c3\",\"name\":\"Redazione\",\"image\":{\"@type\":\"ImageObject\",\"inLanguage\":\"it-IT\",\"@id\":\"https:\\\/\\\/secure.gravatar.com\\\/avatar\\\/2fcdf27c78ea025fbdb44e914cc63c72249ffec9dc8aafd5c82b26240ef3f346?s=96&d=mm&r=g\",\"url\":\"https:\\\/\\\/secure.gravatar.com\\\/avatar\\\/2fcdf27c78ea025fbdb44e914cc63c72249ffec9dc8aafd5c82b26240ef3f346?s=96&d=mm&r=g\",\"contentUrl\":\"https:\\\/\\\/secure.gravatar.com\\\/avatar\\\/2fcdf27c78ea025fbdb44e914cc63c72249ffec9dc8aafd5c82b26240ef3f346?s=96&d=mm&r=g\",\"caption\":\"Redazione\"},\"url\":\"https:\\\/\\\/www.rassegnastampa-totustuus.it\\\/cattolica\\\/author\\\/pietroelle\\\/\"}]}<\/script>\n<!-- \/ Yoast SEO plugin. -->","yoast_head_json":{"title":"La sinistra si \u00e8 alleata con l'Islam - Rassegna Stampa Cattolica","description":"Per l'odio dell'uomo bianco, la sinistra si \u00e8 alleata con l'Islam. In Svezia per la prima volta un milione di stranieri andr\u00e0 a votare","robots":{"index":"index","follow":"follow","max-snippet":"max-snippet:-1","max-image-preview":"max-image-preview:large","max-video-preview":"max-video-preview:-1"},"canonical":"https:\/\/www.rassegnastampa-totustuus.it\/cattolica\/per-i-voti-e-lodio-delluomo-bianco-la-sinistra-si-e-alleata-con-lislam\/","og_locale":"it_IT","og_type":"article","og_title":"La sinistra si \u00e8 alleata con l'Islam - Rassegna Stampa Cattolica","og_description":"Per l'odio dell'uomo bianco, la sinistra si \u00e8 alleata con l'Islam. In Svezia per la prima volta un milione di stranieri andr\u00e0 a votare","og_url":"https:\/\/www.rassegnastampa-totustuus.it\/cattolica\/per-i-voti-e-lodio-delluomo-bianco-la-sinistra-si-e-alleata-con-lislam\/","og_site_name":"Rassegna Stampa Cattolica","article_publisher":"https:\/\/www.facebook.com\/rassegnastampacattolica","article_published_time":"2022-06-08T22:00:22+00:00","article_modified_time":"2024-07-01T17:27:54+00:00","og_image":[{"width":704,"height":396,"url":"https:\/\/www.rassegnastampa-totustuus.it\/cattolica\/wp-content\/uploads\/2022\/03\/Francia_Islam_Europa.png","type":"image\/png"}],"author":"Redazione","twitter_card":"summary_large_image","twitter_creator":"@rassegnastampa9","twitter_site":"@rassegnastampa9","twitter_misc":{"Scritto da":"Redazione","Tempo di lettura stimato":"10 minuti"},"schema":{"@context":"https:\/\/schema.org","@graph":[{"@type":"Article","@id":"https:\/\/www.rassegnastampa-totustuus.it\/cattolica\/per-i-voti-e-lodio-delluomo-bianco-la-sinistra-si-e-alleata-con-lislam\/#article","isPartOf":{"@id":"https:\/\/www.rassegnastampa-totustuus.it\/cattolica\/per-i-voti-e-lodio-delluomo-bianco-la-sinistra-si-e-alleata-con-lislam\/"},"author":{"name":"Redazione","@id":"https:\/\/www.rassegnastampa-totustuus.it\/cattolica\/#\/schema\/person\/08f319d2bd1a0904ad9e2bfb7b15e5c3"},"headline":"La sinistra si \u00e8 alleata con l&#8217;Islam","datePublished":"2022-06-08T22:00:22+00:00","dateModified":"2024-07-01T17:27:54+00:00","mainEntityOfPage":{"@id":"https:\/\/www.rassegnastampa-totustuus.it\/cattolica\/per-i-voti-e-lodio-delluomo-bianco-la-sinistra-si-e-alleata-con-lislam\/"},"wordCount":1323,"publisher":{"@id":"https:\/\/www.rassegnastampa-totustuus.it\/cattolica\/#organization"},"image":{"@id":"https:\/\/www.rassegnastampa-totustuus.it\/cattolica\/per-i-voti-e-lodio-delluomo-bianco-la-sinistra-si-e-alleata-con-lislam\/#primaryimage"},"thumbnailUrl":"https:\/\/www.rassegnastampa-totustuus.it\/cattolica\/wp-content\/uploads\/2022\/03\/Francia_Islam_Europa.png","keywords":["Europa UE","Francia","immigrazione","Islam in Europa"],"articleSection":["Europa e UE","Immigrazione","Islam in Europa","Socialcomunismo"],"inLanguage":"it-IT"},{"@type":"WebPage","@id":"https:\/\/www.rassegnastampa-totustuus.it\/cattolica\/per-i-voti-e-lodio-delluomo-bianco-la-sinistra-si-e-alleata-con-lislam\/","url":"https:\/\/www.rassegnastampa-totustuus.it\/cattolica\/per-i-voti-e-lodio-delluomo-bianco-la-sinistra-si-e-alleata-con-lislam\/","name":"La sinistra si \u00e8 alleata con l'Islam - Rassegna Stampa Cattolica","isPartOf":{"@id":"https:\/\/www.rassegnastampa-totustuus.it\/cattolica\/#website"},"primaryImageOfPage":{"@id":"https:\/\/www.rassegnastampa-totustuus.it\/cattolica\/per-i-voti-e-lodio-delluomo-bianco-la-sinistra-si-e-alleata-con-lislam\/#primaryimage"},"image":{"@id":"https:\/\/www.rassegnastampa-totustuus.it\/cattolica\/per-i-voti-e-lodio-delluomo-bianco-la-sinistra-si-e-alleata-con-lislam\/#primaryimage"},"thumbnailUrl":"https:\/\/www.rassegnastampa-totustuus.it\/cattolica\/wp-content\/uploads\/2022\/03\/Francia_Islam_Europa.png","datePublished":"2022-06-08T22:00:22+00:00","dateModified":"2024-07-01T17:27:54+00:00","description":"Per l'odio dell'uomo bianco, la sinistra si \u00e8 alleata con l'Islam. In Svezia per la prima volta un milione di stranieri andr\u00e0 a votare","breadcrumb":{"@id":"https:\/\/www.rassegnastampa-totustuus.it\/cattolica\/per-i-voti-e-lodio-delluomo-bianco-la-sinistra-si-e-alleata-con-lislam\/#breadcrumb"},"inLanguage":"it-IT","potentialAction":[{"@type":"ReadAction","target":["https:\/\/www.rassegnastampa-totustuus.it\/cattolica\/per-i-voti-e-lodio-delluomo-bianco-la-sinistra-si-e-alleata-con-lislam\/"]}]},{"@type":"ImageObject","inLanguage":"it-IT","@id":"https:\/\/www.rassegnastampa-totustuus.it\/cattolica\/per-i-voti-e-lodio-delluomo-bianco-la-sinistra-si-e-alleata-con-lislam\/#primaryimage","url":"https:\/\/www.rassegnastampa-totustuus.it\/cattolica\/wp-content\/uploads\/2022\/03\/Francia_Islam_Europa.png","contentUrl":"https:\/\/www.rassegnastampa-totustuus.it\/cattolica\/wp-content\/uploads\/2022\/03\/Francia_Islam_Europa.png","width":704,"height":396},{"@type":"BreadcrumbList","@id":"https:\/\/www.rassegnastampa-totustuus.it\/cattolica\/per-i-voti-e-lodio-delluomo-bianco-la-sinistra-si-e-alleata-con-lislam\/#breadcrumb","itemListElement":[{"@type":"ListItem","position":1,"name":"Home","item":"https:\/\/www.rassegnastampa-totustuus.it\/cattolica\/"},{"@type":"ListItem","position":2,"name":"La sinistra si \u00e8 alleata con l&#8217;Islam"}]},{"@type":"WebSite","@id":"https:\/\/www.rassegnastampa-totustuus.it\/cattolica\/#website","url":"https:\/\/www.rassegnastampa-totustuus.it\/cattolica\/","name":"Rassegna Stampa Cattolica","description":"Per una cultura che nasce dalla Rivelazione cristiana in conformit\u00e0 alla tradizione e al Magistero della Chiesa in opposizione ad ogni relativismo e totalitarismo","publisher":{"@id":"https:\/\/www.rassegnastampa-totustuus.it\/cattolica\/#organization"},"alternateName":"Rass. Cattolica","potentialAction":[{"@type":"SearchAction","target":{"@type":"EntryPoint","urlTemplate":"https:\/\/www.rassegnastampa-totustuus.it\/cattolica\/?s={search_term_string}"},"query-input":{"@type":"PropertyValueSpecification","valueRequired":true,"valueName":"search_term_string"}}],"inLanguage":"it-IT"},{"@type":"Organization","@id":"https:\/\/www.rassegnastampa-totustuus.it\/cattolica\/#organization","name":"Rassegna Stampa Cattolica","url":"https:\/\/www.rassegnastampa-totustuus.it\/cattolica\/","logo":{"@type":"ImageObject","inLanguage":"it-IT","@id":"https:\/\/www.rassegnastampa-totustuus.it\/cattolica\/#\/schema\/logo\/image\/","url":"https:\/\/www.rassegnastampa-totustuus.it\/cattolica\/wp-content\/uploads\/2014\/04\/logo-rassegna1.gif","contentUrl":"https:\/\/www.rassegnastampa-totustuus.it\/cattolica\/wp-content\/uploads\/2014\/04\/logo-rassegna1.gif","width":600,"height":163,"caption":"Rassegna Stampa Cattolica"},"image":{"@id":"https:\/\/www.rassegnastampa-totustuus.it\/cattolica\/#\/schema\/logo\/image\/"},"sameAs":["https:\/\/www.facebook.com\/rassegnastampacattolica","https:\/\/x.com\/rassegnastampa9"]},{"@type":"Person","@id":"https:\/\/www.rassegnastampa-totustuus.it\/cattolica\/#\/schema\/person\/08f319d2bd1a0904ad9e2bfb7b15e5c3","name":"Redazione","image":{"@type":"ImageObject","inLanguage":"it-IT","@id":"https:\/\/secure.gravatar.com\/avatar\/2fcdf27c78ea025fbdb44e914cc63c72249ffec9dc8aafd5c82b26240ef3f346?s=96&d=mm&r=g","url":"https:\/\/secure.gravatar.com\/avatar\/2fcdf27c78ea025fbdb44e914cc63c72249ffec9dc8aafd5c82b26240ef3f346?s=96&d=mm&r=g","contentUrl":"https:\/\/secure.gravatar.com\/avatar\/2fcdf27c78ea025fbdb44e914cc63c72249ffec9dc8aafd5c82b26240ef3f346?s=96&d=mm&r=g","caption":"Redazione"},"url":"https:\/\/www.rassegnastampa-totustuus.it\/cattolica\/author\/pietroelle\/"}]}},"_links":{"self":[{"href":"https:\/\/www.rassegnastampa-totustuus.it\/cattolica\/wp-json\/wp\/v2\/posts\/54248","targetHints":{"allow":["GET"]}}],"collection":[{"href":"https:\/\/www.rassegnastampa-totustuus.it\/cattolica\/wp-json\/wp\/v2\/posts"}],"about":[{"href":"https:\/\/www.rassegnastampa-totustuus.it\/cattolica\/wp-json\/wp\/v2\/types\/post"}],"author":[{"embeddable":true,"href":"https:\/\/www.rassegnastampa-totustuus.it\/cattolica\/wp-json\/wp\/v2\/users\/6"}],"replies":[{"embeddable":true,"href":"https:\/\/www.rassegnastampa-totustuus.it\/cattolica\/wp-json\/wp\/v2\/comments?post=54248"}],"version-history":[{"count":4,"href":"https:\/\/www.rassegnastampa-totustuus.it\/cattolica\/wp-json\/wp\/v2\/posts\/54248\/revisions"}],"predecessor-version":[{"id":60746,"href":"https:\/\/www.rassegnastampa-totustuus.it\/cattolica\/wp-json\/wp\/v2\/posts\/54248\/revisions\/60746"}],"wp:featuredmedia":[{"embeddable":true,"href":"https:\/\/www.rassegnastampa-totustuus.it\/cattolica\/wp-json\/wp\/v2\/media\/53681"}],"wp:attachment":[{"href":"https:\/\/www.rassegnastampa-totustuus.it\/cattolica\/wp-json\/wp\/v2\/media?parent=54248"}],"wp:term":[{"taxonomy":"category","embeddable":true,"href":"https:\/\/www.rassegnastampa-totustuus.it\/cattolica\/wp-json\/wp\/v2\/categories?post=54248"},{"taxonomy":"post_tag","embeddable":true,"href":"https:\/\/www.rassegnastampa-totustuus.it\/cattolica\/wp-json\/wp\/v2\/tags?post=54248"}],"curies":[{"name":"wp","href":"https:\/\/api.w.org\/{rel}","templated":true}]}}