{"id":54241,"date":"2022-06-09T00:00:26","date_gmt":"2022-06-08T22:00:26","guid":{"rendered":"http:\/\/www.rassegnastampa-totustuus.it\/cattolica\/?p=54241"},"modified":"2024-04-22T19:52:17","modified_gmt":"2024-04-22T17:52:17","slug":"10-ricette-per-prepararsi-al-crollo-economico","status":"publish","type":"post","link":"https:\/\/www.rassegnastampa-totustuus.it\/cattolica\/10-ricette-per-prepararsi-al-crollo-economico\/","title":{"rendered":"10 ricette per prepararsi al crollo economico\u00a0\u00a0"},"content":{"rendered":"<p style=\"text-align: center;\"><strong><img loading=\"lazy\" decoding=\"async\" class=\" wp-image-31726 alignleft\" src=\"https:\/\/www.rassegnastampa-totustuus.it\/cattolica\/wp-content\/uploads\/2009\/04\/crisi_mondiale.jpg\" alt=\"\" width=\"249\" height=\"151\" \/><a href=\"https:\/\/atfp.it\/\" target=\"_blank\" rel=\"noopener\">Tradizione famiglia Propriet\u00e0<\/a><\/strong><\/p>\n<p style=\"text-align: center;\">newsletter 12 maggio 2022<\/p>\n<p style=\"text-align: center;\">di <strong>Raymond Drake<\/strong><\/p>\n<p style=\"text-align: justify;\">Una &#8220;intemperanza frenetica&#8221; sta destabilizzando la nostra economia. \u00c8 un impulso inquieto, esplosivo e implacabile dentro l&#8217;uomo. Cerca di mollare tutti i legittimi freni e di gratificare tutte le passioni disordinate.<\/p>\n<p><!--more--><\/p>\n<h4 style=\"text-align: center;\"><strong>I problemi che dobbiamo affrontare adesso<\/strong><\/h4>\n<p style=\"text-align: justify;\"><img loading=\"lazy\" decoding=\"async\" class=\"size-full wp-image-48566 alignright\" src=\"https:\/\/www.rassegnastampa-totustuus.it\/cattolica\/wp-content\/uploads\/2020\/09\/dollari_soldi.jpg\" alt=\"\" width=\"275\" height=\"183\" \/>A causa della &#8220;intemperanza frenetica&#8221;, la nostra economia sta crollando sotto schiaccianti obblighi di debito: personali, aziendali, statali e locali, spese federali fuori controllo, disavanzi commerciali incontrollati, una base manifatturiera che si \u00e8 largamente spostata <em>off-shore<\/em>, e un dollaro traballante il cui status di riserva monetaria \u00e8 sempre pi\u00f9 sfidato in tutto il mondo. Regolamenti socialisti paralizzanti, leggi e tasse che soffocano sia le imprese che gli individui, scoraggiano l&#8217;iniziativa e annullano gli incentivi a lavorare e investire.<\/p>\n<p style=\"text-align: justify;\"><img loading=\"lazy\" decoding=\"async\" class=\" wp-image-47029 alignleft\" src=\"https:\/\/www.rassegnastampa-totustuus.it\/cattolica\/wp-content\/uploads\/2020\/04\/economia-300x174.jpg\" alt=\"\" width=\"260\" height=\"151\" srcset=\"https:\/\/www.rassegnastampa-totustuus.it\/cattolica\/wp-content\/uploads\/2020\/04\/economia-300x174.jpg 300w, https:\/\/www.rassegnastampa-totustuus.it\/cattolica\/wp-content\/uploads\/2020\/04\/economia.jpg 735w\" sizes=\"auto, (max-width: 260px) 100vw, 260px\" \/>Nessuno si aspetta che una casa senza fondamenta sopravviva a un uragano. Allo stesso modo, \u00e8 irragionevole aspettarsi che, mentre i venti risultanti da decenni di comportamento intemperante e irresponsabile raggiungono la forza di una burrasca, la nostra societ\u00e0 possa resistere al loro potere distruttivo.<\/p>\n<h4 style=\"text-align: center;\"><strong>L&#8217;America sopravvivr\u00e0?<\/strong><\/h4>\n<p style=\"text-align: justify;\"><img loading=\"lazy\" decoding=\"async\" class=\" wp-image-53666 alignright\" src=\"https:\/\/www.rassegnastampa-totustuus.it\/cattolica\/wp-content\/uploads\/2022\/03\/Cina_Usa_Russia-1-300x168.jpg\" alt=\"\" width=\"371\" height=\"208\" srcset=\"https:\/\/www.rassegnastampa-totustuus.it\/cattolica\/wp-content\/uploads\/2022\/03\/Cina_Usa_Russia-1-300x168.jpg 300w, https:\/\/www.rassegnastampa-totustuus.it\/cattolica\/wp-content\/uploads\/2022\/03\/Cina_Usa_Russia-1.jpg 355w\" sizes=\"auto, (max-width: 371px) 100vw, 371px\" \/>Lo sgretolamento dell'&#8221;American way of life&#8221; non significa necessariamente la fine dell&#8217;America. Dobbiamo pregare, lavorare e confidare in Dio perch\u00e9 dalle macerie della nostra societ\u00e0 in rovina, sorga una nuova America, un&#8217;America di fede e famiglia, servizio e onore.<\/p>\n<p style=\"text-align: justify;\">Tutto dipender\u00e0 da come affronteremo il prossimo crollo economico. Un crollo che pu\u00f2 arrivare improvvisamente o a tappe, come i gradini di una scala. Comunque, in entrambi i casi, dobbiamo essere preparati.<\/p>\n<p style=\"text-align: justify;\">Tratte dall\u2019illuminante libro di John Horvat \u201c<em>Ritorno all&#8217;ordine: da una economia frenetica a una societ\u00e0 cristiana organica \u2013 Dove siamo stati, come siamo arrivati qui, dove dobbiamo andare\u201d,<\/em> elenchiamo di seguito 10 ricette per aiutarci in questa circostanza.<\/p>\n<h4 style=\"text-align: center;\"><strong>1. Rimaniamo sul posto<\/strong><\/h4>\n<p style=\"text-align: justify;\"><img loading=\"lazy\" decoding=\"async\" class=\" wp-image-49166 alignright\" src=\"https:\/\/www.rassegnastampa-totustuus.it\/cattolica\/wp-content\/uploads\/2020\/11\/Usa_elezioni_Trump.jpg\" alt=\"\" width=\"335\" height=\"227\" \/>Di fronte alla crisi, alcuni suggeriscono di fuggire nei recessi remoti dell&#8217;America o di trasferirsi all&#8217;estero. Questo \u00e8 sbagliato, perch\u00e9 il mondo \u00e8 cos\u00ec interconnesso e interdipendente oggi che la crisi ci raggiunger\u00e0 ovunque, in un modo o nell&#8217;altro. Pi\u00f9 importante ancora, \u00e8 il momento di combattere per l&#8217;America e non di abbandonarla. Ovunque viviate e qualunque sia la vostra occupazione, dovete resistere, lottando per il bene comune della nazione, legalmente e pacificamente.<\/p>\n<h4 style=\"text-align: center;\"><strong>2. Rifiutare le false soluzioni<\/strong><\/h4>\n<p style=\"text-align: justify;\"><img loading=\"lazy\" decoding=\"async\" class=\" wp-image-47961 alignleft\" src=\"https:\/\/www.rassegnastampa-totustuus.it\/cattolica\/wp-content\/uploads\/2020\/07\/Usa_sinistra_protesta-300x169.jpg\" alt=\"\" width=\"362\" height=\"204\" srcset=\"https:\/\/www.rassegnastampa-totustuus.it\/cattolica\/wp-content\/uploads\/2020\/07\/Usa_sinistra_protesta-300x169.jpg 300w, https:\/\/www.rassegnastampa-totustuus.it\/cattolica\/wp-content\/uploads\/2020\/07\/Usa_sinistra_protesta-768x432.jpg 768w, https:\/\/www.rassegnastampa-totustuus.it\/cattolica\/wp-content\/uploads\/2020\/07\/Usa_sinistra_protesta-1024x576.jpg 1024w, https:\/\/www.rassegnastampa-totustuus.it\/cattolica\/wp-content\/uploads\/2020\/07\/Usa_sinistra_protesta.jpg 1480w\" sizes=\"auto, (max-width: 362px) 100vw, 362px\" \/>Abbondano le false soluzioni. Conoscetele e rifiutatele. Le false soluzioni della sinistra comprendono la spinta a pi\u00f9 socialismo, la resa della nostra sovranit\u00e0 ai tribunali internazionali, lo spostamento verso un governo globale e verso ideologie sub-consumiste, neo-tribali ed ecologiche. Le false soluzioni della destra comprendono un\u2019avversione quasi anarchica al governo, il secessionismo e il survivalismo (survivalism) energeticamente autonomo.<\/p>\n<h4 style=\"text-align: center;\"><strong>3. Prepararsi con prudenza<\/strong><\/h4>\n<p style=\"text-align: justify;\"><img loading=\"lazy\" decoding=\"async\" class=\"size-full wp-image-7414 alignright\" src=\"https:\/\/www.rassegnastampa-totustuus.it\/cattolica\/wp-content\/uploads\/2014\/05\/Usa.jpg\" alt=\"\" width=\"225\" height=\"225\" srcset=\"https:\/\/www.rassegnastampa-totustuus.it\/cattolica\/wp-content\/uploads\/2014\/05\/Usa.jpg 225w, https:\/\/www.rassegnastampa-totustuus.it\/cattolica\/wp-content\/uploads\/2014\/05\/Usa-150x150.jpg 150w\" sizes=\"auto, (max-width: 225px) 100vw, 225px\" \/>La prudenza \u00e8 la virt\u00f9 con cui scegliamo i mezzi adeguati per raggiungere il nostro fine. Nell&#8217;affrontare una crisi, spesso troviamo pi\u00f9 facile concentrarci sulle misure pratiche. Certamente queste non sono da trascurare, ma \u00e8 pi\u00f9 importante contare sui mezzi spirituali che ci aiuteranno ad affrontare i problemi che ci attendono.<\/p>\n<p style=\"text-align: justify;\">Per questo, dobbiamo rafforzare la nostra fede, fortificare i principi e le convinzioni, iniziando questa prudente preparazione con la preghiera e la riflessione calma e ragionata. Questo render\u00e0 solidi i nostri principi e saldo il nostro attaccamento alle istituzioni. Solo ragioni profonde e solide ci sosterranno nella dura e lunga lotta.<\/p>\n<h4 style=\"text-align: center;\"><strong>4. Esaminare stili di vita e abitudini personali<\/strong><\/h4>\n<p style=\"text-align: justify;\"><img loading=\"lazy\" decoding=\"async\" class=\" wp-image-54242 alignleft\" src=\"https:\/\/www.rassegnastampa-totustuus.it\/cattolica\/wp-content\/uploads\/2022\/06\/America_agricoltura_famiglia-300x150.jpg\" alt=\"\" width=\"328\" height=\"164\" srcset=\"https:\/\/www.rassegnastampa-totustuus.it\/cattolica\/wp-content\/uploads\/2022\/06\/America_agricoltura_famiglia-300x150.jpg 300w, https:\/\/www.rassegnastampa-totustuus.it\/cattolica\/wp-content\/uploads\/2022\/06\/America_agricoltura_famiglia.jpg 318w\" sizes=\"auto, (max-width: 328px) 100vw, 328px\" \/>Il movimento per trasformare l&#8217;America inizia dentro ognuno di noi, sul piano individuale. Poich\u00e9 l&#8217;intemperanza frenetica e l&#8217;individualismo egoista sono alla radice dei nostri problemi socio-economici, ad essi dobbiamo opporci risolutamente nella nostra vita personale.<\/p>\n<p style=\"text-align: justify;\">Questo significa eliminare certe abitudini e stili di vita. Per esempio, spendere oltre i propri mezzi o inseguire mode e tendenze; fare investimenti imprudenti, persino spericolati; essere travolti da orari stressanti; permettere che la frenesia dei gadget tecnologici domini la nostra vita; mettere l\u2019interesse per il denaro al di sopra della famiglia, della comunit\u00e0 o della religione; preferire la quantit\u00e0 alla qualit\u00e0 e avere un&#8217;avversione per il tempo libero e la riflessione.<\/p>\n<h4 style=\"text-align: center;\"><strong>5. Ponderare la dimensione morale<\/strong><\/h4>\n<p style=\"text-align: justify;\"><img loading=\"lazy\" decoding=\"async\" class=\"size-full wp-image-46560 alignright\" src=\"https:\/\/www.rassegnastampa-totustuus.it\/cattolica\/wp-content\/uploads\/2020\/03\/solidariet\u00e0_amicizia.jpg\" alt=\"\" width=\"275\" height=\"184\" \/>L&#8217;intemperanza frenetica \u00e8 radicata nella sfrenatezza egoistica e favorisce l&#8217;individualismo, per cui Dio e il prossimo sono esclusi dall&#8217;universo immaginario che creiamo per noi stessi. Insegna infatti san Giovanni: &#8220;Chi non ama il proprio fratello che vede, non pu\u00f2 amare Dio che non vede\u201d (1Gv 4, 20). Quanto diverso dall\u2019individualismo \u00e8 il principio guida predicato e vissuto dal Nostro Divino Salvatore: &#8220;Nessuno ha un amore pi\u00f9 grande di questo: dare la vita per i propri amici&#8221; (Gv 15, 13). Attraverso una generosa donazione di s\u00e9 sradichiamo dalla nostra vita l&#8217;intemperanza frenetica e l&#8217;individualismo egoistico.<\/p>\n<p style=\"text-align: justify;\">Qualunque cosa il collasso economico dell&#8217;America comporti per noi e per le nostre famiglie, sviluppare l&#8217;abitudine all\u2019abnegazione \u00e8 un&#8217;eccellente modo di preparazione spirituale. Infatti, la dedizione agli altri e al bene comune, cio\u00e8 la vera carit\u00e0, ha sostenuto ogni societ\u00e0 cristiana per 2.000 anni<\/p>\n<h4 style=\"text-align: center;\"><strong>6. \u201cCi vuole una famiglia\u201d<\/strong><\/h4>\n<p style=\"text-align: justify;\">Giustamente i genitori vedono i loro figli come una loro estensione e si sacrificano per loro. A loro volta, i figli si sentono obbligati da legami di natura ad amare, onorare e sacrificarsi per i loro genitori che hanno collaborato con Dio per dare loro l&#8217;esistenza. Questi legami di affetto e di servizio tendono naturalmente ad espandersi, andando oltre la famiglia nucleare fino alla famiglia <em>latu sensu<\/em>: nonni, cugini, zii, e cos\u00ec via.<\/p>\n<p style=\"text-align: justify;\"><img loading=\"lazy\" decoding=\"async\" class=\" wp-image-35481 alignright\" src=\"https:\/\/www.rassegnastampa-totustuus.it\/cattolica\/wp-content\/uploads\/2009\/03\/famiglia_tavola.jpg\" alt=\"\" width=\"301\" height=\"205\" \/>L&#8217;ex senatore degli Stati Uniti Rick Santorum ha giustamente notato che &#8220;ci vuole una famiglia&#8221;. La famiglia \u00e8 una potente e affettuosa rete di sicurezza sociale, e pu\u00f2 fornire molti dei servizi usurpati dal freddo Stato moderno. Come entit\u00e0 economica, la famiglia tende a creare modelli di produzione e consumo diversi dal modello individualista imperfetto di oggi.<\/p>\n<p style=\"text-align: justify;\">Dal punto di vista economico, le strutture temperate dalla tradizione familiare proteggono le persone dalla concorrenza spietata. L&#8217;influenza predatoria dell&#8217;usura \u00e8 diminuita poich\u00e9 molti ricorrono alla famiglia nei momenti di bisogno. L&#8217;ambiente affettuoso delle nostre famiglie \u00e8 il luogo pi\u00f9 facile per praticare la carit\u00e0 cristiana.<\/p>\n<h4 style=\"text-align: center;\"><strong>7. Ci vuole un villaggio<\/strong><\/h4>\n<p style=\"text-align: justify;\"><img loading=\"lazy\" decoding=\"async\" class=\" wp-image-54243 alignleft\" src=\"https:\/\/www.rassegnastampa-totustuus.it\/cattolica\/wp-content\/uploads\/2022\/06\/borgo_paesino_case_montagna.jpg\" alt=\"\" width=\"311\" height=\"207\" \/>Dal suo piedistallo a sinistra, Hillary Clinton ha detto che &#8220;ci vuole un villaggio&#8221;. Questo \u00e8 forse l&#8217;unico punto in cui siamo d&#8217;accordo con lei, anche se il presupposto di fondo \u00e8 diverso. La sua \u00e8 una visione socialista, la nostra deve essere cristiana.<\/p>\n<p style=\"text-align: justify;\">Vediamo lo spirito della famiglia rispecchiarsi in associazioni e comunit\u00e0, paesi e citt\u00e0. Questi corpi intermedi tra la famiglia e lo Stato sono aperti allo spirito temperato della famiglia, che irradia la sua influenza benevola verso l&#8217;esterno<\/p>\n<p style=\"text-align: justify;\"><img loading=\"lazy\" decoding=\"async\" class=\"size-full wp-image-54244 alignright\" src=\"https:\/\/www.rassegnastampa-totustuus.it\/cattolica\/wp-content\/uploads\/2022\/06\/medioevo_festa_villaggio.jpg\" alt=\"\" width=\"287\" height=\"176\" \/>Questo stesso spirito di famiglia ha una tale capacit\u00e0 di unire e integrare, che tutti, in una regione, anche gli elementi esterni, alla fine condividono una mentalit\u00e0, un temperamento e un affetto comuni, come in una famiglia. Una persona del Sud, per esempio, partecipa alla grande &#8220;famiglia del Sud&#8221; o, per estendere ulteriormente l&#8217;analogia, alla grande famiglia americana.<\/p>\n<p style=\"text-align: justify;\">Amiamo la nostra comunit\u00e0. Lasciamoci coinvolgere, fieri delle buone caratteristiche, tradizioni, prodotti e conquiste culturali della regione, facendo tutto il possibile per svilupparle ulteriormente. Aiutiamo gli altri a vedere le benedizioni che Dio ha messo nella nostra regione.<\/p>\n<h4 style=\"text-align: center;\"><strong>8. Ci vuole uno Stato cristiano<\/strong><\/h4>\n<p style=\"text-align: justify;\"><img loading=\"lazy\" decoding=\"async\" class=\"size-full wp-image-47886 alignleft\" src=\"https:\/\/www.rassegnastampa-totustuus.it\/cattolica\/wp-content\/uploads\/2005\/08\/Usa_costituzione.jpg\" alt=\"\" width=\"275\" height=\"183\" \/>Questo sentimento di affetto \u00e8, difatti, il pi\u00f9 importante elemento di unione per lo Stato. Costituzioni, leggi e istituzioni possono essere elementi unificanti indispensabili, ma il pi\u00f9 vitale di tutti \u00e8 l&#8217;affetto familiare, senza il quale lo Stato \u00e8 destinato ad essere diviso in s\u00e9 stesso.<\/p>\n<p style=\"text-align: justify;\">Tanti Stati moderni si vantano delle loro spaccature! Sono divisi da partiti politici, da fazioni o da un&#8217;intensa concorrenza economica. Dovrebbero piuttosto vantarsi nell&#8217;unire i gruppi sociali, le fazioni e i partiti. I matrimoni dovrebbero unire famiglie, industrie, regioni. Il vero patriottismo non \u00e8 altro che questo sentimento familiare e l&#8217;amore comune per la terra natale di tutti coloro che abitano in uno stesso paese<\/p>\n<p style=\"text-align: justify;\">Lo Stato cristiano d\u00e0 unit\u00e0, direzione e finalit\u00e0 al corpo sociale &#8211; abbracciando, mai assorbendo; delegando, mai concentrando; incoraggiando, mai soffocando.<\/p>\n<p style=\"text-align: justify;\">Dobbiamo rimanere impegnati nella guerra culturale e trovare il modo di fare rete con gli altri, facendo tutto il possibile affinch\u00e9 il nostro Stato e le nostre leggi siano conformi alle leggi morali divine e naturali.<\/p>\n<h4 style=\"text-align: center;\"><strong>9. Ci vuole fedelt\u00e0 al Battesimo<\/strong><\/h4>\n<p style=\"text-align: justify;\"><img loading=\"lazy\" decoding=\"async\" class=\" wp-image-28563 alignleft\" src=\"https:\/\/www.rassegnastampa-totustuus.it\/cattolica\/wp-content\/uploads\/2012\/12\/cattolici-Usa.jpg\" alt=\"\" width=\"261\" height=\"168\" \/>Senza la fedelt\u00e0 al nostro Battesimo cristiano, la competizione e le lotte di potere saranno inevitabili. Come risultato, la famiglia finisce per essere divorata dalla societ\u00e0, e la societ\u00e0 dallo Stato.<\/p>\n<p style=\"text-align: justify;\">Uno spirito familiare cristiano deve permeare la societ\u00e0 e lo Stato. &#8220;Di tutte le disposizioni e abitudini che portano alla prosperit\u00e0 politica, la religione e la moralit\u00e0 sono i supporti indispensabili&#8221;, scrisse George Washington nel suo discorso d&#8217;addio.<\/p>\n<p style=\"text-align: justify;\"><img loading=\"lazy\" decoding=\"async\" class=\"size-full wp-image-32395 alignright\" src=\"https:\/\/www.rassegnastampa-totustuus.it\/cattolica\/wp-content\/uploads\/2005\/05\/Agostino.jpg\" alt=\"\" width=\"193\" height=\"261\" \/>E, sebbene Sant\u2019Agostino abbia parlato circa 1600 anni fa, il suo insegnamento rimane vero tutt\u2019oggi: &#8220;Pertanto coloro che affermano che la dottrina del Cristo \u00e8 nemica dello Stato, ci diano un tale esercito, quale la dottrina di Cristo volle che fossero i soldati: ci diano tali provinciali, tali mariti, tali sposi, tali genitori, tali figli, tali padroni, tali servi, tali re, tali giudici, infine tali contribuenti e tali esattori del fisco, quali prescrive che siano la dottrina cristiana, e poi osino chiamarla nemica dello Stato e non esitino piuttosto a confessare che, se essa fosse osservata, sarebbe la potente salvezza dello Stato.&#8221; (&#8220;Epis. 138 ad Marcellinum,&#8221; in Opera Omnia, vol. 2, in J.P. Migne, Patrologia Latina, col. 532.)<\/p>\n<p style=\"text-align: justify;\">Dobbiamo diventare apostoli di un tale spirito cristiano, aiutando altri a prenderlo a cuore nelle loro vite quotidiane.<\/p>\n<h4 style=\"text-align: center;\"><strong>10. Ci vuole leadership<\/strong><\/h4>\n<p style=\"text-align: justify;\"><img loading=\"lazy\" decoding=\"async\" class=\" wp-image-36726 alignleft\" src=\"https:\/\/www.rassegnastampa-totustuus.it\/cattolica\/wp-content\/uploads\/2016\/11\/Trump.jpg\" alt=\"\" width=\"187\" height=\"187\" srcset=\"https:\/\/www.rassegnastampa-totustuus.it\/cattolica\/wp-content\/uploads\/2016\/11\/Trump.jpg 225w, https:\/\/www.rassegnastampa-totustuus.it\/cattolica\/wp-content\/uploads\/2016\/11\/Trump-150x150.jpg 150w\" sizes=\"auto, (max-width: 187px) 100vw, 187px\" \/>Di fronte all&#8217;attuale crisi economica, abbiamo due gruppi. Quelli con qualit\u00e0 di leadership che riescono egregiamente in quello che fanno e quelli che cercano aiuto e direzione. Quello che manca \u00e8 un modo per unire entrambi i gruppi. Quindi, abbiamo bisogno di rigenerare una cultura che incoraggi figure rappresentative per unificare la nazione e affrontare la crisi.<\/p>\n<p style=\"text-align: justify;\"><img loading=\"lazy\" decoding=\"async\" class=\" wp-image-49960 alignright\" src=\"https:\/\/www.rassegnastampa-totustuus.it\/cattolica\/wp-content\/uploads\/2021\/02\/joe_Biden.jpg\" alt=\"\" width=\"225\" height=\"150\" \/>Dobbiamo incoraggiare forme di leadership che esprimano legami di fiducia reciproca. Dovremmo pensare a modi concreti &#8211; come ci vestiamo, parliamo e comandiamo &#8211; per diventare figure veramente rappresentative agli occhi di coloro che ci seguono (nella famiglia, azienda, parrocchia, comunit\u00e0, regione o stato). Questo ci porterebbe a scoprire modi per abbracciare il dovere, la responsabilit\u00e0 e il sacrificio, rifiutando un individualismo sbagliato ed egoista.<\/p>\n<p style=\"text-align: justify;\">Con molti leader cos\u00ec impegnati a tutti i livelli della societ\u00e0, lavorando per il bene comune, possiamo restaurare l&#8217;America. Si potr\u00e0 essere leader in alcune aree (grandi o piccole) e seguaci di leader in altre. Comunque, bisogna rendere onorevole la propria leadership e mostrarsi riconoscenti a tutti i leader.<\/p>\n<h4 style=\"text-align: center;\"><strong>Cos&#8217;\u00e8 un personaggio rappresentativo?<\/strong><\/h4>\n<p style=\"text-align: justify;\">Un personaggio rappresentativo \u00e8 una persona che percepisce gli ideali, i principi e le qualit\u00e0 che sono desiderati e ammirati da una famiglia, da una comunit\u00e0 o da una nazione e li traduce in programmi concreti di vita e cultura.<\/p>\n<p style=\"text-align: justify;\"><img loading=\"lazy\" decoding=\"async\" class=\" wp-image-17554 alignright\" src=\"https:\/\/www.rassegnastampa-totustuus.it\/cattolica\/wp-content\/uploads\/2009\/02\/preti_talare.jpg\" alt=\"\" width=\"333\" height=\"216\" \/>Si potrebbero indicare figure esponenziali dal generale George Patton a quelle di persone meno famose come i sacerdoti abnegati, gli insegnanti dediti ai loro compiti o i leader locali o corporativi altruisti che disegnano e mettono insieme le persone, dando il tono alle loro comunit\u00e0. La cultura moderna invece scoraggia l&#8217;emergere di personaggi autenticamente rappresentativi e propone personaggi falsi e non rappresentativi, che corrispondono alla nostra societ\u00e0 di massa.<\/p>\n<p style=\"text-align: justify;\"><strong>Fonte<\/strong>: <a href=\"https:\/\/www.returntoorder.org\/2018\/10\/10-steps-to-prepare-for-americas-economic-collapse\/\" target=\"_blank\" rel=\"noreferrer noopener\"><span style=\"color: #0000ff;\">Return to Orde<\/span>r<\/a>, 10 ottobre 2018. <em>Traduzione a cura di Tradizione Famiglia<\/em><em> Propriet\u00e0 \u2013 Italia<\/em><\/p>\n<p>___________________________________________<\/p>\n<p><strong>Leggi anche:\u00a0<\/strong><\/p>\n<p><a href=\"https:\/\/www.rassegnastampa-totustuus.it\/cattolica\/ce-un-senso-nel-caos-che-sta-distruggendo-lamerica\/\" target=\"_blank\" rel=\"noopener\"><span style=\"color: #0000ff;\">C\u2019\u00e8 un senso nel caos che sta distruggendo l\u2019America?<\/span><\/a><\/p>\n","protected":false},"excerpt":{"rendered":"<p>Tradizione famiglia Propriet\u00e0 newsletter 12 maggio 2022 di Raymond Drake Una &#8220;intemperanza frenetica&#8221; sta destabilizzando la nostra economia. \u00c8 un impulso inquieto, esplosivo e implacabile dentro l&#8217;uomo. Cerca di mollare tutti i legittimi freni e di gratificare tutte le passioni disordinate.<\/p><p><a class=\"more-link btn\" href=\"https:\/\/www.rassegnastampa-totustuus.it\/cattolica\/10-ricette-per-prepararsi-al-crollo-economico\/\">Continua a leggere<\/a><\/p>\n","protected":false},"author":6,"featured_media":52044,"comment_status":"closed","ping_status":"closed","sticky":false,"template":"","format":"standard","meta":{"footnotes":""},"categories":[25],"tags":[2837,558],"class_list":["post-54241","post","type-post","status-publish","format-standard","has-post-thumbnail","hentry","category-sguardo-sul-nostro-tempo","tag-crisi-delloccidente","tag-sguardo-sul-nostro-tempo-2","item-wrap"],"yoast_head":"<!-- This site is optimized with the Yoast SEO plugin v27.5 - https:\/\/yoast.com\/product\/yoast-seo-wordpress\/ -->\n<title>10 ricette per prepararsi al crollo economico\u00a0\u00a0 - Rassegna Stampa Cattolica<\/title>\n<meta name=\"description\" content=\"10 ricette per prepararsi al crollo economico. Una intemperanza frenetica sta destabilizzando l&#039;economia americana\" \/>\n<meta name=\"robots\" content=\"index, follow, max-snippet:-1, max-image-preview:large, max-video-preview:-1\" \/>\n<link rel=\"canonical\" href=\"https:\/\/www.rassegnastampa-totustuus.it\/cattolica\/10-ricette-per-prepararsi-al-crollo-economico\/\" \/>\n<meta property=\"og:locale\" content=\"it_IT\" \/>\n<meta property=\"og:type\" content=\"article\" \/>\n<meta property=\"og:title\" content=\"10 ricette per prepararsi al crollo economico\u00a0\u00a0 - Rassegna Stampa Cattolica\" \/>\n<meta property=\"og:description\" content=\"10 ricette per prepararsi al crollo economico. Una intemperanza frenetica sta destabilizzando l&#039;economia americana\" \/>\n<meta property=\"og:url\" content=\"https:\/\/www.rassegnastampa-totustuus.it\/cattolica\/10-ricette-per-prepararsi-al-crollo-economico\/\" \/>\n<meta property=\"og:site_name\" content=\"Rassegna Stampa Cattolica\" \/>\n<meta property=\"article:publisher\" content=\"https:\/\/www.facebook.com\/rassegnastampacattolica\" \/>\n<meta property=\"article:published_time\" content=\"2022-06-08T22:00:26+00:00\" \/>\n<meta property=\"article:modified_time\" content=\"2024-04-22T17:52:17+00:00\" \/>\n<meta property=\"og:image\" content=\"https:\/\/www.rassegnastampa-totustuus.it\/cattolica\/wp-content\/uploads\/2021\/07\/crisi_decadenza_occidente.jpg\" \/>\n\t<meta property=\"og:image:width\" content=\"1500\" \/>\n\t<meta property=\"og:image:height\" content=\"844\" \/>\n\t<meta property=\"og:image:type\" content=\"image\/jpeg\" \/>\n<meta name=\"author\" content=\"Redazione\" \/>\n<meta name=\"twitter:card\" content=\"summary_large_image\" \/>\n<meta name=\"twitter:creator\" content=\"@rassegnastampa9\" \/>\n<meta name=\"twitter:site\" content=\"@rassegnastampa9\" \/>\n<meta name=\"twitter:label1\" content=\"Scritto da\" \/>\n\t<meta name=\"twitter:data1\" content=\"Redazione\" \/>\n\t<meta name=\"twitter:label2\" content=\"Tempo di lettura stimato\" \/>\n\t<meta name=\"twitter:data2\" content=\"14 minuti\" \/>\n<script type=\"application\/ld+json\" class=\"yoast-schema-graph\">{\"@context\":\"https:\\\/\\\/schema.org\",\"@graph\":[{\"@type\":\"Article\",\"@id\":\"https:\\\/\\\/www.rassegnastampa-totustuus.it\\\/cattolica\\\/10-ricette-per-prepararsi-al-crollo-economico\\\/#article\",\"isPartOf\":{\"@id\":\"https:\\\/\\\/www.rassegnastampa-totustuus.it\\\/cattolica\\\/10-ricette-per-prepararsi-al-crollo-economico\\\/\"},\"author\":{\"name\":\"Redazione\",\"@id\":\"https:\\\/\\\/www.rassegnastampa-totustuus.it\\\/cattolica\\\/#\\\/schema\\\/person\\\/08f319d2bd1a0904ad9e2bfb7b15e5c3\"},\"headline\":\"10 ricette per prepararsi al crollo economico\u00a0\u00a0\",\"datePublished\":\"2022-06-08T22:00:26+00:00\",\"dateModified\":\"2024-04-22T17:52:17+00:00\",\"mainEntityOfPage\":{\"@id\":\"https:\\\/\\\/www.rassegnastampa-totustuus.it\\\/cattolica\\\/10-ricette-per-prepararsi-al-crollo-economico\\\/\"},\"wordCount\":1853,\"publisher\":{\"@id\":\"https:\\\/\\\/www.rassegnastampa-totustuus.it\\\/cattolica\\\/#organization\"},\"image\":{\"@id\":\"https:\\\/\\\/www.rassegnastampa-totustuus.it\\\/cattolica\\\/10-ricette-per-prepararsi-al-crollo-economico\\\/#primaryimage\"},\"thumbnailUrl\":\"https:\\\/\\\/www.rassegnastampa-totustuus.it\\\/cattolica\\\/wp-content\\\/uploads\\\/2021\\\/07\\\/crisi_decadenza_occidente.jpg\",\"keywords\":[\"crisi dell&#039;Occidente\",\"sguardo sul nostro tempo\"],\"articleSection\":[\"Sguardo sul nostro tempo\"],\"inLanguage\":\"it-IT\"},{\"@type\":\"WebPage\",\"@id\":\"https:\\\/\\\/www.rassegnastampa-totustuus.it\\\/cattolica\\\/10-ricette-per-prepararsi-al-crollo-economico\\\/\",\"url\":\"https:\\\/\\\/www.rassegnastampa-totustuus.it\\\/cattolica\\\/10-ricette-per-prepararsi-al-crollo-economico\\\/\",\"name\":\"10 ricette per prepararsi al crollo economico\u00a0\u00a0 - Rassegna Stampa Cattolica\",\"isPartOf\":{\"@id\":\"https:\\\/\\\/www.rassegnastampa-totustuus.it\\\/cattolica\\\/#website\"},\"primaryImageOfPage\":{\"@id\":\"https:\\\/\\\/www.rassegnastampa-totustuus.it\\\/cattolica\\\/10-ricette-per-prepararsi-al-crollo-economico\\\/#primaryimage\"},\"image\":{\"@id\":\"https:\\\/\\\/www.rassegnastampa-totustuus.it\\\/cattolica\\\/10-ricette-per-prepararsi-al-crollo-economico\\\/#primaryimage\"},\"thumbnailUrl\":\"https:\\\/\\\/www.rassegnastampa-totustuus.it\\\/cattolica\\\/wp-content\\\/uploads\\\/2021\\\/07\\\/crisi_decadenza_occidente.jpg\",\"datePublished\":\"2022-06-08T22:00:26+00:00\",\"dateModified\":\"2024-04-22T17:52:17+00:00\",\"description\":\"10 ricette per prepararsi al crollo economico. Una intemperanza frenetica sta destabilizzando l'economia americana\",\"breadcrumb\":{\"@id\":\"https:\\\/\\\/www.rassegnastampa-totustuus.it\\\/cattolica\\\/10-ricette-per-prepararsi-al-crollo-economico\\\/#breadcrumb\"},\"inLanguage\":\"it-IT\",\"potentialAction\":[{\"@type\":\"ReadAction\",\"target\":[\"https:\\\/\\\/www.rassegnastampa-totustuus.it\\\/cattolica\\\/10-ricette-per-prepararsi-al-crollo-economico\\\/\"]}]},{\"@type\":\"ImageObject\",\"inLanguage\":\"it-IT\",\"@id\":\"https:\\\/\\\/www.rassegnastampa-totustuus.it\\\/cattolica\\\/10-ricette-per-prepararsi-al-crollo-economico\\\/#primaryimage\",\"url\":\"https:\\\/\\\/www.rassegnastampa-totustuus.it\\\/cattolica\\\/wp-content\\\/uploads\\\/2021\\\/07\\\/crisi_decadenza_occidente.jpg\",\"contentUrl\":\"https:\\\/\\\/www.rassegnastampa-totustuus.it\\\/cattolica\\\/wp-content\\\/uploads\\\/2021\\\/07\\\/crisi_decadenza_occidente.jpg\",\"width\":1500,\"height\":844},{\"@type\":\"BreadcrumbList\",\"@id\":\"https:\\\/\\\/www.rassegnastampa-totustuus.it\\\/cattolica\\\/10-ricette-per-prepararsi-al-crollo-economico\\\/#breadcrumb\",\"itemListElement\":[{\"@type\":\"ListItem\",\"position\":1,\"name\":\"Home\",\"item\":\"https:\\\/\\\/www.rassegnastampa-totustuus.it\\\/cattolica\\\/\"},{\"@type\":\"ListItem\",\"position\":2,\"name\":\"10 ricette per prepararsi al crollo economico\u00a0\u00a0\"}]},{\"@type\":\"WebSite\",\"@id\":\"https:\\\/\\\/www.rassegnastampa-totustuus.it\\\/cattolica\\\/#website\",\"url\":\"https:\\\/\\\/www.rassegnastampa-totustuus.it\\\/cattolica\\\/\",\"name\":\"Rassegna Stampa Cattolica\",\"description\":\"Per una cultura che nasce dalla Rivelazione cristiana in conformit\u00e0 alla tradizione e al Magistero della Chiesa in opposizione ad ogni relativismo e totalitarismo\",\"publisher\":{\"@id\":\"https:\\\/\\\/www.rassegnastampa-totustuus.it\\\/cattolica\\\/#organization\"},\"alternateName\":\"Rass. Cattolica\",\"potentialAction\":[{\"@type\":\"SearchAction\",\"target\":{\"@type\":\"EntryPoint\",\"urlTemplate\":\"https:\\\/\\\/www.rassegnastampa-totustuus.it\\\/cattolica\\\/?s={search_term_string}\"},\"query-input\":{\"@type\":\"PropertyValueSpecification\",\"valueRequired\":true,\"valueName\":\"search_term_string\"}}],\"inLanguage\":\"it-IT\"},{\"@type\":\"Organization\",\"@id\":\"https:\\\/\\\/www.rassegnastampa-totustuus.it\\\/cattolica\\\/#organization\",\"name\":\"Rassegna Stampa Cattolica\",\"url\":\"https:\\\/\\\/www.rassegnastampa-totustuus.it\\\/cattolica\\\/\",\"logo\":{\"@type\":\"ImageObject\",\"inLanguage\":\"it-IT\",\"@id\":\"https:\\\/\\\/www.rassegnastampa-totustuus.it\\\/cattolica\\\/#\\\/schema\\\/logo\\\/image\\\/\",\"url\":\"https:\\\/\\\/www.rassegnastampa-totustuus.it\\\/cattolica\\\/wp-content\\\/uploads\\\/2014\\\/04\\\/logo-rassegna1.gif\",\"contentUrl\":\"https:\\\/\\\/www.rassegnastampa-totustuus.it\\\/cattolica\\\/wp-content\\\/uploads\\\/2014\\\/04\\\/logo-rassegna1.gif\",\"width\":600,\"height\":163,\"caption\":\"Rassegna Stampa Cattolica\"},\"image\":{\"@id\":\"https:\\\/\\\/www.rassegnastampa-totustuus.it\\\/cattolica\\\/#\\\/schema\\\/logo\\\/image\\\/\"},\"sameAs\":[\"https:\\\/\\\/www.facebook.com\\\/rassegnastampacattolica\",\"https:\\\/\\\/x.com\\\/rassegnastampa9\"]},{\"@type\":\"Person\",\"@id\":\"https:\\\/\\\/www.rassegnastampa-totustuus.it\\\/cattolica\\\/#\\\/schema\\\/person\\\/08f319d2bd1a0904ad9e2bfb7b15e5c3\",\"name\":\"Redazione\",\"image\":{\"@type\":\"ImageObject\",\"inLanguage\":\"it-IT\",\"@id\":\"https:\\\/\\\/secure.gravatar.com\\\/avatar\\\/2fcdf27c78ea025fbdb44e914cc63c72249ffec9dc8aafd5c82b26240ef3f346?s=96&d=mm&r=g\",\"url\":\"https:\\\/\\\/secure.gravatar.com\\\/avatar\\\/2fcdf27c78ea025fbdb44e914cc63c72249ffec9dc8aafd5c82b26240ef3f346?s=96&d=mm&r=g\",\"contentUrl\":\"https:\\\/\\\/secure.gravatar.com\\\/avatar\\\/2fcdf27c78ea025fbdb44e914cc63c72249ffec9dc8aafd5c82b26240ef3f346?s=96&d=mm&r=g\",\"caption\":\"Redazione\"},\"url\":\"https:\\\/\\\/www.rassegnastampa-totustuus.it\\\/cattolica\\\/author\\\/pietroelle\\\/\"}]}<\/script>\n<!-- \/ Yoast SEO plugin. -->","yoast_head_json":{"title":"10 ricette per prepararsi al crollo economico\u00a0\u00a0 - Rassegna Stampa Cattolica","description":"10 ricette per prepararsi al crollo economico. Una intemperanza frenetica sta destabilizzando l'economia americana","robots":{"index":"index","follow":"follow","max-snippet":"max-snippet:-1","max-image-preview":"max-image-preview:large","max-video-preview":"max-video-preview:-1"},"canonical":"https:\/\/www.rassegnastampa-totustuus.it\/cattolica\/10-ricette-per-prepararsi-al-crollo-economico\/","og_locale":"it_IT","og_type":"article","og_title":"10 ricette per prepararsi al crollo economico\u00a0\u00a0 - Rassegna Stampa Cattolica","og_description":"10 ricette per prepararsi al crollo economico. Una intemperanza frenetica sta destabilizzando l'economia americana","og_url":"https:\/\/www.rassegnastampa-totustuus.it\/cattolica\/10-ricette-per-prepararsi-al-crollo-economico\/","og_site_name":"Rassegna Stampa Cattolica","article_publisher":"https:\/\/www.facebook.com\/rassegnastampacattolica","article_published_time":"2022-06-08T22:00:26+00:00","article_modified_time":"2024-04-22T17:52:17+00:00","og_image":[{"width":1500,"height":844,"url":"https:\/\/www.rassegnastampa-totustuus.it\/cattolica\/wp-content\/uploads\/2021\/07\/crisi_decadenza_occidente.jpg","type":"image\/jpeg"}],"author":"Redazione","twitter_card":"summary_large_image","twitter_creator":"@rassegnastampa9","twitter_site":"@rassegnastampa9","twitter_misc":{"Scritto da":"Redazione","Tempo di lettura stimato":"14 minuti"},"schema":{"@context":"https:\/\/schema.org","@graph":[{"@type":"Article","@id":"https:\/\/www.rassegnastampa-totustuus.it\/cattolica\/10-ricette-per-prepararsi-al-crollo-economico\/#article","isPartOf":{"@id":"https:\/\/www.rassegnastampa-totustuus.it\/cattolica\/10-ricette-per-prepararsi-al-crollo-economico\/"},"author":{"name":"Redazione","@id":"https:\/\/www.rassegnastampa-totustuus.it\/cattolica\/#\/schema\/person\/08f319d2bd1a0904ad9e2bfb7b15e5c3"},"headline":"10 ricette per prepararsi al crollo economico\u00a0\u00a0","datePublished":"2022-06-08T22:00:26+00:00","dateModified":"2024-04-22T17:52:17+00:00","mainEntityOfPage":{"@id":"https:\/\/www.rassegnastampa-totustuus.it\/cattolica\/10-ricette-per-prepararsi-al-crollo-economico\/"},"wordCount":1853,"publisher":{"@id":"https:\/\/www.rassegnastampa-totustuus.it\/cattolica\/#organization"},"image":{"@id":"https:\/\/www.rassegnastampa-totustuus.it\/cattolica\/10-ricette-per-prepararsi-al-crollo-economico\/#primaryimage"},"thumbnailUrl":"https:\/\/www.rassegnastampa-totustuus.it\/cattolica\/wp-content\/uploads\/2021\/07\/crisi_decadenza_occidente.jpg","keywords":["crisi dell&#039;Occidente","sguardo sul nostro tempo"],"articleSection":["Sguardo sul nostro tempo"],"inLanguage":"it-IT"},{"@type":"WebPage","@id":"https:\/\/www.rassegnastampa-totustuus.it\/cattolica\/10-ricette-per-prepararsi-al-crollo-economico\/","url":"https:\/\/www.rassegnastampa-totustuus.it\/cattolica\/10-ricette-per-prepararsi-al-crollo-economico\/","name":"10 ricette per prepararsi al crollo economico\u00a0\u00a0 - Rassegna Stampa Cattolica","isPartOf":{"@id":"https:\/\/www.rassegnastampa-totustuus.it\/cattolica\/#website"},"primaryImageOfPage":{"@id":"https:\/\/www.rassegnastampa-totustuus.it\/cattolica\/10-ricette-per-prepararsi-al-crollo-economico\/#primaryimage"},"image":{"@id":"https:\/\/www.rassegnastampa-totustuus.it\/cattolica\/10-ricette-per-prepararsi-al-crollo-economico\/#primaryimage"},"thumbnailUrl":"https:\/\/www.rassegnastampa-totustuus.it\/cattolica\/wp-content\/uploads\/2021\/07\/crisi_decadenza_occidente.jpg","datePublished":"2022-06-08T22:00:26+00:00","dateModified":"2024-04-22T17:52:17+00:00","description":"10 ricette per prepararsi al crollo economico. Una intemperanza frenetica sta destabilizzando l'economia americana","breadcrumb":{"@id":"https:\/\/www.rassegnastampa-totustuus.it\/cattolica\/10-ricette-per-prepararsi-al-crollo-economico\/#breadcrumb"},"inLanguage":"it-IT","potentialAction":[{"@type":"ReadAction","target":["https:\/\/www.rassegnastampa-totustuus.it\/cattolica\/10-ricette-per-prepararsi-al-crollo-economico\/"]}]},{"@type":"ImageObject","inLanguage":"it-IT","@id":"https:\/\/www.rassegnastampa-totustuus.it\/cattolica\/10-ricette-per-prepararsi-al-crollo-economico\/#primaryimage","url":"https:\/\/www.rassegnastampa-totustuus.it\/cattolica\/wp-content\/uploads\/2021\/07\/crisi_decadenza_occidente.jpg","contentUrl":"https:\/\/www.rassegnastampa-totustuus.it\/cattolica\/wp-content\/uploads\/2021\/07\/crisi_decadenza_occidente.jpg","width":1500,"height":844},{"@type":"BreadcrumbList","@id":"https:\/\/www.rassegnastampa-totustuus.it\/cattolica\/10-ricette-per-prepararsi-al-crollo-economico\/#breadcrumb","itemListElement":[{"@type":"ListItem","position":1,"name":"Home","item":"https:\/\/www.rassegnastampa-totustuus.it\/cattolica\/"},{"@type":"ListItem","position":2,"name":"10 ricette per prepararsi al crollo economico\u00a0\u00a0"}]},{"@type":"WebSite","@id":"https:\/\/www.rassegnastampa-totustuus.it\/cattolica\/#website","url":"https:\/\/www.rassegnastampa-totustuus.it\/cattolica\/","name":"Rassegna Stampa Cattolica","description":"Per una cultura che nasce dalla Rivelazione cristiana in conformit\u00e0 alla tradizione e al Magistero della Chiesa in opposizione ad ogni relativismo e totalitarismo","publisher":{"@id":"https:\/\/www.rassegnastampa-totustuus.it\/cattolica\/#organization"},"alternateName":"Rass. Cattolica","potentialAction":[{"@type":"SearchAction","target":{"@type":"EntryPoint","urlTemplate":"https:\/\/www.rassegnastampa-totustuus.it\/cattolica\/?s={search_term_string}"},"query-input":{"@type":"PropertyValueSpecification","valueRequired":true,"valueName":"search_term_string"}}],"inLanguage":"it-IT"},{"@type":"Organization","@id":"https:\/\/www.rassegnastampa-totustuus.it\/cattolica\/#organization","name":"Rassegna Stampa Cattolica","url":"https:\/\/www.rassegnastampa-totustuus.it\/cattolica\/","logo":{"@type":"ImageObject","inLanguage":"it-IT","@id":"https:\/\/www.rassegnastampa-totustuus.it\/cattolica\/#\/schema\/logo\/image\/","url":"https:\/\/www.rassegnastampa-totustuus.it\/cattolica\/wp-content\/uploads\/2014\/04\/logo-rassegna1.gif","contentUrl":"https:\/\/www.rassegnastampa-totustuus.it\/cattolica\/wp-content\/uploads\/2014\/04\/logo-rassegna1.gif","width":600,"height":163,"caption":"Rassegna Stampa Cattolica"},"image":{"@id":"https:\/\/www.rassegnastampa-totustuus.it\/cattolica\/#\/schema\/logo\/image\/"},"sameAs":["https:\/\/www.facebook.com\/rassegnastampacattolica","https:\/\/x.com\/rassegnastampa9"]},{"@type":"Person","@id":"https:\/\/www.rassegnastampa-totustuus.it\/cattolica\/#\/schema\/person\/08f319d2bd1a0904ad9e2bfb7b15e5c3","name":"Redazione","image":{"@type":"ImageObject","inLanguage":"it-IT","@id":"https:\/\/secure.gravatar.com\/avatar\/2fcdf27c78ea025fbdb44e914cc63c72249ffec9dc8aafd5c82b26240ef3f346?s=96&d=mm&r=g","url":"https:\/\/secure.gravatar.com\/avatar\/2fcdf27c78ea025fbdb44e914cc63c72249ffec9dc8aafd5c82b26240ef3f346?s=96&d=mm&r=g","contentUrl":"https:\/\/secure.gravatar.com\/avatar\/2fcdf27c78ea025fbdb44e914cc63c72249ffec9dc8aafd5c82b26240ef3f346?s=96&d=mm&r=g","caption":"Redazione"},"url":"https:\/\/www.rassegnastampa-totustuus.it\/cattolica\/author\/pietroelle\/"}]}},"_links":{"self":[{"href":"https:\/\/www.rassegnastampa-totustuus.it\/cattolica\/wp-json\/wp\/v2\/posts\/54241","targetHints":{"allow":["GET"]}}],"collection":[{"href":"https:\/\/www.rassegnastampa-totustuus.it\/cattolica\/wp-json\/wp\/v2\/posts"}],"about":[{"href":"https:\/\/www.rassegnastampa-totustuus.it\/cattolica\/wp-json\/wp\/v2\/types\/post"}],"author":[{"embeddable":true,"href":"https:\/\/www.rassegnastampa-totustuus.it\/cattolica\/wp-json\/wp\/v2\/users\/6"}],"replies":[{"embeddable":true,"href":"https:\/\/www.rassegnastampa-totustuus.it\/cattolica\/wp-json\/wp\/v2\/comments?post=54241"}],"version-history":[{"count":2,"href":"https:\/\/www.rassegnastampa-totustuus.it\/cattolica\/wp-json\/wp\/v2\/posts\/54241\/revisions"}],"predecessor-version":[{"id":60118,"href":"https:\/\/www.rassegnastampa-totustuus.it\/cattolica\/wp-json\/wp\/v2\/posts\/54241\/revisions\/60118"}],"wp:featuredmedia":[{"embeddable":true,"href":"https:\/\/www.rassegnastampa-totustuus.it\/cattolica\/wp-json\/wp\/v2\/media\/52044"}],"wp:attachment":[{"href":"https:\/\/www.rassegnastampa-totustuus.it\/cattolica\/wp-json\/wp\/v2\/media?parent=54241"}],"wp:term":[{"taxonomy":"category","embeddable":true,"href":"https:\/\/www.rassegnastampa-totustuus.it\/cattolica\/wp-json\/wp\/v2\/categories?post=54241"},{"taxonomy":"post_tag","embeddable":true,"href":"https:\/\/www.rassegnastampa-totustuus.it\/cattolica\/wp-json\/wp\/v2\/tags?post=54241"}],"curies":[{"name":"wp","href":"https:\/\/api.w.org\/{rel}","templated":true}]}}